{"id":1088,"date":"2021-04-12T00:56:00","date_gmt":"2021-04-11T22:56:00","guid":{"rendered":"https:\/\/luxurymagazine.cz\/?p=1088"},"modified":"2021-06-19T13:29:53","modified_gmt":"2021-06-19T11:29:53","slug":"ikea-otevre-planovaci-studio-v-nakupnim-centru-westfield-chodov","status":"publish","type":"post","link":"https:\/\/luxurymagazine.cz\/index.php\/2021\/04\/12\/ikea-otevre-planovaci-studio-v-nakupnim-centru-westfield-chodov\/","title":{"rendered":"IKEA otev\u0159e pl\u00e1novac\u00ed studio v n\u00e1kupn\u00edm centru Westfield Chodov"},"content":{"rendered":"\n<p><strong>Prvn\u00ed pl\u00e1novac\u00ed studio ve st\u0159edoevropsk\u00e9m regionu otev\u0159e IKEA letos v l\u00e9t\u011b v Praze. Nach\u00e1zet se bude v n\u00e1kupn\u00edm centru Westfield Chodov a zam\u011b\u0159\u00ed se na \u0159e\u0161en\u00ed individu\u00e1ln\u00edch pot\u0159eb z\u00e1kazn\u00edk\u016f v interi\u00e9ru. Odborn\u00edci z IKEA jim zde pomohou s&nbsp;<a href=\"https:\/\/www.ikea.com\/cz\/cs\/customer-service\/services\/planning-consultation\/\">komplexn\u00edm pl\u00e1nov\u00e1n\u00edm<\/a>&nbsp;v\u010detn\u011b kuchyn\u00ed, lo\u017enic, koupelen i \u00falo\u017en\u00fdch prostor.<\/strong><\/p>\n\n\n\n<figure class=\"wp-block-image\"><img decoding=\"async\" src=\"https:\/\/homemagazine.cz\/wp-content\/uploads\/2021\/04\/Okea-planovaci-studio-ve-Westfiled-Chodov.jpg\" alt=\"\"\/><\/figure>\n\n\n\n<p><strong>Z\u00e1kazn\u00edci si na plo\u0161e zhruba 700 m<sup>2<\/sup>&nbsp;budou moci tak\u00e9 prohl\u00e9dnout nab\u00edzen\u00e9 materi\u00e1ly, dekory, vybaven\u00ed i vybran\u00e9 v\u00fdrobky, v\u010detn\u011b t\u011bch pro chytrou dom\u00e1cnost. Sou\u010d\u00e1st\u00ed bude i osm vzorov\u00fdch pokoj\u016f, kter\u00e9 znaj\u00ed n\u00e1v\u0161t\u011bvn\u00edci z obchodn\u00edch dom\u016f IKEA. Studio nab\u00eddne i mo\u017enost objednat si zbo\u017e\u00ed online.<\/strong><\/p>\n\n\n\n<p>O z\u00e1kazn\u00edky se bude starat t\u00fdm osmn\u00e1cti konzultant\u016f.&nbsp;<em>\u201eZ\u00e1kazn\u00edci se zde budou moci potkat s na\u0161imi odborn\u00edky na interi\u00e9rov\u00e9 vybaven\u00ed, konzultovat s nimi sv\u00e9 pot\u0159eby a&nbsp;<a href=\"https:\/\/www.ikea.com\/cz\/cs\/customer-service\/services\/planning-consultation\/sluzba-interieroveho-konzultanta-pub2546d330\">napl\u00e1novat konkr\u00e9tn\u00ed \u0159e\u0161en\u00ed<\/a>. Slu\u017eeb studia budou moci vyu\u017e\u00edt tak\u00e9 podnikatel\u00e9, kte\u0159\u00ed za\u0159izuj\u00ed komer\u010dn\u00ed prostory,\u201c<\/em>&nbsp;\u0159\u00edk\u00e1&nbsp;<strong>Eva Bo\u017e\u00edkov\u00e1, vedouc\u00ed pl\u00e1novac\u00edho studia<\/strong>.<\/p>\n\n\n\n<div class=\"wp-block-image\"><figure class=\"aligncenter\"><img decoding=\"async\" src=\"https:\/\/homemagazine.cz\/wp-content\/uploads\/2021\/04\/154070245_10158063278432548_6726618556623491608_n-840x560.jpg\" alt=\"\" class=\"wp-image-1922\"\/><\/figure><\/div>\n\n\n\n<p><em>\u201ePl\u00e1novac\u00ed studio IKEA se svoj\u00ed koncepc\u00ed odli\u0161uje od b\u011b\u017en\u00e9ho typu prodejny. Jako expertn\u00ed poradna a showroom zaj\u00edmav\u00fdm zp\u016fsobem spojuje v\u00fdhody osobn\u00ed konzultace, na kterou z\u00e1kazn\u00edk nav\u00e1\u017ee objedn\u00e1vkou. Ve Westfield Chodov jde u\u017e o n\u011bkolik\u00e1t\u00fd projekt, kter\u00fd spojuje p\u0159ednosti fyzick\u00e9ho retailu a on-line prost\u0159ed\u00ed, tentokr\u00e1t nav\u00edc v \u00fazk\u00e9 spolupr\u00e1ci s dal\u0161\u00ed silnou a celosv\u011btov\u011b obl\u00edbenou zna\u010dkou,\u201c<\/em>&nbsp;vysv\u011btluje&nbsp;<strong>Petra Valentov\u00e1, marketingov\u00e1 mana\u017eerka Westfield Chodov<\/strong>, a dod\u00e1v\u00e1:&nbsp;<em>\u201eV\u011b\u0159\u00edme, \u017ee pl\u00e1novac\u00ed studio IKEA oslov\u00ed velkou \u010d\u00e1st na\u0161ich z\u00e1kazn\u00edk\u016f a jejich z\u00e1\u017eitku z n\u00e1v\u0161t\u011bvy Westfield p\u0159id\u00e1 nov\u00fd rozm\u011br.\u201c<\/em><\/p>\n\n\n\n<p>V \u010cesku m\u00e1 IKEA \u010dty\u0159i obchodn\u00ed domy: Praha \u2013 \u010cern\u00fd Most, Praha \u2013 Zli\u010d\u00edn, Brno a Ostrava. Dlouhodob\u011b se sna\u017e\u00ed b\u00fdt pro z\u00e1kazn\u00edky dob\u0159e dostupn\u00e1 a nab\u00eddnout jim mo\u017enosti pohodln\u00e9ho nakupov\u00e1n\u00ed. Pl\u00e1novac\u00ed studio je sou\u010d\u00e1st\u00ed tohoto expanzn\u00edho pl\u00e1nu v regionu \u010cesko, Ma\u010farsko a Slovensko. V\u00fdrobky IKEA si mohou z\u00e1kazn\u00edci objedn\u00e1vat do v\u00fddejn\u00edch m\u00edst v Hradci Kr\u00e1lov\u00e9, Liberci, Zl\u00edn\u011b, Olomouci, \u010cesk\u00fdch Bud\u011bjovic\u00edch a Plzni. V pl\u00e1nu je otev\u0159en\u00ed v\u00fddejn\u00edch m\u00edst tak\u00e9 v Karlovarsk\u00e9m a \u00dasteck\u00e9m kraji.<\/p>\n\n\n\n<div style=\"height:20px\" aria-hidden=\"true\" class=\"wp-block-spacer\"><\/div>\n","protected":false},"excerpt":{"rendered":"<p>Prvn\u00ed pl\u00e1novac\u00ed studio ve st\u0159edoevropsk\u00e9m regionu otev\u0159e IKEA letos v l\u00e9t\u011b v Praze. Nach\u00e1zet se bude v n\u00e1kupn\u00edm centru Westfield Chodov a zam\u011b\u0159\u00ed se na \u0159e\u0161en\u00ed individu\u00e1ln\u00edch pot\u0159eb z\u00e1kazn\u00edk\u016f v interi\u00e9ru. Odborn\u00edci z IKEA jim zde pomohou s&nbsp;komplexn\u00edm pl\u00e1nov\u00e1n\u00edm&nbsp;v\u010detn\u011b kuchyn\u00ed, lo\u017enic, koupelen i \u00falo\u017en\u00fdch prostor. Z\u00e1kazn\u00edci si na plo\u0161e zhruba 700 m2&nbsp;budou moci tak\u00e9 prohl\u00e9dnout [&hellip;]<\/p>\n","protected":false},"author":3,"featured_media":1089,"comment_status":"closed","ping_status":"closed","sticky":false,"template":"","format":"standard","meta":{"_mi_skip_tracking":false,"_monsterinsights_sitenote_active":false,"_monsterinsights_sitenote_note":"","_monsterinsights_sitenote_category":0,"footnotes":""},"categories":[5,2,13],"tags":[],"yoast_head":"<!-- This site is optimized with the Yoast SEO plugin v21.4 - https:\/\/yoast.com\/wordpress\/plugins\/seo\/ -->\n<title>IKEA otev\u0159e pl\u00e1novac\u00ed studio v n\u00e1kupn\u00edm centru Westfield Chodov - LUXURYMAGAZINE.cz<\/title>\n<meta name=\"robots\" content=\"index, follow, max-snippet:-1, max-image-preview:large, max-video-preview:-1\" \/>\n<link rel=\"canonical\" href=\"https:\/\/luxurymagazine.cz\/index.php\/2021\/04\/12\/ikea-otevre-planovaci-studio-v-nakupnim-centru-westfield-chodov\/\" \/>\n<meta property=\"og:locale\" content=\"cs_CZ\" \/>\n<meta property=\"og:type\" content=\"article\" \/>\n<meta property=\"og:title\" content=\"IKEA otev\u0159e pl\u00e1novac\u00ed studio v n\u00e1kupn\u00edm centru Westfield Chodov - LUXURYMAGAZINE.cz\" \/>\n<meta property=\"og:description\" content=\"Prvn\u00ed pl\u00e1novac\u00ed studio ve st\u0159edoevropsk\u00e9m regionu otev\u0159e IKEA letos v l\u00e9t\u011b v Praze. Nach\u00e1zet se bude v n\u00e1kupn\u00edm centru Westfield Chodov a zam\u011b\u0159\u00ed se na \u0159e\u0161en\u00ed individu\u00e1ln\u00edch pot\u0159eb z\u00e1kazn\u00edk\u016f v interi\u00e9ru. Odborn\u00edci z IKEA jim zde pomohou s&nbsp;komplexn\u00edm pl\u00e1nov\u00e1n\u00edm&nbsp;v\u010detn\u011b kuchyn\u00ed, lo\u017enic, koupelen i \u00falo\u017en\u00fdch prostor. Z\u00e1kazn\u00edci si na plo\u0161e zhruba 700 m2&nbsp;budou moci tak\u00e9 prohl\u00e9dnout [&hellip;]\" \/>\n<meta property=\"og:url\" content=\"https:\/\/luxurymagazine.cz\/index.php\/2021\/04\/12\/ikea-otevre-planovaci-studio-v-nakupnim-centru-westfield-chodov\/\" \/>\n<meta property=\"og:site_name\" content=\"LUXURYMAGAZINE.cz\" \/>\n<meta property=\"article:published_time\" content=\"2021-04-11T22:56:00+00:00\" \/>\n<meta property=\"article:modified_time\" content=\"2021-06-19T11:29:53+00:00\" \/>\n<meta property=\"og:image\" content=\"https:\/\/luxurymagazine.cz\/wp-content\/uploads\/2021\/04\/Okea-planovaci-studio-ve-Westfiled-Chodov.jpg\" \/>\n\t<meta property=\"og:image:width\" content=\"807\" \/>\n\t<meta property=\"og:image:height\" content=\"512\" \/>\n\t<meta property=\"og:image:type\" content=\"image\/jpeg\" \/>\n<meta name=\"author\" content=\"Miroslav Van\u011bk\" \/>\n<meta name=\"twitter:card\" content=\"summary_large_image\" \/>\n<meta name=\"twitter:label1\" content=\"Napsal(a)\" \/>\n\t<meta name=\"twitter:data1\" content=\"Miroslav Van\u011bk\" \/>\n\t<meta name=\"twitter:label2\" content=\"Odhadovan\u00e1 doba \u010dten\u00ed\" \/>\n\t<meta name=\"twitter:data2\" content=\"2 minuty\" \/>\n<script type=\"application\/ld+json\" class=\"yoast-schema-graph\">{\"@context\":\"https:\/\/schema.org\",\"@graph\":[{\"@type\":\"Article\",\"@id\":\"https:\/\/luxurymagazine.cz\/index.php\/2021\/04\/12\/ikea-otevre-planovaci-studio-v-nakupnim-centru-westfield-chodov\/#article\",\"isPartOf\":{\"@id\":\"https:\/\/luxurymagazine.cz\/index.php\/2021\/04\/12\/ikea-otevre-planovaci-studio-v-nakupnim-centru-westfield-chodov\/\"},\"author\":{\"name\":\"Miroslav Van\u011bk\",\"@id\":\"https:\/\/luxurymagazine.cz\/#\/schema\/person\/44a069a3b1eab523585f7325b6e54254\"},\"headline\":\"IKEA otev\u0159e pl\u00e1novac\u00ed studio v n\u00e1kupn\u00edm centru Westfield Chodov\",\"datePublished\":\"2021-04-11T22:56:00+00:00\",\"dateModified\":\"2021-06-19T11:29:53+00:00\",\"mainEntityOfPage\":{\"@id\":\"https:\/\/luxurymagazine.cz\/index.php\/2021\/04\/12\/ikea-otevre-planovaci-studio-v-nakupnim-centru-westfield-chodov\/\"},\"wordCount\":449,\"publisher\":{\"@id\":\"https:\/\/luxurymagazine.cz\/#organization\"},\"articleSection\":[\"BYDLEN\u00cd &amp; DESIGN\",\"NEWS\",\"TIPY &amp; TRENDY\"],\"inLanguage\":\"cs\"},{\"@type\":\"WebPage\",\"@id\":\"https:\/\/luxurymagazine.cz\/index.php\/2021\/04\/12\/ikea-otevre-planovaci-studio-v-nakupnim-centru-westfield-chodov\/\",\"url\":\"https:\/\/luxurymagazine.cz\/index.php\/2021\/04\/12\/ikea-otevre-planovaci-studio-v-nakupnim-centru-westfield-chodov\/\",\"name\":\"IKEA otev\u0159e pl\u00e1novac\u00ed studio v n\u00e1kupn\u00edm centru Westfield Chodov - LUXURYMAGAZINE.cz\",\"isPartOf\":{\"@id\":\"https:\/\/luxurymagazine.cz\/#website\"},\"datePublished\":\"2021-04-11T22:56:00+00:00\",\"dateModified\":\"2021-06-19T11:29:53+00:00\",\"breadcrumb\":{\"@id\":\"https:\/\/luxurymagazine.cz\/index.php\/2021\/04\/12\/ikea-otevre-planovaci-studio-v-nakupnim-centru-westfield-chodov\/#breadcrumb\"},\"inLanguage\":\"cs\",\"potentialAction\":[{\"@type\":\"ReadAction\",\"target\":[\"https:\/\/luxurymagazine.cz\/index.php\/2021\/04\/12\/ikea-otevre-planovaci-studio-v-nakupnim-centru-westfield-chodov\/\"]}]},{\"@type\":\"BreadcrumbList\",\"@id\":\"https:\/\/luxurymagazine.cz\/index.php\/2021\/04\/12\/ikea-otevre-planovaci-studio-v-nakupnim-centru-westfield-chodov\/#breadcrumb\",\"itemListElement\":[{\"@type\":\"ListItem\",\"position\":1,\"name\":\"Dom\u016f\",\"item\":\"https:\/\/luxurymagazine.cz\/\"},{\"@type\":\"ListItem\",\"position\":2,\"name\":\"IKEA otev\u0159e pl\u00e1novac\u00ed studio v n\u00e1kupn\u00edm centru Westfield Chodov\"}]},{\"@type\":\"WebSite\",\"@id\":\"https:\/\/luxurymagazine.cz\/#website\",\"url\":\"https:\/\/luxurymagazine.cz\/\",\"name\":\"LUXURYMAGAZINE.cz\",\"description\":\"Port\u00e1l v\u00fdhradn\u011b o luxusu...\",\"publisher\":{\"@id\":\"https:\/\/luxurymagazine.cz\/#organization\"},\"potentialAction\":[{\"@type\":\"SearchAction\",\"target\":{\"@type\":\"EntryPoint\",\"urlTemplate\":\"https:\/\/luxurymagazine.cz\/?s={search_term_string}\"},\"query-input\":\"required name=search_term_string\"}],\"inLanguage\":\"cs\"},{\"@type\":\"Organization\",\"@id\":\"https:\/\/luxurymagazine.cz\/#organization\",\"name\":\"LUXURYMAGAZINE.cz\",\"url\":\"https:\/\/luxurymagazine.cz\/\",\"logo\":{\"@type\":\"ImageObject\",\"inLanguage\":\"cs\",\"@id\":\"https:\/\/luxurymagazine.cz\/#\/schema\/logo\/image\/\",\"url\":\"https:\/\/luxurymagazine.cz\/wp-content\/uploads\/2024\/12\/cropped-Logo_LuxuryMagazine-1.jpg\",\"contentUrl\":\"https:\/\/luxurymagazine.cz\/wp-content\/uploads\/2024\/12\/cropped-Logo_LuxuryMagazine-1.jpg\",\"width\":934,\"height\":509,\"caption\":\"LUXURYMAGAZINE.cz\"},\"image\":{\"@id\":\"https:\/\/luxurymagazine.cz\/#\/schema\/logo\/image\/\"}},{\"@type\":\"Person\",\"@id\":\"https:\/\/luxurymagazine.cz\/#\/schema\/person\/44a069a3b1eab523585f7325b6e54254\",\"name\":\"Miroslav Van\u011bk\",\"image\":{\"@type\":\"ImageObject\",\"inLanguage\":\"cs\",\"@id\":\"https:\/\/luxurymagazine.cz\/#\/schema\/person\/image\/\",\"url\":\"https:\/\/secure.gravatar.com\/avatar\/cc93dbecbfc820d69a964ea4a1c72377?s=96&d=mm&r=g\",\"contentUrl\":\"https:\/\/secure.gravatar.com\/avatar\/cc93dbecbfc820d69a964ea4a1c72377?s=96&d=mm&r=g\",\"caption\":\"Miroslav Van\u011bk\"},\"sameAs\":[\"http:\/\/LUXURYMAGAZINE.cz\"],\"url\":\"https:\/\/luxurymagazine.cz\/index.php\/author\/mirvan\/\"}]}<\/script>\n<!-- \/ Yoast SEO plugin. -->","yoast_head_json":{"title":"IKEA otev\u0159e pl\u00e1novac\u00ed studio v n\u00e1kupn\u00edm centru Westfield Chodov - LUXURYMAGAZINE.cz","robots":{"index":"index","follow":"follow","max-snippet":"max-snippet:-1","max-image-preview":"max-image-preview:large","max-video-preview":"max-video-preview:-1"},"canonical":"https:\/\/luxurymagazine.cz\/index.php\/2021\/04\/12\/ikea-otevre-planovaci-studio-v-nakupnim-centru-westfield-chodov\/","og_locale":"cs_CZ","og_type":"article","og_title":"IKEA otev\u0159e pl\u00e1novac\u00ed studio v n\u00e1kupn\u00edm centru Westfield Chodov - LUXURYMAGAZINE.cz","og_description":"Prvn\u00ed pl\u00e1novac\u00ed studio ve st\u0159edoevropsk\u00e9m regionu otev\u0159e IKEA letos v l\u00e9t\u011b v Praze. Nach\u00e1zet se bude v n\u00e1kupn\u00edm centru Westfield Chodov a zam\u011b\u0159\u00ed se na \u0159e\u0161en\u00ed individu\u00e1ln\u00edch pot\u0159eb z\u00e1kazn\u00edk\u016f v interi\u00e9ru. Odborn\u00edci z IKEA jim zde pomohou s&nbsp;komplexn\u00edm pl\u00e1nov\u00e1n\u00edm&nbsp;v\u010detn\u011b kuchyn\u00ed, lo\u017enic, koupelen i \u00falo\u017en\u00fdch prostor. Z\u00e1kazn\u00edci si na plo\u0161e zhruba 700 m2&nbsp;budou moci tak\u00e9 prohl\u00e9dnout [&hellip;]","og_url":"https:\/\/luxurymagazine.cz\/index.php\/2021\/04\/12\/ikea-otevre-planovaci-studio-v-nakupnim-centru-westfield-chodov\/","og_site_name":"LUXURYMAGAZINE.cz","article_published_time":"2021-04-11T22:56:00+00:00","article_modified_time":"2021-06-19T11:29:53+00:00","og_image":[{"width":807,"height":512,"url":"https:\/\/luxurymagazine.cz\/wp-content\/uploads\/2021\/04\/Okea-planovaci-studio-ve-Westfiled-Chodov.jpg","type":"image\/jpeg"}],"author":"Miroslav Van\u011bk","twitter_card":"summary_large_image","twitter_misc":{"Napsal(a)":"Miroslav Van\u011bk","Odhadovan\u00e1 doba \u010dten\u00ed":"2 minuty"},"schema":{"@context":"https:\/\/schema.org","@graph":[{"@type":"Article","@id":"https:\/\/luxurymagazine.cz\/index.php\/2021\/04\/12\/ikea-otevre-planovaci-studio-v-nakupnim-centru-westfield-chodov\/#article","isPartOf":{"@id":"https:\/\/luxurymagazine.cz\/index.php\/2021\/04\/12\/ikea-otevre-planovaci-studio-v-nakupnim-centru-westfield-chodov\/"},"author":{"name":"Miroslav Van\u011bk","@id":"https:\/\/luxurymagazine.cz\/#\/schema\/person\/44a069a3b1eab523585f7325b6e54254"},"headline":"IKEA otev\u0159e pl\u00e1novac\u00ed studio v n\u00e1kupn\u00edm centru Westfield Chodov","datePublished":"2021-04-11T22:56:00+00:00","dateModified":"2021-06-19T11:29:53+00:00","mainEntityOfPage":{"@id":"https:\/\/luxurymagazine.cz\/index.php\/2021\/04\/12\/ikea-otevre-planovaci-studio-v-nakupnim-centru-westfield-chodov\/"},"wordCount":449,"publisher":{"@id":"https:\/\/luxurymagazine.cz\/#organization"},"articleSection":["BYDLEN\u00cd &amp; DESIGN","NEWS","TIPY &amp; TRENDY"],"inLanguage":"cs"},{"@type":"WebPage","@id":"https:\/\/luxurymagazine.cz\/index.php\/2021\/04\/12\/ikea-otevre-planovaci-studio-v-nakupnim-centru-westfield-chodov\/","url":"https:\/\/luxurymagazine.cz\/index.php\/2021\/04\/12\/ikea-otevre-planovaci-studio-v-nakupnim-centru-westfield-chodov\/","name":"IKEA otev\u0159e pl\u00e1novac\u00ed studio v n\u00e1kupn\u00edm centru Westfield Chodov - LUXURYMAGAZINE.cz","isPartOf":{"@id":"https:\/\/luxurymagazine.cz\/#website"},"datePublished":"2021-04-11T22:56:00+00:00","dateModified":"2021-06-19T11:29:53+00:00","breadcrumb":{"@id":"https:\/\/luxurymagazine.cz\/index.php\/2021\/04\/12\/ikea-otevre-planovaci-studio-v-nakupnim-centru-westfield-chodov\/#breadcrumb"},"inLanguage":"cs","potentialAction":[{"@type":"ReadAction","target":["https:\/\/luxurymagazine.cz\/index.php\/2021\/04\/12\/ikea-otevre-planovaci-studio-v-nakupnim-centru-westfield-chodov\/"]}]},{"@type":"BreadcrumbList","@id":"https:\/\/luxurymagazine.cz\/index.php\/2021\/04\/12\/ikea-otevre-planovaci-studio-v-nakupnim-centru-westfield-chodov\/#breadcrumb","itemListElement":[{"@type":"ListItem","position":1,"name":"Dom\u016f","item":"https:\/\/luxurymagazine.cz\/"},{"@type":"ListItem","position":2,"name":"IKEA otev\u0159e pl\u00e1novac\u00ed studio v n\u00e1kupn\u00edm centru Westfield Chodov"}]},{"@type":"WebSite","@id":"https:\/\/luxurymagazine.cz\/#website","url":"https:\/\/luxurymagazine.cz\/","name":"LUXURYMAGAZINE.cz","description":"Port\u00e1l v\u00fdhradn\u011b o luxusu...","publisher":{"@id":"https:\/\/luxurymagazine.cz\/#organization"},"potentialAction":[{"@type":"SearchAction","target":{"@type":"EntryPoint","urlTemplate":"https:\/\/luxurymagazine.cz\/?s={search_term_string}"},"query-input":"required name=search_term_string"}],"inLanguage":"cs"},{"@type":"Organization","@id":"https:\/\/luxurymagazine.cz\/#organization","name":"LUXURYMAGAZINE.cz","url":"https:\/\/luxurymagazine.cz\/","logo":{"@type":"ImageObject","inLanguage":"cs","@id":"https:\/\/luxurymagazine.cz\/#\/schema\/logo\/image\/","url":"https:\/\/luxurymagazine.cz\/wp-content\/uploads\/2024\/12\/cropped-Logo_LuxuryMagazine-1.jpg","contentUrl":"https:\/\/luxurymagazine.cz\/wp-content\/uploads\/2024\/12\/cropped-Logo_LuxuryMagazine-1.jpg","width":934,"height":509,"caption":"LUXURYMAGAZINE.cz"},"image":{"@id":"https:\/\/luxurymagazine.cz\/#\/schema\/logo\/image\/"}},{"@type":"Person","@id":"https:\/\/luxurymagazine.cz\/#\/schema\/person\/44a069a3b1eab523585f7325b6e54254","name":"Miroslav Van\u011bk","image":{"@type":"ImageObject","inLanguage":"cs","@id":"https:\/\/luxurymagazine.cz\/#\/schema\/person\/image\/","url":"https:\/\/secure.gravatar.com\/avatar\/cc93dbecbfc820d69a964ea4a1c72377?s=96&d=mm&r=g","contentUrl":"https:\/\/secure.gravatar.com\/avatar\/cc93dbecbfc820d69a964ea4a1c72377?s=96&d=mm&r=g","caption":"Miroslav Van\u011bk"},"sameAs":["http:\/\/LUXURYMAGAZINE.cz"],"url":"https:\/\/luxurymagazine.cz\/index.php\/author\/mirvan\/"}]}},"_links":{"self":[{"href":"https:\/\/luxurymagazine.cz\/index.php\/wp-json\/wp\/v2\/posts\/1088"}],"collection":[{"href":"https:\/\/luxurymagazine.cz\/index.php\/wp-json\/wp\/v2\/posts"}],"about":[{"href":"https:\/\/luxurymagazine.cz\/index.php\/wp-json\/wp\/v2\/types\/post"}],"author":[{"embeddable":true,"href":"https:\/\/luxurymagazine.cz\/index.php\/wp-json\/wp\/v2\/users\/3"}],"replies":[{"embeddable":true,"href":"https:\/\/luxurymagazine.cz\/index.php\/wp-json\/wp\/v2\/comments?post=1088"}],"version-history":[{"count":-4,"href":"https:\/\/luxurymagazine.cz\/index.php\/wp-json\/wp\/v2\/posts\/1088\/revisions"}],"wp:featuredmedia":[{"embeddable":true,"href":"https:\/\/luxurymagazine.cz\/index.php\/wp-json\/wp\/v2\/media\/1089"}],"wp:attachment":[{"href":"https:\/\/luxurymagazine.cz\/index.php\/wp-json\/wp\/v2\/media?parent=1088"}],"wp:term":[{"taxonomy":"category","embeddable":true,"href":"https:\/\/luxurymagazine.cz\/index.php\/wp-json\/wp\/v2\/categories?post=1088"},{"taxonomy":"post_tag","embeddable":true,"href":"https:\/\/luxurymagazine.cz\/index.php\/wp-json\/wp\/v2\/tags?post=1088"}],"curies":[{"name":"wp","href":"https:\/\/api.w.org\/{rel}","templated":true}]}}