{"id":1210,"date":"2021-05-10T00:50:00","date_gmt":"2021-05-09T22:50:00","guid":{"rendered":"https:\/\/luxurymagazine.cz\/?p=1210"},"modified":"2021-08-07T22:59:15","modified_gmt":"2021-08-07T20:59:15","slug":"star-group-vytvori-v-novych-chabrech-pro-nove-i-stavajici-rezidenty-rozlehly-park","status":"publish","type":"post","link":"https:\/\/luxurymagazine.cz\/index.php\/2021\/05\/10\/star-group-vytvori-v-novych-chabrech-pro-nove-i-stavajici-rezidenty-rozlehly-park\/","title":{"rendered":"Star Group vytvo\u0159\u00ed v Nov\u00fdch Chabrech pro nov\u00e9 i st\u00e1vaj\u00edc\u00ed rezidenty rozlehl\u00fd park"},"content":{"rendered":"\n<p><strong>V&nbsp;Nov\u00fdch Chabrech vznikne rozlehl\u00fd park s&nbsp;mnoha modern\u00edmi prvky. Izraelsk\u00fd developer Star Group k&nbsp;n\u011bmu p\u0159ipoj\u00ed i komunitn\u00ed centrum. Dobr\u00e1 dostupnost p\u0159\u00edrody a z\u00e1zem\u00ed pro tr\u00e1ven\u00ed voln\u00e9ho \u010dasu je v&nbsp;posledn\u00ed dob\u011b p\u0159i rozhodov\u00e1n\u00ed o n\u00e1kupu nemovitosti z\u00e1sadn\u00ed. Odpov\u011bdn\u00ed develope\u0159i proto investuj\u00ed do kvalitn\u00edho ve\u0159ejn\u00e9ho prostoru miliony korun. Hodn\u011b rozhoduje i bl\u00edzkost cyklostezek a mo\u017enost sportovn\u00edch aktivit.<\/strong><\/p>\n\n\n\n<figure class=\"wp-block-image\"><img decoding=\"async\" src=\"https:\/\/homemagazine.cz\/wp-content\/uploads\/2021\/05\/Vizualizace_Nov%C3%A9_Chabry_FaG.jpg\" alt=\"\"\/><\/figure>\n\n\n\n<p>\u201e<em>V sou\u010dasn\u00e9 situaci to tak nevypad\u00e1, ale a\u017e pandemie skon\u010d\u00ed, bude pot\u0159eba soci\u00e1ln\u00edch kontakt\u016f obrovsk\u00e1. Komunitn\u00ed centrum bude slou\u017eit v&nbsp;Nov\u00fdch Chabrech obyvatel\u016fm v\u0161ech v\u011bkov\u00fdch kategori\u00ed. Jde n\u00e1m o p\u0159\u00e1telsk\u00fd a neform\u00e1ln\u00ed charakter,\u201c<\/em>&nbsp;<strong>vysv\u011btlil Tal Grozner, \u0159editel spole\u010dnosti Star Group<\/strong>.<\/p>\n\n\n\n<p>Pr\u00e1v\u011b trendy zdrav\u00e9ho \u017eivotn\u00edho stylu a pravideln\u00e9ho sportov\u00e1n\u00ed podporuje u\u017e vybudovan\u00e1 cyklostezka, \u0159ada cvi\u010debn\u00edch fitness prvk\u016f pro mal\u00e9 i velk\u00e9 \u2013 takzvan\u00fd street fitness, d\u011btsk\u00e1 h\u0159i\u0161t\u011b, beachvolejbalov\u00e9 h\u0159i\u0161t\u011b a p\u011b\u0161\u00ed promen\u00e1da, kter\u00e1 byla v&nbsp;Nov\u00fdch Chabrech vytvo\u0159ena u\u017e v&nbsp;p\u0159edchoz\u00edch etap\u00e1ch.<\/p>\n\n\n\n<figure class=\"wp-block-image\"><img decoding=\"async\" src=\"https:\/\/homemagazine.cz\/wp-content\/uploads\/2021\/05\/Nove-Chabry-Prague-3-840x535.jpg\" alt=\"\" class=\"wp-image-2060\"\/><\/figure>\n\n\n\n<p><em>\u201eNap\u0159\u00edklad street fitness nebo street workout je outdoorov\u00e9 cvi\u010den\u00ed, ke kter\u00e9mu je pot\u0159eba jenom vlastn\u00ed t\u011blo, vhodn\u00e9 prost\u0159ed\u00ed a kreativita. P\u0159i tr\u00e9ninku se nav\u00edc nemus\u00ed chodit od stroje ke stroji a procvi\u010dovat ka\u017ed\u00fd sval zvl\u00e1\u0161\u0165, ale kombinac\u00ed klik\u016f, d\u0159ep\u016f a p\u0159\u00edtah\u016f se zapoj\u00ed v\u011bt\u0161ina sval\u016f v t\u011ble sou\u010dasn\u011b. D\u016fle\u017eit\u00e1 je tak\u00e9 fantazie \u2013 jako cvi\u010debn\u00ed n\u00e1\u0159ad\u00ed poslou\u017e\u00ed toti\u017e stejn\u011b tak dob\u0159e hrazda na h\u0159i\u0161ti jako schody do dom\u016f,\u201c<\/em>&nbsp;<strong>potvrdil Radek Holinka, sportovn\u00ed tren\u00e9r dosp\u011bl\u00fdch ze spole\u010dnosti BeTri.<\/strong><\/p>\n\n\n\n<p>Projektu nov\u00e9ho parku se zhostili renomovan\u00ed zahradn\u00ed architekti z proslul\u00e9ho ateli\u00e9ru Flera. Pod jejich taktovkou vyrostou v&nbsp;parku ojedin\u011bl\u00e1 z\u00e1kout\u00ed, posezen\u00ed, nebudou chyb\u011bt vodn\u00ed a um\u011bleck\u00e9 prvky. Nezapom\u00edn\u00e1 se ani na prostor pro z\u00e1bavn\u00e9 aktivity, jako je p\u00e9tanque, venkovn\u00ed \u0161achy, trampol\u00edna pro d\u011bti a mnoho m\u00edst pro p\u0159\u00edjemn\u00e9 spole\u010dn\u00e9 i individu\u00e1ln\u00ed tr\u00e1ven\u00ed voln\u00e9ho \u010dasu.<\/p>\n\n\n\n<p><em>\u201eObyvatel\u00e9 Nov\u00fdch Chaber se mohou t\u011b\u0161it na zele\u0148 v duchu udr\u017eiteln\u00e9ho, nedbale elegantn\u00edho stylu, na vodn\u00ed pergolu a dal\u0161\u00ed hern\u00ed i odpo\u010dinkov\u00e9 prvky v&nbsp;prostoru cel\u00e9ho parku. Oblast bude vhodn\u00e1 nejen pro proch\u00e1zky, ale i pro jogging a ostatn\u00ed volno\u010dasov\u00e9 aktivity,\u201c<\/em>&nbsp;<strong>shrnul pl\u00e1novan\u00e9 aktivity Ferdinand Leffler, zakladatel ateli\u00e9ru Flera<\/strong>.<\/p>\n\n\n\n<figure class=\"wp-block-image\"><img decoding=\"async\" src=\"https:\/\/homemagazine.cz\/wp-content\/uploads\/2021\/05\/Nove_Chabry_Komer%C4%8Dn%C3%AD_Centrum_I-840x560.jpg\" alt=\"\" class=\"wp-image-2061\"\/><\/figure>\n\n\n\n<p>Sou\u010d\u00e1st\u00ed parku bude i komunitn\u00ed centrum s&nbsp;terasou a pergolou. Prostor nab\u00eddne \u0161irokou \u0161k\u00e1lu volno\u010dasov\u00fdch aktivit pro d\u011bti i dosp\u011bl\u00e9 a stane se m\u00edstem setk\u00e1v\u00e1n\u00ed a srdcem komunity. Je po\u010d\u00edt\u00e1no s&nbsp;piknikov\u00fdmi koutky a nezapom\u00edn\u00e1 se ani na rodiny s&nbsp;d\u011btmi. Pro d\u011bti se v&nbsp;nov\u00e9m parku krom\u011b d\u011btsk\u00e9ho h\u0159i\u0161t\u011b chyst\u00e1 um\u011bl\u00fd kopec s lezeck\u00fdmi prvky a skluzavkami, d\u011btsk\u00e1 dopravn\u00ed k\u0159i\u017eovatka, modern\u00ed trampol\u00edny, plocha pro m\u00ed\u010dov\u00e9 hry a mnoho dal\u0161\u00edch m\u00edst pro z\u00e1bavn\u00e9 venkovn\u00ed aktivity.<\/p>\n\n\n\n<p>V Nov\u00fdch Chabrech tak\u00e9 vznikne dal\u0161\u00ed \u0159ada odpo\u010dinkov\u00fdch z\u00f3n, kter\u00e9 budou odd\u011bleny od centr\u00e1ln\u00edho h\u0159i\u0161t\u011b i od jednotliv\u00fdch koutk\u016f pro d\u011bti.<\/p>\n\n\n\n<p>\u201e<em>Pamatujeme i na dosp\u011bl\u00e9 a seniory, kter\u00fdm vnitrobloky s odpo\u010dinkov\u00fdmi z\u00f3nami s lavi\u010dkami, um\u011bleck\u00fdmi a vodn\u00edmi prvky nab\u00edzej\u00ed p\u0159\u00edjemn\u00e9 prost\u0159ed\u00ed k p\u0159\u00e1telsk\u00e9mu posezen\u00ed a relaxaci,\u201c<\/em>&nbsp;<strong>p\u0159ibl\u00ed\u017eil Tal Grozner dal\u0161\u00ed oblast, o kterou se mus\u00ed dobr\u00e1 firma postarat<\/strong>.<\/p>\n\n\n\n<figure class=\"wp-block-image\"><img decoding=\"async\" src=\"https:\/\/homemagazine.cz\/wp-content\/uploads\/2021\/05\/Nove_Chabry_Komer%C4%8Dn%C3%AD_Centrum_III-840x560.jpg\" alt=\"\" class=\"wp-image-2062\"\/><\/figure>\n\n\n\n<p>Star Group si po\u010d\u00edn\u00e1 striktn\u011b podle doporu\u010den\u00ed Institutu rozvoje a pl\u00e1nov\u00e1n\u00ed Prahy. Instituce pova\u017euje za d\u016fle\u017eit\u00e9 vytv\u00e1\u0159et a zkvalit\u0148ovat nab\u00eddku slu\u017eeb, volno\u010dasov\u00e9 infrastruktury a ekonomick\u00fdch p\u0159\u00edle\u017eitost\u00ed v okrajov\u00fdch m\u011bstsk\u00fdch \u010d\u00e1stech. A trh s nov\u00fdmi byty se vyv\u00edj\u00ed tak, jak se p\u0159ed p\u00e1r lety p\u0159edpokl\u00e1dalo. U\u017e tehdy za\u010d\u00ednaly vznikat bytov\u00e9 domy s obchody s potravinami a slu\u017ebami. Ty jsou dnes u\u017e b\u011b\u017en\u00fdm standardem, a to pro kohokoli, kdo zva\u017euje n\u00e1kup nemovitosti.<\/p>\n\n\n\n<p>V\u00a0Nov\u00fdch Chabrech ji\u017e d\u00edky Star Group mohou obyvatel\u00e9 rezidentn\u00edch byt\u016f a dom\u016f vyu\u017e\u00edvat samoobsluhu, fitness, vinot\u00e9ku, delikatesy nebo trattorii. A nesm\u00ed se zapomenout na mate\u0159skou \u0161kolu. Komer\u010dn\u00ed centrum v Nov\u00fdch Chabrech v\u00a0p\u0159edchoz\u00edch etap\u00e1ch skv\u011ble doplnilo a roz\u0161\u00ed\u0159ilo popt\u00e1vku trhu a nab\u00eddlo pohodl\u00ed m\u00edstn\u00edm obyvatel\u016fm pro nakupov\u00e1n\u00ed a relaxaci v m\u00edst\u011b bydli\u0161t\u011b.<\/p>\n\n\n\n<div style=\"height:20px\" aria-hidden=\"true\" class=\"wp-block-spacer\"><\/div>\n\n\n\n<figure class=\"wp-block-gallery columns-2 is-cropped wp-block-gallery-1 is-layout-flex wp-block-gallery-is-layout-flex\"><ul class=\"blocks-gallery-grid\"><li class=\"blocks-gallery-item\"><figure><img decoding=\"async\" loading=\"lazy\" width=\"1024\" height=\"682\" src=\"https:\/\/luxurymagazine.cz\/wp-content\/uploads\/2021\/05\/Nove_Chabry_Komer\u010dn\u00ed_Centrum_III-1024x682.jpg\" alt=\"\" data-id=\"1213\" data-full-url=\"https:\/\/luxurymagazine.cz\/wp-content\/uploads\/2021\/05\/Nove_Chabry_Komer\u010dn\u00ed_Centrum_III.jpg\" data-link=\"https:\/\/luxurymagazine.cz\/?attachment_id=1213\" class=\"wp-image-1213\" srcset=\"https:\/\/luxurymagazine.cz\/wp-content\/uploads\/2021\/05\/Nove_Chabry_Komer\u010dn\u00ed_Centrum_III-1024x682.jpg 1024w, https:\/\/luxurymagazine.cz\/wp-content\/uploads\/2021\/05\/Nove_Chabry_Komer\u010dn\u00ed_Centrum_III-300x200.jpg 300w, https:\/\/luxurymagazine.cz\/wp-content\/uploads\/2021\/05\/Nove_Chabry_Komer\u010dn\u00ed_Centrum_III-768x512.jpg 768w, https:\/\/luxurymagazine.cz\/wp-content\/uploads\/2021\/05\/Nove_Chabry_Komer\u010dn\u00ed_Centrum_III-730x485.jpg 730w, https:\/\/luxurymagazine.cz\/wp-content\/uploads\/2021\/05\/Nove_Chabry_Komer\u010dn\u00ed_Centrum_III.jpg 1250w\" sizes=\"(max-width: 1024px) 100vw, 1024px\" \/><\/figure><\/li><li class=\"blocks-gallery-item\"><figure><img decoding=\"async\" loading=\"lazy\" width=\"1024\" height=\"682\" src=\"https:\/\/luxurymagazine.cz\/wp-content\/uploads\/2021\/05\/Nove_Chabry_Komer\u010dn\u00ed_Centrum_I-1024x682.jpg\" alt=\"\" data-id=\"1212\" data-full-url=\"https:\/\/luxurymagazine.cz\/wp-content\/uploads\/2021\/05\/Nove_Chabry_Komer\u010dn\u00ed_Centrum_I.jpg\" data-link=\"https:\/\/luxurymagazine.cz\/?attachment_id=1212\" class=\"wp-image-1212\" srcset=\"https:\/\/luxurymagazine.cz\/wp-content\/uploads\/2021\/05\/Nove_Chabry_Komer\u010dn\u00ed_Centrum_I-1024x682.jpg 1024w, https:\/\/luxurymagazine.cz\/wp-content\/uploads\/2021\/05\/Nove_Chabry_Komer\u010dn\u00ed_Centrum_I-300x200.jpg 300w, https:\/\/luxurymagazine.cz\/wp-content\/uploads\/2021\/05\/Nove_Chabry_Komer\u010dn\u00ed_Centrum_I-768x512.jpg 768w, https:\/\/luxurymagazine.cz\/wp-content\/uploads\/2021\/05\/Nove_Chabry_Komer\u010dn\u00ed_Centrum_I-730x485.jpg 730w, https:\/\/luxurymagazine.cz\/wp-content\/uploads\/2021\/05\/Nove_Chabry_Komer\u010dn\u00ed_Centrum_I.jpg 1250w\" sizes=\"(max-width: 1024px) 100vw, 1024px\" \/><\/figure><\/li><li class=\"blocks-gallery-item\"><figure><img decoding=\"async\" loading=\"lazy\" width=\"1024\" height=\"768\" src=\"https:\/\/luxurymagazine.cz\/wp-content\/uploads\/2021\/05\/Vizualizace_Nov\u00e9_Chabry_FaG-1024x768.jpg\" alt=\"\" data-id=\"1214\" data-full-url=\"https:\/\/luxurymagazine.cz\/wp-content\/uploads\/2021\/05\/Vizualizace_Nov\u00e9_Chabry_FaG.jpg\" data-link=\"https:\/\/luxurymagazine.cz\/?attachment_id=1214\" class=\"wp-image-1214\" srcset=\"https:\/\/luxurymagazine.cz\/wp-content\/uploads\/2021\/05\/Vizualizace_Nov\u00e9_Chabry_FaG-1024x768.jpg 1024w, https:\/\/luxurymagazine.cz\/wp-content\/uploads\/2021\/05\/Vizualizace_Nov\u00e9_Chabry_FaG-300x225.jpg 300w, https:\/\/luxurymagazine.cz\/wp-content\/uploads\/2021\/05\/Vizualizace_Nov\u00e9_Chabry_FaG-768x576.jpg 768w, https:\/\/luxurymagazine.cz\/wp-content\/uploads\/2021\/05\/Vizualizace_Nov\u00e9_Chabry_FaG.jpg 1250w\" sizes=\"(max-width: 1024px) 100vw, 1024px\" \/><\/figure><\/li><li class=\"blocks-gallery-item\"><figure><img decoding=\"async\" loading=\"lazy\" width=\"1024\" height=\"652\" src=\"https:\/\/luxurymagazine.cz\/wp-content\/uploads\/2021\/05\/Nove-Chabry-Prague-3-1024x652.jpg\" alt=\"\" data-id=\"1211\" data-full-url=\"https:\/\/luxurymagazine.cz\/wp-content\/uploads\/2021\/05\/Nove-Chabry-Prague-3.jpg\" data-link=\"https:\/\/luxurymagazine.cz\/?attachment_id=1211\" class=\"wp-image-1211\" srcset=\"https:\/\/luxurymagazine.cz\/wp-content\/uploads\/2021\/05\/Nove-Chabry-Prague-3-1024x652.jpg 1024w, https:\/\/luxurymagazine.cz\/wp-content\/uploads\/2021\/05\/Nove-Chabry-Prague-3-300x191.jpg 300w, https:\/\/luxurymagazine.cz\/wp-content\/uploads\/2021\/05\/Nove-Chabry-Prague-3-768x489.jpg 768w, https:\/\/luxurymagazine.cz\/wp-content\/uploads\/2021\/05\/Nove-Chabry-Prague-3.jpg 1250w\" sizes=\"(max-width: 1024px) 100vw, 1024px\" \/><\/figure><\/li><\/ul><\/figure>\n\n\n\n<div style=\"height:100px\" aria-hidden=\"true\" class=\"wp-block-spacer\"><\/div>\n","protected":false},"excerpt":{"rendered":"<p>V&nbsp;Nov\u00fdch Chabrech vznikne rozlehl\u00fd park s&nbsp;mnoha modern\u00edmi prvky. Izraelsk\u00fd developer Star Group k&nbsp;n\u011bmu p\u0159ipoj\u00ed i komunitn\u00ed centrum. Dobr\u00e1 dostupnost p\u0159\u00edrody a z\u00e1zem\u00ed pro tr\u00e1ven\u00ed voln\u00e9ho \u010dasu je v&nbsp;posledn\u00ed dob\u011b p\u0159i rozhodov\u00e1n\u00ed o n\u00e1kupu nemovitosti z\u00e1sadn\u00ed. Odpov\u011bdn\u00ed develope\u0159i proto investuj\u00ed do kvalitn\u00edho ve\u0159ejn\u00e9ho prostoru miliony korun. Hodn\u011b rozhoduje i bl\u00edzkost cyklostezek a mo\u017enost sportovn\u00edch aktivit. \u201eV [&hellip;]<\/p>\n","protected":false},"author":3,"featured_media":1214,"comment_status":"closed","ping_status":"closed","sticky":false,"template":"","format":"standard","meta":{"_mi_skip_tracking":false,"_monsterinsights_sitenote_active":false,"_monsterinsights_sitenote_note":"","_monsterinsights_sitenote_category":0,"footnotes":""},"categories":[5,2],"tags":[],"yoast_head":"<!-- This site is optimized with the Yoast SEO plugin v21.4 - https:\/\/yoast.com\/wordpress\/plugins\/seo\/ -->\n<title>Star Group vytvo\u0159\u00ed v Nov\u00fdch Chabrech pro nov\u00e9 i st\u00e1vaj\u00edc\u00ed rezidenty rozlehl\u00fd park - LUXURYMAGAZINE.cz<\/title>\n<meta name=\"robots\" content=\"index, follow, max-snippet:-1, max-image-preview:large, max-video-preview:-1\" \/>\n<link rel=\"canonical\" href=\"https:\/\/luxurymagazine.cz\/index.php\/2021\/05\/10\/star-group-vytvori-v-novych-chabrech-pro-nove-i-stavajici-rezidenty-rozlehly-park\/\" \/>\n<meta property=\"og:locale\" content=\"cs_CZ\" \/>\n<meta property=\"og:type\" content=\"article\" \/>\n<meta property=\"og:title\" content=\"Star Group vytvo\u0159\u00ed v Nov\u00fdch Chabrech pro nov\u00e9 i st\u00e1vaj\u00edc\u00ed rezidenty rozlehl\u00fd park - LUXURYMAGAZINE.cz\" \/>\n<meta property=\"og:description\" content=\"V&nbsp;Nov\u00fdch Chabrech vznikne rozlehl\u00fd park s&nbsp;mnoha modern\u00edmi prvky. Izraelsk\u00fd developer Star Group k&nbsp;n\u011bmu p\u0159ipoj\u00ed i komunitn\u00ed centrum. Dobr\u00e1 dostupnost p\u0159\u00edrody a z\u00e1zem\u00ed pro tr\u00e1ven\u00ed voln\u00e9ho \u010dasu je v&nbsp;posledn\u00ed dob\u011b p\u0159i rozhodov\u00e1n\u00ed o n\u00e1kupu nemovitosti z\u00e1sadn\u00ed. Odpov\u011bdn\u00ed develope\u0159i proto investuj\u00ed do kvalitn\u00edho ve\u0159ejn\u00e9ho prostoru miliony korun. Hodn\u011b rozhoduje i bl\u00edzkost cyklostezek a mo\u017enost sportovn\u00edch aktivit. \u201eV [&hellip;]\" \/>\n<meta property=\"og:url\" content=\"https:\/\/luxurymagazine.cz\/index.php\/2021\/05\/10\/star-group-vytvori-v-novych-chabrech-pro-nove-i-stavajici-rezidenty-rozlehly-park\/\" \/>\n<meta property=\"og:site_name\" content=\"LUXURYMAGAZINE.cz\" \/>\n<meta property=\"article:published_time\" content=\"2021-05-09T22:50:00+00:00\" \/>\n<meta property=\"article:modified_time\" content=\"2021-08-07T20:59:15+00:00\" \/>\n<meta property=\"og:image\" content=\"https:\/\/luxurymagazine.cz\/wp-content\/uploads\/2021\/05\/Vizualizace_Nov\u00e9_Chabry_FaG.jpg\" \/>\n\t<meta property=\"og:image:width\" content=\"1250\" \/>\n\t<meta property=\"og:image:height\" content=\"938\" \/>\n\t<meta property=\"og:image:type\" content=\"image\/jpeg\" \/>\n<meta name=\"author\" content=\"Miroslav Van\u011bk\" \/>\n<meta name=\"twitter:card\" content=\"summary_large_image\" \/>\n<meta name=\"twitter:label1\" content=\"Napsal(a)\" \/>\n\t<meta name=\"twitter:data1\" content=\"Miroslav Van\u011bk\" \/>\n\t<meta name=\"twitter:label2\" content=\"Odhadovan\u00e1 doba \u010dten\u00ed\" \/>\n\t<meta name=\"twitter:data2\" content=\"4 minuty\" \/>\n<script type=\"application\/ld+json\" class=\"yoast-schema-graph\">{\"@context\":\"https:\/\/schema.org\",\"@graph\":[{\"@type\":\"Article\",\"@id\":\"https:\/\/luxurymagazine.cz\/index.php\/2021\/05\/10\/star-group-vytvori-v-novych-chabrech-pro-nove-i-stavajici-rezidenty-rozlehly-park\/#article\",\"isPartOf\":{\"@id\":\"https:\/\/luxurymagazine.cz\/index.php\/2021\/05\/10\/star-group-vytvori-v-novych-chabrech-pro-nove-i-stavajici-rezidenty-rozlehly-park\/\"},\"author\":{\"name\":\"Miroslav Van\u011bk\",\"@id\":\"https:\/\/luxurymagazine.cz\/#\/schema\/person\/44a069a3b1eab523585f7325b6e54254\"},\"headline\":\"Star Group vytvo\u0159\u00ed v Nov\u00fdch Chabrech pro nov\u00e9 i st\u00e1vaj\u00edc\u00ed rezidenty rozlehl\u00fd park\",\"datePublished\":\"2021-05-09T22:50:00+00:00\",\"dateModified\":\"2021-08-07T20:59:15+00:00\",\"mainEntityOfPage\":{\"@id\":\"https:\/\/luxurymagazine.cz\/index.php\/2021\/05\/10\/star-group-vytvori-v-novych-chabrech-pro-nove-i-stavajici-rezidenty-rozlehly-park\/\"},\"wordCount\":825,\"publisher\":{\"@id\":\"https:\/\/luxurymagazine.cz\/#organization\"},\"articleSection\":[\"BYDLEN\u00cd &amp; DESIGN\",\"NEWS\"],\"inLanguage\":\"cs\"},{\"@type\":\"WebPage\",\"@id\":\"https:\/\/luxurymagazine.cz\/index.php\/2021\/05\/10\/star-group-vytvori-v-novych-chabrech-pro-nove-i-stavajici-rezidenty-rozlehly-park\/\",\"url\":\"https:\/\/luxurymagazine.cz\/index.php\/2021\/05\/10\/star-group-vytvori-v-novych-chabrech-pro-nove-i-stavajici-rezidenty-rozlehly-park\/\",\"name\":\"Star Group vytvo\u0159\u00ed v Nov\u00fdch Chabrech pro nov\u00e9 i st\u00e1vaj\u00edc\u00ed rezidenty rozlehl\u00fd park - LUXURYMAGAZINE.cz\",\"isPartOf\":{\"@id\":\"https:\/\/luxurymagazine.cz\/#website\"},\"datePublished\":\"2021-05-09T22:50:00+00:00\",\"dateModified\":\"2021-08-07T20:59:15+00:00\",\"breadcrumb\":{\"@id\":\"https:\/\/luxurymagazine.cz\/index.php\/2021\/05\/10\/star-group-vytvori-v-novych-chabrech-pro-nove-i-stavajici-rezidenty-rozlehly-park\/#breadcrumb\"},\"inLanguage\":\"cs\",\"potentialAction\":[{\"@type\":\"ReadAction\",\"target\":[\"https:\/\/luxurymagazine.cz\/index.php\/2021\/05\/10\/star-group-vytvori-v-novych-chabrech-pro-nove-i-stavajici-rezidenty-rozlehly-park\/\"]}]},{\"@type\":\"BreadcrumbList\",\"@id\":\"https:\/\/luxurymagazine.cz\/index.php\/2021\/05\/10\/star-group-vytvori-v-novych-chabrech-pro-nove-i-stavajici-rezidenty-rozlehly-park\/#breadcrumb\",\"itemListElement\":[{\"@type\":\"ListItem\",\"position\":1,\"name\":\"Dom\u016f\",\"item\":\"https:\/\/luxurymagazine.cz\/\"},{\"@type\":\"ListItem\",\"position\":2,\"name\":\"Star Group vytvo\u0159\u00ed v Nov\u00fdch Chabrech pro nov\u00e9 i st\u00e1vaj\u00edc\u00ed rezidenty rozlehl\u00fd park\"}]},{\"@type\":\"WebSite\",\"@id\":\"https:\/\/luxurymagazine.cz\/#website\",\"url\":\"https:\/\/luxurymagazine.cz\/\",\"name\":\"LUXURYMAGAZINE.cz\",\"description\":\"Port\u00e1l v\u00fdhradn\u011b o luxusu...\",\"publisher\":{\"@id\":\"https:\/\/luxurymagazine.cz\/#organization\"},\"potentialAction\":[{\"@type\":\"SearchAction\",\"target\":{\"@type\":\"EntryPoint\",\"urlTemplate\":\"https:\/\/luxurymagazine.cz\/?s={search_term_string}\"},\"query-input\":\"required name=search_term_string\"}],\"inLanguage\":\"cs\"},{\"@type\":\"Organization\",\"@id\":\"https:\/\/luxurymagazine.cz\/#organization\",\"name\":\"LUXURYMAGAZINE.cz\",\"url\":\"https:\/\/luxurymagazine.cz\/\",\"logo\":{\"@type\":\"ImageObject\",\"inLanguage\":\"cs\",\"@id\":\"https:\/\/luxurymagazine.cz\/#\/schema\/logo\/image\/\",\"url\":\"https:\/\/luxurymagazine.cz\/wp-content\/uploads\/2024\/12\/cropped-Logo_LuxuryMagazine-1.jpg\",\"contentUrl\":\"https:\/\/luxurymagazine.cz\/wp-content\/uploads\/2024\/12\/cropped-Logo_LuxuryMagazine-1.jpg\",\"width\":934,\"height\":509,\"caption\":\"LUXURYMAGAZINE.cz\"},\"image\":{\"@id\":\"https:\/\/luxurymagazine.cz\/#\/schema\/logo\/image\/\"}},{\"@type\":\"Person\",\"@id\":\"https:\/\/luxurymagazine.cz\/#\/schema\/person\/44a069a3b1eab523585f7325b6e54254\",\"name\":\"Miroslav Van\u011bk\",\"image\":{\"@type\":\"ImageObject\",\"inLanguage\":\"cs\",\"@id\":\"https:\/\/luxurymagazine.cz\/#\/schema\/person\/image\/\",\"url\":\"https:\/\/secure.gravatar.com\/avatar\/cc93dbecbfc820d69a964ea4a1c72377?s=96&d=mm&r=g\",\"contentUrl\":\"https:\/\/secure.gravatar.com\/avatar\/cc93dbecbfc820d69a964ea4a1c72377?s=96&d=mm&r=g\",\"caption\":\"Miroslav Van\u011bk\"},\"sameAs\":[\"http:\/\/LUXURYMAGAZINE.cz\"],\"url\":\"https:\/\/luxurymagazine.cz\/index.php\/author\/mirvan\/\"}]}<\/script>\n<!-- \/ Yoast SEO plugin. -->","yoast_head_json":{"title":"Star Group vytvo\u0159\u00ed v Nov\u00fdch Chabrech pro nov\u00e9 i st\u00e1vaj\u00edc\u00ed rezidenty rozlehl\u00fd park - LUXURYMAGAZINE.cz","robots":{"index":"index","follow":"follow","max-snippet":"max-snippet:-1","max-image-preview":"max-image-preview:large","max-video-preview":"max-video-preview:-1"},"canonical":"https:\/\/luxurymagazine.cz\/index.php\/2021\/05\/10\/star-group-vytvori-v-novych-chabrech-pro-nove-i-stavajici-rezidenty-rozlehly-park\/","og_locale":"cs_CZ","og_type":"article","og_title":"Star Group vytvo\u0159\u00ed v Nov\u00fdch Chabrech pro nov\u00e9 i st\u00e1vaj\u00edc\u00ed rezidenty rozlehl\u00fd park - LUXURYMAGAZINE.cz","og_description":"V&nbsp;Nov\u00fdch Chabrech vznikne rozlehl\u00fd park s&nbsp;mnoha modern\u00edmi prvky. Izraelsk\u00fd developer Star Group k&nbsp;n\u011bmu p\u0159ipoj\u00ed i komunitn\u00ed centrum. Dobr\u00e1 dostupnost p\u0159\u00edrody a z\u00e1zem\u00ed pro tr\u00e1ven\u00ed voln\u00e9ho \u010dasu je v&nbsp;posledn\u00ed dob\u011b p\u0159i rozhodov\u00e1n\u00ed o n\u00e1kupu nemovitosti z\u00e1sadn\u00ed. Odpov\u011bdn\u00ed develope\u0159i proto investuj\u00ed do kvalitn\u00edho ve\u0159ejn\u00e9ho prostoru miliony korun. Hodn\u011b rozhoduje i bl\u00edzkost cyklostezek a mo\u017enost sportovn\u00edch aktivit. \u201eV [&hellip;]","og_url":"https:\/\/luxurymagazine.cz\/index.php\/2021\/05\/10\/star-group-vytvori-v-novych-chabrech-pro-nove-i-stavajici-rezidenty-rozlehly-park\/","og_site_name":"LUXURYMAGAZINE.cz","article_published_time":"2021-05-09T22:50:00+00:00","article_modified_time":"2021-08-07T20:59:15+00:00","og_image":[{"width":1250,"height":938,"url":"https:\/\/luxurymagazine.cz\/wp-content\/uploads\/2021\/05\/Vizualizace_Nov\u00e9_Chabry_FaG.jpg","type":"image\/jpeg"}],"author":"Miroslav Van\u011bk","twitter_card":"summary_large_image","twitter_misc":{"Napsal(a)":"Miroslav Van\u011bk","Odhadovan\u00e1 doba \u010dten\u00ed":"4 minuty"},"schema":{"@context":"https:\/\/schema.org","@graph":[{"@type":"Article","@id":"https:\/\/luxurymagazine.cz\/index.php\/2021\/05\/10\/star-group-vytvori-v-novych-chabrech-pro-nove-i-stavajici-rezidenty-rozlehly-park\/#article","isPartOf":{"@id":"https:\/\/luxurymagazine.cz\/index.php\/2021\/05\/10\/star-group-vytvori-v-novych-chabrech-pro-nove-i-stavajici-rezidenty-rozlehly-park\/"},"author":{"name":"Miroslav Van\u011bk","@id":"https:\/\/luxurymagazine.cz\/#\/schema\/person\/44a069a3b1eab523585f7325b6e54254"},"headline":"Star Group vytvo\u0159\u00ed v Nov\u00fdch Chabrech pro nov\u00e9 i st\u00e1vaj\u00edc\u00ed rezidenty rozlehl\u00fd park","datePublished":"2021-05-09T22:50:00+00:00","dateModified":"2021-08-07T20:59:15+00:00","mainEntityOfPage":{"@id":"https:\/\/luxurymagazine.cz\/index.php\/2021\/05\/10\/star-group-vytvori-v-novych-chabrech-pro-nove-i-stavajici-rezidenty-rozlehly-park\/"},"wordCount":825,"publisher":{"@id":"https:\/\/luxurymagazine.cz\/#organization"},"articleSection":["BYDLEN\u00cd &amp; DESIGN","NEWS"],"inLanguage":"cs"},{"@type":"WebPage","@id":"https:\/\/luxurymagazine.cz\/index.php\/2021\/05\/10\/star-group-vytvori-v-novych-chabrech-pro-nove-i-stavajici-rezidenty-rozlehly-park\/","url":"https:\/\/luxurymagazine.cz\/index.php\/2021\/05\/10\/star-group-vytvori-v-novych-chabrech-pro-nove-i-stavajici-rezidenty-rozlehly-park\/","name":"Star Group vytvo\u0159\u00ed v Nov\u00fdch Chabrech pro nov\u00e9 i st\u00e1vaj\u00edc\u00ed rezidenty rozlehl\u00fd park - LUXURYMAGAZINE.cz","isPartOf":{"@id":"https:\/\/luxurymagazine.cz\/#website"},"datePublished":"2021-05-09T22:50:00+00:00","dateModified":"2021-08-07T20:59:15+00:00","breadcrumb":{"@id":"https:\/\/luxurymagazine.cz\/index.php\/2021\/05\/10\/star-group-vytvori-v-novych-chabrech-pro-nove-i-stavajici-rezidenty-rozlehly-park\/#breadcrumb"},"inLanguage":"cs","potentialAction":[{"@type":"ReadAction","target":["https:\/\/luxurymagazine.cz\/index.php\/2021\/05\/10\/star-group-vytvori-v-novych-chabrech-pro-nove-i-stavajici-rezidenty-rozlehly-park\/"]}]},{"@type":"BreadcrumbList","@id":"https:\/\/luxurymagazine.cz\/index.php\/2021\/05\/10\/star-group-vytvori-v-novych-chabrech-pro-nove-i-stavajici-rezidenty-rozlehly-park\/#breadcrumb","itemListElement":[{"@type":"ListItem","position":1,"name":"Dom\u016f","item":"https:\/\/luxurymagazine.cz\/"},{"@type":"ListItem","position":2,"name":"Star Group vytvo\u0159\u00ed v Nov\u00fdch Chabrech pro nov\u00e9 i st\u00e1vaj\u00edc\u00ed rezidenty rozlehl\u00fd park"}]},{"@type":"WebSite","@id":"https:\/\/luxurymagazine.cz\/#website","url":"https:\/\/luxurymagazine.cz\/","name":"LUXURYMAGAZINE.cz","description":"Port\u00e1l v\u00fdhradn\u011b o luxusu...","publisher":{"@id":"https:\/\/luxurymagazine.cz\/#organization"},"potentialAction":[{"@type":"SearchAction","target":{"@type":"EntryPoint","urlTemplate":"https:\/\/luxurymagazine.cz\/?s={search_term_string}"},"query-input":"required name=search_term_string"}],"inLanguage":"cs"},{"@type":"Organization","@id":"https:\/\/luxurymagazine.cz\/#organization","name":"LUXURYMAGAZINE.cz","url":"https:\/\/luxurymagazine.cz\/","logo":{"@type":"ImageObject","inLanguage":"cs","@id":"https:\/\/luxurymagazine.cz\/#\/schema\/logo\/image\/","url":"https:\/\/luxurymagazine.cz\/wp-content\/uploads\/2024\/12\/cropped-Logo_LuxuryMagazine-1.jpg","contentUrl":"https:\/\/luxurymagazine.cz\/wp-content\/uploads\/2024\/12\/cropped-Logo_LuxuryMagazine-1.jpg","width":934,"height":509,"caption":"LUXURYMAGAZINE.cz"},"image":{"@id":"https:\/\/luxurymagazine.cz\/#\/schema\/logo\/image\/"}},{"@type":"Person","@id":"https:\/\/luxurymagazine.cz\/#\/schema\/person\/44a069a3b1eab523585f7325b6e54254","name":"Miroslav Van\u011bk","image":{"@type":"ImageObject","inLanguage":"cs","@id":"https:\/\/luxurymagazine.cz\/#\/schema\/person\/image\/","url":"https:\/\/secure.gravatar.com\/avatar\/cc93dbecbfc820d69a964ea4a1c72377?s=96&d=mm&r=g","contentUrl":"https:\/\/secure.gravatar.com\/avatar\/cc93dbecbfc820d69a964ea4a1c72377?s=96&d=mm&r=g","caption":"Miroslav Van\u011bk"},"sameAs":["http:\/\/LUXURYMAGAZINE.cz"],"url":"https:\/\/luxurymagazine.cz\/index.php\/author\/mirvan\/"}]}},"_links":{"self":[{"href":"https:\/\/luxurymagazine.cz\/index.php\/wp-json\/wp\/v2\/posts\/1210"}],"collection":[{"href":"https:\/\/luxurymagazine.cz\/index.php\/wp-json\/wp\/v2\/posts"}],"about":[{"href":"https:\/\/luxurymagazine.cz\/index.php\/wp-json\/wp\/v2\/types\/post"}],"author":[{"embeddable":true,"href":"https:\/\/luxurymagazine.cz\/index.php\/wp-json\/wp\/v2\/users\/3"}],"replies":[{"embeddable":true,"href":"https:\/\/luxurymagazine.cz\/index.php\/wp-json\/wp\/v2\/comments?post=1210"}],"version-history":[{"count":-4,"href":"https:\/\/luxurymagazine.cz\/index.php\/wp-json\/wp\/v2\/posts\/1210\/revisions"}],"wp:featuredmedia":[{"embeddable":true,"href":"https:\/\/luxurymagazine.cz\/index.php\/wp-json\/wp\/v2\/media\/1214"}],"wp:attachment":[{"href":"https:\/\/luxurymagazine.cz\/index.php\/wp-json\/wp\/v2\/media?parent=1210"}],"wp:term":[{"taxonomy":"category","embeddable":true,"href":"https:\/\/luxurymagazine.cz\/index.php\/wp-json\/wp\/v2\/categories?post=1210"},{"taxonomy":"post_tag","embeddable":true,"href":"https:\/\/luxurymagazine.cz\/index.php\/wp-json\/wp\/v2\/tags?post=1210"}],"curies":[{"name":"wp","href":"https:\/\/api.w.org\/{rel}","templated":true}]}}