{"id":1263,"date":"2021-05-20T00:50:14","date_gmt":"2021-05-19T22:50:14","guid":{"rendered":"https:\/\/luxurymagazine.cz\/?p=1263"},"modified":"2021-09-02T15:10:18","modified_gmt":"2021-09-02T13:10:18","slug":"oaks-prague-otevira-vzorovy-byt-a-prvni-obyvatele-privita-jiz-letos","status":"publish","type":"post","link":"https:\/\/luxurymagazine.cz\/index.php\/2021\/05\/20\/oaks-prague-otevira-vzorovy-byt-a-prvni-obyvatele-privita-jiz-letos\/","title":{"rendered":"Oaks Prague otev\u00edr\u00e1 vzorov\u00fd byt a prvn\u00ed obyvatele p\u0159iv\u00edt\u00e1 ji\u017e letos"},"content":{"rendered":"\n<p><strong>Oaks Prague, pr\u00e9miov\u00fd developersk\u00fd projekt v Neb\u0159enic\u00edch u\u00a0Prahy, p\u0159edstav\u00ed sv\u016fj vzorov\u00fd byt, kter\u00fd se nach\u00e1z\u00ed v\u00a0jednom z bytov\u00fdch dom\u016f od\u00a0ateli\u00e9ru Chapman Taylor Architects. Tyto domy, stejn\u011b jako bytov\u00e9 domy od studia JTP, u\u017e letos p\u0159iv\u00edtaj\u00ed sv\u00e9 prvn\u00ed obyvatele. Oaks Prague nab\u00edz\u00ed nejen modern\u00ed bydlen\u00ed, ale\u00a0i\u00a0volno\u010dasov\u00e9 aktivity podporuj\u00edc\u00ed work-life balance. Projekt, jeho\u017e sou\u010d\u00e1st\u00ed je\u00a0prvot\u0159\u00eddn\u00ed golfov\u00e9 h\u0159i\u0161t\u011b, je zasazen\u00fd do\u00a0st\u0159edo\u010desk\u00e9 krajiny a naplno vyu\u017e\u00edv\u00e1 bl\u00edzkosti p\u0159\u00edrody, sv\u00fdm obyvatel\u016fm nab\u00eddne i \u0161irokou \u0161k\u00e1lu slu\u017eeb.<\/strong><\/p>\n\n\n\n<figure class=\"wp-block-image size-large\"><img decoding=\"async\" loading=\"lazy\" width=\"1024\" height=\"773\" src=\"https:\/\/luxurymagazine.cz\/wp-content\/uploads\/2021\/05\/obyv_-5-1024x773.jpg\" alt=\"\" class=\"wp-image-1266\" srcset=\"https:\/\/luxurymagazine.cz\/wp-content\/uploads\/2021\/05\/obyv_-5-1024x773.jpg 1024w, https:\/\/luxurymagazine.cz\/wp-content\/uploads\/2021\/05\/obyv_-5-300x227.jpg 300w, https:\/\/luxurymagazine.cz\/wp-content\/uploads\/2021\/05\/obyv_-5-768x580.jpg 768w, https:\/\/luxurymagazine.cz\/wp-content\/uploads\/2021\/05\/obyv_-5.jpg 1200w\" sizes=\"(max-width: 1024px) 100vw, 1024px\" \/><\/figure>\n\n\n\n<p>Nov\u011b otev\u0159en\u00fd vzorov\u00fd byt je sou\u010d\u00e1st\u00ed prvn\u00ed reziden\u010dn\u00ed \u010d\u00e1sti Oaks Prague. Kolaudace n\u00edzkoenergetick\u00fdch bytov\u00fdch dom\u016f, navr\u017een\u00fdch v\u00fdznamn\u00fdmi architektonick\u00fdmi studii Chapman Taylor a&nbsp;lond\u00fdnsk\u00fdmi JTP Architects, je napl\u00e1novan\u00e1 na podzim 2021. Budouc\u00ed majitel\u00e9 si budou moci zvolit z&nbsp;v\u00edce jak 39 jedine\u010dn\u00fdch byt\u016f o velikosti studiov\u00fdch apartm\u00e1n\u016f a\u017e&nbsp;po&nbsp;duplexy o&nbsp;190 metrech \u010dtvere\u010dn\u00edch. Sou\u010d\u00e1st\u00ed budov jsou i&nbsp;komer\u010dn\u00ed prostory.<\/p>\n\n\n\n<figure class=\"wp-block-image\"><img decoding=\"async\" src=\"https:\/\/homemagazine.cz\/wp-content\/uploads\/2021\/05\/lozn_12-840x645.jpg\" alt=\"\" class=\"wp-image-2114\"\/><\/figure>\n\n\n\n<p>\u201e<em>Oaks Prague nab\u00edz\u00ed to nejlep\u0161\u00ed z&nbsp;obou sv\u011bt\u016f. M\u011bste\u010dko je zasazen\u00e9 v srdci st\u0159edo\u010desk\u00e9 krajiny, a p\u0159esto pouh\u00fdch 20 minut od Prahy. Na podob\u011b bytov\u00fdch dom\u016f jsme spolupracovali se sv\u011btov\u011b proslul\u00fdmi architekty. Vzdu\u0161n\u00fd a velkorys\u00fd prostor s&nbsp;nad\u010dasov\u00fdm designem dokonale zapad\u00e1 do celkov\u00e9 filozofie projektu, pro kter\u00fd je typick\u00fd aktivn\u00ed \u017eivotn\u00ed styl a propojen\u00ed s&nbsp;p\u0159\u00edrodou. Pr\u00e1v\u011b tuto atmosf\u00e9ru chceme prost\u0159ednictv\u00edm vzorov\u00e9ho bytu co nejv\u00edce p\u0159ibl\u00ed\u017eit,\u201c<\/em>&nbsp;<strong>\u0159\u00edk\u00e1 Kate\u0159ina Pol\u00e1kov\u00e1, Marketing &amp; Sales Director<\/strong>.<\/p>\n\n\n\n<h2 class=\"wp-block-heading\"><strong>Vzorov\u00fd byt inspirovan\u00fd p\u0159\u00edrodou<\/strong><\/h2>\n\n\n\n<p>Vzorov\u00fd byt o dispozici 3+KK s velkou terasou nab\u00edz\u00ed mimo jin\u00e9 smart home \u0159e\u0161en\u00ed. Design je d\u00edlem ateli\u00e9ru Kunc Architects.&nbsp;<em>\u201eP\u0159i navrhov\u00e1n\u00ed jsme se inspirovali p\u0159\u00edrodou a ladili interi\u00e9r do jemn\u00fdch,&nbsp;tepl\u00fdch t\u00f3n\u016f. Na\u0161\u00edm c\u00edlem bylo podtrhnout v\u00fdjime\u010dnost proslun\u011bn\u00e9ho a vzdu\u0161n\u00e9ho prostoru,\u201c&nbsp;<\/em><strong>\u0159\u00edk\u00e1 Michal Kunc z ateli\u00e9ru Kunc Architects<\/strong>.<\/p>\n\n\n\n<p>Bytov\u00e9 domy vznikaj\u00ed jako sou\u010d\u00e1st unik\u00e1tn\u00edho projektu rostouc\u00edho na plo\u0161e o 140 hektarech. Oaks Prague je ve st\u0159edn\u00ed Evrop\u011b v\u00fdjime\u010dn\u00fd svou velikost\u00ed, komplexnost\u00ed a kvalitou. Projekt vznik\u00e1 na n\u011bkolika \u00farovn\u00edch. Reziden\u010dn\u00ed \u010d\u00e1st bude po dokon\u010den\u00ed obsahovat p\u0159ibli\u017en\u011b 450 domov\u016f v&nbsp;podob\u011b atypick\u00fdch bytov\u00fdch dom\u016f a luxusn\u00edch vil.<\/p>\n\n\n\n<figure class=\"wp-block-image\"><img decoding=\"async\" src=\"https:\/\/homemagazine.cz\/wp-content\/uploads\/2021\/05\/detsky-pokoj_22-840x597.jpg\" alt=\"\" class=\"wp-image-2113\"\/><\/figure>\n\n\n\n<h2 class=\"wp-block-heading\"><strong>Z\u00e1zem\u00ed a slu\u017eby<\/strong><\/h2>\n\n\n\n<p>V\u0161ichni obyvatel\u00e9 budou m\u00edt od po\u010d\u00e1tku k&nbsp;dispozici z\u00e1zem\u00ed v&nbsp;podob\u011b poskytovan\u00fdch slu\u017eeb concierge, security a nov\u011b otev\u0159en\u00e9ho Deli Bistra. P\u0159\u00ed\u0161t\u00ed rok nav\u00edc zapo\u010dne v\u00fdstavba mate\u0159sk\u00e9 \u0161kolky pro 40 d\u011bt\u00ed. V dal\u0161\u00ed f\u00e1zi p\u0159ipravujeme spa, butikov\u00fd p\u011btihv\u011bzdi\u010dkov\u00fd hotel a dal\u0161\u00ed sportovi\u0161t\u011b.<\/p>\n\n\n\n<h2 class=\"wp-block-heading\"><strong>Golf<\/strong><\/h2>\n\n\n\n<p>Minul\u00fd rok v&nbsp;l\u00e9t\u011b bylo dokon\u010deno 18 jamkov\u00e9 golfov\u00e9 h\u0159i\u0161t\u011b s licenc\u00ed PGA National. Dominantou je klasicistn\u00ed z\u00e1me\u010dek, kter\u00fd byl v&nbsp;19. stolet\u00ed domovem rodiny von Sch\u00fcttelsberg. Budova je kulturn\u00ed pam\u00e1tkou a v&nbsp;sou\u010dasn\u00e9 dob\u011b prob\u00edh\u00e1 jeho citliv\u00e1 rozs\u00e1hl\u00e1 rekonstrukce.<\/p>\n\n\n\n<p>\u201e<em>Okoln\u00ed p\u0159\u00edroda je jeden z&nbsp;nejd\u016fle\u017eit\u011bj\u0161\u00edch aspekt\u016f projektu a obyvatel\u00e9 si ji budou moci u\u017e\u00edvat i d\u00edky upraven\u00fdm tras\u00e1m pro proch\u00e1zky, b\u011bh \u010di cyklistiku. Na\u0161e pozornost se up\u00edr\u00e1 na obnovu les\u016f, p\u00e9\u010di o rybn\u00edky a louky a nezapom\u00edn\u00e1me ani na sb\u011br de\u0161\u0165ov\u00e9 vody. Udr\u017eitelnost je rovn\u011b\u017e z\u00e1sadn\u00ed parametr od n\u00e1vrh\u016f a\u017e po samotnou v\u00fdstavbu v\u0161ech \u010d\u00e1st\u00ed projektu. Vyu\u017e\u00edv\u00e1me p\u0159\u00edrodn\u00ed materi\u00e1ly, jako je k\u00e1men nebo d\u0159evo i modern\u00ed technologie, kter\u00e9 zaru\u010duj\u00ed co mo\u017en\u00e1 nej\u0161etrn\u011bj\u0161\u00ed provoz. V\u0161echny budovy jsou n\u00edzkoenergetick\u00e9, vybaven\u00e9 tepeln\u00fdmi \u010derpadly i syst\u00e9my chytr\u00e9 dom\u00e1cnosti.,\u201c&nbsp;<\/em><strong>vyjmenovala Kate\u0159ina Pol\u00e1kov\u00e1<\/strong>.<\/p>\n\n\n\n<p>Za projektem Oaks Prague stoj\u00ed spole\u010dnost Arendon Development Company a.s., kter\u00e1 je sou\u010d\u00e1st\u00ed skupiny Decimus Real Estate.<\/p>\n\n\n\n<div style=\"height:20px\" aria-hidden=\"true\" class=\"wp-block-spacer\"><\/div>\n\n\n\n<figure class=\"wp-block-gallery columns-2 is-cropped wp-block-gallery-1 is-layout-flex wp-block-gallery-is-layout-flex\"><ul class=\"blocks-gallery-grid\"><li class=\"blocks-gallery-item\"><figure><img decoding=\"async\" loading=\"lazy\" width=\"1024\" height=\"773\" src=\"https:\/\/luxurymagazine.cz\/wp-content\/uploads\/2021\/05\/obyv_-5-1024x773.jpg\" alt=\"\" data-id=\"1266\" data-full-url=\"https:\/\/luxurymagazine.cz\/wp-content\/uploads\/2021\/05\/obyv_-5.jpg\" data-link=\"https:\/\/luxurymagazine.cz\/?attachment_id=1266\" class=\"wp-image-1266\" srcset=\"https:\/\/luxurymagazine.cz\/wp-content\/uploads\/2021\/05\/obyv_-5-1024x773.jpg 1024w, https:\/\/luxurymagazine.cz\/wp-content\/uploads\/2021\/05\/obyv_-5-300x227.jpg 300w, https:\/\/luxurymagazine.cz\/wp-content\/uploads\/2021\/05\/obyv_-5-768x580.jpg 768w, https:\/\/luxurymagazine.cz\/wp-content\/uploads\/2021\/05\/obyv_-5.jpg 1200w\" sizes=\"(max-width: 1024px) 100vw, 1024px\" \/><\/figure><\/li><li class=\"blocks-gallery-item\"><figure><img decoding=\"async\" loading=\"lazy\" width=\"1024\" height=\"787\" src=\"https:\/\/luxurymagazine.cz\/wp-content\/uploads\/2021\/05\/lozn_12-1024x787.jpg\" alt=\"\" data-id=\"1265\" data-full-url=\"https:\/\/luxurymagazine.cz\/wp-content\/uploads\/2021\/05\/lozn_12.jpg\" data-link=\"https:\/\/luxurymagazine.cz\/?attachment_id=1265\" class=\"wp-image-1265\" srcset=\"https:\/\/luxurymagazine.cz\/wp-content\/uploads\/2021\/05\/lozn_12-1024x787.jpg 1024w, https:\/\/luxurymagazine.cz\/wp-content\/uploads\/2021\/05\/lozn_12-300x231.jpg 300w, https:\/\/luxurymagazine.cz\/wp-content\/uploads\/2021\/05\/lozn_12-768x590.jpg 768w, https:\/\/luxurymagazine.cz\/wp-content\/uploads\/2021\/05\/lozn_12.jpg 1200w\" sizes=\"(max-width: 1024px) 100vw, 1024px\" \/><\/figure><\/li><li class=\"blocks-gallery-item\"><figure><img decoding=\"async\" loading=\"lazy\" width=\"1024\" height=\"728\" src=\"https:\/\/luxurymagazine.cz\/wp-content\/uploads\/2021\/05\/detsky-pokoj_22-1024x728.jpg\" alt=\"\" data-id=\"1264\" data-full-url=\"https:\/\/luxurymagazine.cz\/wp-content\/uploads\/2021\/05\/detsky-pokoj_22.jpg\" data-link=\"https:\/\/luxurymagazine.cz\/?attachment_id=1264\" class=\"wp-image-1264\" srcset=\"https:\/\/luxurymagazine.cz\/wp-content\/uploads\/2021\/05\/detsky-pokoj_22-1024x728.jpg 1024w, https:\/\/luxurymagazine.cz\/wp-content\/uploads\/2021\/05\/detsky-pokoj_22-300x213.jpg 300w, https:\/\/luxurymagazine.cz\/wp-content\/uploads\/2021\/05\/detsky-pokoj_22-768x546.jpg 768w, https:\/\/luxurymagazine.cz\/wp-content\/uploads\/2021\/05\/detsky-pokoj_22.jpg 1200w\" sizes=\"(max-width: 1024px) 100vw, 1024px\" \/><\/figure><\/li><\/ul><\/figure>\n\n\n\n<div style=\"height:20px\" aria-hidden=\"true\" class=\"wp-block-spacer\"><\/div>\n","protected":false},"excerpt":{"rendered":"<p>Oaks Prague, pr\u00e9miov\u00fd developersk\u00fd projekt v Neb\u0159enic\u00edch u\u00a0Prahy, p\u0159edstav\u00ed sv\u016fj vzorov\u00fd byt, kter\u00fd se nach\u00e1z\u00ed v\u00a0jednom z bytov\u00fdch dom\u016f od\u00a0ateli\u00e9ru Chapman Taylor Architects. Tyto domy, stejn\u011b jako bytov\u00e9 domy od studia JTP, u\u017e letos p\u0159iv\u00edtaj\u00ed sv\u00e9 prvn\u00ed obyvatele. Oaks Prague nab\u00edz\u00ed nejen modern\u00ed bydlen\u00ed, ale\u00a0i\u00a0volno\u010dasov\u00e9 aktivity podporuj\u00edc\u00ed work-life balance. Projekt, jeho\u017e sou\u010d\u00e1st\u00ed je\u00a0prvot\u0159\u00eddn\u00ed golfov\u00e9 h\u0159i\u0161t\u011b, [&hellip;]<\/p>\n","protected":false},"author":3,"featured_media":1266,"comment_status":"closed","ping_status":"closed","sticky":false,"template":"","format":"standard","meta":{"_mi_skip_tracking":false,"_monsterinsights_sitenote_active":false,"_monsterinsights_sitenote_note":"","_monsterinsights_sitenote_category":0,"footnotes":""},"categories":[5,2],"tags":[],"yoast_head":"<!-- This site is optimized with the Yoast SEO plugin v21.4 - https:\/\/yoast.com\/wordpress\/plugins\/seo\/ -->\n<title>Oaks Prague otev\u00edr\u00e1 vzorov\u00fd byt a prvn\u00ed obyvatele p\u0159iv\u00edt\u00e1 ji\u017e letos - LUXURYMAGAZINE.cz<\/title>\n<meta name=\"robots\" content=\"index, follow, max-snippet:-1, max-image-preview:large, max-video-preview:-1\" \/>\n<link rel=\"canonical\" href=\"https:\/\/luxurymagazine.cz\/index.php\/2021\/05\/20\/oaks-prague-otevira-vzorovy-byt-a-prvni-obyvatele-privita-jiz-letos\/\" \/>\n<meta property=\"og:locale\" content=\"cs_CZ\" \/>\n<meta property=\"og:type\" content=\"article\" \/>\n<meta property=\"og:title\" content=\"Oaks Prague otev\u00edr\u00e1 vzorov\u00fd byt a prvn\u00ed obyvatele p\u0159iv\u00edt\u00e1 ji\u017e letos - LUXURYMAGAZINE.cz\" \/>\n<meta property=\"og:description\" content=\"Oaks Prague, pr\u00e9miov\u00fd developersk\u00fd projekt v Neb\u0159enic\u00edch u\u00a0Prahy, p\u0159edstav\u00ed sv\u016fj vzorov\u00fd byt, kter\u00fd se nach\u00e1z\u00ed v\u00a0jednom z bytov\u00fdch dom\u016f od\u00a0ateli\u00e9ru Chapman Taylor Architects. Tyto domy, stejn\u011b jako bytov\u00e9 domy od studia JTP, u\u017e letos p\u0159iv\u00edtaj\u00ed sv\u00e9 prvn\u00ed obyvatele. Oaks Prague nab\u00edz\u00ed nejen modern\u00ed bydlen\u00ed, ale\u00a0i\u00a0volno\u010dasov\u00e9 aktivity podporuj\u00edc\u00ed work-life balance. Projekt, jeho\u017e sou\u010d\u00e1st\u00ed je\u00a0prvot\u0159\u00eddn\u00ed golfov\u00e9 h\u0159i\u0161t\u011b, [&hellip;]\" \/>\n<meta property=\"og:url\" content=\"https:\/\/luxurymagazine.cz\/index.php\/2021\/05\/20\/oaks-prague-otevira-vzorovy-byt-a-prvni-obyvatele-privita-jiz-letos\/\" \/>\n<meta property=\"og:site_name\" content=\"LUXURYMAGAZINE.cz\" \/>\n<meta property=\"article:published_time\" content=\"2021-05-19T22:50:14+00:00\" \/>\n<meta property=\"article:modified_time\" content=\"2021-09-02T13:10:18+00:00\" \/>\n<meta property=\"og:image\" content=\"https:\/\/luxurymagazine.cz\/wp-content\/uploads\/2021\/05\/obyv_-5.jpg\" \/>\n\t<meta property=\"og:image:width\" content=\"1200\" \/>\n\t<meta property=\"og:image:height\" content=\"906\" \/>\n\t<meta property=\"og:image:type\" content=\"image\/jpeg\" \/>\n<meta name=\"author\" content=\"Miroslav Van\u011bk\" \/>\n<meta name=\"twitter:card\" content=\"summary_large_image\" \/>\n<meta name=\"twitter:label1\" content=\"Napsal(a)\" \/>\n\t<meta name=\"twitter:data1\" content=\"Miroslav Van\u011bk\" \/>\n\t<meta name=\"twitter:label2\" content=\"Odhadovan\u00e1 doba \u010dten\u00ed\" \/>\n\t<meta name=\"twitter:data2\" content=\"4 minuty\" \/>\n<script type=\"application\/ld+json\" class=\"yoast-schema-graph\">{\"@context\":\"https:\/\/schema.org\",\"@graph\":[{\"@type\":\"Article\",\"@id\":\"https:\/\/luxurymagazine.cz\/index.php\/2021\/05\/20\/oaks-prague-otevira-vzorovy-byt-a-prvni-obyvatele-privita-jiz-letos\/#article\",\"isPartOf\":{\"@id\":\"https:\/\/luxurymagazine.cz\/index.php\/2021\/05\/20\/oaks-prague-otevira-vzorovy-byt-a-prvni-obyvatele-privita-jiz-letos\/\"},\"author\":{\"name\":\"Miroslav Van\u011bk\",\"@id\":\"https:\/\/luxurymagazine.cz\/#\/schema\/person\/44a069a3b1eab523585f7325b6e54254\"},\"headline\":\"Oaks Prague otev\u00edr\u00e1 vzorov\u00fd byt a prvn\u00ed obyvatele p\u0159iv\u00edt\u00e1 ji\u017e letos\",\"datePublished\":\"2021-05-19T22:50:14+00:00\",\"dateModified\":\"2021-09-02T13:10:18+00:00\",\"mainEntityOfPage\":{\"@id\":\"https:\/\/luxurymagazine.cz\/index.php\/2021\/05\/20\/oaks-prague-otevira-vzorovy-byt-a-prvni-obyvatele-privita-jiz-letos\/\"},\"wordCount\":716,\"publisher\":{\"@id\":\"https:\/\/luxurymagazine.cz\/#organization\"},\"articleSection\":[\"BYDLEN\u00cd &amp; DESIGN\",\"NEWS\"],\"inLanguage\":\"cs\"},{\"@type\":\"WebPage\",\"@id\":\"https:\/\/luxurymagazine.cz\/index.php\/2021\/05\/20\/oaks-prague-otevira-vzorovy-byt-a-prvni-obyvatele-privita-jiz-letos\/\",\"url\":\"https:\/\/luxurymagazine.cz\/index.php\/2021\/05\/20\/oaks-prague-otevira-vzorovy-byt-a-prvni-obyvatele-privita-jiz-letos\/\",\"name\":\"Oaks Prague otev\u00edr\u00e1 vzorov\u00fd byt a prvn\u00ed obyvatele p\u0159iv\u00edt\u00e1 ji\u017e letos - LUXURYMAGAZINE.cz\",\"isPartOf\":{\"@id\":\"https:\/\/luxurymagazine.cz\/#website\"},\"datePublished\":\"2021-05-19T22:50:14+00:00\",\"dateModified\":\"2021-09-02T13:10:18+00:00\",\"breadcrumb\":{\"@id\":\"https:\/\/luxurymagazine.cz\/index.php\/2021\/05\/20\/oaks-prague-otevira-vzorovy-byt-a-prvni-obyvatele-privita-jiz-letos\/#breadcrumb\"},\"inLanguage\":\"cs\",\"potentialAction\":[{\"@type\":\"ReadAction\",\"target\":[\"https:\/\/luxurymagazine.cz\/index.php\/2021\/05\/20\/oaks-prague-otevira-vzorovy-byt-a-prvni-obyvatele-privita-jiz-letos\/\"]}]},{\"@type\":\"BreadcrumbList\",\"@id\":\"https:\/\/luxurymagazine.cz\/index.php\/2021\/05\/20\/oaks-prague-otevira-vzorovy-byt-a-prvni-obyvatele-privita-jiz-letos\/#breadcrumb\",\"itemListElement\":[{\"@type\":\"ListItem\",\"position\":1,\"name\":\"Dom\u016f\",\"item\":\"https:\/\/luxurymagazine.cz\/\"},{\"@type\":\"ListItem\",\"position\":2,\"name\":\"Oaks Prague otev\u00edr\u00e1 vzorov\u00fd byt a prvn\u00ed obyvatele p\u0159iv\u00edt\u00e1 ji\u017e letos\"}]},{\"@type\":\"WebSite\",\"@id\":\"https:\/\/luxurymagazine.cz\/#website\",\"url\":\"https:\/\/luxurymagazine.cz\/\",\"name\":\"LUXURYMAGAZINE.cz\",\"description\":\"Port\u00e1l v\u00fdhradn\u011b o luxusu...\",\"publisher\":{\"@id\":\"https:\/\/luxurymagazine.cz\/#organization\"},\"potentialAction\":[{\"@type\":\"SearchAction\",\"target\":{\"@type\":\"EntryPoint\",\"urlTemplate\":\"https:\/\/luxurymagazine.cz\/?s={search_term_string}\"},\"query-input\":\"required name=search_term_string\"}],\"inLanguage\":\"cs\"},{\"@type\":\"Organization\",\"@id\":\"https:\/\/luxurymagazine.cz\/#organization\",\"name\":\"LUXURYMAGAZINE.cz\",\"url\":\"https:\/\/luxurymagazine.cz\/\",\"logo\":{\"@type\":\"ImageObject\",\"inLanguage\":\"cs\",\"@id\":\"https:\/\/luxurymagazine.cz\/#\/schema\/logo\/image\/\",\"url\":\"https:\/\/luxurymagazine.cz\/wp-content\/uploads\/2024\/12\/cropped-Logo_LuxuryMagazine-1.jpg\",\"contentUrl\":\"https:\/\/luxurymagazine.cz\/wp-content\/uploads\/2024\/12\/cropped-Logo_LuxuryMagazine-1.jpg\",\"width\":934,\"height\":509,\"caption\":\"LUXURYMAGAZINE.cz\"},\"image\":{\"@id\":\"https:\/\/luxurymagazine.cz\/#\/schema\/logo\/image\/\"}},{\"@type\":\"Person\",\"@id\":\"https:\/\/luxurymagazine.cz\/#\/schema\/person\/44a069a3b1eab523585f7325b6e54254\",\"name\":\"Miroslav Van\u011bk\",\"image\":{\"@type\":\"ImageObject\",\"inLanguage\":\"cs\",\"@id\":\"https:\/\/luxurymagazine.cz\/#\/schema\/person\/image\/\",\"url\":\"https:\/\/secure.gravatar.com\/avatar\/cc93dbecbfc820d69a964ea4a1c72377?s=96&d=mm&r=g\",\"contentUrl\":\"https:\/\/secure.gravatar.com\/avatar\/cc93dbecbfc820d69a964ea4a1c72377?s=96&d=mm&r=g\",\"caption\":\"Miroslav Van\u011bk\"},\"sameAs\":[\"http:\/\/LUXURYMAGAZINE.cz\"],\"url\":\"https:\/\/luxurymagazine.cz\/index.php\/author\/mirvan\/\"}]}<\/script>\n<!-- \/ Yoast SEO plugin. -->","yoast_head_json":{"title":"Oaks Prague otev\u00edr\u00e1 vzorov\u00fd byt a prvn\u00ed obyvatele p\u0159iv\u00edt\u00e1 ji\u017e letos - LUXURYMAGAZINE.cz","robots":{"index":"index","follow":"follow","max-snippet":"max-snippet:-1","max-image-preview":"max-image-preview:large","max-video-preview":"max-video-preview:-1"},"canonical":"https:\/\/luxurymagazine.cz\/index.php\/2021\/05\/20\/oaks-prague-otevira-vzorovy-byt-a-prvni-obyvatele-privita-jiz-letos\/","og_locale":"cs_CZ","og_type":"article","og_title":"Oaks Prague otev\u00edr\u00e1 vzorov\u00fd byt a prvn\u00ed obyvatele p\u0159iv\u00edt\u00e1 ji\u017e letos - LUXURYMAGAZINE.cz","og_description":"Oaks Prague, pr\u00e9miov\u00fd developersk\u00fd projekt v Neb\u0159enic\u00edch u\u00a0Prahy, p\u0159edstav\u00ed sv\u016fj vzorov\u00fd byt, kter\u00fd se nach\u00e1z\u00ed v\u00a0jednom z bytov\u00fdch dom\u016f od\u00a0ateli\u00e9ru Chapman Taylor Architects. Tyto domy, stejn\u011b jako bytov\u00e9 domy od studia JTP, u\u017e letos p\u0159iv\u00edtaj\u00ed sv\u00e9 prvn\u00ed obyvatele. Oaks Prague nab\u00edz\u00ed nejen modern\u00ed bydlen\u00ed, ale\u00a0i\u00a0volno\u010dasov\u00e9 aktivity podporuj\u00edc\u00ed work-life balance. Projekt, jeho\u017e sou\u010d\u00e1st\u00ed je\u00a0prvot\u0159\u00eddn\u00ed golfov\u00e9 h\u0159i\u0161t\u011b, [&hellip;]","og_url":"https:\/\/luxurymagazine.cz\/index.php\/2021\/05\/20\/oaks-prague-otevira-vzorovy-byt-a-prvni-obyvatele-privita-jiz-letos\/","og_site_name":"LUXURYMAGAZINE.cz","article_published_time":"2021-05-19T22:50:14+00:00","article_modified_time":"2021-09-02T13:10:18+00:00","og_image":[{"width":1200,"height":906,"url":"https:\/\/luxurymagazine.cz\/wp-content\/uploads\/2021\/05\/obyv_-5.jpg","type":"image\/jpeg"}],"author":"Miroslav Van\u011bk","twitter_card":"summary_large_image","twitter_misc":{"Napsal(a)":"Miroslav Van\u011bk","Odhadovan\u00e1 doba \u010dten\u00ed":"4 minuty"},"schema":{"@context":"https:\/\/schema.org","@graph":[{"@type":"Article","@id":"https:\/\/luxurymagazine.cz\/index.php\/2021\/05\/20\/oaks-prague-otevira-vzorovy-byt-a-prvni-obyvatele-privita-jiz-letos\/#article","isPartOf":{"@id":"https:\/\/luxurymagazine.cz\/index.php\/2021\/05\/20\/oaks-prague-otevira-vzorovy-byt-a-prvni-obyvatele-privita-jiz-letos\/"},"author":{"name":"Miroslav Van\u011bk","@id":"https:\/\/luxurymagazine.cz\/#\/schema\/person\/44a069a3b1eab523585f7325b6e54254"},"headline":"Oaks Prague otev\u00edr\u00e1 vzorov\u00fd byt a prvn\u00ed obyvatele p\u0159iv\u00edt\u00e1 ji\u017e letos","datePublished":"2021-05-19T22:50:14+00:00","dateModified":"2021-09-02T13:10:18+00:00","mainEntityOfPage":{"@id":"https:\/\/luxurymagazine.cz\/index.php\/2021\/05\/20\/oaks-prague-otevira-vzorovy-byt-a-prvni-obyvatele-privita-jiz-letos\/"},"wordCount":716,"publisher":{"@id":"https:\/\/luxurymagazine.cz\/#organization"},"articleSection":["BYDLEN\u00cd &amp; DESIGN","NEWS"],"inLanguage":"cs"},{"@type":"WebPage","@id":"https:\/\/luxurymagazine.cz\/index.php\/2021\/05\/20\/oaks-prague-otevira-vzorovy-byt-a-prvni-obyvatele-privita-jiz-letos\/","url":"https:\/\/luxurymagazine.cz\/index.php\/2021\/05\/20\/oaks-prague-otevira-vzorovy-byt-a-prvni-obyvatele-privita-jiz-letos\/","name":"Oaks Prague otev\u00edr\u00e1 vzorov\u00fd byt a prvn\u00ed obyvatele p\u0159iv\u00edt\u00e1 ji\u017e letos - LUXURYMAGAZINE.cz","isPartOf":{"@id":"https:\/\/luxurymagazine.cz\/#website"},"datePublished":"2021-05-19T22:50:14+00:00","dateModified":"2021-09-02T13:10:18+00:00","breadcrumb":{"@id":"https:\/\/luxurymagazine.cz\/index.php\/2021\/05\/20\/oaks-prague-otevira-vzorovy-byt-a-prvni-obyvatele-privita-jiz-letos\/#breadcrumb"},"inLanguage":"cs","potentialAction":[{"@type":"ReadAction","target":["https:\/\/luxurymagazine.cz\/index.php\/2021\/05\/20\/oaks-prague-otevira-vzorovy-byt-a-prvni-obyvatele-privita-jiz-letos\/"]}]},{"@type":"BreadcrumbList","@id":"https:\/\/luxurymagazine.cz\/index.php\/2021\/05\/20\/oaks-prague-otevira-vzorovy-byt-a-prvni-obyvatele-privita-jiz-letos\/#breadcrumb","itemListElement":[{"@type":"ListItem","position":1,"name":"Dom\u016f","item":"https:\/\/luxurymagazine.cz\/"},{"@type":"ListItem","position":2,"name":"Oaks Prague otev\u00edr\u00e1 vzorov\u00fd byt a prvn\u00ed obyvatele p\u0159iv\u00edt\u00e1 ji\u017e letos"}]},{"@type":"WebSite","@id":"https:\/\/luxurymagazine.cz\/#website","url":"https:\/\/luxurymagazine.cz\/","name":"LUXURYMAGAZINE.cz","description":"Port\u00e1l v\u00fdhradn\u011b o luxusu...","publisher":{"@id":"https:\/\/luxurymagazine.cz\/#organization"},"potentialAction":[{"@type":"SearchAction","target":{"@type":"EntryPoint","urlTemplate":"https:\/\/luxurymagazine.cz\/?s={search_term_string}"},"query-input":"required name=search_term_string"}],"inLanguage":"cs"},{"@type":"Organization","@id":"https:\/\/luxurymagazine.cz\/#organization","name":"LUXURYMAGAZINE.cz","url":"https:\/\/luxurymagazine.cz\/","logo":{"@type":"ImageObject","inLanguage":"cs","@id":"https:\/\/luxurymagazine.cz\/#\/schema\/logo\/image\/","url":"https:\/\/luxurymagazine.cz\/wp-content\/uploads\/2024\/12\/cropped-Logo_LuxuryMagazine-1.jpg","contentUrl":"https:\/\/luxurymagazine.cz\/wp-content\/uploads\/2024\/12\/cropped-Logo_LuxuryMagazine-1.jpg","width":934,"height":509,"caption":"LUXURYMAGAZINE.cz"},"image":{"@id":"https:\/\/luxurymagazine.cz\/#\/schema\/logo\/image\/"}},{"@type":"Person","@id":"https:\/\/luxurymagazine.cz\/#\/schema\/person\/44a069a3b1eab523585f7325b6e54254","name":"Miroslav Van\u011bk","image":{"@type":"ImageObject","inLanguage":"cs","@id":"https:\/\/luxurymagazine.cz\/#\/schema\/person\/image\/","url":"https:\/\/secure.gravatar.com\/avatar\/cc93dbecbfc820d69a964ea4a1c72377?s=96&d=mm&r=g","contentUrl":"https:\/\/secure.gravatar.com\/avatar\/cc93dbecbfc820d69a964ea4a1c72377?s=96&d=mm&r=g","caption":"Miroslav Van\u011bk"},"sameAs":["http:\/\/LUXURYMAGAZINE.cz"],"url":"https:\/\/luxurymagazine.cz\/index.php\/author\/mirvan\/"}]}},"_links":{"self":[{"href":"https:\/\/luxurymagazine.cz\/index.php\/wp-json\/wp\/v2\/posts\/1263"}],"collection":[{"href":"https:\/\/luxurymagazine.cz\/index.php\/wp-json\/wp\/v2\/posts"}],"about":[{"href":"https:\/\/luxurymagazine.cz\/index.php\/wp-json\/wp\/v2\/types\/post"}],"author":[{"embeddable":true,"href":"https:\/\/luxurymagazine.cz\/index.php\/wp-json\/wp\/v2\/users\/3"}],"replies":[{"embeddable":true,"href":"https:\/\/luxurymagazine.cz\/index.php\/wp-json\/wp\/v2\/comments?post=1263"}],"version-history":[{"count":-4,"href":"https:\/\/luxurymagazine.cz\/index.php\/wp-json\/wp\/v2\/posts\/1263\/revisions"}],"wp:featuredmedia":[{"embeddable":true,"href":"https:\/\/luxurymagazine.cz\/index.php\/wp-json\/wp\/v2\/media\/1266"}],"wp:attachment":[{"href":"https:\/\/luxurymagazine.cz\/index.php\/wp-json\/wp\/v2\/media?parent=1263"}],"wp:term":[{"taxonomy":"category","embeddable":true,"href":"https:\/\/luxurymagazine.cz\/index.php\/wp-json\/wp\/v2\/categories?post=1263"},{"taxonomy":"post_tag","embeddable":true,"href":"https:\/\/luxurymagazine.cz\/index.php\/wp-json\/wp\/v2\/tags?post=1263"}],"curies":[{"name":"wp","href":"https:\/\/api.w.org\/{rel}","templated":true}]}}