{"id":1327,"date":"2021-05-25T02:42:00","date_gmt":"2021-05-25T00:42:00","guid":{"rendered":"https:\/\/luxurymagazine.cz\/?p=1327"},"modified":"2021-09-09T02:41:49","modified_gmt":"2021-09-09T00:41:49","slug":"regiojet-a-respilon-zahajily-spolupraci","status":"publish","type":"post","link":"https:\/\/luxurymagazine.cz\/index.php\/2021\/05\/25\/regiojet-a-respilon-zahajily-spolupraci\/","title":{"rendered":"RegioJet a Respilon zah\u00e1jily spolupr\u00e1ci"},"content":{"rendered":"\n<p><strong>Dv\u011b p\u0159edn\u00ed \u010desk\u00e9 firmy \u2013 vlakov\u00fd dopravce RegioJet a v\u00fdrobce ochrann\u00fdch pom\u016fcek a respir\u00e1tor\u016f \u2013 spole\u010dnost Respilon &#8211; zah\u00e1jily spolupr\u00e1ci s\u00a0c\u00edlem d\u00e1le p\u0159ed letn\u00ed sez\u00f3nou pos\u00edlit bezpe\u010dn\u00e9 cestov\u00e1n\u00ed vlaky RegioJet.<\/strong><\/p>\n\n\n\n<figure class=\"wp-block-image size-large\"><img decoding=\"async\" loading=\"lazy\" width=\"1024\" height=\"768\" src=\"https:\/\/luxurymagazine.cz\/wp-content\/uploads\/2021\/05\/RJ-Wien-hbf-1024x768.jpg\" alt=\"\" class=\"wp-image-1328\" srcset=\"https:\/\/luxurymagazine.cz\/wp-content\/uploads\/2021\/05\/RJ-Wien-hbf-1024x768.jpg 1024w, https:\/\/luxurymagazine.cz\/wp-content\/uploads\/2021\/05\/RJ-Wien-hbf-300x225.jpg 300w, https:\/\/luxurymagazine.cz\/wp-content\/uploads\/2021\/05\/RJ-Wien-hbf-768x576.jpg 768w, https:\/\/luxurymagazine.cz\/wp-content\/uploads\/2021\/05\/RJ-Wien-hbf.jpg 1250w\" sizes=\"(max-width: 1024px) 100vw, 1024px\" \/><\/figure>\n\n\n\n<p>\u201e<em>Ka\u017ed\u00fd t\u00fdden n\u00e1m p\u0159ib\u00fdv\u00e1 v\u00edce ne\u017e 20 % nov\u00fdch cestuj\u00edc\u00edch. Vracej\u00ed se d\u011bti do \u0161kol, roste z\u00e1jem o volno\u010dasov\u00e9 cestov\u00e1n\u00ed na v\u00fdlety. P\u0159edpokl\u00e1d\u00e1me, \u017ee u\u017e v&nbsp;\u010dervnu se bude po\u010det cestuj\u00edc\u00edch v&nbsp;na\u0161ich spoj\u00edch pohybovat na \u00farovni 80 % p\u0159edcovidov\u00e9ho stavu,\u201c<\/em>&nbsp;\u0159\u00edk\u00e1 Ivana Sachsov\u00e1, \u0159editelka vlakov\u00e9 a autobusov\u00e9 dopravy RegioJet a dod\u00e1v\u00e1 \u201e<em>Bezpe\u010dn\u00e9 a pohodln\u00e9 cestov\u00e1n\u00ed a maxim\u00e1ln\u00ed bezpe\u010dnost pr\u00e1ce na\u0161ich zam\u011bstnanc\u016f z\u016fst\u00e1v\u00e1 spolu s&nbsp;n\u00e1r\u016fstem po\u010dtu cestuj\u00edc\u00edch na\u0161\u00ed prioritou. Proto jsme si jako dodavatele respir\u00e1tor\u016f vybrali spole\u010dnost Respilon\u201c.<\/em><\/p>\n\n\n\n<figure class=\"wp-block-image\"><img decoding=\"async\" src=\"https:\/\/www.menhouse.cz\/tmp\/17978_0_800_1621987877.jpg\" alt=\"\"\/><\/figure>\n\n\n\n<p>\u0160pi\u010dkov\u00fdmi samosteriliza\u010dn\u00edmi respir\u00e1tory s&nbsp;membr\u00e1nou z&nbsp;nanovl\u00e1ken, kter\u00e1 zachyt\u00ed a\u017e 99,9 % vir\u016f a zni\u010d\u00ed je, jsou vybaveni v\u0161ichni \u010dlenov\u00e9 palubn\u00edho person\u00e1lu vlak\u016f RegioJet.<\/p>\n\n\n\n<p>\u201e<em>P\u0159i obsluze z\u00e1kazn\u00edka tak maxim\u00e1ln\u011b chr\u00e1n\u00ed jak cestuj\u00edc\u00ed, tak sebe. Nav\u00edc respir\u00e1tor Respilon se l\u00e9pe p\u0159izp\u016fsob\u00ed tvaru obli\u010deje, je leh\u010d\u00ed a l\u00e9pe se p\u0159es n\u011bj d\u00fdch\u00e1 i hovo\u0159\u00ed, co\u017e je nap\u0159\u00edklad s&nbsp;ohledem na n\u00e1ro\u010dnou \u2013 n\u011bkolik hodin trvaj\u00edc\u00ed pr\u00e1ci stevard\u016f \u2013 v\u00fdrazn\u00e1 p\u0159ednost. Z\u00e1rove\u0148 d\u00edky samosteriliza\u010dn\u00ed funkci jej nen\u00ed t\u0159eba nijak \u010distit. Je mo\u017en\u00e9 jej nosit opakovan\u011b a\u017e 1 t\u00fdden,\u201c<\/em>&nbsp;\u0159\u00edk\u00e1 Jana Zimov\u00e1, v\u00fdkonn\u00e1 \u0159editelka spole\u010dnosti Respilon.<\/p>\n\n\n\n<h3 class=\"wp-block-heading\"><strong>Exkluzivn\u00ed nab\u00eddka respir\u00e1tor\u016f Respilon pro cestuj\u00edc\u00ed vlak\u016f RegioJet<\/strong><\/h3>\n\n\n\n<p>Respir\u00e1tory Respilon si v&nbsp;r\u00e1mci exkluzivn\u00ed nab\u00eddky \u2013 o 13 % levn\u011bji oproti b\u011b\u017en\u00e9 cen\u011b na trhu &#8211; mohou zakoupit tak\u00e9 cestuj\u00edc\u00ed vlak\u016f RegioJet. N\u00e1kup respir\u00e1tor\u016f je mo\u017en\u00fd online nebo u stevard\u016f b\u011bhem cesty vlakem \u2013 tedy osobn\u011b nebo p\u0159es j\u00edzdenkovou aplikaci RegioJet. Sta\u010d\u00ed si jen vybrat velikost a po\u010det kus\u016f. Sleva ve v\u00fd\u0161i 13 % je ji\u017e zapo\u010d\u00edt\u00e1na v cen\u011b.<\/p>\n\n\n\n<h3 class=\"wp-block-heading\"><strong>Rakousko rozvol\u0148uje cestov\u00e1n\u00ed, vlaky RegioJet jezd\u00ed 4x denn\u011b v&nbsp;ka\u017ed\u00e9m sm\u011bru<\/strong><\/h3>\n\n\n\n<p>Od dne\u0161n\u00edho dne, st\u0159edy 19. kv\u011btna, Rakousko v\u00fdrazn\u011b zjednodu\u0161uje podm\u00ednky pro cestov\u00e1n\u00ed. Cestuj\u00edc\u00edm sta\u010d\u00ed p\u0159edlo\u017eit bu\u010f negativn\u00ed antigenn\u00ed test nebo potvrzen\u00ed o prvn\u00ed d\u00e1vce o\u010dkov\u00e1n\u00ed (21 dn\u016f po obdr\u017een\u00ed prvn\u00ed d\u00e1vky) nebo potvrzen\u00ed o prod\u011bl\u00e1n\u00ed nemoci Covid 19 b\u011bhem posledn\u00edch 6 m\u011bs\u00edc\u016f. Turist\u00e9 a cestuj\u00edc\u00ed z&nbsp;\u010cR nejdou ji\u017e do karant\u00e9ny.<\/p>\n\n\n\n<p>RegioJet m\u00e1 v\u00a0provozu pln\u00fd rozsah 4 vlakov\u00fdch spoj\u016f na trase Praha \u2013 Brno \u2013 V\u00edde\u0148 v\u00a0ka\u017ed\u00e9m sm\u011bru, j\u00edzdenky jsou ji\u017e v\u00a0prodeji tak\u00e9 na cel\u00e9 l\u00e9to. Od 13. 6. pak op\u011bt vyjedou vlaky RegioJet na celou trasu Praha \u2013 Brno \u2013 V\u00edde\u0148 \u2013 Budape\u0161\u0165. Od \u010dervna a \u010dervence RegioJet pl\u00e1nuje tak\u00e9 spustit naplno provoz autobusov\u00fdch spoj\u016f na link\u00e1ch Praha \u2013 Brno \u2013 V\u00edde\u0148 \u2013 V\u00edde\u0148 leti\u0161t\u011b, Bratislava \u2013 V\u00edde\u0148 a V\u00edde\u0148 \u2013 Budape\u0161\u0165. Rozsah spojen\u00ed se bude vracet na p\u0159edcovidovou \u00farove\u0148.<\/p>\n\n\n\n<div style=\"height:100px\" aria-hidden=\"true\" class=\"wp-block-spacer\"><\/div>\n","protected":false},"excerpt":{"rendered":"<p>Dv\u011b p\u0159edn\u00ed \u010desk\u00e9 firmy \u2013 vlakov\u00fd dopravce RegioJet a v\u00fdrobce ochrann\u00fdch pom\u016fcek a respir\u00e1tor\u016f \u2013 spole\u010dnost Respilon &#8211; zah\u00e1jily spolupr\u00e1ci s\u00a0c\u00edlem d\u00e1le p\u0159ed letn\u00ed sez\u00f3nou pos\u00edlit bezpe\u010dn\u00e9 cestov\u00e1n\u00ed vlaky RegioJet. \u201eKa\u017ed\u00fd t\u00fdden n\u00e1m p\u0159ib\u00fdv\u00e1 v\u00edce ne\u017e 20 % nov\u00fdch cestuj\u00edc\u00edch. Vracej\u00ed se d\u011bti do \u0161kol, roste z\u00e1jem o volno\u010dasov\u00e9 cestov\u00e1n\u00ed na v\u00fdlety. P\u0159edpokl\u00e1d\u00e1me, \u017ee u\u017e [&hellip;]<\/p>\n","protected":false},"author":1,"featured_media":1328,"comment_status":"closed","ping_status":"closed","sticky":false,"template":"","format":"standard","meta":{"_mi_skip_tracking":false,"_monsterinsights_sitenote_active":false,"_monsterinsights_sitenote_note":"","_monsterinsights_sitenote_category":0,"footnotes":""},"categories":[15,6,2],"tags":[],"yoast_head":"<!-- This site is optimized with the Yoast SEO plugin v21.4 - https:\/\/yoast.com\/wordpress\/plugins\/seo\/ -->\n<title>RegioJet a Respilon zah\u00e1jily spolupr\u00e1ci - LUXURYMAGAZINE.cz<\/title>\n<meta name=\"robots\" content=\"index, follow, max-snippet:-1, max-image-preview:large, max-video-preview:-1\" \/>\n<link rel=\"canonical\" href=\"https:\/\/luxurymagazine.cz\/index.php\/2021\/05\/25\/regiojet-a-respilon-zahajily-spolupraci\/\" \/>\n<meta property=\"og:locale\" content=\"cs_CZ\" \/>\n<meta property=\"og:type\" content=\"article\" \/>\n<meta property=\"og:title\" content=\"RegioJet a Respilon zah\u00e1jily spolupr\u00e1ci - LUXURYMAGAZINE.cz\" \/>\n<meta property=\"og:description\" content=\"Dv\u011b p\u0159edn\u00ed \u010desk\u00e9 firmy \u2013 vlakov\u00fd dopravce RegioJet a v\u00fdrobce ochrann\u00fdch pom\u016fcek a respir\u00e1tor\u016f \u2013 spole\u010dnost Respilon &#8211; zah\u00e1jily spolupr\u00e1ci s\u00a0c\u00edlem d\u00e1le p\u0159ed letn\u00ed sez\u00f3nou pos\u00edlit bezpe\u010dn\u00e9 cestov\u00e1n\u00ed vlaky RegioJet. \u201eKa\u017ed\u00fd t\u00fdden n\u00e1m p\u0159ib\u00fdv\u00e1 v\u00edce ne\u017e 20 % nov\u00fdch cestuj\u00edc\u00edch. Vracej\u00ed se d\u011bti do \u0161kol, roste z\u00e1jem o volno\u010dasov\u00e9 cestov\u00e1n\u00ed na v\u00fdlety. P\u0159edpokl\u00e1d\u00e1me, \u017ee u\u017e [&hellip;]\" \/>\n<meta property=\"og:url\" content=\"https:\/\/luxurymagazine.cz\/index.php\/2021\/05\/25\/regiojet-a-respilon-zahajily-spolupraci\/\" \/>\n<meta property=\"og:site_name\" content=\"LUXURYMAGAZINE.cz\" \/>\n<meta property=\"article:published_time\" content=\"2021-05-25T00:42:00+00:00\" \/>\n<meta property=\"article:modified_time\" content=\"2021-09-09T00:41:49+00:00\" \/>\n<meta property=\"og:image\" content=\"https:\/\/luxurymagazine.cz\/wp-content\/uploads\/2021\/05\/RJ-Wien-hbf.jpg\" \/>\n\t<meta property=\"og:image:width\" content=\"1250\" \/>\n\t<meta property=\"og:image:height\" content=\"938\" \/>\n\t<meta property=\"og:image:type\" content=\"image\/jpeg\" \/>\n<meta name=\"author\" content=\"Mikol\u00e1\u0161ek (\u0161\u00e9fredaktor HMG)\" \/>\n<meta name=\"twitter:card\" content=\"summary_large_image\" \/>\n<meta name=\"twitter:label1\" content=\"Napsal(a)\" \/>\n\t<meta name=\"twitter:data1\" content=\"Mikol\u00e1\u0161ek (\u0161\u00e9fredaktor HMG)\" \/>\n\t<meta name=\"twitter:label2\" content=\"Odhadovan\u00e1 doba \u010dten\u00ed\" \/>\n\t<meta name=\"twitter:data2\" content=\"3 minuty\" \/>\n<script type=\"application\/ld+json\" class=\"yoast-schema-graph\">{\"@context\":\"https:\/\/schema.org\",\"@graph\":[{\"@type\":\"Article\",\"@id\":\"https:\/\/luxurymagazine.cz\/index.php\/2021\/05\/25\/regiojet-a-respilon-zahajily-spolupraci\/#article\",\"isPartOf\":{\"@id\":\"https:\/\/luxurymagazine.cz\/index.php\/2021\/05\/25\/regiojet-a-respilon-zahajily-spolupraci\/\"},\"author\":{\"name\":\"Mikol\u00e1\u0161ek (\u0161\u00e9fredaktor HMG)\",\"@id\":\"https:\/\/luxurymagazine.cz\/#\/schema\/person\/900281a2a290470de69f4ca1ff899a92\"},\"headline\":\"RegioJet a Respilon zah\u00e1jily spolupr\u00e1ci\",\"datePublished\":\"2021-05-25T00:42:00+00:00\",\"dateModified\":\"2021-09-09T00:41:49+00:00\",\"mainEntityOfPage\":{\"@id\":\"https:\/\/luxurymagazine.cz\/index.php\/2021\/05\/25\/regiojet-a-respilon-zahajily-spolupraci\/\"},\"wordCount\":565,\"publisher\":{\"@id\":\"https:\/\/luxurymagazine.cz\/#organization\"},\"articleSection\":[\"BUSINESS\",\"CESTOV\u00c1N\u00cd &amp; LETENKY\",\"NEWS\"],\"inLanguage\":\"cs\"},{\"@type\":\"WebPage\",\"@id\":\"https:\/\/luxurymagazine.cz\/index.php\/2021\/05\/25\/regiojet-a-respilon-zahajily-spolupraci\/\",\"url\":\"https:\/\/luxurymagazine.cz\/index.php\/2021\/05\/25\/regiojet-a-respilon-zahajily-spolupraci\/\",\"name\":\"RegioJet a Respilon zah\u00e1jily spolupr\u00e1ci - LUXURYMAGAZINE.cz\",\"isPartOf\":{\"@id\":\"https:\/\/luxurymagazine.cz\/#website\"},\"datePublished\":\"2021-05-25T00:42:00+00:00\",\"dateModified\":\"2021-09-09T00:41:49+00:00\",\"breadcrumb\":{\"@id\":\"https:\/\/luxurymagazine.cz\/index.php\/2021\/05\/25\/regiojet-a-respilon-zahajily-spolupraci\/#breadcrumb\"},\"inLanguage\":\"cs\",\"potentialAction\":[{\"@type\":\"ReadAction\",\"target\":[\"https:\/\/luxurymagazine.cz\/index.php\/2021\/05\/25\/regiojet-a-respilon-zahajily-spolupraci\/\"]}]},{\"@type\":\"BreadcrumbList\",\"@id\":\"https:\/\/luxurymagazine.cz\/index.php\/2021\/05\/25\/regiojet-a-respilon-zahajily-spolupraci\/#breadcrumb\",\"itemListElement\":[{\"@type\":\"ListItem\",\"position\":1,\"name\":\"Dom\u016f\",\"item\":\"https:\/\/luxurymagazine.cz\/\"},{\"@type\":\"ListItem\",\"position\":2,\"name\":\"RegioJet a Respilon zah\u00e1jily spolupr\u00e1ci\"}]},{\"@type\":\"WebSite\",\"@id\":\"https:\/\/luxurymagazine.cz\/#website\",\"url\":\"https:\/\/luxurymagazine.cz\/\",\"name\":\"LUXURYMAGAZINE.cz\",\"description\":\"Port\u00e1l v\u00fdhradn\u011b o luxusu...\",\"publisher\":{\"@id\":\"https:\/\/luxurymagazine.cz\/#organization\"},\"potentialAction\":[{\"@type\":\"SearchAction\",\"target\":{\"@type\":\"EntryPoint\",\"urlTemplate\":\"https:\/\/luxurymagazine.cz\/?s={search_term_string}\"},\"query-input\":\"required name=search_term_string\"}],\"inLanguage\":\"cs\"},{\"@type\":\"Organization\",\"@id\":\"https:\/\/luxurymagazine.cz\/#organization\",\"name\":\"LUXURYMAGAZINE.cz\",\"url\":\"https:\/\/luxurymagazine.cz\/\",\"logo\":{\"@type\":\"ImageObject\",\"inLanguage\":\"cs\",\"@id\":\"https:\/\/luxurymagazine.cz\/#\/schema\/logo\/image\/\",\"url\":\"https:\/\/luxurymagazine.cz\/wp-content\/uploads\/2024\/12\/cropped-Logo_LuxuryMagazine-1.jpg\",\"contentUrl\":\"https:\/\/luxurymagazine.cz\/wp-content\/uploads\/2024\/12\/cropped-Logo_LuxuryMagazine-1.jpg\",\"width\":934,\"height\":509,\"caption\":\"LUXURYMAGAZINE.cz\"},\"image\":{\"@id\":\"https:\/\/luxurymagazine.cz\/#\/schema\/logo\/image\/\"}},{\"@type\":\"Person\",\"@id\":\"https:\/\/luxurymagazine.cz\/#\/schema\/person\/900281a2a290470de69f4ca1ff899a92\",\"name\":\"Mikol\u00e1\u0161ek (\u0161\u00e9fredaktor HMG)\",\"image\":{\"@type\":\"ImageObject\",\"inLanguage\":\"cs\",\"@id\":\"https:\/\/luxurymagazine.cz\/#\/schema\/person\/image\/\",\"url\":\"https:\/\/secure.gravatar.com\/avatar\/1c8a35f186d8baabb0513b2bdd8e53cd?s=96&d=mm&r=g\",\"contentUrl\":\"https:\/\/secure.gravatar.com\/avatar\/1c8a35f186d8baabb0513b2bdd8e53cd?s=96&d=mm&r=g\",\"caption\":\"Mikol\u00e1\u0161ek (\u0161\u00e9fredaktor HMG)\"},\"url\":\"https:\/\/luxurymagazine.cz\/index.php\/author\/ivomik\/\"}]}<\/script>\n<!-- \/ Yoast SEO plugin. -->","yoast_head_json":{"title":"RegioJet a Respilon zah\u00e1jily spolupr\u00e1ci - LUXURYMAGAZINE.cz","robots":{"index":"index","follow":"follow","max-snippet":"max-snippet:-1","max-image-preview":"max-image-preview:large","max-video-preview":"max-video-preview:-1"},"canonical":"https:\/\/luxurymagazine.cz\/index.php\/2021\/05\/25\/regiojet-a-respilon-zahajily-spolupraci\/","og_locale":"cs_CZ","og_type":"article","og_title":"RegioJet a Respilon zah\u00e1jily spolupr\u00e1ci - LUXURYMAGAZINE.cz","og_description":"Dv\u011b p\u0159edn\u00ed \u010desk\u00e9 firmy \u2013 vlakov\u00fd dopravce RegioJet a v\u00fdrobce ochrann\u00fdch pom\u016fcek a respir\u00e1tor\u016f \u2013 spole\u010dnost Respilon &#8211; zah\u00e1jily spolupr\u00e1ci s\u00a0c\u00edlem d\u00e1le p\u0159ed letn\u00ed sez\u00f3nou pos\u00edlit bezpe\u010dn\u00e9 cestov\u00e1n\u00ed vlaky RegioJet. \u201eKa\u017ed\u00fd t\u00fdden n\u00e1m p\u0159ib\u00fdv\u00e1 v\u00edce ne\u017e 20 % nov\u00fdch cestuj\u00edc\u00edch. Vracej\u00ed se d\u011bti do \u0161kol, roste z\u00e1jem o volno\u010dasov\u00e9 cestov\u00e1n\u00ed na v\u00fdlety. P\u0159edpokl\u00e1d\u00e1me, \u017ee u\u017e [&hellip;]","og_url":"https:\/\/luxurymagazine.cz\/index.php\/2021\/05\/25\/regiojet-a-respilon-zahajily-spolupraci\/","og_site_name":"LUXURYMAGAZINE.cz","article_published_time":"2021-05-25T00:42:00+00:00","article_modified_time":"2021-09-09T00:41:49+00:00","og_image":[{"width":1250,"height":938,"url":"https:\/\/luxurymagazine.cz\/wp-content\/uploads\/2021\/05\/RJ-Wien-hbf.jpg","type":"image\/jpeg"}],"author":"Mikol\u00e1\u0161ek (\u0161\u00e9fredaktor HMG)","twitter_card":"summary_large_image","twitter_misc":{"Napsal(a)":"Mikol\u00e1\u0161ek (\u0161\u00e9fredaktor HMG)","Odhadovan\u00e1 doba \u010dten\u00ed":"3 minuty"},"schema":{"@context":"https:\/\/schema.org","@graph":[{"@type":"Article","@id":"https:\/\/luxurymagazine.cz\/index.php\/2021\/05\/25\/regiojet-a-respilon-zahajily-spolupraci\/#article","isPartOf":{"@id":"https:\/\/luxurymagazine.cz\/index.php\/2021\/05\/25\/regiojet-a-respilon-zahajily-spolupraci\/"},"author":{"name":"Mikol\u00e1\u0161ek (\u0161\u00e9fredaktor HMG)","@id":"https:\/\/luxurymagazine.cz\/#\/schema\/person\/900281a2a290470de69f4ca1ff899a92"},"headline":"RegioJet a Respilon zah\u00e1jily spolupr\u00e1ci","datePublished":"2021-05-25T00:42:00+00:00","dateModified":"2021-09-09T00:41:49+00:00","mainEntityOfPage":{"@id":"https:\/\/luxurymagazine.cz\/index.php\/2021\/05\/25\/regiojet-a-respilon-zahajily-spolupraci\/"},"wordCount":565,"publisher":{"@id":"https:\/\/luxurymagazine.cz\/#organization"},"articleSection":["BUSINESS","CESTOV\u00c1N\u00cd &amp; LETENKY","NEWS"],"inLanguage":"cs"},{"@type":"WebPage","@id":"https:\/\/luxurymagazine.cz\/index.php\/2021\/05\/25\/regiojet-a-respilon-zahajily-spolupraci\/","url":"https:\/\/luxurymagazine.cz\/index.php\/2021\/05\/25\/regiojet-a-respilon-zahajily-spolupraci\/","name":"RegioJet a Respilon zah\u00e1jily spolupr\u00e1ci - LUXURYMAGAZINE.cz","isPartOf":{"@id":"https:\/\/luxurymagazine.cz\/#website"},"datePublished":"2021-05-25T00:42:00+00:00","dateModified":"2021-09-09T00:41:49+00:00","breadcrumb":{"@id":"https:\/\/luxurymagazine.cz\/index.php\/2021\/05\/25\/regiojet-a-respilon-zahajily-spolupraci\/#breadcrumb"},"inLanguage":"cs","potentialAction":[{"@type":"ReadAction","target":["https:\/\/luxurymagazine.cz\/index.php\/2021\/05\/25\/regiojet-a-respilon-zahajily-spolupraci\/"]}]},{"@type":"BreadcrumbList","@id":"https:\/\/luxurymagazine.cz\/index.php\/2021\/05\/25\/regiojet-a-respilon-zahajily-spolupraci\/#breadcrumb","itemListElement":[{"@type":"ListItem","position":1,"name":"Dom\u016f","item":"https:\/\/luxurymagazine.cz\/"},{"@type":"ListItem","position":2,"name":"RegioJet a Respilon zah\u00e1jily spolupr\u00e1ci"}]},{"@type":"WebSite","@id":"https:\/\/luxurymagazine.cz\/#website","url":"https:\/\/luxurymagazine.cz\/","name":"LUXURYMAGAZINE.cz","description":"Port\u00e1l v\u00fdhradn\u011b o luxusu...","publisher":{"@id":"https:\/\/luxurymagazine.cz\/#organization"},"potentialAction":[{"@type":"SearchAction","target":{"@type":"EntryPoint","urlTemplate":"https:\/\/luxurymagazine.cz\/?s={search_term_string}"},"query-input":"required name=search_term_string"}],"inLanguage":"cs"},{"@type":"Organization","@id":"https:\/\/luxurymagazine.cz\/#organization","name":"LUXURYMAGAZINE.cz","url":"https:\/\/luxurymagazine.cz\/","logo":{"@type":"ImageObject","inLanguage":"cs","@id":"https:\/\/luxurymagazine.cz\/#\/schema\/logo\/image\/","url":"https:\/\/luxurymagazine.cz\/wp-content\/uploads\/2024\/12\/cropped-Logo_LuxuryMagazine-1.jpg","contentUrl":"https:\/\/luxurymagazine.cz\/wp-content\/uploads\/2024\/12\/cropped-Logo_LuxuryMagazine-1.jpg","width":934,"height":509,"caption":"LUXURYMAGAZINE.cz"},"image":{"@id":"https:\/\/luxurymagazine.cz\/#\/schema\/logo\/image\/"}},{"@type":"Person","@id":"https:\/\/luxurymagazine.cz\/#\/schema\/person\/900281a2a290470de69f4ca1ff899a92","name":"Mikol\u00e1\u0161ek (\u0161\u00e9fredaktor HMG)","image":{"@type":"ImageObject","inLanguage":"cs","@id":"https:\/\/luxurymagazine.cz\/#\/schema\/person\/image\/","url":"https:\/\/secure.gravatar.com\/avatar\/1c8a35f186d8baabb0513b2bdd8e53cd?s=96&d=mm&r=g","contentUrl":"https:\/\/secure.gravatar.com\/avatar\/1c8a35f186d8baabb0513b2bdd8e53cd?s=96&d=mm&r=g","caption":"Mikol\u00e1\u0161ek (\u0161\u00e9fredaktor HMG)"},"url":"https:\/\/luxurymagazine.cz\/index.php\/author\/ivomik\/"}]}},"_links":{"self":[{"href":"https:\/\/luxurymagazine.cz\/index.php\/wp-json\/wp\/v2\/posts\/1327"}],"collection":[{"href":"https:\/\/luxurymagazine.cz\/index.php\/wp-json\/wp\/v2\/posts"}],"about":[{"href":"https:\/\/luxurymagazine.cz\/index.php\/wp-json\/wp\/v2\/types\/post"}],"author":[{"embeddable":true,"href":"https:\/\/luxurymagazine.cz\/index.php\/wp-json\/wp\/v2\/users\/1"}],"replies":[{"embeddable":true,"href":"https:\/\/luxurymagazine.cz\/index.php\/wp-json\/wp\/v2\/comments?post=1327"}],"version-history":[{"count":-4,"href":"https:\/\/luxurymagazine.cz\/index.php\/wp-json\/wp\/v2\/posts\/1327\/revisions"}],"wp:featuredmedia":[{"embeddable":true,"href":"https:\/\/luxurymagazine.cz\/index.php\/wp-json\/wp\/v2\/media\/1328"}],"wp:attachment":[{"href":"https:\/\/luxurymagazine.cz\/index.php\/wp-json\/wp\/v2\/media?parent=1327"}],"wp:term":[{"taxonomy":"category","embeddable":true,"href":"https:\/\/luxurymagazine.cz\/index.php\/wp-json\/wp\/v2\/categories?post=1327"},{"taxonomy":"post_tag","embeddable":true,"href":"https:\/\/luxurymagazine.cz\/index.php\/wp-json\/wp\/v2\/tags?post=1327"}],"curies":[{"name":"wp","href":"https:\/\/api.w.org\/{rel}","templated":true}]}}