{"id":1379,"date":"2021-06-14T15:06:00","date_gmt":"2021-06-14T13:06:00","guid":{"rendered":"https:\/\/luxurymagazine.cz\/?p=1379"},"modified":"2021-09-22T12:01:02","modified_gmt":"2021-09-22T10:01:02","slug":"exkluzivni-skandinavska-znacka-asko-vstupuje-na-trh-domacich-spotrebicu-a-otevira-prvni-showroom-v-cr","status":"publish","type":"post","link":"https:\/\/luxurymagazine.cz\/index.php\/2021\/06\/14\/exkluzivni-skandinavska-znacka-asko-vstupuje-na-trh-domacich-spotrebicu-a-otevira-prvni-showroom-v-cr\/","title":{"rendered":"Exkluzivn\u00ed skandin\u00e1vsk\u00e1 zna\u010dka ASKO vstupuje na trh dom\u00e1c\u00edch spot\u0159ebi\u010d\u016f a otev\u00edr\u00e1 prvn\u00ed showroom v \u010cR"},"content":{"rendered":"\n<p><strong>Na trh vstupuje exkluzivn\u00ed zna\u010dka luxusn\u00edch dom\u00e1c\u00edch spot\u0159ebi\u010d\u016f ASKO s\u00a0nezam\u011bniteln\u00fdm skandin\u00e1vsk\u00fdm designem a pr\u00e1v\u011b otev\u00edr\u00e1 sv\u016fj showroom v\u00a0presti\u017en\u00edm multifunk\u010dn\u00edm BB Centru na pra\u017esk\u00e9 Brumlovce. Pr\u00e9miov\u00e9 spot\u0159ebi\u010de ASKO, ur\u010den\u00e9 pro va\u0159en\u00ed, uchov\u00e1v\u00e1n\u00ed potravin i v\u00edna a p\u00e9\u010di o pr\u00e1dlo, upoutaj\u00ed na prvn\u00ed pohled \u010dist\u00fdm minimalistick\u00fdm designem i dokonal\u00fdm \u0159emesln\u00fdm zpracov\u00e1n\u00edm. Jsou ale tak\u00e9 u\u017e v\u00edce ne\u017e 70 let synonymem spolehlivosti, p\u00e9\u010de o rodinu a zdrav\u00ed i ohleduplnosti k\u00a0p\u0159\u00edrod\u011b. P\u0159inesou dom\u016f luxus, \u0161pi\u010dkov\u00e9 technologie a funkce, vyzkou\u0161en\u00e9 \u0161\u00e9fkucha\u0159i a profesion\u00e1ln\u00edmi provozy. I respekt k\u00a0p\u0159\u00edrod\u011b a okoln\u00edmu sv\u011btu.<\/strong><\/p>\n\n\n\n<figure class=\"wp-block-image size-large\"><img decoding=\"async\" loading=\"lazy\" width=\"1024\" height=\"768\" src=\"https:\/\/luxurymagazine.cz\/wp-content\/uploads\/2021\/06\/Showroom-Praha-1024x768.jpg\" alt=\"\" class=\"wp-image-1384\" srcset=\"https:\/\/luxurymagazine.cz\/wp-content\/uploads\/2021\/06\/Showroom-Praha-1024x768.jpg 1024w, https:\/\/luxurymagazine.cz\/wp-content\/uploads\/2021\/06\/Showroom-Praha-300x225.jpg 300w, https:\/\/luxurymagazine.cz\/wp-content\/uploads\/2021\/06\/Showroom-Praha-768x576.jpg 768w, https:\/\/luxurymagazine.cz\/wp-content\/uploads\/2021\/06\/Showroom-Praha.jpg 1250w\" sizes=\"(max-width: 1024px) 100vw, 1024px\" \/><figcaption>OLYMPUS DIGITAL CAMERA<\/figcaption><\/figure>\n\n\n\n<p>\u201e<em>Zna\u010dka ASKO, inspirovan\u00e1 ve v\u0161ech ohledech Skandin\u00e1vi\u00ed, p\u0159in\u00e1\u0161\u00ed nejn\u00e1ro\u010dn\u011bj\u0161\u00ed klientele v\u00a0\u010cesk\u00e9 a Slovensk\u00e9 republice spot\u0159ebi\u010de pro va\u0159en\u00ed a p\u00e9\u010di o pr\u00e1dlo v t\u00e9 nejvy\u0161\u0161\u00ed mysliteln\u00e9 t\u0159\u00edd\u011b. Z\u00e1kazn\u00edci se budou moci s\u00a0pr\u00e9miov\u00fdmi dom\u00e1c\u00edmi spot\u0159ebi\u010di ASKO poprv\u00e9 sezn\u00e1mit v\u00a0nov\u00e9m showroomu v\u00a0 BB Centru na pra\u017esk\u00e9 Brumlovce, a to od \u010dervna 2021. Architektonick\u00e9 pojet\u00ed showroomu vych\u00e1z\u00ed z\u00a0konceptu ASKO, kter\u00fd bylo mo\u017en\u00e9 vid\u011bt nap\u0159\u00edklad na presti\u017en\u00edm mezin\u00e1rodn\u00edm veletrhu elektroniky a dom\u00e1c\u00edch spot\u0159ebi\u010d\u016f IFA v\u00a0Berl\u00edn\u011b nebo v dal\u0161\u00edch zem\u00edch, kde jsou skandin\u00e1vsk\u00e9 spot\u0159ebi\u010de ASKO v nab\u00eddce. Poskytne n\u00e1v\u0161t\u011bvn\u00edk\u016fm \u00fachvatn\u00fd z\u00e1\u017eitek za hranic\u00ed komfortu a dokonalosti a nezap\u0159e inspiraci Skandin\u00e1vi\u00ed,\u201c<\/em>\u00a0<strong>\u0159\u00edk\u00e1 k\u00a0projektu Regina Netolick\u00e1, Head of Marketing. Autorkami n\u00e1vrhu jsou architektky Ma\u0161a Kresnik a Sa\u0161a Hibernik<\/strong>.<\/p>\n\n\n\n<figure class=\"wp-block-gallery columns-2 is-cropped wp-block-gallery-1 is-layout-flex wp-block-gallery-is-layout-flex\"><ul class=\"blocks-gallery-grid\"><li class=\"blocks-gallery-item\"><figure><img decoding=\"async\" loading=\"lazy\" width=\"768\" height=\"1024\" src=\"https:\/\/luxurymagazine.cz\/wp-content\/uploads\/2021\/06\/Showroom-Praha-2-768x1024.jpg\" alt=\"\" data-id=\"1380\" data-full-url=\"https:\/\/luxurymagazine.cz\/wp-content\/uploads\/2021\/06\/Showroom-Praha-2.jpg\" data-link=\"https:\/\/luxurymagazine.cz\/?attachment_id=1380\" class=\"wp-image-1380\" srcset=\"https:\/\/luxurymagazine.cz\/wp-content\/uploads\/2021\/06\/Showroom-Praha-2-768x1023.jpg 768w, https:\/\/luxurymagazine.cz\/wp-content\/uploads\/2021\/06\/Showroom-Praha-2-225x300.jpg 225w, https:\/\/luxurymagazine.cz\/wp-content\/uploads\/2021\/06\/Showroom-Praha-2.jpg 938w\" sizes=\"(max-width: 768px) 100vw, 768px\" \/><\/figure><\/li><li class=\"blocks-gallery-item\"><figure><img decoding=\"async\" loading=\"lazy\" width=\"768\" height=\"1024\" src=\"https:\/\/luxurymagazine.cz\/wp-content\/uploads\/2021\/06\/Showroom-Praha-3-768x1024.jpg\" alt=\"\" data-id=\"1381\" data-full-url=\"https:\/\/luxurymagazine.cz\/wp-content\/uploads\/2021\/06\/Showroom-Praha-3.jpg\" data-link=\"https:\/\/luxurymagazine.cz\/?attachment_id=1381\" class=\"wp-image-1381\" srcset=\"https:\/\/luxurymagazine.cz\/wp-content\/uploads\/2021\/06\/Showroom-Praha-3-768x1023.jpg 768w, https:\/\/luxurymagazine.cz\/wp-content\/uploads\/2021\/06\/Showroom-Praha-3-225x300.jpg 225w, https:\/\/luxurymagazine.cz\/wp-content\/uploads\/2021\/06\/Showroom-Praha-3.jpg 938w\" sizes=\"(max-width: 768px) 100vw, 768px\" \/><\/figure><\/li><\/ul><\/figure>\n\n\n\n<h2 class=\"wp-block-heading\"><strong>Kuchyn\u011b za hranic\u00ed dokonalosti<\/strong><\/h2>\n\n\n\n<p>Kuchyn\u011b je m\u00edstem, kde se \u017eije, a kde se pe\u010duje o to nejcenn\u011bj\u0161\u00ed.\u0160irok\u00fd sortiment pr\u00e9miov\u00fdch kuchy\u0148sk\u00fdch spot\u0159ebi\u010d\u016f ASKO p\u0159in\u00e1\u0161\u00ed do kuchyn\u00ed dokonal\u00fd soulad \u010dist\u00e9ho, minimalistick\u00e9ho designu, respektu k p\u0159\u00edrod\u011b a inovativn\u00edch funkc\u00ed vyu\u017e\u00edvan\u00fdch profesion\u00e1ly.<\/p>\n\n\n\n<p>P\u0159itom posouv\u00e1 nejen design a funk\u010dnost, ale i samotn\u00fd z\u00e1\u017eitek z&nbsp;va\u0159en\u00ed na nejvy\u0161\u0161\u00ed \u00farove\u0148. A s&nbsp;n\u00edm i zp\u016fsob, jak\u00fdm p\u0159em\u00fd\u0161let o p\u00e9\u010di o sebe a sv\u00e9 bl\u00edzk\u00e9 s&nbsp;ohledem na okoln\u00ed sv\u011bt.<\/p>\n\n\n\n<p>V&nbsp;nab\u00eddce jsou exkluzivn\u00ed varn\u00e9 desky, pe\u010dic\u00ed trouby a kombinovan\u00e9 dom\u00e1c\u00ed konvektomaty, oh\u0159evn\u00e9, vakuovac\u00ed a \u00falo\u017en\u00e9 z\u00e1suvky, k\u00e1vovary, odsava\u010de par, my\u010dky n\u00e1dob\u00ed, chladni\u010dky, mrazni\u010dky, vinot\u00e9ky a speci\u00e1ln\u00ed kuchy\u0148sk\u00e9 p\u0159\u00edslu\u0161enstv\u00ed.<\/p>\n\n\n\n<div class=\"wp-block-image\"><figure class=\"aligncenter\"><img decoding=\"async\" src=\"https:\/\/homemagazine.cz\/wp-content\/uploads\/2021\/06\/Showroom-Praha-5-630x840.jpg\" alt=\"\" class=\"wp-image-2236\"\/><\/figure><\/div>\n\n\n\n<h2 class=\"wp-block-heading\"><strong>Pr\u00e1delna: Ucelen\u00fd koncept p\u00e9\u010de o pr\u00e1dlo pro zdrav\u00ed a pohodu<\/strong><\/h2>\n\n\n\n<p>P\u00e9\u010de o pr\u00e1dlo je z\u00e1kladn\u00edm stavebn\u00edm kamenem zna\u010dky ASKO. Pran\u00edm toti\u017e cel\u00fd p\u0159\u00edb\u011bh v&nbsp;roce 1950 za\u010dal, kdy\u017e si jeden mlad\u00fd mu\u017e, Karl-Erik Andersson, splnil sv\u016fj d\u011btsk\u00fd sen: postavit sv\u00e9 mamince pra\u010dku a usnadnit j\u00ed tak t\u011b\u017ekou pr\u00e1ci.<\/p>\n\n\n\n<p>Dnes nab\u00edz\u00ed zna\u010dka ASKO ucelen\u00fd koncept p\u00e9\u010de o pr\u00e1dlo v&nbsp;duchu skandin\u00e1vsk\u00fdch hodnot \u2013 p\u00e9\u010de o zdrav\u00ed a pohodu s&nbsp;respektem k p\u0159\u00edrod\u011b. Exkluzivn\u00ed spot\u0159ebi\u010de pro ty nejn\u00e1ro\u010dn\u011bj\u0161\u00ed z\u00e1kazn\u00edky upoutaj\u00ed u\u017e na prvn\u00ed pohled nep\u0159ehl\u00e9dnuteln\u00fdm designem a \u0161pi\u010dkov\u00fdm \u0159emesln\u00fdm proveden\u00edm. V dokonal\u00e9 minimalistick\u00e9 form\u011b skr\u00fdvaj\u00ed mnoh\u00e1 inovativn\u00ed \u0159e\u0161en\u00ed pro tu nejlep\u0161\u00ed a ohleduplnou p\u00e9\u010di o pr\u00e1dlo a zdrav\u00ed. Z&nbsp;luxusn\u00ed pr\u00e1delny vytv\u00e1\u0159ej\u00ed \u00fatuln\u00e9, p\u0159\u00edjemn\u00e9 a v\u00fdsostn\u011b praktick\u00e9 m\u00edsto.<\/p>\n\n\n\n<p>Pra\u010dky, su\u0161i\u010dky i unik\u00e1tn\u00ed su\u0161\u00edc\u00ed sk\u0159\u00edn\u011b se postaraj\u00ed i o ty nejchoulostiv\u011bj\u0161\u00ed luxusn\u00ed textilie s&nbsp;ohledem na zdrav\u00ed, \u00fasporu zdroj\u016f i&nbsp;\u017eivotn\u00ed prost\u0159ed\u00ed. V&nbsp;pr\u00e1deln\u011b, kde nemus\u00ed b\u00fdt zrovna m\u00edsta nazbyt, by nem\u011bly chyb\u011bt ani skryt\u00ed pomocn\u00edci, kte\u0159\u00ed nezab\u00edraj\u00ed m\u00edsto na podlaze. Jsou to dopl\u0148ky, kter\u00e9 skv\u011ble zapadnou nap\u0159\u00edklad mezi pra\u010dku a su\u0161i\u010dku,. Jsou snadno p\u0159\u00edstupn\u00e9, a p\u0159itom diskr\u00e9tn\u011b ukryt\u00e9. Nab\u00edzej\u00ed u\u017eite\u010dn\u00e9 funkce i harmonii a umo\u017en\u00ed je\u0161t\u011b l\u00e9pe pe\u010dovat o pr\u00e1dlo.<\/p>\n\n\n\n<p><em>\u201e<\/em><strong><em>Koncept ASKO Pro Home Laundry z\u00edskal nejpresti\u017en\u011bj\u0161\u00ed mezin\u00e1rodn\u00ed ocen\u011bn\u00ed za design a funk\u010dnost \u2013 Red Dot Best of the Best,\u201c<\/em>&nbsp;dopl\u0148uje Daniel Rag\u00edn<\/strong>.<\/p>\n\n\n\n<div class=\"wp-block-image\"><figure class=\"aligncenter\"><img decoding=\"async\" src=\"https:\/\/homemagazine.cz\/wp-content\/uploads\/2021\/06\/Showroom-Praha-4-630x840.jpg\" alt=\"\" class=\"wp-image-2235\"\/><\/figure><\/div>\n\n\n\n<h2 class=\"wp-block-heading\"><strong>Comfort Program<\/strong><\/h2>\n\n\n\n<p>Luxusn\u00ed spot\u0159ebi\u010de ASKO se daj\u00ed po\u0159\u00eddit v\u00a0designov\u00e9m showroomu ASKO nebo u vybran\u00fdch prodejc\u016f, a to bu\u010f za jednor\u00e1zovou \u00fahradu, nebo jako sou\u010d\u00e1st pr\u00e9miov\u00e9 slu\u017eby Comfort Program s\u00a0m\u011bs\u00ed\u010dn\u00edmi platbami po dobu jejich pl\u00e1novan\u00e9ho u\u017e\u00edv\u00e1n\u00ed. Tato slu\u017eba zahrnuje krom\u011b sedmilet\u00e9 z\u00e1ruky i nadstandardn\u00ed odborn\u00e9 poradenstv\u00ed p\u0159i pou\u017e\u00edv\u00e1n\u00ed spot\u0159ebi\u010d\u016f i ka\u017edodenn\u00ed asistenci p\u0159i \u0159e\u0161en\u00ed ne\u010dekan\u00fdch situac\u00ed. P\u0159in\u00e1\u0161\u00ed z\u00e1kazn\u00edk\u016fm ten nejvy\u0161\u0161\u00ed mo\u017en\u00fd komfort a je v\u00fdhodn\u00e1 i p\u0159i pronaj\u00edm\u00e1n\u00ed luxusn\u00edch nemovitost\u00ed.<\/p>\n\n\n\n<div style=\"height:20px\" aria-hidden=\"true\" class=\"wp-block-spacer\"><\/div>\n\n\n\n<figure class=\"wp-block-gallery columns-2 is-cropped wp-block-gallery-3 is-layout-flex wp-block-gallery-is-layout-flex\"><ul class=\"blocks-gallery-grid\"><li class=\"blocks-gallery-item\"><figure><img decoding=\"async\" loading=\"lazy\" width=\"768\" height=\"1024\" src=\"https:\/\/luxurymagazine.cz\/wp-content\/uploads\/2021\/06\/Showroom-Praha-2-768x1024.jpg\" alt=\"\" data-id=\"1380\" data-full-url=\"https:\/\/luxurymagazine.cz\/wp-content\/uploads\/2021\/06\/Showroom-Praha-2.jpg\" data-link=\"https:\/\/luxurymagazine.cz\/?attachment_id=1380\" class=\"wp-image-1380\" srcset=\"https:\/\/luxurymagazine.cz\/wp-content\/uploads\/2021\/06\/Showroom-Praha-2-768x1023.jpg 768w, https:\/\/luxurymagazine.cz\/wp-content\/uploads\/2021\/06\/Showroom-Praha-2-225x300.jpg 225w, https:\/\/luxurymagazine.cz\/wp-content\/uploads\/2021\/06\/Showroom-Praha-2.jpg 938w\" sizes=\"(max-width: 768px) 100vw, 768px\" \/><\/figure><\/li><li class=\"blocks-gallery-item\"><figure><img decoding=\"async\" loading=\"lazy\" width=\"768\" height=\"1024\" src=\"https:\/\/luxurymagazine.cz\/wp-content\/uploads\/2021\/06\/Showroom-Praha-3-768x1024.jpg\" alt=\"\" data-id=\"1381\" data-full-url=\"https:\/\/luxurymagazine.cz\/wp-content\/uploads\/2021\/06\/Showroom-Praha-3.jpg\" data-link=\"https:\/\/luxurymagazine.cz\/?attachment_id=1381\" class=\"wp-image-1381\" srcset=\"https:\/\/luxurymagazine.cz\/wp-content\/uploads\/2021\/06\/Showroom-Praha-3-768x1023.jpg 768w, https:\/\/luxurymagazine.cz\/wp-content\/uploads\/2021\/06\/Showroom-Praha-3-225x300.jpg 225w, https:\/\/luxurymagazine.cz\/wp-content\/uploads\/2021\/06\/Showroom-Praha-3.jpg 938w\" sizes=\"(max-width: 768px) 100vw, 768px\" \/><\/figure><\/li><li class=\"blocks-gallery-item\"><figure><img decoding=\"async\" loading=\"lazy\" width=\"768\" height=\"1024\" src=\"https:\/\/luxurymagazine.cz\/wp-content\/uploads\/2021\/06\/Showroom-Praha-4-768x1024.jpg\" alt=\"\" data-id=\"1382\" data-full-url=\"https:\/\/luxurymagazine.cz\/wp-content\/uploads\/2021\/06\/Showroom-Praha-4.jpg\" data-link=\"https:\/\/luxurymagazine.cz\/?attachment_id=1382\" class=\"wp-image-1382\" srcset=\"https:\/\/luxurymagazine.cz\/wp-content\/uploads\/2021\/06\/Showroom-Praha-4-768x1023.jpg 768w, https:\/\/luxurymagazine.cz\/wp-content\/uploads\/2021\/06\/Showroom-Praha-4-225x300.jpg 225w, https:\/\/luxurymagazine.cz\/wp-content\/uploads\/2021\/06\/Showroom-Praha-4.jpg 938w\" sizes=\"(max-width: 768px) 100vw, 768px\" \/><\/figure><\/li><li class=\"blocks-gallery-item\"><figure><img decoding=\"async\" loading=\"lazy\" width=\"768\" height=\"1024\" src=\"https:\/\/luxurymagazine.cz\/wp-content\/uploads\/2021\/06\/Showroom-Praha-5-768x1024.jpg\" alt=\"\" data-id=\"1383\" data-full-url=\"https:\/\/luxurymagazine.cz\/wp-content\/uploads\/2021\/06\/Showroom-Praha-5.jpg\" data-link=\"https:\/\/luxurymagazine.cz\/?attachment_id=1383\" class=\"wp-image-1383\" srcset=\"https:\/\/luxurymagazine.cz\/wp-content\/uploads\/2021\/06\/Showroom-Praha-5-768x1025.jpg 768w, https:\/\/luxurymagazine.cz\/wp-content\/uploads\/2021\/06\/Showroom-Praha-5-225x300.jpg 225w, https:\/\/luxurymagazine.cz\/wp-content\/uploads\/2021\/06\/Showroom-Praha-5.jpg 937w\" sizes=\"(max-width: 768px) 100vw, 768px\" \/><\/figure><\/li><li class=\"blocks-gallery-item\"><figure><img decoding=\"async\" loading=\"lazy\" width=\"1024\" height=\"768\" src=\"https:\/\/luxurymagazine.cz\/wp-content\/uploads\/2021\/06\/Showroom-Praha-1024x768.jpg\" alt=\"\" data-id=\"1384\" data-full-url=\"https:\/\/luxurymagazine.cz\/wp-content\/uploads\/2021\/06\/Showroom-Praha.jpg\" data-link=\"https:\/\/luxurymagazine.cz\/?attachment_id=1384\" class=\"wp-image-1384\" srcset=\"https:\/\/luxurymagazine.cz\/wp-content\/uploads\/2021\/06\/Showroom-Praha-1024x768.jpg 1024w, https:\/\/luxurymagazine.cz\/wp-content\/uploads\/2021\/06\/Showroom-Praha-300x225.jpg 300w, https:\/\/luxurymagazine.cz\/wp-content\/uploads\/2021\/06\/Showroom-Praha-768x576.jpg 768w, https:\/\/luxurymagazine.cz\/wp-content\/uploads\/2021\/06\/Showroom-Praha.jpg 1250w\" sizes=\"(max-width: 1024px) 100vw, 1024px\" \/><\/figure><\/li><\/ul><\/figure>\n\n\n\n<div style=\"height:20px\" aria-hidden=\"true\" class=\"wp-block-spacer\"><\/div>\n","protected":false},"excerpt":{"rendered":"<p>Na trh vstupuje exkluzivn\u00ed zna\u010dka luxusn\u00edch dom\u00e1c\u00edch spot\u0159ebi\u010d\u016f ASKO s\u00a0nezam\u011bniteln\u00fdm skandin\u00e1vsk\u00fdm designem a pr\u00e1v\u011b otev\u00edr\u00e1 sv\u016fj showroom v\u00a0presti\u017en\u00edm multifunk\u010dn\u00edm BB Centru na pra\u017esk\u00e9 Brumlovce. Pr\u00e9miov\u00e9 spot\u0159ebi\u010de ASKO, ur\u010den\u00e9 pro va\u0159en\u00ed, uchov\u00e1v\u00e1n\u00ed potravin i v\u00edna a p\u00e9\u010di o pr\u00e1dlo, upoutaj\u00ed na prvn\u00ed pohled \u010dist\u00fdm minimalistick\u00fdm designem i dokonal\u00fdm \u0159emesln\u00fdm zpracov\u00e1n\u00edm. Jsou ale tak\u00e9 u\u017e v\u00edce ne\u017e [&hellip;]<\/p>\n","protected":false},"author":2,"featured_media":1384,"comment_status":"closed","ping_status":"closed","sticky":false,"template":"","format":"standard","meta":{"_mi_skip_tracking":false,"_monsterinsights_sitenote_active":false,"_monsterinsights_sitenote_note":"","_monsterinsights_sitenote_category":0,"footnotes":""},"categories":[15,2,9],"tags":[],"yoast_head":"<!-- This site is optimized with the Yoast SEO plugin v21.4 - https:\/\/yoast.com\/wordpress\/plugins\/seo\/ -->\n<title>Exkluzivn\u00ed skandin\u00e1vsk\u00e1 zna\u010dka ASKO vstupuje na trh dom\u00e1c\u00edch spot\u0159ebi\u010d\u016f a otev\u00edr\u00e1 prvn\u00ed showroom v \u010cR - LUXURYMAGAZINE.cz<\/title>\n<meta name=\"robots\" content=\"index, follow, max-snippet:-1, max-image-preview:large, max-video-preview:-1\" \/>\n<link rel=\"canonical\" href=\"https:\/\/luxurymagazine.cz\/index.php\/2021\/06\/14\/exkluzivni-skandinavska-znacka-asko-vstupuje-na-trh-domacich-spotrebicu-a-otevira-prvni-showroom-v-cr\/\" \/>\n<meta property=\"og:locale\" content=\"cs_CZ\" \/>\n<meta property=\"og:type\" content=\"article\" \/>\n<meta property=\"og:title\" content=\"Exkluzivn\u00ed skandin\u00e1vsk\u00e1 zna\u010dka ASKO vstupuje na trh dom\u00e1c\u00edch spot\u0159ebi\u010d\u016f a otev\u00edr\u00e1 prvn\u00ed showroom v \u010cR - LUXURYMAGAZINE.cz\" \/>\n<meta property=\"og:description\" content=\"Na trh vstupuje exkluzivn\u00ed zna\u010dka luxusn\u00edch dom\u00e1c\u00edch spot\u0159ebi\u010d\u016f ASKO s\u00a0nezam\u011bniteln\u00fdm skandin\u00e1vsk\u00fdm designem a pr\u00e1v\u011b otev\u00edr\u00e1 sv\u016fj showroom v\u00a0presti\u017en\u00edm multifunk\u010dn\u00edm BB Centru na pra\u017esk\u00e9 Brumlovce. Pr\u00e9miov\u00e9 spot\u0159ebi\u010de ASKO, ur\u010den\u00e9 pro va\u0159en\u00ed, uchov\u00e1v\u00e1n\u00ed potravin i v\u00edna a p\u00e9\u010di o pr\u00e1dlo, upoutaj\u00ed na prvn\u00ed pohled \u010dist\u00fdm minimalistick\u00fdm designem i dokonal\u00fdm \u0159emesln\u00fdm zpracov\u00e1n\u00edm. Jsou ale tak\u00e9 u\u017e v\u00edce ne\u017e [&hellip;]\" \/>\n<meta property=\"og:url\" content=\"https:\/\/luxurymagazine.cz\/index.php\/2021\/06\/14\/exkluzivni-skandinavska-znacka-asko-vstupuje-na-trh-domacich-spotrebicu-a-otevira-prvni-showroom-v-cr\/\" \/>\n<meta property=\"og:site_name\" content=\"LUXURYMAGAZINE.cz\" \/>\n<meta property=\"article:published_time\" content=\"2021-06-14T13:06:00+00:00\" \/>\n<meta property=\"article:modified_time\" content=\"2021-09-22T10:01:02+00:00\" \/>\n<meta property=\"og:image\" content=\"https:\/\/luxurymagazine.cz\/wp-content\/uploads\/2021\/06\/Showroom-Praha.jpg\" \/>\n\t<meta property=\"og:image:width\" content=\"1250\" \/>\n\t<meta property=\"og:image:height\" content=\"938\" \/>\n\t<meta property=\"og:image:type\" content=\"image\/jpeg\" \/>\n<meta name=\"author\" content=\"Jolana Hol\u00e1\u0148ov\u00e1\" \/>\n<meta name=\"twitter:card\" content=\"summary_large_image\" \/>\n<meta name=\"twitter:label1\" content=\"Napsal(a)\" \/>\n\t<meta name=\"twitter:data1\" content=\"Jolana Hol\u00e1\u0148ov\u00e1\" \/>\n\t<meta name=\"twitter:label2\" content=\"Odhadovan\u00e1 doba \u010dten\u00ed\" \/>\n\t<meta name=\"twitter:data2\" content=\"4 minuty\" \/>\n<script type=\"application\/ld+json\" class=\"yoast-schema-graph\">{\"@context\":\"https:\/\/schema.org\",\"@graph\":[{\"@type\":\"Article\",\"@id\":\"https:\/\/luxurymagazine.cz\/index.php\/2021\/06\/14\/exkluzivni-skandinavska-znacka-asko-vstupuje-na-trh-domacich-spotrebicu-a-otevira-prvni-showroom-v-cr\/#article\",\"isPartOf\":{\"@id\":\"https:\/\/luxurymagazine.cz\/index.php\/2021\/06\/14\/exkluzivni-skandinavska-znacka-asko-vstupuje-na-trh-domacich-spotrebicu-a-otevira-prvni-showroom-v-cr\/\"},\"author\":{\"name\":\"Jolana Hol\u00e1\u0148ov\u00e1\",\"@id\":\"https:\/\/luxurymagazine.cz\/#\/schema\/person\/581f64efd4b5872ac991ea3581f630dc\"},\"headline\":\"Exkluzivn\u00ed skandin\u00e1vsk\u00e1 zna\u010dka ASKO vstupuje na trh dom\u00e1c\u00edch spot\u0159ebi\u010d\u016f a otev\u00edr\u00e1 prvn\u00ed showroom v \u010cR\",\"datePublished\":\"2021-06-14T13:06:00+00:00\",\"dateModified\":\"2021-09-22T10:01:02+00:00\",\"mainEntityOfPage\":{\"@id\":\"https:\/\/luxurymagazine.cz\/index.php\/2021\/06\/14\/exkluzivni-skandinavska-znacka-asko-vstupuje-na-trh-domacich-spotrebicu-a-otevira-prvni-showroom-v-cr\/\"},\"wordCount\":890,\"publisher\":{\"@id\":\"https:\/\/luxurymagazine.cz\/#organization\"},\"articleSection\":[\"BUSINESS\",\"NEWS\",\"TECHNIKA &amp; SPOT\u0158EBI\u010cE\"],\"inLanguage\":\"cs\"},{\"@type\":\"WebPage\",\"@id\":\"https:\/\/luxurymagazine.cz\/index.php\/2021\/06\/14\/exkluzivni-skandinavska-znacka-asko-vstupuje-na-trh-domacich-spotrebicu-a-otevira-prvni-showroom-v-cr\/\",\"url\":\"https:\/\/luxurymagazine.cz\/index.php\/2021\/06\/14\/exkluzivni-skandinavska-znacka-asko-vstupuje-na-trh-domacich-spotrebicu-a-otevira-prvni-showroom-v-cr\/\",\"name\":\"Exkluzivn\u00ed skandin\u00e1vsk\u00e1 zna\u010dka ASKO vstupuje na trh dom\u00e1c\u00edch spot\u0159ebi\u010d\u016f a otev\u00edr\u00e1 prvn\u00ed showroom v \u010cR - LUXURYMAGAZINE.cz\",\"isPartOf\":{\"@id\":\"https:\/\/luxurymagazine.cz\/#website\"},\"datePublished\":\"2021-06-14T13:06:00+00:00\",\"dateModified\":\"2021-09-22T10:01:02+00:00\",\"breadcrumb\":{\"@id\":\"https:\/\/luxurymagazine.cz\/index.php\/2021\/06\/14\/exkluzivni-skandinavska-znacka-asko-vstupuje-na-trh-domacich-spotrebicu-a-otevira-prvni-showroom-v-cr\/#breadcrumb\"},\"inLanguage\":\"cs\",\"potentialAction\":[{\"@type\":\"ReadAction\",\"target\":[\"https:\/\/luxurymagazine.cz\/index.php\/2021\/06\/14\/exkluzivni-skandinavska-znacka-asko-vstupuje-na-trh-domacich-spotrebicu-a-otevira-prvni-showroom-v-cr\/\"]}]},{\"@type\":\"BreadcrumbList\",\"@id\":\"https:\/\/luxurymagazine.cz\/index.php\/2021\/06\/14\/exkluzivni-skandinavska-znacka-asko-vstupuje-na-trh-domacich-spotrebicu-a-otevira-prvni-showroom-v-cr\/#breadcrumb\",\"itemListElement\":[{\"@type\":\"ListItem\",\"position\":1,\"name\":\"Dom\u016f\",\"item\":\"https:\/\/luxurymagazine.cz\/\"},{\"@type\":\"ListItem\",\"position\":2,\"name\":\"Exkluzivn\u00ed skandin\u00e1vsk\u00e1 zna\u010dka ASKO vstupuje na trh dom\u00e1c\u00edch spot\u0159ebi\u010d\u016f a otev\u00edr\u00e1 prvn\u00ed showroom v \u010cR\"}]},{\"@type\":\"WebSite\",\"@id\":\"https:\/\/luxurymagazine.cz\/#website\",\"url\":\"https:\/\/luxurymagazine.cz\/\",\"name\":\"LUXURYMAGAZINE.cz\",\"description\":\"Port\u00e1l v\u00fdhradn\u011b o luxusu...\",\"publisher\":{\"@id\":\"https:\/\/luxurymagazine.cz\/#organization\"},\"potentialAction\":[{\"@type\":\"SearchAction\",\"target\":{\"@type\":\"EntryPoint\",\"urlTemplate\":\"https:\/\/luxurymagazine.cz\/?s={search_term_string}\"},\"query-input\":\"required name=search_term_string\"}],\"inLanguage\":\"cs\"},{\"@type\":\"Organization\",\"@id\":\"https:\/\/luxurymagazine.cz\/#organization\",\"name\":\"LUXURYMAGAZINE.cz\",\"url\":\"https:\/\/luxurymagazine.cz\/\",\"logo\":{\"@type\":\"ImageObject\",\"inLanguage\":\"cs\",\"@id\":\"https:\/\/luxurymagazine.cz\/#\/schema\/logo\/image\/\",\"url\":\"https:\/\/luxurymagazine.cz\/wp-content\/uploads\/2024\/12\/cropped-Logo_LuxuryMagazine-1.jpg\",\"contentUrl\":\"https:\/\/luxurymagazine.cz\/wp-content\/uploads\/2024\/12\/cropped-Logo_LuxuryMagazine-1.jpg\",\"width\":934,\"height\":509,\"caption\":\"LUXURYMAGAZINE.cz\"},\"image\":{\"@id\":\"https:\/\/luxurymagazine.cz\/#\/schema\/logo\/image\/\"}},{\"@type\":\"Person\",\"@id\":\"https:\/\/luxurymagazine.cz\/#\/schema\/person\/581f64efd4b5872ac991ea3581f630dc\",\"name\":\"Jolana Hol\u00e1\u0148ov\u00e1\",\"image\":{\"@type\":\"ImageObject\",\"inLanguage\":\"cs\",\"@id\":\"https:\/\/luxurymagazine.cz\/#\/schema\/person\/image\/\",\"url\":\"https:\/\/secure.gravatar.com\/avatar\/5863c504ed89cd419ff3a5e812c722ff?s=96&d=mm&r=g\",\"contentUrl\":\"https:\/\/secure.gravatar.com\/avatar\/5863c504ed89cd419ff3a5e812c722ff?s=96&d=mm&r=g\",\"caption\":\"Jolana Hol\u00e1\u0148ov\u00e1\"},\"sameAs\":[\"http:\/\/LUXURYMAGAZINE.cz\"],\"url\":\"https:\/\/luxurymagazine.cz\/index.php\/author\/jolhol\/\"}]}<\/script>\n<!-- \/ Yoast SEO plugin. -->","yoast_head_json":{"title":"Exkluzivn\u00ed skandin\u00e1vsk\u00e1 zna\u010dka ASKO vstupuje na trh dom\u00e1c\u00edch spot\u0159ebi\u010d\u016f a otev\u00edr\u00e1 prvn\u00ed showroom v \u010cR - LUXURYMAGAZINE.cz","robots":{"index":"index","follow":"follow","max-snippet":"max-snippet:-1","max-image-preview":"max-image-preview:large","max-video-preview":"max-video-preview:-1"},"canonical":"https:\/\/luxurymagazine.cz\/index.php\/2021\/06\/14\/exkluzivni-skandinavska-znacka-asko-vstupuje-na-trh-domacich-spotrebicu-a-otevira-prvni-showroom-v-cr\/","og_locale":"cs_CZ","og_type":"article","og_title":"Exkluzivn\u00ed skandin\u00e1vsk\u00e1 zna\u010dka ASKO vstupuje na trh dom\u00e1c\u00edch spot\u0159ebi\u010d\u016f a otev\u00edr\u00e1 prvn\u00ed showroom v \u010cR - LUXURYMAGAZINE.cz","og_description":"Na trh vstupuje exkluzivn\u00ed zna\u010dka luxusn\u00edch dom\u00e1c\u00edch spot\u0159ebi\u010d\u016f ASKO s\u00a0nezam\u011bniteln\u00fdm skandin\u00e1vsk\u00fdm designem a pr\u00e1v\u011b otev\u00edr\u00e1 sv\u016fj showroom v\u00a0presti\u017en\u00edm multifunk\u010dn\u00edm BB Centru na pra\u017esk\u00e9 Brumlovce. Pr\u00e9miov\u00e9 spot\u0159ebi\u010de ASKO, ur\u010den\u00e9 pro va\u0159en\u00ed, uchov\u00e1v\u00e1n\u00ed potravin i v\u00edna a p\u00e9\u010di o pr\u00e1dlo, upoutaj\u00ed na prvn\u00ed pohled \u010dist\u00fdm minimalistick\u00fdm designem i dokonal\u00fdm \u0159emesln\u00fdm zpracov\u00e1n\u00edm. Jsou ale tak\u00e9 u\u017e v\u00edce ne\u017e [&hellip;]","og_url":"https:\/\/luxurymagazine.cz\/index.php\/2021\/06\/14\/exkluzivni-skandinavska-znacka-asko-vstupuje-na-trh-domacich-spotrebicu-a-otevira-prvni-showroom-v-cr\/","og_site_name":"LUXURYMAGAZINE.cz","article_published_time":"2021-06-14T13:06:00+00:00","article_modified_time":"2021-09-22T10:01:02+00:00","og_image":[{"width":1250,"height":938,"url":"https:\/\/luxurymagazine.cz\/wp-content\/uploads\/2021\/06\/Showroom-Praha.jpg","type":"image\/jpeg"}],"author":"Jolana Hol\u00e1\u0148ov\u00e1","twitter_card":"summary_large_image","twitter_misc":{"Napsal(a)":"Jolana Hol\u00e1\u0148ov\u00e1","Odhadovan\u00e1 doba \u010dten\u00ed":"4 minuty"},"schema":{"@context":"https:\/\/schema.org","@graph":[{"@type":"Article","@id":"https:\/\/luxurymagazine.cz\/index.php\/2021\/06\/14\/exkluzivni-skandinavska-znacka-asko-vstupuje-na-trh-domacich-spotrebicu-a-otevira-prvni-showroom-v-cr\/#article","isPartOf":{"@id":"https:\/\/luxurymagazine.cz\/index.php\/2021\/06\/14\/exkluzivni-skandinavska-znacka-asko-vstupuje-na-trh-domacich-spotrebicu-a-otevira-prvni-showroom-v-cr\/"},"author":{"name":"Jolana Hol\u00e1\u0148ov\u00e1","@id":"https:\/\/luxurymagazine.cz\/#\/schema\/person\/581f64efd4b5872ac991ea3581f630dc"},"headline":"Exkluzivn\u00ed skandin\u00e1vsk\u00e1 zna\u010dka ASKO vstupuje na trh dom\u00e1c\u00edch spot\u0159ebi\u010d\u016f a otev\u00edr\u00e1 prvn\u00ed showroom v \u010cR","datePublished":"2021-06-14T13:06:00+00:00","dateModified":"2021-09-22T10:01:02+00:00","mainEntityOfPage":{"@id":"https:\/\/luxurymagazine.cz\/index.php\/2021\/06\/14\/exkluzivni-skandinavska-znacka-asko-vstupuje-na-trh-domacich-spotrebicu-a-otevira-prvni-showroom-v-cr\/"},"wordCount":890,"publisher":{"@id":"https:\/\/luxurymagazine.cz\/#organization"},"articleSection":["BUSINESS","NEWS","TECHNIKA &amp; SPOT\u0158EBI\u010cE"],"inLanguage":"cs"},{"@type":"WebPage","@id":"https:\/\/luxurymagazine.cz\/index.php\/2021\/06\/14\/exkluzivni-skandinavska-znacka-asko-vstupuje-na-trh-domacich-spotrebicu-a-otevira-prvni-showroom-v-cr\/","url":"https:\/\/luxurymagazine.cz\/index.php\/2021\/06\/14\/exkluzivni-skandinavska-znacka-asko-vstupuje-na-trh-domacich-spotrebicu-a-otevira-prvni-showroom-v-cr\/","name":"Exkluzivn\u00ed skandin\u00e1vsk\u00e1 zna\u010dka ASKO vstupuje na trh dom\u00e1c\u00edch spot\u0159ebi\u010d\u016f a otev\u00edr\u00e1 prvn\u00ed showroom v \u010cR - LUXURYMAGAZINE.cz","isPartOf":{"@id":"https:\/\/luxurymagazine.cz\/#website"},"datePublished":"2021-06-14T13:06:00+00:00","dateModified":"2021-09-22T10:01:02+00:00","breadcrumb":{"@id":"https:\/\/luxurymagazine.cz\/index.php\/2021\/06\/14\/exkluzivni-skandinavska-znacka-asko-vstupuje-na-trh-domacich-spotrebicu-a-otevira-prvni-showroom-v-cr\/#breadcrumb"},"inLanguage":"cs","potentialAction":[{"@type":"ReadAction","target":["https:\/\/luxurymagazine.cz\/index.php\/2021\/06\/14\/exkluzivni-skandinavska-znacka-asko-vstupuje-na-trh-domacich-spotrebicu-a-otevira-prvni-showroom-v-cr\/"]}]},{"@type":"BreadcrumbList","@id":"https:\/\/luxurymagazine.cz\/index.php\/2021\/06\/14\/exkluzivni-skandinavska-znacka-asko-vstupuje-na-trh-domacich-spotrebicu-a-otevira-prvni-showroom-v-cr\/#breadcrumb","itemListElement":[{"@type":"ListItem","position":1,"name":"Dom\u016f","item":"https:\/\/luxurymagazine.cz\/"},{"@type":"ListItem","position":2,"name":"Exkluzivn\u00ed skandin\u00e1vsk\u00e1 zna\u010dka ASKO vstupuje na trh dom\u00e1c\u00edch spot\u0159ebi\u010d\u016f a otev\u00edr\u00e1 prvn\u00ed showroom v \u010cR"}]},{"@type":"WebSite","@id":"https:\/\/luxurymagazine.cz\/#website","url":"https:\/\/luxurymagazine.cz\/","name":"LUXURYMAGAZINE.cz","description":"Port\u00e1l v\u00fdhradn\u011b o luxusu...","publisher":{"@id":"https:\/\/luxurymagazine.cz\/#organization"},"potentialAction":[{"@type":"SearchAction","target":{"@type":"EntryPoint","urlTemplate":"https:\/\/luxurymagazine.cz\/?s={search_term_string}"},"query-input":"required name=search_term_string"}],"inLanguage":"cs"},{"@type":"Organization","@id":"https:\/\/luxurymagazine.cz\/#organization","name":"LUXURYMAGAZINE.cz","url":"https:\/\/luxurymagazine.cz\/","logo":{"@type":"ImageObject","inLanguage":"cs","@id":"https:\/\/luxurymagazine.cz\/#\/schema\/logo\/image\/","url":"https:\/\/luxurymagazine.cz\/wp-content\/uploads\/2024\/12\/cropped-Logo_LuxuryMagazine-1.jpg","contentUrl":"https:\/\/luxurymagazine.cz\/wp-content\/uploads\/2024\/12\/cropped-Logo_LuxuryMagazine-1.jpg","width":934,"height":509,"caption":"LUXURYMAGAZINE.cz"},"image":{"@id":"https:\/\/luxurymagazine.cz\/#\/schema\/logo\/image\/"}},{"@type":"Person","@id":"https:\/\/luxurymagazine.cz\/#\/schema\/person\/581f64efd4b5872ac991ea3581f630dc","name":"Jolana Hol\u00e1\u0148ov\u00e1","image":{"@type":"ImageObject","inLanguage":"cs","@id":"https:\/\/luxurymagazine.cz\/#\/schema\/person\/image\/","url":"https:\/\/secure.gravatar.com\/avatar\/5863c504ed89cd419ff3a5e812c722ff?s=96&d=mm&r=g","contentUrl":"https:\/\/secure.gravatar.com\/avatar\/5863c504ed89cd419ff3a5e812c722ff?s=96&d=mm&r=g","caption":"Jolana Hol\u00e1\u0148ov\u00e1"},"sameAs":["http:\/\/LUXURYMAGAZINE.cz"],"url":"https:\/\/luxurymagazine.cz\/index.php\/author\/jolhol\/"}]}},"_links":{"self":[{"href":"https:\/\/luxurymagazine.cz\/index.php\/wp-json\/wp\/v2\/posts\/1379"}],"collection":[{"href":"https:\/\/luxurymagazine.cz\/index.php\/wp-json\/wp\/v2\/posts"}],"about":[{"href":"https:\/\/luxurymagazine.cz\/index.php\/wp-json\/wp\/v2\/types\/post"}],"author":[{"embeddable":true,"href":"https:\/\/luxurymagazine.cz\/index.php\/wp-json\/wp\/v2\/users\/2"}],"replies":[{"embeddable":true,"href":"https:\/\/luxurymagazine.cz\/index.php\/wp-json\/wp\/v2\/comments?post=1379"}],"version-history":[{"count":-4,"href":"https:\/\/luxurymagazine.cz\/index.php\/wp-json\/wp\/v2\/posts\/1379\/revisions"}],"wp:featuredmedia":[{"embeddable":true,"href":"https:\/\/luxurymagazine.cz\/index.php\/wp-json\/wp\/v2\/media\/1384"}],"wp:attachment":[{"href":"https:\/\/luxurymagazine.cz\/index.php\/wp-json\/wp\/v2\/media?parent=1379"}],"wp:term":[{"taxonomy":"category","embeddable":true,"href":"https:\/\/luxurymagazine.cz\/index.php\/wp-json\/wp\/v2\/categories?post=1379"},{"taxonomy":"post_tag","embeddable":true,"href":"https:\/\/luxurymagazine.cz\/index.php\/wp-json\/wp\/v2\/tags?post=1379"}],"curies":[{"name":"wp","href":"https:\/\/api.w.org\/{rel}","templated":true}]}}