{"id":1494,"date":"2021-07-26T00:50:03","date_gmt":"2021-07-25T22:50:03","guid":{"rendered":"https:\/\/luxurymagazine.cz\/?p=1494"},"modified":"2021-10-28T02:56:23","modified_gmt":"2021-10-28T00:56:23","slug":"prijemne-prostredi-nejen-v-parnem-lete-s-klimatizacemi-whirlpool","status":"publish","type":"post","link":"https:\/\/luxurymagazine.cz\/index.php\/2021\/07\/26\/prijemne-prostredi-nejen-v-parnem-lete-s-klimatizacemi-whirlpool\/","title":{"rendered":"P\u0159\u00edjemn\u00e9 prost\u0159ed\u00ed nejen v parn\u00e9m l\u00e9t\u011b s klimatizacemi Whirlpool"},"content":{"rendered":"\n<p><strong>Nesnesiteln\u00e9 horko s&nbsp;tropick\u00fdmi dny i nocemi trv\u00e1 u\u017e i v&nbsp;na\u0161ich kon\u010din\u00e1ch st\u00e1le \u010dast\u011bji i dlouh\u00e9 t\u00fddny bez p\u0159est\u00e1vky. V&nbsp;p\u0159eh\u0159\u00e1t\u00fdch bytech a p\u016fdn\u00edch vestavb\u00e1ch pak jde sotva vydr\u017eet a jen velmi obt\u00ed\u017en\u011b sp\u00e1t. Sp\u00e1su p\u0159in\u00e1\u0161\u00ed \u00fa\u010dinn\u00e1 klimatizace. Ta kvalitn\u00ed v\u00e1m pom\u016f\u017ee zajistit ide\u00e1ln\u00ed vnit\u0159n\u00ed klima s&nbsp;tou spr\u00e1vnou teplotou, vlhkost\u00ed i proud\u011bn\u00edm vzduchu nejen v&nbsp;parn\u00e9m l\u00e9t\u011b, ale po cel\u00fd rok. \u00da\u010dinn\u011b, \u00fasporn\u011b a bez zbyte\u010dn\u00e9ho hluku i pr\u016fvanu. Jak si vybrat tu pravou?<\/strong><\/p>\n\n\n\n<figure class=\"wp-block-image size-large\"><img decoding=\"async\" loading=\"lazy\" width=\"1024\" height=\"1024\" src=\"https:\/\/luxurymagazine.cz\/wp-content\/uploads\/2021\/07\/Whirlpool-SPIW309A3WF1-1024x1024.jpg\" alt=\"\" class=\"wp-image-1496\" srcset=\"https:\/\/luxurymagazine.cz\/wp-content\/uploads\/2021\/07\/Whirlpool-SPIW309A3WF1-1024x1024.jpg 1024w, https:\/\/luxurymagazine.cz\/wp-content\/uploads\/2021\/07\/Whirlpool-SPIW309A3WF1-300x300.jpg 300w, https:\/\/luxurymagazine.cz\/wp-content\/uploads\/2021\/07\/Whirlpool-SPIW309A3WF1-150x150.jpg 150w, https:\/\/luxurymagazine.cz\/wp-content\/uploads\/2021\/07\/Whirlpool-SPIW309A3WF1-768x768.jpg 768w, https:\/\/luxurymagazine.cz\/wp-content\/uploads\/2021\/07\/Whirlpool-SPIW309A3WF1.jpg 1050w\" sizes=\"(max-width: 1024px) 100vw, 1024px\" \/><\/figure>\n\n\n\n<p>Na trhu najdete klimatizace n\u00e1st\u011bnn\u00e9, stropn\u00ed i p\u0159enosn\u00e9. Prvn\u00ed ot\u00e1zkou, kterou byste si m\u011bli polo\u017eit, proto je, co od klimatizace \u010dek\u00e1te. R\u00e1di byste zajistili komfortn\u00ed klima ve v\u011bt\u0161\u00edm obytn\u00e9m prostoru nebo cel\u00e9m byt\u011b \u010di dom\u011b? A p\u0159itom chcete tak\u00e9 vzduch d\u016fkladn\u011b vy\u010distit od pylu, vir\u016f a alergen\u016f? V&nbsp;takov\u00e9m p\u0159\u00edpad\u011b se poohl\u00e9dn\u011bte po n\u00e1st\u011bnn\u00e9 mono-splitov\u00e9 nebo multi-splitov\u00e9 klimatizaci, kterou budete moci vyu\u017e\u00edt i v&nbsp;zim\u011b pro topen\u00ed. Po\u010d\u00edtejte ale s&nbsp;t\u00edm, \u017ee instalace bude vy\u017eadovat drobn\u00e9 stavebn\u00ed z\u00e1sahy. Analogi\u00ed jsou stropn\u00ed klimatizace, kter\u00e9 se skv\u011ble hod\u00ed k&nbsp;zabudov\u00e1n\u00ed do podhled\u016f. Jsou ide\u00e1ln\u00edm designov\u00fdm \u0159e\u0161en\u00edm \u2013 jsou z&nbsp;v\u011bt\u0161\u00ed \u010d\u00e1sti decentn\u011b ukryt\u00e9 a nenaru\u0161uj\u00ed celkov\u00fd dojem z&nbsp;m\u00edstnosti.<\/p>\n\n\n\n<figure class=\"wp-block-image\"><img decoding=\"async\" src=\"https:\/\/homemagazine.cz\/wp-content\/uploads\/2021\/07\/Whirlpool-SPIW309A3WF1-3-840x614.jpg\" alt=\"\" class=\"wp-image-2380\"\/><\/figure>\n\n\n\n<p>Pokud chcete pouze ochladit a pro\u010distit vzduch v&nbsp;t\u011bch nejv\u011bt\u0161\u00edch parnech v&nbsp;jedn\u00e9 m\u00edstnosti, je vhodn\u00fdm \u0159e\u0161en\u00edm \u00fa\u010dinn\u00e1 p\u0159enosn\u00e1 klimatiza\u010dn\u00ed jednotka. I v&nbsp;tomto p\u0159\u00edpad\u011b ale mus\u00edte vy\u0159e\u0161it odvod kondenz\u00e1tu z&nbsp;m\u00edstnosti ven, nap\u0159\u00edklad pomoc\u00ed \u201eruk\u00e1vu\u201c kolem okenn\u00edho k\u0159\u00eddla (nap\u0159\u00edklad ze sortimentu Wpro).<\/p>\n\n\n\n<h2 class=\"wp-block-heading\"><strong>Jak funguje splitov\u00e1 klimatizace?<\/strong><\/h2>\n\n\n\n<p>Splitov\u00e1 n\u00e1st\u011bnn\u00e1 klimatizace se skl\u00e1d\u00e1 ze dvou jednotek \u2013 vnit\u0159n\u00ed, kter\u00e1 je um\u00edst\u011bna v m\u00edstnosti, a vn\u011bj\u0161\u00ed, kter\u00e1 odv\u00e1d\u00ed teplo do venkovn\u00edho prostoru. Ovl\u00e1d\u00e1 se pomoc\u00ed d\u00e1lkov\u00e9ho ovlada\u010de, a v&nbsp;p\u0159\u00edpad\u011b, \u017ee m\u00e1 i zabudovanou Wi-Fi, tak ji lze obsluhovat pomoc\u00ed mobilu a aplikace i na d\u00e1lku. Postar\u00e1 se o skute\u010dn\u011b komfortn\u00ed prost\u0159ed\u00ed.&nbsp;<em>\u201eKlimatizace Whirlpool s&nbsp;inteligentn\u00ed technologi\u00ed 6. SMYSL dok\u00e1\u017ee sama regulovat sv\u00e9 funkce. D\u00edky senzor\u016fm rozhodne, kdy&nbsp;je&nbsp;vhodn\u00e9 vzduch odvlh\u010dit, ventilovat nebo zchladit \u010di&nbsp;dokonce oh\u0159\u00e1t. \u00da\u010dinn\u00e1, \u00fasporn\u00e1 a tich\u00e1 invertorov\u00e1 technologie p\u0159esn\u011b reguluje v\u00fdkon kompresoru v z\u00e1vislosti na okoln\u00ed teplot\u011b,\u201c<\/em>&nbsp;\u0159\u00edk\u00e1 Ji\u0159\u00ed Bene\u0161, odborn\u00edk spole\u010dnosti Whirlpool, a dod\u00e1v\u00e1:&nbsp;<em>\u201eKlimatizace Whirlpool jsou vybaven\u00e9 nejpokro\u010dilej\u0161\u00edm ekologick\u00fdm chladivem R 410a, kter\u00e9 dosahuje \u0161pi\u010dkov\u00fdch parametr\u016f ochrany ozonov\u00e9 vrstvy a neobsahuje \u017e\u00e1dn\u00e9 slo\u017eky, kter\u00e9 by nebyly ohledupln\u00e9 k \u017eivotn\u00edmu prost\u0159ed\u00ed.\u201c<\/em><\/p>\n\n\n\n<h2 class=\"wp-block-heading\"><strong>P\u0159enosn\u00e9 klimatizace<\/strong><\/h2>\n\n\n\n<p>S p\u0159enosnou jednotkou lze dos\u00e1hnout chladiv\u00e9ho komfortu na jak\u00e9mkoliv m\u00edst\u011b a v kter\u00e9koliv dob\u011b.&nbsp;<em>\u201eMal\u00e1, ale velmi flexibiln\u00ed p\u0159enosn\u00e1 klimatizace Whirlpool vyu\u017e\u00edv\u00e1 pro optim\u00e1ln\u00ed chlad\u00edc\u00ed \u00fa\u010dinek optimalizovanou jednokan\u00e1lovou jednotku, p\u0159evzatou z&nbsp;p\u016fvodn\u00ed dvoukan\u00e1lov\u00e9 technologie. Zajist\u00ed chladiv\u00fd komfort kdykoliv a na jak\u00e9mkoliv m\u00edst\u011b. Ke komfortu p\u0159isp\u011bje i d\u00e1lkov\u00e9 ovl\u00e1d\u00e1n\u00ed s technologi\u00ed 6. SMYSL pro perfektn\u00ed a snadnou regulaci mikroklimatu,\u201c&nbsp;<\/em>uzav\u00edr\u00e1 Ji\u0159\u00ed Bene\u0161.<\/p>\n\n\n\n<h2 class=\"wp-block-heading\"><strong>P\u0159\u00edklady klimatizac\u00ed Whirlpool<\/strong><\/h2>\n\n\n\n<figure class=\"wp-block-image\"><img decoding=\"async\" src=\"https:\/\/homemagazine.cz\/wp-content\/uploads\/2021\/07\/Whirlpool-SPIW309A3WF1-5-840x560.jpg\" alt=\"\" class=\"wp-image-2381\"\/><\/figure>\n\n\n\n<h3 class=\"wp-block-heading\"><strong>Whirlpool&nbsp;SPIW309A3WF.1<\/strong><\/h3>\n\n\n\n<p>N\u00e1st\u011bnn\u00e1 mono-splitov\u00e1 invertorov\u00e1 klimatizace Whirlpool&nbsp;<strong>SPIW309A3WF.1<\/strong>&nbsp;profesion\u00e1ln\u011b, ti\u0161e a elegantn\u011b podle pot\u0159eby bu\u010f ochlad\u00ed, nebo oh\u0159eje vzduch ve va\u0161\u00ed dom\u00e1cnosti. Je modern\u00edm, elegantn\u00edm a tich\u00fdm spole\u010dn\u00edkem, kter\u00fd zabezpe\u010duje&nbsp;<strong>p\u0159\u00edjemn\u00e9 a zdrav\u00e9 ovzdu\u0161\u00ed<\/strong>. Samoz\u0159ejmost\u00ed je pro ni tak\u00e9 odvlh\u010dov\u00e1n\u00ed vzduchu v m\u00edstnosti. Je vybavena \u0159adou funkc\u00ed, nap\u0159\u00edklad tich\u00fdm re\u017eimem pro&nbsp;<strong>ni\u010d\u00edm neru\u0161en\u00fd sp\u00e1nek<\/strong>&nbsp;(funkce Sleep) nebo<strong>&nbsp;funkc\u00ed Around U \u2013&nbsp;<\/strong>d\u00edky senzoru v d\u00e1lkov\u00e9m ovlada\u010di m\u016f\u017eete pr\u016fb\u011b\u017en\u011b upravovat teplotu ve sv\u00e9m bezprost\u0159edn\u00edm okol\u00ed tak, abyste se v\u017edy c\u00edtili dob\u0159e. Technologie&nbsp;<strong>6. SMYSL<\/strong>&nbsp;umo\u017e\u0148uje&nbsp;<strong>automatick\u00fd provoz klimatizace p\u0159i \u00faspo\u0159e energie<\/strong>: zvol\u00edte si pouze, zda chcete klima stejn\u00e9, teplej\u0161\u00ed nebo chladn\u011bj\u0161\u00ed a o kombinaci funkc\u00ed chlazen\u00ed, oh\u0159evu, ventilace nebo odvlh\u010dov\u00e1n\u00ed nastav\u00ed klimatizace sama. Pro alergiky a d\u011bti je v\u00fdborn\u00fd&nbsp;<strong>HEPA filtr<\/strong>&nbsp;a&nbsp;<strong>Silver Ion Filtr<\/strong>&nbsp;s&nbsp;ionty st\u0159\u00edbra, kter\u00fd zachyt\u00ed i miniaturn\u00ed \u010d\u00e1stice, prach, pyly a mikroorganismy v\u010detn\u011b bakteri\u00ed, bacil\u016f, vir\u016f, rozto\u010d\u016f a jejich v\u00fdkal\u016f, spor pl\u00edsn\u00ed). Model SPIW309A3WF.1 nab\u00edz\u00ed tak\u00e9 mo\u017enost vyu\u017eit\u00ed&nbsp;<strong>Wi-Fi p\u0159ipojen\u00ed<\/strong>. D\u00edky jednoduch\u00e9 aplikaci m\u016f\u017eete prost\u0159ednictv\u00edm chytr\u00e9ho telefonu ovl\u00e1dat teplotu a vlhkost vzduchu u v\u00e1s doma prakticky odev\u0161ud.&nbsp;<strong>Optimalizujete tak spot\u0159ebu energie a sni\u017eujete \u00fa\u010det za elekt\u0159inu<\/strong>. Klimatizace m\u00e1 \u00fasporn\u00fd provoz a n\u00edzkou hlu\u010dnost. Je vhodn\u00e1 do m\u00edstnost\u00ed o velikosti 9-18 m2.&nbsp;<strong>Doporu\u010den\u00e1 prodejn\u00ed cena je 20 990 K\u010d.<\/strong><\/p>\n\n\n\n<figure class=\"wp-block-image\"><img decoding=\"async\" src=\"https:\/\/homemagazine.cz\/wp-content\/uploads\/2021\/07\/Whirlpool-PACW29HP-840x559.jpg\" alt=\"\" class=\"wp-image-2379\"\/><\/figure>\n\n\n\n<h3 class=\"wp-block-heading\"><strong>Whirlpool PACW29HP<\/strong><\/h3>\n\n\n\n<p>Kvalitn\u00ed p\u0159enosn\u00e1 klimatizace&nbsp;<strong>Whirlpool PACW9HP<\/strong>&nbsp;je vhodn\u00e1 pro v\u0161echny prostory o&nbsp;velikosti do 17 m3. Hod\u00ed se jak do dom\u00e1cnosti, tak i do kancel\u00e1\u0159e. A p\u0159ijde vhod jak l\u00e9t\u011b, tak i v&nbsp;zim\u011b. Umo\u017e\u0148uje toti\u017e nejen chlazen\u00ed, ale i p\u0159it\u00e1p\u011bn\u00ed. Krom\u011b toho v\u00e1m vzduch doma nebo v kancel\u00e1\u0159i odvlh\u010d\u00ed, rozproud\u00ed a d\u00edky HEPA filtru tak\u00e9 \u00fa\u010dinn\u011b vy\u010dist\u00ed.&nbsp;<strong>Technologie 6. SMYSL<\/strong>&nbsp;umo\u017e\u0148uje jej\u00ed automatick\u00fd provoz i \u00fasporu energie. Zvol\u00edte si pouze, zda chcete klima stejn\u00e9, teplej\u0161\u00ed nebo chladn\u011bj\u0161\u00ed a o kombinaci funkc\u00ed chlazen\u00ed, oh\u0159evu, ventilace nebo odvlh\u010dov\u00e1n\u00ed nastav\u00ed klimatizace sama.&nbsp;<strong>Funkce SLEEP<\/strong>&nbsp;zajist\u00ed p\u0159\u00edjemn\u00fd vzduch v&nbsp;m\u00edstnosti i b\u011bhem sp\u00e1nku \u2013 automaticky reguluje rychlost proud\u011bn\u00ed vzduchu a upravuje jeho teplotu tak, aby se v\u00e1m dob\u0159e spalo. S<strong>&nbsp;funkc\u00ed Around U<\/strong>&nbsp;m\u016f\u017eete d\u00edky senzoru v d\u00e1lkov\u00e9m ovlada\u010di pr\u016fb\u011b\u017en\u011b upravovat teplotu ve sv\u00e9m bezprost\u0159edn\u00edm okol\u00ed tak, abyste se v\u017edy c\u00edtili dob\u0159e.&nbsp;<strong>Funkce DIM&nbsp;<\/strong>na ovlada\u010di umo\u017e\u0148uje vypnout a zapnout displej. Klimatizace&nbsp;<strong>automaticky reguluje rychlost proud\u011bn\u00ed a teplotu vzduchu&nbsp;<\/strong>po dobu a\u017e 8 hodin.&nbsp;<strong>Indik\u00e1tor pln\u00e9ho z\u00e1sobn\u00edku&nbsp;<\/strong>oznamuje, kdy je pot\u0159eba vypr\u00e1zdnit n\u00e1dobu s vodou. Klimatizace je vybavena mal\u00fdm, vyj\u00edmateln\u00fdm a&nbsp;<strong>omyvateln\u00fdm HEPA filtrem<\/strong>&nbsp;z jemn\u00fdch skeln\u00fdch vl\u00e1ken, kter\u00fd&nbsp;<strong>odstran\u00ed 99,9% bakteri\u00ed, pyl\u016f a prachov\u00fdch \u010d\u00e1stic.<\/strong>&nbsp;<strong>Doporu\u010den\u00e1prodejn\u00ed cena je 13 200 K\u010d.<\/strong><\/p>\n\n\n\n<figure class=\"wp-block-image\"><img decoding=\"async\" src=\"https:\/\/homemagazine.cz\/wp-content\/uploads\/2021\/07\/Whirlpool-SPIW309A3WF1-8-840x560.jpg\" alt=\"\" class=\"wp-image-2382\"\/><\/figure>\n\n\n\n<p><strong>V\u00edce na&nbsp;<a href=\"http:\/\/www.whirlpool.cz\/\">www.whirlpool.cz<\/a>.<\/strong><\/p>\n\n\n\n<div style=\"height:20px\" aria-hidden=\"true\" class=\"wp-block-spacer\"><\/div>\n\n\n\n<figure class=\"wp-block-gallery columns-2 is-cropped wp-block-gallery-1 is-layout-flex wp-block-gallery-is-layout-flex\"><ul class=\"blocks-gallery-grid\"><li class=\"blocks-gallery-item\"><figure><img decoding=\"async\" loading=\"lazy\" width=\"1024\" height=\"748\" src=\"https:\/\/luxurymagazine.cz\/wp-content\/uploads\/2021\/07\/Whirlpool-SPIW309A3WF1-3-1024x748.jpg\" alt=\"\" data-id=\"1495\" data-full-url=\"https:\/\/luxurymagazine.cz\/wp-content\/uploads\/2021\/07\/Whirlpool-SPIW309A3WF1-3.jpg\" data-link=\"https:\/\/luxurymagazine.cz\/index.php\/2021\/07\/26\/prijemne-prostredi-nejen-v-parnem-lete-s-klimatizacemi-whirlpool\/whirlpool-spiw309a3wf1-3\/\" class=\"wp-image-1495\" srcset=\"https:\/\/luxurymagazine.cz\/wp-content\/uploads\/2021\/07\/Whirlpool-SPIW309A3WF1-3-1024x748.jpg 1024w, https:\/\/luxurymagazine.cz\/wp-content\/uploads\/2021\/07\/Whirlpool-SPIW309A3WF1-3-300x219.jpg 300w, https:\/\/luxurymagazine.cz\/wp-content\/uploads\/2021\/07\/Whirlpool-SPIW309A3WF1-3-768x561.jpg 768w, https:\/\/luxurymagazine.cz\/wp-content\/uploads\/2021\/07\/Whirlpool-SPIW309A3WF1-3.jpg 1250w\" sizes=\"(max-width: 1024px) 100vw, 1024px\" \/><\/figure><\/li><li class=\"blocks-gallery-item\"><figure><img decoding=\"async\" loading=\"lazy\" width=\"1024\" height=\"1024\" src=\"https:\/\/luxurymagazine.cz\/wp-content\/uploads\/2021\/07\/Whirlpool-SPIW309A3WF1-1024x1024.jpg\" alt=\"\" data-id=\"1496\" data-full-url=\"https:\/\/luxurymagazine.cz\/wp-content\/uploads\/2021\/07\/Whirlpool-SPIW309A3WF1.jpg\" data-link=\"https:\/\/luxurymagazine.cz\/index.php\/2021\/07\/26\/prijemne-prostredi-nejen-v-parnem-lete-s-klimatizacemi-whirlpool\/whirlpool-spiw309a3wf1\/\" class=\"wp-image-1496\" srcset=\"https:\/\/luxurymagazine.cz\/wp-content\/uploads\/2021\/07\/Whirlpool-SPIW309A3WF1-1024x1024.jpg 1024w, https:\/\/luxurymagazine.cz\/wp-content\/uploads\/2021\/07\/Whirlpool-SPIW309A3WF1-300x300.jpg 300w, https:\/\/luxurymagazine.cz\/wp-content\/uploads\/2021\/07\/Whirlpool-SPIW309A3WF1-150x150.jpg 150w, https:\/\/luxurymagazine.cz\/wp-content\/uploads\/2021\/07\/Whirlpool-SPIW309A3WF1-768x768.jpg 768w, https:\/\/luxurymagazine.cz\/wp-content\/uploads\/2021\/07\/Whirlpool-SPIW309A3WF1.jpg 1050w\" sizes=\"(max-width: 1024px) 100vw, 1024px\" \/><\/figure><\/li><li class=\"blocks-gallery-item\"><figure><img decoding=\"async\" loading=\"lazy\" width=\"1024\" height=\"682\" src=\"https:\/\/luxurymagazine.cz\/wp-content\/uploads\/2021\/07\/Whirlpool-SPIW309A3WF1-5-1024x682.jpg\" alt=\"\" data-id=\"1498\" data-full-url=\"https:\/\/luxurymagazine.cz\/wp-content\/uploads\/2021\/07\/Whirlpool-SPIW309A3WF1-5.jpg\" data-link=\"https:\/\/luxurymagazine.cz\/index.php\/2021\/07\/26\/prijemne-prostredi-nejen-v-parnem-lete-s-klimatizacemi-whirlpool\/whirlpool-spiw309a3wf1-5\/\" class=\"wp-image-1498\" srcset=\"https:\/\/luxurymagazine.cz\/wp-content\/uploads\/2021\/07\/Whirlpool-SPIW309A3WF1-5-1024x682.jpg 1024w, https:\/\/luxurymagazine.cz\/wp-content\/uploads\/2021\/07\/Whirlpool-SPIW309A3WF1-5-300x200.jpg 300w, https:\/\/luxurymagazine.cz\/wp-content\/uploads\/2021\/07\/Whirlpool-SPIW309A3WF1-5-768x512.jpg 768w, https:\/\/luxurymagazine.cz\/wp-content\/uploads\/2021\/07\/Whirlpool-SPIW309A3WF1-5-730x485.jpg 730w, https:\/\/luxurymagazine.cz\/wp-content\/uploads\/2021\/07\/Whirlpool-SPIW309A3WF1-5.jpg 1250w\" sizes=\"(max-width: 1024px) 100vw, 1024px\" \/><\/figure><\/li><li class=\"blocks-gallery-item\"><figure><img decoding=\"async\" loading=\"lazy\" width=\"1024\" height=\"682\" src=\"https:\/\/luxurymagazine.cz\/wp-content\/uploads\/2021\/07\/Whirlpool-PACW29HP-1024x682.jpg\" alt=\"\" data-id=\"1497\" data-full-url=\"https:\/\/luxurymagazine.cz\/wp-content\/uploads\/2021\/07\/Whirlpool-PACW29HP.jpg\" data-link=\"https:\/\/luxurymagazine.cz\/index.php\/2021\/07\/26\/prijemne-prostredi-nejen-v-parnem-lete-s-klimatizacemi-whirlpool\/whirlpool-pacw29hp\/\" class=\"wp-image-1497\" srcset=\"https:\/\/luxurymagazine.cz\/wp-content\/uploads\/2021\/07\/Whirlpool-PACW29HP-1024x682.jpg 1024w, https:\/\/luxurymagazine.cz\/wp-content\/uploads\/2021\/07\/Whirlpool-PACW29HP-300x200.jpg 300w, https:\/\/luxurymagazine.cz\/wp-content\/uploads\/2021\/07\/Whirlpool-PACW29HP-768x511.jpg 768w, https:\/\/luxurymagazine.cz\/wp-content\/uploads\/2021\/07\/Whirlpool-PACW29HP-730x485.jpg 730w, https:\/\/luxurymagazine.cz\/wp-content\/uploads\/2021\/07\/Whirlpool-PACW29HP.jpg 1250w\" sizes=\"(max-width: 1024px) 100vw, 1024px\" \/><\/figure><\/li><li class=\"blocks-gallery-item\"><figure><img decoding=\"async\" loading=\"lazy\" width=\"1024\" height=\"682\" src=\"https:\/\/luxurymagazine.cz\/wp-content\/uploads\/2021\/07\/Whirlpool-PACW29HP-2-1024x682.jpg\" alt=\"\" data-id=\"1500\" data-full-url=\"https:\/\/luxurymagazine.cz\/wp-content\/uploads\/2021\/07\/Whirlpool-PACW29HP-2.jpg\" data-link=\"https:\/\/luxurymagazine.cz\/index.php\/2021\/07\/26\/prijemne-prostredi-nejen-v-parnem-lete-s-klimatizacemi-whirlpool\/whirlpool-pacw29hp-2\/\" class=\"wp-image-1500\" srcset=\"https:\/\/luxurymagazine.cz\/wp-content\/uploads\/2021\/07\/Whirlpool-PACW29HP-2-1024x682.jpg 1024w, https:\/\/luxurymagazine.cz\/wp-content\/uploads\/2021\/07\/Whirlpool-PACW29HP-2-300x200.jpg 300w, https:\/\/luxurymagazine.cz\/wp-content\/uploads\/2021\/07\/Whirlpool-PACW29HP-2-768x512.jpg 768w, https:\/\/luxurymagazine.cz\/wp-content\/uploads\/2021\/07\/Whirlpool-PACW29HP-2-730x485.jpg 730w, https:\/\/luxurymagazine.cz\/wp-content\/uploads\/2021\/07\/Whirlpool-PACW29HP-2.jpg 1250w\" sizes=\"(max-width: 1024px) 100vw, 1024px\" \/><\/figure><\/li><li class=\"blocks-gallery-item\"><figure><img decoding=\"async\" loading=\"lazy\" width=\"1024\" height=\"682\" src=\"https:\/\/luxurymagazine.cz\/wp-content\/uploads\/2021\/07\/Whirlpool-SPIW309A3WF1-8-1024x682.jpg\" alt=\"\" data-id=\"1499\" data-full-url=\"https:\/\/luxurymagazine.cz\/wp-content\/uploads\/2021\/07\/Whirlpool-SPIW309A3WF1-8.jpg\" data-link=\"https:\/\/luxurymagazine.cz\/index.php\/2021\/07\/26\/prijemne-prostredi-nejen-v-parnem-lete-s-klimatizacemi-whirlpool\/whirlpool-spiw309a3wf1-8\/\" class=\"wp-image-1499\" srcset=\"https:\/\/luxurymagazine.cz\/wp-content\/uploads\/2021\/07\/Whirlpool-SPIW309A3WF1-8-1024x682.jpg 1024w, https:\/\/luxurymagazine.cz\/wp-content\/uploads\/2021\/07\/Whirlpool-SPIW309A3WF1-8-300x200.jpg 300w, https:\/\/luxurymagazine.cz\/wp-content\/uploads\/2021\/07\/Whirlpool-SPIW309A3WF1-8-768x512.jpg 768w, https:\/\/luxurymagazine.cz\/wp-content\/uploads\/2021\/07\/Whirlpool-SPIW309A3WF1-8-730x485.jpg 730w, https:\/\/luxurymagazine.cz\/wp-content\/uploads\/2021\/07\/Whirlpool-SPIW309A3WF1-8.jpg 1250w\" sizes=\"(max-width: 1024px) 100vw, 1024px\" \/><\/figure><\/li><\/ul><\/figure>\n\n\n\n<p><strong>Zdroj foto:<\/strong> Whirpool.cz<\/p>\n\n\n\n<div style=\"height:100px\" aria-hidden=\"true\" class=\"wp-block-spacer\"><\/div>\n","protected":false},"excerpt":{"rendered":"<p>Nesnesiteln\u00e9 horko s&nbsp;tropick\u00fdmi dny i nocemi trv\u00e1 u\u017e i v&nbsp;na\u0161ich kon\u010din\u00e1ch st\u00e1le \u010dast\u011bji i dlouh\u00e9 t\u00fddny bez p\u0159est\u00e1vky. V&nbsp;p\u0159eh\u0159\u00e1t\u00fdch bytech a p\u016fdn\u00edch vestavb\u00e1ch pak jde sotva vydr\u017eet a jen velmi obt\u00ed\u017en\u011b sp\u00e1t. Sp\u00e1su p\u0159in\u00e1\u0161\u00ed \u00fa\u010dinn\u00e1 klimatizace. Ta kvalitn\u00ed v\u00e1m pom\u016f\u017ee zajistit ide\u00e1ln\u00ed vnit\u0159n\u00ed klima s&nbsp;tou spr\u00e1vnou teplotou, vlhkost\u00ed i proud\u011bn\u00edm vzduchu nejen v&nbsp;parn\u00e9m l\u00e9t\u011b, ale [&hellip;]<\/p>\n","protected":false},"author":3,"featured_media":1496,"comment_status":"closed","ping_status":"closed","sticky":false,"template":"","format":"standard","meta":{"_mi_skip_tracking":false,"_monsterinsights_sitenote_active":false,"_monsterinsights_sitenote_note":"","_monsterinsights_sitenote_category":0,"footnotes":""},"categories":[5,2,9],"tags":[],"yoast_head":"<!-- This site is optimized with the Yoast SEO plugin v21.4 - https:\/\/yoast.com\/wordpress\/plugins\/seo\/ -->\n<title>P\u0159\u00edjemn\u00e9 prost\u0159ed\u00ed nejen v parn\u00e9m l\u00e9t\u011b s klimatizacemi Whirlpool - LUXURYMAGAZINE.cz<\/title>\n<meta name=\"robots\" content=\"index, follow, max-snippet:-1, max-image-preview:large, max-video-preview:-1\" \/>\n<link rel=\"canonical\" href=\"https:\/\/luxurymagazine.cz\/index.php\/2021\/07\/26\/prijemne-prostredi-nejen-v-parnem-lete-s-klimatizacemi-whirlpool\/\" \/>\n<meta property=\"og:locale\" content=\"cs_CZ\" \/>\n<meta property=\"og:type\" content=\"article\" \/>\n<meta property=\"og:title\" content=\"P\u0159\u00edjemn\u00e9 prost\u0159ed\u00ed nejen v parn\u00e9m l\u00e9t\u011b s klimatizacemi Whirlpool - LUXURYMAGAZINE.cz\" \/>\n<meta property=\"og:description\" content=\"Nesnesiteln\u00e9 horko s&nbsp;tropick\u00fdmi dny i nocemi trv\u00e1 u\u017e i v&nbsp;na\u0161ich kon\u010din\u00e1ch st\u00e1le \u010dast\u011bji i dlouh\u00e9 t\u00fddny bez p\u0159est\u00e1vky. V&nbsp;p\u0159eh\u0159\u00e1t\u00fdch bytech a p\u016fdn\u00edch vestavb\u00e1ch pak jde sotva vydr\u017eet a jen velmi obt\u00ed\u017en\u011b sp\u00e1t. Sp\u00e1su p\u0159in\u00e1\u0161\u00ed \u00fa\u010dinn\u00e1 klimatizace. Ta kvalitn\u00ed v\u00e1m pom\u016f\u017ee zajistit ide\u00e1ln\u00ed vnit\u0159n\u00ed klima s&nbsp;tou spr\u00e1vnou teplotou, vlhkost\u00ed i proud\u011bn\u00edm vzduchu nejen v&nbsp;parn\u00e9m l\u00e9t\u011b, ale [&hellip;]\" \/>\n<meta property=\"og:url\" content=\"https:\/\/luxurymagazine.cz\/index.php\/2021\/07\/26\/prijemne-prostredi-nejen-v-parnem-lete-s-klimatizacemi-whirlpool\/\" \/>\n<meta property=\"og:site_name\" content=\"LUXURYMAGAZINE.cz\" \/>\n<meta property=\"article:published_time\" content=\"2021-07-25T22:50:03+00:00\" \/>\n<meta property=\"article:modified_time\" content=\"2021-10-28T00:56:23+00:00\" \/>\n<meta property=\"og:image\" content=\"https:\/\/luxurymagazine.cz\/wp-content\/uploads\/2021\/07\/Whirlpool-SPIW309A3WF1.jpg\" \/>\n\t<meta property=\"og:image:width\" content=\"1050\" \/>\n\t<meta property=\"og:image:height\" content=\"1050\" \/>\n\t<meta property=\"og:image:type\" content=\"image\/jpeg\" \/>\n<meta name=\"author\" content=\"Miroslav Van\u011bk\" \/>\n<meta name=\"twitter:card\" content=\"summary_large_image\" \/>\n<meta name=\"twitter:label1\" content=\"Napsal(a)\" \/>\n\t<meta name=\"twitter:data1\" content=\"Miroslav Van\u011bk\" \/>\n\t<meta name=\"twitter:label2\" content=\"Odhadovan\u00e1 doba \u010dten\u00ed\" \/>\n\t<meta name=\"twitter:data2\" content=\"6 minut\" \/>\n<script type=\"application\/ld+json\" class=\"yoast-schema-graph\">{\"@context\":\"https:\/\/schema.org\",\"@graph\":[{\"@type\":\"Article\",\"@id\":\"https:\/\/luxurymagazine.cz\/index.php\/2021\/07\/26\/prijemne-prostredi-nejen-v-parnem-lete-s-klimatizacemi-whirlpool\/#article\",\"isPartOf\":{\"@id\":\"https:\/\/luxurymagazine.cz\/index.php\/2021\/07\/26\/prijemne-prostredi-nejen-v-parnem-lete-s-klimatizacemi-whirlpool\/\"},\"author\":{\"name\":\"Miroslav Van\u011bk\",\"@id\":\"https:\/\/luxurymagazine.cz\/#\/schema\/person\/44a069a3b1eab523585f7325b6e54254\"},\"headline\":\"P\u0159\u00edjemn\u00e9 prost\u0159ed\u00ed nejen v parn\u00e9m l\u00e9t\u011b s klimatizacemi Whirlpool\",\"datePublished\":\"2021-07-25T22:50:03+00:00\",\"dateModified\":\"2021-10-28T00:56:23+00:00\",\"mainEntityOfPage\":{\"@id\":\"https:\/\/luxurymagazine.cz\/index.php\/2021\/07\/26\/prijemne-prostredi-nejen-v-parnem-lete-s-klimatizacemi-whirlpool\/\"},\"wordCount\":1190,\"publisher\":{\"@id\":\"https:\/\/luxurymagazine.cz\/#organization\"},\"articleSection\":[\"BYDLEN\u00cd &amp; DESIGN\",\"NEWS\",\"TECHNIKA &amp; SPOT\u0158EBI\u010cE\"],\"inLanguage\":\"cs\"},{\"@type\":\"WebPage\",\"@id\":\"https:\/\/luxurymagazine.cz\/index.php\/2021\/07\/26\/prijemne-prostredi-nejen-v-parnem-lete-s-klimatizacemi-whirlpool\/\",\"url\":\"https:\/\/luxurymagazine.cz\/index.php\/2021\/07\/26\/prijemne-prostredi-nejen-v-parnem-lete-s-klimatizacemi-whirlpool\/\",\"name\":\"P\u0159\u00edjemn\u00e9 prost\u0159ed\u00ed nejen v parn\u00e9m l\u00e9t\u011b s klimatizacemi Whirlpool - LUXURYMAGAZINE.cz\",\"isPartOf\":{\"@id\":\"https:\/\/luxurymagazine.cz\/#website\"},\"datePublished\":\"2021-07-25T22:50:03+00:00\",\"dateModified\":\"2021-10-28T00:56:23+00:00\",\"breadcrumb\":{\"@id\":\"https:\/\/luxurymagazine.cz\/index.php\/2021\/07\/26\/prijemne-prostredi-nejen-v-parnem-lete-s-klimatizacemi-whirlpool\/#breadcrumb\"},\"inLanguage\":\"cs\",\"potentialAction\":[{\"@type\":\"ReadAction\",\"target\":[\"https:\/\/luxurymagazine.cz\/index.php\/2021\/07\/26\/prijemne-prostredi-nejen-v-parnem-lete-s-klimatizacemi-whirlpool\/\"]}]},{\"@type\":\"BreadcrumbList\",\"@id\":\"https:\/\/luxurymagazine.cz\/index.php\/2021\/07\/26\/prijemne-prostredi-nejen-v-parnem-lete-s-klimatizacemi-whirlpool\/#breadcrumb\",\"itemListElement\":[{\"@type\":\"ListItem\",\"position\":1,\"name\":\"Dom\u016f\",\"item\":\"https:\/\/luxurymagazine.cz\/\"},{\"@type\":\"ListItem\",\"position\":2,\"name\":\"P\u0159\u00edjemn\u00e9 prost\u0159ed\u00ed nejen v parn\u00e9m l\u00e9t\u011b s klimatizacemi Whirlpool\"}]},{\"@type\":\"WebSite\",\"@id\":\"https:\/\/luxurymagazine.cz\/#website\",\"url\":\"https:\/\/luxurymagazine.cz\/\",\"name\":\"LUXURYMAGAZINE.cz\",\"description\":\"Port\u00e1l v\u00fdhradn\u011b o luxusu...\",\"publisher\":{\"@id\":\"https:\/\/luxurymagazine.cz\/#organization\"},\"potentialAction\":[{\"@type\":\"SearchAction\",\"target\":{\"@type\":\"EntryPoint\",\"urlTemplate\":\"https:\/\/luxurymagazine.cz\/?s={search_term_string}\"},\"query-input\":\"required name=search_term_string\"}],\"inLanguage\":\"cs\"},{\"@type\":\"Organization\",\"@id\":\"https:\/\/luxurymagazine.cz\/#organization\",\"name\":\"LUXURYMAGAZINE.cz\",\"url\":\"https:\/\/luxurymagazine.cz\/\",\"logo\":{\"@type\":\"ImageObject\",\"inLanguage\":\"cs\",\"@id\":\"https:\/\/luxurymagazine.cz\/#\/schema\/logo\/image\/\",\"url\":\"https:\/\/luxurymagazine.cz\/wp-content\/uploads\/2024\/12\/cropped-Logo_LuxuryMagazine-1.jpg\",\"contentUrl\":\"https:\/\/luxurymagazine.cz\/wp-content\/uploads\/2024\/12\/cropped-Logo_LuxuryMagazine-1.jpg\",\"width\":934,\"height\":509,\"caption\":\"LUXURYMAGAZINE.cz\"},\"image\":{\"@id\":\"https:\/\/luxurymagazine.cz\/#\/schema\/logo\/image\/\"}},{\"@type\":\"Person\",\"@id\":\"https:\/\/luxurymagazine.cz\/#\/schema\/person\/44a069a3b1eab523585f7325b6e54254\",\"name\":\"Miroslav Van\u011bk\",\"image\":{\"@type\":\"ImageObject\",\"inLanguage\":\"cs\",\"@id\":\"https:\/\/luxurymagazine.cz\/#\/schema\/person\/image\/\",\"url\":\"https:\/\/secure.gravatar.com\/avatar\/cc93dbecbfc820d69a964ea4a1c72377?s=96&d=mm&r=g\",\"contentUrl\":\"https:\/\/secure.gravatar.com\/avatar\/cc93dbecbfc820d69a964ea4a1c72377?s=96&d=mm&r=g\",\"caption\":\"Miroslav Van\u011bk\"},\"sameAs\":[\"http:\/\/LUXURYMAGAZINE.cz\"],\"url\":\"https:\/\/luxurymagazine.cz\/index.php\/author\/mirvan\/\"}]}<\/script>\n<!-- \/ Yoast SEO plugin. -->","yoast_head_json":{"title":"P\u0159\u00edjemn\u00e9 prost\u0159ed\u00ed nejen v parn\u00e9m l\u00e9t\u011b s klimatizacemi Whirlpool - LUXURYMAGAZINE.cz","robots":{"index":"index","follow":"follow","max-snippet":"max-snippet:-1","max-image-preview":"max-image-preview:large","max-video-preview":"max-video-preview:-1"},"canonical":"https:\/\/luxurymagazine.cz\/index.php\/2021\/07\/26\/prijemne-prostredi-nejen-v-parnem-lete-s-klimatizacemi-whirlpool\/","og_locale":"cs_CZ","og_type":"article","og_title":"P\u0159\u00edjemn\u00e9 prost\u0159ed\u00ed nejen v parn\u00e9m l\u00e9t\u011b s klimatizacemi Whirlpool - LUXURYMAGAZINE.cz","og_description":"Nesnesiteln\u00e9 horko s&nbsp;tropick\u00fdmi dny i nocemi trv\u00e1 u\u017e i v&nbsp;na\u0161ich kon\u010din\u00e1ch st\u00e1le \u010dast\u011bji i dlouh\u00e9 t\u00fddny bez p\u0159est\u00e1vky. V&nbsp;p\u0159eh\u0159\u00e1t\u00fdch bytech a p\u016fdn\u00edch vestavb\u00e1ch pak jde sotva vydr\u017eet a jen velmi obt\u00ed\u017en\u011b sp\u00e1t. Sp\u00e1su p\u0159in\u00e1\u0161\u00ed \u00fa\u010dinn\u00e1 klimatizace. Ta kvalitn\u00ed v\u00e1m pom\u016f\u017ee zajistit ide\u00e1ln\u00ed vnit\u0159n\u00ed klima s&nbsp;tou spr\u00e1vnou teplotou, vlhkost\u00ed i proud\u011bn\u00edm vzduchu nejen v&nbsp;parn\u00e9m l\u00e9t\u011b, ale [&hellip;]","og_url":"https:\/\/luxurymagazine.cz\/index.php\/2021\/07\/26\/prijemne-prostredi-nejen-v-parnem-lete-s-klimatizacemi-whirlpool\/","og_site_name":"LUXURYMAGAZINE.cz","article_published_time":"2021-07-25T22:50:03+00:00","article_modified_time":"2021-10-28T00:56:23+00:00","og_image":[{"width":1050,"height":1050,"url":"https:\/\/luxurymagazine.cz\/wp-content\/uploads\/2021\/07\/Whirlpool-SPIW309A3WF1.jpg","type":"image\/jpeg"}],"author":"Miroslav Van\u011bk","twitter_card":"summary_large_image","twitter_misc":{"Napsal(a)":"Miroslav Van\u011bk","Odhadovan\u00e1 doba \u010dten\u00ed":"6 minut"},"schema":{"@context":"https:\/\/schema.org","@graph":[{"@type":"Article","@id":"https:\/\/luxurymagazine.cz\/index.php\/2021\/07\/26\/prijemne-prostredi-nejen-v-parnem-lete-s-klimatizacemi-whirlpool\/#article","isPartOf":{"@id":"https:\/\/luxurymagazine.cz\/index.php\/2021\/07\/26\/prijemne-prostredi-nejen-v-parnem-lete-s-klimatizacemi-whirlpool\/"},"author":{"name":"Miroslav Van\u011bk","@id":"https:\/\/luxurymagazine.cz\/#\/schema\/person\/44a069a3b1eab523585f7325b6e54254"},"headline":"P\u0159\u00edjemn\u00e9 prost\u0159ed\u00ed nejen v parn\u00e9m l\u00e9t\u011b s klimatizacemi Whirlpool","datePublished":"2021-07-25T22:50:03+00:00","dateModified":"2021-10-28T00:56:23+00:00","mainEntityOfPage":{"@id":"https:\/\/luxurymagazine.cz\/index.php\/2021\/07\/26\/prijemne-prostredi-nejen-v-parnem-lete-s-klimatizacemi-whirlpool\/"},"wordCount":1190,"publisher":{"@id":"https:\/\/luxurymagazine.cz\/#organization"},"articleSection":["BYDLEN\u00cd &amp; DESIGN","NEWS","TECHNIKA &amp; SPOT\u0158EBI\u010cE"],"inLanguage":"cs"},{"@type":"WebPage","@id":"https:\/\/luxurymagazine.cz\/index.php\/2021\/07\/26\/prijemne-prostredi-nejen-v-parnem-lete-s-klimatizacemi-whirlpool\/","url":"https:\/\/luxurymagazine.cz\/index.php\/2021\/07\/26\/prijemne-prostredi-nejen-v-parnem-lete-s-klimatizacemi-whirlpool\/","name":"P\u0159\u00edjemn\u00e9 prost\u0159ed\u00ed nejen v parn\u00e9m l\u00e9t\u011b s klimatizacemi Whirlpool - LUXURYMAGAZINE.cz","isPartOf":{"@id":"https:\/\/luxurymagazine.cz\/#website"},"datePublished":"2021-07-25T22:50:03+00:00","dateModified":"2021-10-28T00:56:23+00:00","breadcrumb":{"@id":"https:\/\/luxurymagazine.cz\/index.php\/2021\/07\/26\/prijemne-prostredi-nejen-v-parnem-lete-s-klimatizacemi-whirlpool\/#breadcrumb"},"inLanguage":"cs","potentialAction":[{"@type":"ReadAction","target":["https:\/\/luxurymagazine.cz\/index.php\/2021\/07\/26\/prijemne-prostredi-nejen-v-parnem-lete-s-klimatizacemi-whirlpool\/"]}]},{"@type":"BreadcrumbList","@id":"https:\/\/luxurymagazine.cz\/index.php\/2021\/07\/26\/prijemne-prostredi-nejen-v-parnem-lete-s-klimatizacemi-whirlpool\/#breadcrumb","itemListElement":[{"@type":"ListItem","position":1,"name":"Dom\u016f","item":"https:\/\/luxurymagazine.cz\/"},{"@type":"ListItem","position":2,"name":"P\u0159\u00edjemn\u00e9 prost\u0159ed\u00ed nejen v parn\u00e9m l\u00e9t\u011b s klimatizacemi Whirlpool"}]},{"@type":"WebSite","@id":"https:\/\/luxurymagazine.cz\/#website","url":"https:\/\/luxurymagazine.cz\/","name":"LUXURYMAGAZINE.cz","description":"Port\u00e1l v\u00fdhradn\u011b o luxusu...","publisher":{"@id":"https:\/\/luxurymagazine.cz\/#organization"},"potentialAction":[{"@type":"SearchAction","target":{"@type":"EntryPoint","urlTemplate":"https:\/\/luxurymagazine.cz\/?s={search_term_string}"},"query-input":"required name=search_term_string"}],"inLanguage":"cs"},{"@type":"Organization","@id":"https:\/\/luxurymagazine.cz\/#organization","name":"LUXURYMAGAZINE.cz","url":"https:\/\/luxurymagazine.cz\/","logo":{"@type":"ImageObject","inLanguage":"cs","@id":"https:\/\/luxurymagazine.cz\/#\/schema\/logo\/image\/","url":"https:\/\/luxurymagazine.cz\/wp-content\/uploads\/2024\/12\/cropped-Logo_LuxuryMagazine-1.jpg","contentUrl":"https:\/\/luxurymagazine.cz\/wp-content\/uploads\/2024\/12\/cropped-Logo_LuxuryMagazine-1.jpg","width":934,"height":509,"caption":"LUXURYMAGAZINE.cz"},"image":{"@id":"https:\/\/luxurymagazine.cz\/#\/schema\/logo\/image\/"}},{"@type":"Person","@id":"https:\/\/luxurymagazine.cz\/#\/schema\/person\/44a069a3b1eab523585f7325b6e54254","name":"Miroslav Van\u011bk","image":{"@type":"ImageObject","inLanguage":"cs","@id":"https:\/\/luxurymagazine.cz\/#\/schema\/person\/image\/","url":"https:\/\/secure.gravatar.com\/avatar\/cc93dbecbfc820d69a964ea4a1c72377?s=96&d=mm&r=g","contentUrl":"https:\/\/secure.gravatar.com\/avatar\/cc93dbecbfc820d69a964ea4a1c72377?s=96&d=mm&r=g","caption":"Miroslav Van\u011bk"},"sameAs":["http:\/\/LUXURYMAGAZINE.cz"],"url":"https:\/\/luxurymagazine.cz\/index.php\/author\/mirvan\/"}]}},"_links":{"self":[{"href":"https:\/\/luxurymagazine.cz\/index.php\/wp-json\/wp\/v2\/posts\/1494"}],"collection":[{"href":"https:\/\/luxurymagazine.cz\/index.php\/wp-json\/wp\/v2\/posts"}],"about":[{"href":"https:\/\/luxurymagazine.cz\/index.php\/wp-json\/wp\/v2\/types\/post"}],"author":[{"embeddable":true,"href":"https:\/\/luxurymagazine.cz\/index.php\/wp-json\/wp\/v2\/users\/3"}],"replies":[{"embeddable":true,"href":"https:\/\/luxurymagazine.cz\/index.php\/wp-json\/wp\/v2\/comments?post=1494"}],"version-history":[{"count":-1,"href":"https:\/\/luxurymagazine.cz\/index.php\/wp-json\/wp\/v2\/posts\/1494\/revisions"}],"wp:featuredmedia":[{"embeddable":true,"href":"https:\/\/luxurymagazine.cz\/index.php\/wp-json\/wp\/v2\/media\/1496"}],"wp:attachment":[{"href":"https:\/\/luxurymagazine.cz\/index.php\/wp-json\/wp\/v2\/media?parent=1494"}],"wp:term":[{"taxonomy":"category","embeddable":true,"href":"https:\/\/luxurymagazine.cz\/index.php\/wp-json\/wp\/v2\/categories?post=1494"},{"taxonomy":"post_tag","embeddable":true,"href":"https:\/\/luxurymagazine.cz\/index.php\/wp-json\/wp\/v2\/tags?post=1494"}],"curies":[{"name":"wp","href":"https:\/\/api.w.org\/{rel}","templated":true}]}}