{"id":1531,"date":"2021-08-02T13:34:52","date_gmt":"2021-08-02T11:34:52","guid":{"rendered":"https:\/\/luxurymagazine.cz\/?p=1531"},"modified":"2021-11-15T01:47:51","modified_gmt":"2021-11-15T00:47:51","slug":"bydleni-v-ojedinelem-historickem-objektu-disponuje-vernymi-replikami-fasad-krasnym-vyhledem-i-moderni-technologii","status":"publish","type":"post","link":"https:\/\/luxurymagazine.cz\/index.php\/2021\/08\/02\/bydleni-v-ojedinelem-historickem-objektu-disponuje-vernymi-replikami-fasad-krasnym-vyhledem-i-moderni-technologii\/","title":{"rendered":"Bydlen\u00ed v ojedin\u011bl\u00e9m historick\u00e9m objektu disponuje v\u011brn\u00fdmi replikami fas\u00e1d, kr\u00e1sn\u00fdm v\u00fdhledem i modern\u00ed technologi\u00ed"},"content":{"rendered":"\n<p><strong>Secesn\u00ed vila tov\u00e1rn\u00edka Karla Pa\u0161ka v&nbsp;historick\u00e9m centru pra\u017esk\u00e9ho Sm\u00edchova z\u00edskala nov\u00fd punc. Spole\u010dnost Premiot Group vytvo\u0159ila unik\u00e1tn\u00ed, velmi luxusn\u00ed bydlen\u00ed pro n\u00e1ro\u010dn\u00e9ho klienta ve velmi \u017e\u00e1dan\u00e9 lokalit\u011b vilov\u00fdch dom\u016f s kr\u00e1sn\u00fdm v\u00fdhledem na Prahu a z\u00e1rove\u0148 do okoln\u00ed zelen\u011b.<\/strong><\/p>\n\n\n\n<figure class=\"wp-block-image size-large\"><img decoding=\"async\" loading=\"lazy\" width=\"1024\" height=\"803\" src=\"https:\/\/luxurymagazine.cz\/wp-content\/uploads\/2021\/08\/NA-DOUBKOVE-02-1024x803.jpg\" alt=\"\" class=\"wp-image-1532\" srcset=\"https:\/\/luxurymagazine.cz\/wp-content\/uploads\/2021\/08\/NA-DOUBKOVE-02-1024x803.jpg 1024w, https:\/\/luxurymagazine.cz\/wp-content\/uploads\/2021\/08\/NA-DOUBKOVE-02-300x235.jpg 300w, https:\/\/luxurymagazine.cz\/wp-content\/uploads\/2021\/08\/NA-DOUBKOVE-02-768x602.jpg 768w, https:\/\/luxurymagazine.cz\/wp-content\/uploads\/2021\/08\/NA-DOUBKOVE-02.jpg 1250w\" sizes=\"(max-width: 1024px) 100vw, 1024px\" \/><\/figure>\n\n\n\n<p>\u201e<em><strong>Hlavn\u00ed dominantou projektu je n\u00e1dhern\u00e1 rekonstruovan\u00e1 secesn\u00ed vila tov\u00e1rn\u00edka Karla Pa\u0161ka, kterou pro n\u011bj navrhl a v letech 1912 a 1913 postavil architekt Miroslav W\u00e1gner.<\/strong> Zachovali jsme ve\u0161ker\u00e9 p\u016fvodn\u00ed fas\u00e1dn\u00ed prvky. Z\u00e1bradl\u00ed, okenn\u00ed v\u00fdpln\u011b, vstupn\u00ed dve\u0159e jsou v\u011brn\u00fdmi replikami p\u016fvodn\u00edch secesn\u00edch origin\u00e1l\u016f s maxim\u00e1ln\u00edm zam\u011b\u0159en\u00edm na detail. Budova nab\u00edz\u00ed celkem \u010dty\u0159i byty, dispozice a technick\u00e9 \u0159e\u0161en\u00ed je navr\u017eeno s d\u016frazem na vysok\u00fd modern\u00ed standard bydlen\u00ed, funk\u010dnost a komfort,\u201c<\/em> <strong>\u0159ekl zakladatel skupiny Premiot Group Ondrej Spodniak<\/strong>.<\/p>\n\n\n\n<div style=\"height:20px\" aria-hidden=\"true\" class=\"wp-block-spacer\"><\/div>\n\n\n\n<figure class=\"wp-block-image size-large\"><img decoding=\"async\" src=\"https:\/\/homemagazine.cz\/wp-content\/uploads\/2021\/08\/NA-DOUBKOVE-07-840x630.jpg\" alt=\"\" class=\"wp-image-2426\"\/><\/figure>\n\n\n\n<p>Vila byla zkolaudov\u00e1na v&nbsp;roce 2020 a je p\u0159ipravena k&nbsp;okam\u017eit\u00e9mu u\u017e\u00edv\u00e1n\u00ed. Budova nab\u00edz\u00ed celkem \u010dty\u0159i bytov\u00e9 jednotky ve velikosti od 3+kk do 5+kk, p\u0159i\u010dem\u017e nejv\u011bt\u0161\u00ed byt disponuje velikost\u00ed t\u00e9m\u011b\u0159 250 m<sup>2<\/sup>. Na t\u0159et\u00edm podla\u017e\u00ed je byt roz\u0161\u00ed\u0159en o podkrovn\u00ed prostory. Ka\u017ed\u00fd byt je bezbari\u00e9rov\u011b p\u0159\u00edstupn\u00fd z v\u00fdtahu a rovn\u011b\u017e po renovovan\u00e9m schodi\u0161ti. Dopl\u0148kem stavby jsou gar\u00e1\u017ee, kter\u00e9 bydlen\u00ed sv\u00fdmi \u0161esti parkovac\u00edmi m\u00edsty posunuje do modern\u00ed doby. Celkov\u00e1 plocha pozemku \u010din\u00ed 916 metr\u016f \u010dtvere\u010dn\u00edch a celkov\u00e1 plocha domu je 971,8 m<sup>2<\/sup>. Komplex nab\u00edz\u00ed je\u0161t\u011b dal\u0161\u00ed dv\u011b venkovn\u00ed parkovac\u00ed st\u00e1n\u00ed. Sou\u010d\u00e1st\u00ed je i priv\u00e1tn\u00ed zahrada o v\u00fdm\u011b\u0159e 91 metr\u016f \u010dtvere\u010dn\u00edch a spole\u010dn\u00e1 zahrada a dv\u016fr o plo\u0161e 394 metr\u016f \u010dtvere\u010dn\u00edch.<\/p>\n\n\n\n<figure class=\"wp-block-image size-large\"><img decoding=\"async\" src=\"https:\/\/homemagazine.cz\/wp-content\/uploads\/2021\/08\/PEG_5537-840x708.jpeg\" alt=\"\" class=\"wp-image-2440\"\/><\/figure>\n\n\n\n<p><strong>Vila s&nbsp;luxusn\u00edmi byty je investi\u010dn\u011b koncipov\u00e1na jako v\u00fdnosov\u00e1 nemovitost nejvy\u0161\u0161\u00edch standard\u016f. Prodejn\u00ed cena cel\u00e9 vily je 136 900 000 K\u010d.<\/strong><\/p>\n\n\n\n<p>Dispozice a technick\u00e9 \u0159e\u0161en\u00ed byt\u016f jsou navr\u017eeny s d\u016frazem na modern\u00ed pohodl\u00ed, funk\u010dnost a komfort. <em>\u201eV\u00fdjime\u010dn\u00e1 budova, skv\u011bl\u00e1 spolupr\u00e1ce s&nbsp;klientem a cel\u00fdm t\u00fdmem lid\u00ed od in\u017een\u00fdringu po posledn\u00edho \u0159emesln\u00edka, velmi dobr\u00fd pocit ze spole\u010dn\u00e9ho v\u00fdsledku. Cel\u00e9mu projektu jsme se s&nbsp;pokorou velmi d\u016fkladn\u011b v\u011bnovali a s klientem osobn\u011b dohl\u00ed\u017eeli na proveden\u00ed v\u0161ech detail\u016f. Vila se stala mou srdcovou z\u00e1le\u017eitost\u00ed,\u201c<\/em> <strong>zhodnotil projekt architekt Ji\u0159\u00ed Soukup ze spole\u010dnosti SM ARCHITECTS, kter\u00e1 stoj\u00ed za sou\u010dasnou podobou vily<\/strong>.<\/p>\n\n\n\n<figure class=\"wp-block-gallery columns-2 is-cropped wp-block-gallery-1 is-layout-flex wp-block-gallery-is-layout-flex\"><ul class=\"blocks-gallery-grid\"><li class=\"blocks-gallery-item\"><figure><img decoding=\"async\" src=\"https:\/\/homemagazine.cz\/wp-content\/uploads\/2021\/08\/PEG_5508-840x560.jpeg\" alt=\"\" data-id=\"2437\" data-full-url=\"https:\/\/homemagazine.cz\/wp-content\/uploads\/2021\/08\/PEG_5508.jpeg\" data-link=\"https:\/\/homemagazine.cz\/?attachment_id=2437\" class=\"wp-image-2437\"\/><\/figure><\/li><li class=\"blocks-gallery-item\"><figure><img decoding=\"async\" src=\"https:\/\/homemagazine.cz\/wp-content\/uploads\/2021\/08\/PEG_5564-840x560.jpeg\" alt=\"\" data-id=\"2441\" data-full-url=\"https:\/\/homemagazine.cz\/wp-content\/uploads\/2021\/08\/PEG_5564.jpeg\" data-link=\"https:\/\/homemagazine.cz\/?attachment_id=2441\" class=\"wp-image-2441\"\/><\/figure><\/li><li class=\"blocks-gallery-item\"><figure><img decoding=\"async\" src=\"https:\/\/homemagazine.cz\/wp-content\/uploads\/2021\/08\/PEG_5529-840x560.jpeg\" alt=\"\" data-id=\"2439\" data-full-url=\"https:\/\/homemagazine.cz\/wp-content\/uploads\/2021\/08\/PEG_5529.jpeg\" data-link=\"https:\/\/homemagazine.cz\/?attachment_id=2439\" class=\"wp-image-2439\"\/><\/figure><\/li><\/ul><\/figure>\n\n\n\n<p>Luxusn\u00ed byty jsou vybaveny inteligentn\u00edm \u0159\u00edzen\u00edm \u2013 Regulace Siemens &#8222;Smart Home&#8220;, kter\u00e1 se d\u00e1 ovl\u00e1dat i mobiln\u00edm telefonem na d\u00e1lku. Ka\u017ed\u00fd z byt\u016f je klimatizov\u00e1n inteligentn\u00ed technologi\u00ed zna\u010dky LG inverter, kter\u00e1 umo\u017en\u00ed \u0161et\u0159it energii a n\u00e1klady. Vyt\u00e1p\u011bn\u00ed a klimatizace se daj\u00ed ovl\u00e1dat pomoc\u00ed chytr\u00e9ho telefonu. V\u0161echny byty jsou vybaveny vysoce nadstandardn\u00edmi d\u0159ev\u011bn\u00fdmi anglick\u00fdmi kuchyn\u011bmi ru\u010dn\u00ed v\u00fdroby od spole\u010dnosti Annie Edward a nejvy\u0161\u0161\u00ed \u0159adou spot\u0159ebi\u010d\u016f zna\u010dky De Dietrich.<\/p>\n\n\n\n<figure class=\"wp-block-image size-large\"><img decoding=\"async\" src=\"https:\/\/homemagazine.cz\/wp-content\/uploads\/2021\/08\/PEG_5520-840x560.jpeg\" alt=\"\" class=\"wp-image-2438\"\/><\/figure>\n\n\n\n<p>Prodejn\u00edm partnerem je spole\u010dnost Boutiq Real Estate, exkluzivn\u00ed realitn\u00ed spole\u010dnost, kter\u00e1 se specializuje na zprost\u0159edkov\u00e1n\u00ed prodeje high-end nemovitost\u00ed v Praze. <\/p>\n\n\n\n<figure class=\"wp-block-gallery columns-2 is-cropped wp-block-gallery-3 is-layout-flex wp-block-gallery-is-layout-flex\"><ul class=\"blocks-gallery-grid\"><li class=\"blocks-gallery-item\"><figure><img decoding=\"async\" src=\"https:\/\/homemagazine.cz\/wp-content\/uploads\/2021\/08\/PEG_5503-840x560.jpeg\" alt=\"\" data-id=\"2436\" data-full-url=\"https:\/\/homemagazine.cz\/wp-content\/uploads\/2021\/08\/PEG_5503.jpeg\" data-link=\"https:\/\/homemagazine.cz\/?attachment_id=2436\" class=\"wp-image-2436\"\/><\/figure><\/li><li class=\"blocks-gallery-item\"><figure><img decoding=\"async\" src=\"https:\/\/homemagazine.cz\/wp-content\/uploads\/2021\/08\/PEG_5487-840x560.jpeg\" alt=\"\" data-id=\"2434\" data-full-url=\"https:\/\/homemagazine.cz\/wp-content\/uploads\/2021\/08\/PEG_5487.jpeg\" data-link=\"https:\/\/homemagazine.cz\/?attachment_id=2434\" class=\"wp-image-2434\"\/><\/figure><\/li><\/ul><\/figure>\n\n\n\n<p><em>\u201eZ\u00e1jemci o exkluzivn\u00ed nemovitosti, jako je vila Na Doubkov\u00e9 2, up\u0159ednost\u0148uj\u00ed v\u017edy investice do nemovitost\u00ed v \u017e\u00e1dan\u00fdch a luxusn\u00edch lokalit\u00e1ch. Pr\u00e1v\u011b lokalita je pro n\u011b z\u00e1rukou dobr\u00e9 investice, nebo\u0165 cena t\u00e9to nemovitosti bude v budoucnosti jen r\u016fst. Objekt bude l\u00e1kat prim\u00e1rn\u011b dva typy koncov\u00e9ho z\u00e1kazn\u00edka. Jednak je to investor, kter\u00fd ukl\u00e1d\u00e1 do nemovitost\u00ed prost\u0159edky a jednotliv\u00e9 byty bude pronaj\u00edmat. Druh\u00fdm motivem k n\u00e1kupu je investice firmou, typov\u011b estetickou \u010di zubn\u00ed klinikou nebo pr\u00e1vnickou kancel\u00e1\u0159\u00ed,\u201c<\/em><strong> shrnul Petr M\u00edka, v\u00fdkonn\u00fd \u0159editel spole\u010dnosti Boutiq Real Estate<\/strong>.<\/p>\n\n\n\n<div style=\"height:20px\" aria-hidden=\"true\" class=\"wp-block-spacer\"><\/div>\n\n\n\n<p><strong>V\u00edce informac\u00ed naleznete na:&nbsp;<a href=\"https:\/\/www.nadoubkove.cz\/\">www.nadoubkove.cz<\/a><\/strong>.<\/p>\n\n\n\n<div style=\"height:33px\" aria-hidden=\"true\" class=\"wp-block-spacer\"><\/div>\n\n\n\n<figure class=\"wp-block-gallery columns-2 is-cropped wp-block-gallery-5 is-layout-flex wp-block-gallery-is-layout-flex\"><ul class=\"blocks-gallery-grid\"><li class=\"blocks-gallery-item\"><figure><img decoding=\"async\" loading=\"lazy\" width=\"1024\" height=\"803\" src=\"https:\/\/luxurymagazine.cz\/wp-content\/uploads\/2021\/08\/NA-DOUBKOVE-02-1024x803.jpg\" alt=\"\" data-id=\"1532\" data-link=\"https:\/\/luxurymagazine.cz\/?attachment_id=1532\" class=\"wp-image-1532\" srcset=\"https:\/\/luxurymagazine.cz\/wp-content\/uploads\/2021\/08\/NA-DOUBKOVE-02-1024x803.jpg 1024w, https:\/\/luxurymagazine.cz\/wp-content\/uploads\/2021\/08\/NA-DOUBKOVE-02-300x235.jpg 300w, https:\/\/luxurymagazine.cz\/wp-content\/uploads\/2021\/08\/NA-DOUBKOVE-02-768x602.jpg 768w, https:\/\/luxurymagazine.cz\/wp-content\/uploads\/2021\/08\/NA-DOUBKOVE-02.jpg 1250w\" sizes=\"(max-width: 1024px) 100vw, 1024px\" \/><\/figure><\/li><li class=\"blocks-gallery-item\"><figure><img decoding=\"async\" loading=\"lazy\" width=\"1024\" height=\"768\" src=\"https:\/\/luxurymagazine.cz\/wp-content\/uploads\/2021\/08\/NA-DOUBKOVE-07-1024x768.jpg\" alt=\"\" data-id=\"1533\" data-link=\"https:\/\/luxurymagazine.cz\/?attachment_id=1533\" class=\"wp-image-1533\" srcset=\"https:\/\/luxurymagazine.cz\/wp-content\/uploads\/2021\/08\/NA-DOUBKOVE-07-1024x768.jpg 1024w, https:\/\/luxurymagazine.cz\/wp-content\/uploads\/2021\/08\/NA-DOUBKOVE-07-300x225.jpg 300w, https:\/\/luxurymagazine.cz\/wp-content\/uploads\/2021\/08\/NA-DOUBKOVE-07-768x576.jpg 768w, https:\/\/luxurymagazine.cz\/wp-content\/uploads\/2021\/08\/NA-DOUBKOVE-07.jpg 1250w\" sizes=\"(max-width: 1024px) 100vw, 1024px\" \/><\/figure><\/li><li class=\"blocks-gallery-item\"><figure><img decoding=\"async\" loading=\"lazy\" width=\"1024\" height=\"768\" src=\"https:\/\/luxurymagazine.cz\/wp-content\/uploads\/2021\/08\/NA-DOUBKOVE-10-1024x768.jpg\" alt=\"\" data-id=\"1534\" data-link=\"https:\/\/luxurymagazine.cz\/?attachment_id=1534\" class=\"wp-image-1534\" srcset=\"https:\/\/luxurymagazine.cz\/wp-content\/uploads\/2021\/08\/NA-DOUBKOVE-10-1024x768.jpg 1024w, https:\/\/luxurymagazine.cz\/wp-content\/uploads\/2021\/08\/NA-DOUBKOVE-10-300x225.jpg 300w, https:\/\/luxurymagazine.cz\/wp-content\/uploads\/2021\/08\/NA-DOUBKOVE-10-768x576.jpg 768w, https:\/\/luxurymagazine.cz\/wp-content\/uploads\/2021\/08\/NA-DOUBKOVE-10.jpg 1250w\" sizes=\"(max-width: 1024px) 100vw, 1024px\" \/><\/figure><\/li><li class=\"blocks-gallery-item\"><figure><img decoding=\"async\" loading=\"lazy\" width=\"1024\" height=\"683\" src=\"https:\/\/luxurymagazine.cz\/wp-content\/uploads\/2021\/08\/PEG_0066-1024x683.jpeg\" alt=\"\" data-id=\"1537\" data-link=\"https:\/\/luxurymagazine.cz\/?attachment_id=1537\" class=\"wp-image-1537\" srcset=\"https:\/\/luxurymagazine.cz\/wp-content\/uploads\/2021\/08\/PEG_0066-1024x683.jpeg 1024w, https:\/\/luxurymagazine.cz\/wp-content\/uploads\/2021\/08\/PEG_0066-300x200.jpeg 300w, https:\/\/luxurymagazine.cz\/wp-content\/uploads\/2021\/08\/PEG_0066-768x512.jpeg 768w, https:\/\/luxurymagazine.cz\/wp-content\/uploads\/2021\/08\/PEG_0066.jpeg 1250w\" sizes=\"(max-width: 1024px) 100vw, 1024px\" \/><\/figure><\/li><li class=\"blocks-gallery-item\"><figure><img decoding=\"async\" loading=\"lazy\" width=\"1024\" height=\"683\" src=\"https:\/\/luxurymagazine.cz\/wp-content\/uploads\/2021\/08\/PEG_0062-1024x683.jpeg\" alt=\"\" data-id=\"1535\" data-link=\"https:\/\/luxurymagazine.cz\/?attachment_id=1535\" class=\"wp-image-1535\" srcset=\"https:\/\/luxurymagazine.cz\/wp-content\/uploads\/2021\/08\/PEG_0062-1024x683.jpeg 1024w, https:\/\/luxurymagazine.cz\/wp-content\/uploads\/2021\/08\/PEG_0062-300x200.jpeg 300w, https:\/\/luxurymagazine.cz\/wp-content\/uploads\/2021\/08\/PEG_0062-768x512.jpeg 768w, https:\/\/luxurymagazine.cz\/wp-content\/uploads\/2021\/08\/PEG_0062.jpeg 1250w\" sizes=\"(max-width: 1024px) 100vw, 1024px\" \/><\/figure><\/li><li class=\"blocks-gallery-item\"><figure><img decoding=\"async\" loading=\"lazy\" width=\"1024\" height=\"683\" src=\"https:\/\/luxurymagazine.cz\/wp-content\/uploads\/2021\/08\/PEG_0064-1024x683.jpeg\" alt=\"\" data-id=\"1536\" data-link=\"https:\/\/luxurymagazine.cz\/?attachment_id=1536\" class=\"wp-image-1536\" srcset=\"https:\/\/luxurymagazine.cz\/wp-content\/uploads\/2021\/08\/PEG_0064-1024x683.jpeg 1024w, https:\/\/luxurymagazine.cz\/wp-content\/uploads\/2021\/08\/PEG_0064-300x200.jpeg 300w, https:\/\/luxurymagazine.cz\/wp-content\/uploads\/2021\/08\/PEG_0064-768x512.jpeg 768w, https:\/\/luxurymagazine.cz\/wp-content\/uploads\/2021\/08\/PEG_0064.jpeg 1250w\" sizes=\"(max-width: 1024px) 100vw, 1024px\" \/><\/figure><\/li><li class=\"blocks-gallery-item\"><figure><img decoding=\"async\" loading=\"lazy\" width=\"1024\" height=\"683\" src=\"https:\/\/luxurymagazine.cz\/wp-content\/uploads\/2021\/08\/PEG_0067-1024x683.jpeg\" alt=\"\" data-id=\"1538\" data-link=\"https:\/\/luxurymagazine.cz\/?attachment_id=1538\" class=\"wp-image-1538\" srcset=\"https:\/\/luxurymagazine.cz\/wp-content\/uploads\/2021\/08\/PEG_0067-1024x683.jpeg 1024w, https:\/\/luxurymagazine.cz\/wp-content\/uploads\/2021\/08\/PEG_0067-300x200.jpeg 300w, https:\/\/luxurymagazine.cz\/wp-content\/uploads\/2021\/08\/PEG_0067-768x512.jpeg 768w, https:\/\/luxurymagazine.cz\/wp-content\/uploads\/2021\/08\/PEG_0067.jpeg 1250w\" sizes=\"(max-width: 1024px) 100vw, 1024px\" \/><\/figure><\/li><li class=\"blocks-gallery-item\"><figure><img decoding=\"async\" loading=\"lazy\" width=\"1024\" height=\"863\" src=\"https:\/\/luxurymagazine.cz\/wp-content\/uploads\/2021\/08\/PEG_5537-1024x863.jpeg\" alt=\"\" data-id=\"1547\" data-link=\"https:\/\/luxurymagazine.cz\/?attachment_id=1547\" class=\"wp-image-1547\" srcset=\"https:\/\/luxurymagazine.cz\/wp-content\/uploads\/2021\/08\/PEG_5537-1024x863.jpeg 1024w, https:\/\/luxurymagazine.cz\/wp-content\/uploads\/2021\/08\/PEG_5537-300x253.jpeg 300w, https:\/\/luxurymagazine.cz\/wp-content\/uploads\/2021\/08\/PEG_5537-768x648.jpeg 768w, https:\/\/luxurymagazine.cz\/wp-content\/uploads\/2021\/08\/PEG_5537.jpeg 1250w\" sizes=\"(max-width: 1024px) 100vw, 1024px\" \/><\/figure><\/li><li class=\"blocks-gallery-item\"><figure><img decoding=\"async\" loading=\"lazy\" width=\"1024\" height=\"682\" src=\"https:\/\/luxurymagazine.cz\/wp-content\/uploads\/2021\/08\/PEG_5476-1024x682.jpeg\" alt=\"\" data-id=\"1539\" data-link=\"https:\/\/luxurymagazine.cz\/?attachment_id=1539\" class=\"wp-image-1539\" srcset=\"https:\/\/luxurymagazine.cz\/wp-content\/uploads\/2021\/08\/PEG_5476-1024x682.jpeg 1024w, https:\/\/luxurymagazine.cz\/wp-content\/uploads\/2021\/08\/PEG_5476-300x200.jpeg 300w, https:\/\/luxurymagazine.cz\/wp-content\/uploads\/2021\/08\/PEG_5476-768x512.jpeg 768w, https:\/\/luxurymagazine.cz\/wp-content\/uploads\/2021\/08\/PEG_5476-730x485.jpeg 730w, https:\/\/luxurymagazine.cz\/wp-content\/uploads\/2021\/08\/PEG_5476.jpeg 1250w\" sizes=\"(max-width: 1024px) 100vw, 1024px\" \/><\/figure><\/li><li class=\"blocks-gallery-item\"><figure><img decoding=\"async\" loading=\"lazy\" width=\"1024\" height=\"682\" src=\"https:\/\/luxurymagazine.cz\/wp-content\/uploads\/2021\/08\/PEG_5483-1024x682.jpeg\" alt=\"\" data-id=\"1540\" data-link=\"https:\/\/luxurymagazine.cz\/?attachment_id=1540\" class=\"wp-image-1540\" srcset=\"https:\/\/luxurymagazine.cz\/wp-content\/uploads\/2021\/08\/PEG_5483-1024x682.jpeg 1024w, https:\/\/luxurymagazine.cz\/wp-content\/uploads\/2021\/08\/PEG_5483-300x200.jpeg 300w, https:\/\/luxurymagazine.cz\/wp-content\/uploads\/2021\/08\/PEG_5483-768x512.jpeg 768w, https:\/\/luxurymagazine.cz\/wp-content\/uploads\/2021\/08\/PEG_5483-730x485.jpeg 730w, https:\/\/luxurymagazine.cz\/wp-content\/uploads\/2021\/08\/PEG_5483.jpeg 1250w\" sizes=\"(max-width: 1024px) 100vw, 1024px\" \/><\/figure><\/li><li class=\"blocks-gallery-item\"><figure><img decoding=\"async\" loading=\"lazy\" width=\"1024\" height=\"682\" src=\"https:\/\/luxurymagazine.cz\/wp-content\/uploads\/2021\/08\/PEG_5503-1024x682.jpeg\" alt=\"\" data-id=\"1543\" data-link=\"https:\/\/luxurymagazine.cz\/?attachment_id=1543\" class=\"wp-image-1543\" srcset=\"https:\/\/luxurymagazine.cz\/wp-content\/uploads\/2021\/08\/PEG_5503-1024x682.jpeg 1024w, https:\/\/luxurymagazine.cz\/wp-content\/uploads\/2021\/08\/PEG_5503-300x200.jpeg 300w, https:\/\/luxurymagazine.cz\/wp-content\/uploads\/2021\/08\/PEG_5503-768x512.jpeg 768w, https:\/\/luxurymagazine.cz\/wp-content\/uploads\/2021\/08\/PEG_5503-730x485.jpeg 730w, https:\/\/luxurymagazine.cz\/wp-content\/uploads\/2021\/08\/PEG_5503.jpeg 1250w\" sizes=\"(max-width: 1024px) 100vw, 1024px\" \/><\/figure><\/li><li class=\"blocks-gallery-item\"><figure><img decoding=\"async\" loading=\"lazy\" width=\"1024\" height=\"682\" src=\"https:\/\/luxurymagazine.cz\/wp-content\/uploads\/2021\/08\/PEG_5529-1024x682.jpeg\" alt=\"\" data-id=\"1546\" data-link=\"https:\/\/luxurymagazine.cz\/?attachment_id=1546\" class=\"wp-image-1546\" srcset=\"https:\/\/luxurymagazine.cz\/wp-content\/uploads\/2021\/08\/PEG_5529-1024x682.jpeg 1024w, https:\/\/luxurymagazine.cz\/wp-content\/uploads\/2021\/08\/PEG_5529-300x200.jpeg 300w, https:\/\/luxurymagazine.cz\/wp-content\/uploads\/2021\/08\/PEG_5529-768x512.jpeg 768w, https:\/\/luxurymagazine.cz\/wp-content\/uploads\/2021\/08\/PEG_5529-730x485.jpeg 730w, https:\/\/luxurymagazine.cz\/wp-content\/uploads\/2021\/08\/PEG_5529.jpeg 1250w\" sizes=\"(max-width: 1024px) 100vw, 1024px\" \/><\/figure><\/li><li class=\"blocks-gallery-item\"><figure><img decoding=\"async\" loading=\"lazy\" width=\"1024\" height=\"682\" src=\"https:\/\/luxurymagazine.cz\/wp-content\/uploads\/2021\/08\/PEG_5495-1024x682.jpeg\" alt=\"\" data-id=\"1542\" data-link=\"https:\/\/luxurymagazine.cz\/?attachment_id=1542\" class=\"wp-image-1542\" srcset=\"https:\/\/luxurymagazine.cz\/wp-content\/uploads\/2021\/08\/PEG_5495-1024x682.jpeg 1024w, https:\/\/luxurymagazine.cz\/wp-content\/uploads\/2021\/08\/PEG_5495-300x200.jpeg 300w, https:\/\/luxurymagazine.cz\/wp-content\/uploads\/2021\/08\/PEG_5495-768x512.jpeg 768w, https:\/\/luxurymagazine.cz\/wp-content\/uploads\/2021\/08\/PEG_5495-730x485.jpeg 730w, https:\/\/luxurymagazine.cz\/wp-content\/uploads\/2021\/08\/PEG_5495.jpeg 1250w\" sizes=\"(max-width: 1024px) 100vw, 1024px\" \/><\/figure><\/li><li class=\"blocks-gallery-item\"><figure><img decoding=\"async\" loading=\"lazy\" width=\"1024\" height=\"682\" src=\"https:\/\/luxurymagazine.cz\/wp-content\/uploads\/2021\/08\/PEG_5520-1024x682.jpeg\" alt=\"\" data-id=\"1545\" data-link=\"https:\/\/luxurymagazine.cz\/?attachment_id=1545\" class=\"wp-image-1545\" srcset=\"https:\/\/luxurymagazine.cz\/wp-content\/uploads\/2021\/08\/PEG_5520-1024x682.jpeg 1024w, https:\/\/luxurymagazine.cz\/wp-content\/uploads\/2021\/08\/PEG_5520-300x200.jpeg 300w, https:\/\/luxurymagazine.cz\/wp-content\/uploads\/2021\/08\/PEG_5520-768x512.jpeg 768w, https:\/\/luxurymagazine.cz\/wp-content\/uploads\/2021\/08\/PEG_5520-730x485.jpeg 730w, https:\/\/luxurymagazine.cz\/wp-content\/uploads\/2021\/08\/PEG_5520.jpeg 1250w\" sizes=\"(max-width: 1024px) 100vw, 1024px\" \/><\/figure><\/li><li class=\"blocks-gallery-item\"><figure><img decoding=\"async\" loading=\"lazy\" width=\"1024\" height=\"682\" src=\"https:\/\/luxurymagazine.cz\/wp-content\/uploads\/2021\/08\/PEG_5487-1024x682.jpeg\" alt=\"\" data-id=\"1541\" data-link=\"https:\/\/luxurymagazine.cz\/?attachment_id=1541\" class=\"wp-image-1541\" srcset=\"https:\/\/luxurymagazine.cz\/wp-content\/uploads\/2021\/08\/PEG_5487-1024x682.jpeg 1024w, https:\/\/luxurymagazine.cz\/wp-content\/uploads\/2021\/08\/PEG_5487-300x200.jpeg 300w, https:\/\/luxurymagazine.cz\/wp-content\/uploads\/2021\/08\/PEG_5487-768x512.jpeg 768w, https:\/\/luxurymagazine.cz\/wp-content\/uploads\/2021\/08\/PEG_5487-730x485.jpeg 730w, https:\/\/luxurymagazine.cz\/wp-content\/uploads\/2021\/08\/PEG_5487.jpeg 1250w\" sizes=\"(max-width: 1024px) 100vw, 1024px\" \/><\/figure><\/li><li class=\"blocks-gallery-item\"><figure><img decoding=\"async\" loading=\"lazy\" width=\"682\" height=\"1024\" src=\"https:\/\/luxurymagazine.cz\/wp-content\/uploads\/2021\/08\/Premiot-Group-Investice-do-nemovitost\u00ed-projekt-na-Doubkove-7-682x1024.jpg\" alt=\"\" data-id=\"1549\" data-link=\"https:\/\/luxurymagazine.cz\/?attachment_id=1549\" class=\"wp-image-1549\" srcset=\"https:\/\/luxurymagazine.cz\/wp-content\/uploads\/2021\/08\/Premiot-Group-Investice-do-nemovitost\u00ed-projekt-na-Doubkove-7-682x1024.jpg 682w, https:\/\/luxurymagazine.cz\/wp-content\/uploads\/2021\/08\/Premiot-Group-Investice-do-nemovitost\u00ed-projekt-na-Doubkove-7-200x300.jpg 200w, https:\/\/luxurymagazine.cz\/wp-content\/uploads\/2021\/08\/Premiot-Group-Investice-do-nemovitost\u00ed-projekt-na-Doubkove-7-768x1152.jpg 768w, https:\/\/luxurymagazine.cz\/wp-content\/uploads\/2021\/08\/Premiot-Group-Investice-do-nemovitost\u00ed-projekt-na-Doubkove-7.jpg 833w\" sizes=\"(max-width: 682px) 100vw, 682px\" \/><\/figure><\/li><li class=\"blocks-gallery-item\"><figure><img decoding=\"async\" loading=\"lazy\" width=\"1024\" height=\"682\" src=\"https:\/\/luxurymagazine.cz\/wp-content\/uploads\/2021\/08\/Premiot-Group-Investice-do-nemovitost\u00ed-projekt-na-Doubkove-9-1024x682.jpg\" alt=\"\" data-id=\"1550\" data-link=\"https:\/\/luxurymagazine.cz\/?attachment_id=1550\" class=\"wp-image-1550\" srcset=\"https:\/\/luxurymagazine.cz\/wp-content\/uploads\/2021\/08\/Premiot-Group-Investice-do-nemovitost\u00ed-projekt-na-Doubkove-9-1024x682.jpg 1024w, https:\/\/luxurymagazine.cz\/wp-content\/uploads\/2021\/08\/Premiot-Group-Investice-do-nemovitost\u00ed-projekt-na-Doubkove-9-300x200.jpg 300w, https:\/\/luxurymagazine.cz\/wp-content\/uploads\/2021\/08\/Premiot-Group-Investice-do-nemovitost\u00ed-projekt-na-Doubkove-9-768x512.jpg 768w, https:\/\/luxurymagazine.cz\/wp-content\/uploads\/2021\/08\/Premiot-Group-Investice-do-nemovitost\u00ed-projekt-na-Doubkove-9-730x485.jpg 730w, https:\/\/luxurymagazine.cz\/wp-content\/uploads\/2021\/08\/Premiot-Group-Investice-do-nemovitost\u00ed-projekt-na-Doubkove-9.jpg 1250w\" sizes=\"(max-width: 1024px) 100vw, 1024px\" \/><\/figure><\/li><li class=\"blocks-gallery-item\"><figure><img decoding=\"async\" loading=\"lazy\" width=\"1024\" height=\"626\" src=\"https:\/\/luxurymagazine.cz\/wp-content\/uploads\/2021\/08\/NA-DOUBKOVE-VYSSI-PATRA-28-1024x626.jpg\" alt=\"\" data-id=\"1551\" data-full-url=\"https:\/\/luxurymagazine.cz\/wp-content\/uploads\/2021\/08\/NA-DOUBKOVE-VYSSI-PATRA-28.jpg\" data-link=\"https:\/\/luxurymagazine.cz\/?attachment_id=1551\" class=\"wp-image-1551\" srcset=\"https:\/\/luxurymagazine.cz\/wp-content\/uploads\/2021\/08\/NA-DOUBKOVE-VYSSI-PATRA-28-1024x626.jpg 1024w, https:\/\/luxurymagazine.cz\/wp-content\/uploads\/2021\/08\/NA-DOUBKOVE-VYSSI-PATRA-28-300x183.jpg 300w, https:\/\/luxurymagazine.cz\/wp-content\/uploads\/2021\/08\/NA-DOUBKOVE-VYSSI-PATRA-28-768x469.jpg 768w, https:\/\/luxurymagazine.cz\/wp-content\/uploads\/2021\/08\/NA-DOUBKOVE-VYSSI-PATRA-28.jpg 1250w\" sizes=\"(max-width: 1024px) 100vw, 1024px\" \/><\/figure><\/li><li class=\"blocks-gallery-item\"><figure><img decoding=\"async\" loading=\"lazy\" width=\"1024\" height=\"682\" src=\"https:\/\/luxurymagazine.cz\/wp-content\/uploads\/2021\/08\/PEG_5508-1024x682.jpeg\" alt=\"\" data-id=\"1544\" data-link=\"https:\/\/luxurymagazine.cz\/?attachment_id=1544\" class=\"wp-image-1544\" srcset=\"https:\/\/luxurymagazine.cz\/wp-content\/uploads\/2021\/08\/PEG_5508-1024x682.jpeg 1024w, https:\/\/luxurymagazine.cz\/wp-content\/uploads\/2021\/08\/PEG_5508-300x200.jpeg 300w, https:\/\/luxurymagazine.cz\/wp-content\/uploads\/2021\/08\/PEG_5508-768x512.jpeg 768w, https:\/\/luxurymagazine.cz\/wp-content\/uploads\/2021\/08\/PEG_5508-730x485.jpeg 730w, https:\/\/luxurymagazine.cz\/wp-content\/uploads\/2021\/08\/PEG_5508.jpeg 1250w\" sizes=\"(max-width: 1024px) 100vw, 1024px\" \/><\/figure><\/li><li class=\"blocks-gallery-item\"><figure><img decoding=\"async\" loading=\"lazy\" width=\"1024\" height=\"682\" src=\"https:\/\/luxurymagazine.cz\/wp-content\/uploads\/2021\/08\/PEG_5564-1024x682.jpeg\" alt=\"\" data-id=\"1548\" data-link=\"https:\/\/luxurymagazine.cz\/?attachment_id=1548\" class=\"wp-image-1548\" srcset=\"https:\/\/luxurymagazine.cz\/wp-content\/uploads\/2021\/08\/PEG_5564-1024x682.jpeg 1024w, https:\/\/luxurymagazine.cz\/wp-content\/uploads\/2021\/08\/PEG_5564-300x200.jpeg 300w, https:\/\/luxurymagazine.cz\/wp-content\/uploads\/2021\/08\/PEG_5564-768x512.jpeg 768w, https:\/\/luxurymagazine.cz\/wp-content\/uploads\/2021\/08\/PEG_5564-730x485.jpeg 730w, https:\/\/luxurymagazine.cz\/wp-content\/uploads\/2021\/08\/PEG_5564.jpeg 1250w\" sizes=\"(max-width: 1024px) 100vw, 1024px\" \/><\/figure><\/li><\/ul><\/figure>\n\n\n\n<div style=\"height:100px\" aria-hidden=\"true\" class=\"wp-block-spacer\"><\/div>\n","protected":false},"excerpt":{"rendered":"<p>Secesn\u00ed vila tov\u00e1rn\u00edka Karla Pa\u0161ka v&nbsp;historick\u00e9m centru pra\u017esk\u00e9ho Sm\u00edchova z\u00edskala nov\u00fd punc. Spole\u010dnost Premiot Group vytvo\u0159ila unik\u00e1tn\u00ed, velmi luxusn\u00ed bydlen\u00ed pro n\u00e1ro\u010dn\u00e9ho klienta ve velmi \u017e\u00e1dan\u00e9 lokalit\u011b vilov\u00fdch dom\u016f s kr\u00e1sn\u00fdm v\u00fdhledem na Prahu a z\u00e1rove\u0148 do okoln\u00ed zelen\u011b. \u201eHlavn\u00ed dominantou projektu je n\u00e1dhern\u00e1 rekonstruovan\u00e1 secesn\u00ed vila tov\u00e1rn\u00edka Karla Pa\u0161ka, kterou pro n\u011bj navrhl a [&hellip;]<\/p>\n","protected":false},"author":3,"featured_media":1532,"comment_status":"closed","ping_status":"closed","sticky":false,"template":"","format":"standard","meta":{"_mi_skip_tracking":false,"_monsterinsights_sitenote_active":false,"_monsterinsights_sitenote_note":"","_monsterinsights_sitenote_category":0,"footnotes":""},"categories":[15,5,2],"tags":[],"yoast_head":"<!-- This site is optimized with the Yoast SEO plugin v21.4 - https:\/\/yoast.com\/wordpress\/plugins\/seo\/ -->\n<title>Bydlen\u00ed v ojedin\u011bl\u00e9m historick\u00e9m objektu disponuje v\u011brn\u00fdmi replikami fas\u00e1d, kr\u00e1sn\u00fdm v\u00fdhledem i modern\u00ed technologi\u00ed - LUXURYMAGAZINE.cz<\/title>\n<meta name=\"robots\" content=\"index, follow, max-snippet:-1, max-image-preview:large, max-video-preview:-1\" \/>\n<link rel=\"canonical\" href=\"https:\/\/luxurymagazine.cz\/index.php\/2021\/08\/02\/bydleni-v-ojedinelem-historickem-objektu-disponuje-vernymi-replikami-fasad-krasnym-vyhledem-i-moderni-technologii\/\" \/>\n<meta property=\"og:locale\" content=\"cs_CZ\" \/>\n<meta property=\"og:type\" content=\"article\" \/>\n<meta property=\"og:title\" content=\"Bydlen\u00ed v ojedin\u011bl\u00e9m historick\u00e9m objektu disponuje v\u011brn\u00fdmi replikami fas\u00e1d, kr\u00e1sn\u00fdm v\u00fdhledem i modern\u00ed technologi\u00ed - LUXURYMAGAZINE.cz\" \/>\n<meta property=\"og:description\" content=\"Secesn\u00ed vila tov\u00e1rn\u00edka Karla Pa\u0161ka v&nbsp;historick\u00e9m centru pra\u017esk\u00e9ho Sm\u00edchova z\u00edskala nov\u00fd punc. Spole\u010dnost Premiot Group vytvo\u0159ila unik\u00e1tn\u00ed, velmi luxusn\u00ed bydlen\u00ed pro n\u00e1ro\u010dn\u00e9ho klienta ve velmi \u017e\u00e1dan\u00e9 lokalit\u011b vilov\u00fdch dom\u016f s kr\u00e1sn\u00fdm v\u00fdhledem na Prahu a z\u00e1rove\u0148 do okoln\u00ed zelen\u011b. \u201eHlavn\u00ed dominantou projektu je n\u00e1dhern\u00e1 rekonstruovan\u00e1 secesn\u00ed vila tov\u00e1rn\u00edka Karla Pa\u0161ka, kterou pro n\u011bj navrhl a [&hellip;]\" \/>\n<meta property=\"og:url\" content=\"https:\/\/luxurymagazine.cz\/index.php\/2021\/08\/02\/bydleni-v-ojedinelem-historickem-objektu-disponuje-vernymi-replikami-fasad-krasnym-vyhledem-i-moderni-technologii\/\" \/>\n<meta property=\"og:site_name\" content=\"LUXURYMAGAZINE.cz\" \/>\n<meta property=\"article:published_time\" content=\"2021-08-02T11:34:52+00:00\" \/>\n<meta property=\"article:modified_time\" content=\"2021-11-15T00:47:51+00:00\" \/>\n<meta property=\"og:image\" content=\"https:\/\/luxurymagazine.cz\/wp-content\/uploads\/2021\/08\/NA-DOUBKOVE-02.jpg\" \/>\n\t<meta property=\"og:image:width\" content=\"1250\" \/>\n\t<meta property=\"og:image:height\" content=\"980\" \/>\n\t<meta property=\"og:image:type\" content=\"image\/jpeg\" \/>\n<meta name=\"author\" content=\"Miroslav Van\u011bk\" \/>\n<meta name=\"twitter:card\" content=\"summary_large_image\" \/>\n<meta name=\"twitter:label1\" content=\"Napsal(a)\" \/>\n\t<meta name=\"twitter:data1\" content=\"Miroslav Van\u011bk\" \/>\n\t<meta name=\"twitter:label2\" content=\"Odhadovan\u00e1 doba \u010dten\u00ed\" \/>\n\t<meta name=\"twitter:data2\" content=\"3 minuty\" \/>\n<script type=\"application\/ld+json\" class=\"yoast-schema-graph\">{\"@context\":\"https:\/\/schema.org\",\"@graph\":[{\"@type\":\"Article\",\"@id\":\"https:\/\/luxurymagazine.cz\/index.php\/2021\/08\/02\/bydleni-v-ojedinelem-historickem-objektu-disponuje-vernymi-replikami-fasad-krasnym-vyhledem-i-moderni-technologii\/#article\",\"isPartOf\":{\"@id\":\"https:\/\/luxurymagazine.cz\/index.php\/2021\/08\/02\/bydleni-v-ojedinelem-historickem-objektu-disponuje-vernymi-replikami-fasad-krasnym-vyhledem-i-moderni-technologii\/\"},\"author\":{\"name\":\"Miroslav Van\u011bk\",\"@id\":\"https:\/\/luxurymagazine.cz\/#\/schema\/person\/44a069a3b1eab523585f7325b6e54254\"},\"headline\":\"Bydlen\u00ed v ojedin\u011bl\u00e9m historick\u00e9m objektu disponuje v\u011brn\u00fdmi replikami fas\u00e1d, kr\u00e1sn\u00fdm v\u00fdhledem i modern\u00ed technologi\u00ed\",\"datePublished\":\"2021-08-02T11:34:52+00:00\",\"dateModified\":\"2021-11-15T00:47:51+00:00\",\"mainEntityOfPage\":{\"@id\":\"https:\/\/luxurymagazine.cz\/index.php\/2021\/08\/02\/bydleni-v-ojedinelem-historickem-objektu-disponuje-vernymi-replikami-fasad-krasnym-vyhledem-i-moderni-technologii\/\"},\"wordCount\":692,\"publisher\":{\"@id\":\"https:\/\/luxurymagazine.cz\/#organization\"},\"articleSection\":[\"BUSINESS\",\"BYDLEN\u00cd &amp; DESIGN\",\"NEWS\"],\"inLanguage\":\"cs\"},{\"@type\":\"WebPage\",\"@id\":\"https:\/\/luxurymagazine.cz\/index.php\/2021\/08\/02\/bydleni-v-ojedinelem-historickem-objektu-disponuje-vernymi-replikami-fasad-krasnym-vyhledem-i-moderni-technologii\/\",\"url\":\"https:\/\/luxurymagazine.cz\/index.php\/2021\/08\/02\/bydleni-v-ojedinelem-historickem-objektu-disponuje-vernymi-replikami-fasad-krasnym-vyhledem-i-moderni-technologii\/\",\"name\":\"Bydlen\u00ed v ojedin\u011bl\u00e9m historick\u00e9m objektu disponuje v\u011brn\u00fdmi replikami fas\u00e1d, kr\u00e1sn\u00fdm v\u00fdhledem i modern\u00ed technologi\u00ed - LUXURYMAGAZINE.cz\",\"isPartOf\":{\"@id\":\"https:\/\/luxurymagazine.cz\/#website\"},\"datePublished\":\"2021-08-02T11:34:52+00:00\",\"dateModified\":\"2021-11-15T00:47:51+00:00\",\"breadcrumb\":{\"@id\":\"https:\/\/luxurymagazine.cz\/index.php\/2021\/08\/02\/bydleni-v-ojedinelem-historickem-objektu-disponuje-vernymi-replikami-fasad-krasnym-vyhledem-i-moderni-technologii\/#breadcrumb\"},\"inLanguage\":\"cs\",\"potentialAction\":[{\"@type\":\"ReadAction\",\"target\":[\"https:\/\/luxurymagazine.cz\/index.php\/2021\/08\/02\/bydleni-v-ojedinelem-historickem-objektu-disponuje-vernymi-replikami-fasad-krasnym-vyhledem-i-moderni-technologii\/\"]}]},{\"@type\":\"BreadcrumbList\",\"@id\":\"https:\/\/luxurymagazine.cz\/index.php\/2021\/08\/02\/bydleni-v-ojedinelem-historickem-objektu-disponuje-vernymi-replikami-fasad-krasnym-vyhledem-i-moderni-technologii\/#breadcrumb\",\"itemListElement\":[{\"@type\":\"ListItem\",\"position\":1,\"name\":\"Dom\u016f\",\"item\":\"https:\/\/luxurymagazine.cz\/\"},{\"@type\":\"ListItem\",\"position\":2,\"name\":\"Bydlen\u00ed v ojedin\u011bl\u00e9m historick\u00e9m objektu disponuje v\u011brn\u00fdmi replikami fas\u00e1d, kr\u00e1sn\u00fdm v\u00fdhledem i modern\u00ed technologi\u00ed\"}]},{\"@type\":\"WebSite\",\"@id\":\"https:\/\/luxurymagazine.cz\/#website\",\"url\":\"https:\/\/luxurymagazine.cz\/\",\"name\":\"LUXURYMAGAZINE.cz\",\"description\":\"Port\u00e1l v\u00fdhradn\u011b o luxusu...\",\"publisher\":{\"@id\":\"https:\/\/luxurymagazine.cz\/#organization\"},\"potentialAction\":[{\"@type\":\"SearchAction\",\"target\":{\"@type\":\"EntryPoint\",\"urlTemplate\":\"https:\/\/luxurymagazine.cz\/?s={search_term_string}\"},\"query-input\":\"required name=search_term_string\"}],\"inLanguage\":\"cs\"},{\"@type\":\"Organization\",\"@id\":\"https:\/\/luxurymagazine.cz\/#organization\",\"name\":\"LUXURYMAGAZINE.cz\",\"url\":\"https:\/\/luxurymagazine.cz\/\",\"logo\":{\"@type\":\"ImageObject\",\"inLanguage\":\"cs\",\"@id\":\"https:\/\/luxurymagazine.cz\/#\/schema\/logo\/image\/\",\"url\":\"https:\/\/luxurymagazine.cz\/wp-content\/uploads\/2024\/12\/cropped-Logo_LuxuryMagazine-1.jpg\",\"contentUrl\":\"https:\/\/luxurymagazine.cz\/wp-content\/uploads\/2024\/12\/cropped-Logo_LuxuryMagazine-1.jpg\",\"width\":934,\"height\":509,\"caption\":\"LUXURYMAGAZINE.cz\"},\"image\":{\"@id\":\"https:\/\/luxurymagazine.cz\/#\/schema\/logo\/image\/\"}},{\"@type\":\"Person\",\"@id\":\"https:\/\/luxurymagazine.cz\/#\/schema\/person\/44a069a3b1eab523585f7325b6e54254\",\"name\":\"Miroslav Van\u011bk\",\"image\":{\"@type\":\"ImageObject\",\"inLanguage\":\"cs\",\"@id\":\"https:\/\/luxurymagazine.cz\/#\/schema\/person\/image\/\",\"url\":\"https:\/\/secure.gravatar.com\/avatar\/cc93dbecbfc820d69a964ea4a1c72377?s=96&d=mm&r=g\",\"contentUrl\":\"https:\/\/secure.gravatar.com\/avatar\/cc93dbecbfc820d69a964ea4a1c72377?s=96&d=mm&r=g\",\"caption\":\"Miroslav Van\u011bk\"},\"sameAs\":[\"http:\/\/LUXURYMAGAZINE.cz\"],\"url\":\"https:\/\/luxurymagazine.cz\/index.php\/author\/mirvan\/\"}]}<\/script>\n<!-- \/ Yoast SEO plugin. -->","yoast_head_json":{"title":"Bydlen\u00ed v ojedin\u011bl\u00e9m historick\u00e9m objektu disponuje v\u011brn\u00fdmi replikami fas\u00e1d, kr\u00e1sn\u00fdm v\u00fdhledem i modern\u00ed technologi\u00ed - LUXURYMAGAZINE.cz","robots":{"index":"index","follow":"follow","max-snippet":"max-snippet:-1","max-image-preview":"max-image-preview:large","max-video-preview":"max-video-preview:-1"},"canonical":"https:\/\/luxurymagazine.cz\/index.php\/2021\/08\/02\/bydleni-v-ojedinelem-historickem-objektu-disponuje-vernymi-replikami-fasad-krasnym-vyhledem-i-moderni-technologii\/","og_locale":"cs_CZ","og_type":"article","og_title":"Bydlen\u00ed v ojedin\u011bl\u00e9m historick\u00e9m objektu disponuje v\u011brn\u00fdmi replikami fas\u00e1d, kr\u00e1sn\u00fdm v\u00fdhledem i modern\u00ed technologi\u00ed - LUXURYMAGAZINE.cz","og_description":"Secesn\u00ed vila tov\u00e1rn\u00edka Karla Pa\u0161ka v&nbsp;historick\u00e9m centru pra\u017esk\u00e9ho Sm\u00edchova z\u00edskala nov\u00fd punc. Spole\u010dnost Premiot Group vytvo\u0159ila unik\u00e1tn\u00ed, velmi luxusn\u00ed bydlen\u00ed pro n\u00e1ro\u010dn\u00e9ho klienta ve velmi \u017e\u00e1dan\u00e9 lokalit\u011b vilov\u00fdch dom\u016f s kr\u00e1sn\u00fdm v\u00fdhledem na Prahu a z\u00e1rove\u0148 do okoln\u00ed zelen\u011b. \u201eHlavn\u00ed dominantou projektu je n\u00e1dhern\u00e1 rekonstruovan\u00e1 secesn\u00ed vila tov\u00e1rn\u00edka Karla Pa\u0161ka, kterou pro n\u011bj navrhl a [&hellip;]","og_url":"https:\/\/luxurymagazine.cz\/index.php\/2021\/08\/02\/bydleni-v-ojedinelem-historickem-objektu-disponuje-vernymi-replikami-fasad-krasnym-vyhledem-i-moderni-technologii\/","og_site_name":"LUXURYMAGAZINE.cz","article_published_time":"2021-08-02T11:34:52+00:00","article_modified_time":"2021-11-15T00:47:51+00:00","og_image":[{"width":1250,"height":980,"url":"https:\/\/luxurymagazine.cz\/wp-content\/uploads\/2021\/08\/NA-DOUBKOVE-02.jpg","type":"image\/jpeg"}],"author":"Miroslav Van\u011bk","twitter_card":"summary_large_image","twitter_misc":{"Napsal(a)":"Miroslav Van\u011bk","Odhadovan\u00e1 doba \u010dten\u00ed":"3 minuty"},"schema":{"@context":"https:\/\/schema.org","@graph":[{"@type":"Article","@id":"https:\/\/luxurymagazine.cz\/index.php\/2021\/08\/02\/bydleni-v-ojedinelem-historickem-objektu-disponuje-vernymi-replikami-fasad-krasnym-vyhledem-i-moderni-technologii\/#article","isPartOf":{"@id":"https:\/\/luxurymagazine.cz\/index.php\/2021\/08\/02\/bydleni-v-ojedinelem-historickem-objektu-disponuje-vernymi-replikami-fasad-krasnym-vyhledem-i-moderni-technologii\/"},"author":{"name":"Miroslav Van\u011bk","@id":"https:\/\/luxurymagazine.cz\/#\/schema\/person\/44a069a3b1eab523585f7325b6e54254"},"headline":"Bydlen\u00ed v ojedin\u011bl\u00e9m historick\u00e9m objektu disponuje v\u011brn\u00fdmi replikami fas\u00e1d, kr\u00e1sn\u00fdm v\u00fdhledem i modern\u00ed technologi\u00ed","datePublished":"2021-08-02T11:34:52+00:00","dateModified":"2021-11-15T00:47:51+00:00","mainEntityOfPage":{"@id":"https:\/\/luxurymagazine.cz\/index.php\/2021\/08\/02\/bydleni-v-ojedinelem-historickem-objektu-disponuje-vernymi-replikami-fasad-krasnym-vyhledem-i-moderni-technologii\/"},"wordCount":692,"publisher":{"@id":"https:\/\/luxurymagazine.cz\/#organization"},"articleSection":["BUSINESS","BYDLEN\u00cd &amp; DESIGN","NEWS"],"inLanguage":"cs"},{"@type":"WebPage","@id":"https:\/\/luxurymagazine.cz\/index.php\/2021\/08\/02\/bydleni-v-ojedinelem-historickem-objektu-disponuje-vernymi-replikami-fasad-krasnym-vyhledem-i-moderni-technologii\/","url":"https:\/\/luxurymagazine.cz\/index.php\/2021\/08\/02\/bydleni-v-ojedinelem-historickem-objektu-disponuje-vernymi-replikami-fasad-krasnym-vyhledem-i-moderni-technologii\/","name":"Bydlen\u00ed v ojedin\u011bl\u00e9m historick\u00e9m objektu disponuje v\u011brn\u00fdmi replikami fas\u00e1d, kr\u00e1sn\u00fdm v\u00fdhledem i modern\u00ed technologi\u00ed - LUXURYMAGAZINE.cz","isPartOf":{"@id":"https:\/\/luxurymagazine.cz\/#website"},"datePublished":"2021-08-02T11:34:52+00:00","dateModified":"2021-11-15T00:47:51+00:00","breadcrumb":{"@id":"https:\/\/luxurymagazine.cz\/index.php\/2021\/08\/02\/bydleni-v-ojedinelem-historickem-objektu-disponuje-vernymi-replikami-fasad-krasnym-vyhledem-i-moderni-technologii\/#breadcrumb"},"inLanguage":"cs","potentialAction":[{"@type":"ReadAction","target":["https:\/\/luxurymagazine.cz\/index.php\/2021\/08\/02\/bydleni-v-ojedinelem-historickem-objektu-disponuje-vernymi-replikami-fasad-krasnym-vyhledem-i-moderni-technologii\/"]}]},{"@type":"BreadcrumbList","@id":"https:\/\/luxurymagazine.cz\/index.php\/2021\/08\/02\/bydleni-v-ojedinelem-historickem-objektu-disponuje-vernymi-replikami-fasad-krasnym-vyhledem-i-moderni-technologii\/#breadcrumb","itemListElement":[{"@type":"ListItem","position":1,"name":"Dom\u016f","item":"https:\/\/luxurymagazine.cz\/"},{"@type":"ListItem","position":2,"name":"Bydlen\u00ed v ojedin\u011bl\u00e9m historick\u00e9m objektu disponuje v\u011brn\u00fdmi replikami fas\u00e1d, kr\u00e1sn\u00fdm v\u00fdhledem i modern\u00ed technologi\u00ed"}]},{"@type":"WebSite","@id":"https:\/\/luxurymagazine.cz\/#website","url":"https:\/\/luxurymagazine.cz\/","name":"LUXURYMAGAZINE.cz","description":"Port\u00e1l v\u00fdhradn\u011b o luxusu...","publisher":{"@id":"https:\/\/luxurymagazine.cz\/#organization"},"potentialAction":[{"@type":"SearchAction","target":{"@type":"EntryPoint","urlTemplate":"https:\/\/luxurymagazine.cz\/?s={search_term_string}"},"query-input":"required name=search_term_string"}],"inLanguage":"cs"},{"@type":"Organization","@id":"https:\/\/luxurymagazine.cz\/#organization","name":"LUXURYMAGAZINE.cz","url":"https:\/\/luxurymagazine.cz\/","logo":{"@type":"ImageObject","inLanguage":"cs","@id":"https:\/\/luxurymagazine.cz\/#\/schema\/logo\/image\/","url":"https:\/\/luxurymagazine.cz\/wp-content\/uploads\/2024\/12\/cropped-Logo_LuxuryMagazine-1.jpg","contentUrl":"https:\/\/luxurymagazine.cz\/wp-content\/uploads\/2024\/12\/cropped-Logo_LuxuryMagazine-1.jpg","width":934,"height":509,"caption":"LUXURYMAGAZINE.cz"},"image":{"@id":"https:\/\/luxurymagazine.cz\/#\/schema\/logo\/image\/"}},{"@type":"Person","@id":"https:\/\/luxurymagazine.cz\/#\/schema\/person\/44a069a3b1eab523585f7325b6e54254","name":"Miroslav Van\u011bk","image":{"@type":"ImageObject","inLanguage":"cs","@id":"https:\/\/luxurymagazine.cz\/#\/schema\/person\/image\/","url":"https:\/\/secure.gravatar.com\/avatar\/cc93dbecbfc820d69a964ea4a1c72377?s=96&d=mm&r=g","contentUrl":"https:\/\/secure.gravatar.com\/avatar\/cc93dbecbfc820d69a964ea4a1c72377?s=96&d=mm&r=g","caption":"Miroslav Van\u011bk"},"sameAs":["http:\/\/LUXURYMAGAZINE.cz"],"url":"https:\/\/luxurymagazine.cz\/index.php\/author\/mirvan\/"}]}},"_links":{"self":[{"href":"https:\/\/luxurymagazine.cz\/index.php\/wp-json\/wp\/v2\/posts\/1531"}],"collection":[{"href":"https:\/\/luxurymagazine.cz\/index.php\/wp-json\/wp\/v2\/posts"}],"about":[{"href":"https:\/\/luxurymagazine.cz\/index.php\/wp-json\/wp\/v2\/types\/post"}],"author":[{"embeddable":true,"href":"https:\/\/luxurymagazine.cz\/index.php\/wp-json\/wp\/v2\/users\/3"}],"replies":[{"embeddable":true,"href":"https:\/\/luxurymagazine.cz\/index.php\/wp-json\/wp\/v2\/comments?post=1531"}],"version-history":[{"count":-3,"href":"https:\/\/luxurymagazine.cz\/index.php\/wp-json\/wp\/v2\/posts\/1531\/revisions"}],"wp:featuredmedia":[{"embeddable":true,"href":"https:\/\/luxurymagazine.cz\/index.php\/wp-json\/wp\/v2\/media\/1532"}],"wp:attachment":[{"href":"https:\/\/luxurymagazine.cz\/index.php\/wp-json\/wp\/v2\/media?parent=1531"}],"wp:term":[{"taxonomy":"category","embeddable":true,"href":"https:\/\/luxurymagazine.cz\/index.php\/wp-json\/wp\/v2\/categories?post=1531"},{"taxonomy":"post_tag","embeddable":true,"href":"https:\/\/luxurymagazine.cz\/index.php\/wp-json\/wp\/v2\/tags?post=1531"}],"curies":[{"name":"wp","href":"https:\/\/api.w.org\/{rel}","templated":true}]}}