{"id":1599,"date":"2021-08-30T01:46:00","date_gmt":"2021-08-29T23:46:00","guid":{"rendered":"https:\/\/luxurymagazine.cz\/?p=1599"},"modified":"2021-12-15T01:33:52","modified_gmt":"2021-12-15T00:33:52","slug":"chcete-si-koupit-fen-na-vlasy-a-kulmu-poradime-vam-s-vyberem","status":"publish","type":"post","link":"https:\/\/luxurymagazine.cz\/index.php\/2021\/08\/30\/chcete-si-koupit-fen-na-vlasy-a-kulmu-poradime-vam-s-vyberem\/","title":{"rendered":"Chcete si koupit f\u00e9n na vlasy a kulmu? Porad\u00edme v\u00e1m s v\u00fdb\u011brem"},"content":{"rendered":"\n<p><strong>Sou\u010dasn\u00fd trh s technikou na vlasy je pom\u011brn\u011b pestr\u00fd, ov\u0161em vyplat\u00ed se investovat p\u0159edev\u0161\u00edm do kvalitn\u00edho p\u0159\u00edstroje, kter\u00fd v\u00e1m nezni\u010d\u00ed h\u0159\u00edvu. Pokud jde o f\u00e9n, je d\u016fle\u017eit\u00e9 zam\u011b\u0159it se na materi\u00e1l, p\u0159\u00edkon, hmotnost a speci\u00e1ln\u00ed funkce usnad\u0148uj\u00edc\u00ed vysou\u0161en\u00ed vlas\u016f. Stejn\u00e9 parametry je nezbytn\u00e9 zohled\u0148ovat i p\u0159i v\u00fdb\u011bru kulmy. V n\u00e1sleduj\u00edc\u00edch \u0159\u00e1dc\u00edch v\u00e1m tedy prozrad\u00edme, jak\u00e9 varianty se daj\u00ed moment\u00e1ln\u011b koupit.<\/strong><\/p>\n\n\n\n<figure class=\"wp-block-image size-large\"><img decoding=\"async\" loading=\"lazy\" width=\"1024\" height=\"682\" src=\"https:\/\/luxurymagazine.cz\/wp-content\/uploads\/2021\/08\/shutterstock_533053072-1024x682.jpg\" alt=\"\" class=\"wp-image-1603\" srcset=\"https:\/\/luxurymagazine.cz\/wp-content\/uploads\/2021\/08\/shutterstock_533053072-1024x682.jpg 1024w, https:\/\/luxurymagazine.cz\/wp-content\/uploads\/2021\/08\/shutterstock_533053072-300x200.jpg 300w, https:\/\/luxurymagazine.cz\/wp-content\/uploads\/2021\/08\/shutterstock_533053072-768x512.jpg 768w, https:\/\/luxurymagazine.cz\/wp-content\/uploads\/2021\/08\/shutterstock_533053072-730x485.jpg 730w, https:\/\/luxurymagazine.cz\/wp-content\/uploads\/2021\/08\/shutterstock_533053072.jpg 1280w\" sizes=\"(max-width: 1024px) 100vw, 1024px\" \/><\/figure>\n\n\n\n<h2 class=\"wp-block-heading\"><strong>F\u00e9ny na vlasy<\/strong><\/h2>\n\n\n\n<p>V prvn\u00ed \u0159ad\u011b se zam\u011b\u0159\u00edme na <a href=\"https:\/\/www.notino.cz\/feny-na-vlasy\/\"><u><strong>f\u00e9n na vlasy<\/strong><\/u><\/a>, kter\u00fd z\u0159ejm\u011b vyu\u017eijete \u010dast\u011bji ne\u017e kulmu. Pro kudrnat\u00e9 a siln\u00e9 vlasy jsou ide\u00e1ln\u00ed volbou ioniza\u010dn\u00ed turmal\u00ednov\u00e9 f\u00e9ny, kter\u00e9 pomoc\u00ed z\u00e1porn\u00fdch iont\u016f rozb\u00edjej\u00ed vodn\u00ed kapky na vlasech, a t\u00edm je vysou\u0161en\u00ed rychlej\u0161\u00ed. Vlasy nejsou potom tak krepat\u00e9. Dal\u0161\u00ed variantou jsou f\u00e9ny s plastov\u00fdm, respektive kovov\u00fdm pouzdrem, kter\u00e9 je pota\u017een\u00e9 keramikou, p\u0159\u00edpadn\u011b porcel\u00e1nem. Produkovan\u00e9 teplo nen\u00ed tak siln\u00e9 a je konzistentn\u011bj\u0161\u00ed, tak\u017ee takov\u00fd f\u00e9n je vhodn\u00fd pro jemn\u00e9 a such\u00e9 vlasy. Jestli\u017ee m\u00e1te hodn\u011b vlas\u016f, s\u00e1hn\u011bte po titanov\u00e9m f\u00e9nu, jen\u017e si zakl\u00e1d\u00e1 na stabiln\u00ed a rovnom\u011brn\u00e9 teplot\u011b.<\/p>\n\n\n\n<figure class=\"wp-block-image size-large\"><img decoding=\"async\" loading=\"lazy\" width=\"950\" height=\"1024\" src=\"https:\/\/luxurymagazine.cz\/wp-content\/uploads\/2021\/08\/Notino3-950x1024.jpg\" alt=\"\" class=\"wp-image-1602\" srcset=\"https:\/\/luxurymagazine.cz\/wp-content\/uploads\/2021\/08\/Notino3-950x1024.jpg 950w, https:\/\/luxurymagazine.cz\/wp-content\/uploads\/2021\/08\/Notino3-278x300.jpg 278w, https:\/\/luxurymagazine.cz\/wp-content\/uploads\/2021\/08\/Notino3-768x828.jpg 768w, https:\/\/luxurymagazine.cz\/wp-content\/uploads\/2021\/08\/Notino3.jpg 1280w\" sizes=\"(max-width: 950px) 100vw, 950px\" \/><\/figure>\n\n\n\n<p>Vedle materi\u00e1lu se zaj\u00edmejte o p\u0159\u00edkon, kter\u00fd by m\u011bl b\u00fdt alespo\u0148 1 500 W. \u010c\u00edm vy\u0161\u0161\u00ed je p\u0159\u00edkon, t\u00edm krat\u0161\u00ed je doba vysou\u0161en\u00ed. Stejn\u011b tak neodsouvejte na vedlej\u0161\u00ed kolej hmotnost. Obecn\u011b plat\u00ed pravidlo, \u017ee \u010d\u00edm je technika leh\u010d\u00ed, t\u00edm je to lep\u0161\u00ed, proto\u017ee nezat\u00ed\u017e\u00edte tolik z\u00e1p\u011bst\u00ed. N\u011bkter\u00e9 f\u00e9ny nav\u00edc umo\u017e\u0148uj\u00ed nastavit si teplotu, co\u017e je praktick\u00e1 funkce. Jemn\u00e9 vlasy toti\u017e nepot\u0159ebuj\u00ed tak vysokou teplotu jako hust\u00e1 h\u0159\u00edva.<\/p>\n\n\n\n<div class=\"wp-block-image\"><figure class=\"aligncenter size-large\"><img decoding=\"async\" loading=\"lazy\" width=\"996\" height=\"1024\" src=\"https:\/\/luxurymagazine.cz\/wp-content\/uploads\/2021\/08\/Notino-996x1024.jpg\" alt=\"\" class=\"wp-image-1600\" srcset=\"https:\/\/luxurymagazine.cz\/wp-content\/uploads\/2021\/08\/Notino-996x1024.jpg 996w, https:\/\/luxurymagazine.cz\/wp-content\/uploads\/2021\/08\/Notino-292x300.jpg 292w, https:\/\/luxurymagazine.cz\/wp-content\/uploads\/2021\/08\/Notino-768x790.jpg 768w, https:\/\/luxurymagazine.cz\/wp-content\/uploads\/2021\/08\/Notino.jpg 1280w\" sizes=\"(max-width: 996px) 100vw, 996px\" \/><\/figure><\/div>\n\n\n\n<h2 class=\"wp-block-heading\"><strong>Kulmy na vlasy<\/strong><\/h2>\n\n\n\n<p>Pro p\u011bkn\u00fd \u00fa\u010des se \u010dasto pou\u017e\u00edv\u00e1 <strong><a href=\"https:\/\/www.notino.cz\/kulmy-na-vlasy\/\"><u>kulma na vlasy<\/u><\/a>,<\/strong> kter\u00e1 je tak\u00e9 k dost\u00e1n\u00ed v mnoha proveden\u00edch. Keramick\u00e9 kulmy rovnom\u011brn\u011b rozkl\u00e1daj\u00ed teplo a jsou vhodn\u00e9 pro slab\u00e9 vlasy, jim\u017e by p\u0159\u00edli\u0161 vysok\u00e1 teplota u\u0161kodila. Titan pou\u017e\u00edvaj\u00ed profesion\u00e1ln\u00ed kade\u0159n\u00edci, proto\u017ee titanov\u00e9 kulmy jsou nejodoln\u011bj\u0161\u00ed a nejleh\u010d\u00ed. Je\u0161t\u011b naraz\u00edte na turmal\u00ednov\u00e9 a pozlacen\u00e9 kulmy.<\/p>\n\n\n\n<figure class=\"wp-block-image size-large\"><img decoding=\"async\" loading=\"lazy\" width=\"1024\" height=\"804\" src=\"https:\/\/luxurymagazine.cz\/wp-content\/uploads\/2021\/08\/Notino2-1024x804.jpg\" alt=\"\" class=\"wp-image-1601\" srcset=\"https:\/\/luxurymagazine.cz\/wp-content\/uploads\/2021\/08\/Notino2-1024x804.jpg 1024w, https:\/\/luxurymagazine.cz\/wp-content\/uploads\/2021\/08\/Notino2-300x236.jpg 300w, https:\/\/luxurymagazine.cz\/wp-content\/uploads\/2021\/08\/Notino2-768x603.jpg 768w, https:\/\/luxurymagazine.cz\/wp-content\/uploads\/2021\/08\/Notino2.jpg 1280w\" sizes=\"(max-width: 1024px) 100vw, 1024px\" \/><\/figure>\n\n\n\n<p><strong>Pod\u00edvejte se do nab\u00eddky e-shopu Notino, kde najdete i techniku na vlasy.<\/strong><\/p>\n\n\n\n<div style=\"height:48px\" aria-hidden=\"true\" class=\"wp-block-spacer\"><\/div>\n\n\n\n<figure class=\"wp-block-gallery columns-2 is-cropped wp-block-gallery-1 is-layout-flex wp-block-gallery-is-layout-flex\"><ul class=\"blocks-gallery-grid\"><li class=\"blocks-gallery-item\"><figure><img decoding=\"async\" loading=\"lazy\" width=\"996\" height=\"1024\" src=\"https:\/\/luxurymagazine.cz\/wp-content\/uploads\/2021\/08\/Notino-996x1024.jpg\" alt=\"\" data-id=\"1600\" data-full-url=\"https:\/\/luxurymagazine.cz\/wp-content\/uploads\/2021\/08\/Notino.jpg\" data-link=\"https:\/\/luxurymagazine.cz\/?attachment_id=1600\" class=\"wp-image-1600\" srcset=\"https:\/\/luxurymagazine.cz\/wp-content\/uploads\/2021\/08\/Notino-996x1024.jpg 996w, https:\/\/luxurymagazine.cz\/wp-content\/uploads\/2021\/08\/Notino-292x300.jpg 292w, https:\/\/luxurymagazine.cz\/wp-content\/uploads\/2021\/08\/Notino-768x790.jpg 768w, https:\/\/luxurymagazine.cz\/wp-content\/uploads\/2021\/08\/Notino.jpg 1280w\" sizes=\"(max-width: 996px) 100vw, 996px\" \/><\/figure><\/li><li class=\"blocks-gallery-item\"><figure><img decoding=\"async\" loading=\"lazy\" width=\"1024\" height=\"804\" src=\"https:\/\/luxurymagazine.cz\/wp-content\/uploads\/2021\/08\/Notino2-1024x804.jpg\" alt=\"\" data-id=\"1601\" data-full-url=\"https:\/\/luxurymagazine.cz\/wp-content\/uploads\/2021\/08\/Notino2.jpg\" data-link=\"https:\/\/luxurymagazine.cz\/?attachment_id=1601\" class=\"wp-image-1601\" srcset=\"https:\/\/luxurymagazine.cz\/wp-content\/uploads\/2021\/08\/Notino2-1024x804.jpg 1024w, https:\/\/luxurymagazine.cz\/wp-content\/uploads\/2021\/08\/Notino2-300x236.jpg 300w, https:\/\/luxurymagazine.cz\/wp-content\/uploads\/2021\/08\/Notino2-768x603.jpg 768w, https:\/\/luxurymagazine.cz\/wp-content\/uploads\/2021\/08\/Notino2.jpg 1280w\" sizes=\"(max-width: 1024px) 100vw, 1024px\" \/><\/figure><\/li><li class=\"blocks-gallery-item\"><figure><img decoding=\"async\" loading=\"lazy\" width=\"950\" height=\"1024\" src=\"https:\/\/luxurymagazine.cz\/wp-content\/uploads\/2021\/08\/Notino3-950x1024.jpg\" alt=\"\" data-id=\"1602\" data-full-url=\"https:\/\/luxurymagazine.cz\/wp-content\/uploads\/2021\/08\/Notino3.jpg\" data-link=\"https:\/\/luxurymagazine.cz\/?attachment_id=1602\" class=\"wp-image-1602\" srcset=\"https:\/\/luxurymagazine.cz\/wp-content\/uploads\/2021\/08\/Notino3-950x1024.jpg 950w, https:\/\/luxurymagazine.cz\/wp-content\/uploads\/2021\/08\/Notino3-278x300.jpg 278w, https:\/\/luxurymagazine.cz\/wp-content\/uploads\/2021\/08\/Notino3-768x828.jpg 768w, https:\/\/luxurymagazine.cz\/wp-content\/uploads\/2021\/08\/Notino3.jpg 1280w\" sizes=\"(max-width: 950px) 100vw, 950px\" \/><\/figure><\/li><li class=\"blocks-gallery-item\"><figure><img decoding=\"async\" loading=\"lazy\" width=\"1024\" height=\"682\" src=\"https:\/\/luxurymagazine.cz\/wp-content\/uploads\/2021\/08\/shutterstock_533053072-1024x682.jpg\" alt=\"\" data-id=\"1603\" data-full-url=\"https:\/\/luxurymagazine.cz\/wp-content\/uploads\/2021\/08\/shutterstock_533053072.jpg\" data-link=\"https:\/\/luxurymagazine.cz\/?attachment_id=1603\" class=\"wp-image-1603\" srcset=\"https:\/\/luxurymagazine.cz\/wp-content\/uploads\/2021\/08\/shutterstock_533053072-1024x682.jpg 1024w, https:\/\/luxurymagazine.cz\/wp-content\/uploads\/2021\/08\/shutterstock_533053072-300x200.jpg 300w, https:\/\/luxurymagazine.cz\/wp-content\/uploads\/2021\/08\/shutterstock_533053072-768x512.jpg 768w, https:\/\/luxurymagazine.cz\/wp-content\/uploads\/2021\/08\/shutterstock_533053072-730x485.jpg 730w, https:\/\/luxurymagazine.cz\/wp-content\/uploads\/2021\/08\/shutterstock_533053072.jpg 1280w\" sizes=\"(max-width: 1024px) 100vw, 1024px\" \/><\/figure><\/li><\/ul><\/figure>\n\n\n\n<p><strong>Zdroj foto:<\/strong> Notino.cz<\/p>\n\n\n\n<div style=\"height:100px\" aria-hidden=\"true\" class=\"wp-block-spacer\"><\/div>\n","protected":false},"excerpt":{"rendered":"<p>Sou\u010dasn\u00fd trh s technikou na vlasy je pom\u011brn\u011b pestr\u00fd, ov\u0161em vyplat\u00ed se investovat p\u0159edev\u0161\u00edm do kvalitn\u00edho p\u0159\u00edstroje, kter\u00fd v\u00e1m nezni\u010d\u00ed h\u0159\u00edvu. Pokud jde o f\u00e9n, je d\u016fle\u017eit\u00e9 zam\u011b\u0159it se na materi\u00e1l, p\u0159\u00edkon, hmotnost a speci\u00e1ln\u00ed funkce usnad\u0148uj\u00edc\u00ed vysou\u0161en\u00ed vlas\u016f. Stejn\u00e9 parametry je nezbytn\u00e9 zohled\u0148ovat i p\u0159i v\u00fdb\u011bru kulmy. V n\u00e1sleduj\u00edc\u00edch \u0159\u00e1dc\u00edch v\u00e1m tedy prozrad\u00edme, jak\u00e9 [&hellip;]<\/p>\n","protected":false},"author":2,"featured_media":1603,"comment_status":"closed","ping_status":"closed","sticky":false,"template":"","format":"standard","meta":{"_mi_skip_tracking":false,"_monsterinsights_sitenote_active":false,"_monsterinsights_sitenote_note":"","_monsterinsights_sitenote_category":0,"footnotes":""},"categories":[11,2,9,13],"tags":[],"yoast_head":"<!-- This site is optimized with the Yoast SEO plugin v21.4 - https:\/\/yoast.com\/wordpress\/plugins\/seo\/ -->\n<title>Chcete si koupit f\u00e9n na vlasy a kulmu? Porad\u00edme v\u00e1m s v\u00fdb\u011brem - LUXURYMAGAZINE.cz<\/title>\n<meta name=\"robots\" content=\"index, follow, max-snippet:-1, max-image-preview:large, max-video-preview:-1\" \/>\n<link rel=\"canonical\" href=\"https:\/\/luxurymagazine.cz\/index.php\/2021\/08\/30\/chcete-si-koupit-fen-na-vlasy-a-kulmu-poradime-vam-s-vyberem\/\" \/>\n<meta property=\"og:locale\" content=\"cs_CZ\" \/>\n<meta property=\"og:type\" content=\"article\" \/>\n<meta property=\"og:title\" content=\"Chcete si koupit f\u00e9n na vlasy a kulmu? Porad\u00edme v\u00e1m s v\u00fdb\u011brem - LUXURYMAGAZINE.cz\" \/>\n<meta property=\"og:description\" content=\"Sou\u010dasn\u00fd trh s technikou na vlasy je pom\u011brn\u011b pestr\u00fd, ov\u0161em vyplat\u00ed se investovat p\u0159edev\u0161\u00edm do kvalitn\u00edho p\u0159\u00edstroje, kter\u00fd v\u00e1m nezni\u010d\u00ed h\u0159\u00edvu. Pokud jde o f\u00e9n, je d\u016fle\u017eit\u00e9 zam\u011b\u0159it se na materi\u00e1l, p\u0159\u00edkon, hmotnost a speci\u00e1ln\u00ed funkce usnad\u0148uj\u00edc\u00ed vysou\u0161en\u00ed vlas\u016f. Stejn\u00e9 parametry je nezbytn\u00e9 zohled\u0148ovat i p\u0159i v\u00fdb\u011bru kulmy. V n\u00e1sleduj\u00edc\u00edch \u0159\u00e1dc\u00edch v\u00e1m tedy prozrad\u00edme, jak\u00e9 [&hellip;]\" \/>\n<meta property=\"og:url\" content=\"https:\/\/luxurymagazine.cz\/index.php\/2021\/08\/30\/chcete-si-koupit-fen-na-vlasy-a-kulmu-poradime-vam-s-vyberem\/\" \/>\n<meta property=\"og:site_name\" content=\"LUXURYMAGAZINE.cz\" \/>\n<meta property=\"article:published_time\" content=\"2021-08-29T23:46:00+00:00\" \/>\n<meta property=\"article:modified_time\" content=\"2021-12-15T00:33:52+00:00\" \/>\n<meta property=\"og:image\" content=\"https:\/\/luxurymagazine.cz\/wp-content\/uploads\/2021\/08\/shutterstock_533053072.jpg\" \/>\n\t<meta property=\"og:image:width\" content=\"1280\" \/>\n\t<meta property=\"og:image:height\" content=\"853\" \/>\n\t<meta property=\"og:image:type\" content=\"image\/jpeg\" \/>\n<meta name=\"author\" content=\"Jolana Hol\u00e1\u0148ov\u00e1\" \/>\n<meta name=\"twitter:card\" content=\"summary_large_image\" \/>\n<meta name=\"twitter:label1\" content=\"Napsal(a)\" \/>\n\t<meta name=\"twitter:data1\" content=\"Jolana Hol\u00e1\u0148ov\u00e1\" \/>\n\t<meta name=\"twitter:label2\" content=\"Odhadovan\u00e1 doba \u010dten\u00ed\" \/>\n\t<meta name=\"twitter:data2\" content=\"2 minuty\" \/>\n<script type=\"application\/ld+json\" class=\"yoast-schema-graph\">{\"@context\":\"https:\/\/schema.org\",\"@graph\":[{\"@type\":\"Article\",\"@id\":\"https:\/\/luxurymagazine.cz\/index.php\/2021\/08\/30\/chcete-si-koupit-fen-na-vlasy-a-kulmu-poradime-vam-s-vyberem\/#article\",\"isPartOf\":{\"@id\":\"https:\/\/luxurymagazine.cz\/index.php\/2021\/08\/30\/chcete-si-koupit-fen-na-vlasy-a-kulmu-poradime-vam-s-vyberem\/\"},\"author\":{\"name\":\"Jolana Hol\u00e1\u0148ov\u00e1\",\"@id\":\"https:\/\/luxurymagazine.cz\/#\/schema\/person\/581f64efd4b5872ac991ea3581f630dc\"},\"headline\":\"Chcete si koupit f\u00e9n na vlasy a kulmu? Porad\u00edme v\u00e1m s v\u00fdb\u011brem\",\"datePublished\":\"2021-08-29T23:46:00+00:00\",\"dateModified\":\"2021-12-15T00:33:52+00:00\",\"mainEntityOfPage\":{\"@id\":\"https:\/\/luxurymagazine.cz\/index.php\/2021\/08\/30\/chcete-si-koupit-fen-na-vlasy-a-kulmu-poradime-vam-s-vyberem\/\"},\"wordCount\":410,\"publisher\":{\"@id\":\"https:\/\/luxurymagazine.cz\/#organization\"},\"articleSection\":[\"KOSMETIKA &amp; BEAUTY\",\"NEWS\",\"TECHNIKA &amp; SPOT\u0158EBI\u010cE\",\"TIPY &amp; TRENDY\"],\"inLanguage\":\"cs\"},{\"@type\":\"WebPage\",\"@id\":\"https:\/\/luxurymagazine.cz\/index.php\/2021\/08\/30\/chcete-si-koupit-fen-na-vlasy-a-kulmu-poradime-vam-s-vyberem\/\",\"url\":\"https:\/\/luxurymagazine.cz\/index.php\/2021\/08\/30\/chcete-si-koupit-fen-na-vlasy-a-kulmu-poradime-vam-s-vyberem\/\",\"name\":\"Chcete si koupit f\u00e9n na vlasy a kulmu? Porad\u00edme v\u00e1m s v\u00fdb\u011brem - LUXURYMAGAZINE.cz\",\"isPartOf\":{\"@id\":\"https:\/\/luxurymagazine.cz\/#website\"},\"datePublished\":\"2021-08-29T23:46:00+00:00\",\"dateModified\":\"2021-12-15T00:33:52+00:00\",\"breadcrumb\":{\"@id\":\"https:\/\/luxurymagazine.cz\/index.php\/2021\/08\/30\/chcete-si-koupit-fen-na-vlasy-a-kulmu-poradime-vam-s-vyberem\/#breadcrumb\"},\"inLanguage\":\"cs\",\"potentialAction\":[{\"@type\":\"ReadAction\",\"target\":[\"https:\/\/luxurymagazine.cz\/index.php\/2021\/08\/30\/chcete-si-koupit-fen-na-vlasy-a-kulmu-poradime-vam-s-vyberem\/\"]}]},{\"@type\":\"BreadcrumbList\",\"@id\":\"https:\/\/luxurymagazine.cz\/index.php\/2021\/08\/30\/chcete-si-koupit-fen-na-vlasy-a-kulmu-poradime-vam-s-vyberem\/#breadcrumb\",\"itemListElement\":[{\"@type\":\"ListItem\",\"position\":1,\"name\":\"Dom\u016f\",\"item\":\"https:\/\/luxurymagazine.cz\/\"},{\"@type\":\"ListItem\",\"position\":2,\"name\":\"Chcete si koupit f\u00e9n na vlasy a kulmu? Porad\u00edme v\u00e1m s v\u00fdb\u011brem\"}]},{\"@type\":\"WebSite\",\"@id\":\"https:\/\/luxurymagazine.cz\/#website\",\"url\":\"https:\/\/luxurymagazine.cz\/\",\"name\":\"LUXURYMAGAZINE.cz\",\"description\":\"Port\u00e1l v\u00fdhradn\u011b o luxusu...\",\"publisher\":{\"@id\":\"https:\/\/luxurymagazine.cz\/#organization\"},\"potentialAction\":[{\"@type\":\"SearchAction\",\"target\":{\"@type\":\"EntryPoint\",\"urlTemplate\":\"https:\/\/luxurymagazine.cz\/?s={search_term_string}\"},\"query-input\":\"required name=search_term_string\"}],\"inLanguage\":\"cs\"},{\"@type\":\"Organization\",\"@id\":\"https:\/\/luxurymagazine.cz\/#organization\",\"name\":\"LUXURYMAGAZINE.cz\",\"url\":\"https:\/\/luxurymagazine.cz\/\",\"logo\":{\"@type\":\"ImageObject\",\"inLanguage\":\"cs\",\"@id\":\"https:\/\/luxurymagazine.cz\/#\/schema\/logo\/image\/\",\"url\":\"https:\/\/luxurymagazine.cz\/wp-content\/uploads\/2024\/12\/cropped-Logo_LuxuryMagazine-1.jpg\",\"contentUrl\":\"https:\/\/luxurymagazine.cz\/wp-content\/uploads\/2024\/12\/cropped-Logo_LuxuryMagazine-1.jpg\",\"width\":934,\"height\":509,\"caption\":\"LUXURYMAGAZINE.cz\"},\"image\":{\"@id\":\"https:\/\/luxurymagazine.cz\/#\/schema\/logo\/image\/\"}},{\"@type\":\"Person\",\"@id\":\"https:\/\/luxurymagazine.cz\/#\/schema\/person\/581f64efd4b5872ac991ea3581f630dc\",\"name\":\"Jolana Hol\u00e1\u0148ov\u00e1\",\"image\":{\"@type\":\"ImageObject\",\"inLanguage\":\"cs\",\"@id\":\"https:\/\/luxurymagazine.cz\/#\/schema\/person\/image\/\",\"url\":\"https:\/\/secure.gravatar.com\/avatar\/5863c504ed89cd419ff3a5e812c722ff?s=96&d=mm&r=g\",\"contentUrl\":\"https:\/\/secure.gravatar.com\/avatar\/5863c504ed89cd419ff3a5e812c722ff?s=96&d=mm&r=g\",\"caption\":\"Jolana Hol\u00e1\u0148ov\u00e1\"},\"sameAs\":[\"http:\/\/LUXURYMAGAZINE.cz\"],\"url\":\"https:\/\/luxurymagazine.cz\/index.php\/author\/jolhol\/\"}]}<\/script>\n<!-- \/ Yoast SEO plugin. -->","yoast_head_json":{"title":"Chcete si koupit f\u00e9n na vlasy a kulmu? Porad\u00edme v\u00e1m s v\u00fdb\u011brem - LUXURYMAGAZINE.cz","robots":{"index":"index","follow":"follow","max-snippet":"max-snippet:-1","max-image-preview":"max-image-preview:large","max-video-preview":"max-video-preview:-1"},"canonical":"https:\/\/luxurymagazine.cz\/index.php\/2021\/08\/30\/chcete-si-koupit-fen-na-vlasy-a-kulmu-poradime-vam-s-vyberem\/","og_locale":"cs_CZ","og_type":"article","og_title":"Chcete si koupit f\u00e9n na vlasy a kulmu? Porad\u00edme v\u00e1m s v\u00fdb\u011brem - LUXURYMAGAZINE.cz","og_description":"Sou\u010dasn\u00fd trh s technikou na vlasy je pom\u011brn\u011b pestr\u00fd, ov\u0161em vyplat\u00ed se investovat p\u0159edev\u0161\u00edm do kvalitn\u00edho p\u0159\u00edstroje, kter\u00fd v\u00e1m nezni\u010d\u00ed h\u0159\u00edvu. Pokud jde o f\u00e9n, je d\u016fle\u017eit\u00e9 zam\u011b\u0159it se na materi\u00e1l, p\u0159\u00edkon, hmotnost a speci\u00e1ln\u00ed funkce usnad\u0148uj\u00edc\u00ed vysou\u0161en\u00ed vlas\u016f. Stejn\u00e9 parametry je nezbytn\u00e9 zohled\u0148ovat i p\u0159i v\u00fdb\u011bru kulmy. V n\u00e1sleduj\u00edc\u00edch \u0159\u00e1dc\u00edch v\u00e1m tedy prozrad\u00edme, jak\u00e9 [&hellip;]","og_url":"https:\/\/luxurymagazine.cz\/index.php\/2021\/08\/30\/chcete-si-koupit-fen-na-vlasy-a-kulmu-poradime-vam-s-vyberem\/","og_site_name":"LUXURYMAGAZINE.cz","article_published_time":"2021-08-29T23:46:00+00:00","article_modified_time":"2021-12-15T00:33:52+00:00","og_image":[{"width":1280,"height":853,"url":"https:\/\/luxurymagazine.cz\/wp-content\/uploads\/2021\/08\/shutterstock_533053072.jpg","type":"image\/jpeg"}],"author":"Jolana Hol\u00e1\u0148ov\u00e1","twitter_card":"summary_large_image","twitter_misc":{"Napsal(a)":"Jolana Hol\u00e1\u0148ov\u00e1","Odhadovan\u00e1 doba \u010dten\u00ed":"2 minuty"},"schema":{"@context":"https:\/\/schema.org","@graph":[{"@type":"Article","@id":"https:\/\/luxurymagazine.cz\/index.php\/2021\/08\/30\/chcete-si-koupit-fen-na-vlasy-a-kulmu-poradime-vam-s-vyberem\/#article","isPartOf":{"@id":"https:\/\/luxurymagazine.cz\/index.php\/2021\/08\/30\/chcete-si-koupit-fen-na-vlasy-a-kulmu-poradime-vam-s-vyberem\/"},"author":{"name":"Jolana Hol\u00e1\u0148ov\u00e1","@id":"https:\/\/luxurymagazine.cz\/#\/schema\/person\/581f64efd4b5872ac991ea3581f630dc"},"headline":"Chcete si koupit f\u00e9n na vlasy a kulmu? Porad\u00edme v\u00e1m s v\u00fdb\u011brem","datePublished":"2021-08-29T23:46:00+00:00","dateModified":"2021-12-15T00:33:52+00:00","mainEntityOfPage":{"@id":"https:\/\/luxurymagazine.cz\/index.php\/2021\/08\/30\/chcete-si-koupit-fen-na-vlasy-a-kulmu-poradime-vam-s-vyberem\/"},"wordCount":410,"publisher":{"@id":"https:\/\/luxurymagazine.cz\/#organization"},"articleSection":["KOSMETIKA &amp; BEAUTY","NEWS","TECHNIKA &amp; SPOT\u0158EBI\u010cE","TIPY &amp; TRENDY"],"inLanguage":"cs"},{"@type":"WebPage","@id":"https:\/\/luxurymagazine.cz\/index.php\/2021\/08\/30\/chcete-si-koupit-fen-na-vlasy-a-kulmu-poradime-vam-s-vyberem\/","url":"https:\/\/luxurymagazine.cz\/index.php\/2021\/08\/30\/chcete-si-koupit-fen-na-vlasy-a-kulmu-poradime-vam-s-vyberem\/","name":"Chcete si koupit f\u00e9n na vlasy a kulmu? Porad\u00edme v\u00e1m s v\u00fdb\u011brem - LUXURYMAGAZINE.cz","isPartOf":{"@id":"https:\/\/luxurymagazine.cz\/#website"},"datePublished":"2021-08-29T23:46:00+00:00","dateModified":"2021-12-15T00:33:52+00:00","breadcrumb":{"@id":"https:\/\/luxurymagazine.cz\/index.php\/2021\/08\/30\/chcete-si-koupit-fen-na-vlasy-a-kulmu-poradime-vam-s-vyberem\/#breadcrumb"},"inLanguage":"cs","potentialAction":[{"@type":"ReadAction","target":["https:\/\/luxurymagazine.cz\/index.php\/2021\/08\/30\/chcete-si-koupit-fen-na-vlasy-a-kulmu-poradime-vam-s-vyberem\/"]}]},{"@type":"BreadcrumbList","@id":"https:\/\/luxurymagazine.cz\/index.php\/2021\/08\/30\/chcete-si-koupit-fen-na-vlasy-a-kulmu-poradime-vam-s-vyberem\/#breadcrumb","itemListElement":[{"@type":"ListItem","position":1,"name":"Dom\u016f","item":"https:\/\/luxurymagazine.cz\/"},{"@type":"ListItem","position":2,"name":"Chcete si koupit f\u00e9n na vlasy a kulmu? Porad\u00edme v\u00e1m s v\u00fdb\u011brem"}]},{"@type":"WebSite","@id":"https:\/\/luxurymagazine.cz\/#website","url":"https:\/\/luxurymagazine.cz\/","name":"LUXURYMAGAZINE.cz","description":"Port\u00e1l v\u00fdhradn\u011b o luxusu...","publisher":{"@id":"https:\/\/luxurymagazine.cz\/#organization"},"potentialAction":[{"@type":"SearchAction","target":{"@type":"EntryPoint","urlTemplate":"https:\/\/luxurymagazine.cz\/?s={search_term_string}"},"query-input":"required name=search_term_string"}],"inLanguage":"cs"},{"@type":"Organization","@id":"https:\/\/luxurymagazine.cz\/#organization","name":"LUXURYMAGAZINE.cz","url":"https:\/\/luxurymagazine.cz\/","logo":{"@type":"ImageObject","inLanguage":"cs","@id":"https:\/\/luxurymagazine.cz\/#\/schema\/logo\/image\/","url":"https:\/\/luxurymagazine.cz\/wp-content\/uploads\/2024\/12\/cropped-Logo_LuxuryMagazine-1.jpg","contentUrl":"https:\/\/luxurymagazine.cz\/wp-content\/uploads\/2024\/12\/cropped-Logo_LuxuryMagazine-1.jpg","width":934,"height":509,"caption":"LUXURYMAGAZINE.cz"},"image":{"@id":"https:\/\/luxurymagazine.cz\/#\/schema\/logo\/image\/"}},{"@type":"Person","@id":"https:\/\/luxurymagazine.cz\/#\/schema\/person\/581f64efd4b5872ac991ea3581f630dc","name":"Jolana Hol\u00e1\u0148ov\u00e1","image":{"@type":"ImageObject","inLanguage":"cs","@id":"https:\/\/luxurymagazine.cz\/#\/schema\/person\/image\/","url":"https:\/\/secure.gravatar.com\/avatar\/5863c504ed89cd419ff3a5e812c722ff?s=96&d=mm&r=g","contentUrl":"https:\/\/secure.gravatar.com\/avatar\/5863c504ed89cd419ff3a5e812c722ff?s=96&d=mm&r=g","caption":"Jolana Hol\u00e1\u0148ov\u00e1"},"sameAs":["http:\/\/LUXURYMAGAZINE.cz"],"url":"https:\/\/luxurymagazine.cz\/index.php\/author\/jolhol\/"}]}},"_links":{"self":[{"href":"https:\/\/luxurymagazine.cz\/index.php\/wp-json\/wp\/v2\/posts\/1599"}],"collection":[{"href":"https:\/\/luxurymagazine.cz\/index.php\/wp-json\/wp\/v2\/posts"}],"about":[{"href":"https:\/\/luxurymagazine.cz\/index.php\/wp-json\/wp\/v2\/types\/post"}],"author":[{"embeddable":true,"href":"https:\/\/luxurymagazine.cz\/index.php\/wp-json\/wp\/v2\/users\/2"}],"replies":[{"embeddable":true,"href":"https:\/\/luxurymagazine.cz\/index.php\/wp-json\/wp\/v2\/comments?post=1599"}],"version-history":[{"count":-4,"href":"https:\/\/luxurymagazine.cz\/index.php\/wp-json\/wp\/v2\/posts\/1599\/revisions"}],"wp:featuredmedia":[{"embeddable":true,"href":"https:\/\/luxurymagazine.cz\/index.php\/wp-json\/wp\/v2\/media\/1603"}],"wp:attachment":[{"href":"https:\/\/luxurymagazine.cz\/index.php\/wp-json\/wp\/v2\/media?parent=1599"}],"wp:term":[{"taxonomy":"category","embeddable":true,"href":"https:\/\/luxurymagazine.cz\/index.php\/wp-json\/wp\/v2\/categories?post=1599"},{"taxonomy":"post_tag","embeddable":true,"href":"https:\/\/luxurymagazine.cz\/index.php\/wp-json\/wp\/v2\/tags?post=1599"}],"curies":[{"name":"wp","href":"https:\/\/api.w.org\/{rel}","templated":true}]}}