{"id":1654,"date":"2021-09-14T14:23:34","date_gmt":"2021-09-14T12:23:34","guid":{"rendered":"https:\/\/luxurymagazine.cz\/?p=1654"},"modified":"2021-12-15T01:33:44","modified_gmt":"2021-12-15T00:33:44","slug":"jak-pouzivat-fotografie-na-instagram","status":"publish","type":"post","link":"https:\/\/luxurymagazine.cz\/index.php\/2021\/09\/14\/jak-pouzivat-fotografie-na-instagram\/","title":{"rendered":"Jak pou\u017e\u00edvat fotografie na Instagram"},"content":{"rendered":"\n<p><strong>Od roku 2004 za\u010dal sv\u011bt vyu\u017e\u00edvat soci\u00e1ln\u00ed m\u00e9dia st\u00e1le v\u00edce a v\u00edce ka\u017ed\u00fd den. Ale v roce 2010 Kevin Systrom a Mike Krieger zalo\u017eili Instagram. V sou\u010dasnosti pou\u017e\u00edv\u00e1 Instagram ka\u017ed\u00fd den v\u00edce ne\u017e 1 miliarda lid\u00ed.<\/strong><\/p>\n\n\n\n<figure class=\"wp-block-image size-large\"><img decoding=\"async\" loading=\"lazy\" width=\"800\" height=\"533\" src=\"https:\/\/luxurymagazine.cz\/wp-content\/uploads\/2021\/09\/dreamstime_s_104500744.jpg\" alt=\"Jak pou\u017e\u00edvat fotografie na Instagram\" class=\"wp-image-1655\" srcset=\"https:\/\/luxurymagazine.cz\/wp-content\/uploads\/2021\/09\/dreamstime_s_104500744.jpg 800w, https:\/\/luxurymagazine.cz\/wp-content\/uploads\/2021\/09\/dreamstime_s_104500744-300x200.jpg 300w, https:\/\/luxurymagazine.cz\/wp-content\/uploads\/2021\/09\/dreamstime_s_104500744-768x512.jpg 768w, https:\/\/luxurymagazine.cz\/wp-content\/uploads\/2021\/09\/dreamstime_s_104500744-730x485.jpg 730w\" sizes=\"(max-width: 800px) 100vw, 800px\" \/><\/figure>\n\n\n\n<p>Instagram obsahuje v\u0161echny druhy fotografi\u00ed. Od model\u016f po n\u00e1vrhy architektury. Na t\u00e9to aplikaci pro soci\u00e1ln\u00ed m\u00e9dia si m\u016f\u017ee ka\u017ed\u00fd vytvo\u0159it svou vlastn\u00ed \u201espole\u010dnost\u201c. Pou\u017e\u00edv\u00e1n\u00ed fotografi\u00ed z fotek na Instagramu se stalo velk\u00fdm trendem pr\u00e1v\u011b te\u010f! Mnoho fotograf\u016f tak\u00e9 pou\u017e\u00edv\u00e1 Instagram k propagaci sv\u00fdch fotek z fotobanky a ka\u017ed\u00fd den jsou st\u00e1le \u00fasp\u011b\u0161n\u011bj\u0161\u00ed. D\u016fvodem, pro\u010d zna\u010dky zve\u0159ej\u0148uj\u00ed fotografie, je to, \u017ee nemaj\u00ed \u010das zab\u00fdvat se touto \u00farovn\u00ed kreativity. Webov\u00e9 str\u00e1nky s fotografiemi fotografi\u00ed poskytuj\u00ed snadnou p\u0159\u00edle\u017eitost zve\u0159ej\u0148ovat vynikaj\u00edc\u00ed fotografie na soci\u00e1ln\u00edch m\u00e9di\u00edch. D\u00edky t\u00e9to \u0161anci si zna\u010dka udr\u017euje impuls se sv\u00fdm marketingem na soci\u00e1ln\u00edch m\u00e9di\u00edch, ani\u017e by sni\u017eovala celkovou kvalitu sv\u00e9ho \u00fa\u010dtu.<\/p>\n\n\n\n<p><strong>V tomto \u010dl\u00e1nku tedy p\u0159edstavujeme n\u011bkolik tip\u016f, jak zajistit nejlep\u0161\u00ed vyu\u017eit\u00ed fotografie na Instagramu.<\/strong><\/p>\n\n\n\n<figure class=\"wp-block-image size-large\"><img decoding=\"async\" loading=\"lazy\" width=\"1024\" height=\"682\" src=\"https:\/\/luxurymagazine.cz\/wp-content\/uploads\/2021\/09\/people-2570925_1280-1024x682.jpg\" alt=\"Jak pou\u017e\u00edvat fotografie na Instagram\" class=\"wp-image-1659\" srcset=\"https:\/\/luxurymagazine.cz\/wp-content\/uploads\/2021\/09\/people-2570925_1280-1024x682.jpg 1024w, https:\/\/luxurymagazine.cz\/wp-content\/uploads\/2021\/09\/people-2570925_1280-300x200.jpg 300w, https:\/\/luxurymagazine.cz\/wp-content\/uploads\/2021\/09\/people-2570925_1280-768x512.jpg 768w, https:\/\/luxurymagazine.cz\/wp-content\/uploads\/2021\/09\/people-2570925_1280-730x485.jpg 730w, https:\/\/luxurymagazine.cz\/wp-content\/uploads\/2021\/09\/people-2570925_1280.jpg 1280w\" sizes=\"(max-width: 1024px) 100vw, 1024px\" \/><\/figure>\n\n\n\n<h2 class=\"wp-block-heading\"><strong>Jak vybrat obr\u00e1zek<\/strong><\/h2>\n\n\n\n<p>Doporu\u010duje se pou\u017e\u00edvat vysoce kvalitn\u00ed fotografie a udr\u017eovat st\u00e1lou estetiku v\u0161ech obr\u00e1zk\u016f na Instagramu. T\u00edmto zp\u016fsobem bude m\u00edt v\u00e1\u0161 profil kr\u00e1sn\u00fd vzhled. Fotografie z nekvalitn\u00edch webov\u00fdch str\u00e1nek s fotografiemi pravd\u011bpodobn\u011b po\u0161kod\u00ed va\u0161i estetiku. Pokuste se tedy dr\u017eet d\u00e1l od t\u011bchto fotek.<\/p>\n\n\n\n<p>Lid\u00e9 mnohokr\u00e1t stahuj\u00ed fotografie z internetu. P\u0159edstavte si ale, \u017ee ty fotky pat\u0159\u00ed n\u011bkomu jin\u00e9mu. Pokud v\u00e1s chyt\u00ed, dostanete se do probl\u00e9m\u016f se z\u00e1kony. Proto je velmi praktick\u00e9 vyu\u017e\u00edvat agenturu s akciemi. N\u011bkter\u00e9 z nich jsou zcela zdarma, ale jsou nebezpe\u010dn\u00e9, proto\u017ee pokud maj\u00ed fotografie loga lid\u00ed nebo zna\u010dek, nemaj\u00ed vyd\u00e1n\u00ed modelu ani vyd\u00e1n\u00ed vlastnosti.<\/p>\n\n\n\n<p>Pokud je fotka zcela zdarma, pou\u017e\u00edv\u00e1 ji tak\u00e9 spousta lid\u00ed a sleduj\u00edc\u00ed snadno pochop\u00ed, \u017ee fotografie nejsou va\u0161e.<\/p>\n\n\n\n<p>Dal\u0161\u00edm detailem, kter\u00fd mus\u00edme zkontrolovat, je, \u017ee pokud zve\u0159ejn\u00edme fotografii, m\u011bli bychom vlastnit pr\u00e1va k fotografii. Instagram v\u00e1s pova\u017euje za zodpov\u011bdn\u00e9ho za ve\u0161ker\u00fd sd\u00edlen\u00fd obsah. To znamen\u00e1, \u017ee i kdy\u017e v\u00e1s chyt\u00ed, st\u00e1le m\u016f\u017eete m\u00edt pr\u00e1vn\u00ed probl\u00e9my.<\/p>\n\n\n\n<figure class=\"wp-block-image size-large\"><img decoding=\"async\" loading=\"lazy\" width=\"1024\" height=\"681\" src=\"https:\/\/luxurymagazine.cz\/wp-content\/uploads\/2021\/09\/phone-photo-2985169_1280-1024x681.jpg\" alt=\"Jak pou\u017e\u00edvat fotografie na Instagram\" class=\"wp-image-1660\" srcset=\"https:\/\/luxurymagazine.cz\/wp-content\/uploads\/2021\/09\/phone-photo-2985169_1280-1024x681.jpg 1024w, https:\/\/luxurymagazine.cz\/wp-content\/uploads\/2021\/09\/phone-photo-2985169_1280-300x199.jpg 300w, https:\/\/luxurymagazine.cz\/wp-content\/uploads\/2021\/09\/phone-photo-2985169_1280-768x511.jpg 768w, https:\/\/luxurymagazine.cz\/wp-content\/uploads\/2021\/09\/phone-photo-2985169_1280-730x485.jpg 730w, https:\/\/luxurymagazine.cz\/wp-content\/uploads\/2021\/09\/phone-photo-2985169_1280.jpg 1280w\" sizes=\"(max-width: 1024px) 100vw, 1024px\" \/><\/figure>\n\n\n\n<h2 class=\"wp-block-heading\"><strong>Jak\u00e9 fotografie pou\u017e\u00edt<\/strong><\/h2>\n\n\n\n<p><strong><a href=\"https:\/\/www.dreamstime.com\/stock-photos\">Kdy\u017e kupujete fotografie z fotobanky<\/a>,<\/strong> kupujete fotografie, kter\u00e9 jsou profesion\u00e1ln\u011b vytvo\u0159eny od um\u011blc\u016f z cel\u00e9ho sv\u011bta. To znamen\u00e1, \u017ee m\u00e1te na v\u00fdb\u011br spoustu obr\u00e1zk\u016f s r\u016fzn\u00fdm kreativn\u00edm obsahem, kter\u00fd v\u00e1m pom\u016f\u017ee pos\u00edlat va\u0161e p\u0159\u00edsp\u011bvky z Instagramu na jinou \u00farove\u0148.<\/p>\n\n\n\n<p>M\u016f\u017eete pou\u017e\u00edt r\u016fzn\u00e1&nbsp;<a href=\"https:\/\/www.dreamstime.com\/photos-images\/background.html\"><strong>minim\u00e1ln\u00ed pozad\u00ed<\/strong><\/a>, tak\u017ee m\u016f\u017eete napsat text nebo p\u0159idat fotografii tak, aby odpov\u00eddala va\u0161emu zdroji. Skv\u011bl\u00fd n\u00e1pad je tak\u00e9 pou\u017e\u00edt na p\u0159\u00edb\u011bhy fotografie z fotobanky. Existuje mnoho n\u00e1vrh\u016f, kter\u00e9 m\u016f\u017eete p\u0159idat do sv\u00fdch p\u0159\u00edb\u011bh\u016f. Skv\u011bl\u00fd n\u00e1pad je vytv\u00e1\u0159et zv\u00fdrazn\u011bn\u00ed. Jedn\u00e1 se o bal\u00ed\u010dek p\u0159\u00edb\u011bh\u016f o konceptu, kter\u00fd si m\u016f\u017eete vybrat a n\u00e1sledovn\u00edci mohou vid\u011bt po 24 hodin\u00e1ch. Svou fantazii m\u016f\u017eete pou\u017e\u00edt k vytvo\u0159en\u00ed zv\u00fdrazn\u011bn\u00ed a nezapome\u0148te sladit v\u0161echny p\u0159\u00edb\u011bhy, jak je to mo\u017en\u00e9. M\u016f\u017eete si tak\u00e9 vybrat fotografie, kter\u00e9 z\u00e1vis\u00ed na konceptu, kter\u00e9 se zobraz\u00ed na tla\u010d\u00edtku zv\u00fdrazn\u011bn\u00ed.<\/p>\n\n\n\n<p>Pokuste se sladit barvy va\u0161ich fotografi\u00ed a fotografi\u00ed. Nyn\u00ed je to trend pastelov\u00fdch barev. Nebojte se jich pou\u017e\u00edt hodn\u011b, d\u00edky nim je v\u00e1\u0161 profil velmi zaj\u00edmav\u00fd a kreativn\u00ed.<\/p>\n\n\n\n<div style=\"height:20px\" aria-hidden=\"true\" class=\"wp-block-spacer\"><\/div>\n\n\n\n<figure class=\"wp-block-gallery columns-2 is-cropped wp-block-gallery-1 is-layout-flex wp-block-gallery-is-layout-flex\"><ul class=\"blocks-gallery-grid\"><li class=\"blocks-gallery-item\"><figure><img decoding=\"async\" loading=\"lazy\" width=\"800\" height=\"533\" src=\"https:\/\/luxurymagazine.cz\/wp-content\/uploads\/2021\/09\/dreamstime_s_104500744.jpg\" alt=\"\" data-id=\"1655\" data-full-url=\"https:\/\/luxurymagazine.cz\/wp-content\/uploads\/2021\/09\/dreamstime_s_104500744.jpg\" data-link=\"https:\/\/luxurymagazine.cz\/?attachment_id=1655\" class=\"wp-image-1655\" srcset=\"https:\/\/luxurymagazine.cz\/wp-content\/uploads\/2021\/09\/dreamstime_s_104500744.jpg 800w, https:\/\/luxurymagazine.cz\/wp-content\/uploads\/2021\/09\/dreamstime_s_104500744-300x200.jpg 300w, https:\/\/luxurymagazine.cz\/wp-content\/uploads\/2021\/09\/dreamstime_s_104500744-768x512.jpg 768w, https:\/\/luxurymagazine.cz\/wp-content\/uploads\/2021\/09\/dreamstime_s_104500744-730x485.jpg 730w\" sizes=\"(max-width: 800px) 100vw, 800px\" \/><\/figure><\/li><li class=\"blocks-gallery-item\"><figure><img decoding=\"async\" loading=\"lazy\" width=\"1024\" height=\"682\" src=\"https:\/\/luxurymagazine.cz\/wp-content\/uploads\/2021\/09\/people-2570925_1280-1024x682.jpg\" alt=\"\" data-id=\"1659\" data-full-url=\"https:\/\/luxurymagazine.cz\/wp-content\/uploads\/2021\/09\/people-2570925_1280.jpg\" data-link=\"https:\/\/luxurymagazine.cz\/?attachment_id=1659\" class=\"wp-image-1659\" srcset=\"https:\/\/luxurymagazine.cz\/wp-content\/uploads\/2021\/09\/people-2570925_1280-1024x682.jpg 1024w, https:\/\/luxurymagazine.cz\/wp-content\/uploads\/2021\/09\/people-2570925_1280-300x200.jpg 300w, https:\/\/luxurymagazine.cz\/wp-content\/uploads\/2021\/09\/people-2570925_1280-768x512.jpg 768w, https:\/\/luxurymagazine.cz\/wp-content\/uploads\/2021\/09\/people-2570925_1280-730x485.jpg 730w, https:\/\/luxurymagazine.cz\/wp-content\/uploads\/2021\/09\/people-2570925_1280.jpg 1280w\" sizes=\"(max-width: 1024px) 100vw, 1024px\" \/><\/figure><\/li><li class=\"blocks-gallery-item\"><figure><img decoding=\"async\" loading=\"lazy\" width=\"1024\" height=\"682\" src=\"https:\/\/luxurymagazine.cz\/wp-content\/uploads\/2021\/09\/instagram-1451137_1280-1024x682.jpg\" alt=\"\" data-id=\"1656\" data-full-url=\"https:\/\/luxurymagazine.cz\/wp-content\/uploads\/2021\/09\/instagram-1451137_1280.jpg\" data-link=\"https:\/\/luxurymagazine.cz\/?attachment_id=1656\" class=\"wp-image-1656\" srcset=\"https:\/\/luxurymagazine.cz\/wp-content\/uploads\/2021\/09\/instagram-1451137_1280-1024x682.jpg 1024w, https:\/\/luxurymagazine.cz\/wp-content\/uploads\/2021\/09\/instagram-1451137_1280-300x200.jpg 300w, https:\/\/luxurymagazine.cz\/wp-content\/uploads\/2021\/09\/instagram-1451137_1280-768x512.jpg 768w, https:\/\/luxurymagazine.cz\/wp-content\/uploads\/2021\/09\/instagram-1451137_1280-730x485.jpg 730w, https:\/\/luxurymagazine.cz\/wp-content\/uploads\/2021\/09\/instagram-1451137_1280.jpg 1280w\" sizes=\"(max-width: 1024px) 100vw, 1024px\" \/><\/figure><\/li><li class=\"blocks-gallery-item\"><figure><img decoding=\"async\" loading=\"lazy\" width=\"1024\" height=\"682\" src=\"https:\/\/luxurymagazine.cz\/wp-content\/uploads\/2021\/09\/iphone-5259712_1280-1024x682.jpg\" alt=\"\" data-id=\"1658\" data-full-url=\"https:\/\/luxurymagazine.cz\/wp-content\/uploads\/2021\/09\/iphone-5259712_1280.jpg\" data-link=\"https:\/\/luxurymagazine.cz\/?attachment_id=1658\" class=\"wp-image-1658\" srcset=\"https:\/\/luxurymagazine.cz\/wp-content\/uploads\/2021\/09\/iphone-5259712_1280-1024x682.jpg 1024w, https:\/\/luxurymagazine.cz\/wp-content\/uploads\/2021\/09\/iphone-5259712_1280-300x200.jpg 300w, https:\/\/luxurymagazine.cz\/wp-content\/uploads\/2021\/09\/iphone-5259712_1280-768x512.jpg 768w, https:\/\/luxurymagazine.cz\/wp-content\/uploads\/2021\/09\/iphone-5259712_1280-730x485.jpg 730w, https:\/\/luxurymagazine.cz\/wp-content\/uploads\/2021\/09\/iphone-5259712_1280.jpg 1280w\" sizes=\"(max-width: 1024px) 100vw, 1024px\" \/><\/figure><\/li><li class=\"blocks-gallery-item\"><figure><img decoding=\"async\" loading=\"lazy\" width=\"1024\" height=\"681\" src=\"https:\/\/luxurymagazine.cz\/wp-content\/uploads\/2021\/09\/phone-photo-2985169_1280-1024x681.jpg\" alt=\"\" data-id=\"1660\" data-full-url=\"https:\/\/luxurymagazine.cz\/wp-content\/uploads\/2021\/09\/phone-photo-2985169_1280.jpg\" data-link=\"https:\/\/luxurymagazine.cz\/?attachment_id=1660\" class=\"wp-image-1660\" srcset=\"https:\/\/luxurymagazine.cz\/wp-content\/uploads\/2021\/09\/phone-photo-2985169_1280-1024x681.jpg 1024w, https:\/\/luxurymagazine.cz\/wp-content\/uploads\/2021\/09\/phone-photo-2985169_1280-300x199.jpg 300w, https:\/\/luxurymagazine.cz\/wp-content\/uploads\/2021\/09\/phone-photo-2985169_1280-768x511.jpg 768w, https:\/\/luxurymagazine.cz\/wp-content\/uploads\/2021\/09\/phone-photo-2985169_1280-730x485.jpg 730w, https:\/\/luxurymagazine.cz\/wp-content\/uploads\/2021\/09\/phone-photo-2985169_1280.jpg 1280w\" sizes=\"(max-width: 1024px) 100vw, 1024px\" \/><\/figure><\/li><li class=\"blocks-gallery-item\"><figure><img decoding=\"async\" loading=\"lazy\" width=\"1024\" height=\"682\" src=\"https:\/\/luxurymagazine.cz\/wp-content\/uploads\/2021\/09\/instagram-1474232_1280-1024x682.jpg\" alt=\"\" data-id=\"1657\" data-full-url=\"https:\/\/luxurymagazine.cz\/wp-content\/uploads\/2021\/09\/instagram-1474232_1280.jpg\" data-link=\"https:\/\/luxurymagazine.cz\/?attachment_id=1657\" class=\"wp-image-1657\" srcset=\"https:\/\/luxurymagazine.cz\/wp-content\/uploads\/2021\/09\/instagram-1474232_1280-1024x682.jpg 1024w, https:\/\/luxurymagazine.cz\/wp-content\/uploads\/2021\/09\/instagram-1474232_1280-300x200.jpg 300w, https:\/\/luxurymagazine.cz\/wp-content\/uploads\/2021\/09\/instagram-1474232_1280-768x512.jpg 768w, https:\/\/luxurymagazine.cz\/wp-content\/uploads\/2021\/09\/instagram-1474232_1280-730x485.jpg 730w, https:\/\/luxurymagazine.cz\/wp-content\/uploads\/2021\/09\/instagram-1474232_1280.jpg 1280w\" sizes=\"(max-width: 1024px) 100vw, 1024px\" \/><\/figure><\/li><\/ul><\/figure>\n\n\n\n<p><strong>Zdroj foto:<\/strong> Dreamstime.com, Pixabay.com<\/p>\n\n\n\n<div style=\"height:100px\" aria-hidden=\"true\" class=\"wp-block-spacer\"><\/div>\n","protected":false},"excerpt":{"rendered":"<p>Od roku 2004 za\u010dal sv\u011bt vyu\u017e\u00edvat soci\u00e1ln\u00ed m\u00e9dia st\u00e1le v\u00edce a v\u00edce ka\u017ed\u00fd den. Ale v roce 2010 Kevin Systrom a Mike Krieger zalo\u017eili Instagram. V sou\u010dasnosti pou\u017e\u00edv\u00e1 Instagram ka\u017ed\u00fd den v\u00edce ne\u017e 1 miliarda lid\u00ed. Instagram obsahuje v\u0161echny druhy fotografi\u00ed. Od model\u016f po n\u00e1vrhy architektury. Na t\u00e9to aplikaci pro soci\u00e1ln\u00ed m\u00e9dia si m\u016f\u017ee ka\u017ed\u00fd [&hellip;]<\/p>\n","protected":false},"author":3,"featured_media":1655,"comment_status":"closed","ping_status":"closed","sticky":false,"template":"","format":"standard","meta":{"_mi_skip_tracking":false,"_monsterinsights_sitenote_active":false,"_monsterinsights_sitenote_note":"","_monsterinsights_sitenote_category":0,"footnotes":""},"categories":[2,9,13],"tags":[],"yoast_head":"<!-- This site is optimized with the Yoast SEO plugin v21.4 - https:\/\/yoast.com\/wordpress\/plugins\/seo\/ -->\n<title>Jak pou\u017e\u00edvat fotografie na Instagram - LUXURYMAGAZINE.cz<\/title>\n<meta name=\"robots\" content=\"index, follow, max-snippet:-1, max-image-preview:large, max-video-preview:-1\" \/>\n<link rel=\"canonical\" href=\"https:\/\/luxurymagazine.cz\/index.php\/2021\/09\/14\/jak-pouzivat-fotografie-na-instagram\/\" \/>\n<meta property=\"og:locale\" content=\"cs_CZ\" \/>\n<meta property=\"og:type\" content=\"article\" \/>\n<meta property=\"og:title\" content=\"Jak pou\u017e\u00edvat fotografie na Instagram - LUXURYMAGAZINE.cz\" \/>\n<meta property=\"og:description\" content=\"Od roku 2004 za\u010dal sv\u011bt vyu\u017e\u00edvat soci\u00e1ln\u00ed m\u00e9dia st\u00e1le v\u00edce a v\u00edce ka\u017ed\u00fd den. Ale v roce 2010 Kevin Systrom a Mike Krieger zalo\u017eili Instagram. V sou\u010dasnosti pou\u017e\u00edv\u00e1 Instagram ka\u017ed\u00fd den v\u00edce ne\u017e 1 miliarda lid\u00ed. Instagram obsahuje v\u0161echny druhy fotografi\u00ed. Od model\u016f po n\u00e1vrhy architektury. Na t\u00e9to aplikaci pro soci\u00e1ln\u00ed m\u00e9dia si m\u016f\u017ee ka\u017ed\u00fd [&hellip;]\" \/>\n<meta property=\"og:url\" content=\"https:\/\/luxurymagazine.cz\/index.php\/2021\/09\/14\/jak-pouzivat-fotografie-na-instagram\/\" \/>\n<meta property=\"og:site_name\" content=\"LUXURYMAGAZINE.cz\" \/>\n<meta property=\"article:published_time\" content=\"2021-09-14T12:23:34+00:00\" \/>\n<meta property=\"article:modified_time\" content=\"2021-12-15T00:33:44+00:00\" \/>\n<meta property=\"og:image\" content=\"https:\/\/luxurymagazine.cz\/wp-content\/uploads\/2021\/09\/dreamstime_s_104500744.jpg\" \/>\n\t<meta property=\"og:image:width\" content=\"800\" \/>\n\t<meta property=\"og:image:height\" content=\"533\" \/>\n\t<meta property=\"og:image:type\" content=\"image\/jpeg\" \/>\n<meta name=\"author\" content=\"Miroslav Van\u011bk\" \/>\n<meta name=\"twitter:card\" content=\"summary_large_image\" \/>\n<meta name=\"twitter:label1\" content=\"Napsal(a)\" \/>\n\t<meta name=\"twitter:data1\" content=\"Miroslav Van\u011bk\" \/>\n\t<meta name=\"twitter:label2\" content=\"Odhadovan\u00e1 doba \u010dten\u00ed\" \/>\n\t<meta name=\"twitter:data2\" content=\"3 minuty\" \/>\n<script type=\"application\/ld+json\" class=\"yoast-schema-graph\">{\"@context\":\"https:\/\/schema.org\",\"@graph\":[{\"@type\":\"Article\",\"@id\":\"https:\/\/luxurymagazine.cz\/index.php\/2021\/09\/14\/jak-pouzivat-fotografie-na-instagram\/#article\",\"isPartOf\":{\"@id\":\"https:\/\/luxurymagazine.cz\/index.php\/2021\/09\/14\/jak-pouzivat-fotografie-na-instagram\/\"},\"author\":{\"name\":\"Miroslav Van\u011bk\",\"@id\":\"https:\/\/luxurymagazine.cz\/#\/schema\/person\/44a069a3b1eab523585f7325b6e54254\"},\"headline\":\"Jak pou\u017e\u00edvat fotografie na Instagram\",\"datePublished\":\"2021-09-14T12:23:34+00:00\",\"dateModified\":\"2021-12-15T00:33:44+00:00\",\"mainEntityOfPage\":{\"@id\":\"https:\/\/luxurymagazine.cz\/index.php\/2021\/09\/14\/jak-pouzivat-fotografie-na-instagram\/\"},\"wordCount\":664,\"publisher\":{\"@id\":\"https:\/\/luxurymagazine.cz\/#organization\"},\"articleSection\":[\"NEWS\",\"TECHNIKA &amp; SPOT\u0158EBI\u010cE\",\"TIPY &amp; TRENDY\"],\"inLanguage\":\"cs\"},{\"@type\":\"WebPage\",\"@id\":\"https:\/\/luxurymagazine.cz\/index.php\/2021\/09\/14\/jak-pouzivat-fotografie-na-instagram\/\",\"url\":\"https:\/\/luxurymagazine.cz\/index.php\/2021\/09\/14\/jak-pouzivat-fotografie-na-instagram\/\",\"name\":\"Jak pou\u017e\u00edvat fotografie na Instagram - LUXURYMAGAZINE.cz\",\"isPartOf\":{\"@id\":\"https:\/\/luxurymagazine.cz\/#website\"},\"datePublished\":\"2021-09-14T12:23:34+00:00\",\"dateModified\":\"2021-12-15T00:33:44+00:00\",\"breadcrumb\":{\"@id\":\"https:\/\/luxurymagazine.cz\/index.php\/2021\/09\/14\/jak-pouzivat-fotografie-na-instagram\/#breadcrumb\"},\"inLanguage\":\"cs\",\"potentialAction\":[{\"@type\":\"ReadAction\",\"target\":[\"https:\/\/luxurymagazine.cz\/index.php\/2021\/09\/14\/jak-pouzivat-fotografie-na-instagram\/\"]}]},{\"@type\":\"BreadcrumbList\",\"@id\":\"https:\/\/luxurymagazine.cz\/index.php\/2021\/09\/14\/jak-pouzivat-fotografie-na-instagram\/#breadcrumb\",\"itemListElement\":[{\"@type\":\"ListItem\",\"position\":1,\"name\":\"Dom\u016f\",\"item\":\"https:\/\/luxurymagazine.cz\/\"},{\"@type\":\"ListItem\",\"position\":2,\"name\":\"Jak pou\u017e\u00edvat fotografie na Instagram\"}]},{\"@type\":\"WebSite\",\"@id\":\"https:\/\/luxurymagazine.cz\/#website\",\"url\":\"https:\/\/luxurymagazine.cz\/\",\"name\":\"LUXURYMAGAZINE.cz\",\"description\":\"Port\u00e1l v\u00fdhradn\u011b o luxusu...\",\"publisher\":{\"@id\":\"https:\/\/luxurymagazine.cz\/#organization\"},\"potentialAction\":[{\"@type\":\"SearchAction\",\"target\":{\"@type\":\"EntryPoint\",\"urlTemplate\":\"https:\/\/luxurymagazine.cz\/?s={search_term_string}\"},\"query-input\":\"required name=search_term_string\"}],\"inLanguage\":\"cs\"},{\"@type\":\"Organization\",\"@id\":\"https:\/\/luxurymagazine.cz\/#organization\",\"name\":\"LUXURYMAGAZINE.cz\",\"url\":\"https:\/\/luxurymagazine.cz\/\",\"logo\":{\"@type\":\"ImageObject\",\"inLanguage\":\"cs\",\"@id\":\"https:\/\/luxurymagazine.cz\/#\/schema\/logo\/image\/\",\"url\":\"https:\/\/luxurymagazine.cz\/wp-content\/uploads\/2024\/12\/cropped-Logo_LuxuryMagazine-1.jpg\",\"contentUrl\":\"https:\/\/luxurymagazine.cz\/wp-content\/uploads\/2024\/12\/cropped-Logo_LuxuryMagazine-1.jpg\",\"width\":934,\"height\":509,\"caption\":\"LUXURYMAGAZINE.cz\"},\"image\":{\"@id\":\"https:\/\/luxurymagazine.cz\/#\/schema\/logo\/image\/\"}},{\"@type\":\"Person\",\"@id\":\"https:\/\/luxurymagazine.cz\/#\/schema\/person\/44a069a3b1eab523585f7325b6e54254\",\"name\":\"Miroslav Van\u011bk\",\"image\":{\"@type\":\"ImageObject\",\"inLanguage\":\"cs\",\"@id\":\"https:\/\/luxurymagazine.cz\/#\/schema\/person\/image\/\",\"url\":\"https:\/\/secure.gravatar.com\/avatar\/cc93dbecbfc820d69a964ea4a1c72377?s=96&d=mm&r=g\",\"contentUrl\":\"https:\/\/secure.gravatar.com\/avatar\/cc93dbecbfc820d69a964ea4a1c72377?s=96&d=mm&r=g\",\"caption\":\"Miroslav Van\u011bk\"},\"sameAs\":[\"http:\/\/LUXURYMAGAZINE.cz\"],\"url\":\"https:\/\/luxurymagazine.cz\/index.php\/author\/mirvan\/\"}]}<\/script>\n<!-- \/ Yoast SEO plugin. -->","yoast_head_json":{"title":"Jak pou\u017e\u00edvat fotografie na Instagram - LUXURYMAGAZINE.cz","robots":{"index":"index","follow":"follow","max-snippet":"max-snippet:-1","max-image-preview":"max-image-preview:large","max-video-preview":"max-video-preview:-1"},"canonical":"https:\/\/luxurymagazine.cz\/index.php\/2021\/09\/14\/jak-pouzivat-fotografie-na-instagram\/","og_locale":"cs_CZ","og_type":"article","og_title":"Jak pou\u017e\u00edvat fotografie na Instagram - LUXURYMAGAZINE.cz","og_description":"Od roku 2004 za\u010dal sv\u011bt vyu\u017e\u00edvat soci\u00e1ln\u00ed m\u00e9dia st\u00e1le v\u00edce a v\u00edce ka\u017ed\u00fd den. Ale v roce 2010 Kevin Systrom a Mike Krieger zalo\u017eili Instagram. V sou\u010dasnosti pou\u017e\u00edv\u00e1 Instagram ka\u017ed\u00fd den v\u00edce ne\u017e 1 miliarda lid\u00ed. Instagram obsahuje v\u0161echny druhy fotografi\u00ed. Od model\u016f po n\u00e1vrhy architektury. Na t\u00e9to aplikaci pro soci\u00e1ln\u00ed m\u00e9dia si m\u016f\u017ee ka\u017ed\u00fd [&hellip;]","og_url":"https:\/\/luxurymagazine.cz\/index.php\/2021\/09\/14\/jak-pouzivat-fotografie-na-instagram\/","og_site_name":"LUXURYMAGAZINE.cz","article_published_time":"2021-09-14T12:23:34+00:00","article_modified_time":"2021-12-15T00:33:44+00:00","og_image":[{"width":800,"height":533,"url":"https:\/\/luxurymagazine.cz\/wp-content\/uploads\/2021\/09\/dreamstime_s_104500744.jpg","type":"image\/jpeg"}],"author":"Miroslav Van\u011bk","twitter_card":"summary_large_image","twitter_misc":{"Napsal(a)":"Miroslav Van\u011bk","Odhadovan\u00e1 doba \u010dten\u00ed":"3 minuty"},"schema":{"@context":"https:\/\/schema.org","@graph":[{"@type":"Article","@id":"https:\/\/luxurymagazine.cz\/index.php\/2021\/09\/14\/jak-pouzivat-fotografie-na-instagram\/#article","isPartOf":{"@id":"https:\/\/luxurymagazine.cz\/index.php\/2021\/09\/14\/jak-pouzivat-fotografie-na-instagram\/"},"author":{"name":"Miroslav Van\u011bk","@id":"https:\/\/luxurymagazine.cz\/#\/schema\/person\/44a069a3b1eab523585f7325b6e54254"},"headline":"Jak pou\u017e\u00edvat fotografie na Instagram","datePublished":"2021-09-14T12:23:34+00:00","dateModified":"2021-12-15T00:33:44+00:00","mainEntityOfPage":{"@id":"https:\/\/luxurymagazine.cz\/index.php\/2021\/09\/14\/jak-pouzivat-fotografie-na-instagram\/"},"wordCount":664,"publisher":{"@id":"https:\/\/luxurymagazine.cz\/#organization"},"articleSection":["NEWS","TECHNIKA &amp; SPOT\u0158EBI\u010cE","TIPY &amp; TRENDY"],"inLanguage":"cs"},{"@type":"WebPage","@id":"https:\/\/luxurymagazine.cz\/index.php\/2021\/09\/14\/jak-pouzivat-fotografie-na-instagram\/","url":"https:\/\/luxurymagazine.cz\/index.php\/2021\/09\/14\/jak-pouzivat-fotografie-na-instagram\/","name":"Jak pou\u017e\u00edvat fotografie na Instagram - LUXURYMAGAZINE.cz","isPartOf":{"@id":"https:\/\/luxurymagazine.cz\/#website"},"datePublished":"2021-09-14T12:23:34+00:00","dateModified":"2021-12-15T00:33:44+00:00","breadcrumb":{"@id":"https:\/\/luxurymagazine.cz\/index.php\/2021\/09\/14\/jak-pouzivat-fotografie-na-instagram\/#breadcrumb"},"inLanguage":"cs","potentialAction":[{"@type":"ReadAction","target":["https:\/\/luxurymagazine.cz\/index.php\/2021\/09\/14\/jak-pouzivat-fotografie-na-instagram\/"]}]},{"@type":"BreadcrumbList","@id":"https:\/\/luxurymagazine.cz\/index.php\/2021\/09\/14\/jak-pouzivat-fotografie-na-instagram\/#breadcrumb","itemListElement":[{"@type":"ListItem","position":1,"name":"Dom\u016f","item":"https:\/\/luxurymagazine.cz\/"},{"@type":"ListItem","position":2,"name":"Jak pou\u017e\u00edvat fotografie na Instagram"}]},{"@type":"WebSite","@id":"https:\/\/luxurymagazine.cz\/#website","url":"https:\/\/luxurymagazine.cz\/","name":"LUXURYMAGAZINE.cz","description":"Port\u00e1l v\u00fdhradn\u011b o luxusu...","publisher":{"@id":"https:\/\/luxurymagazine.cz\/#organization"},"potentialAction":[{"@type":"SearchAction","target":{"@type":"EntryPoint","urlTemplate":"https:\/\/luxurymagazine.cz\/?s={search_term_string}"},"query-input":"required name=search_term_string"}],"inLanguage":"cs"},{"@type":"Organization","@id":"https:\/\/luxurymagazine.cz\/#organization","name":"LUXURYMAGAZINE.cz","url":"https:\/\/luxurymagazine.cz\/","logo":{"@type":"ImageObject","inLanguage":"cs","@id":"https:\/\/luxurymagazine.cz\/#\/schema\/logo\/image\/","url":"https:\/\/luxurymagazine.cz\/wp-content\/uploads\/2024\/12\/cropped-Logo_LuxuryMagazine-1.jpg","contentUrl":"https:\/\/luxurymagazine.cz\/wp-content\/uploads\/2024\/12\/cropped-Logo_LuxuryMagazine-1.jpg","width":934,"height":509,"caption":"LUXURYMAGAZINE.cz"},"image":{"@id":"https:\/\/luxurymagazine.cz\/#\/schema\/logo\/image\/"}},{"@type":"Person","@id":"https:\/\/luxurymagazine.cz\/#\/schema\/person\/44a069a3b1eab523585f7325b6e54254","name":"Miroslav Van\u011bk","image":{"@type":"ImageObject","inLanguage":"cs","@id":"https:\/\/luxurymagazine.cz\/#\/schema\/person\/image\/","url":"https:\/\/secure.gravatar.com\/avatar\/cc93dbecbfc820d69a964ea4a1c72377?s=96&d=mm&r=g","contentUrl":"https:\/\/secure.gravatar.com\/avatar\/cc93dbecbfc820d69a964ea4a1c72377?s=96&d=mm&r=g","caption":"Miroslav Van\u011bk"},"sameAs":["http:\/\/LUXURYMAGAZINE.cz"],"url":"https:\/\/luxurymagazine.cz\/index.php\/author\/mirvan\/"}]}},"_links":{"self":[{"href":"https:\/\/luxurymagazine.cz\/index.php\/wp-json\/wp\/v2\/posts\/1654"}],"collection":[{"href":"https:\/\/luxurymagazine.cz\/index.php\/wp-json\/wp\/v2\/posts"}],"about":[{"href":"https:\/\/luxurymagazine.cz\/index.php\/wp-json\/wp\/v2\/types\/post"}],"author":[{"embeddable":true,"href":"https:\/\/luxurymagazine.cz\/index.php\/wp-json\/wp\/v2\/users\/3"}],"replies":[{"embeddable":true,"href":"https:\/\/luxurymagazine.cz\/index.php\/wp-json\/wp\/v2\/comments?post=1654"}],"version-history":[{"count":-3,"href":"https:\/\/luxurymagazine.cz\/index.php\/wp-json\/wp\/v2\/posts\/1654\/revisions"}],"wp:featuredmedia":[{"embeddable":true,"href":"https:\/\/luxurymagazine.cz\/index.php\/wp-json\/wp\/v2\/media\/1655"}],"wp:attachment":[{"href":"https:\/\/luxurymagazine.cz\/index.php\/wp-json\/wp\/v2\/media?parent=1654"}],"wp:term":[{"taxonomy":"category","embeddable":true,"href":"https:\/\/luxurymagazine.cz\/index.php\/wp-json\/wp\/v2\/categories?post=1654"},{"taxonomy":"post_tag","embeddable":true,"href":"https:\/\/luxurymagazine.cz\/index.php\/wp-json\/wp\/v2\/tags?post=1654"}],"curies":[{"name":"wp","href":"https:\/\/api.w.org\/{rel}","templated":true}]}}