{"id":1900,"date":"2021-11-25T00:17:53","date_gmt":"2021-11-24T23:17:53","guid":{"rendered":"https:\/\/luxurymagazine.cz\/?p=1900"},"modified":"2022-02-14T01:10:25","modified_gmt":"2022-02-14T00:10:25","slug":"vernisaz-v-doxu-jsem-zena-jsem-knezka","status":"publish","type":"post","link":"https:\/\/luxurymagazine.cz\/index.php\/2021\/11\/25\/vernisaz-v-doxu-jsem-zena-jsem-knezka\/","title":{"rendered":"Verni\u0161\u00e1\u017e v DOXu: Jsem \u017eena, jsem kn\u011b\u017eka"},"content":{"rendered":"\n<p><strong>V Centru sou\u010dasn\u00e9ho um\u011bn\u00ed DOX se uskute\u010dnila v\u00fdstava um\u011bleck\u00fdch velkoform\u00e1tov\u00fdch fotografi\u00ed Jsem \u017eena, jsem kn\u011b\u017eka z charitativn\u011b-edukativn\u00edho cyklu histori\u010dky Lilie Khousnoutdinov\u00e9. Akce spojen\u00e1 s dra\u017ebou um\u011bleck\u00fdch fotografi\u00ed pomohla nav\u00edc z\u00edskat p\u0159es 155 tis\u00edc K\u010d ve prosp\u011bch t\u0159\u00ed neziskov\u00fdch organizac\u00ed.<\/strong><\/p>\n\n\n\n<figure class=\"wp-block-image size-large\"><img decoding=\"async\" loading=\"lazy\" width=\"1024\" height=\"682\" src=\"https:\/\/luxurymagazine.cz\/wp-content\/uploads\/2021\/11\/Foto-Hisense-1-1024x682.jpg\" alt=\"\" class=\"wp-image-1901\" srcset=\"https:\/\/luxurymagazine.cz\/wp-content\/uploads\/2021\/11\/Foto-Hisense-1-1024x682.jpg 1024w, https:\/\/luxurymagazine.cz\/wp-content\/uploads\/2021\/11\/Foto-Hisense-1-300x200.jpg 300w, https:\/\/luxurymagazine.cz\/wp-content\/uploads\/2021\/11\/Foto-Hisense-1-768x512.jpg 768w, https:\/\/luxurymagazine.cz\/wp-content\/uploads\/2021\/11\/Foto-Hisense-1-730x485.jpg 730w, https:\/\/luxurymagazine.cz\/wp-content\/uploads\/2021\/11\/Foto-Hisense-1.jpg 1250w\" sizes=\"(max-width: 1024px) 100vw, 1024px\" \/><\/figure>\n\n\n\n<p>Za dlouhodob\u00fdm projektem Jsem \u017eena se silnou a origin\u00e1ln\u011b pojatou \u017eenskou tematikou stoj\u00ed histori\u010dka, design\u00e9rka a publicistka Lilia Khousnoutdinova s kunsthistori\u010dkou Michaelou C\u00e1skovou. Ukazuje \u017eeny jako siln\u00e9 osobnosti. Prvn\u00ed d\u00edl s n\u00e1zvem&nbsp;<strong>Jsem \u017eena, jsem bohyn\u011b<\/strong>&nbsp;se zam\u011b\u0159il na \u017eensk\u00e9 archetypy a slovanskou mytologii. Druh\u00fd d\u00edl Jsem \u017eena, jsem Evropa je pln\u00fd \u017een, kter\u00e9 formovaly d\u011bjiny Evropy se p\u0159ipravuje i jako kniha s p\u016fvabn\u00fdmi ilustracemi loty\u0161sk\u00e9 v\u00fdtvarnice Levy Ozoly v Nakladatelstv\u00ed Slovart.<\/p>\n\n\n\n<figure class=\"wp-block-image\"><img decoding=\"async\" src=\"https:\/\/www.menhouse.cz\/tmp\/18764_0_800_1637794658.jpg\" alt=\"\"\/><\/figure>\n\n\n\n<p>T\u0159et\u00ed d\u00edl cyklu s n\u00e1zvem&nbsp;<strong>Jsem \u017eena, jsem kn\u011b\u017eka<\/strong>&nbsp;se soust\u0159ed\u00ed na \u017eeny, kter\u00e9 v evropsk\u00fdch d\u011bjin\u00e1ch sehr\u00e1ly roli p\u0159edev\u0161\u00edm v oblasti spiritu\u00e1ln\u00ed. P\u0159ipom\u00edn\u00e1 siln\u00e9 \u017eeny minul\u00fdch dob, kter\u00e9 si pro\u017eily cestu plnou nezdoln\u00e9ho odhodl\u00e1n\u00ed za objeven\u00edm a p\u0159ijet\u00edm sv\u00fdch \u017eensk\u00fdch kvalit, je\u017e pak n\u00e1sledn\u011b uplatnily v oborech sv\u00e9ho p\u016fsoben\u00ed. I proto zahrnuje n\u00e1zev kontroverzn\u00ed slovo kn\u011b\u017eka.<\/p>\n\n\n\n<p>Postavy na origin\u00e1ln\u00edch velkoform\u00e1tov\u00fdch fotografi\u00edch ztv\u00e1rnily zn\u00e1m\u00e9 osobnosti, kter\u00e9 maj\u00ed ke sv\u00fdm historick\u00fdm p\u0159edobraz\u016fm samy bl\u00edzko. Za objektivem st\u00e1la zn\u00e1m\u00e1 m\u00f3dn\u00ed fotografka Ivy E. Morwen. Host\u00e9 tak mohli na um\u011bleck\u00fdch fotoobrazech o \u00factyhodn\u00e9 velikosti obdivovat t\u0159eba zp\u011bva\u010dku B\u00e1ru Basikovou jako Johanku z Arku, modelku Helenu Houdovou jako severskou \u0161amanku nebo Lucii Vondr\u00e1\u010dkovou jako Boudiccu, man\u017eelku icensk\u00e9ho kr\u00e1le, kter\u00e1 podn\u00edtila povst\u00e1n\u00ed proti Neronov\u011b \u0158\u00edmu. Tyto unik\u00e1tn\u00ed fotografie se stanou tak\u00e9 sou\u010d\u00e1st\u00ed nedatovan\u00e9ho di\u00e1\u0159e.<\/p>\n\n\n\n<figure class=\"wp-block-image\"><img decoding=\"async\" src=\"https:\/\/www.menhouse.cz\/tmp\/18766_0_800_1637794659.jpg\" alt=\"\"\/><\/figure>\n\n\n\n<p>Na velkolep\u00fd event, kter\u00fd moderovala Olga Lounov\u00e1 s Markem Va\u0161utem, dorazily vedle \u0159ady obl\u00edben\u00fdch here\u010dek a herc\u016f tak\u00e9 zn\u00e1m\u00e9 osobnosti. Sou\u010d\u00e1st\u00ed programu byla i dra\u017eba um\u011bleck\u00fdch fotografi\u00ed ve prosp\u011bch nadac\u00ed DEBRA \u010cR, Nada\u010dn\u00edho fondu Slunce pro v\u0161echny a nov\u011b vznikl\u00e9ho Nada\u010dn\u00edho fondu Propolis 33. V p\u0159\u00edjemn\u00e9 atmosf\u00e9\u0159e slavnostn\u00edho ve\u010dera se poda\u0159ilo vydra\u017eit 155 333 K\u010d, kter\u00e9 pomohou dobr\u00e9 v\u011bci.<\/p>\n\n\n\n<figure class=\"wp-block-image\"><img decoding=\"async\" src=\"https:\/\/www.menhouse.cz\/tmp\/18767_0_800_1637794659.jpg\" alt=\"\"\/><\/figure>\n\n\n\n<p>Sou\u010d\u00e1st\u00ed vernis\u00e1\u017ee byly i \u0161pi\u010dkov\u00e9 televizory Hisense, na kter\u00fdch mohli n\u00e1v\u0161t\u011bvn\u00edci sledovat video ze z\u00e1kulis\u00ed zrodu um\u011bleck\u00fdch fotografi\u00ed Ivy E. Morwen. Vedle nov\u00e9 OLED TV A9G s dokonale vykreslen\u00fdmi barvami a temnou \u010dernou neu\u0161ly pozornosti n\u00e1v\u0161t\u011bvn\u00edk\u016f ani dva laserov\u00e9 televizory Hisense 100 L5F s futuristickou projek\u010dn\u00ed technologi\u00ed zobrazov\u00e1n\u00ed a ob\u0159\u00ed obrazovkou s dvouap\u016flmetrovou \u00fahlop\u0159\u00ed\u010dkou. Host\u00e9 tak ve velk\u00e9m stylu vid\u011bli i to, co st\u00e1lo za zrodem jedine\u010dn\u00fdch um\u011bleck\u00fdch v\u00fdpov\u011bd\u00ed o s\u00edle \u017eeny.<\/p>\n\n\n\n<p><strong>V\u00edce informac\u00ed:\u00a0<a href=\"http:\/\/www.hisense.cz\/\">www.hisense.cz<\/a>,\u00a0<a href=\"https:\/\/global.hisense.com\/\">global.hisense.com<\/a><\/strong><\/p>\n\n\n\n<div style=\"height:50px\" aria-hidden=\"true\" class=\"wp-block-spacer\"><\/div>\n\n\n\n<h3 class=\"wp-block-heading\">O spole\u010dnosti:<\/h3>\n\n\n\n<p>Skupina Hisense je p\u0159edn\u00edm celosv\u011btov\u011b p\u016fsob\u00edc\u00edm v\u00fdrobcem inovativn\u00edho sortimentu technologick\u00fdch produkt\u016f, kter\u00e9 v\u00fdrazn\u011b zasahuj\u00ed do mnoha obor\u016f spot\u0159ebn\u00ed elektroniky \u2013 konkr\u00e9tn\u011b dom\u00e1c\u00edch spot\u0159ebi\u010d\u016f, klimatizac\u00ed, mobiln\u00edch komunika\u010dn\u00edch za\u0159\u00edzen\u00ed nebo \u0159e\u0161en\u00ed pro infrastrukturu a zdravotnictv\u00ed. Je \u010dtvrt\u00fdm nejv\u011bt\u0161\u00edm v\u00fdrobcem televizor\u016f na sv\u011bt\u011b. Skupina zam\u011bstn\u00e1v\u00e1 v\u00edce ne\u017e 80 000 pracovn\u00edk\u016f t\u00e9m\u011b\u0159 po cel\u00e9 planet\u011b. Tato spole\u010dnost p\u016fsob\u00ed prost\u0159ednictv\u00edm 54 z\u00e1mo\u0159sk\u00fdch obchodn\u00edch spole\u010dnost\u00ed, 16 v\u00fdzkumn\u00fdch center a 16 v\u00fdrobn\u00edch z\u00e1vod\u016f ve v\u00edce ne\u017e 130 zem\u00edch.<\/p>\n\n\n\n<p>V&nbsp;roce 2018 se spole\u010dnost Hisense International stala 100% strategick\u00fdm vlastn\u00edkem sv\u011btov\u00e9 skupiny Gorenje Group. Tato akvizice d\u00e1le pos\u00edlila pozici Hisense na evropsk\u00fdch trz\u00edch a tak\u00e9 p\u0159inesla \u0159adu synergi\u00ed ve v\u00fdvoji a v\u00fdrob\u011b, provozn\u00ed efektivit\u011b a distribuci.<\/p>\n\n\n\n<p>V \u010cesk\u00e9 republice je spole\u010dnost Hisense zastoupena od roku 2015. Postaven\u00ed si postupn\u011b buduje nejen v&nbsp;segmentu&nbsp; televizor\u016f s uhlop\u0159\u00ed\u010dkou od 32&#8243; a\u017e do 100&#8243;, vybaven\u00fdch patentovanou technologii ULED a v\u0161emi typy tuner\u016f, ale i chladni\u010dek, pra\u010dek a klimatizac\u00ed. V dubnu roku 2019 p\u0159evzala spole\u010dnost Gorenje spol s.r.o. prodejn\u00ed a marketingov\u00e9 aktivity zna\u010dky Hisense v&nbsp;\u010cesk\u00e9 a Slovensk\u00e9 republice s c\u00edlem p\u0159edstavit a stabilizovat zna\u010dku Hisense na t\u011bchto trz\u00edch.<\/p>\n\n\n\n<p>Hisense je ofici\u00e1ln\u00edm sponzorem nejv\u011bt\u0161\u00edho fotbalov\u00e9ho sv\u00e1tku \u2013 EURO 2020. Je tak\u00e9 ofici\u00e1ln\u00edm partnerem presti\u017en\u00edho prvoligov\u00e9ho fotbalov\u00e9ho klubu Paris Saint-Germain a nov\u011b i ofici\u00e1ln\u00edm partnerem mistrovstv\u00ed sv\u011bta ve fotbale, kter\u00e9 se uskute\u010dn\u00ed v\u00a0Kataru v\u00a0roce 2022.<\/p>\n\n\n\n<div style=\"height:20px\" aria-hidden=\"true\" class=\"wp-block-spacer\"><\/div>\n\n\n\n<figure class=\"wp-block-gallery columns-2 is-cropped wp-block-gallery-1 is-layout-flex wp-block-gallery-is-layout-flex\"><ul class=\"blocks-gallery-grid\"><li class=\"blocks-gallery-item\"><figure><img decoding=\"async\" loading=\"lazy\" width=\"1024\" height=\"682\" src=\"https:\/\/luxurymagazine.cz\/wp-content\/uploads\/2021\/11\/Foto-Hisense-1-1024x682.jpg\" alt=\"\" data-id=\"1901\" data-full-url=\"https:\/\/luxurymagazine.cz\/wp-content\/uploads\/2021\/11\/Foto-Hisense-1.jpg\" data-link=\"https:\/\/luxurymagazine.cz\/?attachment_id=1901\" class=\"wp-image-1901\" srcset=\"https:\/\/luxurymagazine.cz\/wp-content\/uploads\/2021\/11\/Foto-Hisense-1-1024x682.jpg 1024w, https:\/\/luxurymagazine.cz\/wp-content\/uploads\/2021\/11\/Foto-Hisense-1-300x200.jpg 300w, https:\/\/luxurymagazine.cz\/wp-content\/uploads\/2021\/11\/Foto-Hisense-1-768x512.jpg 768w, https:\/\/luxurymagazine.cz\/wp-content\/uploads\/2021\/11\/Foto-Hisense-1-730x485.jpg 730w, https:\/\/luxurymagazine.cz\/wp-content\/uploads\/2021\/11\/Foto-Hisense-1.jpg 1250w\" sizes=\"(max-width: 1024px) 100vw, 1024px\" \/><\/figure><\/li><li class=\"blocks-gallery-item\"><figure><img decoding=\"async\" loading=\"lazy\" width=\"1024\" height=\"682\" src=\"https:\/\/luxurymagazine.cz\/wp-content\/uploads\/2021\/11\/Foto-Hisense-2-1024x682.jpg\" alt=\"\" data-id=\"1902\" data-full-url=\"https:\/\/luxurymagazine.cz\/wp-content\/uploads\/2021\/11\/Foto-Hisense-2.jpg\" data-link=\"https:\/\/luxurymagazine.cz\/?attachment_id=1902\" class=\"wp-image-1902\" srcset=\"https:\/\/luxurymagazine.cz\/wp-content\/uploads\/2021\/11\/Foto-Hisense-2-1024x682.jpg 1024w, https:\/\/luxurymagazine.cz\/wp-content\/uploads\/2021\/11\/Foto-Hisense-2-300x200.jpg 300w, https:\/\/luxurymagazine.cz\/wp-content\/uploads\/2021\/11\/Foto-Hisense-2-768x512.jpg 768w, https:\/\/luxurymagazine.cz\/wp-content\/uploads\/2021\/11\/Foto-Hisense-2-730x485.jpg 730w, https:\/\/luxurymagazine.cz\/wp-content\/uploads\/2021\/11\/Foto-Hisense-2.jpg 1250w\" sizes=\"(max-width: 1024px) 100vw, 1024px\" \/><\/figure><\/li><li class=\"blocks-gallery-item\"><figure><img decoding=\"async\" loading=\"lazy\" width=\"653\" height=\"950\" src=\"https:\/\/luxurymagazine.cz\/wp-content\/uploads\/2021\/11\/Foto-Hisense-3.jpg\" alt=\"\" data-id=\"1903\" data-full-url=\"https:\/\/luxurymagazine.cz\/wp-content\/uploads\/2021\/11\/Foto-Hisense-3.jpg\" data-link=\"https:\/\/luxurymagazine.cz\/?attachment_id=1903\" class=\"wp-image-1903\" srcset=\"https:\/\/luxurymagazine.cz\/wp-content\/uploads\/2021\/11\/Foto-Hisense-3.jpg 653w, https:\/\/luxurymagazine.cz\/wp-content\/uploads\/2021\/11\/Foto-Hisense-3-206x300.jpg 206w\" sizes=\"(max-width: 653px) 100vw, 653px\" \/><\/figure><\/li><li class=\"blocks-gallery-item\"><figure><img decoding=\"async\" loading=\"lazy\" width=\"1024\" height=\"750\" src=\"https:\/\/luxurymagazine.cz\/wp-content\/uploads\/2021\/11\/Foto-Hisense-4-1024x750.jpg\" alt=\"\" data-id=\"1904\" data-full-url=\"https:\/\/luxurymagazine.cz\/wp-content\/uploads\/2021\/11\/Foto-Hisense-4.jpg\" data-link=\"https:\/\/luxurymagazine.cz\/?attachment_id=1904\" class=\"wp-image-1904\" srcset=\"https:\/\/luxurymagazine.cz\/wp-content\/uploads\/2021\/11\/Foto-Hisense-4-1024x750.jpg 1024w, https:\/\/luxurymagazine.cz\/wp-content\/uploads\/2021\/11\/Foto-Hisense-4-300x220.jpg 300w, https:\/\/luxurymagazine.cz\/wp-content\/uploads\/2021\/11\/Foto-Hisense-4-768x563.jpg 768w, https:\/\/luxurymagazine.cz\/wp-content\/uploads\/2021\/11\/Foto-Hisense-4.jpg 1250w\" sizes=\"(max-width: 1024px) 100vw, 1024px\" \/><\/figure><\/li><li class=\"blocks-gallery-item\"><figure><img decoding=\"async\" loading=\"lazy\" width=\"1024\" height=\"854\" src=\"https:\/\/luxurymagazine.cz\/wp-content\/uploads\/2021\/11\/Foto-Hisense-5-1024x854.jpg\" alt=\"\" data-id=\"1905\" data-full-url=\"https:\/\/luxurymagazine.cz\/wp-content\/uploads\/2021\/11\/Foto-Hisense-5.jpg\" data-link=\"https:\/\/luxurymagazine.cz\/?attachment_id=1905\" class=\"wp-image-1905\" srcset=\"https:\/\/luxurymagazine.cz\/wp-content\/uploads\/2021\/11\/Foto-Hisense-5-1024x854.jpg 1024w, https:\/\/luxurymagazine.cz\/wp-content\/uploads\/2021\/11\/Foto-Hisense-5-300x250.jpg 300w, https:\/\/luxurymagazine.cz\/wp-content\/uploads\/2021\/11\/Foto-Hisense-5-768x641.jpg 768w, https:\/\/luxurymagazine.cz\/wp-content\/uploads\/2021\/11\/Foto-Hisense-5.jpg 1139w\" sizes=\"(max-width: 1024px) 100vw, 1024px\" \/><\/figure><\/li><li class=\"blocks-gallery-item\"><figure><img decoding=\"async\" loading=\"lazy\" width=\"582\" height=\"950\" src=\"https:\/\/luxurymagazine.cz\/wp-content\/uploads\/2021\/11\/Foto-Hisense-6.jpg\" alt=\"\" data-id=\"1906\" data-full-url=\"https:\/\/luxurymagazine.cz\/wp-content\/uploads\/2021\/11\/Foto-Hisense-6.jpg\" data-link=\"https:\/\/luxurymagazine.cz\/?attachment_id=1906\" class=\"wp-image-1906\" srcset=\"https:\/\/luxurymagazine.cz\/wp-content\/uploads\/2021\/11\/Foto-Hisense-6.jpg 582w, https:\/\/luxurymagazine.cz\/wp-content\/uploads\/2021\/11\/Foto-Hisense-6-184x300.jpg 184w\" sizes=\"(max-width: 582px) 100vw, 582px\" \/><\/figure><\/li><\/ul><\/figure>\n\n\n\n<p><strong>Zdroj foto: Hisense<\/strong><\/p>\n\n\n\n<div style=\"height:100px\" aria-hidden=\"true\" class=\"wp-block-spacer\"><\/div>\n","protected":false},"excerpt":{"rendered":"<p>V Centru sou\u010dasn\u00e9ho um\u011bn\u00ed DOX se uskute\u010dnila v\u00fdstava um\u011bleck\u00fdch velkoform\u00e1tov\u00fdch fotografi\u00ed Jsem \u017eena, jsem kn\u011b\u017eka z charitativn\u011b-edukativn\u00edho cyklu histori\u010dky Lilie Khousnoutdinov\u00e9. Akce spojen\u00e1 s dra\u017ebou um\u011bleck\u00fdch fotografi\u00ed pomohla nav\u00edc z\u00edskat p\u0159es 155 tis\u00edc K\u010d ve prosp\u011bch t\u0159\u00ed neziskov\u00fdch organizac\u00ed. Za dlouhodob\u00fdm projektem Jsem \u017eena se silnou a origin\u00e1ln\u011b pojatou \u017eenskou tematikou stoj\u00ed histori\u010dka, design\u00e9rka a [&hellip;]<\/p>\n","protected":false},"author":2,"featured_media":1901,"comment_status":"closed","ping_status":"closed","sticky":false,"template":"","format":"standard","meta":{"_mi_skip_tracking":false,"_monsterinsights_sitenote_active":false,"_monsterinsights_sitenote_note":"","_monsterinsights_sitenote_category":0,"footnotes":""},"categories":[2,13],"tags":[],"yoast_head":"<!-- This site is optimized with the Yoast SEO plugin v21.4 - https:\/\/yoast.com\/wordpress\/plugins\/seo\/ -->\n<title>Verni\u0161\u00e1\u017e v DOXu: Jsem \u017eena, jsem kn\u011b\u017eka - LUXURYMAGAZINE.cz<\/title>\n<meta name=\"robots\" content=\"index, follow, max-snippet:-1, max-image-preview:large, max-video-preview:-1\" \/>\n<link rel=\"canonical\" href=\"https:\/\/luxurymagazine.cz\/index.php\/2021\/11\/25\/vernisaz-v-doxu-jsem-zena-jsem-knezka\/\" \/>\n<meta property=\"og:locale\" content=\"cs_CZ\" \/>\n<meta property=\"og:type\" content=\"article\" \/>\n<meta property=\"og:title\" content=\"Verni\u0161\u00e1\u017e v DOXu: Jsem \u017eena, jsem kn\u011b\u017eka - LUXURYMAGAZINE.cz\" \/>\n<meta property=\"og:description\" content=\"V Centru sou\u010dasn\u00e9ho um\u011bn\u00ed DOX se uskute\u010dnila v\u00fdstava um\u011bleck\u00fdch velkoform\u00e1tov\u00fdch fotografi\u00ed Jsem \u017eena, jsem kn\u011b\u017eka z charitativn\u011b-edukativn\u00edho cyklu histori\u010dky Lilie Khousnoutdinov\u00e9. Akce spojen\u00e1 s dra\u017ebou um\u011bleck\u00fdch fotografi\u00ed pomohla nav\u00edc z\u00edskat p\u0159es 155 tis\u00edc K\u010d ve prosp\u011bch t\u0159\u00ed neziskov\u00fdch organizac\u00ed. Za dlouhodob\u00fdm projektem Jsem \u017eena se silnou a origin\u00e1ln\u011b pojatou \u017eenskou tematikou stoj\u00ed histori\u010dka, design\u00e9rka a [&hellip;]\" \/>\n<meta property=\"og:url\" content=\"https:\/\/luxurymagazine.cz\/index.php\/2021\/11\/25\/vernisaz-v-doxu-jsem-zena-jsem-knezka\/\" \/>\n<meta property=\"og:site_name\" content=\"LUXURYMAGAZINE.cz\" \/>\n<meta property=\"article:published_time\" content=\"2021-11-24T23:17:53+00:00\" \/>\n<meta property=\"article:modified_time\" content=\"2022-02-14T00:10:25+00:00\" \/>\n<meta property=\"og:image\" content=\"https:\/\/luxurymagazine.cz\/wp-content\/uploads\/2021\/11\/Foto-Hisense-1.jpg\" \/>\n\t<meta property=\"og:image:width\" content=\"1250\" \/>\n\t<meta property=\"og:image:height\" content=\"833\" \/>\n\t<meta property=\"og:image:type\" content=\"image\/jpeg\" \/>\n<meta name=\"author\" content=\"Jolana Hol\u00e1\u0148ov\u00e1\" \/>\n<meta name=\"twitter:card\" content=\"summary_large_image\" \/>\n<meta name=\"twitter:label1\" content=\"Napsal(a)\" \/>\n\t<meta name=\"twitter:data1\" content=\"Jolana Hol\u00e1\u0148ov\u00e1\" \/>\n\t<meta name=\"twitter:label2\" content=\"Odhadovan\u00e1 doba \u010dten\u00ed\" \/>\n\t<meta name=\"twitter:data2\" content=\"4 minuty\" \/>\n<script type=\"application\/ld+json\" class=\"yoast-schema-graph\">{\"@context\":\"https:\/\/schema.org\",\"@graph\":[{\"@type\":\"Article\",\"@id\":\"https:\/\/luxurymagazine.cz\/index.php\/2021\/11\/25\/vernisaz-v-doxu-jsem-zena-jsem-knezka\/#article\",\"isPartOf\":{\"@id\":\"https:\/\/luxurymagazine.cz\/index.php\/2021\/11\/25\/vernisaz-v-doxu-jsem-zena-jsem-knezka\/\"},\"author\":{\"name\":\"Jolana Hol\u00e1\u0148ov\u00e1\",\"@id\":\"https:\/\/luxurymagazine.cz\/#\/schema\/person\/581f64efd4b5872ac991ea3581f630dc\"},\"headline\":\"Verni\u0161\u00e1\u017e v DOXu: Jsem \u017eena, jsem kn\u011b\u017eka\",\"datePublished\":\"2021-11-24T23:17:53+00:00\",\"dateModified\":\"2022-02-14T00:10:25+00:00\",\"mainEntityOfPage\":{\"@id\":\"https:\/\/luxurymagazine.cz\/index.php\/2021\/11\/25\/vernisaz-v-doxu-jsem-zena-jsem-knezka\/\"},\"wordCount\":837,\"publisher\":{\"@id\":\"https:\/\/luxurymagazine.cz\/#organization\"},\"articleSection\":[\"NEWS\",\"TIPY &amp; TRENDY\"],\"inLanguage\":\"cs\"},{\"@type\":\"WebPage\",\"@id\":\"https:\/\/luxurymagazine.cz\/index.php\/2021\/11\/25\/vernisaz-v-doxu-jsem-zena-jsem-knezka\/\",\"url\":\"https:\/\/luxurymagazine.cz\/index.php\/2021\/11\/25\/vernisaz-v-doxu-jsem-zena-jsem-knezka\/\",\"name\":\"Verni\u0161\u00e1\u017e v DOXu: Jsem \u017eena, jsem kn\u011b\u017eka - LUXURYMAGAZINE.cz\",\"isPartOf\":{\"@id\":\"https:\/\/luxurymagazine.cz\/#website\"},\"datePublished\":\"2021-11-24T23:17:53+00:00\",\"dateModified\":\"2022-02-14T00:10:25+00:00\",\"breadcrumb\":{\"@id\":\"https:\/\/luxurymagazine.cz\/index.php\/2021\/11\/25\/vernisaz-v-doxu-jsem-zena-jsem-knezka\/#breadcrumb\"},\"inLanguage\":\"cs\",\"potentialAction\":[{\"@type\":\"ReadAction\",\"target\":[\"https:\/\/luxurymagazine.cz\/index.php\/2021\/11\/25\/vernisaz-v-doxu-jsem-zena-jsem-knezka\/\"]}]},{\"@type\":\"BreadcrumbList\",\"@id\":\"https:\/\/luxurymagazine.cz\/index.php\/2021\/11\/25\/vernisaz-v-doxu-jsem-zena-jsem-knezka\/#breadcrumb\",\"itemListElement\":[{\"@type\":\"ListItem\",\"position\":1,\"name\":\"Dom\u016f\",\"item\":\"https:\/\/luxurymagazine.cz\/\"},{\"@type\":\"ListItem\",\"position\":2,\"name\":\"Verni\u0161\u00e1\u017e v DOXu: Jsem \u017eena, jsem kn\u011b\u017eka\"}]},{\"@type\":\"WebSite\",\"@id\":\"https:\/\/luxurymagazine.cz\/#website\",\"url\":\"https:\/\/luxurymagazine.cz\/\",\"name\":\"LUXURYMAGAZINE.cz\",\"description\":\"Port\u00e1l v\u00fdhradn\u011b o luxusu...\",\"publisher\":{\"@id\":\"https:\/\/luxurymagazine.cz\/#organization\"},\"potentialAction\":[{\"@type\":\"SearchAction\",\"target\":{\"@type\":\"EntryPoint\",\"urlTemplate\":\"https:\/\/luxurymagazine.cz\/?s={search_term_string}\"},\"query-input\":\"required name=search_term_string\"}],\"inLanguage\":\"cs\"},{\"@type\":\"Organization\",\"@id\":\"https:\/\/luxurymagazine.cz\/#organization\",\"name\":\"LUXURYMAGAZINE.cz\",\"url\":\"https:\/\/luxurymagazine.cz\/\",\"logo\":{\"@type\":\"ImageObject\",\"inLanguage\":\"cs\",\"@id\":\"https:\/\/luxurymagazine.cz\/#\/schema\/logo\/image\/\",\"url\":\"https:\/\/luxurymagazine.cz\/wp-content\/uploads\/2024\/12\/cropped-Logo_LuxuryMagazine-1.jpg\",\"contentUrl\":\"https:\/\/luxurymagazine.cz\/wp-content\/uploads\/2024\/12\/cropped-Logo_LuxuryMagazine-1.jpg\",\"width\":934,\"height\":509,\"caption\":\"LUXURYMAGAZINE.cz\"},\"image\":{\"@id\":\"https:\/\/luxurymagazine.cz\/#\/schema\/logo\/image\/\"}},{\"@type\":\"Person\",\"@id\":\"https:\/\/luxurymagazine.cz\/#\/schema\/person\/581f64efd4b5872ac991ea3581f630dc\",\"name\":\"Jolana Hol\u00e1\u0148ov\u00e1\",\"image\":{\"@type\":\"ImageObject\",\"inLanguage\":\"cs\",\"@id\":\"https:\/\/luxurymagazine.cz\/#\/schema\/person\/image\/\",\"url\":\"https:\/\/secure.gravatar.com\/avatar\/5863c504ed89cd419ff3a5e812c722ff?s=96&d=mm&r=g\",\"contentUrl\":\"https:\/\/secure.gravatar.com\/avatar\/5863c504ed89cd419ff3a5e812c722ff?s=96&d=mm&r=g\",\"caption\":\"Jolana Hol\u00e1\u0148ov\u00e1\"},\"sameAs\":[\"http:\/\/LUXURYMAGAZINE.cz\"],\"url\":\"https:\/\/luxurymagazine.cz\/index.php\/author\/jolhol\/\"}]}<\/script>\n<!-- \/ Yoast SEO plugin. -->","yoast_head_json":{"title":"Verni\u0161\u00e1\u017e v DOXu: Jsem \u017eena, jsem kn\u011b\u017eka - LUXURYMAGAZINE.cz","robots":{"index":"index","follow":"follow","max-snippet":"max-snippet:-1","max-image-preview":"max-image-preview:large","max-video-preview":"max-video-preview:-1"},"canonical":"https:\/\/luxurymagazine.cz\/index.php\/2021\/11\/25\/vernisaz-v-doxu-jsem-zena-jsem-knezka\/","og_locale":"cs_CZ","og_type":"article","og_title":"Verni\u0161\u00e1\u017e v DOXu: Jsem \u017eena, jsem kn\u011b\u017eka - LUXURYMAGAZINE.cz","og_description":"V Centru sou\u010dasn\u00e9ho um\u011bn\u00ed DOX se uskute\u010dnila v\u00fdstava um\u011bleck\u00fdch velkoform\u00e1tov\u00fdch fotografi\u00ed Jsem \u017eena, jsem kn\u011b\u017eka z charitativn\u011b-edukativn\u00edho cyklu histori\u010dky Lilie Khousnoutdinov\u00e9. Akce spojen\u00e1 s dra\u017ebou um\u011bleck\u00fdch fotografi\u00ed pomohla nav\u00edc z\u00edskat p\u0159es 155 tis\u00edc K\u010d ve prosp\u011bch t\u0159\u00ed neziskov\u00fdch organizac\u00ed. Za dlouhodob\u00fdm projektem Jsem \u017eena se silnou a origin\u00e1ln\u011b pojatou \u017eenskou tematikou stoj\u00ed histori\u010dka, design\u00e9rka a [&hellip;]","og_url":"https:\/\/luxurymagazine.cz\/index.php\/2021\/11\/25\/vernisaz-v-doxu-jsem-zena-jsem-knezka\/","og_site_name":"LUXURYMAGAZINE.cz","article_published_time":"2021-11-24T23:17:53+00:00","article_modified_time":"2022-02-14T00:10:25+00:00","og_image":[{"width":1250,"height":833,"url":"https:\/\/luxurymagazine.cz\/wp-content\/uploads\/2021\/11\/Foto-Hisense-1.jpg","type":"image\/jpeg"}],"author":"Jolana Hol\u00e1\u0148ov\u00e1","twitter_card":"summary_large_image","twitter_misc":{"Napsal(a)":"Jolana Hol\u00e1\u0148ov\u00e1","Odhadovan\u00e1 doba \u010dten\u00ed":"4 minuty"},"schema":{"@context":"https:\/\/schema.org","@graph":[{"@type":"Article","@id":"https:\/\/luxurymagazine.cz\/index.php\/2021\/11\/25\/vernisaz-v-doxu-jsem-zena-jsem-knezka\/#article","isPartOf":{"@id":"https:\/\/luxurymagazine.cz\/index.php\/2021\/11\/25\/vernisaz-v-doxu-jsem-zena-jsem-knezka\/"},"author":{"name":"Jolana Hol\u00e1\u0148ov\u00e1","@id":"https:\/\/luxurymagazine.cz\/#\/schema\/person\/581f64efd4b5872ac991ea3581f630dc"},"headline":"Verni\u0161\u00e1\u017e v DOXu: Jsem \u017eena, jsem kn\u011b\u017eka","datePublished":"2021-11-24T23:17:53+00:00","dateModified":"2022-02-14T00:10:25+00:00","mainEntityOfPage":{"@id":"https:\/\/luxurymagazine.cz\/index.php\/2021\/11\/25\/vernisaz-v-doxu-jsem-zena-jsem-knezka\/"},"wordCount":837,"publisher":{"@id":"https:\/\/luxurymagazine.cz\/#organization"},"articleSection":["NEWS","TIPY &amp; TRENDY"],"inLanguage":"cs"},{"@type":"WebPage","@id":"https:\/\/luxurymagazine.cz\/index.php\/2021\/11\/25\/vernisaz-v-doxu-jsem-zena-jsem-knezka\/","url":"https:\/\/luxurymagazine.cz\/index.php\/2021\/11\/25\/vernisaz-v-doxu-jsem-zena-jsem-knezka\/","name":"Verni\u0161\u00e1\u017e v DOXu: Jsem \u017eena, jsem kn\u011b\u017eka - LUXURYMAGAZINE.cz","isPartOf":{"@id":"https:\/\/luxurymagazine.cz\/#website"},"datePublished":"2021-11-24T23:17:53+00:00","dateModified":"2022-02-14T00:10:25+00:00","breadcrumb":{"@id":"https:\/\/luxurymagazine.cz\/index.php\/2021\/11\/25\/vernisaz-v-doxu-jsem-zena-jsem-knezka\/#breadcrumb"},"inLanguage":"cs","potentialAction":[{"@type":"ReadAction","target":["https:\/\/luxurymagazine.cz\/index.php\/2021\/11\/25\/vernisaz-v-doxu-jsem-zena-jsem-knezka\/"]}]},{"@type":"BreadcrumbList","@id":"https:\/\/luxurymagazine.cz\/index.php\/2021\/11\/25\/vernisaz-v-doxu-jsem-zena-jsem-knezka\/#breadcrumb","itemListElement":[{"@type":"ListItem","position":1,"name":"Dom\u016f","item":"https:\/\/luxurymagazine.cz\/"},{"@type":"ListItem","position":2,"name":"Verni\u0161\u00e1\u017e v DOXu: Jsem \u017eena, jsem kn\u011b\u017eka"}]},{"@type":"WebSite","@id":"https:\/\/luxurymagazine.cz\/#website","url":"https:\/\/luxurymagazine.cz\/","name":"LUXURYMAGAZINE.cz","description":"Port\u00e1l v\u00fdhradn\u011b o luxusu...","publisher":{"@id":"https:\/\/luxurymagazine.cz\/#organization"},"potentialAction":[{"@type":"SearchAction","target":{"@type":"EntryPoint","urlTemplate":"https:\/\/luxurymagazine.cz\/?s={search_term_string}"},"query-input":"required name=search_term_string"}],"inLanguage":"cs"},{"@type":"Organization","@id":"https:\/\/luxurymagazine.cz\/#organization","name":"LUXURYMAGAZINE.cz","url":"https:\/\/luxurymagazine.cz\/","logo":{"@type":"ImageObject","inLanguage":"cs","@id":"https:\/\/luxurymagazine.cz\/#\/schema\/logo\/image\/","url":"https:\/\/luxurymagazine.cz\/wp-content\/uploads\/2024\/12\/cropped-Logo_LuxuryMagazine-1.jpg","contentUrl":"https:\/\/luxurymagazine.cz\/wp-content\/uploads\/2024\/12\/cropped-Logo_LuxuryMagazine-1.jpg","width":934,"height":509,"caption":"LUXURYMAGAZINE.cz"},"image":{"@id":"https:\/\/luxurymagazine.cz\/#\/schema\/logo\/image\/"}},{"@type":"Person","@id":"https:\/\/luxurymagazine.cz\/#\/schema\/person\/581f64efd4b5872ac991ea3581f630dc","name":"Jolana Hol\u00e1\u0148ov\u00e1","image":{"@type":"ImageObject","inLanguage":"cs","@id":"https:\/\/luxurymagazine.cz\/#\/schema\/person\/image\/","url":"https:\/\/secure.gravatar.com\/avatar\/5863c504ed89cd419ff3a5e812c722ff?s=96&d=mm&r=g","contentUrl":"https:\/\/secure.gravatar.com\/avatar\/5863c504ed89cd419ff3a5e812c722ff?s=96&d=mm&r=g","caption":"Jolana Hol\u00e1\u0148ov\u00e1"},"sameAs":["http:\/\/LUXURYMAGAZINE.cz"],"url":"https:\/\/luxurymagazine.cz\/index.php\/author\/jolhol\/"}]}},"_links":{"self":[{"href":"https:\/\/luxurymagazine.cz\/index.php\/wp-json\/wp\/v2\/posts\/1900"}],"collection":[{"href":"https:\/\/luxurymagazine.cz\/index.php\/wp-json\/wp\/v2\/posts"}],"about":[{"href":"https:\/\/luxurymagazine.cz\/index.php\/wp-json\/wp\/v2\/types\/post"}],"author":[{"embeddable":true,"href":"https:\/\/luxurymagazine.cz\/index.php\/wp-json\/wp\/v2\/users\/2"}],"replies":[{"embeddable":true,"href":"https:\/\/luxurymagazine.cz\/index.php\/wp-json\/wp\/v2\/comments?post=1900"}],"version-history":[{"count":-4,"href":"https:\/\/luxurymagazine.cz\/index.php\/wp-json\/wp\/v2\/posts\/1900\/revisions"}],"wp:featuredmedia":[{"embeddable":true,"href":"https:\/\/luxurymagazine.cz\/index.php\/wp-json\/wp\/v2\/media\/1901"}],"wp:attachment":[{"href":"https:\/\/luxurymagazine.cz\/index.php\/wp-json\/wp\/v2\/media?parent=1900"}],"wp:term":[{"taxonomy":"category","embeddable":true,"href":"https:\/\/luxurymagazine.cz\/index.php\/wp-json\/wp\/v2\/categories?post=1900"},{"taxonomy":"post_tag","embeddable":true,"href":"https:\/\/luxurymagazine.cz\/index.php\/wp-json\/wp\/v2\/tags?post=1900"}],"curies":[{"name":"wp","href":"https:\/\/api.w.org\/{rel}","templated":true}]}}