{"id":2145,"date":"2022-02-09T17:26:24","date_gmt":"2022-02-09T16:26:24","guid":{"rendered":"https:\/\/luxurymagazine.cz\/?p=2145"},"modified":"2022-04-11T13:33:29","modified_gmt":"2022-04-11T11:33:29","slug":"redakcni-tip-zacnete-den-snidani-v-hotelu-the-emblem","status":"publish","type":"post","link":"https:\/\/luxurymagazine.cz\/index.php\/2022\/02\/09\/redakcni-tip-zacnete-den-snidani-v-hotelu-the-emblem\/","title":{"rendered":"Redak\u010dn\u00ed tip: Za\u010dn\u011bte den sn\u00eddan\u00ed v hotelu THE EMBLEM"},"content":{"rendered":"\n<p><strong>Za\u010d\u00e1tek \u00fasp\u011b\u0161n\u00e9ho dne by m\u011bl za\u010d\u00edt po\u0159\u00e1dnou sn\u00eddan\u00ed. Pokud m\u00e1te pracovn\u00ed poch\u016fzky v&nbsp;centru Prahy, nebo jste p\u0159ijeli na rodinn\u00fd v\u00fdlet za pam\u00e1tkami, nenechte si uj\u00edt tu p\u0159\u00edle\u017eitost a dop\u0159ejte si v\u00fdte\u010dnou sn\u00eddani v&nbsp;hotelu The Emblem jen kousek od Starom\u011bstsk\u00e9ho n\u00e1m\u011bst\u00ed.<\/strong><\/p>\n\n\n\n<figure class=\"wp-block-image\"><img decoding=\"async\" src=\"https:\/\/hotelhouse.cz\/wp-content\/uploads\/2022\/02\/R8A9916-1024x683.jpg\" alt=\"\" class=\"wp-image-2506\"\/><\/figure>\n\n\n\n<p>Z&nbsp;aktu\u00e1ln\u00edho j\u00eddeln\u00edho l\u00edstku si budete moci svobodn\u011b vybrat p\u0159esn\u011b to, na co m\u00e1te zrovna chu\u0165. Chyb\u011bt nebude ani \u010derstv\u00fd d\u017eus nebo lahodn\u00e1 k\u00e1va, kter\u00e1 v\u00e1m p\u0159ed nadch\u00e1zej\u00edc\u00edm dnem pom\u016f\u017ee doplnit nezbytnou energii.<\/p>\n\n\n\n<figure class=\"wp-block-image\"><img decoding=\"async\" src=\"https:\/\/hotelhouse.cz\/wp-content\/uploads\/2022\/02\/16-1024x684.jpg\" alt=\"\" class=\"wp-image-2511\"\/><\/figure>\n\n\n\n<p>Cestujete do Prahy kv\u016fli obchodn\u00ed sch\u016fzce? Pak m\u016f\u017eete v\u00a0r\u00e1mci slu\u017eeb<strong>\u00a0<a href=\"http:\/\/www.emblemprague.com\/\">hotelu The Emblem<\/a><\/strong>\u00a0rovnou vyu\u017e\u00edt i M Lounge \u2013 klubov\u00e9 prostory ur\u010den\u00e9 k\u00a0soukrom\u00e9mu pron\u00e1jmu zahrnuj\u00edc\u00ed n\u011bkolik m\u00edstnost\u00ed r\u016fzn\u00e9ho vyu\u017eit\u00ed a kapacity. A pro ty, kdo si p\u0159ej\u00ed po sn\u00eddani dop\u0159\u00e1t trochu odpo\u010dinku, jsou k\u00a0dispozici hotelov\u00e9 l\u00e1zn\u011b M Spa. Disponuj\u00ed saunou, p\u00e1rou a priv\u00e1tn\u00ed st\u0159e\u0161n\u00ed v\u00ed\u0159ivkou, ze kter\u00e9 se v\u00e1m naskytne dechberouc\u00ed pohled na Pra\u017esk\u00fd hrad.<\/p>\n\n\n\n<figure class=\"wp-block-image\"><img decoding=\"async\" src=\"https:\/\/hotelhouse.cz\/wp-content\/uploads\/2022\/02\/R8A0016-1024x683.jpg\" alt=\"\" class=\"wp-image-2504\"\/><\/figure>\n\n\n\n<div style=\"height:20px\" aria-hidden=\"true\" class=\"wp-block-spacer\"><\/div>\n\n\n\n<p><strong>THE EMBLEM HOTEL PRAGUE<\/strong><\/p>\n\n\n\n<p>Platn\u00e9\u0159sk\u00e1 111\/19, Praha 1<\/p>\n\n\n\n<p><a href=\"http:\/\/www.emblemprague.com\/\">www.emblemprague.com<\/a><\/p>\n\n\n\n<div style=\"height:41px\" aria-hidden=\"true\" class=\"wp-block-spacer\"><\/div>\n\n\n\n<figure class=\"wp-block-gallery columns-2 is-cropped wp-block-gallery-1 is-layout-flex wp-block-gallery-is-layout-flex\"><ul class=\"blocks-gallery-grid\"><li class=\"blocks-gallery-item\"><figure><img decoding=\"async\" loading=\"lazy\" width=\"1024\" height=\"683\" src=\"https:\/\/luxurymagazine.cz\/wp-content\/uploads\/2022\/02\/R8A0016-1024x683.jpg\" alt=\"\" data-id=\"2146\" data-link=\"https:\/\/luxurymagazine.cz\/?attachment_id=2146\" class=\"wp-image-2146\" srcset=\"https:\/\/luxurymagazine.cz\/wp-content\/uploads\/2022\/02\/R8A0016-1024x683.jpg 1024w, https:\/\/luxurymagazine.cz\/wp-content\/uploads\/2022\/02\/R8A0016-300x200.jpg 300w, https:\/\/luxurymagazine.cz\/wp-content\/uploads\/2022\/02\/R8A0016-768x512.jpg 768w, https:\/\/luxurymagazine.cz\/wp-content\/uploads\/2022\/02\/R8A0016.jpg 1450w\" sizes=\"(max-width: 1024px) 100vw, 1024px\" \/><\/figure><\/li><li class=\"blocks-gallery-item\"><figure><img decoding=\"async\" loading=\"lazy\" width=\"1024\" height=\"683\" src=\"https:\/\/luxurymagazine.cz\/wp-content\/uploads\/2022\/02\/R8A0022-1024x683.jpg\" alt=\"\" data-id=\"2147\" data-link=\"https:\/\/luxurymagazine.cz\/?attachment_id=2147\" class=\"wp-image-2147\" srcset=\"https:\/\/luxurymagazine.cz\/wp-content\/uploads\/2022\/02\/R8A0022-1024x683.jpg 1024w, https:\/\/luxurymagazine.cz\/wp-content\/uploads\/2022\/02\/R8A0022-300x200.jpg 300w, https:\/\/luxurymagazine.cz\/wp-content\/uploads\/2022\/02\/R8A0022-768x512.jpg 768w, https:\/\/luxurymagazine.cz\/wp-content\/uploads\/2022\/02\/R8A0022.jpg 1450w\" sizes=\"(max-width: 1024px) 100vw, 1024px\" \/><\/figure><\/li><li class=\"blocks-gallery-item\"><figure><img decoding=\"async\" loading=\"lazy\" width=\"1024\" height=\"683\" src=\"https:\/\/luxurymagazine.cz\/wp-content\/uploads\/2022\/02\/R8A9916-1024x683.jpg\" alt=\"\" data-id=\"2148\" data-link=\"https:\/\/luxurymagazine.cz\/?attachment_id=2148\" class=\"wp-image-2148\" srcset=\"https:\/\/luxurymagazine.cz\/wp-content\/uploads\/2022\/02\/R8A9916-1024x683.jpg 1024w, https:\/\/luxurymagazine.cz\/wp-content\/uploads\/2022\/02\/R8A9916-300x200.jpg 300w, https:\/\/luxurymagazine.cz\/wp-content\/uploads\/2022\/02\/R8A9916-768x512.jpg 768w, https:\/\/luxurymagazine.cz\/wp-content\/uploads\/2022\/02\/R8A9916.jpg 1450w\" sizes=\"(max-width: 1024px) 100vw, 1024px\" \/><\/figure><\/li><li class=\"blocks-gallery-item\"><figure><img decoding=\"async\" loading=\"lazy\" width=\"1024\" height=\"683\" src=\"https:\/\/luxurymagazine.cz\/wp-content\/uploads\/2022\/02\/R8A9923-1024x683.jpg\" alt=\"\" data-id=\"2149\" data-link=\"https:\/\/luxurymagazine.cz\/?attachment_id=2149\" class=\"wp-image-2149\" srcset=\"https:\/\/luxurymagazine.cz\/wp-content\/uploads\/2022\/02\/R8A9923-1024x683.jpg 1024w, https:\/\/luxurymagazine.cz\/wp-content\/uploads\/2022\/02\/R8A9923-300x200.jpg 300w, https:\/\/luxurymagazine.cz\/wp-content\/uploads\/2022\/02\/R8A9923-768x512.jpg 768w, https:\/\/luxurymagazine.cz\/wp-content\/uploads\/2022\/02\/R8A9923.jpg 1450w\" sizes=\"(max-width: 1024px) 100vw, 1024px\" \/><\/figure><\/li><li class=\"blocks-gallery-item\"><figure><img decoding=\"async\" loading=\"lazy\" width=\"1024\" height=\"683\" src=\"https:\/\/luxurymagazine.cz\/wp-content\/uploads\/2022\/02\/R8A9938-1024x683.jpg\" alt=\"\" data-id=\"2150\" data-link=\"https:\/\/luxurymagazine.cz\/?attachment_id=2150\" class=\"wp-image-2150\" srcset=\"https:\/\/luxurymagazine.cz\/wp-content\/uploads\/2022\/02\/R8A9938-1024x683.jpg 1024w, https:\/\/luxurymagazine.cz\/wp-content\/uploads\/2022\/02\/R8A9938-300x200.jpg 300w, https:\/\/luxurymagazine.cz\/wp-content\/uploads\/2022\/02\/R8A9938-768x512.jpg 768w, https:\/\/luxurymagazine.cz\/wp-content\/uploads\/2022\/02\/R8A9938.jpg 1450w\" sizes=\"(max-width: 1024px) 100vw, 1024px\" \/><\/figure><\/li><li class=\"blocks-gallery-item\"><figure><img decoding=\"async\" loading=\"lazy\" width=\"683\" height=\"1024\" src=\"https:\/\/luxurymagazine.cz\/wp-content\/uploads\/2022\/02\/R8A9947-683x1024.jpg\" alt=\"\" data-id=\"2151\" data-link=\"https:\/\/luxurymagazine.cz\/?attachment_id=2151\" class=\"wp-image-2151\" srcset=\"https:\/\/luxurymagazine.cz\/wp-content\/uploads\/2022\/02\/R8A9947-683x1024.jpg 683w, https:\/\/luxurymagazine.cz\/wp-content\/uploads\/2022\/02\/R8A9947-200x300.jpg 200w, https:\/\/luxurymagazine.cz\/wp-content\/uploads\/2022\/02\/R8A9947.jpg 767w\" sizes=\"(max-width: 683px) 100vw, 683px\" \/><\/figure><\/li><li class=\"blocks-gallery-item\"><figure><img decoding=\"async\" loading=\"lazy\" width=\"1024\" height=\"683\" src=\"https:\/\/luxurymagazine.cz\/wp-content\/uploads\/2022\/02\/R8A9949-1024x683.jpg\" alt=\"\" data-id=\"2152\" data-link=\"https:\/\/luxurymagazine.cz\/?attachment_id=2152\" class=\"wp-image-2152\" srcset=\"https:\/\/luxurymagazine.cz\/wp-content\/uploads\/2022\/02\/R8A9949-1024x683.jpg 1024w, https:\/\/luxurymagazine.cz\/wp-content\/uploads\/2022\/02\/R8A9949-300x200.jpg 300w, https:\/\/luxurymagazine.cz\/wp-content\/uploads\/2022\/02\/R8A9949-768x512.jpg 768w, https:\/\/luxurymagazine.cz\/wp-content\/uploads\/2022\/02\/R8A9949.jpg 1450w\" sizes=\"(max-width: 1024px) 100vw, 1024px\" \/><\/figure><\/li><li class=\"blocks-gallery-item\"><figure><img decoding=\"async\" loading=\"lazy\" width=\"1024\" height=\"683\" src=\"https:\/\/luxurymagazine.cz\/wp-content\/uploads\/2022\/02\/R8A9952-1024x683.jpg\" alt=\"\" data-id=\"2153\" data-link=\"https:\/\/luxurymagazine.cz\/?attachment_id=2153\" class=\"wp-image-2153\" srcset=\"https:\/\/luxurymagazine.cz\/wp-content\/uploads\/2022\/02\/R8A9952-1024x683.jpg 1024w, https:\/\/luxurymagazine.cz\/wp-content\/uploads\/2022\/02\/R8A9952-300x200.jpg 300w, https:\/\/luxurymagazine.cz\/wp-content\/uploads\/2022\/02\/R8A9952-768x512.jpg 768w, https:\/\/luxurymagazine.cz\/wp-content\/uploads\/2022\/02\/R8A9952.jpg 1450w\" sizes=\"(max-width: 1024px) 100vw, 1024px\" \/><\/figure><\/li><li class=\"blocks-gallery-item\"><figure><img decoding=\"async\" loading=\"lazy\" width=\"683\" height=\"1024\" src=\"https:\/\/luxurymagazine.cz\/wp-content\/uploads\/2022\/02\/R8A9955-683x1024.jpg\" alt=\"\" data-id=\"2154\" data-link=\"https:\/\/luxurymagazine.cz\/?attachment_id=2154\" class=\"wp-image-2154\" srcset=\"https:\/\/luxurymagazine.cz\/wp-content\/uploads\/2022\/02\/R8A9955-683x1024.jpg 683w, https:\/\/luxurymagazine.cz\/wp-content\/uploads\/2022\/02\/R8A9955-200x300.jpg 200w, https:\/\/luxurymagazine.cz\/wp-content\/uploads\/2022\/02\/R8A9955.jpg 767w\" sizes=\"(max-width: 683px) 100vw, 683px\" \/><\/figure><\/li><li class=\"blocks-gallery-item\"><figure><img decoding=\"async\" loading=\"lazy\" width=\"1024\" height=\"684\" src=\"https:\/\/luxurymagazine.cz\/wp-content\/uploads\/2022\/02\/3-1024x684.jpg\" alt=\"\" data-id=\"2155\" data-link=\"https:\/\/luxurymagazine.cz\/?attachment_id=2155\" class=\"wp-image-2155\" srcset=\"https:\/\/luxurymagazine.cz\/wp-content\/uploads\/2022\/02\/3-1024x684.jpg 1024w, https:\/\/luxurymagazine.cz\/wp-content\/uploads\/2022\/02\/3-300x200.jpg 300w, https:\/\/luxurymagazine.cz\/wp-content\/uploads\/2022\/02\/3-768x513.jpg 768w, https:\/\/luxurymagazine.cz\/wp-content\/uploads\/2022\/02\/3.jpg 1450w\" sizes=\"(max-width: 1024px) 100vw, 1024px\" \/><\/figure><\/li><li class=\"blocks-gallery-item\"><figure><img decoding=\"async\" loading=\"lazy\" width=\"1024\" height=\"718\" src=\"https:\/\/luxurymagazine.cz\/wp-content\/uploads\/2022\/02\/13-1-1024x718.jpg\" alt=\"\" data-id=\"2157\" data-full-url=\"https:\/\/luxurymagazine.cz\/wp-content\/uploads\/2022\/02\/13-1.jpg\" data-link=\"https:\/\/luxurymagazine.cz\/?attachment_id=2157\" class=\"wp-image-2157\" srcset=\"https:\/\/luxurymagazine.cz\/wp-content\/uploads\/2022\/02\/13-1-1024x718.jpg 1024w, https:\/\/luxurymagazine.cz\/wp-content\/uploads\/2022\/02\/13-1-300x210.jpg 300w, https:\/\/luxurymagazine.cz\/wp-content\/uploads\/2022\/02\/13-1-768x538.jpg 768w, https:\/\/luxurymagazine.cz\/wp-content\/uploads\/2022\/02\/13-1.jpg 1450w\" sizes=\"(max-width: 1024px) 100vw, 1024px\" \/><\/figure><\/li><li class=\"blocks-gallery-item\"><figure><img decoding=\"async\" loading=\"lazy\" width=\"1024\" height=\"684\" src=\"https:\/\/luxurymagazine.cz\/wp-content\/uploads\/2022\/02\/16-1-1024x684.jpg\" alt=\"\" data-id=\"2158\" data-full-url=\"https:\/\/luxurymagazine.cz\/wp-content\/uploads\/2022\/02\/16-1.jpg\" data-link=\"https:\/\/luxurymagazine.cz\/?attachment_id=2158\" class=\"wp-image-2158\" srcset=\"https:\/\/luxurymagazine.cz\/wp-content\/uploads\/2022\/02\/16-1-1024x684.jpg 1024w, https:\/\/luxurymagazine.cz\/wp-content\/uploads\/2022\/02\/16-1-300x200.jpg 300w, https:\/\/luxurymagazine.cz\/wp-content\/uploads\/2022\/02\/16-1-768x513.jpg 768w, https:\/\/luxurymagazine.cz\/wp-content\/uploads\/2022\/02\/16-1.jpg 1450w\" sizes=\"(max-width: 1024px) 100vw, 1024px\" \/><\/figure><\/li><li class=\"blocks-gallery-item\"><figure><img decoding=\"async\" loading=\"lazy\" width=\"1024\" height=\"684\" src=\"https:\/\/luxurymagazine.cz\/wp-content\/uploads\/2022\/02\/27-1024x684.jpg\" alt=\"\" data-id=\"2159\" data-full-url=\"https:\/\/luxurymagazine.cz\/wp-content\/uploads\/2022\/02\/27.jpg\" data-link=\"https:\/\/luxurymagazine.cz\/?attachment_id=2159\" class=\"wp-image-2159\" srcset=\"https:\/\/luxurymagazine.cz\/wp-content\/uploads\/2022\/02\/27-1024x684.jpg 1024w, https:\/\/luxurymagazine.cz\/wp-content\/uploads\/2022\/02\/27-300x200.jpg 300w, https:\/\/luxurymagazine.cz\/wp-content\/uploads\/2022\/02\/27-768x513.jpg 768w, https:\/\/luxurymagazine.cz\/wp-content\/uploads\/2022\/02\/27.jpg 1450w\" sizes=\"(max-width: 1024px) 100vw, 1024px\" \/><\/figure><\/li><li class=\"blocks-gallery-item\"><figure><img decoding=\"async\" loading=\"lazy\" width=\"1024\" height=\"684\" src=\"https:\/\/luxurymagazine.cz\/wp-content\/uploads\/2022\/02\/30-1024x684.jpg\" alt=\"\" data-id=\"2160\" data-full-url=\"https:\/\/luxurymagazine.cz\/wp-content\/uploads\/2022\/02\/30.jpg\" data-link=\"https:\/\/luxurymagazine.cz\/?attachment_id=2160\" class=\"wp-image-2160\" srcset=\"https:\/\/luxurymagazine.cz\/wp-content\/uploads\/2022\/02\/30-1024x684.jpg 1024w, https:\/\/luxurymagazine.cz\/wp-content\/uploads\/2022\/02\/30-300x200.jpg 300w, https:\/\/luxurymagazine.cz\/wp-content\/uploads\/2022\/02\/30-768x513.jpg 768w, https:\/\/luxurymagazine.cz\/wp-content\/uploads\/2022\/02\/30.jpg 1450w\" sizes=\"(max-width: 1024px) 100vw, 1024px\" \/><\/figure><\/li><li class=\"blocks-gallery-item\"><figure><img decoding=\"async\" loading=\"lazy\" width=\"1024\" height=\"684\" src=\"https:\/\/luxurymagazine.cz\/wp-content\/uploads\/2022\/02\/33-1024x684.jpg\" alt=\"\" data-id=\"2161\" data-full-url=\"https:\/\/luxurymagazine.cz\/wp-content\/uploads\/2022\/02\/33.jpg\" data-link=\"https:\/\/luxurymagazine.cz\/?attachment_id=2161\" class=\"wp-image-2161\" srcset=\"https:\/\/luxurymagazine.cz\/wp-content\/uploads\/2022\/02\/33-1024x684.jpg 1024w, https:\/\/luxurymagazine.cz\/wp-content\/uploads\/2022\/02\/33-300x200.jpg 300w, https:\/\/luxurymagazine.cz\/wp-content\/uploads\/2022\/02\/33-768x513.jpg 768w, https:\/\/luxurymagazine.cz\/wp-content\/uploads\/2022\/02\/33.jpg 1450w\" sizes=\"(max-width: 1024px) 100vw, 1024px\" \/><\/figure><\/li><li class=\"blocks-gallery-item\"><figure><img decoding=\"async\" loading=\"lazy\" width=\"1024\" height=\"684\" src=\"https:\/\/luxurymagazine.cz\/wp-content\/uploads\/2022\/02\/35-1024x684.jpg\" alt=\"\" data-id=\"2156\" data-link=\"https:\/\/luxurymagazine.cz\/?attachment_id=2156\" class=\"wp-image-2156\" srcset=\"https:\/\/luxurymagazine.cz\/wp-content\/uploads\/2022\/02\/35-1024x684.jpg 1024w, https:\/\/luxurymagazine.cz\/wp-content\/uploads\/2022\/02\/35-300x200.jpg 300w, https:\/\/luxurymagazine.cz\/wp-content\/uploads\/2022\/02\/35-768x513.jpg 768w, https:\/\/luxurymagazine.cz\/wp-content\/uploads\/2022\/02\/35.jpg 1450w\" sizes=\"(max-width: 1024px) 100vw, 1024px\" \/><\/figure><\/li><\/ul><\/figure>\n\n\n\n<p><strong>Zdroj foto:<\/strong>\u00a0<strong>THE EMBLEM HOTEL PRAGUE<\/strong><\/p>\n\n\n\n<div style=\"height:100px\" aria-hidden=\"true\" class=\"wp-block-spacer\"><\/div>\n","protected":false},"excerpt":{"rendered":"<p>Za\u010d\u00e1tek \u00fasp\u011b\u0161n\u00e9ho dne by m\u011bl za\u010d\u00edt po\u0159\u00e1dnou sn\u00eddan\u00ed. Pokud m\u00e1te pracovn\u00ed poch\u016fzky v&nbsp;centru Prahy, nebo jste p\u0159ijeli na rodinn\u00fd v\u00fdlet za pam\u00e1tkami, nenechte si uj\u00edt tu p\u0159\u00edle\u017eitost a dop\u0159ejte si v\u00fdte\u010dnou sn\u00eddani v&nbsp;hotelu The Emblem jen kousek od Starom\u011bstsk\u00e9ho n\u00e1m\u011bst\u00ed. Z&nbsp;aktu\u00e1ln\u00edho j\u00eddeln\u00edho l\u00edstku si budete moci svobodn\u011b vybrat p\u0159esn\u011b to, na co m\u00e1te zrovna chu\u0165. [&hellip;]<\/p>\n","protected":false},"author":1,"featured_media":2148,"comment_status":"closed","ping_status":"closed","sticky":false,"template":"","format":"standard","meta":{"_mi_skip_tracking":false,"_monsterinsights_sitenote_active":false,"_monsterinsights_sitenote_note":"","_monsterinsights_sitenote_category":0,"footnotes":""},"categories":[15,6,2,13],"tags":[],"yoast_head":"<!-- This site is optimized with the Yoast SEO plugin v21.4 - https:\/\/yoast.com\/wordpress\/plugins\/seo\/ -->\n<title>Redak\u010dn\u00ed tip: Za\u010dn\u011bte den sn\u00eddan\u00ed v hotelu THE EMBLEM - LUXURYMAGAZINE.cz<\/title>\n<meta name=\"robots\" content=\"index, follow, max-snippet:-1, max-image-preview:large, max-video-preview:-1\" \/>\n<link rel=\"canonical\" href=\"https:\/\/luxurymagazine.cz\/index.php\/2022\/02\/09\/redakcni-tip-zacnete-den-snidani-v-hotelu-the-emblem\/\" \/>\n<meta property=\"og:locale\" content=\"cs_CZ\" \/>\n<meta property=\"og:type\" content=\"article\" \/>\n<meta property=\"og:title\" content=\"Redak\u010dn\u00ed tip: Za\u010dn\u011bte den sn\u00eddan\u00ed v hotelu THE EMBLEM - LUXURYMAGAZINE.cz\" \/>\n<meta property=\"og:description\" content=\"Za\u010d\u00e1tek \u00fasp\u011b\u0161n\u00e9ho dne by m\u011bl za\u010d\u00edt po\u0159\u00e1dnou sn\u00eddan\u00ed. Pokud m\u00e1te pracovn\u00ed poch\u016fzky v&nbsp;centru Prahy, nebo jste p\u0159ijeli na rodinn\u00fd v\u00fdlet za pam\u00e1tkami, nenechte si uj\u00edt tu p\u0159\u00edle\u017eitost a dop\u0159ejte si v\u00fdte\u010dnou sn\u00eddani v&nbsp;hotelu The Emblem jen kousek od Starom\u011bstsk\u00e9ho n\u00e1m\u011bst\u00ed. Z&nbsp;aktu\u00e1ln\u00edho j\u00eddeln\u00edho l\u00edstku si budete moci svobodn\u011b vybrat p\u0159esn\u011b to, na co m\u00e1te zrovna chu\u0165. [&hellip;]\" \/>\n<meta property=\"og:url\" content=\"https:\/\/luxurymagazine.cz\/index.php\/2022\/02\/09\/redakcni-tip-zacnete-den-snidani-v-hotelu-the-emblem\/\" \/>\n<meta property=\"og:site_name\" content=\"LUXURYMAGAZINE.cz\" \/>\n<meta property=\"article:published_time\" content=\"2022-02-09T16:26:24+00:00\" \/>\n<meta property=\"article:modified_time\" content=\"2022-04-11T11:33:29+00:00\" \/>\n<meta property=\"og:image\" content=\"https:\/\/luxurymagazine.cz\/wp-content\/uploads\/2022\/02\/R8A9916.jpg\" \/>\n\t<meta property=\"og:image:width\" content=\"1450\" \/>\n\t<meta property=\"og:image:height\" content=\"967\" \/>\n\t<meta property=\"og:image:type\" content=\"image\/jpeg\" \/>\n<meta name=\"author\" content=\"Mikol\u00e1\u0161ek (\u0161\u00e9fredaktor HMG)\" \/>\n<meta name=\"twitter:card\" content=\"summary_large_image\" \/>\n<meta name=\"twitter:label1\" content=\"Napsal(a)\" \/>\n\t<meta name=\"twitter:data1\" content=\"Mikol\u00e1\u0161ek (\u0161\u00e9fredaktor HMG)\" \/>\n\t<meta name=\"twitter:label2\" content=\"Odhadovan\u00e1 doba \u010dten\u00ed\" \/>\n\t<meta name=\"twitter:data2\" content=\"1 minuta\" \/>\n<script type=\"application\/ld+json\" class=\"yoast-schema-graph\">{\"@context\":\"https:\/\/schema.org\",\"@graph\":[{\"@type\":\"Article\",\"@id\":\"https:\/\/luxurymagazine.cz\/index.php\/2022\/02\/09\/redakcni-tip-zacnete-den-snidani-v-hotelu-the-emblem\/#article\",\"isPartOf\":{\"@id\":\"https:\/\/luxurymagazine.cz\/index.php\/2022\/02\/09\/redakcni-tip-zacnete-den-snidani-v-hotelu-the-emblem\/\"},\"author\":{\"name\":\"Mikol\u00e1\u0161ek (\u0161\u00e9fredaktor HMG)\",\"@id\":\"https:\/\/luxurymagazine.cz\/#\/schema\/person\/900281a2a290470de69f4ca1ff899a92\"},\"headline\":\"Redak\u010dn\u00ed tip: Za\u010dn\u011bte den sn\u00eddan\u00ed v hotelu THE EMBLEM\",\"datePublished\":\"2022-02-09T16:26:24+00:00\",\"dateModified\":\"2022-04-11T11:33:29+00:00\",\"mainEntityOfPage\":{\"@id\":\"https:\/\/luxurymagazine.cz\/index.php\/2022\/02\/09\/redakcni-tip-zacnete-den-snidani-v-hotelu-the-emblem\/\"},\"wordCount\":240,\"publisher\":{\"@id\":\"https:\/\/luxurymagazine.cz\/#organization\"},\"articleSection\":[\"BUSINESS\",\"CESTOV\u00c1N\u00cd &amp; LETENKY\",\"NEWS\",\"TIPY &amp; TRENDY\"],\"inLanguage\":\"cs\"},{\"@type\":\"WebPage\",\"@id\":\"https:\/\/luxurymagazine.cz\/index.php\/2022\/02\/09\/redakcni-tip-zacnete-den-snidani-v-hotelu-the-emblem\/\",\"url\":\"https:\/\/luxurymagazine.cz\/index.php\/2022\/02\/09\/redakcni-tip-zacnete-den-snidani-v-hotelu-the-emblem\/\",\"name\":\"Redak\u010dn\u00ed tip: Za\u010dn\u011bte den sn\u00eddan\u00ed v hotelu THE EMBLEM - LUXURYMAGAZINE.cz\",\"isPartOf\":{\"@id\":\"https:\/\/luxurymagazine.cz\/#website\"},\"datePublished\":\"2022-02-09T16:26:24+00:00\",\"dateModified\":\"2022-04-11T11:33:29+00:00\",\"breadcrumb\":{\"@id\":\"https:\/\/luxurymagazine.cz\/index.php\/2022\/02\/09\/redakcni-tip-zacnete-den-snidani-v-hotelu-the-emblem\/#breadcrumb\"},\"inLanguage\":\"cs\",\"potentialAction\":[{\"@type\":\"ReadAction\",\"target\":[\"https:\/\/luxurymagazine.cz\/index.php\/2022\/02\/09\/redakcni-tip-zacnete-den-snidani-v-hotelu-the-emblem\/\"]}]},{\"@type\":\"BreadcrumbList\",\"@id\":\"https:\/\/luxurymagazine.cz\/index.php\/2022\/02\/09\/redakcni-tip-zacnete-den-snidani-v-hotelu-the-emblem\/#breadcrumb\",\"itemListElement\":[{\"@type\":\"ListItem\",\"position\":1,\"name\":\"Dom\u016f\",\"item\":\"https:\/\/luxurymagazine.cz\/\"},{\"@type\":\"ListItem\",\"position\":2,\"name\":\"Redak\u010dn\u00ed tip: Za\u010dn\u011bte den sn\u00eddan\u00ed v hotelu THE EMBLEM\"}]},{\"@type\":\"WebSite\",\"@id\":\"https:\/\/luxurymagazine.cz\/#website\",\"url\":\"https:\/\/luxurymagazine.cz\/\",\"name\":\"LUXURYMAGAZINE.cz\",\"description\":\"Port\u00e1l v\u00fdhradn\u011b o luxusu...\",\"publisher\":{\"@id\":\"https:\/\/luxurymagazine.cz\/#organization\"},\"potentialAction\":[{\"@type\":\"SearchAction\",\"target\":{\"@type\":\"EntryPoint\",\"urlTemplate\":\"https:\/\/luxurymagazine.cz\/?s={search_term_string}\"},\"query-input\":\"required name=search_term_string\"}],\"inLanguage\":\"cs\"},{\"@type\":\"Organization\",\"@id\":\"https:\/\/luxurymagazine.cz\/#organization\",\"name\":\"LUXURYMAGAZINE.cz\",\"url\":\"https:\/\/luxurymagazine.cz\/\",\"logo\":{\"@type\":\"ImageObject\",\"inLanguage\":\"cs\",\"@id\":\"https:\/\/luxurymagazine.cz\/#\/schema\/logo\/image\/\",\"url\":\"https:\/\/luxurymagazine.cz\/wp-content\/uploads\/2024\/12\/cropped-Logo_LuxuryMagazine-1.jpg\",\"contentUrl\":\"https:\/\/luxurymagazine.cz\/wp-content\/uploads\/2024\/12\/cropped-Logo_LuxuryMagazine-1.jpg\",\"width\":934,\"height\":509,\"caption\":\"LUXURYMAGAZINE.cz\"},\"image\":{\"@id\":\"https:\/\/luxurymagazine.cz\/#\/schema\/logo\/image\/\"}},{\"@type\":\"Person\",\"@id\":\"https:\/\/luxurymagazine.cz\/#\/schema\/person\/900281a2a290470de69f4ca1ff899a92\",\"name\":\"Mikol\u00e1\u0161ek (\u0161\u00e9fredaktor HMG)\",\"image\":{\"@type\":\"ImageObject\",\"inLanguage\":\"cs\",\"@id\":\"https:\/\/luxurymagazine.cz\/#\/schema\/person\/image\/\",\"url\":\"https:\/\/secure.gravatar.com\/avatar\/1c8a35f186d8baabb0513b2bdd8e53cd?s=96&d=mm&r=g\",\"contentUrl\":\"https:\/\/secure.gravatar.com\/avatar\/1c8a35f186d8baabb0513b2bdd8e53cd?s=96&d=mm&r=g\",\"caption\":\"Mikol\u00e1\u0161ek (\u0161\u00e9fredaktor HMG)\"},\"url\":\"https:\/\/luxurymagazine.cz\/index.php\/author\/ivomik\/\"}]}<\/script>\n<!-- \/ Yoast SEO plugin. -->","yoast_head_json":{"title":"Redak\u010dn\u00ed tip: Za\u010dn\u011bte den sn\u00eddan\u00ed v hotelu THE EMBLEM - LUXURYMAGAZINE.cz","robots":{"index":"index","follow":"follow","max-snippet":"max-snippet:-1","max-image-preview":"max-image-preview:large","max-video-preview":"max-video-preview:-1"},"canonical":"https:\/\/luxurymagazine.cz\/index.php\/2022\/02\/09\/redakcni-tip-zacnete-den-snidani-v-hotelu-the-emblem\/","og_locale":"cs_CZ","og_type":"article","og_title":"Redak\u010dn\u00ed tip: Za\u010dn\u011bte den sn\u00eddan\u00ed v hotelu THE EMBLEM - LUXURYMAGAZINE.cz","og_description":"Za\u010d\u00e1tek \u00fasp\u011b\u0161n\u00e9ho dne by m\u011bl za\u010d\u00edt po\u0159\u00e1dnou sn\u00eddan\u00ed. Pokud m\u00e1te pracovn\u00ed poch\u016fzky v&nbsp;centru Prahy, nebo jste p\u0159ijeli na rodinn\u00fd v\u00fdlet za pam\u00e1tkami, nenechte si uj\u00edt tu p\u0159\u00edle\u017eitost a dop\u0159ejte si v\u00fdte\u010dnou sn\u00eddani v&nbsp;hotelu The Emblem jen kousek od Starom\u011bstsk\u00e9ho n\u00e1m\u011bst\u00ed. Z&nbsp;aktu\u00e1ln\u00edho j\u00eddeln\u00edho l\u00edstku si budete moci svobodn\u011b vybrat p\u0159esn\u011b to, na co m\u00e1te zrovna chu\u0165. [&hellip;]","og_url":"https:\/\/luxurymagazine.cz\/index.php\/2022\/02\/09\/redakcni-tip-zacnete-den-snidani-v-hotelu-the-emblem\/","og_site_name":"LUXURYMAGAZINE.cz","article_published_time":"2022-02-09T16:26:24+00:00","article_modified_time":"2022-04-11T11:33:29+00:00","og_image":[{"width":1450,"height":967,"url":"https:\/\/luxurymagazine.cz\/wp-content\/uploads\/2022\/02\/R8A9916.jpg","type":"image\/jpeg"}],"author":"Mikol\u00e1\u0161ek (\u0161\u00e9fredaktor HMG)","twitter_card":"summary_large_image","twitter_misc":{"Napsal(a)":"Mikol\u00e1\u0161ek (\u0161\u00e9fredaktor HMG)","Odhadovan\u00e1 doba \u010dten\u00ed":"1 minuta"},"schema":{"@context":"https:\/\/schema.org","@graph":[{"@type":"Article","@id":"https:\/\/luxurymagazine.cz\/index.php\/2022\/02\/09\/redakcni-tip-zacnete-den-snidani-v-hotelu-the-emblem\/#article","isPartOf":{"@id":"https:\/\/luxurymagazine.cz\/index.php\/2022\/02\/09\/redakcni-tip-zacnete-den-snidani-v-hotelu-the-emblem\/"},"author":{"name":"Mikol\u00e1\u0161ek (\u0161\u00e9fredaktor HMG)","@id":"https:\/\/luxurymagazine.cz\/#\/schema\/person\/900281a2a290470de69f4ca1ff899a92"},"headline":"Redak\u010dn\u00ed tip: Za\u010dn\u011bte den sn\u00eddan\u00ed v hotelu THE EMBLEM","datePublished":"2022-02-09T16:26:24+00:00","dateModified":"2022-04-11T11:33:29+00:00","mainEntityOfPage":{"@id":"https:\/\/luxurymagazine.cz\/index.php\/2022\/02\/09\/redakcni-tip-zacnete-den-snidani-v-hotelu-the-emblem\/"},"wordCount":240,"publisher":{"@id":"https:\/\/luxurymagazine.cz\/#organization"},"articleSection":["BUSINESS","CESTOV\u00c1N\u00cd &amp; LETENKY","NEWS","TIPY &amp; TRENDY"],"inLanguage":"cs"},{"@type":"WebPage","@id":"https:\/\/luxurymagazine.cz\/index.php\/2022\/02\/09\/redakcni-tip-zacnete-den-snidani-v-hotelu-the-emblem\/","url":"https:\/\/luxurymagazine.cz\/index.php\/2022\/02\/09\/redakcni-tip-zacnete-den-snidani-v-hotelu-the-emblem\/","name":"Redak\u010dn\u00ed tip: Za\u010dn\u011bte den sn\u00eddan\u00ed v hotelu THE EMBLEM - LUXURYMAGAZINE.cz","isPartOf":{"@id":"https:\/\/luxurymagazine.cz\/#website"},"datePublished":"2022-02-09T16:26:24+00:00","dateModified":"2022-04-11T11:33:29+00:00","breadcrumb":{"@id":"https:\/\/luxurymagazine.cz\/index.php\/2022\/02\/09\/redakcni-tip-zacnete-den-snidani-v-hotelu-the-emblem\/#breadcrumb"},"inLanguage":"cs","potentialAction":[{"@type":"ReadAction","target":["https:\/\/luxurymagazine.cz\/index.php\/2022\/02\/09\/redakcni-tip-zacnete-den-snidani-v-hotelu-the-emblem\/"]}]},{"@type":"BreadcrumbList","@id":"https:\/\/luxurymagazine.cz\/index.php\/2022\/02\/09\/redakcni-tip-zacnete-den-snidani-v-hotelu-the-emblem\/#breadcrumb","itemListElement":[{"@type":"ListItem","position":1,"name":"Dom\u016f","item":"https:\/\/luxurymagazine.cz\/"},{"@type":"ListItem","position":2,"name":"Redak\u010dn\u00ed tip: Za\u010dn\u011bte den sn\u00eddan\u00ed v hotelu THE EMBLEM"}]},{"@type":"WebSite","@id":"https:\/\/luxurymagazine.cz\/#website","url":"https:\/\/luxurymagazine.cz\/","name":"LUXURYMAGAZINE.cz","description":"Port\u00e1l v\u00fdhradn\u011b o luxusu...","publisher":{"@id":"https:\/\/luxurymagazine.cz\/#organization"},"potentialAction":[{"@type":"SearchAction","target":{"@type":"EntryPoint","urlTemplate":"https:\/\/luxurymagazine.cz\/?s={search_term_string}"},"query-input":"required name=search_term_string"}],"inLanguage":"cs"},{"@type":"Organization","@id":"https:\/\/luxurymagazine.cz\/#organization","name":"LUXURYMAGAZINE.cz","url":"https:\/\/luxurymagazine.cz\/","logo":{"@type":"ImageObject","inLanguage":"cs","@id":"https:\/\/luxurymagazine.cz\/#\/schema\/logo\/image\/","url":"https:\/\/luxurymagazine.cz\/wp-content\/uploads\/2024\/12\/cropped-Logo_LuxuryMagazine-1.jpg","contentUrl":"https:\/\/luxurymagazine.cz\/wp-content\/uploads\/2024\/12\/cropped-Logo_LuxuryMagazine-1.jpg","width":934,"height":509,"caption":"LUXURYMAGAZINE.cz"},"image":{"@id":"https:\/\/luxurymagazine.cz\/#\/schema\/logo\/image\/"}},{"@type":"Person","@id":"https:\/\/luxurymagazine.cz\/#\/schema\/person\/900281a2a290470de69f4ca1ff899a92","name":"Mikol\u00e1\u0161ek (\u0161\u00e9fredaktor HMG)","image":{"@type":"ImageObject","inLanguage":"cs","@id":"https:\/\/luxurymagazine.cz\/#\/schema\/person\/image\/","url":"https:\/\/secure.gravatar.com\/avatar\/1c8a35f186d8baabb0513b2bdd8e53cd?s=96&d=mm&r=g","contentUrl":"https:\/\/secure.gravatar.com\/avatar\/1c8a35f186d8baabb0513b2bdd8e53cd?s=96&d=mm&r=g","caption":"Mikol\u00e1\u0161ek (\u0161\u00e9fredaktor HMG)"},"url":"https:\/\/luxurymagazine.cz\/index.php\/author\/ivomik\/"}]}},"_links":{"self":[{"href":"https:\/\/luxurymagazine.cz\/index.php\/wp-json\/wp\/v2\/posts\/2145"}],"collection":[{"href":"https:\/\/luxurymagazine.cz\/index.php\/wp-json\/wp\/v2\/posts"}],"about":[{"href":"https:\/\/luxurymagazine.cz\/index.php\/wp-json\/wp\/v2\/types\/post"}],"author":[{"embeddable":true,"href":"https:\/\/luxurymagazine.cz\/index.php\/wp-json\/wp\/v2\/users\/1"}],"replies":[{"embeddable":true,"href":"https:\/\/luxurymagazine.cz\/index.php\/wp-json\/wp\/v2\/comments?post=2145"}],"version-history":[{"count":-4,"href":"https:\/\/luxurymagazine.cz\/index.php\/wp-json\/wp\/v2\/posts\/2145\/revisions"}],"wp:featuredmedia":[{"embeddable":true,"href":"https:\/\/luxurymagazine.cz\/index.php\/wp-json\/wp\/v2\/media\/2148"}],"wp:attachment":[{"href":"https:\/\/luxurymagazine.cz\/index.php\/wp-json\/wp\/v2\/media?parent=2145"}],"wp:term":[{"taxonomy":"category","embeddable":true,"href":"https:\/\/luxurymagazine.cz\/index.php\/wp-json\/wp\/v2\/categories?post=2145"},{"taxonomy":"post_tag","embeddable":true,"href":"https:\/\/luxurymagazine.cz\/index.php\/wp-json\/wp\/v2\/tags?post=2145"}],"curies":[{"name":"wp","href":"https:\/\/api.w.org\/{rel}","templated":true}]}}