{"id":2176,"date":"2022-02-14T01:28:30","date_gmt":"2022-02-14T00:28:30","guid":{"rendered":"https:\/\/luxurymagazine.cz\/?p=2176"},"modified":"2022-04-14T01:23:25","modified_gmt":"2022-04-13T23:23:25","slug":"v-afi-europe-tri-projekty-najemniho-bydleni-nabidnou-bezmala-900-jednotek-k-pronajmu","status":"publish","type":"post","link":"https:\/\/luxurymagazine.cz\/index.php\/2022\/02\/14\/v-afi-europe-tri-projekty-najemniho-bydleni-nabidnou-bezmala-900-jednotek-k-pronajmu\/","title":{"rendered":"V AFI Europe: T\u0159i projekty n\u00e1jemn\u00edho bydlen\u00ed nab\u00eddnou bezm\u00e1la 900 jednotek k pron\u00e1jmu"},"content":{"rendered":"\n<p><strong>Developersk\u00e1 spole\u010dnost AFI Europe bilancuje v\u00fdsledky za lo\u0148sk\u00fd rok, v\u00a0kter\u00e9m se pln\u011b v\u011bnovala realizaci sv\u00e9 nov\u00e9 firemn\u00ed strategie zam\u011b\u0159en\u00e9 v\u00fdlu\u010dn\u011b na n\u00e1jemn\u00ed bydlen\u00ed: V\u00a0sou\u010dasnosti v\u00a0Praze stav\u00ed ji\u017e \u010dty\u0159i budovy ve t\u0159ech reziden\u010dn\u00edch projektech. Nejd\u00e1le v\u00a0p\u0159\u00edprav\u00e1ch se nach\u00e1z\u00ed AFIHOME T\u0159ebe\u0161\u00edn (d\u0159\u00edve Tulipa T\u0159ebe\u0161\u00edn), kter\u00fd jako prvn\u00ed dos\u00e1hl hrub\u00e9 stavby. D\u016fm, kter\u00fd nab\u00eddne celkem 61 bytov\u00fdch jednotek, by m\u011bl b\u00fdt dokon\u010den u\u017e v\u00a0tomto roce. Dal\u0161\u00edm projektem je multifunk\u010dn\u00ed are\u00e1l AFIHOME Karl\u00edn s\u00a0dohromady 170 byty, kter\u00e9 dopln\u00ed obchody a\u00a0slu\u017eby. Ten dos\u00e1hl glajchy na p\u0159elomu leto\u0161n\u00edho roku. Dal\u0161\u00ed dva apartm\u00e1nov\u00e9 domy soub\u011b\u017en\u011b rostou v\u00a0nov\u00e9 multifunk\u010dn\u00ed \u010dtvrti AFI City.<\/strong><\/p>\n\n\n\n<figure class=\"wp-block-image size-large\"><img decoding=\"async\" loading=\"lazy\" width=\"1024\" height=\"580\" src=\"https:\/\/luxurymagazine.cz\/wp-content\/uploads\/2022\/02\/Tulipa-T\u0159ebe\u0161\u00edn_n\u00e1jem.byty_vizu-1024x580.jpg\" alt=\"\" class=\"wp-image-2182\" srcset=\"https:\/\/luxurymagazine.cz\/wp-content\/uploads\/2022\/02\/Tulipa-T\u0159ebe\u0161\u00edn_n\u00e1jem.byty_vizu-1024x580.jpg 1024w, https:\/\/luxurymagazine.cz\/wp-content\/uploads\/2022\/02\/Tulipa-T\u0159ebe\u0161\u00edn_n\u00e1jem.byty_vizu-300x170.jpg 300w, https:\/\/luxurymagazine.cz\/wp-content\/uploads\/2022\/02\/Tulipa-T\u0159ebe\u0161\u00edn_n\u00e1jem.byty_vizu-768x435.jpg 768w, https:\/\/luxurymagazine.cz\/wp-content\/uploads\/2022\/02\/Tulipa-T\u0159ebe\u0161\u00edn_n\u00e1jem.byty_vizu.jpg 1450w\" sizes=\"(max-width: 1024px) 100vw, 1024px\" \/><\/figure>\n\n\n\n<p>Prvn\u00ed z&nbsp;nich m\u00e1 ji\u017e kompletn\u00ed hrubou stavbu, u&nbsp;druh\u00e9 z&nbsp;budov byla stavba zah\u00e1jena v&nbsp;listopadu lo\u0148sk\u00e9ho roku. Krom\u011b n\u00e1jemn\u00edho bydlen\u00ed AFI Europe tak\u00e9 zkolaudovala a&nbsp;z 80 % vyprodala luxusn\u00ed vilov\u00e9 domy Tulipa T\u0159ebe\u0161\u00edn, v&nbsp;nich\u017e tak\u00e9 vytvo\u0159ila vzorov\u00fd byt pod veden\u00edm design\u00e9rky Magdaleny Hopkins. Spole\u010dnost byla aktivn\u00ed i&nbsp;v oblasti komer\u010dn\u00edch nemovitost\u00ed a&nbsp;roz\u0161\u00ed\u0159ila sv\u00e9 kancel\u00e1\u0159sk\u00e9 portfolio o&nbsp;Avenir Business Park v&nbsp;Praze 5 \u2013 Nov\u00fdch Butovic\u00edch. Ten spole\u010dnost koupila za 66,5 milionu eur a&nbsp;je nyn\u00ed t\u00e9m\u011b\u0159 kompletn\u011b obsazen.<\/p>\n\n\n\n<figure class=\"wp-block-image\"><img decoding=\"async\" src=\"https:\/\/homemagazine.cz\/wp-content\/uploads\/2022\/02\/Tulipa-Karlin_vizualizace-840x709.jpg\" alt=\"\" class=\"wp-image-3113\"\/><\/figure>\n\n\n\n<p><em>\u201ePo zah\u00e1jen\u00ed v\u00fdstavby na\u0161eho tuzemsk\u00e9ho vlajkov\u00e9ho projektu pro n\u00e1jemn\u00ed bydlen\u00ed AFIHOME Karl\u00edn pro n\u00e1s bude rok 2022 druh\u00fdm miln\u00edkem a&nbsp;jist\u00fdm zp\u016fsobem skute\u010dn\u00fdm za\u010d\u00e1tkem v&nbsp;realizaci na\u0161\u00ed nov\u00e9 strategie. Letos je toti\u017e o\u010dek\u00e1van\u00e1 kolaudace hned t\u0159\u00ed n\u00e1jemn\u00edch projekt\u016f AFIHOME&nbsp;\u2013 Karl\u00edn v&nbsp;Praze 8, T\u0159ebe\u0161\u00edn v&nbsp;Praze 3, v&nbsp;kter\u00e9m pl\u00e1nujeme otev\u0159\u00edt i&nbsp;vzorov\u00fd byt, a&nbsp;Kolbenova v&nbsp;Praze 9, kde bude dokon\u010dena prvn\u00ed ze dvou budov. Domy tak brzy pot\u00e9 o\u017eij\u00ed s&nbsp;p\u0159\u00edchodem nov\u00fdch rezident\u016f a&nbsp;my se budeme starat o&nbsp;jejich spokojenost a&nbsp;celkovou spr\u00e1vu prostor,\u201c<\/em>&nbsp;komentuje&nbsp;<strong>Doron Klein, \u0159editel spole\u010dnosti AFI Europe pro \u010ceskou republiku<\/strong>.<\/p>\n\n\n\n<figure class=\"wp-block-image\"><img decoding=\"async\" src=\"https:\/\/homemagazine.cz\/wp-content\/uploads\/2022\/02\/AFIHOME-Kolbenova_budovy-DE-a-FG-840x473.jpg\" alt=\"\" class=\"wp-image-3111\"\/><\/figure>\n\n\n\n<p>Spole\u010dnost AFI Europe se tak\u00e9 v\u00a0uplynul\u00e9m roce zasadila o\u00a0ochranu zdrav\u00ed sv\u00fdch n\u00e1jemc\u016f v\u00a0reakci na pandemii koronaviru. Ve sv\u00fdch administrativn\u00edch centrech Classic 7 Business Park, AFI Karl\u00edn, AFI Vokovice a\u00a0AFI City 1 nainstalovala syst\u00e9m spole\u010dnosti Global Plasma Solutions, jej\u00ed\u017e patentovan\u00e1 technologie funguj\u00edc\u00ed na b\u00e1zi bipol\u00e1rn\u00ed plazmov\u00e9 ionizace \u00fa\u010dinn\u011b likviduje bakterie a\u00a0viry ve vnit\u0159n\u00edch prostor\u00e1ch budov v\u010detn\u011b v\u00fdtah\u016f. U\u00a0SARS-COV-2 testy prok\u00e1zaly dokonce 99,8% \u00fa\u010dinnost. Tento syst\u00e9m si z\u00edskal pozitivn\u00ed reference i\u00a0v\u00a0zahrani\u010d\u00ed, kde ho vyu\u017e\u00edv\u00e1 nap\u0159. B\u00edl\u00fd d\u016fm \u2013 s\u00eddlo americk\u00fdch prezident\u016f ve Washingtonu, Harvardsk\u00e1 univerzita anebo spole\u010dnost Google.<\/p>\n\n\n\n<div style=\"height:42px\" aria-hidden=\"true\" class=\"wp-block-spacer\"><\/div>\n\n\n\n<figure class=\"wp-block-gallery columns-2 is-cropped wp-block-gallery-1 is-layout-flex wp-block-gallery-is-layout-flex\"><ul class=\"blocks-gallery-grid\"><li class=\"blocks-gallery-item\"><figure><img decoding=\"async\" loading=\"lazy\" width=\"1024\" height=\"865\" src=\"https:\/\/luxurymagazine.cz\/wp-content\/uploads\/2022\/02\/Tulipa-Karl\u00edn_vizualizace-1024x865.jpg\" alt=\"\" data-id=\"2180\" data-full-url=\"https:\/\/luxurymagazine.cz\/wp-content\/uploads\/2022\/02\/Tulipa-Karl\u00edn_vizualizace.jpg\" data-link=\"https:\/\/luxurymagazine.cz\/?attachment_id=2180\" class=\"wp-image-2180\" srcset=\"https:\/\/luxurymagazine.cz\/wp-content\/uploads\/2022\/02\/Tulipa-Karl\u00edn_vizualizace-1024x865.jpg 1024w, https:\/\/luxurymagazine.cz\/wp-content\/uploads\/2022\/02\/Tulipa-Karl\u00edn_vizualizace-300x253.jpg 300w, https:\/\/luxurymagazine.cz\/wp-content\/uploads\/2022\/02\/Tulipa-Karl\u00edn_vizualizace-768x648.jpg 768w, https:\/\/luxurymagazine.cz\/wp-content\/uploads\/2022\/02\/Tulipa-Karl\u00edn_vizualizace.jpg 1362w\" sizes=\"(max-width: 1024px) 100vw, 1024px\" \/><\/figure><\/li><li class=\"blocks-gallery-item\"><figure><img decoding=\"async\" loading=\"lazy\" width=\"1024\" height=\"768\" src=\"https:\/\/luxurymagazine.cz\/wp-content\/uploads\/2022\/02\/AFIHOME-Karl\u00edn_hrub\u00e1-stavba-1024x768.jpg\" alt=\"\" data-id=\"2177\" data-full-url=\"https:\/\/luxurymagazine.cz\/wp-content\/uploads\/2022\/02\/AFIHOME-Karl\u00edn_hrub\u00e1-stavba.jpg\" data-link=\"https:\/\/luxurymagazine.cz\/?attachment_id=2177\" class=\"wp-image-2177\" srcset=\"https:\/\/luxurymagazine.cz\/wp-content\/uploads\/2022\/02\/AFIHOME-Karl\u00edn_hrub\u00e1-stavba-1024x768.jpg 1024w, https:\/\/luxurymagazine.cz\/wp-content\/uploads\/2022\/02\/AFIHOME-Karl\u00edn_hrub\u00e1-stavba-300x225.jpg 300w, https:\/\/luxurymagazine.cz\/wp-content\/uploads\/2022\/02\/AFIHOME-Karl\u00edn_hrub\u00e1-stavba-768x576.jpg 768w, https:\/\/luxurymagazine.cz\/wp-content\/uploads\/2022\/02\/AFIHOME-Karl\u00edn_hrub\u00e1-stavba.jpg 1450w\" sizes=\"(max-width: 1024px) 100vw, 1024px\" \/><\/figure><\/li><li class=\"blocks-gallery-item\"><figure><img decoding=\"async\" loading=\"lazy\" width=\"1024\" height=\"576\" src=\"https:\/\/luxurymagazine.cz\/wp-content\/uploads\/2022\/02\/AFIHOME-Kolbenova_budovy-DE-a-FG-1024x576.jpg\" alt=\"\" data-id=\"2178\" data-full-url=\"https:\/\/luxurymagazine.cz\/wp-content\/uploads\/2022\/02\/AFIHOME-Kolbenova_budovy-DE-a-FG.jpg\" data-link=\"https:\/\/luxurymagazine.cz\/?attachment_id=2178\" class=\"wp-image-2178\" srcset=\"https:\/\/luxurymagazine.cz\/wp-content\/uploads\/2022\/02\/AFIHOME-Kolbenova_budovy-DE-a-FG-1024x576.jpg 1024w, https:\/\/luxurymagazine.cz\/wp-content\/uploads\/2022\/02\/AFIHOME-Kolbenova_budovy-DE-a-FG-300x169.jpg 300w, https:\/\/luxurymagazine.cz\/wp-content\/uploads\/2022\/02\/AFIHOME-Kolbenova_budovy-DE-a-FG-768x432.jpg 768w, https:\/\/luxurymagazine.cz\/wp-content\/uploads\/2022\/02\/AFIHOME-Kolbenova_budovy-DE-a-FG.jpg 1450w\" sizes=\"(max-width: 1024px) 100vw, 1024px\" \/><\/figure><\/li><li class=\"blocks-gallery-item\"><figure><img decoding=\"async\" loading=\"lazy\" width=\"1024\" height=\"530\" src=\"https:\/\/luxurymagazine.cz\/wp-content\/uploads\/2022\/02\/AFIHOME-Kolbenova_hrub\u00e1-stavba-1-1024x530.jpg\" alt=\"\" data-id=\"2179\" data-full-url=\"https:\/\/luxurymagazine.cz\/wp-content\/uploads\/2022\/02\/AFIHOME-Kolbenova_hrub\u00e1-stavba-1.jpg\" data-link=\"https:\/\/luxurymagazine.cz\/?attachment_id=2179\" class=\"wp-image-2179\" srcset=\"https:\/\/luxurymagazine.cz\/wp-content\/uploads\/2022\/02\/AFIHOME-Kolbenova_hrub\u00e1-stavba-1-1024x530.jpg 1024w, https:\/\/luxurymagazine.cz\/wp-content\/uploads\/2022\/02\/AFIHOME-Kolbenova_hrub\u00e1-stavba-1-300x155.jpg 300w, https:\/\/luxurymagazine.cz\/wp-content\/uploads\/2022\/02\/AFIHOME-Kolbenova_hrub\u00e1-stavba-1-768x397.jpg 768w, https:\/\/luxurymagazine.cz\/wp-content\/uploads\/2022\/02\/AFIHOME-Kolbenova_hrub\u00e1-stavba-1.jpg 1450w\" sizes=\"(max-width: 1024px) 100vw, 1024px\" \/><\/figure><\/li><li class=\"blocks-gallery-item\"><figure><img decoding=\"async\" loading=\"lazy\" width=\"1024\" height=\"580\" src=\"https:\/\/luxurymagazine.cz\/wp-content\/uploads\/2022\/02\/Tulipa-T\u0159ebe\u0161\u00edn_n\u00e1jem.byty_vizu-1024x580.jpg\" alt=\"\" data-id=\"2182\" data-full-url=\"https:\/\/luxurymagazine.cz\/wp-content\/uploads\/2022\/02\/Tulipa-T\u0159ebe\u0161\u00edn_n\u00e1jem.byty_vizu.jpg\" data-link=\"https:\/\/luxurymagazine.cz\/?attachment_id=2182\" class=\"wp-image-2182\" srcset=\"https:\/\/luxurymagazine.cz\/wp-content\/uploads\/2022\/02\/Tulipa-T\u0159ebe\u0161\u00edn_n\u00e1jem.byty_vizu-1024x580.jpg 1024w, https:\/\/luxurymagazine.cz\/wp-content\/uploads\/2022\/02\/Tulipa-T\u0159ebe\u0161\u00edn_n\u00e1jem.byty_vizu-300x170.jpg 300w, https:\/\/luxurymagazine.cz\/wp-content\/uploads\/2022\/02\/Tulipa-T\u0159ebe\u0161\u00edn_n\u00e1jem.byty_vizu-768x435.jpg 768w, https:\/\/luxurymagazine.cz\/wp-content\/uploads\/2022\/02\/Tulipa-T\u0159ebe\u0161\u00edn_n\u00e1jem.byty_vizu.jpg 1450w\" sizes=\"(max-width: 1024px) 100vw, 1024px\" \/><\/figure><\/li><li class=\"blocks-gallery-item\"><figure><img decoding=\"async\" loading=\"lazy\" width=\"768\" height=\"1024\" src=\"https:\/\/luxurymagazine.cz\/wp-content\/uploads\/2022\/02\/Tulipa-T\u0159ebe\u0161\u00edn_5.f\u00e1ze_hrub\u00e1-stavba_01-768x1024.jpg\" alt=\"\" data-id=\"2181\" data-full-url=\"https:\/\/luxurymagazine.cz\/wp-content\/uploads\/2022\/02\/Tulipa-T\u0159ebe\u0161\u00edn_5.f\u00e1ze_hrub\u00e1-stavba_01.jpg\" data-link=\"https:\/\/luxurymagazine.cz\/?attachment_id=2181\" class=\"wp-image-2181\" srcset=\"https:\/\/luxurymagazine.cz\/wp-content\/uploads\/2022\/02\/Tulipa-T\u0159ebe\u0161\u00edn_5.f\u00e1ze_hrub\u00e1-stavba_01-768x1023.jpg 768w, https:\/\/luxurymagazine.cz\/wp-content\/uploads\/2022\/02\/Tulipa-T\u0159ebe\u0161\u00edn_5.f\u00e1ze_hrub\u00e1-stavba_01-225x300.jpg 225w, https:\/\/luxurymagazine.cz\/wp-content\/uploads\/2022\/02\/Tulipa-T\u0159ebe\u0161\u00edn_5.f\u00e1ze_hrub\u00e1-stavba_01.jpg 863w\" sizes=\"(max-width: 768px) 100vw, 768px\" \/><\/figure><\/li><\/ul><\/figure>\n\n\n\n<p>Zdroj foto: AFI Europe<\/p>\n\n\n\n<div style=\"height:100px\" aria-hidden=\"true\" class=\"wp-block-spacer\"><\/div>\n","protected":false},"excerpt":{"rendered":"<p>Developersk\u00e1 spole\u010dnost AFI Europe bilancuje v\u00fdsledky za lo\u0148sk\u00fd rok, v\u00a0kter\u00e9m se pln\u011b v\u011bnovala realizaci sv\u00e9 nov\u00e9 firemn\u00ed strategie zam\u011b\u0159en\u00e9 v\u00fdlu\u010dn\u011b na n\u00e1jemn\u00ed bydlen\u00ed: V\u00a0sou\u010dasnosti v\u00a0Praze stav\u00ed ji\u017e \u010dty\u0159i budovy ve t\u0159ech reziden\u010dn\u00edch projektech. Nejd\u00e1le v\u00a0p\u0159\u00edprav\u00e1ch se nach\u00e1z\u00ed AFIHOME T\u0159ebe\u0161\u00edn (d\u0159\u00edve Tulipa T\u0159ebe\u0161\u00edn), kter\u00fd jako prvn\u00ed dos\u00e1hl hrub\u00e9 stavby. D\u016fm, kter\u00fd nab\u00eddne celkem 61 bytov\u00fdch jednotek, [&hellip;]<\/p>\n","protected":false},"author":3,"featured_media":2182,"comment_status":"closed","ping_status":"closed","sticky":false,"template":"","format":"standard","meta":{"_mi_skip_tracking":false,"_monsterinsights_sitenote_active":false,"_monsterinsights_sitenote_note":"","_monsterinsights_sitenote_category":0,"footnotes":""},"categories":[15,5,2],"tags":[],"yoast_head":"<!-- This site is optimized with the Yoast SEO plugin v21.4 - https:\/\/yoast.com\/wordpress\/plugins\/seo\/ -->\n<title>V AFI Europe: T\u0159i projekty n\u00e1jemn\u00edho bydlen\u00ed nab\u00eddnou bezm\u00e1la 900 jednotek k pron\u00e1jmu - LUXURYMAGAZINE.cz<\/title>\n<meta name=\"robots\" content=\"index, follow, max-snippet:-1, max-image-preview:large, max-video-preview:-1\" \/>\n<link rel=\"canonical\" href=\"https:\/\/luxurymagazine.cz\/index.php\/2022\/02\/14\/v-afi-europe-tri-projekty-najemniho-bydleni-nabidnou-bezmala-900-jednotek-k-pronajmu\/\" \/>\n<meta property=\"og:locale\" content=\"cs_CZ\" \/>\n<meta property=\"og:type\" content=\"article\" \/>\n<meta property=\"og:title\" content=\"V AFI Europe: T\u0159i projekty n\u00e1jemn\u00edho bydlen\u00ed nab\u00eddnou bezm\u00e1la 900 jednotek k pron\u00e1jmu - LUXURYMAGAZINE.cz\" \/>\n<meta property=\"og:description\" content=\"Developersk\u00e1 spole\u010dnost AFI Europe bilancuje v\u00fdsledky za lo\u0148sk\u00fd rok, v\u00a0kter\u00e9m se pln\u011b v\u011bnovala realizaci sv\u00e9 nov\u00e9 firemn\u00ed strategie zam\u011b\u0159en\u00e9 v\u00fdlu\u010dn\u011b na n\u00e1jemn\u00ed bydlen\u00ed: V\u00a0sou\u010dasnosti v\u00a0Praze stav\u00ed ji\u017e \u010dty\u0159i budovy ve t\u0159ech reziden\u010dn\u00edch projektech. Nejd\u00e1le v\u00a0p\u0159\u00edprav\u00e1ch se nach\u00e1z\u00ed AFIHOME T\u0159ebe\u0161\u00edn (d\u0159\u00edve Tulipa T\u0159ebe\u0161\u00edn), kter\u00fd jako prvn\u00ed dos\u00e1hl hrub\u00e9 stavby. D\u016fm, kter\u00fd nab\u00eddne celkem 61 bytov\u00fdch jednotek, [&hellip;]\" \/>\n<meta property=\"og:url\" content=\"https:\/\/luxurymagazine.cz\/index.php\/2022\/02\/14\/v-afi-europe-tri-projekty-najemniho-bydleni-nabidnou-bezmala-900-jednotek-k-pronajmu\/\" \/>\n<meta property=\"og:site_name\" content=\"LUXURYMAGAZINE.cz\" \/>\n<meta property=\"article:published_time\" content=\"2022-02-14T00:28:30+00:00\" \/>\n<meta property=\"article:modified_time\" content=\"2022-04-13T23:23:25+00:00\" \/>\n<meta property=\"og:image\" content=\"https:\/\/luxurymagazine.cz\/wp-content\/uploads\/2022\/02\/Tulipa-T\u0159ebe\u0161\u00edn_n\u00e1jem.byty_vizu.jpg\" \/>\n\t<meta property=\"og:image:width\" content=\"1450\" \/>\n\t<meta property=\"og:image:height\" content=\"821\" \/>\n\t<meta property=\"og:image:type\" content=\"image\/jpeg\" \/>\n<meta name=\"author\" content=\"Miroslav Van\u011bk\" \/>\n<meta name=\"twitter:card\" content=\"summary_large_image\" \/>\n<meta name=\"twitter:label1\" content=\"Napsal(a)\" \/>\n\t<meta name=\"twitter:data1\" content=\"Miroslav Van\u011bk\" \/>\n\t<meta name=\"twitter:label2\" content=\"Odhadovan\u00e1 doba \u010dten\u00ed\" \/>\n\t<meta name=\"twitter:data2\" content=\"3 minuty\" \/>\n<script type=\"application\/ld+json\" class=\"yoast-schema-graph\">{\"@context\":\"https:\/\/schema.org\",\"@graph\":[{\"@type\":\"Article\",\"@id\":\"https:\/\/luxurymagazine.cz\/index.php\/2022\/02\/14\/v-afi-europe-tri-projekty-najemniho-bydleni-nabidnou-bezmala-900-jednotek-k-pronajmu\/#article\",\"isPartOf\":{\"@id\":\"https:\/\/luxurymagazine.cz\/index.php\/2022\/02\/14\/v-afi-europe-tri-projekty-najemniho-bydleni-nabidnou-bezmala-900-jednotek-k-pronajmu\/\"},\"author\":{\"name\":\"Miroslav Van\u011bk\",\"@id\":\"https:\/\/luxurymagazine.cz\/#\/schema\/person\/44a069a3b1eab523585f7325b6e54254\"},\"headline\":\"V AFI Europe: T\u0159i projekty n\u00e1jemn\u00edho bydlen\u00ed nab\u00eddnou bezm\u00e1la 900 jednotek k pron\u00e1jmu\",\"datePublished\":\"2022-02-14T00:28:30+00:00\",\"dateModified\":\"2022-04-13T23:23:25+00:00\",\"mainEntityOfPage\":{\"@id\":\"https:\/\/luxurymagazine.cz\/index.php\/2022\/02\/14\/v-afi-europe-tri-projekty-najemniho-bydleni-nabidnou-bezmala-900-jednotek-k-pronajmu\/\"},\"wordCount\":527,\"publisher\":{\"@id\":\"https:\/\/luxurymagazine.cz\/#organization\"},\"articleSection\":[\"BUSINESS\",\"BYDLEN\u00cd &amp; DESIGN\",\"NEWS\"],\"inLanguage\":\"cs\"},{\"@type\":\"WebPage\",\"@id\":\"https:\/\/luxurymagazine.cz\/index.php\/2022\/02\/14\/v-afi-europe-tri-projekty-najemniho-bydleni-nabidnou-bezmala-900-jednotek-k-pronajmu\/\",\"url\":\"https:\/\/luxurymagazine.cz\/index.php\/2022\/02\/14\/v-afi-europe-tri-projekty-najemniho-bydleni-nabidnou-bezmala-900-jednotek-k-pronajmu\/\",\"name\":\"V AFI Europe: T\u0159i projekty n\u00e1jemn\u00edho bydlen\u00ed nab\u00eddnou bezm\u00e1la 900 jednotek k pron\u00e1jmu - LUXURYMAGAZINE.cz\",\"isPartOf\":{\"@id\":\"https:\/\/luxurymagazine.cz\/#website\"},\"datePublished\":\"2022-02-14T00:28:30+00:00\",\"dateModified\":\"2022-04-13T23:23:25+00:00\",\"breadcrumb\":{\"@id\":\"https:\/\/luxurymagazine.cz\/index.php\/2022\/02\/14\/v-afi-europe-tri-projekty-najemniho-bydleni-nabidnou-bezmala-900-jednotek-k-pronajmu\/#breadcrumb\"},\"inLanguage\":\"cs\",\"potentialAction\":[{\"@type\":\"ReadAction\",\"target\":[\"https:\/\/luxurymagazine.cz\/index.php\/2022\/02\/14\/v-afi-europe-tri-projekty-najemniho-bydleni-nabidnou-bezmala-900-jednotek-k-pronajmu\/\"]}]},{\"@type\":\"BreadcrumbList\",\"@id\":\"https:\/\/luxurymagazine.cz\/index.php\/2022\/02\/14\/v-afi-europe-tri-projekty-najemniho-bydleni-nabidnou-bezmala-900-jednotek-k-pronajmu\/#breadcrumb\",\"itemListElement\":[{\"@type\":\"ListItem\",\"position\":1,\"name\":\"Dom\u016f\",\"item\":\"https:\/\/luxurymagazine.cz\/\"},{\"@type\":\"ListItem\",\"position\":2,\"name\":\"V AFI Europe: T\u0159i projekty n\u00e1jemn\u00edho bydlen\u00ed nab\u00eddnou bezm\u00e1la 900 jednotek k pron\u00e1jmu\"}]},{\"@type\":\"WebSite\",\"@id\":\"https:\/\/luxurymagazine.cz\/#website\",\"url\":\"https:\/\/luxurymagazine.cz\/\",\"name\":\"LUXURYMAGAZINE.cz\",\"description\":\"Port\u00e1l v\u00fdhradn\u011b o luxusu...\",\"publisher\":{\"@id\":\"https:\/\/luxurymagazine.cz\/#organization\"},\"potentialAction\":[{\"@type\":\"SearchAction\",\"target\":{\"@type\":\"EntryPoint\",\"urlTemplate\":\"https:\/\/luxurymagazine.cz\/?s={search_term_string}\"},\"query-input\":\"required name=search_term_string\"}],\"inLanguage\":\"cs\"},{\"@type\":\"Organization\",\"@id\":\"https:\/\/luxurymagazine.cz\/#organization\",\"name\":\"LUXURYMAGAZINE.cz\",\"url\":\"https:\/\/luxurymagazine.cz\/\",\"logo\":{\"@type\":\"ImageObject\",\"inLanguage\":\"cs\",\"@id\":\"https:\/\/luxurymagazine.cz\/#\/schema\/logo\/image\/\",\"url\":\"https:\/\/luxurymagazine.cz\/wp-content\/uploads\/2024\/12\/cropped-Logo_LuxuryMagazine-1.jpg\",\"contentUrl\":\"https:\/\/luxurymagazine.cz\/wp-content\/uploads\/2024\/12\/cropped-Logo_LuxuryMagazine-1.jpg\",\"width\":934,\"height\":509,\"caption\":\"LUXURYMAGAZINE.cz\"},\"image\":{\"@id\":\"https:\/\/luxurymagazine.cz\/#\/schema\/logo\/image\/\"}},{\"@type\":\"Person\",\"@id\":\"https:\/\/luxurymagazine.cz\/#\/schema\/person\/44a069a3b1eab523585f7325b6e54254\",\"name\":\"Miroslav Van\u011bk\",\"image\":{\"@type\":\"ImageObject\",\"inLanguage\":\"cs\",\"@id\":\"https:\/\/luxurymagazine.cz\/#\/schema\/person\/image\/\",\"url\":\"https:\/\/secure.gravatar.com\/avatar\/cc93dbecbfc820d69a964ea4a1c72377?s=96&d=mm&r=g\",\"contentUrl\":\"https:\/\/secure.gravatar.com\/avatar\/cc93dbecbfc820d69a964ea4a1c72377?s=96&d=mm&r=g\",\"caption\":\"Miroslav Van\u011bk\"},\"sameAs\":[\"http:\/\/LUXURYMAGAZINE.cz\"],\"url\":\"https:\/\/luxurymagazine.cz\/index.php\/author\/mirvan\/\"}]}<\/script>\n<!-- \/ Yoast SEO plugin. -->","yoast_head_json":{"title":"V AFI Europe: T\u0159i projekty n\u00e1jemn\u00edho bydlen\u00ed nab\u00eddnou bezm\u00e1la 900 jednotek k pron\u00e1jmu - LUXURYMAGAZINE.cz","robots":{"index":"index","follow":"follow","max-snippet":"max-snippet:-1","max-image-preview":"max-image-preview:large","max-video-preview":"max-video-preview:-1"},"canonical":"https:\/\/luxurymagazine.cz\/index.php\/2022\/02\/14\/v-afi-europe-tri-projekty-najemniho-bydleni-nabidnou-bezmala-900-jednotek-k-pronajmu\/","og_locale":"cs_CZ","og_type":"article","og_title":"V AFI Europe: T\u0159i projekty n\u00e1jemn\u00edho bydlen\u00ed nab\u00eddnou bezm\u00e1la 900 jednotek k pron\u00e1jmu - LUXURYMAGAZINE.cz","og_description":"Developersk\u00e1 spole\u010dnost AFI Europe bilancuje v\u00fdsledky za lo\u0148sk\u00fd rok, v\u00a0kter\u00e9m se pln\u011b v\u011bnovala realizaci sv\u00e9 nov\u00e9 firemn\u00ed strategie zam\u011b\u0159en\u00e9 v\u00fdlu\u010dn\u011b na n\u00e1jemn\u00ed bydlen\u00ed: V\u00a0sou\u010dasnosti v\u00a0Praze stav\u00ed ji\u017e \u010dty\u0159i budovy ve t\u0159ech reziden\u010dn\u00edch projektech. Nejd\u00e1le v\u00a0p\u0159\u00edprav\u00e1ch se nach\u00e1z\u00ed AFIHOME T\u0159ebe\u0161\u00edn (d\u0159\u00edve Tulipa T\u0159ebe\u0161\u00edn), kter\u00fd jako prvn\u00ed dos\u00e1hl hrub\u00e9 stavby. D\u016fm, kter\u00fd nab\u00eddne celkem 61 bytov\u00fdch jednotek, [&hellip;]","og_url":"https:\/\/luxurymagazine.cz\/index.php\/2022\/02\/14\/v-afi-europe-tri-projekty-najemniho-bydleni-nabidnou-bezmala-900-jednotek-k-pronajmu\/","og_site_name":"LUXURYMAGAZINE.cz","article_published_time":"2022-02-14T00:28:30+00:00","article_modified_time":"2022-04-13T23:23:25+00:00","og_image":[{"width":1450,"height":821,"url":"https:\/\/luxurymagazine.cz\/wp-content\/uploads\/2022\/02\/Tulipa-T\u0159ebe\u0161\u00edn_n\u00e1jem.byty_vizu.jpg","type":"image\/jpeg"}],"author":"Miroslav Van\u011bk","twitter_card":"summary_large_image","twitter_misc":{"Napsal(a)":"Miroslav Van\u011bk","Odhadovan\u00e1 doba \u010dten\u00ed":"3 minuty"},"schema":{"@context":"https:\/\/schema.org","@graph":[{"@type":"Article","@id":"https:\/\/luxurymagazine.cz\/index.php\/2022\/02\/14\/v-afi-europe-tri-projekty-najemniho-bydleni-nabidnou-bezmala-900-jednotek-k-pronajmu\/#article","isPartOf":{"@id":"https:\/\/luxurymagazine.cz\/index.php\/2022\/02\/14\/v-afi-europe-tri-projekty-najemniho-bydleni-nabidnou-bezmala-900-jednotek-k-pronajmu\/"},"author":{"name":"Miroslav Van\u011bk","@id":"https:\/\/luxurymagazine.cz\/#\/schema\/person\/44a069a3b1eab523585f7325b6e54254"},"headline":"V AFI Europe: T\u0159i projekty n\u00e1jemn\u00edho bydlen\u00ed nab\u00eddnou bezm\u00e1la 900 jednotek k pron\u00e1jmu","datePublished":"2022-02-14T00:28:30+00:00","dateModified":"2022-04-13T23:23:25+00:00","mainEntityOfPage":{"@id":"https:\/\/luxurymagazine.cz\/index.php\/2022\/02\/14\/v-afi-europe-tri-projekty-najemniho-bydleni-nabidnou-bezmala-900-jednotek-k-pronajmu\/"},"wordCount":527,"publisher":{"@id":"https:\/\/luxurymagazine.cz\/#organization"},"articleSection":["BUSINESS","BYDLEN\u00cd &amp; DESIGN","NEWS"],"inLanguage":"cs"},{"@type":"WebPage","@id":"https:\/\/luxurymagazine.cz\/index.php\/2022\/02\/14\/v-afi-europe-tri-projekty-najemniho-bydleni-nabidnou-bezmala-900-jednotek-k-pronajmu\/","url":"https:\/\/luxurymagazine.cz\/index.php\/2022\/02\/14\/v-afi-europe-tri-projekty-najemniho-bydleni-nabidnou-bezmala-900-jednotek-k-pronajmu\/","name":"V AFI Europe: T\u0159i projekty n\u00e1jemn\u00edho bydlen\u00ed nab\u00eddnou bezm\u00e1la 900 jednotek k pron\u00e1jmu - LUXURYMAGAZINE.cz","isPartOf":{"@id":"https:\/\/luxurymagazine.cz\/#website"},"datePublished":"2022-02-14T00:28:30+00:00","dateModified":"2022-04-13T23:23:25+00:00","breadcrumb":{"@id":"https:\/\/luxurymagazine.cz\/index.php\/2022\/02\/14\/v-afi-europe-tri-projekty-najemniho-bydleni-nabidnou-bezmala-900-jednotek-k-pronajmu\/#breadcrumb"},"inLanguage":"cs","potentialAction":[{"@type":"ReadAction","target":["https:\/\/luxurymagazine.cz\/index.php\/2022\/02\/14\/v-afi-europe-tri-projekty-najemniho-bydleni-nabidnou-bezmala-900-jednotek-k-pronajmu\/"]}]},{"@type":"BreadcrumbList","@id":"https:\/\/luxurymagazine.cz\/index.php\/2022\/02\/14\/v-afi-europe-tri-projekty-najemniho-bydleni-nabidnou-bezmala-900-jednotek-k-pronajmu\/#breadcrumb","itemListElement":[{"@type":"ListItem","position":1,"name":"Dom\u016f","item":"https:\/\/luxurymagazine.cz\/"},{"@type":"ListItem","position":2,"name":"V AFI Europe: T\u0159i projekty n\u00e1jemn\u00edho bydlen\u00ed nab\u00eddnou bezm\u00e1la 900 jednotek k pron\u00e1jmu"}]},{"@type":"WebSite","@id":"https:\/\/luxurymagazine.cz\/#website","url":"https:\/\/luxurymagazine.cz\/","name":"LUXURYMAGAZINE.cz","description":"Port\u00e1l v\u00fdhradn\u011b o luxusu...","publisher":{"@id":"https:\/\/luxurymagazine.cz\/#organization"},"potentialAction":[{"@type":"SearchAction","target":{"@type":"EntryPoint","urlTemplate":"https:\/\/luxurymagazine.cz\/?s={search_term_string}"},"query-input":"required name=search_term_string"}],"inLanguage":"cs"},{"@type":"Organization","@id":"https:\/\/luxurymagazine.cz\/#organization","name":"LUXURYMAGAZINE.cz","url":"https:\/\/luxurymagazine.cz\/","logo":{"@type":"ImageObject","inLanguage":"cs","@id":"https:\/\/luxurymagazine.cz\/#\/schema\/logo\/image\/","url":"https:\/\/luxurymagazine.cz\/wp-content\/uploads\/2024\/12\/cropped-Logo_LuxuryMagazine-1.jpg","contentUrl":"https:\/\/luxurymagazine.cz\/wp-content\/uploads\/2024\/12\/cropped-Logo_LuxuryMagazine-1.jpg","width":934,"height":509,"caption":"LUXURYMAGAZINE.cz"},"image":{"@id":"https:\/\/luxurymagazine.cz\/#\/schema\/logo\/image\/"}},{"@type":"Person","@id":"https:\/\/luxurymagazine.cz\/#\/schema\/person\/44a069a3b1eab523585f7325b6e54254","name":"Miroslav Van\u011bk","image":{"@type":"ImageObject","inLanguage":"cs","@id":"https:\/\/luxurymagazine.cz\/#\/schema\/person\/image\/","url":"https:\/\/secure.gravatar.com\/avatar\/cc93dbecbfc820d69a964ea4a1c72377?s=96&d=mm&r=g","contentUrl":"https:\/\/secure.gravatar.com\/avatar\/cc93dbecbfc820d69a964ea4a1c72377?s=96&d=mm&r=g","caption":"Miroslav Van\u011bk"},"sameAs":["http:\/\/LUXURYMAGAZINE.cz"],"url":"https:\/\/luxurymagazine.cz\/index.php\/author\/mirvan\/"}]}},"_links":{"self":[{"href":"https:\/\/luxurymagazine.cz\/index.php\/wp-json\/wp\/v2\/posts\/2176"}],"collection":[{"href":"https:\/\/luxurymagazine.cz\/index.php\/wp-json\/wp\/v2\/posts"}],"about":[{"href":"https:\/\/luxurymagazine.cz\/index.php\/wp-json\/wp\/v2\/types\/post"}],"author":[{"embeddable":true,"href":"https:\/\/luxurymagazine.cz\/index.php\/wp-json\/wp\/v2\/users\/3"}],"replies":[{"embeddable":true,"href":"https:\/\/luxurymagazine.cz\/index.php\/wp-json\/wp\/v2\/comments?post=2176"}],"version-history":[{"count":-4,"href":"https:\/\/luxurymagazine.cz\/index.php\/wp-json\/wp\/v2\/posts\/2176\/revisions"}],"wp:featuredmedia":[{"embeddable":true,"href":"https:\/\/luxurymagazine.cz\/index.php\/wp-json\/wp\/v2\/media\/2182"}],"wp:attachment":[{"href":"https:\/\/luxurymagazine.cz\/index.php\/wp-json\/wp\/v2\/media?parent=2176"}],"wp:term":[{"taxonomy":"category","embeddable":true,"href":"https:\/\/luxurymagazine.cz\/index.php\/wp-json\/wp\/v2\/categories?post=2176"},{"taxonomy":"post_tag","embeddable":true,"href":"https:\/\/luxurymagazine.cz\/index.php\/wp-json\/wp\/v2\/tags?post=2176"}],"curies":[{"name":"wp","href":"https:\/\/api.w.org\/{rel}","templated":true}]}}