{"id":2184,"date":"2022-02-16T00:04:00","date_gmt":"2022-02-15T23:04:00","guid":{"rendered":"https:\/\/luxurymagazine.cz\/?p=2184"},"modified":"2022-04-19T01:43:25","modified_gmt":"2022-04-18T23:43:25","slug":"slavnostni-otevreni-kamenne-prodejny-automobilist-v-centru-palladium-v-praze","status":"publish","type":"post","link":"https:\/\/luxurymagazine.cz\/index.php\/2022\/02\/16\/slavnostni-otevreni-kamenne-prodejny-automobilist-v-centru-palladium-v-praze\/","title":{"rendered":"Slavnostn\u00ed otev\u0159en\u00ed kamenn\u00e9 prodejny Automobilist v centru Palladium v Praze"},"content":{"rendered":"\n<p><strong>Pavel Turek, kter\u00fd str\u00e1vil sedmn\u00e1ct let ve Formuli 1 a kter\u00fd st\u00e1l u rozvoje leteck\u00e9 z\u00e1vodn\u00ed s\u00e9rie Red Bull Air Race, dnes slavnostn\u011b otev\u0159el prvn\u00ed kamennou prodejnu zna\u010dky Automobilist v \u010cesk\u00e9 republice. Ta je zn\u00e1ma jako v\u00fdrobce um\u011bleck\u00fdch d\u011bl s tematikou motoristick\u00e9ho a automobilov\u00e9ho sportu, vznikaj\u00edc\u00ed v ofici\u00e1ln\u00ed spolupr\u00e1ci s glob\u00e1ln\u00edmi zna\u010dkami F1, WRC, 24H Le Mans, a mnoho dal\u0161\u00edch. Prodejna je um\u00edst\u011bna v pat\u0159e \u2013 1 n\u00e1kupn\u00edho centra Palladium v bl\u00edzkosti kav\u00e1rny Starbucks.<\/strong><\/p>\n\n\n\n<figure class=\"wp-block-image\"><img decoding=\"async\" src=\"http:\/\/menhouse.cz\/tmp\/19108_0_800_1644878663.jpg\" alt=\"\"\/><\/figure>\n\n\n\n<p>V r\u00e1mci slavnostn\u00edho otev\u0159en\u00ed pobo\u010dky&nbsp;<strong>byl v Palladiu p\u0159edstaven ve sv\u011btov\u00e9 premi\u00e9\u0159e nejnov\u011bj\u0161\u00ed Fine Art<\/strong>, na jeho\u017e p\u0159\u00edprav\u011b str\u00e1vil t\u00fdm tv\u016frc\u016f v\u00edce ne\u017e 4 m\u011bs\u00edce \u010dist\u00e9ho \u010dasu. Pouze n\u00e1v\u0161t\u011bvn\u00edci Palladia tak maj\u00ed unik\u00e1tn\u00ed mo\u017enost vid\u011bt Fine Art z\u00e1vodn\u00edho automobilu s Ayrtonem Sennou, kde ka\u017ed\u00fd detail je vymodelov\u00e1n ve 3D do posledn\u00edho \u0161roubku a posledn\u00ed kapi\u010dky de\u0161t\u011b s absolutn\u00ed bezchybnost\u00ed. Vid\u011bt takov\u00e9 um\u011bn\u00ed je pak pot\u011b\u0161\u00edm nejen pro v\u0161echny motoristick\u00e9 nad\u0161ence, ale i pro laiky.<\/p>\n\n\n\n<figure class=\"wp-block-image\"><img decoding=\"async\" src=\"http:\/\/menhouse.cz\/tmp\/19110_0_800_1644878664.jpg\" alt=\"\"\/><\/figure>\n\n\n\n<p>Spole\u010dnost Automobilist v r\u00e1mci sv\u00e9ho otev\u0159en\u00ed p\u0159ipravila i&nbsp;<strong>speci\u00e1ln\u00ed Valent\u00fdnsk\u00e9 p\u0159ekvapen\u00ed<\/strong>&nbsp;\u2013 ke ka\u017ed\u00e9mu n\u00e1kupu si z\u00e1kazn\u00edci mohou vybrat plak\u00e1t ze speci\u00e1ln\u00edho v\u00fdb\u011bru zdarma. Akce plat\u00ed pouze v Palladiu do 14. \u00fanora 2022. A tak n\u011bkter\u00fd z Fine Art\u016f m\u016f\u017ee b\u00fdt origin\u00e1ln\u00edm Valent\u00fdnsk\u00fdm d\u00e1rkem.<\/p>\n\n\n\n<p>Pokud z\u00e1kazn\u00edci nejsou nad\u0161enci motoristick\u00e9ho sportu, jist\u011b si&nbsp;<strong>v Palladiu vyberou z bohat\u00e9 nab\u00eddky Valent\u00fdnsk\u00fdch p\u0159ekvapen\u00ed pro ni i pro n\u011bho<\/strong>. Nav\u00edc b\u011bhem pond\u011bl\u00ed 14. \u00fanora 2022 budou&nbsp;<strong>kr\u00e1sn\u00e9 sle\u010dny, kter\u00e9 se \u00fa\u010dastnily sout\u011b\u017ee Miss Czech Republic, rozd\u00e1vat n\u00e1v\u0161t\u011bvn\u00edk\u016fm sladkosti od spole\u010dnosti Lindt<\/strong>.<\/p>\n\n\n\n<figure class=\"wp-block-image\"><img decoding=\"async\" src=\"http:\/\/menhouse.cz\/tmp\/19111_0_800_1644878664.jpg\" alt=\"\"\/><\/figure>\n\n\n\n<p>Pro v\u0161echny, kte\u0159\u00ed nev\u011bd\u00ed, co koupit k Valent\u00fdnu, jsou p\u0159ipraveny d\u00e1rkov\u00e9 poukazy. Poukazy, kter\u00e9 lze pou\u017e\u00edt ve v\u00edce jak 110 obchodech v Palladiu, lze zakoupit osobn\u011b na Infokiosku nebo p\u0159es e-shop\u00a0<a href=\"https:\/\/eshop.palladiumpraha.cz\/\">eshop.palladiumpraha.cz<\/a>. A pro v\u0161echny zapomn\u011btliv\u00e9, d\u00e1rkov\u00e9 poukazy lze po Praze koupit i s expresn\u00edm doru\u010den\u00edm slu\u017ebou Liftago do 2 hodin od objedn\u00e1n\u00ed.<\/p>\n\n\n\n<div style=\"height:20px\" aria-hidden=\"true\" class=\"wp-block-spacer\"><\/div>\n\n\n\n<p><strong>PALLADIUM na n\u00e1m\u011bst\u00ed Republiky v Praze je obl\u00edben\u00fdm m\u00edstem n\u00e1kup\u016f a setk\u00e1v\u00e1n\u00ed. Sou\u010d\u00e1st\u00ed komplexu je 170 obchod\u016f, 30 restaurac\u00ed, prvot\u0159\u00eddn\u00ed kancel\u00e1\u0159e a gar\u00e1\u017ee s kapacitou pro ve\u0159ejnost 600 m\u00edst.<\/strong><\/p>\n\n\n\n<p><strong><a href=\"https:\/\/www.palladiumpraha.cz\/\">www.palladiumpraha.cz<\/a><\/strong><\/p>\n\n\n\n<div style=\"height:63px\" aria-hidden=\"true\" class=\"wp-block-spacer\"><\/div>\n\n\n\n<figure class=\"wp-block-gallery columns-2 is-cropped wp-block-gallery-1 is-layout-flex wp-block-gallery-is-layout-flex\"><ul class=\"blocks-gallery-grid\"><li class=\"blocks-gallery-item\"><figure><img decoding=\"async\" loading=\"lazy\" width=\"964\" height=\"752\" src=\"https:\/\/luxurymagazine.cz\/wp-content\/uploads\/2022\/02\/1644591387_AutomobilistPalladium1.jpg\" alt=\"\" data-id=\"2185\" data-full-url=\"https:\/\/luxurymagazine.cz\/wp-content\/uploads\/2022\/02\/1644591387_AutomobilistPalladium1.jpg\" data-link=\"https:\/\/luxurymagazine.cz\/?attachment_id=2185\" class=\"wp-image-2185\" srcset=\"https:\/\/luxurymagazine.cz\/wp-content\/uploads\/2022\/02\/1644591387_AutomobilistPalladium1.jpg 964w, https:\/\/luxurymagazine.cz\/wp-content\/uploads\/2022\/02\/1644591387_AutomobilistPalladium1-300x234.jpg 300w, https:\/\/luxurymagazine.cz\/wp-content\/uploads\/2022\/02\/1644591387_AutomobilistPalladium1-768x599.jpg 768w\" sizes=\"(max-width: 964px) 100vw, 964px\" \/><\/figure><\/li><li class=\"blocks-gallery-item\"><figure><img decoding=\"async\" loading=\"lazy\" width=\"1024\" height=\"682\" src=\"https:\/\/luxurymagazine.cz\/wp-content\/uploads\/2022\/02\/1644591872_AutomobilistPalladium2-1024x682.jpg\" alt=\"\" data-id=\"2186\" data-full-url=\"https:\/\/luxurymagazine.cz\/wp-content\/uploads\/2022\/02\/1644591872_AutomobilistPalladium2.jpg\" data-link=\"https:\/\/luxurymagazine.cz\/?attachment_id=2186\" class=\"wp-image-2186\" srcset=\"https:\/\/luxurymagazine.cz\/wp-content\/uploads\/2022\/02\/1644591872_AutomobilistPalladium2-1024x682.jpg 1024w, https:\/\/luxurymagazine.cz\/wp-content\/uploads\/2022\/02\/1644591872_AutomobilistPalladium2-300x200.jpg 300w, https:\/\/luxurymagazine.cz\/wp-content\/uploads\/2022\/02\/1644591872_AutomobilistPalladium2-768x512.jpg 768w, https:\/\/luxurymagazine.cz\/wp-content\/uploads\/2022\/02\/1644591872_AutomobilistPalladium2-730x485.jpg 730w, https:\/\/luxurymagazine.cz\/wp-content\/uploads\/2022\/02\/1644591872_AutomobilistPalladium2.jpg 1129w\" sizes=\"(max-width: 1024px) 100vw, 1024px\" \/><\/figure><\/li><li class=\"blocks-gallery-item\"><figure><img decoding=\"async\" loading=\"lazy\" width=\"564\" height=\"752\" src=\"https:\/\/luxurymagazine.cz\/wp-content\/uploads\/2022\/02\/1644591897_AutomobilistPalladium3.jpg\" alt=\"\" data-id=\"2187\" data-full-url=\"https:\/\/luxurymagazine.cz\/wp-content\/uploads\/2022\/02\/1644591897_AutomobilistPalladium3.jpg\" data-link=\"https:\/\/luxurymagazine.cz\/?attachment_id=2187\" class=\"wp-image-2187\" srcset=\"https:\/\/luxurymagazine.cz\/wp-content\/uploads\/2022\/02\/1644591897_AutomobilistPalladium3.jpg 564w, https:\/\/luxurymagazine.cz\/wp-content\/uploads\/2022\/02\/1644591897_AutomobilistPalladium3-225x300.jpg 225w\" sizes=\"(max-width: 564px) 100vw, 564px\" \/><\/figure><\/li><li class=\"blocks-gallery-item\"><figure><img decoding=\"async\" loading=\"lazy\" width=\"1003\" height=\"752\" src=\"https:\/\/luxurymagazine.cz\/wp-content\/uploads\/2022\/02\/1644591933_AutomobilistPalladium5.jpg\" alt=\"\" data-id=\"2189\" data-full-url=\"https:\/\/luxurymagazine.cz\/wp-content\/uploads\/2022\/02\/1644591933_AutomobilistPalladium5.jpg\" data-link=\"https:\/\/luxurymagazine.cz\/?attachment_id=2189\" class=\"wp-image-2189\" srcset=\"https:\/\/luxurymagazine.cz\/wp-content\/uploads\/2022\/02\/1644591933_AutomobilistPalladium5.jpg 1003w, https:\/\/luxurymagazine.cz\/wp-content\/uploads\/2022\/02\/1644591933_AutomobilistPalladium5-300x225.jpg 300w, https:\/\/luxurymagazine.cz\/wp-content\/uploads\/2022\/02\/1644591933_AutomobilistPalladium5-768x576.jpg 768w\" sizes=\"(max-width: 1003px) 100vw, 1003px\" \/><\/figure><\/li><li class=\"blocks-gallery-item\"><figure><img decoding=\"async\" loading=\"lazy\" width=\"1003\" height=\"752\" src=\"https:\/\/luxurymagazine.cz\/wp-content\/uploads\/2022\/02\/1644591915_AutomobilistPalladium4.jpg\" alt=\"\" data-id=\"2188\" data-full-url=\"https:\/\/luxurymagazine.cz\/wp-content\/uploads\/2022\/02\/1644591915_AutomobilistPalladium4.jpg\" data-link=\"https:\/\/luxurymagazine.cz\/?attachment_id=2188\" class=\"wp-image-2188\" srcset=\"https:\/\/luxurymagazine.cz\/wp-content\/uploads\/2022\/02\/1644591915_AutomobilistPalladium4.jpg 1003w, https:\/\/luxurymagazine.cz\/wp-content\/uploads\/2022\/02\/1644591915_AutomobilistPalladium4-300x225.jpg 300w, https:\/\/luxurymagazine.cz\/wp-content\/uploads\/2022\/02\/1644591915_AutomobilistPalladium4-768x576.jpg 768w\" sizes=\"(max-width: 1003px) 100vw, 1003px\" \/><\/figure><\/li><\/ul><\/figure>\n\n\n\n<div style=\"height:23px\" aria-hidden=\"true\" class=\"wp-block-spacer\"><\/div>\n\n\n\n<figure><iframe loading=\"lazy\" width=\"100%\" height=\"393\" src=\"https:\/\/www.youtube.com\/embed\/xJUNVNYazKQ\" allowfullscreen=\"\"><\/iframe><\/figure>\n\n\n\n<p><strong>Zdroj foto a video:<\/strong> Automobilist<\/p>\n\n\n\n<div style=\"height:20px\" aria-hidden=\"true\" class=\"wp-block-spacer\"><\/div>\n\n\n\n<p><\/p>\n","protected":false},"excerpt":{"rendered":"<p>Pavel Turek, kter\u00fd str\u00e1vil sedmn\u00e1ct let ve Formuli 1 a kter\u00fd st\u00e1l u rozvoje leteck\u00e9 z\u00e1vodn\u00ed s\u00e9rie Red Bull Air Race, dnes slavnostn\u011b otev\u0159el prvn\u00ed kamennou prodejnu zna\u010dky Automobilist v \u010cesk\u00e9 republice. Ta je zn\u00e1ma jako v\u00fdrobce um\u011bleck\u00fdch d\u011bl s tematikou motoristick\u00e9ho a automobilov\u00e9ho sportu, vznikaj\u00edc\u00ed v ofici\u00e1ln\u00ed spolupr\u00e1ci s glob\u00e1ln\u00edmi zna\u010dkami F1, WRC, 24H [&hellip;]<\/p>\n","protected":false},"author":1,"featured_media":2185,"comment_status":"closed","ping_status":"closed","sticky":false,"template":"","format":"standard","meta":{"_mi_skip_tracking":false,"_monsterinsights_sitenote_active":false,"_monsterinsights_sitenote_note":"","_monsterinsights_sitenote_category":0,"footnotes":""},"categories":[8,15,2],"tags":[],"yoast_head":"<!-- This site is optimized with the Yoast SEO plugin v21.4 - https:\/\/yoast.com\/wordpress\/plugins\/seo\/ -->\n<title>Slavnostn\u00ed otev\u0159en\u00ed kamenn\u00e9 prodejny Automobilist v centru Palladium v Praze - LUXURYMAGAZINE.cz<\/title>\n<meta name=\"robots\" content=\"index, follow, max-snippet:-1, max-image-preview:large, max-video-preview:-1\" \/>\n<link rel=\"canonical\" href=\"https:\/\/luxurymagazine.cz\/index.php\/2022\/02\/16\/slavnostni-otevreni-kamenne-prodejny-automobilist-v-centru-palladium-v-praze\/\" \/>\n<meta property=\"og:locale\" content=\"cs_CZ\" \/>\n<meta property=\"og:type\" content=\"article\" \/>\n<meta property=\"og:title\" content=\"Slavnostn\u00ed otev\u0159en\u00ed kamenn\u00e9 prodejny Automobilist v centru Palladium v Praze - LUXURYMAGAZINE.cz\" \/>\n<meta property=\"og:description\" content=\"Pavel Turek, kter\u00fd str\u00e1vil sedmn\u00e1ct let ve Formuli 1 a kter\u00fd st\u00e1l u rozvoje leteck\u00e9 z\u00e1vodn\u00ed s\u00e9rie Red Bull Air Race, dnes slavnostn\u011b otev\u0159el prvn\u00ed kamennou prodejnu zna\u010dky Automobilist v \u010cesk\u00e9 republice. Ta je zn\u00e1ma jako v\u00fdrobce um\u011bleck\u00fdch d\u011bl s tematikou motoristick\u00e9ho a automobilov\u00e9ho sportu, vznikaj\u00edc\u00ed v ofici\u00e1ln\u00ed spolupr\u00e1ci s glob\u00e1ln\u00edmi zna\u010dkami F1, WRC, 24H [&hellip;]\" \/>\n<meta property=\"og:url\" content=\"https:\/\/luxurymagazine.cz\/index.php\/2022\/02\/16\/slavnostni-otevreni-kamenne-prodejny-automobilist-v-centru-palladium-v-praze\/\" \/>\n<meta property=\"og:site_name\" content=\"LUXURYMAGAZINE.cz\" \/>\n<meta property=\"article:published_time\" content=\"2022-02-15T23:04:00+00:00\" \/>\n<meta property=\"article:modified_time\" content=\"2022-04-18T23:43:25+00:00\" \/>\n<meta property=\"og:image\" content=\"https:\/\/luxurymagazine.cz\/wp-content\/uploads\/2022\/02\/1644591387_AutomobilistPalladium1.jpg\" \/>\n\t<meta property=\"og:image:width\" content=\"964\" \/>\n\t<meta property=\"og:image:height\" content=\"752\" \/>\n\t<meta property=\"og:image:type\" content=\"image\/jpeg\" \/>\n<meta name=\"author\" content=\"Mikol\u00e1\u0161ek (\u0161\u00e9fredaktor HMG)\" \/>\n<meta name=\"twitter:card\" content=\"summary_large_image\" \/>\n<meta name=\"twitter:label1\" content=\"Napsal(a)\" \/>\n\t<meta name=\"twitter:data1\" content=\"Mikol\u00e1\u0161ek (\u0161\u00e9fredaktor HMG)\" \/>\n\t<meta name=\"twitter:label2\" content=\"Odhadovan\u00e1 doba \u010dten\u00ed\" \/>\n\t<meta name=\"twitter:data2\" content=\"2 minuty\" \/>\n<script type=\"application\/ld+json\" class=\"yoast-schema-graph\">{\"@context\":\"https:\/\/schema.org\",\"@graph\":[{\"@type\":\"Article\",\"@id\":\"https:\/\/luxurymagazine.cz\/index.php\/2022\/02\/16\/slavnostni-otevreni-kamenne-prodejny-automobilist-v-centru-palladium-v-praze\/#article\",\"isPartOf\":{\"@id\":\"https:\/\/luxurymagazine.cz\/index.php\/2022\/02\/16\/slavnostni-otevreni-kamenne-prodejny-automobilist-v-centru-palladium-v-praze\/\"},\"author\":{\"name\":\"Mikol\u00e1\u0161ek (\u0161\u00e9fredaktor HMG)\",\"@id\":\"https:\/\/luxurymagazine.cz\/#\/schema\/person\/900281a2a290470de69f4ca1ff899a92\"},\"headline\":\"Slavnostn\u00ed otev\u0159en\u00ed kamenn\u00e9 prodejny Automobilist v centru Palladium v Praze\",\"datePublished\":\"2022-02-15T23:04:00+00:00\",\"dateModified\":\"2022-04-18T23:43:25+00:00\",\"mainEntityOfPage\":{\"@id\":\"https:\/\/luxurymagazine.cz\/index.php\/2022\/02\/16\/slavnostni-otevreni-kamenne-prodejny-automobilist-v-centru-palladium-v-praze\/\"},\"wordCount\":470,\"publisher\":{\"@id\":\"https:\/\/luxurymagazine.cz\/#organization\"},\"articleSection\":[\"AUTO &amp; MOTO &amp; LOD\u011a\",\"BUSINESS\",\"NEWS\"],\"inLanguage\":\"cs\"},{\"@type\":\"WebPage\",\"@id\":\"https:\/\/luxurymagazine.cz\/index.php\/2022\/02\/16\/slavnostni-otevreni-kamenne-prodejny-automobilist-v-centru-palladium-v-praze\/\",\"url\":\"https:\/\/luxurymagazine.cz\/index.php\/2022\/02\/16\/slavnostni-otevreni-kamenne-prodejny-automobilist-v-centru-palladium-v-praze\/\",\"name\":\"Slavnostn\u00ed otev\u0159en\u00ed kamenn\u00e9 prodejny Automobilist v centru Palladium v Praze - LUXURYMAGAZINE.cz\",\"isPartOf\":{\"@id\":\"https:\/\/luxurymagazine.cz\/#website\"},\"datePublished\":\"2022-02-15T23:04:00+00:00\",\"dateModified\":\"2022-04-18T23:43:25+00:00\",\"breadcrumb\":{\"@id\":\"https:\/\/luxurymagazine.cz\/index.php\/2022\/02\/16\/slavnostni-otevreni-kamenne-prodejny-automobilist-v-centru-palladium-v-praze\/#breadcrumb\"},\"inLanguage\":\"cs\",\"potentialAction\":[{\"@type\":\"ReadAction\",\"target\":[\"https:\/\/luxurymagazine.cz\/index.php\/2022\/02\/16\/slavnostni-otevreni-kamenne-prodejny-automobilist-v-centru-palladium-v-praze\/\"]}]},{\"@type\":\"BreadcrumbList\",\"@id\":\"https:\/\/luxurymagazine.cz\/index.php\/2022\/02\/16\/slavnostni-otevreni-kamenne-prodejny-automobilist-v-centru-palladium-v-praze\/#breadcrumb\",\"itemListElement\":[{\"@type\":\"ListItem\",\"position\":1,\"name\":\"Dom\u016f\",\"item\":\"https:\/\/luxurymagazine.cz\/\"},{\"@type\":\"ListItem\",\"position\":2,\"name\":\"Slavnostn\u00ed otev\u0159en\u00ed kamenn\u00e9 prodejny Automobilist v centru Palladium v Praze\"}]},{\"@type\":\"WebSite\",\"@id\":\"https:\/\/luxurymagazine.cz\/#website\",\"url\":\"https:\/\/luxurymagazine.cz\/\",\"name\":\"LUXURYMAGAZINE.cz\",\"description\":\"Port\u00e1l v\u00fdhradn\u011b o luxusu...\",\"publisher\":{\"@id\":\"https:\/\/luxurymagazine.cz\/#organization\"},\"potentialAction\":[{\"@type\":\"SearchAction\",\"target\":{\"@type\":\"EntryPoint\",\"urlTemplate\":\"https:\/\/luxurymagazine.cz\/?s={search_term_string}\"},\"query-input\":\"required name=search_term_string\"}],\"inLanguage\":\"cs\"},{\"@type\":\"Organization\",\"@id\":\"https:\/\/luxurymagazine.cz\/#organization\",\"name\":\"LUXURYMAGAZINE.cz\",\"url\":\"https:\/\/luxurymagazine.cz\/\",\"logo\":{\"@type\":\"ImageObject\",\"inLanguage\":\"cs\",\"@id\":\"https:\/\/luxurymagazine.cz\/#\/schema\/logo\/image\/\",\"url\":\"https:\/\/luxurymagazine.cz\/wp-content\/uploads\/2024\/12\/cropped-Logo_LuxuryMagazine-1.jpg\",\"contentUrl\":\"https:\/\/luxurymagazine.cz\/wp-content\/uploads\/2024\/12\/cropped-Logo_LuxuryMagazine-1.jpg\",\"width\":934,\"height\":509,\"caption\":\"LUXURYMAGAZINE.cz\"},\"image\":{\"@id\":\"https:\/\/luxurymagazine.cz\/#\/schema\/logo\/image\/\"}},{\"@type\":\"Person\",\"@id\":\"https:\/\/luxurymagazine.cz\/#\/schema\/person\/900281a2a290470de69f4ca1ff899a92\",\"name\":\"Mikol\u00e1\u0161ek (\u0161\u00e9fredaktor HMG)\",\"image\":{\"@type\":\"ImageObject\",\"inLanguage\":\"cs\",\"@id\":\"https:\/\/luxurymagazine.cz\/#\/schema\/person\/image\/\",\"url\":\"https:\/\/secure.gravatar.com\/avatar\/1c8a35f186d8baabb0513b2bdd8e53cd?s=96&d=mm&r=g\",\"contentUrl\":\"https:\/\/secure.gravatar.com\/avatar\/1c8a35f186d8baabb0513b2bdd8e53cd?s=96&d=mm&r=g\",\"caption\":\"Mikol\u00e1\u0161ek (\u0161\u00e9fredaktor HMG)\"},\"url\":\"https:\/\/luxurymagazine.cz\/index.php\/author\/ivomik\/\"}]}<\/script>\n<!-- \/ Yoast SEO plugin. -->","yoast_head_json":{"title":"Slavnostn\u00ed otev\u0159en\u00ed kamenn\u00e9 prodejny Automobilist v centru Palladium v Praze - LUXURYMAGAZINE.cz","robots":{"index":"index","follow":"follow","max-snippet":"max-snippet:-1","max-image-preview":"max-image-preview:large","max-video-preview":"max-video-preview:-1"},"canonical":"https:\/\/luxurymagazine.cz\/index.php\/2022\/02\/16\/slavnostni-otevreni-kamenne-prodejny-automobilist-v-centru-palladium-v-praze\/","og_locale":"cs_CZ","og_type":"article","og_title":"Slavnostn\u00ed otev\u0159en\u00ed kamenn\u00e9 prodejny Automobilist v centru Palladium v Praze - LUXURYMAGAZINE.cz","og_description":"Pavel Turek, kter\u00fd str\u00e1vil sedmn\u00e1ct let ve Formuli 1 a kter\u00fd st\u00e1l u rozvoje leteck\u00e9 z\u00e1vodn\u00ed s\u00e9rie Red Bull Air Race, dnes slavnostn\u011b otev\u0159el prvn\u00ed kamennou prodejnu zna\u010dky Automobilist v \u010cesk\u00e9 republice. Ta je zn\u00e1ma jako v\u00fdrobce um\u011bleck\u00fdch d\u011bl s tematikou motoristick\u00e9ho a automobilov\u00e9ho sportu, vznikaj\u00edc\u00ed v ofici\u00e1ln\u00ed spolupr\u00e1ci s glob\u00e1ln\u00edmi zna\u010dkami F1, WRC, 24H [&hellip;]","og_url":"https:\/\/luxurymagazine.cz\/index.php\/2022\/02\/16\/slavnostni-otevreni-kamenne-prodejny-automobilist-v-centru-palladium-v-praze\/","og_site_name":"LUXURYMAGAZINE.cz","article_published_time":"2022-02-15T23:04:00+00:00","article_modified_time":"2022-04-18T23:43:25+00:00","og_image":[{"width":964,"height":752,"url":"https:\/\/luxurymagazine.cz\/wp-content\/uploads\/2022\/02\/1644591387_AutomobilistPalladium1.jpg","type":"image\/jpeg"}],"author":"Mikol\u00e1\u0161ek (\u0161\u00e9fredaktor HMG)","twitter_card":"summary_large_image","twitter_misc":{"Napsal(a)":"Mikol\u00e1\u0161ek (\u0161\u00e9fredaktor HMG)","Odhadovan\u00e1 doba \u010dten\u00ed":"2 minuty"},"schema":{"@context":"https:\/\/schema.org","@graph":[{"@type":"Article","@id":"https:\/\/luxurymagazine.cz\/index.php\/2022\/02\/16\/slavnostni-otevreni-kamenne-prodejny-automobilist-v-centru-palladium-v-praze\/#article","isPartOf":{"@id":"https:\/\/luxurymagazine.cz\/index.php\/2022\/02\/16\/slavnostni-otevreni-kamenne-prodejny-automobilist-v-centru-palladium-v-praze\/"},"author":{"name":"Mikol\u00e1\u0161ek (\u0161\u00e9fredaktor HMG)","@id":"https:\/\/luxurymagazine.cz\/#\/schema\/person\/900281a2a290470de69f4ca1ff899a92"},"headline":"Slavnostn\u00ed otev\u0159en\u00ed kamenn\u00e9 prodejny Automobilist v centru Palladium v Praze","datePublished":"2022-02-15T23:04:00+00:00","dateModified":"2022-04-18T23:43:25+00:00","mainEntityOfPage":{"@id":"https:\/\/luxurymagazine.cz\/index.php\/2022\/02\/16\/slavnostni-otevreni-kamenne-prodejny-automobilist-v-centru-palladium-v-praze\/"},"wordCount":470,"publisher":{"@id":"https:\/\/luxurymagazine.cz\/#organization"},"articleSection":["AUTO &amp; MOTO &amp; LOD\u011a","BUSINESS","NEWS"],"inLanguage":"cs"},{"@type":"WebPage","@id":"https:\/\/luxurymagazine.cz\/index.php\/2022\/02\/16\/slavnostni-otevreni-kamenne-prodejny-automobilist-v-centru-palladium-v-praze\/","url":"https:\/\/luxurymagazine.cz\/index.php\/2022\/02\/16\/slavnostni-otevreni-kamenne-prodejny-automobilist-v-centru-palladium-v-praze\/","name":"Slavnostn\u00ed otev\u0159en\u00ed kamenn\u00e9 prodejny Automobilist v centru Palladium v Praze - LUXURYMAGAZINE.cz","isPartOf":{"@id":"https:\/\/luxurymagazine.cz\/#website"},"datePublished":"2022-02-15T23:04:00+00:00","dateModified":"2022-04-18T23:43:25+00:00","breadcrumb":{"@id":"https:\/\/luxurymagazine.cz\/index.php\/2022\/02\/16\/slavnostni-otevreni-kamenne-prodejny-automobilist-v-centru-palladium-v-praze\/#breadcrumb"},"inLanguage":"cs","potentialAction":[{"@type":"ReadAction","target":["https:\/\/luxurymagazine.cz\/index.php\/2022\/02\/16\/slavnostni-otevreni-kamenne-prodejny-automobilist-v-centru-palladium-v-praze\/"]}]},{"@type":"BreadcrumbList","@id":"https:\/\/luxurymagazine.cz\/index.php\/2022\/02\/16\/slavnostni-otevreni-kamenne-prodejny-automobilist-v-centru-palladium-v-praze\/#breadcrumb","itemListElement":[{"@type":"ListItem","position":1,"name":"Dom\u016f","item":"https:\/\/luxurymagazine.cz\/"},{"@type":"ListItem","position":2,"name":"Slavnostn\u00ed otev\u0159en\u00ed kamenn\u00e9 prodejny Automobilist v centru Palladium v Praze"}]},{"@type":"WebSite","@id":"https:\/\/luxurymagazine.cz\/#website","url":"https:\/\/luxurymagazine.cz\/","name":"LUXURYMAGAZINE.cz","description":"Port\u00e1l v\u00fdhradn\u011b o luxusu...","publisher":{"@id":"https:\/\/luxurymagazine.cz\/#organization"},"potentialAction":[{"@type":"SearchAction","target":{"@type":"EntryPoint","urlTemplate":"https:\/\/luxurymagazine.cz\/?s={search_term_string}"},"query-input":"required name=search_term_string"}],"inLanguage":"cs"},{"@type":"Organization","@id":"https:\/\/luxurymagazine.cz\/#organization","name":"LUXURYMAGAZINE.cz","url":"https:\/\/luxurymagazine.cz\/","logo":{"@type":"ImageObject","inLanguage":"cs","@id":"https:\/\/luxurymagazine.cz\/#\/schema\/logo\/image\/","url":"https:\/\/luxurymagazine.cz\/wp-content\/uploads\/2024\/12\/cropped-Logo_LuxuryMagazine-1.jpg","contentUrl":"https:\/\/luxurymagazine.cz\/wp-content\/uploads\/2024\/12\/cropped-Logo_LuxuryMagazine-1.jpg","width":934,"height":509,"caption":"LUXURYMAGAZINE.cz"},"image":{"@id":"https:\/\/luxurymagazine.cz\/#\/schema\/logo\/image\/"}},{"@type":"Person","@id":"https:\/\/luxurymagazine.cz\/#\/schema\/person\/900281a2a290470de69f4ca1ff899a92","name":"Mikol\u00e1\u0161ek (\u0161\u00e9fredaktor HMG)","image":{"@type":"ImageObject","inLanguage":"cs","@id":"https:\/\/luxurymagazine.cz\/#\/schema\/person\/image\/","url":"https:\/\/secure.gravatar.com\/avatar\/1c8a35f186d8baabb0513b2bdd8e53cd?s=96&d=mm&r=g","contentUrl":"https:\/\/secure.gravatar.com\/avatar\/1c8a35f186d8baabb0513b2bdd8e53cd?s=96&d=mm&r=g","caption":"Mikol\u00e1\u0161ek (\u0161\u00e9fredaktor HMG)"},"url":"https:\/\/luxurymagazine.cz\/index.php\/author\/ivomik\/"}]}},"_links":{"self":[{"href":"https:\/\/luxurymagazine.cz\/index.php\/wp-json\/wp\/v2\/posts\/2184"}],"collection":[{"href":"https:\/\/luxurymagazine.cz\/index.php\/wp-json\/wp\/v2\/posts"}],"about":[{"href":"https:\/\/luxurymagazine.cz\/index.php\/wp-json\/wp\/v2\/types\/post"}],"author":[{"embeddable":true,"href":"https:\/\/luxurymagazine.cz\/index.php\/wp-json\/wp\/v2\/users\/1"}],"replies":[{"embeddable":true,"href":"https:\/\/luxurymagazine.cz\/index.php\/wp-json\/wp\/v2\/comments?post=2184"}],"version-history":[{"count":-4,"href":"https:\/\/luxurymagazine.cz\/index.php\/wp-json\/wp\/v2\/posts\/2184\/revisions"}],"wp:featuredmedia":[{"embeddable":true,"href":"https:\/\/luxurymagazine.cz\/index.php\/wp-json\/wp\/v2\/media\/2185"}],"wp:attachment":[{"href":"https:\/\/luxurymagazine.cz\/index.php\/wp-json\/wp\/v2\/media?parent=2184"}],"wp:term":[{"taxonomy":"category","embeddable":true,"href":"https:\/\/luxurymagazine.cz\/index.php\/wp-json\/wp\/v2\/categories?post=2184"},{"taxonomy":"post_tag","embeddable":true,"href":"https:\/\/luxurymagazine.cz\/index.php\/wp-json\/wp\/v2\/tags?post=2184"}],"curies":[{"name":"wp","href":"https:\/\/api.w.org\/{rel}","templated":true}]}}