{"id":2191,"date":"2022-02-21T00:01:00","date_gmt":"2022-02-20T23:01:00","guid":{"rendered":"https:\/\/luxurymagazine.cz\/?p=2191"},"modified":"2022-04-26T23:57:25","modified_gmt":"2022-04-26T21:57:25","slug":"oaks-prague-zacalo-se-stavbou-luxusnich-vil-od-meier-partners-a-john-pardey-architects","status":"publish","type":"post","link":"https:\/\/luxurymagazine.cz\/index.php\/2022\/02\/21\/oaks-prague-zacalo-se-stavbou-luxusnich-vil-od-meier-partners-a-john-pardey-architects\/","title":{"rendered":"Oaks Prague za\u010dalo se stavbou luxusn\u00edch vil od Meier Partners a John Pardey Architects"},"content":{"rendered":"\n<p><strong>Unik\u00e1tn\u00ed developersk\u00fd projekt Oaks Prague v&nbsp;Neb\u0159enic\u00edch u Prahy v&nbsp;posledn\u00edch m\u011bs\u00edc\u00edch rychle roste. Jako prvn\u00ed koncem prosince z\u00edskaly kolauda\u010dn\u00ed souhlas rodinn\u00e9 domy od McGarry-Moon Architects. Kolaudace dom\u016f od JTP Architects (Rezidence v zahrad\u00e1ch) a Chapman Taylor Architects (Rezidence u parku) prob\u011bhne v&nbsp;n\u00e1sleduj\u00edc\u00edch t\u00fddnech a do t\u00e9to malebn\u00e9 lokality na jih od metropole se pomalu st\u011bhuj\u00ed prvn\u00ed obyvatel\u00e9. Soub\u011b\u017en\u011b pak v&nbsp;minul\u00fdch dnech za\u010dala stavba dal\u0161\u00edch dom\u016f, konkr\u00e9tn\u011b luxusn\u00edch vil od sv\u011btov\u00fdch architektonick\u00fdch \u0161pi\u010dek Meier Partners a John Pardey Architects.<\/strong><\/p>\n\n\n\n<figure class=\"wp-block-image\"><img decoding=\"async\" src=\"https:\/\/homemagazine.cz\/wp-content\/uploads\/2022\/02\/Rezidence_u_golfu_Meier_Partners_vila_e.jpg\" alt=\"\"\/><\/figure>\n\n\n\n<h2 class=\"wp-block-heading\"><strong>Osobit\u00fd styl od Meier Partners<\/strong><\/h2>\n\n\n\n<p>Pr\u00e1ce newyorsk\u00e9ho ateli\u00e9ru&nbsp;<a href=\"https:\/\/meierpartners.com\/\"><strong>Meier Partners<\/strong><\/a>&nbsp;je rozpoznateln\u00e1 na prvn\u00ed pohled a ji\u017e p\u0159es p\u016fl stolet\u00ed se t\u011b\u0161\u00ed mezin\u00e1rodn\u00edmu uzn\u00e1n\u00ed. Po cel\u00e9m sv\u011bt\u011b bylo dokon\u010deno v\u00edce ne\u017e 130 jejich projekt\u016f. Hlavn\u00ed ceny jim ud\u011blily mimo jin\u00e9 Americk\u00fd institut architekt\u016f (AIA), Kr\u00e1lovsk\u00fd institut britsk\u00fdch architekt\u016f (RIBA), stejn\u011b tak ateli\u00e9r z\u00edskal presti\u017en\u00ed Pritzkeovou cenu.<\/p>\n\n\n\n<p><a href=\"https:\/\/www.oaksprague.cz\/bydleni\/domy\/vila-u-golfu-rm-pa\/\">Vilu<\/a>&nbsp;v charakteristick\u00e9m b\u00edl\u00e9m designu vytvo\u0159ila pro Oaks Prague architektka Vivian Lee b\u011bhem sv\u00e9ho anga\u017em\u00e1 v&nbsp;Meier Partners. D\u016fm p\u0159\u00edmo soused\u00ed s nejlep\u0161\u00edm golfov\u00fdm h\u0159i\u0161t\u011bm v \u010cR i v Evrop\u011b, PGA National Czech Republic, a poskytuje n\u00e1dhern\u00e9 v\u00fdhledy a propojen\u00ed s okoln\u00ed krajinou. V p\u0159\u00edzem\u00ed se nach\u00e1zej\u00ed dva velkorys\u00e9 odd\u011blen\u00e9 ob\u00fdvac\u00ed prostory, j\u00eddelna, bar a kuchyn\u011b, dopln\u011bn\u00e9 pracovnou. V prvn\u00edm pat\u0159e potom \u010dty\u0159i lo\u017enice s en-suite koupelnami. \u010cist\u00e1 podlahov\u00e1 plocha vily je 801 m?, zahradu o velikosti p\u0159es 2 000 m? dopl\u0148uje baz\u00e9n (3 x 12 m), rovn\u011b\u017e s&nbsp;v\u00fdhledem na golf.<\/p>\n\n\n\n<p>\u201eNa\u0161e inspirace vedla k navr\u017een\u00ed dynamick\u00e9 struktury, kter\u00e1 se odkazuje k tvar\u016fm tradi\u010dn\u00edch staveb ze socha\u0159sk\u00e9ho i sou\u010dasn\u00e9ho hlediska, spolu s \u00fachvatn\u00fdmi v\u00fdhledy a maxim\u00e1ln\u011b energeticky \u00fasporn\u00fdmi syst\u00e9my. Sv\u011b\u017e\u00ed b\u00edl\u00e9 plochy plynule obt\u00e9kaj\u00ed vystupuj\u00edc\u00ed svisl\u00e9 povrchy s d\u0159ev\u011bn\u00fdm oblo\u017een\u00edm, kter\u00e9 se prol\u00ednaj\u00ed i do v\u00fdrazn\u00e9ho interi\u00e9ru a tato modern\u00ed estetika navozuje dojem dom\u00e1c\u00ed h\u0159ejivosti,\u201c prozrazuje Vivien Lee.<\/p>\n\n\n\n<figure class=\"wp-block-image\"><img decoding=\"async\" src=\"https:\/\/homemagazine.cz\/wp-content\/uploads\/2022\/02\/Oaks_vila_John_Padrey_e-840x525.jpg\" alt=\"\" class=\"wp-image-3118\"\/><\/figure>\n\n\n\n<h2 class=\"wp-block-heading\"><strong>Modern\u00ed vila s&nbsp;odkazem na tradi\u010dn\u00ed \u010deskou architekturu<\/strong><\/h2>\n\n\n\n<p>Kancel\u00e1\u0159<strong>&nbsp;<a href=\"https:\/\/www.johnpardeyarchitects.com\/\">John Pardey Architects<\/a><\/strong>&nbsp;byla zalo\u017een\u00e1 v&nbsp;roce 1988 a vybudovala si skv\u011blou pov\u011bst d\u00edky vynikaj\u00edc\u00edmu designu a kvalit\u011b, za co\u017e z\u00edskala 55 dom\u00e1c\u00edch i zahrani\u010dn\u00edch ocen\u011bn\u00ed, v\u010detn\u011b osmi presti\u017en\u00edch britsk\u00fdch cen RIBA a zlat\u00e9 medaile za architekturu ve Walesu v&nbsp;roce 2013. John Pardey Architects v sob\u011b spojuje mnoho sm\u011br\u016f, od anglick\u00e9ho Arts + Crafts p\u0159es skandin\u00e1vsk\u00fd modernismus a\u017e po kalifornsk\u00fd program Case Study House z 50. let, ale na fin\u00e1ln\u00ed podobu jejich pr\u00e1ce m\u00e1 vliv individu\u00e1ln\u00ed vize klienta.<\/p>\n\n\n\n<p>Pro Oaks Prague vytvo\u0159ili John Pardey Architects&nbsp;<a href=\"https:\/\/www.oaksprague.cz\/bydleni\/domy\/vila-u-golfu-jpa\/\"><strong>modern\u00ed vilu<\/strong><\/a>&nbsp;s p\u011bti lo\u017enicemi, inspirovanou tvary, strukturami a&nbsp;barvami tradi\u010dn\u00ed \u010desk\u00e9 architektury. D\u016fm m\u00e1 \u010distou podlahovou plochu 586 m?, pozemek o velikosti v\u00edce ne\u017e 3&nbsp;000 m?, baz\u00e9n (4 x 10 m) a je tak\u00e9 um\u00edst\u011bn do p\u0159\u00edm\u00e9ho sousedstv\u00ed golfov\u00e9ho h\u0159i\u0161t\u011b. \u201eNavrhli jsme modern\u00ed a&nbsp;nad\u010dasovou vilu. Inspirovali jsme se okoln\u00edm prost\u0159ed\u00edm, m\u00edstn\u00edmi tradicemi a p\u0159\u00edrodn\u00edmi materi\u00e1ly,\u201c prozrazuje John Pardey.<\/p>\n\n\n\n<h2 class=\"wp-block-heading\"><strong>Nov\u00fd \u017eivotn\u00ed styl, pouze 20 minut ji\u017en\u011b od Prahy<\/strong><\/h2>\n\n\n\n<p>V Neb\u0159enic\u00edch vznik\u00e1 m\u00edsto pro nov\u00fd \u017eivotn\u00ed styl, kter\u00fd doposud zn\u00e1me pouze ze zahrani\u010d\u00ed, a kter\u00fd poskytuje obyvatel\u016fm i n\u00e1v\u0161t\u011bvn\u00edk\u016fm volno\u010dasov\u00e9 aktivity podporuj\u00edc\u00ed work-life balance. Oaks Prague je zasazen v srdci malebn\u00e9 st\u0159edo\u010desk\u00e9 krajiny, a p\u0159esto pouh\u00fdch 20 minut od Prahy. Vznikaj\u00ed tu aktu\u00e1ln\u011b dv\u011b nov\u00e9 restaurace (La Bottega Oaks Deli Bistro a La Finestra Oaks Golf Club) a dal\u0161\u00ed slu\u017eby jako je concierge, 24\/7 security \u010di mate\u0159sk\u00e1 \u0161kola.<\/p>\n\n\n\n<p>B\u011bhem l\u00e9ta 2020 bylo dokon\u010deno 18jamkov\u00e9 golfov\u00e9 h\u0159i\u0161t\u011b s licenc\u00ed PGA National. H\u0159i\u0161t\u011b ihned z\u00edskalo v&nbsp;sedm\u00e9m ro\u010dn\u00edku World Golf Awards dv\u011b presti\u017en\u00ed mezin\u00e1rodn\u00ed ocen\u011bn\u00ed: Europe\u2019s Best Golf Course pro nejlep\u0161\u00ed evropsk\u00e9 golfov\u00e9 h\u0159i\u0161t\u011b roku 2020 a Czech Republic\u2019s Best Golf Course 2020, druh\u00e9 ocen\u011bn\u00ed obh\u00e1jilo i za rok 2021. Dominantou, z\u00e1zem\u00edm a golfovou klubovnou bude klasicistn\u00ed z\u00e1me\u010dek, kter\u00fd byl v&nbsp;19. stolet\u00ed domovem rodiny von Sch\u00fcttelsberg. Budova je kulturn\u00ed pam\u00e1tkou a v&nbsp;sou\u010dasn\u00e9 dob\u011b prob\u00edh\u00e1 dokon\u010dov\u00e1n\u00ed jej\u00ed rozs\u00e1hl\u00e9 citliv\u00e9 rekonstrukce. Pr\u00e1v\u011b v&nbsp;n\u00ed budou moci v\u0161ichni obyvatel\u00e9 i n\u00e1v\u0161t\u011bvn\u00edci Oaks Prague naj\u00edt \u0161pi\u010dkovou restauraci La Finestra Oaks Golf Club.<\/p>\n\n\n\n<p><strong>V\u00edce informac\u00ed najdete na\u00a0<a href=\"http:\/\/www.oaksprague.cz\/\">www.oaksprague.cz<\/a>.<\/strong><\/p>\n\n\n\n<div style=\"height:34px\" aria-hidden=\"true\" class=\"wp-block-spacer\"><\/div>\n","protected":false},"excerpt":{"rendered":"<p>Unik\u00e1tn\u00ed developersk\u00fd projekt Oaks Prague v&nbsp;Neb\u0159enic\u00edch u Prahy v&nbsp;posledn\u00edch m\u011bs\u00edc\u00edch rychle roste. Jako prvn\u00ed koncem prosince z\u00edskaly kolauda\u010dn\u00ed souhlas rodinn\u00e9 domy od McGarry-Moon Architects. Kolaudace dom\u016f od JTP Architects (Rezidence v zahrad\u00e1ch) a Chapman Taylor Architects (Rezidence u parku) prob\u011bhne v&nbsp;n\u00e1sleduj\u00edc\u00edch t\u00fddnech a do t\u00e9to malebn\u00e9 lokality na jih od metropole se pomalu st\u011bhuj\u00ed prvn\u00ed [&hellip;]<\/p>\n","protected":false},"author":1,"featured_media":2192,"comment_status":"closed","ping_status":"closed","sticky":false,"template":"","format":"standard","meta":{"_mi_skip_tracking":false,"_monsterinsights_sitenote_active":false,"_monsterinsights_sitenote_note":"","_monsterinsights_sitenote_category":0,"footnotes":""},"categories":[15,5,2],"tags":[],"yoast_head":"<!-- This site is optimized with the Yoast SEO plugin v21.4 - https:\/\/yoast.com\/wordpress\/plugins\/seo\/ -->\n<title>Oaks Prague za\u010dalo se stavbou luxusn\u00edch vil od Meier Partners a John Pardey Architects - LUXURYMAGAZINE.cz<\/title>\n<meta name=\"robots\" content=\"index, follow, max-snippet:-1, max-image-preview:large, max-video-preview:-1\" \/>\n<link rel=\"canonical\" href=\"https:\/\/luxurymagazine.cz\/index.php\/2022\/02\/21\/oaks-prague-zacalo-se-stavbou-luxusnich-vil-od-meier-partners-a-john-pardey-architects\/\" \/>\n<meta property=\"og:locale\" content=\"cs_CZ\" \/>\n<meta property=\"og:type\" content=\"article\" \/>\n<meta property=\"og:title\" content=\"Oaks Prague za\u010dalo se stavbou luxusn\u00edch vil od Meier Partners a John Pardey Architects - LUXURYMAGAZINE.cz\" \/>\n<meta property=\"og:description\" content=\"Unik\u00e1tn\u00ed developersk\u00fd projekt Oaks Prague v&nbsp;Neb\u0159enic\u00edch u Prahy v&nbsp;posledn\u00edch m\u011bs\u00edc\u00edch rychle roste. Jako prvn\u00ed koncem prosince z\u00edskaly kolauda\u010dn\u00ed souhlas rodinn\u00e9 domy od McGarry-Moon Architects. Kolaudace dom\u016f od JTP Architects (Rezidence v zahrad\u00e1ch) a Chapman Taylor Architects (Rezidence u parku) prob\u011bhne v&nbsp;n\u00e1sleduj\u00edc\u00edch t\u00fddnech a do t\u00e9to malebn\u00e9 lokality na jih od metropole se pomalu st\u011bhuj\u00ed prvn\u00ed [&hellip;]\" \/>\n<meta property=\"og:url\" content=\"https:\/\/luxurymagazine.cz\/index.php\/2022\/02\/21\/oaks-prague-zacalo-se-stavbou-luxusnich-vil-od-meier-partners-a-john-pardey-architects\/\" \/>\n<meta property=\"og:site_name\" content=\"LUXURYMAGAZINE.cz\" \/>\n<meta property=\"article:published_time\" content=\"2022-02-20T23:01:00+00:00\" \/>\n<meta property=\"article:modified_time\" content=\"2022-04-26T21:57:25+00:00\" \/>\n<meta property=\"og:image\" content=\"https:\/\/luxurymagazine.cz\/wp-content\/uploads\/2022\/02\/Rezidence_u_golfu_Meier_Partners_vila_e.jpg\" \/>\n\t<meta property=\"og:image:width\" content=\"2560\" \/>\n\t<meta property=\"og:image:height\" content=\"1440\" \/>\n\t<meta property=\"og:image:type\" content=\"image\/jpeg\" \/>\n<meta name=\"author\" content=\"Mikol\u00e1\u0161ek (\u0161\u00e9fredaktor HMG)\" \/>\n<meta name=\"twitter:card\" content=\"summary_large_image\" \/>\n<meta name=\"twitter:label1\" content=\"Napsal(a)\" \/>\n\t<meta name=\"twitter:data1\" content=\"Mikol\u00e1\u0161ek (\u0161\u00e9fredaktor HMG)\" \/>\n\t<meta name=\"twitter:label2\" content=\"Odhadovan\u00e1 doba \u010dten\u00ed\" \/>\n\t<meta name=\"twitter:data2\" content=\"4 minuty\" \/>\n<script type=\"application\/ld+json\" class=\"yoast-schema-graph\">{\"@context\":\"https:\/\/schema.org\",\"@graph\":[{\"@type\":\"Article\",\"@id\":\"https:\/\/luxurymagazine.cz\/index.php\/2022\/02\/21\/oaks-prague-zacalo-se-stavbou-luxusnich-vil-od-meier-partners-a-john-pardey-architects\/#article\",\"isPartOf\":{\"@id\":\"https:\/\/luxurymagazine.cz\/index.php\/2022\/02\/21\/oaks-prague-zacalo-se-stavbou-luxusnich-vil-od-meier-partners-a-john-pardey-architects\/\"},\"author\":{\"name\":\"Mikol\u00e1\u0161ek (\u0161\u00e9fredaktor HMG)\",\"@id\":\"https:\/\/luxurymagazine.cz\/#\/schema\/person\/900281a2a290470de69f4ca1ff899a92\"},\"headline\":\"Oaks Prague za\u010dalo se stavbou luxusn\u00edch vil od Meier Partners a John Pardey Architects\",\"datePublished\":\"2022-02-20T23:01:00+00:00\",\"dateModified\":\"2022-04-26T21:57:25+00:00\",\"mainEntityOfPage\":{\"@id\":\"https:\/\/luxurymagazine.cz\/index.php\/2022\/02\/21\/oaks-prague-zacalo-se-stavbou-luxusnich-vil-od-meier-partners-a-john-pardey-architects\/\"},\"wordCount\":852,\"publisher\":{\"@id\":\"https:\/\/luxurymagazine.cz\/#organization\"},\"articleSection\":[\"BUSINESS\",\"BYDLEN\u00cd &amp; DESIGN\",\"NEWS\"],\"inLanguage\":\"cs\"},{\"@type\":\"WebPage\",\"@id\":\"https:\/\/luxurymagazine.cz\/index.php\/2022\/02\/21\/oaks-prague-zacalo-se-stavbou-luxusnich-vil-od-meier-partners-a-john-pardey-architects\/\",\"url\":\"https:\/\/luxurymagazine.cz\/index.php\/2022\/02\/21\/oaks-prague-zacalo-se-stavbou-luxusnich-vil-od-meier-partners-a-john-pardey-architects\/\",\"name\":\"Oaks Prague za\u010dalo se stavbou luxusn\u00edch vil od Meier Partners a John Pardey Architects - LUXURYMAGAZINE.cz\",\"isPartOf\":{\"@id\":\"https:\/\/luxurymagazine.cz\/#website\"},\"datePublished\":\"2022-02-20T23:01:00+00:00\",\"dateModified\":\"2022-04-26T21:57:25+00:00\",\"breadcrumb\":{\"@id\":\"https:\/\/luxurymagazine.cz\/index.php\/2022\/02\/21\/oaks-prague-zacalo-se-stavbou-luxusnich-vil-od-meier-partners-a-john-pardey-architects\/#breadcrumb\"},\"inLanguage\":\"cs\",\"potentialAction\":[{\"@type\":\"ReadAction\",\"target\":[\"https:\/\/luxurymagazine.cz\/index.php\/2022\/02\/21\/oaks-prague-zacalo-se-stavbou-luxusnich-vil-od-meier-partners-a-john-pardey-architects\/\"]}]},{\"@type\":\"BreadcrumbList\",\"@id\":\"https:\/\/luxurymagazine.cz\/index.php\/2022\/02\/21\/oaks-prague-zacalo-se-stavbou-luxusnich-vil-od-meier-partners-a-john-pardey-architects\/#breadcrumb\",\"itemListElement\":[{\"@type\":\"ListItem\",\"position\":1,\"name\":\"Dom\u016f\",\"item\":\"https:\/\/luxurymagazine.cz\/\"},{\"@type\":\"ListItem\",\"position\":2,\"name\":\"Oaks Prague za\u010dalo se stavbou luxusn\u00edch vil od Meier Partners a John Pardey Architects\"}]},{\"@type\":\"WebSite\",\"@id\":\"https:\/\/luxurymagazine.cz\/#website\",\"url\":\"https:\/\/luxurymagazine.cz\/\",\"name\":\"LUXURYMAGAZINE.cz\",\"description\":\"Port\u00e1l v\u00fdhradn\u011b o luxusu...\",\"publisher\":{\"@id\":\"https:\/\/luxurymagazine.cz\/#organization\"},\"potentialAction\":[{\"@type\":\"SearchAction\",\"target\":{\"@type\":\"EntryPoint\",\"urlTemplate\":\"https:\/\/luxurymagazine.cz\/?s={search_term_string}\"},\"query-input\":\"required name=search_term_string\"}],\"inLanguage\":\"cs\"},{\"@type\":\"Organization\",\"@id\":\"https:\/\/luxurymagazine.cz\/#organization\",\"name\":\"LUXURYMAGAZINE.cz\",\"url\":\"https:\/\/luxurymagazine.cz\/\",\"logo\":{\"@type\":\"ImageObject\",\"inLanguage\":\"cs\",\"@id\":\"https:\/\/luxurymagazine.cz\/#\/schema\/logo\/image\/\",\"url\":\"https:\/\/luxurymagazine.cz\/wp-content\/uploads\/2024\/12\/cropped-Logo_LuxuryMagazine-1.jpg\",\"contentUrl\":\"https:\/\/luxurymagazine.cz\/wp-content\/uploads\/2024\/12\/cropped-Logo_LuxuryMagazine-1.jpg\",\"width\":934,\"height\":509,\"caption\":\"LUXURYMAGAZINE.cz\"},\"image\":{\"@id\":\"https:\/\/luxurymagazine.cz\/#\/schema\/logo\/image\/\"}},{\"@type\":\"Person\",\"@id\":\"https:\/\/luxurymagazine.cz\/#\/schema\/person\/900281a2a290470de69f4ca1ff899a92\",\"name\":\"Mikol\u00e1\u0161ek (\u0161\u00e9fredaktor HMG)\",\"image\":{\"@type\":\"ImageObject\",\"inLanguage\":\"cs\",\"@id\":\"https:\/\/luxurymagazine.cz\/#\/schema\/person\/image\/\",\"url\":\"https:\/\/secure.gravatar.com\/avatar\/1c8a35f186d8baabb0513b2bdd8e53cd?s=96&d=mm&r=g\",\"contentUrl\":\"https:\/\/secure.gravatar.com\/avatar\/1c8a35f186d8baabb0513b2bdd8e53cd?s=96&d=mm&r=g\",\"caption\":\"Mikol\u00e1\u0161ek (\u0161\u00e9fredaktor HMG)\"},\"url\":\"https:\/\/luxurymagazine.cz\/index.php\/author\/ivomik\/\"}]}<\/script>\n<!-- \/ Yoast SEO plugin. -->","yoast_head_json":{"title":"Oaks Prague za\u010dalo se stavbou luxusn\u00edch vil od Meier Partners a John Pardey Architects - LUXURYMAGAZINE.cz","robots":{"index":"index","follow":"follow","max-snippet":"max-snippet:-1","max-image-preview":"max-image-preview:large","max-video-preview":"max-video-preview:-1"},"canonical":"https:\/\/luxurymagazine.cz\/index.php\/2022\/02\/21\/oaks-prague-zacalo-se-stavbou-luxusnich-vil-od-meier-partners-a-john-pardey-architects\/","og_locale":"cs_CZ","og_type":"article","og_title":"Oaks Prague za\u010dalo se stavbou luxusn\u00edch vil od Meier Partners a John Pardey Architects - LUXURYMAGAZINE.cz","og_description":"Unik\u00e1tn\u00ed developersk\u00fd projekt Oaks Prague v&nbsp;Neb\u0159enic\u00edch u Prahy v&nbsp;posledn\u00edch m\u011bs\u00edc\u00edch rychle roste. Jako prvn\u00ed koncem prosince z\u00edskaly kolauda\u010dn\u00ed souhlas rodinn\u00e9 domy od McGarry-Moon Architects. Kolaudace dom\u016f od JTP Architects (Rezidence v zahrad\u00e1ch) a Chapman Taylor Architects (Rezidence u parku) prob\u011bhne v&nbsp;n\u00e1sleduj\u00edc\u00edch t\u00fddnech a do t\u00e9to malebn\u00e9 lokality na jih od metropole se pomalu st\u011bhuj\u00ed prvn\u00ed [&hellip;]","og_url":"https:\/\/luxurymagazine.cz\/index.php\/2022\/02\/21\/oaks-prague-zacalo-se-stavbou-luxusnich-vil-od-meier-partners-a-john-pardey-architects\/","og_site_name":"LUXURYMAGAZINE.cz","article_published_time":"2022-02-20T23:01:00+00:00","article_modified_time":"2022-04-26T21:57:25+00:00","og_image":[{"width":2560,"height":1440,"url":"https:\/\/luxurymagazine.cz\/wp-content\/uploads\/2022\/02\/Rezidence_u_golfu_Meier_Partners_vila_e.jpg","type":"image\/jpeg"}],"author":"Mikol\u00e1\u0161ek (\u0161\u00e9fredaktor HMG)","twitter_card":"summary_large_image","twitter_misc":{"Napsal(a)":"Mikol\u00e1\u0161ek (\u0161\u00e9fredaktor HMG)","Odhadovan\u00e1 doba \u010dten\u00ed":"4 minuty"},"schema":{"@context":"https:\/\/schema.org","@graph":[{"@type":"Article","@id":"https:\/\/luxurymagazine.cz\/index.php\/2022\/02\/21\/oaks-prague-zacalo-se-stavbou-luxusnich-vil-od-meier-partners-a-john-pardey-architects\/#article","isPartOf":{"@id":"https:\/\/luxurymagazine.cz\/index.php\/2022\/02\/21\/oaks-prague-zacalo-se-stavbou-luxusnich-vil-od-meier-partners-a-john-pardey-architects\/"},"author":{"name":"Mikol\u00e1\u0161ek (\u0161\u00e9fredaktor HMG)","@id":"https:\/\/luxurymagazine.cz\/#\/schema\/person\/900281a2a290470de69f4ca1ff899a92"},"headline":"Oaks Prague za\u010dalo se stavbou luxusn\u00edch vil od Meier Partners a John Pardey Architects","datePublished":"2022-02-20T23:01:00+00:00","dateModified":"2022-04-26T21:57:25+00:00","mainEntityOfPage":{"@id":"https:\/\/luxurymagazine.cz\/index.php\/2022\/02\/21\/oaks-prague-zacalo-se-stavbou-luxusnich-vil-od-meier-partners-a-john-pardey-architects\/"},"wordCount":852,"publisher":{"@id":"https:\/\/luxurymagazine.cz\/#organization"},"articleSection":["BUSINESS","BYDLEN\u00cd &amp; DESIGN","NEWS"],"inLanguage":"cs"},{"@type":"WebPage","@id":"https:\/\/luxurymagazine.cz\/index.php\/2022\/02\/21\/oaks-prague-zacalo-se-stavbou-luxusnich-vil-od-meier-partners-a-john-pardey-architects\/","url":"https:\/\/luxurymagazine.cz\/index.php\/2022\/02\/21\/oaks-prague-zacalo-se-stavbou-luxusnich-vil-od-meier-partners-a-john-pardey-architects\/","name":"Oaks Prague za\u010dalo se stavbou luxusn\u00edch vil od Meier Partners a John Pardey Architects - LUXURYMAGAZINE.cz","isPartOf":{"@id":"https:\/\/luxurymagazine.cz\/#website"},"datePublished":"2022-02-20T23:01:00+00:00","dateModified":"2022-04-26T21:57:25+00:00","breadcrumb":{"@id":"https:\/\/luxurymagazine.cz\/index.php\/2022\/02\/21\/oaks-prague-zacalo-se-stavbou-luxusnich-vil-od-meier-partners-a-john-pardey-architects\/#breadcrumb"},"inLanguage":"cs","potentialAction":[{"@type":"ReadAction","target":["https:\/\/luxurymagazine.cz\/index.php\/2022\/02\/21\/oaks-prague-zacalo-se-stavbou-luxusnich-vil-od-meier-partners-a-john-pardey-architects\/"]}]},{"@type":"BreadcrumbList","@id":"https:\/\/luxurymagazine.cz\/index.php\/2022\/02\/21\/oaks-prague-zacalo-se-stavbou-luxusnich-vil-od-meier-partners-a-john-pardey-architects\/#breadcrumb","itemListElement":[{"@type":"ListItem","position":1,"name":"Dom\u016f","item":"https:\/\/luxurymagazine.cz\/"},{"@type":"ListItem","position":2,"name":"Oaks Prague za\u010dalo se stavbou luxusn\u00edch vil od Meier Partners a John Pardey Architects"}]},{"@type":"WebSite","@id":"https:\/\/luxurymagazine.cz\/#website","url":"https:\/\/luxurymagazine.cz\/","name":"LUXURYMAGAZINE.cz","description":"Port\u00e1l v\u00fdhradn\u011b o luxusu...","publisher":{"@id":"https:\/\/luxurymagazine.cz\/#organization"},"potentialAction":[{"@type":"SearchAction","target":{"@type":"EntryPoint","urlTemplate":"https:\/\/luxurymagazine.cz\/?s={search_term_string}"},"query-input":"required name=search_term_string"}],"inLanguage":"cs"},{"@type":"Organization","@id":"https:\/\/luxurymagazine.cz\/#organization","name":"LUXURYMAGAZINE.cz","url":"https:\/\/luxurymagazine.cz\/","logo":{"@type":"ImageObject","inLanguage":"cs","@id":"https:\/\/luxurymagazine.cz\/#\/schema\/logo\/image\/","url":"https:\/\/luxurymagazine.cz\/wp-content\/uploads\/2024\/12\/cropped-Logo_LuxuryMagazine-1.jpg","contentUrl":"https:\/\/luxurymagazine.cz\/wp-content\/uploads\/2024\/12\/cropped-Logo_LuxuryMagazine-1.jpg","width":934,"height":509,"caption":"LUXURYMAGAZINE.cz"},"image":{"@id":"https:\/\/luxurymagazine.cz\/#\/schema\/logo\/image\/"}},{"@type":"Person","@id":"https:\/\/luxurymagazine.cz\/#\/schema\/person\/900281a2a290470de69f4ca1ff899a92","name":"Mikol\u00e1\u0161ek (\u0161\u00e9fredaktor HMG)","image":{"@type":"ImageObject","inLanguage":"cs","@id":"https:\/\/luxurymagazine.cz\/#\/schema\/person\/image\/","url":"https:\/\/secure.gravatar.com\/avatar\/1c8a35f186d8baabb0513b2bdd8e53cd?s=96&d=mm&r=g","contentUrl":"https:\/\/secure.gravatar.com\/avatar\/1c8a35f186d8baabb0513b2bdd8e53cd?s=96&d=mm&r=g","caption":"Mikol\u00e1\u0161ek (\u0161\u00e9fredaktor HMG)"},"url":"https:\/\/luxurymagazine.cz\/index.php\/author\/ivomik\/"}]}},"_links":{"self":[{"href":"https:\/\/luxurymagazine.cz\/index.php\/wp-json\/wp\/v2\/posts\/2191"}],"collection":[{"href":"https:\/\/luxurymagazine.cz\/index.php\/wp-json\/wp\/v2\/posts"}],"about":[{"href":"https:\/\/luxurymagazine.cz\/index.php\/wp-json\/wp\/v2\/types\/post"}],"author":[{"embeddable":true,"href":"https:\/\/luxurymagazine.cz\/index.php\/wp-json\/wp\/v2\/users\/1"}],"replies":[{"embeddable":true,"href":"https:\/\/luxurymagazine.cz\/index.php\/wp-json\/wp\/v2\/comments?post=2191"}],"version-history":[{"count":-4,"href":"https:\/\/luxurymagazine.cz\/index.php\/wp-json\/wp\/v2\/posts\/2191\/revisions"}],"wp:featuredmedia":[{"embeddable":true,"href":"https:\/\/luxurymagazine.cz\/index.php\/wp-json\/wp\/v2\/media\/2192"}],"wp:attachment":[{"href":"https:\/\/luxurymagazine.cz\/index.php\/wp-json\/wp\/v2\/media?parent=2191"}],"wp:term":[{"taxonomy":"category","embeddable":true,"href":"https:\/\/luxurymagazine.cz\/index.php\/wp-json\/wp\/v2\/categories?post=2191"},{"taxonomy":"post_tag","embeddable":true,"href":"https:\/\/luxurymagazine.cz\/index.php\/wp-json\/wp\/v2\/tags?post=2191"}],"curies":[{"name":"wp","href":"https:\/\/api.w.org\/{rel}","templated":true}]}}