{"id":2194,"date":"2022-02-17T00:01:00","date_gmt":"2022-02-16T23:01:00","guid":{"rendered":"https:\/\/luxurymagazine.cz\/?p=2194"},"modified":"2022-04-22T01:57:12","modified_gmt":"2022-04-21T23:57:12","slug":"lexus-zverejnil-dechberouci-fotky-a-video-elektrickeho-sportovniho-modelu","status":"publish","type":"post","link":"https:\/\/luxurymagazine.cz\/index.php\/2022\/02\/17\/lexus-zverejnil-dechberouci-fotky-a-video-elektrickeho-sportovniho-modelu\/","title":{"rendered":"Lexus zve\u0159ejnil dechberouc\u00ed fotky a video elektrick\u00e9ho sportovn\u00edho modelu"},"content":{"rendered":"\n<p><strong>Lexus zve\u0159ejnil sn\u00edmky a animace nov\u00e9ho sportovn\u00edho vozu p\u0159\u00ed\u0161t\u00ed generace s bateriov\u00fdm elektrick\u00fdm pohonem. Nov\u00fd model bude sou\u010d\u00e1st\u00ed kompletn\u00ed \u0159ady bateriov\u00fdch elektromobil\u016f, kter\u00e9 Lexus uvede do roku 2030 v r\u00e1mci sv\u00e9 vize Lexus Electrified.<\/strong><\/p>\n\n\n\n<figure class=\"wp-block-image size-large\"><img decoding=\"async\" loading=\"lazy\" width=\"1024\" height=\"609\" src=\"https:\/\/luxurymagazine.cz\/wp-content\/uploads\/2022\/02\/stillimage4-16x9_TTL-1024x609.jpg\" alt=\"\" class=\"wp-image-2196\" srcset=\"https:\/\/luxurymagazine.cz\/wp-content\/uploads\/2022\/02\/stillimage4-16x9_TTL-1024x609.jpg 1024w, https:\/\/luxurymagazine.cz\/wp-content\/uploads\/2022\/02\/stillimage4-16x9_TTL-300x178.jpg 300w, https:\/\/luxurymagazine.cz\/wp-content\/uploads\/2022\/02\/stillimage4-16x9_TTL-768x456.jpg 768w, https:\/\/luxurymagazine.cz\/wp-content\/uploads\/2022\/02\/stillimage4-16x9_TTL.jpg 1331w\" sizes=\"(max-width: 1024px) 100vw, 1024px\" \/><\/figure>\n\n\n\n<p>Zrychlen\u00ed z nuly na 100 km\/h bude jen lehce p\u0159esahovat dv\u011b sekundy a dojezd d\u00edky mo\u017enosti instalace polovodi\u010dov\u00fdch bateri\u00ed p\u0159ekro\u010d\u00ed 700 km<\/p>\n\n\n\n<figure class=\"wp-block-image\"><img decoding=\"async\" src=\"https:\/\/carshouse.cz\/tmp\/14861_0_800_1644875904.jpg\" alt=\"\"\/><\/figure>\n\n\n\n<p>Nov\u00fd model s n\u00edzkou sv\u011btlou v\u00fd\u0161kou symbolizuje budoucnost zna\u010dky Lexus a d\u00e1v\u00e1 vzpomenout na atmosf\u00e9ru kultovn\u00edho modelu Lexus LFA. V\u016fz byl premi\u00e9rov\u011b odhalen \u0161\u00e9fem Toyoty a Lexus Akiem Toyodou loni v prosinci.<\/p>\n\n\n\n<figure class=\"wp-block-image\"><img decoding=\"async\" src=\"https:\/\/carshouse.cz\/tmp\/14858_0_800_1644875017.jpg\" alt=\"\"\/><\/figure>\n\n\n\n<p>Lexus se prost\u0159ednictv\u00edm v\u00fdvoje \u010dist\u00fdch elektromobil\u016f postupn\u011b prom\u011b\u0148uje ve zna\u010dku nab\u00edzej\u00edc\u00ed \u0161irokou \u0161k\u00e1lu z\u00e1\u017eitk\u016f za volantem, kdy vyu\u017e\u00edv\u00e1 svoji jedine\u010dnou schopnost vyv\u00edjet v\u00fdkonn\u00e9 vozy a z\u00e1rove\u0148 cizeluje um\u011bn\u00ed vyr\u00e1b\u011bt produkty se st\u00e1le osobn\u011bj\u0161\u00edm charakterem, postaven\u00fdm na v\u00fdkonu, kvalit\u011b i atraktivit\u011b.<\/p>\n\n\n\n<div style=\"height:20px\" aria-hidden=\"true\" class=\"wp-block-spacer\"><\/div>\n\n\n\n<figure class=\"wp-block-gallery columns-2 is-cropped wp-block-gallery-1 is-layout-flex wp-block-gallery-is-layout-flex\"><ul class=\"blocks-gallery-grid\"><li class=\"blocks-gallery-item\"><figure><img decoding=\"async\" loading=\"lazy\" width=\"1024\" height=\"609\" src=\"https:\/\/luxurymagazine.cz\/wp-content\/uploads\/2022\/02\/stillimage4-16x9_TTL-1024x609.jpg\" alt=\"\" data-id=\"2196\" data-link=\"https:\/\/luxurymagazine.cz\/?attachment_id=2196\" class=\"wp-image-2196\" srcset=\"https:\/\/luxurymagazine.cz\/wp-content\/uploads\/2022\/02\/stillimage4-16x9_TTL-1024x609.jpg 1024w, https:\/\/luxurymagazine.cz\/wp-content\/uploads\/2022\/02\/stillimage4-16x9_TTL-300x178.jpg 300w, https:\/\/luxurymagazine.cz\/wp-content\/uploads\/2022\/02\/stillimage4-16x9_TTL-768x456.jpg 768w, https:\/\/luxurymagazine.cz\/wp-content\/uploads\/2022\/02\/stillimage4-16x9_TTL.jpg 1331w\" sizes=\"(max-width: 1024px) 100vw, 1024px\" \/><\/figure><\/li><li class=\"blocks-gallery-item\"><figure><img decoding=\"async\" loading=\"lazy\" width=\"1024\" height=\"621\" src=\"https:\/\/luxurymagazine.cz\/wp-content\/uploads\/2022\/02\/stillimage1-16x9_TTL-1024x621.jpg\" alt=\"\" data-id=\"2195\" data-link=\"https:\/\/luxurymagazine.cz\/?attachment_id=2195\" class=\"wp-image-2195\" srcset=\"https:\/\/luxurymagazine.cz\/wp-content\/uploads\/2022\/02\/stillimage1-16x9_TTL-1024x621.jpg 1024w, https:\/\/luxurymagazine.cz\/wp-content\/uploads\/2022\/02\/stillimage1-16x9_TTL-300x182.jpg 300w, https:\/\/luxurymagazine.cz\/wp-content\/uploads\/2022\/02\/stillimage1-16x9_TTL-768x466.jpg 768w, https:\/\/luxurymagazine.cz\/wp-content\/uploads\/2022\/02\/stillimage1-16x9_TTL-1536x932.jpg 1536w, https:\/\/luxurymagazine.cz\/wp-content\/uploads\/2022\/02\/stillimage1-16x9_TTL.jpg 1591w\" sizes=\"(max-width: 1024px) 100vw, 1024px\" \/><\/figure><\/li><li class=\"blocks-gallery-item\"><figure><img decoding=\"async\" loading=\"lazy\" width=\"1024\" height=\"576\" src=\"https:\/\/luxurymagazine.cz\/wp-content\/uploads\/2022\/02\/stillimage8-16x9_8-1024x576.jpg\" alt=\"\" data-id=\"2203\" data-full-url=\"https:\/\/luxurymagazine.cz\/wp-content\/uploads\/2022\/02\/stillimage8-16x9_8.jpg\" data-link=\"https:\/\/luxurymagazine.cz\/?attachment_id=2203\" class=\"wp-image-2203\" srcset=\"https:\/\/luxurymagazine.cz\/wp-content\/uploads\/2022\/02\/stillimage8-16x9_8-1024x576.jpg 1024w, https:\/\/luxurymagazine.cz\/wp-content\/uploads\/2022\/02\/stillimage8-16x9_8-300x169.jpg 300w, https:\/\/luxurymagazine.cz\/wp-content\/uploads\/2022\/02\/stillimage8-16x9_8-768x432.jpg 768w, https:\/\/luxurymagazine.cz\/wp-content\/uploads\/2022\/02\/stillimage8-16x9_8.jpg 1250w\" sizes=\"(max-width: 1024px) 100vw, 1024px\" \/><\/figure><\/li><li class=\"blocks-gallery-item\"><figure><img decoding=\"async\" loading=\"lazy\" width=\"1024\" height=\"576\" src=\"https:\/\/luxurymagazine.cz\/wp-content\/uploads\/2022\/02\/stillimage5-16x9_6-1024x576.jpg\" alt=\"\" data-id=\"2201\" data-full-url=\"https:\/\/luxurymagazine.cz\/wp-content\/uploads\/2022\/02\/stillimage5-16x9_6.jpg\" data-link=\"https:\/\/luxurymagazine.cz\/?attachment_id=2201\" class=\"wp-image-2201\" srcset=\"https:\/\/luxurymagazine.cz\/wp-content\/uploads\/2022\/02\/stillimage5-16x9_6-1024x576.jpg 1024w, https:\/\/luxurymagazine.cz\/wp-content\/uploads\/2022\/02\/stillimage5-16x9_6-300x169.jpg 300w, https:\/\/luxurymagazine.cz\/wp-content\/uploads\/2022\/02\/stillimage5-16x9_6-768x432.jpg 768w, https:\/\/luxurymagazine.cz\/wp-content\/uploads\/2022\/02\/stillimage5-16x9_6.jpg 1250w\" sizes=\"(max-width: 1024px) 100vw, 1024px\" \/><\/figure><\/li><li class=\"blocks-gallery-item\"><figure><img decoding=\"async\" loading=\"lazy\" width=\"1024\" height=\"576\" src=\"https:\/\/luxurymagazine.cz\/wp-content\/uploads\/2022\/02\/stillimage4-16x9_5-1024x576.jpg\" alt=\"\" data-id=\"2200\" data-full-url=\"https:\/\/luxurymagazine.cz\/wp-content\/uploads\/2022\/02\/stillimage4-16x9_5.jpg\" data-link=\"https:\/\/luxurymagazine.cz\/?attachment_id=2200\" class=\"wp-image-2200\" srcset=\"https:\/\/luxurymagazine.cz\/wp-content\/uploads\/2022\/02\/stillimage4-16x9_5-1024x576.jpg 1024w, https:\/\/luxurymagazine.cz\/wp-content\/uploads\/2022\/02\/stillimage4-16x9_5-300x169.jpg 300w, https:\/\/luxurymagazine.cz\/wp-content\/uploads\/2022\/02\/stillimage4-16x9_5-768x432.jpg 768w, https:\/\/luxurymagazine.cz\/wp-content\/uploads\/2022\/02\/stillimage4-16x9_5.jpg 1250w\" sizes=\"(max-width: 1024px) 100vw, 1024px\" \/><\/figure><\/li><li class=\"blocks-gallery-item\"><figure><img decoding=\"async\" loading=\"lazy\" width=\"1024\" height=\"576\" src=\"https:\/\/luxurymagazine.cz\/wp-content\/uploads\/2022\/02\/stillimage1-16x9_2-1024x576.jpg\" alt=\"\" data-id=\"2197\" data-full-url=\"https:\/\/luxurymagazine.cz\/wp-content\/uploads\/2022\/02\/stillimage1-16x9_2.jpg\" data-link=\"https:\/\/luxurymagazine.cz\/?attachment_id=2197\" class=\"wp-image-2197\" srcset=\"https:\/\/luxurymagazine.cz\/wp-content\/uploads\/2022\/02\/stillimage1-16x9_2-1024x576.jpg 1024w, https:\/\/luxurymagazine.cz\/wp-content\/uploads\/2022\/02\/stillimage1-16x9_2-300x169.jpg 300w, https:\/\/luxurymagazine.cz\/wp-content\/uploads\/2022\/02\/stillimage1-16x9_2-768x432.jpg 768w, https:\/\/luxurymagazine.cz\/wp-content\/uploads\/2022\/02\/stillimage1-16x9_2.jpg 1250w\" sizes=\"(max-width: 1024px) 100vw, 1024px\" \/><\/figure><\/li><li class=\"blocks-gallery-item\"><figure><img decoding=\"async\" loading=\"lazy\" width=\"1024\" height=\"576\" src=\"https:\/\/luxurymagazine.cz\/wp-content\/uploads\/2022\/02\/stillimage6-16x9_7-1024x576.jpg\" alt=\"\" data-id=\"2202\" data-full-url=\"https:\/\/luxurymagazine.cz\/wp-content\/uploads\/2022\/02\/stillimage6-16x9_7.jpg\" data-link=\"https:\/\/luxurymagazine.cz\/?attachment_id=2202\" class=\"wp-image-2202\" srcset=\"https:\/\/luxurymagazine.cz\/wp-content\/uploads\/2022\/02\/stillimage6-16x9_7-1024x576.jpg 1024w, https:\/\/luxurymagazine.cz\/wp-content\/uploads\/2022\/02\/stillimage6-16x9_7-300x169.jpg 300w, https:\/\/luxurymagazine.cz\/wp-content\/uploads\/2022\/02\/stillimage6-16x9_7-768x432.jpg 768w, https:\/\/luxurymagazine.cz\/wp-content\/uploads\/2022\/02\/stillimage6-16x9_7.jpg 1250w\" sizes=\"(max-width: 1024px) 100vw, 1024px\" \/><\/figure><\/li><li class=\"blocks-gallery-item\"><figure><img decoding=\"async\" loading=\"lazy\" width=\"1024\" height=\"576\" src=\"https:\/\/luxurymagazine.cz\/wp-content\/uploads\/2022\/02\/stillimage2-16x9_3-1024x576.jpg\" alt=\"\" data-id=\"2198\" data-full-url=\"https:\/\/luxurymagazine.cz\/wp-content\/uploads\/2022\/02\/stillimage2-16x9_3.jpg\" data-link=\"https:\/\/luxurymagazine.cz\/?attachment_id=2198\" class=\"wp-image-2198\" srcset=\"https:\/\/luxurymagazine.cz\/wp-content\/uploads\/2022\/02\/stillimage2-16x9_3-1024x576.jpg 1024w, https:\/\/luxurymagazine.cz\/wp-content\/uploads\/2022\/02\/stillimage2-16x9_3-300x169.jpg 300w, https:\/\/luxurymagazine.cz\/wp-content\/uploads\/2022\/02\/stillimage2-16x9_3-768x432.jpg 768w, https:\/\/luxurymagazine.cz\/wp-content\/uploads\/2022\/02\/stillimage2-16x9_3.jpg 1250w\" sizes=\"(max-width: 1024px) 100vw, 1024px\" \/><\/figure><\/li><li class=\"blocks-gallery-item\"><figure><img decoding=\"async\" loading=\"lazy\" width=\"1024\" height=\"576\" src=\"https:\/\/luxurymagazine.cz\/wp-content\/uploads\/2022\/02\/stillimage3-16x9_4-1024x576.jpg\" alt=\"\" data-id=\"2199\" data-full-url=\"https:\/\/luxurymagazine.cz\/wp-content\/uploads\/2022\/02\/stillimage3-16x9_4.jpg\" data-link=\"https:\/\/luxurymagazine.cz\/?attachment_id=2199\" class=\"wp-image-2199\" srcset=\"https:\/\/luxurymagazine.cz\/wp-content\/uploads\/2022\/02\/stillimage3-16x9_4-1024x576.jpg 1024w, https:\/\/luxurymagazine.cz\/wp-content\/uploads\/2022\/02\/stillimage3-16x9_4-300x169.jpg 300w, https:\/\/luxurymagazine.cz\/wp-content\/uploads\/2022\/02\/stillimage3-16x9_4-768x432.jpg 768w, https:\/\/luxurymagazine.cz\/wp-content\/uploads\/2022\/02\/stillimage3-16x9_4.jpg 1250w\" sizes=\"(max-width: 1024px) 100vw, 1024px\" \/><\/figure><\/li><\/ul><\/figure>\n\n\n\n<div style=\"height:20px\" aria-hidden=\"true\" class=\"wp-block-spacer\"><\/div>\n\n\n\n<figure><iframe loading=\"lazy\" width=\"100%\" height=\"393\" src=\"https:\/\/www.youtube.com\/embed\/hbkuepACscI\" allowfullscreen=\"\"><\/iframe><\/figure>\n\n\n\n<p><strong>Zdroj foto a video:<\/strong>\u00a0Lexus<\/p>\n\n\n\n<div style=\"height:100px\" aria-hidden=\"true\" class=\"wp-block-spacer\"><\/div>\n","protected":false},"excerpt":{"rendered":"<p>Lexus zve\u0159ejnil sn\u00edmky a animace nov\u00e9ho sportovn\u00edho vozu p\u0159\u00ed\u0161t\u00ed generace s bateriov\u00fdm elektrick\u00fdm pohonem. Nov\u00fd model bude sou\u010d\u00e1st\u00ed kompletn\u00ed \u0159ady bateriov\u00fdch elektromobil\u016f, kter\u00e9 Lexus uvede do roku 2030 v r\u00e1mci sv\u00e9 vize Lexus Electrified. Zrychlen\u00ed z nuly na 100 km\/h bude jen lehce p\u0159esahovat dv\u011b sekundy a dojezd d\u00edky mo\u017enosti instalace polovodi\u010dov\u00fdch bateri\u00ed p\u0159ekro\u010d\u00ed 700 [&hellip;]<\/p>\n","protected":false},"author":1,"featured_media":2196,"comment_status":"closed","ping_status":"closed","sticky":false,"template":"","format":"standard","meta":{"_mi_skip_tracking":false,"_monsterinsights_sitenote_active":false,"_monsterinsights_sitenote_note":"","_monsterinsights_sitenote_category":0,"footnotes":""},"categories":[8,2,13],"tags":[],"yoast_head":"<!-- This site is optimized with the Yoast SEO plugin v21.4 - https:\/\/yoast.com\/wordpress\/plugins\/seo\/ -->\n<title>Lexus zve\u0159ejnil dechberouc\u00ed fotky a video elektrick\u00e9ho sportovn\u00edho modelu - LUXURYMAGAZINE.cz<\/title>\n<meta name=\"robots\" content=\"index, follow, max-snippet:-1, max-image-preview:large, max-video-preview:-1\" \/>\n<link rel=\"canonical\" href=\"https:\/\/luxurymagazine.cz\/index.php\/2022\/02\/17\/lexus-zverejnil-dechberouci-fotky-a-video-elektrickeho-sportovniho-modelu\/\" \/>\n<meta property=\"og:locale\" content=\"cs_CZ\" \/>\n<meta property=\"og:type\" content=\"article\" \/>\n<meta property=\"og:title\" content=\"Lexus zve\u0159ejnil dechberouc\u00ed fotky a video elektrick\u00e9ho sportovn\u00edho modelu - LUXURYMAGAZINE.cz\" \/>\n<meta property=\"og:description\" content=\"Lexus zve\u0159ejnil sn\u00edmky a animace nov\u00e9ho sportovn\u00edho vozu p\u0159\u00ed\u0161t\u00ed generace s bateriov\u00fdm elektrick\u00fdm pohonem. Nov\u00fd model bude sou\u010d\u00e1st\u00ed kompletn\u00ed \u0159ady bateriov\u00fdch elektromobil\u016f, kter\u00e9 Lexus uvede do roku 2030 v r\u00e1mci sv\u00e9 vize Lexus Electrified. Zrychlen\u00ed z nuly na 100 km\/h bude jen lehce p\u0159esahovat dv\u011b sekundy a dojezd d\u00edky mo\u017enosti instalace polovodi\u010dov\u00fdch bateri\u00ed p\u0159ekro\u010d\u00ed 700 [&hellip;]\" \/>\n<meta property=\"og:url\" content=\"https:\/\/luxurymagazine.cz\/index.php\/2022\/02\/17\/lexus-zverejnil-dechberouci-fotky-a-video-elektrickeho-sportovniho-modelu\/\" \/>\n<meta property=\"og:site_name\" content=\"LUXURYMAGAZINE.cz\" \/>\n<meta property=\"article:published_time\" content=\"2022-02-16T23:01:00+00:00\" \/>\n<meta property=\"article:modified_time\" content=\"2022-04-21T23:57:12+00:00\" \/>\n<meta property=\"og:image\" content=\"https:\/\/luxurymagazine.cz\/wp-content\/uploads\/2022\/02\/stillimage4-16x9_TTL.jpg\" \/>\n\t<meta property=\"og:image:width\" content=\"1331\" \/>\n\t<meta property=\"og:image:height\" content=\"791\" \/>\n\t<meta property=\"og:image:type\" content=\"image\/jpeg\" \/>\n<meta name=\"author\" content=\"Mikol\u00e1\u0161ek (\u0161\u00e9fredaktor HMG)\" \/>\n<meta name=\"twitter:card\" content=\"summary_large_image\" \/>\n<meta name=\"twitter:label1\" content=\"Napsal(a)\" \/>\n\t<meta name=\"twitter:data1\" content=\"Mikol\u00e1\u0161ek (\u0161\u00e9fredaktor HMG)\" \/>\n\t<meta name=\"twitter:label2\" content=\"Odhadovan\u00e1 doba \u010dten\u00ed\" \/>\n\t<meta name=\"twitter:data2\" content=\"1 minuta\" \/>\n<script type=\"application\/ld+json\" class=\"yoast-schema-graph\">{\"@context\":\"https:\/\/schema.org\",\"@graph\":[{\"@type\":\"Article\",\"@id\":\"https:\/\/luxurymagazine.cz\/index.php\/2022\/02\/17\/lexus-zverejnil-dechberouci-fotky-a-video-elektrickeho-sportovniho-modelu\/#article\",\"isPartOf\":{\"@id\":\"https:\/\/luxurymagazine.cz\/index.php\/2022\/02\/17\/lexus-zverejnil-dechberouci-fotky-a-video-elektrickeho-sportovniho-modelu\/\"},\"author\":{\"name\":\"Mikol\u00e1\u0161ek (\u0161\u00e9fredaktor HMG)\",\"@id\":\"https:\/\/luxurymagazine.cz\/#\/schema\/person\/900281a2a290470de69f4ca1ff899a92\"},\"headline\":\"Lexus zve\u0159ejnil dechberouc\u00ed fotky a video elektrick\u00e9ho sportovn\u00edho modelu\",\"datePublished\":\"2022-02-16T23:01:00+00:00\",\"dateModified\":\"2022-04-21T23:57:12+00:00\",\"mainEntityOfPage\":{\"@id\":\"https:\/\/luxurymagazine.cz\/index.php\/2022\/02\/17\/lexus-zverejnil-dechberouci-fotky-a-video-elektrickeho-sportovniho-modelu\/\"},\"wordCount\":191,\"publisher\":{\"@id\":\"https:\/\/luxurymagazine.cz\/#organization\"},\"articleSection\":[\"AUTO &amp; MOTO &amp; LOD\u011a\",\"NEWS\",\"TIPY &amp; TRENDY\"],\"inLanguage\":\"cs\"},{\"@type\":\"WebPage\",\"@id\":\"https:\/\/luxurymagazine.cz\/index.php\/2022\/02\/17\/lexus-zverejnil-dechberouci-fotky-a-video-elektrickeho-sportovniho-modelu\/\",\"url\":\"https:\/\/luxurymagazine.cz\/index.php\/2022\/02\/17\/lexus-zverejnil-dechberouci-fotky-a-video-elektrickeho-sportovniho-modelu\/\",\"name\":\"Lexus zve\u0159ejnil dechberouc\u00ed fotky a video elektrick\u00e9ho sportovn\u00edho modelu - LUXURYMAGAZINE.cz\",\"isPartOf\":{\"@id\":\"https:\/\/luxurymagazine.cz\/#website\"},\"datePublished\":\"2022-02-16T23:01:00+00:00\",\"dateModified\":\"2022-04-21T23:57:12+00:00\",\"breadcrumb\":{\"@id\":\"https:\/\/luxurymagazine.cz\/index.php\/2022\/02\/17\/lexus-zverejnil-dechberouci-fotky-a-video-elektrickeho-sportovniho-modelu\/#breadcrumb\"},\"inLanguage\":\"cs\",\"potentialAction\":[{\"@type\":\"ReadAction\",\"target\":[\"https:\/\/luxurymagazine.cz\/index.php\/2022\/02\/17\/lexus-zverejnil-dechberouci-fotky-a-video-elektrickeho-sportovniho-modelu\/\"]}]},{\"@type\":\"BreadcrumbList\",\"@id\":\"https:\/\/luxurymagazine.cz\/index.php\/2022\/02\/17\/lexus-zverejnil-dechberouci-fotky-a-video-elektrickeho-sportovniho-modelu\/#breadcrumb\",\"itemListElement\":[{\"@type\":\"ListItem\",\"position\":1,\"name\":\"Dom\u016f\",\"item\":\"https:\/\/luxurymagazine.cz\/\"},{\"@type\":\"ListItem\",\"position\":2,\"name\":\"Lexus zve\u0159ejnil dechberouc\u00ed fotky a video elektrick\u00e9ho sportovn\u00edho modelu\"}]},{\"@type\":\"WebSite\",\"@id\":\"https:\/\/luxurymagazine.cz\/#website\",\"url\":\"https:\/\/luxurymagazine.cz\/\",\"name\":\"LUXURYMAGAZINE.cz\",\"description\":\"Port\u00e1l v\u00fdhradn\u011b o luxusu...\",\"publisher\":{\"@id\":\"https:\/\/luxurymagazine.cz\/#organization\"},\"potentialAction\":[{\"@type\":\"SearchAction\",\"target\":{\"@type\":\"EntryPoint\",\"urlTemplate\":\"https:\/\/luxurymagazine.cz\/?s={search_term_string}\"},\"query-input\":\"required name=search_term_string\"}],\"inLanguage\":\"cs\"},{\"@type\":\"Organization\",\"@id\":\"https:\/\/luxurymagazine.cz\/#organization\",\"name\":\"LUXURYMAGAZINE.cz\",\"url\":\"https:\/\/luxurymagazine.cz\/\",\"logo\":{\"@type\":\"ImageObject\",\"inLanguage\":\"cs\",\"@id\":\"https:\/\/luxurymagazine.cz\/#\/schema\/logo\/image\/\",\"url\":\"https:\/\/luxurymagazine.cz\/wp-content\/uploads\/2024\/12\/cropped-Logo_LuxuryMagazine-1.jpg\",\"contentUrl\":\"https:\/\/luxurymagazine.cz\/wp-content\/uploads\/2024\/12\/cropped-Logo_LuxuryMagazine-1.jpg\",\"width\":934,\"height\":509,\"caption\":\"LUXURYMAGAZINE.cz\"},\"image\":{\"@id\":\"https:\/\/luxurymagazine.cz\/#\/schema\/logo\/image\/\"}},{\"@type\":\"Person\",\"@id\":\"https:\/\/luxurymagazine.cz\/#\/schema\/person\/900281a2a290470de69f4ca1ff899a92\",\"name\":\"Mikol\u00e1\u0161ek (\u0161\u00e9fredaktor HMG)\",\"image\":{\"@type\":\"ImageObject\",\"inLanguage\":\"cs\",\"@id\":\"https:\/\/luxurymagazine.cz\/#\/schema\/person\/image\/\",\"url\":\"https:\/\/secure.gravatar.com\/avatar\/1c8a35f186d8baabb0513b2bdd8e53cd?s=96&d=mm&r=g\",\"contentUrl\":\"https:\/\/secure.gravatar.com\/avatar\/1c8a35f186d8baabb0513b2bdd8e53cd?s=96&d=mm&r=g\",\"caption\":\"Mikol\u00e1\u0161ek (\u0161\u00e9fredaktor HMG)\"},\"url\":\"https:\/\/luxurymagazine.cz\/index.php\/author\/ivomik\/\"}]}<\/script>\n<!-- \/ Yoast SEO plugin. -->","yoast_head_json":{"title":"Lexus zve\u0159ejnil dechberouc\u00ed fotky a video elektrick\u00e9ho sportovn\u00edho modelu - LUXURYMAGAZINE.cz","robots":{"index":"index","follow":"follow","max-snippet":"max-snippet:-1","max-image-preview":"max-image-preview:large","max-video-preview":"max-video-preview:-1"},"canonical":"https:\/\/luxurymagazine.cz\/index.php\/2022\/02\/17\/lexus-zverejnil-dechberouci-fotky-a-video-elektrickeho-sportovniho-modelu\/","og_locale":"cs_CZ","og_type":"article","og_title":"Lexus zve\u0159ejnil dechberouc\u00ed fotky a video elektrick\u00e9ho sportovn\u00edho modelu - LUXURYMAGAZINE.cz","og_description":"Lexus zve\u0159ejnil sn\u00edmky a animace nov\u00e9ho sportovn\u00edho vozu p\u0159\u00ed\u0161t\u00ed generace s bateriov\u00fdm elektrick\u00fdm pohonem. Nov\u00fd model bude sou\u010d\u00e1st\u00ed kompletn\u00ed \u0159ady bateriov\u00fdch elektromobil\u016f, kter\u00e9 Lexus uvede do roku 2030 v r\u00e1mci sv\u00e9 vize Lexus Electrified. Zrychlen\u00ed z nuly na 100 km\/h bude jen lehce p\u0159esahovat dv\u011b sekundy a dojezd d\u00edky mo\u017enosti instalace polovodi\u010dov\u00fdch bateri\u00ed p\u0159ekro\u010d\u00ed 700 [&hellip;]","og_url":"https:\/\/luxurymagazine.cz\/index.php\/2022\/02\/17\/lexus-zverejnil-dechberouci-fotky-a-video-elektrickeho-sportovniho-modelu\/","og_site_name":"LUXURYMAGAZINE.cz","article_published_time":"2022-02-16T23:01:00+00:00","article_modified_time":"2022-04-21T23:57:12+00:00","og_image":[{"width":1331,"height":791,"url":"https:\/\/luxurymagazine.cz\/wp-content\/uploads\/2022\/02\/stillimage4-16x9_TTL.jpg","type":"image\/jpeg"}],"author":"Mikol\u00e1\u0161ek (\u0161\u00e9fredaktor HMG)","twitter_card":"summary_large_image","twitter_misc":{"Napsal(a)":"Mikol\u00e1\u0161ek (\u0161\u00e9fredaktor HMG)","Odhadovan\u00e1 doba \u010dten\u00ed":"1 minuta"},"schema":{"@context":"https:\/\/schema.org","@graph":[{"@type":"Article","@id":"https:\/\/luxurymagazine.cz\/index.php\/2022\/02\/17\/lexus-zverejnil-dechberouci-fotky-a-video-elektrickeho-sportovniho-modelu\/#article","isPartOf":{"@id":"https:\/\/luxurymagazine.cz\/index.php\/2022\/02\/17\/lexus-zverejnil-dechberouci-fotky-a-video-elektrickeho-sportovniho-modelu\/"},"author":{"name":"Mikol\u00e1\u0161ek (\u0161\u00e9fredaktor HMG)","@id":"https:\/\/luxurymagazine.cz\/#\/schema\/person\/900281a2a290470de69f4ca1ff899a92"},"headline":"Lexus zve\u0159ejnil dechberouc\u00ed fotky a video elektrick\u00e9ho sportovn\u00edho modelu","datePublished":"2022-02-16T23:01:00+00:00","dateModified":"2022-04-21T23:57:12+00:00","mainEntityOfPage":{"@id":"https:\/\/luxurymagazine.cz\/index.php\/2022\/02\/17\/lexus-zverejnil-dechberouci-fotky-a-video-elektrickeho-sportovniho-modelu\/"},"wordCount":191,"publisher":{"@id":"https:\/\/luxurymagazine.cz\/#organization"},"articleSection":["AUTO &amp; MOTO &amp; LOD\u011a","NEWS","TIPY &amp; TRENDY"],"inLanguage":"cs"},{"@type":"WebPage","@id":"https:\/\/luxurymagazine.cz\/index.php\/2022\/02\/17\/lexus-zverejnil-dechberouci-fotky-a-video-elektrickeho-sportovniho-modelu\/","url":"https:\/\/luxurymagazine.cz\/index.php\/2022\/02\/17\/lexus-zverejnil-dechberouci-fotky-a-video-elektrickeho-sportovniho-modelu\/","name":"Lexus zve\u0159ejnil dechberouc\u00ed fotky a video elektrick\u00e9ho sportovn\u00edho modelu - LUXURYMAGAZINE.cz","isPartOf":{"@id":"https:\/\/luxurymagazine.cz\/#website"},"datePublished":"2022-02-16T23:01:00+00:00","dateModified":"2022-04-21T23:57:12+00:00","breadcrumb":{"@id":"https:\/\/luxurymagazine.cz\/index.php\/2022\/02\/17\/lexus-zverejnil-dechberouci-fotky-a-video-elektrickeho-sportovniho-modelu\/#breadcrumb"},"inLanguage":"cs","potentialAction":[{"@type":"ReadAction","target":["https:\/\/luxurymagazine.cz\/index.php\/2022\/02\/17\/lexus-zverejnil-dechberouci-fotky-a-video-elektrickeho-sportovniho-modelu\/"]}]},{"@type":"BreadcrumbList","@id":"https:\/\/luxurymagazine.cz\/index.php\/2022\/02\/17\/lexus-zverejnil-dechberouci-fotky-a-video-elektrickeho-sportovniho-modelu\/#breadcrumb","itemListElement":[{"@type":"ListItem","position":1,"name":"Dom\u016f","item":"https:\/\/luxurymagazine.cz\/"},{"@type":"ListItem","position":2,"name":"Lexus zve\u0159ejnil dechberouc\u00ed fotky a video elektrick\u00e9ho sportovn\u00edho modelu"}]},{"@type":"WebSite","@id":"https:\/\/luxurymagazine.cz\/#website","url":"https:\/\/luxurymagazine.cz\/","name":"LUXURYMAGAZINE.cz","description":"Port\u00e1l v\u00fdhradn\u011b o luxusu...","publisher":{"@id":"https:\/\/luxurymagazine.cz\/#organization"},"potentialAction":[{"@type":"SearchAction","target":{"@type":"EntryPoint","urlTemplate":"https:\/\/luxurymagazine.cz\/?s={search_term_string}"},"query-input":"required name=search_term_string"}],"inLanguage":"cs"},{"@type":"Organization","@id":"https:\/\/luxurymagazine.cz\/#organization","name":"LUXURYMAGAZINE.cz","url":"https:\/\/luxurymagazine.cz\/","logo":{"@type":"ImageObject","inLanguage":"cs","@id":"https:\/\/luxurymagazine.cz\/#\/schema\/logo\/image\/","url":"https:\/\/luxurymagazine.cz\/wp-content\/uploads\/2024\/12\/cropped-Logo_LuxuryMagazine-1.jpg","contentUrl":"https:\/\/luxurymagazine.cz\/wp-content\/uploads\/2024\/12\/cropped-Logo_LuxuryMagazine-1.jpg","width":934,"height":509,"caption":"LUXURYMAGAZINE.cz"},"image":{"@id":"https:\/\/luxurymagazine.cz\/#\/schema\/logo\/image\/"}},{"@type":"Person","@id":"https:\/\/luxurymagazine.cz\/#\/schema\/person\/900281a2a290470de69f4ca1ff899a92","name":"Mikol\u00e1\u0161ek (\u0161\u00e9fredaktor HMG)","image":{"@type":"ImageObject","inLanguage":"cs","@id":"https:\/\/luxurymagazine.cz\/#\/schema\/person\/image\/","url":"https:\/\/secure.gravatar.com\/avatar\/1c8a35f186d8baabb0513b2bdd8e53cd?s=96&d=mm&r=g","contentUrl":"https:\/\/secure.gravatar.com\/avatar\/1c8a35f186d8baabb0513b2bdd8e53cd?s=96&d=mm&r=g","caption":"Mikol\u00e1\u0161ek (\u0161\u00e9fredaktor HMG)"},"url":"https:\/\/luxurymagazine.cz\/index.php\/author\/ivomik\/"}]}},"_links":{"self":[{"href":"https:\/\/luxurymagazine.cz\/index.php\/wp-json\/wp\/v2\/posts\/2194"}],"collection":[{"href":"https:\/\/luxurymagazine.cz\/index.php\/wp-json\/wp\/v2\/posts"}],"about":[{"href":"https:\/\/luxurymagazine.cz\/index.php\/wp-json\/wp\/v2\/types\/post"}],"author":[{"embeddable":true,"href":"https:\/\/luxurymagazine.cz\/index.php\/wp-json\/wp\/v2\/users\/1"}],"replies":[{"embeddable":true,"href":"https:\/\/luxurymagazine.cz\/index.php\/wp-json\/wp\/v2\/comments?post=2194"}],"version-history":[{"count":-4,"href":"https:\/\/luxurymagazine.cz\/index.php\/wp-json\/wp\/v2\/posts\/2194\/revisions"}],"wp:featuredmedia":[{"embeddable":true,"href":"https:\/\/luxurymagazine.cz\/index.php\/wp-json\/wp\/v2\/media\/2196"}],"wp:attachment":[{"href":"https:\/\/luxurymagazine.cz\/index.php\/wp-json\/wp\/v2\/media?parent=2194"}],"wp:term":[{"taxonomy":"category","embeddable":true,"href":"https:\/\/luxurymagazine.cz\/index.php\/wp-json\/wp\/v2\/categories?post=2194"},{"taxonomy":"post_tag","embeddable":true,"href":"https:\/\/luxurymagazine.cz\/index.php\/wp-json\/wp\/v2\/tags?post=2194"}],"curies":[{"name":"wp","href":"https:\/\/api.w.org\/{rel}","templated":true}]}}