{"id":2242,"date":"2022-03-04T00:12:00","date_gmt":"2022-03-03T23:12:00","guid":{"rendered":"https:\/\/luxurymagazine.cz\/?p=2242"},"modified":"2022-05-04T23:18:41","modified_gmt":"2022-05-04T21:18:41","slug":"yit-v-roce-2021-prodala-pres-350-bytu-a-jeji-obrat-se-opet-blizi-ke-2-miliardam-korun","status":"publish","type":"post","link":"https:\/\/luxurymagazine.cz\/index.php\/2022\/03\/04\/yit-v-roce-2021-prodala-pres-350-bytu-a-jeji-obrat-se-opet-blizi-ke-2-miliardam-korun\/","title":{"rendered":"YIT v roce 2021 prodala p\u0159es 350 byt\u016f a jej\u00ed obrat se op\u011bt bl\u00ed\u017e\u00ed ke 2 miliard\u00e1m korun"},"content":{"rendered":"\n<p><strong>Navzdory p\u0159etrv\u00e1vaj\u00edc\u00ed pandemii koronaviru a zdra\u017eov\u00e1n\u00ed na poli realit spole\u010dnost YIT za rok 2021 nav\u00fd\u0161ila oproti tomu p\u0159edchoz\u00edmu po\u010det prodan\u00fdch byt\u016f o t\u00e9m\u011b\u0159 20% \u2013 dohromady se jednalo o\u00a0352 nov\u00fdch jednotek. T\u00edm dos\u00e1hla celkov\u00e9ho obratu bl\u00ed\u017e\u00edc\u00edho se 2 miliard\u00e1m korun. V\u00a0realizaci m\u00e1 aktu\u00e1ln\u011b 5 projekt\u016f: Parvi Cibulka, Koti Libe\u0148, Vesi Hostiva\u0159, Suomi Hloub\u011bt\u00edn a Lappi Hloub\u011bt\u00edn. V leto\u0161n\u00edm roce pl\u00e1nuje zah\u00e1jit v\u00fdstavbu a d\u00e1t do prodeje v\u00edce ne\u017e 600 byt\u016f. Nov\u00e9 projekty chyst\u00e1 nap\u0159\u00edklad v\u00a0Praze 5, 9, 11, 12 a 15 a uva\u017euje tak\u00e9 o\u00a0lokalit\u00e1ch v bl\u00edzkosti hlavn\u00edho m\u011bsta. Podle nadn\u00e1rodn\u00ed strategie nad\u00e1le db\u00e1 na ekologick\u00e9 aspekty a sni\u017eov\u00e1n\u00ed emis\u00ed CO<\/strong><sub><strong>2<\/strong><\/sub><strong>, kdy chce do roku 2030 zmen\u0161it svou uhl\u00edkovou stopu na polovinu z\u00a0\u00farovn\u011b roku 2019. YIT tak neust\u00e1le pracuje na zlep\u0161en\u00ed, aby projekty byly z\u00a0environment\u00e1ln\u00edho hlediska je\u0161t\u011b \u0161etrn\u011bj\u0161\u00ed. Zav\u00e1d\u00ed proto nov\u00e9 prvky &#8211; kup\u0159\u00edkladu v\u00fdstavbu z betonu z\u00a0recyklovan\u00e9ho kameniva.<\/strong><\/p>\n\n\n\n<div style=\"height:20px\" aria-hidden=\"true\" class=\"wp-block-spacer\"><\/div>\n\n\n\n<figure class=\"wp-block-image size-large\"><img decoding=\"async\" loading=\"lazy\" width=\"1021\" height=\"657\" src=\"https:\/\/luxurymagazine.cz\/wp-content\/uploads\/2022\/03\/YIT_Lappi-Hloubetin_Ranua_vizualizace_exterier_02.jpg\" alt=\"\" class=\"wp-image-2243\" srcset=\"https:\/\/luxurymagazine.cz\/wp-content\/uploads\/2022\/03\/YIT_Lappi-Hloubetin_Ranua_vizualizace_exterier_02.jpg 1021w, https:\/\/luxurymagazine.cz\/wp-content\/uploads\/2022\/03\/YIT_Lappi-Hloubetin_Ranua_vizualizace_exterier_02-300x193.jpg 300w, https:\/\/luxurymagazine.cz\/wp-content\/uploads\/2022\/03\/YIT_Lappi-Hloubetin_Ranua_vizualizace_exterier_02-768x494.jpg 768w\" sizes=\"(max-width: 1021px) 100vw, 1021px\" \/><\/figure>\n\n\n\n<div style=\"height:21px\" aria-hidden=\"true\" class=\"wp-block-spacer\"><\/div>\n\n\n\n<p>\u201e<em>Rok 2021 hodnot\u00edm z&nbsp;na\u0161eho pohledu velmi kladn\u011b, poda\u0159ilo se n\u00e1m dos\u00e1hnout v\u00fdborn\u00fdch v\u00fdsledk\u016f prodej\u016f i obratu. Tak\u00e9 jsme usilovn\u011b pracovali na p\u0159\u00edprav\u00e1ch dal\u0161\u00edch projekt\u016f, abychom mohli reagovat na zv\u00fd\u0161enou popt\u00e1vku po bydlen\u00ed, kter\u00e1 st\u00e1le panuje i p\u0159es vysok\u00e9 ceny nemovitost\u00ed a zvy\u0161uj\u00edc\u00ed se \u00farokov\u00e9 sazby hypot\u00e9k. Prom\u00edt\u00e1 se do n\u00ed samoz\u0159ejm\u011b velk\u00fd z\u00e1jem investor\u016f od drobn\u00fdch po ty v\u011bt\u0161\u00ed, kte\u0159\u00ed v nejist\u00fdch dob\u00e1ch preferuj\u00ed dlouhodob\u00fd a bezpe\u010dn\u00fd zp\u016fsob, jak ulo\u017eit a&nbsp;zhodnotit sv\u00e9 pen\u00edze. Investice do bytu se \u0159ad\u00ed k t\u011bm nejstabiln\u011bj\u0161\u00edm, nemovitosti toti\u017e v&nbsp;del\u0161\u00edm \u010dasov\u00e9m horizontu neztr\u00e1c\u00ed na hodnot\u011b,\u201c<\/em> komentuje gener\u00e1ln\u00ed \u0159editel&nbsp;YIT Stavo&nbsp;Marek Lokaj a&nbsp;dod\u00e1v\u00e1: <em>\u201eV&nbsp;leto\u0161n\u00edm roce o\u010dek\u00e1v\u00e1me, \u017ee se ceny byt\u016f v&nbsp;Praze budou d\u00e1le zvy\u0161ovat, av\u0161ak jejich r\u016fst u\u017e nebude tak dramatick\u00fd. Bude kop\u00edrovat zdra\u017eov\u00e1n\u00ed stavebn\u00edch prac\u00ed a&nbsp;materi\u00e1l\u016f, nicm\u00e9n\u011b z\u00e1rove\u0148 zohledn\u00ed maxim\u00e1ln\u00ed dostupnost pro potenci\u00e1ln\u00ed kupuj\u00edc\u00ed. Klienti, kte\u0159\u00ed budou pro n\u00e1kup nemovitosti pot\u0159ebovat hypot\u00e9ku, se letos budou pot\u00fdkat s&nbsp;rostouc\u00edmi \u00faroky i&nbsp;s&nbsp;pl\u00e1novan\u00fdmi omezen\u00edmi pro z\u00edsk\u00e1n\u00ed \u00fav\u011bru.\u201c<\/em><\/p>\n\n\n\n<div style=\"height:22px\" aria-hidden=\"true\" class=\"wp-block-spacer\"><\/div>\n\n\n\n<figure class=\"wp-block-image size-large\"><img decoding=\"async\" src=\"https:\/\/homemagazine.cz\/wp-content\/uploads\/2022\/03\/YIT_Parvi_Cibulka_vizualizace_exterier_01-840x525.jpg\" alt=\"\" class=\"wp-image-3186\"\/><\/figure>\n\n\n\n<div style=\"height:22px\" aria-hidden=\"true\" class=\"wp-block-spacer\"><\/div>\n\n\n\n<h2 class=\"wp-block-heading\"><strong>Slu\u017eby n\u00e1jemn\u00edho bydlen\u00ed YIT ji\u017e nebude provozovat<\/strong><\/h2>\n\n\n\n<div style=\"height:22px\" aria-hidden=\"true\" class=\"wp-block-spacer\"><\/div>\n\n\n\n<p><em>Projekt Parvi Cibulka<\/em> <a href=\"https:\/\/www.yit.cz\/\">YIT<\/a> nyn\u00ed p\u0159istoupila ke zm\u011bn\u011b sv\u00e9 korpor\u00e1tn\u00ed strategie \u2013 nad\u00e1le ji\u017e nenab\u00edz\u00ed slu\u017eby spojen\u00e9 s&nbsp;n\u00e1jemn\u00edm bydlen\u00edm, ale bude se pln\u011b soust\u0159edit na sv\u016fj hlavn\u00ed byznys, tedy v\u00fdstavbu a prodej bytov\u00fdch a&nbsp;polyfunk\u010dn\u00edch objekt\u016f.<em> \u201eV&nbsp;\u010cesku proto intenzivn\u011b p\u0159ipravujeme p\u0159edev\u0161\u00edm dal\u0161\u00ed nov\u00e9 reziden\u010dn\u00ed projekty ur\u010den\u00e9 k&nbsp;prodeji \u0161irok\u00e9 ve\u0159ejnosti. Na tomto poli se dlouhodob\u011b \u0159ad\u00edme mezi p\u011bt nejsiln\u011bj\u0161\u00edch developer\u016f. Pro leto\u0161n\u00ed rok m\u00e1me v&nbsp;pl\u00e1nu uv\u00e9st na trh p\u0159es 600 byt\u016f v&nbsp;r\u016fzn\u00fdch pra\u017esk\u00fdch lokalit\u00e1ch. V&nbsp;p\u0159\u00edpad\u011b z\u00e1jmu institucion\u00e1ln\u00edch investor\u016f o n\u00e1kup bytov\u00fdch dom\u016f jako celku jsme p\u0159ipraveni ke spolupr\u00e1ci, nicm\u00e9n\u011b nebudeme nab\u00edzet slu\u017eby souvisej\u00edc\u00ed s&nbsp;pron\u00e1jmem a spr\u00e1vou nemovitost\u00ed,\u201c <\/em>vysv\u011btluje gener\u00e1ln\u00ed \u0159editel YIT Stavo.<\/p>\n\n\n\n<div style=\"height:22px\" aria-hidden=\"true\" class=\"wp-block-spacer\"><\/div>\n\n\n\n<figure class=\"wp-block-image size-large\"><img decoding=\"async\" src=\"https:\/\/homemagazine.cz\/wp-content\/uploads\/2022\/03\/YIT_Koti-Liben_vizualizace_exterier-840x386.jpg\" alt=\"\" class=\"wp-image-3180\"\/><\/figure>\n\n\n\n<div style=\"height:22px\" aria-hidden=\"true\" class=\"wp-block-spacer\"><\/div>\n\n\n\n<h3 class=\"wp-block-heading\"><strong>V&nbsp;roce 2021 YIT spustila dva velk\u00e9 projekty, v&nbsp;leto\u0161n\u00edm d\u00e1 na trh p\u0159es 600 byt\u016f<\/strong><\/h3>\n\n\n\n<div style=\"height:23px\" aria-hidden=\"true\" class=\"wp-block-spacer\"><\/div>\n\n\n\n<p>Barrandov. V pra\u017esk\u00fdch Ko\u0161\u00ed\u0159\u00edch pak dokon\u010dil hrubou stavbu <a href=\"https:\/\/www.yit.cz\/prodej-bytu\/praha\/praha-5\/parvi-cibulka\">Parvi Cibulka<\/a>\u2013 jde op\u0159estavbu b\u00fdval\u00e9 tov\u00e1rny Meopta na 150 byt\u016f loftov\u00e9ho typu. Fin\u00e1ln\u00ed kolaudace jednotek je pl\u00e1nov\u00e1na na leto\u0161n\u00ed l\u00e9to a nov\u00ed obyvatel\u00e9 se budou moct st\u011bhovat koncem roku. Do f\u00e1ze hrub\u00e9 stavby se na sklonku lo\u0148sk\u00e9ho roku posunul tak\u00e9 projekt <a href=\"https:\/\/www.yit.cz\/prodej-bytu\/praha\/praha-8\/koti-liben\">Koti Libe\u0148<\/a> se 140 n\u00edzkoenergetick\u00fdmi byty, dv\u011bma ateli\u00e9ry a jedn\u00edm komer\u010dn\u00edm prostorem. Ke kolaudaci by m\u011blo doj\u00edt na ja\u0159e roku 2023.<\/p>\n\n\n\n<p><em>Projekt Lappi Hloub\u011bt\u00edn<\/em> Co se t\u00fd\u010de dosud nejv\u011bt\u0161\u00edho projektu YIT Suomi Hloub\u011bt\u00edn, byla zde zkolaudov\u00e1na dev\u00e1t\u00e1 z deseti etap a tak\u00e9 mate\u0159sk\u00e1 \u0161kola podle n\u00e1vrhu finsk\u00e9ho architekta Jyrkiho Tasy. V&nbsp;t\u011bsn\u00e9m sousedstv\u00ed tohoto are\u00e1lu byla zah\u00e1jena v\u00fdstavba projektu <a href=\"https:\/\/www.yit.cz\/prodej-bytu\/praha\/praha-9\/lappi-hloubetin\">Lappi Hloub\u011bt\u00edn<\/a>, kter\u00fd zahrne t\u00e9m\u011b\u0159 290&nbsp;n\u00edzkoenergetick\u00fdch byt\u016f ve finsk\u00e9m stylu ve t\u0159ech etap\u00e1ch a komer\u010dn\u00ed plochy. Do prodeje ji\u017e developer nab\u00eddl 98 byt\u016f v&nbsp;etap\u011b <a href=\"https:\/\/www.yit.cz\/prodej-bytu\/praha\/praha-9\/lappi-hloubetin\/kemi#df\">Kemi<\/a> a 111 v etap\u011b <a href=\"https:\/\/www.yit.cz\/prodej-bytu\/praha\/praha-9\/lappi-hloubetin\/ranua#df\">Ranua<\/a>. Jejich dokon\u010den\u00ed je pl\u00e1nov\u00e1no na t\u0159et\u00ed \u010dtvrtlet\u00ed roku 2023. A&nbsp;letos chyst\u00e1 spustit prodej i&nbsp;79&nbsp;jednotek etapy Tornio. Tato solit\u00e9rn\u00ed v\u011b\u017eov\u00e1 budova se t\u0159in\u00e1cti nadzemn\u00edmi podla\u017e\u00edmi vyroste v pomysln\u00e9m st\u0159edu komplexu. Dokon\u010dena by m\u011bla b\u00fdt koncem roku 2023.<\/p>\n\n\n\n<p>YIT zah\u00e1jila stavbu rovn\u011b\u017e na brownfieldu v lokalit\u011b Prahy 15. Zrevitalizuje tu zanedban\u00e9 \u00fazem\u00ed b\u00fdval\u00e9ho pr\u016fmyslov\u00e9ho are\u00e1lu pily \u201eKaplan&#8220; a postav\u00ed zde nov\u00fd projekt <a href=\"https:\/\/www.yit.cz\/prodej-bytu\/praha\/praha-15\/vesi-hostivar\">Vesi Hostiva\u0159<\/a>, jeho\u017e 208 jednotek apartm\u00e1nov\u00e9ho typu je u\u017e tak\u00e9 v prodeji. V\u00fdstavba by m\u011bla fini\u0161ovat na podzim roku 2023.<\/p>\n\n\n\n<div style=\"height:22px\" aria-hidden=\"true\" class=\"wp-block-spacer\"><\/div>\n\n\n\n<figure class=\"wp-block-image size-large\"><img decoding=\"async\" src=\"https:\/\/homemagazine.cz\/wp-content\/uploads\/2022\/03\/YIT_Lappi-Hloubetin_Kemi_Ranua_vizualizace_exterier-840x540.jpg\" alt=\"\" class=\"wp-image-3181\"\/><\/figure>\n\n\n\n<div style=\"height:22px\" aria-hidden=\"true\" class=\"wp-block-spacer\"><\/div>\n\n\n\n<h2 class=\"wp-block-heading\"><strong>D\u016fraz na ekologi\u010dt\u011bj\u0161\u00ed a efektivn\u011bj\u0161\u00ed v\u00fdstavbu<\/strong><\/h2>\n\n\n\n<div style=\"height:22px\" aria-hidden=\"true\" class=\"wp-block-spacer\"><\/div>\n\n\n\n<p><em>Projekt Vesi Hostiva\u0159<\/em> \u0160etrnost k \u017eivotn\u00edmu prost\u0159ed\u00ed je jedn\u00edm z kl\u00ed\u010dov\u00fdch prvk\u016f filozofie YIT a v korpor\u00e1tn\u00ed strategii je vyty\u010deno n\u011bkolik environment\u00e1ln\u00edch c\u00edl\u016f. Pro jejich dosa\u017een\u00ed se firma sna\u017e\u00ed nap\u0159\u00edklad vyu\u017e\u00edvat materi\u00e1ly s&nbsp;minim\u00e1ln\u00ed z\u00e1t\u011b\u017e\u00ed. Hodl\u00e1 proto pou\u017e\u00edvat takzvan\u00fd \u201azelen\u00fd\u2018 beton, jen\u017e \u0161et\u0159\u00ed p\u0159\u00edrodn\u00ed zdroje a sni\u017euje uhl\u00edkovou stopu \u2013 v&nbsp;komplexu Vesi Hostiva\u0159 jeho za\u010dlen\u011bn\u00edm dojde ke sn\u00ed\u017een\u00ed emis\u00ed CO<sub>2<\/sub> o t\u00e9m\u011b\u0159 3 %. Co se t\u00fd\u010de dal\u0161\u00edch ekologick\u00fdch \u0159e\u0161en\u00ed, krom\u011b implementace prvk\u016f \u0161etrn\u00e9ho nakl\u00e1d\u00e1n\u00ed s&nbsp;vodou YIT do sv\u00fdch projekt\u016f d\u00e1le za\u0159azuje mj. syst\u00e9my \u0159\u00edzen\u00e9ho v\u011btr\u00e1n\u00ed s&nbsp;rekuperac\u00ed, fotovoltaick\u00e9 panely \u010di tepeln\u00e1 \u010derpadla.<\/p>\n\n\n\n<p>\u201e<em>Ekologick\u00e1, tzv. zelen\u00e1 v\u00fdstavba p\u0159edstavuje zp\u016fsob, jak chr\u00e1nit p\u0159\u00edrodu a \u017eivotn\u00ed prost\u0159ed\u00ed. Ale hlavn\u011b tak\u00e9 p\u0159in\u00e1\u0161\u00ed komfortn\u011bj\u0161\u00ed a zdrav\u011bj\u0161\u00ed bydlen\u00ed pro sv\u00e9 obyvatele. A my ze strany na\u0161ich klient\u016f rozhodn\u011b pozorujeme, \u017ee se o energetickou \u00faspornost a&nbsp;environment\u00e1ln\u00ed \u0161etrnost vybran\u00e9ho bydlen\u00ed zaj\u00edmaj\u00ed st\u00e1le v\u00edce,\u201c<\/em> popisuje Marek Lokaj.<\/p>\n\n\n\n<div style=\"height:22px\" aria-hidden=\"true\" class=\"wp-block-spacer\"><\/div>\n\n\n\n<figure class=\"wp-block-image size-large\"><img decoding=\"async\" src=\"https:\/\/homemagazine.cz\/wp-content\/uploads\/2022\/03\/YIT_Vesi-Hostivar_vizualizace_exterier-840x472.jpg\" alt=\"\" class=\"wp-image-3182\"\/><\/figure>\n\n\n\n<div style=\"height:22px\" aria-hidden=\"true\" class=\"wp-block-spacer\"><\/div>\n\n\n\n<h2 class=\"wp-block-heading\"><strong>YIT jde cestou pokrokov\u00fdch metod a postup\u016f, za\u010dala s prefabrikac\u00ed<\/strong><\/h2>\n\n\n\n<div style=\"height:23px\" aria-hidden=\"true\" class=\"wp-block-spacer\"><\/div>\n\n\n\n<p>Stavebnictv\u00ed se v&nbsp;posledn\u00edch letech pot\u00fdk\u00e1 s&nbsp;nedostatkem pracovn\u00edch sil a na rozd\u00edl od jin\u00fdch pr\u016fmyslov\u00fdch obor\u016f se do n\u011bj moc neprom\u00edt\u00e1 ani pokrok v&nbsp;oblasti automatizace a robotizace. <em>\u201ePr\u016fmysl 4.0, kter\u00fd m\u016f\u017ee d\u00edky automatizovan\u00fdm postup\u016fm a metod\u00e1m p\u0159in\u00e9st v\u00fdrazn\u011b efektivn\u011bj\u0161\u00ed v\u00fdrobu, v\u00fdstavbu v&nbsp;\u010cesku zat\u00edm bohu\u017eel p\u0159\u00edli\u0161 nezas\u00e1hl. My ov\u0161em vn\u00edm\u00e1me, \u017ee toto je cesta budoucnosti i ve stavebnictv\u00ed. A proto\u017ee m\u00e1me vlastn\u00ed bohat\u00e9 know-how mate\u0159sk\u00e9 spole\u010dnosti z&nbsp;Finska, chceme ho p\u0159in\u00e1\u0161et na \u010desk\u00fd stavebn\u00ed trh a do projekt\u016f YIT v\u00edce zapojit metody off-site construction, tedy v\u00fdroby stavebn\u00edch prvk\u016f v&nbsp;tov\u00e1rn\u00e1ch mimo staveni\u0161t\u011b. Bude to m\u00edt p\u0159\u00edm\u00fd dopad na urychlen\u00ed v\u00fdstavby, sn\u00ed\u017een\u00ed pot\u0159eby mno\u017estv\u00ed lid\u00ed na stavb\u00e1ch a&nbsp;v&nbsp;neposledn\u00ed \u0159ad\u011b rychlej\u0161\u00ed realizaci byt\u016f a p\u0159ed\u00e1n\u00ed kone\u010dn\u00e9mu u\u017eivateli,\u201c <\/em>p\u0159edpov\u00edd\u00e1 Marek Lokaj. YIT se proto ji\u017e rozhodla pro d\u00edl\u010d\u00ed vyu\u017eit\u00ed technologie prostorov\u00e9 prefabrikace a stala se tak v&nbsp;t\u00e9to oblasti l\u00eddrem na developersk\u00e9m trhu. Prefabrikovan\u00e9 koupelny se dnes u\u017e instaluj\u00ed nap\u0159\u00edklad do v\u011bt\u0161iny byt\u016f v&nbsp;etap\u00e1ch Kemi a Ranua projektu Lappi Hloub\u011bt\u00edn. Vyr\u00e1b\u011bj\u00ed se pod p\u0159\u00edsn\u00fdm dohledem v tov\u00e1rn\u011b, kde se kompletn\u011b p\u0159iprav\u00ed v\u010detn\u011b obklad\u016f a&nbsp;za\u0159izovac\u00edch p\u0159edm\u011bt\u016f. Na stavbu se pak dovezou jako hotov\u00fd modul a n\u00e1sledn\u011b se vsad\u00ed do rozestav\u011bn\u00e9ho bytu. D\u00edky pr\u00e1ci v?p\u0159\u00edjemn\u011bj\u0161\u00edm a?bezpe\u010dn\u011bj\u0161\u00edm prost\u0159ed\u00ed tov\u00e1rn\u00edho are\u00e1lu se zv\u00fd\u0161\u00ed kvalita a&nbsp;preciznost proveden\u00ed. Proto\u017ee se koupelny vyr\u00e1b\u011bj\u00ed v?n\u011bkolika barevn\u00fdch a designov\u00fdch variant\u00e1ch, klienti tak maj\u00ed u?jednotliv\u00fdch typ\u016f byt\u016f mo\u017enost vybrat si takov\u00fd s?koupelnou podle sv\u00e9ho p\u0159\u00e1n\u00ed.&nbsp;<\/p>\n\n\n\n<p>S pou\u017eit\u00edm prefabrikace po\u010d\u00edt\u00e1 developer rovn\u011b\u017e v dal\u0161\u00edch projektech \u2013 nap\u0159\u00edklad ve Vesi Hostiva\u0159. Tuto inovativn\u00ed technologii chce YIT za\u010d\u00edt vyu\u017e\u00edvat i na \u010d\u00e1st nosn\u00e9 konstrukce domu, zva\u017euje tak\u00e9 balkony zav\u011b\u0161en\u00e9ho typu. V&nbsp;tomto ohledu p\u0159ipravuje pilotn\u00ed projekt.<\/p>\n\n\n\n<div style=\"height:46px\" aria-hidden=\"true\" class=\"wp-block-spacer\"><\/div>\n\n\n\n<figure class=\"wp-block-gallery columns-2 is-cropped wp-block-gallery-1 is-layout-flex wp-block-gallery-is-layout-flex\"><ul class=\"blocks-gallery-grid\"><li class=\"blocks-gallery-item\"><figure><img decoding=\"async\" src=\"https:\/\/homemagazine.cz\/wp-content\/uploads\/2022\/03\/YIT_Koti-Liben_vizualizace_exterier-840x386.jpg\" alt=\"\" data-id=\"3180\" data-link=\"https:\/\/homemagazine.cz\/?attachment_id=3180\" class=\"wp-image-3180\"\/><\/figure><\/li><li class=\"blocks-gallery-item\"><figure><img decoding=\"async\" src=\"https:\/\/homemagazine.cz\/wp-content\/uploads\/2022\/03\/YIT_Parvi_Cibulka_vizualizace_exterier_02-840x525.jpg\" alt=\"\" data-id=\"3187\" data-full-url=\"https:\/\/homemagazine.cz\/wp-content\/uploads\/2022\/03\/YIT_Parvi_Cibulka_vizualizace_exterier_02.jpg\" data-link=\"https:\/\/homemagazine.cz\/?attachment_id=3187\" class=\"wp-image-3187\"\/><\/figure><\/li><li class=\"blocks-gallery-item\"><figure><img decoding=\"async\" src=\"https:\/\/homemagazine.cz\/wp-content\/uploads\/2022\/03\/YIT_Vesi-Hostivar_vizualizace_exterier-840x472.jpg\" alt=\"\" data-id=\"3182\" data-link=\"https:\/\/homemagazine.cz\/?attachment_id=3182\" class=\"wp-image-3182\"\/><\/figure><\/li><li class=\"blocks-gallery-item\"><figure><img decoding=\"async\" src=\"https:\/\/homemagazine.cz\/wp-content\/uploads\/2022\/03\/YIT_Lappi-Hloubetin_Ranua_vizualizace_exterier_02-840x541.jpg\" alt=\"\" data-id=\"3184\" data-full-url=\"https:\/\/homemagazine.cz\/wp-content\/uploads\/2022\/03\/YIT_Lappi-Hloubetin_Ranua_vizualizace_exterier_02.jpg\" data-link=\"https:\/\/homemagazine.cz\/?attachment_id=3184\" class=\"wp-image-3184\"\/><\/figure><\/li><li class=\"blocks-gallery-item\"><figure><img decoding=\"async\" src=\"https:\/\/homemagazine.cz\/wp-content\/uploads\/2022\/03\/YIT_Lappi-Hloubetin_Kemi_Ranua_vizualizace_exterier-840x540.jpg\" alt=\"\" data-id=\"3181\" data-link=\"https:\/\/homemagazine.cz\/?attachment_id=3181\" class=\"wp-image-3181\"\/><\/figure><\/li><li class=\"blocks-gallery-item\"><figure><img decoding=\"async\" src=\"https:\/\/homemagazine.cz\/wp-content\/uploads\/2022\/03\/YIT_Parvi_Cibulka_vizualizace_exterier_01-840x525.jpg\" alt=\"\" data-id=\"3186\" data-full-url=\"https:\/\/homemagazine.cz\/wp-content\/uploads\/2022\/03\/YIT_Parvi_Cibulka_vizualizace_exterier_01.jpg\" data-link=\"https:\/\/homemagazine.cz\/?attachment_id=3186\" class=\"wp-image-3186\"\/><\/figure><\/li><\/ul><\/figure>\n\n\n\n<p>Z<strong>droj foto: <\/strong>YIT<\/p>\n\n\n\n<div style=\"height:44px\" aria-hidden=\"true\" class=\"wp-block-spacer\"><\/div>\n","protected":false},"excerpt":{"rendered":"<p>Navzdory p\u0159etrv\u00e1vaj\u00edc\u00ed pandemii koronaviru a zdra\u017eov\u00e1n\u00ed na poli realit spole\u010dnost YIT za rok 2021 nav\u00fd\u0161ila oproti tomu p\u0159edchoz\u00edmu po\u010det prodan\u00fdch byt\u016f o t\u00e9m\u011b\u0159 20% \u2013 dohromady se jednalo o\u00a0352 nov\u00fdch jednotek. T\u00edm dos\u00e1hla celkov\u00e9ho obratu bl\u00ed\u017e\u00edc\u00edho se 2 miliard\u00e1m korun. V\u00a0realizaci m\u00e1 aktu\u00e1ln\u011b 5 projekt\u016f: Parvi Cibulka, Koti Libe\u0148, Vesi Hostiva\u0159, Suomi Hloub\u011bt\u00edn a Lappi [&hellip;]<\/p>\n","protected":false},"author":2,"featured_media":2243,"comment_status":"closed","ping_status":"closed","sticky":false,"template":"","format":"standard","meta":{"_mi_skip_tracking":false,"_monsterinsights_sitenote_active":false,"_monsterinsights_sitenote_note":"","_monsterinsights_sitenote_category":0,"footnotes":""},"categories":[15,5,2],"tags":[],"yoast_head":"<!-- This site is optimized with the Yoast SEO plugin v21.4 - https:\/\/yoast.com\/wordpress\/plugins\/seo\/ -->\n<title>YIT v roce 2021 prodala p\u0159es 350 byt\u016f a jej\u00ed obrat se op\u011bt bl\u00ed\u017e\u00ed ke 2 miliard\u00e1m korun - LUXURYMAGAZINE.cz<\/title>\n<meta name=\"robots\" content=\"index, follow, max-snippet:-1, max-image-preview:large, max-video-preview:-1\" \/>\n<link rel=\"canonical\" href=\"https:\/\/luxurymagazine.cz\/index.php\/2022\/03\/04\/yit-v-roce-2021-prodala-pres-350-bytu-a-jeji-obrat-se-opet-blizi-ke-2-miliardam-korun\/\" \/>\n<meta property=\"og:locale\" content=\"cs_CZ\" \/>\n<meta property=\"og:type\" content=\"article\" \/>\n<meta property=\"og:title\" content=\"YIT v roce 2021 prodala p\u0159es 350 byt\u016f a jej\u00ed obrat se op\u011bt bl\u00ed\u017e\u00ed ke 2 miliard\u00e1m korun - LUXURYMAGAZINE.cz\" \/>\n<meta property=\"og:description\" content=\"Navzdory p\u0159etrv\u00e1vaj\u00edc\u00ed pandemii koronaviru a zdra\u017eov\u00e1n\u00ed na poli realit spole\u010dnost YIT za rok 2021 nav\u00fd\u0161ila oproti tomu p\u0159edchoz\u00edmu po\u010det prodan\u00fdch byt\u016f o t\u00e9m\u011b\u0159 20% \u2013 dohromady se jednalo o\u00a0352 nov\u00fdch jednotek. T\u00edm dos\u00e1hla celkov\u00e9ho obratu bl\u00ed\u017e\u00edc\u00edho se 2 miliard\u00e1m korun. V\u00a0realizaci m\u00e1 aktu\u00e1ln\u011b 5 projekt\u016f: Parvi Cibulka, Koti Libe\u0148, Vesi Hostiva\u0159, Suomi Hloub\u011bt\u00edn a Lappi [&hellip;]\" \/>\n<meta property=\"og:url\" content=\"https:\/\/luxurymagazine.cz\/index.php\/2022\/03\/04\/yit-v-roce-2021-prodala-pres-350-bytu-a-jeji-obrat-se-opet-blizi-ke-2-miliardam-korun\/\" \/>\n<meta property=\"og:site_name\" content=\"LUXURYMAGAZINE.cz\" \/>\n<meta property=\"article:published_time\" content=\"2022-03-03T23:12:00+00:00\" \/>\n<meta property=\"article:modified_time\" content=\"2022-05-04T21:18:41+00:00\" \/>\n<meta property=\"og:image\" content=\"https:\/\/luxurymagazine.cz\/wp-content\/uploads\/2022\/03\/YIT_Lappi-Hloubetin_Ranua_vizualizace_exterier_02.jpg\" \/>\n\t<meta property=\"og:image:width\" content=\"1021\" \/>\n\t<meta property=\"og:image:height\" content=\"657\" \/>\n\t<meta property=\"og:image:type\" content=\"image\/jpeg\" \/>\n<meta name=\"author\" content=\"Jolana Hol\u00e1\u0148ov\u00e1\" \/>\n<meta name=\"twitter:card\" content=\"summary_large_image\" \/>\n<meta name=\"twitter:label1\" content=\"Napsal(a)\" \/>\n\t<meta name=\"twitter:data1\" content=\"Jolana Hol\u00e1\u0148ov\u00e1\" \/>\n\t<meta name=\"twitter:label2\" content=\"Odhadovan\u00e1 doba \u010dten\u00ed\" \/>\n\t<meta name=\"twitter:data2\" content=\"8 minut\" \/>\n<script type=\"application\/ld+json\" class=\"yoast-schema-graph\">{\"@context\":\"https:\/\/schema.org\",\"@graph\":[{\"@type\":\"Article\",\"@id\":\"https:\/\/luxurymagazine.cz\/index.php\/2022\/03\/04\/yit-v-roce-2021-prodala-pres-350-bytu-a-jeji-obrat-se-opet-blizi-ke-2-miliardam-korun\/#article\",\"isPartOf\":{\"@id\":\"https:\/\/luxurymagazine.cz\/index.php\/2022\/03\/04\/yit-v-roce-2021-prodala-pres-350-bytu-a-jeji-obrat-se-opet-blizi-ke-2-miliardam-korun\/\"},\"author\":{\"name\":\"Jolana Hol\u00e1\u0148ov\u00e1\",\"@id\":\"https:\/\/luxurymagazine.cz\/#\/schema\/person\/581f64efd4b5872ac991ea3581f630dc\"},\"headline\":\"YIT v roce 2021 prodala p\u0159es 350 byt\u016f a jej\u00ed obrat se op\u011bt bl\u00ed\u017e\u00ed ke 2 miliard\u00e1m korun\",\"datePublished\":\"2022-03-03T23:12:00+00:00\",\"dateModified\":\"2022-05-04T21:18:41+00:00\",\"mainEntityOfPage\":{\"@id\":\"https:\/\/luxurymagazine.cz\/index.php\/2022\/03\/04\/yit-v-roce-2021-prodala-pres-350-bytu-a-jeji-obrat-se-opet-blizi-ke-2-miliardam-korun\/\"},\"wordCount\":1552,\"publisher\":{\"@id\":\"https:\/\/luxurymagazine.cz\/#organization\"},\"articleSection\":[\"BUSINESS\",\"BYDLEN\u00cd &amp; DESIGN\",\"NEWS\"],\"inLanguage\":\"cs\"},{\"@type\":\"WebPage\",\"@id\":\"https:\/\/luxurymagazine.cz\/index.php\/2022\/03\/04\/yit-v-roce-2021-prodala-pres-350-bytu-a-jeji-obrat-se-opet-blizi-ke-2-miliardam-korun\/\",\"url\":\"https:\/\/luxurymagazine.cz\/index.php\/2022\/03\/04\/yit-v-roce-2021-prodala-pres-350-bytu-a-jeji-obrat-se-opet-blizi-ke-2-miliardam-korun\/\",\"name\":\"YIT v roce 2021 prodala p\u0159es 350 byt\u016f a jej\u00ed obrat se op\u011bt bl\u00ed\u017e\u00ed ke 2 miliard\u00e1m korun - LUXURYMAGAZINE.cz\",\"isPartOf\":{\"@id\":\"https:\/\/luxurymagazine.cz\/#website\"},\"datePublished\":\"2022-03-03T23:12:00+00:00\",\"dateModified\":\"2022-05-04T21:18:41+00:00\",\"breadcrumb\":{\"@id\":\"https:\/\/luxurymagazine.cz\/index.php\/2022\/03\/04\/yit-v-roce-2021-prodala-pres-350-bytu-a-jeji-obrat-se-opet-blizi-ke-2-miliardam-korun\/#breadcrumb\"},\"inLanguage\":\"cs\",\"potentialAction\":[{\"@type\":\"ReadAction\",\"target\":[\"https:\/\/luxurymagazine.cz\/index.php\/2022\/03\/04\/yit-v-roce-2021-prodala-pres-350-bytu-a-jeji-obrat-se-opet-blizi-ke-2-miliardam-korun\/\"]}]},{\"@type\":\"BreadcrumbList\",\"@id\":\"https:\/\/luxurymagazine.cz\/index.php\/2022\/03\/04\/yit-v-roce-2021-prodala-pres-350-bytu-a-jeji-obrat-se-opet-blizi-ke-2-miliardam-korun\/#breadcrumb\",\"itemListElement\":[{\"@type\":\"ListItem\",\"position\":1,\"name\":\"Dom\u016f\",\"item\":\"https:\/\/luxurymagazine.cz\/\"},{\"@type\":\"ListItem\",\"position\":2,\"name\":\"YIT v roce 2021 prodala p\u0159es 350 byt\u016f a jej\u00ed obrat se op\u011bt bl\u00ed\u017e\u00ed ke 2 miliard\u00e1m korun\"}]},{\"@type\":\"WebSite\",\"@id\":\"https:\/\/luxurymagazine.cz\/#website\",\"url\":\"https:\/\/luxurymagazine.cz\/\",\"name\":\"LUXURYMAGAZINE.cz\",\"description\":\"Port\u00e1l v\u00fdhradn\u011b o luxusu...\",\"publisher\":{\"@id\":\"https:\/\/luxurymagazine.cz\/#organization\"},\"potentialAction\":[{\"@type\":\"SearchAction\",\"target\":{\"@type\":\"EntryPoint\",\"urlTemplate\":\"https:\/\/luxurymagazine.cz\/?s={search_term_string}\"},\"query-input\":\"required name=search_term_string\"}],\"inLanguage\":\"cs\"},{\"@type\":\"Organization\",\"@id\":\"https:\/\/luxurymagazine.cz\/#organization\",\"name\":\"LUXURYMAGAZINE.cz\",\"url\":\"https:\/\/luxurymagazine.cz\/\",\"logo\":{\"@type\":\"ImageObject\",\"inLanguage\":\"cs\",\"@id\":\"https:\/\/luxurymagazine.cz\/#\/schema\/logo\/image\/\",\"url\":\"https:\/\/luxurymagazine.cz\/wp-content\/uploads\/2024\/12\/cropped-Logo_LuxuryMagazine-1.jpg\",\"contentUrl\":\"https:\/\/luxurymagazine.cz\/wp-content\/uploads\/2024\/12\/cropped-Logo_LuxuryMagazine-1.jpg\",\"width\":934,\"height\":509,\"caption\":\"LUXURYMAGAZINE.cz\"},\"image\":{\"@id\":\"https:\/\/luxurymagazine.cz\/#\/schema\/logo\/image\/\"}},{\"@type\":\"Person\",\"@id\":\"https:\/\/luxurymagazine.cz\/#\/schema\/person\/581f64efd4b5872ac991ea3581f630dc\",\"name\":\"Jolana Hol\u00e1\u0148ov\u00e1\",\"image\":{\"@type\":\"ImageObject\",\"inLanguage\":\"cs\",\"@id\":\"https:\/\/luxurymagazine.cz\/#\/schema\/person\/image\/\",\"url\":\"https:\/\/secure.gravatar.com\/avatar\/5863c504ed89cd419ff3a5e812c722ff?s=96&d=mm&r=g\",\"contentUrl\":\"https:\/\/secure.gravatar.com\/avatar\/5863c504ed89cd419ff3a5e812c722ff?s=96&d=mm&r=g\",\"caption\":\"Jolana Hol\u00e1\u0148ov\u00e1\"},\"sameAs\":[\"http:\/\/LUXURYMAGAZINE.cz\"],\"url\":\"https:\/\/luxurymagazine.cz\/index.php\/author\/jolhol\/\"}]}<\/script>\n<!-- \/ Yoast SEO plugin. -->","yoast_head_json":{"title":"YIT v roce 2021 prodala p\u0159es 350 byt\u016f a jej\u00ed obrat se op\u011bt bl\u00ed\u017e\u00ed ke 2 miliard\u00e1m korun - LUXURYMAGAZINE.cz","robots":{"index":"index","follow":"follow","max-snippet":"max-snippet:-1","max-image-preview":"max-image-preview:large","max-video-preview":"max-video-preview:-1"},"canonical":"https:\/\/luxurymagazine.cz\/index.php\/2022\/03\/04\/yit-v-roce-2021-prodala-pres-350-bytu-a-jeji-obrat-se-opet-blizi-ke-2-miliardam-korun\/","og_locale":"cs_CZ","og_type":"article","og_title":"YIT v roce 2021 prodala p\u0159es 350 byt\u016f a jej\u00ed obrat se op\u011bt bl\u00ed\u017e\u00ed ke 2 miliard\u00e1m korun - LUXURYMAGAZINE.cz","og_description":"Navzdory p\u0159etrv\u00e1vaj\u00edc\u00ed pandemii koronaviru a zdra\u017eov\u00e1n\u00ed na poli realit spole\u010dnost YIT za rok 2021 nav\u00fd\u0161ila oproti tomu p\u0159edchoz\u00edmu po\u010det prodan\u00fdch byt\u016f o t\u00e9m\u011b\u0159 20% \u2013 dohromady se jednalo o\u00a0352 nov\u00fdch jednotek. T\u00edm dos\u00e1hla celkov\u00e9ho obratu bl\u00ed\u017e\u00edc\u00edho se 2 miliard\u00e1m korun. V\u00a0realizaci m\u00e1 aktu\u00e1ln\u011b 5 projekt\u016f: Parvi Cibulka, Koti Libe\u0148, Vesi Hostiva\u0159, Suomi Hloub\u011bt\u00edn a Lappi [&hellip;]","og_url":"https:\/\/luxurymagazine.cz\/index.php\/2022\/03\/04\/yit-v-roce-2021-prodala-pres-350-bytu-a-jeji-obrat-se-opet-blizi-ke-2-miliardam-korun\/","og_site_name":"LUXURYMAGAZINE.cz","article_published_time":"2022-03-03T23:12:00+00:00","article_modified_time":"2022-05-04T21:18:41+00:00","og_image":[{"width":1021,"height":657,"url":"https:\/\/luxurymagazine.cz\/wp-content\/uploads\/2022\/03\/YIT_Lappi-Hloubetin_Ranua_vizualizace_exterier_02.jpg","type":"image\/jpeg"}],"author":"Jolana Hol\u00e1\u0148ov\u00e1","twitter_card":"summary_large_image","twitter_misc":{"Napsal(a)":"Jolana Hol\u00e1\u0148ov\u00e1","Odhadovan\u00e1 doba \u010dten\u00ed":"8 minut"},"schema":{"@context":"https:\/\/schema.org","@graph":[{"@type":"Article","@id":"https:\/\/luxurymagazine.cz\/index.php\/2022\/03\/04\/yit-v-roce-2021-prodala-pres-350-bytu-a-jeji-obrat-se-opet-blizi-ke-2-miliardam-korun\/#article","isPartOf":{"@id":"https:\/\/luxurymagazine.cz\/index.php\/2022\/03\/04\/yit-v-roce-2021-prodala-pres-350-bytu-a-jeji-obrat-se-opet-blizi-ke-2-miliardam-korun\/"},"author":{"name":"Jolana Hol\u00e1\u0148ov\u00e1","@id":"https:\/\/luxurymagazine.cz\/#\/schema\/person\/581f64efd4b5872ac991ea3581f630dc"},"headline":"YIT v roce 2021 prodala p\u0159es 350 byt\u016f a jej\u00ed obrat se op\u011bt bl\u00ed\u017e\u00ed ke 2 miliard\u00e1m korun","datePublished":"2022-03-03T23:12:00+00:00","dateModified":"2022-05-04T21:18:41+00:00","mainEntityOfPage":{"@id":"https:\/\/luxurymagazine.cz\/index.php\/2022\/03\/04\/yit-v-roce-2021-prodala-pres-350-bytu-a-jeji-obrat-se-opet-blizi-ke-2-miliardam-korun\/"},"wordCount":1552,"publisher":{"@id":"https:\/\/luxurymagazine.cz\/#organization"},"articleSection":["BUSINESS","BYDLEN\u00cd &amp; DESIGN","NEWS"],"inLanguage":"cs"},{"@type":"WebPage","@id":"https:\/\/luxurymagazine.cz\/index.php\/2022\/03\/04\/yit-v-roce-2021-prodala-pres-350-bytu-a-jeji-obrat-se-opet-blizi-ke-2-miliardam-korun\/","url":"https:\/\/luxurymagazine.cz\/index.php\/2022\/03\/04\/yit-v-roce-2021-prodala-pres-350-bytu-a-jeji-obrat-se-opet-blizi-ke-2-miliardam-korun\/","name":"YIT v roce 2021 prodala p\u0159es 350 byt\u016f a jej\u00ed obrat se op\u011bt bl\u00ed\u017e\u00ed ke 2 miliard\u00e1m korun - LUXURYMAGAZINE.cz","isPartOf":{"@id":"https:\/\/luxurymagazine.cz\/#website"},"datePublished":"2022-03-03T23:12:00+00:00","dateModified":"2022-05-04T21:18:41+00:00","breadcrumb":{"@id":"https:\/\/luxurymagazine.cz\/index.php\/2022\/03\/04\/yit-v-roce-2021-prodala-pres-350-bytu-a-jeji-obrat-se-opet-blizi-ke-2-miliardam-korun\/#breadcrumb"},"inLanguage":"cs","potentialAction":[{"@type":"ReadAction","target":["https:\/\/luxurymagazine.cz\/index.php\/2022\/03\/04\/yit-v-roce-2021-prodala-pres-350-bytu-a-jeji-obrat-se-opet-blizi-ke-2-miliardam-korun\/"]}]},{"@type":"BreadcrumbList","@id":"https:\/\/luxurymagazine.cz\/index.php\/2022\/03\/04\/yit-v-roce-2021-prodala-pres-350-bytu-a-jeji-obrat-se-opet-blizi-ke-2-miliardam-korun\/#breadcrumb","itemListElement":[{"@type":"ListItem","position":1,"name":"Dom\u016f","item":"https:\/\/luxurymagazine.cz\/"},{"@type":"ListItem","position":2,"name":"YIT v roce 2021 prodala p\u0159es 350 byt\u016f a jej\u00ed obrat se op\u011bt bl\u00ed\u017e\u00ed ke 2 miliard\u00e1m korun"}]},{"@type":"WebSite","@id":"https:\/\/luxurymagazine.cz\/#website","url":"https:\/\/luxurymagazine.cz\/","name":"LUXURYMAGAZINE.cz","description":"Port\u00e1l v\u00fdhradn\u011b o luxusu...","publisher":{"@id":"https:\/\/luxurymagazine.cz\/#organization"},"potentialAction":[{"@type":"SearchAction","target":{"@type":"EntryPoint","urlTemplate":"https:\/\/luxurymagazine.cz\/?s={search_term_string}"},"query-input":"required name=search_term_string"}],"inLanguage":"cs"},{"@type":"Organization","@id":"https:\/\/luxurymagazine.cz\/#organization","name":"LUXURYMAGAZINE.cz","url":"https:\/\/luxurymagazine.cz\/","logo":{"@type":"ImageObject","inLanguage":"cs","@id":"https:\/\/luxurymagazine.cz\/#\/schema\/logo\/image\/","url":"https:\/\/luxurymagazine.cz\/wp-content\/uploads\/2024\/12\/cropped-Logo_LuxuryMagazine-1.jpg","contentUrl":"https:\/\/luxurymagazine.cz\/wp-content\/uploads\/2024\/12\/cropped-Logo_LuxuryMagazine-1.jpg","width":934,"height":509,"caption":"LUXURYMAGAZINE.cz"},"image":{"@id":"https:\/\/luxurymagazine.cz\/#\/schema\/logo\/image\/"}},{"@type":"Person","@id":"https:\/\/luxurymagazine.cz\/#\/schema\/person\/581f64efd4b5872ac991ea3581f630dc","name":"Jolana Hol\u00e1\u0148ov\u00e1","image":{"@type":"ImageObject","inLanguage":"cs","@id":"https:\/\/luxurymagazine.cz\/#\/schema\/person\/image\/","url":"https:\/\/secure.gravatar.com\/avatar\/5863c504ed89cd419ff3a5e812c722ff?s=96&d=mm&r=g","contentUrl":"https:\/\/secure.gravatar.com\/avatar\/5863c504ed89cd419ff3a5e812c722ff?s=96&d=mm&r=g","caption":"Jolana Hol\u00e1\u0148ov\u00e1"},"sameAs":["http:\/\/LUXURYMAGAZINE.cz"],"url":"https:\/\/luxurymagazine.cz\/index.php\/author\/jolhol\/"}]}},"_links":{"self":[{"href":"https:\/\/luxurymagazine.cz\/index.php\/wp-json\/wp\/v2\/posts\/2242"}],"collection":[{"href":"https:\/\/luxurymagazine.cz\/index.php\/wp-json\/wp\/v2\/posts"}],"about":[{"href":"https:\/\/luxurymagazine.cz\/index.php\/wp-json\/wp\/v2\/types\/post"}],"author":[{"embeddable":true,"href":"https:\/\/luxurymagazine.cz\/index.php\/wp-json\/wp\/v2\/users\/2"}],"replies":[{"embeddable":true,"href":"https:\/\/luxurymagazine.cz\/index.php\/wp-json\/wp\/v2\/comments?post=2242"}],"version-history":[{"count":-4,"href":"https:\/\/luxurymagazine.cz\/index.php\/wp-json\/wp\/v2\/posts\/2242\/revisions"}],"wp:featuredmedia":[{"embeddable":true,"href":"https:\/\/luxurymagazine.cz\/index.php\/wp-json\/wp\/v2\/media\/2243"}],"wp:attachment":[{"href":"https:\/\/luxurymagazine.cz\/index.php\/wp-json\/wp\/v2\/media?parent=2242"}],"wp:term":[{"taxonomy":"category","embeddable":true,"href":"https:\/\/luxurymagazine.cz\/index.php\/wp-json\/wp\/v2\/categories?post=2242"},{"taxonomy":"post_tag","embeddable":true,"href":"https:\/\/luxurymagazine.cz\/index.php\/wp-json\/wp\/v2\/tags?post=2242"}],"curies":[{"name":"wp","href":"https:\/\/api.w.org\/{rel}","templated":true}]}}