{"id":2319,"date":"2022-04-08T02:02:17","date_gmt":"2022-04-08T00:02:17","guid":{"rendered":"https:\/\/luxurymagazine.cz\/?p=2319"},"modified":"2022-05-23T00:20:23","modified_gmt":"2022-05-22T22:20:23","slug":"sladky-luxus-roman-janecek-otvira-svuj-veneckovy-boutique","status":"publish","type":"post","link":"https:\/\/luxurymagazine.cz\/index.php\/2022\/04\/08\/sladky-luxus-roman-janecek-otvira-svuj-veneckovy-boutique\/","title":{"rendered":"Sladk\u00fd luxus: Roman Jane\u010dek otv\u00edr\u00e1 sv\u016fj v\u011bne\u010dkov\u00fd boutique"},"content":{"rendered":"\n<div style=\"height:20px\" aria-hidden=\"true\" class=\"wp-block-spacer\"><\/div>\n\n\n\n<p><strong>Roman Jane\u010dek otv\u00edr\u00e1 sv\u016fj luxusn\u00ed Boutique V\u011bne\u010dky Jane\u010dek, v&nbsp;n\u011bm\u017e se nezap\u0159e jeho zku\u0161enost z&nbsp;butik\u016f v&nbsp;Pa\u0159\u00ed\u017esk\u00e9 ulici. Prostor inspirovan\u00fd stylem art deco tvo\u0159\u00ed v&nbsp;pra\u017esk\u00e9 P\u0161trossov\u011b ulici o\u00e1zu elegance, doprov\u00e1zenou nejen sladk\u00fdmi a&nbsp;slan\u00fdmi v\u011bne\u010dky z&nbsp;Jane\u010dkovy d\u00edlny, ale tak\u00e9 skl\u00e1\u0159sk\u00fdm um\u011bn\u00edm Franti\u0161ka Jungvirta. Vychutnat si v\u011bne\u010dky v&nbsp;modern\u00ed mini verzi a prohl\u00e9dnout si vystaven\u00e1 d\u00edla talentovan\u00e9ho skl\u00e1\u0159e a kreativn\u00edho \u0159editele \u010desk\u00e9 zna\u010dky KLIMCHI mohou host\u00e9 od&nbsp;11. dubna, kdy Boutique V\u011bne\u010dky Jane\u010dek otev\u0159e ve\u0159ejnosti sv\u00e9 dve\u0159e poprv\u00e9. <\/strong> <\/p>\n\n\n\n<div style=\"height:20px\" aria-hidden=\"true\" class=\"wp-block-spacer\"><\/div>\n\n\n\n<div class=\"wp-block-image\"><figure class=\"aligncenter\"><img decoding=\"async\" src=\"https:\/\/hotelhouse.cz\/wp-content\/uploads\/2022\/04\/Venecky-Janecek-prodejna-9-1024x683.jpg\" alt=\"\" class=\"wp-image-2866\"\/><\/figure><\/div>\n\n\n\n<div style=\"height:20px\" aria-hidden=\"true\" class=\"wp-block-spacer\"><\/div>\n\n\n\n<p>Kdy\u017e Roman Jane\u010dek, kter\u00fd zd\u011bdil cukr\u00e1\u0159sk\u00e9 geny po sv\u00e9 prababi\u010dce, s\u00a0v\u011bne\u010dky za\u010d\u00ednal, pekl je v\u00a0klasick\u00e9 velikosti. Z\u00e1hy v\u0161ak za\u010dal s\u00a0jejich rozm\u011bry experimentovat a\u00a0zjistil, \u017ee \u201ejednohubkov\u00e1\u201c varianta je na konzumaci mnohem p\u0159\u00edjemn\u011bj\u0161\u00ed. Tak se zrodily V\u011bne\u010dky Jane\u010dek, mini verze tradi\u010dn\u00edho dezertu v\u00a0modern\u00ed odleh\u010den\u00e9 podob\u011b.  <\/p>\n\n\n\n<div style=\"height:20px\" aria-hidden=\"true\" class=\"wp-block-spacer\"><\/div>\n\n\n\n<figure class=\"wp-block-image size-large\"><img decoding=\"async\" loading=\"lazy\" width=\"1024\" height=\"683\" src=\"https:\/\/luxurymagazine.cz\/wp-content\/uploads\/2022\/04\/Venecky-Janecek-prodejna-5-1024x683.jpg\" alt=\"\" class=\"wp-image-2320\" srcset=\"https:\/\/luxurymagazine.cz\/wp-content\/uploads\/2022\/04\/Venecky-Janecek-prodejna-5-1024x683.jpg 1024w, https:\/\/luxurymagazine.cz\/wp-content\/uploads\/2022\/04\/Venecky-Janecek-prodejna-5-300x200.jpg 300w, https:\/\/luxurymagazine.cz\/wp-content\/uploads\/2022\/04\/Venecky-Janecek-prodejna-5-768x512.jpg 768w, https:\/\/luxurymagazine.cz\/wp-content\/uploads\/2022\/04\/Venecky-Janecek-prodejna-5.jpg 1450w\" sizes=\"(max-width: 1024px) 100vw, 1024px\" \/><\/figure>\n\n\n\n<div style=\"height:20px\" aria-hidden=\"true\" class=\"wp-block-spacer\"><\/div>\n\n\n\n<p>\u201e<em>Sou\u010dasn\u00fd trend vel\u00ed m\u00e9n\u011b cukru, \u010d\u00edm\u017e se \u0159\u00edd\u00edm i j\u00e1. M\u00fdm z\u00e1m\u011brem bylo vytvo\u0159it kontrast ke st\u00e1le p\u0159evl\u00e1daj\u00edc\u00edm t\u011b\u017ek\u00fdm dort\u016fm a z\u00e1kusk\u016fm, kter\u00e9 jsou b\u011b\u017en\u011b k&nbsp;dost\u00e1n\u00ed. V\u011bne\u010dky Jane\u010dek jsou polosladk\u00e9 s odleh\u010den\u00fdm kr\u00e9mem. Z&nbsp;klasick\u00e9ho dezertu se tak stalo lehk\u00e9 pol\u00edben\u00ed na dobrou noc, kter\u00e9ho se \u010dlov\u011bk nep\u0159ej\u00ed,\u201c<strong> <\/strong><\/em><strong>vysv\u011btluje Roman Jane\u010dek<\/strong>.  <\/p>\n\n\n\n<p>V&nbsp;sou\u010dasnosti vznikaj\u00ed V\u011bne\u010dky Jane\u010dek ve t\u0159ech sladk\u00fdch p\u0159\u00edchut\u00edch: m\u00e1slov\u00fd kr\u00e9m s&nbsp;ko\u0148akem, \u010dokol\u00e1dov\u00fd s&nbsp;rumem a pist\u00e1ciov\u00fd. Loni b\u011bhem v\u00e1no\u010dn\u00edho obdob\u00ed p\u0159ibyla je\u0161t\u011b limitovan\u00e1 kokosov\u00e1 verze, sez\u00f3nn\u00ed p\u0159\u00edchut\u011b pl\u00e1nuje Jane\u010dek i nad\u00e1le. Vedle sladk\u00fdch v\u011bne\u010dk\u016f nab\u00edz\u00ed Jane\u010dek tak\u00e9 slanou variantu s&nbsp;uzen\u00fdm lososem a koprem. Aktu\u00e1ln\u011b chyst\u00e1 dal\u0161\u00ed slanou p\u0159\u00edchu\u0165, fin\u00e1ln\u00ed kombinaci si ov\u0161em zat\u00edm nech\u00e1v\u00e1 pro sebe.  <\/p>\n\n\n\n<div style=\"height:20px\" aria-hidden=\"true\" class=\"wp-block-spacer\"><\/div>\n\n\n\n<div class=\"wp-block-image\"><figure class=\"aligncenter\"><img decoding=\"async\" src=\"https:\/\/hotelhouse.cz\/wp-content\/uploads\/2022\/04\/Venecky-janecek-prodejna-10-1024x683.jpg\" alt=\"\" class=\"wp-image-2867\"\/><\/figure><\/div>\n\n\n\n<div style=\"height:20px\" aria-hidden=\"true\" class=\"wp-block-spacer\"><\/div>\n\n\n\n<h2 class=\"wp-block-heading\"><strong>Designov\u00e1\nd\u017eungle<\/strong><\/h2>\n\n\n\n<p>Se zvy\u0161uj\u00edc\u00ed popt\u00e1vkou se vlastn\u00ed provozovna s cukr\u00e1\u0159sk\u00fdm z\u00e1zem\u00edm na nejvy\u0161\u0161\u00ed \u00farovni stala nutnost\u00ed. Cit pro estetiku, kter\u00fd Roman Jane\u010dek z\u00edskal b\u011bhem sv\u00e9ho p\u016fsoben\u00ed v&nbsp;butic\u00edch v&nbsp;Pa\u0159\u00ed\u017esk\u00e9, prom\u00edtl do designu Boutique V\u011bne\u010dky Jane\u010dek, jeho\u017e interi\u00e9r s\u00e1m navrhoval. Inspirac\u00ed mu byl lond\u00fdnsk\u00fd Sketch Bar a styl art deco.  <\/p>\n\n\n\n<div style=\"height:20px\" aria-hidden=\"true\" class=\"wp-block-spacer\"><\/div>\n\n\n\n<figure class=\"wp-block-gallery columns-2 is-cropped wp-block-gallery-1 is-layout-flex wp-block-gallery-is-layout-flex\"><ul class=\"blocks-gallery-grid\"><li class=\"blocks-gallery-item\"><figure><img decoding=\"async\" src=\"https:\/\/hotelhouse.cz\/wp-content\/uploads\/2022\/04\/Venecky-Janecek-prodejna-1-731x1024.jpg\" alt=\"\" data-id=\"2858\" data-link=\"https:\/\/hotelhouse.cz\/?attachment_id=2858\" class=\"wp-image-2858\"\/><\/figure><\/li><li class=\"blocks-gallery-item\"><figure><img decoding=\"async\" src=\"https:\/\/hotelhouse.cz\/wp-content\/uploads\/2022\/04\/Venecky-Janecek-prodejna-6-731x1024.jpg\" alt=\"\" data-id=\"2863\" data-link=\"https:\/\/hotelhouse.cz\/?attachment_id=2863\" class=\"wp-image-2863\"\/><\/figure><\/li><\/ul><\/figure>\n\n\n\n<div style=\"height:20px\" aria-hidden=\"true\" class=\"wp-block-spacer\"><\/div>\n\n\n\n<p>\u201e<em>Betonov\u00fdch podhled\u016f a tlumen\u00fdch barev ji\u017e bylo dost. Proto interi\u00e9ru v\u00e9vod\u00ed smaragdov\u011b zelen\u00e9 st\u011bny s velkoform\u00e1tovou tapetou d\u017eungle, p\u0159ed n\u00ed\u017e se vyj\u00edm\u00e1 lustr s papou\u0161ky. Cel\u00fd prostor prosv\u011btluje podlaha v dekoru b\u00edl\u00e9ho mramoru, podsv\u011btlen\u00fd pult z b\u00edl\u00e9ho corianu a zlat\u00e9 prvky,\u201d<\/em> <strong>p\u0159edstavuje Jane\u010dek Boutique<\/strong>.<\/p>\n\n\n\n<p>Oproti klasick\u00fdm cukr\u00e1rn\u00e1m nenab\u00edz\u00ed podnik b\u011b\u017en\u00e9 posezen\u00ed, vyjma dvou k\u0159esel. Prostor je koncipov\u00e1n jako showroom s&nbsp;d\u016frazem na produkt \u2013 v\u011bne\u010dek. Pozornost v\u0161ak upout\u00e1 i skl\u00e1\u0159sk\u00e9 um\u011bn\u00ed Franti\u0161ka Jungvirta, se kter\u00fdm Roman Jane\u010dek nav\u00e1zal spolupr\u00e1ci. Vzniklo tak atraktivn\u00ed propojen\u00ed skl\u00e1\u0159sk\u00e9ho um\u011bn\u00ed a cukra\u0159iny.<\/p>\n\n\n\n<div style=\"height:20px\" aria-hidden=\"true\" class=\"wp-block-spacer\"><\/div>\n\n\n\n<figure class=\"wp-block-gallery columns-2 is-cropped wp-block-gallery-3 is-layout-flex wp-block-gallery-is-layout-flex\"><ul class=\"blocks-gallery-grid\"><li class=\"blocks-gallery-item\"><figure><img decoding=\"async\" src=\"https:\/\/hotelhouse.cz\/wp-content\/uploads\/2022\/04\/Venecky-Janecek-prodejna-3-1024x683.jpg\" alt=\"\" data-id=\"2860\" data-link=\"https:\/\/hotelhouse.cz\/?attachment_id=2860\" class=\"wp-image-2860\"\/><\/figure><\/li><li class=\"blocks-gallery-item\"><figure><img decoding=\"async\" src=\"https:\/\/hotelhouse.cz\/wp-content\/uploads\/2022\/04\/Venecky-Janecek-prodejna-4-731x1024.jpg\" alt=\"\" data-id=\"2861\" data-link=\"https:\/\/hotelhouse.cz\/?attachment_id=2861\" class=\"wp-image-2861\"\/><\/figure><\/li><\/ul><\/figure>\n\n\n\n<div style=\"height:20px\" aria-hidden=\"true\" class=\"wp-block-spacer\"><\/div>\n\n\n\n<p>\u201e<em>Na za\u010d\u00e1tku spolupr\u00e1ce st\u00e1la ot\u00e1zka, jak um\u011bleck\u00e9 sklo p\u016fjde dohromady s&nbsp;minidezertem. P\u0159i prvn\u00ed instalaci v\u011bne\u010dk\u016f na t\u00e1c Volcano plate z&nbsp;m\u00e9 d\u00edlny a tak\u00e9 na k\u0159i\u0161\u0165\u00e1lov\u00e9 produkty z \u0159ady Golden Lux kolekce Shadows, kterou jsem navrhl pro skl\u00e1\u0159skou zna\u010dku KLIMCHI, bylo z\u0159ejm\u00e9, \u017ee jeden produkt n\u00e1padit\u011b dopl\u0148uje druh\u00fd a&nbsp;oba tvo\u0159\u00ed pro oko i chu\u0165 lahodn\u00fd tandem,\u201c <\/em><strong>pochvaluje si Franti\u0161ek Jungvirt<\/strong>.  <\/p>\n\n\n\n<p>V\u00fdsledkem je s\u00e9rie um\u011bleck\u00fdch fotografi\u00ed, kter\u00e9 pln\u011b vykresluj\u00ed kr\u00e1su obou produkt\u016f. P\u0159\u00edmo v&nbsp;Boutique V\u011bne\u010dky Jane\u010dek bude pr\u00e1ce Franti\u0161ka Jungvirta zastoupena v\u00e1zou z&nbsp;kolekce Drama a n\u011bkolika dal\u0161\u00edmi kousky. Za\u017e\u00edt opojnou eleganci a lehkost Jane\u010dkov\u00fdch V\u011bne\u010dk\u016f mohou host\u00e9 od 11. dubna, kdy Boutique zah\u00e1j\u00ed sv\u016fj ofici\u00e1ln\u00ed provoz. Otev\u0159eno bude ka\u017ed\u00fd v\u0161edn\u00ed den od 10 do 17 hodin.   <\/p>\n\n\n\n<div style=\"height:20px\" aria-hidden=\"true\" class=\"wp-block-spacer\"><\/div>\n\n\n\n<div class=\"wp-block-image\"><figure class=\"aligncenter\"><img decoding=\"async\" src=\"https:\/\/hotelhouse.cz\/wp-content\/uploads\/2022\/04\/Venecky-janecek-prodejna-14-1024x683.jpg\" alt=\"\" class=\"wp-image-2871\"\/><\/figure><\/div>\n\n\n\n<div style=\"height:20px\" aria-hidden=\"true\" class=\"wp-block-spacer\"><\/div>\n\n\n\n<h3 class=\"wp-block-heading\">Boutique V\u011bne\u010dky Jane\u010dek <\/h3>\n\n\n\n<p><strong>Otev\u00edrac\u00ed doba<\/strong><\/p>\n\n\n\n<p><strong>Po &#8211; P\u00e1 10:00 &#8211; 17:00 hodin<\/strong><\/p>\n\n\n\n<p><a href=\"https:\/\/www.veneckyjanecek.cz\/\"><strong>www.veneckyjanecek.cz<\/strong><\/a><\/p>\n\n\n\n<div style=\"height:60px\" aria-hidden=\"true\" class=\"wp-block-spacer\"><\/div>\n\n\n\n<figure class=\"wp-block-gallery columns-2 is-cropped wp-block-gallery-5 is-layout-flex wp-block-gallery-is-layout-flex\"><ul class=\"blocks-gallery-grid\"><li class=\"blocks-gallery-item\"><figure><img decoding=\"async\" src=\"https:\/\/hotelhouse.cz\/wp-content\/uploads\/2022\/04\/Venecky-Janecek-prodejna-12-731x1024.jpg\" alt=\"\" data-id=\"2869\" data-link=\"https:\/\/hotelhouse.cz\/index.php\/2022\/04\/08\/sladky-luxus-roman-janecek-otvira-svuj-veneckovy-boutique\/venecky-janecek-prodejna-12\/\" class=\"wp-image-2869\"\/><\/figure><\/li><li class=\"blocks-gallery-item\"><figure><img decoding=\"async\" src=\"https:\/\/hotelhouse.cz\/wp-content\/uploads\/2022\/04\/Venecky-Janecek-prodejna-4-731x1024.jpg\" alt=\"\" data-id=\"2861\" data-link=\"https:\/\/hotelhouse.cz\/index.php\/2022\/04\/08\/sladky-luxus-roman-janecek-otvira-svuj-veneckovy-boutique\/venecky-janecek-prodejna-4\/\" class=\"wp-image-2861\"\/><\/figure><\/li><li class=\"blocks-gallery-item\"><figure><img decoding=\"async\" src=\"https:\/\/hotelhouse.cz\/wp-content\/uploads\/2022\/04\/Venecky-Janecek-prodejna-3-1024x683.jpg\" alt=\"\" data-id=\"2860\" data-link=\"https:\/\/hotelhouse.cz\/index.php\/2022\/04\/08\/sladky-luxus-roman-janecek-otvira-svuj-veneckovy-boutique\/venecky-janecek-prodejna-3\/\" class=\"wp-image-2860\"\/><\/figure><\/li><li class=\"blocks-gallery-item\"><figure><img decoding=\"async\" src=\"https:\/\/hotelhouse.cz\/wp-content\/uploads\/2022\/04\/Venecky-Janecek-prodejna-9-1024x683.jpg\" alt=\"\" data-id=\"2866\" data-link=\"https:\/\/hotelhouse.cz\/index.php\/2022\/04\/08\/sladky-luxus-roman-janecek-otvira-svuj-veneckovy-boutique\/venecky-janecek-prodejna-9\/\" class=\"wp-image-2866\"\/><\/figure><\/li><li class=\"blocks-gallery-item\"><figure><img decoding=\"async\" src=\"https:\/\/hotelhouse.cz\/wp-content\/uploads\/2022\/04\/Venecky-Janecek-prodejna-8-1024x683.jpg\" alt=\"\" data-id=\"2865\" data-link=\"https:\/\/hotelhouse.cz\/index.php\/2022\/04\/08\/sladky-luxus-roman-janecek-otvira-svuj-veneckovy-boutique\/venecky-janecek-prodejna-8\/\" class=\"wp-image-2865\"\/><\/figure><\/li><li class=\"blocks-gallery-item\"><figure><img decoding=\"async\" src=\"https:\/\/hotelhouse.cz\/wp-content\/uploads\/2022\/04\/Venecky-Janecek-prodejna-5-1024x683.jpg\" alt=\"\" data-id=\"2862\" data-link=\"https:\/\/hotelhouse.cz\/index.php\/2022\/04\/08\/sladky-luxus-roman-janecek-otvira-svuj-veneckovy-boutique\/venecky-janecek-prodejna-5\/\" class=\"wp-image-2862\"\/><\/figure><\/li><li class=\"blocks-gallery-item\"><figure><img decoding=\"async\" src=\"https:\/\/hotelhouse.cz\/wp-content\/uploads\/2022\/04\/Venecky-janecek-prodejna-10-1024x683.jpg\" alt=\"\" data-id=\"2867\" data-link=\"https:\/\/hotelhouse.cz\/index.php\/2022\/04\/08\/sladky-luxus-roman-janecek-otvira-svuj-veneckovy-boutique\/venecky-janecek-prodejna-10\/\" class=\"wp-image-2867\"\/><\/figure><\/li><li class=\"blocks-gallery-item\"><figure><img decoding=\"async\" src=\"https:\/\/hotelhouse.cz\/wp-content\/uploads\/2022\/04\/Venecky-Janecek-prodejna-11-768x1024.jpg\" alt=\"\" data-id=\"2868\" data-link=\"https:\/\/hotelhouse.cz\/index.php\/2022\/04\/08\/sladky-luxus-roman-janecek-otvira-svuj-veneckovy-boutique\/venecky-janecek-prodejna-11\/\" class=\"wp-image-2868\"\/><\/figure><\/li><li class=\"blocks-gallery-item\"><figure><img decoding=\"async\" src=\"https:\/\/hotelhouse.cz\/wp-content\/uploads\/2022\/04\/Venecky-Janecek-prodejna-7-1024x683.jpg\" alt=\"\" data-id=\"2864\" data-link=\"https:\/\/hotelhouse.cz\/index.php\/2022\/04\/08\/sladky-luxus-roman-janecek-otvira-svuj-veneckovy-boutique\/venecky-janecek-prodejna-7\/\" class=\"wp-image-2864\"\/><\/figure><\/li><li class=\"blocks-gallery-item\"><figure><img decoding=\"async\" src=\"https:\/\/hotelhouse.cz\/wp-content\/uploads\/2022\/04\/Venecky-Janecek-prodejna-6-731x1024.jpg\" alt=\"\" data-id=\"2863\" data-link=\"https:\/\/hotelhouse.cz\/index.php\/2022\/04\/08\/sladky-luxus-roman-janecek-otvira-svuj-veneckovy-boutique\/venecky-janecek-prodejna-6\/\" class=\"wp-image-2863\"\/><\/figure><\/li><li class=\"blocks-gallery-item\"><figure><img decoding=\"async\" src=\"https:\/\/hotelhouse.cz\/wp-content\/uploads\/2022\/04\/Venecky-Janecek-prodejna-1-731x1024.jpg\" alt=\"\" data-id=\"2858\" data-link=\"https:\/\/hotelhouse.cz\/index.php\/2022\/04\/08\/sladky-luxus-roman-janecek-otvira-svuj-veneckovy-boutique\/venecky-janecek-prodejna-1\/\" class=\"wp-image-2858\"\/><\/figure><\/li><li class=\"blocks-gallery-item\"><figure><img decoding=\"async\" src=\"https:\/\/hotelhouse.cz\/wp-content\/uploads\/2022\/04\/Venecky-Janecek-prodejna-2-731x1024.jpg\" alt=\"\" data-id=\"2859\" data-link=\"https:\/\/hotelhouse.cz\/index.php\/2022\/04\/08\/sladky-luxus-roman-janecek-otvira-svuj-veneckovy-boutique\/venecky-janecek-prodejna-2\/\" class=\"wp-image-2859\"\/><\/figure><\/li><li class=\"blocks-gallery-item\"><figure><img decoding=\"async\" src=\"https:\/\/hotelhouse.cz\/wp-content\/uploads\/2022\/04\/Venecky-janecek-prodejna-14-1024x683.jpg\" alt=\"\" data-id=\"2871\" data-link=\"https:\/\/hotelhouse.cz\/index.php\/2022\/04\/08\/sladky-luxus-roman-janecek-otvira-svuj-veneckovy-boutique\/venecky-janecek-prodejna-14\/\" class=\"wp-image-2871\"\/><\/figure><\/li><li class=\"blocks-gallery-item\"><figure><img decoding=\"async\" src=\"https:\/\/hotelhouse.cz\/wp-content\/uploads\/2022\/04\/Venecky-janecek-prodejna-13-731x1024.jpg\" alt=\"\" data-id=\"2870\" data-link=\"https:\/\/hotelhouse.cz\/index.php\/2022\/04\/08\/sladky-luxus-roman-janecek-otvira-svuj-veneckovy-boutique\/venecky-janecek-prodejna-13\/\" class=\"wp-image-2870\"\/><\/figure><\/li><\/ul><\/figure>\n\n\n\n<p><strong>Zdroj foto: <\/strong>V\u011bne\u010dky Jane\u010dek <\/p>\n\n\n\n<div style=\"height:42px\" aria-hidden=\"true\" class=\"wp-block-spacer\"><\/div>\n","protected":false},"excerpt":{"rendered":"<p>Roman Jane\u010dek otv\u00edr\u00e1 sv\u016fj luxusn\u00ed Boutique V\u011bne\u010dky Jane\u010dek, v&nbsp;n\u011bm\u017e se nezap\u0159e jeho zku\u0161enost z&nbsp;butik\u016f v&nbsp;Pa\u0159\u00ed\u017esk\u00e9 ulici. Prostor inspirovan\u00fd stylem art deco tvo\u0159\u00ed v&nbsp;pra\u017esk\u00e9 P\u0161trossov\u011b ulici o\u00e1zu elegance, doprov\u00e1zenou nejen sladk\u00fdmi a&nbsp;slan\u00fdmi v\u011bne\u010dky z&nbsp;Jane\u010dkovy d\u00edlny, ale tak\u00e9 skl\u00e1\u0159sk\u00fdm um\u011bn\u00edm Franti\u0161ka Jungvirta. Vychutnat si v\u011bne\u010dky v&nbsp;modern\u00ed mini verzi a prohl\u00e9dnout si vystaven\u00e1 d\u00edla talentovan\u00e9ho skl\u00e1\u0159e a kreativn\u00edho [&hellip;]<\/p>\n","protected":false},"author":2,"featured_media":2321,"comment_status":"closed","ping_status":"closed","sticky":false,"template":"","format":"standard","meta":{"_mi_skip_tracking":false,"_monsterinsights_sitenote_active":false,"_monsterinsights_sitenote_note":"","_monsterinsights_sitenote_category":0,"footnotes":""},"categories":[15,7,2,13],"tags":[],"yoast_head":"<!-- This site is optimized with the Yoast SEO plugin v21.4 - https:\/\/yoast.com\/wordpress\/plugins\/seo\/ -->\n<title>Sladk\u00fd luxus: Roman Jane\u010dek otv\u00edr\u00e1 sv\u016fj v\u011bne\u010dkov\u00fd boutique - LUXURYMAGAZINE.cz<\/title>\n<meta name=\"robots\" content=\"index, follow, max-snippet:-1, max-image-preview:large, max-video-preview:-1\" \/>\n<link rel=\"canonical\" href=\"https:\/\/luxurymagazine.cz\/index.php\/2022\/04\/08\/sladky-luxus-roman-janecek-otvira-svuj-veneckovy-boutique\/\" \/>\n<meta property=\"og:locale\" content=\"cs_CZ\" \/>\n<meta property=\"og:type\" content=\"article\" \/>\n<meta property=\"og:title\" content=\"Sladk\u00fd luxus: Roman Jane\u010dek otv\u00edr\u00e1 sv\u016fj v\u011bne\u010dkov\u00fd boutique - LUXURYMAGAZINE.cz\" \/>\n<meta property=\"og:description\" content=\"Roman Jane\u010dek otv\u00edr\u00e1 sv\u016fj luxusn\u00ed Boutique V\u011bne\u010dky Jane\u010dek, v&nbsp;n\u011bm\u017e se nezap\u0159e jeho zku\u0161enost z&nbsp;butik\u016f v&nbsp;Pa\u0159\u00ed\u017esk\u00e9 ulici. Prostor inspirovan\u00fd stylem art deco tvo\u0159\u00ed v&nbsp;pra\u017esk\u00e9 P\u0161trossov\u011b ulici o\u00e1zu elegance, doprov\u00e1zenou nejen sladk\u00fdmi a&nbsp;slan\u00fdmi v\u011bne\u010dky z&nbsp;Jane\u010dkovy d\u00edlny, ale tak\u00e9 skl\u00e1\u0159sk\u00fdm um\u011bn\u00edm Franti\u0161ka Jungvirta. Vychutnat si v\u011bne\u010dky v&nbsp;modern\u00ed mini verzi a prohl\u00e9dnout si vystaven\u00e1 d\u00edla talentovan\u00e9ho skl\u00e1\u0159e a kreativn\u00edho [&hellip;]\" \/>\n<meta property=\"og:url\" content=\"https:\/\/luxurymagazine.cz\/index.php\/2022\/04\/08\/sladky-luxus-roman-janecek-otvira-svuj-veneckovy-boutique\/\" \/>\n<meta property=\"og:site_name\" content=\"LUXURYMAGAZINE.cz\" \/>\n<meta property=\"article:published_time\" content=\"2022-04-08T00:02:17+00:00\" \/>\n<meta property=\"article:modified_time\" content=\"2022-05-22T22:20:23+00:00\" \/>\n<meta property=\"og:image\" content=\"https:\/\/luxurymagazine.cz\/wp-content\/uploads\/2022\/04\/Venecky-Janecek-prodejna-9.jpg\" \/>\n\t<meta property=\"og:image:width\" content=\"1450\" \/>\n\t<meta property=\"og:image:height\" content=\"967\" \/>\n\t<meta property=\"og:image:type\" content=\"image\/jpeg\" \/>\n<meta name=\"author\" content=\"Jolana Hol\u00e1\u0148ov\u00e1\" \/>\n<meta name=\"twitter:card\" content=\"summary_large_image\" \/>\n<meta name=\"twitter:label1\" content=\"Napsal(a)\" \/>\n\t<meta name=\"twitter:data1\" content=\"Jolana Hol\u00e1\u0148ov\u00e1\" \/>\n\t<meta name=\"twitter:label2\" content=\"Odhadovan\u00e1 doba \u010dten\u00ed\" \/>\n\t<meta name=\"twitter:data2\" content=\"4 minuty\" \/>\n<script type=\"application\/ld+json\" class=\"yoast-schema-graph\">{\"@context\":\"https:\/\/schema.org\",\"@graph\":[{\"@type\":\"Article\",\"@id\":\"https:\/\/luxurymagazine.cz\/index.php\/2022\/04\/08\/sladky-luxus-roman-janecek-otvira-svuj-veneckovy-boutique\/#article\",\"isPartOf\":{\"@id\":\"https:\/\/luxurymagazine.cz\/index.php\/2022\/04\/08\/sladky-luxus-roman-janecek-otvira-svuj-veneckovy-boutique\/\"},\"author\":{\"name\":\"Jolana Hol\u00e1\u0148ov\u00e1\",\"@id\":\"https:\/\/luxurymagazine.cz\/#\/schema\/person\/581f64efd4b5872ac991ea3581f630dc\"},\"headline\":\"Sladk\u00fd luxus: Roman Jane\u010dek otv\u00edr\u00e1 sv\u016fj v\u011bne\u010dkov\u00fd boutique\",\"datePublished\":\"2022-04-08T00:02:17+00:00\",\"dateModified\":\"2022-05-22T22:20:23+00:00\",\"mainEntityOfPage\":{\"@id\":\"https:\/\/luxurymagazine.cz\/index.php\/2022\/04\/08\/sladky-luxus-roman-janecek-otvira-svuj-veneckovy-boutique\/\"},\"wordCount\":781,\"publisher\":{\"@id\":\"https:\/\/luxurymagazine.cz\/#organization\"},\"articleSection\":[\"BUSINESS\",\"GASTRO &amp; GURM\u00c1N\",\"NEWS\",\"TIPY &amp; TRENDY\"],\"inLanguage\":\"cs\"},{\"@type\":\"WebPage\",\"@id\":\"https:\/\/luxurymagazine.cz\/index.php\/2022\/04\/08\/sladky-luxus-roman-janecek-otvira-svuj-veneckovy-boutique\/\",\"url\":\"https:\/\/luxurymagazine.cz\/index.php\/2022\/04\/08\/sladky-luxus-roman-janecek-otvira-svuj-veneckovy-boutique\/\",\"name\":\"Sladk\u00fd luxus: Roman Jane\u010dek otv\u00edr\u00e1 sv\u016fj v\u011bne\u010dkov\u00fd boutique - LUXURYMAGAZINE.cz\",\"isPartOf\":{\"@id\":\"https:\/\/luxurymagazine.cz\/#website\"},\"datePublished\":\"2022-04-08T00:02:17+00:00\",\"dateModified\":\"2022-05-22T22:20:23+00:00\",\"breadcrumb\":{\"@id\":\"https:\/\/luxurymagazine.cz\/index.php\/2022\/04\/08\/sladky-luxus-roman-janecek-otvira-svuj-veneckovy-boutique\/#breadcrumb\"},\"inLanguage\":\"cs\",\"potentialAction\":[{\"@type\":\"ReadAction\",\"target\":[\"https:\/\/luxurymagazine.cz\/index.php\/2022\/04\/08\/sladky-luxus-roman-janecek-otvira-svuj-veneckovy-boutique\/\"]}]},{\"@type\":\"BreadcrumbList\",\"@id\":\"https:\/\/luxurymagazine.cz\/index.php\/2022\/04\/08\/sladky-luxus-roman-janecek-otvira-svuj-veneckovy-boutique\/#breadcrumb\",\"itemListElement\":[{\"@type\":\"ListItem\",\"position\":1,\"name\":\"Dom\u016f\",\"item\":\"https:\/\/luxurymagazine.cz\/\"},{\"@type\":\"ListItem\",\"position\":2,\"name\":\"Sladk\u00fd luxus: Roman Jane\u010dek otv\u00edr\u00e1 sv\u016fj v\u011bne\u010dkov\u00fd boutique\"}]},{\"@type\":\"WebSite\",\"@id\":\"https:\/\/luxurymagazine.cz\/#website\",\"url\":\"https:\/\/luxurymagazine.cz\/\",\"name\":\"LUXURYMAGAZINE.cz\",\"description\":\"Port\u00e1l v\u00fdhradn\u011b o luxusu...\",\"publisher\":{\"@id\":\"https:\/\/luxurymagazine.cz\/#organization\"},\"potentialAction\":[{\"@type\":\"SearchAction\",\"target\":{\"@type\":\"EntryPoint\",\"urlTemplate\":\"https:\/\/luxurymagazine.cz\/?s={search_term_string}\"},\"query-input\":\"required name=search_term_string\"}],\"inLanguage\":\"cs\"},{\"@type\":\"Organization\",\"@id\":\"https:\/\/luxurymagazine.cz\/#organization\",\"name\":\"LUXURYMAGAZINE.cz\",\"url\":\"https:\/\/luxurymagazine.cz\/\",\"logo\":{\"@type\":\"ImageObject\",\"inLanguage\":\"cs\",\"@id\":\"https:\/\/luxurymagazine.cz\/#\/schema\/logo\/image\/\",\"url\":\"https:\/\/luxurymagazine.cz\/wp-content\/uploads\/2024\/12\/cropped-Logo_LuxuryMagazine-1.jpg\",\"contentUrl\":\"https:\/\/luxurymagazine.cz\/wp-content\/uploads\/2024\/12\/cropped-Logo_LuxuryMagazine-1.jpg\",\"width\":934,\"height\":509,\"caption\":\"LUXURYMAGAZINE.cz\"},\"image\":{\"@id\":\"https:\/\/luxurymagazine.cz\/#\/schema\/logo\/image\/\"}},{\"@type\":\"Person\",\"@id\":\"https:\/\/luxurymagazine.cz\/#\/schema\/person\/581f64efd4b5872ac991ea3581f630dc\",\"name\":\"Jolana Hol\u00e1\u0148ov\u00e1\",\"image\":{\"@type\":\"ImageObject\",\"inLanguage\":\"cs\",\"@id\":\"https:\/\/luxurymagazine.cz\/#\/schema\/person\/image\/\",\"url\":\"https:\/\/secure.gravatar.com\/avatar\/5863c504ed89cd419ff3a5e812c722ff?s=96&d=mm&r=g\",\"contentUrl\":\"https:\/\/secure.gravatar.com\/avatar\/5863c504ed89cd419ff3a5e812c722ff?s=96&d=mm&r=g\",\"caption\":\"Jolana Hol\u00e1\u0148ov\u00e1\"},\"sameAs\":[\"http:\/\/LUXURYMAGAZINE.cz\"],\"url\":\"https:\/\/luxurymagazine.cz\/index.php\/author\/jolhol\/\"}]}<\/script>\n<!-- \/ Yoast SEO plugin. -->","yoast_head_json":{"title":"Sladk\u00fd luxus: Roman Jane\u010dek otv\u00edr\u00e1 sv\u016fj v\u011bne\u010dkov\u00fd boutique - LUXURYMAGAZINE.cz","robots":{"index":"index","follow":"follow","max-snippet":"max-snippet:-1","max-image-preview":"max-image-preview:large","max-video-preview":"max-video-preview:-1"},"canonical":"https:\/\/luxurymagazine.cz\/index.php\/2022\/04\/08\/sladky-luxus-roman-janecek-otvira-svuj-veneckovy-boutique\/","og_locale":"cs_CZ","og_type":"article","og_title":"Sladk\u00fd luxus: Roman Jane\u010dek otv\u00edr\u00e1 sv\u016fj v\u011bne\u010dkov\u00fd boutique - LUXURYMAGAZINE.cz","og_description":"Roman Jane\u010dek otv\u00edr\u00e1 sv\u016fj luxusn\u00ed Boutique V\u011bne\u010dky Jane\u010dek, v&nbsp;n\u011bm\u017e se nezap\u0159e jeho zku\u0161enost z&nbsp;butik\u016f v&nbsp;Pa\u0159\u00ed\u017esk\u00e9 ulici. Prostor inspirovan\u00fd stylem art deco tvo\u0159\u00ed v&nbsp;pra\u017esk\u00e9 P\u0161trossov\u011b ulici o\u00e1zu elegance, doprov\u00e1zenou nejen sladk\u00fdmi a&nbsp;slan\u00fdmi v\u011bne\u010dky z&nbsp;Jane\u010dkovy d\u00edlny, ale tak\u00e9 skl\u00e1\u0159sk\u00fdm um\u011bn\u00edm Franti\u0161ka Jungvirta. Vychutnat si v\u011bne\u010dky v&nbsp;modern\u00ed mini verzi a prohl\u00e9dnout si vystaven\u00e1 d\u00edla talentovan\u00e9ho skl\u00e1\u0159e a kreativn\u00edho [&hellip;]","og_url":"https:\/\/luxurymagazine.cz\/index.php\/2022\/04\/08\/sladky-luxus-roman-janecek-otvira-svuj-veneckovy-boutique\/","og_site_name":"LUXURYMAGAZINE.cz","article_published_time":"2022-04-08T00:02:17+00:00","article_modified_time":"2022-05-22T22:20:23+00:00","og_image":[{"width":1450,"height":967,"url":"https:\/\/luxurymagazine.cz\/wp-content\/uploads\/2022\/04\/Venecky-Janecek-prodejna-9.jpg","type":"image\/jpeg"}],"author":"Jolana Hol\u00e1\u0148ov\u00e1","twitter_card":"summary_large_image","twitter_misc":{"Napsal(a)":"Jolana Hol\u00e1\u0148ov\u00e1","Odhadovan\u00e1 doba \u010dten\u00ed":"4 minuty"},"schema":{"@context":"https:\/\/schema.org","@graph":[{"@type":"Article","@id":"https:\/\/luxurymagazine.cz\/index.php\/2022\/04\/08\/sladky-luxus-roman-janecek-otvira-svuj-veneckovy-boutique\/#article","isPartOf":{"@id":"https:\/\/luxurymagazine.cz\/index.php\/2022\/04\/08\/sladky-luxus-roman-janecek-otvira-svuj-veneckovy-boutique\/"},"author":{"name":"Jolana Hol\u00e1\u0148ov\u00e1","@id":"https:\/\/luxurymagazine.cz\/#\/schema\/person\/581f64efd4b5872ac991ea3581f630dc"},"headline":"Sladk\u00fd luxus: Roman Jane\u010dek otv\u00edr\u00e1 sv\u016fj v\u011bne\u010dkov\u00fd boutique","datePublished":"2022-04-08T00:02:17+00:00","dateModified":"2022-05-22T22:20:23+00:00","mainEntityOfPage":{"@id":"https:\/\/luxurymagazine.cz\/index.php\/2022\/04\/08\/sladky-luxus-roman-janecek-otvira-svuj-veneckovy-boutique\/"},"wordCount":781,"publisher":{"@id":"https:\/\/luxurymagazine.cz\/#organization"},"articleSection":["BUSINESS","GASTRO &amp; GURM\u00c1N","NEWS","TIPY &amp; TRENDY"],"inLanguage":"cs"},{"@type":"WebPage","@id":"https:\/\/luxurymagazine.cz\/index.php\/2022\/04\/08\/sladky-luxus-roman-janecek-otvira-svuj-veneckovy-boutique\/","url":"https:\/\/luxurymagazine.cz\/index.php\/2022\/04\/08\/sladky-luxus-roman-janecek-otvira-svuj-veneckovy-boutique\/","name":"Sladk\u00fd luxus: Roman Jane\u010dek otv\u00edr\u00e1 sv\u016fj v\u011bne\u010dkov\u00fd boutique - LUXURYMAGAZINE.cz","isPartOf":{"@id":"https:\/\/luxurymagazine.cz\/#website"},"datePublished":"2022-04-08T00:02:17+00:00","dateModified":"2022-05-22T22:20:23+00:00","breadcrumb":{"@id":"https:\/\/luxurymagazine.cz\/index.php\/2022\/04\/08\/sladky-luxus-roman-janecek-otvira-svuj-veneckovy-boutique\/#breadcrumb"},"inLanguage":"cs","potentialAction":[{"@type":"ReadAction","target":["https:\/\/luxurymagazine.cz\/index.php\/2022\/04\/08\/sladky-luxus-roman-janecek-otvira-svuj-veneckovy-boutique\/"]}]},{"@type":"BreadcrumbList","@id":"https:\/\/luxurymagazine.cz\/index.php\/2022\/04\/08\/sladky-luxus-roman-janecek-otvira-svuj-veneckovy-boutique\/#breadcrumb","itemListElement":[{"@type":"ListItem","position":1,"name":"Dom\u016f","item":"https:\/\/luxurymagazine.cz\/"},{"@type":"ListItem","position":2,"name":"Sladk\u00fd luxus: Roman Jane\u010dek otv\u00edr\u00e1 sv\u016fj v\u011bne\u010dkov\u00fd boutique"}]},{"@type":"WebSite","@id":"https:\/\/luxurymagazine.cz\/#website","url":"https:\/\/luxurymagazine.cz\/","name":"LUXURYMAGAZINE.cz","description":"Port\u00e1l v\u00fdhradn\u011b o luxusu...","publisher":{"@id":"https:\/\/luxurymagazine.cz\/#organization"},"potentialAction":[{"@type":"SearchAction","target":{"@type":"EntryPoint","urlTemplate":"https:\/\/luxurymagazine.cz\/?s={search_term_string}"},"query-input":"required name=search_term_string"}],"inLanguage":"cs"},{"@type":"Organization","@id":"https:\/\/luxurymagazine.cz\/#organization","name":"LUXURYMAGAZINE.cz","url":"https:\/\/luxurymagazine.cz\/","logo":{"@type":"ImageObject","inLanguage":"cs","@id":"https:\/\/luxurymagazine.cz\/#\/schema\/logo\/image\/","url":"https:\/\/luxurymagazine.cz\/wp-content\/uploads\/2024\/12\/cropped-Logo_LuxuryMagazine-1.jpg","contentUrl":"https:\/\/luxurymagazine.cz\/wp-content\/uploads\/2024\/12\/cropped-Logo_LuxuryMagazine-1.jpg","width":934,"height":509,"caption":"LUXURYMAGAZINE.cz"},"image":{"@id":"https:\/\/luxurymagazine.cz\/#\/schema\/logo\/image\/"}},{"@type":"Person","@id":"https:\/\/luxurymagazine.cz\/#\/schema\/person\/581f64efd4b5872ac991ea3581f630dc","name":"Jolana Hol\u00e1\u0148ov\u00e1","image":{"@type":"ImageObject","inLanguage":"cs","@id":"https:\/\/luxurymagazine.cz\/#\/schema\/person\/image\/","url":"https:\/\/secure.gravatar.com\/avatar\/5863c504ed89cd419ff3a5e812c722ff?s=96&d=mm&r=g","contentUrl":"https:\/\/secure.gravatar.com\/avatar\/5863c504ed89cd419ff3a5e812c722ff?s=96&d=mm&r=g","caption":"Jolana Hol\u00e1\u0148ov\u00e1"},"sameAs":["http:\/\/LUXURYMAGAZINE.cz"],"url":"https:\/\/luxurymagazine.cz\/index.php\/author\/jolhol\/"}]}},"_links":{"self":[{"href":"https:\/\/luxurymagazine.cz\/index.php\/wp-json\/wp\/v2\/posts\/2319"}],"collection":[{"href":"https:\/\/luxurymagazine.cz\/index.php\/wp-json\/wp\/v2\/posts"}],"about":[{"href":"https:\/\/luxurymagazine.cz\/index.php\/wp-json\/wp\/v2\/types\/post"}],"author":[{"embeddable":true,"href":"https:\/\/luxurymagazine.cz\/index.php\/wp-json\/wp\/v2\/users\/2"}],"replies":[{"embeddable":true,"href":"https:\/\/luxurymagazine.cz\/index.php\/wp-json\/wp\/v2\/comments?post=2319"}],"version-history":[{"count":-3,"href":"https:\/\/luxurymagazine.cz\/index.php\/wp-json\/wp\/v2\/posts\/2319\/revisions"}],"wp:featuredmedia":[{"embeddable":true,"href":"https:\/\/luxurymagazine.cz\/index.php\/wp-json\/wp\/v2\/media\/2321"}],"wp:attachment":[{"href":"https:\/\/luxurymagazine.cz\/index.php\/wp-json\/wp\/v2\/media?parent=2319"}],"wp:term":[{"taxonomy":"category","embeddable":true,"href":"https:\/\/luxurymagazine.cz\/index.php\/wp-json\/wp\/v2\/categories?post=2319"},{"taxonomy":"post_tag","embeddable":true,"href":"https:\/\/luxurymagazine.cz\/index.php\/wp-json\/wp\/v2\/tags?post=2319"}],"curies":[{"name":"wp","href":"https:\/\/api.w.org\/{rel}","templated":true}]}}