{"id":2392,"date":"2022-04-26T00:53:00","date_gmt":"2022-04-25T22:53:00","guid":{"rendered":"https:\/\/luxurymagazine.cz\/?p=2392"},"modified":"2022-06-17T00:31:27","modified_gmt":"2022-06-16T22:31:27","slug":"dopravce-ryanair-nove-spoji-prahu-s-turinem","status":"publish","type":"post","link":"https:\/\/luxurymagazine.cz\/index.php\/2022\/04\/26\/dopravce-ryanair-nove-spoji-prahu-s-turinem\/","title":{"rendered":"Dopravce Ryanair nov\u011b spoj\u00ed Prahu s Tur\u00ednem"},"content":{"rendered":"\n<div style=\"height:20px\" aria-hidden=\"true\" class=\"wp-block-spacer\"><\/div>\n\n\n\n<p><strong>Leti\u0161ti Praha p\u0159ibyla nov\u00e1 destinace. Spole\u010dnost Ryanair ozn\u00e1mila nov\u00e9 zaj\u00edmav\u00e9 spojen\u00ed, kter\u00e9 p\u0159id\u00e1 na seznam linek provozovan\u00fdch z Prahy v r\u00e1mci letn\u00ed sez\u00f3ny. Jedn\u00e1 se o trasu do italsk\u00e9ho Tur\u00edna, kterou bude operovat od 5. \u010dervna dvakr\u00e1t t\u00fddn\u011b. T\u00edm dos\u00e1hne po\u010det linek spole\u010dnosti Ryanair provozovan\u00fdch z\/do Prahy v l\u00e9t\u011b 2022 \u010d\u00edsla 29. Dopravce tak propoj\u00ed mnoho m\u011bst a region\u016f v Evrop\u011b a nab\u00eddne sv\u00fdm z\u00e1kazn\u00edk\u016fm v\u00edce mo\u017enost\u00ed ne\u017e kdykoli v minulosti.<\/strong><\/p>\n\n\n\n<figure class=\"wp-block-image\"><img decoding=\"async\" src=\"https:\/\/hotelhouse.cz\/wp-content\/uploads\/2022\/04\/piazza-vittorio-438449_960_720.jpg\" alt=\"\" class=\"wp-image-2901\"\/><\/figure>\n\n\n\n<p>\u201e<em>Obnova leteck\u00fdch spojen\u00ed z Prahy pokra\u010duje. Nov\u00e1 linka leteck\u00e9 spole\u010dnosti Ryanair do Tur\u00edna podpo\u0159\u00ed dal\u0161\u00ed rozvoj nejen v\u00fdjezdov\u00e9ho, ale tak\u00e9 p\u0159\u00edjezdov\u00e9ho cestovn\u00edho turismu. Tur\u00edn je dlouhodob\u011b destinace, o kterou jsme usilovali,\u201c\u00a0<\/em><strong>\u0159\u00edk\u00e1 Jaroslav Filip, \u0159editel leteck\u00e9ho obchodu Leti\u0161t\u011b Praha.<\/strong><\/p>\n\n\n\n<figure class=\"wp-block-gallery columns-2 is-cropped wp-block-gallery-1 is-layout-flex wp-block-gallery-is-layout-flex\"><ul class=\"blocks-gallery-grid\"><li class=\"blocks-gallery-item\"><figure><img decoding=\"async\" loading=\"lazy\" width=\"960\" height=\"640\" src=\"https:\/\/luxurymagazine.cz\/wp-content\/uploads\/2022\/04\/palace-4514113_960_720.jpg\" alt=\"\" data-id=\"2396\" data-full-url=\"https:\/\/luxurymagazine.cz\/wp-content\/uploads\/2022\/04\/palace-4514113_960_720.jpg\" data-link=\"https:\/\/luxurymagazine.cz\/?attachment_id=2396\" class=\"wp-image-2396\" srcset=\"https:\/\/luxurymagazine.cz\/wp-content\/uploads\/2022\/04\/palace-4514113_960_720.jpg 960w, https:\/\/luxurymagazine.cz\/wp-content\/uploads\/2022\/04\/palace-4514113_960_720-300x200.jpg 300w, https:\/\/luxurymagazine.cz\/wp-content\/uploads\/2022\/04\/palace-4514113_960_720-768x512.jpg 768w\" sizes=\"(max-width: 960px) 100vw, 960px\" \/><\/figure><\/li><li class=\"blocks-gallery-item\"><figure><img decoding=\"async\" loading=\"lazy\" width=\"960\" height=\"575\" src=\"https:\/\/luxurymagazine.cz\/wp-content\/uploads\/2022\/04\/church-622021_960_720.jpg\" alt=\"\" data-id=\"2394\" data-full-url=\"https:\/\/luxurymagazine.cz\/wp-content\/uploads\/2022\/04\/church-622021_960_720.jpg\" data-link=\"https:\/\/luxurymagazine.cz\/?attachment_id=2394\" class=\"wp-image-2394\" srcset=\"https:\/\/luxurymagazine.cz\/wp-content\/uploads\/2022\/04\/church-622021_960_720.jpg 960w, https:\/\/luxurymagazine.cz\/wp-content\/uploads\/2022\/04\/church-622021_960_720-300x180.jpg 300w, https:\/\/luxurymagazine.cz\/wp-content\/uploads\/2022\/04\/church-622021_960_720-768x460.jpg 768w\" sizes=\"(max-width: 960px) 100vw, 960px\" \/><\/figure><\/li><\/ul><\/figure>\n\n\n\n<p>Toto l\u00e9to bude Ryanair provozovat ze sv\u00fdch 90 z\u00e1kladen v\u00edce ne\u017e 2 400 tras a t\u00edm podporovat obnovu leteck\u00e9ho provozu a vytv\u00e1\u0159et pracovn\u00ed m\u00edsta po cel\u00e9 Evrop\u011b.<\/p>\n\n\n\n<p>\u201e<em>Ryanair, jako evropsk\u00e1 leteck\u00e1 spole\u010dnost \u010d\u00edslo jedna, s pot\u011b\u0161en\u00edm oznamuje zaveden\u00ed nov\u00e9 velmi zaj\u00edmav\u00e9 linky do Tur\u00edna. V r\u00e1mci letn\u00edho letov\u00e9ho \u0159\u00e1du pro sez\u00f3nu 2022 nab\u00edz\u00edme t\u00e9m\u011b\u0159 120 let\u016f t\u00fddn\u011b na 29 tras\u00e1ch, v\u010detn\u011b nov\u00e9 linky do Tur\u00edna a nov\u00e9 sez\u00f3nn\u00ed linky do Neapole. Apelujeme na sv\u00e9 pra\u017esk\u00e9 z\u00e1kazn\u00edky, aby co nejd\u0159\u00edve nav\u0161t\u00edvili str\u00e1nky www.ryanair.com a zarezervovali si v\u00fdlet do jedn\u00e9 z t\u011bchto b\u00e1je\u010dn\u00fdch italsk\u00fdch destinac\u00ed,\u201c<\/em>\u0159<strong>\u00edk\u00e1 Olga Pawlonka, country mana\u017eerka spole\u010dnosti Ryanair pro st\u0159edn\u00ed a v\u00fdchodn\u00ed Evropu<\/strong>.<\/p>\n\n\n\n<figure class=\"wp-block-image\"><img decoding=\"async\" src=\"https:\/\/hotelhouse.cz\/wp-content\/uploads\/2022\/04\/the-plane-5331793_960_720.jpg\" alt=\"\" class=\"wp-image-2903\"\/><\/figure>\n\n\n\n<p>Dopravce chce cestuj\u00edc\u00edm umo\u017enit zarezervovat si lety za ty nejni\u017e\u0161\u00ed mo\u017en\u00e9 ceny, doporu\u010duje, aby rezervace neodkl\u00e1dali. Prodej sedadel na v\u0161echny nov\u00e9 trasy je za ceny od pouh\u00fdch 19,99 EUR za jednosm\u011brnou letenku s proletem do \u0159\u00edjna 2022.<\/p>\n\n\n\n<p><strong>V\u00edce informac\u00ed je na webov\u00fdch str\u00e1nk\u00e1ch spole\u010dnosti\u00a0<a href=\"http:\/\/www.ryanair.com\/\">www.Ryanair.com<\/a>.<\/strong><\/p>\n\n\n\n<div style=\"height:50px\" aria-hidden=\"true\" class=\"wp-block-spacer\"><\/div>\n\n\n\n<figure class=\"wp-block-gallery columns-2 is-cropped wp-block-gallery-3 is-layout-flex wp-block-gallery-is-layout-flex\"><ul class=\"blocks-gallery-grid\"><li class=\"blocks-gallery-item\"><figure><img decoding=\"async\" loading=\"lazy\" width=\"960\" height=\"640\" src=\"https:\/\/luxurymagazine.cz\/wp-content\/uploads\/2022\/04\/city-4514111_960_720.jpg\" alt=\"\" data-id=\"2393\" data-full-url=\"https:\/\/luxurymagazine.cz\/wp-content\/uploads\/2022\/04\/city-4514111_960_720.jpg\" data-link=\"https:\/\/luxurymagazine.cz\/?attachment_id=2393\" class=\"wp-image-2393\" srcset=\"https:\/\/luxurymagazine.cz\/wp-content\/uploads\/2022\/04\/city-4514111_960_720.jpg 960w, https:\/\/luxurymagazine.cz\/wp-content\/uploads\/2022\/04\/city-4514111_960_720-300x200.jpg 300w, https:\/\/luxurymagazine.cz\/wp-content\/uploads\/2022\/04\/city-4514111_960_720-768x512.jpg 768w\" sizes=\"(max-width: 960px) 100vw, 960px\" \/><\/figure><\/li><li class=\"blocks-gallery-item\"><figure><img decoding=\"async\" loading=\"lazy\" width=\"960\" height=\"575\" src=\"https:\/\/luxurymagazine.cz\/wp-content\/uploads\/2022\/04\/church-622021_960_720.jpg\" alt=\"\" data-id=\"2394\" data-full-url=\"https:\/\/luxurymagazine.cz\/wp-content\/uploads\/2022\/04\/church-622021_960_720.jpg\" data-link=\"https:\/\/luxurymagazine.cz\/?attachment_id=2394\" class=\"wp-image-2394\" srcset=\"https:\/\/luxurymagazine.cz\/wp-content\/uploads\/2022\/04\/church-622021_960_720.jpg 960w, https:\/\/luxurymagazine.cz\/wp-content\/uploads\/2022\/04\/church-622021_960_720-300x180.jpg 300w, https:\/\/luxurymagazine.cz\/wp-content\/uploads\/2022\/04\/church-622021_960_720-768x460.jpg 768w\" sizes=\"(max-width: 960px) 100vw, 960px\" \/><\/figure><\/li><li class=\"blocks-gallery-item\"><figure><img decoding=\"async\" loading=\"lazy\" width=\"960\" height=\"640\" src=\"https:\/\/luxurymagazine.cz\/wp-content\/uploads\/2022\/04\/italy-1785754_960_720.jpg\" alt=\"\" data-id=\"2395\" data-full-url=\"https:\/\/luxurymagazine.cz\/wp-content\/uploads\/2022\/04\/italy-1785754_960_720.jpg\" data-link=\"https:\/\/luxurymagazine.cz\/?attachment_id=2395\" class=\"wp-image-2395\" srcset=\"https:\/\/luxurymagazine.cz\/wp-content\/uploads\/2022\/04\/italy-1785754_960_720.jpg 960w, https:\/\/luxurymagazine.cz\/wp-content\/uploads\/2022\/04\/italy-1785754_960_720-300x200.jpg 300w, https:\/\/luxurymagazine.cz\/wp-content\/uploads\/2022\/04\/italy-1785754_960_720-768x512.jpg 768w\" sizes=\"(max-width: 960px) 100vw, 960px\" \/><\/figure><\/li><li class=\"blocks-gallery-item\"><figure><img decoding=\"async\" loading=\"lazy\" width=\"960\" height=\"640\" src=\"https:\/\/luxurymagazine.cz\/wp-content\/uploads\/2022\/04\/palace-4514113_960_720.jpg\" alt=\"\" data-id=\"2396\" data-full-url=\"https:\/\/luxurymagazine.cz\/wp-content\/uploads\/2022\/04\/palace-4514113_960_720.jpg\" data-link=\"https:\/\/luxurymagazine.cz\/?attachment_id=2396\" class=\"wp-image-2396\" srcset=\"https:\/\/luxurymagazine.cz\/wp-content\/uploads\/2022\/04\/palace-4514113_960_720.jpg 960w, https:\/\/luxurymagazine.cz\/wp-content\/uploads\/2022\/04\/palace-4514113_960_720-300x200.jpg 300w, https:\/\/luxurymagazine.cz\/wp-content\/uploads\/2022\/04\/palace-4514113_960_720-768x512.jpg 768w\" sizes=\"(max-width: 960px) 100vw, 960px\" \/><\/figure><\/li><li class=\"blocks-gallery-item\"><figure><img decoding=\"async\" loading=\"lazy\" width=\"960\" height=\"640\" src=\"https:\/\/luxurymagazine.cz\/wp-content\/uploads\/2022\/04\/piazza-vittorio-438449_960_720.jpg\" alt=\"\" data-id=\"2397\" data-full-url=\"https:\/\/luxurymagazine.cz\/wp-content\/uploads\/2022\/04\/piazza-vittorio-438449_960_720.jpg\" data-link=\"https:\/\/luxurymagazine.cz\/?attachment_id=2397\" class=\"wp-image-2397\" srcset=\"https:\/\/luxurymagazine.cz\/wp-content\/uploads\/2022\/04\/piazza-vittorio-438449_960_720.jpg 960w, https:\/\/luxurymagazine.cz\/wp-content\/uploads\/2022\/04\/piazza-vittorio-438449_960_720-300x200.jpg 300w, https:\/\/luxurymagazine.cz\/wp-content\/uploads\/2022\/04\/piazza-vittorio-438449_960_720-768x512.jpg 768w\" sizes=\"(max-width: 960px) 100vw, 960px\" \/><\/figure><\/li><li class=\"blocks-gallery-item\"><figure><img decoding=\"async\" loading=\"lazy\" width=\"960\" height=\"640\" src=\"https:\/\/luxurymagazine.cz\/wp-content\/uploads\/2022\/04\/plane-3846461_960_720.jpg\" alt=\"\" data-id=\"2398\" data-full-url=\"https:\/\/luxurymagazine.cz\/wp-content\/uploads\/2022\/04\/plane-3846461_960_720.jpg\" data-link=\"https:\/\/luxurymagazine.cz\/?attachment_id=2398\" class=\"wp-image-2398\" srcset=\"https:\/\/luxurymagazine.cz\/wp-content\/uploads\/2022\/04\/plane-3846461_960_720.jpg 960w, https:\/\/luxurymagazine.cz\/wp-content\/uploads\/2022\/04\/plane-3846461_960_720-300x200.jpg 300w, https:\/\/luxurymagazine.cz\/wp-content\/uploads\/2022\/04\/plane-3846461_960_720-768x512.jpg 768w\" sizes=\"(max-width: 960px) 100vw, 960px\" \/><\/figure><\/li><li class=\"blocks-gallery-item\"><figure><img decoding=\"async\" loading=\"lazy\" width=\"960\" height=\"640\" src=\"https:\/\/luxurymagazine.cz\/wp-content\/uploads\/2022\/04\/the-plane-5331793_960_720.jpg\" alt=\"\" data-id=\"2399\" data-full-url=\"https:\/\/luxurymagazine.cz\/wp-content\/uploads\/2022\/04\/the-plane-5331793_960_720.jpg\" data-link=\"https:\/\/luxurymagazine.cz\/?attachment_id=2399\" class=\"wp-image-2399\" srcset=\"https:\/\/luxurymagazine.cz\/wp-content\/uploads\/2022\/04\/the-plane-5331793_960_720.jpg 960w, https:\/\/luxurymagazine.cz\/wp-content\/uploads\/2022\/04\/the-plane-5331793_960_720-300x200.jpg 300w, https:\/\/luxurymagazine.cz\/wp-content\/uploads\/2022\/04\/the-plane-5331793_960_720-768x512.jpg 768w\" sizes=\"(max-width: 960px) 100vw, 960px\" \/><\/figure><\/li><\/ul><\/figure>\n\n\n\n<p><strong>Zdroj foto:<\/strong>\u00a0Pixabay.com<\/p>\n\n\n\n<div style=\"height:100px\" aria-hidden=\"true\" class=\"wp-block-spacer\"><\/div>\n","protected":false},"excerpt":{"rendered":"<p>Leti\u0161ti Praha p\u0159ibyla nov\u00e1 destinace. Spole\u010dnost Ryanair ozn\u00e1mila nov\u00e9 zaj\u00edmav\u00e9 spojen\u00ed, kter\u00e9 p\u0159id\u00e1 na seznam linek provozovan\u00fdch z Prahy v r\u00e1mci letn\u00ed sez\u00f3ny. Jedn\u00e1 se o trasu do italsk\u00e9ho Tur\u00edna, kterou bude operovat od 5. \u010dervna dvakr\u00e1t t\u00fddn\u011b. T\u00edm dos\u00e1hne po\u010det linek spole\u010dnosti Ryanair provozovan\u00fdch z\/do Prahy v l\u00e9t\u011b 2022 \u010d\u00edsla 29. Dopravce tak propoj\u00ed [&hellip;]<\/p>\n","protected":false},"author":3,"featured_media":2397,"comment_status":"closed","ping_status":"closed","sticky":false,"template":"","format":"standard","meta":{"_mi_skip_tracking":false,"_monsterinsights_sitenote_active":false,"_monsterinsights_sitenote_note":"","_monsterinsights_sitenote_category":0,"footnotes":""},"categories":[6,2],"tags":[],"yoast_head":"<!-- This site is optimized with the Yoast SEO plugin v21.4 - https:\/\/yoast.com\/wordpress\/plugins\/seo\/ -->\n<title>Dopravce Ryanair nov\u011b spoj\u00ed Prahu s Tur\u00ednem - LUXURYMAGAZINE.cz<\/title>\n<meta name=\"robots\" content=\"index, follow, max-snippet:-1, max-image-preview:large, max-video-preview:-1\" \/>\n<link rel=\"canonical\" href=\"https:\/\/luxurymagazine.cz\/index.php\/2022\/04\/26\/dopravce-ryanair-nove-spoji-prahu-s-turinem\/\" \/>\n<meta property=\"og:locale\" content=\"cs_CZ\" \/>\n<meta property=\"og:type\" content=\"article\" \/>\n<meta property=\"og:title\" content=\"Dopravce Ryanair nov\u011b spoj\u00ed Prahu s Tur\u00ednem - LUXURYMAGAZINE.cz\" \/>\n<meta property=\"og:description\" content=\"Leti\u0161ti Praha p\u0159ibyla nov\u00e1 destinace. Spole\u010dnost Ryanair ozn\u00e1mila nov\u00e9 zaj\u00edmav\u00e9 spojen\u00ed, kter\u00e9 p\u0159id\u00e1 na seznam linek provozovan\u00fdch z Prahy v r\u00e1mci letn\u00ed sez\u00f3ny. Jedn\u00e1 se o trasu do italsk\u00e9ho Tur\u00edna, kterou bude operovat od 5. \u010dervna dvakr\u00e1t t\u00fddn\u011b. T\u00edm dos\u00e1hne po\u010det linek spole\u010dnosti Ryanair provozovan\u00fdch z\/do Prahy v l\u00e9t\u011b 2022 \u010d\u00edsla 29. Dopravce tak propoj\u00ed [&hellip;]\" \/>\n<meta property=\"og:url\" content=\"https:\/\/luxurymagazine.cz\/index.php\/2022\/04\/26\/dopravce-ryanair-nove-spoji-prahu-s-turinem\/\" \/>\n<meta property=\"og:site_name\" content=\"LUXURYMAGAZINE.cz\" \/>\n<meta property=\"article:published_time\" content=\"2022-04-25T22:53:00+00:00\" \/>\n<meta property=\"article:modified_time\" content=\"2022-06-16T22:31:27+00:00\" \/>\n<meta property=\"og:image\" content=\"https:\/\/luxurymagazine.cz\/wp-content\/uploads\/2022\/04\/piazza-vittorio-438449_960_720.jpg\" \/>\n\t<meta property=\"og:image:width\" content=\"960\" \/>\n\t<meta property=\"og:image:height\" content=\"640\" \/>\n\t<meta property=\"og:image:type\" content=\"image\/jpeg\" \/>\n<meta name=\"author\" content=\"Miroslav Van\u011bk\" \/>\n<meta name=\"twitter:card\" content=\"summary_large_image\" \/>\n<meta name=\"twitter:label1\" content=\"Napsal(a)\" \/>\n\t<meta name=\"twitter:data1\" content=\"Miroslav Van\u011bk\" \/>\n\t<meta name=\"twitter:label2\" content=\"Odhadovan\u00e1 doba \u010dten\u00ed\" \/>\n\t<meta name=\"twitter:data2\" content=\"2 minuty\" \/>\n<script type=\"application\/ld+json\" class=\"yoast-schema-graph\">{\"@context\":\"https:\/\/schema.org\",\"@graph\":[{\"@type\":\"Article\",\"@id\":\"https:\/\/luxurymagazine.cz\/index.php\/2022\/04\/26\/dopravce-ryanair-nove-spoji-prahu-s-turinem\/#article\",\"isPartOf\":{\"@id\":\"https:\/\/luxurymagazine.cz\/index.php\/2022\/04\/26\/dopravce-ryanair-nove-spoji-prahu-s-turinem\/\"},\"author\":{\"name\":\"Miroslav Van\u011bk\",\"@id\":\"https:\/\/luxurymagazine.cz\/#\/schema\/person\/44a069a3b1eab523585f7325b6e54254\"},\"headline\":\"Dopravce Ryanair nov\u011b spoj\u00ed Prahu s Tur\u00ednem\",\"datePublished\":\"2022-04-25T22:53:00+00:00\",\"dateModified\":\"2022-06-16T22:31:27+00:00\",\"mainEntityOfPage\":{\"@id\":\"https:\/\/luxurymagazine.cz\/index.php\/2022\/04\/26\/dopravce-ryanair-nove-spoji-prahu-s-turinem\/\"},\"wordCount\":361,\"publisher\":{\"@id\":\"https:\/\/luxurymagazine.cz\/#organization\"},\"articleSection\":[\"CESTOV\u00c1N\u00cd &amp; LETENKY\",\"NEWS\"],\"inLanguage\":\"cs\"},{\"@type\":\"WebPage\",\"@id\":\"https:\/\/luxurymagazine.cz\/index.php\/2022\/04\/26\/dopravce-ryanair-nove-spoji-prahu-s-turinem\/\",\"url\":\"https:\/\/luxurymagazine.cz\/index.php\/2022\/04\/26\/dopravce-ryanair-nove-spoji-prahu-s-turinem\/\",\"name\":\"Dopravce Ryanair nov\u011b spoj\u00ed Prahu s Tur\u00ednem - LUXURYMAGAZINE.cz\",\"isPartOf\":{\"@id\":\"https:\/\/luxurymagazine.cz\/#website\"},\"datePublished\":\"2022-04-25T22:53:00+00:00\",\"dateModified\":\"2022-06-16T22:31:27+00:00\",\"breadcrumb\":{\"@id\":\"https:\/\/luxurymagazine.cz\/index.php\/2022\/04\/26\/dopravce-ryanair-nove-spoji-prahu-s-turinem\/#breadcrumb\"},\"inLanguage\":\"cs\",\"potentialAction\":[{\"@type\":\"ReadAction\",\"target\":[\"https:\/\/luxurymagazine.cz\/index.php\/2022\/04\/26\/dopravce-ryanair-nove-spoji-prahu-s-turinem\/\"]}]},{\"@type\":\"BreadcrumbList\",\"@id\":\"https:\/\/luxurymagazine.cz\/index.php\/2022\/04\/26\/dopravce-ryanair-nove-spoji-prahu-s-turinem\/#breadcrumb\",\"itemListElement\":[{\"@type\":\"ListItem\",\"position\":1,\"name\":\"Dom\u016f\",\"item\":\"https:\/\/luxurymagazine.cz\/\"},{\"@type\":\"ListItem\",\"position\":2,\"name\":\"Dopravce Ryanair nov\u011b spoj\u00ed Prahu s Tur\u00ednem\"}]},{\"@type\":\"WebSite\",\"@id\":\"https:\/\/luxurymagazine.cz\/#website\",\"url\":\"https:\/\/luxurymagazine.cz\/\",\"name\":\"LUXURYMAGAZINE.cz\",\"description\":\"Port\u00e1l v\u00fdhradn\u011b o luxusu...\",\"publisher\":{\"@id\":\"https:\/\/luxurymagazine.cz\/#organization\"},\"potentialAction\":[{\"@type\":\"SearchAction\",\"target\":{\"@type\":\"EntryPoint\",\"urlTemplate\":\"https:\/\/luxurymagazine.cz\/?s={search_term_string}\"},\"query-input\":\"required name=search_term_string\"}],\"inLanguage\":\"cs\"},{\"@type\":\"Organization\",\"@id\":\"https:\/\/luxurymagazine.cz\/#organization\",\"name\":\"LUXURYMAGAZINE.cz\",\"url\":\"https:\/\/luxurymagazine.cz\/\",\"logo\":{\"@type\":\"ImageObject\",\"inLanguage\":\"cs\",\"@id\":\"https:\/\/luxurymagazine.cz\/#\/schema\/logo\/image\/\",\"url\":\"https:\/\/luxurymagazine.cz\/wp-content\/uploads\/2024\/12\/cropped-Logo_LuxuryMagazine-1.jpg\",\"contentUrl\":\"https:\/\/luxurymagazine.cz\/wp-content\/uploads\/2024\/12\/cropped-Logo_LuxuryMagazine-1.jpg\",\"width\":934,\"height\":509,\"caption\":\"LUXURYMAGAZINE.cz\"},\"image\":{\"@id\":\"https:\/\/luxurymagazine.cz\/#\/schema\/logo\/image\/\"}},{\"@type\":\"Person\",\"@id\":\"https:\/\/luxurymagazine.cz\/#\/schema\/person\/44a069a3b1eab523585f7325b6e54254\",\"name\":\"Miroslav Van\u011bk\",\"image\":{\"@type\":\"ImageObject\",\"inLanguage\":\"cs\",\"@id\":\"https:\/\/luxurymagazine.cz\/#\/schema\/person\/image\/\",\"url\":\"https:\/\/secure.gravatar.com\/avatar\/cc93dbecbfc820d69a964ea4a1c72377?s=96&d=mm&r=g\",\"contentUrl\":\"https:\/\/secure.gravatar.com\/avatar\/cc93dbecbfc820d69a964ea4a1c72377?s=96&d=mm&r=g\",\"caption\":\"Miroslav Van\u011bk\"},\"sameAs\":[\"http:\/\/LUXURYMAGAZINE.cz\"],\"url\":\"https:\/\/luxurymagazine.cz\/index.php\/author\/mirvan\/\"}]}<\/script>\n<!-- \/ Yoast SEO plugin. -->","yoast_head_json":{"title":"Dopravce Ryanair nov\u011b spoj\u00ed Prahu s Tur\u00ednem - LUXURYMAGAZINE.cz","robots":{"index":"index","follow":"follow","max-snippet":"max-snippet:-1","max-image-preview":"max-image-preview:large","max-video-preview":"max-video-preview:-1"},"canonical":"https:\/\/luxurymagazine.cz\/index.php\/2022\/04\/26\/dopravce-ryanair-nove-spoji-prahu-s-turinem\/","og_locale":"cs_CZ","og_type":"article","og_title":"Dopravce Ryanair nov\u011b spoj\u00ed Prahu s Tur\u00ednem - LUXURYMAGAZINE.cz","og_description":"Leti\u0161ti Praha p\u0159ibyla nov\u00e1 destinace. Spole\u010dnost Ryanair ozn\u00e1mila nov\u00e9 zaj\u00edmav\u00e9 spojen\u00ed, kter\u00e9 p\u0159id\u00e1 na seznam linek provozovan\u00fdch z Prahy v r\u00e1mci letn\u00ed sez\u00f3ny. Jedn\u00e1 se o trasu do italsk\u00e9ho Tur\u00edna, kterou bude operovat od 5. \u010dervna dvakr\u00e1t t\u00fddn\u011b. T\u00edm dos\u00e1hne po\u010det linek spole\u010dnosti Ryanair provozovan\u00fdch z\/do Prahy v l\u00e9t\u011b 2022 \u010d\u00edsla 29. Dopravce tak propoj\u00ed [&hellip;]","og_url":"https:\/\/luxurymagazine.cz\/index.php\/2022\/04\/26\/dopravce-ryanair-nove-spoji-prahu-s-turinem\/","og_site_name":"LUXURYMAGAZINE.cz","article_published_time":"2022-04-25T22:53:00+00:00","article_modified_time":"2022-06-16T22:31:27+00:00","og_image":[{"width":960,"height":640,"url":"https:\/\/luxurymagazine.cz\/wp-content\/uploads\/2022\/04\/piazza-vittorio-438449_960_720.jpg","type":"image\/jpeg"}],"author":"Miroslav Van\u011bk","twitter_card":"summary_large_image","twitter_misc":{"Napsal(a)":"Miroslav Van\u011bk","Odhadovan\u00e1 doba \u010dten\u00ed":"2 minuty"},"schema":{"@context":"https:\/\/schema.org","@graph":[{"@type":"Article","@id":"https:\/\/luxurymagazine.cz\/index.php\/2022\/04\/26\/dopravce-ryanair-nove-spoji-prahu-s-turinem\/#article","isPartOf":{"@id":"https:\/\/luxurymagazine.cz\/index.php\/2022\/04\/26\/dopravce-ryanair-nove-spoji-prahu-s-turinem\/"},"author":{"name":"Miroslav Van\u011bk","@id":"https:\/\/luxurymagazine.cz\/#\/schema\/person\/44a069a3b1eab523585f7325b6e54254"},"headline":"Dopravce Ryanair nov\u011b spoj\u00ed Prahu s Tur\u00ednem","datePublished":"2022-04-25T22:53:00+00:00","dateModified":"2022-06-16T22:31:27+00:00","mainEntityOfPage":{"@id":"https:\/\/luxurymagazine.cz\/index.php\/2022\/04\/26\/dopravce-ryanair-nove-spoji-prahu-s-turinem\/"},"wordCount":361,"publisher":{"@id":"https:\/\/luxurymagazine.cz\/#organization"},"articleSection":["CESTOV\u00c1N\u00cd &amp; LETENKY","NEWS"],"inLanguage":"cs"},{"@type":"WebPage","@id":"https:\/\/luxurymagazine.cz\/index.php\/2022\/04\/26\/dopravce-ryanair-nove-spoji-prahu-s-turinem\/","url":"https:\/\/luxurymagazine.cz\/index.php\/2022\/04\/26\/dopravce-ryanair-nove-spoji-prahu-s-turinem\/","name":"Dopravce Ryanair nov\u011b spoj\u00ed Prahu s Tur\u00ednem - LUXURYMAGAZINE.cz","isPartOf":{"@id":"https:\/\/luxurymagazine.cz\/#website"},"datePublished":"2022-04-25T22:53:00+00:00","dateModified":"2022-06-16T22:31:27+00:00","breadcrumb":{"@id":"https:\/\/luxurymagazine.cz\/index.php\/2022\/04\/26\/dopravce-ryanair-nove-spoji-prahu-s-turinem\/#breadcrumb"},"inLanguage":"cs","potentialAction":[{"@type":"ReadAction","target":["https:\/\/luxurymagazine.cz\/index.php\/2022\/04\/26\/dopravce-ryanair-nove-spoji-prahu-s-turinem\/"]}]},{"@type":"BreadcrumbList","@id":"https:\/\/luxurymagazine.cz\/index.php\/2022\/04\/26\/dopravce-ryanair-nove-spoji-prahu-s-turinem\/#breadcrumb","itemListElement":[{"@type":"ListItem","position":1,"name":"Dom\u016f","item":"https:\/\/luxurymagazine.cz\/"},{"@type":"ListItem","position":2,"name":"Dopravce Ryanair nov\u011b spoj\u00ed Prahu s Tur\u00ednem"}]},{"@type":"WebSite","@id":"https:\/\/luxurymagazine.cz\/#website","url":"https:\/\/luxurymagazine.cz\/","name":"LUXURYMAGAZINE.cz","description":"Port\u00e1l v\u00fdhradn\u011b o luxusu...","publisher":{"@id":"https:\/\/luxurymagazine.cz\/#organization"},"potentialAction":[{"@type":"SearchAction","target":{"@type":"EntryPoint","urlTemplate":"https:\/\/luxurymagazine.cz\/?s={search_term_string}"},"query-input":"required name=search_term_string"}],"inLanguage":"cs"},{"@type":"Organization","@id":"https:\/\/luxurymagazine.cz\/#organization","name":"LUXURYMAGAZINE.cz","url":"https:\/\/luxurymagazine.cz\/","logo":{"@type":"ImageObject","inLanguage":"cs","@id":"https:\/\/luxurymagazine.cz\/#\/schema\/logo\/image\/","url":"https:\/\/luxurymagazine.cz\/wp-content\/uploads\/2024\/12\/cropped-Logo_LuxuryMagazine-1.jpg","contentUrl":"https:\/\/luxurymagazine.cz\/wp-content\/uploads\/2024\/12\/cropped-Logo_LuxuryMagazine-1.jpg","width":934,"height":509,"caption":"LUXURYMAGAZINE.cz"},"image":{"@id":"https:\/\/luxurymagazine.cz\/#\/schema\/logo\/image\/"}},{"@type":"Person","@id":"https:\/\/luxurymagazine.cz\/#\/schema\/person\/44a069a3b1eab523585f7325b6e54254","name":"Miroslav Van\u011bk","image":{"@type":"ImageObject","inLanguage":"cs","@id":"https:\/\/luxurymagazine.cz\/#\/schema\/person\/image\/","url":"https:\/\/secure.gravatar.com\/avatar\/cc93dbecbfc820d69a964ea4a1c72377?s=96&d=mm&r=g","contentUrl":"https:\/\/secure.gravatar.com\/avatar\/cc93dbecbfc820d69a964ea4a1c72377?s=96&d=mm&r=g","caption":"Miroslav Van\u011bk"},"sameAs":["http:\/\/LUXURYMAGAZINE.cz"],"url":"https:\/\/luxurymagazine.cz\/index.php\/author\/mirvan\/"}]}},"_links":{"self":[{"href":"https:\/\/luxurymagazine.cz\/index.php\/wp-json\/wp\/v2\/posts\/2392"}],"collection":[{"href":"https:\/\/luxurymagazine.cz\/index.php\/wp-json\/wp\/v2\/posts"}],"about":[{"href":"https:\/\/luxurymagazine.cz\/index.php\/wp-json\/wp\/v2\/types\/post"}],"author":[{"embeddable":true,"href":"https:\/\/luxurymagazine.cz\/index.php\/wp-json\/wp\/v2\/users\/3"}],"replies":[{"embeddable":true,"href":"https:\/\/luxurymagazine.cz\/index.php\/wp-json\/wp\/v2\/comments?post=2392"}],"version-history":[{"count":-4,"href":"https:\/\/luxurymagazine.cz\/index.php\/wp-json\/wp\/v2\/posts\/2392\/revisions"}],"wp:featuredmedia":[{"embeddable":true,"href":"https:\/\/luxurymagazine.cz\/index.php\/wp-json\/wp\/v2\/media\/2397"}],"wp:attachment":[{"href":"https:\/\/luxurymagazine.cz\/index.php\/wp-json\/wp\/v2\/media?parent=2392"}],"wp:term":[{"taxonomy":"category","embeddable":true,"href":"https:\/\/luxurymagazine.cz\/index.php\/wp-json\/wp\/v2\/categories?post=2392"},{"taxonomy":"post_tag","embeddable":true,"href":"https:\/\/luxurymagazine.cz\/index.php\/wp-json\/wp\/v2\/tags?post=2392"}],"curies":[{"name":"wp","href":"https:\/\/api.w.org\/{rel}","templated":true}]}}