{"id":2443,"date":"2022-05-13T17:25:46","date_gmt":"2022-05-13T15:25:46","guid":{"rendered":"https:\/\/luxurymagazine.cz\/?p=2443"},"modified":"2022-07-08T00:33:13","modified_gmt":"2022-07-07T22:33:13","slug":"v-sobotu-14-5-se-otevre-verejnosti-bazenova-cast-saunia-thermal-resortu-v-karlovych-varech","status":"publish","type":"post","link":"https:\/\/luxurymagazine.cz\/index.php\/2022\/05\/13\/v-sobotu-14-5-se-otevre-verejnosti-bazenova-cast-saunia-thermal-resortu-v-karlovych-varech\/","title":{"rendered":"V sobotu 14.5. se otev\u0159e ve\u0159ejnosti baz\u00e9nov\u00e1 \u010d\u00e1st Saunia Thermal Resortu v Karlov\u00fdch Varech"},"content":{"rendered":"\n<div style=\"height:20px\" aria-hidden=\"true\" class=\"wp-block-spacer\"><\/div>\n\n\n\n<p><strong>V sobotu 14.5. se otev\u0159e ve\u0159ejnosti baz\u00e9nov\u00e1 \u010d\u00e1st Saunia Thermal Resortu v Karlov\u00fdch Varech.<\/strong><\/p>\n\n\n\n<figure class=\"wp-block-image\"><img decoding=\"async\" src=\"https:\/\/hotelhouse.cz\/wp-content\/uploads\/2022\/05\/215847553_163507959175737_7266555108176442314_n-1024x536.jpg\" alt=\"\" class=\"wp-image-2955\"\/><\/figure>\n\n\n\n<p><strong>Otev\u0159eno bude ka\u017ed\u00fd den od 9:00 do 23:00 hodin.V provozu bude relaxa\u010dn\u00ed baz\u00e9n s teplotou 32\u00b0C a stejn\u011b tak i v\u0159\u00eddeln\u00ed baz\u00e9n s teplotou 38\u00b0C.<\/strong><\/p>\n\n\n\n<figure class=\"wp-block-gallery columns-2 is-cropped wp-block-gallery-1 is-layout-flex wp-block-gallery-is-layout-flex\"><ul class=\"blocks-gallery-grid\"><li class=\"blocks-gallery-item\"><figure><img decoding=\"async\" src=\"https:\/\/hotelhouse.cz\/wp-content\/uploads\/2022\/05\/241145658_6047258232014080_2413112619854465986_n-768x1024.jpg\" alt=\"\" data-id=\"2958\" data-link=\"https:\/\/hotelhouse.cz\/?attachment_id=2958\" class=\"wp-image-2958\"\/><\/figure><\/li><li class=\"blocks-gallery-item\"><figure><img decoding=\"async\" src=\"https:\/\/hotelhouse.cz\/wp-content\/uploads\/2022\/05\/240838451_6021763454563558_1655921644575334711_n-768x1024.jpg\" alt=\"\" data-id=\"2957\" data-link=\"https:\/\/hotelhouse.cz\/?attachment_id=2957\" class=\"wp-image-2957\"\/><\/figure><\/li><\/ul><\/figure>\n\n\n\n<p><strong>Saunov\u00fd sv\u011bt a restaurace Varyo se otev\u0159e hned, jak to bude mo\u017en\u00e9. <\/strong><\/p>\n\n\n\n<figure class=\"wp-block-image\"><img decoding=\"async\" src=\"https:\/\/hotelhouse.cz\/wp-content\/uploads\/2022\/05\/280930288_362085152651349_2347262308225199189_n_TTL-1024x771.jpg\" alt=\"\" class=\"wp-image-2961\"\/><\/figure>\n\n\n\n<p><strong>V\u00edce informac\u00ed naleznete na <\/strong><a rel=\"noreferrer noopener\" href=\"https:\/\/www.instagram.com\/saunia_thermalresort\/?fbclid=IwAR1i5cswU5cnFTccqjN2mVaET8S_waQjqkj5T0qGhYN09vWeV5QDadfHaDE\" target=\"_blank\"><strong>www.instagram.com\/saunia_thermalresort<\/strong><\/a><\/p>\n\n\n\n<div style=\"height:50px\" aria-hidden=\"true\" class=\"wp-block-spacer\"><\/div>\n\n\n\n<figure class=\"wp-block-gallery columns-2 is-cropped wp-block-gallery-3 is-layout-flex wp-block-gallery-is-layout-flex\"><ul class=\"blocks-gallery-grid\"><li class=\"blocks-gallery-item\"><figure><img decoding=\"async\" src=\"https:\/\/hotelhouse.cz\/wp-content\/uploads\/2022\/05\/215847553_163507959175737_7266555108176442314_n-1024x536.jpg\" alt=\"\" data-id=\"2955\" data-link=\"https:\/\/hotelhouse.cz\/?attachment_id=2955\" class=\"wp-image-2955\"\/><\/figure><\/li><li class=\"blocks-gallery-item\"><figure><img decoding=\"async\" src=\"https:\/\/hotelhouse.cz\/wp-content\/uploads\/2022\/05\/279894316_7387191401354083_3053461992823819973_n-1024x683.jpg\" alt=\"\" data-id=\"2959\" data-link=\"https:\/\/hotelhouse.cz\/?attachment_id=2959\" class=\"wp-image-2959\"\/><\/figure><\/li><li class=\"blocks-gallery-item\"><figure><img decoding=\"async\" src=\"https:\/\/hotelhouse.cz\/wp-content\/uploads\/2022\/05\/240838451_6021763454563558_1655921644575334711_n-768x1024.jpg\" alt=\"\" data-id=\"2957\" data-link=\"https:\/\/hotelhouse.cz\/?attachment_id=2957\" class=\"wp-image-2957\"\/><\/figure><\/li><li class=\"blocks-gallery-item\"><figure><img decoding=\"async\" src=\"https:\/\/hotelhouse.cz\/wp-content\/uploads\/2022\/05\/241145658_6047258232014080_2413112619854465986_n-768x1024.jpg\" alt=\"\" data-id=\"2958\" data-link=\"https:\/\/hotelhouse.cz\/?attachment_id=2958\" class=\"wp-image-2958\"\/><\/figure><\/li><li class=\"blocks-gallery-item\"><figure><img decoding=\"async\" src=\"https:\/\/hotelhouse.cz\/wp-content\/uploads\/2022\/05\/280930288_362085152651349_2347262308225199189_n-819x1024.jpg\" alt=\"\" data-id=\"2960\" data-link=\"https:\/\/hotelhouse.cz\/?attachment_id=2960\" class=\"wp-image-2960\"\/><\/figure><\/li><li class=\"blocks-gallery-item\"><figure><img decoding=\"async\" src=\"https:\/\/hotelhouse.cz\/wp-content\/uploads\/2022\/05\/239684842_6008617222544848_1957847500201074147_n-768x1024.jpg\" alt=\"\" data-id=\"2956\" data-link=\"https:\/\/hotelhouse.cz\/?attachment_id=2956\" class=\"wp-image-2956\"\/><\/figure><\/li><\/ul><\/figure>\n\n\n\n<p><strong>Zdroj foto: <\/strong>Saunia.cz, SPA HOTEL THERMAL<\/p>\n\n\n\n<div style=\"height:100px\" aria-hidden=\"true\" class=\"wp-block-spacer\"><\/div>\n","protected":false},"excerpt":{"rendered":"<p>V sobotu 14.5. se otev\u0159e ve\u0159ejnosti baz\u00e9nov\u00e1 \u010d\u00e1st Saunia Thermal Resortu v Karlov\u00fdch Varech. Otev\u0159eno bude ka\u017ed\u00fd den od 9:00 do 23:00 hodin.V provozu bude relaxa\u010dn\u00ed baz\u00e9n s teplotou 32\u00b0C a stejn\u011b tak i v\u0159\u00eddeln\u00ed baz\u00e9n s teplotou 38\u00b0C. Saunov\u00fd sv\u011bt a restaurace Varyo se otev\u0159e hned, jak to bude mo\u017en\u00e9. V\u00edce informac\u00ed naleznete na [&hellip;]<\/p>\n","protected":false},"author":1,"featured_media":2444,"comment_status":"closed","ping_status":"closed","sticky":false,"template":"","format":"standard","meta":{"_mi_skip_tracking":false,"_monsterinsights_sitenote_active":false,"_monsterinsights_sitenote_note":"","_monsterinsights_sitenote_category":0,"footnotes":""},"categories":[2,12,13,16],"tags":[],"yoast_head":"<!-- This site is optimized with the Yoast SEO plugin v21.4 - https:\/\/yoast.com\/wordpress\/plugins\/seo\/ -->\n<title>V sobotu 14.5. se otev\u0159e ve\u0159ejnosti baz\u00e9nov\u00e1 \u010d\u00e1st Saunia Thermal Resortu v Karlov\u00fdch Varech - LUXURYMAGAZINE.cz<\/title>\n<meta name=\"robots\" content=\"index, follow, max-snippet:-1, max-image-preview:large, max-video-preview:-1\" \/>\n<link rel=\"canonical\" href=\"https:\/\/luxurymagazine.cz\/index.php\/2022\/05\/13\/v-sobotu-14-5-se-otevre-verejnosti-bazenova-cast-saunia-thermal-resortu-v-karlovych-varech\/\" \/>\n<meta property=\"og:locale\" content=\"cs_CZ\" \/>\n<meta property=\"og:type\" content=\"article\" \/>\n<meta property=\"og:title\" content=\"V sobotu 14.5. se otev\u0159e ve\u0159ejnosti baz\u00e9nov\u00e1 \u010d\u00e1st Saunia Thermal Resortu v Karlov\u00fdch Varech - LUXURYMAGAZINE.cz\" \/>\n<meta property=\"og:description\" content=\"V sobotu 14.5. se otev\u0159e ve\u0159ejnosti baz\u00e9nov\u00e1 \u010d\u00e1st Saunia Thermal Resortu v Karlov\u00fdch Varech. Otev\u0159eno bude ka\u017ed\u00fd den od 9:00 do 23:00 hodin.V provozu bude relaxa\u010dn\u00ed baz\u00e9n s teplotou 32\u00b0C a stejn\u011b tak i v\u0159\u00eddeln\u00ed baz\u00e9n s teplotou 38\u00b0C. Saunov\u00fd sv\u011bt a restaurace Varyo se otev\u0159e hned, jak to bude mo\u017en\u00e9. V\u00edce informac\u00ed naleznete na [&hellip;]\" \/>\n<meta property=\"og:url\" content=\"https:\/\/luxurymagazine.cz\/index.php\/2022\/05\/13\/v-sobotu-14-5-se-otevre-verejnosti-bazenova-cast-saunia-thermal-resortu-v-karlovych-varech\/\" \/>\n<meta property=\"og:site_name\" content=\"LUXURYMAGAZINE.cz\" \/>\n<meta property=\"article:published_time\" content=\"2022-05-13T15:25:46+00:00\" \/>\n<meta property=\"article:modified_time\" content=\"2022-07-07T22:33:13+00:00\" \/>\n<meta property=\"og:image\" content=\"https:\/\/luxurymagazine.cz\/wp-content\/uploads\/2022\/05\/215847553_163507959175737_7266555108176442314_n.jpg\" \/>\n\t<meta property=\"og:image:width\" content=\"1200\" \/>\n\t<meta property=\"og:image:height\" content=\"628\" \/>\n\t<meta property=\"og:image:type\" content=\"image\/jpeg\" \/>\n<meta name=\"author\" content=\"Mikol\u00e1\u0161ek (\u0161\u00e9fredaktor HMG)\" \/>\n<meta name=\"twitter:card\" content=\"summary_large_image\" \/>\n<meta name=\"twitter:label1\" content=\"Napsal(a)\" \/>\n\t<meta name=\"twitter:data1\" content=\"Mikol\u00e1\u0161ek (\u0161\u00e9fredaktor HMG)\" \/>\n<script type=\"application\/ld+json\" class=\"yoast-schema-graph\">{\"@context\":\"https:\/\/schema.org\",\"@graph\":[{\"@type\":\"Article\",\"@id\":\"https:\/\/luxurymagazine.cz\/index.php\/2022\/05\/13\/v-sobotu-14-5-se-otevre-verejnosti-bazenova-cast-saunia-thermal-resortu-v-karlovych-varech\/#article\",\"isPartOf\":{\"@id\":\"https:\/\/luxurymagazine.cz\/index.php\/2022\/05\/13\/v-sobotu-14-5-se-otevre-verejnosti-bazenova-cast-saunia-thermal-resortu-v-karlovych-varech\/\"},\"author\":{\"name\":\"Mikol\u00e1\u0161ek (\u0161\u00e9fredaktor HMG)\",\"@id\":\"https:\/\/luxurymagazine.cz\/#\/schema\/person\/900281a2a290470de69f4ca1ff899a92\"},\"headline\":\"V sobotu 14.5. se otev\u0159e ve\u0159ejnosti baz\u00e9nov\u00e1 \u010d\u00e1st Saunia Thermal Resortu v Karlov\u00fdch Varech\",\"datePublished\":\"2022-05-13T15:25:46+00:00\",\"dateModified\":\"2022-07-07T22:33:13+00:00\",\"mainEntityOfPage\":{\"@id\":\"https:\/\/luxurymagazine.cz\/index.php\/2022\/05\/13\/v-sobotu-14-5-se-otevre-verejnosti-bazenova-cast-saunia-thermal-resortu-v-karlovych-varech\/\"},\"wordCount\":96,\"publisher\":{\"@id\":\"https:\/\/luxurymagazine.cz\/#organization\"},\"articleSection\":[\"NEWS\",\"RELAX &amp; SPORT\",\"TIPY &amp; TRENDY\",\"ZDRAV\u00cd\"],\"inLanguage\":\"cs\"},{\"@type\":\"WebPage\",\"@id\":\"https:\/\/luxurymagazine.cz\/index.php\/2022\/05\/13\/v-sobotu-14-5-se-otevre-verejnosti-bazenova-cast-saunia-thermal-resortu-v-karlovych-varech\/\",\"url\":\"https:\/\/luxurymagazine.cz\/index.php\/2022\/05\/13\/v-sobotu-14-5-se-otevre-verejnosti-bazenova-cast-saunia-thermal-resortu-v-karlovych-varech\/\",\"name\":\"V sobotu 14.5. se otev\u0159e ve\u0159ejnosti baz\u00e9nov\u00e1 \u010d\u00e1st Saunia Thermal Resortu v Karlov\u00fdch Varech - LUXURYMAGAZINE.cz\",\"isPartOf\":{\"@id\":\"https:\/\/luxurymagazine.cz\/#website\"},\"datePublished\":\"2022-05-13T15:25:46+00:00\",\"dateModified\":\"2022-07-07T22:33:13+00:00\",\"breadcrumb\":{\"@id\":\"https:\/\/luxurymagazine.cz\/index.php\/2022\/05\/13\/v-sobotu-14-5-se-otevre-verejnosti-bazenova-cast-saunia-thermal-resortu-v-karlovych-varech\/#breadcrumb\"},\"inLanguage\":\"cs\",\"potentialAction\":[{\"@type\":\"ReadAction\",\"target\":[\"https:\/\/luxurymagazine.cz\/index.php\/2022\/05\/13\/v-sobotu-14-5-se-otevre-verejnosti-bazenova-cast-saunia-thermal-resortu-v-karlovych-varech\/\"]}]},{\"@type\":\"BreadcrumbList\",\"@id\":\"https:\/\/luxurymagazine.cz\/index.php\/2022\/05\/13\/v-sobotu-14-5-se-otevre-verejnosti-bazenova-cast-saunia-thermal-resortu-v-karlovych-varech\/#breadcrumb\",\"itemListElement\":[{\"@type\":\"ListItem\",\"position\":1,\"name\":\"Dom\u016f\",\"item\":\"https:\/\/luxurymagazine.cz\/\"},{\"@type\":\"ListItem\",\"position\":2,\"name\":\"V sobotu 14.5. se otev\u0159e ve\u0159ejnosti baz\u00e9nov\u00e1 \u010d\u00e1st Saunia Thermal Resortu v Karlov\u00fdch Varech\"}]},{\"@type\":\"WebSite\",\"@id\":\"https:\/\/luxurymagazine.cz\/#website\",\"url\":\"https:\/\/luxurymagazine.cz\/\",\"name\":\"LUXURYMAGAZINE.cz\",\"description\":\"Port\u00e1l v\u00fdhradn\u011b o luxusu...\",\"publisher\":{\"@id\":\"https:\/\/luxurymagazine.cz\/#organization\"},\"potentialAction\":[{\"@type\":\"SearchAction\",\"target\":{\"@type\":\"EntryPoint\",\"urlTemplate\":\"https:\/\/luxurymagazine.cz\/?s={search_term_string}\"},\"query-input\":\"required name=search_term_string\"}],\"inLanguage\":\"cs\"},{\"@type\":\"Organization\",\"@id\":\"https:\/\/luxurymagazine.cz\/#organization\",\"name\":\"LUXURYMAGAZINE.cz\",\"url\":\"https:\/\/luxurymagazine.cz\/\",\"logo\":{\"@type\":\"ImageObject\",\"inLanguage\":\"cs\",\"@id\":\"https:\/\/luxurymagazine.cz\/#\/schema\/logo\/image\/\",\"url\":\"https:\/\/luxurymagazine.cz\/wp-content\/uploads\/2024\/12\/cropped-Logo_LuxuryMagazine-1.jpg\",\"contentUrl\":\"https:\/\/luxurymagazine.cz\/wp-content\/uploads\/2024\/12\/cropped-Logo_LuxuryMagazine-1.jpg\",\"width\":934,\"height\":509,\"caption\":\"LUXURYMAGAZINE.cz\"},\"image\":{\"@id\":\"https:\/\/luxurymagazine.cz\/#\/schema\/logo\/image\/\"}},{\"@type\":\"Person\",\"@id\":\"https:\/\/luxurymagazine.cz\/#\/schema\/person\/900281a2a290470de69f4ca1ff899a92\",\"name\":\"Mikol\u00e1\u0161ek (\u0161\u00e9fredaktor HMG)\",\"image\":{\"@type\":\"ImageObject\",\"inLanguage\":\"cs\",\"@id\":\"https:\/\/luxurymagazine.cz\/#\/schema\/person\/image\/\",\"url\":\"https:\/\/secure.gravatar.com\/avatar\/1c8a35f186d8baabb0513b2bdd8e53cd?s=96&d=mm&r=g\",\"contentUrl\":\"https:\/\/secure.gravatar.com\/avatar\/1c8a35f186d8baabb0513b2bdd8e53cd?s=96&d=mm&r=g\",\"caption\":\"Mikol\u00e1\u0161ek (\u0161\u00e9fredaktor HMG)\"},\"url\":\"https:\/\/luxurymagazine.cz\/index.php\/author\/ivomik\/\"}]}<\/script>\n<!-- \/ Yoast SEO plugin. -->","yoast_head_json":{"title":"V sobotu 14.5. se otev\u0159e ve\u0159ejnosti baz\u00e9nov\u00e1 \u010d\u00e1st Saunia Thermal Resortu v Karlov\u00fdch Varech - LUXURYMAGAZINE.cz","robots":{"index":"index","follow":"follow","max-snippet":"max-snippet:-1","max-image-preview":"max-image-preview:large","max-video-preview":"max-video-preview:-1"},"canonical":"https:\/\/luxurymagazine.cz\/index.php\/2022\/05\/13\/v-sobotu-14-5-se-otevre-verejnosti-bazenova-cast-saunia-thermal-resortu-v-karlovych-varech\/","og_locale":"cs_CZ","og_type":"article","og_title":"V sobotu 14.5. se otev\u0159e ve\u0159ejnosti baz\u00e9nov\u00e1 \u010d\u00e1st Saunia Thermal Resortu v Karlov\u00fdch Varech - LUXURYMAGAZINE.cz","og_description":"V sobotu 14.5. se otev\u0159e ve\u0159ejnosti baz\u00e9nov\u00e1 \u010d\u00e1st Saunia Thermal Resortu v Karlov\u00fdch Varech. Otev\u0159eno bude ka\u017ed\u00fd den od 9:00 do 23:00 hodin.V provozu bude relaxa\u010dn\u00ed baz\u00e9n s teplotou 32\u00b0C a stejn\u011b tak i v\u0159\u00eddeln\u00ed baz\u00e9n s teplotou 38\u00b0C. Saunov\u00fd sv\u011bt a restaurace Varyo se otev\u0159e hned, jak to bude mo\u017en\u00e9. V\u00edce informac\u00ed naleznete na [&hellip;]","og_url":"https:\/\/luxurymagazine.cz\/index.php\/2022\/05\/13\/v-sobotu-14-5-se-otevre-verejnosti-bazenova-cast-saunia-thermal-resortu-v-karlovych-varech\/","og_site_name":"LUXURYMAGAZINE.cz","article_published_time":"2022-05-13T15:25:46+00:00","article_modified_time":"2022-07-07T22:33:13+00:00","og_image":[{"width":1200,"height":628,"url":"https:\/\/luxurymagazine.cz\/wp-content\/uploads\/2022\/05\/215847553_163507959175737_7266555108176442314_n.jpg","type":"image\/jpeg"}],"author":"Mikol\u00e1\u0161ek (\u0161\u00e9fredaktor HMG)","twitter_card":"summary_large_image","twitter_misc":{"Napsal(a)":"Mikol\u00e1\u0161ek (\u0161\u00e9fredaktor HMG)"},"schema":{"@context":"https:\/\/schema.org","@graph":[{"@type":"Article","@id":"https:\/\/luxurymagazine.cz\/index.php\/2022\/05\/13\/v-sobotu-14-5-se-otevre-verejnosti-bazenova-cast-saunia-thermal-resortu-v-karlovych-varech\/#article","isPartOf":{"@id":"https:\/\/luxurymagazine.cz\/index.php\/2022\/05\/13\/v-sobotu-14-5-se-otevre-verejnosti-bazenova-cast-saunia-thermal-resortu-v-karlovych-varech\/"},"author":{"name":"Mikol\u00e1\u0161ek (\u0161\u00e9fredaktor HMG)","@id":"https:\/\/luxurymagazine.cz\/#\/schema\/person\/900281a2a290470de69f4ca1ff899a92"},"headline":"V sobotu 14.5. se otev\u0159e ve\u0159ejnosti baz\u00e9nov\u00e1 \u010d\u00e1st Saunia Thermal Resortu v Karlov\u00fdch Varech","datePublished":"2022-05-13T15:25:46+00:00","dateModified":"2022-07-07T22:33:13+00:00","mainEntityOfPage":{"@id":"https:\/\/luxurymagazine.cz\/index.php\/2022\/05\/13\/v-sobotu-14-5-se-otevre-verejnosti-bazenova-cast-saunia-thermal-resortu-v-karlovych-varech\/"},"wordCount":96,"publisher":{"@id":"https:\/\/luxurymagazine.cz\/#organization"},"articleSection":["NEWS","RELAX &amp; SPORT","TIPY &amp; TRENDY","ZDRAV\u00cd"],"inLanguage":"cs"},{"@type":"WebPage","@id":"https:\/\/luxurymagazine.cz\/index.php\/2022\/05\/13\/v-sobotu-14-5-se-otevre-verejnosti-bazenova-cast-saunia-thermal-resortu-v-karlovych-varech\/","url":"https:\/\/luxurymagazine.cz\/index.php\/2022\/05\/13\/v-sobotu-14-5-se-otevre-verejnosti-bazenova-cast-saunia-thermal-resortu-v-karlovych-varech\/","name":"V sobotu 14.5. se otev\u0159e ve\u0159ejnosti baz\u00e9nov\u00e1 \u010d\u00e1st Saunia Thermal Resortu v Karlov\u00fdch Varech - LUXURYMAGAZINE.cz","isPartOf":{"@id":"https:\/\/luxurymagazine.cz\/#website"},"datePublished":"2022-05-13T15:25:46+00:00","dateModified":"2022-07-07T22:33:13+00:00","breadcrumb":{"@id":"https:\/\/luxurymagazine.cz\/index.php\/2022\/05\/13\/v-sobotu-14-5-se-otevre-verejnosti-bazenova-cast-saunia-thermal-resortu-v-karlovych-varech\/#breadcrumb"},"inLanguage":"cs","potentialAction":[{"@type":"ReadAction","target":["https:\/\/luxurymagazine.cz\/index.php\/2022\/05\/13\/v-sobotu-14-5-se-otevre-verejnosti-bazenova-cast-saunia-thermal-resortu-v-karlovych-varech\/"]}]},{"@type":"BreadcrumbList","@id":"https:\/\/luxurymagazine.cz\/index.php\/2022\/05\/13\/v-sobotu-14-5-se-otevre-verejnosti-bazenova-cast-saunia-thermal-resortu-v-karlovych-varech\/#breadcrumb","itemListElement":[{"@type":"ListItem","position":1,"name":"Dom\u016f","item":"https:\/\/luxurymagazine.cz\/"},{"@type":"ListItem","position":2,"name":"V sobotu 14.5. se otev\u0159e ve\u0159ejnosti baz\u00e9nov\u00e1 \u010d\u00e1st Saunia Thermal Resortu v Karlov\u00fdch Varech"}]},{"@type":"WebSite","@id":"https:\/\/luxurymagazine.cz\/#website","url":"https:\/\/luxurymagazine.cz\/","name":"LUXURYMAGAZINE.cz","description":"Port\u00e1l v\u00fdhradn\u011b o luxusu...","publisher":{"@id":"https:\/\/luxurymagazine.cz\/#organization"},"potentialAction":[{"@type":"SearchAction","target":{"@type":"EntryPoint","urlTemplate":"https:\/\/luxurymagazine.cz\/?s={search_term_string}"},"query-input":"required name=search_term_string"}],"inLanguage":"cs"},{"@type":"Organization","@id":"https:\/\/luxurymagazine.cz\/#organization","name":"LUXURYMAGAZINE.cz","url":"https:\/\/luxurymagazine.cz\/","logo":{"@type":"ImageObject","inLanguage":"cs","@id":"https:\/\/luxurymagazine.cz\/#\/schema\/logo\/image\/","url":"https:\/\/luxurymagazine.cz\/wp-content\/uploads\/2024\/12\/cropped-Logo_LuxuryMagazine-1.jpg","contentUrl":"https:\/\/luxurymagazine.cz\/wp-content\/uploads\/2024\/12\/cropped-Logo_LuxuryMagazine-1.jpg","width":934,"height":509,"caption":"LUXURYMAGAZINE.cz"},"image":{"@id":"https:\/\/luxurymagazine.cz\/#\/schema\/logo\/image\/"}},{"@type":"Person","@id":"https:\/\/luxurymagazine.cz\/#\/schema\/person\/900281a2a290470de69f4ca1ff899a92","name":"Mikol\u00e1\u0161ek (\u0161\u00e9fredaktor HMG)","image":{"@type":"ImageObject","inLanguage":"cs","@id":"https:\/\/luxurymagazine.cz\/#\/schema\/person\/image\/","url":"https:\/\/secure.gravatar.com\/avatar\/1c8a35f186d8baabb0513b2bdd8e53cd?s=96&d=mm&r=g","contentUrl":"https:\/\/secure.gravatar.com\/avatar\/1c8a35f186d8baabb0513b2bdd8e53cd?s=96&d=mm&r=g","caption":"Mikol\u00e1\u0161ek (\u0161\u00e9fredaktor HMG)"},"url":"https:\/\/luxurymagazine.cz\/index.php\/author\/ivomik\/"}]}},"_links":{"self":[{"href":"https:\/\/luxurymagazine.cz\/index.php\/wp-json\/wp\/v2\/posts\/2443"}],"collection":[{"href":"https:\/\/luxurymagazine.cz\/index.php\/wp-json\/wp\/v2\/posts"}],"about":[{"href":"https:\/\/luxurymagazine.cz\/index.php\/wp-json\/wp\/v2\/types\/post"}],"author":[{"embeddable":true,"href":"https:\/\/luxurymagazine.cz\/index.php\/wp-json\/wp\/v2\/users\/1"}],"replies":[{"embeddable":true,"href":"https:\/\/luxurymagazine.cz\/index.php\/wp-json\/wp\/v2\/comments?post=2443"}],"version-history":[{"count":-4,"href":"https:\/\/luxurymagazine.cz\/index.php\/wp-json\/wp\/v2\/posts\/2443\/revisions"}],"wp:featuredmedia":[{"embeddable":true,"href":"https:\/\/luxurymagazine.cz\/index.php\/wp-json\/wp\/v2\/media\/2444"}],"wp:attachment":[{"href":"https:\/\/luxurymagazine.cz\/index.php\/wp-json\/wp\/v2\/media?parent=2443"}],"wp:term":[{"taxonomy":"category","embeddable":true,"href":"https:\/\/luxurymagazine.cz\/index.php\/wp-json\/wp\/v2\/categories?post=2443"},{"taxonomy":"post_tag","embeddable":true,"href":"https:\/\/luxurymagazine.cz\/index.php\/wp-json\/wp\/v2\/tags?post=2443"}],"curies":[{"name":"wp","href":"https:\/\/api.w.org\/{rel}","templated":true}]}}