{"id":2532,"date":"2022-06-03T02:57:27","date_gmt":"2022-06-03T00:57:27","guid":{"rendered":"https:\/\/luxurymagazine.cz\/?p=2532"},"modified":"2022-07-31T16:31:51","modified_gmt":"2022-07-31T14:31:51","slug":"afi-europe-dokoncila-prvni-vzorovy-byt-najemniho-bydleni-v-projektu-afihome-trebesin","status":"publish","type":"post","link":"https:\/\/luxurymagazine.cz\/index.php\/2022\/06\/03\/afi-europe-dokoncila-prvni-vzorovy-byt-najemniho-bydleni-v-projektu-afihome-trebesin\/","title":{"rendered":"AFI Europe dokon\u010dila prvn\u00ed vzorov\u00fd byt n\u00e1jemn\u00edho bydlen\u00ed v projektu AFIHOME T\u0159ebe\u0161\u00edn"},"content":{"rendered":"\n<div style=\"height:20px\" aria-hidden=\"true\" class=\"wp-block-spacer\"><\/div>\n\n\n\n<p><strong>Developersk\u00e1 spole\u010dnost AFI Europe otev\u00edr\u00e1 z\u00e1jemc\u016fm o n\u00e1jemn\u00ed bydlen\u00ed vzorov\u00fd byt v&nbsp;projektu AFIHOME T\u0159ebe\u0161\u00edn v Praze 3 nedaleko stanice metra \u017delivsk\u00e9ho. Osmipodla\u017en\u00ed budova se samostatn\u00fdm objektem gar\u00e1\u017e\u00ed nab\u00eddne celkem 61 byt\u016f v dispozic\u00edch od 1+kk do 3+kk. Na v\u00fdb\u011br budou \u010d\u00e1ste\u010dn\u011b i pln\u011b za\u0159\u00edzen\u00e9 jednotky s&nbsp;mo\u017enost\u00ed nast\u011bhov\u00e1n\u00ed od podzimu leto\u0161n\u00edho roku. Gener\u00e1ln\u00edm dodavatelem interi\u00e9r\u016f se stal XXXLutz ve spolupr\u00e1ci s&nbsp;v\u00fdrobcem n\u00e1bytku na m\u00edru firmou Sch\u00fcller. Pr\u00e1v\u011b dokon\u010den\u00fd vzorov\u00fd byt ve velikosti 2+kk je um\u00edst\u011bn v&nbsp;prvn\u00edm nadzemn\u00edm podla\u017e\u00ed a s\u00e1z\u00ed na nad\u010dasov\u00fd design.<\/strong><\/p>\n\n\n\n<div style=\"height:24px\" aria-hidden=\"true\" class=\"wp-block-spacer\"><\/div>\n\n\n\n<figure class=\"wp-block-image size-large\"><img decoding=\"async\" src=\"https:\/\/homemagazine.cz\/wp-content\/uploads\/2022\/05\/AFIHOME-Trebesin_vzorovy-byt_02-840x560.jpg\" alt=\"\" class=\"wp-image-3529\"\/><\/figure>\n\n\n\n<div style=\"height:20px\" aria-hidden=\"true\" class=\"wp-block-spacer\"><\/div>\n\n\n\n<p>\u201e<em>Na\u0161im c\u00edlem bylo vytvo\u0159it modern\u00ed interi\u00e9r, kter\u00fd bude \u00fatuln\u00fd a z\u00e1rove\u0148 praktick\u00fd. Na plo\u0161e 50&nbsp;m<\/em><sup><em>2<\/em><\/sup><em> jsme kladli velk\u00fd d\u016fraz na dostatek \u00falo\u017en\u00fdch prostor, ale p\u0159itom jsme cht\u011bli zachovat vzdu\u0161nost a eleganci nov\u011b za\u0159izovan\u00fdch m\u00edstnost\u00ed. Z barevn\u00e9 palety jsme volili sp\u00ed\u0161e p\u0159\u00edrodn\u00ed t\u00f3ny, kter\u00e9 hrav\u011b p\u0159ekonaj\u00ed neust\u00e1le se m\u011bn\u00edc\u00ed m\u00f3dn\u00ed trendy a sou\u010dasn\u011b p\u016fsob\u00ed p\u0159\u00edjemn\u00fdm a&nbsp;uklid\u0148uj\u00edc\u00edm dojmem,\u201c <\/em>komentuje <strong>Elena Pisotchi, obchodn\u00ed a marketingov\u00e1 mana\u017eerka AFI Europe<\/strong><em>.<\/em><\/p>\n\n\n\n<div style=\"height:20px\" aria-hidden=\"true\" class=\"wp-block-spacer\"><\/div>\n\n\n\n<figure class=\"wp-block-gallery columns-2 is-cropped wp-block-gallery-1 is-layout-flex wp-block-gallery-is-layout-flex\"><ul class=\"blocks-gallery-grid\"><li class=\"blocks-gallery-item\"><figure><img decoding=\"async\" src=\"https:\/\/homemagazine.cz\/wp-content\/uploads\/2022\/05\/AFIHOME-Trebesin_vzorovy-byt_04-840x560.jpg\" alt=\"\" data-id=\"3531\" data-full-url=\"https:\/\/homemagazine.cz\/wp-content\/uploads\/2022\/05\/AFIHOME-Trebesin_vzorovy-byt_04.jpg\" data-link=\"https:\/\/homemagazine.cz\/?attachment_id=3531\" class=\"wp-image-3531\"\/><\/figure><\/li><li class=\"blocks-gallery-item\"><figure><img decoding=\"async\" src=\"https:\/\/homemagazine.cz\/wp-content\/uploads\/2022\/05\/AFIHOME-Trebesin_vzorovy-byt_05-840x560.jpg\" alt=\"\" data-id=\"3532\" data-full-url=\"https:\/\/homemagazine.cz\/wp-content\/uploads\/2022\/05\/AFIHOME-Trebesin_vzorovy-byt_05.jpg\" data-link=\"https:\/\/homemagazine.cz\/?attachment_id=3532\" class=\"wp-image-3532\"\/><\/figure><\/li><\/ul><\/figure>\n\n\n\n<div style=\"height:20px\" aria-hidden=\"true\" class=\"wp-block-spacer\"><\/div>\n\n\n\n<p>Dominantou vzorov\u00e9ho bytu je ob\u00fdvac\u00ed \u010d\u00e1st s&nbsp;prostornou sedac\u00ed soupravou ve tvaru p\u00edsmene \u201eL\u201c, na kterou plynule navazuje otev\u0159en\u00e1 kuchy\u0148 s&nbsp;b\u00edl\u00fdmi povrchy a \u010dern\u00fdmi spot\u0159ebi\u010di. Dopln\u011bna je polostr\u016fvkem s&nbsp;masivn\u00ed d\u0159ev\u011bnou deskou, kter\u00fd m\u016f\u017ee dle pot\u0159eby poslou\u017eit jako dal\u0161\u00ed pracovn\u00ed plocha anebo j\u00eddeln\u00ed st\u016fl s&nbsp;barov\u00fdm posezen\u00edm. V&nbsp;chodb\u011b i lo\u017enici nechyb\u00ed velk\u00e9 vestav\u011bn\u00e9 sk\u0159\u00edn\u011b, kter\u00e9 kombinuj\u00ed uzav\u0159en\u00e9 \u00falo\u017en\u00e9 prostory s&nbsp;t\u011bmi p\u0159iznan\u00fdmi. Sez\u00f3nn\u00ed oble\u010den\u00ed anebo t\u0159eba nepou\u017e\u00edvan\u00e9 l\u016f\u017ekoviny lze nav\u00edc uschovat i ve zv\u00fd\u0161en\u00e9 man\u017eelsk\u00e9 posteli typu boxspring, kterou lemuj\u00ed z\u00e1v\u011bsn\u00e9 no\u010dn\u00ed stolky s&nbsp;lampi\u010dkami. Modern\u00ed koupelna v&nbsp;kr\u00e9mov\u00fdch odst\u00ednech disponuje vanou a integrovanou sk\u0159\u00ed\u0148kou p\u0159\u00edmo pod umyvadlem. Cel\u00fd byt pak zdob\u00ed decentn\u00ed dekorativn\u00ed prvky, kter\u00e9 mu dod\u00e1vaj\u00ed atmosf\u00e9ru domova.<\/p>\n\n\n\n<div style=\"height:20px\" aria-hidden=\"true\" class=\"wp-block-spacer\"><\/div>\n\n\n\n<figure class=\"wp-block-gallery columns-2 is-cropped wp-block-gallery-3 is-layout-flex wp-block-gallery-is-layout-flex\"><ul class=\"blocks-gallery-grid\"><li class=\"blocks-gallery-item\"><figure><img decoding=\"async\" src=\"https:\/\/homemagazine.cz\/wp-content\/uploads\/2022\/05\/AFIHOME-Trebesin_vzorovy-byt_08-840x560.jpg\" alt=\"\" data-id=\"3535\" data-full-url=\"https:\/\/homemagazine.cz\/wp-content\/uploads\/2022\/05\/AFIHOME-Trebesin_vzorovy-byt_08.jpg\" data-link=\"https:\/\/homemagazine.cz\/?attachment_id=3535\" class=\"wp-image-3535\"\/><\/figure><\/li><li class=\"blocks-gallery-item\"><figure><img decoding=\"async\" src=\"https:\/\/homemagazine.cz\/wp-content\/uploads\/2022\/05\/AFIHOME-Trebesin_vzorovy-byt_09-840x560.jpg\" alt=\"\" data-id=\"3536\" data-full-url=\"https:\/\/homemagazine.cz\/wp-content\/uploads\/2022\/05\/AFIHOME-Trebesin_vzorovy-byt_09.jpg\" data-link=\"https:\/\/homemagazine.cz\/?attachment_id=3536\" class=\"wp-image-3536\"\/><\/figure><\/li><\/ul><\/figure>\n\n\n\n<div style=\"height:20px\" aria-hidden=\"true\" class=\"wp-block-spacer\"><\/div>\n\n\n\n<p>\u201e<em>V posledn\u00edch m\u011bs\u00edc\u00edch jsme mezi z\u00e1jemci o n\u00e1jemn\u00ed bydlen\u00ed provedli rozs\u00e1hl\u00fd pr\u016fzkum s&nbsp;c\u00edlem zjistit, jak\u00e9 n\u00e1roky na takov\u00e9 byty lid\u00e9 maj\u00ed. V\u00fdsledkem je, \u017ee v&nbsp;p\u0159\u00edpad\u011b men\u0161\u00edch dispozic 1+kk a 2+kk pl\u00e1nujeme v\u0161echny jednotky pln\u011b vybavit. Ov\u0161em u velikosti 3+kk ponech\u00e1me jednu m\u00edstnost pr\u00e1zdnou, aby si ji n\u00e1jemci mohli za\u0159\u00eddit podle vlastn\u00edch p\u0159edstav \u2013 a\u0165 u\u017e t\u0159eba jako pracovnu \u010di druhou lo\u017enici. Obecn\u011b nejv\u011bt\u0161\u00ed z\u00e1jem byl pr\u00e1v\u011b o byty 3+kk a&nbsp;a\u017e pot\u00e9 n\u00e1sledovaly jednotky 2+kk a 1+kk. Domn\u00edv\u00e1m se v\u0161ak, \u017ee na\u0161e garsonky lidi p\u0159\u00edjemn\u011b p\u0159ekvap\u00ed. Na T\u0159ebe\u0161\u00edn\u011b bude v&nbsp;jejich p\u0159\u00edpad\u011b celkem \u0161est typov\u00fdch byt\u016f a v\u0161echny jsou navr\u017eeny tak, aby umo\u017enily komfortn\u00ed bydlen\u00ed i pro dv\u011b osoby,\u201c <\/em>dopl\u0148uje <strong>Elena Pisotchi<\/strong>.<\/p>\n\n\n\n<div style=\"height:20px\" aria-hidden=\"true\" class=\"wp-block-spacer\"><\/div>\n\n\n\n<figure class=\"wp-block-gallery columns-2 is-cropped wp-block-gallery-5 is-layout-flex wp-block-gallery-is-layout-flex\"><ul class=\"blocks-gallery-grid\"><li class=\"blocks-gallery-item\"><figure><img decoding=\"async\" src=\"https:\/\/homemagazine.cz\/wp-content\/uploads\/2022\/05\/AFIHOME-Trebesin_vzorovy-byt_07-840x560.jpg\" alt=\"\" data-id=\"3534\" data-full-url=\"https:\/\/homemagazine.cz\/wp-content\/uploads\/2022\/05\/AFIHOME-Trebesin_vzorovy-byt_07.jpg\" data-link=\"https:\/\/homemagazine.cz\/?attachment_id=3534\" class=\"wp-image-3534\"\/><\/figure><\/li><li class=\"blocks-gallery-item\"><figure><img decoding=\"async\" src=\"https:\/\/homemagazine.cz\/wp-content\/uploads\/2022\/05\/AFIHOME-Trebesin_vzorovy-byt_10-840x560.jpg\" alt=\"\" data-id=\"3537\" data-full-url=\"https:\/\/homemagazine.cz\/wp-content\/uploads\/2022\/05\/AFIHOME-Trebesin_vzorovy-byt_10.jpg\" data-link=\"https:\/\/homemagazine.cz\/?attachment_id=3537\" class=\"wp-image-3537\"\/><\/figure><\/li><\/ul><\/figure>\n\n\n\n<div style=\"height:21px\" aria-hidden=\"true\" class=\"wp-block-spacer\"><\/div>\n\n\n\n<p>AFIHOME T\u0159ebe\u0161\u00edn je sou\u010d\u00e1st\u00ed rozs\u00e1hl\u00e9ho reziden\u010dn\u00edho projektu Tulipa T\u0159ebe\u0161\u00edn, ke kter\u00e9mu n\u00e1le\u017e\u00ed ve\u0159ejn\u00fd park i mate\u0159sk\u00e1 \u0161kola pro celkem 60 d\u011bt\u00ed. Situovan\u00fd je pobl\u00ed\u017e autobusov\u00e9 zast\u00e1vky T\u0159ebe\u0161\u00edn cca 5 minut j\u00edzdy od stanice metra A \u017delivsk\u00e9ho. Nedaleko se nach\u00e1z\u00ed Ol\u0161ansk\u00e1 poliklinika a obchodn\u00ed centrum Atrium Flora se \u0161irok\u00fdm spektrem obchod\u016f a slu\u017eeb.<\/p>\n\n\n\n<div style=\"height:11px\" aria-hidden=\"true\" class=\"wp-block-spacer\"><\/div>\n\n\n\n<p><strong>V\u00edce informac\u00ed na <a href=\"https:\/\/afihome.cz\/\">www.afihome.cz<\/a>.<\/strong><\/p>\n\n\n\n<div style=\"height:66px\" aria-hidden=\"true\" class=\"wp-block-spacer\"><\/div>\n\n\n\n<figure class=\"wp-block-gallery columns-2 is-cropped wp-block-gallery-7 is-layout-flex wp-block-gallery-is-layout-flex\"><ul class=\"blocks-gallery-grid\"><li class=\"blocks-gallery-item\"><figure><img decoding=\"async\" src=\"https:\/\/homemagazine.cz\/wp-content\/uploads\/2022\/05\/AFIHOME-Trebesin_vzorovy-byt_01-840x560.jpg\" alt=\"\" data-id=\"3528\" data-full-url=\"https:\/\/homemagazine.cz\/wp-content\/uploads\/2022\/05\/AFIHOME-Trebesin_vzorovy-byt_01.jpg\" data-link=\"https:\/\/homemagazine.cz\/?attachment_id=3528\" class=\"wp-image-3528\"\/><\/figure><\/li><li class=\"blocks-gallery-item\"><figure><img decoding=\"async\" src=\"https:\/\/homemagazine.cz\/wp-content\/uploads\/2022\/05\/AFIHOME-Trebesin_vzorovy-byt_02-840x560.jpg\" alt=\"\" data-id=\"3529\" data-full-url=\"https:\/\/homemagazine.cz\/wp-content\/uploads\/2022\/05\/AFIHOME-Trebesin_vzorovy-byt_02.jpg\" data-link=\"https:\/\/homemagazine.cz\/?attachment_id=3529\" class=\"wp-image-3529\"\/><\/figure><\/li><li class=\"blocks-gallery-item\"><figure><img decoding=\"async\" src=\"https:\/\/homemagazine.cz\/wp-content\/uploads\/2022\/05\/AFIHOME-Trebesin_vzorovy-byt_03-840x560.jpg\" alt=\"\" data-id=\"3530\" data-full-url=\"https:\/\/homemagazine.cz\/wp-content\/uploads\/2022\/05\/AFIHOME-Trebesin_vzorovy-byt_03.jpg\" data-link=\"https:\/\/homemagazine.cz\/?attachment_id=3530\" class=\"wp-image-3530\"\/><\/figure><\/li><li class=\"blocks-gallery-item\"><figure><img decoding=\"async\" src=\"https:\/\/homemagazine.cz\/wp-content\/uploads\/2022\/05\/AFIHOME-Trebesin_vzorovy-byt_04-840x560.jpg\" alt=\"\" data-id=\"3531\" data-full-url=\"https:\/\/homemagazine.cz\/wp-content\/uploads\/2022\/05\/AFIHOME-Trebesin_vzorovy-byt_04.jpg\" data-link=\"https:\/\/homemagazine.cz\/?attachment_id=3531\" class=\"wp-image-3531\"\/><\/figure><\/li><li class=\"blocks-gallery-item\"><figure><img decoding=\"async\" src=\"https:\/\/homemagazine.cz\/wp-content\/uploads\/2022\/05\/AFIHOME-Trebesin_vzorovy-byt_05-840x560.jpg\" alt=\"\" data-id=\"3532\" data-full-url=\"https:\/\/homemagazine.cz\/wp-content\/uploads\/2022\/05\/AFIHOME-Trebesin_vzorovy-byt_05.jpg\" data-link=\"https:\/\/homemagazine.cz\/?attachment_id=3532\" class=\"wp-image-3532\"\/><\/figure><\/li><li class=\"blocks-gallery-item\"><figure><img decoding=\"async\" src=\"https:\/\/homemagazine.cz\/wp-content\/uploads\/2022\/05\/AFIHOME-Trebesin_vzorovy-byt_06-840x560.jpg\" alt=\"\" data-id=\"3533\" data-full-url=\"https:\/\/homemagazine.cz\/wp-content\/uploads\/2022\/05\/AFIHOME-Trebesin_vzorovy-byt_06.jpg\" data-link=\"https:\/\/homemagazine.cz\/?attachment_id=3533\" class=\"wp-image-3533\"\/><\/figure><\/li><li class=\"blocks-gallery-item\"><figure><img decoding=\"async\" src=\"https:\/\/homemagazine.cz\/wp-content\/uploads\/2022\/05\/AFIHOME-Trebesin_vzorovy-byt_07-840x560.jpg\" alt=\"\" data-id=\"3534\" data-full-url=\"https:\/\/homemagazine.cz\/wp-content\/uploads\/2022\/05\/AFIHOME-Trebesin_vzorovy-byt_07.jpg\" data-link=\"https:\/\/homemagazine.cz\/?attachment_id=3534\" class=\"wp-image-3534\"\/><\/figure><\/li><li class=\"blocks-gallery-item\"><figure><img decoding=\"async\" src=\"https:\/\/homemagazine.cz\/wp-content\/uploads\/2022\/05\/AFIHOME-Trebesin_vzorovy-byt_08-840x560.jpg\" alt=\"\" data-id=\"3535\" data-full-url=\"https:\/\/homemagazine.cz\/wp-content\/uploads\/2022\/05\/AFIHOME-Trebesin_vzorovy-byt_08.jpg\" data-link=\"https:\/\/homemagazine.cz\/?attachment_id=3535\" class=\"wp-image-3535\"\/><\/figure><\/li><li class=\"blocks-gallery-item\"><figure><img decoding=\"async\" src=\"https:\/\/homemagazine.cz\/wp-content\/uploads\/2022\/05\/AFIHOME-Trebesin_vzorovy-byt_09-840x560.jpg\" alt=\"\" data-id=\"3536\" data-full-url=\"https:\/\/homemagazine.cz\/wp-content\/uploads\/2022\/05\/AFIHOME-Trebesin_vzorovy-byt_09.jpg\" data-link=\"https:\/\/homemagazine.cz\/?attachment_id=3536\" class=\"wp-image-3536\"\/><\/figure><\/li><li class=\"blocks-gallery-item\"><figure><img decoding=\"async\" src=\"https:\/\/homemagazine.cz\/wp-content\/uploads\/2022\/05\/AFIHOME-Trebesin_vzorovy-byt_10-840x560.jpg\" alt=\"\" data-id=\"3537\" data-full-url=\"https:\/\/homemagazine.cz\/wp-content\/uploads\/2022\/05\/AFIHOME-Trebesin_vzorovy-byt_10.jpg\" data-link=\"https:\/\/homemagazine.cz\/?attachment_id=3537\" class=\"wp-image-3537\"\/><\/figure><\/li><\/ul><\/figure>\n","protected":false},"excerpt":{"rendered":"<p>Developersk\u00e1 spole\u010dnost AFI Europe otev\u00edr\u00e1 z\u00e1jemc\u016fm o n\u00e1jemn\u00ed bydlen\u00ed vzorov\u00fd byt v&nbsp;projektu AFIHOME T\u0159ebe\u0161\u00edn v Praze 3 nedaleko stanice metra \u017delivsk\u00e9ho. Osmipodla\u017en\u00ed budova se samostatn\u00fdm objektem gar\u00e1\u017e\u00ed nab\u00eddne celkem 61 byt\u016f v dispozic\u00edch od 1+kk do 3+kk. Na v\u00fdb\u011br budou \u010d\u00e1ste\u010dn\u011b i pln\u011b za\u0159\u00edzen\u00e9 jednotky s&nbsp;mo\u017enost\u00ed nast\u011bhov\u00e1n\u00ed od podzimu leto\u0161n\u00edho roku. Gener\u00e1ln\u00edm dodavatelem interi\u00e9r\u016f se [&hellip;]<\/p>\n","protected":false},"author":3,"featured_media":2533,"comment_status":"closed","ping_status":"closed","sticky":false,"template":"","format":"standard","meta":{"_mi_skip_tracking":false,"_monsterinsights_sitenote_active":false,"_monsterinsights_sitenote_note":"","_monsterinsights_sitenote_category":0,"footnotes":""},"categories":[15,5,2,13],"tags":[],"yoast_head":"<!-- This site is optimized with the Yoast SEO plugin v21.4 - https:\/\/yoast.com\/wordpress\/plugins\/seo\/ -->\n<title>AFI Europe dokon\u010dila prvn\u00ed vzorov\u00fd byt n\u00e1jemn\u00edho bydlen\u00ed v projektu AFIHOME T\u0159ebe\u0161\u00edn - LUXURYMAGAZINE.cz<\/title>\n<meta name=\"robots\" content=\"index, follow, max-snippet:-1, max-image-preview:large, max-video-preview:-1\" \/>\n<link rel=\"canonical\" href=\"https:\/\/luxurymagazine.cz\/index.php\/2022\/06\/03\/afi-europe-dokoncila-prvni-vzorovy-byt-najemniho-bydleni-v-projektu-afihome-trebesin\/\" \/>\n<meta property=\"og:locale\" content=\"cs_CZ\" \/>\n<meta property=\"og:type\" content=\"article\" \/>\n<meta property=\"og:title\" content=\"AFI Europe dokon\u010dila prvn\u00ed vzorov\u00fd byt n\u00e1jemn\u00edho bydlen\u00ed v projektu AFIHOME T\u0159ebe\u0161\u00edn - LUXURYMAGAZINE.cz\" \/>\n<meta property=\"og:description\" content=\"Developersk\u00e1 spole\u010dnost AFI Europe otev\u00edr\u00e1 z\u00e1jemc\u016fm o n\u00e1jemn\u00ed bydlen\u00ed vzorov\u00fd byt v&nbsp;projektu AFIHOME T\u0159ebe\u0161\u00edn v Praze 3 nedaleko stanice metra \u017delivsk\u00e9ho. Osmipodla\u017en\u00ed budova se samostatn\u00fdm objektem gar\u00e1\u017e\u00ed nab\u00eddne celkem 61 byt\u016f v dispozic\u00edch od 1+kk do 3+kk. Na v\u00fdb\u011br budou \u010d\u00e1ste\u010dn\u011b i pln\u011b za\u0159\u00edzen\u00e9 jednotky s&nbsp;mo\u017enost\u00ed nast\u011bhov\u00e1n\u00ed od podzimu leto\u0161n\u00edho roku. Gener\u00e1ln\u00edm dodavatelem interi\u00e9r\u016f se [&hellip;]\" \/>\n<meta property=\"og:url\" content=\"https:\/\/luxurymagazine.cz\/index.php\/2022\/06\/03\/afi-europe-dokoncila-prvni-vzorovy-byt-najemniho-bydleni-v-projektu-afihome-trebesin\/\" \/>\n<meta property=\"og:site_name\" content=\"LUXURYMAGAZINE.cz\" \/>\n<meta property=\"article:published_time\" content=\"2022-06-03T00:57:27+00:00\" \/>\n<meta property=\"article:modified_time\" content=\"2022-07-31T14:31:51+00:00\" \/>\n<meta property=\"og:image\" content=\"https:\/\/luxurymagazine.cz\/wp-content\/uploads\/2022\/06\/AFIHOME-T\u0159ebe\u0161\u00edn_vzorov\u00fd-byt_01.jpg\" \/>\n\t<meta property=\"og:image:width\" content=\"1250\" \/>\n\t<meta property=\"og:image:height\" content=\"833\" \/>\n\t<meta property=\"og:image:type\" content=\"image\/jpeg\" \/>\n<meta name=\"author\" content=\"Miroslav Van\u011bk\" \/>\n<meta name=\"twitter:card\" content=\"summary_large_image\" \/>\n<meta name=\"twitter:label1\" content=\"Napsal(a)\" \/>\n\t<meta name=\"twitter:data1\" content=\"Miroslav Van\u011bk\" \/>\n\t<meta name=\"twitter:label2\" content=\"Odhadovan\u00e1 doba \u010dten\u00ed\" \/>\n\t<meta name=\"twitter:data2\" content=\"3 minuty\" \/>\n<script type=\"application\/ld+json\" class=\"yoast-schema-graph\">{\"@context\":\"https:\/\/schema.org\",\"@graph\":[{\"@type\":\"Article\",\"@id\":\"https:\/\/luxurymagazine.cz\/index.php\/2022\/06\/03\/afi-europe-dokoncila-prvni-vzorovy-byt-najemniho-bydleni-v-projektu-afihome-trebesin\/#article\",\"isPartOf\":{\"@id\":\"https:\/\/luxurymagazine.cz\/index.php\/2022\/06\/03\/afi-europe-dokoncila-prvni-vzorovy-byt-najemniho-bydleni-v-projektu-afihome-trebesin\/\"},\"author\":{\"name\":\"Miroslav Van\u011bk\",\"@id\":\"https:\/\/luxurymagazine.cz\/#\/schema\/person\/44a069a3b1eab523585f7325b6e54254\"},\"headline\":\"AFI Europe dokon\u010dila prvn\u00ed vzorov\u00fd byt n\u00e1jemn\u00edho bydlen\u00ed v projektu AFIHOME T\u0159ebe\u0161\u00edn\",\"datePublished\":\"2022-06-03T00:57:27+00:00\",\"dateModified\":\"2022-07-31T14:31:51+00:00\",\"mainEntityOfPage\":{\"@id\":\"https:\/\/luxurymagazine.cz\/index.php\/2022\/06\/03\/afi-europe-dokoncila-prvni-vzorovy-byt-najemniho-bydleni-v-projektu-afihome-trebesin\/\"},\"wordCount\":648,\"publisher\":{\"@id\":\"https:\/\/luxurymagazine.cz\/#organization\"},\"articleSection\":[\"BUSINESS\",\"BYDLEN\u00cd &amp; DESIGN\",\"NEWS\",\"TIPY &amp; TRENDY\"],\"inLanguage\":\"cs\"},{\"@type\":\"WebPage\",\"@id\":\"https:\/\/luxurymagazine.cz\/index.php\/2022\/06\/03\/afi-europe-dokoncila-prvni-vzorovy-byt-najemniho-bydleni-v-projektu-afihome-trebesin\/\",\"url\":\"https:\/\/luxurymagazine.cz\/index.php\/2022\/06\/03\/afi-europe-dokoncila-prvni-vzorovy-byt-najemniho-bydleni-v-projektu-afihome-trebesin\/\",\"name\":\"AFI Europe dokon\u010dila prvn\u00ed vzorov\u00fd byt n\u00e1jemn\u00edho bydlen\u00ed v projektu AFIHOME T\u0159ebe\u0161\u00edn - LUXURYMAGAZINE.cz\",\"isPartOf\":{\"@id\":\"https:\/\/luxurymagazine.cz\/#website\"},\"datePublished\":\"2022-06-03T00:57:27+00:00\",\"dateModified\":\"2022-07-31T14:31:51+00:00\",\"breadcrumb\":{\"@id\":\"https:\/\/luxurymagazine.cz\/index.php\/2022\/06\/03\/afi-europe-dokoncila-prvni-vzorovy-byt-najemniho-bydleni-v-projektu-afihome-trebesin\/#breadcrumb\"},\"inLanguage\":\"cs\",\"potentialAction\":[{\"@type\":\"ReadAction\",\"target\":[\"https:\/\/luxurymagazine.cz\/index.php\/2022\/06\/03\/afi-europe-dokoncila-prvni-vzorovy-byt-najemniho-bydleni-v-projektu-afihome-trebesin\/\"]}]},{\"@type\":\"BreadcrumbList\",\"@id\":\"https:\/\/luxurymagazine.cz\/index.php\/2022\/06\/03\/afi-europe-dokoncila-prvni-vzorovy-byt-najemniho-bydleni-v-projektu-afihome-trebesin\/#breadcrumb\",\"itemListElement\":[{\"@type\":\"ListItem\",\"position\":1,\"name\":\"Dom\u016f\",\"item\":\"https:\/\/luxurymagazine.cz\/\"},{\"@type\":\"ListItem\",\"position\":2,\"name\":\"AFI Europe dokon\u010dila prvn\u00ed vzorov\u00fd byt n\u00e1jemn\u00edho bydlen\u00ed v projektu AFIHOME T\u0159ebe\u0161\u00edn\"}]},{\"@type\":\"WebSite\",\"@id\":\"https:\/\/luxurymagazine.cz\/#website\",\"url\":\"https:\/\/luxurymagazine.cz\/\",\"name\":\"LUXURYMAGAZINE.cz\",\"description\":\"Port\u00e1l v\u00fdhradn\u011b o luxusu...\",\"publisher\":{\"@id\":\"https:\/\/luxurymagazine.cz\/#organization\"},\"potentialAction\":[{\"@type\":\"SearchAction\",\"target\":{\"@type\":\"EntryPoint\",\"urlTemplate\":\"https:\/\/luxurymagazine.cz\/?s={search_term_string}\"},\"query-input\":\"required name=search_term_string\"}],\"inLanguage\":\"cs\"},{\"@type\":\"Organization\",\"@id\":\"https:\/\/luxurymagazine.cz\/#organization\",\"name\":\"LUXURYMAGAZINE.cz\",\"url\":\"https:\/\/luxurymagazine.cz\/\",\"logo\":{\"@type\":\"ImageObject\",\"inLanguage\":\"cs\",\"@id\":\"https:\/\/luxurymagazine.cz\/#\/schema\/logo\/image\/\",\"url\":\"https:\/\/luxurymagazine.cz\/wp-content\/uploads\/2024\/12\/cropped-Logo_LuxuryMagazine-1.jpg\",\"contentUrl\":\"https:\/\/luxurymagazine.cz\/wp-content\/uploads\/2024\/12\/cropped-Logo_LuxuryMagazine-1.jpg\",\"width\":934,\"height\":509,\"caption\":\"LUXURYMAGAZINE.cz\"},\"image\":{\"@id\":\"https:\/\/luxurymagazine.cz\/#\/schema\/logo\/image\/\"}},{\"@type\":\"Person\",\"@id\":\"https:\/\/luxurymagazine.cz\/#\/schema\/person\/44a069a3b1eab523585f7325b6e54254\",\"name\":\"Miroslav Van\u011bk\",\"image\":{\"@type\":\"ImageObject\",\"inLanguage\":\"cs\",\"@id\":\"https:\/\/luxurymagazine.cz\/#\/schema\/person\/image\/\",\"url\":\"https:\/\/secure.gravatar.com\/avatar\/cc93dbecbfc820d69a964ea4a1c72377?s=96&d=mm&r=g\",\"contentUrl\":\"https:\/\/secure.gravatar.com\/avatar\/cc93dbecbfc820d69a964ea4a1c72377?s=96&d=mm&r=g\",\"caption\":\"Miroslav Van\u011bk\"},\"sameAs\":[\"http:\/\/LUXURYMAGAZINE.cz\"],\"url\":\"https:\/\/luxurymagazine.cz\/index.php\/author\/mirvan\/\"}]}<\/script>\n<!-- \/ Yoast SEO plugin. -->","yoast_head_json":{"title":"AFI Europe dokon\u010dila prvn\u00ed vzorov\u00fd byt n\u00e1jemn\u00edho bydlen\u00ed v projektu AFIHOME T\u0159ebe\u0161\u00edn - LUXURYMAGAZINE.cz","robots":{"index":"index","follow":"follow","max-snippet":"max-snippet:-1","max-image-preview":"max-image-preview:large","max-video-preview":"max-video-preview:-1"},"canonical":"https:\/\/luxurymagazine.cz\/index.php\/2022\/06\/03\/afi-europe-dokoncila-prvni-vzorovy-byt-najemniho-bydleni-v-projektu-afihome-trebesin\/","og_locale":"cs_CZ","og_type":"article","og_title":"AFI Europe dokon\u010dila prvn\u00ed vzorov\u00fd byt n\u00e1jemn\u00edho bydlen\u00ed v projektu AFIHOME T\u0159ebe\u0161\u00edn - LUXURYMAGAZINE.cz","og_description":"Developersk\u00e1 spole\u010dnost AFI Europe otev\u00edr\u00e1 z\u00e1jemc\u016fm o n\u00e1jemn\u00ed bydlen\u00ed vzorov\u00fd byt v&nbsp;projektu AFIHOME T\u0159ebe\u0161\u00edn v Praze 3 nedaleko stanice metra \u017delivsk\u00e9ho. Osmipodla\u017en\u00ed budova se samostatn\u00fdm objektem gar\u00e1\u017e\u00ed nab\u00eddne celkem 61 byt\u016f v dispozic\u00edch od 1+kk do 3+kk. Na v\u00fdb\u011br budou \u010d\u00e1ste\u010dn\u011b i pln\u011b za\u0159\u00edzen\u00e9 jednotky s&nbsp;mo\u017enost\u00ed nast\u011bhov\u00e1n\u00ed od podzimu leto\u0161n\u00edho roku. Gener\u00e1ln\u00edm dodavatelem interi\u00e9r\u016f se [&hellip;]","og_url":"https:\/\/luxurymagazine.cz\/index.php\/2022\/06\/03\/afi-europe-dokoncila-prvni-vzorovy-byt-najemniho-bydleni-v-projektu-afihome-trebesin\/","og_site_name":"LUXURYMAGAZINE.cz","article_published_time":"2022-06-03T00:57:27+00:00","article_modified_time":"2022-07-31T14:31:51+00:00","og_image":[{"width":1250,"height":833,"url":"https:\/\/luxurymagazine.cz\/wp-content\/uploads\/2022\/06\/AFIHOME-T\u0159ebe\u0161\u00edn_vzorov\u00fd-byt_01.jpg","type":"image\/jpeg"}],"author":"Miroslav Van\u011bk","twitter_card":"summary_large_image","twitter_misc":{"Napsal(a)":"Miroslav Van\u011bk","Odhadovan\u00e1 doba \u010dten\u00ed":"3 minuty"},"schema":{"@context":"https:\/\/schema.org","@graph":[{"@type":"Article","@id":"https:\/\/luxurymagazine.cz\/index.php\/2022\/06\/03\/afi-europe-dokoncila-prvni-vzorovy-byt-najemniho-bydleni-v-projektu-afihome-trebesin\/#article","isPartOf":{"@id":"https:\/\/luxurymagazine.cz\/index.php\/2022\/06\/03\/afi-europe-dokoncila-prvni-vzorovy-byt-najemniho-bydleni-v-projektu-afihome-trebesin\/"},"author":{"name":"Miroslav Van\u011bk","@id":"https:\/\/luxurymagazine.cz\/#\/schema\/person\/44a069a3b1eab523585f7325b6e54254"},"headline":"AFI Europe dokon\u010dila prvn\u00ed vzorov\u00fd byt n\u00e1jemn\u00edho bydlen\u00ed v projektu AFIHOME T\u0159ebe\u0161\u00edn","datePublished":"2022-06-03T00:57:27+00:00","dateModified":"2022-07-31T14:31:51+00:00","mainEntityOfPage":{"@id":"https:\/\/luxurymagazine.cz\/index.php\/2022\/06\/03\/afi-europe-dokoncila-prvni-vzorovy-byt-najemniho-bydleni-v-projektu-afihome-trebesin\/"},"wordCount":648,"publisher":{"@id":"https:\/\/luxurymagazine.cz\/#organization"},"articleSection":["BUSINESS","BYDLEN\u00cd &amp; DESIGN","NEWS","TIPY &amp; TRENDY"],"inLanguage":"cs"},{"@type":"WebPage","@id":"https:\/\/luxurymagazine.cz\/index.php\/2022\/06\/03\/afi-europe-dokoncila-prvni-vzorovy-byt-najemniho-bydleni-v-projektu-afihome-trebesin\/","url":"https:\/\/luxurymagazine.cz\/index.php\/2022\/06\/03\/afi-europe-dokoncila-prvni-vzorovy-byt-najemniho-bydleni-v-projektu-afihome-trebesin\/","name":"AFI Europe dokon\u010dila prvn\u00ed vzorov\u00fd byt n\u00e1jemn\u00edho bydlen\u00ed v projektu AFIHOME T\u0159ebe\u0161\u00edn - LUXURYMAGAZINE.cz","isPartOf":{"@id":"https:\/\/luxurymagazine.cz\/#website"},"datePublished":"2022-06-03T00:57:27+00:00","dateModified":"2022-07-31T14:31:51+00:00","breadcrumb":{"@id":"https:\/\/luxurymagazine.cz\/index.php\/2022\/06\/03\/afi-europe-dokoncila-prvni-vzorovy-byt-najemniho-bydleni-v-projektu-afihome-trebesin\/#breadcrumb"},"inLanguage":"cs","potentialAction":[{"@type":"ReadAction","target":["https:\/\/luxurymagazine.cz\/index.php\/2022\/06\/03\/afi-europe-dokoncila-prvni-vzorovy-byt-najemniho-bydleni-v-projektu-afihome-trebesin\/"]}]},{"@type":"BreadcrumbList","@id":"https:\/\/luxurymagazine.cz\/index.php\/2022\/06\/03\/afi-europe-dokoncila-prvni-vzorovy-byt-najemniho-bydleni-v-projektu-afihome-trebesin\/#breadcrumb","itemListElement":[{"@type":"ListItem","position":1,"name":"Dom\u016f","item":"https:\/\/luxurymagazine.cz\/"},{"@type":"ListItem","position":2,"name":"AFI Europe dokon\u010dila prvn\u00ed vzorov\u00fd byt n\u00e1jemn\u00edho bydlen\u00ed v projektu AFIHOME T\u0159ebe\u0161\u00edn"}]},{"@type":"WebSite","@id":"https:\/\/luxurymagazine.cz\/#website","url":"https:\/\/luxurymagazine.cz\/","name":"LUXURYMAGAZINE.cz","description":"Port\u00e1l v\u00fdhradn\u011b o luxusu...","publisher":{"@id":"https:\/\/luxurymagazine.cz\/#organization"},"potentialAction":[{"@type":"SearchAction","target":{"@type":"EntryPoint","urlTemplate":"https:\/\/luxurymagazine.cz\/?s={search_term_string}"},"query-input":"required name=search_term_string"}],"inLanguage":"cs"},{"@type":"Organization","@id":"https:\/\/luxurymagazine.cz\/#organization","name":"LUXURYMAGAZINE.cz","url":"https:\/\/luxurymagazine.cz\/","logo":{"@type":"ImageObject","inLanguage":"cs","@id":"https:\/\/luxurymagazine.cz\/#\/schema\/logo\/image\/","url":"https:\/\/luxurymagazine.cz\/wp-content\/uploads\/2024\/12\/cropped-Logo_LuxuryMagazine-1.jpg","contentUrl":"https:\/\/luxurymagazine.cz\/wp-content\/uploads\/2024\/12\/cropped-Logo_LuxuryMagazine-1.jpg","width":934,"height":509,"caption":"LUXURYMAGAZINE.cz"},"image":{"@id":"https:\/\/luxurymagazine.cz\/#\/schema\/logo\/image\/"}},{"@type":"Person","@id":"https:\/\/luxurymagazine.cz\/#\/schema\/person\/44a069a3b1eab523585f7325b6e54254","name":"Miroslav Van\u011bk","image":{"@type":"ImageObject","inLanguage":"cs","@id":"https:\/\/luxurymagazine.cz\/#\/schema\/person\/image\/","url":"https:\/\/secure.gravatar.com\/avatar\/cc93dbecbfc820d69a964ea4a1c72377?s=96&d=mm&r=g","contentUrl":"https:\/\/secure.gravatar.com\/avatar\/cc93dbecbfc820d69a964ea4a1c72377?s=96&d=mm&r=g","caption":"Miroslav Van\u011bk"},"sameAs":["http:\/\/LUXURYMAGAZINE.cz"],"url":"https:\/\/luxurymagazine.cz\/index.php\/author\/mirvan\/"}]}},"_links":{"self":[{"href":"https:\/\/luxurymagazine.cz\/index.php\/wp-json\/wp\/v2\/posts\/2532"}],"collection":[{"href":"https:\/\/luxurymagazine.cz\/index.php\/wp-json\/wp\/v2\/posts"}],"about":[{"href":"https:\/\/luxurymagazine.cz\/index.php\/wp-json\/wp\/v2\/types\/post"}],"author":[{"embeddable":true,"href":"https:\/\/luxurymagazine.cz\/index.php\/wp-json\/wp\/v2\/users\/3"}],"replies":[{"embeddable":true,"href":"https:\/\/luxurymagazine.cz\/index.php\/wp-json\/wp\/v2\/comments?post=2532"}],"version-history":[{"count":-4,"href":"https:\/\/luxurymagazine.cz\/index.php\/wp-json\/wp\/v2\/posts\/2532\/revisions"}],"wp:featuredmedia":[{"embeddable":true,"href":"https:\/\/luxurymagazine.cz\/index.php\/wp-json\/wp\/v2\/media\/2533"}],"wp:attachment":[{"href":"https:\/\/luxurymagazine.cz\/index.php\/wp-json\/wp\/v2\/media?parent=2532"}],"wp:term":[{"taxonomy":"category","embeddable":true,"href":"https:\/\/luxurymagazine.cz\/index.php\/wp-json\/wp\/v2\/categories?post=2532"},{"taxonomy":"post_tag","embeddable":true,"href":"https:\/\/luxurymagazine.cz\/index.php\/wp-json\/wp\/v2\/tags?post=2532"}],"curies":[{"name":"wp","href":"https:\/\/api.w.org\/{rel}","templated":true}]}}