{"id":2544,"date":"2022-06-10T00:01:52","date_gmt":"2022-06-09T22:01:52","guid":{"rendered":"https:\/\/luxurymagazine.cz\/?p=2544"},"modified":"2022-08-09T12:52:39","modified_gmt":"2022-08-09T10:52:39","slug":"nove-porsche-centrum-praha-se-oficialne-predstavuje","status":"publish","type":"post","link":"https:\/\/luxurymagazine.cz\/index.php\/2022\/06\/10\/nove-porsche-centrum-praha-se-oficialne-predstavuje\/","title":{"rendered":"Nov\u00e9 Porsche Centrum Praha se ofici\u00e1ln\u011b p\u0159edstavuje"},"content":{"rendered":"\n<div style=\"height:25px\" aria-hidden=\"true\" class=\"wp-block-spacer\"><\/div>\n\n\n\n<p><strong>Spole\u010dnost Porsche Inter Auto CZ, v\u00fdhradn\u00ed import\u00e9r voz\u016f Porsche do \u010cesk\u00e9 republiky, dokon\u010dila kompletn\u00ed redesign Porsche Centra Praha. Z\u00e1kazn\u00edci zna\u010dky Porsche si tak v\u00a0Praze u\u017eij\u00ed jako jedni z\u00a0prvn\u00edch v\u00a0Evrop\u011b nov\u00e9ho prost\u0159ed\u00ed showroomu dle nejmodern\u011bj\u0161\u00edch trend\u016f v\u00fdrobce sportovn\u00edch voz\u016f Porsche.<\/strong><\/p>\n\n\n\n<figure class=\"wp-block-image size-large\"><img decoding=\"async\" loading=\"lazy\" width=\"1024\" height=\"681\" src=\"https:\/\/luxurymagazine.cz\/wp-content\/uploads\/2022\/06\/01-1024x681.jpg\" alt=\"\" class=\"wp-image-2549\" srcset=\"https:\/\/luxurymagazine.cz\/wp-content\/uploads\/2022\/06\/01-1024x681.jpg 1024w, https:\/\/luxurymagazine.cz\/wp-content\/uploads\/2022\/06\/01-300x200.jpg 300w, https:\/\/luxurymagazine.cz\/wp-content\/uploads\/2022\/06\/01-768x511.jpg 768w, https:\/\/luxurymagazine.cz\/wp-content\/uploads\/2022\/06\/01-1536x1022.jpg 1536w, https:\/\/luxurymagazine.cz\/wp-content\/uploads\/2022\/06\/01-730x485.jpg 730w, https:\/\/luxurymagazine.cz\/wp-content\/uploads\/2022\/06\/01.jpg 1775w\" sizes=\"(max-width: 1024px) 100vw, 1024px\" \/><\/figure>\n\n\n\n<p>Do roka a do dne: Destination Porsche je zde. P\u0159esn\u011b dvan\u00e1ct m\u011bs\u00edc\u016f od zapo\u010det\u00ed stavebn\u00edch prac\u00ed v Libereck\u00e9 ulici na Praze 8 \u2013 Proseku se otev\u00edr\u00e1 kompletn\u011b rekonstruovan\u00e9 Porsche Centrum Praha. Jde o druh\u00e9 prodejn\u00ed a servisn\u00ed m\u00edsto zna\u010dky Porsche, zhotoven\u00e9 dle nejmodern\u011bj\u0161\u00edch standard\u016f konceptu \u201eDestination Porsche\u201c, kter\u00e9 se z\u00e1kazn\u00edk\u016fm otev\u00edr\u00e1 ve st\u0159edn\u00ed a v\u00fdchodn\u00ed Evrop\u011b.<\/p>\n\n\n\n<figure class=\"wp-block-image\"><img decoding=\"async\" src=\"https:\/\/carshouse.cz\/tmp\/15008_0_800_1654818214.jpg\" alt=\"Nov\u00e9 Porsche Centrum Praha se ofici\u00e1ln\u011b p\u0159edstavuje\"\/><\/figure>\n\n\n\n<p>\u201eKdy\u017e jsme loni ozn\u00e1mili na\u0161i r\u016fstovou strategii, byla v\u00a0n\u00ed zahrnuta tak\u00e9 nov\u00e1 Porsche Centra. A stejn\u011b jako m\u011b pot\u011b\u0161ila stoupaj\u00edc\u00ed prodejn\u00ed bilance zna\u010dky Porsche za rok 2021, pozitivn\u00ed emoce ve mn\u011b vyvol\u00e1v\u00e1 tak\u00e9 otev\u0159en\u00ed nov\u00e9ho Porsche Centra Praha jako jednoho z\u00a0prvn\u00edch v\u00a0regionu st\u0159edn\u00ed a v\u00fdchodn\u00ed Evropy,\u201c dod\u00e1v\u00e1 Michael Antosch, jednatel spole\u010dnosti Porsche Inter Auto CZ. \u010cesk\u00e1 republika se tak st\u00e1v\u00e1 \u010d\u00edm d\u00e1l v\u00fdznamn\u011bj\u0161\u00edm hr\u00e1\u010dem na evropsk\u00e9m trhu s\u00a0vozy Porsche.<\/p>\n\n\n\n<figure class=\"wp-block-embed-youtube aligncenter wp-block-embed is-type-video is-provider-youtube wp-embed-aspect-16-9 wp-has-aspect-ratio\"><div class=\"wp-block-embed__wrapper\">\n<iframe loading=\"lazy\" title=\"Nahl\u00e9dn\u011bte do nov\u00e9ho showroomu Porsche Centrum Praha\" width=\"640\" height=\"360\" src=\"https:\/\/www.youtube.com\/embed\/8WsZMs6UGPY?feature=oembed\" frameborder=\"0\" allow=\"accelerometer; autoplay; clipboard-write; encrypted-media; gyroscope; picture-in-picture\" allowfullscreen><\/iframe>\n<\/div><\/figure>\n\n\n\n<p>P\u0159i p\u0159\u00edle\u017eitosti slavnostn\u00edho otev\u0159en\u00ed Porsche Centra Praha nemohl chyb\u011bt ani jeho \u0159editel Michal Kubi\u0161ta: \u201eMy v Porsche preferujeme velmi osobn\u00ed p\u0159\u00edstup k&nbsp;na\u0161im z\u00e1kazn\u00edk\u016fm. Nov\u011b navr\u017een\u00e9 Porsche Centrum Praha jde ruku v&nbsp;ruce s&nbsp;t\u00edmto kontextem a vytv\u00e1\u0159\u00ed u\u017e\u0161\u00ed vztah mezi n\u00e1mi a klienty. Nov\u00fd showroom se zde transformoval z&nbsp;produktov\u011b orientovan\u00e9 lokality na z\u00e1kazn\u00edka, kter\u00fd je v&nbsp;centru d\u011bn\u00ed. Komunikace, digitalizace a inspirace jdou ruku v&nbsp;ruce s&nbsp;v\u0159elej\u0161\u00edm vztahem k&nbsp;z\u00e1kazn\u00edk\u016fm \u2013 lidem, kte\u0159\u00ed jsou pro n\u00e1s kl\u00ed\u010dov\u00ed.\u201c<\/p>\n\n\n\n<figure class=\"wp-block-image\"><img decoding=\"async\" src=\"https:\/\/carshouse.cz\/tmp\/15009_0_800_1654818215.jpg\" alt=\"Nov\u00e9 Porsche Centrum Praha se ofici\u00e1ln\u011b p\u0159edstavuje\"\/><\/figure>\n\n\n\n<p>Nejen Praha je ale pro zna\u010dku Porsche d\u016fle\u017eit\u00e1 v&nbsp;r\u00e1mci expanze na \u010desk\u00e9m trhu. \u201eRedesignovan\u00e9 Porsche Centrum Praha na Proseku je prvn\u00edm hmatateln\u00fdm krokem na\u0161\u00ed strategie ve vztahu k&nbsp;z\u00e1kazn\u00edk\u016fm. Velkolep\u00e9ho otev\u0159en\u00ed se z\u00fa\u010dastnily des\u00edtky na\u0161ich klient\u016f a \u201aDestination Porsche\u2018 p\u0159ijali s&nbsp;nad\u0161en\u00edm, co\u017e n\u00e1s up\u0159\u00edmn\u011b t\u011b\u0161\u00ed a motivuje do dal\u0161\u00edch krok\u016f. T\u011bmi budou nap\u0159\u00edklad dal\u0161\u00ed Porsche Centrum v&nbsp;Praze, vybudovan\u00e9 na zelen\u00e9 louce, t\u00e9m\u011b\u0159 dokon\u010den\u00e9 Porsche Centrum v&nbsp;Brn\u011b a pl\u00e1ny na dal\u0161\u00ed Porsche Centra v&nbsp;Ostrav\u011b i v&nbsp;Plzni. Chceme na\u0161im z\u00e1kazn\u00edk\u016fm nab\u00edzet nejen nejlep\u0161\u00ed auta, ale z\u00e1rove\u0148 jim b\u00fdt co nejbl\u00ed\u017ee,&#8220; zazn\u011blo z \u00fast Jana Sedl\u00e1\u010dka, v\u00fdkonn\u00e9ho \u0159editele importu zna\u010dky Porsche do \u010cR p\u0159i slavnostn\u00edm otev\u0159en\u00ed Porsche Centra Praha.<\/p>\n\n\n\n<figure class=\"wp-block-image\"><img decoding=\"async\" src=\"https:\/\/carshouse.cz\/tmp\/15010_0_800_1654818215.jpg\" alt=\"Nov\u00e9 Porsche Centrum Praha se ofici\u00e1ln\u011b p\u0159edstavuje\"\/><\/figure>\n\n\n\n<h2 class=\"wp-block-heading\">Destination Porsche: Porsche Centrum Praha<\/h2>\n\n\n\n<p>Nov\u011b ztv\u00e1rn\u011bn\u00e9 Porsche Centrum Praha se nach\u00e1z\u00ed na zn\u00e1m\u00e9m m\u00edst\u011b na pra\u017esk\u00e9m Proseku v&nbsp;Libereck\u00e9 ulici \u010d. 12, tedy v&nbsp;t\u011bsn\u00e9m sousedstv\u00ed s&nbsp;d\u00e1lnic\u00ed D8. Ve zn\u00e1m\u00e9 podob\u011b tu jako ofici\u00e1ln\u00ed prodejn\u00ed a servisn\u00ed m\u00edsto sportovn\u00edch automobil\u016f Porsche fungovalo od 22.10.2009. V&nbsp;\u010dervnu 2021 za\u010dala d\u016fkladn\u00e1 rekonstrukce investic\u00ed 2 milion\u016f eur, kter\u00e1 trvala necel\u00fd rok a zahrnula kompletn\u00ed redesign jak exteri\u00e9r\u016f, tak interi\u00e9r\u016f Porsche Centra Praha. Na kompletn\u00ed plo\u0161e 4&nbsp;929 m<sup>2<\/sup>&nbsp;se tak nach\u00e1z\u00ed jedno ze dvou aktu\u00e1ln\u011b nejmodern\u011bj\u0161\u00edch Porsche Center ve st\u0159edn\u00ed a v\u00fdchodn\u00ed Evrop\u011b.<\/p>\n\n\n\n<figure class=\"wp-block-image\"><img decoding=\"async\" src=\"https:\/\/carshouse.cz\/tmp\/15011_0_800_1654818216.jpg\" alt=\"Nov\u00e9 Porsche Centrum Praha se ofici\u00e1ln\u011b p\u0159edstavuje\"\/><\/figure>\n\n\n\n<p>Budovy sest\u00e1vaj\u00edc\u00ed se ze servisu, kancel\u00e1\u0159\u00ed a showroomu \u010d\u00edtaj\u00ed 1\u00a0936 m<sup>2<\/sup>, p\u0159i\u010dem\u017e samotn\u00e1 prodejn\u00ed plocha zab\u00edr\u00e1 1\u00a0009 m<sup>2<\/sup>\u00a0a je rozd\u011blena do sedmi modul\u016f: Highlights, Porscheplatz, E-Performance, Approved, Tequipment, Fitting Lounge. Digitalizace zde dostala velk\u00fd prostor v\u00a0podob\u011b 25 touchpoint\u016f v\u00a0prostoru showroomu a stranou nemohla z\u016fstat ani elektromobilita: dva DC hyperchargery a deset AC nab\u00edje\u010dek jsou zde standardem stejn\u011b jako rozs\u00e1hl\u00e9 parkovi\u0161t\u011b se 133 m\u00edsty.<\/p>\n\n\n\n<div style=\"height:40px\" aria-hidden=\"true\" class=\"wp-block-spacer\"><\/div>\n\n\n\n<figure class=\"wp-block-gallery columns-2 is-cropped wp-block-gallery-1 is-layout-flex wp-block-gallery-is-layout-flex\"><ul class=\"blocks-gallery-grid\"><li class=\"blocks-gallery-item\"><figure><img decoding=\"async\" loading=\"lazy\" width=\"1024\" height=\"683\" src=\"https:\/\/luxurymagazine.cz\/wp-content\/uploads\/2022\/06\/02-1024x683.jpg\" alt=\"\" data-id=\"2545\" data-link=\"https:\/\/luxurymagazine.cz\/?attachment_id=2545\" class=\"wp-image-2545\" srcset=\"https:\/\/luxurymagazine.cz\/wp-content\/uploads\/2022\/06\/02-1024x683.jpg 1024w, https:\/\/luxurymagazine.cz\/wp-content\/uploads\/2022\/06\/02-300x200.jpg 300w, https:\/\/luxurymagazine.cz\/wp-content\/uploads\/2022\/06\/02-768x512.jpg 768w, https:\/\/luxurymagazine.cz\/wp-content\/uploads\/2022\/06\/02-1536x1024.jpg 1536w, https:\/\/luxurymagazine.cz\/wp-content\/uploads\/2022\/06\/02.jpg 1773w\" sizes=\"(max-width: 1024px) 100vw, 1024px\" \/><\/figure><\/li><li class=\"blocks-gallery-item\"><figure><img decoding=\"async\" loading=\"lazy\" width=\"1024\" height=\"683\" src=\"https:\/\/luxurymagazine.cz\/wp-content\/uploads\/2022\/06\/03-1024x683.jpg\" alt=\"\" data-id=\"2546\" data-link=\"https:\/\/luxurymagazine.cz\/?attachment_id=2546\" class=\"wp-image-2546\" srcset=\"https:\/\/luxurymagazine.cz\/wp-content\/uploads\/2022\/06\/03-1024x683.jpg 1024w, https:\/\/luxurymagazine.cz\/wp-content\/uploads\/2022\/06\/03-300x200.jpg 300w, https:\/\/luxurymagazine.cz\/wp-content\/uploads\/2022\/06\/03-768x512.jpg 768w, https:\/\/luxurymagazine.cz\/wp-content\/uploads\/2022\/06\/03-1536x1024.jpg 1536w, https:\/\/luxurymagazine.cz\/wp-content\/uploads\/2022\/06\/03.jpg 1773w\" sizes=\"(max-width: 1024px) 100vw, 1024px\" \/><\/figure><\/li><li class=\"blocks-gallery-item\"><figure><img decoding=\"async\" loading=\"lazy\" width=\"1024\" height=\"681\" src=\"https:\/\/luxurymagazine.cz\/wp-content\/uploads\/2022\/06\/04-1024x681.jpg\" alt=\"\" data-id=\"2547\" data-link=\"https:\/\/luxurymagazine.cz\/?attachment_id=2547\" class=\"wp-image-2547\" srcset=\"https:\/\/luxurymagazine.cz\/wp-content\/uploads\/2022\/06\/04-1024x681.jpg 1024w, https:\/\/luxurymagazine.cz\/wp-content\/uploads\/2022\/06\/04-300x200.jpg 300w, https:\/\/luxurymagazine.cz\/wp-content\/uploads\/2022\/06\/04-768x511.jpg 768w, https:\/\/luxurymagazine.cz\/wp-content\/uploads\/2022\/06\/04-1536x1022.jpg 1536w, https:\/\/luxurymagazine.cz\/wp-content\/uploads\/2022\/06\/04-730x485.jpg 730w, https:\/\/luxurymagazine.cz\/wp-content\/uploads\/2022\/06\/04.jpg 1775w\" sizes=\"(max-width: 1024px) 100vw, 1024px\" \/><\/figure><\/li><li class=\"blocks-gallery-item\"><figure><img decoding=\"async\" loading=\"lazy\" width=\"1024\" height=\"681\" src=\"https:\/\/luxurymagazine.cz\/wp-content\/uploads\/2022\/06\/05-1024x681.jpg\" alt=\"\" data-id=\"2548\" data-link=\"https:\/\/luxurymagazine.cz\/?attachment_id=2548\" class=\"wp-image-2548\" srcset=\"https:\/\/luxurymagazine.cz\/wp-content\/uploads\/2022\/06\/05-1024x681.jpg 1024w, https:\/\/luxurymagazine.cz\/wp-content\/uploads\/2022\/06\/05-300x200.jpg 300w, https:\/\/luxurymagazine.cz\/wp-content\/uploads\/2022\/06\/05-768x511.jpg 768w, https:\/\/luxurymagazine.cz\/wp-content\/uploads\/2022\/06\/05-1536x1022.jpg 1536w, https:\/\/luxurymagazine.cz\/wp-content\/uploads\/2022\/06\/05-730x485.jpg 730w, https:\/\/luxurymagazine.cz\/wp-content\/uploads\/2022\/06\/05.jpg 1775w\" sizes=\"(max-width: 1024px) 100vw, 1024px\" \/><\/figure><\/li><li class=\"blocks-gallery-item\"><figure><img decoding=\"async\" loading=\"lazy\" width=\"1024\" height=\"681\" src=\"https:\/\/luxurymagazine.cz\/wp-content\/uploads\/2022\/06\/01-1024x681.jpg\" alt=\"\" data-id=\"2549\" data-full-url=\"https:\/\/luxurymagazine.cz\/wp-content\/uploads\/2022\/06\/01.jpg\" data-link=\"https:\/\/luxurymagazine.cz\/?attachment_id=2549\" class=\"wp-image-2549\" srcset=\"https:\/\/luxurymagazine.cz\/wp-content\/uploads\/2022\/06\/01-1024x681.jpg 1024w, https:\/\/luxurymagazine.cz\/wp-content\/uploads\/2022\/06\/01-300x200.jpg 300w, https:\/\/luxurymagazine.cz\/wp-content\/uploads\/2022\/06\/01-768x511.jpg 768w, https:\/\/luxurymagazine.cz\/wp-content\/uploads\/2022\/06\/01-1536x1022.jpg 1536w, https:\/\/luxurymagazine.cz\/wp-content\/uploads\/2022\/06\/01-730x485.jpg 730w, https:\/\/luxurymagazine.cz\/wp-content\/uploads\/2022\/06\/01.jpg 1775w\" sizes=\"(max-width: 1024px) 100vw, 1024px\" \/><\/figure><\/li><\/ul><\/figure>\n\n\n\n<p><strong>Zdroj foto a video:\u00a0<\/strong>Porsche Inter Auto CZ<\/p>\n\n\n\n<div style=\"height:100px\" aria-hidden=\"true\" class=\"wp-block-spacer\"><\/div>\n","protected":false},"excerpt":{"rendered":"<p>Spole\u010dnost Porsche Inter Auto CZ, v\u00fdhradn\u00ed import\u00e9r voz\u016f Porsche do \u010cesk\u00e9 republiky, dokon\u010dila kompletn\u00ed redesign Porsche Centra Praha. Z\u00e1kazn\u00edci zna\u010dky Porsche si tak v\u00a0Praze u\u017eij\u00ed jako jedni z\u00a0prvn\u00edch v\u00a0Evrop\u011b nov\u00e9ho prost\u0159ed\u00ed showroomu dle nejmodern\u011bj\u0161\u00edch trend\u016f v\u00fdrobce sportovn\u00edch voz\u016f Porsche. Do roka a do dne: Destination Porsche je zde. P\u0159esn\u011b dvan\u00e1ct m\u011bs\u00edc\u016f od zapo\u010det\u00ed stavebn\u00edch prac\u00ed [&hellip;]<\/p>\n","protected":false},"author":1,"featured_media":2549,"comment_status":"closed","ping_status":"closed","sticky":false,"template":"","format":"standard","meta":{"_mi_skip_tracking":false,"_monsterinsights_sitenote_active":false,"_monsterinsights_sitenote_note":"","_monsterinsights_sitenote_category":0,"footnotes":""},"categories":[8,15,2,13],"tags":[],"yoast_head":"<!-- This site is optimized with the Yoast SEO plugin v21.4 - https:\/\/yoast.com\/wordpress\/plugins\/seo\/ -->\n<title>Nov\u00e9 Porsche Centrum Praha se ofici\u00e1ln\u011b p\u0159edstavuje - LUXURYMAGAZINE.cz<\/title>\n<meta name=\"robots\" content=\"index, follow, max-snippet:-1, max-image-preview:large, max-video-preview:-1\" \/>\n<link rel=\"canonical\" href=\"https:\/\/luxurymagazine.cz\/index.php\/2022\/06\/10\/nove-porsche-centrum-praha-se-oficialne-predstavuje\/\" \/>\n<meta property=\"og:locale\" content=\"cs_CZ\" \/>\n<meta property=\"og:type\" content=\"article\" \/>\n<meta property=\"og:title\" content=\"Nov\u00e9 Porsche Centrum Praha se ofici\u00e1ln\u011b p\u0159edstavuje - LUXURYMAGAZINE.cz\" \/>\n<meta property=\"og:description\" content=\"Spole\u010dnost Porsche Inter Auto CZ, v\u00fdhradn\u00ed import\u00e9r voz\u016f Porsche do \u010cesk\u00e9 republiky, dokon\u010dila kompletn\u00ed redesign Porsche Centra Praha. Z\u00e1kazn\u00edci zna\u010dky Porsche si tak v\u00a0Praze u\u017eij\u00ed jako jedni z\u00a0prvn\u00edch v\u00a0Evrop\u011b nov\u00e9ho prost\u0159ed\u00ed showroomu dle nejmodern\u011bj\u0161\u00edch trend\u016f v\u00fdrobce sportovn\u00edch voz\u016f Porsche. Do roka a do dne: Destination Porsche je zde. P\u0159esn\u011b dvan\u00e1ct m\u011bs\u00edc\u016f od zapo\u010det\u00ed stavebn\u00edch prac\u00ed [&hellip;]\" \/>\n<meta property=\"og:url\" content=\"https:\/\/luxurymagazine.cz\/index.php\/2022\/06\/10\/nove-porsche-centrum-praha-se-oficialne-predstavuje\/\" \/>\n<meta property=\"og:site_name\" content=\"LUXURYMAGAZINE.cz\" \/>\n<meta property=\"article:published_time\" content=\"2022-06-09T22:01:52+00:00\" \/>\n<meta property=\"article:modified_time\" content=\"2022-08-09T10:52:39+00:00\" \/>\n<meta property=\"og:image\" content=\"https:\/\/luxurymagazine.cz\/wp-content\/uploads\/2022\/06\/01.jpg\" \/>\n\t<meta property=\"og:image:width\" content=\"1775\" \/>\n\t<meta property=\"og:image:height\" content=\"1181\" \/>\n\t<meta property=\"og:image:type\" content=\"image\/jpeg\" \/>\n<meta name=\"author\" content=\"Mikol\u00e1\u0161ek (\u0161\u00e9fredaktor HMG)\" \/>\n<meta name=\"twitter:card\" content=\"summary_large_image\" \/>\n<meta name=\"twitter:label1\" content=\"Napsal(a)\" \/>\n\t<meta name=\"twitter:data1\" content=\"Mikol\u00e1\u0161ek (\u0161\u00e9fredaktor HMG)\" \/>\n\t<meta name=\"twitter:label2\" content=\"Odhadovan\u00e1 doba \u010dten\u00ed\" \/>\n\t<meta name=\"twitter:data2\" content=\"3 minuty\" \/>\n<script type=\"application\/ld+json\" class=\"yoast-schema-graph\">{\"@context\":\"https:\/\/schema.org\",\"@graph\":[{\"@type\":\"Article\",\"@id\":\"https:\/\/luxurymagazine.cz\/index.php\/2022\/06\/10\/nove-porsche-centrum-praha-se-oficialne-predstavuje\/#article\",\"isPartOf\":{\"@id\":\"https:\/\/luxurymagazine.cz\/index.php\/2022\/06\/10\/nove-porsche-centrum-praha-se-oficialne-predstavuje\/\"},\"author\":{\"name\":\"Mikol\u00e1\u0161ek (\u0161\u00e9fredaktor HMG)\",\"@id\":\"https:\/\/luxurymagazine.cz\/#\/schema\/person\/900281a2a290470de69f4ca1ff899a92\"},\"headline\":\"Nov\u00e9 Porsche Centrum Praha se ofici\u00e1ln\u011b p\u0159edstavuje\",\"datePublished\":\"2022-06-09T22:01:52+00:00\",\"dateModified\":\"2022-08-09T10:52:39+00:00\",\"mainEntityOfPage\":{\"@id\":\"https:\/\/luxurymagazine.cz\/index.php\/2022\/06\/10\/nove-porsche-centrum-praha-se-oficialne-predstavuje\/\"},\"wordCount\":707,\"publisher\":{\"@id\":\"https:\/\/luxurymagazine.cz\/#organization\"},\"articleSection\":[\"AUTO &amp; MOTO &amp; LOD\u011a\",\"BUSINESS\",\"NEWS\",\"TIPY &amp; TRENDY\"],\"inLanguage\":\"cs\"},{\"@type\":\"WebPage\",\"@id\":\"https:\/\/luxurymagazine.cz\/index.php\/2022\/06\/10\/nove-porsche-centrum-praha-se-oficialne-predstavuje\/\",\"url\":\"https:\/\/luxurymagazine.cz\/index.php\/2022\/06\/10\/nove-porsche-centrum-praha-se-oficialne-predstavuje\/\",\"name\":\"Nov\u00e9 Porsche Centrum Praha se ofici\u00e1ln\u011b p\u0159edstavuje - LUXURYMAGAZINE.cz\",\"isPartOf\":{\"@id\":\"https:\/\/luxurymagazine.cz\/#website\"},\"datePublished\":\"2022-06-09T22:01:52+00:00\",\"dateModified\":\"2022-08-09T10:52:39+00:00\",\"breadcrumb\":{\"@id\":\"https:\/\/luxurymagazine.cz\/index.php\/2022\/06\/10\/nove-porsche-centrum-praha-se-oficialne-predstavuje\/#breadcrumb\"},\"inLanguage\":\"cs\",\"potentialAction\":[{\"@type\":\"ReadAction\",\"target\":[\"https:\/\/luxurymagazine.cz\/index.php\/2022\/06\/10\/nove-porsche-centrum-praha-se-oficialne-predstavuje\/\"]}]},{\"@type\":\"BreadcrumbList\",\"@id\":\"https:\/\/luxurymagazine.cz\/index.php\/2022\/06\/10\/nove-porsche-centrum-praha-se-oficialne-predstavuje\/#breadcrumb\",\"itemListElement\":[{\"@type\":\"ListItem\",\"position\":1,\"name\":\"Dom\u016f\",\"item\":\"https:\/\/luxurymagazine.cz\/\"},{\"@type\":\"ListItem\",\"position\":2,\"name\":\"Nov\u00e9 Porsche Centrum Praha se ofici\u00e1ln\u011b p\u0159edstavuje\"}]},{\"@type\":\"WebSite\",\"@id\":\"https:\/\/luxurymagazine.cz\/#website\",\"url\":\"https:\/\/luxurymagazine.cz\/\",\"name\":\"LUXURYMAGAZINE.cz\",\"description\":\"Port\u00e1l v\u00fdhradn\u011b o luxusu...\",\"publisher\":{\"@id\":\"https:\/\/luxurymagazine.cz\/#organization\"},\"potentialAction\":[{\"@type\":\"SearchAction\",\"target\":{\"@type\":\"EntryPoint\",\"urlTemplate\":\"https:\/\/luxurymagazine.cz\/?s={search_term_string}\"},\"query-input\":\"required name=search_term_string\"}],\"inLanguage\":\"cs\"},{\"@type\":\"Organization\",\"@id\":\"https:\/\/luxurymagazine.cz\/#organization\",\"name\":\"LUXURYMAGAZINE.cz\",\"url\":\"https:\/\/luxurymagazine.cz\/\",\"logo\":{\"@type\":\"ImageObject\",\"inLanguage\":\"cs\",\"@id\":\"https:\/\/luxurymagazine.cz\/#\/schema\/logo\/image\/\",\"url\":\"https:\/\/luxurymagazine.cz\/wp-content\/uploads\/2024\/12\/cropped-Logo_LuxuryMagazine-1.jpg\",\"contentUrl\":\"https:\/\/luxurymagazine.cz\/wp-content\/uploads\/2024\/12\/cropped-Logo_LuxuryMagazine-1.jpg\",\"width\":934,\"height\":509,\"caption\":\"LUXURYMAGAZINE.cz\"},\"image\":{\"@id\":\"https:\/\/luxurymagazine.cz\/#\/schema\/logo\/image\/\"}},{\"@type\":\"Person\",\"@id\":\"https:\/\/luxurymagazine.cz\/#\/schema\/person\/900281a2a290470de69f4ca1ff899a92\",\"name\":\"Mikol\u00e1\u0161ek (\u0161\u00e9fredaktor HMG)\",\"image\":{\"@type\":\"ImageObject\",\"inLanguage\":\"cs\",\"@id\":\"https:\/\/luxurymagazine.cz\/#\/schema\/person\/image\/\",\"url\":\"https:\/\/secure.gravatar.com\/avatar\/1c8a35f186d8baabb0513b2bdd8e53cd?s=96&d=mm&r=g\",\"contentUrl\":\"https:\/\/secure.gravatar.com\/avatar\/1c8a35f186d8baabb0513b2bdd8e53cd?s=96&d=mm&r=g\",\"caption\":\"Mikol\u00e1\u0161ek (\u0161\u00e9fredaktor HMG)\"},\"url\":\"https:\/\/luxurymagazine.cz\/index.php\/author\/ivomik\/\"}]}<\/script>\n<!-- \/ Yoast SEO plugin. -->","yoast_head_json":{"title":"Nov\u00e9 Porsche Centrum Praha se ofici\u00e1ln\u011b p\u0159edstavuje - LUXURYMAGAZINE.cz","robots":{"index":"index","follow":"follow","max-snippet":"max-snippet:-1","max-image-preview":"max-image-preview:large","max-video-preview":"max-video-preview:-1"},"canonical":"https:\/\/luxurymagazine.cz\/index.php\/2022\/06\/10\/nove-porsche-centrum-praha-se-oficialne-predstavuje\/","og_locale":"cs_CZ","og_type":"article","og_title":"Nov\u00e9 Porsche Centrum Praha se ofici\u00e1ln\u011b p\u0159edstavuje - LUXURYMAGAZINE.cz","og_description":"Spole\u010dnost Porsche Inter Auto CZ, v\u00fdhradn\u00ed import\u00e9r voz\u016f Porsche do \u010cesk\u00e9 republiky, dokon\u010dila kompletn\u00ed redesign Porsche Centra Praha. Z\u00e1kazn\u00edci zna\u010dky Porsche si tak v\u00a0Praze u\u017eij\u00ed jako jedni z\u00a0prvn\u00edch v\u00a0Evrop\u011b nov\u00e9ho prost\u0159ed\u00ed showroomu dle nejmodern\u011bj\u0161\u00edch trend\u016f v\u00fdrobce sportovn\u00edch voz\u016f Porsche. Do roka a do dne: Destination Porsche je zde. P\u0159esn\u011b dvan\u00e1ct m\u011bs\u00edc\u016f od zapo\u010det\u00ed stavebn\u00edch prac\u00ed [&hellip;]","og_url":"https:\/\/luxurymagazine.cz\/index.php\/2022\/06\/10\/nove-porsche-centrum-praha-se-oficialne-predstavuje\/","og_site_name":"LUXURYMAGAZINE.cz","article_published_time":"2022-06-09T22:01:52+00:00","article_modified_time":"2022-08-09T10:52:39+00:00","og_image":[{"width":1775,"height":1181,"url":"https:\/\/luxurymagazine.cz\/wp-content\/uploads\/2022\/06\/01.jpg","type":"image\/jpeg"}],"author":"Mikol\u00e1\u0161ek (\u0161\u00e9fredaktor HMG)","twitter_card":"summary_large_image","twitter_misc":{"Napsal(a)":"Mikol\u00e1\u0161ek (\u0161\u00e9fredaktor HMG)","Odhadovan\u00e1 doba \u010dten\u00ed":"3 minuty"},"schema":{"@context":"https:\/\/schema.org","@graph":[{"@type":"Article","@id":"https:\/\/luxurymagazine.cz\/index.php\/2022\/06\/10\/nove-porsche-centrum-praha-se-oficialne-predstavuje\/#article","isPartOf":{"@id":"https:\/\/luxurymagazine.cz\/index.php\/2022\/06\/10\/nove-porsche-centrum-praha-se-oficialne-predstavuje\/"},"author":{"name":"Mikol\u00e1\u0161ek (\u0161\u00e9fredaktor HMG)","@id":"https:\/\/luxurymagazine.cz\/#\/schema\/person\/900281a2a290470de69f4ca1ff899a92"},"headline":"Nov\u00e9 Porsche Centrum Praha se ofici\u00e1ln\u011b p\u0159edstavuje","datePublished":"2022-06-09T22:01:52+00:00","dateModified":"2022-08-09T10:52:39+00:00","mainEntityOfPage":{"@id":"https:\/\/luxurymagazine.cz\/index.php\/2022\/06\/10\/nove-porsche-centrum-praha-se-oficialne-predstavuje\/"},"wordCount":707,"publisher":{"@id":"https:\/\/luxurymagazine.cz\/#organization"},"articleSection":["AUTO &amp; MOTO &amp; LOD\u011a","BUSINESS","NEWS","TIPY &amp; TRENDY"],"inLanguage":"cs"},{"@type":"WebPage","@id":"https:\/\/luxurymagazine.cz\/index.php\/2022\/06\/10\/nove-porsche-centrum-praha-se-oficialne-predstavuje\/","url":"https:\/\/luxurymagazine.cz\/index.php\/2022\/06\/10\/nove-porsche-centrum-praha-se-oficialne-predstavuje\/","name":"Nov\u00e9 Porsche Centrum Praha se ofici\u00e1ln\u011b p\u0159edstavuje - LUXURYMAGAZINE.cz","isPartOf":{"@id":"https:\/\/luxurymagazine.cz\/#website"},"datePublished":"2022-06-09T22:01:52+00:00","dateModified":"2022-08-09T10:52:39+00:00","breadcrumb":{"@id":"https:\/\/luxurymagazine.cz\/index.php\/2022\/06\/10\/nove-porsche-centrum-praha-se-oficialne-predstavuje\/#breadcrumb"},"inLanguage":"cs","potentialAction":[{"@type":"ReadAction","target":["https:\/\/luxurymagazine.cz\/index.php\/2022\/06\/10\/nove-porsche-centrum-praha-se-oficialne-predstavuje\/"]}]},{"@type":"BreadcrumbList","@id":"https:\/\/luxurymagazine.cz\/index.php\/2022\/06\/10\/nove-porsche-centrum-praha-se-oficialne-predstavuje\/#breadcrumb","itemListElement":[{"@type":"ListItem","position":1,"name":"Dom\u016f","item":"https:\/\/luxurymagazine.cz\/"},{"@type":"ListItem","position":2,"name":"Nov\u00e9 Porsche Centrum Praha se ofici\u00e1ln\u011b p\u0159edstavuje"}]},{"@type":"WebSite","@id":"https:\/\/luxurymagazine.cz\/#website","url":"https:\/\/luxurymagazine.cz\/","name":"LUXURYMAGAZINE.cz","description":"Port\u00e1l v\u00fdhradn\u011b o luxusu...","publisher":{"@id":"https:\/\/luxurymagazine.cz\/#organization"},"potentialAction":[{"@type":"SearchAction","target":{"@type":"EntryPoint","urlTemplate":"https:\/\/luxurymagazine.cz\/?s={search_term_string}"},"query-input":"required name=search_term_string"}],"inLanguage":"cs"},{"@type":"Organization","@id":"https:\/\/luxurymagazine.cz\/#organization","name":"LUXURYMAGAZINE.cz","url":"https:\/\/luxurymagazine.cz\/","logo":{"@type":"ImageObject","inLanguage":"cs","@id":"https:\/\/luxurymagazine.cz\/#\/schema\/logo\/image\/","url":"https:\/\/luxurymagazine.cz\/wp-content\/uploads\/2024\/12\/cropped-Logo_LuxuryMagazine-1.jpg","contentUrl":"https:\/\/luxurymagazine.cz\/wp-content\/uploads\/2024\/12\/cropped-Logo_LuxuryMagazine-1.jpg","width":934,"height":509,"caption":"LUXURYMAGAZINE.cz"},"image":{"@id":"https:\/\/luxurymagazine.cz\/#\/schema\/logo\/image\/"}},{"@type":"Person","@id":"https:\/\/luxurymagazine.cz\/#\/schema\/person\/900281a2a290470de69f4ca1ff899a92","name":"Mikol\u00e1\u0161ek (\u0161\u00e9fredaktor HMG)","image":{"@type":"ImageObject","inLanguage":"cs","@id":"https:\/\/luxurymagazine.cz\/#\/schema\/person\/image\/","url":"https:\/\/secure.gravatar.com\/avatar\/1c8a35f186d8baabb0513b2bdd8e53cd?s=96&d=mm&r=g","contentUrl":"https:\/\/secure.gravatar.com\/avatar\/1c8a35f186d8baabb0513b2bdd8e53cd?s=96&d=mm&r=g","caption":"Mikol\u00e1\u0161ek (\u0161\u00e9fredaktor HMG)"},"url":"https:\/\/luxurymagazine.cz\/index.php\/author\/ivomik\/"}]}},"_links":{"self":[{"href":"https:\/\/luxurymagazine.cz\/index.php\/wp-json\/wp\/v2\/posts\/2544"}],"collection":[{"href":"https:\/\/luxurymagazine.cz\/index.php\/wp-json\/wp\/v2\/posts"}],"about":[{"href":"https:\/\/luxurymagazine.cz\/index.php\/wp-json\/wp\/v2\/types\/post"}],"author":[{"embeddable":true,"href":"https:\/\/luxurymagazine.cz\/index.php\/wp-json\/wp\/v2\/users\/1"}],"replies":[{"embeddable":true,"href":"https:\/\/luxurymagazine.cz\/index.php\/wp-json\/wp\/v2\/comments?post=2544"}],"version-history":[{"count":-4,"href":"https:\/\/luxurymagazine.cz\/index.php\/wp-json\/wp\/v2\/posts\/2544\/revisions"}],"wp:featuredmedia":[{"embeddable":true,"href":"https:\/\/luxurymagazine.cz\/index.php\/wp-json\/wp\/v2\/media\/2549"}],"wp:attachment":[{"href":"https:\/\/luxurymagazine.cz\/index.php\/wp-json\/wp\/v2\/media?parent=2544"}],"wp:term":[{"taxonomy":"category","embeddable":true,"href":"https:\/\/luxurymagazine.cz\/index.php\/wp-json\/wp\/v2\/categories?post=2544"},{"taxonomy":"post_tag","embeddable":true,"href":"https:\/\/luxurymagazine.cz\/index.php\/wp-json\/wp\/v2\/tags?post=2544"}],"curies":[{"name":"wp","href":"https:\/\/api.w.org\/{rel}","templated":true}]}}