{"id":2589,"date":"2022-06-28T00:35:33","date_gmt":"2022-06-27T22:35:33","guid":{"rendered":"https:\/\/luxurymagazine.cz\/?p=2589"},"modified":"2022-08-15T13:15:02","modified_gmt":"2022-08-15T11:15:02","slug":"karlinske-kro-bistro-bar-hlasi-navrat-krenovky-na-letni-menu","status":"publish","type":"post","link":"https:\/\/luxurymagazine.cz\/index.php\/2022\/06\/28\/karlinske-kro-bistro-bar-hlasi-navrat-krenovky-na-letni-menu\/","title":{"rendered":"Karl\u00ednsk\u00e9 KRO Bistro &#038; Bar hl\u00e1s\u00ed n\u00e1vrat k\u0159enovky na letn\u00ed menu"},"content":{"rendered":"\n<div style=\"height:20px\" aria-hidden=\"true\" class=\"wp-block-spacer\"><\/div>\n\n\n\n<p><strong>S&nbsp;p\u0159\u00edchodem kalend\u00e1\u0159n\u00edho l\u00e9ta se&nbsp;v KRO Bistro &amp; Baru, kter\u00fd ned\u00e1vno oslavil sv\u00e9 prvn\u00ed narozeniny, op\u011bt obm\u011bnilo menu. To se aktualizuje pravideln\u011b, aby odpov\u00eddalo dan\u00e9mu ro\u010dn\u00edmu obdob\u00ed a surovin\u00e1m, je\u017e jsou pr\u00e1v\u011b k&nbsp;dispozici v&nbsp;t\u00e9 nej\u010derstv\u011bj\u0161\u00ed podob\u011b. Host\u00e9 tak mohou ochutnat novinky, ale i&nbsp;p\u0159iv\u00edtat star\u00e9 zn\u00e1m\u00e9. Na menu se toti\u017e vrac\u00ed signature pokrm hov\u011bz\u00ed v&nbsp;k\u0159enov\u00e9 om\u00e1\u010dce, s&nbsp;n\u00edm\u017e karl\u00ednsk\u00e9 KRO zaujalo p\u0159ed rokem. <\/strong> <\/p>\n\n\n\n<figure class=\"wp-block-image\"><img decoding=\"async\" src=\"https:\/\/hotelhouse.cz\/wp-content\/uploads\/2022\/06\/1-1024x683.jpg\" alt=\"\" class=\"wp-image-3220\"\/><\/figure>\n\n\n\n<p>Na\nj\u00eddeln\u00edm l\u00edstku z\u016fst\u00e1vaj\u00ed tak\u00e9 n\u011bkter\u00e9 st\u00e1lice, jejich\u017e\nz\u00e1klad je v\u017edy stejn\u00fd a st\u0159\u00eddaj\u00ed se jen sez\u00f3nn\u00ed ingredience,\nkter\u00e9 cel\u00fd pokrm dopl\u0148uj\u00ed. Zm\u011bn se tak do\u010dk\u00e1&nbsp;tatar\u00e1k,\nkter\u00fd nov\u011b dopln\u00ed marin\u00e1da z pe\u010den\u00fdch raj\u010dat a nakl\u00e1dan\u00e1\n\u0161alotka. Sma\u017een\u00e9 ku\u0159e v housce vyletn\u00ed pa\u017eitkov\u00e1 emulze s\nmedv\u011bd\u00edm \u010desnekem a hov\u011bz\u00ed v chlebu nahrad\u00ed&nbsp;hov\u011bz\u00ed ve\nfocaccie s nakl\u00e1danou cuketou a ajvarem.&nbsp;<\/p>\n\n\n\n<p>Na l\u00edstku se objevuje tak\u00e9 n\u011bkolik novinek. Z p\u0159edkrm\u016f to jsou&nbsp;ku\u0159ec\u00ed stripsy nalo\u017een\u00e9 do sm\u011bsi misa, \u017eloutk\u016f a jogurtu a pot\u00e9 obalen\u00e9 a osma\u017een\u00e9 ve strouhance z tapiokov\u00e9 mouky.&nbsp;Stripsy se pod\u00e1vaj\u00ed s majon\u00e9zou z konfitovan\u00e9ho \u010desneku. Druhou novinkou mezi p\u0159edkrmy jsou&nbsp;nachos z bramborov\u00fdch placek s raj\u010datovou salsou a kimchi sol\u00ed.&nbsp;<\/p>\n\n\n\n<div class=\"wp-block-image\"><figure class=\"aligncenter\"><img decoding=\"async\" src=\"https:\/\/hotelhouse.cz\/wp-content\/uploads\/2022\/06\/posirovana-merunka-821x1024.jpg\" alt=\"\" class=\"wp-image-3222\"\/><\/figure><\/div>\n\n\n\n<p>Na menu nechyb\u00ed ani tentokr\u00e1t vegetari\u00e1nsk\u00fd special v podob\u011b grilovan\u00e9ho kv\u011bt\u00e1ku s om\u00e1\u010dkou ze zraj\u00edc\u00edho s\u00fdru, nakl\u00e1danou \u0161alotkou, koprem a chlebov\u00fdm crumblem. Sladkou te\u010dku lze vybrat ze dvou dezert\u016f: vanilkov\u00fd kr\u00e9m s jahodami, ho\u0159kou \u010dokol\u00e1dou s mandlemi a estragonem, nebo po\u0161\u00edrovan\u00e9 meru\u0148ky s medov\u00fdm kr\u00e9mem a zmrzlinou ze syrov\u00e1tky.<\/p>\n\n\n\n<div class=\"wp-block-image\"><figure class=\"aligncenter\"><img decoding=\"async\" src=\"https:\/\/hotelhouse.cz\/wp-content\/uploads\/2022\/06\/alkokoktejly-761x1024.jpg\" alt=\"\" class=\"wp-image-3221\"\/><\/figure><\/div>\n\n\n\n<h3 class=\"wp-block-heading\"><strong>M\u00e9n\u011b\nje v\u00edce<\/strong><\/h3>\n\n\n\n<p>Barov\u00e1\n\u010d\u00e1st&nbsp;KRO&nbsp;Bistro &amp; Baru&nbsp;pro\u0161la lehkou obm\u011bnou\nkonceptu. Na hosty i nad\u00e1le \u010dekaj\u00ed signature koktejly, na kter\u00e9\nse chce \u0161\u00e9fbarman Pavel se sv\u00fdm t\u00fdmem nyn\u00ed soust\u0159edit a v\u011bnovat\njim ve\u0161kerou p\u00e9\u010di. Aby toho doc\u00edlili, rozhodli se omezit\n\u201epodpultovou\u201c nab\u00eddku dal\u0161\u00edch koktejl\u016f. K dost\u00e1n\u00ed jsou tedy\npouze drinky uveden\u00e9 na menu.&nbsp;<\/p>\n\n\n\n<p><br>Jejich v\u00fdb\u011br se v\u0161ak roz\u0161\u00ed\u0159il a nab\u00eddka nov\u011b obsahuje okolo dvaceti koktejl\u016f, vylad\u011bn\u00fdch do posledn\u00edho detailu. Mezi novinky pat\u0159\u00ed nap\u0159\u00edklad \u010depovan\u00e9 Clarified Tap Mojito (rum Diplom\u00e1tico Mantuano, m\u00e1tovo-limetkov\u00fd cordial, Vetiver esence), Fizzy Strawberry (jahodo-estragonov\u00fd shrub sorbet, \u0161umiv\u00e9 v\u00edno, nakl\u00e1dan\u00e1 jahoda), Bay Leaf Martini (gin Garage 22, Martini Ambrato, fermentovan\u00e1 raj\u010datov\u00e1 voda, bobkov\u00fd list, k\u0159enov\u00fd olej), Cherry Batanga (tequila Cazcabel Blanco, vi\u0161\u0148ov\u00e1 \u0161\u0165\u00e1va, Luxardo Maraschino, Mio Mio Cola) a Rhubarb Cosmopolitan (KRO lemon vodka, rebarborov\u00fd cordial a vermut Dolin Dry). <\/p>\n\n\n\n<p>Zkr\u00e1tka\nnep\u0159ijdou ani ti, kdo d\u00e1vaj\u00ed p\u0159ednost nealkoholick\u00fdm drink\u016fm.\nPro n\u011b vznikly nov\u00e9 drinky kombinuj\u00edc\u00ed suroviny:\nrebarbora-ibi\u0161ek-z\u00e1zvor,&nbsp;cold brew-grapefruit-bezinka&nbsp;a\nspojen\u00ed&nbsp;okurky a octu na pit\u00ed z&nbsp;Utopie.<\/p>\n\n\n\n<p>P\u0159es\nl\u00e9to se v&nbsp;Karl\u00edn\u011b tak\u00e9 prot\u00e1hla otev\u00edrac\u00ed doba, a to a\u017e\ndo p\u016flnoci od \u010dtvrtku do soboty. Kuchy\u0148 v&nbsp;tyto dny funguje a\u017e\ndo 22 hodin. \n<\/p>\n\n\n\n<h3 class=\"wp-block-heading\"><strong>O\nKRO<\/strong><\/h3>\n\n\n\n<p>My\u0161lenka\nKRO Kitchen se zrodila v&nbsp;hlav\u011b Vojty V\u00e1clav\u00edka. Ten p\u0159ed\notev\u0159en\u00edm vlastn\u00edho podniku va\u0159il v&nbsp;norsk\u00e9 michelinsk\u00e9\nrestauraci Fauna a po n\u00e1vratu do \u010cech se stal \u0161\u00e9fkucha\u0159em\nrestaurace Hergetova Cihelna. T\u00fdm okolo bistra zam\u011b\u0159uj\u00edc\u00edho se\nna grilovan\u00e1 ku\u0159ata a vegetari\u00e1nsk\u00e1 j\u00eddla se za\u010dal brzy\nrozr\u016fstat a tak\u00e9 se objevily nov\u00e9 p\u0159\u00edle\u017eitosti a prostory.\nVojta a jeho crew nev\u00e1hali a b\u011bhem dvou let vedle KRO Kitchen\nvybudovali tak\u00e9 pek\u00e1rnu KRO Bakery, kav\u00e1rnu KRO Coffee a zat\u00edm\nnejnov\u011bj\u0161\u00ed KRO&nbsp;Bistro &amp; Bar.<\/p>\n\n\n\n<p><strong>KRO\nBistro &amp; Bar<\/strong><\/p>\n\n\n\n<p>Sokolovsk\u00e1\n79<\/p>\n\n\n\n<p>Praha\n8<\/p>\n\n\n\n<p>Otev\u00edrac\u00ed\ndoba: Po-St 11-15 \/ 16-22, \u010ct-Ne 11-15 \/ 16-00<\/p>\n\n\n\n<p><a href=\"http:\/\/www.krokitchen.cz\/\"><strong>www.krokitchen.cz<\/strong><\/a><\/p>\n\n\n\n<div style=\"height:36px\" aria-hidden=\"true\" class=\"wp-block-spacer\"><\/div>\n\n\n\n<figure class=\"wp-block-gallery columns-2 is-cropped wp-block-gallery-1 is-layout-flex wp-block-gallery-is-layout-flex\"><ul class=\"blocks-gallery-grid\"><li class=\"blocks-gallery-item\"><figure><img decoding=\"async\" src=\"https:\/\/hotelhouse.cz\/wp-content\/uploads\/2022\/06\/posirovana-merunka-821x1024.jpg\" alt=\"\" data-id=\"3222\" data-link=\"https:\/\/hotelhouse.cz\/index.php\/2022\/06\/27\/karlinske-kro-bistro-bar-hlasi-navrat-krenovky-na-letni-menu\/posirovana-merunka\/\" class=\"wp-image-3222\"\/><\/figure><\/li><li class=\"blocks-gallery-item\"><figure><img decoding=\"async\" src=\"https:\/\/hotelhouse.cz\/wp-content\/uploads\/2022\/06\/alkokoktejly-761x1024.jpg\" alt=\"\" data-id=\"3221\" data-link=\"https:\/\/hotelhouse.cz\/index.php\/2022\/06\/27\/karlinske-kro-bistro-bar-hlasi-navrat-krenovky-na-letni-menu\/alkokoktejly\/\" class=\"wp-image-3221\"\/><\/figure><\/li><li class=\"blocks-gallery-item\"><figure><img decoding=\"async\" src=\"https:\/\/hotelhouse.cz\/wp-content\/uploads\/2022\/06\/1-1024x683.jpg\" alt=\"\" data-id=\"3220\" data-link=\"https:\/\/hotelhouse.cz\/index.php\/2022\/06\/27\/karlinske-kro-bistro-bar-hlasi-navrat-krenovky-na-letni-menu\/1-2\/\" class=\"wp-image-3220\"\/><\/figure><\/li><\/ul><\/figure>\n\n\n\n<p><strong>Zdroj foto:<\/strong> KRO Bistro &amp; Bar<\/p>\n\n\n\n<div style=\"height:30px\" aria-hidden=\"true\" class=\"wp-block-spacer\"><\/div>\n","protected":false},"excerpt":{"rendered":"<p>S&nbsp;p\u0159\u00edchodem kalend\u00e1\u0159n\u00edho l\u00e9ta se&nbsp;v KRO Bistro &amp; Baru, kter\u00fd ned\u00e1vno oslavil sv\u00e9 prvn\u00ed narozeniny, op\u011bt obm\u011bnilo menu. To se aktualizuje pravideln\u011b, aby odpov\u00eddalo dan\u00e9mu ro\u010dn\u00edmu obdob\u00ed a surovin\u00e1m, je\u017e jsou pr\u00e1v\u011b k&nbsp;dispozici v&nbsp;t\u00e9 nej\u010derstv\u011bj\u0161\u00ed podob\u011b. Host\u00e9 tak mohou ochutnat novinky, ale i&nbsp;p\u0159iv\u00edtat star\u00e9 zn\u00e1m\u00e9. Na menu se toti\u017e vrac\u00ed signature pokrm hov\u011bz\u00ed v&nbsp;k\u0159enov\u00e9 om\u00e1\u010dce, s&nbsp;n\u00edm\u017e [&hellip;]<\/p>\n","protected":false},"author":3,"featured_media":2590,"comment_status":"closed","ping_status":"closed","sticky":false,"template":"","format":"standard","meta":{"_mi_skip_tracking":false,"_monsterinsights_sitenote_active":false,"_monsterinsights_sitenote_note":"","_monsterinsights_sitenote_category":0,"footnotes":""},"categories":[7,2,13],"tags":[],"yoast_head":"<!-- This site is optimized with the Yoast SEO plugin v21.4 - https:\/\/yoast.com\/wordpress\/plugins\/seo\/ -->\n<title>Karl\u00ednsk\u00e9 KRO Bistro &amp; Bar hl\u00e1s\u00ed n\u00e1vrat k\u0159enovky na letn\u00ed menu - LUXURYMAGAZINE.cz<\/title>\n<meta name=\"robots\" content=\"index, follow, max-snippet:-1, max-image-preview:large, max-video-preview:-1\" \/>\n<link rel=\"canonical\" href=\"https:\/\/luxurymagazine.cz\/index.php\/2022\/06\/28\/karlinske-kro-bistro-bar-hlasi-navrat-krenovky-na-letni-menu\/\" \/>\n<meta property=\"og:locale\" content=\"cs_CZ\" \/>\n<meta property=\"og:type\" content=\"article\" \/>\n<meta property=\"og:title\" content=\"Karl\u00ednsk\u00e9 KRO Bistro &amp; Bar hl\u00e1s\u00ed n\u00e1vrat k\u0159enovky na letn\u00ed menu - LUXURYMAGAZINE.cz\" \/>\n<meta property=\"og:description\" content=\"S&nbsp;p\u0159\u00edchodem kalend\u00e1\u0159n\u00edho l\u00e9ta se&nbsp;v KRO Bistro &amp; Baru, kter\u00fd ned\u00e1vno oslavil sv\u00e9 prvn\u00ed narozeniny, op\u011bt obm\u011bnilo menu. To se aktualizuje pravideln\u011b, aby odpov\u00eddalo dan\u00e9mu ro\u010dn\u00edmu obdob\u00ed a surovin\u00e1m, je\u017e jsou pr\u00e1v\u011b k&nbsp;dispozici v&nbsp;t\u00e9 nej\u010derstv\u011bj\u0161\u00ed podob\u011b. Host\u00e9 tak mohou ochutnat novinky, ale i&nbsp;p\u0159iv\u00edtat star\u00e9 zn\u00e1m\u00e9. Na menu se toti\u017e vrac\u00ed signature pokrm hov\u011bz\u00ed v&nbsp;k\u0159enov\u00e9 om\u00e1\u010dce, s&nbsp;n\u00edm\u017e [&hellip;]\" \/>\n<meta property=\"og:url\" content=\"https:\/\/luxurymagazine.cz\/index.php\/2022\/06\/28\/karlinske-kro-bistro-bar-hlasi-navrat-krenovky-na-letni-menu\/\" \/>\n<meta property=\"og:site_name\" content=\"LUXURYMAGAZINE.cz\" \/>\n<meta property=\"article:published_time\" content=\"2022-06-27T22:35:33+00:00\" \/>\n<meta property=\"article:modified_time\" content=\"2022-08-15T11:15:02+00:00\" \/>\n<meta property=\"og:image\" content=\"https:\/\/luxurymagazine.cz\/wp-content\/uploads\/2022\/06\/1.jpg\" \/>\n\t<meta property=\"og:image:width\" content=\"1200\" \/>\n\t<meta property=\"og:image:height\" content=\"800\" \/>\n\t<meta property=\"og:image:type\" content=\"image\/jpeg\" \/>\n<meta name=\"author\" content=\"Miroslav Van\u011bk\" \/>\n<meta name=\"twitter:card\" content=\"summary_large_image\" \/>\n<meta name=\"twitter:label1\" content=\"Napsal(a)\" \/>\n\t<meta name=\"twitter:data1\" content=\"Miroslav Van\u011bk\" \/>\n\t<meta name=\"twitter:label2\" content=\"Odhadovan\u00e1 doba \u010dten\u00ed\" \/>\n\t<meta name=\"twitter:data2\" content=\"4 minuty\" \/>\n<script type=\"application\/ld+json\" class=\"yoast-schema-graph\">{\"@context\":\"https:\/\/schema.org\",\"@graph\":[{\"@type\":\"Article\",\"@id\":\"https:\/\/luxurymagazine.cz\/index.php\/2022\/06\/28\/karlinske-kro-bistro-bar-hlasi-navrat-krenovky-na-letni-menu\/#article\",\"isPartOf\":{\"@id\":\"https:\/\/luxurymagazine.cz\/index.php\/2022\/06\/28\/karlinske-kro-bistro-bar-hlasi-navrat-krenovky-na-letni-menu\/\"},\"author\":{\"name\":\"Miroslav Van\u011bk\",\"@id\":\"https:\/\/luxurymagazine.cz\/#\/schema\/person\/44a069a3b1eab523585f7325b6e54254\"},\"headline\":\"Karl\u00ednsk\u00e9 KRO Bistro &#038; Bar hl\u00e1s\u00ed n\u00e1vrat k\u0159enovky na letn\u00ed menu\",\"datePublished\":\"2022-06-27T22:35:33+00:00\",\"dateModified\":\"2022-08-15T11:15:02+00:00\",\"mainEntityOfPage\":{\"@id\":\"https:\/\/luxurymagazine.cz\/index.php\/2022\/06\/28\/karlinske-kro-bistro-bar-hlasi-navrat-krenovky-na-letni-menu\/\"},\"wordCount\":722,\"publisher\":{\"@id\":\"https:\/\/luxurymagazine.cz\/#organization\"},\"articleSection\":[\"GASTRO &amp; GURM\u00c1N\",\"NEWS\",\"TIPY &amp; TRENDY\"],\"inLanguage\":\"cs\"},{\"@type\":\"WebPage\",\"@id\":\"https:\/\/luxurymagazine.cz\/index.php\/2022\/06\/28\/karlinske-kro-bistro-bar-hlasi-navrat-krenovky-na-letni-menu\/\",\"url\":\"https:\/\/luxurymagazine.cz\/index.php\/2022\/06\/28\/karlinske-kro-bistro-bar-hlasi-navrat-krenovky-na-letni-menu\/\",\"name\":\"Karl\u00ednsk\u00e9 KRO Bistro & Bar hl\u00e1s\u00ed n\u00e1vrat k\u0159enovky na letn\u00ed menu - LUXURYMAGAZINE.cz\",\"isPartOf\":{\"@id\":\"https:\/\/luxurymagazine.cz\/#website\"},\"datePublished\":\"2022-06-27T22:35:33+00:00\",\"dateModified\":\"2022-08-15T11:15:02+00:00\",\"breadcrumb\":{\"@id\":\"https:\/\/luxurymagazine.cz\/index.php\/2022\/06\/28\/karlinske-kro-bistro-bar-hlasi-navrat-krenovky-na-letni-menu\/#breadcrumb\"},\"inLanguage\":\"cs\",\"potentialAction\":[{\"@type\":\"ReadAction\",\"target\":[\"https:\/\/luxurymagazine.cz\/index.php\/2022\/06\/28\/karlinske-kro-bistro-bar-hlasi-navrat-krenovky-na-letni-menu\/\"]}]},{\"@type\":\"BreadcrumbList\",\"@id\":\"https:\/\/luxurymagazine.cz\/index.php\/2022\/06\/28\/karlinske-kro-bistro-bar-hlasi-navrat-krenovky-na-letni-menu\/#breadcrumb\",\"itemListElement\":[{\"@type\":\"ListItem\",\"position\":1,\"name\":\"Dom\u016f\",\"item\":\"https:\/\/luxurymagazine.cz\/\"},{\"@type\":\"ListItem\",\"position\":2,\"name\":\"Karl\u00ednsk\u00e9 KRO Bistro &#038; Bar hl\u00e1s\u00ed n\u00e1vrat k\u0159enovky na letn\u00ed menu\"}]},{\"@type\":\"WebSite\",\"@id\":\"https:\/\/luxurymagazine.cz\/#website\",\"url\":\"https:\/\/luxurymagazine.cz\/\",\"name\":\"LUXURYMAGAZINE.cz\",\"description\":\"Port\u00e1l v\u00fdhradn\u011b o luxusu...\",\"publisher\":{\"@id\":\"https:\/\/luxurymagazine.cz\/#organization\"},\"potentialAction\":[{\"@type\":\"SearchAction\",\"target\":{\"@type\":\"EntryPoint\",\"urlTemplate\":\"https:\/\/luxurymagazine.cz\/?s={search_term_string}\"},\"query-input\":\"required name=search_term_string\"}],\"inLanguage\":\"cs\"},{\"@type\":\"Organization\",\"@id\":\"https:\/\/luxurymagazine.cz\/#organization\",\"name\":\"LUXURYMAGAZINE.cz\",\"url\":\"https:\/\/luxurymagazine.cz\/\",\"logo\":{\"@type\":\"ImageObject\",\"inLanguage\":\"cs\",\"@id\":\"https:\/\/luxurymagazine.cz\/#\/schema\/logo\/image\/\",\"url\":\"https:\/\/luxurymagazine.cz\/wp-content\/uploads\/2024\/12\/cropped-Logo_LuxuryMagazine-1.jpg\",\"contentUrl\":\"https:\/\/luxurymagazine.cz\/wp-content\/uploads\/2024\/12\/cropped-Logo_LuxuryMagazine-1.jpg\",\"width\":934,\"height\":509,\"caption\":\"LUXURYMAGAZINE.cz\"},\"image\":{\"@id\":\"https:\/\/luxurymagazine.cz\/#\/schema\/logo\/image\/\"}},{\"@type\":\"Person\",\"@id\":\"https:\/\/luxurymagazine.cz\/#\/schema\/person\/44a069a3b1eab523585f7325b6e54254\",\"name\":\"Miroslav Van\u011bk\",\"image\":{\"@type\":\"ImageObject\",\"inLanguage\":\"cs\",\"@id\":\"https:\/\/luxurymagazine.cz\/#\/schema\/person\/image\/\",\"url\":\"https:\/\/secure.gravatar.com\/avatar\/cc93dbecbfc820d69a964ea4a1c72377?s=96&d=mm&r=g\",\"contentUrl\":\"https:\/\/secure.gravatar.com\/avatar\/cc93dbecbfc820d69a964ea4a1c72377?s=96&d=mm&r=g\",\"caption\":\"Miroslav Van\u011bk\"},\"sameAs\":[\"http:\/\/LUXURYMAGAZINE.cz\"],\"url\":\"https:\/\/luxurymagazine.cz\/index.php\/author\/mirvan\/\"}]}<\/script>\n<!-- \/ Yoast SEO plugin. -->","yoast_head_json":{"title":"Karl\u00ednsk\u00e9 KRO Bistro & Bar hl\u00e1s\u00ed n\u00e1vrat k\u0159enovky na letn\u00ed menu - LUXURYMAGAZINE.cz","robots":{"index":"index","follow":"follow","max-snippet":"max-snippet:-1","max-image-preview":"max-image-preview:large","max-video-preview":"max-video-preview:-1"},"canonical":"https:\/\/luxurymagazine.cz\/index.php\/2022\/06\/28\/karlinske-kro-bistro-bar-hlasi-navrat-krenovky-na-letni-menu\/","og_locale":"cs_CZ","og_type":"article","og_title":"Karl\u00ednsk\u00e9 KRO Bistro & Bar hl\u00e1s\u00ed n\u00e1vrat k\u0159enovky na letn\u00ed menu - LUXURYMAGAZINE.cz","og_description":"S&nbsp;p\u0159\u00edchodem kalend\u00e1\u0159n\u00edho l\u00e9ta se&nbsp;v KRO Bistro &amp; Baru, kter\u00fd ned\u00e1vno oslavil sv\u00e9 prvn\u00ed narozeniny, op\u011bt obm\u011bnilo menu. To se aktualizuje pravideln\u011b, aby odpov\u00eddalo dan\u00e9mu ro\u010dn\u00edmu obdob\u00ed a surovin\u00e1m, je\u017e jsou pr\u00e1v\u011b k&nbsp;dispozici v&nbsp;t\u00e9 nej\u010derstv\u011bj\u0161\u00ed podob\u011b. Host\u00e9 tak mohou ochutnat novinky, ale i&nbsp;p\u0159iv\u00edtat star\u00e9 zn\u00e1m\u00e9. Na menu se toti\u017e vrac\u00ed signature pokrm hov\u011bz\u00ed v&nbsp;k\u0159enov\u00e9 om\u00e1\u010dce, s&nbsp;n\u00edm\u017e [&hellip;]","og_url":"https:\/\/luxurymagazine.cz\/index.php\/2022\/06\/28\/karlinske-kro-bistro-bar-hlasi-navrat-krenovky-na-letni-menu\/","og_site_name":"LUXURYMAGAZINE.cz","article_published_time":"2022-06-27T22:35:33+00:00","article_modified_time":"2022-08-15T11:15:02+00:00","og_image":[{"width":1200,"height":800,"url":"https:\/\/luxurymagazine.cz\/wp-content\/uploads\/2022\/06\/1.jpg","type":"image\/jpeg"}],"author":"Miroslav Van\u011bk","twitter_card":"summary_large_image","twitter_misc":{"Napsal(a)":"Miroslav Van\u011bk","Odhadovan\u00e1 doba \u010dten\u00ed":"4 minuty"},"schema":{"@context":"https:\/\/schema.org","@graph":[{"@type":"Article","@id":"https:\/\/luxurymagazine.cz\/index.php\/2022\/06\/28\/karlinske-kro-bistro-bar-hlasi-navrat-krenovky-na-letni-menu\/#article","isPartOf":{"@id":"https:\/\/luxurymagazine.cz\/index.php\/2022\/06\/28\/karlinske-kro-bistro-bar-hlasi-navrat-krenovky-na-letni-menu\/"},"author":{"name":"Miroslav Van\u011bk","@id":"https:\/\/luxurymagazine.cz\/#\/schema\/person\/44a069a3b1eab523585f7325b6e54254"},"headline":"Karl\u00ednsk\u00e9 KRO Bistro &#038; Bar hl\u00e1s\u00ed n\u00e1vrat k\u0159enovky na letn\u00ed menu","datePublished":"2022-06-27T22:35:33+00:00","dateModified":"2022-08-15T11:15:02+00:00","mainEntityOfPage":{"@id":"https:\/\/luxurymagazine.cz\/index.php\/2022\/06\/28\/karlinske-kro-bistro-bar-hlasi-navrat-krenovky-na-letni-menu\/"},"wordCount":722,"publisher":{"@id":"https:\/\/luxurymagazine.cz\/#organization"},"articleSection":["GASTRO &amp; GURM\u00c1N","NEWS","TIPY &amp; TRENDY"],"inLanguage":"cs"},{"@type":"WebPage","@id":"https:\/\/luxurymagazine.cz\/index.php\/2022\/06\/28\/karlinske-kro-bistro-bar-hlasi-navrat-krenovky-na-letni-menu\/","url":"https:\/\/luxurymagazine.cz\/index.php\/2022\/06\/28\/karlinske-kro-bistro-bar-hlasi-navrat-krenovky-na-letni-menu\/","name":"Karl\u00ednsk\u00e9 KRO Bistro & Bar hl\u00e1s\u00ed n\u00e1vrat k\u0159enovky na letn\u00ed menu - LUXURYMAGAZINE.cz","isPartOf":{"@id":"https:\/\/luxurymagazine.cz\/#website"},"datePublished":"2022-06-27T22:35:33+00:00","dateModified":"2022-08-15T11:15:02+00:00","breadcrumb":{"@id":"https:\/\/luxurymagazine.cz\/index.php\/2022\/06\/28\/karlinske-kro-bistro-bar-hlasi-navrat-krenovky-na-letni-menu\/#breadcrumb"},"inLanguage":"cs","potentialAction":[{"@type":"ReadAction","target":["https:\/\/luxurymagazine.cz\/index.php\/2022\/06\/28\/karlinske-kro-bistro-bar-hlasi-navrat-krenovky-na-letni-menu\/"]}]},{"@type":"BreadcrumbList","@id":"https:\/\/luxurymagazine.cz\/index.php\/2022\/06\/28\/karlinske-kro-bistro-bar-hlasi-navrat-krenovky-na-letni-menu\/#breadcrumb","itemListElement":[{"@type":"ListItem","position":1,"name":"Dom\u016f","item":"https:\/\/luxurymagazine.cz\/"},{"@type":"ListItem","position":2,"name":"Karl\u00ednsk\u00e9 KRO Bistro &#038; Bar hl\u00e1s\u00ed n\u00e1vrat k\u0159enovky na letn\u00ed menu"}]},{"@type":"WebSite","@id":"https:\/\/luxurymagazine.cz\/#website","url":"https:\/\/luxurymagazine.cz\/","name":"LUXURYMAGAZINE.cz","description":"Port\u00e1l v\u00fdhradn\u011b o luxusu...","publisher":{"@id":"https:\/\/luxurymagazine.cz\/#organization"},"potentialAction":[{"@type":"SearchAction","target":{"@type":"EntryPoint","urlTemplate":"https:\/\/luxurymagazine.cz\/?s={search_term_string}"},"query-input":"required name=search_term_string"}],"inLanguage":"cs"},{"@type":"Organization","@id":"https:\/\/luxurymagazine.cz\/#organization","name":"LUXURYMAGAZINE.cz","url":"https:\/\/luxurymagazine.cz\/","logo":{"@type":"ImageObject","inLanguage":"cs","@id":"https:\/\/luxurymagazine.cz\/#\/schema\/logo\/image\/","url":"https:\/\/luxurymagazine.cz\/wp-content\/uploads\/2024\/12\/cropped-Logo_LuxuryMagazine-1.jpg","contentUrl":"https:\/\/luxurymagazine.cz\/wp-content\/uploads\/2024\/12\/cropped-Logo_LuxuryMagazine-1.jpg","width":934,"height":509,"caption":"LUXURYMAGAZINE.cz"},"image":{"@id":"https:\/\/luxurymagazine.cz\/#\/schema\/logo\/image\/"}},{"@type":"Person","@id":"https:\/\/luxurymagazine.cz\/#\/schema\/person\/44a069a3b1eab523585f7325b6e54254","name":"Miroslav Van\u011bk","image":{"@type":"ImageObject","inLanguage":"cs","@id":"https:\/\/luxurymagazine.cz\/#\/schema\/person\/image\/","url":"https:\/\/secure.gravatar.com\/avatar\/cc93dbecbfc820d69a964ea4a1c72377?s=96&d=mm&r=g","contentUrl":"https:\/\/secure.gravatar.com\/avatar\/cc93dbecbfc820d69a964ea4a1c72377?s=96&d=mm&r=g","caption":"Miroslav Van\u011bk"},"sameAs":["http:\/\/LUXURYMAGAZINE.cz"],"url":"https:\/\/luxurymagazine.cz\/index.php\/author\/mirvan\/"}]}},"_links":{"self":[{"href":"https:\/\/luxurymagazine.cz\/index.php\/wp-json\/wp\/v2\/posts\/2589"}],"collection":[{"href":"https:\/\/luxurymagazine.cz\/index.php\/wp-json\/wp\/v2\/posts"}],"about":[{"href":"https:\/\/luxurymagazine.cz\/index.php\/wp-json\/wp\/v2\/types\/post"}],"author":[{"embeddable":true,"href":"https:\/\/luxurymagazine.cz\/index.php\/wp-json\/wp\/v2\/users\/3"}],"replies":[{"embeddable":true,"href":"https:\/\/luxurymagazine.cz\/index.php\/wp-json\/wp\/v2\/comments?post=2589"}],"version-history":[{"count":-4,"href":"https:\/\/luxurymagazine.cz\/index.php\/wp-json\/wp\/v2\/posts\/2589\/revisions"}],"wp:featuredmedia":[{"embeddable":true,"href":"https:\/\/luxurymagazine.cz\/index.php\/wp-json\/wp\/v2\/media\/2590"}],"wp:attachment":[{"href":"https:\/\/luxurymagazine.cz\/index.php\/wp-json\/wp\/v2\/media?parent=2589"}],"wp:term":[{"taxonomy":"category","embeddable":true,"href":"https:\/\/luxurymagazine.cz\/index.php\/wp-json\/wp\/v2\/categories?post=2589"},{"taxonomy":"post_tag","embeddable":true,"href":"https:\/\/luxurymagazine.cz\/index.php\/wp-json\/wp\/v2\/tags?post=2589"}],"curies":[{"name":"wp","href":"https:\/\/api.w.org\/{rel}","templated":true}]}}