{"id":2656,"date":"2022-07-25T00:01:00","date_gmt":"2022-07-24T22:01:00","guid":{"rendered":"https:\/\/luxurymagazine.cz\/?p=2656"},"modified":"2022-09-05T12:04:20","modified_gmt":"2022-09-05T10:04:20","slug":"hotel-the-mozart-prague-zve-kazdy-ctvrtek-do-summer-lounge","status":"publish","type":"post","link":"https:\/\/luxurymagazine.cz\/index.php\/2022\/07\/25\/hotel-the-mozart-prague-zve-kazdy-ctvrtek-do-summer-lounge\/","title":{"rendered":"HOTEL THE MOZART PRAGUE zve ka\u017ed\u00fd \u010dtvrtek do Summer Lounge"},"content":{"rendered":"\n<div style=\"height:20px\" aria-hidden=\"true\" class=\"wp-block-spacer\"><\/div>\n\n\n\n<p><strong>P\u011btihv\u011bzdi\u010dkov\u00fd hotel The Mozart Prague, kter\u00fd se nach\u00e1z\u00ed v&nbsp;historick\u00e9m srdci Prahy pobl\u00ed\u017e Karlova mostu, letos v&nbsp;l\u00e9t\u011b zve n\u00e1v\u0161t\u011bvn\u00edky hlavn\u00edho m\u011bsta na p\u0159\u00edjemn\u011b str\u00e1ven\u00fd \u010dtvrte\u010dn\u00ed ve\u010der v Summer Lounge. Ve\u010der v Summer Lounge bude prob\u00edhat cel\u00e9 l\u00e9to ka\u017ed\u00fd \u010dtvrtek od sedmi hodin ve\u010der do p\u016flnoci pod \u0161ir\u00fdm nebem na kr\u00e1sn\u00e9m n\u00e1dvo\u0159\u00ed p\u0159ed Pachtov\u00fdm pal\u00e1cem, ve kter\u00e9m hotel s\u00eddl\u00ed. <\/strong><\/p>\n\n\n\n<div style=\"height:20px\" aria-hidden=\"true\" class=\"wp-block-spacer\"><\/div>\n\n\n\n<div class=\"wp-block-image\"><figure class=\"aligncenter\"><img decoding=\"async\" src=\"https:\/\/hotelhouse.cz\/wp-content\/uploads\/2022\/07\/The-Mozart-2nd-Courtyard-nigh-1024x682.jpg\" alt=\"\" class=\"wp-image-3365\"\/><\/figure><\/div>\n\n\n\n<div style=\"height:20px\" aria-hidden=\"true\" class=\"wp-block-spacer\"><\/div>\n\n\n\n<p><strong>Host\u00e9 se mohou t\u011b\u0161it na okouzluj\u00edc\u00ed atmosf\u00e9ru historick\u00fdch prostor hotelu, kterou podtrhne p\u0159\u00edjemn\u00e1 hudba v&nbsp;pod\u00e1n\u00ed DJ. Nebude chyb\u011bt ani luxusn\u00ed ob\u010derstven\u00ed s&nbsp;\u010derstv\u00fdmi mo\u0159sk\u00fdmi plody, zaj\u00edmav\u00e9 koktejly a prvot\u0159\u00eddn\u00ed v\u00edno. <\/strong><\/p>\n\n\n\n<div style=\"height:20px\" aria-hidden=\"true\" class=\"wp-block-spacer\"><\/div>\n\n\n\n<figure class=\"wp-block-gallery columns-2 is-cropped wp-block-gallery-1 is-layout-flex wp-block-gallery-is-layout-flex\"><ul class=\"blocks-gallery-grid\"><li class=\"blocks-gallery-item\"><figure><img decoding=\"async\" src=\"https:\/\/hotelhouse.cz\/wp-content\/uploads\/2022\/07\/The-Mozart-1st-Courtyard-3.jpg\" alt=\"\" data-id=\"3363\" data-link=\"https:\/\/hotelhouse.cz\/?attachment_id=3363\" class=\"wp-image-3363\"\/><\/figure><\/li><li class=\"blocks-gallery-item\"><figure><img decoding=\"async\" src=\"https:\/\/hotelhouse.cz\/wp-content\/uploads\/2022\/07\/The-Mozart-Prague-1st-courtyard.jpg\" alt=\"\" data-id=\"3381\" data-link=\"https:\/\/hotelhouse.cz\/?attachment_id=3381\" class=\"wp-image-3381\"\/><\/figure><\/li><\/ul><\/figure>\n\n\n\n<div style=\"height:20px\" aria-hidden=\"true\" class=\"wp-block-spacer\"><\/div>\n\n\n\n<p>Hotel The Mozart Prague m\u00e1 ide\u00e1ln\u00ed polohu s v\u00fdhledem na romantickou Vltavu s n\u00e1dhern\u00fdmi z\u00e1pady slunce. Otev\u0159ete svou mysl a s ka\u017ed\u00fdm krokem po historick\u00e9 dla\u017eb\u011b si vychutnejte kouzeln\u00e9 okam\u017eiky, kter\u00e9 v\u00e1s mohou p\u0159en\u00e9st zp\u011bt v \u010dase. <\/p>\n\n\n\n<div style=\"height:20px\" aria-hidden=\"true\" class=\"wp-block-spacer\"><\/div>\n\n\n\n<div class=\"wp-block-image\"><figure class=\"aligncenter\"><img decoding=\"async\" src=\"https:\/\/hotelhouse.cz\/wp-content\/uploads\/2022\/07\/The-Mozart-Prague-1024x620.png\" alt=\"\" class=\"wp-image-3383\"\/><\/figure><\/div>\n\n\n\n<div style=\"height:20px\" aria-hidden=\"true\" class=\"wp-block-spacer\"><\/div>\n\n\n\n<p>Tento skryt\u00fd klenot v\u00e1m d\u00e1v\u00e1 p\u0159\u00edle\u017eitost u\u017e\u00edt si Prahu stejn\u011b, jako si ji o pouh\u00fdch 230 let d\u0159\u00edve na stejn\u00e9m m\u00edst\u011b u\u017e\u00edvali slavn\u00ed host\u00e9 z historie, nap\u0159\u00edklad Wolfgang Amadeus Mozart, Richard Wagner, nebo slavn\u00fd dobrodruh a spisovatel Giacomo Casanova.<\/p>\n\n\n\n<div style=\"height:33px\" aria-hidden=\"true\" class=\"wp-block-spacer\"><\/div>\n\n\n\n<figure class=\"wp-block-gallery columns-2 is-cropped wp-block-gallery-3 is-layout-flex wp-block-gallery-is-layout-flex\"><ul class=\"blocks-gallery-grid\"><li class=\"blocks-gallery-item\"><figure><img decoding=\"async\" src=\"https:\/\/hotelhouse.cz\/wp-content\/uploads\/2022\/07\/The-Mozart-2nd-Courtyard-nigh-1024x682.jpg\" alt=\"\" data-id=\"3365\" data-link=\"https:\/\/hotelhouse.cz\/?attachment_id=3365\" class=\"wp-image-3365\"\/><\/figure><\/li><li class=\"blocks-gallery-item\"><figure><img decoding=\"async\" src=\"https:\/\/hotelhouse.cz\/wp-content\/uploads\/2022\/07\/The-Mozart-2nd-Courtyard-Dawn-1024x682.jpg\" alt=\"\" data-id=\"3364\" data-link=\"https:\/\/hotelhouse.cz\/?attachment_id=3364\" class=\"wp-image-3364\"\/><\/figure><\/li><li class=\"blocks-gallery-item\"><figure><img decoding=\"async\" src=\"https:\/\/hotelhouse.cz\/wp-content\/uploads\/2022\/07\/The-Mozart-1st-Courtyard-3.jpg\" alt=\"\" data-id=\"3363\" data-link=\"https:\/\/hotelhouse.cz\/?attachment_id=3363\" class=\"wp-image-3363\"\/><\/figure><\/li><li class=\"blocks-gallery-item\"><figure><img decoding=\"async\" src=\"https:\/\/hotelhouse.cz\/wp-content\/uploads\/2022\/07\/The-Mozart-Prague-1st-courtyard.jpg\" alt=\"\" data-id=\"3381\" data-link=\"https:\/\/hotelhouse.cz\/?attachment_id=3381\" class=\"wp-image-3381\"\/><\/figure><\/li><li class=\"blocks-gallery-item\"><figure><img decoding=\"async\" src=\"https:\/\/hotelhouse.cz\/wp-content\/uploads\/2022\/07\/The-Mozart-1st-courtyard-2-1024x682.jpg\" alt=\"\" data-id=\"3362\" data-link=\"https:\/\/hotelhouse.cz\/?attachment_id=3362\" class=\"wp-image-3362\"\/><\/figure><\/li><li class=\"blocks-gallery-item\"><figure><img decoding=\"async\" src=\"https:\/\/hotelhouse.cz\/wp-content\/uploads\/2022\/07\/The-Mozart-Casanova-Suite-1024x682.jpg\" alt=\"\" data-id=\"3368\" data-link=\"https:\/\/hotelhouse.cz\/?attachment_id=3368\" class=\"wp-image-3368\"\/><\/figure><\/li><li class=\"blocks-gallery-item\"><figure><img decoding=\"async\" src=\"https:\/\/hotelhouse.cz\/wp-content\/uploads\/2022\/07\/The-Mozart-Coctail-2.jpg\" alt=\"\" data-id=\"3369\" data-link=\"https:\/\/hotelhouse.cz\/?attachment_id=3369\" class=\"wp-image-3369\"\/><\/figure><\/li><li class=\"blocks-gallery-item\"><figure><img decoding=\"async\" src=\"https:\/\/hotelhouse.cz\/wp-content\/uploads\/2022\/07\/The-Mozart-Coctail.jpg\" alt=\"\" data-id=\"3370\" data-link=\"https:\/\/hotelhouse.cz\/?attachment_id=3370\" class=\"wp-image-3370\"\/><\/figure><\/li><li class=\"blocks-gallery-item\"><figure><img decoding=\"async\" src=\"https:\/\/hotelhouse.cz\/wp-content\/uploads\/2022\/07\/The-Mozart-Deluxe-River-View-Suite-with-Balcony-1024x682.jpg\" alt=\"\" data-id=\"3371\" data-link=\"https:\/\/hotelhouse.cz\/?attachment_id=3371\" class=\"wp-image-3371\"\/><\/figure><\/li><li class=\"blocks-gallery-item\"><figure><img decoding=\"async\" src=\"https:\/\/hotelhouse.cz\/wp-content\/uploads\/2022\/07\/The-Mozart-Deluxe-Suite-Living-Room.jpg\" alt=\"\" data-id=\"3372\" data-link=\"https:\/\/hotelhouse.cz\/?attachment_id=3372\" class=\"wp-image-3372\"\/><\/figure><\/li><li class=\"blocks-gallery-item\"><figure><img decoding=\"async\" src=\"https:\/\/hotelhouse.cz\/wp-content\/uploads\/2022\/07\/The-Mozart-Deluxe-Suite-1024x682.jpg\" alt=\"\" data-id=\"3373\" data-link=\"https:\/\/hotelhouse.cz\/?attachment_id=3373\" class=\"wp-image-3373\"\/><\/figure><\/li><li class=\"blocks-gallery-item\"><figure><img decoding=\"async\" src=\"https:\/\/hotelhouse.cz\/wp-content\/uploads\/2022\/07\/The-Mozart-Lady-in-the-window-with-view-1024x736.jpg\" alt=\"\" data-id=\"3374\" data-link=\"https:\/\/hotelhouse.cz\/?attachment_id=3374\" class=\"wp-image-3374\"\/><\/figure><\/li><li class=\"blocks-gallery-item\"><figure><img decoding=\"async\" src=\"https:\/\/hotelhouse.cz\/wp-content\/uploads\/2022\/07\/The-Mozart-Mozar-Suite-Bedroom-1024x682.jpg\" alt=\"\" data-id=\"3376\" data-link=\"https:\/\/hotelhouse.cz\/?attachment_id=3376\" class=\"wp-image-3376\"\/><\/figure><\/li><li class=\"blocks-gallery-item\"><figure><img decoding=\"async\" src=\"https:\/\/hotelhouse.cz\/wp-content\/uploads\/2022\/07\/The-Mozart-Mozart-Suite-1024x682.jpg\" alt=\"\" data-id=\"3377\" data-link=\"https:\/\/hotelhouse.cz\/?attachment_id=3377\" class=\"wp-image-3377\"\/><\/figure><\/li><li class=\"blocks-gallery-item\"><figure><img decoding=\"async\" src=\"https:\/\/hotelhouse.cz\/wp-content\/uploads\/2022\/07\/The-Mozart-Mucha-Suite-Bedroom-1024x682.jpg\" alt=\"\" data-id=\"3378\" data-link=\"https:\/\/hotelhouse.cz\/?attachment_id=3378\" class=\"wp-image-3378\"\/><\/figure><\/li><li class=\"blocks-gallery-item\"><figure><img decoding=\"async\" src=\"https:\/\/hotelhouse.cz\/wp-content\/uploads\/2022\/07\/The-Mozart-Mucha-Suite-1024x682.jpg\" alt=\"\" data-id=\"3379\" data-link=\"https:\/\/hotelhouse.cz\/?attachment_id=3379\" class=\"wp-image-3379\"\/><\/figure><\/li><li class=\"blocks-gallery-item\"><figure><img decoding=\"async\" src=\"https:\/\/hotelhouse.cz\/wp-content\/uploads\/2022\/07\/The-Mozart-Pet-Friendly-Place.jpg\" alt=\"\" data-id=\"3380\" data-link=\"https:\/\/hotelhouse.cz\/?attachment_id=3380\" class=\"wp-image-3380\"\/><\/figure><\/li><li class=\"blocks-gallery-item\"><figure><img decoding=\"async\" src=\"https:\/\/hotelhouse.cz\/wp-content\/uploads\/2022\/07\/The-Mozart-Prague-building-with-castle-1024x592.jpg\" alt=\"\" data-id=\"3382\" data-link=\"https:\/\/hotelhouse.cz\/?attachment_id=3382\" class=\"wp-image-3382\"\/><\/figure><\/li><li class=\"blocks-gallery-item\"><figure><img decoding=\"async\" src=\"https:\/\/hotelhouse.cz\/wp-content\/uploads\/2022\/07\/The-Mozart-Royal-Suite-1024x682.jpg\" alt=\"\" data-id=\"3384\" data-link=\"https:\/\/hotelhouse.cz\/?attachment_id=3384\" class=\"wp-image-3384\"\/><\/figure><\/li><li class=\"blocks-gallery-item\"><figure><img decoding=\"async\" src=\"https:\/\/hotelhouse.cz\/wp-content\/uploads\/2022\/07\/The-Mozart-Suite-Deluxe-Room-with-View-1024x682.jpg\" alt=\"\" data-id=\"3385\" data-link=\"https:\/\/hotelhouse.cz\/?attachment_id=3385\" class=\"wp-image-3385\"\/><\/figure><\/li><li class=\"blocks-gallery-item\"><figure><img decoding=\"async\" src=\"https:\/\/hotelhouse.cz\/wp-content\/uploads\/2022\/07\/The-Mozart-travel-in-style.jpg\" alt=\"\" data-id=\"3386\" data-link=\"https:\/\/hotelhouse.cz\/?attachment_id=3386\" class=\"wp-image-3386\"\/><\/figure><\/li><li class=\"blocks-gallery-item\"><figure><img decoding=\"async\" src=\"https:\/\/hotelhouse.cz\/wp-content\/uploads\/2022\/07\/The-Mozart-View-and-binoculars-1024x682.jpg\" alt=\"\" data-id=\"3387\" data-link=\"https:\/\/hotelhouse.cz\/?attachment_id=3387\" class=\"wp-image-3387\"\/><\/figure><\/li><li class=\"blocks-gallery-item\"><figure><img decoding=\"async\" src=\"https:\/\/hotelhouse.cz\/wp-content\/uploads\/2022\/07\/The-Mozart-Prague-1024x620.png\" alt=\"\" data-id=\"3383\" data-link=\"https:\/\/hotelhouse.cz\/?attachment_id=3383\" class=\"wp-image-3383\"\/><\/figure><\/li><li class=\"blocks-gallery-item\"><figure><img decoding=\"async\" src=\"https:\/\/hotelhouse.cz\/wp-content\/uploads\/2022\/07\/The-Mozart-View-from-the-window-1024x682.jpg\" alt=\"\" data-id=\"3388\" data-link=\"https:\/\/hotelhouse.cz\/?attachment_id=3388\" class=\"wp-image-3388\"\/><\/figure><\/li><\/ul><\/figure>\n\n\n\n<p><strong>Zdroj foto:<\/strong> HOTEL THE MOZART PRAGUE<\/p>\n\n\n\n<div style=\"height:43px\" aria-hidden=\"true\" class=\"wp-block-spacer\"><\/div>\n","protected":false},"excerpt":{"rendered":"<p>P\u011btihv\u011bzdi\u010dkov\u00fd hotel The Mozart Prague, kter\u00fd se nach\u00e1z\u00ed v&nbsp;historick\u00e9m srdci Prahy pobl\u00ed\u017e Karlova mostu, letos v&nbsp;l\u00e9t\u011b zve n\u00e1v\u0161t\u011bvn\u00edky hlavn\u00edho m\u011bsta na p\u0159\u00edjemn\u011b str\u00e1ven\u00fd \u010dtvrte\u010dn\u00ed ve\u010der v Summer Lounge. Ve\u010der v Summer Lounge bude prob\u00edhat cel\u00e9 l\u00e9to ka\u017ed\u00fd \u010dtvrtek od sedmi hodin ve\u010der do p\u016flnoci pod \u0161ir\u00fdm nebem na kr\u00e1sn\u00e9m n\u00e1dvo\u0159\u00ed p\u0159ed Pachtov\u00fdm pal\u00e1cem, ve kter\u00e9m [&hellip;]<\/p>\n","protected":false},"author":3,"featured_media":2657,"comment_status":"closed","ping_status":"closed","sticky":false,"template":"","format":"standard","meta":{"_mi_skip_tracking":false,"_monsterinsights_sitenote_active":false,"_monsterinsights_sitenote_note":"","_monsterinsights_sitenote_category":0,"footnotes":""},"categories":[7,2],"tags":[],"yoast_head":"<!-- This site is optimized with the Yoast SEO plugin v21.4 - https:\/\/yoast.com\/wordpress\/plugins\/seo\/ -->\n<title>HOTEL THE MOZART PRAGUE zve ka\u017ed\u00fd \u010dtvrtek do Summer Lounge - LUXURYMAGAZINE.cz<\/title>\n<meta name=\"robots\" content=\"index, follow, max-snippet:-1, max-image-preview:large, max-video-preview:-1\" \/>\n<link rel=\"canonical\" href=\"https:\/\/luxurymagazine.cz\/index.php\/2022\/07\/25\/hotel-the-mozart-prague-zve-kazdy-ctvrtek-do-summer-lounge\/\" \/>\n<meta property=\"og:locale\" content=\"cs_CZ\" \/>\n<meta property=\"og:type\" content=\"article\" \/>\n<meta property=\"og:title\" content=\"HOTEL THE MOZART PRAGUE zve ka\u017ed\u00fd \u010dtvrtek do Summer Lounge - LUXURYMAGAZINE.cz\" \/>\n<meta property=\"og:description\" content=\"P\u011btihv\u011bzdi\u010dkov\u00fd hotel The Mozart Prague, kter\u00fd se nach\u00e1z\u00ed v&nbsp;historick\u00e9m srdci Prahy pobl\u00ed\u017e Karlova mostu, letos v&nbsp;l\u00e9t\u011b zve n\u00e1v\u0161t\u011bvn\u00edky hlavn\u00edho m\u011bsta na p\u0159\u00edjemn\u011b str\u00e1ven\u00fd \u010dtvrte\u010dn\u00ed ve\u010der v Summer Lounge. Ve\u010der v Summer Lounge bude prob\u00edhat cel\u00e9 l\u00e9to ka\u017ed\u00fd \u010dtvrtek od sedmi hodin ve\u010der do p\u016flnoci pod \u0161ir\u00fdm nebem na kr\u00e1sn\u00e9m n\u00e1dvo\u0159\u00ed p\u0159ed Pachtov\u00fdm pal\u00e1cem, ve kter\u00e9m [&hellip;]\" \/>\n<meta property=\"og:url\" content=\"https:\/\/luxurymagazine.cz\/index.php\/2022\/07\/25\/hotel-the-mozart-prague-zve-kazdy-ctvrtek-do-summer-lounge\/\" \/>\n<meta property=\"og:site_name\" content=\"LUXURYMAGAZINE.cz\" \/>\n<meta property=\"article:published_time\" content=\"2022-07-24T22:01:00+00:00\" \/>\n<meta property=\"article:modified_time\" content=\"2022-09-05T10:04:20+00:00\" \/>\n<meta property=\"og:image\" content=\"https:\/\/luxurymagazine.cz\/wp-content\/uploads\/2022\/07\/The-Mozart-2nd-Courtyard-nigh.jpg\" \/>\n\t<meta property=\"og:image:width\" content=\"1250\" \/>\n\t<meta property=\"og:image:height\" content=\"833\" \/>\n\t<meta property=\"og:image:type\" content=\"image\/jpeg\" \/>\n<meta name=\"author\" content=\"Miroslav Van\u011bk\" \/>\n<meta name=\"twitter:card\" content=\"summary_large_image\" \/>\n<meta name=\"twitter:label1\" content=\"Napsal(a)\" \/>\n\t<meta name=\"twitter:data1\" content=\"Miroslav Van\u011bk\" \/>\n\t<meta name=\"twitter:label2\" content=\"Odhadovan\u00e1 doba \u010dten\u00ed\" \/>\n\t<meta name=\"twitter:data2\" content=\"1 minuta\" \/>\n<script type=\"application\/ld+json\" class=\"yoast-schema-graph\">{\"@context\":\"https:\/\/schema.org\",\"@graph\":[{\"@type\":\"Article\",\"@id\":\"https:\/\/luxurymagazine.cz\/index.php\/2022\/07\/25\/hotel-the-mozart-prague-zve-kazdy-ctvrtek-do-summer-lounge\/#article\",\"isPartOf\":{\"@id\":\"https:\/\/luxurymagazine.cz\/index.php\/2022\/07\/25\/hotel-the-mozart-prague-zve-kazdy-ctvrtek-do-summer-lounge\/\"},\"author\":{\"name\":\"Miroslav Van\u011bk\",\"@id\":\"https:\/\/luxurymagazine.cz\/#\/schema\/person\/44a069a3b1eab523585f7325b6e54254\"},\"headline\":\"HOTEL THE MOZART PRAGUE zve ka\u017ed\u00fd \u010dtvrtek do Summer Lounge\",\"datePublished\":\"2022-07-24T22:01:00+00:00\",\"dateModified\":\"2022-09-05T10:04:20+00:00\",\"mainEntityOfPage\":{\"@id\":\"https:\/\/luxurymagazine.cz\/index.php\/2022\/07\/25\/hotel-the-mozart-prague-zve-kazdy-ctvrtek-do-summer-lounge\/\"},\"wordCount\":256,\"publisher\":{\"@id\":\"https:\/\/luxurymagazine.cz\/#organization\"},\"articleSection\":[\"GASTRO &amp; GURM\u00c1N\",\"NEWS\"],\"inLanguage\":\"cs\"},{\"@type\":\"WebPage\",\"@id\":\"https:\/\/luxurymagazine.cz\/index.php\/2022\/07\/25\/hotel-the-mozart-prague-zve-kazdy-ctvrtek-do-summer-lounge\/\",\"url\":\"https:\/\/luxurymagazine.cz\/index.php\/2022\/07\/25\/hotel-the-mozart-prague-zve-kazdy-ctvrtek-do-summer-lounge\/\",\"name\":\"HOTEL THE MOZART PRAGUE zve ka\u017ed\u00fd \u010dtvrtek do Summer Lounge - LUXURYMAGAZINE.cz\",\"isPartOf\":{\"@id\":\"https:\/\/luxurymagazine.cz\/#website\"},\"datePublished\":\"2022-07-24T22:01:00+00:00\",\"dateModified\":\"2022-09-05T10:04:20+00:00\",\"breadcrumb\":{\"@id\":\"https:\/\/luxurymagazine.cz\/index.php\/2022\/07\/25\/hotel-the-mozart-prague-zve-kazdy-ctvrtek-do-summer-lounge\/#breadcrumb\"},\"inLanguage\":\"cs\",\"potentialAction\":[{\"@type\":\"ReadAction\",\"target\":[\"https:\/\/luxurymagazine.cz\/index.php\/2022\/07\/25\/hotel-the-mozart-prague-zve-kazdy-ctvrtek-do-summer-lounge\/\"]}]},{\"@type\":\"BreadcrumbList\",\"@id\":\"https:\/\/luxurymagazine.cz\/index.php\/2022\/07\/25\/hotel-the-mozart-prague-zve-kazdy-ctvrtek-do-summer-lounge\/#breadcrumb\",\"itemListElement\":[{\"@type\":\"ListItem\",\"position\":1,\"name\":\"Dom\u016f\",\"item\":\"https:\/\/luxurymagazine.cz\/\"},{\"@type\":\"ListItem\",\"position\":2,\"name\":\"HOTEL THE MOZART PRAGUE zve ka\u017ed\u00fd \u010dtvrtek do Summer Lounge\"}]},{\"@type\":\"WebSite\",\"@id\":\"https:\/\/luxurymagazine.cz\/#website\",\"url\":\"https:\/\/luxurymagazine.cz\/\",\"name\":\"LUXURYMAGAZINE.cz\",\"description\":\"Port\u00e1l v\u00fdhradn\u011b o luxusu...\",\"publisher\":{\"@id\":\"https:\/\/luxurymagazine.cz\/#organization\"},\"potentialAction\":[{\"@type\":\"SearchAction\",\"target\":{\"@type\":\"EntryPoint\",\"urlTemplate\":\"https:\/\/luxurymagazine.cz\/?s={search_term_string}\"},\"query-input\":\"required name=search_term_string\"}],\"inLanguage\":\"cs\"},{\"@type\":\"Organization\",\"@id\":\"https:\/\/luxurymagazine.cz\/#organization\",\"name\":\"LUXURYMAGAZINE.cz\",\"url\":\"https:\/\/luxurymagazine.cz\/\",\"logo\":{\"@type\":\"ImageObject\",\"inLanguage\":\"cs\",\"@id\":\"https:\/\/luxurymagazine.cz\/#\/schema\/logo\/image\/\",\"url\":\"https:\/\/luxurymagazine.cz\/wp-content\/uploads\/2024\/12\/cropped-Logo_LuxuryMagazine-1.jpg\",\"contentUrl\":\"https:\/\/luxurymagazine.cz\/wp-content\/uploads\/2024\/12\/cropped-Logo_LuxuryMagazine-1.jpg\",\"width\":934,\"height\":509,\"caption\":\"LUXURYMAGAZINE.cz\"},\"image\":{\"@id\":\"https:\/\/luxurymagazine.cz\/#\/schema\/logo\/image\/\"}},{\"@type\":\"Person\",\"@id\":\"https:\/\/luxurymagazine.cz\/#\/schema\/person\/44a069a3b1eab523585f7325b6e54254\",\"name\":\"Miroslav Van\u011bk\",\"image\":{\"@type\":\"ImageObject\",\"inLanguage\":\"cs\",\"@id\":\"https:\/\/luxurymagazine.cz\/#\/schema\/person\/image\/\",\"url\":\"https:\/\/secure.gravatar.com\/avatar\/cc93dbecbfc820d69a964ea4a1c72377?s=96&d=mm&r=g\",\"contentUrl\":\"https:\/\/secure.gravatar.com\/avatar\/cc93dbecbfc820d69a964ea4a1c72377?s=96&d=mm&r=g\",\"caption\":\"Miroslav Van\u011bk\"},\"sameAs\":[\"http:\/\/LUXURYMAGAZINE.cz\"],\"url\":\"https:\/\/luxurymagazine.cz\/index.php\/author\/mirvan\/\"}]}<\/script>\n<!-- \/ Yoast SEO plugin. -->","yoast_head_json":{"title":"HOTEL THE MOZART PRAGUE zve ka\u017ed\u00fd \u010dtvrtek do Summer Lounge - LUXURYMAGAZINE.cz","robots":{"index":"index","follow":"follow","max-snippet":"max-snippet:-1","max-image-preview":"max-image-preview:large","max-video-preview":"max-video-preview:-1"},"canonical":"https:\/\/luxurymagazine.cz\/index.php\/2022\/07\/25\/hotel-the-mozart-prague-zve-kazdy-ctvrtek-do-summer-lounge\/","og_locale":"cs_CZ","og_type":"article","og_title":"HOTEL THE MOZART PRAGUE zve ka\u017ed\u00fd \u010dtvrtek do Summer Lounge - LUXURYMAGAZINE.cz","og_description":"P\u011btihv\u011bzdi\u010dkov\u00fd hotel The Mozart Prague, kter\u00fd se nach\u00e1z\u00ed v&nbsp;historick\u00e9m srdci Prahy pobl\u00ed\u017e Karlova mostu, letos v&nbsp;l\u00e9t\u011b zve n\u00e1v\u0161t\u011bvn\u00edky hlavn\u00edho m\u011bsta na p\u0159\u00edjemn\u011b str\u00e1ven\u00fd \u010dtvrte\u010dn\u00ed ve\u010der v Summer Lounge. Ve\u010der v Summer Lounge bude prob\u00edhat cel\u00e9 l\u00e9to ka\u017ed\u00fd \u010dtvrtek od sedmi hodin ve\u010der do p\u016flnoci pod \u0161ir\u00fdm nebem na kr\u00e1sn\u00e9m n\u00e1dvo\u0159\u00ed p\u0159ed Pachtov\u00fdm pal\u00e1cem, ve kter\u00e9m [&hellip;]","og_url":"https:\/\/luxurymagazine.cz\/index.php\/2022\/07\/25\/hotel-the-mozart-prague-zve-kazdy-ctvrtek-do-summer-lounge\/","og_site_name":"LUXURYMAGAZINE.cz","article_published_time":"2022-07-24T22:01:00+00:00","article_modified_time":"2022-09-05T10:04:20+00:00","og_image":[{"width":1250,"height":833,"url":"https:\/\/luxurymagazine.cz\/wp-content\/uploads\/2022\/07\/The-Mozart-2nd-Courtyard-nigh.jpg","type":"image\/jpeg"}],"author":"Miroslav Van\u011bk","twitter_card":"summary_large_image","twitter_misc":{"Napsal(a)":"Miroslav Van\u011bk","Odhadovan\u00e1 doba \u010dten\u00ed":"1 minuta"},"schema":{"@context":"https:\/\/schema.org","@graph":[{"@type":"Article","@id":"https:\/\/luxurymagazine.cz\/index.php\/2022\/07\/25\/hotel-the-mozart-prague-zve-kazdy-ctvrtek-do-summer-lounge\/#article","isPartOf":{"@id":"https:\/\/luxurymagazine.cz\/index.php\/2022\/07\/25\/hotel-the-mozart-prague-zve-kazdy-ctvrtek-do-summer-lounge\/"},"author":{"name":"Miroslav Van\u011bk","@id":"https:\/\/luxurymagazine.cz\/#\/schema\/person\/44a069a3b1eab523585f7325b6e54254"},"headline":"HOTEL THE MOZART PRAGUE zve ka\u017ed\u00fd \u010dtvrtek do Summer Lounge","datePublished":"2022-07-24T22:01:00+00:00","dateModified":"2022-09-05T10:04:20+00:00","mainEntityOfPage":{"@id":"https:\/\/luxurymagazine.cz\/index.php\/2022\/07\/25\/hotel-the-mozart-prague-zve-kazdy-ctvrtek-do-summer-lounge\/"},"wordCount":256,"publisher":{"@id":"https:\/\/luxurymagazine.cz\/#organization"},"articleSection":["GASTRO &amp; GURM\u00c1N","NEWS"],"inLanguage":"cs"},{"@type":"WebPage","@id":"https:\/\/luxurymagazine.cz\/index.php\/2022\/07\/25\/hotel-the-mozart-prague-zve-kazdy-ctvrtek-do-summer-lounge\/","url":"https:\/\/luxurymagazine.cz\/index.php\/2022\/07\/25\/hotel-the-mozart-prague-zve-kazdy-ctvrtek-do-summer-lounge\/","name":"HOTEL THE MOZART PRAGUE zve ka\u017ed\u00fd \u010dtvrtek do Summer Lounge - LUXURYMAGAZINE.cz","isPartOf":{"@id":"https:\/\/luxurymagazine.cz\/#website"},"datePublished":"2022-07-24T22:01:00+00:00","dateModified":"2022-09-05T10:04:20+00:00","breadcrumb":{"@id":"https:\/\/luxurymagazine.cz\/index.php\/2022\/07\/25\/hotel-the-mozart-prague-zve-kazdy-ctvrtek-do-summer-lounge\/#breadcrumb"},"inLanguage":"cs","potentialAction":[{"@type":"ReadAction","target":["https:\/\/luxurymagazine.cz\/index.php\/2022\/07\/25\/hotel-the-mozart-prague-zve-kazdy-ctvrtek-do-summer-lounge\/"]}]},{"@type":"BreadcrumbList","@id":"https:\/\/luxurymagazine.cz\/index.php\/2022\/07\/25\/hotel-the-mozart-prague-zve-kazdy-ctvrtek-do-summer-lounge\/#breadcrumb","itemListElement":[{"@type":"ListItem","position":1,"name":"Dom\u016f","item":"https:\/\/luxurymagazine.cz\/"},{"@type":"ListItem","position":2,"name":"HOTEL THE MOZART PRAGUE zve ka\u017ed\u00fd \u010dtvrtek do Summer Lounge"}]},{"@type":"WebSite","@id":"https:\/\/luxurymagazine.cz\/#website","url":"https:\/\/luxurymagazine.cz\/","name":"LUXURYMAGAZINE.cz","description":"Port\u00e1l v\u00fdhradn\u011b o luxusu...","publisher":{"@id":"https:\/\/luxurymagazine.cz\/#organization"},"potentialAction":[{"@type":"SearchAction","target":{"@type":"EntryPoint","urlTemplate":"https:\/\/luxurymagazine.cz\/?s={search_term_string}"},"query-input":"required name=search_term_string"}],"inLanguage":"cs"},{"@type":"Organization","@id":"https:\/\/luxurymagazine.cz\/#organization","name":"LUXURYMAGAZINE.cz","url":"https:\/\/luxurymagazine.cz\/","logo":{"@type":"ImageObject","inLanguage":"cs","@id":"https:\/\/luxurymagazine.cz\/#\/schema\/logo\/image\/","url":"https:\/\/luxurymagazine.cz\/wp-content\/uploads\/2024\/12\/cropped-Logo_LuxuryMagazine-1.jpg","contentUrl":"https:\/\/luxurymagazine.cz\/wp-content\/uploads\/2024\/12\/cropped-Logo_LuxuryMagazine-1.jpg","width":934,"height":509,"caption":"LUXURYMAGAZINE.cz"},"image":{"@id":"https:\/\/luxurymagazine.cz\/#\/schema\/logo\/image\/"}},{"@type":"Person","@id":"https:\/\/luxurymagazine.cz\/#\/schema\/person\/44a069a3b1eab523585f7325b6e54254","name":"Miroslav Van\u011bk","image":{"@type":"ImageObject","inLanguage":"cs","@id":"https:\/\/luxurymagazine.cz\/#\/schema\/person\/image\/","url":"https:\/\/secure.gravatar.com\/avatar\/cc93dbecbfc820d69a964ea4a1c72377?s=96&d=mm&r=g","contentUrl":"https:\/\/secure.gravatar.com\/avatar\/cc93dbecbfc820d69a964ea4a1c72377?s=96&d=mm&r=g","caption":"Miroslav Van\u011bk"},"sameAs":["http:\/\/LUXURYMAGAZINE.cz"],"url":"https:\/\/luxurymagazine.cz\/index.php\/author\/mirvan\/"}]}},"_links":{"self":[{"href":"https:\/\/luxurymagazine.cz\/index.php\/wp-json\/wp\/v2\/posts\/2656"}],"collection":[{"href":"https:\/\/luxurymagazine.cz\/index.php\/wp-json\/wp\/v2\/posts"}],"about":[{"href":"https:\/\/luxurymagazine.cz\/index.php\/wp-json\/wp\/v2\/types\/post"}],"author":[{"embeddable":true,"href":"https:\/\/luxurymagazine.cz\/index.php\/wp-json\/wp\/v2\/users\/3"}],"replies":[{"embeddable":true,"href":"https:\/\/luxurymagazine.cz\/index.php\/wp-json\/wp\/v2\/comments?post=2656"}],"version-history":[{"count":-3,"href":"https:\/\/luxurymagazine.cz\/index.php\/wp-json\/wp\/v2\/posts\/2656\/revisions"}],"wp:featuredmedia":[{"embeddable":true,"href":"https:\/\/luxurymagazine.cz\/index.php\/wp-json\/wp\/v2\/media\/2657"}],"wp:attachment":[{"href":"https:\/\/luxurymagazine.cz\/index.php\/wp-json\/wp\/v2\/media?parent=2656"}],"wp:term":[{"taxonomy":"category","embeddable":true,"href":"https:\/\/luxurymagazine.cz\/index.php\/wp-json\/wp\/v2\/categories?post=2656"},{"taxonomy":"post_tag","embeddable":true,"href":"https:\/\/luxurymagazine.cz\/index.php\/wp-json\/wp\/v2\/tags?post=2656"}],"curies":[{"name":"wp","href":"https:\/\/api.w.org\/{rel}","templated":true}]}}