{"id":2665,"date":"2022-07-28T18:10:22","date_gmt":"2022-07-28T16:10:22","guid":{"rendered":"https:\/\/luxurymagazine.cz\/?p=2665"},"modified":"2022-09-06T20:54:43","modified_gmt":"2022-09-06T18:54:43","slug":"cedok-plni-cestovatelske-sny-jiz-102-let-a-k-vyroci-otevira-nove-pobocky-v-beroune-a-jablonci-nad-nisou","status":"publish","type":"post","link":"https:\/\/luxurymagazine.cz\/index.php\/2022\/07\/28\/cedok-plni-cestovatelske-sny-jiz-102-let-a-k-vyroci-otevira-nove-pobocky-v-beroune-a-jablonci-nad-nisou\/","title":{"rendered":"\u010cedok pln\u00ed cestovatelsk\u00e9 sny ji\u017e 102 let! A k v\u00fdro\u010d\u00ed otev\u00edr\u00e1 nov\u00e9 pobo\u010dky v Beroun\u011b a Jablonci nad Nisou"},"content":{"rendered":"\n<div style=\"height:32px\" aria-hidden=\"true\" class=\"wp-block-spacer\"><\/div>\n\n\n\n<p><strong>P\u0159esn\u011b p\u0159ed 102 lety byla v Praze podeps\u00e1na ustanovuj\u00edc\u00ed listina, kter\u00e1 za\u010dala ps\u00e1t p\u0159\u00edb\u011bh nejstar\u0161\u00ed cestovn\u00ed kancel\u00e1\u0159e u n\u00e1s. Pr\u00e1v\u011b 21. \u010dervence 1920 tak vznikla tehdy \u010ceskoslovensk\u00e1 cestovn\u00ed a dopravn\u00ed kancel\u00e1\u0159, kterou ve\u0159ejnost ji\u017e p\u0159es stolet\u00ed zn\u00e1 pod zkratkou \u010cEDOK. Spole\u010dnost, kter\u00e1 b\u011bhem sv\u00e9 historie byla ve vlastnictv\u00ed st\u00e1tu i n\u011bkolika soukrom\u00fdch vlastn\u00edk\u016f, je dnes sou\u010d\u00e1st\u00ed skupiny ITAKA a nab\u00edz\u00ed na trhu pozn\u00e1vac\u00ed a pobytov\u00e9 z\u00e1jezdy do v\u00edce ne\u017e sta destinac\u00ed na p\u011bti kontinentech. A pr\u00e1v\u011b tento t\u00fdden, b\u011bhem kter\u00e9ho si cestovn\u00ed kancel\u00e1\u0159 p\u0159ipom\u00edn\u00e1 sv\u00e9 v\u00fdro\u010d\u00ed, otev\u00edr\u00e1 \u010cedok dal\u0161\u00ed dv\u011b nov\u00e9 pobo\u010dky, ve st\u0159edo\u010desk\u00e9m Beroun\u011b a tak\u00e9 v Jablonci nad Nisou. Celkem tak klienti mohou nav\u0161t\u00edvit pro\u0161kolen\u00e9 prodejce v s\u00edti 38 pobo\u010dek v r\u00e1mci cel\u00e9 \u010cesk\u00e9 republiky.<\/strong><\/p>\n\n\n\n<div style=\"height:20px\" aria-hidden=\"true\" class=\"wp-block-spacer\"><\/div>\n\n\n\n<figure class=\"wp-block-image\"><img decoding=\"async\" src=\"https:\/\/hotelhouse.cz\/wp-content\/uploads\/2022\/07\/\u010cedok_pobo\u010dka-Jablonec-nad-Nisou-1024x501.jpg\" alt=\"\" class=\"wp-image-3408\"\/><\/figure>\n\n\n\n<div style=\"height:20px\" aria-hidden=\"true\" class=\"wp-block-spacer\"><\/div>\n\n\n\n<p>\u201e<em>\u010cedok m\u00e1 za sebou rozmanitou historii a byl u d\u016fle\u017eit\u00fdch miln\u00edk\u016f \u010deskoslovensk\u00e9 i \u010desk\u00e9 historie. Od\u00a0po\u010d\u00e1tku sv\u00e9ho p\u016fsoben\u00ed ur\u010doval trendy cestovn\u00ed ruchu, p\u0159ich\u00e1zel s\u00a0nov\u00fdmi destinacemi, zav\u00e1d\u011bl nejmodern\u011bj\u0161\u00ed dopravn\u00ed prost\u0159edky a v dne\u0161n\u00ed dob\u011b v\u00a0tom st\u00e1le pokra\u010duje. Ve\u0159ejnosti zn\u00e1m\u00e1 zna\u010dka i\u00a0na\u0161e nad\u010dasov\u00e9 firemn\u00ed logo jsou tak symbolem a pro tis\u00edce lid\u00ed i synonymem pro\u00a0cestov\u00e1n\u00ed. Na\u00a0tradici spole\u010dnosti hrd\u011b stav\u00edme a\u00a0neust\u00e1le posouv\u00e1me na\u0161e slu\u017eby a roz\u0161i\u0159ujme nab\u00eddku pro\u00a0r\u016fzn\u00e9 c\u00edlov\u00e9 skupiny. Po neuv\u011b\u0159iteln\u00fdch 102 letech \u010dinnosti tak m\u016f\u017eeme po\u0159\u00e1d p\u0159edstavovat dal\u0161\u00ed novinky, v\u00fdznamn\u011b investovat do technologi\u00ed,\u00a0vlastn\u00ed pobo\u010dkov\u00e9 s\u00edt\u011b a\u00a0zejm\u00e9na \u010cechy inspirovat k\u00a0cestov\u00e1n\u00ed do cel\u00e9ho sv\u011bta,\u201c<\/em><strong> <\/strong><strong>okomentoval v\u00fdro\u010d\u00ed cestovn\u00ed kancel\u00e1\u0159e Stanislav Zeman, gener\u00e1ln\u00ed \u0159editel \u010cedoku<\/strong>.<\/p>\n\n\n\n<div style=\"height:20px\" aria-hidden=\"true\" class=\"wp-block-spacer\"><\/div>\n\n\n\n<figure class=\"wp-block-gallery columns-2 is-cropped wp-block-gallery-1 is-layout-flex wp-block-gallery-is-layout-flex\"><ul class=\"blocks-gallery-grid\"><li class=\"blocks-gallery-item\"><figure><img decoding=\"async\" src=\"https:\/\/hotelhouse.cz\/wp-content\/uploads\/2022\/07\/\u010cedok-Archiv_Pobo\u010dka-Hybernsk\u00e1-14.jpg\" alt=\"\" data-id=\"3404\" data-link=\"https:\/\/hotelhouse.cz\/?attachment_id=3404\" class=\"wp-image-3404\"\/><\/figure><\/li><li class=\"blocks-gallery-item\"><figure><img decoding=\"async\" src=\"https:\/\/hotelhouse.cz\/wp-content\/uploads\/2022\/07\/\u010cedok_Archiv_Autobus-na-vyhl\u00eddkov\u00e9-okruhy-na-Starom\u011bstsk\u00e9m-n\u00e1m\u011bst\u00ed.jpg\" alt=\"\" data-id=\"3406\" data-link=\"https:\/\/hotelhouse.cz\/?attachment_id=3406\" class=\"wp-image-3406\"\/><\/figure><\/li><\/ul><\/figure>\n\n\n\n<div style=\"height:20px\" aria-hidden=\"true\" class=\"wp-block-spacer\"><\/div>\n\n\n\n<p>U p\u0159\u00edle\u017eitosti v\u00fdro\u010d\u00ed \u010cedok roz\u0161i\u0159uje svou pobo\u010dkovou s\u00ed\u0165 o dv\u011b prodejn\u00ed m\u00edsta a dal\u0161\u00ed pl\u00e1nuje otev\u0159\u00edt b\u011bhem n\u00e1sleduj\u00edc\u00edho roku. Novou pobo\u010dku v Jablonci nad Nisou najdou klienti v obchodn\u00edm centru Central Jablonec v ulici Komensk\u00e9ho 18. Otev\u0159eno zde bude \u0161est dn\u00ed v t\u00fddnu, tedy od pond\u011bl\u00ed do soboty, a v Libereck\u00e9m kraji se jedn\u00e1 ji\u017e o t\u0159et\u00ed provozovnu. V Beroun\u011b pak cestovn\u00ed kancel\u00e1\u0159 otev\u00edr\u00e1 sv\u00e9 dve\u0159e ka\u017ed\u00fd v\u0161edn\u00ed den na adrese Hornohradebn\u00ed 96, a pobo\u010dka navy\u0161uje prodejn\u00ed kapacitu ve St\u0159edo\u010desk\u00e9m kraji. P\u0159ehled v\u0161ech pobo\u010dek \u010cedoku je k dispozici<strong> <\/strong><a href=\"https:\/\/www.cedok.cz\/nase-prodejny\/\"><strong>na webov\u00fdch str\u00e1nk\u00e1ch<\/strong><\/a><strong>.<\/strong><\/p>\n\n\n\n<div style=\"height:20px\" aria-hidden=\"true\" class=\"wp-block-spacer\"><\/div>\n\n\n\n<figure class=\"wp-block-gallery columns-2 is-cropped wp-block-gallery-3 is-layout-flex wp-block-gallery-is-layout-flex\"><ul class=\"blocks-gallery-grid\"><li class=\"blocks-gallery-item\"><figure><img decoding=\"async\" src=\"https:\/\/hotelhouse.cz\/wp-content\/uploads\/2022\/07\/\u010cedok_Archiv_Jeden-z-prvn\u00edch-z\u00e1jezd\u016f-do-Francie-v-novodob\u00e9-historii_1990.jpeg\" alt=\"\" data-id=\"3407\" data-link=\"https:\/\/hotelhouse.cz\/?attachment_id=3407\" class=\"wp-image-3407\"\/><\/figure><\/li><li class=\"blocks-gallery-item\"><figure><img decoding=\"async\" src=\"https:\/\/hotelhouse.cz\/wp-content\/uploads\/2022\/07\/\u010cedok-Archiv_Prvn\u00ed-p\u0159ep\u00e1\u017eka-\u010cedoku-na-pra\u017esk\u00e9m-leti\u0161ti_1997.jpg\" alt=\"\" data-id=\"3405\" data-link=\"https:\/\/hotelhouse.cz\/?attachment_id=3405\" class=\"wp-image-3405\"\/><\/figure><\/li><\/ul><\/figure>\n\n\n\n<div style=\"height:20px\" aria-hidden=\"true\" class=\"wp-block-spacer\"><\/div>\n\n\n\n<h3 class=\"wp-block-heading\"> <strong>Vybran\u00e9 miln\u00edky z&nbsp;historie \u010cedoku:<\/strong><\/h3>\n\n\n\n<div style=\"height:20px\" aria-hidden=\"true\" class=\"wp-block-spacer\"><\/div>\n\n\n\n<p>\n1920\n&#8211;&nbsp;Za\u010d\u00edn\u00e1 se ps\u00e1t n\u00e1\u0161 p\u0159\u00edb\u011bh, zakl\u00e1d\u00e1&nbsp;se&nbsp;\u010ceskoslovensk\u00e1\ncestovn\u00ed a dopravn\u00ed kancel\u00e1\u0159<\/p>\n\n\n\n<p>\n1924\n&#8211;&nbsp;Vyr\u00e1\u017e\u00edme s&nbsp;klienty na&nbsp;prvn\u00ed vyhl\u00eddkov\u00e9 okru\u017en\u00ed\nj\u00edzdy s autokary Praga<\/p>\n\n\n\n<p>\n1939\n&#8211; Pom\u00e1h\u00e1me Siru Nicholasu Wintonovi s evakuac\u00ed d\u011bt\u00ed do Velk\u00e9\nBrit\u00e1nie<\/p>\n\n\n\n<p>\n1965\n&#8211;&nbsp;Po\u0159\u00e1d\u00e1me&nbsp;z\u00e1jezdy na safari&nbsp;do&nbsp;Ngorongoro v\nTanzanii<\/p>\n\n\n\n<p>\n1972\n&#8211;&nbsp;Jsme u prvn\u00edho charterov\u00e9ho letu Boeingem 747 Jumbo z Prahy\ndo Indie<\/p>\n\n\n\n<p>\n1990\n&#8211;&nbsp;Cestov\u00e1n\u00ed se vrac\u00ed, po revoluci organizujeme v\u00fdlety&nbsp;do\nm\u011bst&nbsp;v&nbsp;Rakousku a&nbsp;Bavorsku<\/p>\n\n\n\n<p>\n2000\n&#8211;&nbsp;Startuje nov\u00e1 \u00e9ra, spou\u0161t\u00edme&nbsp;online katalog z\u00e1jezd\u016f<\/p>\n\n\n\n<p>\n2016\n&#8211;&nbsp;St\u00e1v\u00e1me se sou\u010d\u00e1st\u00ed skupiny ITAKA&nbsp;&nbsp;<\/p>\n\n\n\n<p>\n2019\n&#8211;&nbsp;P\u0159ipravujeme nej\u0161ir\u0161\u00ed nab\u00eddku pobytov\u00fdch i pozn\u00e1vac\u00edch\nz\u00e1jezd\u016f do v\u00edce ne\u017e sta destinac\u00ed<\/p>\n\n\n\n<p>\n2021\n&#8211; Za\u010d\u00edn\u00e1me l\u00e9tat p\u0159\u00edmo z Prahy d\u00e1lkov\u00fdm letadlem do\nexotick\u00fdch destinac\u00ed<\/p>\n\n\n\n<p> 2022 &#8211; Otev\u00edr\u00e1me dal\u0161\u00ed pobo\u010dky a chyst\u00e1me nov\u00e9 koncepty i destinace<\/p>\n\n\n\n<div style=\"height:20px\" aria-hidden=\"true\" class=\"wp-block-spacer\"><\/div>\n\n\n\n<p><strong>Historick\u00e9 ud\u00e1losti \u010cedoku jsme shrnuli tak\u00e9 <\/strong><a href=\"https:\/\/we.tl\/t-1vFdHe4CSh\"><strong>ve videu<\/strong><\/a><strong>, dal\u0161\u00ed informace potom najdete <\/strong><a href=\"https:\/\/www.cedok.cz\/historie\/\"><strong>na speci\u00e1ln\u00ed podstr\u00e1nce<\/strong><\/a><strong>.<\/strong><\/p>\n\n\n\n<div style=\"height:41px\" aria-hidden=\"true\" class=\"wp-block-spacer\"><\/div>\n\n\n\n<figure class=\"wp-block-gallery columns-2 is-cropped wp-block-gallery-5 is-layout-flex wp-block-gallery-is-layout-flex\"><ul class=\"blocks-gallery-grid\"><li class=\"blocks-gallery-item\"><figure><img decoding=\"async\" src=\"https:\/\/hotelhouse.cz\/wp-content\/uploads\/2022\/07\/\u010cedok-Archiv_Pobo\u010dka-Hybernsk\u00e1-14.jpg\" alt=\"\" data-id=\"3404\" data-link=\"https:\/\/hotelhouse.cz\/index.php\/2022\/07\/27\/plnime-cestovatelske-sny-jiz-102-let-cedok-k-vyroci-otevira-nove-pobocky-v-beroune-a-jablonci-nad-nisou\/cedok-archiv_pobocka-hybernska-14\/\" class=\"wp-image-3404\"\/><\/figure><\/li><li class=\"blocks-gallery-item\"><figure><img decoding=\"async\" src=\"https:\/\/hotelhouse.cz\/wp-content\/uploads\/2022\/07\/\u010cedok_Archiv_Autobus-na-vyhl\u00eddkov\u00e9-okruhy-na-Starom\u011bstsk\u00e9m-n\u00e1m\u011bst\u00ed.jpg\" alt=\"\" data-id=\"3406\" data-link=\"https:\/\/hotelhouse.cz\/index.php\/2022\/07\/27\/plnime-cestovatelske-sny-jiz-102-let-cedok-k-vyroci-otevira-nove-pobocky-v-beroune-a-jablonci-nad-nisou\/cedok_archiv_autobus-na-vyhlidkove-okruhy-na-staromestskem-namesti\/\" class=\"wp-image-3406\"\/><\/figure><\/li><li class=\"blocks-gallery-item\"><figure><img decoding=\"async\" src=\"https:\/\/hotelhouse.cz\/wp-content\/uploads\/2022\/07\/\u010cedok_Archiv_Jeden-z-prvn\u00edch-z\u00e1jezd\u016f-do-Francie-v-novodob\u00e9-historii_1990.jpeg\" alt=\"\" data-id=\"3407\" data-link=\"https:\/\/hotelhouse.cz\/index.php\/2022\/07\/27\/plnime-cestovatelske-sny-jiz-102-let-cedok-k-vyroci-otevira-nove-pobocky-v-beroune-a-jablonci-nad-nisou\/cedok_archiv_jeden-z-prvnich-zajezdu-do-francie-v-novodobe-historii_1990\/\" class=\"wp-image-3407\"\/><\/figure><\/li><li class=\"blocks-gallery-item\"><figure><img decoding=\"async\" src=\"https:\/\/hotelhouse.cz\/wp-content\/uploads\/2022\/07\/\u010cedok-Archiv_Prvn\u00ed-p\u0159ep\u00e1\u017eka-\u010cedoku-na-pra\u017esk\u00e9m-leti\u0161ti_1997.jpg\" alt=\"\" data-id=\"3405\" data-link=\"https:\/\/hotelhouse.cz\/index.php\/2022\/07\/27\/plnime-cestovatelske-sny-jiz-102-let-cedok-k-vyroci-otevira-nove-pobocky-v-beroune-a-jablonci-nad-nisou\/cedok-archiv_prvni-prepazka-cedoku-na-prazskem-letisti_1997\/\" class=\"wp-image-3405\"\/><\/figure><\/li><li class=\"blocks-gallery-item\"><figure><img decoding=\"async\" src=\"https:\/\/hotelhouse.cz\/wp-content\/uploads\/2022\/07\/\u010cedok_pobo\u010dka-Jablonec-nad-Nisou-1024x501.jpg\" alt=\"\" data-id=\"3408\" data-link=\"https:\/\/hotelhouse.cz\/index.php\/2022\/07\/27\/plnime-cestovatelske-sny-jiz-102-let-cedok-k-vyroci-otevira-nove-pobocky-v-beroune-a-jablonci-nad-nisou\/cedok_pobocka-jablonec-nad-nisou\/\" class=\"wp-image-3408\"\/><\/figure><\/li><\/ul><\/figure>\n\n\n\n<p><strong>Zdroj foto: <\/strong>\u010cEDOK<\/p>\n\n\n\n<div style=\"height:35px\" aria-hidden=\"true\" class=\"wp-block-spacer\"><\/div>\n","protected":false},"excerpt":{"rendered":"<p>P\u0159esn\u011b p\u0159ed 102 lety byla v Praze podeps\u00e1na ustanovuj\u00edc\u00ed listina, kter\u00e1 za\u010dala ps\u00e1t p\u0159\u00edb\u011bh nejstar\u0161\u00ed cestovn\u00ed kancel\u00e1\u0159e u n\u00e1s. Pr\u00e1v\u011b 21. \u010dervence 1920 tak vznikla tehdy \u010ceskoslovensk\u00e1 cestovn\u00ed a dopravn\u00ed kancel\u00e1\u0159, kterou ve\u0159ejnost ji\u017e p\u0159es stolet\u00ed zn\u00e1 pod zkratkou \u010cEDOK. Spole\u010dnost, kter\u00e1 b\u011bhem sv\u00e9 historie byla ve vlastnictv\u00ed st\u00e1tu i n\u011bkolika soukrom\u00fdch vlastn\u00edk\u016f, je dnes [&hellip;]<\/p>\n","protected":false},"author":2,"featured_media":2666,"comment_status":"closed","ping_status":"closed","sticky":false,"template":"","format":"standard","meta":{"_mi_skip_tracking":false,"_monsterinsights_sitenote_active":false,"_monsterinsights_sitenote_note":"","_monsterinsights_sitenote_category":0,"footnotes":""},"categories":[15,6,2],"tags":[],"yoast_head":"<!-- This site is optimized with the Yoast SEO plugin v21.4 - https:\/\/yoast.com\/wordpress\/plugins\/seo\/ -->\n<title>\u010cedok pln\u00ed cestovatelsk\u00e9 sny ji\u017e 102 let! A k v\u00fdro\u010d\u00ed otev\u00edr\u00e1 nov\u00e9 pobo\u010dky v Beroun\u011b a Jablonci nad Nisou - LUXURYMAGAZINE.cz<\/title>\n<meta name=\"robots\" content=\"index, follow, max-snippet:-1, max-image-preview:large, max-video-preview:-1\" \/>\n<link rel=\"canonical\" href=\"https:\/\/luxurymagazine.cz\/index.php\/2022\/07\/28\/cedok-plni-cestovatelske-sny-jiz-102-let-a-k-vyroci-otevira-nove-pobocky-v-beroune-a-jablonci-nad-nisou\/\" \/>\n<meta property=\"og:locale\" content=\"cs_CZ\" \/>\n<meta property=\"og:type\" content=\"article\" \/>\n<meta property=\"og:title\" content=\"\u010cedok pln\u00ed cestovatelsk\u00e9 sny ji\u017e 102 let! A k v\u00fdro\u010d\u00ed otev\u00edr\u00e1 nov\u00e9 pobo\u010dky v Beroun\u011b a Jablonci nad Nisou - LUXURYMAGAZINE.cz\" \/>\n<meta property=\"og:description\" content=\"P\u0159esn\u011b p\u0159ed 102 lety byla v Praze podeps\u00e1na ustanovuj\u00edc\u00ed listina, kter\u00e1 za\u010dala ps\u00e1t p\u0159\u00edb\u011bh nejstar\u0161\u00ed cestovn\u00ed kancel\u00e1\u0159e u n\u00e1s. Pr\u00e1v\u011b 21. \u010dervence 1920 tak vznikla tehdy \u010ceskoslovensk\u00e1 cestovn\u00ed a dopravn\u00ed kancel\u00e1\u0159, kterou ve\u0159ejnost ji\u017e p\u0159es stolet\u00ed zn\u00e1 pod zkratkou \u010cEDOK. Spole\u010dnost, kter\u00e1 b\u011bhem sv\u00e9 historie byla ve vlastnictv\u00ed st\u00e1tu i n\u011bkolika soukrom\u00fdch vlastn\u00edk\u016f, je dnes [&hellip;]\" \/>\n<meta property=\"og:url\" content=\"https:\/\/luxurymagazine.cz\/index.php\/2022\/07\/28\/cedok-plni-cestovatelske-sny-jiz-102-let-a-k-vyroci-otevira-nove-pobocky-v-beroune-a-jablonci-nad-nisou\/\" \/>\n<meta property=\"og:site_name\" content=\"LUXURYMAGAZINE.cz\" \/>\n<meta property=\"article:published_time\" content=\"2022-07-28T16:10:22+00:00\" \/>\n<meta property=\"article:modified_time\" content=\"2022-09-06T18:54:43+00:00\" \/>\n<meta property=\"og:image\" content=\"https:\/\/luxurymagazine.cz\/wp-content\/uploads\/2022\/07\/\u010cedok_pobo\u010dka-Jablonec-nad-Nisou.jpg\" \/>\n\t<meta property=\"og:image:width\" content=\"1280\" \/>\n\t<meta property=\"og:image:height\" content=\"626\" \/>\n\t<meta property=\"og:image:type\" content=\"image\/jpeg\" \/>\n<meta name=\"author\" content=\"Jolana Hol\u00e1\u0148ov\u00e1\" \/>\n<meta name=\"twitter:card\" content=\"summary_large_image\" \/>\n<meta name=\"twitter:label1\" content=\"Napsal(a)\" \/>\n\t<meta name=\"twitter:data1\" content=\"Jolana Hol\u00e1\u0148ov\u00e1\" \/>\n\t<meta name=\"twitter:label2\" content=\"Odhadovan\u00e1 doba \u010dten\u00ed\" \/>\n\t<meta name=\"twitter:data2\" content=\"3 minuty\" \/>\n<script type=\"application\/ld+json\" class=\"yoast-schema-graph\">{\"@context\":\"https:\/\/schema.org\",\"@graph\":[{\"@type\":\"Article\",\"@id\":\"https:\/\/luxurymagazine.cz\/index.php\/2022\/07\/28\/cedok-plni-cestovatelske-sny-jiz-102-let-a-k-vyroci-otevira-nove-pobocky-v-beroune-a-jablonci-nad-nisou\/#article\",\"isPartOf\":{\"@id\":\"https:\/\/luxurymagazine.cz\/index.php\/2022\/07\/28\/cedok-plni-cestovatelske-sny-jiz-102-let-a-k-vyroci-otevira-nove-pobocky-v-beroune-a-jablonci-nad-nisou\/\"},\"author\":{\"name\":\"Jolana Hol\u00e1\u0148ov\u00e1\",\"@id\":\"https:\/\/luxurymagazine.cz\/#\/schema\/person\/581f64efd4b5872ac991ea3581f630dc\"},\"headline\":\"\u010cedok pln\u00ed cestovatelsk\u00e9 sny ji\u017e 102 let! A k v\u00fdro\u010d\u00ed otev\u00edr\u00e1 nov\u00e9 pobo\u010dky v Beroun\u011b a Jablonci nad Nisou\",\"datePublished\":\"2022-07-28T16:10:22+00:00\",\"dateModified\":\"2022-09-06T18:54:43+00:00\",\"mainEntityOfPage\":{\"@id\":\"https:\/\/luxurymagazine.cz\/index.php\/2022\/07\/28\/cedok-plni-cestovatelske-sny-jiz-102-let-a-k-vyroci-otevira-nove-pobocky-v-beroune-a-jablonci-nad-nisou\/\"},\"wordCount\":678,\"publisher\":{\"@id\":\"https:\/\/luxurymagazine.cz\/#organization\"},\"articleSection\":[\"BUSINESS\",\"CESTOV\u00c1N\u00cd &amp; LETENKY\",\"NEWS\"],\"inLanguage\":\"cs\"},{\"@type\":\"WebPage\",\"@id\":\"https:\/\/luxurymagazine.cz\/index.php\/2022\/07\/28\/cedok-plni-cestovatelske-sny-jiz-102-let-a-k-vyroci-otevira-nove-pobocky-v-beroune-a-jablonci-nad-nisou\/\",\"url\":\"https:\/\/luxurymagazine.cz\/index.php\/2022\/07\/28\/cedok-plni-cestovatelske-sny-jiz-102-let-a-k-vyroci-otevira-nove-pobocky-v-beroune-a-jablonci-nad-nisou\/\",\"name\":\"\u010cedok pln\u00ed cestovatelsk\u00e9 sny ji\u017e 102 let! A k v\u00fdro\u010d\u00ed otev\u00edr\u00e1 nov\u00e9 pobo\u010dky v Beroun\u011b a Jablonci nad Nisou - LUXURYMAGAZINE.cz\",\"isPartOf\":{\"@id\":\"https:\/\/luxurymagazine.cz\/#website\"},\"datePublished\":\"2022-07-28T16:10:22+00:00\",\"dateModified\":\"2022-09-06T18:54:43+00:00\",\"breadcrumb\":{\"@id\":\"https:\/\/luxurymagazine.cz\/index.php\/2022\/07\/28\/cedok-plni-cestovatelske-sny-jiz-102-let-a-k-vyroci-otevira-nove-pobocky-v-beroune-a-jablonci-nad-nisou\/#breadcrumb\"},\"inLanguage\":\"cs\",\"potentialAction\":[{\"@type\":\"ReadAction\",\"target\":[\"https:\/\/luxurymagazine.cz\/index.php\/2022\/07\/28\/cedok-plni-cestovatelske-sny-jiz-102-let-a-k-vyroci-otevira-nove-pobocky-v-beroune-a-jablonci-nad-nisou\/\"]}]},{\"@type\":\"BreadcrumbList\",\"@id\":\"https:\/\/luxurymagazine.cz\/index.php\/2022\/07\/28\/cedok-plni-cestovatelske-sny-jiz-102-let-a-k-vyroci-otevira-nove-pobocky-v-beroune-a-jablonci-nad-nisou\/#breadcrumb\",\"itemListElement\":[{\"@type\":\"ListItem\",\"position\":1,\"name\":\"Dom\u016f\",\"item\":\"https:\/\/luxurymagazine.cz\/\"},{\"@type\":\"ListItem\",\"position\":2,\"name\":\"\u010cedok pln\u00ed cestovatelsk\u00e9 sny ji\u017e 102 let! A k v\u00fdro\u010d\u00ed otev\u00edr\u00e1 nov\u00e9 pobo\u010dky v Beroun\u011b a Jablonci nad Nisou\"}]},{\"@type\":\"WebSite\",\"@id\":\"https:\/\/luxurymagazine.cz\/#website\",\"url\":\"https:\/\/luxurymagazine.cz\/\",\"name\":\"LUXURYMAGAZINE.cz\",\"description\":\"Port\u00e1l v\u00fdhradn\u011b o luxusu...\",\"publisher\":{\"@id\":\"https:\/\/luxurymagazine.cz\/#organization\"},\"potentialAction\":[{\"@type\":\"SearchAction\",\"target\":{\"@type\":\"EntryPoint\",\"urlTemplate\":\"https:\/\/luxurymagazine.cz\/?s={search_term_string}\"},\"query-input\":\"required name=search_term_string\"}],\"inLanguage\":\"cs\"},{\"@type\":\"Organization\",\"@id\":\"https:\/\/luxurymagazine.cz\/#organization\",\"name\":\"LUXURYMAGAZINE.cz\",\"url\":\"https:\/\/luxurymagazine.cz\/\",\"logo\":{\"@type\":\"ImageObject\",\"inLanguage\":\"cs\",\"@id\":\"https:\/\/luxurymagazine.cz\/#\/schema\/logo\/image\/\",\"url\":\"https:\/\/luxurymagazine.cz\/wp-content\/uploads\/2024\/12\/cropped-Logo_LuxuryMagazine-1.jpg\",\"contentUrl\":\"https:\/\/luxurymagazine.cz\/wp-content\/uploads\/2024\/12\/cropped-Logo_LuxuryMagazine-1.jpg\",\"width\":934,\"height\":509,\"caption\":\"LUXURYMAGAZINE.cz\"},\"image\":{\"@id\":\"https:\/\/luxurymagazine.cz\/#\/schema\/logo\/image\/\"}},{\"@type\":\"Person\",\"@id\":\"https:\/\/luxurymagazine.cz\/#\/schema\/person\/581f64efd4b5872ac991ea3581f630dc\",\"name\":\"Jolana Hol\u00e1\u0148ov\u00e1\",\"image\":{\"@type\":\"ImageObject\",\"inLanguage\":\"cs\",\"@id\":\"https:\/\/luxurymagazine.cz\/#\/schema\/person\/image\/\",\"url\":\"https:\/\/secure.gravatar.com\/avatar\/5863c504ed89cd419ff3a5e812c722ff?s=96&d=mm&r=g\",\"contentUrl\":\"https:\/\/secure.gravatar.com\/avatar\/5863c504ed89cd419ff3a5e812c722ff?s=96&d=mm&r=g\",\"caption\":\"Jolana Hol\u00e1\u0148ov\u00e1\"},\"sameAs\":[\"http:\/\/LUXURYMAGAZINE.cz\"],\"url\":\"https:\/\/luxurymagazine.cz\/index.php\/author\/jolhol\/\"}]}<\/script>\n<!-- \/ Yoast SEO plugin. -->","yoast_head_json":{"title":"\u010cedok pln\u00ed cestovatelsk\u00e9 sny ji\u017e 102 let! A k v\u00fdro\u010d\u00ed otev\u00edr\u00e1 nov\u00e9 pobo\u010dky v Beroun\u011b a Jablonci nad Nisou - LUXURYMAGAZINE.cz","robots":{"index":"index","follow":"follow","max-snippet":"max-snippet:-1","max-image-preview":"max-image-preview:large","max-video-preview":"max-video-preview:-1"},"canonical":"https:\/\/luxurymagazine.cz\/index.php\/2022\/07\/28\/cedok-plni-cestovatelske-sny-jiz-102-let-a-k-vyroci-otevira-nove-pobocky-v-beroune-a-jablonci-nad-nisou\/","og_locale":"cs_CZ","og_type":"article","og_title":"\u010cedok pln\u00ed cestovatelsk\u00e9 sny ji\u017e 102 let! A k v\u00fdro\u010d\u00ed otev\u00edr\u00e1 nov\u00e9 pobo\u010dky v Beroun\u011b a Jablonci nad Nisou - LUXURYMAGAZINE.cz","og_description":"P\u0159esn\u011b p\u0159ed 102 lety byla v Praze podeps\u00e1na ustanovuj\u00edc\u00ed listina, kter\u00e1 za\u010dala ps\u00e1t p\u0159\u00edb\u011bh nejstar\u0161\u00ed cestovn\u00ed kancel\u00e1\u0159e u n\u00e1s. Pr\u00e1v\u011b 21. \u010dervence 1920 tak vznikla tehdy \u010ceskoslovensk\u00e1 cestovn\u00ed a dopravn\u00ed kancel\u00e1\u0159, kterou ve\u0159ejnost ji\u017e p\u0159es stolet\u00ed zn\u00e1 pod zkratkou \u010cEDOK. Spole\u010dnost, kter\u00e1 b\u011bhem sv\u00e9 historie byla ve vlastnictv\u00ed st\u00e1tu i n\u011bkolika soukrom\u00fdch vlastn\u00edk\u016f, je dnes [&hellip;]","og_url":"https:\/\/luxurymagazine.cz\/index.php\/2022\/07\/28\/cedok-plni-cestovatelske-sny-jiz-102-let-a-k-vyroci-otevira-nove-pobocky-v-beroune-a-jablonci-nad-nisou\/","og_site_name":"LUXURYMAGAZINE.cz","article_published_time":"2022-07-28T16:10:22+00:00","article_modified_time":"2022-09-06T18:54:43+00:00","og_image":[{"width":1280,"height":626,"url":"https:\/\/luxurymagazine.cz\/wp-content\/uploads\/2022\/07\/\u010cedok_pobo\u010dka-Jablonec-nad-Nisou.jpg","type":"image\/jpeg"}],"author":"Jolana Hol\u00e1\u0148ov\u00e1","twitter_card":"summary_large_image","twitter_misc":{"Napsal(a)":"Jolana Hol\u00e1\u0148ov\u00e1","Odhadovan\u00e1 doba \u010dten\u00ed":"3 minuty"},"schema":{"@context":"https:\/\/schema.org","@graph":[{"@type":"Article","@id":"https:\/\/luxurymagazine.cz\/index.php\/2022\/07\/28\/cedok-plni-cestovatelske-sny-jiz-102-let-a-k-vyroci-otevira-nove-pobocky-v-beroune-a-jablonci-nad-nisou\/#article","isPartOf":{"@id":"https:\/\/luxurymagazine.cz\/index.php\/2022\/07\/28\/cedok-plni-cestovatelske-sny-jiz-102-let-a-k-vyroci-otevira-nove-pobocky-v-beroune-a-jablonci-nad-nisou\/"},"author":{"name":"Jolana Hol\u00e1\u0148ov\u00e1","@id":"https:\/\/luxurymagazine.cz\/#\/schema\/person\/581f64efd4b5872ac991ea3581f630dc"},"headline":"\u010cedok pln\u00ed cestovatelsk\u00e9 sny ji\u017e 102 let! A k v\u00fdro\u010d\u00ed otev\u00edr\u00e1 nov\u00e9 pobo\u010dky v Beroun\u011b a Jablonci nad Nisou","datePublished":"2022-07-28T16:10:22+00:00","dateModified":"2022-09-06T18:54:43+00:00","mainEntityOfPage":{"@id":"https:\/\/luxurymagazine.cz\/index.php\/2022\/07\/28\/cedok-plni-cestovatelske-sny-jiz-102-let-a-k-vyroci-otevira-nove-pobocky-v-beroune-a-jablonci-nad-nisou\/"},"wordCount":678,"publisher":{"@id":"https:\/\/luxurymagazine.cz\/#organization"},"articleSection":["BUSINESS","CESTOV\u00c1N\u00cd &amp; LETENKY","NEWS"],"inLanguage":"cs"},{"@type":"WebPage","@id":"https:\/\/luxurymagazine.cz\/index.php\/2022\/07\/28\/cedok-plni-cestovatelske-sny-jiz-102-let-a-k-vyroci-otevira-nove-pobocky-v-beroune-a-jablonci-nad-nisou\/","url":"https:\/\/luxurymagazine.cz\/index.php\/2022\/07\/28\/cedok-plni-cestovatelske-sny-jiz-102-let-a-k-vyroci-otevira-nove-pobocky-v-beroune-a-jablonci-nad-nisou\/","name":"\u010cedok pln\u00ed cestovatelsk\u00e9 sny ji\u017e 102 let! A k v\u00fdro\u010d\u00ed otev\u00edr\u00e1 nov\u00e9 pobo\u010dky v Beroun\u011b a Jablonci nad Nisou - LUXURYMAGAZINE.cz","isPartOf":{"@id":"https:\/\/luxurymagazine.cz\/#website"},"datePublished":"2022-07-28T16:10:22+00:00","dateModified":"2022-09-06T18:54:43+00:00","breadcrumb":{"@id":"https:\/\/luxurymagazine.cz\/index.php\/2022\/07\/28\/cedok-plni-cestovatelske-sny-jiz-102-let-a-k-vyroci-otevira-nove-pobocky-v-beroune-a-jablonci-nad-nisou\/#breadcrumb"},"inLanguage":"cs","potentialAction":[{"@type":"ReadAction","target":["https:\/\/luxurymagazine.cz\/index.php\/2022\/07\/28\/cedok-plni-cestovatelske-sny-jiz-102-let-a-k-vyroci-otevira-nove-pobocky-v-beroune-a-jablonci-nad-nisou\/"]}]},{"@type":"BreadcrumbList","@id":"https:\/\/luxurymagazine.cz\/index.php\/2022\/07\/28\/cedok-plni-cestovatelske-sny-jiz-102-let-a-k-vyroci-otevira-nove-pobocky-v-beroune-a-jablonci-nad-nisou\/#breadcrumb","itemListElement":[{"@type":"ListItem","position":1,"name":"Dom\u016f","item":"https:\/\/luxurymagazine.cz\/"},{"@type":"ListItem","position":2,"name":"\u010cedok pln\u00ed cestovatelsk\u00e9 sny ji\u017e 102 let! A k v\u00fdro\u010d\u00ed otev\u00edr\u00e1 nov\u00e9 pobo\u010dky v Beroun\u011b a Jablonci nad Nisou"}]},{"@type":"WebSite","@id":"https:\/\/luxurymagazine.cz\/#website","url":"https:\/\/luxurymagazine.cz\/","name":"LUXURYMAGAZINE.cz","description":"Port\u00e1l v\u00fdhradn\u011b o luxusu...","publisher":{"@id":"https:\/\/luxurymagazine.cz\/#organization"},"potentialAction":[{"@type":"SearchAction","target":{"@type":"EntryPoint","urlTemplate":"https:\/\/luxurymagazine.cz\/?s={search_term_string}"},"query-input":"required name=search_term_string"}],"inLanguage":"cs"},{"@type":"Organization","@id":"https:\/\/luxurymagazine.cz\/#organization","name":"LUXURYMAGAZINE.cz","url":"https:\/\/luxurymagazine.cz\/","logo":{"@type":"ImageObject","inLanguage":"cs","@id":"https:\/\/luxurymagazine.cz\/#\/schema\/logo\/image\/","url":"https:\/\/luxurymagazine.cz\/wp-content\/uploads\/2024\/12\/cropped-Logo_LuxuryMagazine-1.jpg","contentUrl":"https:\/\/luxurymagazine.cz\/wp-content\/uploads\/2024\/12\/cropped-Logo_LuxuryMagazine-1.jpg","width":934,"height":509,"caption":"LUXURYMAGAZINE.cz"},"image":{"@id":"https:\/\/luxurymagazine.cz\/#\/schema\/logo\/image\/"}},{"@type":"Person","@id":"https:\/\/luxurymagazine.cz\/#\/schema\/person\/581f64efd4b5872ac991ea3581f630dc","name":"Jolana Hol\u00e1\u0148ov\u00e1","image":{"@type":"ImageObject","inLanguage":"cs","@id":"https:\/\/luxurymagazine.cz\/#\/schema\/person\/image\/","url":"https:\/\/secure.gravatar.com\/avatar\/5863c504ed89cd419ff3a5e812c722ff?s=96&d=mm&r=g","contentUrl":"https:\/\/secure.gravatar.com\/avatar\/5863c504ed89cd419ff3a5e812c722ff?s=96&d=mm&r=g","caption":"Jolana Hol\u00e1\u0148ov\u00e1"},"sameAs":["http:\/\/LUXURYMAGAZINE.cz"],"url":"https:\/\/luxurymagazine.cz\/index.php\/author\/jolhol\/"}]}},"_links":{"self":[{"href":"https:\/\/luxurymagazine.cz\/index.php\/wp-json\/wp\/v2\/posts\/2665"}],"collection":[{"href":"https:\/\/luxurymagazine.cz\/index.php\/wp-json\/wp\/v2\/posts"}],"about":[{"href":"https:\/\/luxurymagazine.cz\/index.php\/wp-json\/wp\/v2\/types\/post"}],"author":[{"embeddable":true,"href":"https:\/\/luxurymagazine.cz\/index.php\/wp-json\/wp\/v2\/users\/2"}],"replies":[{"embeddable":true,"href":"https:\/\/luxurymagazine.cz\/index.php\/wp-json\/wp\/v2\/comments?post=2665"}],"version-history":[{"count":-4,"href":"https:\/\/luxurymagazine.cz\/index.php\/wp-json\/wp\/v2\/posts\/2665\/revisions"}],"wp:featuredmedia":[{"embeddable":true,"href":"https:\/\/luxurymagazine.cz\/index.php\/wp-json\/wp\/v2\/media\/2666"}],"wp:attachment":[{"href":"https:\/\/luxurymagazine.cz\/index.php\/wp-json\/wp\/v2\/media?parent=2665"}],"wp:term":[{"taxonomy":"category","embeddable":true,"href":"https:\/\/luxurymagazine.cz\/index.php\/wp-json\/wp\/v2\/categories?post=2665"},{"taxonomy":"post_tag","embeddable":true,"href":"https:\/\/luxurymagazine.cz\/index.php\/wp-json\/wp\/v2\/tags?post=2665"}],"curies":[{"name":"wp","href":"https:\/\/api.w.org\/{rel}","templated":true}]}}