{"id":2710,"date":"2022-08-12T00:01:00","date_gmt":"2022-08-11T22:01:00","guid":{"rendered":"https:\/\/luxurymagazine.cz\/?p=2710"},"modified":"2022-09-23T20:59:52","modified_gmt":"2022-09-23T18:59:52","slug":"na-vystavisti-praha-mohou-navstevnici-zazit-jizdu-budoucnosti","status":"publish","type":"post","link":"https:\/\/luxurymagazine.cz\/index.php\/2022\/08\/12\/na-vystavisti-praha-mohou-navstevnici-zazit-jizdu-budoucnosti\/","title":{"rendered":"Na V\u00fdstavi\u0161ti Praha mohou n\u00e1v\u0161t\u011bvn\u00edci za\u017e\u00edt j\u00edzdu budoucnosti!"},"content":{"rendered":"\n<div style=\"height:29px\" aria-hidden=\"true\" class=\"wp-block-spacer\"><\/div>\n\n\n\n<p><strong>V\u00fdstavi\u0161t\u011b Praha se p\u0159ipojilo k projektu testov\u00e1n\u00ed elektrick\u00fdch samo\u0159iditeln\u00fdch minibus\u016f ve spolupr\u00e1ci s v\u00fdzkumnou organizac\u00ed PowerHUB, kter\u00e1 technicky zaji\u0161\u0165uje provoz minibusu estonsk\u00e9 spole\u010dnosti AuveTech. Nejen Pra\u017ean\u00e9 si tak mohou dop\u0159\u00e1t i d\u00edky podpo\u0159e hl. m. Praha unik\u00e1tn\u00ed z\u00e1\u017eitek v podob\u011b j\u00edzdy budoucnosti po are\u00e1lu V\u00fdstavi\u0161t\u011b v samo\u0159\u00edd\u00edc\u00edm minibusu, jeho\u017e maxim\u00e1ln\u00ed rychlost je omezena na 28 km v hodin\u011b s dojezdem 60 kilometr\u016f.<\/strong><\/p>\n\n\n\n<figure class=\"wp-block-image size-large\"><img decoding=\"async\" src=\"https:\/\/letniservis.cz\/wp-content\/uploads\/2022\/08\/1660053133_Vstavit1.jpg\" alt=\"\" class=\"wp-image-1688\"\/><\/figure>\n\n\n\n<p>J\u00edzdu autonomn\u00edm minibusem estonsk\u00e9 spole\u010dnosti AuveTech, kter\u00e1 na v\u00fdvoji pracovala t\u0159i roky a aktu\u00e1ln\u011b p\u0159ipravuje dal\u0161\u00ed generaci, si mohou z\u00e1jemci objednat na webu V\u00fdstavi\u0161t\u011b Praha, a to a\u017e do konce srpna. Aktu\u00e1ln\u00ed model jede maxim\u00e1ln\u00ed rychlost\u00ed 28 kilometr\u016f za hodinu a na jedno nabit\u00ed ujede 60 kilometr\u016f. K dispozici je osm m\u00edst pro stejn\u00fd po\u010det cestuj\u00edc\u00edch, v\u016fz je tak\u00e9 vybaven plo\u0161inou pro t\u011blesn\u011b posti\u017een\u00e9 cestuj\u00edc\u00ed.<\/p>\n\n\n\n<p><em>&#8222;N\u00e1v\u0161t\u011bvn\u00edci V\u00fdstavi\u0161t\u011b si mohou j\u00edzdu samo\u0159iditeln\u00fdm minibusem vyzkou\u0161et jako jedni z prvn\u00edch v \u010cesku, co\u017e n\u00e1s skute\u010dn\u011b velmi t\u011b\u0161\u00ed. V\u00fdstavi\u0161t\u011b toti\u017e v\u017edy bylo a bude tak\u00e9 m\u00edstem pro prezentaci zaj\u00edmav\u00fdch technick\u00fdch novinek. Nejmodern\u011bj\u0161\u00ed technologie nav\u00edc dok\u00e1\u017eou nejen zp\u0159\u00edjem\u0148ovat \u017eivot, ale tak\u00e9 v\u00fdrazn\u011b napom\u00e1hat k udr\u017eiteln\u00e9mu podnik\u00e1n\u00ed, kter\u00e9 je samoz\u0159ejm\u011b jedn\u00edm z na\u0161ich c\u00edl\u016f. Proto jsme uv\u00edtali nejen mo\u017enost spolupr\u00e1ce s PowerHUB, ale i mo\u017enost nab\u00eddnout tento z\u00e1\u017eitek jako dal\u0161\u00ed zaj\u00edmavou atrakci na\u0161im n\u00e1v\u0161t\u011bvn\u00edk\u016fm,\u201c<\/em>&nbsp;komentuje unik\u00e1tn\u00ed projekt na V\u00fdstavi\u0161ti Jan Stanko, \u010dlen p\u0159edstavenstva.<\/p>\n\n\n\n<p>Toufik Dallal, \u0159editel akcelera\u010dn\u00edch program\u016f spole\u010dnosti PowerHUB z.\u00fa., pak dopl\u0148uje:&nbsp;<em>\u201eTakzvan\u00e1 autonomn\u00ed auta se dok\u00e1\u017eou pohybovat na zadan\u00e9 trase bez \u0159idi\u010de, vyh\u00fdbat se p\u0159ek\u00e1\u017ek\u00e1m, nebo i sama zastavit v p\u0159\u00edpad\u011b, \u017ee jim do cesty n\u011bkdo ne\u010dekan\u011b vb\u011bhne. V\u016fz je pro to vybaven nejen \u0159adou kamer, ale i LIDARem, tedy laserov\u00fdm radarem.\u201c<\/em><\/p>\n\n\n\n<figure class=\"wp-block-image size-large\"><img decoding=\"async\" src=\"https:\/\/letniservis.cz\/wp-content\/uploads\/2022\/08\/1660053102_Vstavit.jpg\" alt=\"\" class=\"wp-image-1689\"\/><\/figure>\n\n\n\n<p>V r\u00e1mci testovac\u00edho provozu je ve voze tak\u00e9 oper\u00e1tor, kter\u00fd by p\u0159evzal \u0159\u00edzen\u00ed v p\u0159\u00edpad\u011b vzniku situace, kterou by vozidlo nedok\u00e1zalo vy\u0159e\u0161it. Standardn\u011b minibusy vyu\u017e\u00edvaj\u00ed radary, senzory a zastavit zvl\u00e1dnou t\u0159eba i p\u0159ed d\u00edt\u011btem nebo zv\u00ed\u0159etem, kter\u00e9 zrovna vb\u011bhlo na vozovku. Minibus je schopen okam\u017eit\u011b zastavit a pot\u00e9 se op\u011bt plynule rozjet. Trasa je nejd\u0159\u00edve mapov\u00e1na prost\u0159ednictv\u00edm senzor\u016f na minibusech, kdy je zaznamen\u00e1no cel\u00e9 okol\u00ed. Naskenov\u00e1ny jsou v\u0161echny p\u0159ek\u00e1\u017eky a data jsou p\u0159enesena do mapy pro autonomn\u00ed vozidlo. Ta u\u017e pak jen sama reaguj\u00ed na ne\u010dekan\u00e9 situace.<\/p>\n\n\n\n<p><em>&#8222;Jedn\u00e1 se o premi\u00e9rov\u00fd provoz t\u011bchto vozidel v \u010cesku. Praha se t\u00edm \u0159ad\u00ed mezi dal\u0161\u00ed pokrokov\u00e1 evropsk\u00e1 m\u011bsta, kter\u00e1 testuj\u00ed vymo\u017eenosti t\u00e9to nejmodern\u011bj\u0161\u00ed mobilitn\u00ed technologie a zp\u016fsoby jejich integrace do s\u00edt\u011b m\u011bstsk\u00e9 hromadn\u00e9 dopravy,\u201d<\/em>&nbsp;dopl\u0148uje Toufik Dallal.<\/p>\n\n\n\n<p>St\u00e1le v\u00edce evropsk\u00fdch m\u011bst experimentuje nebo pl\u00e1nuje vyzkou\u0161et technologie kyvadlov\u00e9 dopravy bez \u0159idi\u010de. Nap\u0159. minul\u00fd t\u00fdden m\u011bsto Talinn ozn\u00e1milo, \u017ee toto\u017en\u00e1 vozidla nasad\u00ed na 1,8 km dlouh\u00e9 trase v z\u00e1padn\u00ed \u010d\u00e1sti m\u011bsta. Dal\u0161\u00ed evropsk\u00e1 m\u011bsta, jako nap\u0159\u00edklad skotsk\u00e9 m\u011bsto Inverness a italsk\u00fd Tur\u00edn, rovn\u011b\u017e nasad\u00ed autonomn\u00ed autobusy do testovac\u00edho provozu.<\/p>\n\n\n\n<h3 class=\"wp-block-heading\"><strong>Kde:<\/strong><\/h3>\n\n\n\n<p>Na okru\u017en\u00ed trasu ve spodn\u00ed \u010d\u00e1sti V\u00fdstavi\u0161t\u011b m\u016f\u017eete nastoupit na zast\u00e1vce na prostranstv\u00ed u tzv. Bruselsk\u00e9 (festivalov\u00e9) br\u00e1ny ze Stromovky.<\/p>\n\n\n\n<h3 class=\"wp-block-heading\"><strong>Kdy:<\/strong><\/h3>\n\n\n\n<p>Zku\u0161ebn\u00ed j\u00edzdu si lze objednat a\u017e do 31. 8., v\u017edy v 15minutov\u00fdch intervalech<\/p>\n\n\n\n<p><a href=\"https:\/\/navystavisti.cz\/udalosti\/jizda-budoucnosti\/\"><strong>https:\/\/navystavisti.cz\/udalosti\/jizda-budoucnosti\/<\/strong><\/a><\/p>\n\n\n\n<p><a href=\"https:\/\/powerhub.reenio.cz\/cs\/\"><strong>https:\/\/powerhub.reenio.cz\/cs\/<\/strong><\/a><\/p>\n\n\n\n<h3 class=\"wp-block-heading\"><strong>V kolik:<\/strong><\/h3>\n\n\n\n<p>Po\u2013Ne 15:00\u201320:00 hod.*<\/p>\n\n\n\n<h3 class=\"wp-block-heading\"><strong>Cena:<\/strong><\/h3>\n\n\n\n<p>50 K\u010d na osobu star\u0161\u00ed 15 let.<\/p>\n\n\n\n<p>D\u011bti 6-15 let 20 K\u010d, do 6 let zdarma.<\/p>\n\n\n\n<p>Senio\u0159i nad 65 let a ZTP\/P zdarma.<\/p>\n\n\n\n<p>Rodinn\u00e9 vstupn\u00e9 100 K\u010d \/ 2 dosp\u011bl\u00ed + max. 4 d\u011bti.<\/p>\n\n\n\n<p>Rezervace a platba prob\u00edh\u00e1 po na\u010dten\u00ed QR k\u00f3du.<\/p>\n\n\n\n<p>Pro objedn\u00e1n\u00ed j\u00edzdy je nutn\u00e1 rezervace!<\/p>\n\n\n\n<div style=\"height:20px\" aria-hidden=\"true\" class=\"wp-block-spacer\"><\/div>\n\n\n\n<p><strong>V\u00edce na:&nbsp;<a href=\"http:\/\/www.navystavisti.cz\/\">www.navystavisti.cz<\/a><\/strong><\/p>\n\n\n\n<div style=\"height:100px\" aria-hidden=\"true\" class=\"wp-block-spacer\"><\/div>\n\n\n\n<figure class=\"wp-block-gallery columns-2 is-cropped wp-block-gallery-1 is-layout-flex wp-block-gallery-is-layout-flex\"><ul class=\"blocks-gallery-grid\"><li class=\"blocks-gallery-item\"><figure><img decoding=\"async\" src=\"https:\/\/letniservis.cz\/wp-content\/uploads\/2022\/08\/1660053133_Vstavit1.jpg\" alt=\"\" data-id=\"1688\" data-full-url=\"https:\/\/letniservis.cz\/wp-content\/uploads\/2022\/08\/1660053133_Vstavit1.jpg\" data-link=\"https:\/\/letniservis.cz\/?attachment_id=1688\" class=\"wp-image-1688\"\/><\/figure><\/li><li class=\"blocks-gallery-item\"><figure><img decoding=\"async\" src=\"https:\/\/letniservis.cz\/wp-content\/uploads\/2022\/08\/1660053102_Vstavit.jpg\" alt=\"\" data-id=\"1689\" data-full-url=\"https:\/\/letniservis.cz\/wp-content\/uploads\/2022\/08\/1660053102_Vstavit.jpg\" data-link=\"https:\/\/letniservis.cz\/?attachment_id=1689\" class=\"wp-image-1689\"\/><\/figure><\/li><\/ul><\/figure>\n\n\n\n<p><strong>Zdroj foto: <\/strong>V\u00fdstavi\u0161t\u011b Praha<\/p>\n\n\n\n<div style=\"height:51px\" aria-hidden=\"true\" class=\"wp-block-spacer\"><\/div>\n","protected":false},"excerpt":{"rendered":"<p>V\u00fdstavi\u0161t\u011b Praha se p\u0159ipojilo k projektu testov\u00e1n\u00ed elektrick\u00fdch samo\u0159iditeln\u00fdch minibus\u016f ve spolupr\u00e1ci s v\u00fdzkumnou organizac\u00ed PowerHUB, kter\u00e1 technicky zaji\u0161\u0165uje provoz minibusu estonsk\u00e9 spole\u010dnosti AuveTech. Nejen Pra\u017ean\u00e9 si tak mohou dop\u0159\u00e1t i d\u00edky podpo\u0159e hl. m. Praha unik\u00e1tn\u00ed z\u00e1\u017eitek v podob\u011b j\u00edzdy budoucnosti po are\u00e1lu V\u00fdstavi\u0161t\u011b v samo\u0159\u00edd\u00edc\u00edm minibusu, jeho\u017e maxim\u00e1ln\u00ed rychlost je omezena na 28 [&hellip;]<\/p>\n","protected":false},"author":2,"featured_media":2711,"comment_status":"closed","ping_status":"closed","sticky":false,"template":"","format":"standard","meta":{"_mi_skip_tracking":false,"_monsterinsights_sitenote_active":false,"_monsterinsights_sitenote_note":"","_monsterinsights_sitenote_category":0,"footnotes":""},"categories":[8,2,9,13],"tags":[],"yoast_head":"<!-- This site is optimized with the Yoast SEO plugin v21.4 - https:\/\/yoast.com\/wordpress\/plugins\/seo\/ -->\n<title>Na V\u00fdstavi\u0161ti Praha mohou n\u00e1v\u0161t\u011bvn\u00edci za\u017e\u00edt j\u00edzdu budoucnosti! - LUXURYMAGAZINE.cz<\/title>\n<meta name=\"robots\" content=\"index, follow, max-snippet:-1, max-image-preview:large, max-video-preview:-1\" \/>\n<link rel=\"canonical\" href=\"https:\/\/luxurymagazine.cz\/index.php\/2022\/08\/12\/na-vystavisti-praha-mohou-navstevnici-zazit-jizdu-budoucnosti\/\" \/>\n<meta property=\"og:locale\" content=\"cs_CZ\" \/>\n<meta property=\"og:type\" content=\"article\" \/>\n<meta property=\"og:title\" content=\"Na V\u00fdstavi\u0161ti Praha mohou n\u00e1v\u0161t\u011bvn\u00edci za\u017e\u00edt j\u00edzdu budoucnosti! - LUXURYMAGAZINE.cz\" \/>\n<meta property=\"og:description\" content=\"V\u00fdstavi\u0161t\u011b Praha se p\u0159ipojilo k projektu testov\u00e1n\u00ed elektrick\u00fdch samo\u0159iditeln\u00fdch minibus\u016f ve spolupr\u00e1ci s v\u00fdzkumnou organizac\u00ed PowerHUB, kter\u00e1 technicky zaji\u0161\u0165uje provoz minibusu estonsk\u00e9 spole\u010dnosti AuveTech. Nejen Pra\u017ean\u00e9 si tak mohou dop\u0159\u00e1t i d\u00edky podpo\u0159e hl. m. Praha unik\u00e1tn\u00ed z\u00e1\u017eitek v podob\u011b j\u00edzdy budoucnosti po are\u00e1lu V\u00fdstavi\u0161t\u011b v samo\u0159\u00edd\u00edc\u00edm minibusu, jeho\u017e maxim\u00e1ln\u00ed rychlost je omezena na 28 [&hellip;]\" \/>\n<meta property=\"og:url\" content=\"https:\/\/luxurymagazine.cz\/index.php\/2022\/08\/12\/na-vystavisti-praha-mohou-navstevnici-zazit-jizdu-budoucnosti\/\" \/>\n<meta property=\"og:site_name\" content=\"LUXURYMAGAZINE.cz\" \/>\n<meta property=\"article:published_time\" content=\"2022-08-11T22:01:00+00:00\" \/>\n<meta property=\"article:modified_time\" content=\"2022-09-23T18:59:52+00:00\" \/>\n<meta property=\"og:image\" content=\"https:\/\/luxurymagazine.cz\/wp-content\/uploads\/2022\/08\/1660053133_Vstavit1.jpg\" \/>\n\t<meta property=\"og:image:width\" content=\"800\" \/>\n\t<meta property=\"og:image:height\" content=\"600\" \/>\n\t<meta property=\"og:image:type\" content=\"image\/jpeg\" \/>\n<meta name=\"author\" content=\"Jolana Hol\u00e1\u0148ov\u00e1\" \/>\n<meta name=\"twitter:card\" content=\"summary_large_image\" \/>\n<meta name=\"twitter:label1\" content=\"Napsal(a)\" \/>\n\t<meta name=\"twitter:data1\" content=\"Jolana Hol\u00e1\u0148ov\u00e1\" \/>\n\t<meta name=\"twitter:label2\" content=\"Odhadovan\u00e1 doba \u010dten\u00ed\" \/>\n\t<meta name=\"twitter:data2\" content=\"4 minuty\" \/>\n<script type=\"application\/ld+json\" class=\"yoast-schema-graph\">{\"@context\":\"https:\/\/schema.org\",\"@graph\":[{\"@type\":\"Article\",\"@id\":\"https:\/\/luxurymagazine.cz\/index.php\/2022\/08\/12\/na-vystavisti-praha-mohou-navstevnici-zazit-jizdu-budoucnosti\/#article\",\"isPartOf\":{\"@id\":\"https:\/\/luxurymagazine.cz\/index.php\/2022\/08\/12\/na-vystavisti-praha-mohou-navstevnici-zazit-jizdu-budoucnosti\/\"},\"author\":{\"name\":\"Jolana Hol\u00e1\u0148ov\u00e1\",\"@id\":\"https:\/\/luxurymagazine.cz\/#\/schema\/person\/581f64efd4b5872ac991ea3581f630dc\"},\"headline\":\"Na V\u00fdstavi\u0161ti Praha mohou n\u00e1v\u0161t\u011bvn\u00edci za\u017e\u00edt j\u00edzdu budoucnosti!\",\"datePublished\":\"2022-08-11T22:01:00+00:00\",\"dateModified\":\"2022-09-23T18:59:52+00:00\",\"mainEntityOfPage\":{\"@id\":\"https:\/\/luxurymagazine.cz\/index.php\/2022\/08\/12\/na-vystavisti-praha-mohou-navstevnici-zazit-jizdu-budoucnosti\/\"},\"wordCount\":739,\"publisher\":{\"@id\":\"https:\/\/luxurymagazine.cz\/#organization\"},\"articleSection\":[\"AUTO &amp; MOTO &amp; LOD\u011a\",\"NEWS\",\"TECHNIKA &amp; SPOT\u0158EBI\u010cE\",\"TIPY &amp; TRENDY\"],\"inLanguage\":\"cs\"},{\"@type\":\"WebPage\",\"@id\":\"https:\/\/luxurymagazine.cz\/index.php\/2022\/08\/12\/na-vystavisti-praha-mohou-navstevnici-zazit-jizdu-budoucnosti\/\",\"url\":\"https:\/\/luxurymagazine.cz\/index.php\/2022\/08\/12\/na-vystavisti-praha-mohou-navstevnici-zazit-jizdu-budoucnosti\/\",\"name\":\"Na V\u00fdstavi\u0161ti Praha mohou n\u00e1v\u0161t\u011bvn\u00edci za\u017e\u00edt j\u00edzdu budoucnosti! - LUXURYMAGAZINE.cz\",\"isPartOf\":{\"@id\":\"https:\/\/luxurymagazine.cz\/#website\"},\"datePublished\":\"2022-08-11T22:01:00+00:00\",\"dateModified\":\"2022-09-23T18:59:52+00:00\",\"breadcrumb\":{\"@id\":\"https:\/\/luxurymagazine.cz\/index.php\/2022\/08\/12\/na-vystavisti-praha-mohou-navstevnici-zazit-jizdu-budoucnosti\/#breadcrumb\"},\"inLanguage\":\"cs\",\"potentialAction\":[{\"@type\":\"ReadAction\",\"target\":[\"https:\/\/luxurymagazine.cz\/index.php\/2022\/08\/12\/na-vystavisti-praha-mohou-navstevnici-zazit-jizdu-budoucnosti\/\"]}]},{\"@type\":\"BreadcrumbList\",\"@id\":\"https:\/\/luxurymagazine.cz\/index.php\/2022\/08\/12\/na-vystavisti-praha-mohou-navstevnici-zazit-jizdu-budoucnosti\/#breadcrumb\",\"itemListElement\":[{\"@type\":\"ListItem\",\"position\":1,\"name\":\"Dom\u016f\",\"item\":\"https:\/\/luxurymagazine.cz\/\"},{\"@type\":\"ListItem\",\"position\":2,\"name\":\"Na V\u00fdstavi\u0161ti Praha mohou n\u00e1v\u0161t\u011bvn\u00edci za\u017e\u00edt j\u00edzdu budoucnosti!\"}]},{\"@type\":\"WebSite\",\"@id\":\"https:\/\/luxurymagazine.cz\/#website\",\"url\":\"https:\/\/luxurymagazine.cz\/\",\"name\":\"LUXURYMAGAZINE.cz\",\"description\":\"Port\u00e1l v\u00fdhradn\u011b o luxusu...\",\"publisher\":{\"@id\":\"https:\/\/luxurymagazine.cz\/#organization\"},\"potentialAction\":[{\"@type\":\"SearchAction\",\"target\":{\"@type\":\"EntryPoint\",\"urlTemplate\":\"https:\/\/luxurymagazine.cz\/?s={search_term_string}\"},\"query-input\":\"required name=search_term_string\"}],\"inLanguage\":\"cs\"},{\"@type\":\"Organization\",\"@id\":\"https:\/\/luxurymagazine.cz\/#organization\",\"name\":\"LUXURYMAGAZINE.cz\",\"url\":\"https:\/\/luxurymagazine.cz\/\",\"logo\":{\"@type\":\"ImageObject\",\"inLanguage\":\"cs\",\"@id\":\"https:\/\/luxurymagazine.cz\/#\/schema\/logo\/image\/\",\"url\":\"https:\/\/luxurymagazine.cz\/wp-content\/uploads\/2024\/12\/cropped-Logo_LuxuryMagazine-1.jpg\",\"contentUrl\":\"https:\/\/luxurymagazine.cz\/wp-content\/uploads\/2024\/12\/cropped-Logo_LuxuryMagazine-1.jpg\",\"width\":934,\"height\":509,\"caption\":\"LUXURYMAGAZINE.cz\"},\"image\":{\"@id\":\"https:\/\/luxurymagazine.cz\/#\/schema\/logo\/image\/\"}},{\"@type\":\"Person\",\"@id\":\"https:\/\/luxurymagazine.cz\/#\/schema\/person\/581f64efd4b5872ac991ea3581f630dc\",\"name\":\"Jolana Hol\u00e1\u0148ov\u00e1\",\"image\":{\"@type\":\"ImageObject\",\"inLanguage\":\"cs\",\"@id\":\"https:\/\/luxurymagazine.cz\/#\/schema\/person\/image\/\",\"url\":\"https:\/\/secure.gravatar.com\/avatar\/5863c504ed89cd419ff3a5e812c722ff?s=96&d=mm&r=g\",\"contentUrl\":\"https:\/\/secure.gravatar.com\/avatar\/5863c504ed89cd419ff3a5e812c722ff?s=96&d=mm&r=g\",\"caption\":\"Jolana Hol\u00e1\u0148ov\u00e1\"},\"sameAs\":[\"http:\/\/LUXURYMAGAZINE.cz\"],\"url\":\"https:\/\/luxurymagazine.cz\/index.php\/author\/jolhol\/\"}]}<\/script>\n<!-- \/ Yoast SEO plugin. -->","yoast_head_json":{"title":"Na V\u00fdstavi\u0161ti Praha mohou n\u00e1v\u0161t\u011bvn\u00edci za\u017e\u00edt j\u00edzdu budoucnosti! - LUXURYMAGAZINE.cz","robots":{"index":"index","follow":"follow","max-snippet":"max-snippet:-1","max-image-preview":"max-image-preview:large","max-video-preview":"max-video-preview:-1"},"canonical":"https:\/\/luxurymagazine.cz\/index.php\/2022\/08\/12\/na-vystavisti-praha-mohou-navstevnici-zazit-jizdu-budoucnosti\/","og_locale":"cs_CZ","og_type":"article","og_title":"Na V\u00fdstavi\u0161ti Praha mohou n\u00e1v\u0161t\u011bvn\u00edci za\u017e\u00edt j\u00edzdu budoucnosti! - LUXURYMAGAZINE.cz","og_description":"V\u00fdstavi\u0161t\u011b Praha se p\u0159ipojilo k projektu testov\u00e1n\u00ed elektrick\u00fdch samo\u0159iditeln\u00fdch minibus\u016f ve spolupr\u00e1ci s v\u00fdzkumnou organizac\u00ed PowerHUB, kter\u00e1 technicky zaji\u0161\u0165uje provoz minibusu estonsk\u00e9 spole\u010dnosti AuveTech. Nejen Pra\u017ean\u00e9 si tak mohou dop\u0159\u00e1t i d\u00edky podpo\u0159e hl. m. Praha unik\u00e1tn\u00ed z\u00e1\u017eitek v podob\u011b j\u00edzdy budoucnosti po are\u00e1lu V\u00fdstavi\u0161t\u011b v samo\u0159\u00edd\u00edc\u00edm minibusu, jeho\u017e maxim\u00e1ln\u00ed rychlost je omezena na 28 [&hellip;]","og_url":"https:\/\/luxurymagazine.cz\/index.php\/2022\/08\/12\/na-vystavisti-praha-mohou-navstevnici-zazit-jizdu-budoucnosti\/","og_site_name":"LUXURYMAGAZINE.cz","article_published_time":"2022-08-11T22:01:00+00:00","article_modified_time":"2022-09-23T18:59:52+00:00","og_image":[{"width":800,"height":600,"url":"https:\/\/luxurymagazine.cz\/wp-content\/uploads\/2022\/08\/1660053133_Vstavit1.jpg","type":"image\/jpeg"}],"author":"Jolana Hol\u00e1\u0148ov\u00e1","twitter_card":"summary_large_image","twitter_misc":{"Napsal(a)":"Jolana Hol\u00e1\u0148ov\u00e1","Odhadovan\u00e1 doba \u010dten\u00ed":"4 minuty"},"schema":{"@context":"https:\/\/schema.org","@graph":[{"@type":"Article","@id":"https:\/\/luxurymagazine.cz\/index.php\/2022\/08\/12\/na-vystavisti-praha-mohou-navstevnici-zazit-jizdu-budoucnosti\/#article","isPartOf":{"@id":"https:\/\/luxurymagazine.cz\/index.php\/2022\/08\/12\/na-vystavisti-praha-mohou-navstevnici-zazit-jizdu-budoucnosti\/"},"author":{"name":"Jolana Hol\u00e1\u0148ov\u00e1","@id":"https:\/\/luxurymagazine.cz\/#\/schema\/person\/581f64efd4b5872ac991ea3581f630dc"},"headline":"Na V\u00fdstavi\u0161ti Praha mohou n\u00e1v\u0161t\u011bvn\u00edci za\u017e\u00edt j\u00edzdu budoucnosti!","datePublished":"2022-08-11T22:01:00+00:00","dateModified":"2022-09-23T18:59:52+00:00","mainEntityOfPage":{"@id":"https:\/\/luxurymagazine.cz\/index.php\/2022\/08\/12\/na-vystavisti-praha-mohou-navstevnici-zazit-jizdu-budoucnosti\/"},"wordCount":739,"publisher":{"@id":"https:\/\/luxurymagazine.cz\/#organization"},"articleSection":["AUTO &amp; MOTO &amp; LOD\u011a","NEWS","TECHNIKA &amp; SPOT\u0158EBI\u010cE","TIPY &amp; TRENDY"],"inLanguage":"cs"},{"@type":"WebPage","@id":"https:\/\/luxurymagazine.cz\/index.php\/2022\/08\/12\/na-vystavisti-praha-mohou-navstevnici-zazit-jizdu-budoucnosti\/","url":"https:\/\/luxurymagazine.cz\/index.php\/2022\/08\/12\/na-vystavisti-praha-mohou-navstevnici-zazit-jizdu-budoucnosti\/","name":"Na V\u00fdstavi\u0161ti Praha mohou n\u00e1v\u0161t\u011bvn\u00edci za\u017e\u00edt j\u00edzdu budoucnosti! - LUXURYMAGAZINE.cz","isPartOf":{"@id":"https:\/\/luxurymagazine.cz\/#website"},"datePublished":"2022-08-11T22:01:00+00:00","dateModified":"2022-09-23T18:59:52+00:00","breadcrumb":{"@id":"https:\/\/luxurymagazine.cz\/index.php\/2022\/08\/12\/na-vystavisti-praha-mohou-navstevnici-zazit-jizdu-budoucnosti\/#breadcrumb"},"inLanguage":"cs","potentialAction":[{"@type":"ReadAction","target":["https:\/\/luxurymagazine.cz\/index.php\/2022\/08\/12\/na-vystavisti-praha-mohou-navstevnici-zazit-jizdu-budoucnosti\/"]}]},{"@type":"BreadcrumbList","@id":"https:\/\/luxurymagazine.cz\/index.php\/2022\/08\/12\/na-vystavisti-praha-mohou-navstevnici-zazit-jizdu-budoucnosti\/#breadcrumb","itemListElement":[{"@type":"ListItem","position":1,"name":"Dom\u016f","item":"https:\/\/luxurymagazine.cz\/"},{"@type":"ListItem","position":2,"name":"Na V\u00fdstavi\u0161ti Praha mohou n\u00e1v\u0161t\u011bvn\u00edci za\u017e\u00edt j\u00edzdu budoucnosti!"}]},{"@type":"WebSite","@id":"https:\/\/luxurymagazine.cz\/#website","url":"https:\/\/luxurymagazine.cz\/","name":"LUXURYMAGAZINE.cz","description":"Port\u00e1l v\u00fdhradn\u011b o luxusu...","publisher":{"@id":"https:\/\/luxurymagazine.cz\/#organization"},"potentialAction":[{"@type":"SearchAction","target":{"@type":"EntryPoint","urlTemplate":"https:\/\/luxurymagazine.cz\/?s={search_term_string}"},"query-input":"required name=search_term_string"}],"inLanguage":"cs"},{"@type":"Organization","@id":"https:\/\/luxurymagazine.cz\/#organization","name":"LUXURYMAGAZINE.cz","url":"https:\/\/luxurymagazine.cz\/","logo":{"@type":"ImageObject","inLanguage":"cs","@id":"https:\/\/luxurymagazine.cz\/#\/schema\/logo\/image\/","url":"https:\/\/luxurymagazine.cz\/wp-content\/uploads\/2024\/12\/cropped-Logo_LuxuryMagazine-1.jpg","contentUrl":"https:\/\/luxurymagazine.cz\/wp-content\/uploads\/2024\/12\/cropped-Logo_LuxuryMagazine-1.jpg","width":934,"height":509,"caption":"LUXURYMAGAZINE.cz"},"image":{"@id":"https:\/\/luxurymagazine.cz\/#\/schema\/logo\/image\/"}},{"@type":"Person","@id":"https:\/\/luxurymagazine.cz\/#\/schema\/person\/581f64efd4b5872ac991ea3581f630dc","name":"Jolana Hol\u00e1\u0148ov\u00e1","image":{"@type":"ImageObject","inLanguage":"cs","@id":"https:\/\/luxurymagazine.cz\/#\/schema\/person\/image\/","url":"https:\/\/secure.gravatar.com\/avatar\/5863c504ed89cd419ff3a5e812c722ff?s=96&d=mm&r=g","contentUrl":"https:\/\/secure.gravatar.com\/avatar\/5863c504ed89cd419ff3a5e812c722ff?s=96&d=mm&r=g","caption":"Jolana Hol\u00e1\u0148ov\u00e1"},"sameAs":["http:\/\/LUXURYMAGAZINE.cz"],"url":"https:\/\/luxurymagazine.cz\/index.php\/author\/jolhol\/"}]}},"_links":{"self":[{"href":"https:\/\/luxurymagazine.cz\/index.php\/wp-json\/wp\/v2\/posts\/2710"}],"collection":[{"href":"https:\/\/luxurymagazine.cz\/index.php\/wp-json\/wp\/v2\/posts"}],"about":[{"href":"https:\/\/luxurymagazine.cz\/index.php\/wp-json\/wp\/v2\/types\/post"}],"author":[{"embeddable":true,"href":"https:\/\/luxurymagazine.cz\/index.php\/wp-json\/wp\/v2\/users\/2"}],"replies":[{"embeddable":true,"href":"https:\/\/luxurymagazine.cz\/index.php\/wp-json\/wp\/v2\/comments?post=2710"}],"version-history":[{"count":-4,"href":"https:\/\/luxurymagazine.cz\/index.php\/wp-json\/wp\/v2\/posts\/2710\/revisions"}],"wp:featuredmedia":[{"embeddable":true,"href":"https:\/\/luxurymagazine.cz\/index.php\/wp-json\/wp\/v2\/media\/2711"}],"wp:attachment":[{"href":"https:\/\/luxurymagazine.cz\/index.php\/wp-json\/wp\/v2\/media?parent=2710"}],"wp:term":[{"taxonomy":"category","embeddable":true,"href":"https:\/\/luxurymagazine.cz\/index.php\/wp-json\/wp\/v2\/categories?post=2710"},{"taxonomy":"post_tag","embeddable":true,"href":"https:\/\/luxurymagazine.cz\/index.php\/wp-json\/wp\/v2\/tags?post=2710"}],"curies":[{"name":"wp","href":"https:\/\/api.w.org\/{rel}","templated":true}]}}