{"id":2734,"date":"2022-08-19T00:01:00","date_gmt":"2022-08-18T22:01:00","guid":{"rendered":"https:\/\/luxurymagazine.cz\/?p=2734"},"modified":"2022-09-18T23:36:08","modified_gmt":"2022-09-18T21:36:08","slug":"herbal-vikend-a-den-otevrenych-dveri-v-aquapalace-praha","status":"publish","type":"post","link":"https:\/\/luxurymagazine.cz\/index.php\/2022\/08\/19\/herbal-vikend-a-den-otevrenych-dveri-v-aquapalace-praha\/","title":{"rendered":"Herbal v\u00edkend a den otev\u0159en\u00fdch dve\u0159\u00ed v Aquapalace Praha"},"content":{"rendered":"\n<div style=\"height:34px\" aria-hidden=\"true\" class=\"wp-block-spacer\"><\/div>\n\n\n\n<h4 class=\"wp-block-heading\"><strong>U\u017eijte si Herbal v\u00edkend a den otev\u0159en\u00fdch dve\u0159\u00ed v&nbsp;nejv\u011bt\u0161\u00edm Saunov\u00e9m sv\u011bt\u011b u n\u00e1s<\/strong><\/h4>\n\n\n\n<p><strong>Saunov\u00fd sv\u011bt v&nbsp;Aquapalace Praha si pro v\u0161echny n\u00e1v\u0161t\u011bvn\u00edky p\u0159ipravil jedine\u010dnou v\u00edkendovou akci. P\u0159ij\u010fte si u\u017e\u00edt den otev\u0159en\u00fdch dve\u0159\u00ed, kter\u00fd se uskute\u010dn\u00ed od soboty 20. do ned\u011ble 21. srpna. Nab\u00eddne letn\u00ed osv\u011b\u017een\u00ed v&nbsp;podob\u011b bylinn\u00fdch ceremoni\u00e1l\u016f, speci\u00e1ln\u00edch j\u00edlov\u00fdch peeling\u016f i aromaterapie. Pozv\u00e1n\u00ed p\u0159ijali i zahrani\u010dn\u00ed saune\u0159i Frank Verhamme a Lars Krenzin.<\/strong><\/p>\n\n\n\n<div style=\"height:20px\" aria-hidden=\"true\" class=\"wp-block-spacer\"><\/div>\n\n\n\n<figure class=\"wp-block-image size-large\"><img decoding=\"async\" src=\"https:\/\/womenhouse.cz\/wp-content\/uploads\/2022\/08\/Aquapalace-Herbal-weekend-1024x578.jpeg\" alt=\"\" class=\"wp-image-8032\"\/><\/figure>\n\n\n\n<div style=\"height:20px\" aria-hidden=\"true\" class=\"wp-block-spacer\"><\/div>\n\n\n\n<p>P\u0159edposledn\u00ed pr\u00e1zdninov\u00fd v\u00edkend si \u017e\u00e1d\u00e1 relax a odpo\u010dinek. Zastavte se na chvilku a vychutnejte si speci\u00e1ln\u00ed v\u00edkendovou akci v&nbsp;nejv\u011bt\u0161\u00edm aquaparku ve st\u0159edn\u00ed Evrop\u011b. V&nbsp;\u010cestlick\u00e9m saunov\u00e9m sv\u011bt\u011b na v\u00e1s \u010dek\u00e1 pestr\u00fd a bohat\u00fd program. U\u017eijte si relaxa\u010dn\u00ed HERBAL V\u00cdKEND za speci\u00e1ln\u00ed vstupn\u00e9 pouze do saunov\u00e9ho sv\u011bta Aquapalace Praha.<\/p>\n\n\n\n<div style=\"height:22px\" aria-hidden=\"true\" class=\"wp-block-spacer\"><\/div>\n\n\n\n<h2 class=\"wp-block-heading\"><strong>Luxusn\u00ed Saunov\u00fd sv\u011bt<\/strong><\/h2>\n\n\n\n<div style=\"height:14px\" aria-hidden=\"true\" class=\"wp-block-spacer\"><\/div>\n\n\n\n<p>Pokud hled\u00e1te p\u0159\u00edjemn\u00e9, luxusn\u00ed a netradi\u010dn\u00ed saunov\u00e1n\u00ed, \u010destlick\u00fd Saunov\u00fd sv\u011bt je t\u00edm prav\u00fdm m\u00edstem. Najdete v&nbsp;n\u011bm p\u0159es 18 r\u016fzn\u00fdch proh\u0159\u00edv\u00e1ren, klasick\u00e9 finsk\u00e9 sauny, \u0159\u00edmsk\u00e9 l\u00e1zn\u011b, ale i \u0159adu speci\u00e1ln\u00edch sprch a ochlazoven. V&nbsp;pr\u016fb\u011bhu zaslou\u017een\u00e9 relaxace je mo\u017en\u00e9 i nav\u0161t\u00edvit v\u00ed\u0159ivky anebo speci\u00e1ln\u00ed z\u00f3ny s&nbsp;leh\u00e1tky.<\/p>\n\n\n\n<div style=\"height:32px\" aria-hidden=\"true\" class=\"wp-block-spacer\"><\/div>\n\n\n\n<h4 class=\"wp-block-heading\">M\u00edsto: Aquapalace Praha, Pra\u017esk\u00e1 138, \u010cestlice 251 01<\/h4>\n\n\n\n<p><strong>Datum: <\/strong>20.8. \u2013 21.8. 2022<\/p>\n\n\n\n<p><strong>Cena: 390 K\u010d<\/strong> (vstupn\u00e9 do saunov\u00e9ho sv\u011bta)<\/p>\n\n\n\n<p><strong>V\u00edce informac\u00ed se dozv\u00edte na <a href=\"http:\/\/www.aquapalace.cz\/\">www.aquapalace.cz<\/a><\/strong>.<\/p>\n\n\n\n<div style=\"height:100px\" aria-hidden=\"true\" class=\"wp-block-spacer\"><\/div>\n","protected":false},"excerpt":{"rendered":"<p>U\u017eijte si Herbal v\u00edkend a den otev\u0159en\u00fdch dve\u0159\u00ed v&nbsp;nejv\u011bt\u0161\u00edm Saunov\u00e9m sv\u011bt\u011b u n\u00e1s Saunov\u00fd sv\u011bt v&nbsp;Aquapalace Praha si pro v\u0161echny n\u00e1v\u0161t\u011bvn\u00edky p\u0159ipravil jedine\u010dnou v\u00edkendovou akci. P\u0159ij\u010fte si u\u017e\u00edt den otev\u0159en\u00fdch dve\u0159\u00ed, kter\u00fd se uskute\u010dn\u00ed od soboty 20. do ned\u011ble 21. srpna. Nab\u00eddne letn\u00ed osv\u011b\u017een\u00ed v&nbsp;podob\u011b bylinn\u00fdch ceremoni\u00e1l\u016f, speci\u00e1ln\u00edch j\u00edlov\u00fdch peeling\u016f i aromaterapie. Pozv\u00e1n\u00ed p\u0159ijali i [&hellip;]<\/p>\n","protected":false},"author":2,"featured_media":2735,"comment_status":"closed","ping_status":"closed","sticky":false,"template":"","format":"standard","meta":{"_mi_skip_tracking":false,"_monsterinsights_sitenote_active":false,"_monsterinsights_sitenote_note":"","_monsterinsights_sitenote_category":0,"footnotes":""},"categories":[11,2,13,16],"tags":[],"yoast_head":"<!-- This site is optimized with the Yoast SEO plugin v21.4 - https:\/\/yoast.com\/wordpress\/plugins\/seo\/ -->\n<title>Herbal v\u00edkend a den otev\u0159en\u00fdch dve\u0159\u00ed v Aquapalace Praha - LUXURYMAGAZINE.cz<\/title>\n<meta name=\"robots\" content=\"index, follow, max-snippet:-1, max-image-preview:large, max-video-preview:-1\" \/>\n<link rel=\"canonical\" href=\"https:\/\/luxurymagazine.cz\/index.php\/2022\/08\/19\/herbal-vikend-a-den-otevrenych-dveri-v-aquapalace-praha\/\" \/>\n<meta property=\"og:locale\" content=\"cs_CZ\" \/>\n<meta property=\"og:type\" content=\"article\" \/>\n<meta property=\"og:title\" content=\"Herbal v\u00edkend a den otev\u0159en\u00fdch dve\u0159\u00ed v Aquapalace Praha - LUXURYMAGAZINE.cz\" \/>\n<meta property=\"og:description\" content=\"U\u017eijte si Herbal v\u00edkend a den otev\u0159en\u00fdch dve\u0159\u00ed v&nbsp;nejv\u011bt\u0161\u00edm Saunov\u00e9m sv\u011bt\u011b u n\u00e1s Saunov\u00fd sv\u011bt v&nbsp;Aquapalace Praha si pro v\u0161echny n\u00e1v\u0161t\u011bvn\u00edky p\u0159ipravil jedine\u010dnou v\u00edkendovou akci. P\u0159ij\u010fte si u\u017e\u00edt den otev\u0159en\u00fdch dve\u0159\u00ed, kter\u00fd se uskute\u010dn\u00ed od soboty 20. do ned\u011ble 21. srpna. Nab\u00eddne letn\u00ed osv\u011b\u017een\u00ed v&nbsp;podob\u011b bylinn\u00fdch ceremoni\u00e1l\u016f, speci\u00e1ln\u00edch j\u00edlov\u00fdch peeling\u016f i aromaterapie. Pozv\u00e1n\u00ed p\u0159ijali i [&hellip;]\" \/>\n<meta property=\"og:url\" content=\"https:\/\/luxurymagazine.cz\/index.php\/2022\/08\/19\/herbal-vikend-a-den-otevrenych-dveri-v-aquapalace-praha\/\" \/>\n<meta property=\"og:site_name\" content=\"LUXURYMAGAZINE.cz\" \/>\n<meta property=\"article:published_time\" content=\"2022-08-18T22:01:00+00:00\" \/>\n<meta property=\"article:modified_time\" content=\"2022-09-18T21:36:08+00:00\" \/>\n<meta property=\"og:image\" content=\"https:\/\/luxurymagazine.cz\/wp-content\/uploads\/2022\/08\/Aquapalace-Herbal-weekend.jpeg\" \/>\n\t<meta property=\"og:image:width\" content=\"1255\" \/>\n\t<meta property=\"og:image:height\" content=\"709\" \/>\n\t<meta property=\"og:image:type\" content=\"image\/jpeg\" \/>\n<meta name=\"author\" content=\"Jolana Hol\u00e1\u0148ov\u00e1\" \/>\n<meta name=\"twitter:card\" content=\"summary_large_image\" \/>\n<meta name=\"twitter:label1\" content=\"Napsal(a)\" \/>\n\t<meta name=\"twitter:data1\" content=\"Jolana Hol\u00e1\u0148ov\u00e1\" \/>\n\t<meta name=\"twitter:label2\" content=\"Odhadovan\u00e1 doba \u010dten\u00ed\" \/>\n\t<meta name=\"twitter:data2\" content=\"1 minuta\" \/>\n<script type=\"application\/ld+json\" class=\"yoast-schema-graph\">{\"@context\":\"https:\/\/schema.org\",\"@graph\":[{\"@type\":\"Article\",\"@id\":\"https:\/\/luxurymagazine.cz\/index.php\/2022\/08\/19\/herbal-vikend-a-den-otevrenych-dveri-v-aquapalace-praha\/#article\",\"isPartOf\":{\"@id\":\"https:\/\/luxurymagazine.cz\/index.php\/2022\/08\/19\/herbal-vikend-a-den-otevrenych-dveri-v-aquapalace-praha\/\"},\"author\":{\"name\":\"Jolana Hol\u00e1\u0148ov\u00e1\",\"@id\":\"https:\/\/luxurymagazine.cz\/#\/schema\/person\/581f64efd4b5872ac991ea3581f630dc\"},\"headline\":\"Herbal v\u00edkend a den otev\u0159en\u00fdch dve\u0159\u00ed v Aquapalace Praha\",\"datePublished\":\"2022-08-18T22:01:00+00:00\",\"dateModified\":\"2022-09-18T21:36:08+00:00\",\"mainEntityOfPage\":{\"@id\":\"https:\/\/luxurymagazine.cz\/index.php\/2022\/08\/19\/herbal-vikend-a-den-otevrenych-dveri-v-aquapalace-praha\/\"},\"wordCount\":291,\"publisher\":{\"@id\":\"https:\/\/luxurymagazine.cz\/#organization\"},\"articleSection\":[\"KOSMETIKA &amp; BEAUTY\",\"NEWS\",\"TIPY &amp; TRENDY\",\"ZDRAV\u00cd\"],\"inLanguage\":\"cs\"},{\"@type\":\"WebPage\",\"@id\":\"https:\/\/luxurymagazine.cz\/index.php\/2022\/08\/19\/herbal-vikend-a-den-otevrenych-dveri-v-aquapalace-praha\/\",\"url\":\"https:\/\/luxurymagazine.cz\/index.php\/2022\/08\/19\/herbal-vikend-a-den-otevrenych-dveri-v-aquapalace-praha\/\",\"name\":\"Herbal v\u00edkend a den otev\u0159en\u00fdch dve\u0159\u00ed v Aquapalace Praha - LUXURYMAGAZINE.cz\",\"isPartOf\":{\"@id\":\"https:\/\/luxurymagazine.cz\/#website\"},\"datePublished\":\"2022-08-18T22:01:00+00:00\",\"dateModified\":\"2022-09-18T21:36:08+00:00\",\"breadcrumb\":{\"@id\":\"https:\/\/luxurymagazine.cz\/index.php\/2022\/08\/19\/herbal-vikend-a-den-otevrenych-dveri-v-aquapalace-praha\/#breadcrumb\"},\"inLanguage\":\"cs\",\"potentialAction\":[{\"@type\":\"ReadAction\",\"target\":[\"https:\/\/luxurymagazine.cz\/index.php\/2022\/08\/19\/herbal-vikend-a-den-otevrenych-dveri-v-aquapalace-praha\/\"]}]},{\"@type\":\"BreadcrumbList\",\"@id\":\"https:\/\/luxurymagazine.cz\/index.php\/2022\/08\/19\/herbal-vikend-a-den-otevrenych-dveri-v-aquapalace-praha\/#breadcrumb\",\"itemListElement\":[{\"@type\":\"ListItem\",\"position\":1,\"name\":\"Dom\u016f\",\"item\":\"https:\/\/luxurymagazine.cz\/\"},{\"@type\":\"ListItem\",\"position\":2,\"name\":\"Herbal v\u00edkend a den otev\u0159en\u00fdch dve\u0159\u00ed v Aquapalace Praha\"}]},{\"@type\":\"WebSite\",\"@id\":\"https:\/\/luxurymagazine.cz\/#website\",\"url\":\"https:\/\/luxurymagazine.cz\/\",\"name\":\"LUXURYMAGAZINE.cz\",\"description\":\"Port\u00e1l v\u00fdhradn\u011b o luxusu...\",\"publisher\":{\"@id\":\"https:\/\/luxurymagazine.cz\/#organization\"},\"potentialAction\":[{\"@type\":\"SearchAction\",\"target\":{\"@type\":\"EntryPoint\",\"urlTemplate\":\"https:\/\/luxurymagazine.cz\/?s={search_term_string}\"},\"query-input\":\"required name=search_term_string\"}],\"inLanguage\":\"cs\"},{\"@type\":\"Organization\",\"@id\":\"https:\/\/luxurymagazine.cz\/#organization\",\"name\":\"LUXURYMAGAZINE.cz\",\"url\":\"https:\/\/luxurymagazine.cz\/\",\"logo\":{\"@type\":\"ImageObject\",\"inLanguage\":\"cs\",\"@id\":\"https:\/\/luxurymagazine.cz\/#\/schema\/logo\/image\/\",\"url\":\"https:\/\/luxurymagazine.cz\/wp-content\/uploads\/2024\/12\/cropped-Logo_LuxuryMagazine-1.jpg\",\"contentUrl\":\"https:\/\/luxurymagazine.cz\/wp-content\/uploads\/2024\/12\/cropped-Logo_LuxuryMagazine-1.jpg\",\"width\":934,\"height\":509,\"caption\":\"LUXURYMAGAZINE.cz\"},\"image\":{\"@id\":\"https:\/\/luxurymagazine.cz\/#\/schema\/logo\/image\/\"}},{\"@type\":\"Person\",\"@id\":\"https:\/\/luxurymagazine.cz\/#\/schema\/person\/581f64efd4b5872ac991ea3581f630dc\",\"name\":\"Jolana Hol\u00e1\u0148ov\u00e1\",\"image\":{\"@type\":\"ImageObject\",\"inLanguage\":\"cs\",\"@id\":\"https:\/\/luxurymagazine.cz\/#\/schema\/person\/image\/\",\"url\":\"https:\/\/secure.gravatar.com\/avatar\/5863c504ed89cd419ff3a5e812c722ff?s=96&d=mm&r=g\",\"contentUrl\":\"https:\/\/secure.gravatar.com\/avatar\/5863c504ed89cd419ff3a5e812c722ff?s=96&d=mm&r=g\",\"caption\":\"Jolana Hol\u00e1\u0148ov\u00e1\"},\"sameAs\":[\"http:\/\/LUXURYMAGAZINE.cz\"],\"url\":\"https:\/\/luxurymagazine.cz\/index.php\/author\/jolhol\/\"}]}<\/script>\n<!-- \/ Yoast SEO plugin. -->","yoast_head_json":{"title":"Herbal v\u00edkend a den otev\u0159en\u00fdch dve\u0159\u00ed v Aquapalace Praha - LUXURYMAGAZINE.cz","robots":{"index":"index","follow":"follow","max-snippet":"max-snippet:-1","max-image-preview":"max-image-preview:large","max-video-preview":"max-video-preview:-1"},"canonical":"https:\/\/luxurymagazine.cz\/index.php\/2022\/08\/19\/herbal-vikend-a-den-otevrenych-dveri-v-aquapalace-praha\/","og_locale":"cs_CZ","og_type":"article","og_title":"Herbal v\u00edkend a den otev\u0159en\u00fdch dve\u0159\u00ed v Aquapalace Praha - LUXURYMAGAZINE.cz","og_description":"U\u017eijte si Herbal v\u00edkend a den otev\u0159en\u00fdch dve\u0159\u00ed v&nbsp;nejv\u011bt\u0161\u00edm Saunov\u00e9m sv\u011bt\u011b u n\u00e1s Saunov\u00fd sv\u011bt v&nbsp;Aquapalace Praha si pro v\u0161echny n\u00e1v\u0161t\u011bvn\u00edky p\u0159ipravil jedine\u010dnou v\u00edkendovou akci. P\u0159ij\u010fte si u\u017e\u00edt den otev\u0159en\u00fdch dve\u0159\u00ed, kter\u00fd se uskute\u010dn\u00ed od soboty 20. do ned\u011ble 21. srpna. Nab\u00eddne letn\u00ed osv\u011b\u017een\u00ed v&nbsp;podob\u011b bylinn\u00fdch ceremoni\u00e1l\u016f, speci\u00e1ln\u00edch j\u00edlov\u00fdch peeling\u016f i aromaterapie. Pozv\u00e1n\u00ed p\u0159ijali i [&hellip;]","og_url":"https:\/\/luxurymagazine.cz\/index.php\/2022\/08\/19\/herbal-vikend-a-den-otevrenych-dveri-v-aquapalace-praha\/","og_site_name":"LUXURYMAGAZINE.cz","article_published_time":"2022-08-18T22:01:00+00:00","article_modified_time":"2022-09-18T21:36:08+00:00","og_image":[{"width":1255,"height":709,"url":"https:\/\/luxurymagazine.cz\/wp-content\/uploads\/2022\/08\/Aquapalace-Herbal-weekend.jpeg","type":"image\/jpeg"}],"author":"Jolana Hol\u00e1\u0148ov\u00e1","twitter_card":"summary_large_image","twitter_misc":{"Napsal(a)":"Jolana Hol\u00e1\u0148ov\u00e1","Odhadovan\u00e1 doba \u010dten\u00ed":"1 minuta"},"schema":{"@context":"https:\/\/schema.org","@graph":[{"@type":"Article","@id":"https:\/\/luxurymagazine.cz\/index.php\/2022\/08\/19\/herbal-vikend-a-den-otevrenych-dveri-v-aquapalace-praha\/#article","isPartOf":{"@id":"https:\/\/luxurymagazine.cz\/index.php\/2022\/08\/19\/herbal-vikend-a-den-otevrenych-dveri-v-aquapalace-praha\/"},"author":{"name":"Jolana Hol\u00e1\u0148ov\u00e1","@id":"https:\/\/luxurymagazine.cz\/#\/schema\/person\/581f64efd4b5872ac991ea3581f630dc"},"headline":"Herbal v\u00edkend a den otev\u0159en\u00fdch dve\u0159\u00ed v Aquapalace Praha","datePublished":"2022-08-18T22:01:00+00:00","dateModified":"2022-09-18T21:36:08+00:00","mainEntityOfPage":{"@id":"https:\/\/luxurymagazine.cz\/index.php\/2022\/08\/19\/herbal-vikend-a-den-otevrenych-dveri-v-aquapalace-praha\/"},"wordCount":291,"publisher":{"@id":"https:\/\/luxurymagazine.cz\/#organization"},"articleSection":["KOSMETIKA &amp; BEAUTY","NEWS","TIPY &amp; TRENDY","ZDRAV\u00cd"],"inLanguage":"cs"},{"@type":"WebPage","@id":"https:\/\/luxurymagazine.cz\/index.php\/2022\/08\/19\/herbal-vikend-a-den-otevrenych-dveri-v-aquapalace-praha\/","url":"https:\/\/luxurymagazine.cz\/index.php\/2022\/08\/19\/herbal-vikend-a-den-otevrenych-dveri-v-aquapalace-praha\/","name":"Herbal v\u00edkend a den otev\u0159en\u00fdch dve\u0159\u00ed v Aquapalace Praha - LUXURYMAGAZINE.cz","isPartOf":{"@id":"https:\/\/luxurymagazine.cz\/#website"},"datePublished":"2022-08-18T22:01:00+00:00","dateModified":"2022-09-18T21:36:08+00:00","breadcrumb":{"@id":"https:\/\/luxurymagazine.cz\/index.php\/2022\/08\/19\/herbal-vikend-a-den-otevrenych-dveri-v-aquapalace-praha\/#breadcrumb"},"inLanguage":"cs","potentialAction":[{"@type":"ReadAction","target":["https:\/\/luxurymagazine.cz\/index.php\/2022\/08\/19\/herbal-vikend-a-den-otevrenych-dveri-v-aquapalace-praha\/"]}]},{"@type":"BreadcrumbList","@id":"https:\/\/luxurymagazine.cz\/index.php\/2022\/08\/19\/herbal-vikend-a-den-otevrenych-dveri-v-aquapalace-praha\/#breadcrumb","itemListElement":[{"@type":"ListItem","position":1,"name":"Dom\u016f","item":"https:\/\/luxurymagazine.cz\/"},{"@type":"ListItem","position":2,"name":"Herbal v\u00edkend a den otev\u0159en\u00fdch dve\u0159\u00ed v Aquapalace Praha"}]},{"@type":"WebSite","@id":"https:\/\/luxurymagazine.cz\/#website","url":"https:\/\/luxurymagazine.cz\/","name":"LUXURYMAGAZINE.cz","description":"Port\u00e1l v\u00fdhradn\u011b o luxusu...","publisher":{"@id":"https:\/\/luxurymagazine.cz\/#organization"},"potentialAction":[{"@type":"SearchAction","target":{"@type":"EntryPoint","urlTemplate":"https:\/\/luxurymagazine.cz\/?s={search_term_string}"},"query-input":"required name=search_term_string"}],"inLanguage":"cs"},{"@type":"Organization","@id":"https:\/\/luxurymagazine.cz\/#organization","name":"LUXURYMAGAZINE.cz","url":"https:\/\/luxurymagazine.cz\/","logo":{"@type":"ImageObject","inLanguage":"cs","@id":"https:\/\/luxurymagazine.cz\/#\/schema\/logo\/image\/","url":"https:\/\/luxurymagazine.cz\/wp-content\/uploads\/2024\/12\/cropped-Logo_LuxuryMagazine-1.jpg","contentUrl":"https:\/\/luxurymagazine.cz\/wp-content\/uploads\/2024\/12\/cropped-Logo_LuxuryMagazine-1.jpg","width":934,"height":509,"caption":"LUXURYMAGAZINE.cz"},"image":{"@id":"https:\/\/luxurymagazine.cz\/#\/schema\/logo\/image\/"}},{"@type":"Person","@id":"https:\/\/luxurymagazine.cz\/#\/schema\/person\/581f64efd4b5872ac991ea3581f630dc","name":"Jolana Hol\u00e1\u0148ov\u00e1","image":{"@type":"ImageObject","inLanguage":"cs","@id":"https:\/\/luxurymagazine.cz\/#\/schema\/person\/image\/","url":"https:\/\/secure.gravatar.com\/avatar\/5863c504ed89cd419ff3a5e812c722ff?s=96&d=mm&r=g","contentUrl":"https:\/\/secure.gravatar.com\/avatar\/5863c504ed89cd419ff3a5e812c722ff?s=96&d=mm&r=g","caption":"Jolana Hol\u00e1\u0148ov\u00e1"},"sameAs":["http:\/\/LUXURYMAGAZINE.cz"],"url":"https:\/\/luxurymagazine.cz\/index.php\/author\/jolhol\/"}]}},"_links":{"self":[{"href":"https:\/\/luxurymagazine.cz\/index.php\/wp-json\/wp\/v2\/posts\/2734"}],"collection":[{"href":"https:\/\/luxurymagazine.cz\/index.php\/wp-json\/wp\/v2\/posts"}],"about":[{"href":"https:\/\/luxurymagazine.cz\/index.php\/wp-json\/wp\/v2\/types\/post"}],"author":[{"embeddable":true,"href":"https:\/\/luxurymagazine.cz\/index.php\/wp-json\/wp\/v2\/users\/2"}],"replies":[{"embeddable":true,"href":"https:\/\/luxurymagazine.cz\/index.php\/wp-json\/wp\/v2\/comments?post=2734"}],"version-history":[{"count":-4,"href":"https:\/\/luxurymagazine.cz\/index.php\/wp-json\/wp\/v2\/posts\/2734\/revisions"}],"wp:featuredmedia":[{"embeddable":true,"href":"https:\/\/luxurymagazine.cz\/index.php\/wp-json\/wp\/v2\/media\/2735"}],"wp:attachment":[{"href":"https:\/\/luxurymagazine.cz\/index.php\/wp-json\/wp\/v2\/media?parent=2734"}],"wp:term":[{"taxonomy":"category","embeddable":true,"href":"https:\/\/luxurymagazine.cz\/index.php\/wp-json\/wp\/v2\/categories?post=2734"},{"taxonomy":"post_tag","embeddable":true,"href":"https:\/\/luxurymagazine.cz\/index.php\/wp-json\/wp\/v2\/tags?post=2734"}],"curies":[{"name":"wp","href":"https:\/\/api.w.org\/{rel}","templated":true}]}}