{"id":2771,"date":"2022-09-05T00:01:00","date_gmt":"2022-09-04T22:01:00","guid":{"rendered":"https:\/\/luxurymagazine.cz\/?p=2771"},"modified":"2022-10-16T14:26:39","modified_gmt":"2022-10-16T12:26:39","slug":"psn-provadi-rekonstrukci-tri-cinzovnich-domu-v-seifertove-ulici","status":"publish","type":"post","link":"https:\/\/luxurymagazine.cz\/index.php\/2022\/09\/05\/psn-provadi-rekonstrukci-tri-cinzovnich-domu-v-seifertove-ulici\/","title":{"rendered":"PSN prov\u00e1d\u00ed rekonstrukci t\u0159\u00ed \u010din\u017eovn\u00edch dom\u016f v Seifertov\u011b ulici"},"content":{"rendered":"\n<div style=\"height:40px\" aria-hidden=\"true\" class=\"wp-block-spacer\"><\/div>\n\n\n\n<p><strong>T\u0159i bytov\u00e9 domy na pra\u017esk\u00e9m \u017di\u017ekov\u011b proch\u00e1z\u00ed pod taktovkou PSN citlivou renovac\u00ed. Developer zde chyst\u00e1 p\u0159es 60 byt\u016f o velikostech od 32 m<\/strong><sup><strong>2<\/strong><\/sup><strong> do 160 m<\/strong><sup><strong>2<\/strong><\/sup><strong> ur\u010den\u00fdch pro n\u00e1jemn\u00ed bydlen\u00ed a\u00a06 nebytov\u00fdch jednotek. Na ja\u0159e p\u0159\u00ed\u0161t\u00edho roku pl\u00e1nuje p\u0159edstavit vzorov\u00fd byt, ke kolaudaci projektu by m\u011blo doj\u00edt ve 4. \u010dtvrtlet\u00ed roku 2023.<\/strong><\/p>\n\n\n\n<figure class=\"wp-block-image size-large\"><img decoding=\"async\" src=\"blob:https:\/\/luxurymagazine.cz\/ae12aa85-4d77-4cba-9831-e95ee1397a06\" alt=\"\"\/><\/figure>\n\n\n\n<p>Uli\u010dn\u00ed fas\u00e1dy trojice \u010din\u017eovn\u00edch dom\u016f v&nbsp;Seifertov\u011b ulici v&nbsp;klasicistn\u00edm slohu budou restaurov\u00e1ny do p\u016fvodn\u00ed podoby a barevn\u011b nav\u00e1\u017eou na okoln\u00ed z\u00e1stavbu. V\u00fd\u0161kovou disproporci se sousedn\u00edmi objekty zm\u00edrn\u00ed jednopodla\u017en\u00ed n\u00e1stavby, kter\u00e9 vytvo\u0159\u00ed pro \u017di\u017ekov typickou klesaj\u00edc\u00ed st\u0159e\u0161n\u00ed krajinu. Rekonstrukce prob\u011bhne dle n\u00e1vrhu studia edit! Architects. Charakter budov bude zachov\u00e1n, pavla\u010de ale dostanou novou funkci a podobu. Nav\u00edc sm\u011brem do vnitrobloku p\u0159ibydou balkony a&nbsp;prosklen\u00e9 v\u00fdtahov\u00e9 \u0161achty, na zast\u0159e\u0161en\u00e9 gar\u00e1\u017ei ve dvo\u0159e pak vzniknou p\u0159edzahr\u00e1dky. V&nbsp;maxim\u00e1ln\u00ed m\u00ed\u0159e bude zazelen\u011bn cel\u00fd vnitroblok.<\/p>\n\n\n\n<div style=\"height:33px\" aria-hidden=\"true\" class=\"wp-block-spacer\"><\/div>\n\n\n\n<figure class=\"wp-block-image size-large\"><img decoding=\"async\" src=\"https:\/\/homemagazine.cz\/wp-content\/uploads\/2022\/09\/PSN_rekonstrukce-tri-cinzovnich-domu-v-Seifertove-ulici_vizualizace_02-840x560.jpg\" alt=\"\" class=\"wp-image-3854\"\/><\/figure>\n\n\n\n<div style=\"height:30px\" aria-hidden=\"true\" class=\"wp-block-spacer\"><\/div>\n\n\n\n<p>V&nbsp;p\u016fvodn\u00edm stylu budou zrestaurov\u00e1ny i vnit\u0159n\u00ed prostory. Rekonstrukce dom\u016f d\u00e1 vzniknout 62 byt\u016fm a ateli\u00e9r\u016fm p\u0159ev\u00e1\u017en\u011b o dispozic\u00edch 1+kk a\u017e 3+kk. V&nbsp;6. podla\u017e\u00ed budou vybudov\u00e1ny mezonety 5+kk p\u0159es dv\u011b podla\u017e\u00ed. K&nbsp;n\u011bkter\u00fdm jednotk\u00e1m n\u00e1le\u017e\u00ed terasy \u010di balkony a&nbsp;p\u0159edzahr\u00e1dky, nov\u00ed majitel\u00e9 se mohou t\u011b\u0161it tak\u00e9 na \u010d\u00e1ste\u010dn\u011b za\u0159\u00edzen\u00e9 kuchyn\u011b. Chyb\u011bt nebudou gar\u00e1\u017eov\u00e1 st\u00e1n\u00ed ve vnitrobloku, kol\u00e1rna, pr\u00e1delna a spole\u010dn\u00e1 terasa. Sou\u010d\u00e1st\u00ed projektu se stane rovn\u011b\u017e 6 nebytov\u00fdch prostor vhodn\u00fdch pro obchody a slu\u017eby.<\/p>\n\n\n\n<div style=\"height:30px\" aria-hidden=\"true\" class=\"wp-block-spacer\"><\/div>\n\n\n\n<figure class=\"wp-block-image size-large\"><img decoding=\"async\" src=\"https:\/\/homemagazine.cz\/wp-content\/uploads\/2022\/09\/PSN_rekonstrukce-tri-cinzovnich-domu-v-Seifertove-ulici_vizualizace_03-840x593.jpg\" alt=\"\" class=\"wp-image-3855\"\/><\/figure>\n\n\n\n<div style=\"height:30px\" aria-hidden=\"true\" class=\"wp-block-spacer\"><\/div>\n\n\n\n<p><strong> V\u0161echny bytov\u00e9 jednotky budou ur\u010den\u00e9 k&nbsp;n\u00e1jemn\u00edmu bydlen\u00ed. <\/strong><\/p>\n\n\n\n<p><em>\u201eTrh nemovitost\u00ed proch\u00e1z\u00ed v posledn\u00ed dob\u011b turbulentn\u00edmi zm\u011bnami. Poh\u00e1n\u00ed je spole\u010densk\u00e9 a ekonomick\u00e9 ot\u0159esy, rostouc\u00ed inflace i ceny nemovitost\u00ed a aktu\u00e1ln\u011b tak\u00e9 v\u00e1le\u010dn\u00fd konflikt na Ukrajin\u011b. Po zlat\u00e9 \u00e9\u0159e p\u0159ich\u00e1z\u00ed ochlazen\u00ed a s n\u00edm p\u0159\u00edklon k&nbsp;n\u00e1jemn\u00edmu bydlen\u00ed. \u010ce\u0161i budou pod vlivem okolnost\u00ed v\u00edce \u017e\u00edt v&nbsp;pron\u00e1jmech, jak je to b\u011b\u017en\u00e9 v&nbsp;z\u00e1padn\u00edch zem\u00edch. To p\u0159in\u00e1\u0161\u00ed v\u011bt\u0161\u00ed flexibilitu, nap\u0159\u00edklad co se t\u00fd\u010de st\u011bhov\u00e1n\u00ed za prac\u00ed \u010di vzd\u011bl\u00e1n\u00edm, a&nbsp;obecn\u011b m\u00e9n\u011b z\u00e1vazk\u016f a starost\u00ed oproti po\u0159\u00edzen\u00ed vlastn\u00edho bydlen\u00ed. Rostouc\u00ed popt\u00e1vku nav\u00edc posiluje z\u00e1jem cizinc\u016f. I my se proto budeme v\u00edce soust\u0159edit na segment n\u00e1jemn\u00edho bydlen\u00ed a cel\u00fd projekt v&nbsp;Seifertov\u011b ulici jsme se rozhodli vyhradit pr\u00e1v\u011b pro n\u00e1jemn\u00ed byty,\u201c <\/em><strong>\u0159\u00edk\u00e1 \u0159editel developmentu spole\u010dnosti <a href=\"https:\/\/www.psn.cz\/\">PSN<\/a> \u0160t\u011bp\u00e1n Smr\u010dka a dod\u00e1v\u00e1<\/strong>: <\/p>\n\n\n\n<p>\u201e<em>Z pestr\u00e9 nab\u00eddky si vyberou zejm\u00e9na singles a p\u00e1ry. Malometr\u00e1\u017en\u00ed jednotky k pron\u00e1jmu jist\u011b ocen\u00ed studenti, a to p\u0159edev\u0161\u00edm z&nbsp;Vysok\u00e9 \u0161koly ekonomick\u00e9, jej\u00ed\u017e kampus se nach\u00e1z\u00ed hned naproti projektu p\u0159es ulici<\/em>. <em>Za\u010dlen\u011bno m\u00e1me ale tak\u00e9 n\u011bkolik v\u011bt\u0161\u00edch byt\u016f pro rodiny s&nbsp;d\u011btmi nebo pro sd\u00edlen\u00e9 bydlen\u00ed. Pamatovali jsme i na roz\u0161\u00ed\u0159en\u00ed ob\u010dansk\u00e9 vybavenosti p\u0159\u00edmo v&nbsp;mikrolokalit\u011b. Nov\u00fdm rezident\u016fm tak jist\u011b zp\u0159\u00edjemn\u00ed \u017eivot 6 retailov\u00fdch jednotek, kde m\u016f\u017ee vzniknout t\u0159eba kav\u00e1rna \u010di restaurace doslova p\u00e1r krok\u016f od jejich nov\u00e9ho domova.\u201c<\/em><\/p>\n\n\n\n<div style=\"height:29px\" aria-hidden=\"true\" class=\"wp-block-spacer\"><\/div>\n\n\n\n<figure class=\"wp-block-image size-large\"><img decoding=\"async\" src=\"https:\/\/homemagazine.cz\/wp-content\/uploads\/2022\/09\/PSN_rekonstrukce-tri-cinzovnich-domu-v-Seifertove-ulici_vizualizace_04-840x594.jpg\" alt=\"\" class=\"wp-image-3856\"\/><\/figure>\n\n\n\n<div style=\"height:30px\" aria-hidden=\"true\" class=\"wp-block-spacer\"><\/div>\n\n\n\n<p>Projekt v&nbsp;Seifertov\u011b ulici p\u0159\u00edmo soused\u00ed se s\u00eddlem spole\u010dnosti PSN. Stoj\u00ed na kl\u00ed\u010dov\u00e9 \u017ei\u017ekovsk\u00e9 tepn\u011b, kter\u00e1 sv\u00fdm n\u00e1zvem odkazuje na \u010desk\u00e9ho b\u00e1sn\u00edka, nositele Nobelovy ceny, Jaroslava Seiferta. Ta by m\u011bla proj\u00edt v&nbsp;dohledn\u00e9 dob\u011b rozs\u00e1hlou revitalizac\u00ed \u2013 soub\u011b\u017en\u011b s&nbsp;rekonstrukc\u00ed tramvajov\u00e9 trati zde m\u011bsto pl\u00e1nuje prom\u011bnu ve\u0159ejn\u00e9ho prostranstv\u00ed, vyroste tu nap\u0159\u00edklad stromo\u0159ad\u00ed pro p\u0159\u00edjemn\u011bj\u0161\u00ed mikroklima. O\u017eiven\u00ed \u010dek\u00e1 tak\u00e9 protilehl\u00fd park Winstona Churchilla a nedalek\u00e9 Vrchlick\u00e9ho sady. C\u00edlem je zd\u016fraznit v\u00fdznam ulice Seifertova jako m\u011bstsk\u00e9 promen\u00e1dy, je\u017e by se m\u011bla st\u00e1t modelov\u00fdm vzorem budov\u00e1n\u00ed modrozelen\u00e9 infrastruktury pro dal\u0161\u00ed \u010d\u00e1sti metropole i jin\u00e1 m\u011bsta. Krom\u011b chystan\u00fdch zm\u011bn se budouc\u00ed rezidenti mohou t\u011b\u0161it na st\u00e1vaj\u00edc\u00ed kompletn\u00ed ob\u010danskou vybavenost v&nbsp;podob\u011b nejr\u016fzn\u011bj\u0161\u00edch m\u00edstn\u00edch podnik\u016f, obchod\u016f a slu\u017eeb a na skv\u011bl\u00e9 dopravn\u00ed spoje vedouc\u00ed po cel\u00e9 Praze.<\/p>\n\n\n\n<div style=\"height:100px\" aria-hidden=\"true\" class=\"wp-block-spacer\"><\/div>\n\n\n\n<figure class=\"wp-block-gallery columns-3 is-cropped wp-block-gallery-1 is-layout-flex wp-block-gallery-is-layout-flex\"><ul class=\"blocks-gallery-grid\"><li class=\"blocks-gallery-item\"><figure><img decoding=\"async\" src=\"https:\/\/homemagazine.cz\/wp-content\/uploads\/2022\/09\/PSN_rekonstrukce-tri-cinzovnich-domu-v-Seifertove-ulici_vizualizace_01-840x560.png\" alt=\"\" data-id=\"3853\" data-full-url=\"https:\/\/homemagazine.cz\/wp-content\/uploads\/2022\/09\/PSN_rekonstrukce-tri-cinzovnich-domu-v-Seifertove-ulici_vizualizace_01.png\" data-link=\"https:\/\/homemagazine.cz\/?attachment_id=3853\" class=\"wp-image-3853\"\/><\/figure><\/li><li class=\"blocks-gallery-item\"><figure><img decoding=\"async\" src=\"https:\/\/homemagazine.cz\/wp-content\/uploads\/2022\/09\/PSN_rekonstrukce-tri-cinzovnich-domu-v-Seifertove-ulici_vizualizace_02-840x560.jpg\" alt=\"\" data-id=\"3854\" data-full-url=\"https:\/\/homemagazine.cz\/wp-content\/uploads\/2022\/09\/PSN_rekonstrukce-tri-cinzovnich-domu-v-Seifertove-ulici_vizualizace_02.jpg\" data-link=\"https:\/\/homemagazine.cz\/?attachment_id=3854\" class=\"wp-image-3854\"\/><\/figure><\/li><li class=\"blocks-gallery-item\"><figure><img decoding=\"async\" src=\"https:\/\/homemagazine.cz\/wp-content\/uploads\/2022\/09\/PSN_rekonstrukce-tri-cinzovnich-domu-v-Seifertove-ulici_vizualizace_03-840x593.jpg\" alt=\"\" data-id=\"3855\" data-full-url=\"https:\/\/homemagazine.cz\/wp-content\/uploads\/2022\/09\/PSN_rekonstrukce-tri-cinzovnich-domu-v-Seifertove-ulici_vizualizace_03.jpg\" data-link=\"https:\/\/homemagazine.cz\/?attachment_id=3855\" class=\"wp-image-3855\"\/><\/figure><\/li><li class=\"blocks-gallery-item\"><figure><img decoding=\"async\" src=\"https:\/\/homemagazine.cz\/wp-content\/uploads\/2022\/09\/PSN_rekonstrukce-tri-cinzovnich-domu-v-Seifertove-ulici_vizualizace_04-840x594.jpg\" alt=\"\" data-id=\"3856\" data-full-url=\"https:\/\/homemagazine.cz\/wp-content\/uploads\/2022\/09\/PSN_rekonstrukce-tri-cinzovnich-domu-v-Seifertove-ulici_vizualizace_04.jpg\" data-link=\"https:\/\/homemagazine.cz\/?attachment_id=3856\" class=\"wp-image-3856\"\/><\/figure><\/li><\/ul><\/figure>\n\n\n\n<p><strong>Zdroj foto: <\/strong>PSN<\/p>\n\n\n\n<div style=\"height:100px\" aria-hidden=\"true\" class=\"wp-block-spacer\"><\/div>\n","protected":false},"excerpt":{"rendered":"<p>T\u0159i bytov\u00e9 domy na pra\u017esk\u00e9m \u017di\u017ekov\u011b proch\u00e1z\u00ed pod taktovkou PSN citlivou renovac\u00ed. Developer zde chyst\u00e1 p\u0159es 60 byt\u016f o velikostech od 32 m2 do 160 m2 ur\u010den\u00fdch pro n\u00e1jemn\u00ed bydlen\u00ed a\u00a06 nebytov\u00fdch jednotek. Na ja\u0159e p\u0159\u00ed\u0161t\u00edho roku pl\u00e1nuje p\u0159edstavit vzorov\u00fd byt, ke kolaudaci projektu by m\u011blo doj\u00edt ve 4. \u010dtvrtlet\u00ed roku 2023. Uli\u010dn\u00ed fas\u00e1dy trojice [&hellip;]<\/p>\n","protected":false},"author":3,"featured_media":2772,"comment_status":"closed","ping_status":"closed","sticky":false,"template":"","format":"standard","meta":{"_mi_skip_tracking":false,"_monsterinsights_sitenote_active":false,"_monsterinsights_sitenote_note":"","_monsterinsights_sitenote_category":0,"footnotes":""},"categories":[5,2,13],"tags":[],"yoast_head":"<!-- This site is optimized with the Yoast SEO plugin v21.4 - https:\/\/yoast.com\/wordpress\/plugins\/seo\/ -->\n<title>PSN prov\u00e1d\u00ed rekonstrukci t\u0159\u00ed \u010din\u017eovn\u00edch dom\u016f v Seifertov\u011b ulici - LUXURYMAGAZINE.cz<\/title>\n<meta name=\"robots\" content=\"index, follow, max-snippet:-1, max-image-preview:large, max-video-preview:-1\" \/>\n<link rel=\"canonical\" href=\"https:\/\/luxurymagazine.cz\/index.php\/2022\/09\/05\/psn-provadi-rekonstrukci-tri-cinzovnich-domu-v-seifertove-ulici\/\" \/>\n<meta property=\"og:locale\" content=\"cs_CZ\" \/>\n<meta property=\"og:type\" content=\"article\" \/>\n<meta property=\"og:title\" content=\"PSN prov\u00e1d\u00ed rekonstrukci t\u0159\u00ed \u010din\u017eovn\u00edch dom\u016f v Seifertov\u011b ulici - LUXURYMAGAZINE.cz\" \/>\n<meta property=\"og:description\" content=\"T\u0159i bytov\u00e9 domy na pra\u017esk\u00e9m \u017di\u017ekov\u011b proch\u00e1z\u00ed pod taktovkou PSN citlivou renovac\u00ed. Developer zde chyst\u00e1 p\u0159es 60 byt\u016f o velikostech od 32 m2 do 160 m2 ur\u010den\u00fdch pro n\u00e1jemn\u00ed bydlen\u00ed a\u00a06 nebytov\u00fdch jednotek. Na ja\u0159e p\u0159\u00ed\u0161t\u00edho roku pl\u00e1nuje p\u0159edstavit vzorov\u00fd byt, ke kolaudaci projektu by m\u011blo doj\u00edt ve 4. \u010dtvrtlet\u00ed roku 2023. Uli\u010dn\u00ed fas\u00e1dy trojice [&hellip;]\" \/>\n<meta property=\"og:url\" content=\"https:\/\/luxurymagazine.cz\/index.php\/2022\/09\/05\/psn-provadi-rekonstrukci-tri-cinzovnich-domu-v-seifertove-ulici\/\" \/>\n<meta property=\"og:site_name\" content=\"LUXURYMAGAZINE.cz\" \/>\n<meta property=\"article:published_time\" content=\"2022-09-04T22:01:00+00:00\" \/>\n<meta property=\"article:modified_time\" content=\"2022-10-16T12:26:39+00:00\" \/>\n<meta property=\"og:image\" content=\"https:\/\/luxurymagazine.cz\/wp-content\/uploads\/2022\/09\/PSN_rekonstrukce-t\u0159\u00ed-\u010din\u017eovn\u00edch-dom\u016f-v-Seifertov\u011b-ulici_vizualizace_01-1024x683.png\" \/>\n\t<meta property=\"og:image:width\" content=\"1024\" \/>\n\t<meta property=\"og:image:height\" content=\"683\" \/>\n\t<meta property=\"og:image:type\" content=\"image\/png\" \/>\n<meta name=\"author\" content=\"Miroslav Van\u011bk\" \/>\n<meta name=\"twitter:card\" content=\"summary_large_image\" \/>\n<meta name=\"twitter:label1\" content=\"Napsal(a)\" \/>\n\t<meta name=\"twitter:data1\" content=\"Miroslav Van\u011bk\" \/>\n\t<meta name=\"twitter:label2\" content=\"Odhadovan\u00e1 doba \u010dten\u00ed\" \/>\n\t<meta name=\"twitter:data2\" content=\"4 minuty\" \/>\n<script type=\"application\/ld+json\" class=\"yoast-schema-graph\">{\"@context\":\"https:\/\/schema.org\",\"@graph\":[{\"@type\":\"Article\",\"@id\":\"https:\/\/luxurymagazine.cz\/index.php\/2022\/09\/05\/psn-provadi-rekonstrukci-tri-cinzovnich-domu-v-seifertove-ulici\/#article\",\"isPartOf\":{\"@id\":\"https:\/\/luxurymagazine.cz\/index.php\/2022\/09\/05\/psn-provadi-rekonstrukci-tri-cinzovnich-domu-v-seifertove-ulici\/\"},\"author\":{\"name\":\"Miroslav Van\u011bk\",\"@id\":\"https:\/\/luxurymagazine.cz\/#\/schema\/person\/44a069a3b1eab523585f7325b6e54254\"},\"headline\":\"PSN prov\u00e1d\u00ed rekonstrukci t\u0159\u00ed \u010din\u017eovn\u00edch dom\u016f v Seifertov\u011b ulici\",\"datePublished\":\"2022-09-04T22:01:00+00:00\",\"dateModified\":\"2022-10-16T12:26:39+00:00\",\"mainEntityOfPage\":{\"@id\":\"https:\/\/luxurymagazine.cz\/index.php\/2022\/09\/05\/psn-provadi-rekonstrukci-tri-cinzovnich-domu-v-seifertove-ulici\/\"},\"wordCount\":774,\"publisher\":{\"@id\":\"https:\/\/luxurymagazine.cz\/#organization\"},\"articleSection\":[\"BYDLEN\u00cd &amp; DESIGN\",\"NEWS\",\"TIPY &amp; TRENDY\"],\"inLanguage\":\"cs\"},{\"@type\":\"WebPage\",\"@id\":\"https:\/\/luxurymagazine.cz\/index.php\/2022\/09\/05\/psn-provadi-rekonstrukci-tri-cinzovnich-domu-v-seifertove-ulici\/\",\"url\":\"https:\/\/luxurymagazine.cz\/index.php\/2022\/09\/05\/psn-provadi-rekonstrukci-tri-cinzovnich-domu-v-seifertove-ulici\/\",\"name\":\"PSN prov\u00e1d\u00ed rekonstrukci t\u0159\u00ed \u010din\u017eovn\u00edch dom\u016f v Seifertov\u011b ulici - LUXURYMAGAZINE.cz\",\"isPartOf\":{\"@id\":\"https:\/\/luxurymagazine.cz\/#website\"},\"datePublished\":\"2022-09-04T22:01:00+00:00\",\"dateModified\":\"2022-10-16T12:26:39+00:00\",\"breadcrumb\":{\"@id\":\"https:\/\/luxurymagazine.cz\/index.php\/2022\/09\/05\/psn-provadi-rekonstrukci-tri-cinzovnich-domu-v-seifertove-ulici\/#breadcrumb\"},\"inLanguage\":\"cs\",\"potentialAction\":[{\"@type\":\"ReadAction\",\"target\":[\"https:\/\/luxurymagazine.cz\/index.php\/2022\/09\/05\/psn-provadi-rekonstrukci-tri-cinzovnich-domu-v-seifertove-ulici\/\"]}]},{\"@type\":\"BreadcrumbList\",\"@id\":\"https:\/\/luxurymagazine.cz\/index.php\/2022\/09\/05\/psn-provadi-rekonstrukci-tri-cinzovnich-domu-v-seifertove-ulici\/#breadcrumb\",\"itemListElement\":[{\"@type\":\"ListItem\",\"position\":1,\"name\":\"Dom\u016f\",\"item\":\"https:\/\/luxurymagazine.cz\/\"},{\"@type\":\"ListItem\",\"position\":2,\"name\":\"PSN prov\u00e1d\u00ed rekonstrukci t\u0159\u00ed \u010din\u017eovn\u00edch dom\u016f v Seifertov\u011b ulici\"}]},{\"@type\":\"WebSite\",\"@id\":\"https:\/\/luxurymagazine.cz\/#website\",\"url\":\"https:\/\/luxurymagazine.cz\/\",\"name\":\"LUXURYMAGAZINE.cz\",\"description\":\"Port\u00e1l v\u00fdhradn\u011b o luxusu...\",\"publisher\":{\"@id\":\"https:\/\/luxurymagazine.cz\/#organization\"},\"potentialAction\":[{\"@type\":\"SearchAction\",\"target\":{\"@type\":\"EntryPoint\",\"urlTemplate\":\"https:\/\/luxurymagazine.cz\/?s={search_term_string}\"},\"query-input\":\"required name=search_term_string\"}],\"inLanguage\":\"cs\"},{\"@type\":\"Organization\",\"@id\":\"https:\/\/luxurymagazine.cz\/#organization\",\"name\":\"LUXURYMAGAZINE.cz\",\"url\":\"https:\/\/luxurymagazine.cz\/\",\"logo\":{\"@type\":\"ImageObject\",\"inLanguage\":\"cs\",\"@id\":\"https:\/\/luxurymagazine.cz\/#\/schema\/logo\/image\/\",\"url\":\"https:\/\/luxurymagazine.cz\/wp-content\/uploads\/2024\/12\/cropped-Logo_LuxuryMagazine-1.jpg\",\"contentUrl\":\"https:\/\/luxurymagazine.cz\/wp-content\/uploads\/2024\/12\/cropped-Logo_LuxuryMagazine-1.jpg\",\"width\":934,\"height\":509,\"caption\":\"LUXURYMAGAZINE.cz\"},\"image\":{\"@id\":\"https:\/\/luxurymagazine.cz\/#\/schema\/logo\/image\/\"}},{\"@type\":\"Person\",\"@id\":\"https:\/\/luxurymagazine.cz\/#\/schema\/person\/44a069a3b1eab523585f7325b6e54254\",\"name\":\"Miroslav Van\u011bk\",\"image\":{\"@type\":\"ImageObject\",\"inLanguage\":\"cs\",\"@id\":\"https:\/\/luxurymagazine.cz\/#\/schema\/person\/image\/\",\"url\":\"https:\/\/secure.gravatar.com\/avatar\/cc93dbecbfc820d69a964ea4a1c72377?s=96&d=mm&r=g\",\"contentUrl\":\"https:\/\/secure.gravatar.com\/avatar\/cc93dbecbfc820d69a964ea4a1c72377?s=96&d=mm&r=g\",\"caption\":\"Miroslav Van\u011bk\"},\"sameAs\":[\"http:\/\/LUXURYMAGAZINE.cz\"],\"url\":\"https:\/\/luxurymagazine.cz\/index.php\/author\/mirvan\/\"}]}<\/script>\n<!-- \/ Yoast SEO plugin. -->","yoast_head_json":{"title":"PSN prov\u00e1d\u00ed rekonstrukci t\u0159\u00ed \u010din\u017eovn\u00edch dom\u016f v Seifertov\u011b ulici - LUXURYMAGAZINE.cz","robots":{"index":"index","follow":"follow","max-snippet":"max-snippet:-1","max-image-preview":"max-image-preview:large","max-video-preview":"max-video-preview:-1"},"canonical":"https:\/\/luxurymagazine.cz\/index.php\/2022\/09\/05\/psn-provadi-rekonstrukci-tri-cinzovnich-domu-v-seifertove-ulici\/","og_locale":"cs_CZ","og_type":"article","og_title":"PSN prov\u00e1d\u00ed rekonstrukci t\u0159\u00ed \u010din\u017eovn\u00edch dom\u016f v Seifertov\u011b ulici - LUXURYMAGAZINE.cz","og_description":"T\u0159i bytov\u00e9 domy na pra\u017esk\u00e9m \u017di\u017ekov\u011b proch\u00e1z\u00ed pod taktovkou PSN citlivou renovac\u00ed. Developer zde chyst\u00e1 p\u0159es 60 byt\u016f o velikostech od 32 m2 do 160 m2 ur\u010den\u00fdch pro n\u00e1jemn\u00ed bydlen\u00ed a\u00a06 nebytov\u00fdch jednotek. Na ja\u0159e p\u0159\u00ed\u0161t\u00edho roku pl\u00e1nuje p\u0159edstavit vzorov\u00fd byt, ke kolaudaci projektu by m\u011blo doj\u00edt ve 4. \u010dtvrtlet\u00ed roku 2023. Uli\u010dn\u00ed fas\u00e1dy trojice [&hellip;]","og_url":"https:\/\/luxurymagazine.cz\/index.php\/2022\/09\/05\/psn-provadi-rekonstrukci-tri-cinzovnich-domu-v-seifertove-ulici\/","og_site_name":"LUXURYMAGAZINE.cz","article_published_time":"2022-09-04T22:01:00+00:00","article_modified_time":"2022-10-16T12:26:39+00:00","og_image":[{"width":1024,"height":683,"url":"https:\/\/luxurymagazine.cz\/wp-content\/uploads\/2022\/09\/PSN_rekonstrukce-t\u0159\u00ed-\u010din\u017eovn\u00edch-dom\u016f-v-Seifertov\u011b-ulici_vizualizace_01-1024x683.png","type":"image\/png"}],"author":"Miroslav Van\u011bk","twitter_card":"summary_large_image","twitter_misc":{"Napsal(a)":"Miroslav Van\u011bk","Odhadovan\u00e1 doba \u010dten\u00ed":"4 minuty"},"schema":{"@context":"https:\/\/schema.org","@graph":[{"@type":"Article","@id":"https:\/\/luxurymagazine.cz\/index.php\/2022\/09\/05\/psn-provadi-rekonstrukci-tri-cinzovnich-domu-v-seifertove-ulici\/#article","isPartOf":{"@id":"https:\/\/luxurymagazine.cz\/index.php\/2022\/09\/05\/psn-provadi-rekonstrukci-tri-cinzovnich-domu-v-seifertove-ulici\/"},"author":{"name":"Miroslav Van\u011bk","@id":"https:\/\/luxurymagazine.cz\/#\/schema\/person\/44a069a3b1eab523585f7325b6e54254"},"headline":"PSN prov\u00e1d\u00ed rekonstrukci t\u0159\u00ed \u010din\u017eovn\u00edch dom\u016f v Seifertov\u011b ulici","datePublished":"2022-09-04T22:01:00+00:00","dateModified":"2022-10-16T12:26:39+00:00","mainEntityOfPage":{"@id":"https:\/\/luxurymagazine.cz\/index.php\/2022\/09\/05\/psn-provadi-rekonstrukci-tri-cinzovnich-domu-v-seifertove-ulici\/"},"wordCount":774,"publisher":{"@id":"https:\/\/luxurymagazine.cz\/#organization"},"articleSection":["BYDLEN\u00cd &amp; DESIGN","NEWS","TIPY &amp; TRENDY"],"inLanguage":"cs"},{"@type":"WebPage","@id":"https:\/\/luxurymagazine.cz\/index.php\/2022\/09\/05\/psn-provadi-rekonstrukci-tri-cinzovnich-domu-v-seifertove-ulici\/","url":"https:\/\/luxurymagazine.cz\/index.php\/2022\/09\/05\/psn-provadi-rekonstrukci-tri-cinzovnich-domu-v-seifertove-ulici\/","name":"PSN prov\u00e1d\u00ed rekonstrukci t\u0159\u00ed \u010din\u017eovn\u00edch dom\u016f v Seifertov\u011b ulici - LUXURYMAGAZINE.cz","isPartOf":{"@id":"https:\/\/luxurymagazine.cz\/#website"},"datePublished":"2022-09-04T22:01:00+00:00","dateModified":"2022-10-16T12:26:39+00:00","breadcrumb":{"@id":"https:\/\/luxurymagazine.cz\/index.php\/2022\/09\/05\/psn-provadi-rekonstrukci-tri-cinzovnich-domu-v-seifertove-ulici\/#breadcrumb"},"inLanguage":"cs","potentialAction":[{"@type":"ReadAction","target":["https:\/\/luxurymagazine.cz\/index.php\/2022\/09\/05\/psn-provadi-rekonstrukci-tri-cinzovnich-domu-v-seifertove-ulici\/"]}]},{"@type":"BreadcrumbList","@id":"https:\/\/luxurymagazine.cz\/index.php\/2022\/09\/05\/psn-provadi-rekonstrukci-tri-cinzovnich-domu-v-seifertove-ulici\/#breadcrumb","itemListElement":[{"@type":"ListItem","position":1,"name":"Dom\u016f","item":"https:\/\/luxurymagazine.cz\/"},{"@type":"ListItem","position":2,"name":"PSN prov\u00e1d\u00ed rekonstrukci t\u0159\u00ed \u010din\u017eovn\u00edch dom\u016f v Seifertov\u011b ulici"}]},{"@type":"WebSite","@id":"https:\/\/luxurymagazine.cz\/#website","url":"https:\/\/luxurymagazine.cz\/","name":"LUXURYMAGAZINE.cz","description":"Port\u00e1l v\u00fdhradn\u011b o luxusu...","publisher":{"@id":"https:\/\/luxurymagazine.cz\/#organization"},"potentialAction":[{"@type":"SearchAction","target":{"@type":"EntryPoint","urlTemplate":"https:\/\/luxurymagazine.cz\/?s={search_term_string}"},"query-input":"required name=search_term_string"}],"inLanguage":"cs"},{"@type":"Organization","@id":"https:\/\/luxurymagazine.cz\/#organization","name":"LUXURYMAGAZINE.cz","url":"https:\/\/luxurymagazine.cz\/","logo":{"@type":"ImageObject","inLanguage":"cs","@id":"https:\/\/luxurymagazine.cz\/#\/schema\/logo\/image\/","url":"https:\/\/luxurymagazine.cz\/wp-content\/uploads\/2024\/12\/cropped-Logo_LuxuryMagazine-1.jpg","contentUrl":"https:\/\/luxurymagazine.cz\/wp-content\/uploads\/2024\/12\/cropped-Logo_LuxuryMagazine-1.jpg","width":934,"height":509,"caption":"LUXURYMAGAZINE.cz"},"image":{"@id":"https:\/\/luxurymagazine.cz\/#\/schema\/logo\/image\/"}},{"@type":"Person","@id":"https:\/\/luxurymagazine.cz\/#\/schema\/person\/44a069a3b1eab523585f7325b6e54254","name":"Miroslav Van\u011bk","image":{"@type":"ImageObject","inLanguage":"cs","@id":"https:\/\/luxurymagazine.cz\/#\/schema\/person\/image\/","url":"https:\/\/secure.gravatar.com\/avatar\/cc93dbecbfc820d69a964ea4a1c72377?s=96&d=mm&r=g","contentUrl":"https:\/\/secure.gravatar.com\/avatar\/cc93dbecbfc820d69a964ea4a1c72377?s=96&d=mm&r=g","caption":"Miroslav Van\u011bk"},"sameAs":["http:\/\/LUXURYMAGAZINE.cz"],"url":"https:\/\/luxurymagazine.cz\/index.php\/author\/mirvan\/"}]}},"_links":{"self":[{"href":"https:\/\/luxurymagazine.cz\/index.php\/wp-json\/wp\/v2\/posts\/2771"}],"collection":[{"href":"https:\/\/luxurymagazine.cz\/index.php\/wp-json\/wp\/v2\/posts"}],"about":[{"href":"https:\/\/luxurymagazine.cz\/index.php\/wp-json\/wp\/v2\/types\/post"}],"author":[{"embeddable":true,"href":"https:\/\/luxurymagazine.cz\/index.php\/wp-json\/wp\/v2\/users\/3"}],"replies":[{"embeddable":true,"href":"https:\/\/luxurymagazine.cz\/index.php\/wp-json\/wp\/v2\/comments?post=2771"}],"version-history":[{"count":-4,"href":"https:\/\/luxurymagazine.cz\/index.php\/wp-json\/wp\/v2\/posts\/2771\/revisions"}],"wp:featuredmedia":[{"embeddable":true,"href":"https:\/\/luxurymagazine.cz\/index.php\/wp-json\/wp\/v2\/media\/2772"}],"wp:attachment":[{"href":"https:\/\/luxurymagazine.cz\/index.php\/wp-json\/wp\/v2\/media?parent=2771"}],"wp:term":[{"taxonomy":"category","embeddable":true,"href":"https:\/\/luxurymagazine.cz\/index.php\/wp-json\/wp\/v2\/categories?post=2771"},{"taxonomy":"post_tag","embeddable":true,"href":"https:\/\/luxurymagazine.cz\/index.php\/wp-json\/wp\/v2\/tags?post=2771"}],"curies":[{"name":"wp","href":"https:\/\/api.w.org\/{rel}","templated":true}]}}