{"id":2801,"date":"2022-09-13T00:36:19","date_gmt":"2022-09-12T22:36:19","guid":{"rendered":"https:\/\/luxurymagazine.cz\/?p=2801"},"modified":"2022-10-20T00:00:13","modified_gmt":"2022-10-19T22:00:13","slug":"u-mlade-boleslavi-vznika-exkluzivni-projekt-rezidence-brodce","status":"publish","type":"post","link":"https:\/\/luxurymagazine.cz\/index.php\/2022\/09\/13\/u-mlade-boleslavi-vznika-exkluzivni-projekt-rezidence-brodce\/","title":{"rendered":"U Mlad\u00e9 Boleslavi vznik\u00e1 exkluzivn\u00ed projekt Rezidence Brodce"},"content":{"rendered":"\n<div style=\"height:32px\" aria-hidden=\"true\" class=\"wp-block-spacer\"><\/div>\n\n\n\n<p><strong>Rezidence Brodce s&nbsp;19 luxusn\u00edmi domy o dispozici 4+kk vyr\u016fst\u00e1 na okraji m\u011bstyse Brodce nad Jizerou, pouh\u00fdch 10 km od Mlad\u00e9 Boleslavi. Jejich v\u00fdhradn\u00ed prodej zaji\u0161\u0165uje realitn\u00ed kancel\u00e1\u0159 Luxent \u2013 Exclusive Properties. <\/strong><\/p>\n\n\n\n<figure class=\"wp-block-image size-large\"><img decoding=\"async\" loading=\"lazy\" width=\"1024\" height=\"576\" src=\"https:\/\/luxurymagazine.cz\/wp-content\/uploads\/2022\/09\/Luxent_Rezidence-Brodce_exterier_vizualizace_01-1024x576.jpg\" alt=\"\" class=\"wp-image-2802\" srcset=\"https:\/\/luxurymagazine.cz\/wp-content\/uploads\/2022\/09\/Luxent_Rezidence-Brodce_exterier_vizualizace_01-1024x576.jpg 1024w, https:\/\/luxurymagazine.cz\/wp-content\/uploads\/2022\/09\/Luxent_Rezidence-Brodce_exterier_vizualizace_01-300x169.jpg 300w, https:\/\/luxurymagazine.cz\/wp-content\/uploads\/2022\/09\/Luxent_Rezidence-Brodce_exterier_vizualizace_01-768x432.jpg 768w, https:\/\/luxurymagazine.cz\/wp-content\/uploads\/2022\/09\/Luxent_Rezidence-Brodce_exterier_vizualizace_01.jpg 1250w\" sizes=\"(max-width: 1024px) 100vw, 1024px\" \/><\/figure>\n\n\n\n<p><strong>T\u00e9m\u011b\u0159 t\u0159etina z&nbsp;nich je ji\u017e rezervov\u00e1na. Pro z\u00e1jemce se v polovin\u011b roku 2023 chyst\u00e1 otev\u0159en\u00ed vzorov\u00e9ho domu. V\u00fdstavba projektu by m\u011bla b\u00fdt zah\u00e1jena letos na podzim, jeho dokon\u010den\u00ed je pl\u00e1nov\u00e1no na jaro roku 2024.<\/strong><\/p>\n\n\n\n<div style=\"height:22px\" aria-hidden=\"true\" class=\"wp-block-spacer\"><\/div>\n\n\n\n<figure class=\"wp-block-image size-large\"><img decoding=\"async\" src=\"https:\/\/homemagazine.cz\/wp-content\/uploads\/2022\/09\/Luxent_Rezidence-Brodce_exterier_vizualizace_02-840x472.jpg\" alt=\"\" class=\"wp-image-3890\"\/><\/figure>\n\n\n\n<div style=\"height:22px\" aria-hidden=\"true\" class=\"wp-block-spacer\"><\/div>\n\n\n\n<p>V projektu <a href=\"https:\/\/www.rezidencebrodce.cz\/\"><strong>Rezidence Brodce<\/strong><\/a> roste 19 \u0159adov\u00fdch dom\u016f o dispozici 4+kk a velikosti 150 m<sup>2<\/sup>, ka\u017ed\u00fd s vlastn\u00ed terasou a soukromou zahradou o rozloze od 175 do 426 m<sup>2<\/sup>. Samoz\u0159ejmost\u00ed budou dv\u011b parkovac\u00ed st\u00e1n\u00ed \u2013 jedno gar\u00e1\u017eov\u00e9 a jedno p\u0159ed domem. V&nbsp;r\u00e1mci are\u00e1lu vzniknou tak\u00e9 parkovac\u00ed st\u00e1n\u00ed pro n\u00e1v\u0161t\u011bvn\u00edky. Rodinn\u00e9 domy ve standardu nab\u00edz\u00ed kvalitn\u00ed d\u0159ev\u011bn\u00e9 podlahy, hlin\u00edkov\u00e1 okna, velkoform\u00e1tov\u00e9 obklady \u010di podom\u00edtkov\u00e9 baterie renomovan\u00fdch zna\u010dek. Vyt\u00e1p\u011bn\u00ed zajist\u00ed obnoviteln\u00e9 zdroje, konkr\u00e9tn\u011b tepeln\u00e9 \u010derpadlo typu vzduch-voda. Po\u010d\u00edt\u00e1 se rovn\u011b\u017e s&nbsp;rekuperac\u00ed vzduchu a&nbsp;podlahov\u00fdm chlazen\u00edm.<\/p>\n\n\n\n<div style=\"height:22px\" aria-hidden=\"true\" class=\"wp-block-spacer\"><\/div>\n\n\n\n<figure class=\"wp-block-image size-large\"><img decoding=\"async\" src=\"https:\/\/homemagazine.cz\/wp-content\/uploads\/2022\/09\/Luxent_Rezidence-Brodce_exterier_vizualizace_03-840x472.jpg\" alt=\"\" class=\"wp-image-3891\"\/><\/figure>\n\n\n\n<div style=\"height:22px\" aria-hidden=\"true\" class=\"wp-block-spacer\"><\/div>\n\n\n\n<p>V\u0161echny domy nab\u00edz\u00ed optim\u00e1ln\u00ed ji\u017en\u00ed orientaci a maj\u00ed pe\u010dliv\u011b promy\u0161len\u00e9 p\u016fdorysy \u2013 v p\u0159\u00edzem\u00ed se bude nach\u00e1zet z\u00e1dve\u0159\u00ed, gar\u00e1\u017e, technick\u00e1 m\u00edstnost, WC a&nbsp;hlavn\u00ed obytn\u00e1 m\u00edstnost spojen\u00e1 s kuchyn\u00ed. Z&nbsp;n\u00ed povede p\u0159\u00edm\u00fd vstup na terasu, kter\u00e1 d\u00edky prosklen\u00ed opticky propoj\u00ed exteri\u00e9r s&nbsp;interi\u00e9rem. Ve druh\u00e9m podla\u017e\u00ed budou rozm\u00edst\u011bny dva d\u011btsk\u00e9 pokoje, koupelna a lo\u017enice rodi\u010d\u016f s koupelnou vlastn\u00ed.<\/p>\n\n\n\n<div style=\"height:22px\" aria-hidden=\"true\" class=\"wp-block-spacer\"><\/div>\n\n\n\n<figure class=\"wp-block-gallery columns-2 is-cropped wp-block-gallery-1 is-layout-flex wp-block-gallery-is-layout-flex\"><ul class=\"blocks-gallery-grid\"><li class=\"blocks-gallery-item\"><figure><img decoding=\"async\" src=\"https:\/\/homemagazine.cz\/wp-content\/uploads\/2022\/09\/Luxent_Rezidence-Brodce_interier_vizualizace_03-840x472.jpg\" alt=\"\" data-id=\"3897\" data-full-url=\"https:\/\/homemagazine.cz\/wp-content\/uploads\/2022\/09\/Luxent_Rezidence-Brodce_interier_vizualizace_03.jpg\" data-link=\"https:\/\/homemagazine.cz\/?attachment_id=3897\" class=\"wp-image-3897\"\/><\/figure><\/li><li class=\"blocks-gallery-item\"><figure><img decoding=\"async\" src=\"https:\/\/homemagazine.cz\/wp-content\/uploads\/2022\/09\/Luxent_Rezidence-Brodce_interier_vizualizace_01-840x472.jpg\" alt=\"\" data-id=\"3895\" data-full-url=\"https:\/\/homemagazine.cz\/wp-content\/uploads\/2022\/09\/Luxent_Rezidence-Brodce_interier_vizualizace_01.jpg\" data-link=\"https:\/\/homemagazine.cz\/?attachment_id=3895\" class=\"wp-image-3895\"\/><\/figure><\/li><\/ul><\/figure>\n\n\n\n<div style=\"height:22px\" aria-hidden=\"true\" class=\"wp-block-spacer\"><\/div>\n\n\n\n<p>Komplex vyr\u016fst\u00e1 na okraji obce Brodce nad Jizerou a je citliv\u011b zasazen\u00fd do p\u0159ilehl\u00e9 okoln\u00ed z\u00e1stavby, p\u0159itom v\u0161ak architektonicky naru\u0161\u00ed jej\u00ed uniformitu. Druh\u00e1 nadzemn\u00ed podla\u017e\u00ed budou z\u00e1m\u011brn\u011b vykonzolovan\u00e1 nad p\u016fdorysem p\u0159\u00edzem\u00ed, aby v uli\u010dn\u00edm parteru vzniklo kryt\u00e9 z\u00e1dve\u0159\u00ed a v soukrom\u00e9 \u010d\u00e1sti zahrady p\u0159irozen\u011b kryt\u00e1 terasa. Horn\u00ed podla\u017e\u00ed nevypln\u00ed celou \u0161\u00ed\u0159i zastav\u011bn\u00e9ho pozemku, \u010d\u00edm\u017e bude odleh\u010den celkov\u00fd r\u00e1z novostaveb. Developerem projektu je stavebn\u00ed spole\u010dnost Simple Progress, o jeho n\u00e1vrh se postaral ateli\u00e9r AV architekti.<\/p>\n\n\n\n<div style=\"height:22px\" aria-hidden=\"true\" class=\"wp-block-spacer\"><\/div>\n\n\n\n<figure class=\"wp-block-gallery columns-2 is-cropped wp-block-gallery-3 is-layout-flex wp-block-gallery-is-layout-flex\"><ul class=\"blocks-gallery-grid\"><li class=\"blocks-gallery-item\"><figure><img decoding=\"async\" src=\"https:\/\/homemagazine.cz\/wp-content\/uploads\/2022\/09\/Luxent_Rezidence-Brodce_interier_vizualizace_02-840x472.jpg\" alt=\"\" data-id=\"3896\" data-full-url=\"https:\/\/homemagazine.cz\/wp-content\/uploads\/2022\/09\/Luxent_Rezidence-Brodce_interier_vizualizace_02.jpg\" data-link=\"https:\/\/homemagazine.cz\/?attachment_id=3896\" class=\"wp-image-3896\"\/><\/figure><\/li><li class=\"blocks-gallery-item\"><figure><img decoding=\"async\" src=\"https:\/\/homemagazine.cz\/wp-content\/uploads\/2022\/09\/Luxent_Rezidence-Brodce_interier_vizualizace_04-840x472.jpg\" alt=\"\" data-id=\"3898\" data-full-url=\"https:\/\/homemagazine.cz\/wp-content\/uploads\/2022\/09\/Luxent_Rezidence-Brodce_interier_vizualizace_04.jpg\" data-link=\"https:\/\/homemagazine.cz\/?attachment_id=3898\" class=\"wp-image-3898\"\/><\/figure><\/li><\/ul><\/figure>\n\n\n\n<div style=\"height:23px\" aria-hidden=\"true\" class=\"wp-block-spacer\"><\/div>\n\n\n\n<p>\u201e<em>Exkluzivn\u00ed rodinn\u00e9 domy spl\u0148uj\u00ed n\u00e1ro\u010dn\u00e9 po\u017eadavky na sou\u010dasn\u00e9 modern\u00ed bydlen\u00ed a budouc\u00edm majitel\u016fm nab\u00edz\u00ed maxim\u00e1ln\u00ed komfort, kter\u00fd stoj\u00ed na atraktivn\u00ed architektu\u0159e a&nbsp;vysok\u00e9m standardu vybaven\u00ed. Projekt je navr\u017een tak, aby sv\u00fdm obyvatel\u016fm poskytl pohodl\u00ed, soukrom\u00ed a&nbsp;kvalitn\u00ed prostor pro \u017eivot,\u201c<\/em> uv\u00e1d\u00ed realitn\u00ed makl\u00e9\u0159ka spole\u010dnosti<strong>&nbsp;<a href=\"http:\/\/www.luxent.cz\/\">Luxent \u2013 Exclusive Properties<\/a> Romana \u010cerm\u00e1kov\u00e1 a dod\u00e1v\u00e1<\/strong>: <em>\u201eTo v\u0161e nav\u00edc v&nbsp;lokalit\u011b obklopen\u00e9 p\u0159\u00edrodou a s&nbsp;dobrou dostupnost\u00ed jak do Prahy, tak do Mlad\u00e9 Boleslavi. Tento benefit ur\u010dit\u011b ocen\u00ed lid\u00e9 pracuj\u00edc\u00ed nejen v&nbsp;metropoli, ale i bl\u00edzk\u00e9m okol\u00ed, kte\u0159\u00ed sh\u00e1n\u011bj\u00ed nov\u00fd domov s&nbsp;klidnou rodinnou atmosf\u00e9rou a nav\u00edc bez zdlouhav\u00e9ho doj\u00ed\u017ed\u011bn\u00ed. \u201c<\/em><\/p>\n\n\n\n<div style=\"height:22px\" aria-hidden=\"true\" class=\"wp-block-spacer\"><\/div>\n\n\n\n<figure class=\"wp-block-image size-large\"><img decoding=\"async\" src=\"https:\/\/homemagazine.cz\/wp-content\/uploads\/2022\/09\/Luxent_Rezidence-Brodce_exterier_vizualizace_06-840x472.jpg\" alt=\"\" class=\"wp-image-3894\"\/><\/figure>\n\n\n\n<div style=\"height:22px\" aria-hidden=\"true\" class=\"wp-block-spacer\"><\/div>\n\n\n\n<h2 class=\"wp-block-heading\"><strong>Na dosah zeleni i m\u011bstu<\/strong><\/h2>\n\n\n\n<div style=\"height:23px\" aria-hidden=\"true\" class=\"wp-block-spacer\"><\/div>\n\n\n\n<p>V m\u011bstysu Brodce nad Jizerou naleznou nov\u00ed rezidenti ve\u0161kerou pot\u0159ebnou ob\u010danskou vybavenost, nap\u0159\u00edklad z\u00e1kladn\u00ed i mate\u0159skou \u0161kolu, po\u0161tu, obchod s potravinami, restauraci, ordinaci praktick\u00e9ho a tak\u00e9 veterin\u00e1rn\u00edho l\u00e9ka\u0159e. Za dal\u0161\u00edm spektrem obchod\u016f a slu\u017eeb je mo\u017en\u00e9 vyrazit do 10 minut vzd\u00e1len\u00e9 Mlad\u00e9 Boleslavi. Pouh\u00e9 3 minuty od projektu se nach\u00e1z\u00ed n\u00e1jezd na d\u00e1lnici D10 Praha-Liberec. Cesta do hlavn\u00edho m\u011bsta, konkr\u00e9tn\u011b do OC \u010cern\u00fd most a na stejnojmennou stanici metra, tak trv\u00e1 cca 20 minut autem, do centra pak zhruba hodinu. Mezim\u011bstskou dopravu zaji\u0161\u0165uje rovn\u011b\u017e zast\u00e1vka autobus\u016f v bl\u00edzkosti rezidence.<\/p>\n\n\n\n<div style=\"height:23px\" aria-hidden=\"true\" class=\"wp-block-spacer\"><\/div>\n\n\n\n<figure class=\"wp-block-image size-large\"><img decoding=\"async\" src=\"https:\/\/homemagazine.cz\/wp-content\/uploads\/2022\/09\/Luxent_Rezidence-Brodce_exterier_vizualizace_04-840x472.jpg\" alt=\"\" class=\"wp-image-3892\"\/><\/figure>\n\n\n\n<div style=\"height:23px\" aria-hidden=\"true\" class=\"wp-block-spacer\"><\/div>\n\n\n\n<p>Brodce nad Jizerou pat\u0159\u00ed do regionu Doln\u00ed Pojize\u0159\u00ed, kter\u00fd nab\u00edz\u00ed spoustu p\u0159\u00edle\u017eitost\u00ed k&nbsp;tr\u00e1ven\u00ed voln\u00e9ho \u010dasu. Okoln\u00ed p\u0159\u00edroda vyb\u00edz\u00ed k proch\u00e1zk\u00e1m, cykloturistice i ryba\u0159en\u00ed. Na v\u00fdlety se d\u00e1 vydat do nedalek\u00fdch skaln\u00edch m\u011bst \u010di k mno\u017estv\u00ed rybn\u00edk\u016f v \u010dele s M\u00e1chov\u00fdm jezerem. O outdoorov\u00e9 vy\u017eit\u00ed se postar\u00e1 tak\u00e9 p\u00e1r kilometr\u016f vzd\u00e1len\u00fd \u010cesk\u00fd R\u00e1j a poho\u0159\u00ed Krkono\u0161e. Kulturn\u00ed nad\u0161enci ocen\u00ed divadlo, kino, muzeum anebo hrad v Mlad\u00e9 Boleslavi.<\/p>\n\n\n\n<div style=\"height:48px\" aria-hidden=\"true\" class=\"wp-block-spacer\"><\/div>\n\n\n\n<figure class=\"wp-block-gallery columns-2 is-cropped wp-block-gallery-5 is-layout-flex wp-block-gallery-is-layout-flex\"><ul class=\"blocks-gallery-grid\"><li class=\"blocks-gallery-item\"><figure><img decoding=\"async\" src=\"https:\/\/homemagazine.cz\/wp-content\/uploads\/2022\/09\/Luxent_Rezidence-Brodce_exterier_vizualizace_01-840x472.jpg\" alt=\"\" data-id=\"3889\" data-full-url=\"https:\/\/homemagazine.cz\/wp-content\/uploads\/2022\/09\/Luxent_Rezidence-Brodce_exterier_vizualizace_01.jpg\" data-link=\"https:\/\/homemagazine.cz\/?attachment_id=3889\" class=\"wp-image-3889\"\/><\/figure><\/li><li class=\"blocks-gallery-item\"><figure><img decoding=\"async\" src=\"https:\/\/homemagazine.cz\/wp-content\/uploads\/2022\/09\/Luxent_Rezidence-Brodce_exterier_vizualizace_03-840x472.jpg\" alt=\"\" data-id=\"3891\" data-full-url=\"https:\/\/homemagazine.cz\/wp-content\/uploads\/2022\/09\/Luxent_Rezidence-Brodce_exterier_vizualizace_03.jpg\" data-link=\"https:\/\/homemagazine.cz\/?attachment_id=3891\" class=\"wp-image-3891\"\/><\/figure><\/li><li class=\"blocks-gallery-item\"><figure><img decoding=\"async\" src=\"https:\/\/homemagazine.cz\/wp-content\/uploads\/2022\/09\/Luxent_Rezidence-Brodce_exterier_vizualizace_02-840x472.jpg\" alt=\"\" data-id=\"3890\" data-full-url=\"https:\/\/homemagazine.cz\/wp-content\/uploads\/2022\/09\/Luxent_Rezidence-Brodce_exterier_vizualizace_02.jpg\" data-link=\"https:\/\/homemagazine.cz\/?attachment_id=3890\" class=\"wp-image-3890\"\/><\/figure><\/li><li class=\"blocks-gallery-item\"><figure><img decoding=\"async\" src=\"https:\/\/homemagazine.cz\/wp-content\/uploads\/2022\/09\/Luxent_Rezidence-Brodce_exterier_vizualizace_05-840x472.jpg\" alt=\"\" data-id=\"3893\" data-full-url=\"https:\/\/homemagazine.cz\/wp-content\/uploads\/2022\/09\/Luxent_Rezidence-Brodce_exterier_vizualizace_05.jpg\" data-link=\"https:\/\/homemagazine.cz\/?attachment_id=3893\" class=\"wp-image-3893\"\/><\/figure><\/li><li class=\"blocks-gallery-item\"><figure><img decoding=\"async\" src=\"https:\/\/homemagazine.cz\/wp-content\/uploads\/2022\/09\/Luxent_Rezidence-Brodce_exterier_vizualizace_06-840x472.jpg\" alt=\"\" data-id=\"3894\" data-full-url=\"https:\/\/homemagazine.cz\/wp-content\/uploads\/2022\/09\/Luxent_Rezidence-Brodce_exterier_vizualizace_06.jpg\" data-link=\"https:\/\/homemagazine.cz\/?attachment_id=3894\" class=\"wp-image-3894\"\/><\/figure><\/li><li class=\"blocks-gallery-item\"><figure><img decoding=\"async\" src=\"https:\/\/homemagazine.cz\/wp-content\/uploads\/2022\/09\/Luxent_Rezidence-Brodce_exterier_vizualizace_04-840x472.jpg\" alt=\"\" data-id=\"3892\" data-full-url=\"https:\/\/homemagazine.cz\/wp-content\/uploads\/2022\/09\/Luxent_Rezidence-Brodce_exterier_vizualizace_04.jpg\" data-link=\"https:\/\/homemagazine.cz\/?attachment_id=3892\" class=\"wp-image-3892\"\/><\/figure><\/li><li class=\"blocks-gallery-item\"><figure><img decoding=\"async\" src=\"https:\/\/homemagazine.cz\/wp-content\/uploads\/2022\/09\/Luxent_Rezidence-Brodce_interier_vizualizace_01-840x472.jpg\" alt=\"\" data-id=\"3895\" data-full-url=\"https:\/\/homemagazine.cz\/wp-content\/uploads\/2022\/09\/Luxent_Rezidence-Brodce_interier_vizualizace_01.jpg\" data-link=\"https:\/\/homemagazine.cz\/?attachment_id=3895\" class=\"wp-image-3895\"\/><\/figure><\/li><li class=\"blocks-gallery-item\"><figure><img decoding=\"async\" src=\"https:\/\/homemagazine.cz\/wp-content\/uploads\/2022\/09\/Luxent_Rezidence-Brodce_interier_vizualizace_03-840x472.jpg\" alt=\"\" data-id=\"3897\" data-full-url=\"https:\/\/homemagazine.cz\/wp-content\/uploads\/2022\/09\/Luxent_Rezidence-Brodce_interier_vizualizace_03.jpg\" data-link=\"https:\/\/homemagazine.cz\/?attachment_id=3897\" class=\"wp-image-3897\"\/><\/figure><\/li><li class=\"blocks-gallery-item\"><figure><img decoding=\"async\" src=\"https:\/\/homemagazine.cz\/wp-content\/uploads\/2022\/09\/Luxent_Rezidence-Brodce_interier_vizualizace_02-840x472.jpg\" alt=\"\" data-id=\"3896\" data-full-url=\"https:\/\/homemagazine.cz\/wp-content\/uploads\/2022\/09\/Luxent_Rezidence-Brodce_interier_vizualizace_02.jpg\" data-link=\"https:\/\/homemagazine.cz\/?attachment_id=3896\" class=\"wp-image-3896\"\/><\/figure><\/li><li class=\"blocks-gallery-item\"><figure><img decoding=\"async\" src=\"https:\/\/homemagazine.cz\/wp-content\/uploads\/2022\/09\/Luxent_Rezidence-Brodce_interier_vizualizace_04-840x472.jpg\" alt=\"\" data-id=\"3898\" data-full-url=\"https:\/\/homemagazine.cz\/wp-content\/uploads\/2022\/09\/Luxent_Rezidence-Brodce_interier_vizualizace_04.jpg\" data-link=\"https:\/\/homemagazine.cz\/?attachment_id=3898\" class=\"wp-image-3898\"\/><\/figure><\/li><\/ul><\/figure>\n\n\n\n<p><strong>Zdroj foto: Luxent \u2013 Exclusive Properties<\/strong> <\/p>\n\n\n\n<div style=\"height:55px\" aria-hidden=\"true\" class=\"wp-block-spacer\"><\/div>\n","protected":false},"excerpt":{"rendered":"<p>Rezidence Brodce s&nbsp;19 luxusn\u00edmi domy o dispozici 4+kk vyr\u016fst\u00e1 na okraji m\u011bstyse Brodce nad Jizerou, pouh\u00fdch 10 km od Mlad\u00e9 Boleslavi. Jejich v\u00fdhradn\u00ed prodej zaji\u0161\u0165uje realitn\u00ed kancel\u00e1\u0159 Luxent \u2013 Exclusive Properties. T\u00e9m\u011b\u0159 t\u0159etina z&nbsp;nich je ji\u017e rezervov\u00e1na. Pro z\u00e1jemce se v polovin\u011b roku 2023 chyst\u00e1 otev\u0159en\u00ed vzorov\u00e9ho domu. V\u00fdstavba projektu by m\u011bla b\u00fdt zah\u00e1jena letos [&hellip;]<\/p>\n","protected":false},"author":3,"featured_media":2802,"comment_status":"closed","ping_status":"closed","sticky":false,"template":"","format":"standard","meta":{"_mi_skip_tracking":false,"_monsterinsights_sitenote_active":false,"_monsterinsights_sitenote_note":"","_monsterinsights_sitenote_category":0,"footnotes":""},"categories":[5,2,13],"tags":[],"yoast_head":"<!-- This site is optimized with the Yoast SEO plugin v21.4 - https:\/\/yoast.com\/wordpress\/plugins\/seo\/ -->\n<title>U Mlad\u00e9 Boleslavi vznik\u00e1 exkluzivn\u00ed projekt Rezidence Brodce - LUXURYMAGAZINE.cz<\/title>\n<meta name=\"robots\" content=\"index, follow, max-snippet:-1, max-image-preview:large, max-video-preview:-1\" \/>\n<link rel=\"canonical\" href=\"https:\/\/luxurymagazine.cz\/index.php\/2022\/09\/13\/u-mlade-boleslavi-vznika-exkluzivni-projekt-rezidence-brodce\/\" \/>\n<meta property=\"og:locale\" content=\"cs_CZ\" \/>\n<meta property=\"og:type\" content=\"article\" \/>\n<meta property=\"og:title\" content=\"U Mlad\u00e9 Boleslavi vznik\u00e1 exkluzivn\u00ed projekt Rezidence Brodce - LUXURYMAGAZINE.cz\" \/>\n<meta property=\"og:description\" content=\"Rezidence Brodce s&nbsp;19 luxusn\u00edmi domy o dispozici 4+kk vyr\u016fst\u00e1 na okraji m\u011bstyse Brodce nad Jizerou, pouh\u00fdch 10 km od Mlad\u00e9 Boleslavi. Jejich v\u00fdhradn\u00ed prodej zaji\u0161\u0165uje realitn\u00ed kancel\u00e1\u0159 Luxent \u2013 Exclusive Properties. T\u00e9m\u011b\u0159 t\u0159etina z&nbsp;nich je ji\u017e rezervov\u00e1na. Pro z\u00e1jemce se v polovin\u011b roku 2023 chyst\u00e1 otev\u0159en\u00ed vzorov\u00e9ho domu. V\u00fdstavba projektu by m\u011bla b\u00fdt zah\u00e1jena letos [&hellip;]\" \/>\n<meta property=\"og:url\" content=\"https:\/\/luxurymagazine.cz\/index.php\/2022\/09\/13\/u-mlade-boleslavi-vznika-exkluzivni-projekt-rezidence-brodce\/\" \/>\n<meta property=\"og:site_name\" content=\"LUXURYMAGAZINE.cz\" \/>\n<meta property=\"article:published_time\" content=\"2022-09-12T22:36:19+00:00\" \/>\n<meta property=\"article:modified_time\" content=\"2022-10-19T22:00:13+00:00\" \/>\n<meta property=\"og:image\" content=\"https:\/\/luxurymagazine.cz\/wp-content\/uploads\/2022\/09\/Luxent_Rezidence-Brodce_exterier_vizualizace_01.jpg\" \/>\n\t<meta property=\"og:image:width\" content=\"1250\" \/>\n\t<meta property=\"og:image:height\" content=\"703\" \/>\n\t<meta property=\"og:image:type\" content=\"image\/jpeg\" \/>\n<meta name=\"author\" content=\"Miroslav Van\u011bk\" \/>\n<meta name=\"twitter:card\" content=\"summary_large_image\" \/>\n<meta name=\"twitter:label1\" content=\"Napsal(a)\" \/>\n\t<meta name=\"twitter:data1\" content=\"Miroslav Van\u011bk\" \/>\n\t<meta name=\"twitter:label2\" content=\"Odhadovan\u00e1 doba \u010dten\u00ed\" \/>\n\t<meta name=\"twitter:data2\" content=\"4 minuty\" \/>\n<script type=\"application\/ld+json\" class=\"yoast-schema-graph\">{\"@context\":\"https:\/\/schema.org\",\"@graph\":[{\"@type\":\"Article\",\"@id\":\"https:\/\/luxurymagazine.cz\/index.php\/2022\/09\/13\/u-mlade-boleslavi-vznika-exkluzivni-projekt-rezidence-brodce\/#article\",\"isPartOf\":{\"@id\":\"https:\/\/luxurymagazine.cz\/index.php\/2022\/09\/13\/u-mlade-boleslavi-vznika-exkluzivni-projekt-rezidence-brodce\/\"},\"author\":{\"name\":\"Miroslav Van\u011bk\",\"@id\":\"https:\/\/luxurymagazine.cz\/#\/schema\/person\/44a069a3b1eab523585f7325b6e54254\"},\"headline\":\"U Mlad\u00e9 Boleslavi vznik\u00e1 exkluzivn\u00ed projekt Rezidence Brodce\",\"datePublished\":\"2022-09-12T22:36:19+00:00\",\"dateModified\":\"2022-10-19T22:00:13+00:00\",\"mainEntityOfPage\":{\"@id\":\"https:\/\/luxurymagazine.cz\/index.php\/2022\/09\/13\/u-mlade-boleslavi-vznika-exkluzivni-projekt-rezidence-brodce\/\"},\"wordCount\":728,\"publisher\":{\"@id\":\"https:\/\/luxurymagazine.cz\/#organization\"},\"articleSection\":[\"BYDLEN\u00cd &amp; DESIGN\",\"NEWS\",\"TIPY &amp; TRENDY\"],\"inLanguage\":\"cs\"},{\"@type\":\"WebPage\",\"@id\":\"https:\/\/luxurymagazine.cz\/index.php\/2022\/09\/13\/u-mlade-boleslavi-vznika-exkluzivni-projekt-rezidence-brodce\/\",\"url\":\"https:\/\/luxurymagazine.cz\/index.php\/2022\/09\/13\/u-mlade-boleslavi-vznika-exkluzivni-projekt-rezidence-brodce\/\",\"name\":\"U Mlad\u00e9 Boleslavi vznik\u00e1 exkluzivn\u00ed projekt Rezidence Brodce - LUXURYMAGAZINE.cz\",\"isPartOf\":{\"@id\":\"https:\/\/luxurymagazine.cz\/#website\"},\"datePublished\":\"2022-09-12T22:36:19+00:00\",\"dateModified\":\"2022-10-19T22:00:13+00:00\",\"breadcrumb\":{\"@id\":\"https:\/\/luxurymagazine.cz\/index.php\/2022\/09\/13\/u-mlade-boleslavi-vznika-exkluzivni-projekt-rezidence-brodce\/#breadcrumb\"},\"inLanguage\":\"cs\",\"potentialAction\":[{\"@type\":\"ReadAction\",\"target\":[\"https:\/\/luxurymagazine.cz\/index.php\/2022\/09\/13\/u-mlade-boleslavi-vznika-exkluzivni-projekt-rezidence-brodce\/\"]}]},{\"@type\":\"BreadcrumbList\",\"@id\":\"https:\/\/luxurymagazine.cz\/index.php\/2022\/09\/13\/u-mlade-boleslavi-vznika-exkluzivni-projekt-rezidence-brodce\/#breadcrumb\",\"itemListElement\":[{\"@type\":\"ListItem\",\"position\":1,\"name\":\"Dom\u016f\",\"item\":\"https:\/\/luxurymagazine.cz\/\"},{\"@type\":\"ListItem\",\"position\":2,\"name\":\"U Mlad\u00e9 Boleslavi vznik\u00e1 exkluzivn\u00ed projekt Rezidence Brodce\"}]},{\"@type\":\"WebSite\",\"@id\":\"https:\/\/luxurymagazine.cz\/#website\",\"url\":\"https:\/\/luxurymagazine.cz\/\",\"name\":\"LUXURYMAGAZINE.cz\",\"description\":\"Port\u00e1l v\u00fdhradn\u011b o luxusu...\",\"publisher\":{\"@id\":\"https:\/\/luxurymagazine.cz\/#organization\"},\"potentialAction\":[{\"@type\":\"SearchAction\",\"target\":{\"@type\":\"EntryPoint\",\"urlTemplate\":\"https:\/\/luxurymagazine.cz\/?s={search_term_string}\"},\"query-input\":\"required name=search_term_string\"}],\"inLanguage\":\"cs\"},{\"@type\":\"Organization\",\"@id\":\"https:\/\/luxurymagazine.cz\/#organization\",\"name\":\"LUXURYMAGAZINE.cz\",\"url\":\"https:\/\/luxurymagazine.cz\/\",\"logo\":{\"@type\":\"ImageObject\",\"inLanguage\":\"cs\",\"@id\":\"https:\/\/luxurymagazine.cz\/#\/schema\/logo\/image\/\",\"url\":\"https:\/\/luxurymagazine.cz\/wp-content\/uploads\/2024\/12\/cropped-Logo_LuxuryMagazine-1.jpg\",\"contentUrl\":\"https:\/\/luxurymagazine.cz\/wp-content\/uploads\/2024\/12\/cropped-Logo_LuxuryMagazine-1.jpg\",\"width\":934,\"height\":509,\"caption\":\"LUXURYMAGAZINE.cz\"},\"image\":{\"@id\":\"https:\/\/luxurymagazine.cz\/#\/schema\/logo\/image\/\"}},{\"@type\":\"Person\",\"@id\":\"https:\/\/luxurymagazine.cz\/#\/schema\/person\/44a069a3b1eab523585f7325b6e54254\",\"name\":\"Miroslav Van\u011bk\",\"image\":{\"@type\":\"ImageObject\",\"inLanguage\":\"cs\",\"@id\":\"https:\/\/luxurymagazine.cz\/#\/schema\/person\/image\/\",\"url\":\"https:\/\/secure.gravatar.com\/avatar\/cc93dbecbfc820d69a964ea4a1c72377?s=96&d=mm&r=g\",\"contentUrl\":\"https:\/\/secure.gravatar.com\/avatar\/cc93dbecbfc820d69a964ea4a1c72377?s=96&d=mm&r=g\",\"caption\":\"Miroslav Van\u011bk\"},\"sameAs\":[\"http:\/\/LUXURYMAGAZINE.cz\"],\"url\":\"https:\/\/luxurymagazine.cz\/index.php\/author\/mirvan\/\"}]}<\/script>\n<!-- \/ Yoast SEO plugin. -->","yoast_head_json":{"title":"U Mlad\u00e9 Boleslavi vznik\u00e1 exkluzivn\u00ed projekt Rezidence Brodce - LUXURYMAGAZINE.cz","robots":{"index":"index","follow":"follow","max-snippet":"max-snippet:-1","max-image-preview":"max-image-preview:large","max-video-preview":"max-video-preview:-1"},"canonical":"https:\/\/luxurymagazine.cz\/index.php\/2022\/09\/13\/u-mlade-boleslavi-vznika-exkluzivni-projekt-rezidence-brodce\/","og_locale":"cs_CZ","og_type":"article","og_title":"U Mlad\u00e9 Boleslavi vznik\u00e1 exkluzivn\u00ed projekt Rezidence Brodce - LUXURYMAGAZINE.cz","og_description":"Rezidence Brodce s&nbsp;19 luxusn\u00edmi domy o dispozici 4+kk vyr\u016fst\u00e1 na okraji m\u011bstyse Brodce nad Jizerou, pouh\u00fdch 10 km od Mlad\u00e9 Boleslavi. Jejich v\u00fdhradn\u00ed prodej zaji\u0161\u0165uje realitn\u00ed kancel\u00e1\u0159 Luxent \u2013 Exclusive Properties. T\u00e9m\u011b\u0159 t\u0159etina z&nbsp;nich je ji\u017e rezervov\u00e1na. Pro z\u00e1jemce se v polovin\u011b roku 2023 chyst\u00e1 otev\u0159en\u00ed vzorov\u00e9ho domu. V\u00fdstavba projektu by m\u011bla b\u00fdt zah\u00e1jena letos [&hellip;]","og_url":"https:\/\/luxurymagazine.cz\/index.php\/2022\/09\/13\/u-mlade-boleslavi-vznika-exkluzivni-projekt-rezidence-brodce\/","og_site_name":"LUXURYMAGAZINE.cz","article_published_time":"2022-09-12T22:36:19+00:00","article_modified_time":"2022-10-19T22:00:13+00:00","og_image":[{"width":1250,"height":703,"url":"https:\/\/luxurymagazine.cz\/wp-content\/uploads\/2022\/09\/Luxent_Rezidence-Brodce_exterier_vizualizace_01.jpg","type":"image\/jpeg"}],"author":"Miroslav Van\u011bk","twitter_card":"summary_large_image","twitter_misc":{"Napsal(a)":"Miroslav Van\u011bk","Odhadovan\u00e1 doba \u010dten\u00ed":"4 minuty"},"schema":{"@context":"https:\/\/schema.org","@graph":[{"@type":"Article","@id":"https:\/\/luxurymagazine.cz\/index.php\/2022\/09\/13\/u-mlade-boleslavi-vznika-exkluzivni-projekt-rezidence-brodce\/#article","isPartOf":{"@id":"https:\/\/luxurymagazine.cz\/index.php\/2022\/09\/13\/u-mlade-boleslavi-vznika-exkluzivni-projekt-rezidence-brodce\/"},"author":{"name":"Miroslav Van\u011bk","@id":"https:\/\/luxurymagazine.cz\/#\/schema\/person\/44a069a3b1eab523585f7325b6e54254"},"headline":"U Mlad\u00e9 Boleslavi vznik\u00e1 exkluzivn\u00ed projekt Rezidence Brodce","datePublished":"2022-09-12T22:36:19+00:00","dateModified":"2022-10-19T22:00:13+00:00","mainEntityOfPage":{"@id":"https:\/\/luxurymagazine.cz\/index.php\/2022\/09\/13\/u-mlade-boleslavi-vznika-exkluzivni-projekt-rezidence-brodce\/"},"wordCount":728,"publisher":{"@id":"https:\/\/luxurymagazine.cz\/#organization"},"articleSection":["BYDLEN\u00cd &amp; DESIGN","NEWS","TIPY &amp; TRENDY"],"inLanguage":"cs"},{"@type":"WebPage","@id":"https:\/\/luxurymagazine.cz\/index.php\/2022\/09\/13\/u-mlade-boleslavi-vznika-exkluzivni-projekt-rezidence-brodce\/","url":"https:\/\/luxurymagazine.cz\/index.php\/2022\/09\/13\/u-mlade-boleslavi-vznika-exkluzivni-projekt-rezidence-brodce\/","name":"U Mlad\u00e9 Boleslavi vznik\u00e1 exkluzivn\u00ed projekt Rezidence Brodce - LUXURYMAGAZINE.cz","isPartOf":{"@id":"https:\/\/luxurymagazine.cz\/#website"},"datePublished":"2022-09-12T22:36:19+00:00","dateModified":"2022-10-19T22:00:13+00:00","breadcrumb":{"@id":"https:\/\/luxurymagazine.cz\/index.php\/2022\/09\/13\/u-mlade-boleslavi-vznika-exkluzivni-projekt-rezidence-brodce\/#breadcrumb"},"inLanguage":"cs","potentialAction":[{"@type":"ReadAction","target":["https:\/\/luxurymagazine.cz\/index.php\/2022\/09\/13\/u-mlade-boleslavi-vznika-exkluzivni-projekt-rezidence-brodce\/"]}]},{"@type":"BreadcrumbList","@id":"https:\/\/luxurymagazine.cz\/index.php\/2022\/09\/13\/u-mlade-boleslavi-vznika-exkluzivni-projekt-rezidence-brodce\/#breadcrumb","itemListElement":[{"@type":"ListItem","position":1,"name":"Dom\u016f","item":"https:\/\/luxurymagazine.cz\/"},{"@type":"ListItem","position":2,"name":"U Mlad\u00e9 Boleslavi vznik\u00e1 exkluzivn\u00ed projekt Rezidence Brodce"}]},{"@type":"WebSite","@id":"https:\/\/luxurymagazine.cz\/#website","url":"https:\/\/luxurymagazine.cz\/","name":"LUXURYMAGAZINE.cz","description":"Port\u00e1l v\u00fdhradn\u011b o luxusu...","publisher":{"@id":"https:\/\/luxurymagazine.cz\/#organization"},"potentialAction":[{"@type":"SearchAction","target":{"@type":"EntryPoint","urlTemplate":"https:\/\/luxurymagazine.cz\/?s={search_term_string}"},"query-input":"required name=search_term_string"}],"inLanguage":"cs"},{"@type":"Organization","@id":"https:\/\/luxurymagazine.cz\/#organization","name":"LUXURYMAGAZINE.cz","url":"https:\/\/luxurymagazine.cz\/","logo":{"@type":"ImageObject","inLanguage":"cs","@id":"https:\/\/luxurymagazine.cz\/#\/schema\/logo\/image\/","url":"https:\/\/luxurymagazine.cz\/wp-content\/uploads\/2024\/12\/cropped-Logo_LuxuryMagazine-1.jpg","contentUrl":"https:\/\/luxurymagazine.cz\/wp-content\/uploads\/2024\/12\/cropped-Logo_LuxuryMagazine-1.jpg","width":934,"height":509,"caption":"LUXURYMAGAZINE.cz"},"image":{"@id":"https:\/\/luxurymagazine.cz\/#\/schema\/logo\/image\/"}},{"@type":"Person","@id":"https:\/\/luxurymagazine.cz\/#\/schema\/person\/44a069a3b1eab523585f7325b6e54254","name":"Miroslav Van\u011bk","image":{"@type":"ImageObject","inLanguage":"cs","@id":"https:\/\/luxurymagazine.cz\/#\/schema\/person\/image\/","url":"https:\/\/secure.gravatar.com\/avatar\/cc93dbecbfc820d69a964ea4a1c72377?s=96&d=mm&r=g","contentUrl":"https:\/\/secure.gravatar.com\/avatar\/cc93dbecbfc820d69a964ea4a1c72377?s=96&d=mm&r=g","caption":"Miroslav Van\u011bk"},"sameAs":["http:\/\/LUXURYMAGAZINE.cz"],"url":"https:\/\/luxurymagazine.cz\/index.php\/author\/mirvan\/"}]}},"_links":{"self":[{"href":"https:\/\/luxurymagazine.cz\/index.php\/wp-json\/wp\/v2\/posts\/2801"}],"collection":[{"href":"https:\/\/luxurymagazine.cz\/index.php\/wp-json\/wp\/v2\/posts"}],"about":[{"href":"https:\/\/luxurymagazine.cz\/index.php\/wp-json\/wp\/v2\/types\/post"}],"author":[{"embeddable":true,"href":"https:\/\/luxurymagazine.cz\/index.php\/wp-json\/wp\/v2\/users\/3"}],"replies":[{"embeddable":true,"href":"https:\/\/luxurymagazine.cz\/index.php\/wp-json\/wp\/v2\/comments?post=2801"}],"version-history":[{"count":-3,"href":"https:\/\/luxurymagazine.cz\/index.php\/wp-json\/wp\/v2\/posts\/2801\/revisions"}],"wp:featuredmedia":[{"embeddable":true,"href":"https:\/\/luxurymagazine.cz\/index.php\/wp-json\/wp\/v2\/media\/2802"}],"wp:attachment":[{"href":"https:\/\/luxurymagazine.cz\/index.php\/wp-json\/wp\/v2\/media?parent=2801"}],"wp:term":[{"taxonomy":"category","embeddable":true,"href":"https:\/\/luxurymagazine.cz\/index.php\/wp-json\/wp\/v2\/categories?post=2801"},{"taxonomy":"post_tag","embeddable":true,"href":"https:\/\/luxurymagazine.cz\/index.php\/wp-json\/wp\/v2\/tags?post=2801"}],"curies":[{"name":"wp","href":"https:\/\/api.w.org\/{rel}","templated":true}]}}