{"id":2812,"date":"2022-09-21T00:01:00","date_gmt":"2022-09-20T22:01:00","guid":{"rendered":"https:\/\/luxurymagazine.cz\/?p=2812"},"modified":"2022-10-28T14:40:41","modified_gmt":"2022-10-28T12:40:41","slug":"ubm-uvadi-na-trh-novy-rezidencni-projekt-astrid-garden-v-holesovicich","status":"publish","type":"post","link":"https:\/\/luxurymagazine.cz\/index.php\/2022\/09\/21\/ubm-uvadi-na-trh-novy-rezidencni-projekt-astrid-garden-v-holesovicich\/","title":{"rendered":"UBM uv\u00e1d\u00ed na trh nov\u00fd reziden\u010dn\u00ed projekt Astrid Garden v Hole\u0161ovic\u00edch"},"content":{"rendered":"\n<div style=\"height:27px\" aria-hidden=\"true\" class=\"wp-block-spacer\"><\/div>\n\n\n\n<p><strong>Spole\u010dnost UBM Development Czechia spou\u0161t\u00ed prodej reziden\u010dn\u00edho projektu Astrid Garden, kter\u00fd vyroste v\u00a0ulici U Pr\u016fhonu v\u00a0Praze 7 a v n\u011bm\u017e vznikne 138 byt\u016f a\u00a0dv\u011b obchodn\u00ed jednotky. V\u00fdstavba prob\u00edh\u00e1 od listopadu 2021 a jej\u00ed dokon\u010den\u00ed je pl\u00e1nov\u00e1no na druhou polovinu roku 2024. Reziden\u010dn\u00ed projekt Astrid Garden i sousedn\u00ed kancel\u00e1\u0159skou budovu Astrid Offices navrhlo renomovan\u00e9 a mnohokr\u00e1t ocen\u011bn\u00e9 architektonick\u00e9 studio Bogle Architects. Projekt je realizov\u00e1n s\u00a0ekologickou certifikac\u00ed BREEAM a jeho prodej zaji\u0161\u0165uje exkluzivn\u011b realitn\u00ed kancel\u00e1\u0159 Lexxus Norton.<\/strong><\/p>\n\n\n\n<div style=\"height:20px\" aria-hidden=\"true\" class=\"wp-block-spacer\"><\/div>\n\n\n\n<figure class=\"wp-block-image size-large\"><img decoding=\"async\" loading=\"lazy\" width=\"1024\" height=\"682\" src=\"https:\/\/luxurymagazine.cz\/wp-content\/uploads\/2022\/09\/UBM_Astrid-Garden_vizualizace_01-1024x682.jpg\" alt=\"\" class=\"wp-image-2813\" srcset=\"https:\/\/luxurymagazine.cz\/wp-content\/uploads\/2022\/09\/UBM_Astrid-Garden_vizualizace_01-1024x682.jpg 1024w, https:\/\/luxurymagazine.cz\/wp-content\/uploads\/2022\/09\/UBM_Astrid-Garden_vizualizace_01-300x200.jpg 300w, https:\/\/luxurymagazine.cz\/wp-content\/uploads\/2022\/09\/UBM_Astrid-Garden_vizualizace_01-768x512.jpg 768w, https:\/\/luxurymagazine.cz\/wp-content\/uploads\/2022\/09\/UBM_Astrid-Garden_vizualizace_01-730x485.jpg 730w, https:\/\/luxurymagazine.cz\/wp-content\/uploads\/2022\/09\/UBM_Astrid-Garden_vizualizace_01.jpg 1250w\" sizes=\"(max-width: 1024px) 100vw, 1024px\" \/><\/figure>\n\n\n\n<div style=\"height:20px\" aria-hidden=\"true\" class=\"wp-block-spacer\"><\/div>\n\n\n\n<p>Astrid Garden nab\u00edz\u00ed celkem 138 byt\u016f o dispozic\u00edch 1+kk a\u017e 4+kk a velikostech od 29,5 m? do 107 m?, v\u010detn\u011b dvou mezonet\u016f s&nbsp;vlastn\u00edm vchodem. Ka\u017ed\u00e1 jednotka bude m\u00edt k&nbsp;dispozici vlastn\u00ed sklep a&nbsp;parkovac\u00ed st\u00e1n\u00ed ve dvoupodla\u017en\u00ed podzemn\u00ed gar\u00e1\u017ei. V&nbsp;bytov\u00e9m dom\u011b vlastn\u00edci budou moci vyu\u017e\u00edt kol\u00e1rnu s&nbsp;my\u010dkou kol a d\u00edlnu. Budouc\u00ed rezidenti se mohou t\u011b\u0161it nejen na priv\u00e1tn\u00ed zahrady, st\u0159e\u0161n\u00ed terasy, ale tak\u00e9 na klidn\u00fd a na zele\u0148 bohat\u00fd vnitroblok. V&nbsp;p\u0159\u00edzem\u00ed domu v ulici U Pr\u016fhonu budou situov\u00e1ny dv\u011b obchodn\u00ed jednotky.<\/p>\n\n\n\n<div style=\"height:22px\" aria-hidden=\"true\" class=\"wp-block-spacer\"><\/div>\n\n\n\n<figure class=\"wp-block-image size-large\"><img decoding=\"async\" src=\"https:\/\/homemagazine.cz\/wp-content\/uploads\/2022\/09\/UBM_Astrid-Garden_vizualizace_02-840x560.jpg\" alt=\"\" class=\"wp-image-3913\"\/><\/figure>\n\n\n\n<div style=\"height:22px\" aria-hidden=\"true\" class=\"wp-block-spacer\"><\/div>\n\n\n\n<p><a><\/a> V&nbsp;souladu s&nbsp;n\u00e1zvem Astrid Garden bude na st\u0159ech\u00e1ch vysazena extenzivn\u00ed zele\u0148, v \u00farovni parteru pak intenzivn\u00ed zele\u0148 r\u016fznorod\u00fdch travin a strom\u016f. \u010c\u00e1sti st\u0159ech jednotliv\u00fdch sekc\u00ed bytov\u00e9ho domu budou os\u00e1zeny extenzivn\u00ed zelen\u00ed, je\u017e produkuje kysl\u00edk, zadr\u017euje oxid uhli\u010dit\u00fd, zabra\u0148uje p\u0159eh\u0159\u00edv\u00e1n\u00ed st\u0159ech, absorbuje \u0161kodliviny ze vzduchu, filtruje \u010d\u00e1stice prachu a zabra\u0148uje jeho v\u00ed\u0159en\u00ed, zm\u00edr\u0148uje tzv. efekt tepeln\u00e9ho ostrova, redukuje v\u00fdkyv teplot mezi dnem a noc\u00ed aj. Pro zavla\u017eov\u00e1n\u00ed st\u0159echy bude k dispozici de\u0161\u0165ov\u00e1 voda z&nbsp;akumula\u010dn\u00ed n\u00e1dr\u017ee. Reziden\u010dn\u00ed projekt spl\u0148uje sou\u010dasn\u00e9 po\u017eadavky na vyu\u017e\u00edv\u00e1n\u00ed obnoviteln\u00fdch zdroj\u016f a sni\u017eov\u00e1n\u00ed spot\u0159eby energi\u00ed. V sekc\u00edch bytov\u00e9ho domu do ulice U Pr\u016fhonu je v&nbsp;bytech navr\u017eena rekuperace pracuj\u00edc\u00ed na syst\u00e9mu zp\u011btn\u00e9ho z\u00edsk\u00e1v\u00e1n\u00ed tepla z&nbsp;odv\u00e1d\u011bn\u00e9ho vzduchu a&nbsp;napom\u00e1haj\u00edc\u00ed sn\u00ed\u017een\u00ed n\u00e1klad\u016f na vyt\u00e1p\u011bn\u00ed. V\u00fdtahy v&nbsp;objektu jsou vybaveny rekuperac\u00ed elekt\u0159iny.<\/p>\n\n\n\n<p>\u201e<em>M\u011bstsk\u00e1 \u010d\u00e1st Hole\u0161ovice proch\u00e1z\u00ed v posledn\u00edch letech dynamickou prom\u011bnou z p\u016fvodn\u011b industri\u00e1ln\u00ed \u010dtvrti na vyhled\u00e1vanou reziden\u010dn\u00ed lokalitu. Jsme r\u00e1di, \u017ee k&nbsp;tomuto o\u017eiven\u00ed p\u0159isp\u00edv\u00e1 tak\u00e9 UBM. V&nbsp;roce 2021 jsme zde zkolaudovali Astrid Offices, environment\u00e1ln\u011b \u0161etrnou a udr\u017eitelnou kancel\u00e1\u0159skou budovu s certifikac\u00ed LEED Gold, kter\u00e1 byla ocen\u011bna&nbsp;v presti\u017en\u00ed sout\u011b\u017ei \u201eBest of Realty &#8211; Nejlep\u0161\u00ed z realit&#8220; v&nbsp;kategorii Nov\u00e1 administrativn\u00ed centra. Na tento \u00fasp\u011bch pl\u00e1nujeme nav\u00e1zat s&nbsp;bytov\u00fdm domem Astrid Garden. V\u011b\u0159\u00edme, \u017ee budouc\u00edm vlastn\u00edk\u016fm nab\u00eddneme p\u0159\u00edjemn\u00e9 bydlen\u00ed,\u201c<\/em> \u0159\u00edk\u00e1 Josef Wiedermann, jednatel <a href=\"https:\/\/www.ubm-development.com\/cs\/laender\/czechia\/\"><strong>UBM Development Czechia<\/strong><\/a>. <em>\u201eNa prodej byt\u016f Astrid Garden jsme s&nbsp;ohledem na dosavadn\u00ed \u00fasp\u011b\u0161nou spolupr\u00e1ci uzav\u0159eli exkluzivn\u00ed partnerstv\u00ed s realitn\u00ed kancel\u00e1\u0159\u00ed Lexxus Norton a makl\u00e9\u0159skou spole\u010dnost\u00ed Hypoasistent, je\u017e se specializuje na oblast hypote\u010dn\u00edho financov\u00e1n\u00ed a servis,\u201c <\/em><strong>dod\u00e1v\u00e1 J.&nbsp;Wiedermann.<\/strong><\/p>\n\n\n\n<div style=\"height:23px\" aria-hidden=\"true\" class=\"wp-block-spacer\"><\/div>\n\n\n\n<figure class=\"wp-block-image size-large\"><img decoding=\"async\" src=\"https:\/\/homemagazine.cz\/wp-content\/uploads\/2022\/09\/UBM_Astrid-Garden_vizualizace_03-840x560.jpg\" alt=\"\" class=\"wp-image-3914\"\/><\/figure>\n\n\n\n<div style=\"height:23px\" aria-hidden=\"true\" class=\"wp-block-spacer\"><\/div>\n\n\n\n<h2 class=\"wp-block-heading\"><strong>V&nbsp;duchu modern\u00ed interpretace historick\u00e9ho industri\u00e1ln\u00edho stylu<\/strong><\/h2>\n\n\n\n<div style=\"height:22px\" aria-hidden=\"true\" class=\"wp-block-spacer\"><\/div>\n\n\n\n<p>Reziden\u010dn\u00ed komplex Astrid Garden v&nbsp;ulici U Pr\u016fhonu bude citliv\u011b zasazen do st\u00e1vaj\u00edc\u00ed z\u00e1stavby. Bytov\u00fd d\u016fm obsahuje osm sekc\u00ed se dv\u011bma, \u010dty\u0159mi a \u0161esti nadzemn\u00edmi podla\u017e\u00edmi. D\u00edky t\u00e9to architektonick\u00e9 koncepci jsou sekce komorn\u00edho charakteru, nebo\u0165 maj\u00ed vlastn\u00ed vchod a v\u00fdtah. Jedn\u00e1 se o novostavbu v&nbsp;m\u00edst\u011b b\u00fdval\u00e9 tov\u00e1rny kosmetick\u00e9 zna\u010dky Astrid s&nbsp;jednou rekonstruovanou budovou do ulice U&nbsp;Pr\u016fhonu, je\u017e b\u00fdvala s\u00eddlem majitele t\u00e9to sv\u011btozn\u00e1m\u00e9 zna\u010dky. Tato budova nab\u00eddne p\u016fsobiv\u00e9 interi\u00e9ry s&nbsp;vysok\u00fdmi stropy.<\/p>\n\n\n\n<p>Hlavn\u00ed my\u0161lenkou developera je postavit bytov\u00fd d\u016fm s&nbsp;pr\u016fchoz\u00edm zelen\u00fdm prostorem ve st\u0159edu are\u00e1lu. Pravideln\u011b odstup\u0148ovan\u00e9 fas\u00e1dy zajist\u00ed prosv\u011btlen\u00ed interi\u00e9r\u016f. <em>\u201ePromy\u0161len\u00e9 rozm\u00edst\u011bn\u00ed n\u00edzkopodla\u017en\u00edch \u010d\u00e1st\u00ed objekt\u016f s&nbsp;pouh\u00fdmi 20 byty vytvo\u0159\u00ed v&nbsp;kombinaci se spole\u010dn\u00fdmi prostory pln\u00fdmi zelen\u011b p\u0159\u00edjemnou komorn\u00ed atmosf\u00e9ru. Pocit bezpe\u010d\u00ed a klidu pak zajist\u00ed koncept uzav\u0159en\u00e9ho prostoru,\u201c <\/em><strong>popisuje Josef Wiedermann<\/strong>.<\/p>\n\n\n\n<div style=\"height:23px\" aria-hidden=\"true\" class=\"wp-block-spacer\"><\/div>\n\n\n\n<figure class=\"wp-block-image size-large\"><img decoding=\"async\" src=\"https:\/\/homemagazine.cz\/wp-content\/uploads\/2022\/09\/UBM_Astrid-Garden_vizualizace_01-840x560.jpg\" alt=\"\" class=\"wp-image-3912\"\/><\/figure>\n\n\n\n<div style=\"height:22px\" aria-hidden=\"true\" class=\"wp-block-spacer\"><\/div>\n\n\n\n<h2 class=\"wp-block-heading\"><strong>D\u0159\u00edve pr\u016fmyslov\u00e9 centrum, dnes tepaj\u00edc\u00ed \u010dtvr\u0165 21. stolet\u00ed<\/strong><\/h2>\n\n\n\n<div style=\"height:22px\" aria-hidden=\"true\" class=\"wp-block-spacer\"><\/div>\n\n\n\n<p>Hole\u0161ovice, t\u00e1hnouc\u00ed se pod\u00e9l meandru Vltavy a\u017e po n\u00e1vr\u0161\u00ed Letensk\u00e9 pl\u00e1n\u011b, charakterizuje rychl\u00fd rozvoj, skv\u011bl\u00e1 ob\u010dansk\u00e1 vybavenost a dopravn\u00ed dostupnost. Nach\u00e1z\u00ed se zde mimo jin\u00e9 vysok\u00fd po\u010det restaurac\u00ed, kav\u00e1ren a&nbsp;obchod\u016f s potravinami, mate\u0159sk\u00e9 a z\u00e1kladn\u00ed \u0161koly, fitness studia, golfov\u00fd are\u00e1l a fotbalov\u00e9 h\u0159i\u0161t\u011b, kulturn\u00ed z\u00e1\u017eitky nab\u00edzej\u00ed nap\u0159\u00edklad m\u00edstn\u00ed hudebn\u00ed kluby, Centrum sou\u010dasn\u00e9ho um\u011bn\u00ed DOX apod. B\u011bhem p\u011bti minut lze p\u011b\u0161ky doj\u00edt na autobusovou \u010di tramvajovou zast\u00e1vku a do 10 minut dojet na stanici metra linky C \u2013 Vltavsk\u00e1 nebo N\u00e1dra\u017e\u00ed Hole\u0161ovice \u010di metro B \u2013 Palmovka. \u010ctvrt\u00ed proch\u00e1z\u00ed velk\u00e9 mno\u017estv\u00ed cyklistick\u00fdch stezek. K dispozici je zde p\u0159\u00edvoz z Bubensk\u00e9ho na Rohansk\u00e9 n\u00e1b\u0159e\u017e\u00ed. V&nbsp;r\u00e1mci o\u017eiven\u00ed \u010dtvrti je pl\u00e1nov\u00e1na zcela nov\u00e1 \u0160tvanick\u00e1 l\u00e1vka spojuj\u00edc\u00ed Hole\u0161ovice s Karl\u00ednem. K p\u0159\u00edjemn\u00fdm proch\u00e1zk\u00e1m vyb\u00edz\u00ed lesopark Stromovka, Letensk\u00e9 sady \u010di n\u00e1b\u0159e\u017e\u00ed Vltavy.<\/p>\n\n\n\n<div style=\"height:55px\" aria-hidden=\"true\" class=\"wp-block-spacer\"><\/div>\n\n\n\n<figure class=\"wp-block-gallery columns-2 is-cropped wp-block-gallery-1 is-layout-flex wp-block-gallery-is-layout-flex\"><ul class=\"blocks-gallery-grid\"><li class=\"blocks-gallery-item\"><figure><img decoding=\"async\" src=\"https:\/\/homemagazine.cz\/wp-content\/uploads\/2022\/09\/UBM_Astrid-Garden_vizualizace_03-840x560.jpg\" alt=\"\" data-id=\"3914\" data-full-url=\"https:\/\/homemagazine.cz\/wp-content\/uploads\/2022\/09\/UBM_Astrid-Garden_vizualizace_03.jpg\" data-link=\"https:\/\/homemagazine.cz\/?attachment_id=3914\" class=\"wp-image-3914\"\/><\/figure><\/li><li class=\"blocks-gallery-item\"><figure><img decoding=\"async\" src=\"https:\/\/homemagazine.cz\/wp-content\/uploads\/2022\/09\/UBM_Astrid-Garden_vizualizace_02-840x560.jpg\" alt=\"\" data-id=\"3913\" data-full-url=\"https:\/\/homemagazine.cz\/wp-content\/uploads\/2022\/09\/UBM_Astrid-Garden_vizualizace_02.jpg\" data-link=\"https:\/\/homemagazine.cz\/?attachment_id=3913\" class=\"wp-image-3913\"\/><\/figure><\/li><li class=\"blocks-gallery-item\"><figure><img decoding=\"async\" src=\"https:\/\/homemagazine.cz\/wp-content\/uploads\/2022\/09\/UBM_Astrid-Garden_vizualizace_01-840x560.jpg\" alt=\"\" data-id=\"3912\" data-full-url=\"https:\/\/homemagazine.cz\/wp-content\/uploads\/2022\/09\/UBM_Astrid-Garden_vizualizace_01.jpg\" data-link=\"https:\/\/homemagazine.cz\/?attachment_id=3912\" class=\"wp-image-3912\"\/><\/figure><\/li><\/ul><\/figure>\n\n\n\n<p><strong>Zdroj foto: <\/strong>UBM<\/p>\n\n\n\n<div style=\"height:35px\" aria-hidden=\"true\" class=\"wp-block-spacer\"><\/div>\n","protected":false},"excerpt":{"rendered":"<p>Spole\u010dnost UBM Development Czechia spou\u0161t\u00ed prodej reziden\u010dn\u00edho projektu Astrid Garden, kter\u00fd vyroste v\u00a0ulici U Pr\u016fhonu v\u00a0Praze 7 a v n\u011bm\u017e vznikne 138 byt\u016f a\u00a0dv\u011b obchodn\u00ed jednotky. V\u00fdstavba prob\u00edh\u00e1 od listopadu 2021 a jej\u00ed dokon\u010den\u00ed je pl\u00e1nov\u00e1no na druhou polovinu roku 2024. Reziden\u010dn\u00ed projekt Astrid Garden i sousedn\u00ed kancel\u00e1\u0159skou budovu Astrid Offices navrhlo renomovan\u00e9 a mnohokr\u00e1t [&hellip;]<\/p>\n","protected":false},"author":1,"featured_media":2813,"comment_status":"closed","ping_status":"closed","sticky":false,"template":"","format":"standard","meta":{"_mi_skip_tracking":false,"_monsterinsights_sitenote_active":false,"_monsterinsights_sitenote_note":"","_monsterinsights_sitenote_category":0,"footnotes":""},"categories":[5,2,13],"tags":[],"yoast_head":"<!-- This site is optimized with the Yoast SEO plugin v21.4 - https:\/\/yoast.com\/wordpress\/plugins\/seo\/ -->\n<title>UBM uv\u00e1d\u00ed na trh nov\u00fd reziden\u010dn\u00ed projekt Astrid Garden v Hole\u0161ovic\u00edch - LUXURYMAGAZINE.cz<\/title>\n<meta name=\"robots\" content=\"index, follow, max-snippet:-1, max-image-preview:large, max-video-preview:-1\" \/>\n<link rel=\"canonical\" href=\"https:\/\/luxurymagazine.cz\/index.php\/2022\/09\/21\/ubm-uvadi-na-trh-novy-rezidencni-projekt-astrid-garden-v-holesovicich\/\" \/>\n<meta property=\"og:locale\" content=\"cs_CZ\" \/>\n<meta property=\"og:type\" content=\"article\" \/>\n<meta property=\"og:title\" content=\"UBM uv\u00e1d\u00ed na trh nov\u00fd reziden\u010dn\u00ed projekt Astrid Garden v Hole\u0161ovic\u00edch - LUXURYMAGAZINE.cz\" \/>\n<meta property=\"og:description\" content=\"Spole\u010dnost UBM Development Czechia spou\u0161t\u00ed prodej reziden\u010dn\u00edho projektu Astrid Garden, kter\u00fd vyroste v\u00a0ulici U Pr\u016fhonu v\u00a0Praze 7 a v n\u011bm\u017e vznikne 138 byt\u016f a\u00a0dv\u011b obchodn\u00ed jednotky. V\u00fdstavba prob\u00edh\u00e1 od listopadu 2021 a jej\u00ed dokon\u010den\u00ed je pl\u00e1nov\u00e1no na druhou polovinu roku 2024. Reziden\u010dn\u00ed projekt Astrid Garden i sousedn\u00ed kancel\u00e1\u0159skou budovu Astrid Offices navrhlo renomovan\u00e9 a mnohokr\u00e1t [&hellip;]\" \/>\n<meta property=\"og:url\" content=\"https:\/\/luxurymagazine.cz\/index.php\/2022\/09\/21\/ubm-uvadi-na-trh-novy-rezidencni-projekt-astrid-garden-v-holesovicich\/\" \/>\n<meta property=\"og:site_name\" content=\"LUXURYMAGAZINE.cz\" \/>\n<meta property=\"article:published_time\" content=\"2022-09-20T22:01:00+00:00\" \/>\n<meta property=\"article:modified_time\" content=\"2022-10-28T12:40:41+00:00\" \/>\n<meta property=\"og:image\" content=\"https:\/\/luxurymagazine.cz\/wp-content\/uploads\/2022\/09\/UBM_Astrid-Garden_vizualizace_01.jpg\" \/>\n\t<meta property=\"og:image:width\" content=\"1250\" \/>\n\t<meta property=\"og:image:height\" content=\"833\" \/>\n\t<meta property=\"og:image:type\" content=\"image\/jpeg\" \/>\n<meta name=\"author\" content=\"Mikol\u00e1\u0161ek (\u0161\u00e9fredaktor HMG)\" \/>\n<meta name=\"twitter:card\" content=\"summary_large_image\" \/>\n<meta name=\"twitter:label1\" content=\"Napsal(a)\" \/>\n\t<meta name=\"twitter:data1\" content=\"Mikol\u00e1\u0161ek (\u0161\u00e9fredaktor HMG)\" \/>\n\t<meta name=\"twitter:label2\" content=\"Odhadovan\u00e1 doba \u010dten\u00ed\" \/>\n\t<meta name=\"twitter:data2\" content=\"5 minut\" \/>\n<script type=\"application\/ld+json\" class=\"yoast-schema-graph\">{\"@context\":\"https:\/\/schema.org\",\"@graph\":[{\"@type\":\"Article\",\"@id\":\"https:\/\/luxurymagazine.cz\/index.php\/2022\/09\/21\/ubm-uvadi-na-trh-novy-rezidencni-projekt-astrid-garden-v-holesovicich\/#article\",\"isPartOf\":{\"@id\":\"https:\/\/luxurymagazine.cz\/index.php\/2022\/09\/21\/ubm-uvadi-na-trh-novy-rezidencni-projekt-astrid-garden-v-holesovicich\/\"},\"author\":{\"name\":\"Mikol\u00e1\u0161ek (\u0161\u00e9fredaktor HMG)\",\"@id\":\"https:\/\/luxurymagazine.cz\/#\/schema\/person\/900281a2a290470de69f4ca1ff899a92\"},\"headline\":\"UBM uv\u00e1d\u00ed na trh nov\u00fd reziden\u010dn\u00ed projekt Astrid Garden v Hole\u0161ovic\u00edch\",\"datePublished\":\"2022-09-20T22:01:00+00:00\",\"dateModified\":\"2022-10-28T12:40:41+00:00\",\"mainEntityOfPage\":{\"@id\":\"https:\/\/luxurymagazine.cz\/index.php\/2022\/09\/21\/ubm-uvadi-na-trh-novy-rezidencni-projekt-astrid-garden-v-holesovicich\/\"},\"wordCount\":965,\"publisher\":{\"@id\":\"https:\/\/luxurymagazine.cz\/#organization\"},\"articleSection\":[\"BYDLEN\u00cd &amp; DESIGN\",\"NEWS\",\"TIPY &amp; TRENDY\"],\"inLanguage\":\"cs\"},{\"@type\":\"WebPage\",\"@id\":\"https:\/\/luxurymagazine.cz\/index.php\/2022\/09\/21\/ubm-uvadi-na-trh-novy-rezidencni-projekt-astrid-garden-v-holesovicich\/\",\"url\":\"https:\/\/luxurymagazine.cz\/index.php\/2022\/09\/21\/ubm-uvadi-na-trh-novy-rezidencni-projekt-astrid-garden-v-holesovicich\/\",\"name\":\"UBM uv\u00e1d\u00ed na trh nov\u00fd reziden\u010dn\u00ed projekt Astrid Garden v Hole\u0161ovic\u00edch - LUXURYMAGAZINE.cz\",\"isPartOf\":{\"@id\":\"https:\/\/luxurymagazine.cz\/#website\"},\"datePublished\":\"2022-09-20T22:01:00+00:00\",\"dateModified\":\"2022-10-28T12:40:41+00:00\",\"breadcrumb\":{\"@id\":\"https:\/\/luxurymagazine.cz\/index.php\/2022\/09\/21\/ubm-uvadi-na-trh-novy-rezidencni-projekt-astrid-garden-v-holesovicich\/#breadcrumb\"},\"inLanguage\":\"cs\",\"potentialAction\":[{\"@type\":\"ReadAction\",\"target\":[\"https:\/\/luxurymagazine.cz\/index.php\/2022\/09\/21\/ubm-uvadi-na-trh-novy-rezidencni-projekt-astrid-garden-v-holesovicich\/\"]}]},{\"@type\":\"BreadcrumbList\",\"@id\":\"https:\/\/luxurymagazine.cz\/index.php\/2022\/09\/21\/ubm-uvadi-na-trh-novy-rezidencni-projekt-astrid-garden-v-holesovicich\/#breadcrumb\",\"itemListElement\":[{\"@type\":\"ListItem\",\"position\":1,\"name\":\"Dom\u016f\",\"item\":\"https:\/\/luxurymagazine.cz\/\"},{\"@type\":\"ListItem\",\"position\":2,\"name\":\"UBM uv\u00e1d\u00ed na trh nov\u00fd reziden\u010dn\u00ed projekt Astrid Garden v Hole\u0161ovic\u00edch\"}]},{\"@type\":\"WebSite\",\"@id\":\"https:\/\/luxurymagazine.cz\/#website\",\"url\":\"https:\/\/luxurymagazine.cz\/\",\"name\":\"LUXURYMAGAZINE.cz\",\"description\":\"Port\u00e1l v\u00fdhradn\u011b o luxusu...\",\"publisher\":{\"@id\":\"https:\/\/luxurymagazine.cz\/#organization\"},\"potentialAction\":[{\"@type\":\"SearchAction\",\"target\":{\"@type\":\"EntryPoint\",\"urlTemplate\":\"https:\/\/luxurymagazine.cz\/?s={search_term_string}\"},\"query-input\":\"required name=search_term_string\"}],\"inLanguage\":\"cs\"},{\"@type\":\"Organization\",\"@id\":\"https:\/\/luxurymagazine.cz\/#organization\",\"name\":\"LUXURYMAGAZINE.cz\",\"url\":\"https:\/\/luxurymagazine.cz\/\",\"logo\":{\"@type\":\"ImageObject\",\"inLanguage\":\"cs\",\"@id\":\"https:\/\/luxurymagazine.cz\/#\/schema\/logo\/image\/\",\"url\":\"https:\/\/luxurymagazine.cz\/wp-content\/uploads\/2024\/12\/cropped-Logo_LuxuryMagazine-1.jpg\",\"contentUrl\":\"https:\/\/luxurymagazine.cz\/wp-content\/uploads\/2024\/12\/cropped-Logo_LuxuryMagazine-1.jpg\",\"width\":934,\"height\":509,\"caption\":\"LUXURYMAGAZINE.cz\"},\"image\":{\"@id\":\"https:\/\/luxurymagazine.cz\/#\/schema\/logo\/image\/\"}},{\"@type\":\"Person\",\"@id\":\"https:\/\/luxurymagazine.cz\/#\/schema\/person\/900281a2a290470de69f4ca1ff899a92\",\"name\":\"Mikol\u00e1\u0161ek (\u0161\u00e9fredaktor HMG)\",\"image\":{\"@type\":\"ImageObject\",\"inLanguage\":\"cs\",\"@id\":\"https:\/\/luxurymagazine.cz\/#\/schema\/person\/image\/\",\"url\":\"https:\/\/secure.gravatar.com\/avatar\/1c8a35f186d8baabb0513b2bdd8e53cd?s=96&d=mm&r=g\",\"contentUrl\":\"https:\/\/secure.gravatar.com\/avatar\/1c8a35f186d8baabb0513b2bdd8e53cd?s=96&d=mm&r=g\",\"caption\":\"Mikol\u00e1\u0161ek (\u0161\u00e9fredaktor HMG)\"},\"url\":\"https:\/\/luxurymagazine.cz\/index.php\/author\/ivomik\/\"}]}<\/script>\n<!-- \/ Yoast SEO plugin. -->","yoast_head_json":{"title":"UBM uv\u00e1d\u00ed na trh nov\u00fd reziden\u010dn\u00ed projekt Astrid Garden v Hole\u0161ovic\u00edch - LUXURYMAGAZINE.cz","robots":{"index":"index","follow":"follow","max-snippet":"max-snippet:-1","max-image-preview":"max-image-preview:large","max-video-preview":"max-video-preview:-1"},"canonical":"https:\/\/luxurymagazine.cz\/index.php\/2022\/09\/21\/ubm-uvadi-na-trh-novy-rezidencni-projekt-astrid-garden-v-holesovicich\/","og_locale":"cs_CZ","og_type":"article","og_title":"UBM uv\u00e1d\u00ed na trh nov\u00fd reziden\u010dn\u00ed projekt Astrid Garden v Hole\u0161ovic\u00edch - LUXURYMAGAZINE.cz","og_description":"Spole\u010dnost UBM Development Czechia spou\u0161t\u00ed prodej reziden\u010dn\u00edho projektu Astrid Garden, kter\u00fd vyroste v\u00a0ulici U Pr\u016fhonu v\u00a0Praze 7 a v n\u011bm\u017e vznikne 138 byt\u016f a\u00a0dv\u011b obchodn\u00ed jednotky. V\u00fdstavba prob\u00edh\u00e1 od listopadu 2021 a jej\u00ed dokon\u010den\u00ed je pl\u00e1nov\u00e1no na druhou polovinu roku 2024. Reziden\u010dn\u00ed projekt Astrid Garden i sousedn\u00ed kancel\u00e1\u0159skou budovu Astrid Offices navrhlo renomovan\u00e9 a mnohokr\u00e1t [&hellip;]","og_url":"https:\/\/luxurymagazine.cz\/index.php\/2022\/09\/21\/ubm-uvadi-na-trh-novy-rezidencni-projekt-astrid-garden-v-holesovicich\/","og_site_name":"LUXURYMAGAZINE.cz","article_published_time":"2022-09-20T22:01:00+00:00","article_modified_time":"2022-10-28T12:40:41+00:00","og_image":[{"width":1250,"height":833,"url":"https:\/\/luxurymagazine.cz\/wp-content\/uploads\/2022\/09\/UBM_Astrid-Garden_vizualizace_01.jpg","type":"image\/jpeg"}],"author":"Mikol\u00e1\u0161ek (\u0161\u00e9fredaktor HMG)","twitter_card":"summary_large_image","twitter_misc":{"Napsal(a)":"Mikol\u00e1\u0161ek (\u0161\u00e9fredaktor HMG)","Odhadovan\u00e1 doba \u010dten\u00ed":"5 minut"},"schema":{"@context":"https:\/\/schema.org","@graph":[{"@type":"Article","@id":"https:\/\/luxurymagazine.cz\/index.php\/2022\/09\/21\/ubm-uvadi-na-trh-novy-rezidencni-projekt-astrid-garden-v-holesovicich\/#article","isPartOf":{"@id":"https:\/\/luxurymagazine.cz\/index.php\/2022\/09\/21\/ubm-uvadi-na-trh-novy-rezidencni-projekt-astrid-garden-v-holesovicich\/"},"author":{"name":"Mikol\u00e1\u0161ek (\u0161\u00e9fredaktor HMG)","@id":"https:\/\/luxurymagazine.cz\/#\/schema\/person\/900281a2a290470de69f4ca1ff899a92"},"headline":"UBM uv\u00e1d\u00ed na trh nov\u00fd reziden\u010dn\u00ed projekt Astrid Garden v Hole\u0161ovic\u00edch","datePublished":"2022-09-20T22:01:00+00:00","dateModified":"2022-10-28T12:40:41+00:00","mainEntityOfPage":{"@id":"https:\/\/luxurymagazine.cz\/index.php\/2022\/09\/21\/ubm-uvadi-na-trh-novy-rezidencni-projekt-astrid-garden-v-holesovicich\/"},"wordCount":965,"publisher":{"@id":"https:\/\/luxurymagazine.cz\/#organization"},"articleSection":["BYDLEN\u00cd &amp; DESIGN","NEWS","TIPY &amp; TRENDY"],"inLanguage":"cs"},{"@type":"WebPage","@id":"https:\/\/luxurymagazine.cz\/index.php\/2022\/09\/21\/ubm-uvadi-na-trh-novy-rezidencni-projekt-astrid-garden-v-holesovicich\/","url":"https:\/\/luxurymagazine.cz\/index.php\/2022\/09\/21\/ubm-uvadi-na-trh-novy-rezidencni-projekt-astrid-garden-v-holesovicich\/","name":"UBM uv\u00e1d\u00ed na trh nov\u00fd reziden\u010dn\u00ed projekt Astrid Garden v Hole\u0161ovic\u00edch - LUXURYMAGAZINE.cz","isPartOf":{"@id":"https:\/\/luxurymagazine.cz\/#website"},"datePublished":"2022-09-20T22:01:00+00:00","dateModified":"2022-10-28T12:40:41+00:00","breadcrumb":{"@id":"https:\/\/luxurymagazine.cz\/index.php\/2022\/09\/21\/ubm-uvadi-na-trh-novy-rezidencni-projekt-astrid-garden-v-holesovicich\/#breadcrumb"},"inLanguage":"cs","potentialAction":[{"@type":"ReadAction","target":["https:\/\/luxurymagazine.cz\/index.php\/2022\/09\/21\/ubm-uvadi-na-trh-novy-rezidencni-projekt-astrid-garden-v-holesovicich\/"]}]},{"@type":"BreadcrumbList","@id":"https:\/\/luxurymagazine.cz\/index.php\/2022\/09\/21\/ubm-uvadi-na-trh-novy-rezidencni-projekt-astrid-garden-v-holesovicich\/#breadcrumb","itemListElement":[{"@type":"ListItem","position":1,"name":"Dom\u016f","item":"https:\/\/luxurymagazine.cz\/"},{"@type":"ListItem","position":2,"name":"UBM uv\u00e1d\u00ed na trh nov\u00fd reziden\u010dn\u00ed projekt Astrid Garden v Hole\u0161ovic\u00edch"}]},{"@type":"WebSite","@id":"https:\/\/luxurymagazine.cz\/#website","url":"https:\/\/luxurymagazine.cz\/","name":"LUXURYMAGAZINE.cz","description":"Port\u00e1l v\u00fdhradn\u011b o luxusu...","publisher":{"@id":"https:\/\/luxurymagazine.cz\/#organization"},"potentialAction":[{"@type":"SearchAction","target":{"@type":"EntryPoint","urlTemplate":"https:\/\/luxurymagazine.cz\/?s={search_term_string}"},"query-input":"required name=search_term_string"}],"inLanguage":"cs"},{"@type":"Organization","@id":"https:\/\/luxurymagazine.cz\/#organization","name":"LUXURYMAGAZINE.cz","url":"https:\/\/luxurymagazine.cz\/","logo":{"@type":"ImageObject","inLanguage":"cs","@id":"https:\/\/luxurymagazine.cz\/#\/schema\/logo\/image\/","url":"https:\/\/luxurymagazine.cz\/wp-content\/uploads\/2024\/12\/cropped-Logo_LuxuryMagazine-1.jpg","contentUrl":"https:\/\/luxurymagazine.cz\/wp-content\/uploads\/2024\/12\/cropped-Logo_LuxuryMagazine-1.jpg","width":934,"height":509,"caption":"LUXURYMAGAZINE.cz"},"image":{"@id":"https:\/\/luxurymagazine.cz\/#\/schema\/logo\/image\/"}},{"@type":"Person","@id":"https:\/\/luxurymagazine.cz\/#\/schema\/person\/900281a2a290470de69f4ca1ff899a92","name":"Mikol\u00e1\u0161ek (\u0161\u00e9fredaktor HMG)","image":{"@type":"ImageObject","inLanguage":"cs","@id":"https:\/\/luxurymagazine.cz\/#\/schema\/person\/image\/","url":"https:\/\/secure.gravatar.com\/avatar\/1c8a35f186d8baabb0513b2bdd8e53cd?s=96&d=mm&r=g","contentUrl":"https:\/\/secure.gravatar.com\/avatar\/1c8a35f186d8baabb0513b2bdd8e53cd?s=96&d=mm&r=g","caption":"Mikol\u00e1\u0161ek (\u0161\u00e9fredaktor HMG)"},"url":"https:\/\/luxurymagazine.cz\/index.php\/author\/ivomik\/"}]}},"_links":{"self":[{"href":"https:\/\/luxurymagazine.cz\/index.php\/wp-json\/wp\/v2\/posts\/2812"}],"collection":[{"href":"https:\/\/luxurymagazine.cz\/index.php\/wp-json\/wp\/v2\/posts"}],"about":[{"href":"https:\/\/luxurymagazine.cz\/index.php\/wp-json\/wp\/v2\/types\/post"}],"author":[{"embeddable":true,"href":"https:\/\/luxurymagazine.cz\/index.php\/wp-json\/wp\/v2\/users\/1"}],"replies":[{"embeddable":true,"href":"https:\/\/luxurymagazine.cz\/index.php\/wp-json\/wp\/v2\/comments?post=2812"}],"version-history":[{"count":-4,"href":"https:\/\/luxurymagazine.cz\/index.php\/wp-json\/wp\/v2\/posts\/2812\/revisions"}],"wp:featuredmedia":[{"embeddable":true,"href":"https:\/\/luxurymagazine.cz\/index.php\/wp-json\/wp\/v2\/media\/2813"}],"wp:attachment":[{"href":"https:\/\/luxurymagazine.cz\/index.php\/wp-json\/wp\/v2\/media?parent=2812"}],"wp:term":[{"taxonomy":"category","embeddable":true,"href":"https:\/\/luxurymagazine.cz\/index.php\/wp-json\/wp\/v2\/categories?post=2812"},{"taxonomy":"post_tag","embeddable":true,"href":"https:\/\/luxurymagazine.cz\/index.php\/wp-json\/wp\/v2\/tags?post=2812"}],"curies":[{"name":"wp","href":"https:\/\/api.w.org\/{rel}","templated":true}]}}