{"id":2844,"date":"2022-09-25T22:35:29","date_gmt":"2022-09-25T20:35:29","guid":{"rendered":"https:\/\/luxurymagazine.cz\/?p=2844"},"modified":"2022-11-10T14:59:26","modified_gmt":"2022-11-10T13:59:26","slug":"sex-s-cernoskou-moje-prvni-black-girl-v-holandskem-amsterdamu","status":"publish","type":"post","link":"https:\/\/luxurymagazine.cz\/index.php\/2022\/09\/25\/sex-s-cernoskou-moje-prvni-black-girl-v-holandskem-amsterdamu\/","title":{"rendered":"Sex s \u010derno\u0161kou moje prvn\u00ed black girl v holandsk\u00e9m Amsterdamu"},"content":{"rendered":"\n<div style=\"height:43px\" aria-hidden=\"true\" class=\"wp-block-spacer\"><\/div>\n\n\n\n<h4 class=\"has-text-align-center wp-block-heading\">Bezpe\u010dnostn\u00ed&nbsp;varov\u00e1n\u00ed:<\/h4>\n\n\n\n<h4 class=\"has-text-align-center wp-block-heading\">Obsah tohoto \u010dl\u00e1nku je ur\u010den&nbsp;pouze pro osoby star\u0161\u00ed 18&nbsp;let!<\/h4>\n\n\n\n<div style=\"height:23px\" aria-hidden=\"true\" class=\"wp-block-spacer\"><\/div>\n\n\n\n<p><strong>Jednoho kr\u00e1sn\u00e9ho dne jsem se vydal do hlavn\u00edho m\u011bsta Amsterdam v Nizozem\u00ed, abych si splnil sv\u016fj velk\u00fd sen a pomiloval se s \u010dernou holkou. Na ulic\u00edch v \u010cech\u00e1ch t\u00e9m\u011b\u0159 \u017e\u00e1dn\u00e9 \u010derno\u0161ky nepotk\u00e1v\u00e1m, bydl\u00edm toti\u017e ve st\u0159edn\u011b velk\u00fdm m\u011bst\u011b a moc hn\u011bd\u00fdch afroturistek k n\u00e1m nezav\u00edt\u00e1. Byl duben a j\u00e1 se vr\u00e1til z cestovn\u00ed kancel\u00e1\u0159e, kde jsem si objednal 6 denn\u00ed leteck\u00fd z\u00e1jezd do zem\u011b tulip\u00e1n\u016f. Bohu\u017eel jsem musel doplatit i hotelov\u00fd pokoj pro dva lidi, proto\u017ee jsem m\u011bl pokoj jen pro sebe. Dovolen\u00e1 m\u011b vy\u0161la cirka na 25 tis\u00edc korun. Pan\u00ed v cestovce se m\u011b ptala, pro\u010d jsem nevzal n\u011bkoho s sebou, \u017ee bych to m\u011bl levn\u011bj\u0161\u00ed a neplatil druhou postel. Jen jsem j\u00ed \u0159ekl, \u017ee \u017eiji s\u00e1m a nikdo jin\u00fd nem\u00e1 \u010das, aby si ud\u011blal v dubnu dovolenou, proto\u017ee v\u0161ichni pracuj\u00ed.<\/strong><\/p>\n\n\n\n<figure class=\"wp-block-image size-large\"><img decoding=\"async\" loading=\"lazy\" width=\"1024\" height=\"697\" src=\"https:\/\/luxurymagazine.cz\/wp-content\/uploads\/2022\/09\/pexels-lucas-da-miranda-1974889-1024x697.jpg\" alt=\"\" class=\"wp-image-2849\" srcset=\"https:\/\/luxurymagazine.cz\/wp-content\/uploads\/2022\/09\/pexels-lucas-da-miranda-1974889-1024x697.jpg 1024w, https:\/\/luxurymagazine.cz\/wp-content\/uploads\/2022\/09\/pexels-lucas-da-miranda-1974889-300x204.jpg 300w, https:\/\/luxurymagazine.cz\/wp-content\/uploads\/2022\/09\/pexels-lucas-da-miranda-1974889-768x523.jpg 768w, https:\/\/luxurymagazine.cz\/wp-content\/uploads\/2022\/09\/pexels-lucas-da-miranda-1974889-1536x1046.jpg 1536w, https:\/\/luxurymagazine.cz\/wp-content\/uploads\/2022\/09\/pexels-lucas-da-miranda-1974889.jpg 1920w\" sizes=\"(max-width: 1024px) 100vw, 1024px\" \/><\/figure>\n\n\n\n<p>Jinak se jmenuji L\u00e1\u010fa, m\u00e1m sedm a dvacet let, modrook\u00fd blon\u010f\u00e1k, tak 85 kilo a pracuji v jedn\u00e9 agentu\u0159e, kter\u00e1 zprost\u0159edkov\u00e1v\u00e1 zam\u011bstn\u00e1n\u00ed. Bydl\u00edm v byt\u011b dva plus jedna, holku nem\u00e1m. Moje posledn\u00ed buchta m\u011b opustila s tren\u00e9rem hokeje. Tak\u017ee od t\u00e9 doby nem\u00e1m r\u00e1d hokej v \u017e\u00e1dn\u00e9 podob\u011b. Doma m\u00e1m je\u0161t\u011b mal\u00e9ho pejska rasa Bichon Fris\u00e9, je to m\u016fj malink\u00fd b\u00edl\u00fd bi\u0161onek. V\u016fbec ne\u0161t\u011bk\u00e1, sp\u00ed\u0161 jenom sed\u00ed vedle m\u011b na gau\u010di u televize a kdy\u017e mu hod\u00edm hra\u010dku, tak mi ji r\u00e1d p\u0159inese. Poka\u017ed\u00e9, kdy\u017e p\u0159ijde od ps\u00ed kade\u0159nice, je d\u011bsn\u011b srandovn\u00ed.<\/p>\n\n\n\n<p>Pode mnou a nade mnou bydl\u00ed star\u0161\u00ed d\u016fchodkyn\u011b a vedle rozveden\u00e1 Kl\u00e1ra, kter\u00e1 je 12 hodin v pr\u00e1ci. Pracuje ka\u017ed\u00fd den do ve\u010dera, aby v\u016fbec zaplatila podn\u00e1jem a pr\u00fd i n\u011bjak\u00e9 dluhy z minulosti, kter\u00e9 nasekal jej\u00ed b\u00fdval\u00fd man\u017eel. Tak\u017ee je v na\u0161em vchod\u011b bo\u017esk\u00fd klid a o v\u00edkendu m\u016f\u017ee\u0161 sp\u00e1t do 12ti hodin a jsi vyspan\u00fd a zrelaxovan\u00fd do aleluja.<\/p>\n\n\n\n<p>No a proto\u017ee je m\u016fj velk\u00fd sen, pomilovat se s \u010dernou holkou, tak ob\u010das chod\u00edm pro inspiraci i na erotick\u00fd chat pro dosp\u011bl\u00e9&nbsp;<a rel=\"noreferrer noopener\" href=\"https:\/\/www.livesex2100.com\/en\/girls\/ebony\" target=\"_blank\"><strong>EBONYSEX WEBCAMS<\/strong><\/a>, kde jsou mulatky, latina d\u00edvky, \u010derno\u0161ky, Afri\u010danky a spousta n\u00e1dhern\u00fdch op\u00e1len\u00fdch \u017eensk\u00fdch. V po\u010d\u00edta\u010di m\u00e1m v z\u00e1lo\u017ek\u00e1ch takovou kolonku obl\u00edben\u00fdch str\u00e1nek, kde m\u00e1m p\u0159e sto web\u016f a tam chod\u00edm o\u010dumovat \u010derno\u0161ky: ,,PornHub black, ShesFreaky, xHamster black, Xvideos black, BaddieHub, TastyBlacks, DarkNaija, BaddiesOnly, Djatoya, JuicySexTapes, IponSex, SenePorno, NaijaUncut, MzansiXXX, Ebony Pulse, PornInBlack, GhettoTube, BangHer, HoodAmateurs, SheGotAss, EbonyGalore, LeakTube, XNXX a dal\u0161\u00ed des\u00edtky web\u016f\u201c.<\/p>\n\n\n\n<figure class=\"wp-block-image size-large\"><img decoding=\"async\" loading=\"lazy\" width=\"683\" height=\"1024\" src=\"https:\/\/luxurymagazine.cz\/wp-content\/uploads\/2022\/09\/pexels-cottonbro-4045599-683x1024.jpg\" alt=\"\" class=\"wp-image-2845\" srcset=\"https:\/\/luxurymagazine.cz\/wp-content\/uploads\/2022\/09\/pexels-cottonbro-4045599-683x1024.jpg 683w, https:\/\/luxurymagazine.cz\/wp-content\/uploads\/2022\/09\/pexels-cottonbro-4045599-200x300.jpg 200w, https:\/\/luxurymagazine.cz\/wp-content\/uploads\/2022\/09\/pexels-cottonbro-4045599-768x1152.jpg 768w, https:\/\/luxurymagazine.cz\/wp-content\/uploads\/2022\/09\/pexels-cottonbro-4045599-1024x1536.jpg 1024w, https:\/\/luxurymagazine.cz\/wp-content\/uploads\/2022\/09\/pexels-cottonbro-4045599-scaled.jpg 1707w\" sizes=\"(max-width: 683px) 100vw, 683px\" \/><\/figure>\n\n\n\n<p>To by bylo asi o mn\u011b v\u0161e. Druh\u00fd t\u00fdden v dubnu jsem p\u0159edal rodi\u010d\u016fm pejska, aby se mi o n\u011bj t\u00fdden starali, sedl na vlak a jel do Prahy na leti\u0161t\u011b. V Praze moc \u010dasto neb\u00fdv\u00e1m, ale rad\u011bji jsem si p\u0159edem zji\u0161\u0165oval, jak se dostat na leti\u0161t\u011b, abych nemusel jet metrem a n\u011bkde p\u0159esedat. Z Hlavn\u00edho n\u00e1dra\u017e\u00ed jsem sedl na autobusovou linku Airport Express Bus a ten m\u011b dovezl asi za 30 minut p\u0159\u00edmo k leti\u0161ti.<\/p>\n\n\n\n<p>Let nem\u011bl \u017e\u00e1dn\u00e9 zpo\u017ed\u011bn\u00ed a asi za hodinu a p\u016fl jsme p\u0159il\u00e9tli do Holandska na leti\u0161t\u011b Schiphol v Amsterdamu. Leti\u0161t\u011b je od centra m\u011bsta vzd\u00e1len\u00e9 asi 18 km. Vystoupili jsme z letadla a na leti\u0161ti n\u00e1s \u010dekala deleg\u00e1tka a autobus, kter\u00fd n\u00e1s odvezl asi 40 minut od leti\u0161t\u011b do hotelu. Ubytoval jsem se, dal rychlou sprchu a \u017ee se pojede za hodinu na prvn\u00ed \u010d\u00e1st v\u00fdletu do historick\u00e9 \u010d\u00e1sti m\u011bsta. Bylo to super. A co v\u00edc m\u011b d\u011blalo dob\u0159e, bylo to, \u017ee jsme potk\u00e1vali spousty proch\u00e1zej\u00edc\u00edch \u010derno\u0161ek.<\/p>\n\n\n\n<figure class=\"wp-block-image size-large\"><img decoding=\"async\" loading=\"lazy\" width=\"683\" height=\"1024\" src=\"https:\/\/luxurymagazine.cz\/wp-content\/uploads\/2022\/09\/pexels-godisable-jacob-908884-683x1024.jpg\" alt=\"\" class=\"wp-image-2846\" srcset=\"https:\/\/luxurymagazine.cz\/wp-content\/uploads\/2022\/09\/pexels-godisable-jacob-908884-683x1024.jpg 683w, https:\/\/luxurymagazine.cz\/wp-content\/uploads\/2022\/09\/pexels-godisable-jacob-908884-200x300.jpg 200w, https:\/\/luxurymagazine.cz\/wp-content\/uploads\/2022\/09\/pexels-godisable-jacob-908884-768x1152.jpg 768w, https:\/\/luxurymagazine.cz\/wp-content\/uploads\/2022\/09\/pexels-godisable-jacob-908884-1024x1536.jpg 1024w, https:\/\/luxurymagazine.cz\/wp-content\/uploads\/2022\/09\/pexels-godisable-jacob-908884-1365x2048.jpg 1365w, https:\/\/luxurymagazine.cz\/wp-content\/uploads\/2022\/09\/pexels-godisable-jacob-908884-scaled.jpg 1707w\" sizes=\"(max-width: 683px) 100vw, 683px\" \/><\/figure>\n\n\n\n<p>Ve\u010der kolem 18t\u00e9 hodiny n\u00e1s p\u0159ivezli zp\u011bt do hotelu a po ve\u010de\u0159i m\u011bl ka\u017ed\u00fd sv\u016fj voln\u00fd \u010das. Zjistil jsem, \u017ee do \u010dtvrti Amsterdam Red Light District (\u010ctvr\u0165 \u010derven\u00fdch luceren), to budu m\u00edt p\u011b\u0161ky slabou hodinku. Kolem 20t\u00e9 hodiny jsem p\u0159e\u0161el p\u0159es \u0159eku Amstel a dal\u0161\u00edch n\u011bkolik vodn\u00edch kan\u00e1l\u016f. M\u011bsto za\u010dalo pulzovat, v\u0161ude proudily davy lid\u00ed. Vch\u00e1z\u00edm do m\u011bstsk\u00e9 \u010d\u00e1sti De Wallen a \u010dum\u00edm jak vyjeven\u00fd puk. Sly\u0161el jsem od lid\u00ed v \u010cech\u00e1ch, \u017ee tam kdysi byli, ale nedovedl jsem si to p\u0159edstavit. V\u0161ude velk\u00e9 v\u00fdlohy a v nich kr\u00e1sn\u00e9 holky ve spodn\u00edm pr\u00e1dle. A kolem proudily davy lid\u00ed.<\/p>\n\n\n\n<p>Hodinu jsem se propl\u00e9tal uli\u010dkami a v ka\u017ed\u00e9 20t\u00e9 v\u00fdloze byla alespo\u0148 jedna \u010derno\u0161ka. L\u00edbila se mi jedna v b\u00edl\u00e9m pr\u00e1dle, m\u011bla ob\u0159\u00ed poprs\u00ed, vlnit\u00e9 \u010dern\u00e9 vlasy a v tom \u010derven\u00e9m sv\u011btle vypadala skv\u011ble. Zaplul jsem do hosp\u016fdky a dal si na kur\u00e1\u017e Coca-Colu s dv\u011bma rumy. Vr\u00e1til jsem se asi za p\u016fl hodiny, uk\u00e1zal jsem ni p\u0159es okno a \u0161el dovnit\u0159 do domu. Tam jsme se spolu n\u011bjak domluvili na cen\u011b. Dal jsem j\u00ed 250 eur a u\u017e si m\u011b vedla do n\u011bjak\u00e9ho pokoje s \u010d\u00edslem na dve\u0159\u00edch.<br><br>V\u011bd\u011bl jsem, \u017ee je profesion\u00e1lka. Chvilku jsme se bavili odkud jsem p\u0159ijel, jak dlouho se v Amsterdamu zdr\u017e\u00edm. Jen jsem j\u00ed \u0159ekl: ,,\u017de sem jedu na v\u00fdstavu tulip\u00e1n\u016f a m\u011bl jsem \u017eivotn\u00ed sen, pomilovat se s \u010derno\u0161kou\u201c. Usm\u00e1la se a \u0159ekla: ,,\u017de spousta b\u00edl\u00fdch chlap\u016f za n\u00ed p\u0159ich\u00e1z\u00ed se stejn\u00fdm p\u0159\u00e1n\u00edm\u201c. Prozradila mi i jej\u00ed jm\u00e9no, a a\u010d to norm\u00e1ln\u011b ned\u011bl\u00e1 a moc se j\u00ed l\u00edb\u00edm, uk\u00e1zala mi ob\u010danku a jej\u00ed prav\u00e9 jm\u00e9no bylo Greetje. Narodila se p\u0159ed devaten\u00e1cti lety u\u017e v Holandsku, jej\u00ed otec byl ze Senegalu a mamku m\u00e1 Holan\u010fanku. Uplynulo tak 10 minut a jestli chci, \u017ee si m\u016f\u017eeme d\u00e1t spole\u010dnou sprchu. Pomalu jsem se za\u010dal svl\u00e9kat a v trenk\u00e1ch se mi ud\u011blala boule. Greetje mi za\u010dala pom\u00e1hat a j\u00e1 p\u0159ed n\u00ed st\u00e1l \u00fapln\u011b nah\u00fd. Trochu jsme se styd\u011bl, je\u0161t\u011b \u017ee tam sv\u00edtilo jen \u010derven\u00e9 sv\u011btlo a nebylo na m\u011b tolik vid\u011bt. Chytla m\u011b za ruku a odvedla do sprchy. Cel\u00e9ho si m\u011b namydlila a ve spr\u0161e jsem j\u00ed svl\u00e9kl promo\u010den\u00e9 spodn\u00ed pr\u00e1dlo. Vyhouply se na m\u011b jej\u00ed ob\u0159\u00ed plov\u00e1ky, m\u011bla asi tak 7\u010dky prsa. Hr\u00e1l jsem si tam s nimi a druhou rukou j\u00ed zaj\u00ed\u017ed\u011bl do jej\u00ed vyholen\u00e9 svatyn\u011b. Po p\u00e1r minut\u00e1ch jsme se osu\u0161ili a \u0161li zp\u011bt k posteli.<\/p>\n\n\n\n<figure class=\"wp-block-image size-large\"><img decoding=\"async\" loading=\"lazy\" width=\"1024\" height=\"690\" src=\"https:\/\/luxurymagazine.cz\/wp-content\/uploads\/2022\/09\/smile-2072908_1280-1024x690.jpg\" alt=\"\" class=\"wp-image-2850\" srcset=\"https:\/\/luxurymagazine.cz\/wp-content\/uploads\/2022\/09\/smile-2072908_1280-1024x690.jpg 1024w, https:\/\/luxurymagazine.cz\/wp-content\/uploads\/2022\/09\/smile-2072908_1280-300x202.jpg 300w, https:\/\/luxurymagazine.cz\/wp-content\/uploads\/2022\/09\/smile-2072908_1280-768x518.jpg 768w, https:\/\/luxurymagazine.cz\/wp-content\/uploads\/2022\/09\/smile-2072908_1280.jpg 1280w\" sizes=\"(max-width: 1024px) 100vw, 1024px\" \/><\/figure>\n\n\n\n<p>Greetje se mi fakt moc l\u00edbila, m\u011bla hebkou tmavou k\u016f\u017ei, takovou jemn\u011b sametovou a von\u011bla po vanilce. Vzpom\u00edn\u00e1m si, kdy\u017e jsem chodil na&nbsp;<a rel=\"noreferrer noopener\" href=\"https:\/\/www.livesex2100.com\/en\/girls\/ebony\" target=\"_blank\"><strong>BLACK PORN CAMS<\/strong><\/a>&nbsp;webovou str\u00e1nku i tam bylo spousta podobn\u00fdch \u010dern\u00fdch holek u kter\u00fdch jsem tr\u00e1vil ve\u010dery na m\u00e9m monitoru. Greetje mi \u0159ekla, a\u0165 si lehnu na postel a zav\u0159u o\u010di, \u017ee se o m\u011b postar\u00e1. Asi tak deset minut mi d\u011blala mas\u00e1\u017e cel\u00e9ho t\u011bla. Pak mi vzala penis a zku\u0161en\u011b mi na n\u011bj nasadila condom. Po chvilce si na m\u011b nasedla a za\u010dala se na m\u011b proj\u00ed\u017ed\u011bt, jak na nadr\u017een\u00e9m kon\u00ed\u010dkovi. Nahnula se ke mn\u011b prsama, m\u011bl jsem jej\u00ed ob\u0159\u00ed hn\u011bd\u00e9 dudy p\u0159\u00edmo p\u0159ed pusou. L\u00edbal jsem j\u00ed velk\u00fd sladk\u00fd bradavky, za\u010dala st\u00e9nat a \u010d\u00edm d\u00e1l rychleji se napichovala na moje p\u00e9ro. Ub\u011bhlo tak 15 minut a j\u00e1 za\u010dal st\u0159\u00edkat a Greetja ze sebe vyst\u0159\u00edkla mokr\u00fd orgasmus. Minutku jsem se v n\u00ed je\u0161t\u011b proj\u00ed\u017ed\u011bl a pak ze m\u011b pomalu sesedla a j\u00e1 j\u00ed moc pod\u011bkoval. Dala mi pusu na tv\u00e1\u0159, za chvilku jsem se obl\u00e9kl a znovu pod\u011bkoval. Je\u0161t\u011b mi p\u0159i odchodu sd\u011blila, \u017ee m\u00e1 \u010dernou kamar\u00e1dku, jmenuje se Sophie a pracuje tu za dva dny. A mohli by jsme spolu d\u00e1t trojku. Sl\u00edbil jsem j\u00ed, \u017ee ur\u010dit\u011b p\u0159ijdu. Spokojen\u00fd a s \u00fasm\u011bvem jsem zav\u0159el dve\u0159e a vydal se no\u010dn\u00edmi uli\u010dkami, zp\u011bt do m\u00e9ho hotelu.<\/p>\n\n\n\n<figure class=\"wp-block-image size-large\"><img decoding=\"async\" loading=\"lazy\" width=\"1024\" height=\"683\" src=\"https:\/\/luxurymagazine.cz\/wp-content\/uploads\/2022\/09\/pexels-godisable-jacob-908890-1024x683.jpg\" alt=\"\" class=\"wp-image-2847\" srcset=\"https:\/\/luxurymagazine.cz\/wp-content\/uploads\/2022\/09\/pexels-godisable-jacob-908890-1024x683.jpg 1024w, https:\/\/luxurymagazine.cz\/wp-content\/uploads\/2022\/09\/pexels-godisable-jacob-908890-300x200.jpg 300w, https:\/\/luxurymagazine.cz\/wp-content\/uploads\/2022\/09\/pexels-godisable-jacob-908890-768x512.jpg 768w, https:\/\/luxurymagazine.cz\/wp-content\/uploads\/2022\/09\/pexels-godisable-jacob-908890-1536x1024.jpg 1536w, https:\/\/luxurymagazine.cz\/wp-content\/uploads\/2022\/09\/pexels-godisable-jacob-908890.jpg 1920w\" sizes=\"(max-width: 1024px) 100vw, 1024px\" \/><\/figure>\n\n\n\n<p>Druh\u00fd den r\u00e1no u sn\u00eddan\u011b, se na\u0161e deleg\u00e1tka v\u0161ech ptala, zda jsme byli ve\u010der v centru nebo z\u016fstali v hotelu. Skoro v\u0161ichni byli v hotelu. Jen j\u00e1 jsem odpov\u011bd\u011bl, \u017ee jsem se byl na 4 hodiny proj\u00edt do star\u00e9ho m\u011bsta, ale d\u00e1le jsem to nerozv\u00e1d\u011bl. Po sn\u00eddani jsme jeli m\u011bstskou hromadnou dopravou na kv\u011btinovou burzu v Aalsmeer a d\u00e1le do rozkvetl\u00e9ho parku Keukenhof a jen tak jsme chodili po m\u011bst\u011b a na ve\u010der se vr\u00e1tili na ubytov\u00e1n\u00ed.<br><br>Dal\u0161\u00ed den jsme jeli na sever od Amsterdamu do ALKMAARU, kde se konaj\u00ed ka\u017ed\u00fd p\u00e1tek s\u00fdrov\u00e9 trhy. N\u00e1lada byla \u00fa\u017easn\u00e1. V 10 hodin za\u010dali vyb\u00edhat nosi\u010di s\u00fdr\u016f a potom n\u00e1sledovalo moc kr\u00e1sn\u00e9 p\u0159edstaven\u00ed pro turisty. Ochutnal jsem holandsk\u00fd s\u00fdr Gouda, Edam, Leiden a jeli jsme do vesni\u010dky Volendam. Tam bylo zaj\u00edmav\u00e9 to, \u017ee zde obyvatel\u00e9 mluv\u00ed svoj\u00ed \u0159e\u010d\u00ed \u2013 volendam\u0161tinou. Na ve\u010der jsme p\u0159ijeli na hotel a j\u00e1 se po ve\u010de\u0159i t\u011b\u0161il, \u017ee se zastav\u00edm do Red Light District a budou na m\u011b \u010dekat dv\u011b \u010derno\u0161ky.<br><br>Kolem 23 hodiny jsem p\u0159i\u0161el k v\u00fdloze, kde byla Greetje. Zam\u00e1val jsme na ni, ona se na m\u011b usm\u00e1la a pr\u00fd, a\u0165 jdu dovnit\u0159. M\u011bli jsme stejn\u00fd pokoj jako p\u0159ed dv\u011bma dny, asi za 5 minut zaklepala Sophie a Greetje ji pustila do pokoje. Sophie byla je\u0161t\u011b kr\u00e1sn\u011bj\u0161\u00ed \u010derno\u0161ka ne\u017e Greetje. M\u011bla tak\u00e9 ob\u0159\u00ed prsa, asi o 5 cm vy\u0161\u0161\u00ed a n\u00e1dhern\u00fd zadek v modr\u00fdch tang\u00e1ch.<br><br>Holky si se mnou daly sprchu, hodily si m\u011b na postel a za\u010daly se na m\u011b po 5ti minut\u00e1ch st\u0159\u00eddat. Tentokr\u00e1t jsem st\u0159\u00edkal do condomu se Sophi\u00ed. Po sexu jsme si spolu je\u0161t\u011b pov\u00eddali, \u017ee pr\u00fd nikdy nebyly v \u010cech\u00e1ch, ale hodn\u011b sly\u0161ely o Praze a o Karlov\u00fdm most\u011b. Rozlou\u010dil jsem se holkami a \u0159ekl jim, \u017ee na n\u011b nadosmrti nezapomenu.<\/p>\n\n\n\n<figure class=\"wp-block-image size-large\"><img decoding=\"async\" loading=\"lazy\" width=\"683\" height=\"1024\" src=\"https:\/\/luxurymagazine.cz\/wp-content\/uploads\/2022\/09\/pexels-jeferson-gomes-6779485-683x1024.jpg\" alt=\"\" class=\"wp-image-2848\" srcset=\"https:\/\/luxurymagazine.cz\/wp-content\/uploads\/2022\/09\/pexels-jeferson-gomes-6779485-683x1024.jpg 683w, https:\/\/luxurymagazine.cz\/wp-content\/uploads\/2022\/09\/pexels-jeferson-gomes-6779485-200x300.jpg 200w, https:\/\/luxurymagazine.cz\/wp-content\/uploads\/2022\/09\/pexels-jeferson-gomes-6779485-768x1152.jpg 768w, https:\/\/luxurymagazine.cz\/wp-content\/uploads\/2022\/09\/pexels-jeferson-gomes-6779485-1024x1536.jpg 1024w, https:\/\/luxurymagazine.cz\/wp-content\/uploads\/2022\/09\/pexels-jeferson-gomes-6779485-1365x2048.jpg 1365w, https:\/\/luxurymagazine.cz\/wp-content\/uploads\/2022\/09\/pexels-jeferson-gomes-6779485-scaled.jpg 1707w\" sizes=\"(max-width: 683px) 100vw, 683px\" \/><\/figure>\n\n\n\n<p>Dal\u0161\u00ed dny jsme s cestovkou cestovali po r\u016fzn\u00fdch m\u011bste\u010dk\u00e1ch, vesni\u010dk\u00e1ch, \u010dtvrt\u00edch jako Naarden &#8211; kde je muzeum J. A. Komensk\u00e9ho, Zaanse Schans, kv\u011btinov\u00fd park Keukenhof, pluli jsme na lodi\u010dk\u00e1ch v Amsterodamsk\u00fdch kan\u00e1lech, obdivovali star\u00e9 v\u011btrn\u00e9 ml\u00fdny. Bylo toho spousta a ka\u017ed\u00fd m\u011bl z\u00e1\u017eitky na cel\u00fd \u017eivot.<\/p>\n\n\n\n<p>V \u00fater\u00fd ve\u010der jsme p\u0159ijeli do \u010cech. Cestou to na m\u011b padlo, c\u00edtil jsem se tak n\u011bjak osam\u011bl\u00fd a za\u010dal vzpom\u00ednat na z\u00e1\u017eitky ze \u010dtvrti \u010derven\u00fdch luceren. Po p\u0159\u00edjezdu do bytu, jsem si zapnul po\u010d\u00edta\u010d, na\u0165ukal moji obl\u00edbenou webstr\u00e1nku&nbsp;<a rel=\"noreferrer noopener\" href=\"https:\/\/www.livesex2100.com\/en\/\" target=\"_blank\"><strong>FREE SEX CHAT<\/strong><\/a>&nbsp;a ud\u011blal si u holek pomy\u0161len\u00ed.<\/p>\n\n\n\n<p>Dal\u0161\u00ed r\u00e1no jsem \u0161el k rodi\u010d\u016fm a tam m\u011b p\u0159iv\u00edtal m\u016fj pejsek bi\u0161onek. Rodi\u010d\u016fm jsem uk\u00e1zal spoustu fotek a vide\u00ed z kv\u011btinov\u00e9ho Holandska. Samoz\u0159ejm\u011b tajn\u00e9 video, kter\u00e9 jsem si nato\u010dil s \u010derno\u0161kami jsem jim nemohl uk\u00e1zat a den p\u0159edem jsem jej p\u0159et\u00e1hl do sv\u00e9ho po\u010d\u00edta\u010de. Uff, kdyby to v\u011bd\u011bly Greetje a Sophie, \u017ee jsem si je tajn\u011b nato\u010dil na mobil, asi by m\u011b \u2026.\u2026 \ud83d\ude00<\/p>\n\n\n\n<p><strong>Na shledanou, \u010dten\u00e1\u0159i m\u00fdch erotick\u00fdch pov\u00eddek. Rsk.<\/strong><\/p>\n\n\n\n<div style=\"height:62px\" aria-hidden=\"true\" class=\"wp-block-spacer\"><\/div>\n\n\n\n<figure class=\"wp-block-gallery columns-2 is-cropped wp-block-gallery-1 is-layout-flex wp-block-gallery-is-layout-flex\"><ul class=\"blocks-gallery-grid\"><li class=\"blocks-gallery-item\"><figure><img decoding=\"async\" loading=\"lazy\" width=\"683\" height=\"1024\" src=\"https:\/\/luxurymagazine.cz\/wp-content\/uploads\/2022\/09\/pexels-godisable-jacob-908884-683x1024.jpg\" alt=\"\" data-id=\"2846\" data-full-url=\"https:\/\/luxurymagazine.cz\/wp-content\/uploads\/2022\/09\/pexels-godisable-jacob-908884-scaled.jpg\" data-link=\"https:\/\/luxurymagazine.cz\/?attachment_id=2846\" class=\"wp-image-2846\" srcset=\"https:\/\/luxurymagazine.cz\/wp-content\/uploads\/2022\/09\/pexels-godisable-jacob-908884-683x1024.jpg 683w, https:\/\/luxurymagazine.cz\/wp-content\/uploads\/2022\/09\/pexels-godisable-jacob-908884-200x300.jpg 200w, https:\/\/luxurymagazine.cz\/wp-content\/uploads\/2022\/09\/pexels-godisable-jacob-908884-768x1152.jpg 768w, https:\/\/luxurymagazine.cz\/wp-content\/uploads\/2022\/09\/pexels-godisable-jacob-908884-1024x1536.jpg 1024w, https:\/\/luxurymagazine.cz\/wp-content\/uploads\/2022\/09\/pexels-godisable-jacob-908884-1365x2048.jpg 1365w, https:\/\/luxurymagazine.cz\/wp-content\/uploads\/2022\/09\/pexels-godisable-jacob-908884-scaled.jpg 1707w\" sizes=\"(max-width: 683px) 100vw, 683px\" \/><\/figure><\/li><li class=\"blocks-gallery-item\"><figure><img decoding=\"async\" loading=\"lazy\" width=\"1024\" height=\"683\" src=\"https:\/\/luxurymagazine.cz\/wp-content\/uploads\/2022\/09\/pexels-godisable-jacob-908890-1024x683.jpg\" alt=\"\" data-id=\"2847\" data-full-url=\"https:\/\/luxurymagazine.cz\/wp-content\/uploads\/2022\/09\/pexels-godisable-jacob-908890.jpg\" data-link=\"https:\/\/luxurymagazine.cz\/?attachment_id=2847\" class=\"wp-image-2847\" srcset=\"https:\/\/luxurymagazine.cz\/wp-content\/uploads\/2022\/09\/pexels-godisable-jacob-908890-1024x683.jpg 1024w, https:\/\/luxurymagazine.cz\/wp-content\/uploads\/2022\/09\/pexels-godisable-jacob-908890-300x200.jpg 300w, https:\/\/luxurymagazine.cz\/wp-content\/uploads\/2022\/09\/pexels-godisable-jacob-908890-768x512.jpg 768w, https:\/\/luxurymagazine.cz\/wp-content\/uploads\/2022\/09\/pexels-godisable-jacob-908890-1536x1024.jpg 1536w, https:\/\/luxurymagazine.cz\/wp-content\/uploads\/2022\/09\/pexels-godisable-jacob-908890.jpg 1920w\" sizes=\"(max-width: 1024px) 100vw, 1024px\" \/><\/figure><\/li><li class=\"blocks-gallery-item\"><figure><img decoding=\"async\" loading=\"lazy\" width=\"1024\" height=\"690\" src=\"https:\/\/luxurymagazine.cz\/wp-content\/uploads\/2022\/09\/smile-2072908_1280-1024x690.jpg\" alt=\"\" data-id=\"2850\" data-full-url=\"https:\/\/luxurymagazine.cz\/wp-content\/uploads\/2022\/09\/smile-2072908_1280.jpg\" data-link=\"https:\/\/luxurymagazine.cz\/?attachment_id=2850\" class=\"wp-image-2850\" srcset=\"https:\/\/luxurymagazine.cz\/wp-content\/uploads\/2022\/09\/smile-2072908_1280-1024x690.jpg 1024w, https:\/\/luxurymagazine.cz\/wp-content\/uploads\/2022\/09\/smile-2072908_1280-300x202.jpg 300w, https:\/\/luxurymagazine.cz\/wp-content\/uploads\/2022\/09\/smile-2072908_1280-768x518.jpg 768w, https:\/\/luxurymagazine.cz\/wp-content\/uploads\/2022\/09\/smile-2072908_1280.jpg 1280w\" sizes=\"(max-width: 1024px) 100vw, 1024px\" \/><\/figure><\/li><li class=\"blocks-gallery-item\"><figure><img decoding=\"async\" loading=\"lazy\" width=\"1024\" height=\"697\" src=\"https:\/\/luxurymagazine.cz\/wp-content\/uploads\/2022\/09\/pexels-lucas-da-miranda-1974889-1024x697.jpg\" alt=\"\" data-id=\"2849\" data-full-url=\"https:\/\/luxurymagazine.cz\/wp-content\/uploads\/2022\/09\/pexels-lucas-da-miranda-1974889.jpg\" data-link=\"https:\/\/luxurymagazine.cz\/?attachment_id=2849\" class=\"wp-image-2849\" srcset=\"https:\/\/luxurymagazine.cz\/wp-content\/uploads\/2022\/09\/pexels-lucas-da-miranda-1974889-1024x697.jpg 1024w, https:\/\/luxurymagazine.cz\/wp-content\/uploads\/2022\/09\/pexels-lucas-da-miranda-1974889-300x204.jpg 300w, https:\/\/luxurymagazine.cz\/wp-content\/uploads\/2022\/09\/pexels-lucas-da-miranda-1974889-768x523.jpg 768w, https:\/\/luxurymagazine.cz\/wp-content\/uploads\/2022\/09\/pexels-lucas-da-miranda-1974889-1536x1046.jpg 1536w, https:\/\/luxurymagazine.cz\/wp-content\/uploads\/2022\/09\/pexels-lucas-da-miranda-1974889.jpg 1920w\" sizes=\"(max-width: 1024px) 100vw, 1024px\" \/><\/figure><\/li><li class=\"blocks-gallery-item\"><figure><img decoding=\"async\" loading=\"lazy\" width=\"683\" height=\"1024\" src=\"https:\/\/luxurymagazine.cz\/wp-content\/uploads\/2022\/09\/pexels-jeferson-gomes-6779485-683x1024.jpg\" alt=\"\" data-id=\"2848\" data-full-url=\"https:\/\/luxurymagazine.cz\/wp-content\/uploads\/2022\/09\/pexels-jeferson-gomes-6779485-scaled.jpg\" data-link=\"https:\/\/luxurymagazine.cz\/?attachment_id=2848\" class=\"wp-image-2848\" srcset=\"https:\/\/luxurymagazine.cz\/wp-content\/uploads\/2022\/09\/pexels-jeferson-gomes-6779485-683x1024.jpg 683w, https:\/\/luxurymagazine.cz\/wp-content\/uploads\/2022\/09\/pexels-jeferson-gomes-6779485-200x300.jpg 200w, https:\/\/luxurymagazine.cz\/wp-content\/uploads\/2022\/09\/pexels-jeferson-gomes-6779485-768x1152.jpg 768w, https:\/\/luxurymagazine.cz\/wp-content\/uploads\/2022\/09\/pexels-jeferson-gomes-6779485-1024x1536.jpg 1024w, https:\/\/luxurymagazine.cz\/wp-content\/uploads\/2022\/09\/pexels-jeferson-gomes-6779485-1365x2048.jpg 1365w, https:\/\/luxurymagazine.cz\/wp-content\/uploads\/2022\/09\/pexels-jeferson-gomes-6779485-scaled.jpg 1707w\" sizes=\"(max-width: 683px) 100vw, 683px\" \/><\/figure><\/li><li class=\"blocks-gallery-item\"><figure><img decoding=\"async\" loading=\"lazy\" width=\"683\" height=\"1024\" src=\"https:\/\/luxurymagazine.cz\/wp-content\/uploads\/2022\/09\/pexels-cottonbro-4045599-683x1024.jpg\" alt=\"\" data-id=\"2845\" data-full-url=\"https:\/\/luxurymagazine.cz\/wp-content\/uploads\/2022\/09\/pexels-cottonbro-4045599-scaled.jpg\" data-link=\"https:\/\/luxurymagazine.cz\/?attachment_id=2845\" class=\"wp-image-2845\" srcset=\"https:\/\/luxurymagazine.cz\/wp-content\/uploads\/2022\/09\/pexels-cottonbro-4045599-683x1024.jpg 683w, https:\/\/luxurymagazine.cz\/wp-content\/uploads\/2022\/09\/pexels-cottonbro-4045599-200x300.jpg 200w, https:\/\/luxurymagazine.cz\/wp-content\/uploads\/2022\/09\/pexels-cottonbro-4045599-768x1152.jpg 768w, https:\/\/luxurymagazine.cz\/wp-content\/uploads\/2022\/09\/pexels-cottonbro-4045599-1024x1536.jpg 1024w, https:\/\/luxurymagazine.cz\/wp-content\/uploads\/2022\/09\/pexels-cottonbro-4045599-scaled.jpg 1707w\" sizes=\"(max-width: 683px) 100vw, 683px\" \/><\/figure><\/li><\/ul><\/figure>\n\n\n\n<p><strong>Zdroj foto:<\/strong> Pexels.com, Pixabay.com<\/p>\n","protected":false},"excerpt":{"rendered":"<p>Bezpe\u010dnostn\u00ed&nbsp;varov\u00e1n\u00ed: Obsah tohoto \u010dl\u00e1nku je ur\u010den&nbsp;pouze pro osoby star\u0161\u00ed 18&nbsp;let! Jednoho kr\u00e1sn\u00e9ho dne jsem se vydal do hlavn\u00edho m\u011bsta Amsterdam v Nizozem\u00ed, abych si splnil sv\u016fj velk\u00fd sen a pomiloval se s \u010dernou holkou. Na ulic\u00edch v \u010cech\u00e1ch t\u00e9m\u011b\u0159 \u017e\u00e1dn\u00e9 \u010derno\u0161ky nepotk\u00e1v\u00e1m, bydl\u00edm toti\u017e ve st\u0159edn\u011b velk\u00fdm m\u011bst\u011b a moc hn\u011bd\u00fdch afroturistek k n\u00e1m nezav\u00edt\u00e1. [&hellip;]<\/p>\n","protected":false},"author":3,"featured_media":2849,"comment_status":"closed","ping_status":"closed","sticky":false,"template":"","format":"standard","meta":{"_mi_skip_tracking":false,"_monsterinsights_sitenote_active":false,"_monsterinsights_sitenote_note":"","_monsterinsights_sitenote_category":0,"footnotes":""},"categories":[2,13],"tags":[],"yoast_head":"<!-- This site is optimized with the Yoast SEO plugin v21.4 - https:\/\/yoast.com\/wordpress\/plugins\/seo\/ -->\n<title>Sex s \u010derno\u0161kou moje prvn\u00ed black girl v holandsk\u00e9m Amsterdamu - LUXURYMAGAZINE.cz<\/title>\n<meta name=\"robots\" content=\"index, follow, max-snippet:-1, max-image-preview:large, max-video-preview:-1\" \/>\n<link rel=\"canonical\" href=\"https:\/\/luxurymagazine.cz\/index.php\/2022\/09\/25\/sex-s-cernoskou-moje-prvni-black-girl-v-holandskem-amsterdamu\/\" \/>\n<meta property=\"og:locale\" content=\"cs_CZ\" \/>\n<meta property=\"og:type\" content=\"article\" \/>\n<meta property=\"og:title\" content=\"Sex s \u010derno\u0161kou moje prvn\u00ed black girl v holandsk\u00e9m Amsterdamu - LUXURYMAGAZINE.cz\" \/>\n<meta property=\"og:description\" content=\"Bezpe\u010dnostn\u00ed&nbsp;varov\u00e1n\u00ed: Obsah tohoto \u010dl\u00e1nku je ur\u010den&nbsp;pouze pro osoby star\u0161\u00ed 18&nbsp;let! Jednoho kr\u00e1sn\u00e9ho dne jsem se vydal do hlavn\u00edho m\u011bsta Amsterdam v Nizozem\u00ed, abych si splnil sv\u016fj velk\u00fd sen a pomiloval se s \u010dernou holkou. Na ulic\u00edch v \u010cech\u00e1ch t\u00e9m\u011b\u0159 \u017e\u00e1dn\u00e9 \u010derno\u0161ky nepotk\u00e1v\u00e1m, bydl\u00edm toti\u017e ve st\u0159edn\u011b velk\u00fdm m\u011bst\u011b a moc hn\u011bd\u00fdch afroturistek k n\u00e1m nezav\u00edt\u00e1. [&hellip;]\" \/>\n<meta property=\"og:url\" content=\"https:\/\/luxurymagazine.cz\/index.php\/2022\/09\/25\/sex-s-cernoskou-moje-prvni-black-girl-v-holandskem-amsterdamu\/\" \/>\n<meta property=\"og:site_name\" content=\"LUXURYMAGAZINE.cz\" \/>\n<meta property=\"article:published_time\" content=\"2022-09-25T20:35:29+00:00\" \/>\n<meta property=\"article:modified_time\" content=\"2022-11-10T13:59:26+00:00\" \/>\n<meta property=\"og:image\" content=\"https:\/\/luxurymagazine.cz\/wp-content\/uploads\/2022\/09\/pexels-lucas-da-miranda-1974889.jpg\" \/>\n\t<meta property=\"og:image:width\" content=\"1920\" \/>\n\t<meta property=\"og:image:height\" content=\"1307\" \/>\n\t<meta property=\"og:image:type\" content=\"image\/jpeg\" \/>\n<meta name=\"author\" content=\"Miroslav Van\u011bk\" \/>\n<meta name=\"twitter:card\" content=\"summary_large_image\" \/>\n<meta name=\"twitter:label1\" content=\"Napsal(a)\" \/>\n\t<meta name=\"twitter:data1\" content=\"Miroslav Van\u011bk\" \/>\n\t<meta name=\"twitter:label2\" content=\"Odhadovan\u00e1 doba \u010dten\u00ed\" \/>\n\t<meta name=\"twitter:data2\" content=\"10 minut\" \/>\n<script type=\"application\/ld+json\" class=\"yoast-schema-graph\">{\"@context\":\"https:\/\/schema.org\",\"@graph\":[{\"@type\":\"Article\",\"@id\":\"https:\/\/luxurymagazine.cz\/index.php\/2022\/09\/25\/sex-s-cernoskou-moje-prvni-black-girl-v-holandskem-amsterdamu\/#article\",\"isPartOf\":{\"@id\":\"https:\/\/luxurymagazine.cz\/index.php\/2022\/09\/25\/sex-s-cernoskou-moje-prvni-black-girl-v-holandskem-amsterdamu\/\"},\"author\":{\"name\":\"Miroslav Van\u011bk\",\"@id\":\"https:\/\/luxurymagazine.cz\/#\/schema\/person\/44a069a3b1eab523585f7325b6e54254\"},\"headline\":\"Sex s \u010derno\u0161kou moje prvn\u00ed black girl v holandsk\u00e9m Amsterdamu\",\"datePublished\":\"2022-09-25T20:35:29+00:00\",\"dateModified\":\"2022-11-10T13:59:26+00:00\",\"mainEntityOfPage\":{\"@id\":\"https:\/\/luxurymagazine.cz\/index.php\/2022\/09\/25\/sex-s-cernoskou-moje-prvni-black-girl-v-holandskem-amsterdamu\/\"},\"wordCount\":2093,\"publisher\":{\"@id\":\"https:\/\/luxurymagazine.cz\/#organization\"},\"articleSection\":[\"NEWS\",\"TIPY &amp; TRENDY\"],\"inLanguage\":\"cs\"},{\"@type\":\"WebPage\",\"@id\":\"https:\/\/luxurymagazine.cz\/index.php\/2022\/09\/25\/sex-s-cernoskou-moje-prvni-black-girl-v-holandskem-amsterdamu\/\",\"url\":\"https:\/\/luxurymagazine.cz\/index.php\/2022\/09\/25\/sex-s-cernoskou-moje-prvni-black-girl-v-holandskem-amsterdamu\/\",\"name\":\"Sex s \u010derno\u0161kou moje prvn\u00ed black girl v holandsk\u00e9m Amsterdamu - LUXURYMAGAZINE.cz\",\"isPartOf\":{\"@id\":\"https:\/\/luxurymagazine.cz\/#website\"},\"datePublished\":\"2022-09-25T20:35:29+00:00\",\"dateModified\":\"2022-11-10T13:59:26+00:00\",\"breadcrumb\":{\"@id\":\"https:\/\/luxurymagazine.cz\/index.php\/2022\/09\/25\/sex-s-cernoskou-moje-prvni-black-girl-v-holandskem-amsterdamu\/#breadcrumb\"},\"inLanguage\":\"cs\",\"potentialAction\":[{\"@type\":\"ReadAction\",\"target\":[\"https:\/\/luxurymagazine.cz\/index.php\/2022\/09\/25\/sex-s-cernoskou-moje-prvni-black-girl-v-holandskem-amsterdamu\/\"]}]},{\"@type\":\"BreadcrumbList\",\"@id\":\"https:\/\/luxurymagazine.cz\/index.php\/2022\/09\/25\/sex-s-cernoskou-moje-prvni-black-girl-v-holandskem-amsterdamu\/#breadcrumb\",\"itemListElement\":[{\"@type\":\"ListItem\",\"position\":1,\"name\":\"Dom\u016f\",\"item\":\"https:\/\/luxurymagazine.cz\/\"},{\"@type\":\"ListItem\",\"position\":2,\"name\":\"Sex s \u010derno\u0161kou moje prvn\u00ed black girl v holandsk\u00e9m Amsterdamu\"}]},{\"@type\":\"WebSite\",\"@id\":\"https:\/\/luxurymagazine.cz\/#website\",\"url\":\"https:\/\/luxurymagazine.cz\/\",\"name\":\"LUXURYMAGAZINE.cz\",\"description\":\"Port\u00e1l v\u00fdhradn\u011b o luxusu...\",\"publisher\":{\"@id\":\"https:\/\/luxurymagazine.cz\/#organization\"},\"potentialAction\":[{\"@type\":\"SearchAction\",\"target\":{\"@type\":\"EntryPoint\",\"urlTemplate\":\"https:\/\/luxurymagazine.cz\/?s={search_term_string}\"},\"query-input\":\"required name=search_term_string\"}],\"inLanguage\":\"cs\"},{\"@type\":\"Organization\",\"@id\":\"https:\/\/luxurymagazine.cz\/#organization\",\"name\":\"LUXURYMAGAZINE.cz\",\"url\":\"https:\/\/luxurymagazine.cz\/\",\"logo\":{\"@type\":\"ImageObject\",\"inLanguage\":\"cs\",\"@id\":\"https:\/\/luxurymagazine.cz\/#\/schema\/logo\/image\/\",\"url\":\"https:\/\/luxurymagazine.cz\/wp-content\/uploads\/2024\/12\/cropped-Logo_LuxuryMagazine-1.jpg\",\"contentUrl\":\"https:\/\/luxurymagazine.cz\/wp-content\/uploads\/2024\/12\/cropped-Logo_LuxuryMagazine-1.jpg\",\"width\":934,\"height\":509,\"caption\":\"LUXURYMAGAZINE.cz\"},\"image\":{\"@id\":\"https:\/\/luxurymagazine.cz\/#\/schema\/logo\/image\/\"}},{\"@type\":\"Person\",\"@id\":\"https:\/\/luxurymagazine.cz\/#\/schema\/person\/44a069a3b1eab523585f7325b6e54254\",\"name\":\"Miroslav Van\u011bk\",\"image\":{\"@type\":\"ImageObject\",\"inLanguage\":\"cs\",\"@id\":\"https:\/\/luxurymagazine.cz\/#\/schema\/person\/image\/\",\"url\":\"https:\/\/secure.gravatar.com\/avatar\/cc93dbecbfc820d69a964ea4a1c72377?s=96&d=mm&r=g\",\"contentUrl\":\"https:\/\/secure.gravatar.com\/avatar\/cc93dbecbfc820d69a964ea4a1c72377?s=96&d=mm&r=g\",\"caption\":\"Miroslav Van\u011bk\"},\"sameAs\":[\"http:\/\/LUXURYMAGAZINE.cz\"],\"url\":\"https:\/\/luxurymagazine.cz\/index.php\/author\/mirvan\/\"}]}<\/script>\n<!-- \/ Yoast SEO plugin. -->","yoast_head_json":{"title":"Sex s \u010derno\u0161kou moje prvn\u00ed black girl v holandsk\u00e9m Amsterdamu - LUXURYMAGAZINE.cz","robots":{"index":"index","follow":"follow","max-snippet":"max-snippet:-1","max-image-preview":"max-image-preview:large","max-video-preview":"max-video-preview:-1"},"canonical":"https:\/\/luxurymagazine.cz\/index.php\/2022\/09\/25\/sex-s-cernoskou-moje-prvni-black-girl-v-holandskem-amsterdamu\/","og_locale":"cs_CZ","og_type":"article","og_title":"Sex s \u010derno\u0161kou moje prvn\u00ed black girl v holandsk\u00e9m Amsterdamu - LUXURYMAGAZINE.cz","og_description":"Bezpe\u010dnostn\u00ed&nbsp;varov\u00e1n\u00ed: Obsah tohoto \u010dl\u00e1nku je ur\u010den&nbsp;pouze pro osoby star\u0161\u00ed 18&nbsp;let! Jednoho kr\u00e1sn\u00e9ho dne jsem se vydal do hlavn\u00edho m\u011bsta Amsterdam v Nizozem\u00ed, abych si splnil sv\u016fj velk\u00fd sen a pomiloval se s \u010dernou holkou. Na ulic\u00edch v \u010cech\u00e1ch t\u00e9m\u011b\u0159 \u017e\u00e1dn\u00e9 \u010derno\u0161ky nepotk\u00e1v\u00e1m, bydl\u00edm toti\u017e ve st\u0159edn\u011b velk\u00fdm m\u011bst\u011b a moc hn\u011bd\u00fdch afroturistek k n\u00e1m nezav\u00edt\u00e1. [&hellip;]","og_url":"https:\/\/luxurymagazine.cz\/index.php\/2022\/09\/25\/sex-s-cernoskou-moje-prvni-black-girl-v-holandskem-amsterdamu\/","og_site_name":"LUXURYMAGAZINE.cz","article_published_time":"2022-09-25T20:35:29+00:00","article_modified_time":"2022-11-10T13:59:26+00:00","og_image":[{"width":1920,"height":1307,"url":"https:\/\/luxurymagazine.cz\/wp-content\/uploads\/2022\/09\/pexels-lucas-da-miranda-1974889.jpg","type":"image\/jpeg"}],"author":"Miroslav Van\u011bk","twitter_card":"summary_large_image","twitter_misc":{"Napsal(a)":"Miroslav Van\u011bk","Odhadovan\u00e1 doba \u010dten\u00ed":"10 minut"},"schema":{"@context":"https:\/\/schema.org","@graph":[{"@type":"Article","@id":"https:\/\/luxurymagazine.cz\/index.php\/2022\/09\/25\/sex-s-cernoskou-moje-prvni-black-girl-v-holandskem-amsterdamu\/#article","isPartOf":{"@id":"https:\/\/luxurymagazine.cz\/index.php\/2022\/09\/25\/sex-s-cernoskou-moje-prvni-black-girl-v-holandskem-amsterdamu\/"},"author":{"name":"Miroslav Van\u011bk","@id":"https:\/\/luxurymagazine.cz\/#\/schema\/person\/44a069a3b1eab523585f7325b6e54254"},"headline":"Sex s \u010derno\u0161kou moje prvn\u00ed black girl v holandsk\u00e9m Amsterdamu","datePublished":"2022-09-25T20:35:29+00:00","dateModified":"2022-11-10T13:59:26+00:00","mainEntityOfPage":{"@id":"https:\/\/luxurymagazine.cz\/index.php\/2022\/09\/25\/sex-s-cernoskou-moje-prvni-black-girl-v-holandskem-amsterdamu\/"},"wordCount":2093,"publisher":{"@id":"https:\/\/luxurymagazine.cz\/#organization"},"articleSection":["NEWS","TIPY &amp; TRENDY"],"inLanguage":"cs"},{"@type":"WebPage","@id":"https:\/\/luxurymagazine.cz\/index.php\/2022\/09\/25\/sex-s-cernoskou-moje-prvni-black-girl-v-holandskem-amsterdamu\/","url":"https:\/\/luxurymagazine.cz\/index.php\/2022\/09\/25\/sex-s-cernoskou-moje-prvni-black-girl-v-holandskem-amsterdamu\/","name":"Sex s \u010derno\u0161kou moje prvn\u00ed black girl v holandsk\u00e9m Amsterdamu - LUXURYMAGAZINE.cz","isPartOf":{"@id":"https:\/\/luxurymagazine.cz\/#website"},"datePublished":"2022-09-25T20:35:29+00:00","dateModified":"2022-11-10T13:59:26+00:00","breadcrumb":{"@id":"https:\/\/luxurymagazine.cz\/index.php\/2022\/09\/25\/sex-s-cernoskou-moje-prvni-black-girl-v-holandskem-amsterdamu\/#breadcrumb"},"inLanguage":"cs","potentialAction":[{"@type":"ReadAction","target":["https:\/\/luxurymagazine.cz\/index.php\/2022\/09\/25\/sex-s-cernoskou-moje-prvni-black-girl-v-holandskem-amsterdamu\/"]}]},{"@type":"BreadcrumbList","@id":"https:\/\/luxurymagazine.cz\/index.php\/2022\/09\/25\/sex-s-cernoskou-moje-prvni-black-girl-v-holandskem-amsterdamu\/#breadcrumb","itemListElement":[{"@type":"ListItem","position":1,"name":"Dom\u016f","item":"https:\/\/luxurymagazine.cz\/"},{"@type":"ListItem","position":2,"name":"Sex s \u010derno\u0161kou moje prvn\u00ed black girl v holandsk\u00e9m Amsterdamu"}]},{"@type":"WebSite","@id":"https:\/\/luxurymagazine.cz\/#website","url":"https:\/\/luxurymagazine.cz\/","name":"LUXURYMAGAZINE.cz","description":"Port\u00e1l v\u00fdhradn\u011b o luxusu...","publisher":{"@id":"https:\/\/luxurymagazine.cz\/#organization"},"potentialAction":[{"@type":"SearchAction","target":{"@type":"EntryPoint","urlTemplate":"https:\/\/luxurymagazine.cz\/?s={search_term_string}"},"query-input":"required name=search_term_string"}],"inLanguage":"cs"},{"@type":"Organization","@id":"https:\/\/luxurymagazine.cz\/#organization","name":"LUXURYMAGAZINE.cz","url":"https:\/\/luxurymagazine.cz\/","logo":{"@type":"ImageObject","inLanguage":"cs","@id":"https:\/\/luxurymagazine.cz\/#\/schema\/logo\/image\/","url":"https:\/\/luxurymagazine.cz\/wp-content\/uploads\/2024\/12\/cropped-Logo_LuxuryMagazine-1.jpg","contentUrl":"https:\/\/luxurymagazine.cz\/wp-content\/uploads\/2024\/12\/cropped-Logo_LuxuryMagazine-1.jpg","width":934,"height":509,"caption":"LUXURYMAGAZINE.cz"},"image":{"@id":"https:\/\/luxurymagazine.cz\/#\/schema\/logo\/image\/"}},{"@type":"Person","@id":"https:\/\/luxurymagazine.cz\/#\/schema\/person\/44a069a3b1eab523585f7325b6e54254","name":"Miroslav Van\u011bk","image":{"@type":"ImageObject","inLanguage":"cs","@id":"https:\/\/luxurymagazine.cz\/#\/schema\/person\/image\/","url":"https:\/\/secure.gravatar.com\/avatar\/cc93dbecbfc820d69a964ea4a1c72377?s=96&d=mm&r=g","contentUrl":"https:\/\/secure.gravatar.com\/avatar\/cc93dbecbfc820d69a964ea4a1c72377?s=96&d=mm&r=g","caption":"Miroslav Van\u011bk"},"sameAs":["http:\/\/LUXURYMAGAZINE.cz"],"url":"https:\/\/luxurymagazine.cz\/index.php\/author\/mirvan\/"}]}},"_links":{"self":[{"href":"https:\/\/luxurymagazine.cz\/index.php\/wp-json\/wp\/v2\/posts\/2844"}],"collection":[{"href":"https:\/\/luxurymagazine.cz\/index.php\/wp-json\/wp\/v2\/posts"}],"about":[{"href":"https:\/\/luxurymagazine.cz\/index.php\/wp-json\/wp\/v2\/types\/post"}],"author":[{"embeddable":true,"href":"https:\/\/luxurymagazine.cz\/index.php\/wp-json\/wp\/v2\/users\/3"}],"replies":[{"embeddable":true,"href":"https:\/\/luxurymagazine.cz\/index.php\/wp-json\/wp\/v2\/comments?post=2844"}],"version-history":[{"count":-3,"href":"https:\/\/luxurymagazine.cz\/index.php\/wp-json\/wp\/v2\/posts\/2844\/revisions"}],"wp:featuredmedia":[{"embeddable":true,"href":"https:\/\/luxurymagazine.cz\/index.php\/wp-json\/wp\/v2\/media\/2849"}],"wp:attachment":[{"href":"https:\/\/luxurymagazine.cz\/index.php\/wp-json\/wp\/v2\/media?parent=2844"}],"wp:term":[{"taxonomy":"category","embeddable":true,"href":"https:\/\/luxurymagazine.cz\/index.php\/wp-json\/wp\/v2\/categories?post=2844"},{"taxonomy":"post_tag","embeddable":true,"href":"https:\/\/luxurymagazine.cz\/index.php\/wp-json\/wp\/v2\/tags?post=2844"}],"curies":[{"name":"wp","href":"https:\/\/api.w.org\/{rel}","templated":true}]}}