{"id":2892,"date":"2022-10-12T00:01:00","date_gmt":"2022-10-11T22:01:00","guid":{"rendered":"https:\/\/luxurymagazine.cz\/?p=2892"},"modified":"2022-11-30T01:16:21","modified_gmt":"2022-11-30T00:16:21","slug":"jen-pro-muze-ansons-fashion-inspirace-pro-letosni-podzim","status":"publish","type":"post","link":"https:\/\/luxurymagazine.cz\/index.php\/2022\/10\/12\/jen-pro-muze-ansons-fashion-inspirace-pro-letosni-podzim\/","title":{"rendered":"Jen pro mu\u017ee: ANSON\u2019s fashion inspirace pro leto\u0161n\u00ed podzim"},"content":{"rendered":"\n<div style=\"height:44px\" aria-hidden=\"true\" class=\"wp-block-spacer\"><\/div>\n\n\n\n<p><strong>Rozlu\u010dte se s&nbsp;\u0161ortkami, je tu podzim. Ten leto\u0161n\u00ed v\u0161ak slibuje sam\u00e1 pozitiva, alespo\u0148 co se m\u00f3dy t\u00fd\u010de. Ta p\u00e1nsk\u00e1 se nese ve znamen\u00ed pohodln\u00fdch le\u017e\u00e9rn\u00edch st\u0159ih\u016f i kombinac\u00ed jasn\u00fdch barev s&nbsp;tlumen\u00fdmi p\u0159\u00edrodn\u00edmi t\u00f3ny. <\/strong><\/p>\n\n\n\n<figure class=\"wp-block-image size-large\"><img decoding=\"async\" loading=\"lazy\" width=\"1024\" height=\"768\" src=\"https:\/\/luxurymagazine.cz\/wp-content\/uploads\/2022\/10\/ANSONS-autumn-fashion_c_ANSONS-6-1024x768.jpg\" alt=\"\" class=\"wp-image-2898\" srcset=\"https:\/\/luxurymagazine.cz\/wp-content\/uploads\/2022\/10\/ANSONS-autumn-fashion_c_ANSONS-6-1024x768.jpg 1024w, https:\/\/luxurymagazine.cz\/wp-content\/uploads\/2022\/10\/ANSONS-autumn-fashion_c_ANSONS-6-300x225.jpg 300w, https:\/\/luxurymagazine.cz\/wp-content\/uploads\/2022\/10\/ANSONS-autumn-fashion_c_ANSONS-6-768x576.jpg 768w, https:\/\/luxurymagazine.cz\/wp-content\/uploads\/2022\/10\/ANSONS-autumn-fashion_c_ANSONS-6.jpg 1250w\" sizes=\"(max-width: 1024px) 100vw, 1024px\" \/><\/figure>\n\n\n\n<p>ANSON\u2019s, kter\u00fd spojuje top sv\u011btov\u00e9, ale tak\u00e9 exkluzivn\u00ed zna\u010dky p\u00e1nsk\u00e9 m\u00f3dy v\u0161ech styl\u016f, si dal s v\u00fdb\u011brem pro leto\u0161n\u00ed sez\u00f3nu z\u00e1le\u017eet a jako v\u017edy s\u00e1z\u00ed zejm\u00e9na na pohodl\u00ed a eleganci pro jakoukoliv p\u0159\u00edle\u017eitost. P\u0159edstavuje proto \u0161ir\u0161\u00ed st\u0159ihy, a\u0165 u\u017e jde o kalhoty, mikiny, svetry \u010di bundy, a p\u0159\u00edjemn\u00e9 strukturovan\u00e9 materi\u00e1ly. <\/p>\n\n\n\n<figure class=\"wp-block-image size-large\"><img decoding=\"async\" loading=\"lazy\" width=\"1024\" height=\"768\" src=\"https:\/\/luxurymagazine.cz\/wp-content\/uploads\/2022\/10\/ANSONS-autumn-fashion_c_ANSONS-2-1024x768.jpg\" alt=\"\" class=\"wp-image-2894\" srcset=\"https:\/\/luxurymagazine.cz\/wp-content\/uploads\/2022\/10\/ANSONS-autumn-fashion_c_ANSONS-2-1024x768.jpg 1024w, https:\/\/luxurymagazine.cz\/wp-content\/uploads\/2022\/10\/ANSONS-autumn-fashion_c_ANSONS-2-300x225.jpg 300w, https:\/\/luxurymagazine.cz\/wp-content\/uploads\/2022\/10\/ANSONS-autumn-fashion_c_ANSONS-2-768x576.jpg 768w, https:\/\/luxurymagazine.cz\/wp-content\/uploads\/2022\/10\/ANSONS-autumn-fashion_c_ANSONS-2.jpg 1250w\" sizes=\"(max-width: 1024px) 100vw, 1024px\" \/><\/figure>\n\n\n\n<p>Nov\u00e9 trendy dopl\u0148uj\u00ed v\u00fdrazn\u00e9 barvy, jako je sv\u011btle modr\u00e1 v kombinaci s vintage hn\u011bdou a dal\u0161\u00edmi podzimn\u00edmi t\u00f3ny, z\u00e1\u0159it ale budete i v&nbsp;kr\u00e9mov\u011b b\u00edl\u00e9. A pozor, op\u011bt se vrac\u00ed tak\u00e9 klasick\u00e9 man\u0161estr\u00e1ky a obl\u00edben\u00fd bomber st\u0159ih!<\/p>\n\n\n\n<figure class=\"wp-block-gallery columns-2 is-cropped wp-block-gallery-1 is-layout-flex wp-block-gallery-is-layout-flex\"><ul class=\"blocks-gallery-grid\"><li class=\"blocks-gallery-item\"><figure><img decoding=\"async\" loading=\"lazy\" width=\"768\" height=\"1024\" src=\"https:\/\/luxurymagazine.cz\/wp-content\/uploads\/2022\/10\/ANSONS-autumn-fashion_c_ANSONS-9-768x1024.jpg\" alt=\"\" data-id=\"2901\" data-full-url=\"https:\/\/luxurymagazine.cz\/wp-content\/uploads\/2022\/10\/ANSONS-autumn-fashion_c_ANSONS-9.jpg\" data-link=\"https:\/\/luxurymagazine.cz\/?attachment_id=2901\" class=\"wp-image-2901\" srcset=\"https:\/\/luxurymagazine.cz\/wp-content\/uploads\/2022\/10\/ANSONS-autumn-fashion_c_ANSONS-9-768x1024.jpg 768w, https:\/\/luxurymagazine.cz\/wp-content\/uploads\/2022\/10\/ANSONS-autumn-fashion_c_ANSONS-9-225x300.jpg 225w, https:\/\/luxurymagazine.cz\/wp-content\/uploads\/2022\/10\/ANSONS-autumn-fashion_c_ANSONS-9.jpg 975w\" sizes=\"(max-width: 768px) 100vw, 768px\" \/><\/figure><\/li><li class=\"blocks-gallery-item\"><figure><img decoding=\"async\" loading=\"lazy\" width=\"768\" height=\"1024\" src=\"https:\/\/luxurymagazine.cz\/wp-content\/uploads\/2022\/10\/ANSONS-autumn-fashion_c_ANSONS-8-768x1024.jpg\" alt=\"\" data-id=\"2900\" data-full-url=\"https:\/\/luxurymagazine.cz\/wp-content\/uploads\/2022\/10\/ANSONS-autumn-fashion_c_ANSONS-8.jpg\" data-link=\"https:\/\/luxurymagazine.cz\/?attachment_id=2900\" class=\"wp-image-2900\" srcset=\"https:\/\/luxurymagazine.cz\/wp-content\/uploads\/2022\/10\/ANSONS-autumn-fashion_c_ANSONS-8-768x1024.jpg 768w, https:\/\/luxurymagazine.cz\/wp-content\/uploads\/2022\/10\/ANSONS-autumn-fashion_c_ANSONS-8-225x300.jpg 225w, https:\/\/luxurymagazine.cz\/wp-content\/uploads\/2022\/10\/ANSONS-autumn-fashion_c_ANSONS-8.jpg 975w\" sizes=\"(max-width: 768px) 100vw, 768px\" \/><\/figure><\/li><\/ul><\/figure>\n\n\n\n<p>V\u00fdb\u011br nad\u010dasov\u00e9 klasiky, ale i unik\u00e1tn\u00ed n\u00e1kupn\u00ed z\u00e1\u017eitek a t\u00fdm m\u00f3dn\u00edch poradc\u016f najdete v&nbsp;ANSON\u2019s Westfield Chodov, na plo\u0161e 1200 m<sup>2<\/sup>.<\/p>\n\n\n\n<h2 class=\"wp-block-heading\">Redak\u010dn\u00ed tipy:<\/h2>\n\n\n\n<h4 class=\"wp-block-heading\">SVETR LACOSTE, 7&nbsp;299 K\u010d<\/h4>\n\n\n\n<div class=\"wp-block-image\"><figure class=\"aligncenter size-large\"><img decoding=\"async\" loading=\"lazy\" width=\"768\" height=\"1024\" src=\"https:\/\/luxurymagazine.cz\/wp-content\/uploads\/2022\/10\/LACOSTE_7.29999CZK_Ansons_1623326-768x1024.jpg\" alt=\"\" class=\"wp-image-2906\" srcset=\"https:\/\/luxurymagazine.cz\/wp-content\/uploads\/2022\/10\/LACOSTE_7.29999CZK_Ansons_1623326-768x1024.jpg 768w, https:\/\/luxurymagazine.cz\/wp-content\/uploads\/2022\/10\/LACOSTE_7.29999CZK_Ansons_1623326-225x300.jpg 225w, https:\/\/luxurymagazine.cz\/wp-content\/uploads\/2022\/10\/LACOSTE_7.29999CZK_Ansons_1623326.jpg 975w\" sizes=\"(max-width: 768px) 100vw, 768px\" \/><\/figure><\/div>\n\n\n\n<h4 class=\"wp-block-heading\">KALHOTY REVIEW 1399 K\u010d<\/h4>\n\n\n\n<div class=\"wp-block-image\"><figure class=\"aligncenter size-large\"><img decoding=\"async\" loading=\"lazy\" width=\"768\" height=\"1024\" src=\"https:\/\/luxurymagazine.cz\/wp-content\/uploads\/2022\/10\/REVIEW_1.39900CZK_Ansons_1622569-768x1024.jpg\" alt=\"\" class=\"wp-image-2907\" srcset=\"https:\/\/luxurymagazine.cz\/wp-content\/uploads\/2022\/10\/REVIEW_1.39900CZK_Ansons_1622569-768x1024.jpg 768w, https:\/\/luxurymagazine.cz\/wp-content\/uploads\/2022\/10\/REVIEW_1.39900CZK_Ansons_1622569-225x300.jpg 225w, https:\/\/luxurymagazine.cz\/wp-content\/uploads\/2022\/10\/REVIEW_1.39900CZK_Ansons_1622569.jpg 975w\" sizes=\"(max-width: 768px) 100vw, 768px\" \/><\/figure><\/div>\n\n\n\n<h4 class=\"wp-block-heading\">BOMBER REVIEW, 2799 K\u010d<\/h4>\n\n\n\n<figure class=\"wp-block-image size-large\"><img decoding=\"async\" loading=\"lazy\" width=\"768\" height=\"1024\" src=\"https:\/\/luxurymagazine.cz\/wp-content\/uploads\/2022\/10\/REVIEW_2.79900CZK_Ansons_1621170-768x1024.jpg\" alt=\"\" class=\"wp-image-2908\" srcset=\"https:\/\/luxurymagazine.cz\/wp-content\/uploads\/2022\/10\/REVIEW_2.79900CZK_Ansons_1621170-768x1024.jpg 768w, https:\/\/luxurymagazine.cz\/wp-content\/uploads\/2022\/10\/REVIEW_2.79900CZK_Ansons_1621170-225x300.jpg 225w, https:\/\/luxurymagazine.cz\/wp-content\/uploads\/2022\/10\/REVIEW_2.79900CZK_Ansons_1621170.jpg 975w\" sizes=\"(max-width: 768px) 100vw, 768px\" \/><\/figure>\n\n\n\n<h4 class=\"wp-block-heading\">VESTA REVIEW, 999 K\u010d<\/h4>\n\n\n\n<figure class=\"wp-block-image size-large\"><img decoding=\"async\" loading=\"lazy\" width=\"768\" height=\"1024\" src=\"https:\/\/luxurymagazine.cz\/wp-content\/uploads\/2022\/10\/REVIEW_99900CZK_Ansons_1621200-768x1024.jpg\" alt=\"\" class=\"wp-image-2909\" srcset=\"https:\/\/luxurymagazine.cz\/wp-content\/uploads\/2022\/10\/REVIEW_99900CZK_Ansons_1621200-768x1024.jpg 768w, https:\/\/luxurymagazine.cz\/wp-content\/uploads\/2022\/10\/REVIEW_99900CZK_Ansons_1621200-225x300.jpg 225w, https:\/\/luxurymagazine.cz\/wp-content\/uploads\/2022\/10\/REVIEW_99900CZK_Ansons_1621200.jpg 975w\" sizes=\"(max-width: 768px) 100vw, 768px\" \/><\/figure>\n\n\n\n<h4 class=\"wp-block-heading\">TENISKY LACOSTE, 2&nbsp;999 K\u010d<\/h4>\n\n\n\n<figure class=\"wp-block-image size-large\"><img decoding=\"async\" loading=\"lazy\" width=\"768\" height=\"1024\" src=\"https:\/\/luxurymagazine.cz\/wp-content\/uploads\/2022\/10\/LACOSTE_2.99900CZK_Ansons_1622922-768x1024.jpg\" alt=\"\" class=\"wp-image-2911\" srcset=\"https:\/\/luxurymagazine.cz\/wp-content\/uploads\/2022\/10\/LACOSTE_2.99900CZK_Ansons_1622922-768x1024.jpg 768w, https:\/\/luxurymagazine.cz\/wp-content\/uploads\/2022\/10\/LACOSTE_2.99900CZK_Ansons_1622922-225x300.jpg 225w, https:\/\/luxurymagazine.cz\/wp-content\/uploads\/2022\/10\/LACOSTE_2.99900CZK_Ansons_1622922.jpg 975w\" sizes=\"(max-width: 768px) 100vw, 768px\" \/><\/figure>\n\n\n\n<h4 class=\"wp-block-heading\">SVETR MCNEAL, 1399 K\u010d<\/h4>\n\n\n\n<figure class=\"wp-block-image size-large\"><img decoding=\"async\" loading=\"lazy\" width=\"768\" height=\"1024\" src=\"https:\/\/luxurymagazine.cz\/wp-content\/uploads\/2022\/10\/MCNEAL_1.39900CZK_Ansons_1622801-768x1024.jpg\" alt=\"\" class=\"wp-image-2912\" srcset=\"https:\/\/luxurymagazine.cz\/wp-content\/uploads\/2022\/10\/MCNEAL_1.39900CZK_Ansons_1622801-768x1024.jpg 768w, https:\/\/luxurymagazine.cz\/wp-content\/uploads\/2022\/10\/MCNEAL_1.39900CZK_Ansons_1622801-225x300.jpg 225w, https:\/\/luxurymagazine.cz\/wp-content\/uploads\/2022\/10\/MCNEAL_1.39900CZK_Ansons_1622801.jpg 975w\" sizes=\"(max-width: 768px) 100vw, 768px\" \/><\/figure>\n\n\n\n<h4 class=\"wp-block-heading\"><strong>ANSON&#8217;S Praha Chodov<\/strong><\/h4>\n\n\n\n<p>Roztylsk\u00e1 2321\/19<br>Praha 148 00<\/p>\n\n\n\n<p><strong>Otev\u00edrac\u00ed doba<\/strong><\/p>\n\n\n\n<p>Po &#8211; Ne 09.00 &#8211; 21.00 hod.<\/p>\n\n\n\n<div style=\"height:20px\" aria-hidden=\"true\" class=\"wp-block-spacer\"><\/div>\n\n\n\n<p><strong>Dal\u0161\u00ed produkty a<\/strong> <strong>v\u00edce informac\u00ed zde <a href=\"http:\/\/www.ansons.com\/cz\/\">www.ansons.com\/cz\/<\/a><\/strong><\/p>\n\n\n\n<div style=\"height:100px\" aria-hidden=\"true\" class=\"wp-block-spacer\"><\/div>\n\n\n\n<figure class=\"wp-block-gallery columns-2 is-cropped wp-block-gallery-3 is-layout-flex wp-block-gallery-is-layout-flex\"><ul class=\"blocks-gallery-grid\"><li class=\"blocks-gallery-item\"><figure><img decoding=\"async\" loading=\"lazy\" width=\"1024\" height=\"768\" src=\"https:\/\/luxurymagazine.cz\/wp-content\/uploads\/2022\/10\/ANSONS-autumn-fashion_c_ANSONS-2-1024x768.jpg\" alt=\"\" data-id=\"2894\" data-full-url=\"https:\/\/luxurymagazine.cz\/wp-content\/uploads\/2022\/10\/ANSONS-autumn-fashion_c_ANSONS-2.jpg\" data-link=\"https:\/\/luxurymagazine.cz\/?attachment_id=2894\" class=\"wp-image-2894\" srcset=\"https:\/\/luxurymagazine.cz\/wp-content\/uploads\/2022\/10\/ANSONS-autumn-fashion_c_ANSONS-2-1024x768.jpg 1024w, https:\/\/luxurymagazine.cz\/wp-content\/uploads\/2022\/10\/ANSONS-autumn-fashion_c_ANSONS-2-300x225.jpg 300w, https:\/\/luxurymagazine.cz\/wp-content\/uploads\/2022\/10\/ANSONS-autumn-fashion_c_ANSONS-2-768x576.jpg 768w, https:\/\/luxurymagazine.cz\/wp-content\/uploads\/2022\/10\/ANSONS-autumn-fashion_c_ANSONS-2.jpg 1250w\" sizes=\"(max-width: 1024px) 100vw, 1024px\" \/><\/figure><\/li><li class=\"blocks-gallery-item\"><figure><img decoding=\"async\" loading=\"lazy\" width=\"1024\" height=\"768\" src=\"https:\/\/luxurymagazine.cz\/wp-content\/uploads\/2022\/10\/ANSONS-autumn-fashion_c_ANSONS-12-1024x768.jpg\" alt=\"\" data-id=\"2904\" data-full-url=\"https:\/\/luxurymagazine.cz\/wp-content\/uploads\/2022\/10\/ANSONS-autumn-fashion_c_ANSONS-12.jpg\" data-link=\"https:\/\/luxurymagazine.cz\/?attachment_id=2904\" class=\"wp-image-2904\" srcset=\"https:\/\/luxurymagazine.cz\/wp-content\/uploads\/2022\/10\/ANSONS-autumn-fashion_c_ANSONS-12-1024x768.jpg 1024w, https:\/\/luxurymagazine.cz\/wp-content\/uploads\/2022\/10\/ANSONS-autumn-fashion_c_ANSONS-12-300x225.jpg 300w, https:\/\/luxurymagazine.cz\/wp-content\/uploads\/2022\/10\/ANSONS-autumn-fashion_c_ANSONS-12-768x576.jpg 768w, https:\/\/luxurymagazine.cz\/wp-content\/uploads\/2022\/10\/ANSONS-autumn-fashion_c_ANSONS-12.jpg 1250w\" sizes=\"(max-width: 1024px) 100vw, 1024px\" \/><\/figure><\/li><li class=\"blocks-gallery-item\"><figure><img decoding=\"async\" loading=\"lazy\" width=\"1024\" height=\"768\" src=\"https:\/\/luxurymagazine.cz\/wp-content\/uploads\/2022\/10\/ANSONS-autumn-fashion_c_ANSONS-3-1024x768.jpg\" alt=\"\" data-id=\"2895\" data-full-url=\"https:\/\/luxurymagazine.cz\/wp-content\/uploads\/2022\/10\/ANSONS-autumn-fashion_c_ANSONS-3.jpg\" data-link=\"https:\/\/luxurymagazine.cz\/?attachment_id=2895\" class=\"wp-image-2895\" srcset=\"https:\/\/luxurymagazine.cz\/wp-content\/uploads\/2022\/10\/ANSONS-autumn-fashion_c_ANSONS-3-1024x768.jpg 1024w, https:\/\/luxurymagazine.cz\/wp-content\/uploads\/2022\/10\/ANSONS-autumn-fashion_c_ANSONS-3-300x225.jpg 300w, https:\/\/luxurymagazine.cz\/wp-content\/uploads\/2022\/10\/ANSONS-autumn-fashion_c_ANSONS-3-768x576.jpg 768w, https:\/\/luxurymagazine.cz\/wp-content\/uploads\/2022\/10\/ANSONS-autumn-fashion_c_ANSONS-3.jpg 1250w\" sizes=\"(max-width: 1024px) 100vw, 1024px\" \/><\/figure><\/li><li class=\"blocks-gallery-item\"><figure><img decoding=\"async\" loading=\"lazy\" width=\"768\" height=\"1024\" src=\"https:\/\/luxurymagazine.cz\/wp-content\/uploads\/2022\/10\/ANSONS-autumn-fashion_c_ANSONS-13-768x1024.jpg\" alt=\"\" data-id=\"2905\" data-full-url=\"https:\/\/luxurymagazine.cz\/wp-content\/uploads\/2022\/10\/ANSONS-autumn-fashion_c_ANSONS-13.jpg\" data-link=\"https:\/\/luxurymagazine.cz\/?attachment_id=2905\" class=\"wp-image-2905\" srcset=\"https:\/\/luxurymagazine.cz\/wp-content\/uploads\/2022\/10\/ANSONS-autumn-fashion_c_ANSONS-13-768x1024.jpg 768w, https:\/\/luxurymagazine.cz\/wp-content\/uploads\/2022\/10\/ANSONS-autumn-fashion_c_ANSONS-13-225x300.jpg 225w, https:\/\/luxurymagazine.cz\/wp-content\/uploads\/2022\/10\/ANSONS-autumn-fashion_c_ANSONS-13.jpg 975w\" sizes=\"(max-width: 768px) 100vw, 768px\" \/><\/figure><\/li><li class=\"blocks-gallery-item\"><figure><img decoding=\"async\" loading=\"lazy\" width=\"1024\" height=\"768\" src=\"https:\/\/luxurymagazine.cz\/wp-content\/uploads\/2022\/10\/ANSONS-autumn-fashion_c_ANSONS-5-1024x768.jpg\" alt=\"\" data-id=\"2897\" data-full-url=\"https:\/\/luxurymagazine.cz\/wp-content\/uploads\/2022\/10\/ANSONS-autumn-fashion_c_ANSONS-5.jpg\" data-link=\"https:\/\/luxurymagazine.cz\/?attachment_id=2897\" class=\"wp-image-2897\" srcset=\"https:\/\/luxurymagazine.cz\/wp-content\/uploads\/2022\/10\/ANSONS-autumn-fashion_c_ANSONS-5-1024x768.jpg 1024w, https:\/\/luxurymagazine.cz\/wp-content\/uploads\/2022\/10\/ANSONS-autumn-fashion_c_ANSONS-5-300x225.jpg 300w, https:\/\/luxurymagazine.cz\/wp-content\/uploads\/2022\/10\/ANSONS-autumn-fashion_c_ANSONS-5-768x576.jpg 768w, https:\/\/luxurymagazine.cz\/wp-content\/uploads\/2022\/10\/ANSONS-autumn-fashion_c_ANSONS-5.jpg 1250w\" sizes=\"(max-width: 1024px) 100vw, 1024px\" \/><\/figure><\/li><li class=\"blocks-gallery-item\"><figure><img decoding=\"async\" loading=\"lazy\" width=\"768\" height=\"1024\" src=\"https:\/\/luxurymagazine.cz\/wp-content\/uploads\/2022\/10\/ANSONS-autumn-fashion_c_ANSONS-9-768x1024.jpg\" alt=\"\" data-id=\"2901\" data-full-url=\"https:\/\/luxurymagazine.cz\/wp-content\/uploads\/2022\/10\/ANSONS-autumn-fashion_c_ANSONS-9.jpg\" data-link=\"https:\/\/luxurymagazine.cz\/?attachment_id=2901\" class=\"wp-image-2901\" srcset=\"https:\/\/luxurymagazine.cz\/wp-content\/uploads\/2022\/10\/ANSONS-autumn-fashion_c_ANSONS-9-768x1024.jpg 768w, https:\/\/luxurymagazine.cz\/wp-content\/uploads\/2022\/10\/ANSONS-autumn-fashion_c_ANSONS-9-225x300.jpg 225w, https:\/\/luxurymagazine.cz\/wp-content\/uploads\/2022\/10\/ANSONS-autumn-fashion_c_ANSONS-9.jpg 975w\" sizes=\"(max-width: 768px) 100vw, 768px\" \/><\/figure><\/li><li class=\"blocks-gallery-item\"><figure><img decoding=\"async\" loading=\"lazy\" width=\"1024\" height=\"768\" src=\"https:\/\/luxurymagazine.cz\/wp-content\/uploads\/2022\/10\/ANSONS-autumn-fashion_c_ANSONS-6-1024x768.jpg\" alt=\"\" data-id=\"2898\" data-full-url=\"https:\/\/luxurymagazine.cz\/wp-content\/uploads\/2022\/10\/ANSONS-autumn-fashion_c_ANSONS-6.jpg\" data-link=\"https:\/\/luxurymagazine.cz\/?attachment_id=2898\" class=\"wp-image-2898\" srcset=\"https:\/\/luxurymagazine.cz\/wp-content\/uploads\/2022\/10\/ANSONS-autumn-fashion_c_ANSONS-6-1024x768.jpg 1024w, https:\/\/luxurymagazine.cz\/wp-content\/uploads\/2022\/10\/ANSONS-autumn-fashion_c_ANSONS-6-300x225.jpg 300w, https:\/\/luxurymagazine.cz\/wp-content\/uploads\/2022\/10\/ANSONS-autumn-fashion_c_ANSONS-6-768x576.jpg 768w, https:\/\/luxurymagazine.cz\/wp-content\/uploads\/2022\/10\/ANSONS-autumn-fashion_c_ANSONS-6.jpg 1250w\" sizes=\"(max-width: 1024px) 100vw, 1024px\" \/><\/figure><\/li><li class=\"blocks-gallery-item\"><figure><img decoding=\"async\" loading=\"lazy\" width=\"1024\" height=\"768\" src=\"https:\/\/luxurymagazine.cz\/wp-content\/uploads\/2022\/10\/ANSONS-autumn-fashion_c_ANSONS-11-1024x768.jpg\" alt=\"\" data-id=\"2903\" data-full-url=\"https:\/\/luxurymagazine.cz\/wp-content\/uploads\/2022\/10\/ANSONS-autumn-fashion_c_ANSONS-11.jpg\" data-link=\"https:\/\/luxurymagazine.cz\/?attachment_id=2903\" class=\"wp-image-2903\" srcset=\"https:\/\/luxurymagazine.cz\/wp-content\/uploads\/2022\/10\/ANSONS-autumn-fashion_c_ANSONS-11-1024x768.jpg 1024w, https:\/\/luxurymagazine.cz\/wp-content\/uploads\/2022\/10\/ANSONS-autumn-fashion_c_ANSONS-11-300x225.jpg 300w, https:\/\/luxurymagazine.cz\/wp-content\/uploads\/2022\/10\/ANSONS-autumn-fashion_c_ANSONS-11-768x576.jpg 768w, https:\/\/luxurymagazine.cz\/wp-content\/uploads\/2022\/10\/ANSONS-autumn-fashion_c_ANSONS-11.jpg 1250w\" sizes=\"(max-width: 1024px) 100vw, 1024px\" \/><\/figure><\/li><li class=\"blocks-gallery-item\"><figure><img decoding=\"async\" loading=\"lazy\" width=\"768\" height=\"1024\" src=\"https:\/\/luxurymagazine.cz\/wp-content\/uploads\/2022\/10\/ANSONS-autumn-fashion_c_ANSONS-8-768x1024.jpg\" alt=\"\" data-id=\"2900\" data-full-url=\"https:\/\/luxurymagazine.cz\/wp-content\/uploads\/2022\/10\/ANSONS-autumn-fashion_c_ANSONS-8.jpg\" data-link=\"https:\/\/luxurymagazine.cz\/?attachment_id=2900\" class=\"wp-image-2900\" srcset=\"https:\/\/luxurymagazine.cz\/wp-content\/uploads\/2022\/10\/ANSONS-autumn-fashion_c_ANSONS-8-768x1024.jpg 768w, https:\/\/luxurymagazine.cz\/wp-content\/uploads\/2022\/10\/ANSONS-autumn-fashion_c_ANSONS-8-225x300.jpg 225w, https:\/\/luxurymagazine.cz\/wp-content\/uploads\/2022\/10\/ANSONS-autumn-fashion_c_ANSONS-8.jpg 975w\" sizes=\"(max-width: 768px) 100vw, 768px\" \/><\/figure><\/li><li class=\"blocks-gallery-item\"><figure><img decoding=\"async\" loading=\"lazy\" width=\"768\" height=\"1024\" src=\"https:\/\/luxurymagazine.cz\/wp-content\/uploads\/2022\/10\/ANSONS-autumn-fashion_c_ANSONS-7-768x1024.jpg\" alt=\"\" data-id=\"2899\" data-full-url=\"https:\/\/luxurymagazine.cz\/wp-content\/uploads\/2022\/10\/ANSONS-autumn-fashion_c_ANSONS-7.jpg\" data-link=\"https:\/\/luxurymagazine.cz\/?attachment_id=2899\" class=\"wp-image-2899\" srcset=\"https:\/\/luxurymagazine.cz\/wp-content\/uploads\/2022\/10\/ANSONS-autumn-fashion_c_ANSONS-7-768x1024.jpg 768w, https:\/\/luxurymagazine.cz\/wp-content\/uploads\/2022\/10\/ANSONS-autumn-fashion_c_ANSONS-7-225x300.jpg 225w, https:\/\/luxurymagazine.cz\/wp-content\/uploads\/2022\/10\/ANSONS-autumn-fashion_c_ANSONS-7.jpg 975w\" sizes=\"(max-width: 768px) 100vw, 768px\" \/><\/figure><\/li><li class=\"blocks-gallery-item\"><figure><img decoding=\"async\" loading=\"lazy\" width=\"768\" height=\"1024\" src=\"https:\/\/luxurymagazine.cz\/wp-content\/uploads\/2022\/10\/ANSONS-autumn-fashion_c_ANSONS-1-768x1024.jpg\" alt=\"\" data-id=\"2893\" data-full-url=\"https:\/\/luxurymagazine.cz\/wp-content\/uploads\/2022\/10\/ANSONS-autumn-fashion_c_ANSONS-1.jpg\" data-link=\"https:\/\/luxurymagazine.cz\/?attachment_id=2893\" class=\"wp-image-2893\" srcset=\"https:\/\/luxurymagazine.cz\/wp-content\/uploads\/2022\/10\/ANSONS-autumn-fashion_c_ANSONS-1-768x1024.jpg 768w, https:\/\/luxurymagazine.cz\/wp-content\/uploads\/2022\/10\/ANSONS-autumn-fashion_c_ANSONS-1-225x300.jpg 225w, https:\/\/luxurymagazine.cz\/wp-content\/uploads\/2022\/10\/ANSONS-autumn-fashion_c_ANSONS-1.jpg 975w\" sizes=\"(max-width: 768px) 100vw, 768px\" \/><\/figure><\/li><li class=\"blocks-gallery-item\"><figure><img decoding=\"async\" loading=\"lazy\" width=\"768\" height=\"1024\" src=\"https:\/\/luxurymagazine.cz\/wp-content\/uploads\/2022\/10\/ANSONS-autumn-fashion_c_ANSONS-4-768x1024.jpg\" alt=\"\" data-id=\"2896\" data-full-url=\"https:\/\/luxurymagazine.cz\/wp-content\/uploads\/2022\/10\/ANSONS-autumn-fashion_c_ANSONS-4.jpg\" data-link=\"https:\/\/luxurymagazine.cz\/?attachment_id=2896\" class=\"wp-image-2896\" srcset=\"https:\/\/luxurymagazine.cz\/wp-content\/uploads\/2022\/10\/ANSONS-autumn-fashion_c_ANSONS-4-768x1024.jpg 768w, https:\/\/luxurymagazine.cz\/wp-content\/uploads\/2022\/10\/ANSONS-autumn-fashion_c_ANSONS-4-225x300.jpg 225w, https:\/\/luxurymagazine.cz\/wp-content\/uploads\/2022\/10\/ANSONS-autumn-fashion_c_ANSONS-4.jpg 975w\" sizes=\"(max-width: 768px) 100vw, 768px\" \/><\/figure><\/li><li class=\"blocks-gallery-item\"><figure><img decoding=\"async\" loading=\"lazy\" width=\"768\" height=\"1024\" src=\"https:\/\/luxurymagazine.cz\/wp-content\/uploads\/2022\/10\/ANSONS-autumn-fashion_c_ANSONS-10-768x1024.jpg\" alt=\"\" data-id=\"2902\" data-full-url=\"https:\/\/luxurymagazine.cz\/wp-content\/uploads\/2022\/10\/ANSONS-autumn-fashion_c_ANSONS-10.jpg\" data-link=\"https:\/\/luxurymagazine.cz\/?attachment_id=2902\" class=\"wp-image-2902\" srcset=\"https:\/\/luxurymagazine.cz\/wp-content\/uploads\/2022\/10\/ANSONS-autumn-fashion_c_ANSONS-10-768x1024.jpg 768w, https:\/\/luxurymagazine.cz\/wp-content\/uploads\/2022\/10\/ANSONS-autumn-fashion_c_ANSONS-10-225x300.jpg 225w, https:\/\/luxurymagazine.cz\/wp-content\/uploads\/2022\/10\/ANSONS-autumn-fashion_c_ANSONS-10.jpg 975w\" sizes=\"(max-width: 768px) 100vw, 768px\" \/><\/figure><\/li><\/ul><\/figure>\n\n\n\n<p><strong>Zdroj foto: <\/strong>ANSON\u2019s<\/p>\n\n\n\n<div style=\"height:100px\" aria-hidden=\"true\" class=\"wp-block-spacer\"><\/div>\n","protected":false},"excerpt":{"rendered":"<p>Rozlu\u010dte se s&nbsp;\u0161ortkami, je tu podzim. Ten leto\u0161n\u00ed v\u0161ak slibuje sam\u00e1 pozitiva, alespo\u0148 co se m\u00f3dy t\u00fd\u010de. Ta p\u00e1nsk\u00e1 se nese ve znamen\u00ed pohodln\u00fdch le\u017e\u00e9rn\u00edch st\u0159ih\u016f i kombinac\u00ed jasn\u00fdch barev s&nbsp;tlumen\u00fdmi p\u0159\u00edrodn\u00edmi t\u00f3ny. ANSON\u2019s, kter\u00fd spojuje top sv\u011btov\u00e9, ale tak\u00e9 exkluzivn\u00ed zna\u010dky p\u00e1nsk\u00e9 m\u00f3dy v\u0161ech styl\u016f, si dal s v\u00fdb\u011brem pro leto\u0161n\u00ed sez\u00f3nu z\u00e1le\u017eet a [&hellip;]<\/p>\n","protected":false},"author":1,"featured_media":2898,"comment_status":"closed","ping_status":"closed","sticky":false,"template":"","format":"standard","meta":{"_mi_skip_tracking":false,"_monsterinsights_sitenote_active":false,"_monsterinsights_sitenote_note":"","_monsterinsights_sitenote_category":0,"footnotes":""},"categories":[3,2,13],"tags":[],"yoast_head":"<!-- This site is optimized with the Yoast SEO plugin v21.4 - https:\/\/yoast.com\/wordpress\/plugins\/seo\/ -->\n<title>Jen pro mu\u017ee: ANSON\u2019s fashion inspirace pro leto\u0161n\u00ed podzim - LUXURYMAGAZINE.cz<\/title>\n<meta name=\"robots\" content=\"index, follow, max-snippet:-1, max-image-preview:large, max-video-preview:-1\" \/>\n<link rel=\"canonical\" href=\"https:\/\/luxurymagazine.cz\/index.php\/2022\/10\/12\/jen-pro-muze-ansons-fashion-inspirace-pro-letosni-podzim\/\" \/>\n<meta property=\"og:locale\" content=\"cs_CZ\" \/>\n<meta property=\"og:type\" content=\"article\" \/>\n<meta property=\"og:title\" content=\"Jen pro mu\u017ee: ANSON\u2019s fashion inspirace pro leto\u0161n\u00ed podzim - LUXURYMAGAZINE.cz\" \/>\n<meta property=\"og:description\" content=\"Rozlu\u010dte se s&nbsp;\u0161ortkami, je tu podzim. Ten leto\u0161n\u00ed v\u0161ak slibuje sam\u00e1 pozitiva, alespo\u0148 co se m\u00f3dy t\u00fd\u010de. Ta p\u00e1nsk\u00e1 se nese ve znamen\u00ed pohodln\u00fdch le\u017e\u00e9rn\u00edch st\u0159ih\u016f i kombinac\u00ed jasn\u00fdch barev s&nbsp;tlumen\u00fdmi p\u0159\u00edrodn\u00edmi t\u00f3ny. ANSON\u2019s, kter\u00fd spojuje top sv\u011btov\u00e9, ale tak\u00e9 exkluzivn\u00ed zna\u010dky p\u00e1nsk\u00e9 m\u00f3dy v\u0161ech styl\u016f, si dal s v\u00fdb\u011brem pro leto\u0161n\u00ed sez\u00f3nu z\u00e1le\u017eet a [&hellip;]\" \/>\n<meta property=\"og:url\" content=\"https:\/\/luxurymagazine.cz\/index.php\/2022\/10\/12\/jen-pro-muze-ansons-fashion-inspirace-pro-letosni-podzim\/\" \/>\n<meta property=\"og:site_name\" content=\"LUXURYMAGAZINE.cz\" \/>\n<meta property=\"article:published_time\" content=\"2022-10-11T22:01:00+00:00\" \/>\n<meta property=\"article:modified_time\" content=\"2022-11-30T00:16:21+00:00\" \/>\n<meta property=\"og:image\" content=\"https:\/\/luxurymagazine.cz\/wp-content\/uploads\/2022\/10\/ANSONS-autumn-fashion_c_ANSONS-6.jpg\" \/>\n\t<meta property=\"og:image:width\" content=\"1250\" \/>\n\t<meta property=\"og:image:height\" content=\"937\" \/>\n\t<meta property=\"og:image:type\" content=\"image\/jpeg\" \/>\n<meta name=\"author\" content=\"Mikol\u00e1\u0161ek (\u0161\u00e9fredaktor HMG)\" \/>\n<meta name=\"twitter:card\" content=\"summary_large_image\" \/>\n<meta name=\"twitter:label1\" content=\"Napsal(a)\" \/>\n\t<meta name=\"twitter:data1\" content=\"Mikol\u00e1\u0161ek (\u0161\u00e9fredaktor HMG)\" \/>\n\t<meta name=\"twitter:label2\" content=\"Odhadovan\u00e1 doba \u010dten\u00ed\" \/>\n\t<meta name=\"twitter:data2\" content=\"1 minuta\" \/>\n<script type=\"application\/ld+json\" class=\"yoast-schema-graph\">{\"@context\":\"https:\/\/schema.org\",\"@graph\":[{\"@type\":\"Article\",\"@id\":\"https:\/\/luxurymagazine.cz\/index.php\/2022\/10\/12\/jen-pro-muze-ansons-fashion-inspirace-pro-letosni-podzim\/#article\",\"isPartOf\":{\"@id\":\"https:\/\/luxurymagazine.cz\/index.php\/2022\/10\/12\/jen-pro-muze-ansons-fashion-inspirace-pro-letosni-podzim\/\"},\"author\":{\"name\":\"Mikol\u00e1\u0161ek (\u0161\u00e9fredaktor HMG)\",\"@id\":\"https:\/\/luxurymagazine.cz\/#\/schema\/person\/900281a2a290470de69f4ca1ff899a92\"},\"headline\":\"Jen pro mu\u017ee: ANSON\u2019s fashion inspirace pro leto\u0161n\u00ed podzim\",\"datePublished\":\"2022-10-11T22:01:00+00:00\",\"dateModified\":\"2022-11-30T00:16:21+00:00\",\"mainEntityOfPage\":{\"@id\":\"https:\/\/luxurymagazine.cz\/index.php\/2022\/10\/12\/jen-pro-muze-ansons-fashion-inspirace-pro-letosni-podzim\/\"},\"wordCount\":272,\"publisher\":{\"@id\":\"https:\/\/luxurymagazine.cz\/#organization\"},\"articleSection\":[\"M\u00d3DA\",\"NEWS\",\"TIPY &amp; TRENDY\"],\"inLanguage\":\"cs\"},{\"@type\":\"WebPage\",\"@id\":\"https:\/\/luxurymagazine.cz\/index.php\/2022\/10\/12\/jen-pro-muze-ansons-fashion-inspirace-pro-letosni-podzim\/\",\"url\":\"https:\/\/luxurymagazine.cz\/index.php\/2022\/10\/12\/jen-pro-muze-ansons-fashion-inspirace-pro-letosni-podzim\/\",\"name\":\"Jen pro mu\u017ee: ANSON\u2019s fashion inspirace pro leto\u0161n\u00ed podzim - LUXURYMAGAZINE.cz\",\"isPartOf\":{\"@id\":\"https:\/\/luxurymagazine.cz\/#website\"},\"datePublished\":\"2022-10-11T22:01:00+00:00\",\"dateModified\":\"2022-11-30T00:16:21+00:00\",\"breadcrumb\":{\"@id\":\"https:\/\/luxurymagazine.cz\/index.php\/2022\/10\/12\/jen-pro-muze-ansons-fashion-inspirace-pro-letosni-podzim\/#breadcrumb\"},\"inLanguage\":\"cs\",\"potentialAction\":[{\"@type\":\"ReadAction\",\"target\":[\"https:\/\/luxurymagazine.cz\/index.php\/2022\/10\/12\/jen-pro-muze-ansons-fashion-inspirace-pro-letosni-podzim\/\"]}]},{\"@type\":\"BreadcrumbList\",\"@id\":\"https:\/\/luxurymagazine.cz\/index.php\/2022\/10\/12\/jen-pro-muze-ansons-fashion-inspirace-pro-letosni-podzim\/#breadcrumb\",\"itemListElement\":[{\"@type\":\"ListItem\",\"position\":1,\"name\":\"Dom\u016f\",\"item\":\"https:\/\/luxurymagazine.cz\/\"},{\"@type\":\"ListItem\",\"position\":2,\"name\":\"Jen pro mu\u017ee: ANSON\u2019s fashion inspirace pro leto\u0161n\u00ed podzim\"}]},{\"@type\":\"WebSite\",\"@id\":\"https:\/\/luxurymagazine.cz\/#website\",\"url\":\"https:\/\/luxurymagazine.cz\/\",\"name\":\"LUXURYMAGAZINE.cz\",\"description\":\"Port\u00e1l v\u00fdhradn\u011b o luxusu...\",\"publisher\":{\"@id\":\"https:\/\/luxurymagazine.cz\/#organization\"},\"potentialAction\":[{\"@type\":\"SearchAction\",\"target\":{\"@type\":\"EntryPoint\",\"urlTemplate\":\"https:\/\/luxurymagazine.cz\/?s={search_term_string}\"},\"query-input\":\"required name=search_term_string\"}],\"inLanguage\":\"cs\"},{\"@type\":\"Organization\",\"@id\":\"https:\/\/luxurymagazine.cz\/#organization\",\"name\":\"LUXURYMAGAZINE.cz\",\"url\":\"https:\/\/luxurymagazine.cz\/\",\"logo\":{\"@type\":\"ImageObject\",\"inLanguage\":\"cs\",\"@id\":\"https:\/\/luxurymagazine.cz\/#\/schema\/logo\/image\/\",\"url\":\"https:\/\/luxurymagazine.cz\/wp-content\/uploads\/2024\/12\/cropped-Logo_LuxuryMagazine-1.jpg\",\"contentUrl\":\"https:\/\/luxurymagazine.cz\/wp-content\/uploads\/2024\/12\/cropped-Logo_LuxuryMagazine-1.jpg\",\"width\":934,\"height\":509,\"caption\":\"LUXURYMAGAZINE.cz\"},\"image\":{\"@id\":\"https:\/\/luxurymagazine.cz\/#\/schema\/logo\/image\/\"}},{\"@type\":\"Person\",\"@id\":\"https:\/\/luxurymagazine.cz\/#\/schema\/person\/900281a2a290470de69f4ca1ff899a92\",\"name\":\"Mikol\u00e1\u0161ek (\u0161\u00e9fredaktor HMG)\",\"image\":{\"@type\":\"ImageObject\",\"inLanguage\":\"cs\",\"@id\":\"https:\/\/luxurymagazine.cz\/#\/schema\/person\/image\/\",\"url\":\"https:\/\/secure.gravatar.com\/avatar\/1c8a35f186d8baabb0513b2bdd8e53cd?s=96&d=mm&r=g\",\"contentUrl\":\"https:\/\/secure.gravatar.com\/avatar\/1c8a35f186d8baabb0513b2bdd8e53cd?s=96&d=mm&r=g\",\"caption\":\"Mikol\u00e1\u0161ek (\u0161\u00e9fredaktor HMG)\"},\"url\":\"https:\/\/luxurymagazine.cz\/index.php\/author\/ivomik\/\"}]}<\/script>\n<!-- \/ Yoast SEO plugin. -->","yoast_head_json":{"title":"Jen pro mu\u017ee: ANSON\u2019s fashion inspirace pro leto\u0161n\u00ed podzim - LUXURYMAGAZINE.cz","robots":{"index":"index","follow":"follow","max-snippet":"max-snippet:-1","max-image-preview":"max-image-preview:large","max-video-preview":"max-video-preview:-1"},"canonical":"https:\/\/luxurymagazine.cz\/index.php\/2022\/10\/12\/jen-pro-muze-ansons-fashion-inspirace-pro-letosni-podzim\/","og_locale":"cs_CZ","og_type":"article","og_title":"Jen pro mu\u017ee: ANSON\u2019s fashion inspirace pro leto\u0161n\u00ed podzim - LUXURYMAGAZINE.cz","og_description":"Rozlu\u010dte se s&nbsp;\u0161ortkami, je tu podzim. Ten leto\u0161n\u00ed v\u0161ak slibuje sam\u00e1 pozitiva, alespo\u0148 co se m\u00f3dy t\u00fd\u010de. Ta p\u00e1nsk\u00e1 se nese ve znamen\u00ed pohodln\u00fdch le\u017e\u00e9rn\u00edch st\u0159ih\u016f i kombinac\u00ed jasn\u00fdch barev s&nbsp;tlumen\u00fdmi p\u0159\u00edrodn\u00edmi t\u00f3ny. ANSON\u2019s, kter\u00fd spojuje top sv\u011btov\u00e9, ale tak\u00e9 exkluzivn\u00ed zna\u010dky p\u00e1nsk\u00e9 m\u00f3dy v\u0161ech styl\u016f, si dal s v\u00fdb\u011brem pro leto\u0161n\u00ed sez\u00f3nu z\u00e1le\u017eet a [&hellip;]","og_url":"https:\/\/luxurymagazine.cz\/index.php\/2022\/10\/12\/jen-pro-muze-ansons-fashion-inspirace-pro-letosni-podzim\/","og_site_name":"LUXURYMAGAZINE.cz","article_published_time":"2022-10-11T22:01:00+00:00","article_modified_time":"2022-11-30T00:16:21+00:00","og_image":[{"width":1250,"height":937,"url":"https:\/\/luxurymagazine.cz\/wp-content\/uploads\/2022\/10\/ANSONS-autumn-fashion_c_ANSONS-6.jpg","type":"image\/jpeg"}],"author":"Mikol\u00e1\u0161ek (\u0161\u00e9fredaktor HMG)","twitter_card":"summary_large_image","twitter_misc":{"Napsal(a)":"Mikol\u00e1\u0161ek (\u0161\u00e9fredaktor HMG)","Odhadovan\u00e1 doba \u010dten\u00ed":"1 minuta"},"schema":{"@context":"https:\/\/schema.org","@graph":[{"@type":"Article","@id":"https:\/\/luxurymagazine.cz\/index.php\/2022\/10\/12\/jen-pro-muze-ansons-fashion-inspirace-pro-letosni-podzim\/#article","isPartOf":{"@id":"https:\/\/luxurymagazine.cz\/index.php\/2022\/10\/12\/jen-pro-muze-ansons-fashion-inspirace-pro-letosni-podzim\/"},"author":{"name":"Mikol\u00e1\u0161ek (\u0161\u00e9fredaktor HMG)","@id":"https:\/\/luxurymagazine.cz\/#\/schema\/person\/900281a2a290470de69f4ca1ff899a92"},"headline":"Jen pro mu\u017ee: ANSON\u2019s fashion inspirace pro leto\u0161n\u00ed podzim","datePublished":"2022-10-11T22:01:00+00:00","dateModified":"2022-11-30T00:16:21+00:00","mainEntityOfPage":{"@id":"https:\/\/luxurymagazine.cz\/index.php\/2022\/10\/12\/jen-pro-muze-ansons-fashion-inspirace-pro-letosni-podzim\/"},"wordCount":272,"publisher":{"@id":"https:\/\/luxurymagazine.cz\/#organization"},"articleSection":["M\u00d3DA","NEWS","TIPY &amp; TRENDY"],"inLanguage":"cs"},{"@type":"WebPage","@id":"https:\/\/luxurymagazine.cz\/index.php\/2022\/10\/12\/jen-pro-muze-ansons-fashion-inspirace-pro-letosni-podzim\/","url":"https:\/\/luxurymagazine.cz\/index.php\/2022\/10\/12\/jen-pro-muze-ansons-fashion-inspirace-pro-letosni-podzim\/","name":"Jen pro mu\u017ee: ANSON\u2019s fashion inspirace pro leto\u0161n\u00ed podzim - LUXURYMAGAZINE.cz","isPartOf":{"@id":"https:\/\/luxurymagazine.cz\/#website"},"datePublished":"2022-10-11T22:01:00+00:00","dateModified":"2022-11-30T00:16:21+00:00","breadcrumb":{"@id":"https:\/\/luxurymagazine.cz\/index.php\/2022\/10\/12\/jen-pro-muze-ansons-fashion-inspirace-pro-letosni-podzim\/#breadcrumb"},"inLanguage":"cs","potentialAction":[{"@type":"ReadAction","target":["https:\/\/luxurymagazine.cz\/index.php\/2022\/10\/12\/jen-pro-muze-ansons-fashion-inspirace-pro-letosni-podzim\/"]}]},{"@type":"BreadcrumbList","@id":"https:\/\/luxurymagazine.cz\/index.php\/2022\/10\/12\/jen-pro-muze-ansons-fashion-inspirace-pro-letosni-podzim\/#breadcrumb","itemListElement":[{"@type":"ListItem","position":1,"name":"Dom\u016f","item":"https:\/\/luxurymagazine.cz\/"},{"@type":"ListItem","position":2,"name":"Jen pro mu\u017ee: ANSON\u2019s fashion inspirace pro leto\u0161n\u00ed podzim"}]},{"@type":"WebSite","@id":"https:\/\/luxurymagazine.cz\/#website","url":"https:\/\/luxurymagazine.cz\/","name":"LUXURYMAGAZINE.cz","description":"Port\u00e1l v\u00fdhradn\u011b o luxusu...","publisher":{"@id":"https:\/\/luxurymagazine.cz\/#organization"},"potentialAction":[{"@type":"SearchAction","target":{"@type":"EntryPoint","urlTemplate":"https:\/\/luxurymagazine.cz\/?s={search_term_string}"},"query-input":"required name=search_term_string"}],"inLanguage":"cs"},{"@type":"Organization","@id":"https:\/\/luxurymagazine.cz\/#organization","name":"LUXURYMAGAZINE.cz","url":"https:\/\/luxurymagazine.cz\/","logo":{"@type":"ImageObject","inLanguage":"cs","@id":"https:\/\/luxurymagazine.cz\/#\/schema\/logo\/image\/","url":"https:\/\/luxurymagazine.cz\/wp-content\/uploads\/2024\/12\/cropped-Logo_LuxuryMagazine-1.jpg","contentUrl":"https:\/\/luxurymagazine.cz\/wp-content\/uploads\/2024\/12\/cropped-Logo_LuxuryMagazine-1.jpg","width":934,"height":509,"caption":"LUXURYMAGAZINE.cz"},"image":{"@id":"https:\/\/luxurymagazine.cz\/#\/schema\/logo\/image\/"}},{"@type":"Person","@id":"https:\/\/luxurymagazine.cz\/#\/schema\/person\/900281a2a290470de69f4ca1ff899a92","name":"Mikol\u00e1\u0161ek (\u0161\u00e9fredaktor HMG)","image":{"@type":"ImageObject","inLanguage":"cs","@id":"https:\/\/luxurymagazine.cz\/#\/schema\/person\/image\/","url":"https:\/\/secure.gravatar.com\/avatar\/1c8a35f186d8baabb0513b2bdd8e53cd?s=96&d=mm&r=g","contentUrl":"https:\/\/secure.gravatar.com\/avatar\/1c8a35f186d8baabb0513b2bdd8e53cd?s=96&d=mm&r=g","caption":"Mikol\u00e1\u0161ek (\u0161\u00e9fredaktor HMG)"},"url":"https:\/\/luxurymagazine.cz\/index.php\/author\/ivomik\/"}]}},"_links":{"self":[{"href":"https:\/\/luxurymagazine.cz\/index.php\/wp-json\/wp\/v2\/posts\/2892"}],"collection":[{"href":"https:\/\/luxurymagazine.cz\/index.php\/wp-json\/wp\/v2\/posts"}],"about":[{"href":"https:\/\/luxurymagazine.cz\/index.php\/wp-json\/wp\/v2\/types\/post"}],"author":[{"embeddable":true,"href":"https:\/\/luxurymagazine.cz\/index.php\/wp-json\/wp\/v2\/users\/1"}],"replies":[{"embeddable":true,"href":"https:\/\/luxurymagazine.cz\/index.php\/wp-json\/wp\/v2\/comments?post=2892"}],"version-history":[{"count":-2,"href":"https:\/\/luxurymagazine.cz\/index.php\/wp-json\/wp\/v2\/posts\/2892\/revisions"}],"wp:featuredmedia":[{"embeddable":true,"href":"https:\/\/luxurymagazine.cz\/index.php\/wp-json\/wp\/v2\/media\/2898"}],"wp:attachment":[{"href":"https:\/\/luxurymagazine.cz\/index.php\/wp-json\/wp\/v2\/media?parent=2892"}],"wp:term":[{"taxonomy":"category","embeddable":true,"href":"https:\/\/luxurymagazine.cz\/index.php\/wp-json\/wp\/v2\/categories?post=2892"},{"taxonomy":"post_tag","embeddable":true,"href":"https:\/\/luxurymagazine.cz\/index.php\/wp-json\/wp\/v2\/tags?post=2892"}],"curies":[{"name":"wp","href":"https:\/\/api.w.org\/{rel}","templated":true}]}}