{"id":2970,"date":"2022-10-24T00:01:00","date_gmt":"2022-10-23T22:01:00","guid":{"rendered":"https:\/\/luxurymagazine.cz\/?p=2970"},"modified":"2022-12-07T01:36:29","modified_gmt":"2022-12-07T00:36:29","slug":"sezona-slunecnich-bryli-nekonci-lakave-podzimni-trendy-najdete-v-optikach-fielmann","status":"publish","type":"post","link":"https:\/\/luxurymagazine.cz\/index.php\/2022\/10\/24\/sezona-slunecnich-bryli-nekonci-lakave-podzimni-trendy-najdete-v-optikach-fielmann\/","title":{"rendered":"Sez\u00f3na slune\u010dn\u00edch br\u00fdl\u00ed nekon\u010d\u00ed \u2013 l\u00e1kav\u00e9 podzimn\u00ed trendy najdete v optik\u00e1ch Fielmann"},"content":{"rendered":"\n<div style=\"height:42px\" aria-hidden=\"true\" class=\"wp-block-spacer\"><\/div>\n\n\n\n<p><strong>Dny se kr\u00e1t\u00ed, dopln\u011bk v podob\u011b slune\u010dn\u00edch br\u00fdl\u00ed v\u0161ak neodkl\u00e1dejte. Krom\u011b ochrany zraku poslou\u017e\u00ed i jako m\u00f3dn\u00ed t\u0159e\u0161ni\u010dka na dortu ka\u017ed\u00e9ho outfitu.<\/strong><\/p>\n\n\n\n<div style=\"height:15px\" aria-hidden=\"true\" class=\"wp-block-spacer\"><\/div>\n\n\n\n<figure class=\"wp-block-image size-large\"><img decoding=\"async\" src=\"https:\/\/womenhouse.cz\/wp-content\/uploads\/2022\/10\/Fielmann-OU-028-SUN-FA-1024x573.jpg\" alt=\"\" class=\"wp-image-8561\"\/><\/figure>\n\n\n\n<div style=\"height:15px\" aria-hidden=\"true\" class=\"wp-block-spacer\"><\/div>\n\n\n\n<p>I kdy\u017e je slune\u010dn\u00edho svitu je sice st\u00e1le m\u00e9n\u011b, ochrana o\u010d\u00ed z\u016fst\u00e1v\u00e1 d\u016fle\u017eit\u00fdm t\u00e9matem. Na podzim je toti\u017e slunce na nebi n\u00ed\u017ee, jeho paprsky tak mohou zas\u00e1hnout o\u010di je\u0161t\u011b citeln\u011bji ne\u017e v l\u00e9t\u011b. Slune\u010dn\u00ed br\u00fdle nav\u00edc ochr\u00e1n\u00ed o\u010di tak\u00e9 p\u0159ed siln\u00fdm v\u011btrem a drobn\u00fdmi poletuj\u00edc\u00edmi ne\u010distotami. Sta\u010d\u00ed vybrat sv\u011btlej\u0161\u00ed t\u00f3nov\u00e1n\u00ed skel, a m\u016f\u017eete br\u00fdle nosit d\u00e1l.<\/p>\n\n\n\n<div style=\"height:19px\" aria-hidden=\"true\" class=\"wp-block-spacer\"><\/div>\n\n\n\n<figure class=\"wp-block-gallery columns-2 is-cropped wp-block-gallery-1 is-layout-flex wp-block-gallery-is-layout-flex\"><ul class=\"blocks-gallery-grid\"><li class=\"blocks-gallery-item\"><figure><img decoding=\"async\" src=\"https:\/\/womenhouse.cz\/wp-content\/uploads\/2022\/10\/Fielmann-MF-041-SUN-FA-1024x573.jpg\" alt=\"\" data-id=\"8560\" data-full-url=\"https:\/\/womenhouse.cz\/wp-content\/uploads\/2022\/10\/Fielmann-MF-041-SUN-FA.jpg\" data-link=\"https:\/\/womenhouse.cz\/?attachment_id=8560\" class=\"wp-image-8560\"\/><\/figure><\/li><li class=\"blocks-gallery-item\"><figure><img decoding=\"async\" src=\"https:\/\/womenhouse.cz\/wp-content\/uploads\/2022\/10\/Fielmann-MF-037-SUN-1024x573.jpg\" alt=\"\" data-id=\"8559\" data-full-url=\"https:\/\/womenhouse.cz\/wp-content\/uploads\/2022\/10\/Fielmann-MF-037-SUN.jpg\" data-link=\"https:\/\/womenhouse.cz\/?attachment_id=8559\" class=\"wp-image-8559\"\/><\/figure><\/li><\/ul><\/figure>\n\n\n\n<div style=\"height:20px\" aria-hidden=\"true\" class=\"wp-block-spacer\"><\/div>\n\n\n\n<p>A je tu je\u0161t\u011b jeden d\u016fvod, pro\u010d by byla \u0161koda se slune\u010dn\u00edch br\u00fdl\u00ed zbavit. Vyberete-li je spr\u00e1vn\u011b, dokonale podtrhnou va\u0161i osobnost i m\u00f3dn\u00ed styl. Kolekce <strong>Fielmann<\/strong> p\u0159in\u00e1\u0161ej\u00ed h\u0159ejiv\u00e9 barvy spadan\u00e9ho list\u00ed, origin\u00e1ln\u00ed tvary a propracovan\u00e9 detaily. Nez\u00e1le\u017e\u00ed na tom, zda pat\u0159\u00edte k milovn\u00edk\u016fm obl\u00edben\u00e9ho retra, nesmrteln\u00e9 klasiky, nebo sv\u011b\u017e\u00edho modern\u00edho stylu, u <strong>Fielmanna<\/strong> si ur\u010dit\u011b vyberete.<\/p>\n\n\n\n<div style=\"height:16px\" aria-hidden=\"true\" class=\"wp-block-spacer\"><\/div>\n\n\n\n<figure class=\"wp-block-image size-large\"><img decoding=\"async\" src=\"https:\/\/womenhouse.cz\/wp-content\/uploads\/2022\/10\/Fielmann-BD-434-SUN-FA-1024x573.jpg\" alt=\"\" class=\"wp-image-8558\"\/><\/figure>\n\n\n\n<div style=\"height:18px\" aria-hidden=\"true\" class=\"wp-block-spacer\"><\/div>\n\n\n\n<p>S rozhodov\u00e1n\u00edm v\u00e1m pom\u016f\u017ee t\u00fdm \u0161kolen\u00fdch profesion\u00e1l\u016f, kte\u0159\u00ed v\u00e1m doporu\u010d\u00ed obrou\u010dky vhodn\u00e9 p\u0159esn\u011b pro v\u00e1\u0161 styl i tvar obli\u010deje. Samoz\u0159ejmost\u00ed je individu\u00e1ln\u00ed p\u00e9\u010de, prvot\u0159\u00eddn\u00ed servis a f\u00e9rov\u00e1 cena.&nbsp;<\/p>\n\n\n\n<p><strong>V\u00edce informac\u00ed na <a class=\"\" href=\"http:\/\/www.fielmann.cz\">www.fielmann.cz<\/a>.<\/strong><\/p>\n\n\n\n<div style=\"height:44px\" aria-hidden=\"true\" class=\"wp-block-spacer\"><\/div>\n\n\n\n<figure class=\"wp-block-gallery columns-3 is-cropped wp-block-gallery-3 is-layout-flex wp-block-gallery-is-layout-flex\"><ul class=\"blocks-gallery-grid\"><li class=\"blocks-gallery-item\"><figure><img decoding=\"async\" src=\"https:\/\/womenhouse.cz\/wp-content\/uploads\/2022\/10\/Fielmann-MF-037-SUN-1024x573.jpg\" alt=\"\" data-id=\"8559\" data-full-url=\"https:\/\/womenhouse.cz\/wp-content\/uploads\/2022\/10\/Fielmann-MF-037-SUN.jpg\" data-link=\"https:\/\/womenhouse.cz\/?attachment_id=8559\" class=\"wp-image-8559\"\/><\/figure><\/li><li class=\"blocks-gallery-item\"><figure><img decoding=\"async\" src=\"https:\/\/womenhouse.cz\/wp-content\/uploads\/2022\/10\/Fielmann-BD-434-SUN-FA-1024x573.jpg\" alt=\"\" data-id=\"8558\" data-full-url=\"https:\/\/womenhouse.cz\/wp-content\/uploads\/2022\/10\/Fielmann-BD-434-SUN-FA.jpg\" data-link=\"https:\/\/womenhouse.cz\/?attachment_id=8558\" class=\"wp-image-8558\"\/><\/figure><\/li><li class=\"blocks-gallery-item\"><figure><img decoding=\"async\" src=\"https:\/\/womenhouse.cz\/wp-content\/uploads\/2022\/10\/Fielmann-MF-041-SUN-FA-1024x573.jpg\" alt=\"\" data-id=\"8560\" data-full-url=\"https:\/\/womenhouse.cz\/wp-content\/uploads\/2022\/10\/Fielmann-MF-041-SUN-FA.jpg\" data-link=\"https:\/\/womenhouse.cz\/?attachment_id=8560\" class=\"wp-image-8560\"\/><\/figure><\/li><li class=\"blocks-gallery-item\"><figure><img decoding=\"async\" src=\"https:\/\/womenhouse.cz\/wp-content\/uploads\/2022\/10\/Fielmann-OU-028-SUN-FA-1024x573.jpg\" alt=\"\" data-id=\"8561\" data-full-url=\"https:\/\/womenhouse.cz\/wp-content\/uploads\/2022\/10\/Fielmann-OU-028-SUN-FA.jpg\" data-link=\"https:\/\/womenhouse.cz\/?attachment_id=8561\" class=\"wp-image-8561\"\/><\/figure><\/li><\/ul><\/figure>\n\n\n\n<p><strong>Zdroj foto: <\/strong>Optika Fielmann<\/p>\n\n\n\n<div style=\"height:100px\" aria-hidden=\"true\" class=\"wp-block-spacer\"><\/div>\n","protected":false},"excerpt":{"rendered":"<p>Dny se kr\u00e1t\u00ed, dopln\u011bk v podob\u011b slune\u010dn\u00edch br\u00fdl\u00ed v\u0161ak neodkl\u00e1dejte. Krom\u011b ochrany zraku poslou\u017e\u00ed i jako m\u00f3dn\u00ed t\u0159e\u0161ni\u010dka na dortu ka\u017ed\u00e9ho outfitu. I kdy\u017e je slune\u010dn\u00edho svitu je sice st\u00e1le m\u00e9n\u011b, ochrana o\u010d\u00ed z\u016fst\u00e1v\u00e1 d\u016fle\u017eit\u00fdm t\u00e9matem. Na podzim je toti\u017e slunce na nebi n\u00ed\u017ee, jeho paprsky tak mohou zas\u00e1hnout o\u010di je\u0161t\u011b citeln\u011bji ne\u017e v l\u00e9t\u011b. [&hellip;]<\/p>\n","protected":false},"author":2,"featured_media":2971,"comment_status":"closed","ping_status":"closed","sticky":false,"template":"","format":"standard","meta":{"_mi_skip_tracking":false,"_monsterinsights_sitenote_active":false,"_monsterinsights_sitenote_note":"","_monsterinsights_sitenote_category":0,"footnotes":""},"categories":[3,2,13],"tags":[],"yoast_head":"<!-- This site is optimized with the Yoast SEO plugin v21.4 - https:\/\/yoast.com\/wordpress\/plugins\/seo\/ -->\n<title>Sez\u00f3na slune\u010dn\u00edch br\u00fdl\u00ed nekon\u010d\u00ed \u2013 l\u00e1kav\u00e9 podzimn\u00ed trendy najdete v optik\u00e1ch Fielmann - LUXURYMAGAZINE.cz<\/title>\n<meta name=\"robots\" content=\"index, follow, max-snippet:-1, max-image-preview:large, max-video-preview:-1\" \/>\n<link rel=\"canonical\" href=\"https:\/\/luxurymagazine.cz\/index.php\/2022\/10\/24\/sezona-slunecnich-bryli-nekonci-lakave-podzimni-trendy-najdete-v-optikach-fielmann\/\" \/>\n<meta property=\"og:locale\" content=\"cs_CZ\" \/>\n<meta property=\"og:type\" content=\"article\" \/>\n<meta property=\"og:title\" content=\"Sez\u00f3na slune\u010dn\u00edch br\u00fdl\u00ed nekon\u010d\u00ed \u2013 l\u00e1kav\u00e9 podzimn\u00ed trendy najdete v optik\u00e1ch Fielmann - LUXURYMAGAZINE.cz\" \/>\n<meta property=\"og:description\" content=\"Dny se kr\u00e1t\u00ed, dopln\u011bk v podob\u011b slune\u010dn\u00edch br\u00fdl\u00ed v\u0161ak neodkl\u00e1dejte. Krom\u011b ochrany zraku poslou\u017e\u00ed i jako m\u00f3dn\u00ed t\u0159e\u0161ni\u010dka na dortu ka\u017ed\u00e9ho outfitu. I kdy\u017e je slune\u010dn\u00edho svitu je sice st\u00e1le m\u00e9n\u011b, ochrana o\u010d\u00ed z\u016fst\u00e1v\u00e1 d\u016fle\u017eit\u00fdm t\u00e9matem. Na podzim je toti\u017e slunce na nebi n\u00ed\u017ee, jeho paprsky tak mohou zas\u00e1hnout o\u010di je\u0161t\u011b citeln\u011bji ne\u017e v l\u00e9t\u011b. [&hellip;]\" \/>\n<meta property=\"og:url\" content=\"https:\/\/luxurymagazine.cz\/index.php\/2022\/10\/24\/sezona-slunecnich-bryli-nekonci-lakave-podzimni-trendy-najdete-v-optikach-fielmann\/\" \/>\n<meta property=\"og:site_name\" content=\"LUXURYMAGAZINE.cz\" \/>\n<meta property=\"article:published_time\" content=\"2022-10-23T22:01:00+00:00\" \/>\n<meta property=\"article:modified_time\" content=\"2022-12-07T00:36:29+00:00\" \/>\n<meta property=\"og:image\" content=\"https:\/\/luxurymagazine.cz\/wp-content\/uploads\/2022\/10\/Fielmann-OU-028-SUN-FA.jpg\" \/>\n\t<meta property=\"og:image:width\" content=\"1280\" \/>\n\t<meta property=\"og:image:height\" content=\"716\" \/>\n\t<meta property=\"og:image:type\" content=\"image\/jpeg\" \/>\n<meta name=\"author\" content=\"Jolana Hol\u00e1\u0148ov\u00e1\" \/>\n<meta name=\"twitter:card\" content=\"summary_large_image\" \/>\n<meta name=\"twitter:label1\" content=\"Napsal(a)\" \/>\n\t<meta name=\"twitter:data1\" content=\"Jolana Hol\u00e1\u0148ov\u00e1\" \/>\n\t<meta name=\"twitter:label2\" content=\"Odhadovan\u00e1 doba \u010dten\u00ed\" \/>\n\t<meta name=\"twitter:data2\" content=\"1 minuta\" \/>\n<script type=\"application\/ld+json\" class=\"yoast-schema-graph\">{\"@context\":\"https:\/\/schema.org\",\"@graph\":[{\"@type\":\"Article\",\"@id\":\"https:\/\/luxurymagazine.cz\/index.php\/2022\/10\/24\/sezona-slunecnich-bryli-nekonci-lakave-podzimni-trendy-najdete-v-optikach-fielmann\/#article\",\"isPartOf\":{\"@id\":\"https:\/\/luxurymagazine.cz\/index.php\/2022\/10\/24\/sezona-slunecnich-bryli-nekonci-lakave-podzimni-trendy-najdete-v-optikach-fielmann\/\"},\"author\":{\"name\":\"Jolana Hol\u00e1\u0148ov\u00e1\",\"@id\":\"https:\/\/luxurymagazine.cz\/#\/schema\/person\/581f64efd4b5872ac991ea3581f630dc\"},\"headline\":\"Sez\u00f3na slune\u010dn\u00edch br\u00fdl\u00ed nekon\u010d\u00ed \u2013 l\u00e1kav\u00e9 podzimn\u00ed trendy najdete v optik\u00e1ch Fielmann\",\"datePublished\":\"2022-10-23T22:01:00+00:00\",\"dateModified\":\"2022-12-07T00:36:29+00:00\",\"mainEntityOfPage\":{\"@id\":\"https:\/\/luxurymagazine.cz\/index.php\/2022\/10\/24\/sezona-slunecnich-bryli-nekonci-lakave-podzimni-trendy-najdete-v-optikach-fielmann\/\"},\"wordCount\":276,\"publisher\":{\"@id\":\"https:\/\/luxurymagazine.cz\/#organization\"},\"articleSection\":[\"M\u00d3DA\",\"NEWS\",\"TIPY &amp; TRENDY\"],\"inLanguage\":\"cs\"},{\"@type\":\"WebPage\",\"@id\":\"https:\/\/luxurymagazine.cz\/index.php\/2022\/10\/24\/sezona-slunecnich-bryli-nekonci-lakave-podzimni-trendy-najdete-v-optikach-fielmann\/\",\"url\":\"https:\/\/luxurymagazine.cz\/index.php\/2022\/10\/24\/sezona-slunecnich-bryli-nekonci-lakave-podzimni-trendy-najdete-v-optikach-fielmann\/\",\"name\":\"Sez\u00f3na slune\u010dn\u00edch br\u00fdl\u00ed nekon\u010d\u00ed \u2013 l\u00e1kav\u00e9 podzimn\u00ed trendy najdete v optik\u00e1ch Fielmann - LUXURYMAGAZINE.cz\",\"isPartOf\":{\"@id\":\"https:\/\/luxurymagazine.cz\/#website\"},\"datePublished\":\"2022-10-23T22:01:00+00:00\",\"dateModified\":\"2022-12-07T00:36:29+00:00\",\"breadcrumb\":{\"@id\":\"https:\/\/luxurymagazine.cz\/index.php\/2022\/10\/24\/sezona-slunecnich-bryli-nekonci-lakave-podzimni-trendy-najdete-v-optikach-fielmann\/#breadcrumb\"},\"inLanguage\":\"cs\",\"potentialAction\":[{\"@type\":\"ReadAction\",\"target\":[\"https:\/\/luxurymagazine.cz\/index.php\/2022\/10\/24\/sezona-slunecnich-bryli-nekonci-lakave-podzimni-trendy-najdete-v-optikach-fielmann\/\"]}]},{\"@type\":\"BreadcrumbList\",\"@id\":\"https:\/\/luxurymagazine.cz\/index.php\/2022\/10\/24\/sezona-slunecnich-bryli-nekonci-lakave-podzimni-trendy-najdete-v-optikach-fielmann\/#breadcrumb\",\"itemListElement\":[{\"@type\":\"ListItem\",\"position\":1,\"name\":\"Dom\u016f\",\"item\":\"https:\/\/luxurymagazine.cz\/\"},{\"@type\":\"ListItem\",\"position\":2,\"name\":\"Sez\u00f3na slune\u010dn\u00edch br\u00fdl\u00ed nekon\u010d\u00ed \u2013 l\u00e1kav\u00e9 podzimn\u00ed trendy najdete v optik\u00e1ch Fielmann\"}]},{\"@type\":\"WebSite\",\"@id\":\"https:\/\/luxurymagazine.cz\/#website\",\"url\":\"https:\/\/luxurymagazine.cz\/\",\"name\":\"LUXURYMAGAZINE.cz\",\"description\":\"Port\u00e1l v\u00fdhradn\u011b o luxusu...\",\"publisher\":{\"@id\":\"https:\/\/luxurymagazine.cz\/#organization\"},\"potentialAction\":[{\"@type\":\"SearchAction\",\"target\":{\"@type\":\"EntryPoint\",\"urlTemplate\":\"https:\/\/luxurymagazine.cz\/?s={search_term_string}\"},\"query-input\":\"required name=search_term_string\"}],\"inLanguage\":\"cs\"},{\"@type\":\"Organization\",\"@id\":\"https:\/\/luxurymagazine.cz\/#organization\",\"name\":\"LUXURYMAGAZINE.cz\",\"url\":\"https:\/\/luxurymagazine.cz\/\",\"logo\":{\"@type\":\"ImageObject\",\"inLanguage\":\"cs\",\"@id\":\"https:\/\/luxurymagazine.cz\/#\/schema\/logo\/image\/\",\"url\":\"https:\/\/luxurymagazine.cz\/wp-content\/uploads\/2024\/12\/cropped-Logo_LuxuryMagazine-1.jpg\",\"contentUrl\":\"https:\/\/luxurymagazine.cz\/wp-content\/uploads\/2024\/12\/cropped-Logo_LuxuryMagazine-1.jpg\",\"width\":934,\"height\":509,\"caption\":\"LUXURYMAGAZINE.cz\"},\"image\":{\"@id\":\"https:\/\/luxurymagazine.cz\/#\/schema\/logo\/image\/\"}},{\"@type\":\"Person\",\"@id\":\"https:\/\/luxurymagazine.cz\/#\/schema\/person\/581f64efd4b5872ac991ea3581f630dc\",\"name\":\"Jolana Hol\u00e1\u0148ov\u00e1\",\"image\":{\"@type\":\"ImageObject\",\"inLanguage\":\"cs\",\"@id\":\"https:\/\/luxurymagazine.cz\/#\/schema\/person\/image\/\",\"url\":\"https:\/\/secure.gravatar.com\/avatar\/5863c504ed89cd419ff3a5e812c722ff?s=96&d=mm&r=g\",\"contentUrl\":\"https:\/\/secure.gravatar.com\/avatar\/5863c504ed89cd419ff3a5e812c722ff?s=96&d=mm&r=g\",\"caption\":\"Jolana Hol\u00e1\u0148ov\u00e1\"},\"sameAs\":[\"http:\/\/LUXURYMAGAZINE.cz\"],\"url\":\"https:\/\/luxurymagazine.cz\/index.php\/author\/jolhol\/\"}]}<\/script>\n<!-- \/ Yoast SEO plugin. -->","yoast_head_json":{"title":"Sez\u00f3na slune\u010dn\u00edch br\u00fdl\u00ed nekon\u010d\u00ed \u2013 l\u00e1kav\u00e9 podzimn\u00ed trendy najdete v optik\u00e1ch Fielmann - LUXURYMAGAZINE.cz","robots":{"index":"index","follow":"follow","max-snippet":"max-snippet:-1","max-image-preview":"max-image-preview:large","max-video-preview":"max-video-preview:-1"},"canonical":"https:\/\/luxurymagazine.cz\/index.php\/2022\/10\/24\/sezona-slunecnich-bryli-nekonci-lakave-podzimni-trendy-najdete-v-optikach-fielmann\/","og_locale":"cs_CZ","og_type":"article","og_title":"Sez\u00f3na slune\u010dn\u00edch br\u00fdl\u00ed nekon\u010d\u00ed \u2013 l\u00e1kav\u00e9 podzimn\u00ed trendy najdete v optik\u00e1ch Fielmann - LUXURYMAGAZINE.cz","og_description":"Dny se kr\u00e1t\u00ed, dopln\u011bk v podob\u011b slune\u010dn\u00edch br\u00fdl\u00ed v\u0161ak neodkl\u00e1dejte. Krom\u011b ochrany zraku poslou\u017e\u00ed i jako m\u00f3dn\u00ed t\u0159e\u0161ni\u010dka na dortu ka\u017ed\u00e9ho outfitu. I kdy\u017e je slune\u010dn\u00edho svitu je sice st\u00e1le m\u00e9n\u011b, ochrana o\u010d\u00ed z\u016fst\u00e1v\u00e1 d\u016fle\u017eit\u00fdm t\u00e9matem. Na podzim je toti\u017e slunce na nebi n\u00ed\u017ee, jeho paprsky tak mohou zas\u00e1hnout o\u010di je\u0161t\u011b citeln\u011bji ne\u017e v l\u00e9t\u011b. [&hellip;]","og_url":"https:\/\/luxurymagazine.cz\/index.php\/2022\/10\/24\/sezona-slunecnich-bryli-nekonci-lakave-podzimni-trendy-najdete-v-optikach-fielmann\/","og_site_name":"LUXURYMAGAZINE.cz","article_published_time":"2022-10-23T22:01:00+00:00","article_modified_time":"2022-12-07T00:36:29+00:00","og_image":[{"width":1280,"height":716,"url":"https:\/\/luxurymagazine.cz\/wp-content\/uploads\/2022\/10\/Fielmann-OU-028-SUN-FA.jpg","type":"image\/jpeg"}],"author":"Jolana Hol\u00e1\u0148ov\u00e1","twitter_card":"summary_large_image","twitter_misc":{"Napsal(a)":"Jolana Hol\u00e1\u0148ov\u00e1","Odhadovan\u00e1 doba \u010dten\u00ed":"1 minuta"},"schema":{"@context":"https:\/\/schema.org","@graph":[{"@type":"Article","@id":"https:\/\/luxurymagazine.cz\/index.php\/2022\/10\/24\/sezona-slunecnich-bryli-nekonci-lakave-podzimni-trendy-najdete-v-optikach-fielmann\/#article","isPartOf":{"@id":"https:\/\/luxurymagazine.cz\/index.php\/2022\/10\/24\/sezona-slunecnich-bryli-nekonci-lakave-podzimni-trendy-najdete-v-optikach-fielmann\/"},"author":{"name":"Jolana Hol\u00e1\u0148ov\u00e1","@id":"https:\/\/luxurymagazine.cz\/#\/schema\/person\/581f64efd4b5872ac991ea3581f630dc"},"headline":"Sez\u00f3na slune\u010dn\u00edch br\u00fdl\u00ed nekon\u010d\u00ed \u2013 l\u00e1kav\u00e9 podzimn\u00ed trendy najdete v optik\u00e1ch Fielmann","datePublished":"2022-10-23T22:01:00+00:00","dateModified":"2022-12-07T00:36:29+00:00","mainEntityOfPage":{"@id":"https:\/\/luxurymagazine.cz\/index.php\/2022\/10\/24\/sezona-slunecnich-bryli-nekonci-lakave-podzimni-trendy-najdete-v-optikach-fielmann\/"},"wordCount":276,"publisher":{"@id":"https:\/\/luxurymagazine.cz\/#organization"},"articleSection":["M\u00d3DA","NEWS","TIPY &amp; TRENDY"],"inLanguage":"cs"},{"@type":"WebPage","@id":"https:\/\/luxurymagazine.cz\/index.php\/2022\/10\/24\/sezona-slunecnich-bryli-nekonci-lakave-podzimni-trendy-najdete-v-optikach-fielmann\/","url":"https:\/\/luxurymagazine.cz\/index.php\/2022\/10\/24\/sezona-slunecnich-bryli-nekonci-lakave-podzimni-trendy-najdete-v-optikach-fielmann\/","name":"Sez\u00f3na slune\u010dn\u00edch br\u00fdl\u00ed nekon\u010d\u00ed \u2013 l\u00e1kav\u00e9 podzimn\u00ed trendy najdete v optik\u00e1ch Fielmann - LUXURYMAGAZINE.cz","isPartOf":{"@id":"https:\/\/luxurymagazine.cz\/#website"},"datePublished":"2022-10-23T22:01:00+00:00","dateModified":"2022-12-07T00:36:29+00:00","breadcrumb":{"@id":"https:\/\/luxurymagazine.cz\/index.php\/2022\/10\/24\/sezona-slunecnich-bryli-nekonci-lakave-podzimni-trendy-najdete-v-optikach-fielmann\/#breadcrumb"},"inLanguage":"cs","potentialAction":[{"@type":"ReadAction","target":["https:\/\/luxurymagazine.cz\/index.php\/2022\/10\/24\/sezona-slunecnich-bryli-nekonci-lakave-podzimni-trendy-najdete-v-optikach-fielmann\/"]}]},{"@type":"BreadcrumbList","@id":"https:\/\/luxurymagazine.cz\/index.php\/2022\/10\/24\/sezona-slunecnich-bryli-nekonci-lakave-podzimni-trendy-najdete-v-optikach-fielmann\/#breadcrumb","itemListElement":[{"@type":"ListItem","position":1,"name":"Dom\u016f","item":"https:\/\/luxurymagazine.cz\/"},{"@type":"ListItem","position":2,"name":"Sez\u00f3na slune\u010dn\u00edch br\u00fdl\u00ed nekon\u010d\u00ed \u2013 l\u00e1kav\u00e9 podzimn\u00ed trendy najdete v optik\u00e1ch Fielmann"}]},{"@type":"WebSite","@id":"https:\/\/luxurymagazine.cz\/#website","url":"https:\/\/luxurymagazine.cz\/","name":"LUXURYMAGAZINE.cz","description":"Port\u00e1l v\u00fdhradn\u011b o luxusu...","publisher":{"@id":"https:\/\/luxurymagazine.cz\/#organization"},"potentialAction":[{"@type":"SearchAction","target":{"@type":"EntryPoint","urlTemplate":"https:\/\/luxurymagazine.cz\/?s={search_term_string}"},"query-input":"required name=search_term_string"}],"inLanguage":"cs"},{"@type":"Organization","@id":"https:\/\/luxurymagazine.cz\/#organization","name":"LUXURYMAGAZINE.cz","url":"https:\/\/luxurymagazine.cz\/","logo":{"@type":"ImageObject","inLanguage":"cs","@id":"https:\/\/luxurymagazine.cz\/#\/schema\/logo\/image\/","url":"https:\/\/luxurymagazine.cz\/wp-content\/uploads\/2024\/12\/cropped-Logo_LuxuryMagazine-1.jpg","contentUrl":"https:\/\/luxurymagazine.cz\/wp-content\/uploads\/2024\/12\/cropped-Logo_LuxuryMagazine-1.jpg","width":934,"height":509,"caption":"LUXURYMAGAZINE.cz"},"image":{"@id":"https:\/\/luxurymagazine.cz\/#\/schema\/logo\/image\/"}},{"@type":"Person","@id":"https:\/\/luxurymagazine.cz\/#\/schema\/person\/581f64efd4b5872ac991ea3581f630dc","name":"Jolana Hol\u00e1\u0148ov\u00e1","image":{"@type":"ImageObject","inLanguage":"cs","@id":"https:\/\/luxurymagazine.cz\/#\/schema\/person\/image\/","url":"https:\/\/secure.gravatar.com\/avatar\/5863c504ed89cd419ff3a5e812c722ff?s=96&d=mm&r=g","contentUrl":"https:\/\/secure.gravatar.com\/avatar\/5863c504ed89cd419ff3a5e812c722ff?s=96&d=mm&r=g","caption":"Jolana Hol\u00e1\u0148ov\u00e1"},"sameAs":["http:\/\/LUXURYMAGAZINE.cz"],"url":"https:\/\/luxurymagazine.cz\/index.php\/author\/jolhol\/"}]}},"_links":{"self":[{"href":"https:\/\/luxurymagazine.cz\/index.php\/wp-json\/wp\/v2\/posts\/2970"}],"collection":[{"href":"https:\/\/luxurymagazine.cz\/index.php\/wp-json\/wp\/v2\/posts"}],"about":[{"href":"https:\/\/luxurymagazine.cz\/index.php\/wp-json\/wp\/v2\/types\/post"}],"author":[{"embeddable":true,"href":"https:\/\/luxurymagazine.cz\/index.php\/wp-json\/wp\/v2\/users\/2"}],"replies":[{"embeddable":true,"href":"https:\/\/luxurymagazine.cz\/index.php\/wp-json\/wp\/v2\/comments?post=2970"}],"version-history":[{"count":-4,"href":"https:\/\/luxurymagazine.cz\/index.php\/wp-json\/wp\/v2\/posts\/2970\/revisions"}],"wp:featuredmedia":[{"embeddable":true,"href":"https:\/\/luxurymagazine.cz\/index.php\/wp-json\/wp\/v2\/media\/2971"}],"wp:attachment":[{"href":"https:\/\/luxurymagazine.cz\/index.php\/wp-json\/wp\/v2\/media?parent=2970"}],"wp:term":[{"taxonomy":"category","embeddable":true,"href":"https:\/\/luxurymagazine.cz\/index.php\/wp-json\/wp\/v2\/categories?post=2970"},{"taxonomy":"post_tag","embeddable":true,"href":"https:\/\/luxurymagazine.cz\/index.php\/wp-json\/wp\/v2\/tags?post=2970"}],"curies":[{"name":"wp","href":"https:\/\/api.w.org\/{rel}","templated":true}]}}