{"id":2984,"date":"2022-10-29T00:01:00","date_gmt":"2022-10-28T22:01:00","guid":{"rendered":"https:\/\/luxurymagazine.cz\/?p=2984"},"modified":"2022-12-13T16:49:43","modified_gmt":"2022-12-13T15:49:43","slug":"goodram-jediny-vyrobce-operacnich-pameti-v-evrope-nyni-expanduje-s-produkty-do-cr-a-na-slovensko","status":"publish","type":"post","link":"https:\/\/luxurymagazine.cz\/index.php\/2022\/10\/29\/goodram-jediny-vyrobce-operacnich-pameti-v-evrope-nyni-expanduje-s-produkty-do-cr-a-na-slovensko\/","title":{"rendered":"GoodRam: Jedin\u00fd v\u00fdrobce opera\u010dn\u00edch pam\u011bt\u00ed v Evrop\u011b nyn\u00ed expanduje s produkty do \u010cR a na Slovensko"},"content":{"rendered":"\n<div style=\"height:36px\" aria-hidden=\"true\" class=\"wp-block-spacer\"><\/div>\n\n\n\n<p><strong>Wilk Elektronik SA, polsk\u00fd v\u00fdrobce SSD, pam\u011bt\u00ed RAM a SD karet pod zna\u010dkami GoodRam a IRDM, v&nbsp;t\u011bchto dnech z\u0159\u00eddil lok\u00e1ln\u00ed zastoupen\u00ed pro \u010ceskou a Slovenskou republiku a roz\u0161i\u0159uje tak dostupnost zn\u00e1m\u00fdch opera\u010dn\u00edch pam\u011bt\u00ed, v\u00fdkonn\u00fdch SSD disk\u016f, USB flash disk\u016f a pam\u011b\u0165ov\u00fdch karet pod&nbsp;zna\u010dkou GoodRam a hern\u00ed zna\u010dkou IRDM. Po leto\u0161n\u00edm n\u00e1kladn\u00e9m roz\u0161\u00ed\u0159en\u00ed jedin\u00e9 evropsk\u00e9 tov\u00e1rny na&nbsp;pam\u011bti DRAM nav\u00edc z&nbsp;kraje roku 2023 p\u0159ijde na trh i s&nbsp;pokro\u010dil\u00fdmi opera\u010dn\u00edmi pam\u011b\u0165mi DDR5 a nov\u00fdm konceptem SSD disku IRDM Ultimate s&nbsp;vysokorychlostn\u00edm rozhran\u00edm PCIe gen.5.<\/strong><\/p>\n\n\n\n<div style=\"height:20px\" aria-hidden=\"true\" class=\"wp-block-spacer\"><\/div>\n\n\n\n<figure class=\"wp-block-image size-large\"><img decoding=\"async\" src=\"https:\/\/watchhouse.cz\/wp-content\/uploads\/2022\/10\/irdm_rgb_obudowa_2-1024x683.jpg\" alt=\"\" class=\"wp-image-924\"\/><\/figure>\n\n\n\n<div style=\"height:20px\" aria-hidden=\"true\" class=\"wp-block-spacer\"><\/div>\n\n\n\n<p>V&nbsp;\u010cesk\u00e9 republice a na Slovensku byly zna\u010dky GoodRam a IRDM zastoupeny doposud jen zprost\u0159edkovan\u011b, p\u0159esto si z\u00edskaly pov\u011bst vysoce kvalitn\u00edch, spolehliv\u00fdch a p\u0159edev\u0161\u00edm cenov\u011b dostupn\u00fdch produkt\u016f do osobn\u00edch po\u010d\u00edta\u010d\u016f a hern\u00edch sestav. Nov\u00e9 ofici\u00e1ln\u00ed zastoupen\u00ed se tak za\u0159adilo po bok zem\u00ed, jako je mj. \u0160pan\u011blsko, Velk\u00e1 Brit\u00e1nie, N\u011bmecko, ale tak\u00e9 Japonsko a Turecko, do nich\u017e Wilk Elektronik SA exportuje 67 % sv\u00fdch produkt\u016f.<\/p>\n\n\n\n<p>Na dom\u00e1c\u00ed sc\u00e9n\u011b, v&nbsp;Polsku, je pak GoodRam velmi obl\u00edben\u00fd a p\u011bt kvart\u00e1l\u016f po sob\u011b nejprod\u00e1van\u011bj\u0161\u00ed zna\u010dkou opera\u010dn\u00edch pam\u011bt\u00ed a tak\u00e9 nejprod\u00e1van\u011bj\u0161\u00ed zna\u010dkou v&nbsp;kategorii SSD.<\/p>\n\n\n\n<div style=\"height:20px\" aria-hidden=\"true\" class=\"wp-block-spacer\"><\/div>\n\n\n\n<figure class=\"wp-block-image size-large\"><img decoding=\"async\" src=\"https:\/\/watchhouse.cz\/wp-content\/uploads\/2022\/10\/production-6-1024x683.jpg\" alt=\"\" class=\"wp-image-926\"\/><\/figure>\n\n\n\n<div style=\"height:20px\" aria-hidden=\"true\" class=\"wp-block-spacer\"><\/div>\n\n\n\n<h3 class=\"wp-block-heading\"><strong>Roz\u0161\u00ed\u0159en\u00ed z\u00e1zem\u00ed v\u00fdroby s&nbsp;investic\u00ed 5 milion\u016f dolar\u016f<\/strong><\/h3>\n\n\n\n<p>Tov\u00e1rna se nach\u00e1z\u00ed bl\u00edzko \u010desk\u00fdch i slovensk\u00fdch hranic, ve m\u011bst\u011b \u0141aziska G\u00f3rne ve slezsk\u00e9 \u010d\u00e1sti Polska.<\/p>\n\n\n\n<p>B\u011bhem druh\u00e9 poloviny leto\u0161n\u00edho roku dokon\u010d\u00ed roz\u0161\u00ed\u0159en\u00ed z\u00e1zem\u00ed v\u00fdroby po nejv\u011bt\u0161\u00ed investici od vzniku spole\u010dnosti, s&nbsp;hodnotou 5&nbsp;milion\u016f dolar\u016f.<\/p>\n\n\n\n<p>Impozantn\u00ed 14 metr\u016f vysok\u00e1 konstrukce budovy nen\u00ed n\u00e1hodn\u00e1. Roz\u0161\u00ed\u0159en\u00e1 \u010d\u00e1st spole\u010dnosti bude m\u00edt vysok\u00fd sklad a novou v\u00fdrobn\u00ed halu. Plocha podniku se tak roz\u0161\u00ed\u0159\u00ed ze sou\u010dasn\u00fdch 3000 m2 o&nbsp;dal\u0161\u00edch 1140 m2 ve skladovac\u00ed a logistick\u00e9 \u010d\u00e1sti a 1200 m2 ve&nbsp;v\u00fdrobn\u00ed \u010d\u00e1sti.<\/p>\n\n\n\n<div style=\"height:20px\" aria-hidden=\"true\" class=\"wp-block-spacer\"><\/div>\n\n\n\n<figure class=\"wp-block-image size-large\"><img decoding=\"async\" src=\"https:\/\/watchhouse.cz\/wp-content\/uploads\/2022\/10\/production-3-1024x683.jpg\" alt=\"\" class=\"wp-image-925\"\/><\/figure>\n\n\n\n<div style=\"height:21px\" aria-hidden=\"true\" class=\"wp-block-spacer\"><\/div>\n\n\n\n<p>\u201e<em>Nepo\u010d\u00edt\u00e1me-li vybaven\u00ed a stroje v nov\u00e9 hale, bude celkov\u00e1 investice do roz\u0161\u00ed\u0159en\u00ed spole\u010dnosti p\u0159ibli\u017en\u011b 5 milion\u016f dolar\u016f. Je to pro n\u00e1s nejv\u011bt\u0161\u00ed investice od zah\u00e1jen\u00ed provozu v\u00fdrobn\u00edho z\u00e1vodu v roce 2003,&#8220;<\/em> \u0159\u00edk\u00e1 Wies\u0142aw Wilk, gener\u00e1ln\u00ed \u0159editel spole\u010dnosti Wilk Elektronik SA.<\/p>\n\n\n\n<h3 class=\"wp-block-heading\"><strong>VIDEO<\/strong> z&nbsp;v\u00fdroby pam\u011bt\u00ed a disk\u016f v&nbsp;tov\u00e1rn\u011b: <\/h3>\n\n\n\n<figure class=\"wp-block-embed-youtube wp-block-embed is-type-video is-provider-youtube wp-embed-aspect-16-9 wp-has-aspect-ratio\"><div class=\"wp-block-embed__wrapper\">\n<iframe loading=\"lazy\" title=\"Jak prob\u00edh\u00e1 v\u00fdroba a kontrola kvality pam\u011b\u0165ov\u00fdch modul\u016f v tov\u00e1rn\u011b Wilk Elektronik? (2018) | #GoodRam\" width=\"640\" height=\"360\" src=\"https:\/\/www.youtube.com\/embed\/SFxQNCIov1k?feature=oembed\" frameborder=\"0\" allow=\"accelerometer; autoplay; clipboard-write; encrypted-media; gyroscope; picture-in-picture\" allowfullscreen><\/iframe>\n<\/div><\/figure>\n\n\n\n<p><strong>Nov\u00e9 pam\u011bti DDR5 s&nbsp;RGB a tak\u00e9 SSD disky s&nbsp;vysokorychlostn\u00edm PCIe gen.5<\/strong><\/p>\n\n\n\n<p>Spole\u010dnost na veletrhu IFA p\u0159edstavila zcela nov\u00e9 pam\u011b\u0165ov\u00e9 moduly s&nbsp;LED osv\u011btlen\u00edm v&nbsp;nov\u00e9 DDR5 generaci, a sice IRDM DDR5 RGB s&nbsp;5200 MHz CL40 a\u017e 6200 MHz s&nbsp;\u010dasov\u00e1n\u00edm CL35, d\u00e1le moduly DDR4 RGB s b\u00edl\u00fdm chladi\u010dem a rovn\u011b\u017e koncept nov\u00e9ho SSD disku IRDM Ultimate s&nbsp;vysokorychlostn\u00edm rozhran\u00edm PCIe gen.5. U t\u011bch se o\u010dek\u00e1v\u00e1 sekven\u010dn\u00ed \u010dten\u00ed i z\u00e1pis a\u017e k 10 GB\/s a dostupnost v&nbsp;kapacit\u00e1ch 1 TB a\u017e 4 TB.<\/p>\n\n\n\n<p>\u201e<em>Tyto disky pl\u00e1nujeme za\u010d\u00edt dod\u00e1vat v prvn\u00edm \u010dtvrtlet\u00ed p\u0159\u00ed\u0161t\u00edho roku,\u201c dopl\u0148uje zakladatel a v\u00fdkonn\u00fd \u0159editel polsk\u00e9 spole\u010dnosti Wies\u0142aw Wilk b\u011bhem setk\u00e1n\u00ed na berl\u00ednsk\u00e9m veletrhu IFA.<\/em><\/p>\n\n\n\n<div style=\"height:51px\" aria-hidden=\"true\" class=\"wp-block-spacer\"><\/div>\n\n\n\n<figure class=\"wp-block-gallery columns-2 is-cropped wp-block-gallery-1 is-layout-flex wp-block-gallery-is-layout-flex\"><ul class=\"blocks-gallery-grid\"><li class=\"blocks-gallery-item\"><figure><img decoding=\"async\" src=\"https:\/\/watchhouse.cz\/wp-content\/uploads\/2022\/10\/production-3-1024x683.jpg\" alt=\"\" data-id=\"925\" data-full-url=\"https:\/\/watchhouse.cz\/wp-content\/uploads\/2022\/10\/production-3.jpg\" data-link=\"https:\/\/watchhouse.cz\/?attachment_id=925\" class=\"wp-image-925\"\/><\/figure><\/li><li class=\"blocks-gallery-item\"><figure><img decoding=\"async\" src=\"https:\/\/watchhouse.cz\/wp-content\/uploads\/2022\/10\/production-6-1024x683.jpg\" alt=\"\" data-id=\"926\" data-full-url=\"https:\/\/watchhouse.cz\/wp-content\/uploads\/2022\/10\/production-6.jpg\" data-link=\"https:\/\/watchhouse.cz\/?attachment_id=926\" class=\"wp-image-926\"\/><\/figure><\/li><li class=\"blocks-gallery-item\"><figure><img decoding=\"async\" src=\"https:\/\/watchhouse.cz\/wp-content\/uploads\/2022\/10\/irdm_rgb_obudowa_2-1024x683.jpg\" alt=\"\" data-id=\"924\" data-full-url=\"https:\/\/watchhouse.cz\/wp-content\/uploads\/2022\/10\/irdm_rgb_obudowa_2.jpg\" data-link=\"https:\/\/watchhouse.cz\/?attachment_id=924\" class=\"wp-image-924\"\/><\/figure><\/li><\/ul><\/figure>\n\n\n\n<p><strong>Zdroj foto a video: <\/strong>GoodRam<\/p>\n\n\n\n<div style=\"height:100px\" aria-hidden=\"true\" class=\"wp-block-spacer\"><\/div>\n","protected":false},"excerpt":{"rendered":"<p>Wilk Elektronik SA, polsk\u00fd v\u00fdrobce SSD, pam\u011bt\u00ed RAM a SD karet pod zna\u010dkami GoodRam a IRDM, v&nbsp;t\u011bchto dnech z\u0159\u00eddil lok\u00e1ln\u00ed zastoupen\u00ed pro \u010ceskou a Slovenskou republiku a roz\u0161i\u0159uje tak dostupnost zn\u00e1m\u00fdch opera\u010dn\u00edch pam\u011bt\u00ed, v\u00fdkonn\u00fdch SSD disk\u016f, USB flash disk\u016f a pam\u011b\u0165ov\u00fdch karet pod&nbsp;zna\u010dkou GoodRam a hern\u00ed zna\u010dkou IRDM. Po leto\u0161n\u00edm n\u00e1kladn\u00e9m roz\u0161\u00ed\u0159en\u00ed jedin\u00e9 evropsk\u00e9 tov\u00e1rny [&hellip;]<\/p>\n","protected":false},"author":3,"featured_media":2985,"comment_status":"closed","ping_status":"closed","sticky":false,"template":"","format":"standard","meta":{"_mi_skip_tracking":false,"_monsterinsights_sitenote_active":false,"_monsterinsights_sitenote_note":"","_monsterinsights_sitenote_category":0,"footnotes":""},"categories":[15,2,9,13],"tags":[],"yoast_head":"<!-- This site is optimized with the Yoast SEO plugin v21.4 - https:\/\/yoast.com\/wordpress\/plugins\/seo\/ -->\n<title>GoodRam: Jedin\u00fd v\u00fdrobce opera\u010dn\u00edch pam\u011bt\u00ed v Evrop\u011b nyn\u00ed expanduje s produkty do \u010cR a na Slovensko - LUXURYMAGAZINE.cz<\/title>\n<meta name=\"robots\" content=\"index, follow, max-snippet:-1, max-image-preview:large, max-video-preview:-1\" \/>\n<link rel=\"canonical\" href=\"https:\/\/luxurymagazine.cz\/index.php\/2022\/10\/29\/goodram-jediny-vyrobce-operacnich-pameti-v-evrope-nyni-expanduje-s-produkty-do-cr-a-na-slovensko\/\" \/>\n<meta property=\"og:locale\" content=\"cs_CZ\" \/>\n<meta property=\"og:type\" content=\"article\" \/>\n<meta property=\"og:title\" content=\"GoodRam: Jedin\u00fd v\u00fdrobce opera\u010dn\u00edch pam\u011bt\u00ed v Evrop\u011b nyn\u00ed expanduje s produkty do \u010cR a na Slovensko - LUXURYMAGAZINE.cz\" \/>\n<meta property=\"og:description\" content=\"Wilk Elektronik SA, polsk\u00fd v\u00fdrobce SSD, pam\u011bt\u00ed RAM a SD karet pod zna\u010dkami GoodRam a IRDM, v&nbsp;t\u011bchto dnech z\u0159\u00eddil lok\u00e1ln\u00ed zastoupen\u00ed pro \u010ceskou a Slovenskou republiku a roz\u0161i\u0159uje tak dostupnost zn\u00e1m\u00fdch opera\u010dn\u00edch pam\u011bt\u00ed, v\u00fdkonn\u00fdch SSD disk\u016f, USB flash disk\u016f a pam\u011b\u0165ov\u00fdch karet pod&nbsp;zna\u010dkou GoodRam a hern\u00ed zna\u010dkou IRDM. Po leto\u0161n\u00edm n\u00e1kladn\u00e9m roz\u0161\u00ed\u0159en\u00ed jedin\u00e9 evropsk\u00e9 tov\u00e1rny [&hellip;]\" \/>\n<meta property=\"og:url\" content=\"https:\/\/luxurymagazine.cz\/index.php\/2022\/10\/29\/goodram-jediny-vyrobce-operacnich-pameti-v-evrope-nyni-expanduje-s-produkty-do-cr-a-na-slovensko\/\" \/>\n<meta property=\"og:site_name\" content=\"LUXURYMAGAZINE.cz\" \/>\n<meta property=\"article:published_time\" content=\"2022-10-28T22:01:00+00:00\" \/>\n<meta property=\"article:modified_time\" content=\"2022-12-13T15:49:43+00:00\" \/>\n<meta property=\"og:image\" content=\"https:\/\/luxurymagazine.cz\/wp-content\/uploads\/2022\/10\/irdm_rgb_obudowa_2.jpg\" \/>\n\t<meta property=\"og:image:width\" content=\"1350\" \/>\n\t<meta property=\"og:image:height\" content=\"900\" \/>\n\t<meta property=\"og:image:type\" content=\"image\/jpeg\" \/>\n<meta name=\"author\" content=\"Miroslav Van\u011bk\" \/>\n<meta name=\"twitter:card\" content=\"summary_large_image\" \/>\n<meta name=\"twitter:label1\" content=\"Napsal(a)\" \/>\n\t<meta name=\"twitter:data1\" content=\"Miroslav Van\u011bk\" \/>\n\t<meta name=\"twitter:label2\" content=\"Odhadovan\u00e1 doba \u010dten\u00ed\" \/>\n\t<meta name=\"twitter:data2\" content=\"3 minuty\" \/>\n<script type=\"application\/ld+json\" class=\"yoast-schema-graph\">{\"@context\":\"https:\/\/schema.org\",\"@graph\":[{\"@type\":\"Article\",\"@id\":\"https:\/\/luxurymagazine.cz\/index.php\/2022\/10\/29\/goodram-jediny-vyrobce-operacnich-pameti-v-evrope-nyni-expanduje-s-produkty-do-cr-a-na-slovensko\/#article\",\"isPartOf\":{\"@id\":\"https:\/\/luxurymagazine.cz\/index.php\/2022\/10\/29\/goodram-jediny-vyrobce-operacnich-pameti-v-evrope-nyni-expanduje-s-produkty-do-cr-a-na-slovensko\/\"},\"author\":{\"name\":\"Miroslav Van\u011bk\",\"@id\":\"https:\/\/luxurymagazine.cz\/#\/schema\/person\/44a069a3b1eab523585f7325b6e54254\"},\"headline\":\"GoodRam: Jedin\u00fd v\u00fdrobce opera\u010dn\u00edch pam\u011bt\u00ed v Evrop\u011b nyn\u00ed expanduje s produkty do \u010cR a na Slovensko\",\"datePublished\":\"2022-10-28T22:01:00+00:00\",\"dateModified\":\"2022-12-13T15:49:43+00:00\",\"mainEntityOfPage\":{\"@id\":\"https:\/\/luxurymagazine.cz\/index.php\/2022\/10\/29\/goodram-jediny-vyrobce-operacnich-pameti-v-evrope-nyni-expanduje-s-produkty-do-cr-a-na-slovensko\/\"},\"wordCount\":610,\"publisher\":{\"@id\":\"https:\/\/luxurymagazine.cz\/#organization\"},\"articleSection\":[\"BUSINESS\",\"NEWS\",\"TECHNIKA &amp; SPOT\u0158EBI\u010cE\",\"TIPY &amp; TRENDY\"],\"inLanguage\":\"cs\"},{\"@type\":\"WebPage\",\"@id\":\"https:\/\/luxurymagazine.cz\/index.php\/2022\/10\/29\/goodram-jediny-vyrobce-operacnich-pameti-v-evrope-nyni-expanduje-s-produkty-do-cr-a-na-slovensko\/\",\"url\":\"https:\/\/luxurymagazine.cz\/index.php\/2022\/10\/29\/goodram-jediny-vyrobce-operacnich-pameti-v-evrope-nyni-expanduje-s-produkty-do-cr-a-na-slovensko\/\",\"name\":\"GoodRam: Jedin\u00fd v\u00fdrobce opera\u010dn\u00edch pam\u011bt\u00ed v Evrop\u011b nyn\u00ed expanduje s produkty do \u010cR a na Slovensko - LUXURYMAGAZINE.cz\",\"isPartOf\":{\"@id\":\"https:\/\/luxurymagazine.cz\/#website\"},\"datePublished\":\"2022-10-28T22:01:00+00:00\",\"dateModified\":\"2022-12-13T15:49:43+00:00\",\"breadcrumb\":{\"@id\":\"https:\/\/luxurymagazine.cz\/index.php\/2022\/10\/29\/goodram-jediny-vyrobce-operacnich-pameti-v-evrope-nyni-expanduje-s-produkty-do-cr-a-na-slovensko\/#breadcrumb\"},\"inLanguage\":\"cs\",\"potentialAction\":[{\"@type\":\"ReadAction\",\"target\":[\"https:\/\/luxurymagazine.cz\/index.php\/2022\/10\/29\/goodram-jediny-vyrobce-operacnich-pameti-v-evrope-nyni-expanduje-s-produkty-do-cr-a-na-slovensko\/\"]}]},{\"@type\":\"BreadcrumbList\",\"@id\":\"https:\/\/luxurymagazine.cz\/index.php\/2022\/10\/29\/goodram-jediny-vyrobce-operacnich-pameti-v-evrope-nyni-expanduje-s-produkty-do-cr-a-na-slovensko\/#breadcrumb\",\"itemListElement\":[{\"@type\":\"ListItem\",\"position\":1,\"name\":\"Dom\u016f\",\"item\":\"https:\/\/luxurymagazine.cz\/\"},{\"@type\":\"ListItem\",\"position\":2,\"name\":\"GoodRam: Jedin\u00fd v\u00fdrobce opera\u010dn\u00edch pam\u011bt\u00ed v Evrop\u011b nyn\u00ed expanduje s produkty do \u010cR a na Slovensko\"}]},{\"@type\":\"WebSite\",\"@id\":\"https:\/\/luxurymagazine.cz\/#website\",\"url\":\"https:\/\/luxurymagazine.cz\/\",\"name\":\"LUXURYMAGAZINE.cz\",\"description\":\"Port\u00e1l v\u00fdhradn\u011b o luxusu...\",\"publisher\":{\"@id\":\"https:\/\/luxurymagazine.cz\/#organization\"},\"potentialAction\":[{\"@type\":\"SearchAction\",\"target\":{\"@type\":\"EntryPoint\",\"urlTemplate\":\"https:\/\/luxurymagazine.cz\/?s={search_term_string}\"},\"query-input\":\"required name=search_term_string\"}],\"inLanguage\":\"cs\"},{\"@type\":\"Organization\",\"@id\":\"https:\/\/luxurymagazine.cz\/#organization\",\"name\":\"LUXURYMAGAZINE.cz\",\"url\":\"https:\/\/luxurymagazine.cz\/\",\"logo\":{\"@type\":\"ImageObject\",\"inLanguage\":\"cs\",\"@id\":\"https:\/\/luxurymagazine.cz\/#\/schema\/logo\/image\/\",\"url\":\"https:\/\/luxurymagazine.cz\/wp-content\/uploads\/2024\/12\/cropped-Logo_LuxuryMagazine-1.jpg\",\"contentUrl\":\"https:\/\/luxurymagazine.cz\/wp-content\/uploads\/2024\/12\/cropped-Logo_LuxuryMagazine-1.jpg\",\"width\":934,\"height\":509,\"caption\":\"LUXURYMAGAZINE.cz\"},\"image\":{\"@id\":\"https:\/\/luxurymagazine.cz\/#\/schema\/logo\/image\/\"}},{\"@type\":\"Person\",\"@id\":\"https:\/\/luxurymagazine.cz\/#\/schema\/person\/44a069a3b1eab523585f7325b6e54254\",\"name\":\"Miroslav Van\u011bk\",\"image\":{\"@type\":\"ImageObject\",\"inLanguage\":\"cs\",\"@id\":\"https:\/\/luxurymagazine.cz\/#\/schema\/person\/image\/\",\"url\":\"https:\/\/secure.gravatar.com\/avatar\/cc93dbecbfc820d69a964ea4a1c72377?s=96&d=mm&r=g\",\"contentUrl\":\"https:\/\/secure.gravatar.com\/avatar\/cc93dbecbfc820d69a964ea4a1c72377?s=96&d=mm&r=g\",\"caption\":\"Miroslav Van\u011bk\"},\"sameAs\":[\"http:\/\/LUXURYMAGAZINE.cz\"],\"url\":\"https:\/\/luxurymagazine.cz\/index.php\/author\/mirvan\/\"}]}<\/script>\n<!-- \/ Yoast SEO plugin. -->","yoast_head_json":{"title":"GoodRam: Jedin\u00fd v\u00fdrobce opera\u010dn\u00edch pam\u011bt\u00ed v Evrop\u011b nyn\u00ed expanduje s produkty do \u010cR a na Slovensko - LUXURYMAGAZINE.cz","robots":{"index":"index","follow":"follow","max-snippet":"max-snippet:-1","max-image-preview":"max-image-preview:large","max-video-preview":"max-video-preview:-1"},"canonical":"https:\/\/luxurymagazine.cz\/index.php\/2022\/10\/29\/goodram-jediny-vyrobce-operacnich-pameti-v-evrope-nyni-expanduje-s-produkty-do-cr-a-na-slovensko\/","og_locale":"cs_CZ","og_type":"article","og_title":"GoodRam: Jedin\u00fd v\u00fdrobce opera\u010dn\u00edch pam\u011bt\u00ed v Evrop\u011b nyn\u00ed expanduje s produkty do \u010cR a na Slovensko - LUXURYMAGAZINE.cz","og_description":"Wilk Elektronik SA, polsk\u00fd v\u00fdrobce SSD, pam\u011bt\u00ed RAM a SD karet pod zna\u010dkami GoodRam a IRDM, v&nbsp;t\u011bchto dnech z\u0159\u00eddil lok\u00e1ln\u00ed zastoupen\u00ed pro \u010ceskou a Slovenskou republiku a roz\u0161i\u0159uje tak dostupnost zn\u00e1m\u00fdch opera\u010dn\u00edch pam\u011bt\u00ed, v\u00fdkonn\u00fdch SSD disk\u016f, USB flash disk\u016f a pam\u011b\u0165ov\u00fdch karet pod&nbsp;zna\u010dkou GoodRam a hern\u00ed zna\u010dkou IRDM. Po leto\u0161n\u00edm n\u00e1kladn\u00e9m roz\u0161\u00ed\u0159en\u00ed jedin\u00e9 evropsk\u00e9 tov\u00e1rny [&hellip;]","og_url":"https:\/\/luxurymagazine.cz\/index.php\/2022\/10\/29\/goodram-jediny-vyrobce-operacnich-pameti-v-evrope-nyni-expanduje-s-produkty-do-cr-a-na-slovensko\/","og_site_name":"LUXURYMAGAZINE.cz","article_published_time":"2022-10-28T22:01:00+00:00","article_modified_time":"2022-12-13T15:49:43+00:00","og_image":[{"width":1350,"height":900,"url":"https:\/\/luxurymagazine.cz\/wp-content\/uploads\/2022\/10\/irdm_rgb_obudowa_2.jpg","type":"image\/jpeg"}],"author":"Miroslav Van\u011bk","twitter_card":"summary_large_image","twitter_misc":{"Napsal(a)":"Miroslav Van\u011bk","Odhadovan\u00e1 doba \u010dten\u00ed":"3 minuty"},"schema":{"@context":"https:\/\/schema.org","@graph":[{"@type":"Article","@id":"https:\/\/luxurymagazine.cz\/index.php\/2022\/10\/29\/goodram-jediny-vyrobce-operacnich-pameti-v-evrope-nyni-expanduje-s-produkty-do-cr-a-na-slovensko\/#article","isPartOf":{"@id":"https:\/\/luxurymagazine.cz\/index.php\/2022\/10\/29\/goodram-jediny-vyrobce-operacnich-pameti-v-evrope-nyni-expanduje-s-produkty-do-cr-a-na-slovensko\/"},"author":{"name":"Miroslav Van\u011bk","@id":"https:\/\/luxurymagazine.cz\/#\/schema\/person\/44a069a3b1eab523585f7325b6e54254"},"headline":"GoodRam: Jedin\u00fd v\u00fdrobce opera\u010dn\u00edch pam\u011bt\u00ed v Evrop\u011b nyn\u00ed expanduje s produkty do \u010cR a na Slovensko","datePublished":"2022-10-28T22:01:00+00:00","dateModified":"2022-12-13T15:49:43+00:00","mainEntityOfPage":{"@id":"https:\/\/luxurymagazine.cz\/index.php\/2022\/10\/29\/goodram-jediny-vyrobce-operacnich-pameti-v-evrope-nyni-expanduje-s-produkty-do-cr-a-na-slovensko\/"},"wordCount":610,"publisher":{"@id":"https:\/\/luxurymagazine.cz\/#organization"},"articleSection":["BUSINESS","NEWS","TECHNIKA &amp; SPOT\u0158EBI\u010cE","TIPY &amp; TRENDY"],"inLanguage":"cs"},{"@type":"WebPage","@id":"https:\/\/luxurymagazine.cz\/index.php\/2022\/10\/29\/goodram-jediny-vyrobce-operacnich-pameti-v-evrope-nyni-expanduje-s-produkty-do-cr-a-na-slovensko\/","url":"https:\/\/luxurymagazine.cz\/index.php\/2022\/10\/29\/goodram-jediny-vyrobce-operacnich-pameti-v-evrope-nyni-expanduje-s-produkty-do-cr-a-na-slovensko\/","name":"GoodRam: Jedin\u00fd v\u00fdrobce opera\u010dn\u00edch pam\u011bt\u00ed v Evrop\u011b nyn\u00ed expanduje s produkty do \u010cR a na Slovensko - LUXURYMAGAZINE.cz","isPartOf":{"@id":"https:\/\/luxurymagazine.cz\/#website"},"datePublished":"2022-10-28T22:01:00+00:00","dateModified":"2022-12-13T15:49:43+00:00","breadcrumb":{"@id":"https:\/\/luxurymagazine.cz\/index.php\/2022\/10\/29\/goodram-jediny-vyrobce-operacnich-pameti-v-evrope-nyni-expanduje-s-produkty-do-cr-a-na-slovensko\/#breadcrumb"},"inLanguage":"cs","potentialAction":[{"@type":"ReadAction","target":["https:\/\/luxurymagazine.cz\/index.php\/2022\/10\/29\/goodram-jediny-vyrobce-operacnich-pameti-v-evrope-nyni-expanduje-s-produkty-do-cr-a-na-slovensko\/"]}]},{"@type":"BreadcrumbList","@id":"https:\/\/luxurymagazine.cz\/index.php\/2022\/10\/29\/goodram-jediny-vyrobce-operacnich-pameti-v-evrope-nyni-expanduje-s-produkty-do-cr-a-na-slovensko\/#breadcrumb","itemListElement":[{"@type":"ListItem","position":1,"name":"Dom\u016f","item":"https:\/\/luxurymagazine.cz\/"},{"@type":"ListItem","position":2,"name":"GoodRam: Jedin\u00fd v\u00fdrobce opera\u010dn\u00edch pam\u011bt\u00ed v Evrop\u011b nyn\u00ed expanduje s produkty do \u010cR a na Slovensko"}]},{"@type":"WebSite","@id":"https:\/\/luxurymagazine.cz\/#website","url":"https:\/\/luxurymagazine.cz\/","name":"LUXURYMAGAZINE.cz","description":"Port\u00e1l v\u00fdhradn\u011b o luxusu...","publisher":{"@id":"https:\/\/luxurymagazine.cz\/#organization"},"potentialAction":[{"@type":"SearchAction","target":{"@type":"EntryPoint","urlTemplate":"https:\/\/luxurymagazine.cz\/?s={search_term_string}"},"query-input":"required name=search_term_string"}],"inLanguage":"cs"},{"@type":"Organization","@id":"https:\/\/luxurymagazine.cz\/#organization","name":"LUXURYMAGAZINE.cz","url":"https:\/\/luxurymagazine.cz\/","logo":{"@type":"ImageObject","inLanguage":"cs","@id":"https:\/\/luxurymagazine.cz\/#\/schema\/logo\/image\/","url":"https:\/\/luxurymagazine.cz\/wp-content\/uploads\/2024\/12\/cropped-Logo_LuxuryMagazine-1.jpg","contentUrl":"https:\/\/luxurymagazine.cz\/wp-content\/uploads\/2024\/12\/cropped-Logo_LuxuryMagazine-1.jpg","width":934,"height":509,"caption":"LUXURYMAGAZINE.cz"},"image":{"@id":"https:\/\/luxurymagazine.cz\/#\/schema\/logo\/image\/"}},{"@type":"Person","@id":"https:\/\/luxurymagazine.cz\/#\/schema\/person\/44a069a3b1eab523585f7325b6e54254","name":"Miroslav Van\u011bk","image":{"@type":"ImageObject","inLanguage":"cs","@id":"https:\/\/luxurymagazine.cz\/#\/schema\/person\/image\/","url":"https:\/\/secure.gravatar.com\/avatar\/cc93dbecbfc820d69a964ea4a1c72377?s=96&d=mm&r=g","contentUrl":"https:\/\/secure.gravatar.com\/avatar\/cc93dbecbfc820d69a964ea4a1c72377?s=96&d=mm&r=g","caption":"Miroslav Van\u011bk"},"sameAs":["http:\/\/LUXURYMAGAZINE.cz"],"url":"https:\/\/luxurymagazine.cz\/index.php\/author\/mirvan\/"}]}},"_links":{"self":[{"href":"https:\/\/luxurymagazine.cz\/index.php\/wp-json\/wp\/v2\/posts\/2984"}],"collection":[{"href":"https:\/\/luxurymagazine.cz\/index.php\/wp-json\/wp\/v2\/posts"}],"about":[{"href":"https:\/\/luxurymagazine.cz\/index.php\/wp-json\/wp\/v2\/types\/post"}],"author":[{"embeddable":true,"href":"https:\/\/luxurymagazine.cz\/index.php\/wp-json\/wp\/v2\/users\/3"}],"replies":[{"embeddable":true,"href":"https:\/\/luxurymagazine.cz\/index.php\/wp-json\/wp\/v2\/comments?post=2984"}],"version-history":[{"count":-4,"href":"https:\/\/luxurymagazine.cz\/index.php\/wp-json\/wp\/v2\/posts\/2984\/revisions"}],"wp:featuredmedia":[{"embeddable":true,"href":"https:\/\/luxurymagazine.cz\/index.php\/wp-json\/wp\/v2\/media\/2985"}],"wp:attachment":[{"href":"https:\/\/luxurymagazine.cz\/index.php\/wp-json\/wp\/v2\/media?parent=2984"}],"wp:term":[{"taxonomy":"category","embeddable":true,"href":"https:\/\/luxurymagazine.cz\/index.php\/wp-json\/wp\/v2\/categories?post=2984"},{"taxonomy":"post_tag","embeddable":true,"href":"https:\/\/luxurymagazine.cz\/index.php\/wp-json\/wp\/v2\/tags?post=2984"}],"curies":[{"name":"wp","href":"https:\/\/api.w.org\/{rel}","templated":true}]}}