{"id":299,"date":"2020-06-04T15:27:12","date_gmt":"2020-06-04T13:27:12","guid":{"rendered":"https:\/\/luxurymagazine.cz\/?p=299"},"modified":"2020-08-25T11:37:55","modified_gmt":"2020-08-25T09:37:55","slug":"svycarska-znacka-cyklistickeho-obleceni-assos-otevrela-svuj-butik-v-centru-prahy","status":"publish","type":"post","link":"https:\/\/luxurymagazine.cz\/index.php\/2020\/06\/04\/svycarska-znacka-cyklistickeho-obleceni-assos-otevrela-svuj-butik-v-centru-prahy\/","title":{"rendered":"\u0160v\u00fdcarsk\u00e1 zna\u010dka cyklistick\u00e9ho oble\u010den\u00ed Assos otev\u0159ela sv\u016fj butik v\u00a0centru Prahy"},"content":{"rendered":"\n<p><strong>P\u0159\u00edmo v centru Prahy, na adrese \u0160irok\u00e1 15, se cyklist\u016fm otev\u0159el butik \u0161v\u00fdcarsk\u00e9 zna\u010dky oble\u010den\u00ed Assos. <\/strong><\/p>\n\n\n\n<figure class=\"wp-block-image size-large\"><img decoding=\"async\" loading=\"lazy\" width=\"1024\" height=\"629\" src=\"https:\/\/luxurymagazine.cz\/wp-content\/uploads\/2020\/06\/xwIL2ByQ-1-1024x629.jpeg\" alt=\"\" class=\"wp-image-321\" srcset=\"https:\/\/luxurymagazine.cz\/wp-content\/uploads\/2020\/06\/xwIL2ByQ-1-1024x629.jpeg 1024w, https:\/\/luxurymagazine.cz\/wp-content\/uploads\/2020\/06\/xwIL2ByQ-1-300x184.jpeg 300w, https:\/\/luxurymagazine.cz\/wp-content\/uploads\/2020\/06\/xwIL2ByQ-1-768x472.jpeg 768w, https:\/\/luxurymagazine.cz\/wp-content\/uploads\/2020\/06\/xwIL2ByQ-1-1536x944.jpeg 1536w, https:\/\/luxurymagazine.cz\/wp-content\/uploads\/2020\/06\/xwIL2ByQ-1.jpeg 1950w\" sizes=\"(max-width: 1024px) 100vw, 1024px\" \/><\/figure>\n\n\n\n<p><em>\u201eAssos jsme v&nbsp;\u010cech\u00e1ch a na Slovensku za\u010dali prod\u00e1vat v&nbsp;roce 2013. V&nbsp;Praze u O2 Areny provozujeme cykloobchod pod n\u00e1zvem Colnago &amp; Assos ProShop, internetov\u00fd obchod assos-shop.cz a Assos dod\u00e1v\u00e1me tak\u00e9 vybran\u00fdm cykloobchod\u016fm v&nbsp;\u010cech\u00e1ch a na Slovensku. Na\u0161\u00edm marketingem byl v\u017edy hlavn\u011b spokojen\u00fd klient. Kdy\u017e jsou cyklisti z&nbsp;n\u011b\u010deho nad\u0161en\u00ed, rychle si to mezi sebou \u0159eknou,\u201c<\/em> konstatuje <strong>Petr Ben\u010d\u00edk<\/strong>, kter\u00fd Assos obchodn\u011b zastupuje.<\/p>\n\n\n\n<figure class=\"wp-block-image size-large\"><img decoding=\"async\" loading=\"lazy\" width=\"1024\" height=\"683\" src=\"https:\/\/luxurymagazine.cz\/wp-content\/uploads\/2020\/06\/4skWJHpQ-1024x683.jpeg\" alt=\"\" class=\"wp-image-302\" srcset=\"https:\/\/luxurymagazine.cz\/wp-content\/uploads\/2020\/06\/4skWJHpQ-1024x683.jpeg 1024w, https:\/\/luxurymagazine.cz\/wp-content\/uploads\/2020\/06\/4skWJHpQ-300x200.jpeg 300w, https:\/\/luxurymagazine.cz\/wp-content\/uploads\/2020\/06\/4skWJHpQ-768x512.jpeg 768w, https:\/\/luxurymagazine.cz\/wp-content\/uploads\/2020\/06\/4skWJHpQ-1536x1024.jpeg 1536w, https:\/\/luxurymagazine.cz\/wp-content\/uploads\/2020\/06\/4skWJHpQ.jpeg 2048w\" sizes=\"(max-width: 1024px) 100vw, 1024px\" \/><\/figure>\n\n\n\n<p>Po sedmi letech od vstupu na \u010desk\u00fdch trh m\u00e1 Assos <strong>samostatn\u00fd butik<\/strong> v\u011bnovan\u00fd pouze <strong>oble\u010den\u00ed <\/strong>t\u00e9to zna\u010dky. <strong>Praha<\/strong> se tak postavila po bok mate\u0159sk\u00e9ho <strong>Lugana<\/strong> a britsk\u00e9ho <strong>Lond\u00fdna<\/strong>. <\/p>\n\n\n\n<p><em>\u201eV obchod\u011b u O2 Areny budeme nad\u00e1le Assos prod\u00e1vat, cht\u011bli jsme jej v\u0161ak p\u0159ibl\u00ed\u017eit lidem, pro kter\u00e9 je centrum dostupn\u011bj\u0161\u00ed, v\u010detn\u011b n\u00e1v\u0161t\u011bvn\u00edk\u016f Prahy. Z\u00e1rove\u0148 v\u011b\u0159\u00edme, \u017ee se bude butik l\u00edbit nejen mu\u017e\u016fm, ale tak\u00e9 \u017een\u00e1m, kter\u00e9 v&nbsp;n\u011bm najdou n\u011bco p\u011bkn\u00e9ho pro sebe i p\u0159\u00edpadn\u00fd d\u00e1rek pro partnera nebo kamar\u00e1dku,\u201c <\/em>dod\u00e1v\u00e1 Ben\u010d\u00edk.<\/p>\n\n\n\n<figure class=\"wp-block-image size-large\"><img decoding=\"async\" loading=\"lazy\" width=\"1024\" height=\"683\" src=\"https:\/\/luxurymagazine.cz\/wp-content\/uploads\/2020\/06\/d5lLRJZg-1024x683.jpeg\" alt=\"\" class=\"wp-image-305\" srcset=\"https:\/\/luxurymagazine.cz\/wp-content\/uploads\/2020\/06\/d5lLRJZg-1024x683.jpeg 1024w, https:\/\/luxurymagazine.cz\/wp-content\/uploads\/2020\/06\/d5lLRJZg-300x200.jpeg 300w, https:\/\/luxurymagazine.cz\/wp-content\/uploads\/2020\/06\/d5lLRJZg-768x512.jpeg 768w, https:\/\/luxurymagazine.cz\/wp-content\/uploads\/2020\/06\/d5lLRJZg-1536x1024.jpeg 1536w, https:\/\/luxurymagazine.cz\/wp-content\/uploads\/2020\/06\/d5lLRJZg.jpeg 2048w\" sizes=\"(max-width: 1024px) 100vw, 1024px\" \/><\/figure>\n\n\n\n<p><strong><a href=\"https:\/\/www.assos-shop.cz\/\">Nov\u011b otev\u0159en\u00fd butik Assos<\/a><\/strong> nab\u00edz\u00ed \u0161irok\u00fd v\u00fdb\u011br <strong>oble\u010den\u00ed do ka\u017ed\u00e9ho po\u010das\u00ed<\/strong> \u2013 <strong>na horsk\u00e1 i silni\u010dn\u00ed kola<\/strong>. Z\u00e1kladem \u0161atn\u00edku ka\u017ed\u00e9ho cyklisty jsou kra\u0165asy, proto\u017ee od dob\u0159e padnouc\u00edch cyklo-kra\u0165as\u016f se odv\u00edj\u00ed z\u00e1\u017eitek z j\u00edzdy. A to plat\u00ed pro mu\u017ee i \u017eeny, z\u00e1vodn\u00edky i cyklistick\u00e9 nad\u0161ence. Na prav\u00e9 stran\u011b butiku Assos zaujmou historick\u00e9 obr\u00e1zky z\u00e1vodn\u00edk\u016f, kte\u0159\u00ed Assos vozili bu\u010f tajn\u011b, nebo ve \u0161v\u00fdcarsk\u00e9 reprezentaci. Assos byl toti\u017e prvn\u00ed, kdo vyrobil elastick\u00e9 kra\u0165asy z&nbsp;lycry. V&nbsp;roce 1982 nastala kuriozn\u00ed situace, kdy na Mistrovstv\u00ed sv\u011bta v&nbsp;Goodwoodu skon\u010dili na stupn\u00edch v\u00edt\u011bz\u016f Giuseppe Saronni, Sean Kelly a Greg LeMond a v\u0161ichni m\u011bli na sob\u011b kra\u0165asy Assos. Ov\u0161em aby nena\u0161tvali sv\u00e9 sponzory, m\u011bli se\u0161kr\u00e1ban\u00e1 loga. V&nbsp;zadn\u00ed \u010d\u00e1sti butiku je na zdi velk\u00e1 fotka nebo\u017et\u00edka Laurenta Fignona, tak\u00e9 velk\u00e9ho p\u0159\u00edznivce oble\u010den\u00ed Assos. Pro dotvo\u0159en\u00ed spr\u00e1vn\u00e9 atmosf\u00e9ry jsou&nbsp;v butiku vystavena dv\u011b \u0161pi\u010dkov\u00e1 kola Colnago, kter\u00e1 Petr Ben\u010d\u00edk pl\u00e1nuje pr\u016fb\u011b\u017en\u011b obm\u011b\u0148ovat.<\/p>\n\n\n\n<figure class=\"wp-block-image size-large\"><img decoding=\"async\" loading=\"lazy\" width=\"1024\" height=\"683\" src=\"https:\/\/luxurymagazine.cz\/wp-content\/uploads\/2020\/06\/ovWLmlYQ-1024x683.jpeg\" alt=\"\" class=\"wp-image-312\" srcset=\"https:\/\/luxurymagazine.cz\/wp-content\/uploads\/2020\/06\/ovWLmlYQ-1024x683.jpeg 1024w, https:\/\/luxurymagazine.cz\/wp-content\/uploads\/2020\/06\/ovWLmlYQ-300x200.jpeg 300w, https:\/\/luxurymagazine.cz\/wp-content\/uploads\/2020\/06\/ovWLmlYQ-768x512.jpeg 768w, https:\/\/luxurymagazine.cz\/wp-content\/uploads\/2020\/06\/ovWLmlYQ-1536x1024.jpeg 1536w, https:\/\/luxurymagazine.cz\/wp-content\/uploads\/2020\/06\/ovWLmlYQ.jpeg 2048w\" sizes=\"(max-width: 1024px) 100vw, 1024px\" \/><\/figure>\n\n\n\n<p>Elitn\u00ed \u010desk\u00fd cyklista <strong>Roman Kreuziger<\/strong>, kter\u00fd se z\u00fa\u010dastnil slavnostn\u00edho k\u0159tu nov\u00e9ho Assos butiku, podot\u00fdk\u00e1: <\/p>\n\n\n\n<p><em>\u201eDos\u00e1hnout dobr\u00e9ho v\u00fdsledku je jak skl\u00e1da\u010dka. Nen\u00ed to jen o tr\u00e9ninku, ale i o \u017eivotospr\u00e1v\u011b, odpo\u010dinku, vytrvalosti. Oble\u010den\u00ed nen\u00ed detail \u2013 vytv\u00e1\u0159\u00ed p\u0159edpoklady pro kvalitn\u00ed v\u00fdkon. Jsem py\u0161n\u00fd, \u017ee poprv\u00e9 v kari\u00e9\u0159e jezd\u00edm za t\u00fdm, kter\u00fd je vybaven oble\u010den\u00edm Assos. V\u00edm o z\u00e1vodn\u00edc\u00edch, kte\u0159\u00ed si v\u0161\u00edvaj\u00ed vlo\u017eky Assos do kra\u0165as\u016f, co\u017e sv\u011bd\u010d\u00ed o tom, \u017ee zna\u010dka cyklistice rozum\u00ed. Jsem p\u0159ipraven\u00fd na kole trp\u011bt, ale v komfortu.\u201c<\/em> Jeho slova koresponduj\u00ed s&nbsp;filozofi\u00ed zna\u010dky \u2013 \u201esponsor yourself\u201c. <\/p>\n\n\n\n<p>Dlouh\u00e1 l\u00e9ta toti\u017e nesponzorovali \u017e\u00e1dn\u00fd cyklistick\u00fd t\u00fdm a nech\u00e1vali na profesion\u00e1ln\u00edch z\u00e1vodn\u00edc\u00edch i nad\u0161en\u00fdch amat\u00e9rech, aby si oble\u010den\u00ed Assos koupili sami. Cyklistika je p\u0159\u00edsn\u00e1 a spravedliv\u00e1, kdo chce naplno pro\u017e\u00edt v\u0161echno, co nab\u00edz\u00ed, m\u011bl by b\u00fdt p\u0159ipraven do sebe investovat. Dal\u0161\u00edm mottem zna\u010dky je \u201esuffer in comfort\u201c \u2013 j\u00edzda na kole m\u016f\u017ee b\u00fdt vy\u010derp\u00e1vaj\u00edc\u00ed, ale rozhodn\u011b nen\u00ed t\u0159eba rezignovat na komfort.<\/p>\n\n\n\n<h4 class=\"wp-block-heading\">Assos<\/h4>\n\n\n\n<h4 class=\"wp-block-heading\">\u0160irok\u00e1 15, 110 00, Praha 1<\/h4>\n\n\n\n<h4 class=\"wp-block-heading\"><strong>V\u00edce informac\u00ed naleznete na <a href=\"https:\/\/www.assos-shop.cz\/\">www.assos-shop.cz<\/a><\/strong>.<\/h4>\n\n\n\n<div style=\"height:20px\" aria-hidden=\"true\" class=\"wp-block-spacer\"><\/div>\n\n\n\n<figure class=\"wp-block-gallery columns-2 is-cropped wp-block-gallery-1 is-layout-flex wp-block-gallery-is-layout-flex\"><ul class=\"blocks-gallery-grid\"><li class=\"blocks-gallery-item\"><figure><img decoding=\"async\" loading=\"lazy\" width=\"1024\" height=\"629\" src=\"https:\/\/luxurymagazine.cz\/wp-content\/uploads\/2020\/06\/xwIL2ByQ-1-1024x629.jpeg\" alt=\"\" data-id=\"321\" data-link=\"https:\/\/luxurymagazine.cz\/?attachment_id=321\" class=\"wp-image-321\" srcset=\"https:\/\/luxurymagazine.cz\/wp-content\/uploads\/2020\/06\/xwIL2ByQ-1-1024x629.jpeg 1024w, https:\/\/luxurymagazine.cz\/wp-content\/uploads\/2020\/06\/xwIL2ByQ-1-300x184.jpeg 300w, https:\/\/luxurymagazine.cz\/wp-content\/uploads\/2020\/06\/xwIL2ByQ-1-768x472.jpeg 768w, https:\/\/luxurymagazine.cz\/wp-content\/uploads\/2020\/06\/xwIL2ByQ-1-1536x944.jpeg 1536w, https:\/\/luxurymagazine.cz\/wp-content\/uploads\/2020\/06\/xwIL2ByQ-1.jpeg 1950w\" sizes=\"(max-width: 1024px) 100vw, 1024px\" \/><\/figure><\/li><li class=\"blocks-gallery-item\"><figure><img decoding=\"async\" loading=\"lazy\" width=\"1024\" height=\"683\" src=\"https:\/\/luxurymagazine.cz\/wp-content\/uploads\/2020\/06\/4skWJHpQ-1024x683.jpeg\" alt=\"\" data-id=\"302\" data-link=\"https:\/\/luxurymagazine.cz\/?attachment_id=302\" class=\"wp-image-302\" srcset=\"https:\/\/luxurymagazine.cz\/wp-content\/uploads\/2020\/06\/4skWJHpQ-1024x683.jpeg 1024w, https:\/\/luxurymagazine.cz\/wp-content\/uploads\/2020\/06\/4skWJHpQ-300x200.jpeg 300w, https:\/\/luxurymagazine.cz\/wp-content\/uploads\/2020\/06\/4skWJHpQ-768x512.jpeg 768w, https:\/\/luxurymagazine.cz\/wp-content\/uploads\/2020\/06\/4skWJHpQ-1536x1024.jpeg 1536w, https:\/\/luxurymagazine.cz\/wp-content\/uploads\/2020\/06\/4skWJHpQ.jpeg 2048w\" sizes=\"(max-width: 1024px) 100vw, 1024px\" \/><\/figure><\/li><li class=\"blocks-gallery-item\"><figure><img decoding=\"async\" loading=\"lazy\" width=\"1024\" height=\"683\" src=\"https:\/\/luxurymagazine.cz\/wp-content\/uploads\/2020\/06\/3Od0Oh4w-1024x683.jpeg\" alt=\"\" data-id=\"301\" data-link=\"https:\/\/luxurymagazine.cz\/?attachment_id=301\" class=\"wp-image-301\" srcset=\"https:\/\/luxurymagazine.cz\/wp-content\/uploads\/2020\/06\/3Od0Oh4w-1024x683.jpeg 1024w, https:\/\/luxurymagazine.cz\/wp-content\/uploads\/2020\/06\/3Od0Oh4w-300x200.jpeg 300w, https:\/\/luxurymagazine.cz\/wp-content\/uploads\/2020\/06\/3Od0Oh4w-768x512.jpeg 768w, https:\/\/luxurymagazine.cz\/wp-content\/uploads\/2020\/06\/3Od0Oh4w-1536x1024.jpeg 1536w, https:\/\/luxurymagazine.cz\/wp-content\/uploads\/2020\/06\/3Od0Oh4w.jpeg 2048w\" sizes=\"(max-width: 1024px) 100vw, 1024px\" \/><\/figure><\/li><li class=\"blocks-gallery-item\"><figure><img decoding=\"async\" loading=\"lazy\" width=\"1024\" height=\"683\" src=\"https:\/\/luxurymagazine.cz\/wp-content\/uploads\/2020\/06\/d5lLRJZg-1024x683.jpeg\" alt=\"\" data-id=\"305\" data-link=\"https:\/\/luxurymagazine.cz\/?attachment_id=305\" class=\"wp-image-305\" srcset=\"https:\/\/luxurymagazine.cz\/wp-content\/uploads\/2020\/06\/d5lLRJZg-1024x683.jpeg 1024w, https:\/\/luxurymagazine.cz\/wp-content\/uploads\/2020\/06\/d5lLRJZg-300x200.jpeg 300w, https:\/\/luxurymagazine.cz\/wp-content\/uploads\/2020\/06\/d5lLRJZg-768x512.jpeg 768w, https:\/\/luxurymagazine.cz\/wp-content\/uploads\/2020\/06\/d5lLRJZg-1536x1024.jpeg 1536w, https:\/\/luxurymagazine.cz\/wp-content\/uploads\/2020\/06\/d5lLRJZg.jpeg 2048w\" sizes=\"(max-width: 1024px) 100vw, 1024px\" \/><\/figure><\/li><li class=\"blocks-gallery-item\"><figure><img decoding=\"async\" loading=\"lazy\" width=\"1024\" height=\"683\" src=\"https:\/\/luxurymagazine.cz\/wp-content\/uploads\/2020\/06\/ovWLmlYQ-1024x683.jpeg\" alt=\"\" data-id=\"312\" data-link=\"https:\/\/luxurymagazine.cz\/?attachment_id=312\" class=\"wp-image-312\" srcset=\"https:\/\/luxurymagazine.cz\/wp-content\/uploads\/2020\/06\/ovWLmlYQ-1024x683.jpeg 1024w, https:\/\/luxurymagazine.cz\/wp-content\/uploads\/2020\/06\/ovWLmlYQ-300x200.jpeg 300w, https:\/\/luxurymagazine.cz\/wp-content\/uploads\/2020\/06\/ovWLmlYQ-768x512.jpeg 768w, https:\/\/luxurymagazine.cz\/wp-content\/uploads\/2020\/06\/ovWLmlYQ-1536x1024.jpeg 1536w, https:\/\/luxurymagazine.cz\/wp-content\/uploads\/2020\/06\/ovWLmlYQ.jpeg 2048w\" sizes=\"(max-width: 1024px) 100vw, 1024px\" \/><\/figure><\/li><li class=\"blocks-gallery-item\"><figure><img decoding=\"async\" loading=\"lazy\" width=\"1024\" height=\"683\" src=\"https:\/\/luxurymagazine.cz\/wp-content\/uploads\/2020\/06\/FCS9Zm5A-1024x683.jpeg\" alt=\"\" data-id=\"306\" data-link=\"https:\/\/luxurymagazine.cz\/?attachment_id=306\" class=\"wp-image-306\" srcset=\"https:\/\/luxurymagazine.cz\/wp-content\/uploads\/2020\/06\/FCS9Zm5A-1024x683.jpeg 1024w, https:\/\/luxurymagazine.cz\/wp-content\/uploads\/2020\/06\/FCS9Zm5A-300x200.jpeg 300w, https:\/\/luxurymagazine.cz\/wp-content\/uploads\/2020\/06\/FCS9Zm5A-768x512.jpeg 768w, https:\/\/luxurymagazine.cz\/wp-content\/uploads\/2020\/06\/FCS9Zm5A-1536x1024.jpeg 1536w, https:\/\/luxurymagazine.cz\/wp-content\/uploads\/2020\/06\/FCS9Zm5A.jpeg 2048w\" sizes=\"(max-width: 1024px) 100vw, 1024px\" \/><\/figure><\/li><li class=\"blocks-gallery-item\"><figure><img decoding=\"async\" loading=\"lazy\" width=\"1024\" height=\"699\" src=\"https:\/\/luxurymagazine.cz\/wp-content\/uploads\/2020\/06\/RGYF8z_Q-1024x699.jpeg\" alt=\"\" data-id=\"314\" data-link=\"https:\/\/luxurymagazine.cz\/?attachment_id=314\" class=\"wp-image-314\" srcset=\"https:\/\/luxurymagazine.cz\/wp-content\/uploads\/2020\/06\/RGYF8z_Q-1024x699.jpeg 1024w, https:\/\/luxurymagazine.cz\/wp-content\/uploads\/2020\/06\/RGYF8z_Q-300x205.jpeg 300w, https:\/\/luxurymagazine.cz\/wp-content\/uploads\/2020\/06\/RGYF8z_Q-768x524.jpeg 768w, https:\/\/luxurymagazine.cz\/wp-content\/uploads\/2020\/06\/RGYF8z_Q-1536x1048.jpeg 1536w, https:\/\/luxurymagazine.cz\/wp-content\/uploads\/2020\/06\/RGYF8z_Q.jpeg 2048w\" sizes=\"(max-width: 1024px) 100vw, 1024px\" \/><\/figure><\/li><li class=\"blocks-gallery-item\"><figure><img decoding=\"async\" loading=\"lazy\" width=\"1024\" height=\"683\" src=\"https:\/\/luxurymagazine.cz\/wp-content\/uploads\/2020\/06\/u08-uAZg-1-1024x683.jpeg\" alt=\"\" data-id=\"323\" data-full-url=\"https:\/\/luxurymagazine.cz\/wp-content\/uploads\/2020\/06\/u08-uAZg-1.jpeg\" data-link=\"https:\/\/luxurymagazine.cz\/?attachment_id=323\" class=\"wp-image-323\" srcset=\"https:\/\/luxurymagazine.cz\/wp-content\/uploads\/2020\/06\/u08-uAZg-1-1024x683.jpeg 1024w, https:\/\/luxurymagazine.cz\/wp-content\/uploads\/2020\/06\/u08-uAZg-1-300x200.jpeg 300w, https:\/\/luxurymagazine.cz\/wp-content\/uploads\/2020\/06\/u08-uAZg-1-768x512.jpeg 768w, https:\/\/luxurymagazine.cz\/wp-content\/uploads\/2020\/06\/u08-uAZg-1-1536x1024.jpeg 1536w, https:\/\/luxurymagazine.cz\/wp-content\/uploads\/2020\/06\/u08-uAZg-1.jpeg 1950w\" sizes=\"(max-width: 1024px) 100vw, 1024px\" \/><\/figure><\/li><li class=\"blocks-gallery-item\"><figure><img decoding=\"async\" loading=\"lazy\" width=\"1024\" height=\"683\" src=\"https:\/\/luxurymagazine.cz\/wp-content\/uploads\/2020\/06\/PyGLeW0Q-1024x683.jpeg\" alt=\"\" data-id=\"313\" data-link=\"https:\/\/luxurymagazine.cz\/?attachment_id=313\" class=\"wp-image-313\" srcset=\"https:\/\/luxurymagazine.cz\/wp-content\/uploads\/2020\/06\/PyGLeW0Q-1024x683.jpeg 1024w, https:\/\/luxurymagazine.cz\/wp-content\/uploads\/2020\/06\/PyGLeW0Q-300x200.jpeg 300w, https:\/\/luxurymagazine.cz\/wp-content\/uploads\/2020\/06\/PyGLeW0Q-768x512.jpeg 768w, https:\/\/luxurymagazine.cz\/wp-content\/uploads\/2020\/06\/PyGLeW0Q-1536x1025.jpeg 1536w, https:\/\/luxurymagazine.cz\/wp-content\/uploads\/2020\/06\/PyGLeW0Q.jpeg 2048w\" sizes=\"(max-width: 1024px) 100vw, 1024px\" \/><\/figure><\/li><li class=\"blocks-gallery-item\"><figure><img decoding=\"async\" loading=\"lazy\" width=\"1024\" height=\"683\" src=\"https:\/\/luxurymagazine.cz\/wp-content\/uploads\/2020\/06\/GIpGKdCg-1024x683.jpeg\" alt=\"\" data-id=\"309\" data-link=\"https:\/\/luxurymagazine.cz\/?attachment_id=309\" class=\"wp-image-309\" srcset=\"https:\/\/luxurymagazine.cz\/wp-content\/uploads\/2020\/06\/GIpGKdCg-1024x683.jpeg 1024w, https:\/\/luxurymagazine.cz\/wp-content\/uploads\/2020\/06\/GIpGKdCg-300x200.jpeg 300w, https:\/\/luxurymagazine.cz\/wp-content\/uploads\/2020\/06\/GIpGKdCg-768x512.jpeg 768w, https:\/\/luxurymagazine.cz\/wp-content\/uploads\/2020\/06\/GIpGKdCg-1536x1024.jpeg 1536w, https:\/\/luxurymagazine.cz\/wp-content\/uploads\/2020\/06\/GIpGKdCg.jpeg 2048w\" sizes=\"(max-width: 1024px) 100vw, 1024px\" \/><\/figure><\/li><li class=\"blocks-gallery-item\"><figure><img decoding=\"async\" loading=\"lazy\" width=\"1024\" height=\"683\" src=\"https:\/\/luxurymagazine.cz\/wp-content\/uploads\/2020\/06\/JcQK7iYQ-1024x683.jpeg\" alt=\"\" data-id=\"310\" data-link=\"https:\/\/luxurymagazine.cz\/?attachment_id=310\" class=\"wp-image-310\" srcset=\"https:\/\/luxurymagazine.cz\/wp-content\/uploads\/2020\/06\/JcQK7iYQ-1024x683.jpeg 1024w, https:\/\/luxurymagazine.cz\/wp-content\/uploads\/2020\/06\/JcQK7iYQ-300x200.jpeg 300w, https:\/\/luxurymagazine.cz\/wp-content\/uploads\/2020\/06\/JcQK7iYQ-768x512.jpeg 768w, https:\/\/luxurymagazine.cz\/wp-content\/uploads\/2020\/06\/JcQK7iYQ-1536x1024.jpeg 1536w, https:\/\/luxurymagazine.cz\/wp-content\/uploads\/2020\/06\/JcQK7iYQ.jpeg 2048w\" sizes=\"(max-width: 1024px) 100vw, 1024px\" \/><\/figure><\/li><li class=\"blocks-gallery-item\"><figure><img decoding=\"async\" loading=\"lazy\" width=\"1024\" height=\"683\" src=\"https:\/\/luxurymagazine.cz\/wp-content\/uploads\/2020\/06\/ypMZKCDg-1024x683.jpeg\" alt=\"\" data-id=\"319\" data-link=\"https:\/\/luxurymagazine.cz\/?attachment_id=319\" class=\"wp-image-319\" srcset=\"https:\/\/luxurymagazine.cz\/wp-content\/uploads\/2020\/06\/ypMZKCDg-1024x683.jpeg 1024w, https:\/\/luxurymagazine.cz\/wp-content\/uploads\/2020\/06\/ypMZKCDg-300x200.jpeg 300w, https:\/\/luxurymagazine.cz\/wp-content\/uploads\/2020\/06\/ypMZKCDg-768x512.jpeg 768w, https:\/\/luxurymagazine.cz\/wp-content\/uploads\/2020\/06\/ypMZKCDg-1536x1024.jpeg 1536w, https:\/\/luxurymagazine.cz\/wp-content\/uploads\/2020\/06\/ypMZKCDg.jpeg 2048w\" sizes=\"(max-width: 1024px) 100vw, 1024px\" \/><\/figure><\/li><li class=\"blocks-gallery-item\"><figure><img decoding=\"async\" loading=\"lazy\" width=\"683\" height=\"1024\" src=\"https:\/\/luxurymagazine.cz\/wp-content\/uploads\/2020\/06\/BFYN6Pzw-683x1024.jpeg\" alt=\"\" data-id=\"303\" data-link=\"https:\/\/luxurymagazine.cz\/?attachment_id=303\" class=\"wp-image-303\" srcset=\"https:\/\/luxurymagazine.cz\/wp-content\/uploads\/2020\/06\/BFYN6Pzw-683x1024.jpeg 683w, https:\/\/luxurymagazine.cz\/wp-content\/uploads\/2020\/06\/BFYN6Pzw-200x300.jpeg 200w, https:\/\/luxurymagazine.cz\/wp-content\/uploads\/2020\/06\/BFYN6Pzw-768x1152.jpeg 768w, https:\/\/luxurymagazine.cz\/wp-content\/uploads\/2020\/06\/BFYN6Pzw-1024x1536.jpeg 1024w, https:\/\/luxurymagazine.cz\/wp-content\/uploads\/2020\/06\/BFYN6Pzw-1365x2048.jpeg 1365w, https:\/\/luxurymagazine.cz\/wp-content\/uploads\/2020\/06\/BFYN6Pzw-scaled.jpeg 1707w\" sizes=\"(max-width: 683px) 100vw, 683px\" \/><\/figure><\/li><li class=\"blocks-gallery-item\"><figure><img decoding=\"async\" loading=\"lazy\" width=\"683\" height=\"1024\" src=\"https:\/\/luxurymagazine.cz\/wp-content\/uploads\/2020\/06\/V_SAvxcw-1-683x1024.jpeg\" alt=\"\" data-id=\"324\" data-full-url=\"https:\/\/luxurymagazine.cz\/wp-content\/uploads\/2020\/06\/V_SAvxcw-1.jpeg\" data-link=\"https:\/\/luxurymagazine.cz\/?attachment_id=324\" class=\"wp-image-324\" srcset=\"https:\/\/luxurymagazine.cz\/wp-content\/uploads\/2020\/06\/V_SAvxcw-1-683x1024.jpeg 683w, https:\/\/luxurymagazine.cz\/wp-content\/uploads\/2020\/06\/V_SAvxcw-1-200x300.jpeg 200w, https:\/\/luxurymagazine.cz\/wp-content\/uploads\/2020\/06\/V_SAvxcw-1-768x1152.jpeg 768w, https:\/\/luxurymagazine.cz\/wp-content\/uploads\/2020\/06\/V_SAvxcw-1-1024x1536.jpeg 1024w, https:\/\/luxurymagazine.cz\/wp-content\/uploads\/2020\/06\/V_SAvxcw-1-1366x2048.jpeg 1366w, https:\/\/luxurymagazine.cz\/wp-content\/uploads\/2020\/06\/V_SAvxcw-1.jpeg 1503w\" sizes=\"(max-width: 683px) 100vw, 683px\" \/><\/figure><\/li><\/ul><\/figure>\n","protected":false},"excerpt":{"rendered":"<p>P\u0159\u00edmo v centru Prahy, na adrese \u0160irok\u00e1 15, se cyklist\u016fm otev\u0159el butik \u0161v\u00fdcarsk\u00e9 zna\u010dky oble\u010den\u00ed Assos. \u201eAssos jsme v&nbsp;\u010cech\u00e1ch a na Slovensku za\u010dali prod\u00e1vat v&nbsp;roce 2013. V&nbsp;Praze u O2 Areny provozujeme cykloobchod pod n\u00e1zvem Colnago &amp; Assos ProShop, internetov\u00fd obchod assos-shop.cz a Assos dod\u00e1v\u00e1me tak\u00e9 vybran\u00fdm cykloobchod\u016fm v&nbsp;\u010cech\u00e1ch a na Slovensku. Na\u0161\u00edm marketingem byl v\u017edy [&hellip;]<\/p>\n","protected":false},"author":3,"featured_media":321,"comment_status":"closed","ping_status":"closed","sticky":false,"template":"","format":"standard","meta":{"_mi_skip_tracking":false,"_monsterinsights_sitenote_active":false,"_monsterinsights_sitenote_note":"","_monsterinsights_sitenote_category":0,"footnotes":""},"categories":[3,2,12,13],"tags":[],"yoast_head":"<!-- This site is optimized with the Yoast SEO plugin v21.4 - https:\/\/yoast.com\/wordpress\/plugins\/seo\/ -->\n<title>\u0160v\u00fdcarsk\u00e1 zna\u010dka cyklistick\u00e9ho oble\u010den\u00ed Assos otev\u0159ela sv\u016fj butik v\u00a0centru Prahy - LUXURYMAGAZINE.cz<\/title>\n<meta name=\"robots\" content=\"index, follow, max-snippet:-1, max-image-preview:large, max-video-preview:-1\" \/>\n<link rel=\"canonical\" href=\"https:\/\/luxurymagazine.cz\/index.php\/2020\/06\/04\/svycarska-znacka-cyklistickeho-obleceni-assos-otevrela-svuj-butik-v-centru-prahy\/\" \/>\n<meta property=\"og:locale\" content=\"cs_CZ\" \/>\n<meta property=\"og:type\" content=\"article\" \/>\n<meta property=\"og:title\" content=\"\u0160v\u00fdcarsk\u00e1 zna\u010dka cyklistick\u00e9ho oble\u010den\u00ed Assos otev\u0159ela sv\u016fj butik v\u00a0centru Prahy - LUXURYMAGAZINE.cz\" \/>\n<meta property=\"og:description\" content=\"P\u0159\u00edmo v centru Prahy, na adrese \u0160irok\u00e1 15, se cyklist\u016fm otev\u0159el butik \u0161v\u00fdcarsk\u00e9 zna\u010dky oble\u010den\u00ed Assos. \u201eAssos jsme v&nbsp;\u010cech\u00e1ch a na Slovensku za\u010dali prod\u00e1vat v&nbsp;roce 2013. V&nbsp;Praze u O2 Areny provozujeme cykloobchod pod n\u00e1zvem Colnago &amp; Assos ProShop, internetov\u00fd obchod assos-shop.cz a Assos dod\u00e1v\u00e1me tak\u00e9 vybran\u00fdm cykloobchod\u016fm v&nbsp;\u010cech\u00e1ch a na Slovensku. Na\u0161\u00edm marketingem byl v\u017edy [&hellip;]\" \/>\n<meta property=\"og:url\" content=\"https:\/\/luxurymagazine.cz\/index.php\/2020\/06\/04\/svycarska-znacka-cyklistickeho-obleceni-assos-otevrela-svuj-butik-v-centru-prahy\/\" \/>\n<meta property=\"og:site_name\" content=\"LUXURYMAGAZINE.cz\" \/>\n<meta property=\"article:published_time\" content=\"2020-06-04T13:27:12+00:00\" \/>\n<meta property=\"article:modified_time\" content=\"2020-08-25T09:37:55+00:00\" \/>\n<meta property=\"og:image\" content=\"https:\/\/luxurymagazine.cz\/wp-content\/uploads\/2020\/06\/xwIL2ByQ-1.jpeg\" \/>\n\t<meta property=\"og:image:width\" content=\"1950\" \/>\n\t<meta property=\"og:image:height\" content=\"1198\" \/>\n\t<meta property=\"og:image:type\" content=\"image\/jpeg\" \/>\n<meta name=\"author\" content=\"Miroslav Van\u011bk\" \/>\n<meta name=\"twitter:card\" content=\"summary_large_image\" \/>\n<meta name=\"twitter:label1\" content=\"Napsal(a)\" \/>\n\t<meta name=\"twitter:data1\" content=\"Miroslav Van\u011bk\" \/>\n\t<meta name=\"twitter:label2\" content=\"Odhadovan\u00e1 doba \u010dten\u00ed\" \/>\n\t<meta name=\"twitter:data2\" content=\"3 minuty\" \/>\n<script type=\"application\/ld+json\" class=\"yoast-schema-graph\">{\"@context\":\"https:\/\/schema.org\",\"@graph\":[{\"@type\":\"Article\",\"@id\":\"https:\/\/luxurymagazine.cz\/index.php\/2020\/06\/04\/svycarska-znacka-cyklistickeho-obleceni-assos-otevrela-svuj-butik-v-centru-prahy\/#article\",\"isPartOf\":{\"@id\":\"https:\/\/luxurymagazine.cz\/index.php\/2020\/06\/04\/svycarska-znacka-cyklistickeho-obleceni-assos-otevrela-svuj-butik-v-centru-prahy\/\"},\"author\":{\"name\":\"Miroslav Van\u011bk\",\"@id\":\"https:\/\/luxurymagazine.cz\/#\/schema\/person\/44a069a3b1eab523585f7325b6e54254\"},\"headline\":\"\u0160v\u00fdcarsk\u00e1 zna\u010dka cyklistick\u00e9ho oble\u010den\u00ed Assos otev\u0159ela sv\u016fj butik v\u00a0centru Prahy\",\"datePublished\":\"2020-06-04T13:27:12+00:00\",\"dateModified\":\"2020-08-25T09:37:55+00:00\",\"mainEntityOfPage\":{\"@id\":\"https:\/\/luxurymagazine.cz\/index.php\/2020\/06\/04\/svycarska-znacka-cyklistickeho-obleceni-assos-otevrela-svuj-butik-v-centru-prahy\/\"},\"wordCount\":664,\"publisher\":{\"@id\":\"https:\/\/luxurymagazine.cz\/#organization\"},\"articleSection\":[\"M\u00d3DA\",\"NEWS\",\"RELAX &amp; SPORT\",\"TIPY &amp; TRENDY\"],\"inLanguage\":\"cs\"},{\"@type\":\"WebPage\",\"@id\":\"https:\/\/luxurymagazine.cz\/index.php\/2020\/06\/04\/svycarska-znacka-cyklistickeho-obleceni-assos-otevrela-svuj-butik-v-centru-prahy\/\",\"url\":\"https:\/\/luxurymagazine.cz\/index.php\/2020\/06\/04\/svycarska-znacka-cyklistickeho-obleceni-assos-otevrela-svuj-butik-v-centru-prahy\/\",\"name\":\"\u0160v\u00fdcarsk\u00e1 zna\u010dka cyklistick\u00e9ho oble\u010den\u00ed Assos otev\u0159ela sv\u016fj butik v\u00a0centru Prahy - LUXURYMAGAZINE.cz\",\"isPartOf\":{\"@id\":\"https:\/\/luxurymagazine.cz\/#website\"},\"datePublished\":\"2020-06-04T13:27:12+00:00\",\"dateModified\":\"2020-08-25T09:37:55+00:00\",\"breadcrumb\":{\"@id\":\"https:\/\/luxurymagazine.cz\/index.php\/2020\/06\/04\/svycarska-znacka-cyklistickeho-obleceni-assos-otevrela-svuj-butik-v-centru-prahy\/#breadcrumb\"},\"inLanguage\":\"cs\",\"potentialAction\":[{\"@type\":\"ReadAction\",\"target\":[\"https:\/\/luxurymagazine.cz\/index.php\/2020\/06\/04\/svycarska-znacka-cyklistickeho-obleceni-assos-otevrela-svuj-butik-v-centru-prahy\/\"]}]},{\"@type\":\"BreadcrumbList\",\"@id\":\"https:\/\/luxurymagazine.cz\/index.php\/2020\/06\/04\/svycarska-znacka-cyklistickeho-obleceni-assos-otevrela-svuj-butik-v-centru-prahy\/#breadcrumb\",\"itemListElement\":[{\"@type\":\"ListItem\",\"position\":1,\"name\":\"Dom\u016f\",\"item\":\"https:\/\/luxurymagazine.cz\/\"},{\"@type\":\"ListItem\",\"position\":2,\"name\":\"\u0160v\u00fdcarsk\u00e1 zna\u010dka cyklistick\u00e9ho oble\u010den\u00ed Assos otev\u0159ela sv\u016fj butik v\u00a0centru Prahy\"}]},{\"@type\":\"WebSite\",\"@id\":\"https:\/\/luxurymagazine.cz\/#website\",\"url\":\"https:\/\/luxurymagazine.cz\/\",\"name\":\"LUXURYMAGAZINE.cz\",\"description\":\"Port\u00e1l v\u00fdhradn\u011b o luxusu...\",\"publisher\":{\"@id\":\"https:\/\/luxurymagazine.cz\/#organization\"},\"potentialAction\":[{\"@type\":\"SearchAction\",\"target\":{\"@type\":\"EntryPoint\",\"urlTemplate\":\"https:\/\/luxurymagazine.cz\/?s={search_term_string}\"},\"query-input\":\"required name=search_term_string\"}],\"inLanguage\":\"cs\"},{\"@type\":\"Organization\",\"@id\":\"https:\/\/luxurymagazine.cz\/#organization\",\"name\":\"LUXURYMAGAZINE.cz\",\"url\":\"https:\/\/luxurymagazine.cz\/\",\"logo\":{\"@type\":\"ImageObject\",\"inLanguage\":\"cs\",\"@id\":\"https:\/\/luxurymagazine.cz\/#\/schema\/logo\/image\/\",\"url\":\"https:\/\/luxurymagazine.cz\/wp-content\/uploads\/2024\/12\/cropped-Logo_LuxuryMagazine-1.jpg\",\"contentUrl\":\"https:\/\/luxurymagazine.cz\/wp-content\/uploads\/2024\/12\/cropped-Logo_LuxuryMagazine-1.jpg\",\"width\":934,\"height\":509,\"caption\":\"LUXURYMAGAZINE.cz\"},\"image\":{\"@id\":\"https:\/\/luxurymagazine.cz\/#\/schema\/logo\/image\/\"}},{\"@type\":\"Person\",\"@id\":\"https:\/\/luxurymagazine.cz\/#\/schema\/person\/44a069a3b1eab523585f7325b6e54254\",\"name\":\"Miroslav Van\u011bk\",\"image\":{\"@type\":\"ImageObject\",\"inLanguage\":\"cs\",\"@id\":\"https:\/\/luxurymagazine.cz\/#\/schema\/person\/image\/\",\"url\":\"https:\/\/secure.gravatar.com\/avatar\/cc93dbecbfc820d69a964ea4a1c72377?s=96&d=mm&r=g\",\"contentUrl\":\"https:\/\/secure.gravatar.com\/avatar\/cc93dbecbfc820d69a964ea4a1c72377?s=96&d=mm&r=g\",\"caption\":\"Miroslav Van\u011bk\"},\"sameAs\":[\"http:\/\/LUXURYMAGAZINE.cz\"],\"url\":\"https:\/\/luxurymagazine.cz\/index.php\/author\/mirvan\/\"}]}<\/script>\n<!-- \/ Yoast SEO plugin. -->","yoast_head_json":{"title":"\u0160v\u00fdcarsk\u00e1 zna\u010dka cyklistick\u00e9ho oble\u010den\u00ed Assos otev\u0159ela sv\u016fj butik v\u00a0centru Prahy - LUXURYMAGAZINE.cz","robots":{"index":"index","follow":"follow","max-snippet":"max-snippet:-1","max-image-preview":"max-image-preview:large","max-video-preview":"max-video-preview:-1"},"canonical":"https:\/\/luxurymagazine.cz\/index.php\/2020\/06\/04\/svycarska-znacka-cyklistickeho-obleceni-assos-otevrela-svuj-butik-v-centru-prahy\/","og_locale":"cs_CZ","og_type":"article","og_title":"\u0160v\u00fdcarsk\u00e1 zna\u010dka cyklistick\u00e9ho oble\u010den\u00ed Assos otev\u0159ela sv\u016fj butik v\u00a0centru Prahy - LUXURYMAGAZINE.cz","og_description":"P\u0159\u00edmo v centru Prahy, na adrese \u0160irok\u00e1 15, se cyklist\u016fm otev\u0159el butik \u0161v\u00fdcarsk\u00e9 zna\u010dky oble\u010den\u00ed Assos. \u201eAssos jsme v&nbsp;\u010cech\u00e1ch a na Slovensku za\u010dali prod\u00e1vat v&nbsp;roce 2013. V&nbsp;Praze u O2 Areny provozujeme cykloobchod pod n\u00e1zvem Colnago &amp; Assos ProShop, internetov\u00fd obchod assos-shop.cz a Assos dod\u00e1v\u00e1me tak\u00e9 vybran\u00fdm cykloobchod\u016fm v&nbsp;\u010cech\u00e1ch a na Slovensku. Na\u0161\u00edm marketingem byl v\u017edy [&hellip;]","og_url":"https:\/\/luxurymagazine.cz\/index.php\/2020\/06\/04\/svycarska-znacka-cyklistickeho-obleceni-assos-otevrela-svuj-butik-v-centru-prahy\/","og_site_name":"LUXURYMAGAZINE.cz","article_published_time":"2020-06-04T13:27:12+00:00","article_modified_time":"2020-08-25T09:37:55+00:00","og_image":[{"width":1950,"height":1198,"url":"https:\/\/luxurymagazine.cz\/wp-content\/uploads\/2020\/06\/xwIL2ByQ-1.jpeg","type":"image\/jpeg"}],"author":"Miroslav Van\u011bk","twitter_card":"summary_large_image","twitter_misc":{"Napsal(a)":"Miroslav Van\u011bk","Odhadovan\u00e1 doba \u010dten\u00ed":"3 minuty"},"schema":{"@context":"https:\/\/schema.org","@graph":[{"@type":"Article","@id":"https:\/\/luxurymagazine.cz\/index.php\/2020\/06\/04\/svycarska-znacka-cyklistickeho-obleceni-assos-otevrela-svuj-butik-v-centru-prahy\/#article","isPartOf":{"@id":"https:\/\/luxurymagazine.cz\/index.php\/2020\/06\/04\/svycarska-znacka-cyklistickeho-obleceni-assos-otevrela-svuj-butik-v-centru-prahy\/"},"author":{"name":"Miroslav Van\u011bk","@id":"https:\/\/luxurymagazine.cz\/#\/schema\/person\/44a069a3b1eab523585f7325b6e54254"},"headline":"\u0160v\u00fdcarsk\u00e1 zna\u010dka cyklistick\u00e9ho oble\u010den\u00ed Assos otev\u0159ela sv\u016fj butik v\u00a0centru Prahy","datePublished":"2020-06-04T13:27:12+00:00","dateModified":"2020-08-25T09:37:55+00:00","mainEntityOfPage":{"@id":"https:\/\/luxurymagazine.cz\/index.php\/2020\/06\/04\/svycarska-znacka-cyklistickeho-obleceni-assos-otevrela-svuj-butik-v-centru-prahy\/"},"wordCount":664,"publisher":{"@id":"https:\/\/luxurymagazine.cz\/#organization"},"articleSection":["M\u00d3DA","NEWS","RELAX &amp; SPORT","TIPY &amp; TRENDY"],"inLanguage":"cs"},{"@type":"WebPage","@id":"https:\/\/luxurymagazine.cz\/index.php\/2020\/06\/04\/svycarska-znacka-cyklistickeho-obleceni-assos-otevrela-svuj-butik-v-centru-prahy\/","url":"https:\/\/luxurymagazine.cz\/index.php\/2020\/06\/04\/svycarska-znacka-cyklistickeho-obleceni-assos-otevrela-svuj-butik-v-centru-prahy\/","name":"\u0160v\u00fdcarsk\u00e1 zna\u010dka cyklistick\u00e9ho oble\u010den\u00ed Assos otev\u0159ela sv\u016fj butik v\u00a0centru Prahy - LUXURYMAGAZINE.cz","isPartOf":{"@id":"https:\/\/luxurymagazine.cz\/#website"},"datePublished":"2020-06-04T13:27:12+00:00","dateModified":"2020-08-25T09:37:55+00:00","breadcrumb":{"@id":"https:\/\/luxurymagazine.cz\/index.php\/2020\/06\/04\/svycarska-znacka-cyklistickeho-obleceni-assos-otevrela-svuj-butik-v-centru-prahy\/#breadcrumb"},"inLanguage":"cs","potentialAction":[{"@type":"ReadAction","target":["https:\/\/luxurymagazine.cz\/index.php\/2020\/06\/04\/svycarska-znacka-cyklistickeho-obleceni-assos-otevrela-svuj-butik-v-centru-prahy\/"]}]},{"@type":"BreadcrumbList","@id":"https:\/\/luxurymagazine.cz\/index.php\/2020\/06\/04\/svycarska-znacka-cyklistickeho-obleceni-assos-otevrela-svuj-butik-v-centru-prahy\/#breadcrumb","itemListElement":[{"@type":"ListItem","position":1,"name":"Dom\u016f","item":"https:\/\/luxurymagazine.cz\/"},{"@type":"ListItem","position":2,"name":"\u0160v\u00fdcarsk\u00e1 zna\u010dka cyklistick\u00e9ho oble\u010den\u00ed Assos otev\u0159ela sv\u016fj butik v\u00a0centru Prahy"}]},{"@type":"WebSite","@id":"https:\/\/luxurymagazine.cz\/#website","url":"https:\/\/luxurymagazine.cz\/","name":"LUXURYMAGAZINE.cz","description":"Port\u00e1l v\u00fdhradn\u011b o luxusu...","publisher":{"@id":"https:\/\/luxurymagazine.cz\/#organization"},"potentialAction":[{"@type":"SearchAction","target":{"@type":"EntryPoint","urlTemplate":"https:\/\/luxurymagazine.cz\/?s={search_term_string}"},"query-input":"required name=search_term_string"}],"inLanguage":"cs"},{"@type":"Organization","@id":"https:\/\/luxurymagazine.cz\/#organization","name":"LUXURYMAGAZINE.cz","url":"https:\/\/luxurymagazine.cz\/","logo":{"@type":"ImageObject","inLanguage":"cs","@id":"https:\/\/luxurymagazine.cz\/#\/schema\/logo\/image\/","url":"https:\/\/luxurymagazine.cz\/wp-content\/uploads\/2024\/12\/cropped-Logo_LuxuryMagazine-1.jpg","contentUrl":"https:\/\/luxurymagazine.cz\/wp-content\/uploads\/2024\/12\/cropped-Logo_LuxuryMagazine-1.jpg","width":934,"height":509,"caption":"LUXURYMAGAZINE.cz"},"image":{"@id":"https:\/\/luxurymagazine.cz\/#\/schema\/logo\/image\/"}},{"@type":"Person","@id":"https:\/\/luxurymagazine.cz\/#\/schema\/person\/44a069a3b1eab523585f7325b6e54254","name":"Miroslav Van\u011bk","image":{"@type":"ImageObject","inLanguage":"cs","@id":"https:\/\/luxurymagazine.cz\/#\/schema\/person\/image\/","url":"https:\/\/secure.gravatar.com\/avatar\/cc93dbecbfc820d69a964ea4a1c72377?s=96&d=mm&r=g","contentUrl":"https:\/\/secure.gravatar.com\/avatar\/cc93dbecbfc820d69a964ea4a1c72377?s=96&d=mm&r=g","caption":"Miroslav Van\u011bk"},"sameAs":["http:\/\/LUXURYMAGAZINE.cz"],"url":"https:\/\/luxurymagazine.cz\/index.php\/author\/mirvan\/"}]}},"_links":{"self":[{"href":"https:\/\/luxurymagazine.cz\/index.php\/wp-json\/wp\/v2\/posts\/299"}],"collection":[{"href":"https:\/\/luxurymagazine.cz\/index.php\/wp-json\/wp\/v2\/posts"}],"about":[{"href":"https:\/\/luxurymagazine.cz\/index.php\/wp-json\/wp\/v2\/types\/post"}],"author":[{"embeddable":true,"href":"https:\/\/luxurymagazine.cz\/index.php\/wp-json\/wp\/v2\/users\/3"}],"replies":[{"embeddable":true,"href":"https:\/\/luxurymagazine.cz\/index.php\/wp-json\/wp\/v2\/comments?post=299"}],"version-history":[{"count":0,"href":"https:\/\/luxurymagazine.cz\/index.php\/wp-json\/wp\/v2\/posts\/299\/revisions"}],"wp:featuredmedia":[{"embeddable":true,"href":"https:\/\/luxurymagazine.cz\/index.php\/wp-json\/wp\/v2\/media\/321"}],"wp:attachment":[{"href":"https:\/\/luxurymagazine.cz\/index.php\/wp-json\/wp\/v2\/media?parent=299"}],"wp:term":[{"taxonomy":"category","embeddable":true,"href":"https:\/\/luxurymagazine.cz\/index.php\/wp-json\/wp\/v2\/categories?post=299"},{"taxonomy":"post_tag","embeddable":true,"href":"https:\/\/luxurymagazine.cz\/index.php\/wp-json\/wp\/v2\/tags?post=299"}],"curies":[{"name":"wp","href":"https:\/\/api.w.org\/{rel}","templated":true}]}}