{"id":2997,"date":"2022-11-02T19:41:00","date_gmt":"2022-11-02T18:41:00","guid":{"rendered":"https:\/\/luxurymagazine.cz\/?p=2997"},"modified":"2022-12-05T00:09:26","modified_gmt":"2022-12-04T23:09:26","slug":"co-se-stane-se-zivotem-po-jaderne-katastrofe-na-to-se-pokousi-najit-odpoved-unikatni-dokument-fukusima","status":"publish","type":"post","link":"https:\/\/luxurymagazine.cz\/index.php\/2022\/11\/02\/co-se-stane-se-zivotem-po-jaderne-katastrofe-na-to-se-pokousi-najit-odpoved-unikatni-dokument-fukusima\/","title":{"rendered":"Co se stane se \u017eivotem po jadern\u00e9 katastrof\u011b? Na to se pokou\u0161\u00ed naj\u00edt odpov\u011b\u010f unik\u00e1tn\u00ed dokument Fuku\u0161ima"},"content":{"rendered":"\n<div style=\"height:37px\" aria-hidden=\"true\" class=\"wp-block-spacer\"><\/div>\n\n\n\n<p><strong>V\u00edce<\/strong> <strong>jak deset let po katastrof\u011b v jadern\u00e9 elektr\u00e1rn\u011b Fuku\u0161ima se do n\u011bkter\u00fdch pr\u00e1zdn\u00fdch m\u00edst vrac\u00ed lid\u00e9. Nar\u00e1\u017e\u00ed zde v\u0161ak na p\u0159ekvapiv\u00fd jev. V evakua\u010dn\u00ed z\u00f3n\u011b, kter\u00e1 je postupn\u011b \u010di\u0161t\u011bna od radioaktivn\u00edho spadu, je toti\u017e neb\u00fdvale \u017eivo. P\u0159esv\u011bd\u010dit se o tom m\u016f\u017eete na vlastn\u00ed o\u010di v dokumentu Fuku\u0161ima: P\u0159\u00edroda v nebezpe\u010dn\u00e9 oblasti, kter\u00fd v premi\u00e9\u0159e uvede Viasat Nature.<\/strong><\/p>\n\n\n\n<div style=\"height:20px\" aria-hidden=\"true\" class=\"wp-block-spacer\"><\/div>\n\n\n\n<figure class=\"wp-block-image size-large\"><img decoding=\"async\" src=\"https:\/\/celebrityhouse.cz\/wp-content\/uploads\/2022\/11\/1012158-1024x768.jpg\" alt=\"\" class=\"wp-image-5988\"\/><\/figure>\n\n\n\n<div style=\"height:20px\" aria-hidden=\"true\" class=\"wp-block-spacer\"><\/div>\n\n\n\n<p>Druh\u00e1 nejv\u011bt\u0161\u00ed jadern\u00e1 hav\u00e1rie v historii lidstva se odehr\u00e1la v b\u0159eznu 2011 a ze sv\u00fdch domov\u016f vyhnala tis\u00edce lid\u00ed. Hornat\u00e1 pob\u0159e\u017en\u00ed krajina se m\u011bla st\u00e1t neobyvatelnou toxickou pustinou, skute\u010dnost v\u0161ak p\u0159ekvapila mnoh\u00e9 odborn\u00edky. M\u00edsta, ze kter\u00fdch byli lid\u00e9 vyst\u011bhov\u00e1ni doslova p\u0159es noc, se stala navzdory v\u0161em p\u0159edpoklad\u016fm domovinou divok\u00e9 zv\u011b\u0159e &#8211; prasat, makak\u016f a dal\u0161\u00edch savc\u016f.<\/p>\n\n\n\n<div style=\"height:20px\" aria-hidden=\"true\" class=\"wp-block-spacer\"><\/div>\n\n\n\n<figure class=\"wp-block-image size-large\"><img decoding=\"async\" src=\"https:\/\/celebrityhouse.cz\/wp-content\/uploads\/2022\/11\/1012157-1024x768.jpg\" alt=\"\" class=\"wp-image-5987\"\/><\/figure>\n\n\n\n<div style=\"height:20px\" aria-hidden=\"true\" class=\"wp-block-spacer\"><\/div>\n\n\n\n<p>N\u011bkter\u00fdm druh\u016fm se i p\u0159es toxicitu da\u0159\u00ed velmi dob\u0159e. Obyvatel\u00e9 vracej\u00edc\u00ed se do vy\u010di\u0161t\u011bn\u00fdch oblast\u00ed zde mus\u00ed \u010delit ne\u010dekan\u00fdm obt\u00ed\u017e\u00edm v podob\u011b zv\u011b\u0159e, kter\u00e1 se bez ostychu pohybuje v m\u00edstech, kter\u00fdm se v minulosti vyh\u00fdbala.<\/p>\n\n\n\n<div style=\"height:20px\" aria-hidden=\"true\" class=\"wp-block-spacer\"><\/div>\n\n\n\n<figure class=\"wp-block-image size-large\"><img decoding=\"async\" src=\"https:\/\/celebrityhouse.cz\/wp-content\/uploads\/2022\/11\/1012170-1024x768.jpg\" alt=\"\" class=\"wp-image-5990\"\/><\/figure>\n\n\n\n<div style=\"height:20px\" aria-hidden=\"true\" class=\"wp-block-spacer\"><\/div>\n\n\n\n<p>V hodinov\u00e9m dokument\u00e1rn\u00edm speci\u00e1lu budete spole\u010dn\u011b s mezin\u00e1rodn\u00ed skupinou odborn\u00edk\u016f zkoumat zv\u00ed\u0159ata, kter\u00e1 vzdoruj\u00ed toxick\u00e9 krajin\u011b a nyn\u00ed \u017eij\u00ed tam, kde je\u0161t\u011b v relativn\u011b ned\u00e1vn\u00e9 dob\u011b bujela civilizace. Pak v\u0161ak do\u0161lo k explozi v\u0161ech t\u0159\u00ed jader reaktor\u016f v elektr\u00e1rn\u011b Fuku\u0161ima. P\u0159es noc bylo narychlo vys\u00eddleno 460 tis\u00edc lid\u00ed, kte\u0159\u00ed se nemohli vr\u00e1tit a zanechali sv\u00e1 obydl\u00ed napospas p\u0159\u00edrod\u011b.<\/p>\n\n\n\n<div style=\"height:20px\" aria-hidden=\"true\" class=\"wp-block-spacer\"><\/div>\n\n\n\n<figure class=\"wp-block-gallery columns-2 is-cropped wp-block-gallery-1 is-layout-flex wp-block-gallery-is-layout-flex\"><ul class=\"blocks-gallery-grid\"><li class=\"blocks-gallery-item\"><figure><img decoding=\"async\" src=\"https:\/\/celebrityhouse.cz\/wp-content\/uploads\/2022\/11\/1012161-1024x768.jpg\" alt=\"\" data-id=\"5989\" data-full-url=\"https:\/\/celebrityhouse.cz\/wp-content\/uploads\/2022\/11\/1012161.jpg\" data-link=\"https:\/\/celebrityhouse.cz\/?attachment_id=5989\" class=\"wp-image-5989\"\/><\/figure><\/li><li class=\"blocks-gallery-item\"><figure><img decoding=\"async\" src=\"https:\/\/celebrityhouse.cz\/wp-content\/uploads\/2022\/11\/1012128-1024x768.jpg\" alt=\"\" data-id=\"5986\" data-full-url=\"https:\/\/celebrityhouse.cz\/wp-content\/uploads\/2022\/11\/1012128.jpg\" data-link=\"https:\/\/celebrityhouse.cz\/?attachment_id=5986\" class=\"wp-image-5986\"\/><\/figure><\/li><\/ul><\/figure>\n\n\n\n<div style=\"height:20px\" aria-hidden=\"true\" class=\"wp-block-spacer\"><\/div>\n\n\n\n<p>Domy obr\u016fstaj\u00ed mechem a rostlinami. Chodn\u00edky a silnice zar\u016fstaj\u00ed tr\u00e1vou a k\u0159ov\u00edm a na d\u0159\u00edve udr\u017eovan\u00fdch zahrad\u00e1ch se v jedovat\u00e9 zemin\u011b hrabou divo\u010d\u00e1ci. Sc\u00e9ny jako z postapokalyptick\u00e9ho filmu se ve Fuku\u0161im\u011b prom\u011bnily v realitu.<\/p>\n\n\n\n<p>V dokumentu z\u00e1rove\u0148 odhal\u00edte, jak mohou tato zv\u00ed\u0159ata v oblasti nejen p\u0159e\u017e\u00edvat, ale i prosperovat. Zjist\u00edte, jak\u00fd m\u00e1 z\u00e1\u0159en\u00ed vliv na jejich chov\u00e1n\u00ed, vzhled a genetickou strukturu. Z\u00e1rove\u0148 prozkoum\u00e1te m\u00edstn\u00ed divokou fl\u00f3ru. Nakonec se tak\u00e9 spole\u010dn\u011b s v\u011bdci pokus\u00edte zjistit, kolik druh\u016f \u017eije ve st\u00ednu katastrofy.<\/p>\n\n\n\n<div style=\"height:20px\" aria-hidden=\"true\" class=\"wp-block-spacer\"><\/div>\n\n\n\n<figure class=\"wp-block-image size-large\"><img decoding=\"async\" src=\"https:\/\/celebrityhouse.cz\/wp-content\/uploads\/2022\/11\/maggie-1024x768.jpg\" alt=\"\" class=\"wp-image-5992\"\/><\/figure>\n\n\n\n<div style=\"height:20px\" aria-hidden=\"true\" class=\"wp-block-spacer\"><\/div>\n\n\n\n<p>\u0160edes\u00e1timinutov\u00fd dokument <strong>Fuku\u0161ima: P\u0159\u00edroda v nebezpe\u010dn\u00e9 oblasti <\/strong>sledujte v sobotu <strong>5. listopadu od 19 hodin<\/strong> na <strong>Viasat Nature<\/strong>.<\/p>\n\n\n\n<div style=\"height:45px\" aria-hidden=\"true\" class=\"wp-block-spacer\"><\/div>\n\n\n\n<figure class=\"wp-block-gallery columns-2 is-cropped wp-block-gallery-3 is-layout-flex wp-block-gallery-is-layout-flex\"><ul class=\"blocks-gallery-grid\"><li class=\"blocks-gallery-item\"><figure><img decoding=\"async\" src=\"https:\/\/celebrityhouse.cz\/wp-content\/uploads\/2022\/11\/1012158-1024x768.jpg\" alt=\"\" data-id=\"5988\" data-full-url=\"https:\/\/celebrityhouse.cz\/wp-content\/uploads\/2022\/11\/1012158.jpg\" data-link=\"https:\/\/celebrityhouse.cz\/?attachment_id=5988\" class=\"wp-image-5988\"\/><\/figure><\/li><li class=\"blocks-gallery-item\"><figure><img decoding=\"async\" src=\"https:\/\/celebrityhouse.cz\/wp-content\/uploads\/2022\/11\/1012157-1024x768.jpg\" alt=\"\" data-id=\"5987\" data-full-url=\"https:\/\/celebrityhouse.cz\/wp-content\/uploads\/2022\/11\/1012157.jpg\" data-link=\"https:\/\/celebrityhouse.cz\/?attachment_id=5987\" class=\"wp-image-5987\"\/><\/figure><\/li><li class=\"blocks-gallery-item\"><figure><img decoding=\"async\" src=\"https:\/\/celebrityhouse.cz\/wp-content\/uploads\/2022\/11\/1012128-1024x768.jpg\" alt=\"\" data-id=\"5986\" data-full-url=\"https:\/\/celebrityhouse.cz\/wp-content\/uploads\/2022\/11\/1012128.jpg\" data-link=\"https:\/\/celebrityhouse.cz\/?attachment_id=5986\" class=\"wp-image-5986\"\/><\/figure><\/li><li class=\"blocks-gallery-item\"><figure><img decoding=\"async\" src=\"https:\/\/celebrityhouse.cz\/wp-content\/uploads\/2022\/11\/1012161-1024x768.jpg\" alt=\"\" data-id=\"5989\" data-full-url=\"https:\/\/celebrityhouse.cz\/wp-content\/uploads\/2022\/11\/1012161.jpg\" data-link=\"https:\/\/celebrityhouse.cz\/?attachment_id=5989\" class=\"wp-image-5989\"\/><\/figure><\/li><li class=\"blocks-gallery-item\"><figure><img decoding=\"async\" src=\"https:\/\/celebrityhouse.cz\/wp-content\/uploads\/2022\/11\/1012170-1024x768.jpg\" alt=\"\" data-id=\"5990\" data-full-url=\"https:\/\/celebrityhouse.cz\/wp-content\/uploads\/2022\/11\/1012170.jpg\" data-link=\"https:\/\/celebrityhouse.cz\/?attachment_id=5990\" class=\"wp-image-5990\"\/><\/figure><\/li><li class=\"blocks-gallery-item\"><figure><img decoding=\"async\" src=\"https:\/\/celebrityhouse.cz\/wp-content\/uploads\/2022\/11\/IMG_4099-768x1024.jpg\" alt=\"\" data-id=\"5991\" data-full-url=\"https:\/\/celebrityhouse.cz\/wp-content\/uploads\/2022\/11\/IMG_4099.jpg\" data-link=\"https:\/\/celebrityhouse.cz\/?attachment_id=5991\" class=\"wp-image-5991\"\/><\/figure><\/li><li class=\"blocks-gallery-item\"><figure><img decoding=\"async\" src=\"https:\/\/celebrityhouse.cz\/wp-content\/uploads\/2022\/11\/maggie-1024x768.jpg\" alt=\"\" data-id=\"5992\" data-full-url=\"https:\/\/celebrityhouse.cz\/wp-content\/uploads\/2022\/11\/maggie.jpg\" data-link=\"https:\/\/celebrityhouse.cz\/?attachment_id=5992\" class=\"wp-image-5992\"\/><\/figure><\/li><li class=\"blocks-gallery-item\"><figure><img decoding=\"async\" src=\"https:\/\/celebrityhouse.cz\/wp-content\/uploads\/2022\/11\/Prof-Adam-hart-2-1024x768.jpg\" alt=\"\" data-id=\"5993\" data-full-url=\"https:\/\/celebrityhouse.cz\/wp-content\/uploads\/2022\/11\/Prof-Adam-hart-2.jpg\" data-link=\"https:\/\/celebrityhouse.cz\/?attachment_id=5993\" class=\"wp-image-5993\"\/><\/figure><\/li><li class=\"blocks-gallery-item\"><figure><img decoding=\"async\" src=\"https:\/\/celebrityhouse.cz\/wp-content\/uploads\/2022\/11\/Prof-Tim-Mouseau-1-1024x683.jpg\" alt=\"\" data-id=\"5994\" data-full-url=\"https:\/\/celebrityhouse.cz\/wp-content\/uploads\/2022\/11\/Prof-Tim-Mouseau-1.jpg\" data-link=\"https:\/\/celebrityhouse.cz\/?attachment_id=5994\" class=\"wp-image-5994\"\/><\/figure><\/li><li class=\"blocks-gallery-item\"><figure><img decoding=\"async\" src=\"https:\/\/celebrityhouse.cz\/wp-content\/uploads\/2022\/11\/Prof-Tim-Mouseau-2-1024x768.jpg\" alt=\"\" data-id=\"5995\" data-full-url=\"https:\/\/celebrityhouse.cz\/wp-content\/uploads\/2022\/11\/Prof-Tim-Mouseau-2.jpg\" data-link=\"https:\/\/celebrityhouse.cz\/?attachment_id=5995\" class=\"wp-image-5995\"\/><\/figure><\/li><\/ul><\/figure>\n\n\n\n<p><strong>Zdroj foto: Viasat Nature<\/strong><\/p>\n\n\n\n<div style=\"height:40px\" aria-hidden=\"true\" class=\"wp-block-spacer\"><\/div>\n","protected":false},"excerpt":{"rendered":"<p>V\u00edce jak deset let po katastrof\u011b v jadern\u00e9 elektr\u00e1rn\u011b Fuku\u0161ima se do n\u011bkter\u00fdch pr\u00e1zdn\u00fdch m\u00edst vrac\u00ed lid\u00e9. Nar\u00e1\u017e\u00ed zde v\u0161ak na p\u0159ekvapiv\u00fd jev. V evakua\u010dn\u00ed z\u00f3n\u011b, kter\u00e1 je postupn\u011b \u010di\u0161t\u011bna od radioaktivn\u00edho spadu, je toti\u017e neb\u00fdvale \u017eivo. P\u0159esv\u011bd\u010dit se o tom m\u016f\u017eete na vlastn\u00ed o\u010di v dokumentu Fuku\u0161ima: P\u0159\u00edroda v nebezpe\u010dn\u00e9 oblasti, kter\u00fd v premi\u00e9\u0159e [&hellip;]<\/p>\n","protected":false},"author":1,"featured_media":2998,"comment_status":"closed","ping_status":"closed","sticky":false,"template":"","format":"standard","meta":{"_mi_skip_tracking":false,"_monsterinsights_sitenote_active":false,"_monsterinsights_sitenote_note":"","_monsterinsights_sitenote_category":0,"footnotes":""},"categories":[2,13],"tags":[],"yoast_head":"<!-- This site is optimized with the Yoast SEO plugin v21.4 - https:\/\/yoast.com\/wordpress\/plugins\/seo\/ -->\n<title>Co se stane se \u017eivotem po jadern\u00e9 katastrof\u011b? Na to se pokou\u0161\u00ed naj\u00edt odpov\u011b\u010f unik\u00e1tn\u00ed dokument Fuku\u0161ima - LUXURYMAGAZINE.cz<\/title>\n<meta name=\"robots\" content=\"index, follow, max-snippet:-1, max-image-preview:large, max-video-preview:-1\" \/>\n<link rel=\"canonical\" href=\"https:\/\/luxurymagazine.cz\/index.php\/2022\/11\/02\/co-se-stane-se-zivotem-po-jaderne-katastrofe-na-to-se-pokousi-najit-odpoved-unikatni-dokument-fukusima\/\" \/>\n<meta property=\"og:locale\" content=\"cs_CZ\" \/>\n<meta property=\"og:type\" content=\"article\" \/>\n<meta property=\"og:title\" content=\"Co se stane se \u017eivotem po jadern\u00e9 katastrof\u011b? Na to se pokou\u0161\u00ed naj\u00edt odpov\u011b\u010f unik\u00e1tn\u00ed dokument Fuku\u0161ima - LUXURYMAGAZINE.cz\" \/>\n<meta property=\"og:description\" content=\"V\u00edce jak deset let po katastrof\u011b v jadern\u00e9 elektr\u00e1rn\u011b Fuku\u0161ima se do n\u011bkter\u00fdch pr\u00e1zdn\u00fdch m\u00edst vrac\u00ed lid\u00e9. Nar\u00e1\u017e\u00ed zde v\u0161ak na p\u0159ekvapiv\u00fd jev. V evakua\u010dn\u00ed z\u00f3n\u011b, kter\u00e1 je postupn\u011b \u010di\u0161t\u011bna od radioaktivn\u00edho spadu, je toti\u017e neb\u00fdvale \u017eivo. P\u0159esv\u011bd\u010dit se o tom m\u016f\u017eete na vlastn\u00ed o\u010di v dokumentu Fuku\u0161ima: P\u0159\u00edroda v nebezpe\u010dn\u00e9 oblasti, kter\u00fd v premi\u00e9\u0159e [&hellip;]\" \/>\n<meta property=\"og:url\" content=\"https:\/\/luxurymagazine.cz\/index.php\/2022\/11\/02\/co-se-stane-se-zivotem-po-jaderne-katastrofe-na-to-se-pokousi-najit-odpoved-unikatni-dokument-fukusima\/\" \/>\n<meta property=\"og:site_name\" content=\"LUXURYMAGAZINE.cz\" \/>\n<meta property=\"article:published_time\" content=\"2022-11-02T18:41:00+00:00\" \/>\n<meta property=\"article:modified_time\" content=\"2022-12-04T23:09:26+00:00\" \/>\n<meta property=\"og:image\" content=\"https:\/\/luxurymagazine.cz\/wp-content\/uploads\/2022\/11\/1012157.jpg\" \/>\n\t<meta property=\"og:image:width\" content=\"1450\" \/>\n\t<meta property=\"og:image:height\" content=\"1088\" \/>\n\t<meta property=\"og:image:type\" content=\"image\/jpeg\" \/>\n<meta name=\"author\" content=\"Mikol\u00e1\u0161ek (\u0161\u00e9fredaktor HMG)\" \/>\n<meta name=\"twitter:card\" content=\"summary_large_image\" \/>\n<meta name=\"twitter:label1\" content=\"Napsal(a)\" \/>\n\t<meta name=\"twitter:data1\" content=\"Mikol\u00e1\u0161ek (\u0161\u00e9fredaktor HMG)\" \/>\n\t<meta name=\"twitter:label2\" content=\"Odhadovan\u00e1 doba \u010dten\u00ed\" \/>\n\t<meta name=\"twitter:data2\" content=\"2 minuty\" \/>\n<script type=\"application\/ld+json\" class=\"yoast-schema-graph\">{\"@context\":\"https:\/\/schema.org\",\"@graph\":[{\"@type\":\"Article\",\"@id\":\"https:\/\/luxurymagazine.cz\/index.php\/2022\/11\/02\/co-se-stane-se-zivotem-po-jaderne-katastrofe-na-to-se-pokousi-najit-odpoved-unikatni-dokument-fukusima\/#article\",\"isPartOf\":{\"@id\":\"https:\/\/luxurymagazine.cz\/index.php\/2022\/11\/02\/co-se-stane-se-zivotem-po-jaderne-katastrofe-na-to-se-pokousi-najit-odpoved-unikatni-dokument-fukusima\/\"},\"author\":{\"name\":\"Mikol\u00e1\u0161ek (\u0161\u00e9fredaktor HMG)\",\"@id\":\"https:\/\/luxurymagazine.cz\/#\/schema\/person\/900281a2a290470de69f4ca1ff899a92\"},\"headline\":\"Co se stane se \u017eivotem po jadern\u00e9 katastrof\u011b? Na to se pokou\u0161\u00ed naj\u00edt odpov\u011b\u010f unik\u00e1tn\u00ed dokument Fuku\u0161ima\",\"datePublished\":\"2022-11-02T18:41:00+00:00\",\"dateModified\":\"2022-12-04T23:09:26+00:00\",\"mainEntityOfPage\":{\"@id\":\"https:\/\/luxurymagazine.cz\/index.php\/2022\/11\/02\/co-se-stane-se-zivotem-po-jaderne-katastrofe-na-to-se-pokousi-najit-odpoved-unikatni-dokument-fukusima\/\"},\"wordCount\":446,\"publisher\":{\"@id\":\"https:\/\/luxurymagazine.cz\/#organization\"},\"articleSection\":[\"NEWS\",\"TIPY &amp; TRENDY\"],\"inLanguage\":\"cs\"},{\"@type\":\"WebPage\",\"@id\":\"https:\/\/luxurymagazine.cz\/index.php\/2022\/11\/02\/co-se-stane-se-zivotem-po-jaderne-katastrofe-na-to-se-pokousi-najit-odpoved-unikatni-dokument-fukusima\/\",\"url\":\"https:\/\/luxurymagazine.cz\/index.php\/2022\/11\/02\/co-se-stane-se-zivotem-po-jaderne-katastrofe-na-to-se-pokousi-najit-odpoved-unikatni-dokument-fukusima\/\",\"name\":\"Co se stane se \u017eivotem po jadern\u00e9 katastrof\u011b? Na to se pokou\u0161\u00ed naj\u00edt odpov\u011b\u010f unik\u00e1tn\u00ed dokument Fuku\u0161ima - LUXURYMAGAZINE.cz\",\"isPartOf\":{\"@id\":\"https:\/\/luxurymagazine.cz\/#website\"},\"datePublished\":\"2022-11-02T18:41:00+00:00\",\"dateModified\":\"2022-12-04T23:09:26+00:00\",\"breadcrumb\":{\"@id\":\"https:\/\/luxurymagazine.cz\/index.php\/2022\/11\/02\/co-se-stane-se-zivotem-po-jaderne-katastrofe-na-to-se-pokousi-najit-odpoved-unikatni-dokument-fukusima\/#breadcrumb\"},\"inLanguage\":\"cs\",\"potentialAction\":[{\"@type\":\"ReadAction\",\"target\":[\"https:\/\/luxurymagazine.cz\/index.php\/2022\/11\/02\/co-se-stane-se-zivotem-po-jaderne-katastrofe-na-to-se-pokousi-najit-odpoved-unikatni-dokument-fukusima\/\"]}]},{\"@type\":\"BreadcrumbList\",\"@id\":\"https:\/\/luxurymagazine.cz\/index.php\/2022\/11\/02\/co-se-stane-se-zivotem-po-jaderne-katastrofe-na-to-se-pokousi-najit-odpoved-unikatni-dokument-fukusima\/#breadcrumb\",\"itemListElement\":[{\"@type\":\"ListItem\",\"position\":1,\"name\":\"Dom\u016f\",\"item\":\"https:\/\/luxurymagazine.cz\/\"},{\"@type\":\"ListItem\",\"position\":2,\"name\":\"Co se stane se \u017eivotem po jadern\u00e9 katastrof\u011b? Na to se pokou\u0161\u00ed naj\u00edt odpov\u011b\u010f unik\u00e1tn\u00ed dokument Fuku\u0161ima\"}]},{\"@type\":\"WebSite\",\"@id\":\"https:\/\/luxurymagazine.cz\/#website\",\"url\":\"https:\/\/luxurymagazine.cz\/\",\"name\":\"LUXURYMAGAZINE.cz\",\"description\":\"Port\u00e1l v\u00fdhradn\u011b o luxusu...\",\"publisher\":{\"@id\":\"https:\/\/luxurymagazine.cz\/#organization\"},\"potentialAction\":[{\"@type\":\"SearchAction\",\"target\":{\"@type\":\"EntryPoint\",\"urlTemplate\":\"https:\/\/luxurymagazine.cz\/?s={search_term_string}\"},\"query-input\":\"required name=search_term_string\"}],\"inLanguage\":\"cs\"},{\"@type\":\"Organization\",\"@id\":\"https:\/\/luxurymagazine.cz\/#organization\",\"name\":\"LUXURYMAGAZINE.cz\",\"url\":\"https:\/\/luxurymagazine.cz\/\",\"logo\":{\"@type\":\"ImageObject\",\"inLanguage\":\"cs\",\"@id\":\"https:\/\/luxurymagazine.cz\/#\/schema\/logo\/image\/\",\"url\":\"https:\/\/luxurymagazine.cz\/wp-content\/uploads\/2024\/12\/cropped-Logo_LuxuryMagazine-1.jpg\",\"contentUrl\":\"https:\/\/luxurymagazine.cz\/wp-content\/uploads\/2024\/12\/cropped-Logo_LuxuryMagazine-1.jpg\",\"width\":934,\"height\":509,\"caption\":\"LUXURYMAGAZINE.cz\"},\"image\":{\"@id\":\"https:\/\/luxurymagazine.cz\/#\/schema\/logo\/image\/\"}},{\"@type\":\"Person\",\"@id\":\"https:\/\/luxurymagazine.cz\/#\/schema\/person\/900281a2a290470de69f4ca1ff899a92\",\"name\":\"Mikol\u00e1\u0161ek (\u0161\u00e9fredaktor HMG)\",\"image\":{\"@type\":\"ImageObject\",\"inLanguage\":\"cs\",\"@id\":\"https:\/\/luxurymagazine.cz\/#\/schema\/person\/image\/\",\"url\":\"https:\/\/secure.gravatar.com\/avatar\/1c8a35f186d8baabb0513b2bdd8e53cd?s=96&d=mm&r=g\",\"contentUrl\":\"https:\/\/secure.gravatar.com\/avatar\/1c8a35f186d8baabb0513b2bdd8e53cd?s=96&d=mm&r=g\",\"caption\":\"Mikol\u00e1\u0161ek (\u0161\u00e9fredaktor HMG)\"},\"url\":\"https:\/\/luxurymagazine.cz\/index.php\/author\/ivomik\/\"}]}<\/script>\n<!-- \/ Yoast SEO plugin. -->","yoast_head_json":{"title":"Co se stane se \u017eivotem po jadern\u00e9 katastrof\u011b? Na to se pokou\u0161\u00ed naj\u00edt odpov\u011b\u010f unik\u00e1tn\u00ed dokument Fuku\u0161ima - LUXURYMAGAZINE.cz","robots":{"index":"index","follow":"follow","max-snippet":"max-snippet:-1","max-image-preview":"max-image-preview:large","max-video-preview":"max-video-preview:-1"},"canonical":"https:\/\/luxurymagazine.cz\/index.php\/2022\/11\/02\/co-se-stane-se-zivotem-po-jaderne-katastrofe-na-to-se-pokousi-najit-odpoved-unikatni-dokument-fukusima\/","og_locale":"cs_CZ","og_type":"article","og_title":"Co se stane se \u017eivotem po jadern\u00e9 katastrof\u011b? Na to se pokou\u0161\u00ed naj\u00edt odpov\u011b\u010f unik\u00e1tn\u00ed dokument Fuku\u0161ima - LUXURYMAGAZINE.cz","og_description":"V\u00edce jak deset let po katastrof\u011b v jadern\u00e9 elektr\u00e1rn\u011b Fuku\u0161ima se do n\u011bkter\u00fdch pr\u00e1zdn\u00fdch m\u00edst vrac\u00ed lid\u00e9. Nar\u00e1\u017e\u00ed zde v\u0161ak na p\u0159ekvapiv\u00fd jev. V evakua\u010dn\u00ed z\u00f3n\u011b, kter\u00e1 je postupn\u011b \u010di\u0161t\u011bna od radioaktivn\u00edho spadu, je toti\u017e neb\u00fdvale \u017eivo. P\u0159esv\u011bd\u010dit se o tom m\u016f\u017eete na vlastn\u00ed o\u010di v dokumentu Fuku\u0161ima: P\u0159\u00edroda v nebezpe\u010dn\u00e9 oblasti, kter\u00fd v premi\u00e9\u0159e [&hellip;]","og_url":"https:\/\/luxurymagazine.cz\/index.php\/2022\/11\/02\/co-se-stane-se-zivotem-po-jaderne-katastrofe-na-to-se-pokousi-najit-odpoved-unikatni-dokument-fukusima\/","og_site_name":"LUXURYMAGAZINE.cz","article_published_time":"2022-11-02T18:41:00+00:00","article_modified_time":"2022-12-04T23:09:26+00:00","og_image":[{"width":1450,"height":1088,"url":"https:\/\/luxurymagazine.cz\/wp-content\/uploads\/2022\/11\/1012157.jpg","type":"image\/jpeg"}],"author":"Mikol\u00e1\u0161ek (\u0161\u00e9fredaktor HMG)","twitter_card":"summary_large_image","twitter_misc":{"Napsal(a)":"Mikol\u00e1\u0161ek (\u0161\u00e9fredaktor HMG)","Odhadovan\u00e1 doba \u010dten\u00ed":"2 minuty"},"schema":{"@context":"https:\/\/schema.org","@graph":[{"@type":"Article","@id":"https:\/\/luxurymagazine.cz\/index.php\/2022\/11\/02\/co-se-stane-se-zivotem-po-jaderne-katastrofe-na-to-se-pokousi-najit-odpoved-unikatni-dokument-fukusima\/#article","isPartOf":{"@id":"https:\/\/luxurymagazine.cz\/index.php\/2022\/11\/02\/co-se-stane-se-zivotem-po-jaderne-katastrofe-na-to-se-pokousi-najit-odpoved-unikatni-dokument-fukusima\/"},"author":{"name":"Mikol\u00e1\u0161ek (\u0161\u00e9fredaktor HMG)","@id":"https:\/\/luxurymagazine.cz\/#\/schema\/person\/900281a2a290470de69f4ca1ff899a92"},"headline":"Co se stane se \u017eivotem po jadern\u00e9 katastrof\u011b? Na to se pokou\u0161\u00ed naj\u00edt odpov\u011b\u010f unik\u00e1tn\u00ed dokument Fuku\u0161ima","datePublished":"2022-11-02T18:41:00+00:00","dateModified":"2022-12-04T23:09:26+00:00","mainEntityOfPage":{"@id":"https:\/\/luxurymagazine.cz\/index.php\/2022\/11\/02\/co-se-stane-se-zivotem-po-jaderne-katastrofe-na-to-se-pokousi-najit-odpoved-unikatni-dokument-fukusima\/"},"wordCount":446,"publisher":{"@id":"https:\/\/luxurymagazine.cz\/#organization"},"articleSection":["NEWS","TIPY &amp; TRENDY"],"inLanguage":"cs"},{"@type":"WebPage","@id":"https:\/\/luxurymagazine.cz\/index.php\/2022\/11\/02\/co-se-stane-se-zivotem-po-jaderne-katastrofe-na-to-se-pokousi-najit-odpoved-unikatni-dokument-fukusima\/","url":"https:\/\/luxurymagazine.cz\/index.php\/2022\/11\/02\/co-se-stane-se-zivotem-po-jaderne-katastrofe-na-to-se-pokousi-najit-odpoved-unikatni-dokument-fukusima\/","name":"Co se stane se \u017eivotem po jadern\u00e9 katastrof\u011b? Na to se pokou\u0161\u00ed naj\u00edt odpov\u011b\u010f unik\u00e1tn\u00ed dokument Fuku\u0161ima - LUXURYMAGAZINE.cz","isPartOf":{"@id":"https:\/\/luxurymagazine.cz\/#website"},"datePublished":"2022-11-02T18:41:00+00:00","dateModified":"2022-12-04T23:09:26+00:00","breadcrumb":{"@id":"https:\/\/luxurymagazine.cz\/index.php\/2022\/11\/02\/co-se-stane-se-zivotem-po-jaderne-katastrofe-na-to-se-pokousi-najit-odpoved-unikatni-dokument-fukusima\/#breadcrumb"},"inLanguage":"cs","potentialAction":[{"@type":"ReadAction","target":["https:\/\/luxurymagazine.cz\/index.php\/2022\/11\/02\/co-se-stane-se-zivotem-po-jaderne-katastrofe-na-to-se-pokousi-najit-odpoved-unikatni-dokument-fukusima\/"]}]},{"@type":"BreadcrumbList","@id":"https:\/\/luxurymagazine.cz\/index.php\/2022\/11\/02\/co-se-stane-se-zivotem-po-jaderne-katastrofe-na-to-se-pokousi-najit-odpoved-unikatni-dokument-fukusima\/#breadcrumb","itemListElement":[{"@type":"ListItem","position":1,"name":"Dom\u016f","item":"https:\/\/luxurymagazine.cz\/"},{"@type":"ListItem","position":2,"name":"Co se stane se \u017eivotem po jadern\u00e9 katastrof\u011b? Na to se pokou\u0161\u00ed naj\u00edt odpov\u011b\u010f unik\u00e1tn\u00ed dokument Fuku\u0161ima"}]},{"@type":"WebSite","@id":"https:\/\/luxurymagazine.cz\/#website","url":"https:\/\/luxurymagazine.cz\/","name":"LUXURYMAGAZINE.cz","description":"Port\u00e1l v\u00fdhradn\u011b o luxusu...","publisher":{"@id":"https:\/\/luxurymagazine.cz\/#organization"},"potentialAction":[{"@type":"SearchAction","target":{"@type":"EntryPoint","urlTemplate":"https:\/\/luxurymagazine.cz\/?s={search_term_string}"},"query-input":"required name=search_term_string"}],"inLanguage":"cs"},{"@type":"Organization","@id":"https:\/\/luxurymagazine.cz\/#organization","name":"LUXURYMAGAZINE.cz","url":"https:\/\/luxurymagazine.cz\/","logo":{"@type":"ImageObject","inLanguage":"cs","@id":"https:\/\/luxurymagazine.cz\/#\/schema\/logo\/image\/","url":"https:\/\/luxurymagazine.cz\/wp-content\/uploads\/2024\/12\/cropped-Logo_LuxuryMagazine-1.jpg","contentUrl":"https:\/\/luxurymagazine.cz\/wp-content\/uploads\/2024\/12\/cropped-Logo_LuxuryMagazine-1.jpg","width":934,"height":509,"caption":"LUXURYMAGAZINE.cz"},"image":{"@id":"https:\/\/luxurymagazine.cz\/#\/schema\/logo\/image\/"}},{"@type":"Person","@id":"https:\/\/luxurymagazine.cz\/#\/schema\/person\/900281a2a290470de69f4ca1ff899a92","name":"Mikol\u00e1\u0161ek (\u0161\u00e9fredaktor HMG)","image":{"@type":"ImageObject","inLanguage":"cs","@id":"https:\/\/luxurymagazine.cz\/#\/schema\/person\/image\/","url":"https:\/\/secure.gravatar.com\/avatar\/1c8a35f186d8baabb0513b2bdd8e53cd?s=96&d=mm&r=g","contentUrl":"https:\/\/secure.gravatar.com\/avatar\/1c8a35f186d8baabb0513b2bdd8e53cd?s=96&d=mm&r=g","caption":"Mikol\u00e1\u0161ek (\u0161\u00e9fredaktor HMG)"},"url":"https:\/\/luxurymagazine.cz\/index.php\/author\/ivomik\/"}]}},"_links":{"self":[{"href":"https:\/\/luxurymagazine.cz\/index.php\/wp-json\/wp\/v2\/posts\/2997"}],"collection":[{"href":"https:\/\/luxurymagazine.cz\/index.php\/wp-json\/wp\/v2\/posts"}],"about":[{"href":"https:\/\/luxurymagazine.cz\/index.php\/wp-json\/wp\/v2\/types\/post"}],"author":[{"embeddable":true,"href":"https:\/\/luxurymagazine.cz\/index.php\/wp-json\/wp\/v2\/users\/1"}],"replies":[{"embeddable":true,"href":"https:\/\/luxurymagazine.cz\/index.php\/wp-json\/wp\/v2\/comments?post=2997"}],"version-history":[{"count":-4,"href":"https:\/\/luxurymagazine.cz\/index.php\/wp-json\/wp\/v2\/posts\/2997\/revisions"}],"wp:featuredmedia":[{"embeddable":true,"href":"https:\/\/luxurymagazine.cz\/index.php\/wp-json\/wp\/v2\/media\/2998"}],"wp:attachment":[{"href":"https:\/\/luxurymagazine.cz\/index.php\/wp-json\/wp\/v2\/media?parent=2997"}],"wp:term":[{"taxonomy":"category","embeddable":true,"href":"https:\/\/luxurymagazine.cz\/index.php\/wp-json\/wp\/v2\/categories?post=2997"},{"taxonomy":"post_tag","embeddable":true,"href":"https:\/\/luxurymagazine.cz\/index.php\/wp-json\/wp\/v2\/tags?post=2997"}],"curies":[{"name":"wp","href":"https:\/\/api.w.org\/{rel}","templated":true}]}}