{"id":3107,"date":"2022-12-07T01:34:29","date_gmt":"2022-12-07T00:34:29","guid":{"rendered":"https:\/\/luxurymagazine.cz\/?p=3107"},"modified":"2023-01-31T21:40:29","modified_gmt":"2023-01-31T20:40:29","slug":"afi-europe-dokoncila-vystavbu-najemni-rezidence-afihome-karlin","status":"publish","type":"post","link":"https:\/\/luxurymagazine.cz\/index.php\/2022\/12\/07\/afi-europe-dokoncila-vystavbu-najemni-rezidence-afihome-karlin\/","title":{"rendered":"AFI Europe dokon\u010dila v\u00fdstavbu n\u00e1jemn\u00ed rezidence AFIHOME Karl\u00edn"},"content":{"rendered":"\n<div style=\"height:41px\" aria-hidden=\"true\" class=\"wp-block-spacer\"><\/div>\n\n\n\n<p><strong>Developersk\u00e1 spole\u010dnost AFI Europe pr\u00e1v\u011b zkolaudovala ji\u017e druh\u00fd projekt n\u00e1jemn\u00edho bydlen\u00ed v&nbsp;tuzemsku: AFIHOME Karl\u00edn. Objekt na rohu ulic Th\u00e1mova a&nbsp;Pernerova, za jeho\u017e architektonick\u00fdm n\u00e1vrhem stoj\u00ed ateli\u00e9r Bevk Perovi\u0107 arhitekti, je \u010dlen\u011bn do n\u011bkolika vz\u00e1jemn\u011b ustupuj\u00edc\u00edch celk\u016f. Vznikl citlivou rekonstrukc\u00ed dvou p\u016fvodn\u00edch budov z&nbsp;po\u010d\u00e1tku 20. stolet\u00ed, kter\u00e9 doplnila novostavba dosahuj\u00edc\u00ed do v\u00fd\u0161ky 10 nadzemn\u00edch podla\u017e\u00ed. <\/strong><\/p>\n\n\n\n<div style=\"height:20px\" aria-hidden=\"true\" class=\"wp-block-spacer\"><\/div>\n\n\n\n<figure class=\"wp-block-image size-large\"><img decoding=\"async\" loading=\"lazy\" width=\"1024\" height=\"768\" src=\"https:\/\/luxurymagazine.cz\/wp-content\/uploads\/2022\/12\/AFIHOME-Karl\u00edn_01-1024x768.jpg\" alt=\"\" class=\"wp-image-3108\" srcset=\"https:\/\/luxurymagazine.cz\/wp-content\/uploads\/2022\/12\/AFIHOME-Karl\u00edn_01-1024x768.jpg 1024w, https:\/\/luxurymagazine.cz\/wp-content\/uploads\/2022\/12\/AFIHOME-Karl\u00edn_01-300x225.jpg 300w, https:\/\/luxurymagazine.cz\/wp-content\/uploads\/2022\/12\/AFIHOME-Karl\u00edn_01-768x576.jpg 768w, https:\/\/luxurymagazine.cz\/wp-content\/uploads\/2022\/12\/AFIHOME-Karl\u00edn_01.jpg 1450w\" sizes=\"(max-width: 1024px) 100vw, 1024px\" \/><\/figure>\n\n\n\n<div style=\"height:20px\" aria-hidden=\"true\" class=\"wp-block-spacer\"><\/div>\n\n\n\n<p>Zat\u00edmco horn\u00ed patra jsou ur\u010dena v\u00fdhradn\u011b pro rezidenty, v&nbsp;p\u0159\u00edzem\u00ed nechyb\u00ed maloobchodn\u00ed jednotky pro \u0161irokou ve\u0159ejnost, kter\u00e9 roz\u0161\u00ed\u0159\u00ed ji\u017e tak bohatou nab\u00eddku v&nbsp;okol\u00ed stanice metra K\u0159i\u017e\u00edkova o&nbsp;dal\u0161\u00ed obchody a&nbsp;slu\u017eby. Sou\u010d\u00e1st\u00ed rezidence je tak\u00e9 dv\u016fr s&nbsp;prostorem pro posezen\u00ed v&nbsp;udr\u017eovan\u00e9 zeleni. Gener\u00e1ln\u00edm dodavatelem stavby byla spole\u010dnost Imos Brno. Celkov\u00e1 investice AFI Europe p\u0159es\u00e1hla 1 miliardu korun. Aktu\u00e1ln\u011b se developer chyst\u00e1 v\u0161ech 172 byt\u016f v&nbsp;dispozic\u00edch od 1+kk do 4+kk kompletn\u011b za\u0159\u00eddit pro nov\u00e9 n\u00e1jemce. Ke st\u011bhov\u00e1n\u00ed budou p\u0159ipraven\u00e9 na ja\u0159e p\u0159\u00ed\u0161t\u00edho roku.<\/p>\n\n\n\n<div style=\"height:25px\" aria-hidden=\"true\" class=\"wp-block-spacer\"><\/div>\n\n\n\n<figure class=\"wp-block-image size-large\"><img decoding=\"async\" src=\"https:\/\/homemagazine.cz\/wp-content\/uploads\/2022\/12\/AFIHOME-Karlin_02-840x630.jpg\" alt=\"\" class=\"wp-image-4224\"\/><\/figure>\n\n\n\n<div style=\"height:25px\" aria-hidden=\"true\" class=\"wp-block-spacer\"><\/div>\n\n\n\n<p><em>\u201eK\u0159i\u017e\u00edkova ulice se vloni za\u0159adila mezi nejv\u00edce trendy ulice sv\u011bta, kdy\u017e se v&nbsp;\u017eeb\u0159\u00ed\u010dku presti\u017en\u00edho magaz\u00ednu Time Out um\u00edstila na 11. p\u0159\u00ed\u010dce. Jej\u00ed atmosf\u00e9ra je skute\u010dn\u011b unik\u00e1tn\u00ed: secesn\u00ed architektura se zde m\u00eds\u00ed s&nbsp;modern\u00ed v\u00fdstavbou stejn\u011b neot\u0159ele, jako tu vznikaj\u00ed lok\u00e1ln\u00ed podniky l\u00e1kaj\u00edc\u00ed na nejr\u016fzn\u011bj\u0161\u00ed dobroty \u010di kulturn\u00ed program. Nav\u00edc le\u017e\u00ed p\u0159\u00edmo u&nbsp;\u00fapat\u00ed zelen\u00e9ho vrchu V\u00edtkov, kter\u00fd pro zm\u011bnu vyb\u00edz\u00ed k&nbsp;proch\u00e1zk\u00e1m v&nbsp;zeleni. Osobn\u011b v\u011b\u0159\u00edm, \u017ee AFIHOME Karl\u00edn do cel\u00e9 lokality nejen kr\u00e1sn\u011b zapad\u00e1, ale \u00fasp\u011b\u0161n\u011b p\u0159isp\u011bje k&nbsp;jej\u00ed neust\u00e1le rostouc\u00ed popularit\u011b,\u201d<\/em>&nbsp;komentuje&nbsp;<strong>Elena Pisotchi, obchodn\u00ed a&nbsp;marketingov\u00e1 mana\u017eerka AFI Europe<\/strong>.<\/p>\n\n\n\n<p>Karl\u00edn vynik\u00e1 hned v&nbsp;n\u011bkolika ohledech. Centrum m\u011bsta je odtud vzd\u00e1leno pouh\u00e9 dv\u011b zast\u00e1vky metrem anebo p\u011bt minut j\u00edzdy automobilem, tak\u017ee nab\u00edz\u00ed vynikaj\u00edc\u00ed dopravn\u00ed spojen\u00ed.&nbsp;Zaujme tak\u00e9 \u0161irok\u00fdm spektrem volno\u010dasov\u00fdch aktivit v&nbsp;bl\u00edzk\u00e9m okol\u00ed: nach\u00e1z\u00ed se zde kino Atlas, komplex Kas\u00e1rna Karl\u00edn s&nbsp;mo\u017enost\u00ed sportovn\u00edho a&nbsp;kulturn\u00edho vy\u017eit\u00ed \u010di soci\u00e1ln\u011b-kulturn\u00ed centrum P\u0159\u00edstav 18600. Nav\u00edc ned\u00e1vno zrekonstruovan\u00fd Negrelliho viadukt se ji\u017e brzy stane domovem \u0159ady obch\u016fdk\u016f a&nbsp;kulturn\u00edch prostor, kter\u00e9 vzniknou pod jeho oblouky.<\/p>\n\n\n\n<div style=\"height:50px\" aria-hidden=\"true\" class=\"wp-block-spacer\"><\/div>\n\n\n\n<figure class=\"wp-block-gallery columns-2 is-cropped wp-block-gallery-1 is-layout-flex wp-block-gallery-is-layout-flex\"><ul class=\"blocks-gallery-grid\"><li class=\"blocks-gallery-item\"><figure><img decoding=\"async\" src=\"https:\/\/homemagazine.cz\/wp-content\/uploads\/2022\/12\/AFIHOME-Karlin_01-840x630.jpg\" alt=\"\" data-id=\"4223\" data-full-url=\"https:\/\/homemagazine.cz\/wp-content\/uploads\/2022\/12\/AFIHOME-Karlin_01.jpg\" data-link=\"https:\/\/homemagazine.cz\/?attachment_id=4223\" class=\"wp-image-4223\"\/><\/figure><\/li><li class=\"blocks-gallery-item\"><figure><img decoding=\"async\" src=\"https:\/\/homemagazine.cz\/wp-content\/uploads\/2022\/12\/AFIHOME-Karlin_02-840x630.jpg\" alt=\"\" data-id=\"4224\" data-full-url=\"https:\/\/homemagazine.cz\/wp-content\/uploads\/2022\/12\/AFIHOME-Karlin_02.jpg\" data-link=\"https:\/\/homemagazine.cz\/?attachment_id=4224\" class=\"wp-image-4224\"\/><\/figure><\/li><\/ul><\/figure>\n\n\n\n<p>Z<strong>droj foto: <\/strong>AFI Europe<\/p>\n\n\n\n<div style=\"height:45px\" aria-hidden=\"true\" class=\"wp-block-spacer\"><\/div>\n","protected":false},"excerpt":{"rendered":"<p>Developersk\u00e1 spole\u010dnost AFI Europe pr\u00e1v\u011b zkolaudovala ji\u017e druh\u00fd projekt n\u00e1jemn\u00edho bydlen\u00ed v&nbsp;tuzemsku: AFIHOME Karl\u00edn. Objekt na rohu ulic Th\u00e1mova a&nbsp;Pernerova, za jeho\u017e architektonick\u00fdm n\u00e1vrhem stoj\u00ed ateli\u00e9r Bevk Perovi\u0107 arhitekti, je \u010dlen\u011bn do n\u011bkolika vz\u00e1jemn\u011b ustupuj\u00edc\u00edch celk\u016f. Vznikl citlivou rekonstrukc\u00ed dvou p\u016fvodn\u00edch budov z&nbsp;po\u010d\u00e1tku 20. stolet\u00ed, kter\u00e9 doplnila novostavba dosahuj\u00edc\u00ed do v\u00fd\u0161ky 10 nadzemn\u00edch podla\u017e\u00ed. Zat\u00edmco [&hellip;]<\/p>\n","protected":false},"author":3,"featured_media":3108,"comment_status":"closed","ping_status":"closed","sticky":false,"template":"","format":"standard","meta":{"_mi_skip_tracking":false,"_monsterinsights_sitenote_active":false,"_monsterinsights_sitenote_note":"","_monsterinsights_sitenote_category":0,"footnotes":""},"categories":[15,5,2],"tags":[],"yoast_head":"<!-- This site is optimized with the Yoast SEO plugin v21.4 - https:\/\/yoast.com\/wordpress\/plugins\/seo\/ -->\n<title>AFI Europe dokon\u010dila v\u00fdstavbu n\u00e1jemn\u00ed rezidence AFIHOME Karl\u00edn - LUXURYMAGAZINE.cz<\/title>\n<meta name=\"robots\" content=\"index, follow, max-snippet:-1, max-image-preview:large, max-video-preview:-1\" \/>\n<link rel=\"canonical\" href=\"https:\/\/luxurymagazine.cz\/index.php\/2022\/12\/07\/afi-europe-dokoncila-vystavbu-najemni-rezidence-afihome-karlin\/\" \/>\n<meta property=\"og:locale\" content=\"cs_CZ\" \/>\n<meta property=\"og:type\" content=\"article\" \/>\n<meta property=\"og:title\" content=\"AFI Europe dokon\u010dila v\u00fdstavbu n\u00e1jemn\u00ed rezidence AFIHOME Karl\u00edn - LUXURYMAGAZINE.cz\" \/>\n<meta property=\"og:description\" content=\"Developersk\u00e1 spole\u010dnost AFI Europe pr\u00e1v\u011b zkolaudovala ji\u017e druh\u00fd projekt n\u00e1jemn\u00edho bydlen\u00ed v&nbsp;tuzemsku: AFIHOME Karl\u00edn. Objekt na rohu ulic Th\u00e1mova a&nbsp;Pernerova, za jeho\u017e architektonick\u00fdm n\u00e1vrhem stoj\u00ed ateli\u00e9r Bevk Perovi\u0107 arhitekti, je \u010dlen\u011bn do n\u011bkolika vz\u00e1jemn\u011b ustupuj\u00edc\u00edch celk\u016f. Vznikl citlivou rekonstrukc\u00ed dvou p\u016fvodn\u00edch budov z&nbsp;po\u010d\u00e1tku 20. stolet\u00ed, kter\u00e9 doplnila novostavba dosahuj\u00edc\u00ed do v\u00fd\u0161ky 10 nadzemn\u00edch podla\u017e\u00ed. Zat\u00edmco [&hellip;]\" \/>\n<meta property=\"og:url\" content=\"https:\/\/luxurymagazine.cz\/index.php\/2022\/12\/07\/afi-europe-dokoncila-vystavbu-najemni-rezidence-afihome-karlin\/\" \/>\n<meta property=\"og:site_name\" content=\"LUXURYMAGAZINE.cz\" \/>\n<meta property=\"article:published_time\" content=\"2022-12-07T00:34:29+00:00\" \/>\n<meta property=\"article:modified_time\" content=\"2023-01-31T20:40:29+00:00\" \/>\n<meta property=\"og:image\" content=\"https:\/\/luxurymagazine.cz\/wp-content\/uploads\/2022\/12\/AFIHOME-Karl\u00edn_01.jpg\" \/>\n\t<meta property=\"og:image:width\" content=\"1450\" \/>\n\t<meta property=\"og:image:height\" content=\"1088\" \/>\n\t<meta property=\"og:image:type\" content=\"image\/jpeg\" \/>\n<meta name=\"author\" content=\"Miroslav Van\u011bk\" \/>\n<meta name=\"twitter:card\" content=\"summary_large_image\" \/>\n<meta name=\"twitter:label1\" content=\"Napsal(a)\" \/>\n\t<meta name=\"twitter:data1\" content=\"Miroslav Van\u011bk\" \/>\n\t<meta name=\"twitter:label2\" content=\"Odhadovan\u00e1 doba \u010dten\u00ed\" \/>\n\t<meta name=\"twitter:data2\" content=\"2 minuty\" \/>\n<script type=\"application\/ld+json\" class=\"yoast-schema-graph\">{\"@context\":\"https:\/\/schema.org\",\"@graph\":[{\"@type\":\"Article\",\"@id\":\"https:\/\/luxurymagazine.cz\/index.php\/2022\/12\/07\/afi-europe-dokoncila-vystavbu-najemni-rezidence-afihome-karlin\/#article\",\"isPartOf\":{\"@id\":\"https:\/\/luxurymagazine.cz\/index.php\/2022\/12\/07\/afi-europe-dokoncila-vystavbu-najemni-rezidence-afihome-karlin\/\"},\"author\":{\"name\":\"Miroslav Van\u011bk\",\"@id\":\"https:\/\/luxurymagazine.cz\/#\/schema\/person\/44a069a3b1eab523585f7325b6e54254\"},\"headline\":\"AFI Europe dokon\u010dila v\u00fdstavbu n\u00e1jemn\u00ed rezidence AFIHOME Karl\u00edn\",\"datePublished\":\"2022-12-07T00:34:29+00:00\",\"dateModified\":\"2023-01-31T20:40:29+00:00\",\"mainEntityOfPage\":{\"@id\":\"https:\/\/luxurymagazine.cz\/index.php\/2022\/12\/07\/afi-europe-dokoncila-vystavbu-najemni-rezidence-afihome-karlin\/\"},\"wordCount\":458,\"publisher\":{\"@id\":\"https:\/\/luxurymagazine.cz\/#organization\"},\"articleSection\":[\"BUSINESS\",\"BYDLEN\u00cd &amp; DESIGN\",\"NEWS\"],\"inLanguage\":\"cs\"},{\"@type\":\"WebPage\",\"@id\":\"https:\/\/luxurymagazine.cz\/index.php\/2022\/12\/07\/afi-europe-dokoncila-vystavbu-najemni-rezidence-afihome-karlin\/\",\"url\":\"https:\/\/luxurymagazine.cz\/index.php\/2022\/12\/07\/afi-europe-dokoncila-vystavbu-najemni-rezidence-afihome-karlin\/\",\"name\":\"AFI Europe dokon\u010dila v\u00fdstavbu n\u00e1jemn\u00ed rezidence AFIHOME Karl\u00edn - LUXURYMAGAZINE.cz\",\"isPartOf\":{\"@id\":\"https:\/\/luxurymagazine.cz\/#website\"},\"datePublished\":\"2022-12-07T00:34:29+00:00\",\"dateModified\":\"2023-01-31T20:40:29+00:00\",\"breadcrumb\":{\"@id\":\"https:\/\/luxurymagazine.cz\/index.php\/2022\/12\/07\/afi-europe-dokoncila-vystavbu-najemni-rezidence-afihome-karlin\/#breadcrumb\"},\"inLanguage\":\"cs\",\"potentialAction\":[{\"@type\":\"ReadAction\",\"target\":[\"https:\/\/luxurymagazine.cz\/index.php\/2022\/12\/07\/afi-europe-dokoncila-vystavbu-najemni-rezidence-afihome-karlin\/\"]}]},{\"@type\":\"BreadcrumbList\",\"@id\":\"https:\/\/luxurymagazine.cz\/index.php\/2022\/12\/07\/afi-europe-dokoncila-vystavbu-najemni-rezidence-afihome-karlin\/#breadcrumb\",\"itemListElement\":[{\"@type\":\"ListItem\",\"position\":1,\"name\":\"Dom\u016f\",\"item\":\"https:\/\/luxurymagazine.cz\/\"},{\"@type\":\"ListItem\",\"position\":2,\"name\":\"AFI Europe dokon\u010dila v\u00fdstavbu n\u00e1jemn\u00ed rezidence AFIHOME Karl\u00edn\"}]},{\"@type\":\"WebSite\",\"@id\":\"https:\/\/luxurymagazine.cz\/#website\",\"url\":\"https:\/\/luxurymagazine.cz\/\",\"name\":\"LUXURYMAGAZINE.cz\",\"description\":\"Port\u00e1l v\u00fdhradn\u011b o luxusu...\",\"publisher\":{\"@id\":\"https:\/\/luxurymagazine.cz\/#organization\"},\"potentialAction\":[{\"@type\":\"SearchAction\",\"target\":{\"@type\":\"EntryPoint\",\"urlTemplate\":\"https:\/\/luxurymagazine.cz\/?s={search_term_string}\"},\"query-input\":\"required name=search_term_string\"}],\"inLanguage\":\"cs\"},{\"@type\":\"Organization\",\"@id\":\"https:\/\/luxurymagazine.cz\/#organization\",\"name\":\"LUXURYMAGAZINE.cz\",\"url\":\"https:\/\/luxurymagazine.cz\/\",\"logo\":{\"@type\":\"ImageObject\",\"inLanguage\":\"cs\",\"@id\":\"https:\/\/luxurymagazine.cz\/#\/schema\/logo\/image\/\",\"url\":\"https:\/\/luxurymagazine.cz\/wp-content\/uploads\/2024\/12\/cropped-Logo_LuxuryMagazine-1.jpg\",\"contentUrl\":\"https:\/\/luxurymagazine.cz\/wp-content\/uploads\/2024\/12\/cropped-Logo_LuxuryMagazine-1.jpg\",\"width\":934,\"height\":509,\"caption\":\"LUXURYMAGAZINE.cz\"},\"image\":{\"@id\":\"https:\/\/luxurymagazine.cz\/#\/schema\/logo\/image\/\"}},{\"@type\":\"Person\",\"@id\":\"https:\/\/luxurymagazine.cz\/#\/schema\/person\/44a069a3b1eab523585f7325b6e54254\",\"name\":\"Miroslav Van\u011bk\",\"image\":{\"@type\":\"ImageObject\",\"inLanguage\":\"cs\",\"@id\":\"https:\/\/luxurymagazine.cz\/#\/schema\/person\/image\/\",\"url\":\"https:\/\/secure.gravatar.com\/avatar\/cc93dbecbfc820d69a964ea4a1c72377?s=96&d=mm&r=g\",\"contentUrl\":\"https:\/\/secure.gravatar.com\/avatar\/cc93dbecbfc820d69a964ea4a1c72377?s=96&d=mm&r=g\",\"caption\":\"Miroslav Van\u011bk\"},\"sameAs\":[\"http:\/\/LUXURYMAGAZINE.cz\"],\"url\":\"https:\/\/luxurymagazine.cz\/index.php\/author\/mirvan\/\"}]}<\/script>\n<!-- \/ Yoast SEO plugin. -->","yoast_head_json":{"title":"AFI Europe dokon\u010dila v\u00fdstavbu n\u00e1jemn\u00ed rezidence AFIHOME Karl\u00edn - LUXURYMAGAZINE.cz","robots":{"index":"index","follow":"follow","max-snippet":"max-snippet:-1","max-image-preview":"max-image-preview:large","max-video-preview":"max-video-preview:-1"},"canonical":"https:\/\/luxurymagazine.cz\/index.php\/2022\/12\/07\/afi-europe-dokoncila-vystavbu-najemni-rezidence-afihome-karlin\/","og_locale":"cs_CZ","og_type":"article","og_title":"AFI Europe dokon\u010dila v\u00fdstavbu n\u00e1jemn\u00ed rezidence AFIHOME Karl\u00edn - LUXURYMAGAZINE.cz","og_description":"Developersk\u00e1 spole\u010dnost AFI Europe pr\u00e1v\u011b zkolaudovala ji\u017e druh\u00fd projekt n\u00e1jemn\u00edho bydlen\u00ed v&nbsp;tuzemsku: AFIHOME Karl\u00edn. Objekt na rohu ulic Th\u00e1mova a&nbsp;Pernerova, za jeho\u017e architektonick\u00fdm n\u00e1vrhem stoj\u00ed ateli\u00e9r Bevk Perovi\u0107 arhitekti, je \u010dlen\u011bn do n\u011bkolika vz\u00e1jemn\u011b ustupuj\u00edc\u00edch celk\u016f. Vznikl citlivou rekonstrukc\u00ed dvou p\u016fvodn\u00edch budov z&nbsp;po\u010d\u00e1tku 20. stolet\u00ed, kter\u00e9 doplnila novostavba dosahuj\u00edc\u00ed do v\u00fd\u0161ky 10 nadzemn\u00edch podla\u017e\u00ed. Zat\u00edmco [&hellip;]","og_url":"https:\/\/luxurymagazine.cz\/index.php\/2022\/12\/07\/afi-europe-dokoncila-vystavbu-najemni-rezidence-afihome-karlin\/","og_site_name":"LUXURYMAGAZINE.cz","article_published_time":"2022-12-07T00:34:29+00:00","article_modified_time":"2023-01-31T20:40:29+00:00","og_image":[{"width":1450,"height":1088,"url":"https:\/\/luxurymagazine.cz\/wp-content\/uploads\/2022\/12\/AFIHOME-Karl\u00edn_01.jpg","type":"image\/jpeg"}],"author":"Miroslav Van\u011bk","twitter_card":"summary_large_image","twitter_misc":{"Napsal(a)":"Miroslav Van\u011bk","Odhadovan\u00e1 doba \u010dten\u00ed":"2 minuty"},"schema":{"@context":"https:\/\/schema.org","@graph":[{"@type":"Article","@id":"https:\/\/luxurymagazine.cz\/index.php\/2022\/12\/07\/afi-europe-dokoncila-vystavbu-najemni-rezidence-afihome-karlin\/#article","isPartOf":{"@id":"https:\/\/luxurymagazine.cz\/index.php\/2022\/12\/07\/afi-europe-dokoncila-vystavbu-najemni-rezidence-afihome-karlin\/"},"author":{"name":"Miroslav Van\u011bk","@id":"https:\/\/luxurymagazine.cz\/#\/schema\/person\/44a069a3b1eab523585f7325b6e54254"},"headline":"AFI Europe dokon\u010dila v\u00fdstavbu n\u00e1jemn\u00ed rezidence AFIHOME Karl\u00edn","datePublished":"2022-12-07T00:34:29+00:00","dateModified":"2023-01-31T20:40:29+00:00","mainEntityOfPage":{"@id":"https:\/\/luxurymagazine.cz\/index.php\/2022\/12\/07\/afi-europe-dokoncila-vystavbu-najemni-rezidence-afihome-karlin\/"},"wordCount":458,"publisher":{"@id":"https:\/\/luxurymagazine.cz\/#organization"},"articleSection":["BUSINESS","BYDLEN\u00cd &amp; DESIGN","NEWS"],"inLanguage":"cs"},{"@type":"WebPage","@id":"https:\/\/luxurymagazine.cz\/index.php\/2022\/12\/07\/afi-europe-dokoncila-vystavbu-najemni-rezidence-afihome-karlin\/","url":"https:\/\/luxurymagazine.cz\/index.php\/2022\/12\/07\/afi-europe-dokoncila-vystavbu-najemni-rezidence-afihome-karlin\/","name":"AFI Europe dokon\u010dila v\u00fdstavbu n\u00e1jemn\u00ed rezidence AFIHOME Karl\u00edn - LUXURYMAGAZINE.cz","isPartOf":{"@id":"https:\/\/luxurymagazine.cz\/#website"},"datePublished":"2022-12-07T00:34:29+00:00","dateModified":"2023-01-31T20:40:29+00:00","breadcrumb":{"@id":"https:\/\/luxurymagazine.cz\/index.php\/2022\/12\/07\/afi-europe-dokoncila-vystavbu-najemni-rezidence-afihome-karlin\/#breadcrumb"},"inLanguage":"cs","potentialAction":[{"@type":"ReadAction","target":["https:\/\/luxurymagazine.cz\/index.php\/2022\/12\/07\/afi-europe-dokoncila-vystavbu-najemni-rezidence-afihome-karlin\/"]}]},{"@type":"BreadcrumbList","@id":"https:\/\/luxurymagazine.cz\/index.php\/2022\/12\/07\/afi-europe-dokoncila-vystavbu-najemni-rezidence-afihome-karlin\/#breadcrumb","itemListElement":[{"@type":"ListItem","position":1,"name":"Dom\u016f","item":"https:\/\/luxurymagazine.cz\/"},{"@type":"ListItem","position":2,"name":"AFI Europe dokon\u010dila v\u00fdstavbu n\u00e1jemn\u00ed rezidence AFIHOME Karl\u00edn"}]},{"@type":"WebSite","@id":"https:\/\/luxurymagazine.cz\/#website","url":"https:\/\/luxurymagazine.cz\/","name":"LUXURYMAGAZINE.cz","description":"Port\u00e1l v\u00fdhradn\u011b o luxusu...","publisher":{"@id":"https:\/\/luxurymagazine.cz\/#organization"},"potentialAction":[{"@type":"SearchAction","target":{"@type":"EntryPoint","urlTemplate":"https:\/\/luxurymagazine.cz\/?s={search_term_string}"},"query-input":"required name=search_term_string"}],"inLanguage":"cs"},{"@type":"Organization","@id":"https:\/\/luxurymagazine.cz\/#organization","name":"LUXURYMAGAZINE.cz","url":"https:\/\/luxurymagazine.cz\/","logo":{"@type":"ImageObject","inLanguage":"cs","@id":"https:\/\/luxurymagazine.cz\/#\/schema\/logo\/image\/","url":"https:\/\/luxurymagazine.cz\/wp-content\/uploads\/2024\/12\/cropped-Logo_LuxuryMagazine-1.jpg","contentUrl":"https:\/\/luxurymagazine.cz\/wp-content\/uploads\/2024\/12\/cropped-Logo_LuxuryMagazine-1.jpg","width":934,"height":509,"caption":"LUXURYMAGAZINE.cz"},"image":{"@id":"https:\/\/luxurymagazine.cz\/#\/schema\/logo\/image\/"}},{"@type":"Person","@id":"https:\/\/luxurymagazine.cz\/#\/schema\/person\/44a069a3b1eab523585f7325b6e54254","name":"Miroslav Van\u011bk","image":{"@type":"ImageObject","inLanguage":"cs","@id":"https:\/\/luxurymagazine.cz\/#\/schema\/person\/image\/","url":"https:\/\/secure.gravatar.com\/avatar\/cc93dbecbfc820d69a964ea4a1c72377?s=96&d=mm&r=g","contentUrl":"https:\/\/secure.gravatar.com\/avatar\/cc93dbecbfc820d69a964ea4a1c72377?s=96&d=mm&r=g","caption":"Miroslav Van\u011bk"},"sameAs":["http:\/\/LUXURYMAGAZINE.cz"],"url":"https:\/\/luxurymagazine.cz\/index.php\/author\/mirvan\/"}]}},"_links":{"self":[{"href":"https:\/\/luxurymagazine.cz\/index.php\/wp-json\/wp\/v2\/posts\/3107"}],"collection":[{"href":"https:\/\/luxurymagazine.cz\/index.php\/wp-json\/wp\/v2\/posts"}],"about":[{"href":"https:\/\/luxurymagazine.cz\/index.php\/wp-json\/wp\/v2\/types\/post"}],"author":[{"embeddable":true,"href":"https:\/\/luxurymagazine.cz\/index.php\/wp-json\/wp\/v2\/users\/3"}],"replies":[{"embeddable":true,"href":"https:\/\/luxurymagazine.cz\/index.php\/wp-json\/wp\/v2\/comments?post=3107"}],"version-history":[{"count":-4,"href":"https:\/\/luxurymagazine.cz\/index.php\/wp-json\/wp\/v2\/posts\/3107\/revisions"}],"wp:featuredmedia":[{"embeddable":true,"href":"https:\/\/luxurymagazine.cz\/index.php\/wp-json\/wp\/v2\/media\/3108"}],"wp:attachment":[{"href":"https:\/\/luxurymagazine.cz\/index.php\/wp-json\/wp\/v2\/media?parent=3107"}],"wp:term":[{"taxonomy":"category","embeddable":true,"href":"https:\/\/luxurymagazine.cz\/index.php\/wp-json\/wp\/v2\/categories?post=3107"},{"taxonomy":"post_tag","embeddable":true,"href":"https:\/\/luxurymagazine.cz\/index.php\/wp-json\/wp\/v2\/tags?post=3107"}],"curies":[{"name":"wp","href":"https:\/\/api.w.org\/{rel}","templated":true}]}}