{"id":3190,"date":"2023-01-10T00:01:00","date_gmt":"2023-01-09T23:01:00","guid":{"rendered":"https:\/\/luxurymagazine.cz\/?p=3190"},"modified":"2023-02-12T16:18:05","modified_gmt":"2023-02-12T15:18:05","slug":"afi-europe-hlasi-kompletne-pronajate-byty-v-afihome-trebesin","status":"publish","type":"post","link":"https:\/\/luxurymagazine.cz\/index.php\/2023\/01\/10\/afi-europe-hlasi-kompletne-pronajate-byty-v-afihome-trebesin\/","title":{"rendered":"AFI Europe hl\u00e1s\u00ed kompletn\u011b pronajat\u00e9 byty v AFIHOME T\u0159ebe\u0161\u00edn"},"content":{"rendered":"\n<div style=\"height:50px\" aria-hidden=\"true\" class=\"wp-block-spacer\"><\/div>\n\n\n\n<p><strong>Developersk\u00e1 spole\u010dnost AFI Europe dos\u00e1hla 100% obsazenosti ve sv\u00e9m prvn\u00edm dokon\u010den\u00e9m projektu n\u00e1jemn\u00edho bydlen\u00ed AFIHOME T\u0159ebe\u0161\u00edn v&nbsp;Praze 3 &#8211; Stra\u0161nic\u00edch. V\u0161ech 61 byt\u016f v&nbsp;sedmipodla\u017en\u00ed budov\u011b, kter\u00e1 je sou\u010d\u00e1st\u00ed nov\u00e9 m\u011bstsk\u00e9 \u010dtvrti Tulipa T\u0159ebe\u0161\u00edn, tak na\u0161lo sv\u00e9 n\u00e1jemce. Ti se ji\u017e tak\u00e9 v\u0161ichni nast\u011bhovali a&nbsp;zabydleli. Byty ve velikosti 1+kk a\u017e 3+kk bylo mo\u017en\u00e9 pronajmout pln\u011b za\u0159\u00edzen\u00e9. Pod n\u00e1vrhy a&nbsp;realizac\u00ed interi\u00e9r\u016f je podepsan\u00e1 spole\u010dnost XXXLutz.<\/strong><\/p>\n\n\n\n<div style=\"height:24px\" aria-hidden=\"true\" class=\"wp-block-spacer\"><\/div>\n\n\n\n<figure class=\"wp-block-image size-large\"><img decoding=\"async\" src=\"https:\/\/homemagazine.cz\/wp-content\/uploads\/2023\/01\/AFIHOME-Trebesin_vzorovy-byt_01-840x560.jpg\" alt=\"\" class=\"wp-image-4335\"\/><\/figure>\n\n\n\n<div style=\"height:24px\" aria-hidden=\"true\" class=\"wp-block-spacer\"><\/div>\n\n\n\n<p><em>\u201eRychlost, s&nbsp;jakou jsme v\u0161echny byty pronajali, jasn\u011b ukazuje, kter\u00fdm sm\u011brem se aktu\u00e1ln\u011b trh vyv\u00edj\u00ed a&nbsp;utvrzuje n\u00e1s v&nbsp;p\u0159esv\u011bd\u010den\u00ed, \u017ee dal\u0161\u00ed rozvoj n\u00e1jemn\u00edch projekt\u016f m\u00e1 na tuzemsk\u00e9m trhu velk\u00fd potenci\u00e1l,\u201c&nbsp;<\/em>komentuje&nbsp;<strong>Elena Pisotchi, obchodn\u00ed a&nbsp;marketingov\u00e1 mana\u017eerka AFI Europe,&nbsp;<\/strong>a dod\u00e1v\u00e1:&nbsp;<em>\u201eV ned\u00e1vn\u011b dob\u011b jsme tak\u00e9 zkolaudovali dv\u011b podobn\u00e9 rezidence:&nbsp;AFIHOME Karl\u00edn se 172 n\u00e1jemn\u00edmi byty a&nbsp;1. f\u00e1zi AFIHOME Kolbenova, kter\u00e1 je je\u0161t\u011b rozs\u00e1hlej\u0161\u00ed a&nbsp;nab\u00eddne celkem 313 bytov\u00fdch jednotek k&nbsp;pron\u00e1jmu. St\u011bhov\u00e1n\u00ed prvn\u00edch n\u00e1jemc\u016f u&nbsp;obou t\u011bchto projekt\u016f o\u010dek\u00e1v\u00e1me ji\u017e na ja\u0159e tohoto roku.\u201c<\/em><\/p>\n\n\n\n<div style=\"height:24px\" aria-hidden=\"true\" class=\"wp-block-spacer\"><\/div>\n\n\n\n<figure class=\"wp-block-image size-large\"><img decoding=\"async\" src=\"https:\/\/homemagazine.cz\/wp-content\/uploads\/2023\/01\/AFIHOME-Trebesin_vzorovy-byt_02-840x560.jpg\" alt=\"\" class=\"wp-image-4336\"\/><\/figure>\n\n\n\n<div style=\"height:24px\" aria-hidden=\"true\" class=\"wp-block-spacer\"><\/div>\n\n\n\n<p>O spr\u00e1vu a&nbsp;hladk\u00fd chod budovy se bude starat sama AFI Europe, kter\u00e1 si v&nbsp;r\u00e1mci sv\u00e9 strategie n\u00e1jemn\u00edho bydlen\u00ed tvo\u0159\u00ed portfolio n\u00e1jemn\u00edch byt\u016f. T\u011bch je aktu\u00e1ln\u011b dokon\u010den\u00fdch \u010di ve v\u00fdstavb\u011b v\u00edce ne\u017e 850.<\/p>\n\n\n\n<div style=\"height:24px\" aria-hidden=\"true\" class=\"wp-block-spacer\"><\/div>\n\n\n\n<figure class=\"wp-block-gallery columns-2 is-cropped wp-block-gallery-1 is-layout-flex wp-block-gallery-is-layout-flex\"><ul class=\"blocks-gallery-grid\"><li class=\"blocks-gallery-item\"><figure><img decoding=\"async\" src=\"https:\/\/homemagazine.cz\/wp-content\/uploads\/2023\/01\/AFIHOME-Trebesin_vzorovy-byt_03-840x560.jpg\" alt=\"\" data-id=\"4337\" data-full-url=\"https:\/\/homemagazine.cz\/wp-content\/uploads\/2023\/01\/AFIHOME-Trebesin_vzorovy-byt_03.jpg\" data-link=\"https:\/\/homemagazine.cz\/?attachment_id=4337\" class=\"wp-image-4337\"\/><\/figure><\/li><li class=\"blocks-gallery-item\"><figure><img decoding=\"async\" src=\"https:\/\/homemagazine.cz\/wp-content\/uploads\/2023\/01\/AFIHOME-Trebesin_vzorovy-byt_04-840x560.jpg\" alt=\"\" data-id=\"4338\" data-full-url=\"https:\/\/homemagazine.cz\/wp-content\/uploads\/2023\/01\/AFIHOME-Trebesin_vzorovy-byt_04.jpg\" data-link=\"https:\/\/homemagazine.cz\/?attachment_id=4338\" class=\"wp-image-4338\"\/><\/figure><\/li><\/ul><\/figure>\n\n\n\n<div style=\"height:25px\" aria-hidden=\"true\" class=\"wp-block-spacer\"><\/div>\n\n\n\n<p>N\u00e1jemn\u00ed byty v&nbsp;AFIHOME T\u0159ebe\u0161\u00edn maj\u00ed toto\u017en\u00e9 standardy jako byty na prodej v&nbsp;p\u0159edchoz\u00edch f\u00e1z\u00edch Tulipy T\u0159ebe\u0161\u00edn, kde AFI Europe dokon\u010dila a&nbsp;kompletn\u011b prodala na 750 bytov\u00fdch jednotek. Nach\u00e1z\u00ed se p\u0159\u00edmo u&nbsp;autobusov\u00e9 zast\u00e1vky T\u0159ebe\u0161\u00edn jen n\u011bkolik minut j\u00edzdy od stanice metra \u017delivsk\u00e9ho. Sou\u010d\u00e1st\u00ed are\u00e1lu je tak\u00e9 park a&nbsp;mate\u0159sk\u00e1 \u0161kolka s&nbsp;kapacitou pro 60 d\u011bt\u00ed. V&nbsp;n\u00e1jemn\u00edm objektu nechyb\u00ed ani n\u011bkolik maloobchodn\u00edch jednotek v&nbsp;p\u0159\u00edzem\u00ed, kter\u00e9 dopl\u0148uj\u00ed ob\u010danskou vybavenost v&nbsp;okol\u00ed o&nbsp;obchody a&nbsp;slu\u017eby.<\/p>\n\n\n\n<div style=\"height:60px\" aria-hidden=\"true\" class=\"wp-block-spacer\"><\/div>\n\n\n\n<figure class=\"wp-block-gallery columns-2 is-cropped wp-block-gallery-3 is-layout-flex wp-block-gallery-is-layout-flex\"><ul class=\"blocks-gallery-grid\"><li class=\"blocks-gallery-item\"><figure><img decoding=\"async\" src=\"https:\/\/homemagazine.cz\/wp-content\/uploads\/2023\/01\/AFIHOME-Trebesin_vzorovy-byt_01-840x560.jpg\" alt=\"\" data-id=\"4335\" data-link=\"https:\/\/homemagazine.cz\/?attachment_id=4335\" class=\"wp-image-4335\"\/><\/figure><\/li><li class=\"blocks-gallery-item\"><figure><img decoding=\"async\" src=\"https:\/\/homemagazine.cz\/wp-content\/uploads\/2023\/01\/AFIHOME-Trebesin_vzorovy-byt_02-840x560.jpg\" alt=\"\" data-id=\"4336\" data-link=\"https:\/\/homemagazine.cz\/?attachment_id=4336\" class=\"wp-image-4336\"\/><\/figure><\/li><li class=\"blocks-gallery-item\"><figure><img decoding=\"async\" src=\"https:\/\/homemagazine.cz\/wp-content\/uploads\/2023\/01\/AFIHOME-Trebesin_vzorovy-byt_03-840x560.jpg\" alt=\"\" data-id=\"4337\" data-link=\"https:\/\/homemagazine.cz\/?attachment_id=4337\" class=\"wp-image-4337\"\/><\/figure><\/li><li class=\"blocks-gallery-item\"><figure><img decoding=\"async\" src=\"https:\/\/homemagazine.cz\/wp-content\/uploads\/2023\/01\/AFIHOME-Trebesin_vzorovy-byt_04-840x560.jpg\" alt=\"\" data-id=\"4338\" data-link=\"https:\/\/homemagazine.cz\/?attachment_id=4338\" class=\"wp-image-4338\"\/><\/figure><\/li><li class=\"blocks-gallery-item\"><figure><img decoding=\"async\" src=\"https:\/\/homemagazine.cz\/wp-content\/uploads\/2023\/01\/AFIHOME-Trrebessin-840x630.jpg\" alt=\"\" data-id=\"4339\" data-full-url=\"https:\/\/homemagazine.cz\/wp-content\/uploads\/2023\/01\/AFIHOME-Trrebessin.jpg\" data-link=\"https:\/\/homemagazine.cz\/?attachment_id=4339\" class=\"wp-image-4339\"\/><\/figure><\/li><\/ul><\/figure>\n\n\n\n<p><strong>Zdroj foto: <\/strong>AFI Europe<\/p>\n\n\n\n<div style=\"height:45px\" aria-hidden=\"true\" class=\"wp-block-spacer\"><\/div>\n\n\n\n<p><\/p>\n","protected":false},"excerpt":{"rendered":"<p>Developersk\u00e1 spole\u010dnost AFI Europe dos\u00e1hla 100% obsazenosti ve sv\u00e9m prvn\u00edm dokon\u010den\u00e9m projektu n\u00e1jemn\u00edho bydlen\u00ed AFIHOME T\u0159ebe\u0161\u00edn v&nbsp;Praze 3 &#8211; Stra\u0161nic\u00edch. V\u0161ech 61 byt\u016f v&nbsp;sedmipodla\u017en\u00ed budov\u011b, kter\u00e1 je sou\u010d\u00e1st\u00ed nov\u00e9 m\u011bstsk\u00e9 \u010dtvrti Tulipa T\u0159ebe\u0161\u00edn, tak na\u0161lo sv\u00e9 n\u00e1jemce. Ti se ji\u017e tak\u00e9 v\u0161ichni nast\u011bhovali a&nbsp;zabydleli. Byty ve velikosti 1+kk a\u017e 3+kk bylo mo\u017en\u00e9 pronajmout pln\u011b za\u0159\u00edzen\u00e9. [&hellip;]<\/p>\n","protected":false},"author":3,"featured_media":3191,"comment_status":"closed","ping_status":"closed","sticky":false,"template":"","format":"standard","meta":{"_mi_skip_tracking":false,"_monsterinsights_sitenote_active":false,"_monsterinsights_sitenote_note":"","_monsterinsights_sitenote_category":0,"footnotes":""},"categories":[15,5,2],"tags":[],"yoast_head":"<!-- This site is optimized with the Yoast SEO plugin v21.4 - https:\/\/yoast.com\/wordpress\/plugins\/seo\/ -->\n<title>AFI Europe hl\u00e1s\u00ed kompletn\u011b pronajat\u00e9 byty v AFIHOME T\u0159ebe\u0161\u00edn - LUXURYMAGAZINE.cz<\/title>\n<meta name=\"robots\" content=\"index, follow, max-snippet:-1, max-image-preview:large, max-video-preview:-1\" \/>\n<link rel=\"canonical\" href=\"https:\/\/luxurymagazine.cz\/index.php\/2023\/01\/10\/afi-europe-hlasi-kompletne-pronajate-byty-v-afihome-trebesin\/\" \/>\n<meta property=\"og:locale\" content=\"cs_CZ\" \/>\n<meta property=\"og:type\" content=\"article\" \/>\n<meta property=\"og:title\" content=\"AFI Europe hl\u00e1s\u00ed kompletn\u011b pronajat\u00e9 byty v AFIHOME T\u0159ebe\u0161\u00edn - LUXURYMAGAZINE.cz\" \/>\n<meta property=\"og:description\" content=\"Developersk\u00e1 spole\u010dnost AFI Europe dos\u00e1hla 100% obsazenosti ve sv\u00e9m prvn\u00edm dokon\u010den\u00e9m projektu n\u00e1jemn\u00edho bydlen\u00ed AFIHOME T\u0159ebe\u0161\u00edn v&nbsp;Praze 3 &#8211; Stra\u0161nic\u00edch. V\u0161ech 61 byt\u016f v&nbsp;sedmipodla\u017en\u00ed budov\u011b, kter\u00e1 je sou\u010d\u00e1st\u00ed nov\u00e9 m\u011bstsk\u00e9 \u010dtvrti Tulipa T\u0159ebe\u0161\u00edn, tak na\u0161lo sv\u00e9 n\u00e1jemce. Ti se ji\u017e tak\u00e9 v\u0161ichni nast\u011bhovali a&nbsp;zabydleli. Byty ve velikosti 1+kk a\u017e 3+kk bylo mo\u017en\u00e9 pronajmout pln\u011b za\u0159\u00edzen\u00e9. [&hellip;]\" \/>\n<meta property=\"og:url\" content=\"https:\/\/luxurymagazine.cz\/index.php\/2023\/01\/10\/afi-europe-hlasi-kompletne-pronajate-byty-v-afihome-trebesin\/\" \/>\n<meta property=\"og:site_name\" content=\"LUXURYMAGAZINE.cz\" \/>\n<meta property=\"article:published_time\" content=\"2023-01-09T23:01:00+00:00\" \/>\n<meta property=\"article:modified_time\" content=\"2023-02-12T15:18:05+00:00\" \/>\n<meta property=\"og:image\" content=\"https:\/\/luxurymagazine.cz\/wp-content\/uploads\/2023\/01\/AFIHOME-Trrebessin.jpg\" \/>\n\t<meta property=\"og:image:width\" content=\"1450\" \/>\n\t<meta property=\"og:image:height\" content=\"1088\" \/>\n\t<meta property=\"og:image:type\" content=\"image\/jpeg\" \/>\n<meta name=\"author\" content=\"Miroslav Van\u011bk\" \/>\n<meta name=\"twitter:card\" content=\"summary_large_image\" \/>\n<meta name=\"twitter:label1\" content=\"Napsal(a)\" \/>\n\t<meta name=\"twitter:data1\" content=\"Miroslav Van\u011bk\" \/>\n\t<meta name=\"twitter:label2\" content=\"Odhadovan\u00e1 doba \u010dten\u00ed\" \/>\n\t<meta name=\"twitter:data2\" content=\"2 minuty\" \/>\n<script type=\"application\/ld+json\" class=\"yoast-schema-graph\">{\"@context\":\"https:\/\/schema.org\",\"@graph\":[{\"@type\":\"Article\",\"@id\":\"https:\/\/luxurymagazine.cz\/index.php\/2023\/01\/10\/afi-europe-hlasi-kompletne-pronajate-byty-v-afihome-trebesin\/#article\",\"isPartOf\":{\"@id\":\"https:\/\/luxurymagazine.cz\/index.php\/2023\/01\/10\/afi-europe-hlasi-kompletne-pronajate-byty-v-afihome-trebesin\/\"},\"author\":{\"name\":\"Miroslav Van\u011bk\",\"@id\":\"https:\/\/luxurymagazine.cz\/#\/schema\/person\/44a069a3b1eab523585f7325b6e54254\"},\"headline\":\"AFI Europe hl\u00e1s\u00ed kompletn\u011b pronajat\u00e9 byty v AFIHOME T\u0159ebe\u0161\u00edn\",\"datePublished\":\"2023-01-09T23:01:00+00:00\",\"dateModified\":\"2023-02-12T15:18:05+00:00\",\"mainEntityOfPage\":{\"@id\":\"https:\/\/luxurymagazine.cz\/index.php\/2023\/01\/10\/afi-europe-hlasi-kompletne-pronajate-byty-v-afihome-trebesin\/\"},\"wordCount\":406,\"publisher\":{\"@id\":\"https:\/\/luxurymagazine.cz\/#organization\"},\"articleSection\":[\"BUSINESS\",\"BYDLEN\u00cd &amp; DESIGN\",\"NEWS\"],\"inLanguage\":\"cs\"},{\"@type\":\"WebPage\",\"@id\":\"https:\/\/luxurymagazine.cz\/index.php\/2023\/01\/10\/afi-europe-hlasi-kompletne-pronajate-byty-v-afihome-trebesin\/\",\"url\":\"https:\/\/luxurymagazine.cz\/index.php\/2023\/01\/10\/afi-europe-hlasi-kompletne-pronajate-byty-v-afihome-trebesin\/\",\"name\":\"AFI Europe hl\u00e1s\u00ed kompletn\u011b pronajat\u00e9 byty v AFIHOME T\u0159ebe\u0161\u00edn - LUXURYMAGAZINE.cz\",\"isPartOf\":{\"@id\":\"https:\/\/luxurymagazine.cz\/#website\"},\"datePublished\":\"2023-01-09T23:01:00+00:00\",\"dateModified\":\"2023-02-12T15:18:05+00:00\",\"breadcrumb\":{\"@id\":\"https:\/\/luxurymagazine.cz\/index.php\/2023\/01\/10\/afi-europe-hlasi-kompletne-pronajate-byty-v-afihome-trebesin\/#breadcrumb\"},\"inLanguage\":\"cs\",\"potentialAction\":[{\"@type\":\"ReadAction\",\"target\":[\"https:\/\/luxurymagazine.cz\/index.php\/2023\/01\/10\/afi-europe-hlasi-kompletne-pronajate-byty-v-afihome-trebesin\/\"]}]},{\"@type\":\"BreadcrumbList\",\"@id\":\"https:\/\/luxurymagazine.cz\/index.php\/2023\/01\/10\/afi-europe-hlasi-kompletne-pronajate-byty-v-afihome-trebesin\/#breadcrumb\",\"itemListElement\":[{\"@type\":\"ListItem\",\"position\":1,\"name\":\"Dom\u016f\",\"item\":\"https:\/\/luxurymagazine.cz\/\"},{\"@type\":\"ListItem\",\"position\":2,\"name\":\"AFI Europe hl\u00e1s\u00ed kompletn\u011b pronajat\u00e9 byty v AFIHOME T\u0159ebe\u0161\u00edn\"}]},{\"@type\":\"WebSite\",\"@id\":\"https:\/\/luxurymagazine.cz\/#website\",\"url\":\"https:\/\/luxurymagazine.cz\/\",\"name\":\"LUXURYMAGAZINE.cz\",\"description\":\"Port\u00e1l v\u00fdhradn\u011b o luxusu...\",\"publisher\":{\"@id\":\"https:\/\/luxurymagazine.cz\/#organization\"},\"potentialAction\":[{\"@type\":\"SearchAction\",\"target\":{\"@type\":\"EntryPoint\",\"urlTemplate\":\"https:\/\/luxurymagazine.cz\/?s={search_term_string}\"},\"query-input\":\"required name=search_term_string\"}],\"inLanguage\":\"cs\"},{\"@type\":\"Organization\",\"@id\":\"https:\/\/luxurymagazine.cz\/#organization\",\"name\":\"LUXURYMAGAZINE.cz\",\"url\":\"https:\/\/luxurymagazine.cz\/\",\"logo\":{\"@type\":\"ImageObject\",\"inLanguage\":\"cs\",\"@id\":\"https:\/\/luxurymagazine.cz\/#\/schema\/logo\/image\/\",\"url\":\"https:\/\/luxurymagazine.cz\/wp-content\/uploads\/2024\/12\/cropped-Logo_LuxuryMagazine-1.jpg\",\"contentUrl\":\"https:\/\/luxurymagazine.cz\/wp-content\/uploads\/2024\/12\/cropped-Logo_LuxuryMagazine-1.jpg\",\"width\":934,\"height\":509,\"caption\":\"LUXURYMAGAZINE.cz\"},\"image\":{\"@id\":\"https:\/\/luxurymagazine.cz\/#\/schema\/logo\/image\/\"}},{\"@type\":\"Person\",\"@id\":\"https:\/\/luxurymagazine.cz\/#\/schema\/person\/44a069a3b1eab523585f7325b6e54254\",\"name\":\"Miroslav Van\u011bk\",\"image\":{\"@type\":\"ImageObject\",\"inLanguage\":\"cs\",\"@id\":\"https:\/\/luxurymagazine.cz\/#\/schema\/person\/image\/\",\"url\":\"https:\/\/secure.gravatar.com\/avatar\/cc93dbecbfc820d69a964ea4a1c72377?s=96&d=mm&r=g\",\"contentUrl\":\"https:\/\/secure.gravatar.com\/avatar\/cc93dbecbfc820d69a964ea4a1c72377?s=96&d=mm&r=g\",\"caption\":\"Miroslav Van\u011bk\"},\"sameAs\":[\"http:\/\/LUXURYMAGAZINE.cz\"],\"url\":\"https:\/\/luxurymagazine.cz\/index.php\/author\/mirvan\/\"}]}<\/script>\n<!-- \/ Yoast SEO plugin. -->","yoast_head_json":{"title":"AFI Europe hl\u00e1s\u00ed kompletn\u011b pronajat\u00e9 byty v AFIHOME T\u0159ebe\u0161\u00edn - LUXURYMAGAZINE.cz","robots":{"index":"index","follow":"follow","max-snippet":"max-snippet:-1","max-image-preview":"max-image-preview:large","max-video-preview":"max-video-preview:-1"},"canonical":"https:\/\/luxurymagazine.cz\/index.php\/2023\/01\/10\/afi-europe-hlasi-kompletne-pronajate-byty-v-afihome-trebesin\/","og_locale":"cs_CZ","og_type":"article","og_title":"AFI Europe hl\u00e1s\u00ed kompletn\u011b pronajat\u00e9 byty v AFIHOME T\u0159ebe\u0161\u00edn - LUXURYMAGAZINE.cz","og_description":"Developersk\u00e1 spole\u010dnost AFI Europe dos\u00e1hla 100% obsazenosti ve sv\u00e9m prvn\u00edm dokon\u010den\u00e9m projektu n\u00e1jemn\u00edho bydlen\u00ed AFIHOME T\u0159ebe\u0161\u00edn v&nbsp;Praze 3 &#8211; Stra\u0161nic\u00edch. V\u0161ech 61 byt\u016f v&nbsp;sedmipodla\u017en\u00ed budov\u011b, kter\u00e1 je sou\u010d\u00e1st\u00ed nov\u00e9 m\u011bstsk\u00e9 \u010dtvrti Tulipa T\u0159ebe\u0161\u00edn, tak na\u0161lo sv\u00e9 n\u00e1jemce. Ti se ji\u017e tak\u00e9 v\u0161ichni nast\u011bhovali a&nbsp;zabydleli. Byty ve velikosti 1+kk a\u017e 3+kk bylo mo\u017en\u00e9 pronajmout pln\u011b za\u0159\u00edzen\u00e9. [&hellip;]","og_url":"https:\/\/luxurymagazine.cz\/index.php\/2023\/01\/10\/afi-europe-hlasi-kompletne-pronajate-byty-v-afihome-trebesin\/","og_site_name":"LUXURYMAGAZINE.cz","article_published_time":"2023-01-09T23:01:00+00:00","article_modified_time":"2023-02-12T15:18:05+00:00","og_image":[{"width":1450,"height":1088,"url":"https:\/\/luxurymagazine.cz\/wp-content\/uploads\/2023\/01\/AFIHOME-Trrebessin.jpg","type":"image\/jpeg"}],"author":"Miroslav Van\u011bk","twitter_card":"summary_large_image","twitter_misc":{"Napsal(a)":"Miroslav Van\u011bk","Odhadovan\u00e1 doba \u010dten\u00ed":"2 minuty"},"schema":{"@context":"https:\/\/schema.org","@graph":[{"@type":"Article","@id":"https:\/\/luxurymagazine.cz\/index.php\/2023\/01\/10\/afi-europe-hlasi-kompletne-pronajate-byty-v-afihome-trebesin\/#article","isPartOf":{"@id":"https:\/\/luxurymagazine.cz\/index.php\/2023\/01\/10\/afi-europe-hlasi-kompletne-pronajate-byty-v-afihome-trebesin\/"},"author":{"name":"Miroslav Van\u011bk","@id":"https:\/\/luxurymagazine.cz\/#\/schema\/person\/44a069a3b1eab523585f7325b6e54254"},"headline":"AFI Europe hl\u00e1s\u00ed kompletn\u011b pronajat\u00e9 byty v AFIHOME T\u0159ebe\u0161\u00edn","datePublished":"2023-01-09T23:01:00+00:00","dateModified":"2023-02-12T15:18:05+00:00","mainEntityOfPage":{"@id":"https:\/\/luxurymagazine.cz\/index.php\/2023\/01\/10\/afi-europe-hlasi-kompletne-pronajate-byty-v-afihome-trebesin\/"},"wordCount":406,"publisher":{"@id":"https:\/\/luxurymagazine.cz\/#organization"},"articleSection":["BUSINESS","BYDLEN\u00cd &amp; DESIGN","NEWS"],"inLanguage":"cs"},{"@type":"WebPage","@id":"https:\/\/luxurymagazine.cz\/index.php\/2023\/01\/10\/afi-europe-hlasi-kompletne-pronajate-byty-v-afihome-trebesin\/","url":"https:\/\/luxurymagazine.cz\/index.php\/2023\/01\/10\/afi-europe-hlasi-kompletne-pronajate-byty-v-afihome-trebesin\/","name":"AFI Europe hl\u00e1s\u00ed kompletn\u011b pronajat\u00e9 byty v AFIHOME T\u0159ebe\u0161\u00edn - LUXURYMAGAZINE.cz","isPartOf":{"@id":"https:\/\/luxurymagazine.cz\/#website"},"datePublished":"2023-01-09T23:01:00+00:00","dateModified":"2023-02-12T15:18:05+00:00","breadcrumb":{"@id":"https:\/\/luxurymagazine.cz\/index.php\/2023\/01\/10\/afi-europe-hlasi-kompletne-pronajate-byty-v-afihome-trebesin\/#breadcrumb"},"inLanguage":"cs","potentialAction":[{"@type":"ReadAction","target":["https:\/\/luxurymagazine.cz\/index.php\/2023\/01\/10\/afi-europe-hlasi-kompletne-pronajate-byty-v-afihome-trebesin\/"]}]},{"@type":"BreadcrumbList","@id":"https:\/\/luxurymagazine.cz\/index.php\/2023\/01\/10\/afi-europe-hlasi-kompletne-pronajate-byty-v-afihome-trebesin\/#breadcrumb","itemListElement":[{"@type":"ListItem","position":1,"name":"Dom\u016f","item":"https:\/\/luxurymagazine.cz\/"},{"@type":"ListItem","position":2,"name":"AFI Europe hl\u00e1s\u00ed kompletn\u011b pronajat\u00e9 byty v AFIHOME T\u0159ebe\u0161\u00edn"}]},{"@type":"WebSite","@id":"https:\/\/luxurymagazine.cz\/#website","url":"https:\/\/luxurymagazine.cz\/","name":"LUXURYMAGAZINE.cz","description":"Port\u00e1l v\u00fdhradn\u011b o luxusu...","publisher":{"@id":"https:\/\/luxurymagazine.cz\/#organization"},"potentialAction":[{"@type":"SearchAction","target":{"@type":"EntryPoint","urlTemplate":"https:\/\/luxurymagazine.cz\/?s={search_term_string}"},"query-input":"required name=search_term_string"}],"inLanguage":"cs"},{"@type":"Organization","@id":"https:\/\/luxurymagazine.cz\/#organization","name":"LUXURYMAGAZINE.cz","url":"https:\/\/luxurymagazine.cz\/","logo":{"@type":"ImageObject","inLanguage":"cs","@id":"https:\/\/luxurymagazine.cz\/#\/schema\/logo\/image\/","url":"https:\/\/luxurymagazine.cz\/wp-content\/uploads\/2024\/12\/cropped-Logo_LuxuryMagazine-1.jpg","contentUrl":"https:\/\/luxurymagazine.cz\/wp-content\/uploads\/2024\/12\/cropped-Logo_LuxuryMagazine-1.jpg","width":934,"height":509,"caption":"LUXURYMAGAZINE.cz"},"image":{"@id":"https:\/\/luxurymagazine.cz\/#\/schema\/logo\/image\/"}},{"@type":"Person","@id":"https:\/\/luxurymagazine.cz\/#\/schema\/person\/44a069a3b1eab523585f7325b6e54254","name":"Miroslav Van\u011bk","image":{"@type":"ImageObject","inLanguage":"cs","@id":"https:\/\/luxurymagazine.cz\/#\/schema\/person\/image\/","url":"https:\/\/secure.gravatar.com\/avatar\/cc93dbecbfc820d69a964ea4a1c72377?s=96&d=mm&r=g","contentUrl":"https:\/\/secure.gravatar.com\/avatar\/cc93dbecbfc820d69a964ea4a1c72377?s=96&d=mm&r=g","caption":"Miroslav Van\u011bk"},"sameAs":["http:\/\/LUXURYMAGAZINE.cz"],"url":"https:\/\/luxurymagazine.cz\/index.php\/author\/mirvan\/"}]}},"_links":{"self":[{"href":"https:\/\/luxurymagazine.cz\/index.php\/wp-json\/wp\/v2\/posts\/3190"}],"collection":[{"href":"https:\/\/luxurymagazine.cz\/index.php\/wp-json\/wp\/v2\/posts"}],"about":[{"href":"https:\/\/luxurymagazine.cz\/index.php\/wp-json\/wp\/v2\/types\/post"}],"author":[{"embeddable":true,"href":"https:\/\/luxurymagazine.cz\/index.php\/wp-json\/wp\/v2\/users\/3"}],"replies":[{"embeddable":true,"href":"https:\/\/luxurymagazine.cz\/index.php\/wp-json\/wp\/v2\/comments?post=3190"}],"version-history":[{"count":-3,"href":"https:\/\/luxurymagazine.cz\/index.php\/wp-json\/wp\/v2\/posts\/3190\/revisions"}],"wp:featuredmedia":[{"embeddable":true,"href":"https:\/\/luxurymagazine.cz\/index.php\/wp-json\/wp\/v2\/media\/3191"}],"wp:attachment":[{"href":"https:\/\/luxurymagazine.cz\/index.php\/wp-json\/wp\/v2\/media?parent=3190"}],"wp:term":[{"taxonomy":"category","embeddable":true,"href":"https:\/\/luxurymagazine.cz\/index.php\/wp-json\/wp\/v2\/categories?post=3190"},{"taxonomy":"post_tag","embeddable":true,"href":"https:\/\/luxurymagazine.cz\/index.php\/wp-json\/wp\/v2\/tags?post=3190"}],"curies":[{"name":"wp","href":"https:\/\/api.w.org\/{rel}","templated":true}]}}