{"id":3358,"date":"2023-02-24T13:06:03","date_gmt":"2023-02-24T12:06:03","guid":{"rendered":"https:\/\/luxurymagazine.cz\/?p=3358"},"modified":"2023-04-09T00:22:51","modified_gmt":"2023-04-08T22:22:51","slug":"6-kusu-obleceni-ktere-se-hodi-ke-vsemu","status":"publish","type":"post","link":"https:\/\/luxurymagazine.cz\/index.php\/2023\/02\/24\/6-kusu-obleceni-ktere-se-hodi-ke-vsemu\/","title":{"rendered":"6 kus\u016f oble\u010den\u00ed, kter\u00e9 se hod\u00ed ke v\u0161emu"},"content":{"rendered":"\n<div style=\"height:39px\" aria-hidden=\"true\" class=\"wp-block-spacer\"><\/div>\n\n\n\n<p><strong>Existuje oble\u010den\u00ed, kter\u00e9 by m\u011bla m\u00edt ve sv\u00e9m \u0161atn\u00edku ka\u017ed\u00e1 \u017eena, proto\u017ee se hod\u00ed ke v\u0161emu. Je to ten typ oble\u010den\u00ed, kter\u00e9 kdy\u017e si jednou koup\u00edte, vydr\u017e\u00ed V\u00e1m l\u00e9ta a nikdy nevyjde z m\u00f3dy. S t\u00edmto \u0161pi\u010dkov\u00fdm oble\u010den\u00edm ve sv\u00e9m \u0161atn\u00edku snadno vytvo\u0159\u00edte m\u00f3dn\u00ed stylizaci. Oble\u010den\u00ed, kter\u00e9 se hod\u00ed ke v\u0161emu, se bude nosit bez ohledu na to, co je v t\u00e9to sez\u00f3n\u011b na p\u0159ehl\u00eddkov\u00fdch molech \u010d\u00edslo jedna. Zna\u010dka TATUUM vych\u00e1z\u00ed vst\u0159\u00edc o\u010dek\u00e1v\u00e1n\u00edm sv\u00fdch z\u00e1kazn\u00edk\u016f a nab\u00edz\u00ed velk\u00e9 mno\u017estv\u00ed od\u011bv\u016f, kter\u00e9 se svou jednoduchost\u00ed, barevnost\u00ed a st\u0159ihem hod\u00ed k v\u011bt\u0161in\u011b stylizac\u00ed.<\/strong><\/p>\n\n\n\n<figure class=\"wp-block-image size-large\"><img decoding=\"async\" loading=\"lazy\" width=\"1024\" height=\"954\" src=\"https:\/\/luxurymagazine.cz\/wp-content\/uploads\/2023\/02\/pexels-andrea-piacquadio-3772506-1024x954.jpg\" alt=\"6 kus\u016f oble\u010den\u00ed, kter\u00e9 se hod\u00ed ke v\u0161emu \" class=\"wp-image-3359\" srcset=\"https:\/\/luxurymagazine.cz\/wp-content\/uploads\/2023\/02\/pexels-andrea-piacquadio-3772506-1024x954.jpg 1024w, https:\/\/luxurymagazine.cz\/wp-content\/uploads\/2023\/02\/pexels-andrea-piacquadio-3772506-300x280.jpg 300w, https:\/\/luxurymagazine.cz\/wp-content\/uploads\/2023\/02\/pexels-andrea-piacquadio-3772506-768x716.jpg 768w, https:\/\/luxurymagazine.cz\/wp-content\/uploads\/2023\/02\/pexels-andrea-piacquadio-3772506.jpg 1280w\" sizes=\"(max-width: 1024px) 100vw, 1024px\" \/><\/figure>\n\n\n\n<h2 class=\"wp-block-heading\">Jednoduch\u00fd svetr a mal\u00e9 \u010dern\u00e9 \u0161aty \u2013 nezbytnosti ka\u017ed\u00e9 \u017eeny<\/h2>\n\n\n\n<p>M\u00f3da se um\u00ed velmi rychle m\u011bnit. Co je v jednom ro\u010dn\u00edm obdob\u00ed m\u00f3dn\u00ed, v jin\u00e9m u\u017e nen\u00ed. Kdy\u017e si \u017eeny kupuj\u00ed oble\u010den\u00ed, kter\u00e9 je &#8222;must have&#8220; pro danou sez\u00f3nu, mus\u00ed po\u010d\u00edtat s t\u00edm, \u017ee je kv\u016fli pom\u00edjivosti trendu nebudou moci nosit dlouho. Existuj\u00ed v\u0161ak od\u011bvy, kter\u00e9 budou fungovat po mnoho let a budou m\u00f3dn\u00ed ka\u017edou sez\u00f3nu. Jsou to takov\u00e9 &#8222;jist\u00e9&#8220; kousky, kter\u00e9 se hod\u00ed ke v\u0161emu a snadno z nich vytvo\u0159\u00edte stylizace prakticky pro ka\u017edou p\u0159\u00edle\u017eitost.<\/p>\n\n\n\n<p>Jedn\u00edm z takov\u00fdch \u0161pi\u010dkov\u00fdch od\u011bv\u016f, bez kter\u00fdch si \u0161atn\u00edk ani nedok\u00e1\u017eete p\u0159edstavit, je klasick\u00fd svetr. Jeho univerz\u00e1lnost je takov\u00e1, \u017ee se hod\u00ed nejen v kombinaci s d\u017e\u00ednami a sukn\u011bmi, ale i s oblekov\u00fdmi kalhotami. Takov\u00e1 stylizace se hod\u00ed do pr\u00e1ce, na setk\u00e1n\u00ed s p\u0159\u00e1teli nebo na rodinnou ve\u010de\u0159i. V posledn\u00ed dob\u011b se stalo velmi m\u00f3dn\u00edm stylistick\u00fdm trikem p\u0159ehazov\u00e1n\u00ed svetr\u016f p\u0159es krk a zavazov\u00e1n\u00ed ruk\u00e1v\u016f vp\u0159edu. Klasick\u00fd svetr m\u00e1 tedy opravdu co nab\u00eddnout a vyplat\u00ed se ho m\u00edt ve sv\u00e9m \u0161atn\u00edku. Zna\u010dka TATUUM v\u00ed, jak je pro z\u00e1kazn\u00edky d\u016fle\u017eit\u00e9, aby oble\u010den\u00ed, kter\u00e9 si koup\u00ed, bylo dlouho pou\u017eiteln\u00e9. Proto jsou v nab\u00eddce zna\u010dky i klasick\u00e9 svetry, kter\u00e9 skv\u011ble dopln\u00ed v\u011bt\u0161inu stylizac\u00ed.<\/p>\n\n\n\n<p>Ka\u017ed\u00e1 \u017eena m\u00e1 ve sv\u00e9m \u0161atn\u00edku \u0161aty, kter\u00e9 se hod\u00ed na r\u016fzn\u00e9 oslavy a obchodn\u00ed sch\u016fzky. Celosv\u011btov\u00fdm hitem, kter\u00fd si \u017eeny zamilovaly, jsou mal\u00e9 \u010dern\u00e9 \u0161aty. Z\u00e1kladem univerz\u00e1lnosti t\u011bchto \u0161at\u016f je jejich barva, kter\u00e1 je nesmrteln\u00e1. Mal\u00e9 \u010dern\u00e9 \u0161aty je n\u00e1kup, kter\u00fd vydr\u017e\u00ed roky. Na webov\u00e9 str\u00e1nce\u00a0<a href=\"https:\/\/www.tatuum.com\/cs\/zena\/obleceni\/saty\"><strong>https:\/\/www.tatuum.com\/cs\/zena\/obleceni\/saty<\/strong><\/a>\u00a0najdete mnoho zaj\u00edmav\u00fdch n\u00e1vrh\u016f \u0161at\u016f v \u010dern\u00e9 barv\u011b, kter\u00e9 se li\u0161\u00ed st\u0159ihem, ruk\u00e1vy a d\u00e9lkou. Ka\u017ed\u00e1 \u017eena zde najde sv\u016fj model, kter\u00fd se skv\u011ble hod\u00ed k jej\u00ed postav\u011b.<\/p>\n\n\n\n<figure class=\"wp-block-gallery columns-2 is-cropped wp-block-gallery-1 is-layout-flex wp-block-gallery-is-layout-flex\"><ul class=\"blocks-gallery-grid\"><li class=\"blocks-gallery-item\"><figure><img decoding=\"async\" loading=\"lazy\" width=\"683\" height=\"1024\" src=\"https:\/\/luxurymagazine.cz\/wp-content\/uploads\/2023\/02\/pexels-evg-kowalievska-1055691-683x1024.jpg\" alt=\"6 kus\u016f oble\u010den\u00ed, kter\u00e9 se hod\u00ed ke v\u0161emu \" data-id=\"3361\" data-full-url=\"https:\/\/luxurymagazine.cz\/wp-content\/uploads\/2023\/02\/pexels-evg-kowalievska-1055691-scaled.jpg\" data-link=\"https:\/\/luxurymagazine.cz\/?attachment_id=3361\" class=\"wp-image-3361\" srcset=\"https:\/\/luxurymagazine.cz\/wp-content\/uploads\/2023\/02\/pexels-evg-kowalievska-1055691-683x1024.jpg 683w, https:\/\/luxurymagazine.cz\/wp-content\/uploads\/2023\/02\/pexels-evg-kowalievska-1055691-200x300.jpg 200w, https:\/\/luxurymagazine.cz\/wp-content\/uploads\/2023\/02\/pexels-evg-kowalievska-1055691-768x1152.jpg 768w, https:\/\/luxurymagazine.cz\/wp-content\/uploads\/2023\/02\/pexels-evg-kowalievska-1055691-1024x1536.jpg 1024w, https:\/\/luxurymagazine.cz\/wp-content\/uploads\/2023\/02\/pexels-evg-kowalievska-1055691-scaled.jpg 1707w\" sizes=\"(max-width: 683px) 100vw, 683px\" \/><\/figure><\/li><li class=\"blocks-gallery-item\"><figure><img decoding=\"async\" loading=\"lazy\" width=\"683\" height=\"1024\" src=\"https:\/\/luxurymagazine.cz\/wp-content\/uploads\/2023\/02\/pexels-konstantin-mishchenko-1926769-683x1024.jpg\" alt=\"6 kus\u016f oble\u010den\u00ed, kter\u00e9 se hod\u00ed ke v\u0161emu \" data-id=\"3362\" data-full-url=\"https:\/\/luxurymagazine.cz\/wp-content\/uploads\/2023\/02\/pexels-konstantin-mishchenko-1926769-scaled.jpg\" data-link=\"https:\/\/luxurymagazine.cz\/?attachment_id=3362\" class=\"wp-image-3362\" srcset=\"https:\/\/luxurymagazine.cz\/wp-content\/uploads\/2023\/02\/pexels-konstantin-mishchenko-1926769-683x1024.jpg 683w, https:\/\/luxurymagazine.cz\/wp-content\/uploads\/2023\/02\/pexels-konstantin-mishchenko-1926769-200x300.jpg 200w, https:\/\/luxurymagazine.cz\/wp-content\/uploads\/2023\/02\/pexels-konstantin-mishchenko-1926769-768x1152.jpg 768w, https:\/\/luxurymagazine.cz\/wp-content\/uploads\/2023\/02\/pexels-konstantin-mishchenko-1926769-1024x1536.jpg 1024w, https:\/\/luxurymagazine.cz\/wp-content\/uploads\/2023\/02\/pexels-konstantin-mishchenko-1926769-scaled.jpg 1707w\" sizes=\"(max-width: 683px) 100vw, 683px\" \/><\/figure><\/li><\/ul><\/figure>\n\n\n\n<h2 class=\"wp-block-heading\">Tren\u010dkoty a pruhovan\u00e9 oble\u010den\u00ed \u2013 navzdory m\u011bn\u00edc\u00edm se trend\u016fm st\u00e1le m\u00f3dn\u00ed<\/h2>\n\n\n\n<p>Tren\u010dkot je nad\u010dasov\u00fd svrchn\u00ed od\u011bv. Vyplat\u00ed se ho m\u00edt v \u0161atn\u00edku, proto\u017ee se d\u00e1 nosit nejen p\u0159es oblek a \u0161aty, ale i p\u0159es ko\u0161ili nebo tepl\u00e1ky. Tato rozmanitost stav\u00ed tren\u010dkot do pop\u0159ed\u00ed oble\u010den\u00ed, kter\u00e9 se hod\u00ed prakticky ke v\u0161emu.<\/p>\n\n\n\n<p>Nesmrteln\u00e9 oble\u010den\u00ed, kter\u00e9 se hod\u00ed ke v\u0161emu, nen\u00ed jen v tlumen\u00fdch barv\u00e1ch. Za zm\u00ednku toti\u017e stoj\u00ed, \u017ee pruhovan\u00e9 oble\u010den\u00ed, tedy od\u011bvy s \u010dernob\u00edl\u00fdm potiskem, jsou v m\u00f3d\u011b ka\u017edou sez\u00f3nu. K takov\u00e9mu pruhovan\u00e9mu oble\u010den\u00ed m\u016f\u017eete s \u00fasp\u011bchem p\u0159idat sv\u00e9 obl\u00edben\u00e9 d\u017e\u00edny a bude to skv\u011bl\u00fd ka\u017edodenn\u00ed look. S pruhovan\u00fdm oble\u010den\u00edm si m\u016f\u017eete troufnout experimentovat a vytv\u00e1\u0159et skute\u010dn\u011b fenomen\u00e1ln\u00ed stylizace.<\/p>\n\n\n\n<figure class=\"wp-block-image size-large\"><img decoding=\"async\" loading=\"lazy\" width=\"1024\" height=\"683\" src=\"https:\/\/luxurymagazine.cz\/wp-content\/uploads\/2023\/02\/pexels-godisable-jacob-932402-1024x683.jpg\" alt=\"6 kus\u016f oble\u010den\u00ed, kter\u00e9 se hod\u00ed ke v\u0161emu \" class=\"wp-image-3360\" srcset=\"https:\/\/luxurymagazine.cz\/wp-content\/uploads\/2023\/02\/pexels-godisable-jacob-932402-1024x683.jpg 1024w, https:\/\/luxurymagazine.cz\/wp-content\/uploads\/2023\/02\/pexels-godisable-jacob-932402-300x200.jpg 300w, https:\/\/luxurymagazine.cz\/wp-content\/uploads\/2023\/02\/pexels-godisable-jacob-932402-768x512.jpg 768w, https:\/\/luxurymagazine.cz\/wp-content\/uploads\/2023\/02\/pexels-godisable-jacob-932402-1536x1024.jpg 1536w, https:\/\/luxurymagazine.cz\/wp-content\/uploads\/2023\/02\/pexels-godisable-jacob-932402.jpg 1920w\" sizes=\"(max-width: 1024px) 100vw, 1024px\" \/><\/figure>\n\n\n\n<h2 class=\"wp-block-heading\">Sako a ko\u0161ile \u2013 \u201emust have\u201c v ka\u017ed\u00e9m \u0161atn\u00edku<\/h2>\n\n\n\n<p>P\u0159i nedostatku n\u00e1pad\u016f na stylizaci m\u016f\u017ee b\u00fdt klasick\u00e9 sako z\u00e1chranou. Lze jej nosit po cel\u00fd rok. Nejlep\u0161\u00ed je m\u00edt jednu v tlumen\u00e9 barv\u011b, kter\u00e1 bude dob\u0159e ladit s mnoha dal\u0161\u00edmi od\u011bvy.<\/p>\n\n\n\n<p>Seznam oble\u010den\u00ed, kter\u00e9 se hod\u00ed ke v\u0161emu, dopl\u0148uje b\u00edl\u00e1 ko\u0161ile. B\u00edl\u00e1 je univerz\u00e1ln\u00ed a hod\u00ed se k mnoha barv\u00e1m. B\u00edl\u00e1 ko\u0161ile vytvo\u0159\u00ed harmonickou dvojici s kalhotami, sukn\u011bmi nebo dokonce \u0161ortkami.<\/p>\n\n\n\n<p>Vyplat\u00ed se m\u00edt v \u0161atn\u00edku oble\u010den\u00ed, kter\u00e9 V\u00e1m d\u00edky sv\u00e9 univerz\u00e1lnosti umo\u017en\u00ed v m\u017eiku doplnit skv\u011blou stylizaci. N\u00e1kup takov\u00e9ho oble\u010den\u00ed je investic\u00ed na dlouh\u00e1 l\u00e9ta, proto\u017ee nikdy nevyjde z m\u00f3dy. Pod\u00edvejte se na nab\u00eddku zna\u010dky TATUUM a uvid\u00edte, \u017ee v\u00fdb\u011br oble\u010den\u00ed, kter\u00e9 se hod\u00ed ke v\u0161emu, je opravdu velk\u00fd.\u00a0<\/p>\n\n\n\n<div style=\"height:41px\" aria-hidden=\"true\" class=\"wp-block-spacer\"><\/div>\n\n\n\n<figure class=\"wp-block-gallery columns-2 is-cropped wp-block-gallery-3 is-layout-flex wp-block-gallery-is-layout-flex\"><ul class=\"blocks-gallery-grid\"><li class=\"blocks-gallery-item\"><figure><img decoding=\"async\" loading=\"lazy\" width=\"1024\" height=\"954\" src=\"https:\/\/luxurymagazine.cz\/wp-content\/uploads\/2023\/02\/pexels-andrea-piacquadio-3772506-1024x954.jpg\" alt=\"6 kus\u016f oble\u010den\u00ed, kter\u00e9 se hod\u00ed ke v\u0161emu \" data-id=\"3359\" data-full-url=\"https:\/\/luxurymagazine.cz\/wp-content\/uploads\/2023\/02\/pexels-andrea-piacquadio-3772506.jpg\" data-link=\"https:\/\/luxurymagazine.cz\/?attachment_id=3359\" class=\"wp-image-3359\" srcset=\"https:\/\/luxurymagazine.cz\/wp-content\/uploads\/2023\/02\/pexels-andrea-piacquadio-3772506-1024x954.jpg 1024w, https:\/\/luxurymagazine.cz\/wp-content\/uploads\/2023\/02\/pexels-andrea-piacquadio-3772506-300x280.jpg 300w, https:\/\/luxurymagazine.cz\/wp-content\/uploads\/2023\/02\/pexels-andrea-piacquadio-3772506-768x716.jpg 768w, https:\/\/luxurymagazine.cz\/wp-content\/uploads\/2023\/02\/pexels-andrea-piacquadio-3772506.jpg 1280w\" sizes=\"(max-width: 1024px) 100vw, 1024px\" \/><\/figure><\/li><li class=\"blocks-gallery-item\"><figure><img decoding=\"async\" loading=\"lazy\" width=\"683\" height=\"1024\" src=\"https:\/\/luxurymagazine.cz\/wp-content\/uploads\/2023\/02\/pexels-evg-kowalievska-1055691-683x1024.jpg\" alt=\"6 kus\u016f oble\u010den\u00ed, kter\u00e9 se hod\u00ed ke v\u0161emu \" data-id=\"3361\" data-full-url=\"https:\/\/luxurymagazine.cz\/wp-content\/uploads\/2023\/02\/pexels-evg-kowalievska-1055691-scaled.jpg\" data-link=\"https:\/\/luxurymagazine.cz\/?attachment_id=3361\" class=\"wp-image-3361\" srcset=\"https:\/\/luxurymagazine.cz\/wp-content\/uploads\/2023\/02\/pexels-evg-kowalievska-1055691-683x1024.jpg 683w, https:\/\/luxurymagazine.cz\/wp-content\/uploads\/2023\/02\/pexels-evg-kowalievska-1055691-200x300.jpg 200w, https:\/\/luxurymagazine.cz\/wp-content\/uploads\/2023\/02\/pexels-evg-kowalievska-1055691-768x1152.jpg 768w, https:\/\/luxurymagazine.cz\/wp-content\/uploads\/2023\/02\/pexels-evg-kowalievska-1055691-1024x1536.jpg 1024w, https:\/\/luxurymagazine.cz\/wp-content\/uploads\/2023\/02\/pexels-evg-kowalievska-1055691-scaled.jpg 1707w\" sizes=\"(max-width: 683px) 100vw, 683px\" \/><\/figure><\/li><li class=\"blocks-gallery-item\"><figure><img decoding=\"async\" loading=\"lazy\" width=\"1024\" height=\"683\" src=\"https:\/\/luxurymagazine.cz\/wp-content\/uploads\/2023\/02\/pexels-godisable-jacob-932402-1024x683.jpg\" alt=\"6 kus\u016f oble\u010den\u00ed, kter\u00e9 se hod\u00ed ke v\u0161emu \" data-id=\"3360\" data-full-url=\"https:\/\/luxurymagazine.cz\/wp-content\/uploads\/2023\/02\/pexels-godisable-jacob-932402.jpg\" data-link=\"https:\/\/luxurymagazine.cz\/?attachment_id=3360\" class=\"wp-image-3360\" srcset=\"https:\/\/luxurymagazine.cz\/wp-content\/uploads\/2023\/02\/pexels-godisable-jacob-932402-1024x683.jpg 1024w, https:\/\/luxurymagazine.cz\/wp-content\/uploads\/2023\/02\/pexels-godisable-jacob-932402-300x200.jpg 300w, https:\/\/luxurymagazine.cz\/wp-content\/uploads\/2023\/02\/pexels-godisable-jacob-932402-768x512.jpg 768w, https:\/\/luxurymagazine.cz\/wp-content\/uploads\/2023\/02\/pexels-godisable-jacob-932402-1536x1024.jpg 1536w, https:\/\/luxurymagazine.cz\/wp-content\/uploads\/2023\/02\/pexels-godisable-jacob-932402.jpg 1920w\" sizes=\"(max-width: 1024px) 100vw, 1024px\" \/><\/figure><\/li><li class=\"blocks-gallery-item\"><figure><img decoding=\"async\" src=\"https:\/\/luxurymagazine.cz\/wp-content\/uploads\/2023\/02\/pexels-konstantin-mishchenko-1926769.jpg\" alt=\"6 kus\u016f oble\u010den\u00ed, kter\u00e9 se hod\u00ed ke v\u0161emu \" data-id=\"3362\" data-link=\"https:\/\/luxurymagazine.cz\/?attachment_id=3362\" class=\"wp-image-3362\"\/><\/figure><\/li><\/ul><\/figure>\n\n\n\n<p><strong>Zdroj foto: <\/strong>Tatuum.com\/cs, Pexels.com<\/p>\n\n\n\n<div style=\"height:100px\" aria-hidden=\"true\" class=\"wp-block-spacer\"><\/div>\n","protected":false},"excerpt":{"rendered":"<p>Existuje oble\u010den\u00ed, kter\u00e9 by m\u011bla m\u00edt ve sv\u00e9m \u0161atn\u00edku ka\u017ed\u00e1 \u017eena, proto\u017ee se hod\u00ed ke v\u0161emu. Je to ten typ oble\u010den\u00ed, kter\u00e9 kdy\u017e si jednou koup\u00edte, vydr\u017e\u00ed V\u00e1m l\u00e9ta a nikdy nevyjde z m\u00f3dy. S t\u00edmto \u0161pi\u010dkov\u00fdm oble\u010den\u00edm ve sv\u00e9m \u0161atn\u00edku snadno vytvo\u0159\u00edte m\u00f3dn\u00ed stylizaci. Oble\u010den\u00ed, kter\u00e9 se hod\u00ed ke v\u0161emu, se bude nosit bez [&hellip;]<\/p>\n","protected":false},"author":2,"featured_media":3359,"comment_status":"closed","ping_status":"closed","sticky":false,"template":"","format":"standard","meta":{"_mi_skip_tracking":false,"_monsterinsights_sitenote_active":false,"_monsterinsights_sitenote_note":"","_monsterinsights_sitenote_category":0,"footnotes":""},"categories":[3,2,13],"tags":[],"yoast_head":"<!-- This site is optimized with the Yoast SEO plugin v21.4 - https:\/\/yoast.com\/wordpress\/plugins\/seo\/ -->\n<title>6 kus\u016f oble\u010den\u00ed, kter\u00e9 se hod\u00ed ke v\u0161emu - LUXURYMAGAZINE.cz<\/title>\n<meta name=\"robots\" content=\"index, follow, max-snippet:-1, max-image-preview:large, max-video-preview:-1\" \/>\n<link rel=\"canonical\" href=\"https:\/\/luxurymagazine.cz\/index.php\/2023\/02\/24\/6-kusu-obleceni-ktere-se-hodi-ke-vsemu\/\" \/>\n<meta property=\"og:locale\" content=\"cs_CZ\" \/>\n<meta property=\"og:type\" content=\"article\" \/>\n<meta property=\"og:title\" content=\"6 kus\u016f oble\u010den\u00ed, kter\u00e9 se hod\u00ed ke v\u0161emu - LUXURYMAGAZINE.cz\" \/>\n<meta property=\"og:description\" content=\"Existuje oble\u010den\u00ed, kter\u00e9 by m\u011bla m\u00edt ve sv\u00e9m \u0161atn\u00edku ka\u017ed\u00e1 \u017eena, proto\u017ee se hod\u00ed ke v\u0161emu. Je to ten typ oble\u010den\u00ed, kter\u00e9 kdy\u017e si jednou koup\u00edte, vydr\u017e\u00ed V\u00e1m l\u00e9ta a nikdy nevyjde z m\u00f3dy. S t\u00edmto \u0161pi\u010dkov\u00fdm oble\u010den\u00edm ve sv\u00e9m \u0161atn\u00edku snadno vytvo\u0159\u00edte m\u00f3dn\u00ed stylizaci. Oble\u010den\u00ed, kter\u00e9 se hod\u00ed ke v\u0161emu, se bude nosit bez [&hellip;]\" \/>\n<meta property=\"og:url\" content=\"https:\/\/luxurymagazine.cz\/index.php\/2023\/02\/24\/6-kusu-obleceni-ktere-se-hodi-ke-vsemu\/\" \/>\n<meta property=\"og:site_name\" content=\"LUXURYMAGAZINE.cz\" \/>\n<meta property=\"article:published_time\" content=\"2023-02-24T12:06:03+00:00\" \/>\n<meta property=\"article:modified_time\" content=\"2023-04-08T22:22:51+00:00\" \/>\n<meta property=\"og:image\" content=\"https:\/\/luxurymagazine.cz\/wp-content\/uploads\/2023\/02\/pexels-andrea-piacquadio-3772506.jpg\" \/>\n\t<meta property=\"og:image:width\" content=\"1280\" \/>\n\t<meta property=\"og:image:height\" content=\"1193\" \/>\n\t<meta property=\"og:image:type\" content=\"image\/jpeg\" \/>\n<meta name=\"author\" content=\"Jolana Hol\u00e1\u0148ov\u00e1\" \/>\n<meta name=\"twitter:card\" content=\"summary_large_image\" \/>\n<meta name=\"twitter:label1\" content=\"Napsal(a)\" \/>\n\t<meta name=\"twitter:data1\" content=\"Jolana Hol\u00e1\u0148ov\u00e1\" \/>\n\t<meta name=\"twitter:label2\" content=\"Odhadovan\u00e1 doba \u010dten\u00ed\" \/>\n\t<meta name=\"twitter:data2\" content=\"4 minuty\" \/>\n<script type=\"application\/ld+json\" class=\"yoast-schema-graph\">{\"@context\":\"https:\/\/schema.org\",\"@graph\":[{\"@type\":\"Article\",\"@id\":\"https:\/\/luxurymagazine.cz\/index.php\/2023\/02\/24\/6-kusu-obleceni-ktere-se-hodi-ke-vsemu\/#article\",\"isPartOf\":{\"@id\":\"https:\/\/luxurymagazine.cz\/index.php\/2023\/02\/24\/6-kusu-obleceni-ktere-se-hodi-ke-vsemu\/\"},\"author\":{\"name\":\"Jolana Hol\u00e1\u0148ov\u00e1\",\"@id\":\"https:\/\/luxurymagazine.cz\/#\/schema\/person\/581f64efd4b5872ac991ea3581f630dc\"},\"headline\":\"6 kus\u016f oble\u010den\u00ed, kter\u00e9 se hod\u00ed ke v\u0161emu\",\"datePublished\":\"2023-02-24T12:06:03+00:00\",\"dateModified\":\"2023-04-08T22:22:51+00:00\",\"mainEntityOfPage\":{\"@id\":\"https:\/\/luxurymagazine.cz\/index.php\/2023\/02\/24\/6-kusu-obleceni-ktere-se-hodi-ke-vsemu\/\"},\"wordCount\":839,\"publisher\":{\"@id\":\"https:\/\/luxurymagazine.cz\/#organization\"},\"articleSection\":[\"M\u00d3DA\",\"NEWS\",\"TIPY &amp; TRENDY\"],\"inLanguage\":\"cs\"},{\"@type\":\"WebPage\",\"@id\":\"https:\/\/luxurymagazine.cz\/index.php\/2023\/02\/24\/6-kusu-obleceni-ktere-se-hodi-ke-vsemu\/\",\"url\":\"https:\/\/luxurymagazine.cz\/index.php\/2023\/02\/24\/6-kusu-obleceni-ktere-se-hodi-ke-vsemu\/\",\"name\":\"6 kus\u016f oble\u010den\u00ed, kter\u00e9 se hod\u00ed ke v\u0161emu - LUXURYMAGAZINE.cz\",\"isPartOf\":{\"@id\":\"https:\/\/luxurymagazine.cz\/#website\"},\"datePublished\":\"2023-02-24T12:06:03+00:00\",\"dateModified\":\"2023-04-08T22:22:51+00:00\",\"breadcrumb\":{\"@id\":\"https:\/\/luxurymagazine.cz\/index.php\/2023\/02\/24\/6-kusu-obleceni-ktere-se-hodi-ke-vsemu\/#breadcrumb\"},\"inLanguage\":\"cs\",\"potentialAction\":[{\"@type\":\"ReadAction\",\"target\":[\"https:\/\/luxurymagazine.cz\/index.php\/2023\/02\/24\/6-kusu-obleceni-ktere-se-hodi-ke-vsemu\/\"]}]},{\"@type\":\"BreadcrumbList\",\"@id\":\"https:\/\/luxurymagazine.cz\/index.php\/2023\/02\/24\/6-kusu-obleceni-ktere-se-hodi-ke-vsemu\/#breadcrumb\",\"itemListElement\":[{\"@type\":\"ListItem\",\"position\":1,\"name\":\"Dom\u016f\",\"item\":\"https:\/\/luxurymagazine.cz\/\"},{\"@type\":\"ListItem\",\"position\":2,\"name\":\"6 kus\u016f oble\u010den\u00ed, kter\u00e9 se hod\u00ed ke v\u0161emu\"}]},{\"@type\":\"WebSite\",\"@id\":\"https:\/\/luxurymagazine.cz\/#website\",\"url\":\"https:\/\/luxurymagazine.cz\/\",\"name\":\"LUXURYMAGAZINE.cz\",\"description\":\"Port\u00e1l v\u00fdhradn\u011b o luxusu...\",\"publisher\":{\"@id\":\"https:\/\/luxurymagazine.cz\/#organization\"},\"potentialAction\":[{\"@type\":\"SearchAction\",\"target\":{\"@type\":\"EntryPoint\",\"urlTemplate\":\"https:\/\/luxurymagazine.cz\/?s={search_term_string}\"},\"query-input\":\"required name=search_term_string\"}],\"inLanguage\":\"cs\"},{\"@type\":\"Organization\",\"@id\":\"https:\/\/luxurymagazine.cz\/#organization\",\"name\":\"LUXURYMAGAZINE.cz\",\"url\":\"https:\/\/luxurymagazine.cz\/\",\"logo\":{\"@type\":\"ImageObject\",\"inLanguage\":\"cs\",\"@id\":\"https:\/\/luxurymagazine.cz\/#\/schema\/logo\/image\/\",\"url\":\"https:\/\/luxurymagazine.cz\/wp-content\/uploads\/2024\/12\/cropped-Logo_LuxuryMagazine-1.jpg\",\"contentUrl\":\"https:\/\/luxurymagazine.cz\/wp-content\/uploads\/2024\/12\/cropped-Logo_LuxuryMagazine-1.jpg\",\"width\":934,\"height\":509,\"caption\":\"LUXURYMAGAZINE.cz\"},\"image\":{\"@id\":\"https:\/\/luxurymagazine.cz\/#\/schema\/logo\/image\/\"}},{\"@type\":\"Person\",\"@id\":\"https:\/\/luxurymagazine.cz\/#\/schema\/person\/581f64efd4b5872ac991ea3581f630dc\",\"name\":\"Jolana Hol\u00e1\u0148ov\u00e1\",\"image\":{\"@type\":\"ImageObject\",\"inLanguage\":\"cs\",\"@id\":\"https:\/\/luxurymagazine.cz\/#\/schema\/person\/image\/\",\"url\":\"https:\/\/secure.gravatar.com\/avatar\/5863c504ed89cd419ff3a5e812c722ff?s=96&d=mm&r=g\",\"contentUrl\":\"https:\/\/secure.gravatar.com\/avatar\/5863c504ed89cd419ff3a5e812c722ff?s=96&d=mm&r=g\",\"caption\":\"Jolana Hol\u00e1\u0148ov\u00e1\"},\"sameAs\":[\"http:\/\/LUXURYMAGAZINE.cz\"],\"url\":\"https:\/\/luxurymagazine.cz\/index.php\/author\/jolhol\/\"}]}<\/script>\n<!-- \/ Yoast SEO plugin. -->","yoast_head_json":{"title":"6 kus\u016f oble\u010den\u00ed, kter\u00e9 se hod\u00ed ke v\u0161emu - LUXURYMAGAZINE.cz","robots":{"index":"index","follow":"follow","max-snippet":"max-snippet:-1","max-image-preview":"max-image-preview:large","max-video-preview":"max-video-preview:-1"},"canonical":"https:\/\/luxurymagazine.cz\/index.php\/2023\/02\/24\/6-kusu-obleceni-ktere-se-hodi-ke-vsemu\/","og_locale":"cs_CZ","og_type":"article","og_title":"6 kus\u016f oble\u010den\u00ed, kter\u00e9 se hod\u00ed ke v\u0161emu - LUXURYMAGAZINE.cz","og_description":"Existuje oble\u010den\u00ed, kter\u00e9 by m\u011bla m\u00edt ve sv\u00e9m \u0161atn\u00edku ka\u017ed\u00e1 \u017eena, proto\u017ee se hod\u00ed ke v\u0161emu. Je to ten typ oble\u010den\u00ed, kter\u00e9 kdy\u017e si jednou koup\u00edte, vydr\u017e\u00ed V\u00e1m l\u00e9ta a nikdy nevyjde z m\u00f3dy. S t\u00edmto \u0161pi\u010dkov\u00fdm oble\u010den\u00edm ve sv\u00e9m \u0161atn\u00edku snadno vytvo\u0159\u00edte m\u00f3dn\u00ed stylizaci. Oble\u010den\u00ed, kter\u00e9 se hod\u00ed ke v\u0161emu, se bude nosit bez [&hellip;]","og_url":"https:\/\/luxurymagazine.cz\/index.php\/2023\/02\/24\/6-kusu-obleceni-ktere-se-hodi-ke-vsemu\/","og_site_name":"LUXURYMAGAZINE.cz","article_published_time":"2023-02-24T12:06:03+00:00","article_modified_time":"2023-04-08T22:22:51+00:00","og_image":[{"width":1280,"height":1193,"url":"https:\/\/luxurymagazine.cz\/wp-content\/uploads\/2023\/02\/pexels-andrea-piacquadio-3772506.jpg","type":"image\/jpeg"}],"author":"Jolana Hol\u00e1\u0148ov\u00e1","twitter_card":"summary_large_image","twitter_misc":{"Napsal(a)":"Jolana Hol\u00e1\u0148ov\u00e1","Odhadovan\u00e1 doba \u010dten\u00ed":"4 minuty"},"schema":{"@context":"https:\/\/schema.org","@graph":[{"@type":"Article","@id":"https:\/\/luxurymagazine.cz\/index.php\/2023\/02\/24\/6-kusu-obleceni-ktere-se-hodi-ke-vsemu\/#article","isPartOf":{"@id":"https:\/\/luxurymagazine.cz\/index.php\/2023\/02\/24\/6-kusu-obleceni-ktere-se-hodi-ke-vsemu\/"},"author":{"name":"Jolana Hol\u00e1\u0148ov\u00e1","@id":"https:\/\/luxurymagazine.cz\/#\/schema\/person\/581f64efd4b5872ac991ea3581f630dc"},"headline":"6 kus\u016f oble\u010den\u00ed, kter\u00e9 se hod\u00ed ke v\u0161emu","datePublished":"2023-02-24T12:06:03+00:00","dateModified":"2023-04-08T22:22:51+00:00","mainEntityOfPage":{"@id":"https:\/\/luxurymagazine.cz\/index.php\/2023\/02\/24\/6-kusu-obleceni-ktere-se-hodi-ke-vsemu\/"},"wordCount":839,"publisher":{"@id":"https:\/\/luxurymagazine.cz\/#organization"},"articleSection":["M\u00d3DA","NEWS","TIPY &amp; TRENDY"],"inLanguage":"cs"},{"@type":"WebPage","@id":"https:\/\/luxurymagazine.cz\/index.php\/2023\/02\/24\/6-kusu-obleceni-ktere-se-hodi-ke-vsemu\/","url":"https:\/\/luxurymagazine.cz\/index.php\/2023\/02\/24\/6-kusu-obleceni-ktere-se-hodi-ke-vsemu\/","name":"6 kus\u016f oble\u010den\u00ed, kter\u00e9 se hod\u00ed ke v\u0161emu - LUXURYMAGAZINE.cz","isPartOf":{"@id":"https:\/\/luxurymagazine.cz\/#website"},"datePublished":"2023-02-24T12:06:03+00:00","dateModified":"2023-04-08T22:22:51+00:00","breadcrumb":{"@id":"https:\/\/luxurymagazine.cz\/index.php\/2023\/02\/24\/6-kusu-obleceni-ktere-se-hodi-ke-vsemu\/#breadcrumb"},"inLanguage":"cs","potentialAction":[{"@type":"ReadAction","target":["https:\/\/luxurymagazine.cz\/index.php\/2023\/02\/24\/6-kusu-obleceni-ktere-se-hodi-ke-vsemu\/"]}]},{"@type":"BreadcrumbList","@id":"https:\/\/luxurymagazine.cz\/index.php\/2023\/02\/24\/6-kusu-obleceni-ktere-se-hodi-ke-vsemu\/#breadcrumb","itemListElement":[{"@type":"ListItem","position":1,"name":"Dom\u016f","item":"https:\/\/luxurymagazine.cz\/"},{"@type":"ListItem","position":2,"name":"6 kus\u016f oble\u010den\u00ed, kter\u00e9 se hod\u00ed ke v\u0161emu"}]},{"@type":"WebSite","@id":"https:\/\/luxurymagazine.cz\/#website","url":"https:\/\/luxurymagazine.cz\/","name":"LUXURYMAGAZINE.cz","description":"Port\u00e1l v\u00fdhradn\u011b o luxusu...","publisher":{"@id":"https:\/\/luxurymagazine.cz\/#organization"},"potentialAction":[{"@type":"SearchAction","target":{"@type":"EntryPoint","urlTemplate":"https:\/\/luxurymagazine.cz\/?s={search_term_string}"},"query-input":"required name=search_term_string"}],"inLanguage":"cs"},{"@type":"Organization","@id":"https:\/\/luxurymagazine.cz\/#organization","name":"LUXURYMAGAZINE.cz","url":"https:\/\/luxurymagazine.cz\/","logo":{"@type":"ImageObject","inLanguage":"cs","@id":"https:\/\/luxurymagazine.cz\/#\/schema\/logo\/image\/","url":"https:\/\/luxurymagazine.cz\/wp-content\/uploads\/2024\/12\/cropped-Logo_LuxuryMagazine-1.jpg","contentUrl":"https:\/\/luxurymagazine.cz\/wp-content\/uploads\/2024\/12\/cropped-Logo_LuxuryMagazine-1.jpg","width":934,"height":509,"caption":"LUXURYMAGAZINE.cz"},"image":{"@id":"https:\/\/luxurymagazine.cz\/#\/schema\/logo\/image\/"}},{"@type":"Person","@id":"https:\/\/luxurymagazine.cz\/#\/schema\/person\/581f64efd4b5872ac991ea3581f630dc","name":"Jolana Hol\u00e1\u0148ov\u00e1","image":{"@type":"ImageObject","inLanguage":"cs","@id":"https:\/\/luxurymagazine.cz\/#\/schema\/person\/image\/","url":"https:\/\/secure.gravatar.com\/avatar\/5863c504ed89cd419ff3a5e812c722ff?s=96&d=mm&r=g","contentUrl":"https:\/\/secure.gravatar.com\/avatar\/5863c504ed89cd419ff3a5e812c722ff?s=96&d=mm&r=g","caption":"Jolana Hol\u00e1\u0148ov\u00e1"},"sameAs":["http:\/\/LUXURYMAGAZINE.cz"],"url":"https:\/\/luxurymagazine.cz\/index.php\/author\/jolhol\/"}]}},"_links":{"self":[{"href":"https:\/\/luxurymagazine.cz\/index.php\/wp-json\/wp\/v2\/posts\/3358"}],"collection":[{"href":"https:\/\/luxurymagazine.cz\/index.php\/wp-json\/wp\/v2\/posts"}],"about":[{"href":"https:\/\/luxurymagazine.cz\/index.php\/wp-json\/wp\/v2\/types\/post"}],"author":[{"embeddable":true,"href":"https:\/\/luxurymagazine.cz\/index.php\/wp-json\/wp\/v2\/users\/2"}],"replies":[{"embeddable":true,"href":"https:\/\/luxurymagazine.cz\/index.php\/wp-json\/wp\/v2\/comments?post=3358"}],"version-history":[{"count":-4,"href":"https:\/\/luxurymagazine.cz\/index.php\/wp-json\/wp\/v2\/posts\/3358\/revisions"}],"wp:featuredmedia":[{"embeddable":true,"href":"https:\/\/luxurymagazine.cz\/index.php\/wp-json\/wp\/v2\/media\/3359"}],"wp:attachment":[{"href":"https:\/\/luxurymagazine.cz\/index.php\/wp-json\/wp\/v2\/media?parent=3358"}],"wp:term":[{"taxonomy":"category","embeddable":true,"href":"https:\/\/luxurymagazine.cz\/index.php\/wp-json\/wp\/v2\/categories?post=3358"},{"taxonomy":"post_tag","embeddable":true,"href":"https:\/\/luxurymagazine.cz\/index.php\/wp-json\/wp\/v2\/tags?post=3358"}],"curies":[{"name":"wp","href":"https:\/\/api.w.org\/{rel}","templated":true}]}}