{"id":3372,"date":"2023-03-01T14:52:43","date_gmt":"2023-03-01T13:52:43","guid":{"rendered":"https:\/\/luxurymagazine.cz\/?p=3372"},"modified":"2023-04-05T22:07:37","modified_gmt":"2023-04-05T20:07:37","slug":"oslavte-mezinarodni-den-zen-s-atriem-flora","status":"publish","type":"post","link":"https:\/\/luxurymagazine.cz\/index.php\/2023\/03\/01\/oslavte-mezinarodni-den-zen-s-atriem-flora\/","title":{"rendered":"Oslavte Mezin\u00e1rodn\u00ed den \u017een s Atriem Flora"},"content":{"rendered":"\n<div style=\"height:44px\" aria-hidden=\"true\" class=\"wp-block-spacer\"><\/div>\n\n\n\n<p><strong>Ud\u011blejte radost ostatn\u00edm nebo sob\u011b a oslavte Mezin\u00e1rodn\u00ed den \u017een v&nbsp;Atriu Flora. Najdete zde spoustu tip\u016f na vhodn\u00fd d\u00e1rek i p\u0159\u00edjemn\u00e9 pot\u011b\u0161en\u00ed. A\u0165 u\u017e chcete pot\u011b\u0161it samy sebe, nebo jinou \u017eenu, s&nbsp;obchodn\u00edm centrem neud\u011bl\u00e1te chybu.<\/strong><\/p>\n\n\n\n<div style=\"height:22px\" aria-hidden=\"true\" class=\"wp-block-spacer\"><\/div>\n\n\n\n<figure class=\"wp-block-image size-large\"><img decoding=\"async\" src=\"https:\/\/womenhouse.cz\/wp-content\/uploads\/2023\/03\/foto-flora_TTL-1024x601.png\" alt=\"\" class=\"wp-image-9296\"\/><\/figure>\n\n\n\n<div style=\"height:19px\" aria-hidden=\"true\" class=\"wp-block-spacer\"><\/div>\n\n\n\n<p>Mezin\u00e1rodn\u00ed den \u017een je sv\u00e1tek, kter\u00fd p\u0159ipad\u00e1 ka\u017ed\u00fd rok na 8. b\u0159ezna. I kdy\u017e radost \u017een\u00e1m je samoz\u0159ejm\u011b mo\u017en\u00e9 d\u011blat kdykoli, t\u0159eba pr\u00e1v\u011b tato p\u0159\u00edle\u017eitost poskytne tu spr\u00e1vnou motivaci pro pot\u011b\u0161en\u00ed.<\/p>\n\n\n\n<p>V&nbsp;Atriu Flora naleznete spoustu prodejen, ve kter\u00fdch m\u016f\u017eete po\u0159\u00eddit vhodn\u00e9 d\u00e1re\u010dky a pozornosti. A\u0165 u\u017e budete cht\u00edt ke Dni \u017een darovat novou knihu, romantick\u00fd kousek oble\u010den\u00ed nebo t\u0159eba dlouho vyhl\u00e9dnut\u00e9 boty, v&nbsp;obchodn\u00edm centru naleznete to prav\u00e9. Ne nadarmo se \u0159\u00edk\u00e1, \u017ee l\u00e1ska proch\u00e1z\u00ed \u017ealudkem, a proto v\u00e1m jist\u011b p\u0159ijdou vhod i prodejny s&nbsp;exkluzivn\u00edmi dobrotami, kter\u00e9 zah\u0159ej\u00ed u srdce.<\/p>\n\n\n\n<p>A pokud byste si s v\u00fdb\u011brem konkr\u00e9tn\u00edho d\u00e1rku nev\u011bd\u011bli rady, m\u016f\u017eete vsadit na jistotu v&nbsp;podob\u011b d\u00e1rkov\u00e9ho poukazu nebo digit\u00e1ln\u00ed d\u00e1rkov\u00e9 karty. V&nbsp;takov\u00e9m p\u0159\u00edpad\u011b si obdarovan\u00e1 m\u016f\u017ee vybrat sv\u016fj vysn\u011bn\u00fd d\u00e1rek sama a vy m\u016f\u017eete z\u016fstat klidn\u00ed, \u017ee jste nes\u00e1hli vedle.<\/p>\n\n\n\n<div style=\"height:21px\" aria-hidden=\"true\" class=\"wp-block-spacer\"><\/div>\n\n\n\n<figure class=\"wp-block-image size-large\"><img decoding=\"async\" src=\"https:\/\/womenhouse.cz\/wp-content\/uploads\/2023\/03\/foto-flora-1024x1024.png\" alt=\"\" class=\"wp-image-9293\"\/><\/figure>\n\n\n\n<div style=\"height:18px\" aria-hidden=\"true\" class=\"wp-block-spacer\"><\/div>\n\n\n\n<p>D\u00e1rkov\u00e9 poukazy jsou ke koupi na recepci spr\u00e1vy centra ka\u017ed\u00fd v\u0161edn\u00ed den od 10 do 16 hodin. Poukaz obdr\u017e\u00edte ve fyzick\u00e9 podob\u011b a ur\u010dit\u011b mu bude slu\u0161et p\u011bkn\u00e1 ob\u00e1lka, do kter\u00e9 v\u00e1m jej vlo\u017e\u00edme. Hodnota poukazu m\u016f\u017ee b\u00fdt ve v\u00fd\u0161i 100, 500 nebo 1000 korun a na jeho vy\u010derp\u00e1n\u00ed je 12 m\u011bs\u00edc\u016f od data po\u0159\u00edzen\u00ed. Poukaz lze vy\u010derpat pouze v&nbsp;pln\u00e9 v\u00fd\u0161i najednou.<\/p>\n\n\n\n<p>Pokud sh\u00e1n\u00edte d\u00e1rek na posledn\u00ed chv\u00edli nebo se jen nest\u00edh\u00e1te v&nbsp;centru stavit, m\u016f\u017eete m\u00edsto poukazu po\u0159\u00eddit digit\u00e1ln\u00ed d\u00e1rkovou kartu. Objednat ji lze pohodln\u011b on-line na webov\u00fdch str\u00e1nk\u00e1ch Atria Flora a n\u00e1sledn\u011b se v&nbsp;e-mailu dozv\u00edte, jak kartu registrovat a vyu\u017e\u00edvat. Tuto digit\u00e1ln\u00ed kartu je mo\u017en\u00e9 p\u0159idat do digit\u00e1ln\u00ed pen\u011b\u017eenky, a m\u00edt ji tak neust\u00e1le u sebe ve sv\u00e9m mobiln\u00edm telefonu \u2013 tam je tak\u00e9 mo\u017en\u00e9 kontrolovat z\u016fstatek na kart\u011b. Jej\u00ed platnost je stejn\u011b jako v&nbsp;p\u0159\u00edpad\u011b d\u00e1rkov\u00fdch poukaz\u016f 12 m\u011bs\u00edc\u016f od objedn\u00e1n\u00ed.<\/p>\n\n\n\n<div style=\"height:19px\" aria-hidden=\"true\" class=\"wp-block-spacer\"><\/div>\n\n\n\n<figure class=\"wp-block-image size-large\"><img decoding=\"async\" src=\"https:\/\/womenhouse.cz\/wp-content\/uploads\/2023\/03\/oc-flora-1-1024x684.jpg\" alt=\"\" class=\"wp-image-9295\"\/><\/figure>\n\n\n\n<div style=\"height:20px\" aria-hidden=\"true\" class=\"wp-block-spacer\"><\/div>\n\n\n\n<p><strong>Informace o d\u00e1rkov\u00fdch poukazech a digit\u00e1ln\u00edch kart\u00e1ch stejn\u011b jako o novink\u00e1ch a provozu Atria Flora najdete na webov\u00fdch str\u00e1nk\u00e1ch <a href=\"http:\/\/www.atrium-flora.cz\/\">http:\/\/www.atrium-flora.cz\/<\/a> nebo na Facebooku <a href=\"https:\/\/www.facebook.com\/AtriumFlora\">https:\/\/www.facebook.com\/AtriumFlora<\/a>.<\/strong><\/p>\n\n\n\n<div style=\"height:100px\" aria-hidden=\"true\" class=\"wp-block-spacer\"><\/div>\n\n\n\n<p><strong>Zdroj foto:<\/strong>  <strong>Atrium Flora<\/strong> <\/p>\n\n\n\n<div style=\"height:100px\" aria-hidden=\"true\" class=\"wp-block-spacer\"><\/div>\n","protected":false},"excerpt":{"rendered":"<p>Ud\u011blejte radost ostatn\u00edm nebo sob\u011b a oslavte Mezin\u00e1rodn\u00ed den \u017een v&nbsp;Atriu Flora. Najdete zde spoustu tip\u016f na vhodn\u00fd d\u00e1rek i p\u0159\u00edjemn\u00e9 pot\u011b\u0161en\u00ed. A\u0165 u\u017e chcete pot\u011b\u0161it samy sebe, nebo jinou \u017eenu, s&nbsp;obchodn\u00edm centrem neud\u011bl\u00e1te chybu. Mezin\u00e1rodn\u00ed den \u017een je sv\u00e1tek, kter\u00fd p\u0159ipad\u00e1 ka\u017ed\u00fd rok na 8. b\u0159ezna. I kdy\u017e radost \u017een\u00e1m je samoz\u0159ejm\u011b mo\u017en\u00e9 d\u011blat [&hellip;]<\/p>\n","protected":false},"author":2,"featured_media":3373,"comment_status":"closed","ping_status":"closed","sticky":false,"template":"","format":"standard","meta":{"_mi_skip_tracking":false,"_monsterinsights_sitenote_active":false,"_monsterinsights_sitenote_note":"","_monsterinsights_sitenote_category":0,"footnotes":""},"categories":[11,3,2,13],"tags":[],"yoast_head":"<!-- This site is optimized with the Yoast SEO plugin v21.4 - https:\/\/yoast.com\/wordpress\/plugins\/seo\/ -->\n<title>Oslavte Mezin\u00e1rodn\u00ed den \u017een s Atriem Flora - LUXURYMAGAZINE.cz<\/title>\n<meta name=\"robots\" content=\"index, follow, max-snippet:-1, max-image-preview:large, max-video-preview:-1\" \/>\n<link rel=\"canonical\" href=\"https:\/\/luxurymagazine.cz\/index.php\/2023\/03\/01\/oslavte-mezinarodni-den-zen-s-atriem-flora\/\" \/>\n<meta property=\"og:locale\" content=\"cs_CZ\" \/>\n<meta property=\"og:type\" content=\"article\" \/>\n<meta property=\"og:title\" content=\"Oslavte Mezin\u00e1rodn\u00ed den \u017een s Atriem Flora - LUXURYMAGAZINE.cz\" \/>\n<meta property=\"og:description\" content=\"Ud\u011blejte radost ostatn\u00edm nebo sob\u011b a oslavte Mezin\u00e1rodn\u00ed den \u017een v&nbsp;Atriu Flora. Najdete zde spoustu tip\u016f na vhodn\u00fd d\u00e1rek i p\u0159\u00edjemn\u00e9 pot\u011b\u0161en\u00ed. A\u0165 u\u017e chcete pot\u011b\u0161it samy sebe, nebo jinou \u017eenu, s&nbsp;obchodn\u00edm centrem neud\u011bl\u00e1te chybu. Mezin\u00e1rodn\u00ed den \u017een je sv\u00e1tek, kter\u00fd p\u0159ipad\u00e1 ka\u017ed\u00fd rok na 8. b\u0159ezna. I kdy\u017e radost \u017een\u00e1m je samoz\u0159ejm\u011b mo\u017en\u00e9 d\u011blat [&hellip;]\" \/>\n<meta property=\"og:url\" content=\"https:\/\/luxurymagazine.cz\/index.php\/2023\/03\/01\/oslavte-mezinarodni-den-zen-s-atriem-flora\/\" \/>\n<meta property=\"og:site_name\" content=\"LUXURYMAGAZINE.cz\" \/>\n<meta property=\"article:published_time\" content=\"2023-03-01T13:52:43+00:00\" \/>\n<meta property=\"article:modified_time\" content=\"2023-04-05T20:07:37+00:00\" \/>\n<meta property=\"og:image\" content=\"https:\/\/luxurymagazine.cz\/wp-content\/uploads\/2023\/03\/foto-flora.png\" \/>\n\t<meta property=\"og:image:width\" content=\"1200\" \/>\n\t<meta property=\"og:image:height\" content=\"1200\" \/>\n\t<meta property=\"og:image:type\" content=\"image\/png\" \/>\n<meta name=\"author\" content=\"Jolana Hol\u00e1\u0148ov\u00e1\" \/>\n<meta name=\"twitter:card\" content=\"summary_large_image\" \/>\n<meta name=\"twitter:label1\" content=\"Napsal(a)\" \/>\n\t<meta name=\"twitter:data1\" content=\"Jolana Hol\u00e1\u0148ov\u00e1\" \/>\n\t<meta name=\"twitter:label2\" content=\"Odhadovan\u00e1 doba \u010dten\u00ed\" \/>\n\t<meta name=\"twitter:data2\" content=\"2 minuty\" \/>\n<script type=\"application\/ld+json\" class=\"yoast-schema-graph\">{\"@context\":\"https:\/\/schema.org\",\"@graph\":[{\"@type\":\"Article\",\"@id\":\"https:\/\/luxurymagazine.cz\/index.php\/2023\/03\/01\/oslavte-mezinarodni-den-zen-s-atriem-flora\/#article\",\"isPartOf\":{\"@id\":\"https:\/\/luxurymagazine.cz\/index.php\/2023\/03\/01\/oslavte-mezinarodni-den-zen-s-atriem-flora\/\"},\"author\":{\"name\":\"Jolana Hol\u00e1\u0148ov\u00e1\",\"@id\":\"https:\/\/luxurymagazine.cz\/#\/schema\/person\/581f64efd4b5872ac991ea3581f630dc\"},\"headline\":\"Oslavte Mezin\u00e1rodn\u00ed den \u017een s Atriem Flora\",\"datePublished\":\"2023-03-01T13:52:43+00:00\",\"dateModified\":\"2023-04-05T20:07:37+00:00\",\"mainEntityOfPage\":{\"@id\":\"https:\/\/luxurymagazine.cz\/index.php\/2023\/03\/01\/oslavte-mezinarodni-den-zen-s-atriem-flora\/\"},\"wordCount\":488,\"publisher\":{\"@id\":\"https:\/\/luxurymagazine.cz\/#organization\"},\"articleSection\":[\"KOSMETIKA &amp; BEAUTY\",\"M\u00d3DA\",\"NEWS\",\"TIPY &amp; TRENDY\"],\"inLanguage\":\"cs\"},{\"@type\":\"WebPage\",\"@id\":\"https:\/\/luxurymagazine.cz\/index.php\/2023\/03\/01\/oslavte-mezinarodni-den-zen-s-atriem-flora\/\",\"url\":\"https:\/\/luxurymagazine.cz\/index.php\/2023\/03\/01\/oslavte-mezinarodni-den-zen-s-atriem-flora\/\",\"name\":\"Oslavte Mezin\u00e1rodn\u00ed den \u017een s Atriem Flora - LUXURYMAGAZINE.cz\",\"isPartOf\":{\"@id\":\"https:\/\/luxurymagazine.cz\/#website\"},\"datePublished\":\"2023-03-01T13:52:43+00:00\",\"dateModified\":\"2023-04-05T20:07:37+00:00\",\"breadcrumb\":{\"@id\":\"https:\/\/luxurymagazine.cz\/index.php\/2023\/03\/01\/oslavte-mezinarodni-den-zen-s-atriem-flora\/#breadcrumb\"},\"inLanguage\":\"cs\",\"potentialAction\":[{\"@type\":\"ReadAction\",\"target\":[\"https:\/\/luxurymagazine.cz\/index.php\/2023\/03\/01\/oslavte-mezinarodni-den-zen-s-atriem-flora\/\"]}]},{\"@type\":\"BreadcrumbList\",\"@id\":\"https:\/\/luxurymagazine.cz\/index.php\/2023\/03\/01\/oslavte-mezinarodni-den-zen-s-atriem-flora\/#breadcrumb\",\"itemListElement\":[{\"@type\":\"ListItem\",\"position\":1,\"name\":\"Dom\u016f\",\"item\":\"https:\/\/luxurymagazine.cz\/\"},{\"@type\":\"ListItem\",\"position\":2,\"name\":\"Oslavte Mezin\u00e1rodn\u00ed den \u017een s Atriem Flora\"}]},{\"@type\":\"WebSite\",\"@id\":\"https:\/\/luxurymagazine.cz\/#website\",\"url\":\"https:\/\/luxurymagazine.cz\/\",\"name\":\"LUXURYMAGAZINE.cz\",\"description\":\"Port\u00e1l v\u00fdhradn\u011b o luxusu...\",\"publisher\":{\"@id\":\"https:\/\/luxurymagazine.cz\/#organization\"},\"potentialAction\":[{\"@type\":\"SearchAction\",\"target\":{\"@type\":\"EntryPoint\",\"urlTemplate\":\"https:\/\/luxurymagazine.cz\/?s={search_term_string}\"},\"query-input\":\"required name=search_term_string\"}],\"inLanguage\":\"cs\"},{\"@type\":\"Organization\",\"@id\":\"https:\/\/luxurymagazine.cz\/#organization\",\"name\":\"LUXURYMAGAZINE.cz\",\"url\":\"https:\/\/luxurymagazine.cz\/\",\"logo\":{\"@type\":\"ImageObject\",\"inLanguage\":\"cs\",\"@id\":\"https:\/\/luxurymagazine.cz\/#\/schema\/logo\/image\/\",\"url\":\"https:\/\/luxurymagazine.cz\/wp-content\/uploads\/2024\/12\/cropped-Logo_LuxuryMagazine-1.jpg\",\"contentUrl\":\"https:\/\/luxurymagazine.cz\/wp-content\/uploads\/2024\/12\/cropped-Logo_LuxuryMagazine-1.jpg\",\"width\":934,\"height\":509,\"caption\":\"LUXURYMAGAZINE.cz\"},\"image\":{\"@id\":\"https:\/\/luxurymagazine.cz\/#\/schema\/logo\/image\/\"}},{\"@type\":\"Person\",\"@id\":\"https:\/\/luxurymagazine.cz\/#\/schema\/person\/581f64efd4b5872ac991ea3581f630dc\",\"name\":\"Jolana Hol\u00e1\u0148ov\u00e1\",\"image\":{\"@type\":\"ImageObject\",\"inLanguage\":\"cs\",\"@id\":\"https:\/\/luxurymagazine.cz\/#\/schema\/person\/image\/\",\"url\":\"https:\/\/secure.gravatar.com\/avatar\/5863c504ed89cd419ff3a5e812c722ff?s=96&d=mm&r=g\",\"contentUrl\":\"https:\/\/secure.gravatar.com\/avatar\/5863c504ed89cd419ff3a5e812c722ff?s=96&d=mm&r=g\",\"caption\":\"Jolana Hol\u00e1\u0148ov\u00e1\"},\"sameAs\":[\"http:\/\/LUXURYMAGAZINE.cz\"],\"url\":\"https:\/\/luxurymagazine.cz\/index.php\/author\/jolhol\/\"}]}<\/script>\n<!-- \/ Yoast SEO plugin. -->","yoast_head_json":{"title":"Oslavte Mezin\u00e1rodn\u00ed den \u017een s Atriem Flora - LUXURYMAGAZINE.cz","robots":{"index":"index","follow":"follow","max-snippet":"max-snippet:-1","max-image-preview":"max-image-preview:large","max-video-preview":"max-video-preview:-1"},"canonical":"https:\/\/luxurymagazine.cz\/index.php\/2023\/03\/01\/oslavte-mezinarodni-den-zen-s-atriem-flora\/","og_locale":"cs_CZ","og_type":"article","og_title":"Oslavte Mezin\u00e1rodn\u00ed den \u017een s Atriem Flora - LUXURYMAGAZINE.cz","og_description":"Ud\u011blejte radost ostatn\u00edm nebo sob\u011b a oslavte Mezin\u00e1rodn\u00ed den \u017een v&nbsp;Atriu Flora. Najdete zde spoustu tip\u016f na vhodn\u00fd d\u00e1rek i p\u0159\u00edjemn\u00e9 pot\u011b\u0161en\u00ed. A\u0165 u\u017e chcete pot\u011b\u0161it samy sebe, nebo jinou \u017eenu, s&nbsp;obchodn\u00edm centrem neud\u011bl\u00e1te chybu. Mezin\u00e1rodn\u00ed den \u017een je sv\u00e1tek, kter\u00fd p\u0159ipad\u00e1 ka\u017ed\u00fd rok na 8. b\u0159ezna. I kdy\u017e radost \u017een\u00e1m je samoz\u0159ejm\u011b mo\u017en\u00e9 d\u011blat [&hellip;]","og_url":"https:\/\/luxurymagazine.cz\/index.php\/2023\/03\/01\/oslavte-mezinarodni-den-zen-s-atriem-flora\/","og_site_name":"LUXURYMAGAZINE.cz","article_published_time":"2023-03-01T13:52:43+00:00","article_modified_time":"2023-04-05T20:07:37+00:00","og_image":[{"width":1200,"height":1200,"url":"https:\/\/luxurymagazine.cz\/wp-content\/uploads\/2023\/03\/foto-flora.png","type":"image\/png"}],"author":"Jolana Hol\u00e1\u0148ov\u00e1","twitter_card":"summary_large_image","twitter_misc":{"Napsal(a)":"Jolana Hol\u00e1\u0148ov\u00e1","Odhadovan\u00e1 doba \u010dten\u00ed":"2 minuty"},"schema":{"@context":"https:\/\/schema.org","@graph":[{"@type":"Article","@id":"https:\/\/luxurymagazine.cz\/index.php\/2023\/03\/01\/oslavte-mezinarodni-den-zen-s-atriem-flora\/#article","isPartOf":{"@id":"https:\/\/luxurymagazine.cz\/index.php\/2023\/03\/01\/oslavte-mezinarodni-den-zen-s-atriem-flora\/"},"author":{"name":"Jolana Hol\u00e1\u0148ov\u00e1","@id":"https:\/\/luxurymagazine.cz\/#\/schema\/person\/581f64efd4b5872ac991ea3581f630dc"},"headline":"Oslavte Mezin\u00e1rodn\u00ed den \u017een s Atriem Flora","datePublished":"2023-03-01T13:52:43+00:00","dateModified":"2023-04-05T20:07:37+00:00","mainEntityOfPage":{"@id":"https:\/\/luxurymagazine.cz\/index.php\/2023\/03\/01\/oslavte-mezinarodni-den-zen-s-atriem-flora\/"},"wordCount":488,"publisher":{"@id":"https:\/\/luxurymagazine.cz\/#organization"},"articleSection":["KOSMETIKA &amp; BEAUTY","M\u00d3DA","NEWS","TIPY &amp; TRENDY"],"inLanguage":"cs"},{"@type":"WebPage","@id":"https:\/\/luxurymagazine.cz\/index.php\/2023\/03\/01\/oslavte-mezinarodni-den-zen-s-atriem-flora\/","url":"https:\/\/luxurymagazine.cz\/index.php\/2023\/03\/01\/oslavte-mezinarodni-den-zen-s-atriem-flora\/","name":"Oslavte Mezin\u00e1rodn\u00ed den \u017een s Atriem Flora - LUXURYMAGAZINE.cz","isPartOf":{"@id":"https:\/\/luxurymagazine.cz\/#website"},"datePublished":"2023-03-01T13:52:43+00:00","dateModified":"2023-04-05T20:07:37+00:00","breadcrumb":{"@id":"https:\/\/luxurymagazine.cz\/index.php\/2023\/03\/01\/oslavte-mezinarodni-den-zen-s-atriem-flora\/#breadcrumb"},"inLanguage":"cs","potentialAction":[{"@type":"ReadAction","target":["https:\/\/luxurymagazine.cz\/index.php\/2023\/03\/01\/oslavte-mezinarodni-den-zen-s-atriem-flora\/"]}]},{"@type":"BreadcrumbList","@id":"https:\/\/luxurymagazine.cz\/index.php\/2023\/03\/01\/oslavte-mezinarodni-den-zen-s-atriem-flora\/#breadcrumb","itemListElement":[{"@type":"ListItem","position":1,"name":"Dom\u016f","item":"https:\/\/luxurymagazine.cz\/"},{"@type":"ListItem","position":2,"name":"Oslavte Mezin\u00e1rodn\u00ed den \u017een s Atriem Flora"}]},{"@type":"WebSite","@id":"https:\/\/luxurymagazine.cz\/#website","url":"https:\/\/luxurymagazine.cz\/","name":"LUXURYMAGAZINE.cz","description":"Port\u00e1l v\u00fdhradn\u011b o luxusu...","publisher":{"@id":"https:\/\/luxurymagazine.cz\/#organization"},"potentialAction":[{"@type":"SearchAction","target":{"@type":"EntryPoint","urlTemplate":"https:\/\/luxurymagazine.cz\/?s={search_term_string}"},"query-input":"required name=search_term_string"}],"inLanguage":"cs"},{"@type":"Organization","@id":"https:\/\/luxurymagazine.cz\/#organization","name":"LUXURYMAGAZINE.cz","url":"https:\/\/luxurymagazine.cz\/","logo":{"@type":"ImageObject","inLanguage":"cs","@id":"https:\/\/luxurymagazine.cz\/#\/schema\/logo\/image\/","url":"https:\/\/luxurymagazine.cz\/wp-content\/uploads\/2024\/12\/cropped-Logo_LuxuryMagazine-1.jpg","contentUrl":"https:\/\/luxurymagazine.cz\/wp-content\/uploads\/2024\/12\/cropped-Logo_LuxuryMagazine-1.jpg","width":934,"height":509,"caption":"LUXURYMAGAZINE.cz"},"image":{"@id":"https:\/\/luxurymagazine.cz\/#\/schema\/logo\/image\/"}},{"@type":"Person","@id":"https:\/\/luxurymagazine.cz\/#\/schema\/person\/581f64efd4b5872ac991ea3581f630dc","name":"Jolana Hol\u00e1\u0148ov\u00e1","image":{"@type":"ImageObject","inLanguage":"cs","@id":"https:\/\/luxurymagazine.cz\/#\/schema\/person\/image\/","url":"https:\/\/secure.gravatar.com\/avatar\/5863c504ed89cd419ff3a5e812c722ff?s=96&d=mm&r=g","contentUrl":"https:\/\/secure.gravatar.com\/avatar\/5863c504ed89cd419ff3a5e812c722ff?s=96&d=mm&r=g","caption":"Jolana Hol\u00e1\u0148ov\u00e1"},"sameAs":["http:\/\/LUXURYMAGAZINE.cz"],"url":"https:\/\/luxurymagazine.cz\/index.php\/author\/jolhol\/"}]}},"_links":{"self":[{"href":"https:\/\/luxurymagazine.cz\/index.php\/wp-json\/wp\/v2\/posts\/3372"}],"collection":[{"href":"https:\/\/luxurymagazine.cz\/index.php\/wp-json\/wp\/v2\/posts"}],"about":[{"href":"https:\/\/luxurymagazine.cz\/index.php\/wp-json\/wp\/v2\/types\/post"}],"author":[{"embeddable":true,"href":"https:\/\/luxurymagazine.cz\/index.php\/wp-json\/wp\/v2\/users\/2"}],"replies":[{"embeddable":true,"href":"https:\/\/luxurymagazine.cz\/index.php\/wp-json\/wp\/v2\/comments?post=3372"}],"version-history":[{"count":-4,"href":"https:\/\/luxurymagazine.cz\/index.php\/wp-json\/wp\/v2\/posts\/3372\/revisions"}],"wp:featuredmedia":[{"embeddable":true,"href":"https:\/\/luxurymagazine.cz\/index.php\/wp-json\/wp\/v2\/media\/3373"}],"wp:attachment":[{"href":"https:\/\/luxurymagazine.cz\/index.php\/wp-json\/wp\/v2\/media?parent=3372"}],"wp:term":[{"taxonomy":"category","embeddable":true,"href":"https:\/\/luxurymagazine.cz\/index.php\/wp-json\/wp\/v2\/categories?post=3372"},{"taxonomy":"post_tag","embeddable":true,"href":"https:\/\/luxurymagazine.cz\/index.php\/wp-json\/wp\/v2\/tags?post=3372"}],"curies":[{"name":"wp","href":"https:\/\/api.w.org\/{rel}","templated":true}]}}