{"id":3391,"date":"2023-03-09T00:46:00","date_gmt":"2023-03-08T23:46:00","guid":{"rendered":"https:\/\/luxurymagazine.cz\/?p=3391"},"modified":"2023-04-12T17:45:31","modified_gmt":"2023-04-12T15:45:31","slug":"nechte-si-vytvorit-e-shop-profesionalem","status":"publish","type":"post","link":"https:\/\/luxurymagazine.cz\/index.php\/2023\/03\/09\/nechte-si-vytvorit-e-shop-profesionalem\/","title":{"rendered":"Nechte si vytvo\u0159it e-shop profesion\u00e1lem"},"content":{"rendered":"\n<div style=\"height:28px\" aria-hidden=\"true\" class=\"wp-block-spacer\"><\/div>\n\n\n\n<p><strong>Pokud zva\u017eujete vytvo\u0159en\u00ed e-shopu, m\u016f\u017ee se v\u00e1m zd\u00e1t, \u017ee to zvl\u00e1dnete sami. Av\u0161ak, vytvo\u0159en\u00ed kvalitn\u00edho a funk\u010dn\u00edho e-shopu nen\u00ed jednoduch\u00e9 a m\u016f\u017ee zabrat spoustu \u010dasu a energie. Proto je dobr\u00e9 zva\u017eovat spolupr\u00e1ci s profesion\u00e1lem, kter\u00fd v\u00e1m m\u016f\u017ee pomoci s tvorbou e-shopu, od n\u00e1vrhu a\u017e po spu\u0161t\u011bn\u00ed. Ka\u017ed\u00fd dobr\u00fd IT specialista v\u00ed, \u017ee nejde jenom o tvorbu e-shopu, ale tak\u00e9 o UI a UX, aby se v\u0161em Va\u0161im z\u00e1kazn\u00edk\u016fm dob\u0159e pracovalo.<\/strong><\/p>\n\n\n\n<div style=\"height:20px\" aria-hidden=\"true\" class=\"wp-block-spacer\"><\/div>\n\n\n\n<figure class=\"wp-block-image size-large\"><img decoding=\"async\" loading=\"lazy\" width=\"1024\" height=\"439\" src=\"https:\/\/luxurymagazine.cz\/wp-content\/uploads\/2023\/03\/ecommerce-2140603_1280-1024x439.jpg\" alt=\"Nechte si vytvo\u0159it e-shop profesion\u00e1lem\" class=\"wp-image-3392\" srcset=\"https:\/\/luxurymagazine.cz\/wp-content\/uploads\/2023\/03\/ecommerce-2140603_1280-1024x439.jpg 1024w, https:\/\/luxurymagazine.cz\/wp-content\/uploads\/2023\/03\/ecommerce-2140603_1280-300x129.jpg 300w, https:\/\/luxurymagazine.cz\/wp-content\/uploads\/2023\/03\/ecommerce-2140603_1280-768x329.jpg 768w, https:\/\/luxurymagazine.cz\/wp-content\/uploads\/2023\/03\/ecommerce-2140603_1280.jpg 1280w\" sizes=\"(max-width: 1024px) 100vw, 1024px\" \/><\/figure>\n\n\n\n<div style=\"height:20px\" aria-hidden=\"true\" class=\"wp-block-spacer\"><\/div>\n\n\n\n<h2 class=\"wp-block-heading\">5 hlavn\u00edch d\u016fvod\u016f pro\u010d na vytvo\u0159en\u00ed e-shopu volit profesion\u00e1la<\/h2>\n\n\n\n<ol><li><strong>Zku\u0161enosti a odbornost:<\/strong>&nbsp;Profesion\u00e1l v oboru m\u00e1 nejen znalosti a zku\u0161enosti v<strong>&nbsp;<a href=\"https:\/\/wpdistro.cz\/10-duvodu-proc-tvorit-e-shop-na-wordpress\/\">tvorb\u011b e-shop\u016f<\/a><\/strong>, ale tak\u00e9 v oblasti designu, marketingu a obchodu. M\u00e1 tedy celkov\u00fd p\u0159ehled a dok\u00e1\u017ee poradit s t\u00edm, jak\u00fdm zp\u016fsobem by m\u011bl b\u00fdt e-shop navr\u017een, aby byl co nejv\u00edce p\u0159ita\u017eliv\u00fd a z\u00e1rove\u0148 funk\u010dn\u00ed.<\/li><li><strong>Unik\u00e1tn\u00ed design:<\/strong>&nbsp;E-shop by m\u011bl b\u00fdt navr\u017een tak, aby se vymykal ostatn\u00edm a byl co nejv\u00edce p\u0159ita\u017eliv\u00fd pro potenci\u00e1ln\u00ed z\u00e1kazn\u00edky. Profesion\u00e1l v oblasti designu dok\u00e1\u017ee vytvo\u0159it unik\u00e1tn\u00ed design, kter\u00fd bude v souladu s va\u0161\u00ed firemn\u00ed identitou a c\u00edli.<\/li><li><strong>Funk\u010dnost e-shopu:<\/strong>&nbsp;Profesion\u00e1l v oboru m\u00e1 zku\u0161enosti s tvorbou funk\u010dn\u00edch e-shop\u016f, kter\u00e9 jsou snadno pou\u017eiteln\u00e9 a dob\u0159e se s nimi pracuje na v\u0161ech za\u0159\u00edzen\u00edch. To znamen\u00e1, \u017ee v\u00e1\u0161 e-shop bude m\u00edt rychlou odezvu, bude snadno navigovateln\u00fd a bude podporovat r\u016fzn\u00e9 platby a zp\u016fsoby doru\u010den\u00ed.<\/li><li><strong>SEO optimalizace:<\/strong>&nbsp;Profesion\u00e1l v oblasti online marketingu a SEO m\u00e1 znalosti a zku\u0161enosti s optimalizac\u00ed e-shop\u016f pro vyhled\u00e1va\u010de. Pom\u016f\u017ee v\u00e1m vytvo\u0159it obsah, kter\u00fd bude optimalizovan\u00fd pro vyhled\u00e1va\u010de, co\u017e v\u00e1m pom\u016f\u017ee z\u00edskat v\u00edce n\u00e1v\u0161t\u011bvnosti a z\u00e1kazn\u00edk\u016f.<\/li><li><strong>Podpora a \u00fadr\u017eba:<\/strong>&nbsp;Profesion\u00e1l v oboru bude schopen poskytnout podporu a \u00fadr\u017ebu va\u0161eho e-shopu i po jeho spu\u0161t\u011bn\u00ed. Zajist\u00ed, aby va\u0161e str\u00e1nky byly v bezpe\u010d\u00ed a aktualizovan\u00e9, co\u017e je velmi d\u016fle\u017eit\u00e9 pro stabilitu a \u00fasp\u011bch va\u0161eho e-shopu.<\/li><\/ol>\n\n\n\n<p><strong><a href=\"https:\/\/wpdistro.cz\/tvorba-e-shopu\/\">Tvorba e-shopu<\/a>&nbsp;<\/strong>m\u016f\u017ee b\u00fdt velmi jednoduch\u00e1, ale pokud pot\u0159ebujete specializovan\u00fd e-shop, kter\u00fd V\u00e1m m\u00e1 p\u0159in\u00e1\u0161et dal\u0161\u00ed zisky je dobr\u00e9 vsadit na celosv\u011btov\u011b ov\u011b\u0159en\u00e9 a nejv\u011bt\u0161\u00ed e-shopov\u00e9 \u0159e\u0161en\u00ed a t\u00edm je WordPress.&nbsp;<\/p>\n\n\n\n<div style=\"height:60px\" aria-hidden=\"true\" class=\"wp-block-spacer\"><\/div>\n\n\n\n<p><strong>Zdroj foto:<\/strong> wpdistro.cz, Pixabay.com<\/p>\n\n\n\n<div style=\"height:35px\" aria-hidden=\"true\" class=\"wp-block-spacer\"><\/div>\n\n\n\n<p><\/p>\n","protected":false},"excerpt":{"rendered":"<p>Pokud zva\u017eujete vytvo\u0159en\u00ed e-shopu, m\u016f\u017ee se v\u00e1m zd\u00e1t, \u017ee to zvl\u00e1dnete sami. Av\u0161ak, vytvo\u0159en\u00ed kvalitn\u00edho a funk\u010dn\u00edho e-shopu nen\u00ed jednoduch\u00e9 a m\u016f\u017ee zabrat spoustu \u010dasu a energie. Proto je dobr\u00e9 zva\u017eovat spolupr\u00e1ci s profesion\u00e1lem, kter\u00fd v\u00e1m m\u016f\u017ee pomoci s tvorbou e-shopu, od n\u00e1vrhu a\u017e po spu\u0161t\u011bn\u00ed. Ka\u017ed\u00fd dobr\u00fd IT specialista v\u00ed, \u017ee nejde jenom o [&hellip;]<\/p>\n","protected":false},"author":3,"featured_media":3392,"comment_status":"closed","ping_status":"closed","sticky":false,"template":"","format":"standard","meta":{"_mi_skip_tracking":false,"_monsterinsights_sitenote_active":false,"_monsterinsights_sitenote_note":"","_monsterinsights_sitenote_category":0,"footnotes":""},"categories":[15,2,9,13],"tags":[],"yoast_head":"<!-- This site is optimized with the Yoast SEO plugin v21.4 - https:\/\/yoast.com\/wordpress\/plugins\/seo\/ -->\n<title>Nechte si vytvo\u0159it e-shop profesion\u00e1lem - LUXURYMAGAZINE.cz<\/title>\n<meta name=\"robots\" content=\"index, follow, max-snippet:-1, max-image-preview:large, max-video-preview:-1\" \/>\n<link rel=\"canonical\" href=\"https:\/\/luxurymagazine.cz\/index.php\/2023\/03\/09\/nechte-si-vytvorit-e-shop-profesionalem\/\" \/>\n<meta property=\"og:locale\" content=\"cs_CZ\" \/>\n<meta property=\"og:type\" content=\"article\" \/>\n<meta property=\"og:title\" content=\"Nechte si vytvo\u0159it e-shop profesion\u00e1lem - LUXURYMAGAZINE.cz\" \/>\n<meta property=\"og:description\" content=\"Pokud zva\u017eujete vytvo\u0159en\u00ed e-shopu, m\u016f\u017ee se v\u00e1m zd\u00e1t, \u017ee to zvl\u00e1dnete sami. Av\u0161ak, vytvo\u0159en\u00ed kvalitn\u00edho a funk\u010dn\u00edho e-shopu nen\u00ed jednoduch\u00e9 a m\u016f\u017ee zabrat spoustu \u010dasu a energie. Proto je dobr\u00e9 zva\u017eovat spolupr\u00e1ci s profesion\u00e1lem, kter\u00fd v\u00e1m m\u016f\u017ee pomoci s tvorbou e-shopu, od n\u00e1vrhu a\u017e po spu\u0161t\u011bn\u00ed. Ka\u017ed\u00fd dobr\u00fd IT specialista v\u00ed, \u017ee nejde jenom o [&hellip;]\" \/>\n<meta property=\"og:url\" content=\"https:\/\/luxurymagazine.cz\/index.php\/2023\/03\/09\/nechte-si-vytvorit-e-shop-profesionalem\/\" \/>\n<meta property=\"og:site_name\" content=\"LUXURYMAGAZINE.cz\" \/>\n<meta property=\"article:published_time\" content=\"2023-03-08T23:46:00+00:00\" \/>\n<meta property=\"article:modified_time\" content=\"2023-04-12T15:45:31+00:00\" \/>\n<meta property=\"og:image\" content=\"https:\/\/luxurymagazine.cz\/wp-content\/uploads\/2023\/03\/ecommerce-2140603_1280.jpg\" \/>\n\t<meta property=\"og:image:width\" content=\"1280\" \/>\n\t<meta property=\"og:image:height\" content=\"549\" \/>\n\t<meta property=\"og:image:type\" content=\"image\/jpeg\" \/>\n<meta name=\"author\" content=\"Miroslav Van\u011bk\" \/>\n<meta name=\"twitter:card\" content=\"summary_large_image\" \/>\n<meta name=\"twitter:label1\" content=\"Napsal(a)\" \/>\n\t<meta name=\"twitter:data1\" content=\"Miroslav Van\u011bk\" \/>\n\t<meta name=\"twitter:label2\" content=\"Odhadovan\u00e1 doba \u010dten\u00ed\" \/>\n\t<meta name=\"twitter:data2\" content=\"2 minuty\" \/>\n<script type=\"application\/ld+json\" class=\"yoast-schema-graph\">{\"@context\":\"https:\/\/schema.org\",\"@graph\":[{\"@type\":\"Article\",\"@id\":\"https:\/\/luxurymagazine.cz\/index.php\/2023\/03\/09\/nechte-si-vytvorit-e-shop-profesionalem\/#article\",\"isPartOf\":{\"@id\":\"https:\/\/luxurymagazine.cz\/index.php\/2023\/03\/09\/nechte-si-vytvorit-e-shop-profesionalem\/\"},\"author\":{\"name\":\"Miroslav Van\u011bk\",\"@id\":\"https:\/\/luxurymagazine.cz\/#\/schema\/person\/44a069a3b1eab523585f7325b6e54254\"},\"headline\":\"Nechte si vytvo\u0159it e-shop profesion\u00e1lem\",\"datePublished\":\"2023-03-08T23:46:00+00:00\",\"dateModified\":\"2023-04-12T15:45:31+00:00\",\"mainEntityOfPage\":{\"@id\":\"https:\/\/luxurymagazine.cz\/index.php\/2023\/03\/09\/nechte-si-vytvorit-e-shop-profesionalem\/\"},\"wordCount\":448,\"publisher\":{\"@id\":\"https:\/\/luxurymagazine.cz\/#organization\"},\"articleSection\":[\"BUSINESS\",\"NEWS\",\"TECHNIKA &amp; SPOT\u0158EBI\u010cE\",\"TIPY &amp; TRENDY\"],\"inLanguage\":\"cs\"},{\"@type\":\"WebPage\",\"@id\":\"https:\/\/luxurymagazine.cz\/index.php\/2023\/03\/09\/nechte-si-vytvorit-e-shop-profesionalem\/\",\"url\":\"https:\/\/luxurymagazine.cz\/index.php\/2023\/03\/09\/nechte-si-vytvorit-e-shop-profesionalem\/\",\"name\":\"Nechte si vytvo\u0159it e-shop profesion\u00e1lem - LUXURYMAGAZINE.cz\",\"isPartOf\":{\"@id\":\"https:\/\/luxurymagazine.cz\/#website\"},\"datePublished\":\"2023-03-08T23:46:00+00:00\",\"dateModified\":\"2023-04-12T15:45:31+00:00\",\"breadcrumb\":{\"@id\":\"https:\/\/luxurymagazine.cz\/index.php\/2023\/03\/09\/nechte-si-vytvorit-e-shop-profesionalem\/#breadcrumb\"},\"inLanguage\":\"cs\",\"potentialAction\":[{\"@type\":\"ReadAction\",\"target\":[\"https:\/\/luxurymagazine.cz\/index.php\/2023\/03\/09\/nechte-si-vytvorit-e-shop-profesionalem\/\"]}]},{\"@type\":\"BreadcrumbList\",\"@id\":\"https:\/\/luxurymagazine.cz\/index.php\/2023\/03\/09\/nechte-si-vytvorit-e-shop-profesionalem\/#breadcrumb\",\"itemListElement\":[{\"@type\":\"ListItem\",\"position\":1,\"name\":\"Dom\u016f\",\"item\":\"https:\/\/luxurymagazine.cz\/\"},{\"@type\":\"ListItem\",\"position\":2,\"name\":\"Nechte si vytvo\u0159it e-shop profesion\u00e1lem\"}]},{\"@type\":\"WebSite\",\"@id\":\"https:\/\/luxurymagazine.cz\/#website\",\"url\":\"https:\/\/luxurymagazine.cz\/\",\"name\":\"LUXURYMAGAZINE.cz\",\"description\":\"Port\u00e1l v\u00fdhradn\u011b o luxusu...\",\"publisher\":{\"@id\":\"https:\/\/luxurymagazine.cz\/#organization\"},\"potentialAction\":[{\"@type\":\"SearchAction\",\"target\":{\"@type\":\"EntryPoint\",\"urlTemplate\":\"https:\/\/luxurymagazine.cz\/?s={search_term_string}\"},\"query-input\":\"required name=search_term_string\"}],\"inLanguage\":\"cs\"},{\"@type\":\"Organization\",\"@id\":\"https:\/\/luxurymagazine.cz\/#organization\",\"name\":\"LUXURYMAGAZINE.cz\",\"url\":\"https:\/\/luxurymagazine.cz\/\",\"logo\":{\"@type\":\"ImageObject\",\"inLanguage\":\"cs\",\"@id\":\"https:\/\/luxurymagazine.cz\/#\/schema\/logo\/image\/\",\"url\":\"https:\/\/luxurymagazine.cz\/wp-content\/uploads\/2024\/12\/cropped-Logo_LuxuryMagazine-1.jpg\",\"contentUrl\":\"https:\/\/luxurymagazine.cz\/wp-content\/uploads\/2024\/12\/cropped-Logo_LuxuryMagazine-1.jpg\",\"width\":934,\"height\":509,\"caption\":\"LUXURYMAGAZINE.cz\"},\"image\":{\"@id\":\"https:\/\/luxurymagazine.cz\/#\/schema\/logo\/image\/\"}},{\"@type\":\"Person\",\"@id\":\"https:\/\/luxurymagazine.cz\/#\/schema\/person\/44a069a3b1eab523585f7325b6e54254\",\"name\":\"Miroslav Van\u011bk\",\"image\":{\"@type\":\"ImageObject\",\"inLanguage\":\"cs\",\"@id\":\"https:\/\/luxurymagazine.cz\/#\/schema\/person\/image\/\",\"url\":\"https:\/\/secure.gravatar.com\/avatar\/cc93dbecbfc820d69a964ea4a1c72377?s=96&d=mm&r=g\",\"contentUrl\":\"https:\/\/secure.gravatar.com\/avatar\/cc93dbecbfc820d69a964ea4a1c72377?s=96&d=mm&r=g\",\"caption\":\"Miroslav Van\u011bk\"},\"sameAs\":[\"http:\/\/LUXURYMAGAZINE.cz\"],\"url\":\"https:\/\/luxurymagazine.cz\/index.php\/author\/mirvan\/\"}]}<\/script>\n<!-- \/ Yoast SEO plugin. -->","yoast_head_json":{"title":"Nechte si vytvo\u0159it e-shop profesion\u00e1lem - LUXURYMAGAZINE.cz","robots":{"index":"index","follow":"follow","max-snippet":"max-snippet:-1","max-image-preview":"max-image-preview:large","max-video-preview":"max-video-preview:-1"},"canonical":"https:\/\/luxurymagazine.cz\/index.php\/2023\/03\/09\/nechte-si-vytvorit-e-shop-profesionalem\/","og_locale":"cs_CZ","og_type":"article","og_title":"Nechte si vytvo\u0159it e-shop profesion\u00e1lem - LUXURYMAGAZINE.cz","og_description":"Pokud zva\u017eujete vytvo\u0159en\u00ed e-shopu, m\u016f\u017ee se v\u00e1m zd\u00e1t, \u017ee to zvl\u00e1dnete sami. Av\u0161ak, vytvo\u0159en\u00ed kvalitn\u00edho a funk\u010dn\u00edho e-shopu nen\u00ed jednoduch\u00e9 a m\u016f\u017ee zabrat spoustu \u010dasu a energie. Proto je dobr\u00e9 zva\u017eovat spolupr\u00e1ci s profesion\u00e1lem, kter\u00fd v\u00e1m m\u016f\u017ee pomoci s tvorbou e-shopu, od n\u00e1vrhu a\u017e po spu\u0161t\u011bn\u00ed. Ka\u017ed\u00fd dobr\u00fd IT specialista v\u00ed, \u017ee nejde jenom o [&hellip;]","og_url":"https:\/\/luxurymagazine.cz\/index.php\/2023\/03\/09\/nechte-si-vytvorit-e-shop-profesionalem\/","og_site_name":"LUXURYMAGAZINE.cz","article_published_time":"2023-03-08T23:46:00+00:00","article_modified_time":"2023-04-12T15:45:31+00:00","og_image":[{"width":1280,"height":549,"url":"https:\/\/luxurymagazine.cz\/wp-content\/uploads\/2023\/03\/ecommerce-2140603_1280.jpg","type":"image\/jpeg"}],"author":"Miroslav Van\u011bk","twitter_card":"summary_large_image","twitter_misc":{"Napsal(a)":"Miroslav Van\u011bk","Odhadovan\u00e1 doba \u010dten\u00ed":"2 minuty"},"schema":{"@context":"https:\/\/schema.org","@graph":[{"@type":"Article","@id":"https:\/\/luxurymagazine.cz\/index.php\/2023\/03\/09\/nechte-si-vytvorit-e-shop-profesionalem\/#article","isPartOf":{"@id":"https:\/\/luxurymagazine.cz\/index.php\/2023\/03\/09\/nechte-si-vytvorit-e-shop-profesionalem\/"},"author":{"name":"Miroslav Van\u011bk","@id":"https:\/\/luxurymagazine.cz\/#\/schema\/person\/44a069a3b1eab523585f7325b6e54254"},"headline":"Nechte si vytvo\u0159it e-shop profesion\u00e1lem","datePublished":"2023-03-08T23:46:00+00:00","dateModified":"2023-04-12T15:45:31+00:00","mainEntityOfPage":{"@id":"https:\/\/luxurymagazine.cz\/index.php\/2023\/03\/09\/nechte-si-vytvorit-e-shop-profesionalem\/"},"wordCount":448,"publisher":{"@id":"https:\/\/luxurymagazine.cz\/#organization"},"articleSection":["BUSINESS","NEWS","TECHNIKA &amp; SPOT\u0158EBI\u010cE","TIPY &amp; TRENDY"],"inLanguage":"cs"},{"@type":"WebPage","@id":"https:\/\/luxurymagazine.cz\/index.php\/2023\/03\/09\/nechte-si-vytvorit-e-shop-profesionalem\/","url":"https:\/\/luxurymagazine.cz\/index.php\/2023\/03\/09\/nechte-si-vytvorit-e-shop-profesionalem\/","name":"Nechte si vytvo\u0159it e-shop profesion\u00e1lem - LUXURYMAGAZINE.cz","isPartOf":{"@id":"https:\/\/luxurymagazine.cz\/#website"},"datePublished":"2023-03-08T23:46:00+00:00","dateModified":"2023-04-12T15:45:31+00:00","breadcrumb":{"@id":"https:\/\/luxurymagazine.cz\/index.php\/2023\/03\/09\/nechte-si-vytvorit-e-shop-profesionalem\/#breadcrumb"},"inLanguage":"cs","potentialAction":[{"@type":"ReadAction","target":["https:\/\/luxurymagazine.cz\/index.php\/2023\/03\/09\/nechte-si-vytvorit-e-shop-profesionalem\/"]}]},{"@type":"BreadcrumbList","@id":"https:\/\/luxurymagazine.cz\/index.php\/2023\/03\/09\/nechte-si-vytvorit-e-shop-profesionalem\/#breadcrumb","itemListElement":[{"@type":"ListItem","position":1,"name":"Dom\u016f","item":"https:\/\/luxurymagazine.cz\/"},{"@type":"ListItem","position":2,"name":"Nechte si vytvo\u0159it e-shop profesion\u00e1lem"}]},{"@type":"WebSite","@id":"https:\/\/luxurymagazine.cz\/#website","url":"https:\/\/luxurymagazine.cz\/","name":"LUXURYMAGAZINE.cz","description":"Port\u00e1l v\u00fdhradn\u011b o luxusu...","publisher":{"@id":"https:\/\/luxurymagazine.cz\/#organization"},"potentialAction":[{"@type":"SearchAction","target":{"@type":"EntryPoint","urlTemplate":"https:\/\/luxurymagazine.cz\/?s={search_term_string}"},"query-input":"required name=search_term_string"}],"inLanguage":"cs"},{"@type":"Organization","@id":"https:\/\/luxurymagazine.cz\/#organization","name":"LUXURYMAGAZINE.cz","url":"https:\/\/luxurymagazine.cz\/","logo":{"@type":"ImageObject","inLanguage":"cs","@id":"https:\/\/luxurymagazine.cz\/#\/schema\/logo\/image\/","url":"https:\/\/luxurymagazine.cz\/wp-content\/uploads\/2024\/12\/cropped-Logo_LuxuryMagazine-1.jpg","contentUrl":"https:\/\/luxurymagazine.cz\/wp-content\/uploads\/2024\/12\/cropped-Logo_LuxuryMagazine-1.jpg","width":934,"height":509,"caption":"LUXURYMAGAZINE.cz"},"image":{"@id":"https:\/\/luxurymagazine.cz\/#\/schema\/logo\/image\/"}},{"@type":"Person","@id":"https:\/\/luxurymagazine.cz\/#\/schema\/person\/44a069a3b1eab523585f7325b6e54254","name":"Miroslav Van\u011bk","image":{"@type":"ImageObject","inLanguage":"cs","@id":"https:\/\/luxurymagazine.cz\/#\/schema\/person\/image\/","url":"https:\/\/secure.gravatar.com\/avatar\/cc93dbecbfc820d69a964ea4a1c72377?s=96&d=mm&r=g","contentUrl":"https:\/\/secure.gravatar.com\/avatar\/cc93dbecbfc820d69a964ea4a1c72377?s=96&d=mm&r=g","caption":"Miroslav Van\u011bk"},"sameAs":["http:\/\/LUXURYMAGAZINE.cz"],"url":"https:\/\/luxurymagazine.cz\/index.php\/author\/mirvan\/"}]}},"_links":{"self":[{"href":"https:\/\/luxurymagazine.cz\/index.php\/wp-json\/wp\/v2\/posts\/3391"}],"collection":[{"href":"https:\/\/luxurymagazine.cz\/index.php\/wp-json\/wp\/v2\/posts"}],"about":[{"href":"https:\/\/luxurymagazine.cz\/index.php\/wp-json\/wp\/v2\/types\/post"}],"author":[{"embeddable":true,"href":"https:\/\/luxurymagazine.cz\/index.php\/wp-json\/wp\/v2\/users\/3"}],"replies":[{"embeddable":true,"href":"https:\/\/luxurymagazine.cz\/index.php\/wp-json\/wp\/v2\/comments?post=3391"}],"version-history":[{"count":-1,"href":"https:\/\/luxurymagazine.cz\/index.php\/wp-json\/wp\/v2\/posts\/3391\/revisions"}],"wp:featuredmedia":[{"embeddable":true,"href":"https:\/\/luxurymagazine.cz\/index.php\/wp-json\/wp\/v2\/media\/3392"}],"wp:attachment":[{"href":"https:\/\/luxurymagazine.cz\/index.php\/wp-json\/wp\/v2\/media?parent=3391"}],"wp:term":[{"taxonomy":"category","embeddable":true,"href":"https:\/\/luxurymagazine.cz\/index.php\/wp-json\/wp\/v2\/categories?post=3391"},{"taxonomy":"post_tag","embeddable":true,"href":"https:\/\/luxurymagazine.cz\/index.php\/wp-json\/wp\/v2\/tags?post=3391"}],"curies":[{"name":"wp","href":"https:\/\/api.w.org\/{rel}","templated":true}]}}