{"id":3798,"date":"2023-06-12T00:01:00","date_gmt":"2023-06-11T22:01:00","guid":{"rendered":"https:\/\/luxurymagazine.cz\/?p=3798"},"modified":"2023-07-17T15:06:57","modified_gmt":"2023-07-17T13:06:57","slug":"zcela-nova-hyundai-kona-vstoupila-na-cesky-trh","status":"publish","type":"post","link":"https:\/\/luxurymagazine.cz\/index.php\/2023\/06\/12\/zcela-nova-hyundai-kona-vstoupila-na-cesky-trh\/","title":{"rendered":"Zcela nov\u00e1 Hyundai KONA vstoupila na \u010desk\u00fd trh"},"content":{"rendered":"\n<div style=\"height:41px\" aria-hidden=\"true\" class=\"wp-block-spacer\"><\/div>\n\n\n\n<p><strong>V\u00edkendov\u00e1 automobilov\u00e1 slavnost Legendy hostila \u010deskou premi\u00e9ru zcela nov\u00e9ho modelu Hyundai KONA, kter\u00fd p\u0159ich\u00e1z\u00ed&nbsp;na \u010desk\u00fd&nbsp;trh za ceny od 539&nbsp;990 K\u010d a ve t\u0159ech z\u00e1kladn\u00edch v\u00fdbavov\u00fdch stupn\u00edch, dopln\u011bn\u00fdch o dv\u011b sportovn\u00ed&nbsp;varianty N Line.<\/strong><\/p>\n\n\n\n<div style=\"height:20px\" aria-hidden=\"true\" class=\"wp-block-spacer\"><\/div>\n\n\n\n<figure class=\"wp-block-image size-large\"><img decoding=\"async\" loading=\"lazy\" width=\"1024\" height=\"683\" src=\"https:\/\/luxurymagazine.cz\/wp-content\/uploads\/2023\/06\/1_Kona_N_-1024x683.jpg\" alt=\"\" class=\"wp-image-3799\" srcset=\"https:\/\/luxurymagazine.cz\/wp-content\/uploads\/2023\/06\/1_Kona_N_-1024x683.jpg 1024w, https:\/\/luxurymagazine.cz\/wp-content\/uploads\/2023\/06\/1_Kona_N_-300x200.jpg 300w, https:\/\/luxurymagazine.cz\/wp-content\/uploads\/2023\/06\/1_Kona_N_-768x512.jpg 768w, https:\/\/luxurymagazine.cz\/wp-content\/uploads\/2023\/06\/1_Kona_N_.jpg 1450w\" sizes=\"(max-width: 1024px) 100vw, 1024px\" \/><\/figure>\n\n\n\n<div style=\"height:20px\" aria-hidden=\"true\" class=\"wp-block-spacer\"><\/div>\n\n\n\n<p>Nov\u00e1 KONA oproti sv\u00e9 p\u0159edchoz\u00ed&nbsp;generaci v\u00fdznamn\u011b povyrostla (je v&nbsp;z\u00e1vislosti na proveden\u00ed minim\u00e1ln\u011b o 150 mm del\u0161\u00ed, o 25 mm&nbsp;\u0161ir\u0161\u00ed, o 20 mm vy\u0161\u0161\u00ed, rozvor byl prodlou\u017een o 60 mm). Zv\u00fd\u0161ila se tak\u00e9&nbsp;jej\u00ed&nbsp;prakti\u010dnost &#8211; nap\u0159\u00edklad d\u00edky zv\u011bt\u0161en\u00e9mu zavazadlov\u00e9mu prostoru s&nbsp;objemem 466 litr\u016f a d\u011blen\u00fdm op\u011bradl\u016fm ve druh\u00e9&nbsp;\u0159ad\u011b sedadel v&nbsp;pom\u011bru 40:20:40, s&nbsp;nimi\u017e lze ve voze p\u0159ev\u00e1\u017eet i dlouh\u00e9&nbsp;p\u0159edm\u011bty, \u010detn\u00e9&nbsp;odkl\u00e1dac\u00ed&nbsp;prostory pak pojmou plno nezbytnost\u00ed.<\/p>\n\n\n\n<p>Nov\u00e1 KONA ji\u017e v&nbsp;z\u00e1kladn\u00ed v\u00fdbav\u011b disponuje celou \u0159adou modern\u00edch technologi\u00ed. Ka\u017ed\u00fd&nbsp;v\u016fz je vybaven integrovanou navigac\u00ed&nbsp;nov\u00e9&nbsp;generace s&nbsp;12,3\u201c&nbsp;dotykov\u00fdm displejem a funkc\u00ed bezdr\u00e1tov\u00fdch automatick\u00fdch aktualizac\u00ed mapov\u00fdch podklad\u016f, softwaru hlavn\u00ed&nbsp;naviga\u010dn\u00ed&nbsp;jednotky i v\u0161ech \u0159\u00edd\u00edc\u00edch jednotek vozu. Jako prvn\u00ed&nbsp;v\u016fz v&nbsp;nab\u00eddce zna\u010dky v&nbsp;Evrop\u011b nav\u00edc KONA umo\u017e\u0148uje odemyk\u00e1n\u00ed, zamyk\u00e1n\u00ed&nbsp;a startov\u00e1n\u00ed&nbsp;kompatibiln\u00edm chytr\u00fdm mobiln\u00edm telefonem \u010di hodinkami, pomoc\u00ed&nbsp;tzv. digit\u00e1ln\u00edho kl\u00ed\u010de.<\/p>\n\n\n\n<div style=\"height:20px\" aria-hidden=\"true\" class=\"wp-block-spacer\"><\/div>\n\n\n\n<figure class=\"wp-block-image\"><img decoding=\"async\" src=\"http:\/\/carshouse.cz\/tmp\/15366_0_800_1686350274.jpg\" alt=\"\"\/><\/figure>\n\n\n\n<div style=\"height:20px\" aria-hidden=\"true\" class=\"wp-block-spacer\"><\/div>\n\n\n\n<h2 class=\"wp-block-heading\">V\u00fdkonn\u00e9 i \u00fasporn\u00e9 motorizace<\/h2>\n\n\n\n<p>Z\u00e1kladem nab\u00eddky motor\u016f zcela nov\u00e9ho modelu KONA je benzinov\u00fd&nbsp;motor 1,0 T-GDI o v\u00fdkonu 120 kon\u00ed, jen\u017e&nbsp;lze kombinovat se&nbsp;\u0161estistup\u0148ovou manu\u00e1ln\u00ed&nbsp;\u010di sedmistup\u0148ovou dvouspojkovou automatickou p\u0159evodovkou DCT.<\/p>\n\n\n\n<p>Siln\u011bj\u0161\u00ed&nbsp;benzinov\u00fd&nbsp;motor v&nbsp;nab\u00eddce &#8211; 1,6 T-GDI &#8211; disponuje v\u00fdkonem 198 kon\u00ed&nbsp;a v&nbsp;jeho p\u0159\u00edpad\u011b lze volit pohon p\u0159edn\u00edch nebo v\u0161ech \u010dty\u0159 kol. I zde je mo\u017en\u00e9&nbsp;vyb\u00edrat mezi&nbsp;\u0161estistup\u0148ovou manu\u00e1ln\u00ed&nbsp;p\u0159evodovkou, kter\u00e1 je dostupn\u00e1 v\u00fdhradn\u011b s&nbsp;pohonem p\u0159edn\u00ed&nbsp;n\u00e1pravy, a sedmistup\u0148ovou dvouspojkovou automatickou p\u0159evodovkou DCT.<\/p>\n\n\n\n<p>Hybridn\u00ed varianta pohonu je tvo\u0159ena benzinov\u00fdm motorem 1,6 GDI v&nbsp;kombinaci s&nbsp;32kW elektromotorem a&nbsp;\u0161estistup\u0148ov\u00fdm dvouspojkov\u00fdm automatem. Je dostupn\u00e1 s pohonem p\u0159edn\u00edch kol, p\u0159i\u010dem\u017e&nbsp;nab\u00eddne syst\u00e9mov\u00fd&nbsp;v\u00fdkon 141 kon\u00ed&nbsp;a to\u010div\u00fd&nbsp;moment 265 Nm.<\/p>\n\n\n\n<div style=\"height:20px\" aria-hidden=\"true\" class=\"wp-block-spacer\"><\/div>\n\n\n\n<h2 class=\"wp-block-heading\"><img decoding=\"async\" src=\"http:\/\/carshouse.cz\/tmp\/15361_0_800_1686349894.jpg\" alt=\"\"><\/h2>\n\n\n\n<div style=\"height:20px\" aria-hidden=\"true\" class=\"wp-block-spacer\"><\/div>\n\n\n\n<h2 class=\"wp-block-heading\"><strong>Bohat\u00e1 v\u00fdbava ji\u017e ve standardu<\/strong><\/h2>\n\n\n\n<p>Nab\u00eddka za\u010d\u00edn\u00e1&nbsp;vstupn\u00edm v\u00fdbavov\u00fdm stupn\u011bm Comfort, kter\u00fd&nbsp;zahrnuje reflektorov\u00e9&nbsp;Bi-LED p\u0159edn\u00ed&nbsp;sv\u011btlomety, manu\u00e1ln\u00ed&nbsp;klimatizaci, p\u0159edn\u00ed&nbsp;a zadn\u00ed&nbsp;parkovac\u00ed&nbsp;senzory a zadn\u00ed&nbsp;parkovac\u00ed&nbsp;kameru, tempomat, integrovanou navigaci s&nbsp;12,3\u201c&nbsp;displejem a funkc\u00ed&nbsp;Android Auto \u010di Apple CarPlay, bezkl\u00ed\u010dov\u00fd&nbsp;p\u0159\u00edstup do vozu a startov\u00e1n\u00ed&nbsp;a&nbsp;\u0161irokou paletu asisten\u010dn\u00edch syst\u00e9m\u016f pro maxim\u00e1ln\u00ed&nbsp;bezpe\u010dnost.<\/p>\n\n\n\n<p>Ceny v\u00fdbavov\u00e9ho stupn\u011b Comfort za\u010d\u00ednaj\u00ed&nbsp;na 559&nbsp;990 K\u010d pro variantu s&nbsp;motorem 1,0 T-GDI a manu\u00e1ln\u00ed&nbsp;p\u0159evodovkou.<\/p>\n\n\n\n<p>V\u00fdbavov\u00fd stupe\u0148 Comfort lze nav\u00edc doplnit voliteln\u00fdm paketem Club za 25&nbsp;000 K\u010d, kter\u00fd&nbsp;obsahuje 16\u201c&nbsp;kola z&nbsp;lehk\u00e9&nbsp;slitiny, ko\u017een\u00fd&nbsp;volant a hlavici \u0159adic\u00ed&nbsp;p\u00e1ky, \u010di elektrickou bedern\u00ed&nbsp;op\u011brku v&nbsp;sedadle \u0159idi\u010de.<\/p>\n\n\n\n<p>V&nbsp;p\u0159\u00edpad\u011b,&nbsp;\u017ee z\u00e1kazn\u00edk o\u017eel\u00ed&nbsp;Hyundai benefity, konkr\u00e9tn\u011b sadu \u010dty\u0159 zimn\u00edch pneumatik a mimo\u0159\u00e1dn\u011b zv\u00fdhodn\u011bn\u00e9&nbsp;varianty zna\u010dkov\u00e9ho financov\u00e1n\u00ed, je cena za hotov\u00e9&nbsp;sn\u00ed\u017eena o dodate\u010dn\u00fdch 20 tis\u00edc K\u010d na 539&nbsp;990 K\u010d. Tato nab\u00eddka plat\u00ed&nbsp;v\u00fdhradn\u011b pro nejdostupn\u011bj\u0161\u00ed&nbsp;variantu Comfort s motorem 1,0 T-GDi bez paketu Club.<\/p>\n\n\n\n<div style=\"height:20px\" aria-hidden=\"true\" class=\"wp-block-spacer\"><\/div>\n\n\n\n<figure class=\"wp-block-image\"><img decoding=\"async\" src=\"http:\/\/carshouse.cz\/tmp\/15364_0_800_1686350273.jpg\" alt=\"\"\/><\/figure>\n\n\n\n<div style=\"height:20px\" aria-hidden=\"true\" class=\"wp-block-spacer\"><\/div>\n\n\n\n<p>V\u00fdbavov\u00fd stupe\u0148 Smart p\u0159id\u00e1v\u00e1&nbsp;oproti Comfort s&nbsp;paketem Club nav\u00edc 17\u201c&nbsp;kola z&nbsp;lehk\u00e9&nbsp;slitiny, vyh\u0159\u00edv\u00e1n\u00ed&nbsp;p\u0159edn\u00edch sedadel a volantu, dvouz\u00f3novou automatickou klimatizaci, elektricky sklopn\u00e1 vn\u011bj\u0161\u00ed&nbsp;zrc\u00e1tka \u010di funkci bezdr\u00e1tov\u00e9ho nab\u00edjen\u00ed&nbsp;mobiln\u00edho telefonu. Model KONA lze ve v\u00fdbav\u011b Smart po\u0159\u00eddit za ceny od 609&nbsp;990 K\u010d.<\/p>\n\n\n\n<p>V\u00fdbavu Smart lze voliteln\u011b doplnit p\u0159\u00edplatkov\u00fdm paketem Technology, kter\u00fd&nbsp;p\u0159id\u00e1v\u00e1 zatmaven\u00e1 zadn\u00ed skla, v\u00fd\u0161kov\u011b nastaviteln\u00e9&nbsp;sedadlo spolujezdce, syst\u00e9my aktivn\u00edho sledov\u00e1n\u00ed&nbsp;mrtv\u00e9ho&nbsp;\u00fahlu BCA v\u010detn\u011b aktivn\u00edho upozorn\u011bn\u00ed&nbsp;na proj\u00ed\u017ed\u011bj\u00edc\u00ed&nbsp;vozidla p\u0159i couv\u00e1n\u00ed&nbsp;RCCA \u010di varov\u00e1n\u00edm p\u0159ed proj\u00ed\u017ed\u011bj\u00edc\u00edmi vozy p\u0159i vystupov\u00e1n\u00ed&nbsp;SEW a tak\u00e9&nbsp;hlavn\u00ed&nbsp;novinku &#8211; digit\u00e1ln\u00ed kl\u00ed\u010d.<\/p>\n\n\n\n<p>Ten umo\u017e\u0148uje odemyk\u00e1n\u00ed, zamyk\u00e1n\u00ed&nbsp;a startov\u00e1n\u00ed&nbsp;pomoc\u00ed&nbsp;kompatibiln\u00edho mobiln\u00edho telefonu \u010di chytr\u00fdch hodinek, p\u0159i\u010dem\u017e&nbsp;p\u0159\u00edstup k&nbsp;vozu m\u016f\u017ee jeho majitel sd\u00edlet a\u017e&nbsp;s&nbsp;t\u0159emi dal\u0161\u00edmi u\u017eivateli. V&nbsp;nab\u00eddce zna\u010dky Hyundai v&nbsp;Evrop\u011b je tato funkce k&nbsp;dispozici v\u016fbec poprv\u00e9.<\/p>\n\n\n\n<div style=\"height:20px\" aria-hidden=\"true\" class=\"wp-block-spacer\"><\/div>\n\n\n\n<figure class=\"wp-block-image size-large\"><img decoding=\"async\" loading=\"lazy\" width=\"1024\" height=\"683\" src=\"https:\/\/luxurymagazine.cz\/wp-content\/uploads\/2023\/06\/VNC01857_wid_1024-1024x683.jpg\" alt=\"\" class=\"wp-image-3813\" srcset=\"https:\/\/luxurymagazine.cz\/wp-content\/uploads\/2023\/06\/VNC01857_wid_1024-1024x683.jpg 1024w, https:\/\/luxurymagazine.cz\/wp-content\/uploads\/2023\/06\/VNC01857_wid_1024-300x200.jpg 300w, https:\/\/luxurymagazine.cz\/wp-content\/uploads\/2023\/06\/VNC01857_wid_1024-768x512.jpg 768w, https:\/\/luxurymagazine.cz\/wp-content\/uploads\/2023\/06\/VNC01857_wid_1024.jpg 1450w\" sizes=\"(max-width: 1024px) 100vw, 1024px\" \/><\/figure>\n\n\n\n<div style=\"height:20px\" aria-hidden=\"true\" class=\"wp-block-spacer\"><\/div>\n\n\n\n<p>Vrcholn\u00fd v\u00fdbavov\u00fd stupe\u0148 Style za ceny od 669&nbsp;990 K\u010d mimo jin\u00e9&nbsp;obsahuje projektorov\u00e9&nbsp;full-LED p\u0159edn\u00ed&nbsp;sv\u011btlomety, elektricky nastaviteln\u00e1&nbsp;p\u0159edn\u00ed&nbsp;sedadla \u010di elektricky ovl\u00e1dan\u00e9&nbsp;5. dve\u0159e s&nbsp;bezdotykov\u00fdm ovl\u00e1d\u00e1n\u00edm. V\u00fdbavov\u00fd&nbsp;stupe\u0148 Style v\u0161ak p\u0159in\u00e1\u0161\u00ed&nbsp;i designov\u00e9&nbsp;zm\u011bny, nap\u0159\u00edklad LED sv\u011btelnou li\u0161tu nad maskou chladi\u010de prob\u00edhaj\u00edc\u00ed&nbsp;po cel\u00e9\u0161\u00ed\u0159ce vozu nebo LED ambientn\u00ed&nbsp;osv\u011btlen\u00ed&nbsp;v&nbsp;interi\u00e9ru.<\/p>\n\n\n\n<p>Nejn\u00e1ro\u010dn\u011bj\u0161\u00ed&nbsp;u\u017eivatel\u00e9&nbsp;mohou nav\u00edc zvolit dopl\u0148kov\u00fd&nbsp;paket Premium s&nbsp;ko\u017een\u00fdm \u010daloun\u011bn\u00edm sedadel, ventilac\u00ed p\u0159edn\u00edch sedadel, pr\u00e9miov\u00fdm audiosyst\u00e9mem Bose, kamerov\u00fdm sledov\u00e1n\u00edm mrtv\u00e9ho&nbsp;\u00fahlu, 360\u00b0&nbsp;kamerov\u00fdm syst\u00e9mem a dal\u0161\u00edmi exkluzivn\u00edmi prvky v\u00fdbavy. P\u0159\u00edplatek za voliteln\u00fd&nbsp;paket Premium \u010din\u00ed&nbsp;70&nbsp;000 K\u010d.<\/p>\n\n\n\n<div style=\"height:20px\" aria-hidden=\"true\" class=\"wp-block-spacer\"><\/div>\n\n\n\n<figure class=\"wp-block-image\"><img decoding=\"async\" src=\"http:\/\/carshouse.cz\/tmp\/15362_0_800_1686349895.jpg\" alt=\"\"\/><\/figure>\n\n\n\n<div style=\"height:20px\" aria-hidden=\"true\" class=\"wp-block-spacer\"><\/div>\n\n\n\n<h2 class=\"wp-block-heading\"><strong>V\u00fdbava pro p\u0159<\/strong><strong>\u00ed<\/strong><strong>znivce sportovn<\/strong><strong>\u00ed<\/strong><strong>ho stylu<\/strong><\/h2>\n\n\n\n<p>Sportovn\u011b sm\u00fd\u0161lej\u00edc\u00ed z\u00e1kazn\u00edci si mohou zvolit v\u011bt\u0161\u00ed&nbsp;d\u00e1vku stylu a vybrat si jeden ze dvou v\u00fdbavov\u00fdch stup\u0148\u016f&nbsp;\u2013&nbsp;N Line nebo N Line Style.<\/p>\n\n\n\n<p>Ty vych\u00e1zej\u00ed z&nbsp;v\u00fdbavov\u00fdch stup\u0148\u016f Smart, resp. Style, nad jejich r\u00e1mec v\u0161ak p\u0159in\u00e1\u0161ej\u00ed&nbsp;zm\u011bny interi\u00e9ru a exteri\u00e9ru s&nbsp;atraktivn\u00edm sportovn\u00edm n\u00e1dechem v\u010detn\u011b unik\u00e1tn\u00edch kol z&nbsp;lehk\u00fdch slitin.<\/p>\n\n\n\n<div style=\"height:20px\" aria-hidden=\"true\" class=\"wp-block-spacer\"><\/div>\n\n\n\n<figure class=\"wp-block-image\"><img decoding=\"async\" src=\"http:\/\/carshouse.cz\/tmp\/15365_0_800_1686350273.jpg\" alt=\"\"\/><\/figure>\n\n\n\n<div style=\"height:20px\" aria-hidden=\"true\" class=\"wp-block-spacer\"><\/div>\n\n\n\n<p>Cenovka stupn\u011b N Line za\u010d\u00edn\u00e1 na 639&nbsp;990 K\u010d, v\u00fdbava N Line Style lze po\u0159\u00eddit od 699&nbsp;990 K\u010d. K&nbsp;dispozici jsou pro v\u0161echny motorizace, v\u010detn\u011b pln\u011b hybridn\u00ed varianty.<\/p>\n\n\n\n<p><strong>Nov\u00fd model lze objedn\u00e1vat od 29. kv\u011btna, prvn\u00ed vozy u autorizovan\u00fdch partner\u016f o\u010dek\u00e1v\u00e1me na konci \u010dervna. Uveden\u00ed \u010dist\u011b elektrick\u00e9 verze z&nbsp;v\u00fdrobn\u00edho z\u00e1vodu HMMC v&nbsp;No\u0161ovic\u00edch p\u0159edpokl\u00e1d\u00e1me v&nbsp;srpnu 2023.<\/strong><\/p>\n\n\n\n<div style=\"height:58px\" aria-hidden=\"true\" class=\"wp-block-spacer\"><\/div>\n\n\n\n<figure class=\"wp-block-gallery columns-2 is-cropped wp-block-gallery-1 is-layout-flex wp-block-gallery-is-layout-flex\"><ul class=\"blocks-gallery-grid\"><li class=\"blocks-gallery-item\"><figure><img decoding=\"async\" loading=\"lazy\" width=\"1024\" height=\"683\" src=\"https:\/\/luxurymagazine.cz\/wp-content\/uploads\/2023\/06\/1_Kona_N_-1024x683.jpg\" alt=\"\" data-id=\"3799\" data-link=\"https:\/\/luxurymagazine.cz\/?attachment_id=3799\" class=\"wp-image-3799\" srcset=\"https:\/\/luxurymagazine.cz\/wp-content\/uploads\/2023\/06\/1_Kona_N_-1024x683.jpg 1024w, https:\/\/luxurymagazine.cz\/wp-content\/uploads\/2023\/06\/1_Kona_N_-300x200.jpg 300w, https:\/\/luxurymagazine.cz\/wp-content\/uploads\/2023\/06\/1_Kona_N_-768x512.jpg 768w, https:\/\/luxurymagazine.cz\/wp-content\/uploads\/2023\/06\/1_Kona_N_.jpg 1450w\" sizes=\"(max-width: 1024px) 100vw, 1024px\" \/><\/figure><\/li><li class=\"blocks-gallery-item\"><figure><img decoding=\"async\" loading=\"lazy\" width=\"1024\" height=\"683\" src=\"https:\/\/luxurymagazine.cz\/wp-content\/uploads\/2023\/06\/Kona_N_10_DSC6397-1_wid_1024-1024x683.jpg\" alt=\"\" data-id=\"3809\" data-full-url=\"https:\/\/luxurymagazine.cz\/wp-content\/uploads\/2023\/06\/Kona_N_10_DSC6397-1_wid_1024.jpg\" data-link=\"https:\/\/luxurymagazine.cz\/?attachment_id=3809\" class=\"wp-image-3809\" srcset=\"https:\/\/luxurymagazine.cz\/wp-content\/uploads\/2023\/06\/Kona_N_10_DSC6397-1_wid_1024-1024x683.jpg 1024w, https:\/\/luxurymagazine.cz\/wp-content\/uploads\/2023\/06\/Kona_N_10_DSC6397-1_wid_1024-300x200.jpg 300w, https:\/\/luxurymagazine.cz\/wp-content\/uploads\/2023\/06\/Kona_N_10_DSC6397-1_wid_1024-768x512.jpg 768w, https:\/\/luxurymagazine.cz\/wp-content\/uploads\/2023\/06\/Kona_N_10_DSC6397-1_wid_1024.jpg 1450w\" sizes=\"(max-width: 1024px) 100vw, 1024px\" \/><\/figure><\/li><li class=\"blocks-gallery-item\"><figure><img decoding=\"async\" loading=\"lazy\" width=\"1024\" height=\"683\" src=\"https:\/\/luxurymagazine.cz\/wp-content\/uploads\/2023\/06\/2_Kona_Hybrid_2-1024x683.jpg\" alt=\"\" data-id=\"3800\" data-link=\"https:\/\/luxurymagazine.cz\/?attachment_id=3800\" class=\"wp-image-3800\" srcset=\"https:\/\/luxurymagazine.cz\/wp-content\/uploads\/2023\/06\/2_Kona_Hybrid_2-1024x683.jpg 1024w, https:\/\/luxurymagazine.cz\/wp-content\/uploads\/2023\/06\/2_Kona_Hybrid_2-300x200.jpg 300w, https:\/\/luxurymagazine.cz\/wp-content\/uploads\/2023\/06\/2_Kona_Hybrid_2-768x512.jpg 768w, https:\/\/luxurymagazine.cz\/wp-content\/uploads\/2023\/06\/2_Kona_Hybrid_2.jpg 1450w\" sizes=\"(max-width: 1024px) 100vw, 1024px\" \/><\/figure><\/li><li class=\"blocks-gallery-item\"><figure><img decoding=\"async\" loading=\"lazy\" width=\"1024\" height=\"683\" src=\"https:\/\/luxurymagazine.cz\/wp-content\/uploads\/2023\/06\/Kona_Hybrid_7_DSC6155-1_wid_1024-1024x683.jpg\" alt=\"\" data-id=\"3808\" data-full-url=\"https:\/\/luxurymagazine.cz\/wp-content\/uploads\/2023\/06\/Kona_Hybrid_7_DSC6155-1_wid_1024.jpg\" data-link=\"https:\/\/luxurymagazine.cz\/?attachment_id=3808\" class=\"wp-image-3808\" srcset=\"https:\/\/luxurymagazine.cz\/wp-content\/uploads\/2023\/06\/Kona_Hybrid_7_DSC6155-1_wid_1024-1024x683.jpg 1024w, https:\/\/luxurymagazine.cz\/wp-content\/uploads\/2023\/06\/Kona_Hybrid_7_DSC6155-1_wid_1024-300x200.jpg 300w, https:\/\/luxurymagazine.cz\/wp-content\/uploads\/2023\/06\/Kona_Hybrid_7_DSC6155-1_wid_1024-768x512.jpg 768w, https:\/\/luxurymagazine.cz\/wp-content\/uploads\/2023\/06\/Kona_Hybrid_7_DSC6155-1_wid_1024.jpg 1450w\" sizes=\"(max-width: 1024px) 100vw, 1024px\" \/><\/figure><\/li><li class=\"blocks-gallery-item\"><figure><img decoding=\"async\" loading=\"lazy\" width=\"1024\" height=\"683\" src=\"https:\/\/luxurymagazine.cz\/wp-content\/uploads\/2023\/06\/3_Kona_N_Interior-1024x683.jpg\" alt=\"\" data-id=\"3801\" data-link=\"https:\/\/luxurymagazine.cz\/?attachment_id=3801\" class=\"wp-image-3801\" srcset=\"https:\/\/luxurymagazine.cz\/wp-content\/uploads\/2023\/06\/3_Kona_N_Interior-1024x683.jpg 1024w, https:\/\/luxurymagazine.cz\/wp-content\/uploads\/2023\/06\/3_Kona_N_Interior-300x200.jpg 300w, https:\/\/luxurymagazine.cz\/wp-content\/uploads\/2023\/06\/3_Kona_N_Interior-768x512.jpg 768w, https:\/\/luxurymagazine.cz\/wp-content\/uploads\/2023\/06\/3_Kona_N_Interior.jpg 1450w\" sizes=\"(max-width: 1024px) 100vw, 1024px\" \/><\/figure><\/li><li class=\"blocks-gallery-item\"><figure><img decoding=\"async\" loading=\"lazy\" width=\"1024\" height=\"688\" src=\"https:\/\/luxurymagazine.cz\/wp-content\/uploads\/2023\/06\/hyundai-kona-electric-world-premiere-2023-interior-04_wid_1024-1024x688.jpg\" alt=\"\" data-id=\"3802\" data-full-url=\"https:\/\/luxurymagazine.cz\/wp-content\/uploads\/2023\/06\/hyundai-kona-electric-world-premiere-2023-interior-04_wid_1024.jpg\" data-link=\"https:\/\/luxurymagazine.cz\/?attachment_id=3802\" class=\"wp-image-3802\" srcset=\"https:\/\/luxurymagazine.cz\/wp-content\/uploads\/2023\/06\/hyundai-kona-electric-world-premiere-2023-interior-04_wid_1024-1024x688.jpg 1024w, https:\/\/luxurymagazine.cz\/wp-content\/uploads\/2023\/06\/hyundai-kona-electric-world-premiere-2023-interior-04_wid_1024-300x202.jpg 300w, https:\/\/luxurymagazine.cz\/wp-content\/uploads\/2023\/06\/hyundai-kona-electric-world-premiere-2023-interior-04_wid_1024-768x516.jpg 768w, https:\/\/luxurymagazine.cz\/wp-content\/uploads\/2023\/06\/hyundai-kona-electric-world-premiere-2023-interior-04_wid_1024.jpg 1450w\" sizes=\"(max-width: 1024px) 100vw, 1024px\" \/><\/figure><\/li><li class=\"blocks-gallery-item\"><figure><img decoding=\"async\" loading=\"lazy\" width=\"1024\" height=\"683\" src=\"https:\/\/luxurymagazine.cz\/wp-content\/uploads\/2023\/06\/JIN05520_wid_1024-1024x683.jpg\" alt=\"\" data-id=\"3803\" data-full-url=\"https:\/\/luxurymagazine.cz\/wp-content\/uploads\/2023\/06\/JIN05520_wid_1024.jpg\" data-link=\"https:\/\/luxurymagazine.cz\/?attachment_id=3803\" class=\"wp-image-3803\" srcset=\"https:\/\/luxurymagazine.cz\/wp-content\/uploads\/2023\/06\/JIN05520_wid_1024-1024x683.jpg 1024w, https:\/\/luxurymagazine.cz\/wp-content\/uploads\/2023\/06\/JIN05520_wid_1024-300x200.jpg 300w, https:\/\/luxurymagazine.cz\/wp-content\/uploads\/2023\/06\/JIN05520_wid_1024-768x512.jpg 768w, https:\/\/luxurymagazine.cz\/wp-content\/uploads\/2023\/06\/JIN05520_wid_1024.jpg 1450w\" sizes=\"(max-width: 1024px) 100vw, 1024px\" \/><\/figure><\/li><li class=\"blocks-gallery-item\"><figure><img decoding=\"async\" loading=\"lazy\" width=\"1024\" height=\"683\" src=\"https:\/\/luxurymagazine.cz\/wp-content\/uploads\/2023\/06\/JIN05531_wid_1024-1024x683.jpg\" alt=\"\" data-id=\"3804\" data-full-url=\"https:\/\/luxurymagazine.cz\/wp-content\/uploads\/2023\/06\/JIN05531_wid_1024.jpg\" data-link=\"https:\/\/luxurymagazine.cz\/?attachment_id=3804\" class=\"wp-image-3804\" srcset=\"https:\/\/luxurymagazine.cz\/wp-content\/uploads\/2023\/06\/JIN05531_wid_1024-1024x683.jpg 1024w, https:\/\/luxurymagazine.cz\/wp-content\/uploads\/2023\/06\/JIN05531_wid_1024-300x200.jpg 300w, https:\/\/luxurymagazine.cz\/wp-content\/uploads\/2023\/06\/JIN05531_wid_1024-768x512.jpg 768w, https:\/\/luxurymagazine.cz\/wp-content\/uploads\/2023\/06\/JIN05531_wid_1024.jpg 1450w\" sizes=\"(max-width: 1024px) 100vw, 1024px\" \/><\/figure><\/li><li class=\"blocks-gallery-item\"><figure><img decoding=\"async\" loading=\"lazy\" width=\"1024\" height=\"683\" src=\"https:\/\/luxurymagazine.cz\/wp-content\/uploads\/2023\/06\/Kona_N_Detail_Badge_DSC5999-1_wid_1024-1024x683.jpg\" alt=\"\" data-id=\"3810\" data-full-url=\"https:\/\/luxurymagazine.cz\/wp-content\/uploads\/2023\/06\/Kona_N_Detail_Badge_DSC5999-1_wid_1024.jpg\" data-link=\"https:\/\/luxurymagazine.cz\/?attachment_id=3810\" class=\"wp-image-3810\" srcset=\"https:\/\/luxurymagazine.cz\/wp-content\/uploads\/2023\/06\/Kona_N_Detail_Badge_DSC5999-1_wid_1024-1024x683.jpg 1024w, https:\/\/luxurymagazine.cz\/wp-content\/uploads\/2023\/06\/Kona_N_Detail_Badge_DSC5999-1_wid_1024-300x200.jpg 300w, https:\/\/luxurymagazine.cz\/wp-content\/uploads\/2023\/06\/Kona_N_Detail_Badge_DSC5999-1_wid_1024-768x512.jpg 768w, https:\/\/luxurymagazine.cz\/wp-content\/uploads\/2023\/06\/Kona_N_Detail_Badge_DSC5999-1_wid_1024.jpg 1450w\" sizes=\"(max-width: 1024px) 100vw, 1024px\" \/><\/figure><\/li><li class=\"blocks-gallery-item\"><figure><img decoding=\"async\" loading=\"lazy\" width=\"1024\" height=\"683\" src=\"https:\/\/luxurymagazine.cz\/wp-content\/uploads\/2023\/06\/JIN05555_wid_1024-1024x683.jpg\" alt=\"\" data-id=\"3805\" data-full-url=\"https:\/\/luxurymagazine.cz\/wp-content\/uploads\/2023\/06\/JIN05555_wid_1024.jpg\" data-link=\"https:\/\/luxurymagazine.cz\/?attachment_id=3805\" class=\"wp-image-3805\" srcset=\"https:\/\/luxurymagazine.cz\/wp-content\/uploads\/2023\/06\/JIN05555_wid_1024-1024x683.jpg 1024w, https:\/\/luxurymagazine.cz\/wp-content\/uploads\/2023\/06\/JIN05555_wid_1024-300x200.jpg 300w, https:\/\/luxurymagazine.cz\/wp-content\/uploads\/2023\/06\/JIN05555_wid_1024-768x512.jpg 768w, https:\/\/luxurymagazine.cz\/wp-content\/uploads\/2023\/06\/JIN05555_wid_1024.jpg 1450w\" sizes=\"(max-width: 1024px) 100vw, 1024px\" \/><\/figure><\/li><li class=\"blocks-gallery-item\"><figure><img decoding=\"async\" loading=\"lazy\" width=\"1024\" height=\"683\" src=\"https:\/\/luxurymagazine.cz\/wp-content\/uploads\/2023\/06\/VNC01847_wid_1024-1024x683.jpg\" alt=\"\" data-id=\"3812\" data-full-url=\"https:\/\/luxurymagazine.cz\/wp-content\/uploads\/2023\/06\/VNC01847_wid_1024.jpg\" data-link=\"https:\/\/luxurymagazine.cz\/?attachment_id=3812\" class=\"wp-image-3812\" srcset=\"https:\/\/luxurymagazine.cz\/wp-content\/uploads\/2023\/06\/VNC01847_wid_1024-1024x683.jpg 1024w, https:\/\/luxurymagazine.cz\/wp-content\/uploads\/2023\/06\/VNC01847_wid_1024-300x200.jpg 300w, https:\/\/luxurymagazine.cz\/wp-content\/uploads\/2023\/06\/VNC01847_wid_1024-768x512.jpg 768w, https:\/\/luxurymagazine.cz\/wp-content\/uploads\/2023\/06\/VNC01847_wid_1024.jpg 1450w\" sizes=\"(max-width: 1024px) 100vw, 1024px\" \/><\/figure><\/li><li class=\"blocks-gallery-item\"><figure><img decoding=\"async\" loading=\"lazy\" width=\"1024\" height=\"683\" src=\"https:\/\/luxurymagazine.cz\/wp-content\/uploads\/2023\/06\/JIN05584_wid_1024-1024x683.jpg\" alt=\"\" data-id=\"3807\" data-full-url=\"https:\/\/luxurymagazine.cz\/wp-content\/uploads\/2023\/06\/JIN05584_wid_1024.jpg\" data-link=\"https:\/\/luxurymagazine.cz\/?attachment_id=3807\" class=\"wp-image-3807\" srcset=\"https:\/\/luxurymagazine.cz\/wp-content\/uploads\/2023\/06\/JIN05584_wid_1024-1024x683.jpg 1024w, https:\/\/luxurymagazine.cz\/wp-content\/uploads\/2023\/06\/JIN05584_wid_1024-300x200.jpg 300w, https:\/\/luxurymagazine.cz\/wp-content\/uploads\/2023\/06\/JIN05584_wid_1024-768x512.jpg 768w, https:\/\/luxurymagazine.cz\/wp-content\/uploads\/2023\/06\/JIN05584_wid_1024.jpg 1450w\" sizes=\"(max-width: 1024px) 100vw, 1024px\" \/><\/figure><\/li><li class=\"blocks-gallery-item\"><figure><img decoding=\"async\" loading=\"lazy\" width=\"1024\" height=\"683\" src=\"https:\/\/luxurymagazine.cz\/wp-content\/uploads\/2023\/06\/JIN05562_wid_1024-1024x683.jpg\" alt=\"\" data-id=\"3806\" data-full-url=\"https:\/\/luxurymagazine.cz\/wp-content\/uploads\/2023\/06\/JIN05562_wid_1024.jpg\" data-link=\"https:\/\/luxurymagazine.cz\/?attachment_id=3806\" class=\"wp-image-3806\" srcset=\"https:\/\/luxurymagazine.cz\/wp-content\/uploads\/2023\/06\/JIN05562_wid_1024-1024x683.jpg 1024w, https:\/\/luxurymagazine.cz\/wp-content\/uploads\/2023\/06\/JIN05562_wid_1024-300x200.jpg 300w, https:\/\/luxurymagazine.cz\/wp-content\/uploads\/2023\/06\/JIN05562_wid_1024-768x512.jpg 768w, https:\/\/luxurymagazine.cz\/wp-content\/uploads\/2023\/06\/JIN05562_wid_1024.jpg 1450w\" sizes=\"(max-width: 1024px) 100vw, 1024px\" \/><\/figure><\/li><li class=\"blocks-gallery-item\"><figure><img decoding=\"async\" loading=\"lazy\" width=\"1024\" height=\"683\" src=\"https:\/\/luxurymagazine.cz\/wp-content\/uploads\/2023\/06\/VNC01857_wid_1024-1024x683.jpg\" alt=\"\" data-id=\"3813\" data-full-url=\"https:\/\/luxurymagazine.cz\/wp-content\/uploads\/2023\/06\/VNC01857_wid_1024.jpg\" data-link=\"https:\/\/luxurymagazine.cz\/?attachment_id=3813\" class=\"wp-image-3813\" srcset=\"https:\/\/luxurymagazine.cz\/wp-content\/uploads\/2023\/06\/VNC01857_wid_1024-1024x683.jpg 1024w, https:\/\/luxurymagazine.cz\/wp-content\/uploads\/2023\/06\/VNC01857_wid_1024-300x200.jpg 300w, https:\/\/luxurymagazine.cz\/wp-content\/uploads\/2023\/06\/VNC01857_wid_1024-768x512.jpg 768w, https:\/\/luxurymagazine.cz\/wp-content\/uploads\/2023\/06\/VNC01857_wid_1024.jpg 1450w\" sizes=\"(max-width: 1024px) 100vw, 1024px\" \/><\/figure><\/li><li class=\"blocks-gallery-item\"><figure><img decoding=\"async\" loading=\"lazy\" width=\"1024\" height=\"683\" src=\"https:\/\/luxurymagazine.cz\/wp-content\/uploads\/2023\/06\/VNC01842_wid_1024-1024x683.jpg\" alt=\"\" data-id=\"3811\" data-full-url=\"https:\/\/luxurymagazine.cz\/wp-content\/uploads\/2023\/06\/VNC01842_wid_1024.jpg\" data-link=\"https:\/\/luxurymagazine.cz\/?attachment_id=3811\" class=\"wp-image-3811\" srcset=\"https:\/\/luxurymagazine.cz\/wp-content\/uploads\/2023\/06\/VNC01842_wid_1024-1024x683.jpg 1024w, https:\/\/luxurymagazine.cz\/wp-content\/uploads\/2023\/06\/VNC01842_wid_1024-300x200.jpg 300w, https:\/\/luxurymagazine.cz\/wp-content\/uploads\/2023\/06\/VNC01842_wid_1024-768x512.jpg 768w, https:\/\/luxurymagazine.cz\/wp-content\/uploads\/2023\/06\/VNC01842_wid_1024.jpg 1450w\" sizes=\"(max-width: 1024px) 100vw, 1024px\" \/><\/figure><\/li><\/ul><\/figure>\n\n\n\n<p><strong>Zdroj foto:<\/strong>&nbsp;Hyundai<\/p>\n\n\n\n<div style=\"height:37px\" aria-hidden=\"true\" class=\"wp-block-spacer\"><\/div>\n","protected":false},"excerpt":{"rendered":"<p>V\u00edkendov\u00e1 automobilov\u00e1 slavnost Legendy hostila \u010deskou premi\u00e9ru zcela nov\u00e9ho modelu Hyundai KONA, kter\u00fd p\u0159ich\u00e1z\u00ed&nbsp;na \u010desk\u00fd&nbsp;trh za ceny od 539&nbsp;990 K\u010d a ve t\u0159ech z\u00e1kladn\u00edch v\u00fdbavov\u00fdch stupn\u00edch, dopln\u011bn\u00fdch o dv\u011b sportovn\u00ed&nbsp;varianty N Line. Nov\u00e1 KONA oproti sv\u00e9 p\u0159edchoz\u00ed&nbsp;generaci v\u00fdznamn\u011b povyrostla (je v&nbsp;z\u00e1vislosti na proveden\u00ed minim\u00e1ln\u011b o 150 mm del\u0161\u00ed, o 25 mm&nbsp;\u0161ir\u0161\u00ed, o 20 mm vy\u0161\u0161\u00ed, [&hellip;]<\/p>\n","protected":false},"author":1,"featured_media":3799,"comment_status":"closed","ping_status":"closed","sticky":false,"template":"","format":"standard","meta":{"_mi_skip_tracking":false,"_monsterinsights_sitenote_active":false,"_monsterinsights_sitenote_note":"","_monsterinsights_sitenote_category":0,"footnotes":""},"categories":[8,2,13],"tags":[],"yoast_head":"<!-- This site is optimized with the Yoast SEO plugin v21.4 - https:\/\/yoast.com\/wordpress\/plugins\/seo\/ -->\n<title>Zcela nov\u00e1 Hyundai KONA vstoupila na \u010desk\u00fd trh - LUXURYMAGAZINE.cz<\/title>\n<meta name=\"robots\" content=\"index, follow, max-snippet:-1, max-image-preview:large, max-video-preview:-1\" \/>\n<link rel=\"canonical\" href=\"https:\/\/luxurymagazine.cz\/index.php\/2023\/06\/12\/zcela-nova-hyundai-kona-vstoupila-na-cesky-trh\/\" \/>\n<meta property=\"og:locale\" content=\"cs_CZ\" \/>\n<meta property=\"og:type\" content=\"article\" \/>\n<meta property=\"og:title\" content=\"Zcela nov\u00e1 Hyundai KONA vstoupila na \u010desk\u00fd trh - LUXURYMAGAZINE.cz\" \/>\n<meta property=\"og:description\" content=\"V\u00edkendov\u00e1 automobilov\u00e1 slavnost Legendy hostila \u010deskou premi\u00e9ru zcela nov\u00e9ho modelu Hyundai KONA, kter\u00fd p\u0159ich\u00e1z\u00ed&nbsp;na \u010desk\u00fd&nbsp;trh za ceny od 539&nbsp;990 K\u010d a ve t\u0159ech z\u00e1kladn\u00edch v\u00fdbavov\u00fdch stupn\u00edch, dopln\u011bn\u00fdch o dv\u011b sportovn\u00ed&nbsp;varianty N Line. Nov\u00e1 KONA oproti sv\u00e9 p\u0159edchoz\u00ed&nbsp;generaci v\u00fdznamn\u011b povyrostla (je v&nbsp;z\u00e1vislosti na proveden\u00ed minim\u00e1ln\u011b o 150 mm del\u0161\u00ed, o 25 mm&nbsp;\u0161ir\u0161\u00ed, o 20 mm vy\u0161\u0161\u00ed, [&hellip;]\" \/>\n<meta property=\"og:url\" content=\"https:\/\/luxurymagazine.cz\/index.php\/2023\/06\/12\/zcela-nova-hyundai-kona-vstoupila-na-cesky-trh\/\" \/>\n<meta property=\"og:site_name\" content=\"LUXURYMAGAZINE.cz\" \/>\n<meta property=\"article:published_time\" content=\"2023-06-11T22:01:00+00:00\" \/>\n<meta property=\"article:modified_time\" content=\"2023-07-17T13:06:57+00:00\" \/>\n<meta property=\"og:image\" content=\"https:\/\/luxurymagazine.cz\/wp-content\/uploads\/2023\/06\/1_Kona_N_.jpg\" \/>\n\t<meta property=\"og:image:width\" content=\"1450\" \/>\n\t<meta property=\"og:image:height\" content=\"967\" \/>\n\t<meta property=\"og:image:type\" content=\"image\/jpeg\" \/>\n<meta name=\"author\" content=\"Mikol\u00e1\u0161ek (\u0161\u00e9fredaktor HMG)\" \/>\n<meta name=\"twitter:card\" content=\"summary_large_image\" \/>\n<meta name=\"twitter:label1\" content=\"Napsal(a)\" \/>\n\t<meta name=\"twitter:data1\" content=\"Mikol\u00e1\u0161ek (\u0161\u00e9fredaktor HMG)\" \/>\n\t<meta name=\"twitter:label2\" content=\"Odhadovan\u00e1 doba \u010dten\u00ed\" \/>\n\t<meta name=\"twitter:data2\" content=\"6 minut\" \/>\n<script type=\"application\/ld+json\" class=\"yoast-schema-graph\">{\"@context\":\"https:\/\/schema.org\",\"@graph\":[{\"@type\":\"Article\",\"@id\":\"https:\/\/luxurymagazine.cz\/index.php\/2023\/06\/12\/zcela-nova-hyundai-kona-vstoupila-na-cesky-trh\/#article\",\"isPartOf\":{\"@id\":\"https:\/\/luxurymagazine.cz\/index.php\/2023\/06\/12\/zcela-nova-hyundai-kona-vstoupila-na-cesky-trh\/\"},\"author\":{\"name\":\"Mikol\u00e1\u0161ek (\u0161\u00e9fredaktor HMG)\",\"@id\":\"https:\/\/luxurymagazine.cz\/#\/schema\/person\/900281a2a290470de69f4ca1ff899a92\"},\"headline\":\"Zcela nov\u00e1 Hyundai KONA vstoupila na \u010desk\u00fd trh\",\"datePublished\":\"2023-06-11T22:01:00+00:00\",\"dateModified\":\"2023-07-17T13:06:57+00:00\",\"mainEntityOfPage\":{\"@id\":\"https:\/\/luxurymagazine.cz\/index.php\/2023\/06\/12\/zcela-nova-hyundai-kona-vstoupila-na-cesky-trh\/\"},\"wordCount\":1216,\"publisher\":{\"@id\":\"https:\/\/luxurymagazine.cz\/#organization\"},\"articleSection\":[\"AUTO &amp; MOTO &amp; LOD\u011a\",\"NEWS\",\"TIPY &amp; TRENDY\"],\"inLanguage\":\"cs\"},{\"@type\":\"WebPage\",\"@id\":\"https:\/\/luxurymagazine.cz\/index.php\/2023\/06\/12\/zcela-nova-hyundai-kona-vstoupila-na-cesky-trh\/\",\"url\":\"https:\/\/luxurymagazine.cz\/index.php\/2023\/06\/12\/zcela-nova-hyundai-kona-vstoupila-na-cesky-trh\/\",\"name\":\"Zcela nov\u00e1 Hyundai KONA vstoupila na \u010desk\u00fd trh - LUXURYMAGAZINE.cz\",\"isPartOf\":{\"@id\":\"https:\/\/luxurymagazine.cz\/#website\"},\"datePublished\":\"2023-06-11T22:01:00+00:00\",\"dateModified\":\"2023-07-17T13:06:57+00:00\",\"breadcrumb\":{\"@id\":\"https:\/\/luxurymagazine.cz\/index.php\/2023\/06\/12\/zcela-nova-hyundai-kona-vstoupila-na-cesky-trh\/#breadcrumb\"},\"inLanguage\":\"cs\",\"potentialAction\":[{\"@type\":\"ReadAction\",\"target\":[\"https:\/\/luxurymagazine.cz\/index.php\/2023\/06\/12\/zcela-nova-hyundai-kona-vstoupila-na-cesky-trh\/\"]}]},{\"@type\":\"BreadcrumbList\",\"@id\":\"https:\/\/luxurymagazine.cz\/index.php\/2023\/06\/12\/zcela-nova-hyundai-kona-vstoupila-na-cesky-trh\/#breadcrumb\",\"itemListElement\":[{\"@type\":\"ListItem\",\"position\":1,\"name\":\"Dom\u016f\",\"item\":\"https:\/\/luxurymagazine.cz\/\"},{\"@type\":\"ListItem\",\"position\":2,\"name\":\"Zcela nov\u00e1 Hyundai KONA vstoupila na \u010desk\u00fd trh\"}]},{\"@type\":\"WebSite\",\"@id\":\"https:\/\/luxurymagazine.cz\/#website\",\"url\":\"https:\/\/luxurymagazine.cz\/\",\"name\":\"LUXURYMAGAZINE.cz\",\"description\":\"Port\u00e1l v\u00fdhradn\u011b o luxusu...\",\"publisher\":{\"@id\":\"https:\/\/luxurymagazine.cz\/#organization\"},\"potentialAction\":[{\"@type\":\"SearchAction\",\"target\":{\"@type\":\"EntryPoint\",\"urlTemplate\":\"https:\/\/luxurymagazine.cz\/?s={search_term_string}\"},\"query-input\":\"required name=search_term_string\"}],\"inLanguage\":\"cs\"},{\"@type\":\"Organization\",\"@id\":\"https:\/\/luxurymagazine.cz\/#organization\",\"name\":\"LUXURYMAGAZINE.cz\",\"url\":\"https:\/\/luxurymagazine.cz\/\",\"logo\":{\"@type\":\"ImageObject\",\"inLanguage\":\"cs\",\"@id\":\"https:\/\/luxurymagazine.cz\/#\/schema\/logo\/image\/\",\"url\":\"https:\/\/luxurymagazine.cz\/wp-content\/uploads\/2024\/12\/cropped-Logo_LuxuryMagazine-1.jpg\",\"contentUrl\":\"https:\/\/luxurymagazine.cz\/wp-content\/uploads\/2024\/12\/cropped-Logo_LuxuryMagazine-1.jpg\",\"width\":934,\"height\":509,\"caption\":\"LUXURYMAGAZINE.cz\"},\"image\":{\"@id\":\"https:\/\/luxurymagazine.cz\/#\/schema\/logo\/image\/\"}},{\"@type\":\"Person\",\"@id\":\"https:\/\/luxurymagazine.cz\/#\/schema\/person\/900281a2a290470de69f4ca1ff899a92\",\"name\":\"Mikol\u00e1\u0161ek (\u0161\u00e9fredaktor HMG)\",\"image\":{\"@type\":\"ImageObject\",\"inLanguage\":\"cs\",\"@id\":\"https:\/\/luxurymagazine.cz\/#\/schema\/person\/image\/\",\"url\":\"https:\/\/secure.gravatar.com\/avatar\/1c8a35f186d8baabb0513b2bdd8e53cd?s=96&d=mm&r=g\",\"contentUrl\":\"https:\/\/secure.gravatar.com\/avatar\/1c8a35f186d8baabb0513b2bdd8e53cd?s=96&d=mm&r=g\",\"caption\":\"Mikol\u00e1\u0161ek (\u0161\u00e9fredaktor HMG)\"},\"url\":\"https:\/\/luxurymagazine.cz\/index.php\/author\/ivomik\/\"}]}<\/script>\n<!-- \/ Yoast SEO plugin. -->","yoast_head_json":{"title":"Zcela nov\u00e1 Hyundai KONA vstoupila na \u010desk\u00fd trh - LUXURYMAGAZINE.cz","robots":{"index":"index","follow":"follow","max-snippet":"max-snippet:-1","max-image-preview":"max-image-preview:large","max-video-preview":"max-video-preview:-1"},"canonical":"https:\/\/luxurymagazine.cz\/index.php\/2023\/06\/12\/zcela-nova-hyundai-kona-vstoupila-na-cesky-trh\/","og_locale":"cs_CZ","og_type":"article","og_title":"Zcela nov\u00e1 Hyundai KONA vstoupila na \u010desk\u00fd trh - LUXURYMAGAZINE.cz","og_description":"V\u00edkendov\u00e1 automobilov\u00e1 slavnost Legendy hostila \u010deskou premi\u00e9ru zcela nov\u00e9ho modelu Hyundai KONA, kter\u00fd p\u0159ich\u00e1z\u00ed&nbsp;na \u010desk\u00fd&nbsp;trh za ceny od 539&nbsp;990 K\u010d a ve t\u0159ech z\u00e1kladn\u00edch v\u00fdbavov\u00fdch stupn\u00edch, dopln\u011bn\u00fdch o dv\u011b sportovn\u00ed&nbsp;varianty N Line. Nov\u00e1 KONA oproti sv\u00e9 p\u0159edchoz\u00ed&nbsp;generaci v\u00fdznamn\u011b povyrostla (je v&nbsp;z\u00e1vislosti na proveden\u00ed minim\u00e1ln\u011b o 150 mm del\u0161\u00ed, o 25 mm&nbsp;\u0161ir\u0161\u00ed, o 20 mm vy\u0161\u0161\u00ed, [&hellip;]","og_url":"https:\/\/luxurymagazine.cz\/index.php\/2023\/06\/12\/zcela-nova-hyundai-kona-vstoupila-na-cesky-trh\/","og_site_name":"LUXURYMAGAZINE.cz","article_published_time":"2023-06-11T22:01:00+00:00","article_modified_time":"2023-07-17T13:06:57+00:00","og_image":[{"width":1450,"height":967,"url":"https:\/\/luxurymagazine.cz\/wp-content\/uploads\/2023\/06\/1_Kona_N_.jpg","type":"image\/jpeg"}],"author":"Mikol\u00e1\u0161ek (\u0161\u00e9fredaktor HMG)","twitter_card":"summary_large_image","twitter_misc":{"Napsal(a)":"Mikol\u00e1\u0161ek (\u0161\u00e9fredaktor HMG)","Odhadovan\u00e1 doba \u010dten\u00ed":"6 minut"},"schema":{"@context":"https:\/\/schema.org","@graph":[{"@type":"Article","@id":"https:\/\/luxurymagazine.cz\/index.php\/2023\/06\/12\/zcela-nova-hyundai-kona-vstoupila-na-cesky-trh\/#article","isPartOf":{"@id":"https:\/\/luxurymagazine.cz\/index.php\/2023\/06\/12\/zcela-nova-hyundai-kona-vstoupila-na-cesky-trh\/"},"author":{"name":"Mikol\u00e1\u0161ek (\u0161\u00e9fredaktor HMG)","@id":"https:\/\/luxurymagazine.cz\/#\/schema\/person\/900281a2a290470de69f4ca1ff899a92"},"headline":"Zcela nov\u00e1 Hyundai KONA vstoupila na \u010desk\u00fd trh","datePublished":"2023-06-11T22:01:00+00:00","dateModified":"2023-07-17T13:06:57+00:00","mainEntityOfPage":{"@id":"https:\/\/luxurymagazine.cz\/index.php\/2023\/06\/12\/zcela-nova-hyundai-kona-vstoupila-na-cesky-trh\/"},"wordCount":1216,"publisher":{"@id":"https:\/\/luxurymagazine.cz\/#organization"},"articleSection":["AUTO &amp; MOTO &amp; LOD\u011a","NEWS","TIPY &amp; TRENDY"],"inLanguage":"cs"},{"@type":"WebPage","@id":"https:\/\/luxurymagazine.cz\/index.php\/2023\/06\/12\/zcela-nova-hyundai-kona-vstoupila-na-cesky-trh\/","url":"https:\/\/luxurymagazine.cz\/index.php\/2023\/06\/12\/zcela-nova-hyundai-kona-vstoupila-na-cesky-trh\/","name":"Zcela nov\u00e1 Hyundai KONA vstoupila na \u010desk\u00fd trh - LUXURYMAGAZINE.cz","isPartOf":{"@id":"https:\/\/luxurymagazine.cz\/#website"},"datePublished":"2023-06-11T22:01:00+00:00","dateModified":"2023-07-17T13:06:57+00:00","breadcrumb":{"@id":"https:\/\/luxurymagazine.cz\/index.php\/2023\/06\/12\/zcela-nova-hyundai-kona-vstoupila-na-cesky-trh\/#breadcrumb"},"inLanguage":"cs","potentialAction":[{"@type":"ReadAction","target":["https:\/\/luxurymagazine.cz\/index.php\/2023\/06\/12\/zcela-nova-hyundai-kona-vstoupila-na-cesky-trh\/"]}]},{"@type":"BreadcrumbList","@id":"https:\/\/luxurymagazine.cz\/index.php\/2023\/06\/12\/zcela-nova-hyundai-kona-vstoupila-na-cesky-trh\/#breadcrumb","itemListElement":[{"@type":"ListItem","position":1,"name":"Dom\u016f","item":"https:\/\/luxurymagazine.cz\/"},{"@type":"ListItem","position":2,"name":"Zcela nov\u00e1 Hyundai KONA vstoupila na \u010desk\u00fd trh"}]},{"@type":"WebSite","@id":"https:\/\/luxurymagazine.cz\/#website","url":"https:\/\/luxurymagazine.cz\/","name":"LUXURYMAGAZINE.cz","description":"Port\u00e1l v\u00fdhradn\u011b o luxusu...","publisher":{"@id":"https:\/\/luxurymagazine.cz\/#organization"},"potentialAction":[{"@type":"SearchAction","target":{"@type":"EntryPoint","urlTemplate":"https:\/\/luxurymagazine.cz\/?s={search_term_string}"},"query-input":"required name=search_term_string"}],"inLanguage":"cs"},{"@type":"Organization","@id":"https:\/\/luxurymagazine.cz\/#organization","name":"LUXURYMAGAZINE.cz","url":"https:\/\/luxurymagazine.cz\/","logo":{"@type":"ImageObject","inLanguage":"cs","@id":"https:\/\/luxurymagazine.cz\/#\/schema\/logo\/image\/","url":"https:\/\/luxurymagazine.cz\/wp-content\/uploads\/2024\/12\/cropped-Logo_LuxuryMagazine-1.jpg","contentUrl":"https:\/\/luxurymagazine.cz\/wp-content\/uploads\/2024\/12\/cropped-Logo_LuxuryMagazine-1.jpg","width":934,"height":509,"caption":"LUXURYMAGAZINE.cz"},"image":{"@id":"https:\/\/luxurymagazine.cz\/#\/schema\/logo\/image\/"}},{"@type":"Person","@id":"https:\/\/luxurymagazine.cz\/#\/schema\/person\/900281a2a290470de69f4ca1ff899a92","name":"Mikol\u00e1\u0161ek (\u0161\u00e9fredaktor HMG)","image":{"@type":"ImageObject","inLanguage":"cs","@id":"https:\/\/luxurymagazine.cz\/#\/schema\/person\/image\/","url":"https:\/\/secure.gravatar.com\/avatar\/1c8a35f186d8baabb0513b2bdd8e53cd?s=96&d=mm&r=g","contentUrl":"https:\/\/secure.gravatar.com\/avatar\/1c8a35f186d8baabb0513b2bdd8e53cd?s=96&d=mm&r=g","caption":"Mikol\u00e1\u0161ek (\u0161\u00e9fredaktor HMG)"},"url":"https:\/\/luxurymagazine.cz\/index.php\/author\/ivomik\/"}]}},"_links":{"self":[{"href":"https:\/\/luxurymagazine.cz\/index.php\/wp-json\/wp\/v2\/posts\/3798"}],"collection":[{"href":"https:\/\/luxurymagazine.cz\/index.php\/wp-json\/wp\/v2\/posts"}],"about":[{"href":"https:\/\/luxurymagazine.cz\/index.php\/wp-json\/wp\/v2\/types\/post"}],"author":[{"embeddable":true,"href":"https:\/\/luxurymagazine.cz\/index.php\/wp-json\/wp\/v2\/users\/1"}],"replies":[{"embeddable":true,"href":"https:\/\/luxurymagazine.cz\/index.php\/wp-json\/wp\/v2\/comments?post=3798"}],"version-history":[{"count":-3,"href":"https:\/\/luxurymagazine.cz\/index.php\/wp-json\/wp\/v2\/posts\/3798\/revisions"}],"wp:featuredmedia":[{"embeddable":true,"href":"https:\/\/luxurymagazine.cz\/index.php\/wp-json\/wp\/v2\/media\/3799"}],"wp:attachment":[{"href":"https:\/\/luxurymagazine.cz\/index.php\/wp-json\/wp\/v2\/media?parent=3798"}],"wp:term":[{"taxonomy":"category","embeddable":true,"href":"https:\/\/luxurymagazine.cz\/index.php\/wp-json\/wp\/v2\/categories?post=3798"},{"taxonomy":"post_tag","embeddable":true,"href":"https:\/\/luxurymagazine.cz\/index.php\/wp-json\/wp\/v2\/tags?post=3798"}],"curies":[{"name":"wp","href":"https:\/\/api.w.org\/{rel}","templated":true}]}}