{"id":3997,"date":"2023-07-26T00:01:00","date_gmt":"2023-07-25T22:01:00","guid":{"rendered":"https:\/\/luxurymagazine.cz\/?p=3997"},"modified":"2023-09-07T00:47:19","modified_gmt":"2023-09-06T22:47:19","slug":"corum-se-meni-proslula-hodinarska-znacka-predstavuje-dynamickou-kampan","status":"publish","type":"post","link":"https:\/\/luxurymagazine.cz\/index.php\/2023\/07\/26\/corum-se-meni-proslula-hodinarska-znacka-predstavuje-dynamickou-kampan\/","title":{"rendered":"Corum se m\u011bn\u00ed: Proslul\u00e1 hodin\u00e1\u0159sk\u00e1 zna\u010dka p\u0159edstavuje dynamickou kampa\u0148"},"content":{"rendered":"\n<div style=\"height:44px\" aria-hidden=\"true\" class=\"wp-block-spacer\"><\/div>\n\n\n\n<p><strong>Spole\u010dnost Corum, kter\u00e1 byla zalo\u017eena v&nbsp;roce 1955 ve \u0161v\u00fdcarsk\u00e9m&nbsp;La Chaux-de-Fonds, je v hodin\u00e1\u0159sk\u00e9m sv\u011bt\u011b pom\u011brn\u011b mladou zna\u010dkou. Ji\u017e od sv\u00e9ho vzniku p\u0159edstavuje nejen technickou dokonalost, ale tak\u00e9 vrchol designu a estetiky. V&nbsp;lo\u0148sk\u00e9m roce u\u010dinila spole\u010dnost strategick\u00e9 rozhodnut\u00ed, d\u00edky n\u011bmu\u017e se letos m\u016f\u017eeme t\u011b\u0161it na vzru\u0161uj\u00edc\u00ed kompletn\u00ed modernizaci zna\u010dky i nov\u00fd produkt. A proto\u017ee je klenotnictv\u00ed a hodin\u00e1\u0159stv\u00ed BENY autorizovan\u00fdm prodejcem hodinek Corum ji\u017e od roku 2007, s&nbsp;hrdost\u00ed zahrne p\u0159ich\u00e1zej\u00edc\u00ed novinku tak\u00e9 do sv\u00e9ho portfolia.<\/strong><\/p>\n\n\n\n<div style=\"height:25px\" aria-hidden=\"true\" class=\"wp-block-spacer\"><\/div>\n\n\n\n<figure class=\"wp-block-image size-large\"><img decoding=\"async\" src=\"https:\/\/watchhouse.cz\/wp-content\/uploads\/2023\/07\/Z300_03999_LS1-1_TTL-1024x663.jpg\" alt=\"\" class=\"wp-image-1183\"\/><\/figure>\n\n\n\n<div style=\"height:25px\" aria-hidden=\"true\" class=\"wp-block-spacer\"><\/div>\n\n\n\n<p>Po n\u00e1vratu ke sv\u00e9 mimo\u0159\u00e1dn\u011b kreativn\u00ed minulosti o\u017eivuje spole\u010dnost Corum samotnou podstatu sv\u00e9 avantgardn\u00ed DNA, a to zcela vizion\u00e1\u0159sk\u00fdm a modern\u00edm zp\u016fsobem. V nov\u00e9 kampani s&nbsp;n\u00e1zvem \u201eRisk is the Reward\u201c podtrhuje v\u0161e, \u010deho za 65 let sv\u00e9 existence dos\u00e1hla.<\/p>\n\n\n\n<p>Zna\u010dka Corum, kter\u00e1 riziko identifikuje sp\u00ed\u0161e jako p\u0159\u00edle\u017eitost k&nbsp;\u00fasp\u011bchu ne\u017e jako nebezpe\u010d\u00ed nebo strach, ve sv\u00e9 minulosti \u010dasto riskovala. N\u011bkolik jej\u00edch kolekc\u00ed bylo neuv\u011b\u0159iteln\u011b odv\u00e1\u017en\u00fdch, p\u0159esto se staly ikonick\u00fdmi. Zm\u00ednit m\u016f\u017eeme prvn\u00ed model se sportovn\u00ed tematikou Admirals, extravagantn\u00ed Feather Watch, historick\u00e9 Coin nebo naprosto nezapomenuteln\u00e9 Golden Bridge. Nov\u00e1 kampa\u0148 se sna\u017e\u00ed pos\u00edlit bezkonkuren\u010dn\u00ed ochotu spole\u010dnosti Corum riskovat a d\u011blat v\u011bci, kter\u00e9 nikdo jin\u00fd p\u0159edt\u00edm ned\u011blal. Koneckonc\u016f, pr\u00e1v\u011b tato filozofie a zp\u016fsob my\u0161len\u00ed zna\u010dku po desetilet\u00ed poh\u00e1n\u011bly kup\u0159edu.<\/p>\n\n\n\n<div style=\"height:26px\" aria-hidden=\"true\" class=\"wp-block-spacer\"><\/div>\n\n\n\n<figure class=\"wp-block-gallery columns-2 is-cropped wp-block-gallery-1 is-layout-flex wp-block-gallery-is-layout-flex\"><ul class=\"blocks-gallery-grid\"><li class=\"blocks-gallery-item\"><figure><img decoding=\"async\" src=\"https:\/\/watchhouse.cz\/wp-content\/uploads\/2023\/07\/Corum_Abassador_Pjanic_Pictures_2-819x1024.jpg\" alt=\"\" data-id=\"1179\" data-full-url=\"https:\/\/watchhouse.cz\/wp-content\/uploads\/2023\/07\/Corum_Abassador_Pjanic_Pictures_2.jpg\" data-link=\"https:\/\/watchhouse.cz\/?attachment_id=1179\" class=\"wp-image-1179\"\/><\/figure><\/li><li class=\"blocks-gallery-item\"><figure><img decoding=\"async\" src=\"https:\/\/watchhouse.cz\/wp-content\/uploads\/2023\/07\/Corum_Abassador_Pjanic_Pictures_1-819x1024.jpg\" alt=\"\" data-id=\"1178\" data-full-url=\"https:\/\/watchhouse.cz\/wp-content\/uploads\/2023\/07\/Corum_Abassador_Pjanic_Pictures_1.jpg\" data-link=\"https:\/\/watchhouse.cz\/?attachment_id=1178\" class=\"wp-image-1178\"\/><\/figure><\/li><\/ul><\/figure>\n\n\n\n<div style=\"height:25px\" aria-hidden=\"true\" class=\"wp-block-spacer\"><\/div>\n\n\n\n<p>Koncept kampan\u011b \u201eRisk is the Reward\u201c vypr\u00e1v\u00ed o odv\u00e1\u017en\u00e9m p\u0159\u00edstupu k&nbsp;\u017eivotu, proto se spole\u010dnost Corum spojila s&nbsp;ambasadory, kte\u0159\u00ed ve sv\u00fdch oborech rovn\u011b\u017e riskuj\u00ed. Jsou to lid\u00e9 zt\u011bles\u0148uj\u00edc\u00ed filozofii zna\u010dky: p\u0159em\u00fd\u0161l\u00ed mimo p\u0159\u00edslove\u010dnou \u0161katulku a navzdory v\u0161emu se posouvaj\u00ed vp\u0159ed, origin\u00e1ln\u011bj\u0161\u00ed a neohro\u017een\u011bj\u0161\u00ed ne\u017e kdokoli jin\u00fd. Jsou v\u011brni sami sob\u011b, a\u0165 se d\u011bje cokoli. Mezi tyto ambasadory pat\u0159\u00ed Miralem Pjani\u010d, fotbalista Juventusu Tur\u00edn, kter\u00fd b\u011bhem bosensk\u00e9 v\u00e1lky uprchl s&nbsp;rodinou do bezpe\u010d\u00ed a i p\u0159es nep\u0159\u00edze\u0148 osudu si \u0161el za sv\u00fdmi sny. T\u00edm druh\u00fdm je \u010d\u00ednsk\u00fd herec Chu Bing. Ambici\u00f3zn\u00ed jachta\u0159, kter\u00fd musel ve sv\u00fdch 20 letech kv\u016fli zran\u011bn\u00ed ukon\u010dit kari\u00e9ru, vstoupil do sv\u011bta herectv\u00ed a nyn\u00ed se usilovn\u011b sna\u017e\u00ed zt\u011blesnit postavy tak, aby zanechal \u017eiv\u00fd a trval\u00fd dojem.<\/p>\n\n\n\n<p>Kampa\u0148 je prvn\u00edm krokem nov\u00e9ho dobrodru\u017estv\u00ed spole\u010dnosti. Corum se v\u0161ak nespokoj\u00ed s&nbsp;pouh\u00fdmi v\u00fdk\u0159iky k&nbsp;oslav\u00e1m v\u00fdro\u010d\u00ed. Zna\u010dka vytv\u00e1\u0159\u00ed nov\u00fd avantgardn\u00ed styl, kter\u00fd se prom\u00edt\u00e1 v&nbsp;hodink\u00e1ch Lab 02, je\u017e budou na trh postupn\u011b uv\u00e1d\u011bny v&nbsp;pr\u016fb\u011bhu p\u0159\u00ed\u0161t\u00edch 12 m\u011bs\u00edc\u016f.<\/p>\n\n\n\n<div style=\"height:25px\" aria-hidden=\"true\" class=\"wp-block-spacer\"><\/div>\n\n\n\n<div class=\"wp-block-image\"><figure class=\"aligncenter size-large is-resized\"><img decoding=\"async\" loading=\"lazy\" src=\"https:\/\/watchhouse.cz\/wp-content\/uploads\/2023\/07\/Corum_Abassador_Pjanic_Pictures_3-1-819x1024.jpg\" alt=\"\" class=\"wp-image-1185\" width=\"650\" height=\"813\"\/><\/figure><\/div>\n\n\n\n<div style=\"height:25px\" aria-hidden=\"true\" class=\"wp-block-spacer\"><\/div>\n\n\n\n<p>Nov\u00e1 kampa\u0148, je\u017e se prom\u00edtne v&nbsp;digit\u00e1ln\u00edm prost\u0159ed\u00ed, na soci\u00e1ln\u00edch s\u00edt\u00edch i v&nbsp;tisku, reflektuje dobrodru\u017enou a provokativn\u00ed povahu zna\u010dky Corum. Nap\u0159\u00edklad ti\u0161t\u011bn\u00e1 reklama na kolekci Admiral ukazuje z&nbsp;pta\u010d\u00ed perspektivy pohled na man\u00e9vruj\u00edc\u00ed jachtu p\u0159i z\u00e1vodu v&nbsp;rozbou\u0159en\u00fdch vod\u00e1ch oce\u00e1nu. Reklama na Golden Bridge zase zobrazuje velkolep\u00fd pohled na architektonickou ikonu, most Golden Gate v&nbsp;San Franciscu, kter\u00fd byl vyhl\u00e1\u0161en jedn\u00edm z&nbsp;div\u016f modern\u00edho sv\u011bta. Podobn\u00fd status maj\u00ed hodinky Golden Bridge v&nbsp;modern\u00edm horologick\u00e9m sv\u011bt\u011b. U velkolep\u00e9, technologicky vysp\u011bl\u00e9 kolekce Lab 01, vyroben\u00e9 z&nbsp;damasc\u00e9nsk\u00e9 oceli, se o brilantn\u00ed vizu\u00e1ln\u00ed str\u00e1nku star\u00e1 \u00fachvatn\u00fd \u010dernob\u00edl\u00fd motiv p\u0159ipom\u00ednaj\u00edc\u00ed zeb\u0159\u00ed srst. Dokonce i elegantn\u00ed Miss Golden Bridge s&nbsp;lunetou posetou diamanty se objev\u00ed na&nbsp;p\u016fsobiv\u00e9m modr\u00e9m pozad\u00ed poset\u00e9m sn\u011bhov\u00fdmi vlo\u010dkami.<\/p>\n\n\n\n<div style=\"height:25px\" aria-hidden=\"true\" class=\"wp-block-spacer\"><\/div>\n\n\n\n<div class=\"wp-block-image\"><figure class=\"aligncenter size-large is-resized\"><img decoding=\"async\" loading=\"lazy\" src=\"https:\/\/watchhouse.cz\/wp-content\/uploads\/2023\/07\/Z300_03999-709x1024.jpg\" alt=\"\" class=\"wp-image-1186\" width=\"503\" height=\"727\"\/><\/figure><\/div>\n\n\n\n<div style=\"height:25px\" aria-hidden=\"true\" class=\"wp-block-spacer\"><\/div>\n\n\n\n<p>Corum prokazuje sv\u00e9ho pr\u016fkopnick\u00e9ho ducha i v&nbsp;mnoha dal\u0161\u00edch ohledech. Je to jedin\u00e1 spole\u010dnost, kter\u00e1 nem\u00e1 v \u010dele gener\u00e1ln\u00edho \u0159editele, ale t\u0159\u00ed\u010dlenn\u00fd mana\u017eersk\u00fd t\u00fdm (kvorum), jen\u017e podl\u00e9h\u00e1 majiteli. Tento postup j\u00ed umo\u017e\u0148uje pohybovat se p\u0159i rozhodov\u00e1n\u00ed rychleji a vynal\u00e9zav\u011bji, jako nap\u0159\u00edklad v&nbsp;p\u0159\u00edpad\u011b kreativn\u00edho spu\u0161t\u011bn\u00ed kampan\u011b \u201eRisk is the Reward\u201c. Zna\u010dka Corum kv\u016fli tomuto kroku podstoupila dal\u0161\u00ed riziko, kter\u00e9 \u017e\u00e1dn\u00e1 jin\u00e1 zna\u010dka dosud nepodstoupila: oslovila m\u00e9n\u011b zn\u00e1m\u00e9 novin\u00e1\u0159e, sb\u011bratele a design\u00e9ry a ve videu pro soci\u00e1ln\u00ed m\u00e9dia s&nbsp;nimi vedla rozhovory o jejich pocitech ke zna\u010dce i jej\u00edm hodink\u00e1m. Tato nov\u00e1torsk\u00e1 metoda \u2013 se skute\u010dn\u00fdmi lidmi, kte\u0159\u00ed hovo\u0159\u00ed o skute\u010dn\u00fdch pocitech \u2013 \u010din\u00ed spole\u010dnost velmi autentickou a p\u0159\u00edstupnou ve\u0159ejnosti.<\/p>\n\n\n\n<p>Koncept \u201eRisk is the Reward\u201c m\u00e1 ostatn\u011b dne\u0161n\u00edm z\u00e1kazn\u00edk\u016fm uk\u00e1zat, \u017ee se zna\u010dkou Corum, kter\u00e1 se \u010dasto v\u00a0porovn\u00e1n\u00ed se star\u0161\u00edmi a zaveden\u011bj\u0161\u00edmi spole\u010dnostmi vyskytuje pod drobnohledem, stoj\u00ed za to riskovat. N\u00e1kupem si nepo\u0159izujete pouze produkt, ale tak\u00e9 bohatou a osobitou historii zna\u010dky. Stejn\u011b jako v\u011bt\u0161ina dne\u0161n\u00edch mlad\u00fdch z\u00e1kazn\u00edk\u016f se chce i Corum odli\u0161it, u\u010dinit vlastn\u00ed prohl\u00e1\u0161en\u00ed a st\u00e1t se l\u00eddrem v\u00a0\u010dase.<\/p>\n\n\n\n<div style=\"height:20px\" aria-hidden=\"true\" class=\"wp-block-spacer\"><\/div>\n\n\n\n<figure class=\"wp-block-embed-youtube wp-block-embed is-type-video is-provider-youtube wp-embed-aspect-16-9 wp-has-aspect-ratio\"><div class=\"wp-block-embed__wrapper\">\n<iframe loading=\"lazy\" title=\"Luxusn\u00ed hodinky a \u0161perky | BENY Luxury Watches &amp; Jewellery\" width=\"640\" height=\"360\" src=\"https:\/\/www.youtube.com\/embed\/-GY4TH2kokw?feature=oembed\" frameborder=\"0\" allow=\"accelerometer; autoplay; clipboard-write; encrypted-media; gyroscope; picture-in-picture; web-share\" allowfullscreen><\/iframe>\n<\/div><\/figure>\n\n\n\n<div style=\"height:20px\" aria-hidden=\"true\" class=\"wp-block-spacer\"><\/div>\n\n\n\n<p><strong><a href=\"https:\/\/www.beny.cz\/o-nas\/\">Klenotnictv\u00ed BENY<\/a> <\/strong>p\u0159in\u00e1\u0161\u00ed na \u010desk\u00fd trh luxusn\u00ed zbo\u017e\u00ed od roku 1991, kdy se rodinn\u00fd podnik p\u0159esunul z&nbsp;chorvatsk\u00e9 Rovinje do Prahy. V\u00fdsadou klenotnictv\u00ed je \u0161irok\u00e1 nab\u00eddka hodinek a luxusn\u00edch \u0161perk\u016f od sv\u011btov\u011b proslul\u00fdch zna\u010dek. BENY vynik\u00e1 tak\u00e9 v\u00fdrobou vlastn\u00edch klenot\u016f, a to v\u010detn\u011b origin\u00e1ln\u00edch kousk\u016f na m\u00edru. <a href=\"https:\/\/www.beny.cz\/prodejny\/\"><strong>Butiky BENY<\/strong><\/a> naleznete na V\u00e1clavsk\u00e9m n\u00e1m\u011bst\u00ed, v&nbsp;Pa\u0159\u00ed\u017esk\u00e9 a Karlov\u011b ulici.<\/p>\n\n\n\n<div style=\"height:26px\" aria-hidden=\"true\" class=\"wp-block-spacer\"><\/div>\n\n\n\n<div class=\"wp-block-image\"><figure class=\"aligncenter size-large\"><img decoding=\"async\" src=\"https:\/\/watchhouse.cz\/wp-content\/uploads\/2023\/07\/Logo-BENY.jpg\" alt=\"\" class=\"wp-image-1184\"\/><\/figure><\/div>\n\n\n\n<p class=\"has-text-align-center\"><strong>Tento moment tvo\u0159\u00ed dal\u0161\u00ed p\u0159\u00edb\u011bh.<\/strong><\/p>\n\n\n\n<p class=\"has-text-align-center\"><strong>Rodinn\u00e9 hodin\u00e1\u0159stv\u00ed a klenotnictv\u00ed s&nbsp;tradic\u00ed ji\u017e od roku 1976.<\/strong><\/p>\n\n\n\n<p class=\"has-text-align-center\"><a href=\"http:\/\/www.beny.cz\/\"><strong>www.beny.cz<\/strong><\/a><\/p>\n\n\n\n<div style=\"height:56px\" aria-hidden=\"true\" class=\"wp-block-spacer\"><\/div>\n\n\n\n<figure class=\"wp-block-gallery columns-2 is-cropped wp-block-gallery-3 is-layout-flex wp-block-gallery-is-layout-flex\"><ul class=\"blocks-gallery-grid\"><li class=\"blocks-gallery-item\"><figure><img decoding=\"async\" src=\"https:\/\/watchhouse.cz\/wp-content\/uploads\/2023\/07\/Corum_Abassador_Pjanic_Pictures_1-819x1024.jpg\" alt=\"\" data-id=\"1178\" data-link=\"https:\/\/watchhouse.cz\/?attachment_id=1178\" class=\"wp-image-1178\"\/><\/figure><\/li><li class=\"blocks-gallery-item\"><figure><img decoding=\"async\" src=\"https:\/\/watchhouse.cz\/wp-content\/uploads\/2023\/07\/Corum_Abassador_Pjanic_Pictures_2-819x1024.jpg\" alt=\"\" data-id=\"1179\" data-link=\"https:\/\/watchhouse.cz\/?attachment_id=1179\" class=\"wp-image-1179\"\/><\/figure><\/li><li class=\"blocks-gallery-item\"><figure><img decoding=\"async\" src=\"https:\/\/watchhouse.cz\/wp-content\/uploads\/2023\/07\/Z300_03999-709x1024.jpg\" alt=\"\" data-id=\"1186\" data-full-url=\"https:\/\/watchhouse.cz\/wp-content\/uploads\/2023\/07\/Z300_03999.jpg\" data-link=\"https:\/\/watchhouse.cz\/?attachment_id=1186\" class=\"wp-image-1186\"\/><\/figure><\/li><li class=\"blocks-gallery-item\"><figure><img decoding=\"async\" src=\"https:\/\/watchhouse.cz\/wp-content\/uploads\/2023\/07\/Corum_Abassador_Pjanic_Pictures_3-819x1024.jpg\" alt=\"\" data-id=\"1180\" data-link=\"https:\/\/watchhouse.cz\/?attachment_id=1180\" class=\"wp-image-1180\"\/><\/figure><\/li><li class=\"blocks-gallery-item\"><figure><img decoding=\"async\" src=\"https:\/\/watchhouse.cz\/wp-content\/uploads\/2023\/07\/Z300_03999_LS1-1_TTL-1024x663.jpg\" alt=\"\" data-id=\"1183\" data-link=\"https:\/\/watchhouse.cz\/?attachment_id=1183\" class=\"wp-image-1183\"\/><\/figure><\/li><\/ul><\/figure>\n\n\n\n<p><strong>Zdroj foto: <\/strong>BENY<\/p>\n\n\n\n<div style=\"height:55px\" aria-hidden=\"true\" class=\"wp-block-spacer\"><\/div>\n","protected":false},"excerpt":{"rendered":"<p>Spole\u010dnost Corum, kter\u00e1 byla zalo\u017eena v&nbsp;roce 1955 ve \u0161v\u00fdcarsk\u00e9m&nbsp;La Chaux-de-Fonds, je v hodin\u00e1\u0159sk\u00e9m sv\u011bt\u011b pom\u011brn\u011b mladou zna\u010dkou. Ji\u017e od sv\u00e9ho vzniku p\u0159edstavuje nejen technickou dokonalost, ale tak\u00e9 vrchol designu a estetiky. V&nbsp;lo\u0148sk\u00e9m roce u\u010dinila spole\u010dnost strategick\u00e9 rozhodnut\u00ed, d\u00edky n\u011bmu\u017e se letos m\u016f\u017eeme t\u011b\u0161it na vzru\u0161uj\u00edc\u00ed kompletn\u00ed modernizaci zna\u010dky i nov\u00fd produkt. A proto\u017ee je klenotnictv\u00ed [&hellip;]<\/p>\n","protected":false},"author":3,"featured_media":3998,"comment_status":"closed","ping_status":"closed","sticky":false,"template":"","format":"standard","meta":{"_mi_skip_tracking":false,"_monsterinsights_sitenote_active":false,"_monsterinsights_sitenote_note":"","_monsterinsights_sitenote_category":0,"footnotes":""},"categories":[15,2,4,9,13],"tags":[],"yoast_head":"<!-- This site is optimized with the Yoast SEO plugin v21.4 - https:\/\/yoast.com\/wordpress\/plugins\/seo\/ -->\n<title>Corum se m\u011bn\u00ed: Proslul\u00e1 hodin\u00e1\u0159sk\u00e1 zna\u010dka p\u0159edstavuje dynamickou kampa\u0148 - LUXURYMAGAZINE.cz<\/title>\n<meta name=\"robots\" content=\"index, follow, max-snippet:-1, max-image-preview:large, max-video-preview:-1\" \/>\n<link rel=\"canonical\" href=\"https:\/\/luxurymagazine.cz\/index.php\/2023\/07\/26\/corum-se-meni-proslula-hodinarska-znacka-predstavuje-dynamickou-kampan\/\" \/>\n<meta property=\"og:locale\" content=\"cs_CZ\" \/>\n<meta property=\"og:type\" content=\"article\" \/>\n<meta property=\"og:title\" content=\"Corum se m\u011bn\u00ed: Proslul\u00e1 hodin\u00e1\u0159sk\u00e1 zna\u010dka p\u0159edstavuje dynamickou kampa\u0148 - LUXURYMAGAZINE.cz\" \/>\n<meta property=\"og:description\" content=\"Spole\u010dnost Corum, kter\u00e1 byla zalo\u017eena v&nbsp;roce 1955 ve \u0161v\u00fdcarsk\u00e9m&nbsp;La Chaux-de-Fonds, je v hodin\u00e1\u0159sk\u00e9m sv\u011bt\u011b pom\u011brn\u011b mladou zna\u010dkou. Ji\u017e od sv\u00e9ho vzniku p\u0159edstavuje nejen technickou dokonalost, ale tak\u00e9 vrchol designu a estetiky. V&nbsp;lo\u0148sk\u00e9m roce u\u010dinila spole\u010dnost strategick\u00e9 rozhodnut\u00ed, d\u00edky n\u011bmu\u017e se letos m\u016f\u017eeme t\u011b\u0161it na vzru\u0161uj\u00edc\u00ed kompletn\u00ed modernizaci zna\u010dky i nov\u00fd produkt. A proto\u017ee je klenotnictv\u00ed [&hellip;]\" \/>\n<meta property=\"og:url\" content=\"https:\/\/luxurymagazine.cz\/index.php\/2023\/07\/26\/corum-se-meni-proslula-hodinarska-znacka-predstavuje-dynamickou-kampan\/\" \/>\n<meta property=\"og:site_name\" content=\"LUXURYMAGAZINE.cz\" \/>\n<meta property=\"article:published_time\" content=\"2023-07-25T22:01:00+00:00\" \/>\n<meta property=\"article:modified_time\" content=\"2023-09-06T22:47:19+00:00\" \/>\n<meta property=\"og:image\" content=\"https:\/\/luxurymagazine.cz\/wp-content\/uploads\/2023\/07\/Z300_03999_LS1-1_TTL.jpg\" \/>\n\t<meta property=\"og:image:width\" content=\"1083\" \/>\n\t<meta property=\"og:image:height\" content=\"701\" \/>\n\t<meta property=\"og:image:type\" content=\"image\/jpeg\" \/>\n<meta name=\"author\" content=\"Miroslav Van\u011bk\" \/>\n<meta name=\"twitter:card\" content=\"summary_large_image\" \/>\n<meta name=\"twitter:label1\" content=\"Napsal(a)\" \/>\n\t<meta name=\"twitter:data1\" content=\"Miroslav Van\u011bk\" \/>\n\t<meta name=\"twitter:label2\" content=\"Odhadovan\u00e1 doba \u010dten\u00ed\" \/>\n\t<meta name=\"twitter:data2\" content=\"5 minut\" \/>\n<script type=\"application\/ld+json\" class=\"yoast-schema-graph\">{\"@context\":\"https:\/\/schema.org\",\"@graph\":[{\"@type\":\"Article\",\"@id\":\"https:\/\/luxurymagazine.cz\/index.php\/2023\/07\/26\/corum-se-meni-proslula-hodinarska-znacka-predstavuje-dynamickou-kampan\/#article\",\"isPartOf\":{\"@id\":\"https:\/\/luxurymagazine.cz\/index.php\/2023\/07\/26\/corum-se-meni-proslula-hodinarska-znacka-predstavuje-dynamickou-kampan\/\"},\"author\":{\"name\":\"Miroslav Van\u011bk\",\"@id\":\"https:\/\/luxurymagazine.cz\/#\/schema\/person\/44a069a3b1eab523585f7325b6e54254\"},\"headline\":\"Corum se m\u011bn\u00ed: Proslul\u00e1 hodin\u00e1\u0159sk\u00e1 zna\u010dka p\u0159edstavuje dynamickou kampa\u0148\",\"datePublished\":\"2023-07-25T22:01:00+00:00\",\"dateModified\":\"2023-09-06T22:47:19+00:00\",\"mainEntityOfPage\":{\"@id\":\"https:\/\/luxurymagazine.cz\/index.php\/2023\/07\/26\/corum-se-meni-proslula-hodinarska-znacka-predstavuje-dynamickou-kampan\/\"},\"wordCount\":1024,\"publisher\":{\"@id\":\"https:\/\/luxurymagazine.cz\/#organization\"},\"articleSection\":[\"BUSINESS\",\"NEWS\",\"\u0160PERKY &amp; HODINKY\",\"TECHNIKA &amp; SPOT\u0158EBI\u010cE\",\"TIPY &amp; TRENDY\"],\"inLanguage\":\"cs\"},{\"@type\":\"WebPage\",\"@id\":\"https:\/\/luxurymagazine.cz\/index.php\/2023\/07\/26\/corum-se-meni-proslula-hodinarska-znacka-predstavuje-dynamickou-kampan\/\",\"url\":\"https:\/\/luxurymagazine.cz\/index.php\/2023\/07\/26\/corum-se-meni-proslula-hodinarska-znacka-predstavuje-dynamickou-kampan\/\",\"name\":\"Corum se m\u011bn\u00ed: Proslul\u00e1 hodin\u00e1\u0159sk\u00e1 zna\u010dka p\u0159edstavuje dynamickou kampa\u0148 - LUXURYMAGAZINE.cz\",\"isPartOf\":{\"@id\":\"https:\/\/luxurymagazine.cz\/#website\"},\"datePublished\":\"2023-07-25T22:01:00+00:00\",\"dateModified\":\"2023-09-06T22:47:19+00:00\",\"breadcrumb\":{\"@id\":\"https:\/\/luxurymagazine.cz\/index.php\/2023\/07\/26\/corum-se-meni-proslula-hodinarska-znacka-predstavuje-dynamickou-kampan\/#breadcrumb\"},\"inLanguage\":\"cs\",\"potentialAction\":[{\"@type\":\"ReadAction\",\"target\":[\"https:\/\/luxurymagazine.cz\/index.php\/2023\/07\/26\/corum-se-meni-proslula-hodinarska-znacka-predstavuje-dynamickou-kampan\/\"]}]},{\"@type\":\"BreadcrumbList\",\"@id\":\"https:\/\/luxurymagazine.cz\/index.php\/2023\/07\/26\/corum-se-meni-proslula-hodinarska-znacka-predstavuje-dynamickou-kampan\/#breadcrumb\",\"itemListElement\":[{\"@type\":\"ListItem\",\"position\":1,\"name\":\"Dom\u016f\",\"item\":\"https:\/\/luxurymagazine.cz\/\"},{\"@type\":\"ListItem\",\"position\":2,\"name\":\"Corum se m\u011bn\u00ed: Proslul\u00e1 hodin\u00e1\u0159sk\u00e1 zna\u010dka p\u0159edstavuje dynamickou kampa\u0148\"}]},{\"@type\":\"WebSite\",\"@id\":\"https:\/\/luxurymagazine.cz\/#website\",\"url\":\"https:\/\/luxurymagazine.cz\/\",\"name\":\"LUXURYMAGAZINE.cz\",\"description\":\"Port\u00e1l v\u00fdhradn\u011b o luxusu...\",\"publisher\":{\"@id\":\"https:\/\/luxurymagazine.cz\/#organization\"},\"potentialAction\":[{\"@type\":\"SearchAction\",\"target\":{\"@type\":\"EntryPoint\",\"urlTemplate\":\"https:\/\/luxurymagazine.cz\/?s={search_term_string}\"},\"query-input\":\"required name=search_term_string\"}],\"inLanguage\":\"cs\"},{\"@type\":\"Organization\",\"@id\":\"https:\/\/luxurymagazine.cz\/#organization\",\"name\":\"LUXURYMAGAZINE.cz\",\"url\":\"https:\/\/luxurymagazine.cz\/\",\"logo\":{\"@type\":\"ImageObject\",\"inLanguage\":\"cs\",\"@id\":\"https:\/\/luxurymagazine.cz\/#\/schema\/logo\/image\/\",\"url\":\"https:\/\/luxurymagazine.cz\/wp-content\/uploads\/2024\/12\/cropped-Logo_LuxuryMagazine-1.jpg\",\"contentUrl\":\"https:\/\/luxurymagazine.cz\/wp-content\/uploads\/2024\/12\/cropped-Logo_LuxuryMagazine-1.jpg\",\"width\":934,\"height\":509,\"caption\":\"LUXURYMAGAZINE.cz\"},\"image\":{\"@id\":\"https:\/\/luxurymagazine.cz\/#\/schema\/logo\/image\/\"}},{\"@type\":\"Person\",\"@id\":\"https:\/\/luxurymagazine.cz\/#\/schema\/person\/44a069a3b1eab523585f7325b6e54254\",\"name\":\"Miroslav Van\u011bk\",\"image\":{\"@type\":\"ImageObject\",\"inLanguage\":\"cs\",\"@id\":\"https:\/\/luxurymagazine.cz\/#\/schema\/person\/image\/\",\"url\":\"https:\/\/secure.gravatar.com\/avatar\/cc93dbecbfc820d69a964ea4a1c72377?s=96&d=mm&r=g\",\"contentUrl\":\"https:\/\/secure.gravatar.com\/avatar\/cc93dbecbfc820d69a964ea4a1c72377?s=96&d=mm&r=g\",\"caption\":\"Miroslav Van\u011bk\"},\"sameAs\":[\"http:\/\/LUXURYMAGAZINE.cz\"],\"url\":\"https:\/\/luxurymagazine.cz\/index.php\/author\/mirvan\/\"}]}<\/script>\n<!-- \/ Yoast SEO plugin. -->","yoast_head_json":{"title":"Corum se m\u011bn\u00ed: Proslul\u00e1 hodin\u00e1\u0159sk\u00e1 zna\u010dka p\u0159edstavuje dynamickou kampa\u0148 - LUXURYMAGAZINE.cz","robots":{"index":"index","follow":"follow","max-snippet":"max-snippet:-1","max-image-preview":"max-image-preview:large","max-video-preview":"max-video-preview:-1"},"canonical":"https:\/\/luxurymagazine.cz\/index.php\/2023\/07\/26\/corum-se-meni-proslula-hodinarska-znacka-predstavuje-dynamickou-kampan\/","og_locale":"cs_CZ","og_type":"article","og_title":"Corum se m\u011bn\u00ed: Proslul\u00e1 hodin\u00e1\u0159sk\u00e1 zna\u010dka p\u0159edstavuje dynamickou kampa\u0148 - LUXURYMAGAZINE.cz","og_description":"Spole\u010dnost Corum, kter\u00e1 byla zalo\u017eena v&nbsp;roce 1955 ve \u0161v\u00fdcarsk\u00e9m&nbsp;La Chaux-de-Fonds, je v hodin\u00e1\u0159sk\u00e9m sv\u011bt\u011b pom\u011brn\u011b mladou zna\u010dkou. Ji\u017e od sv\u00e9ho vzniku p\u0159edstavuje nejen technickou dokonalost, ale tak\u00e9 vrchol designu a estetiky. V&nbsp;lo\u0148sk\u00e9m roce u\u010dinila spole\u010dnost strategick\u00e9 rozhodnut\u00ed, d\u00edky n\u011bmu\u017e se letos m\u016f\u017eeme t\u011b\u0161it na vzru\u0161uj\u00edc\u00ed kompletn\u00ed modernizaci zna\u010dky i nov\u00fd produkt. A proto\u017ee je klenotnictv\u00ed [&hellip;]","og_url":"https:\/\/luxurymagazine.cz\/index.php\/2023\/07\/26\/corum-se-meni-proslula-hodinarska-znacka-predstavuje-dynamickou-kampan\/","og_site_name":"LUXURYMAGAZINE.cz","article_published_time":"2023-07-25T22:01:00+00:00","article_modified_time":"2023-09-06T22:47:19+00:00","og_image":[{"width":1083,"height":701,"url":"https:\/\/luxurymagazine.cz\/wp-content\/uploads\/2023\/07\/Z300_03999_LS1-1_TTL.jpg","type":"image\/jpeg"}],"author":"Miroslav Van\u011bk","twitter_card":"summary_large_image","twitter_misc":{"Napsal(a)":"Miroslav Van\u011bk","Odhadovan\u00e1 doba \u010dten\u00ed":"5 minut"},"schema":{"@context":"https:\/\/schema.org","@graph":[{"@type":"Article","@id":"https:\/\/luxurymagazine.cz\/index.php\/2023\/07\/26\/corum-se-meni-proslula-hodinarska-znacka-predstavuje-dynamickou-kampan\/#article","isPartOf":{"@id":"https:\/\/luxurymagazine.cz\/index.php\/2023\/07\/26\/corum-se-meni-proslula-hodinarska-znacka-predstavuje-dynamickou-kampan\/"},"author":{"name":"Miroslav Van\u011bk","@id":"https:\/\/luxurymagazine.cz\/#\/schema\/person\/44a069a3b1eab523585f7325b6e54254"},"headline":"Corum se m\u011bn\u00ed: Proslul\u00e1 hodin\u00e1\u0159sk\u00e1 zna\u010dka p\u0159edstavuje dynamickou kampa\u0148","datePublished":"2023-07-25T22:01:00+00:00","dateModified":"2023-09-06T22:47:19+00:00","mainEntityOfPage":{"@id":"https:\/\/luxurymagazine.cz\/index.php\/2023\/07\/26\/corum-se-meni-proslula-hodinarska-znacka-predstavuje-dynamickou-kampan\/"},"wordCount":1024,"publisher":{"@id":"https:\/\/luxurymagazine.cz\/#organization"},"articleSection":["BUSINESS","NEWS","\u0160PERKY &amp; HODINKY","TECHNIKA &amp; SPOT\u0158EBI\u010cE","TIPY &amp; TRENDY"],"inLanguage":"cs"},{"@type":"WebPage","@id":"https:\/\/luxurymagazine.cz\/index.php\/2023\/07\/26\/corum-se-meni-proslula-hodinarska-znacka-predstavuje-dynamickou-kampan\/","url":"https:\/\/luxurymagazine.cz\/index.php\/2023\/07\/26\/corum-se-meni-proslula-hodinarska-znacka-predstavuje-dynamickou-kampan\/","name":"Corum se m\u011bn\u00ed: Proslul\u00e1 hodin\u00e1\u0159sk\u00e1 zna\u010dka p\u0159edstavuje dynamickou kampa\u0148 - LUXURYMAGAZINE.cz","isPartOf":{"@id":"https:\/\/luxurymagazine.cz\/#website"},"datePublished":"2023-07-25T22:01:00+00:00","dateModified":"2023-09-06T22:47:19+00:00","breadcrumb":{"@id":"https:\/\/luxurymagazine.cz\/index.php\/2023\/07\/26\/corum-se-meni-proslula-hodinarska-znacka-predstavuje-dynamickou-kampan\/#breadcrumb"},"inLanguage":"cs","potentialAction":[{"@type":"ReadAction","target":["https:\/\/luxurymagazine.cz\/index.php\/2023\/07\/26\/corum-se-meni-proslula-hodinarska-znacka-predstavuje-dynamickou-kampan\/"]}]},{"@type":"BreadcrumbList","@id":"https:\/\/luxurymagazine.cz\/index.php\/2023\/07\/26\/corum-se-meni-proslula-hodinarska-znacka-predstavuje-dynamickou-kampan\/#breadcrumb","itemListElement":[{"@type":"ListItem","position":1,"name":"Dom\u016f","item":"https:\/\/luxurymagazine.cz\/"},{"@type":"ListItem","position":2,"name":"Corum se m\u011bn\u00ed: Proslul\u00e1 hodin\u00e1\u0159sk\u00e1 zna\u010dka p\u0159edstavuje dynamickou kampa\u0148"}]},{"@type":"WebSite","@id":"https:\/\/luxurymagazine.cz\/#website","url":"https:\/\/luxurymagazine.cz\/","name":"LUXURYMAGAZINE.cz","description":"Port\u00e1l v\u00fdhradn\u011b o luxusu...","publisher":{"@id":"https:\/\/luxurymagazine.cz\/#organization"},"potentialAction":[{"@type":"SearchAction","target":{"@type":"EntryPoint","urlTemplate":"https:\/\/luxurymagazine.cz\/?s={search_term_string}"},"query-input":"required name=search_term_string"}],"inLanguage":"cs"},{"@type":"Organization","@id":"https:\/\/luxurymagazine.cz\/#organization","name":"LUXURYMAGAZINE.cz","url":"https:\/\/luxurymagazine.cz\/","logo":{"@type":"ImageObject","inLanguage":"cs","@id":"https:\/\/luxurymagazine.cz\/#\/schema\/logo\/image\/","url":"https:\/\/luxurymagazine.cz\/wp-content\/uploads\/2024\/12\/cropped-Logo_LuxuryMagazine-1.jpg","contentUrl":"https:\/\/luxurymagazine.cz\/wp-content\/uploads\/2024\/12\/cropped-Logo_LuxuryMagazine-1.jpg","width":934,"height":509,"caption":"LUXURYMAGAZINE.cz"},"image":{"@id":"https:\/\/luxurymagazine.cz\/#\/schema\/logo\/image\/"}},{"@type":"Person","@id":"https:\/\/luxurymagazine.cz\/#\/schema\/person\/44a069a3b1eab523585f7325b6e54254","name":"Miroslav Van\u011bk","image":{"@type":"ImageObject","inLanguage":"cs","@id":"https:\/\/luxurymagazine.cz\/#\/schema\/person\/image\/","url":"https:\/\/secure.gravatar.com\/avatar\/cc93dbecbfc820d69a964ea4a1c72377?s=96&d=mm&r=g","contentUrl":"https:\/\/secure.gravatar.com\/avatar\/cc93dbecbfc820d69a964ea4a1c72377?s=96&d=mm&r=g","caption":"Miroslav Van\u011bk"},"sameAs":["http:\/\/LUXURYMAGAZINE.cz"],"url":"https:\/\/luxurymagazine.cz\/index.php\/author\/mirvan\/"}]}},"_links":{"self":[{"href":"https:\/\/luxurymagazine.cz\/index.php\/wp-json\/wp\/v2\/posts\/3997"}],"collection":[{"href":"https:\/\/luxurymagazine.cz\/index.php\/wp-json\/wp\/v2\/posts"}],"about":[{"href":"https:\/\/luxurymagazine.cz\/index.php\/wp-json\/wp\/v2\/types\/post"}],"author":[{"embeddable":true,"href":"https:\/\/luxurymagazine.cz\/index.php\/wp-json\/wp\/v2\/users\/3"}],"replies":[{"embeddable":true,"href":"https:\/\/luxurymagazine.cz\/index.php\/wp-json\/wp\/v2\/comments?post=3997"}],"version-history":[{"count":-2,"href":"https:\/\/luxurymagazine.cz\/index.php\/wp-json\/wp\/v2\/posts\/3997\/revisions"}],"wp:featuredmedia":[{"embeddable":true,"href":"https:\/\/luxurymagazine.cz\/index.php\/wp-json\/wp\/v2\/media\/3998"}],"wp:attachment":[{"href":"https:\/\/luxurymagazine.cz\/index.php\/wp-json\/wp\/v2\/media?parent=3997"}],"wp:term":[{"taxonomy":"category","embeddable":true,"href":"https:\/\/luxurymagazine.cz\/index.php\/wp-json\/wp\/v2\/categories?post=3997"},{"taxonomy":"post_tag","embeddable":true,"href":"https:\/\/luxurymagazine.cz\/index.php\/wp-json\/wp\/v2\/tags?post=3997"}],"curies":[{"name":"wp","href":"https:\/\/api.w.org\/{rel}","templated":true}]}}