{"id":4131,"date":"2023-08-23T00:13:00","date_gmt":"2023-08-22T22:13:00","guid":{"rendered":"https:\/\/luxurymagazine.cz\/?p=4131"},"modified":"2023-09-29T01:31:26","modified_gmt":"2023-09-28T23:31:26","slug":"souboj-s-horkem-vitezi-mobilni-klimatizace-a-ochlazovace","status":"publish","type":"post","link":"https:\/\/luxurymagazine.cz\/index.php\/2023\/08\/23\/souboj-s-horkem-vitezi-mobilni-klimatizace-a-ochlazovace\/","title":{"rendered":"Souboj s\u00a0horkem? V\u00edt\u011bz\u00ed mobiln\u00ed klimatizace a ochlazova\u010de"},"content":{"rendered":"\n<div style=\"height:35px\" aria-hidden=\"true\" class=\"wp-block-spacer\"><\/div>\n\n\n\n<p><strong>Kdy\u017e se teplota b\u011bhem hork\u00fdch letn\u00edch dn\u016f vy\u0161plh\u00e1 na zhruba 30 stup\u0148\u016f, interi\u00e9r dom\u00e1cnost\u00ed a pracovi\u0161\u0165 za\u010dne p\u0159ipom\u00ednat sp\u00ed\u0161e saunu. Tento diskomfort je obzvl\u00e1\u0161\u0165 znateln\u00fd pro obyvatele m\u00edstnost\u00ed podkrov\u00ed a byt\u016f v posledn\u00edch patrech panelov\u00fdch dom\u016f. S n\u00e1r\u016fstem po\u010dtu tropick\u00fdch dn\u00ed je tedy vhodn\u00e9 p\u0159em\u00fd\u0161let o mo\u017enostech, jak interi\u00e9r uchladit.<\/strong><\/p>\n\n\n\n<div style=\"height:30px\" aria-hidden=\"true\" class=\"wp-block-spacer\"><\/div>\n\n\n\n<div class=\"wp-block-image\"><figure class=\"aligncenter size-large is-resized\"><img decoding=\"async\" loading=\"lazy\" src=\"https:\/\/watchhouse.cz\/wp-content\/uploads\/2023\/08\/klimatizace.jpg\" alt=\"\" class=\"wp-image-1240\" width=\"791\" height=\"529\"\/><\/figure><\/div>\n\n\n\n<div style=\"height:30px\" aria-hidden=\"true\" class=\"wp-block-spacer\"><\/div>\n\n\n\n<p>Jedn\u00edm z \u0159e\u0161en\u00ed m\u016f\u017ee b\u00fdt instalace n\u00e1st\u011bnn\u00e9 klimatizace, kter\u00e1 se skl\u00e1d\u00e1 ze dvou jednotek \u2013 vnit\u0159n\u00ed a venkovn\u00ed. Vnit\u0159n\u00ed jednotka ochlazuje vzduch a pomoc\u00ed potrub\u00ed p\u0159en\u00e1\u0161\u00ed teplo do venkovn\u00ed jednotky, kde je n\u00e1sledn\u011b odvedeno do okol\u00ed. Av\u0161ak takov\u00e1 volba \u010dasto nen\u00ed mo\u017en\u00e1 z d\u016fvod\u016f finan\u010dn\u00edch nebo technick\u00fdch omezen\u00ed. Z tohoto d\u016fvodu mnoho lid\u00ed vol\u00ed chlazen\u00ed interi\u00e9ru pomoc\u00ed mobiln\u00edch klimatizac\u00ed nebo ochlazova\u010d\u016f vzduchu.<\/p>\n\n\n\n<h2 class=\"wp-block-heading\">Mobiln\u00ed klimatizace<\/h2>\n\n\n\n<p>Mobiln\u00ed klimatizace jsou efektivn\u00ed alternativou klasick\u00fdch n\u00e1st\u011bnn\u00fdch klimatizac\u00ed. Jednozna\u010dnou v\u00fdhodou takov\u00e9ho \u0159e\u0161en\u00ed je p\u0159\u00edzniv\u011bj\u0161\u00ed po\u0159izovac\u00ed cena i mo\u017enost chlazen\u00ed vybran\u00e9 m\u00edstnosti. <a href=\"https:\/\/www.electroworld.cz\/mobilni-klimatizace\"><strong>Mobiln\u00ed klimatizace<\/strong><\/a> je, jak u\u017e z n\u00e1zvu plyne, samostatnou jednotkou a lze ji dle libosti p\u0159emis\u0165ovat. Na druhou stranu b\u00fdv\u00e1 o n\u011bco hlu\u010dn\u011bj\u0161\u00ed ne\u017e klasick\u00e1 klimatizace, a tak\u00e9 je nutn\u00e9 vy\u0159e\u0161it odvod tepl\u00e9ho vzduchu z interi\u00e9ru. K tomu slou\u017e\u00ed hadice, kter\u00e1 mus\u00ed b\u00fdt vedena mimo interi\u00e9r, v\u011bt\u0161inou skrze otev\u0159en\u00e9 okno, ke kter\u00e9mu je hadice p\u0159ipojena skrze speci\u00e1ln\u00ed t\u011bsn\u011bn\u00ed, aby se tepl\u00fd vzduch nevracel zp\u011bt do interi\u00e9ru.<\/p>\n\n\n\n<div style=\"height:31px\" aria-hidden=\"true\" class=\"wp-block-spacer\"><\/div>\n\n\n\n<div class=\"wp-block-image\"><figure class=\"aligncenter size-large is-resized\"><img decoding=\"async\" loading=\"lazy\" src=\"https:\/\/watchhouse.cz\/wp-content\/uploads\/2023\/08\/sencor-mt1230_1.jpg\" alt=\"\" class=\"wp-image-1237\" width=\"763\" height=\"595\"\/><\/figure><\/div>\n\n\n\n<p class=\"has-text-align-center\"><br><strong>Foto: <\/strong>Electroworld.cz<\/p>\n\n\n\n<div style=\"height:31px\" aria-hidden=\"true\" class=\"wp-block-spacer\"><\/div>\n\n\n\n<p>Vhodnou mobiln\u00ed klimatizac\u00ed do interi\u00e9r\u016f s rozlohou a\u017e 90 m? jenap\u0159\u00edklad <a href=\"https:\/\/www.electroworld.cz\/honeywell-portable-air-conditioner-hc09-smart-mobilni-klimatizace\"><u><strong>Honeywell Portable Air Conditioner HC09<\/strong><\/u><\/a>, kter\u00e1 krom\u011b chlazen\u00ed dok\u00e1\u017ee vzduch odvlh\u010dovat a ventilovat. D\u00edky digit\u00e1ln\u00edmu ovl\u00e1dac\u00edmu panelu lze teplotu p\u0159esn\u011b regulovat v rozmez\u00ed 16\u201332 \u00b0C, a po p\u0159ipojen\u00ed k&nbsp;dom\u00e1c\u00ed Wi-Fi s\u00edti i p\u0159es aplikaci pro Android i iOS. K jednoduch\u00e9 manipulaci slou\u017e\u00ed kole\u010dka a o rychl\u00e9 ovl\u00e1d\u00e1n\u00ed se zase star\u00e1 d\u00e1lkov\u00e9 ovl\u00e1d\u00e1n\u00ed. Tuto jednotku tak\u00e9 doporu\u010dujeme d\u00edky n\u00edzk\u00e9 \u00farovni hluku, kter\u00fd \u010din\u00ed jen 65 dB, proto se hod\u00ed nejen do dom\u00e1cnosti, ale i do kancel\u00e1\u0159\u00ed.<\/p>\n\n\n\n<div style=\"height:29px\" aria-hidden=\"true\" class=\"wp-block-spacer\"><\/div>\n\n\n\n<figure class=\"wp-block-gallery columns-2 is-cropped wp-block-gallery-1 is-layout-flex wp-block-gallery-is-layout-flex\"><ul class=\"blocks-gallery-grid\"><li class=\"blocks-gallery-item\"><figure><img decoding=\"async\" src=\"https:\/\/watchhouse.cz\/wp-content\/uploads\/2023\/08\/honeywell-portable_1.jpg\" alt=\"\" data-id=\"1235\" data-full-url=\"https:\/\/watchhouse.cz\/wp-content\/uploads\/2023\/08\/honeywell-portable_1.jpg\" data-link=\"https:\/\/watchhouse.cz\/?attachment_id=1235\" class=\"wp-image-1235\"\/><\/figure><\/li><li class=\"blocks-gallery-item\"><figure><img decoding=\"async\" src=\"https:\/\/watchhouse.cz\/wp-content\/uploads\/2023\/08\/sencor-mt1230_2.jpg\" alt=\"\" data-id=\"1238\" data-full-url=\"https:\/\/watchhouse.cz\/wp-content\/uploads\/2023\/08\/sencor-mt1230_2.jpg\" data-link=\"https:\/\/watchhouse.cz\/?attachment_id=1238\" class=\"wp-image-1238\"\/><\/figure><\/li><\/ul><\/figure>\n\n\n\n<p class=\"has-text-align-center\"><strong>Foto:<\/strong> Electroworld.cz, Honeywell Portable Air Conditioner HC09, Sencor SAC MT1230C<\/p>\n\n\n\n<div style=\"height:29px\" aria-hidden=\"true\" class=\"wp-block-spacer\"><\/div>\n\n\n\n<p>Alternativou je v\u00fdkonn\u00e1, ale energeticky \u00fasporn\u00e1 mobiln\u00ed klimatizace <a href=\"https:\/\/www.electroworld.cz\/sencor-sac-mt1230c-mobilni-klimatizace\"><u><strong>Sencor SAC MT1230C<\/strong><\/u><\/a>. Stejn\u011b jako p\u0159edchoz\u00ed model disponuje ventil\u00e1torem, funkc\u00ed odvlh\u010dov\u00e1n\u00ed a \u010dasova\u010dem. Re\u017eim SLEEP je velmi tich\u00fd a zabra\u0148uje podchlazen\u00ed b\u011bhem sp\u00e1nku. Tak\u00e9 pot\u011b\u0161\u00ed sv\u00fdm \u010dist\u00fdm designem.<\/p>\n\n\n\n<h2 class=\"wp-block-heading\">Ochlazova\u010de vzduchu<\/h2>\n\n\n\n<p>Ochlazova\u010de vzduchu jsou ur\u010deny pro m\u00edstnosti, kde nen\u00ed t\u0159eba regulovat teplotu v cel\u00e9m jej\u00edm prostoru. Tyto p\u0159\u00edstroje postr\u00e1daj\u00ed kompresor a vzduch chlad\u00ed pomoc\u00ed vody nebo ledu, a to pouze v dosahu<strong> <a href=\"https:\/\/www.electroworld.cz\/ochlazovace-vzduchu\">ochlazova\u010de<\/a>.<\/strong> V\u00fdkonov\u011b je tedy nelze srovn\u00e1vat s mobiln\u00edmi klimatizacemi, av\u0161ak v men\u0161\u00edch prostorech poslou\u017e\u00ed obdobn\u011b, nav\u00edc nen\u00ed pot\u0159eba \u0159e\u0161it probl\u00e9m s hadic\u00ed na odvod tepl\u00e9ho vzduchu. Jejich nev\u00fdhodou je m\u00edrn\u00e9 zv\u00fd\u0161en\u00ed vlhkosti v&nbsp;dan\u00e9m prostoru.<\/p>\n\n\n\n<p>Zaj\u00edmavou mo\u017enost\u00ed pro ochlazen\u00ed vzduchu v interi\u00e9ru je p\u0159\u00edstroj<strong> <a href=\"https:\/\/www.electroworld.cz\/connect-it-artic-ice-ochlazovac-vzduchu\">Eldonex Arctic-Ice ECO-8700<\/a><\/strong>, kter\u00fd kombinuje funkce ventil\u00e1toru, chladi\u010de, zvlh\u010dova\u010de vzduchu a \u010disti\u010dky. Je robustn\u00ed a poskytuje ochlazen\u00fd vzduch ve \u010dty\u0159ech rychlostech. O chlazen\u00ed a zvlh\u010dov\u00e1n\u00ed vzduchu se star\u00e1 sedmilitrov\u00e1 n\u00e1dr\u017e na vodu a dv\u011b speci\u00e1ln\u00ed chlad\u00edc\u00ed kapsle. Ovl\u00e1d\u00e1n\u00ed v\u011b\u017ee je jednoduch\u00e9 a intuitivn\u00ed pomoc\u00ed panelu na p\u0159\u00edstroji nebo prost\u0159ednictv\u00edm d\u00e1lkov\u00e9ho ovl\u00e1d\u00e1n\u00ed. Vzhledem k vysok\u00e9mu pr\u016ftoku vzduchu se hod\u00ed i do v\u011bt\u0161\u00edch m\u00edstnost\u00ed.<\/p>\n\n\n\n<div style=\"height:31px\" aria-hidden=\"true\" class=\"wp-block-spacer\"><\/div>\n\n\n\n<figure class=\"wp-block-gallery columns-2 is-cropped wp-block-gallery-3 is-layout-flex wp-block-gallery-is-layout-flex\"><ul class=\"blocks-gallery-grid\"><li class=\"blocks-gallery-item\"><figure><img decoding=\"async\" src=\"https:\/\/watchhouse.cz\/wp-content\/uploads\/2023\/08\/Eldonex-Arctic_1.jpg\" alt=\"\" data-id=\"1233\" data-full-url=\"https:\/\/watchhouse.cz\/wp-content\/uploads\/2023\/08\/Eldonex-Arctic_1.jpg\" data-link=\"https:\/\/watchhouse.cz\/?attachment_id=1233\" class=\"wp-image-1233\"\/><\/figure><\/li><li class=\"blocks-gallery-item\"><figure><img decoding=\"async\" src=\"https:\/\/watchhouse.cz\/wp-content\/uploads\/2023\/08\/SOMOGYI.jpg\" alt=\"\" data-id=\"1239\" data-full-url=\"https:\/\/watchhouse.cz\/wp-content\/uploads\/2023\/08\/SOMOGYI.jpg\" data-link=\"https:\/\/watchhouse.cz\/?attachment_id=1239\" class=\"wp-image-1239\"\/><\/figure><\/li><\/ul><\/figure>\n\n\n\n<p class=\"has-text-align-center\"><strong>Foto: <\/strong>Electroworld.cz, Eldonex Arctic-Ice ECO-8700, SOMOGYI LH 300<\/p>\n\n\n\n<div style=\"height:31px\" aria-hidden=\"true\" class=\"wp-block-spacer\"><\/div>\n\n\n\n<p>Levn\u011bj\u0161\u00ed variantu p\u0159edstavuje ochlazova\u010d <strong><a href=\"https:\/\/www.electroworld.cz\/somogyi-lh-300-ochlazovac-vzduchu\"><u>SOMOGYI LH 300<\/u><\/a>,<\/strong> kter\u00fd rovn\u011b\u017e nab\u00edz\u00ed t\u0159i rychlostn\u00ed stupn\u011b. Chlad\u00edc\u00ed m\u00e9dium op\u011bt p\u0159edstavuje voda, v tomto p\u0159\u00edpad\u011b lze vyu\u017e\u00edt 3 litry. Pro lep\u0161\u00ed chlad\u00edc\u00ed efekt je tak\u00e9 mo\u017en\u00e9 pou\u017e\u00edt chladic\u00ed boxy, kter\u00e9 se jednodu\u0161e vlo\u017e\u00ed do z\u00e1sobn\u00edku na vodu.<\/p>\n\n\n\n<h2 class=\"wp-block-heading\">Tipy pro pou\u017e\u00edv\u00e1n\u00ed mobiln\u00ed klimatizace<\/h2>\n\n\n\n<p><strong>Abyste dos\u00e1hli nejlep\u0161\u00edch v\u00fdsledk\u016f s va\u0161\u00ed mobiln\u00ed klimatizac\u00ed, m\u011bli byste zv\u00e1\u017eit n\u011bkolik kl\u00ed\u010dov\u00fdch tip\u016f:<\/strong><\/p>\n\n\n\n<ol><li><strong>Spr\u00e1vn\u00e9 um\u00edst\u011bn\u00ed:<\/strong> Prvn\u00edm krokem je um\u00edstit mobiln\u00ed klimatizaci do m\u00edstnosti, kterou chcete ochladit. Ide\u00e1ln\u011b ji um\u00edst\u011bte pobl\u00ed\u017e okna, aby mohla efektivn\u011b odv\u00e1d\u011bt hork\u00fd vzduch ven a p\u0159iv\u00e1d\u011bt chladn\u00fd vzduch do m\u00edstnosti.<br><\/li><li><strong>Zaji\u0161t\u011bn\u00ed spr\u00e1vn\u00e9ho pr\u016ftoku vzduchu: <\/strong>Otev\u0159ete okno a m\u00edst\u011b zde potrub\u00ed klimatizace, abyste umo\u017enili plynul\u00fd odvod tepl\u00e9ho vzduchu ven. V&nbsp;p\u0159\u00edpad\u011b ochlazova\u010de je pot\u0159eba prostor naopak uzav\u0159\u00edt.<\/li><\/ol>\n\n\n\n<ol start=\"3\"><li><strong>Volba spr\u00e1vn\u011b v\u00fdkonn\u00e9 klimatizace:<\/strong> P\u0159i v\u00fdb\u011bru mobiln\u00ed klimatizace si dejte pozor na jej\u00ed v\u00fdkon. Zkontrolujte, zda je dostate\u010dn\u011b v\u00fdkonn\u00e1 pro chlazen\u00ed va\u0161\u00ed m\u00edstnosti. P\u0159\u00edli\u0161 slab\u00e1 klimatizace by nemusela dos\u00e1hnout po\u017eadovan\u00e9 teploty, zat\u00edmco p\u0159\u00edli\u0161 v\u00fdkonn\u00e1 by mohla zbyte\u010dn\u011b spot\u0159ebov\u00e1vat energii a prostor by byl podchlazen\u00fd.<\/li><\/ol>\n\n\n\n<ol start=\"4\"><li><strong>Velikost m\u00edstnosti:<\/strong> V\u011bnujte pozornost velikosti m\u00edstnosti, ve kter\u00e9 chcete mobiln\u00ed klimatizaci nebo ochlazova\u010d pou\u017e\u00edt. Nap\u0159\u00edklad ochlazova\u010d nepou\u017e\u00edvejte v p\u0159\u00edli\u0161 mal\u00fdch m\u00edstnostech, proto\u017ee to m\u016f\u017ee zp\u016fsobit nadm\u011brnou kondenzaci vody a vlhkost, co\u017e nen\u00ed zdrav\u00e9 pro vnit\u0159n\u00ed prost\u0159ed\u00ed a dlouhodob\u011b m\u016f\u017ee zap\u0159\u00ed\u010dinit vznik pl\u00edsn\u00ed.<\/li><\/ol>\n\n\n\n<ol start=\"5\"><li><strong>Pravideln\u00e1 \u00fadr\u017eba:<\/strong> Pro udr\u017een\u00ed optim\u00e1ln\u00edho v\u00fdkonu mobiln\u00ed klimatizace pravideln\u011b \u010dist\u011bte jej\u00ed filtry. \u010cist\u00e9 filtry zaji\u0161\u0165uj\u00ed voln\u00fd pr\u016ftok vzduchu a zabra\u0148uj\u00ed zhor\u0161en\u00ed \u00fa\u010dinnosti za\u0159\u00edzen\u00ed.<\/li><\/ol>\n\n\n\n<ol start=\"6\"><li><strong>Zdrav\u00ed:<\/strong> Dlouhodob\u00e9 nebo p\u0159\u00edli\u0161n\u00e9 ochlazov\u00e1n\u00ed organizmu tak\u00e9 neprosp\u00edv\u00e1 zdrav\u00ed, a zvl\u00e1\u0161t\u011b pak p\u0159echod z&nbsp;vychlazen\u00e9 m\u00edstnosti do vyh\u0159\u00e1t\u00e9ho okol\u00ed, kter\u00e9 m\u016f\u017ee zp\u016fsobit i \u0161ok a mdloby. Proto se v\u0161eobecn\u011b doporu\u010duje vychlazovat prostory maxim\u00e1ln\u011b o 5 stup\u0148\u016f m\u00e9n\u011b n\u011b\u017e je venkovn\u00ed teplota.<\/li><\/ol>\n\n\n\n<p><strong>S dodr\u017eov\u00e1n\u00edm t\u011bchto jednoduch\u00fdch, ale d\u016fle\u017eit\u00fdch tip\u016f m\u016f\u017eete z mobiln\u00ed klimatizace nebo ochlazova\u010de z\u00edskat maximum a efektivn\u011b ochladit v\u00e1\u0161 domov a kancel\u00e1\u0159e i v nej\u017ehav\u011bj\u0161\u00edch dnech l\u00e9ta.<\/strong><\/p>\n\n\n\n<div style=\"height:100px\" aria-hidden=\"true\" class=\"wp-block-spacer\"><\/div>\n\n\n\n<figure class=\"wp-block-gallery columns-2 is-cropped wp-block-gallery-5 is-layout-flex wp-block-gallery-is-layout-flex\"><ul class=\"blocks-gallery-grid\"><li class=\"blocks-gallery-item\"><figure><img decoding=\"async\" src=\"https:\/\/watchhouse.cz\/wp-content\/uploads\/2023\/08\/honeywell-portable_2.jpg\" alt=\"\" data-id=\"1236\" data-link=\"https:\/\/watchhouse.cz\/?attachment_id=1236\" class=\"wp-image-1236\"\/><\/figure><\/li><li class=\"blocks-gallery-item\"><figure><img decoding=\"async\" src=\"https:\/\/watchhouse.cz\/wp-content\/uploads\/2023\/08\/Eldonex-Arctic2.jpg\" alt=\"\" data-id=\"1234\" data-link=\"https:\/\/watchhouse.cz\/?attachment_id=1234\" class=\"wp-image-1234\"\/><\/figure><\/li><li class=\"blocks-gallery-item\"><figure><img decoding=\"async\" src=\"https:\/\/watchhouse.cz\/wp-content\/uploads\/2023\/08\/honeywell-portable_1.jpg\" alt=\"\" data-id=\"1235\" data-link=\"https:\/\/watchhouse.cz\/?attachment_id=1235\" class=\"wp-image-1235\"\/><\/figure><\/li><li class=\"blocks-gallery-item\"><figure><img decoding=\"async\" src=\"https:\/\/watchhouse.cz\/wp-content\/uploads\/2023\/08\/sencor-mt1230_2.jpg\" alt=\"\" data-id=\"1238\" data-link=\"https:\/\/watchhouse.cz\/?attachment_id=1238\" class=\"wp-image-1238\"\/><\/figure><\/li><li class=\"blocks-gallery-item\"><figure><img decoding=\"async\" src=\"https:\/\/watchhouse.cz\/wp-content\/uploads\/2023\/08\/SOMOGYI.jpg\" alt=\"\" data-id=\"1239\" data-link=\"https:\/\/watchhouse.cz\/?attachment_id=1239\" class=\"wp-image-1239\"\/><\/figure><\/li><li class=\"blocks-gallery-item\"><figure><img decoding=\"async\" src=\"https:\/\/watchhouse.cz\/wp-content\/uploads\/2023\/08\/Eldonex-Arctic_1.jpg\" alt=\"\" data-id=\"1233\" data-link=\"https:\/\/watchhouse.cz\/?attachment_id=1233\" class=\"wp-image-1233\"\/><\/figure><\/li><li class=\"blocks-gallery-item\"><figure><img decoding=\"async\" src=\"https:\/\/watchhouse.cz\/wp-content\/uploads\/2023\/08\/sencor-mt1230_1.jpg\" alt=\"\" data-id=\"1237\" data-link=\"https:\/\/watchhouse.cz\/?attachment_id=1237\" class=\"wp-image-1237\"\/><\/figure><\/li><li class=\"blocks-gallery-item\"><figure><img decoding=\"async\" src=\"https:\/\/watchhouse.cz\/wp-content\/uploads\/2023\/08\/klimatizace.jpg\" alt=\"\" data-id=\"1240\" data-full-url=\"https:\/\/watchhouse.cz\/wp-content\/uploads\/2023\/08\/klimatizace.jpg\" data-link=\"https:\/\/watchhouse.cz\/?attachment_id=1240\" class=\"wp-image-1240\"\/><\/figure><\/li><\/ul><\/figure>\n\n\n\n<p><strong>Zdroj foto: <\/strong>Electroworld.cz, Honeywell, Sencor, Eldonex, SOMOGYI<\/p>\n\n\n\n<div style=\"height:100px\" aria-hidden=\"true\" class=\"wp-block-spacer\"><\/div>\n","protected":false},"excerpt":{"rendered":"<p>Kdy\u017e se teplota b\u011bhem hork\u00fdch letn\u00edch dn\u016f vy\u0161plh\u00e1 na zhruba 30 stup\u0148\u016f, interi\u00e9r dom\u00e1cnost\u00ed a pracovi\u0161\u0165 za\u010dne p\u0159ipom\u00ednat sp\u00ed\u0161e saunu. Tento diskomfort je obzvl\u00e1\u0161\u0165 znateln\u00fd pro obyvatele m\u00edstnost\u00ed podkrov\u00ed a byt\u016f v posledn\u00edch patrech panelov\u00fdch dom\u016f. S n\u00e1r\u016fstem po\u010dtu tropick\u00fdch dn\u00ed je tedy vhodn\u00e9 p\u0159em\u00fd\u0161let o mo\u017enostech, jak interi\u00e9r uchladit. Jedn\u00edm z \u0159e\u0161en\u00ed m\u016f\u017ee b\u00fdt [&hellip;]<\/p>\n","protected":false},"author":3,"featured_media":4132,"comment_status":"closed","ping_status":"open","sticky":false,"template":"","format":"standard","meta":{"_mi_skip_tracking":false,"_monsterinsights_sitenote_active":false,"_monsterinsights_sitenote_note":"","_monsterinsights_sitenote_category":0,"footnotes":""},"categories":[5,2,9,13],"tags":[],"yoast_head":"<!-- This site is optimized with the Yoast SEO plugin v21.4 - https:\/\/yoast.com\/wordpress\/plugins\/seo\/ -->\n<title>Souboj s\u00a0horkem? V\u00edt\u011bz\u00ed mobiln\u00ed klimatizace a ochlazova\u010de - LUXURYMAGAZINE.cz<\/title>\n<meta name=\"robots\" content=\"index, follow, max-snippet:-1, max-image-preview:large, max-video-preview:-1\" \/>\n<link rel=\"canonical\" href=\"https:\/\/luxurymagazine.cz\/index.php\/2023\/08\/23\/souboj-s-horkem-vitezi-mobilni-klimatizace-a-ochlazovace\/\" \/>\n<meta property=\"og:locale\" content=\"cs_CZ\" \/>\n<meta property=\"og:type\" content=\"article\" \/>\n<meta property=\"og:title\" content=\"Souboj s\u00a0horkem? V\u00edt\u011bz\u00ed mobiln\u00ed klimatizace a ochlazova\u010de - LUXURYMAGAZINE.cz\" \/>\n<meta property=\"og:description\" content=\"Kdy\u017e se teplota b\u011bhem hork\u00fdch letn\u00edch dn\u016f vy\u0161plh\u00e1 na zhruba 30 stup\u0148\u016f, interi\u00e9r dom\u00e1cnost\u00ed a pracovi\u0161\u0165 za\u010dne p\u0159ipom\u00ednat sp\u00ed\u0161e saunu. Tento diskomfort je obzvl\u00e1\u0161\u0165 znateln\u00fd pro obyvatele m\u00edstnost\u00ed podkrov\u00ed a byt\u016f v posledn\u00edch patrech panelov\u00fdch dom\u016f. S n\u00e1r\u016fstem po\u010dtu tropick\u00fdch dn\u00ed je tedy vhodn\u00e9 p\u0159em\u00fd\u0161let o mo\u017enostech, jak interi\u00e9r uchladit. Jedn\u00edm z \u0159e\u0161en\u00ed m\u016f\u017ee b\u00fdt [&hellip;]\" \/>\n<meta property=\"og:url\" content=\"https:\/\/luxurymagazine.cz\/index.php\/2023\/08\/23\/souboj-s-horkem-vitezi-mobilni-klimatizace-a-ochlazovace\/\" \/>\n<meta property=\"og:site_name\" content=\"LUXURYMAGAZINE.cz\" \/>\n<meta property=\"article:published_time\" content=\"2023-08-22T22:13:00+00:00\" \/>\n<meta property=\"article:modified_time\" content=\"2023-09-28T23:31:26+00:00\" \/>\n<meta property=\"og:image\" content=\"https:\/\/luxurymagazine.cz\/wp-content\/uploads\/2023\/08\/klimatizace.jpg\" \/>\n\t<meta property=\"og:image:width\" content=\"1450\" \/>\n\t<meta property=\"og:image:height\" content=\"969\" \/>\n\t<meta property=\"og:image:type\" content=\"image\/jpeg\" \/>\n<meta name=\"author\" content=\"Miroslav Van\u011bk\" \/>\n<meta name=\"twitter:card\" content=\"summary_large_image\" \/>\n<meta name=\"twitter:label1\" content=\"Napsal(a)\" \/>\n\t<meta name=\"twitter:data1\" content=\"Miroslav Van\u011bk\" \/>\n\t<meta name=\"twitter:label2\" content=\"Odhadovan\u00e1 doba \u010dten\u00ed\" \/>\n\t<meta name=\"twitter:data2\" content=\"5 minut\" \/>\n<script type=\"application\/ld+json\" class=\"yoast-schema-graph\">{\"@context\":\"https:\/\/schema.org\",\"@graph\":[{\"@type\":\"Article\",\"@id\":\"https:\/\/luxurymagazine.cz\/index.php\/2023\/08\/23\/souboj-s-horkem-vitezi-mobilni-klimatizace-a-ochlazovace\/#article\",\"isPartOf\":{\"@id\":\"https:\/\/luxurymagazine.cz\/index.php\/2023\/08\/23\/souboj-s-horkem-vitezi-mobilni-klimatizace-a-ochlazovace\/\"},\"author\":{\"name\":\"Miroslav Van\u011bk\",\"@id\":\"https:\/\/luxurymagazine.cz\/#\/schema\/person\/44a069a3b1eab523585f7325b6e54254\"},\"headline\":\"Souboj s\u00a0horkem? V\u00edt\u011bz\u00ed mobiln\u00ed klimatizace a ochlazova\u010de\",\"datePublished\":\"2023-08-22T22:13:00+00:00\",\"dateModified\":\"2023-09-28T23:31:26+00:00\",\"mainEntityOfPage\":{\"@id\":\"https:\/\/luxurymagazine.cz\/index.php\/2023\/08\/23\/souboj-s-horkem-vitezi-mobilni-klimatizace-a-ochlazovace\/\"},\"wordCount\":1097,\"publisher\":{\"@id\":\"https:\/\/luxurymagazine.cz\/#organization\"},\"articleSection\":[\"BYDLEN\u00cd &amp; DESIGN\",\"NEWS\",\"TECHNIKA &amp; SPOT\u0158EBI\u010cE\",\"TIPY &amp; TRENDY\"],\"inLanguage\":\"cs\"},{\"@type\":\"WebPage\",\"@id\":\"https:\/\/luxurymagazine.cz\/index.php\/2023\/08\/23\/souboj-s-horkem-vitezi-mobilni-klimatizace-a-ochlazovace\/\",\"url\":\"https:\/\/luxurymagazine.cz\/index.php\/2023\/08\/23\/souboj-s-horkem-vitezi-mobilni-klimatizace-a-ochlazovace\/\",\"name\":\"Souboj s\u00a0horkem? V\u00edt\u011bz\u00ed mobiln\u00ed klimatizace a ochlazova\u010de - LUXURYMAGAZINE.cz\",\"isPartOf\":{\"@id\":\"https:\/\/luxurymagazine.cz\/#website\"},\"datePublished\":\"2023-08-22T22:13:00+00:00\",\"dateModified\":\"2023-09-28T23:31:26+00:00\",\"breadcrumb\":{\"@id\":\"https:\/\/luxurymagazine.cz\/index.php\/2023\/08\/23\/souboj-s-horkem-vitezi-mobilni-klimatizace-a-ochlazovace\/#breadcrumb\"},\"inLanguage\":\"cs\",\"potentialAction\":[{\"@type\":\"ReadAction\",\"target\":[\"https:\/\/luxurymagazine.cz\/index.php\/2023\/08\/23\/souboj-s-horkem-vitezi-mobilni-klimatizace-a-ochlazovace\/\"]}]},{\"@type\":\"BreadcrumbList\",\"@id\":\"https:\/\/luxurymagazine.cz\/index.php\/2023\/08\/23\/souboj-s-horkem-vitezi-mobilni-klimatizace-a-ochlazovace\/#breadcrumb\",\"itemListElement\":[{\"@type\":\"ListItem\",\"position\":1,\"name\":\"Dom\u016f\",\"item\":\"https:\/\/luxurymagazine.cz\/\"},{\"@type\":\"ListItem\",\"position\":2,\"name\":\"Souboj s\u00a0horkem? V\u00edt\u011bz\u00ed mobiln\u00ed klimatizace a ochlazova\u010de\"}]},{\"@type\":\"WebSite\",\"@id\":\"https:\/\/luxurymagazine.cz\/#website\",\"url\":\"https:\/\/luxurymagazine.cz\/\",\"name\":\"LUXURYMAGAZINE.cz\",\"description\":\"Port\u00e1l v\u00fdhradn\u011b o luxusu...\",\"publisher\":{\"@id\":\"https:\/\/luxurymagazine.cz\/#organization\"},\"potentialAction\":[{\"@type\":\"SearchAction\",\"target\":{\"@type\":\"EntryPoint\",\"urlTemplate\":\"https:\/\/luxurymagazine.cz\/?s={search_term_string}\"},\"query-input\":\"required name=search_term_string\"}],\"inLanguage\":\"cs\"},{\"@type\":\"Organization\",\"@id\":\"https:\/\/luxurymagazine.cz\/#organization\",\"name\":\"LUXURYMAGAZINE.cz\",\"url\":\"https:\/\/luxurymagazine.cz\/\",\"logo\":{\"@type\":\"ImageObject\",\"inLanguage\":\"cs\",\"@id\":\"https:\/\/luxurymagazine.cz\/#\/schema\/logo\/image\/\",\"url\":\"https:\/\/luxurymagazine.cz\/wp-content\/uploads\/2024\/12\/cropped-Logo_LuxuryMagazine-1.jpg\",\"contentUrl\":\"https:\/\/luxurymagazine.cz\/wp-content\/uploads\/2024\/12\/cropped-Logo_LuxuryMagazine-1.jpg\",\"width\":934,\"height\":509,\"caption\":\"LUXURYMAGAZINE.cz\"},\"image\":{\"@id\":\"https:\/\/luxurymagazine.cz\/#\/schema\/logo\/image\/\"}},{\"@type\":\"Person\",\"@id\":\"https:\/\/luxurymagazine.cz\/#\/schema\/person\/44a069a3b1eab523585f7325b6e54254\",\"name\":\"Miroslav Van\u011bk\",\"image\":{\"@type\":\"ImageObject\",\"inLanguage\":\"cs\",\"@id\":\"https:\/\/luxurymagazine.cz\/#\/schema\/person\/image\/\",\"url\":\"https:\/\/secure.gravatar.com\/avatar\/cc93dbecbfc820d69a964ea4a1c72377?s=96&d=mm&r=g\",\"contentUrl\":\"https:\/\/secure.gravatar.com\/avatar\/cc93dbecbfc820d69a964ea4a1c72377?s=96&d=mm&r=g\",\"caption\":\"Miroslav Van\u011bk\"},\"sameAs\":[\"http:\/\/LUXURYMAGAZINE.cz\"],\"url\":\"https:\/\/luxurymagazine.cz\/index.php\/author\/mirvan\/\"}]}<\/script>\n<!-- \/ Yoast SEO plugin. -->","yoast_head_json":{"title":"Souboj s\u00a0horkem? V\u00edt\u011bz\u00ed mobiln\u00ed klimatizace a ochlazova\u010de - LUXURYMAGAZINE.cz","robots":{"index":"index","follow":"follow","max-snippet":"max-snippet:-1","max-image-preview":"max-image-preview:large","max-video-preview":"max-video-preview:-1"},"canonical":"https:\/\/luxurymagazine.cz\/index.php\/2023\/08\/23\/souboj-s-horkem-vitezi-mobilni-klimatizace-a-ochlazovace\/","og_locale":"cs_CZ","og_type":"article","og_title":"Souboj s\u00a0horkem? V\u00edt\u011bz\u00ed mobiln\u00ed klimatizace a ochlazova\u010de - LUXURYMAGAZINE.cz","og_description":"Kdy\u017e se teplota b\u011bhem hork\u00fdch letn\u00edch dn\u016f vy\u0161plh\u00e1 na zhruba 30 stup\u0148\u016f, interi\u00e9r dom\u00e1cnost\u00ed a pracovi\u0161\u0165 za\u010dne p\u0159ipom\u00ednat sp\u00ed\u0161e saunu. Tento diskomfort je obzvl\u00e1\u0161\u0165 znateln\u00fd pro obyvatele m\u00edstnost\u00ed podkrov\u00ed a byt\u016f v posledn\u00edch patrech panelov\u00fdch dom\u016f. S n\u00e1r\u016fstem po\u010dtu tropick\u00fdch dn\u00ed je tedy vhodn\u00e9 p\u0159em\u00fd\u0161let o mo\u017enostech, jak interi\u00e9r uchladit. Jedn\u00edm z \u0159e\u0161en\u00ed m\u016f\u017ee b\u00fdt [&hellip;]","og_url":"https:\/\/luxurymagazine.cz\/index.php\/2023\/08\/23\/souboj-s-horkem-vitezi-mobilni-klimatizace-a-ochlazovace\/","og_site_name":"LUXURYMAGAZINE.cz","article_published_time":"2023-08-22T22:13:00+00:00","article_modified_time":"2023-09-28T23:31:26+00:00","og_image":[{"width":1450,"height":969,"url":"https:\/\/luxurymagazine.cz\/wp-content\/uploads\/2023\/08\/klimatizace.jpg","type":"image\/jpeg"}],"author":"Miroslav Van\u011bk","twitter_card":"summary_large_image","twitter_misc":{"Napsal(a)":"Miroslav Van\u011bk","Odhadovan\u00e1 doba \u010dten\u00ed":"5 minut"},"schema":{"@context":"https:\/\/schema.org","@graph":[{"@type":"Article","@id":"https:\/\/luxurymagazine.cz\/index.php\/2023\/08\/23\/souboj-s-horkem-vitezi-mobilni-klimatizace-a-ochlazovace\/#article","isPartOf":{"@id":"https:\/\/luxurymagazine.cz\/index.php\/2023\/08\/23\/souboj-s-horkem-vitezi-mobilni-klimatizace-a-ochlazovace\/"},"author":{"name":"Miroslav Van\u011bk","@id":"https:\/\/luxurymagazine.cz\/#\/schema\/person\/44a069a3b1eab523585f7325b6e54254"},"headline":"Souboj s\u00a0horkem? V\u00edt\u011bz\u00ed mobiln\u00ed klimatizace a ochlazova\u010de","datePublished":"2023-08-22T22:13:00+00:00","dateModified":"2023-09-28T23:31:26+00:00","mainEntityOfPage":{"@id":"https:\/\/luxurymagazine.cz\/index.php\/2023\/08\/23\/souboj-s-horkem-vitezi-mobilni-klimatizace-a-ochlazovace\/"},"wordCount":1097,"publisher":{"@id":"https:\/\/luxurymagazine.cz\/#organization"},"articleSection":["BYDLEN\u00cd &amp; DESIGN","NEWS","TECHNIKA &amp; SPOT\u0158EBI\u010cE","TIPY &amp; TRENDY"],"inLanguage":"cs"},{"@type":"WebPage","@id":"https:\/\/luxurymagazine.cz\/index.php\/2023\/08\/23\/souboj-s-horkem-vitezi-mobilni-klimatizace-a-ochlazovace\/","url":"https:\/\/luxurymagazine.cz\/index.php\/2023\/08\/23\/souboj-s-horkem-vitezi-mobilni-klimatizace-a-ochlazovace\/","name":"Souboj s\u00a0horkem? V\u00edt\u011bz\u00ed mobiln\u00ed klimatizace a ochlazova\u010de - LUXURYMAGAZINE.cz","isPartOf":{"@id":"https:\/\/luxurymagazine.cz\/#website"},"datePublished":"2023-08-22T22:13:00+00:00","dateModified":"2023-09-28T23:31:26+00:00","breadcrumb":{"@id":"https:\/\/luxurymagazine.cz\/index.php\/2023\/08\/23\/souboj-s-horkem-vitezi-mobilni-klimatizace-a-ochlazovace\/#breadcrumb"},"inLanguage":"cs","potentialAction":[{"@type":"ReadAction","target":["https:\/\/luxurymagazine.cz\/index.php\/2023\/08\/23\/souboj-s-horkem-vitezi-mobilni-klimatizace-a-ochlazovace\/"]}]},{"@type":"BreadcrumbList","@id":"https:\/\/luxurymagazine.cz\/index.php\/2023\/08\/23\/souboj-s-horkem-vitezi-mobilni-klimatizace-a-ochlazovace\/#breadcrumb","itemListElement":[{"@type":"ListItem","position":1,"name":"Dom\u016f","item":"https:\/\/luxurymagazine.cz\/"},{"@type":"ListItem","position":2,"name":"Souboj s\u00a0horkem? V\u00edt\u011bz\u00ed mobiln\u00ed klimatizace a ochlazova\u010de"}]},{"@type":"WebSite","@id":"https:\/\/luxurymagazine.cz\/#website","url":"https:\/\/luxurymagazine.cz\/","name":"LUXURYMAGAZINE.cz","description":"Port\u00e1l v\u00fdhradn\u011b o luxusu...","publisher":{"@id":"https:\/\/luxurymagazine.cz\/#organization"},"potentialAction":[{"@type":"SearchAction","target":{"@type":"EntryPoint","urlTemplate":"https:\/\/luxurymagazine.cz\/?s={search_term_string}"},"query-input":"required name=search_term_string"}],"inLanguage":"cs"},{"@type":"Organization","@id":"https:\/\/luxurymagazine.cz\/#organization","name":"LUXURYMAGAZINE.cz","url":"https:\/\/luxurymagazine.cz\/","logo":{"@type":"ImageObject","inLanguage":"cs","@id":"https:\/\/luxurymagazine.cz\/#\/schema\/logo\/image\/","url":"https:\/\/luxurymagazine.cz\/wp-content\/uploads\/2024\/12\/cropped-Logo_LuxuryMagazine-1.jpg","contentUrl":"https:\/\/luxurymagazine.cz\/wp-content\/uploads\/2024\/12\/cropped-Logo_LuxuryMagazine-1.jpg","width":934,"height":509,"caption":"LUXURYMAGAZINE.cz"},"image":{"@id":"https:\/\/luxurymagazine.cz\/#\/schema\/logo\/image\/"}},{"@type":"Person","@id":"https:\/\/luxurymagazine.cz\/#\/schema\/person\/44a069a3b1eab523585f7325b6e54254","name":"Miroslav Van\u011bk","image":{"@type":"ImageObject","inLanguage":"cs","@id":"https:\/\/luxurymagazine.cz\/#\/schema\/person\/image\/","url":"https:\/\/secure.gravatar.com\/avatar\/cc93dbecbfc820d69a964ea4a1c72377?s=96&d=mm&r=g","contentUrl":"https:\/\/secure.gravatar.com\/avatar\/cc93dbecbfc820d69a964ea4a1c72377?s=96&d=mm&r=g","caption":"Miroslav Van\u011bk"},"sameAs":["http:\/\/LUXURYMAGAZINE.cz"],"url":"https:\/\/luxurymagazine.cz\/index.php\/author\/mirvan\/"}]}},"_links":{"self":[{"href":"https:\/\/luxurymagazine.cz\/index.php\/wp-json\/wp\/v2\/posts\/4131"}],"collection":[{"href":"https:\/\/luxurymagazine.cz\/index.php\/wp-json\/wp\/v2\/posts"}],"about":[{"href":"https:\/\/luxurymagazine.cz\/index.php\/wp-json\/wp\/v2\/types\/post"}],"author":[{"embeddable":true,"href":"https:\/\/luxurymagazine.cz\/index.php\/wp-json\/wp\/v2\/users\/3"}],"replies":[{"embeddable":true,"href":"https:\/\/luxurymagazine.cz\/index.php\/wp-json\/wp\/v2\/comments?post=4131"}],"version-history":[{"count":-4,"href":"https:\/\/luxurymagazine.cz\/index.php\/wp-json\/wp\/v2\/posts\/4131\/revisions"}],"wp:featuredmedia":[{"embeddable":true,"href":"https:\/\/luxurymagazine.cz\/index.php\/wp-json\/wp\/v2\/media\/4132"}],"wp:attachment":[{"href":"https:\/\/luxurymagazine.cz\/index.php\/wp-json\/wp\/v2\/media?parent=4131"}],"wp:term":[{"taxonomy":"category","embeddable":true,"href":"https:\/\/luxurymagazine.cz\/index.php\/wp-json\/wp\/v2\/categories?post=4131"},{"taxonomy":"post_tag","embeddable":true,"href":"https:\/\/luxurymagazine.cz\/index.php\/wp-json\/wp\/v2\/tags?post=4131"}],"curies":[{"name":"wp","href":"https:\/\/api.w.org\/{rel}","templated":true}]}}