{"id":4186,"date":"2023-09-05T15:37:22","date_gmt":"2023-09-05T13:37:22","guid":{"rendered":"https:\/\/luxurymagazine.cz\/?p=4186"},"modified":"2023-10-11T00:56:48","modified_gmt":"2023-10-10T22:56:48","slug":"logitech-g-prichazi-s-novym-vybavenim-rady-pro","status":"publish","type":"post","link":"https:\/\/luxurymagazine.cz\/index.php\/2023\/09\/05\/logitech-g-prichazi-s-novym-vybavenim-rady-pro\/","title":{"rendered":"Logitech G p\u0159ich\u00e1z\u00ed s nov\u00fdm vybaven\u00edm \u0159ady PRO"},"content":{"rendered":"\n<div style=\"height:40px\" aria-hidden=\"true\" class=\"wp-block-spacer\"><\/div>\n\n\n\n<p><strong>Nov\u00e1 hern\u00ed kl\u00e1vesnice Logitech G PRO X TKL LIGHTSPEED a hern\u00ed my\u0161 Logitech G PRO X SUPERLIGHT 2 p\u0159in\u00e1\u0161ej\u00ed \u0161pi\u010dkov\u00fdm e-sportovc\u016fm v\u00fdkon, p\u0159esnost a design nov\u00e9 generace<\/strong><\/p>\n\n\n\n<p><strong>Logitech G, zna\u010dka spole\u010dnosti Logitech a p\u0159edn\u00ed inov\u00e1tor hern\u00edch technologi\u00ed a vybaven\u00ed, p\u0159edstavuje dva nejnov\u011bj\u0161\u00ed produkty z oce\u0148ovan\u00e9 \u0159ady PRO \u2013 hern\u00ed kl\u00e1vesnici Logitech G PRO X TKL LIGHTSPEED a hern\u00ed my\u0161 Logitech G PRO X SUPERLIGHT 2.&nbsp;<\/strong><\/p>\n\n\n\n<div style=\"height:35px\" aria-hidden=\"true\" class=\"wp-block-spacer\"><\/div>\n\n\n\n<figure class=\"wp-block-image\"><a href=\"https:\/\/feedit.cz\/wp-content\/uploads\/2023\/09\/PROX2-Landscape-17.jpg\"><img decoding=\"async\" src=\"https:\/\/feedit.cz\/wp-content\/uploads\/2023\/09\/PROX2-Landscape-17-1024x576.jpg\" alt=\"\" class=\"wp-image-192569\"\/><\/a><\/figure>\n\n\n\n<div style=\"height:35px\" aria-hidden=\"true\" class=\"wp-block-spacer\"><\/div>\n\n\n\n<p>Skupina Logitech G spolupracovala v uplynul\u00fdch t\u0159ech letech se stovkami nejzku\u0161en\u011bj\u0161\u00edch profesion\u00e1ln\u00edch e-sportovc\u016f na vytvo\u0159en\u00ed nov\u00e9 generace vybaven\u00ed \u0159ady PRO. Tyto nov\u00e9 produkty v kombinaci s hern\u00edm headsetem Logitech G PRO X 2 LIGHTSPEED, kter\u00fd uveden\u00edm na trh na za\u010d\u00e1tku tohoto roku, dopl\u0148uj\u00ed \u0159adu PRO, kter\u00e1 nab\u00edz\u00ed nejvy\u0161\u0161\u00ed \u00farove\u0148 v\u00fdkonu ze v\u0161ech obdobn\u00fdch produkt\u016f pro hran\u00ed po\u010d\u00edta\u010dov\u00fdch her.<\/p>\n\n\n\n<p>\u201e\u0158ada PRO je v\u00fdsledkem na\u0161\u00ed nep\u0159etr\u017eit\u00e9 snahy pom\u00e1hat e-sportovc\u016fm a sout\u011b\u017eiv\u00fdm hr\u00e1\u010d\u016fm hr\u00e1t na vrcholu sv\u00e9ho potenci\u00e1lu a dos\u00e1hnout v\u00edt\u011bzstv\u00ed. Dlouholet\u00e1 spolupr\u00e1ce vy\u00fastila ve v\u00fdvoj nov\u00e9ho atraktivn\u00edho portfolia \u0159ady PRO, kter\u00e9 p\u0159edstavuje \u010distokrevnou a nekompromisn\u00ed kolekci produkt\u016f navr\u017eenou k maxim\u00e1ln\u00edmu v\u00fdkonu a napln\u011bn\u00ed pot\u0159eb elitn\u00edch e-sportovn\u00edch profesion\u00e1l\u016f a nejsout\u011b\u017eiv\u011bj\u0161\u00edch hr\u00e1\u010d\u016f,\u201c \u0159ekl Brent Barry, vedouc\u00ed odd\u011blen\u00ed e-sport\u016f a \u0159ady PRO ve skupin\u011b Logitech G. \u201eTyto produkty jsou dokladem na\u0161eho odhodl\u00e1n\u00ed posouvat hranice v\u00fdkonu, rychlosti a spolehlivosti. Vznik nov\u00e9 \u0159ady PRO byl mo\u017en\u00fd jen d\u00edky na\u0161emu mnohalet\u00e9mu procesu spolupr\u00e1ce s profesion\u00e1ln\u00edmi e-sportovci p\u0159i navrhov\u00e1n\u00ed, v\u00fdvoji a testov\u00e1n\u00ed na\u0161ich produkt\u016f, abychom zajistili jejich maxim\u00e1ln\u00ed \u00farove\u0148 v\u00fdkonu, kvality a \u0161pi\u010dkov\u00fdch inovac\u00ed.\u201c<\/p>\n\n\n\n<div style=\"height:36px\" aria-hidden=\"true\" class=\"wp-block-spacer\"><\/div>\n\n\n\n<figure class=\"wp-block-image size-large\"><img decoding=\"async\" src=\"https:\/\/watchhouse.cz\/wp-content\/uploads\/2023\/09\/PRO-X-Superlight-2-Family-1024x552.jpg\" alt=\"\" class=\"wp-image-1248\"\/><\/figure>\n\n\n\n<div style=\"height:36px\" aria-hidden=\"true\" class=\"wp-block-spacer\"><\/div>\n\n\n\n<p><strong>Hern\u00ed my\u0161 Logitech G PRO X SUPERLIGHT 2<\/strong>&nbsp;je zt\u011blesn\u011bn\u00edm p\u0159esnosti, v\u00fdkonu a spolehlivosti a to z n\u00ed d\u011bl\u00e1 nepostradateln\u00fd n\u00e1stroj pro hran\u00ed na \u0161pi\u010dkov\u00e9 \u00farovni.<\/p>\n\n\n\n<p>Mezi nejmodern\u011bj\u0161\u00ed prvky pat\u0159\u00ed hybridn\u00ed opticko-mechanick\u00e9 sp\u00edna\u010de LIGHTFORCE, kter\u00e9 spojuj\u00ed revolu\u010dn\u00ed rychlost a spolehlivost optick\u00fdch sn\u00edma\u010d\u016f s p\u0159esnou reakc\u00ed a hmatovou odezvou jako u sp\u00edna\u010d\u016f mechanick\u00fdch, co\u017e se mezi profesion\u00e1ly \u017e\u00e1d\u00e1.<\/p>\n\n\n\n<p>Tato my\u0161 obsahuje tak\u00e9 zcela nov\u00fd senzor HERO 2 s rychlost\u00ed trasov\u00e1n\u00ed p\u0159es 500 palc\u016f (12,7&nbsp;m) za sekundu a rozli\u0161en\u00edm a\u017e 32 000 DPI. Jej\u00ed unik\u00e1tn\u00ed konstrukce s dvojit\u00fdm skenovac\u00edm polem zvy\u0161uje pracovn\u00ed dosah a zaji\u0161\u0165uje plnou funk\u010dnost trasov\u00e1n\u00ed i p\u0159i nadzvednut\u00ed nebo naklon\u011bn\u00ed my\u0161i.<\/p>\n\n\n\n<p>Na z\u00e1klad\u011b zp\u011btn\u00e9 vazby od profesion\u00e1ln\u00edch hr\u00e1\u010d\u016f si nov\u00e1 my\u0161 PRO X SUPERLIGHT 2 zachov\u00e1v\u00e1 osv\u011bd\u010den\u00fd tvar a geometrii p\u0159edchoz\u00ed my\u0161i PRO SUPERLIGHT a tak\u00e9 celkovou hmotnost pouh\u00fdch 60 gram\u016f.<\/p>\n\n\n\n<p>Mezi dal\u0161\u00ed p\u0159ednosti pat\u0159\u00ed technologie t\u0159\u00eddy PRO, frekvence dotazov\u00e1n\u00ed 2 kHz, rozhran\u00ed USB-C, 95hodinov\u00e1 v\u00fddr\u017e baterie, kompatibilita s bezdr\u00e1tovou dob\u00edjec\u00ed podlo\u017ekou POWERPLAY, v\u011bt\u0161\u00ed skenovac\u00ed pole a maxim\u00e1ln\u00ed skenovac\u00ed frekvence 25 kHz, nejvy\u0161\u0161\u00ed v t\u00e9to kategorii produkt\u016f. No\u017eky my\u0161i jsou vyrobeny z teflonu (PTFE) bez p\u0159idan\u00fdch aditiv a zaji\u0161\u0165uj\u00ed hladk\u00fd skluz pro snadnou okam\u017eitou reakci v jak\u00e9koli h\u0159e.<\/p>\n\n\n\n<p>Nov\u00e1&nbsp;<strong>bezdr\u00e1tov\u00e1 hern\u00ed kl\u00e1vesnice Logitech G PRO X TKL<\/strong>&nbsp;byla stejn\u011b jako hern\u00ed my\u0161 PRO X SUPERLIGHT 2 navr\u017eena ve spolupr\u00e1ci s profesion\u00e1ly tak, aby jim umo\u017e\u0148ovala sout\u011b\u017en\u00ed hran\u00ed na nejvy\u0161\u0161\u00ed \u00farovni. \u0158e\u0161en\u00ed bez numerick\u00e9ho bloku je vybaveno programovateln\u00fdmi kl\u00e1vesami, RGB podsv\u00edcen\u00edm s funkc\u00ed LIGHTSYNC, speci\u00e1ln\u00edmi kl\u00e1vesami ovl\u00e1d\u00e1n\u00ed m\u00e9di\u00ed, v\u00e1le\u010dkem regulace hlasitosti a spolehlivou bezdr\u00e1tovou technologi\u00ed Logitech G LIGHTSPEED. Krom\u011b hardwarov\u00e9ho adapt\u00e9ru LIGHTSPEED se hr\u00e1\u010di m\u016f\u017eou p\u0159ipojit p\u0159es Bluetooth nebo pomoc\u00ed p\u0159ilo\u017een\u00e9ho kabelu USB-C\/USB-A.<\/p>\n\n\n\n<p>Kl\u00e1vesnice PRO X TKL m\u00e1 hmatn\u00edky, kter\u00e9 jsou vyrobeny technologi\u00ed dvojit\u011b vst\u0159ikovan\u00e9ho polybutylen-tereftal\u00e1tu (PBT), aby vynikly RGB sv\u011bteln\u00e9 efekty LIGHTSYNC. Standardn\u00ed rozlo\u017een\u00ed kl\u00e1ves podporuje kompatibilitu s hmatn\u00edky jin\u00fdch v\u00fdrobc\u016f a p\u0159\u00eddavn\u00e9 medi\u00e1ln\u00ed kl\u00e1vesy umo\u017e\u0148uj\u00ed rychl\u00fd p\u0159\u00edstup p\u0159i opakovan\u00fdch hern\u00edch akc\u00edch (grindingu), co\u017e bylo p\u0159\u00e1n\u00edm mnoha profesion\u00e1ln\u00edch hr\u00e1\u010d\u016f. Absence numerick\u00e9ho bloku znamen\u00e1 v\u00edc prostoru k pohybu my\u0161i \u2013 to je pro mnoho sout\u011b\u017e\u00edc\u00edch d\u016fle\u017eit\u00e1 p\u0159ednost.<\/p>\n\n\n\n<p>Hr\u00e1\u010di si m\u016f\u017eou vybrat mezi taktiln\u00edmi sp\u00edna\u010di (GX Brown), line\u00e1rn\u00edmi sp\u00edna\u010di (GX Red) nebo klikac\u00edmi sp\u00edna\u010di (GX Blue) a d\u00edky dod\u00e1van\u00e9mu p\u0159epravn\u00edmu pouzdru vz\u00edt kl\u00e1vesnici kamkoli s sebou.<\/p>\n\n\n\n<p><\/p>\n\n\n\n<div style=\"height:35px\" aria-hidden=\"true\" class=\"wp-block-spacer\"><\/div>\n\n\n\n<figure class=\"wp-block-image size-large\"><img decoding=\"async\" src=\"https:\/\/watchhouse.cz\/wp-content\/uploads\/2023\/09\/PROX2-Landscape-22-1024x576.jpg\" alt=\"\" class=\"wp-image-1247\"\/><\/figure>\n\n\n\n<div style=\"height:35px\" aria-hidden=\"true\" class=\"wp-block-spacer\"><\/div>\n\n\n\n<p>Nov\u00e1 vylep\u0161en\u00ed v \u0159ad\u011b PRO, kl\u00e1vesnice PRO X TKL a my\u0161 PRO X SUPERLIGHT 2, jsme navrhli s ohledem na pot\u0159eby hr\u00e1\u010d\u016f.<\/p>\n\n\n\n<p>U profesion\u00e1l\u016f m\u016f\u017ee i sebemen\u0161\u00ed zm\u011bna ve v\u00fdbav\u011b a nastaven\u00ed rozhodnout, zda budou moct hr\u00e1t s maxim\u00e1ln\u00ed nasazen\u00edm nebo jim prvn\u00ed m\u00edsto jen o vl\u00e1sek unikne. D\u016fle\u017eit\u00e9 jsou v\u0161echny parametry \u2013 rozli\u0161en\u00ed, citlivost, rychlost dotazov\u00e1n\u00ed, sn\u00edman\u00fd povrch, hern\u00ed nastaven\u00ed a dal\u0161\u00ed funkce. D\u00edky v\u00fdznamn\u00fdm aktualizac\u00edm softwaru G HUB a OMM maj\u00ed nyn\u00ed hr\u00e1\u010di je\u0161t\u011b v\u011bt\u0161\u00ed mo\u017enosti ovl\u00e1d\u00e1n\u00ed a konfigurace:<\/p>\n\n\n\n<ul><li>Nov\u00e9 u\u017eivatelsk\u00e9 rozhran\u00ed v programech G HUB a OMM pro konfiguraci p\u0159edvoleb DPI se samostatn\u00fdmi ovl\u00e1dac\u00edmi prvky pro osy X\/Y a dal\u0161\u00edmi mo\u017enostmi.<\/li><li>Senzor HERO 2 umo\u017e\u0148uje zkop\u00edrovat nastaven\u00ed z jedn\u00e9 my\u0161i do druh\u00e9, abyste m\u011bli jistotu, \u017ee budete m\u00edt stejn\u00e9 nastaven\u00ed DPI jako u star\u00e9 my\u0161i.&nbsp;<\/li><li>Kl\u00e1vesnice PRO X 2 umo\u017e\u0148uje naprogramovat funk\u010dn\u00ed F-kl\u00e1vesy jako hern\u00ed G-kl\u00e1vesy a ovl\u00e1dat tak v\u0161echny pot\u0159ebn\u00e9 akce. M\u016f\u017eete m\u011bnit p\u0159edvolby hlasov\u00fdch funkc\u00ed Bluevoice nebo DPI my\u0161i, spou\u0161t\u011bt makra pro kombinaci n\u00e1kup\u016f hern\u00edch polo\u017eek, kombinovat kouzla a schopnosti nebo dokonce ovl\u00e1dat sv\u016fj hern\u00ed stream pomoc\u00ed v\u00fdkonn\u00fdch z\u00e1suvn\u00fdch modul\u016f, v\u010detn\u011b t\u011bch od spole\u010dnosti Streamlabs.&nbsp;<\/li><li>Technologie mikrofonu Bluevoice umo\u017e\u0148uje hr\u00e1\u010d\u016fm mluvit hlasit\u011b a z\u0159eteln\u011b se spoluhr\u00e1\u010di i v t\u011bch nejnapjat\u011bj\u0161\u00edch momentech. Studiovou kvalitu zvuku lze doplnit trochou z\u00e1bavy s modulac\u00ed hlasu a zvukov\u00fdmi efekty.<\/li><\/ul>\n\n\n\n<h2 class=\"wp-block-heading\"><strong>\u0158e\u0161en\u00ed pro lep\u0161\u00ed budoucnost<\/strong><\/h2>\n\n\n\n<p>Krom\u011b navrhov\u00e1n\u00ed nejv\u00fdkonn\u011bj\u0161\u00edho hern\u00edho vybaven\u00ed na sv\u011bt\u011b se spole\u010dnost Logitech tak\u00e9 sna\u017e\u00ed vytv\u00e1\u0159et spravedliv\u011bj\u0161\u00ed a klimaticky p\u0159\u00edzniv\u011bj\u0161\u00ed sv\u011bt t\u00edm, \u017ee aktivn\u011b sni\u017euje svoji uhl\u00edkovou stopu. D\u00edky modernizovan\u00e9 a sofistikovan\u00e9 konstrukci t\u011bchto nov\u00fdch hern\u00edch produkt\u016f m\u016f\u017eou m\u00edt hr\u00e1\u010di p\u0159i jejich pou\u017e\u00edv\u00e1n\u00ed dobr\u00fd pocit, \u017ee svoj\u00ed volbou d\u011blaj\u00ed i n\u011bco pro \u017eivotn\u00ed prost\u0159ed\u00ed. Produkty \u0159ady Pro obsahuj\u00ed certifikovan\u00fd vy\u0159azen\u00fd recyklovan\u00fd plast ze star\u00e9 spot\u0159ebn\u00ed elektroniky, aby se opakovan\u011b smyslupln\u011b vyu\u017e\u00edval.&nbsp;<\/p>\n\n\n\n<p>Pap\u00edrov\u00e9 obaly poch\u00e1zej\u00ed z les\u016f s certifikac\u00ed FSC\u2122 a dal\u0161\u00edch kontrolovan\u00fdch zdroj\u016f. V\u00fdb\u011brem tohoto produktu podporujete odpov\u011bdn\u00e9 hospoda\u0159en\u00ed se sv\u011btov\u00fdmi lesy.&nbsp;<\/p>\n\n\n\n<p>V\u0161echny produkty zna\u010dky Logitech G jsou certifikov\u00e1ny jako uhl\u00edkov\u011b neutr\u00e1ln\u00ed a p\u0159i jejich v\u00fdrob\u011b se pokud mo\u017eno vyu\u017e\u00edvaj\u00ed obnoviteln\u00e9 zdroje energie. Kdy\u017e si zakoup\u00edte produkt od Logitech G, m\u00e1te jistotu, \u017ee jeho uhl\u00edkov\u00e1 stopa se sn\u00ed\u017eila na nulu d\u00edky podpo\u0159e lesnictv\u00ed, obnoviteln\u00fdch zdroj\u016f energie a klimatem ovlivn\u011bn\u00fdch komunit.<\/p>\n\n\n\n<h2 class=\"wp-block-heading\"><strong>Cena a dostupnost&nbsp;<\/strong><\/h2>\n\n\n\n<p>Zna\u010dka Logitech G pozvedla sv\u00fdmi nov\u00fdmi produkty, mezi n\u011b\u017e pat\u0159\u00ed i ned\u00e1vno uveden\u00fd bezdr\u00e1tov\u00fd hern\u00ed headset PRO X 2 LIGHTSPEED, \u0159adu PRO na vy\u0161\u0161\u00ed \u00farove\u0148. V\u0161echny t\u0159i produkty jsou nyn\u00ed k dost\u00e1n\u00ed v \u010dern\u00e9m a b\u00edl\u00e9m proveden\u00ed. Produkty v&nbsp;magentov\u00e9 barv\u011b budou dostupn\u00e9 v&nbsp;n\u00e1sleduj\u00edc\u00edch t\u00fddnech.&nbsp;<\/p>\n\n\n\n<p>Doporu\u010den\u00e1 maloobchodn\u00ed cena hern\u00ed my\u0161i PRO X SUPERLIGHT 2 je 3 999 K\u010d, hern\u00ed kl\u00e1vesnice PRO X TKL 5 499 K\u010d a hern\u00edho headsetu PRO X 2 LIGHTSPEED 5 999 K\u010d. V\u0161echny produkty lze objednat v&nbsp;\u010cesk\u00e9 republice ji\u017e nyn\u00ed na webov\u00fdch str\u00e1nk\u00e1ch prodejn\u00edch partner\u016f Alza.cz, CZC.cz a Datart. Od 5. do 19. z\u00e1\u0159\u00ed prob\u00edh\u00e1 nav\u00edc mo\u017enost z\u00edskat p\u0159edobjedn\u00e1vkov\u00fd bonus v podob\u011b vybran\u00e9 hern\u00ed podlo\u017eky k nov\u00e9mu produktu. Ve\u0161ker\u00e9 informace naleznete na str\u00e1nk\u00e1ch prodejn\u00edch partner\u016f. V\u0161echny informace o akci naleznete na str\u00e1nk\u00e1ch vybran\u00fdch partner\u016f.<\/p>\n\n\n\n<p><strong>Dal\u0161\u00ed informace o cel\u00e9m portfoliu \u0159ady PRO najdete na adrese&nbsp;<a href=\"https:\/\/www.logitechg.com\/cs-cz\/products\/pro.html\">https:\/\/www.logitechg.com\/cs-cz\/products\/pro.html<\/a><\/strong><\/p>\n\n\n\n<div style=\"height:36px\" aria-hidden=\"true\" class=\"wp-block-spacer\"><\/div>\n\n\n\n<h2 class=\"wp-block-heading\"><strong>O \u0159ad\u011b PRO<\/strong><\/h2>\n\n\n\n<p>Logitech G PRO je oce\u0148ovan\u00e1 \u0159ada profesion\u00e1ln\u00edch headset\u016f, my\u0161\u00ed a kl\u00e1vesnic vytvo\u0159en\u00fdch podle n\u00e1ro\u010dn\u00fdch po\u017eadavk\u016f nejlep\u0161\u00edch sv\u011btov\u00fdch e-sportovc\u016f. Produkty \u0159ady PRO, navr\u017een\u00e9 v r\u00e1mci striktn\u011b dodr\u017eovan\u00e9ho programu Design by Collaboration, obsahuj\u00ed pe\u010dliv\u011b vybran\u00e9 funkce a inovace, kter\u00e9 umo\u017e\u0148uj\u00ed dos\u00e1hnout absolutn\u00edho vrcholu v\u00fdkonu a z\u00e1rove\u0148 poskytuj\u00ed profesion\u00e1ln\u00edm hr\u00e1\u010d\u016fm pot\u0159ebn\u00e9 celodenn\u00ed pohodl\u00ed.<\/p>\n\n\n\n<div style=\"height:36px\" aria-hidden=\"true\" class=\"wp-block-spacer\"><\/div>\n\n\n\n<h2 class=\"wp-block-heading\"><strong>O Logitech G<\/strong><\/h2>\n\n\n\n<p>Logitech G, zna\u010dka spole\u010dnosti Logitech, je glob\u00e1ln\u00edm l\u00eddrem, kter\u00fd se v\u011bnuje pot\u0159eb\u00e1m hr\u00e1\u010d\u016f a tv\u016frc\u016f her a nab\u00edz\u00ed oce\u0148ovan\u00fd hardware, software a \u0159e\u0161en\u00ed. Mezi \u0161pi\u010dkov\u00e9 produkty Logitech&nbsp;G pat\u0159\u00ed kl\u00e1vesnice, my\u0161i, headsety, podlo\u017eky pod my\u0161, produkty pro hern\u00ed simul\u00e1tory, nap\u0159\u00edklad volanty a leteck\u00e9 kniply, webov\u00e9 kamery, sv\u011btla, mikrofony a specializovan\u00e1 n\u00e1bytkov\u00e1 \u0159e\u0161en\u00ed \u2013 to v\u0161e vytvo\u0159en\u00e9 s pou\u017eit\u00edm inovativn\u00edho designu, pokro\u010dil\u00fdch technologi\u00ed a s hlubok\u00fdm zaujet\u00edm pro pot\u0159eby hern\u00edch a tv\u016fr\u010d\u00edch komunit.<\/p>\n\n\n\n<p>Spole\u010dnost Logitech pom\u00e1h\u00e1 v\u0161em lidem realizovat jejich z\u00e1jmy a sna\u017e\u00ed se to d\u011blat zp\u016fsobem, kter\u00fd je prosp\u011b\u0161n\u00fd pro lidi i planetu. Logitech International je \u0161v\u00fdcarsk\u00e1 ve\u0159ejn\u00e1 spole\u010dnost, kter\u00e1 byla zalo\u017eena v roce 1981, s\u00eddl\u00ed v Lausanne a jej\u00ed akcie se obchoduj\u00ed na burz\u00e1ch SIX Swiss Exchange (LOGN) a Nasdaq Global Select Market (LOGI). V\u00edce informac\u00ed o Logitech G najdete na logitechG.com, firemn\u00edm blogu nebo @LogitechG.<\/p>\n\n\n\n<div style=\"height:100px\" aria-hidden=\"true\" class=\"wp-block-spacer\"><\/div>\n\n\n\n<figure class=\"wp-block-gallery columns-2 is-cropped wp-block-gallery-1 is-layout-flex wp-block-gallery-is-layout-flex\"><ul class=\"blocks-gallery-grid\"><li class=\"blocks-gallery-item\"><figure><img decoding=\"async\" src=\"https:\/\/watchhouse.cz\/wp-content\/uploads\/2023\/09\/PROX2-Landscape-17-1024x576.jpg\" alt=\"\" data-id=\"1246\" data-full-url=\"https:\/\/watchhouse.cz\/wp-content\/uploads\/2023\/09\/PROX2-Landscape-17.jpg\" data-link=\"https:\/\/watchhouse.cz\/?attachment_id=1246\" class=\"wp-image-1246\"\/><\/figure><\/li><li class=\"blocks-gallery-item\"><figure><img decoding=\"async\" src=\"https:\/\/watchhouse.cz\/wp-content\/uploads\/2023\/09\/PRO-X-Superlight-2-Family-1024x552.jpg\" alt=\"\" data-id=\"1248\" data-full-url=\"https:\/\/watchhouse.cz\/wp-content\/uploads\/2023\/09\/PRO-X-Superlight-2-Family.jpg\" data-link=\"https:\/\/watchhouse.cz\/?attachment_id=1248\" class=\"wp-image-1248\"\/><\/figure><\/li><li class=\"blocks-gallery-item\"><figure><img decoding=\"async\" src=\"https:\/\/watchhouse.cz\/wp-content\/uploads\/2023\/09\/PROX2-Landscape-22-1024x576.jpg\" alt=\"\" data-id=\"1247\" data-full-url=\"https:\/\/watchhouse.cz\/wp-content\/uploads\/2023\/09\/PROX2-Landscape-22.jpg\" data-link=\"https:\/\/watchhouse.cz\/?attachment_id=1247\" class=\"wp-image-1247\"\/><\/figure><\/li><\/ul><\/figure>\n\n\n\n<p><strong>Zdroj foto: <\/strong>Logitech<\/p>\n\n\n\n<div style=\"height:100px\" aria-hidden=\"true\" class=\"wp-block-spacer\"><\/div>\n","protected":false},"excerpt":{"rendered":"<p>Nov\u00e1 hern\u00ed kl\u00e1vesnice Logitech G PRO X TKL LIGHTSPEED a hern\u00ed my\u0161 Logitech G PRO X SUPERLIGHT 2 p\u0159in\u00e1\u0161ej\u00ed \u0161pi\u010dkov\u00fdm e-sportovc\u016fm v\u00fdkon, p\u0159esnost a design nov\u00e9 generace Logitech G, zna\u010dka spole\u010dnosti Logitech a p\u0159edn\u00ed inov\u00e1tor hern\u00edch technologi\u00ed a vybaven\u00ed, p\u0159edstavuje dva nejnov\u011bj\u0161\u00ed produkty z oce\u0148ovan\u00e9 \u0159ady PRO \u2013 hern\u00ed kl\u00e1vesnici Logitech G PRO X TKL [&hellip;]<\/p>\n","protected":false},"author":3,"featured_media":4187,"comment_status":"closed","ping_status":"closed","sticky":false,"template":"","format":"standard","meta":{"_mi_skip_tracking":false,"_monsterinsights_sitenote_active":false,"_monsterinsights_sitenote_note":"","_monsterinsights_sitenote_category":0,"footnotes":""},"categories":[2,9,13],"tags":[],"yoast_head":"<!-- This site is optimized with the Yoast SEO plugin v21.4 - https:\/\/yoast.com\/wordpress\/plugins\/seo\/ -->\n<title>Logitech G p\u0159ich\u00e1z\u00ed s nov\u00fdm vybaven\u00edm \u0159ady PRO - LUXURYMAGAZINE.cz<\/title>\n<meta name=\"robots\" content=\"index, follow, max-snippet:-1, max-image-preview:large, max-video-preview:-1\" \/>\n<link rel=\"canonical\" href=\"https:\/\/luxurymagazine.cz\/index.php\/2023\/09\/05\/logitech-g-prichazi-s-novym-vybavenim-rady-pro\/\" \/>\n<meta property=\"og:locale\" content=\"cs_CZ\" \/>\n<meta property=\"og:type\" content=\"article\" \/>\n<meta property=\"og:title\" content=\"Logitech G p\u0159ich\u00e1z\u00ed s nov\u00fdm vybaven\u00edm \u0159ady PRO - LUXURYMAGAZINE.cz\" \/>\n<meta property=\"og:description\" content=\"Nov\u00e1 hern\u00ed kl\u00e1vesnice Logitech G PRO X TKL LIGHTSPEED a hern\u00ed my\u0161 Logitech G PRO X SUPERLIGHT 2 p\u0159in\u00e1\u0161ej\u00ed \u0161pi\u010dkov\u00fdm e-sportovc\u016fm v\u00fdkon, p\u0159esnost a design nov\u00e9 generace Logitech G, zna\u010dka spole\u010dnosti Logitech a p\u0159edn\u00ed inov\u00e1tor hern\u00edch technologi\u00ed a vybaven\u00ed, p\u0159edstavuje dva nejnov\u011bj\u0161\u00ed produkty z oce\u0148ovan\u00e9 \u0159ady PRO \u2013 hern\u00ed kl\u00e1vesnici Logitech G PRO X TKL [&hellip;]\" \/>\n<meta property=\"og:url\" content=\"https:\/\/luxurymagazine.cz\/index.php\/2023\/09\/05\/logitech-g-prichazi-s-novym-vybavenim-rady-pro\/\" \/>\n<meta property=\"og:site_name\" content=\"LUXURYMAGAZINE.cz\" \/>\n<meta property=\"article:published_time\" content=\"2023-09-05T13:37:22+00:00\" \/>\n<meta property=\"article:modified_time\" content=\"2023-10-10T22:56:48+00:00\" \/>\n<meta property=\"og:image\" content=\"https:\/\/luxurymagazine.cz\/wp-content\/uploads\/2023\/09\/PROX2-Landscape-22.jpg\" \/>\n\t<meta property=\"og:image:width\" content=\"1200\" \/>\n\t<meta property=\"og:image:height\" content=\"675\" \/>\n\t<meta property=\"og:image:type\" content=\"image\/jpeg\" \/>\n<meta name=\"author\" content=\"Miroslav Van\u011bk\" \/>\n<meta name=\"twitter:card\" content=\"summary_large_image\" \/>\n<meta name=\"twitter:label1\" content=\"Napsal(a)\" \/>\n\t<meta name=\"twitter:data1\" content=\"Miroslav Van\u011bk\" \/>\n\t<meta name=\"twitter:label2\" content=\"Odhadovan\u00e1 doba \u010dten\u00ed\" \/>\n\t<meta name=\"twitter:data2\" content=\"9 minut\" \/>\n<script type=\"application\/ld+json\" class=\"yoast-schema-graph\">{\"@context\":\"https:\/\/schema.org\",\"@graph\":[{\"@type\":\"Article\",\"@id\":\"https:\/\/luxurymagazine.cz\/index.php\/2023\/09\/05\/logitech-g-prichazi-s-novym-vybavenim-rady-pro\/#article\",\"isPartOf\":{\"@id\":\"https:\/\/luxurymagazine.cz\/index.php\/2023\/09\/05\/logitech-g-prichazi-s-novym-vybavenim-rady-pro\/\"},\"author\":{\"name\":\"Miroslav Van\u011bk\",\"@id\":\"https:\/\/luxurymagazine.cz\/#\/schema\/person\/44a069a3b1eab523585f7325b6e54254\"},\"headline\":\"Logitech G p\u0159ich\u00e1z\u00ed s nov\u00fdm vybaven\u00edm \u0159ady PRO\",\"datePublished\":\"2023-09-05T13:37:22+00:00\",\"dateModified\":\"2023-10-10T22:56:48+00:00\",\"mainEntityOfPage\":{\"@id\":\"https:\/\/luxurymagazine.cz\/index.php\/2023\/09\/05\/logitech-g-prichazi-s-novym-vybavenim-rady-pro\/\"},\"wordCount\":1767,\"publisher\":{\"@id\":\"https:\/\/luxurymagazine.cz\/#organization\"},\"articleSection\":[\"NEWS\",\"TECHNIKA &amp; SPOT\u0158EBI\u010cE\",\"TIPY &amp; TRENDY\"],\"inLanguage\":\"cs\"},{\"@type\":\"WebPage\",\"@id\":\"https:\/\/luxurymagazine.cz\/index.php\/2023\/09\/05\/logitech-g-prichazi-s-novym-vybavenim-rady-pro\/\",\"url\":\"https:\/\/luxurymagazine.cz\/index.php\/2023\/09\/05\/logitech-g-prichazi-s-novym-vybavenim-rady-pro\/\",\"name\":\"Logitech G p\u0159ich\u00e1z\u00ed s nov\u00fdm vybaven\u00edm \u0159ady PRO - LUXURYMAGAZINE.cz\",\"isPartOf\":{\"@id\":\"https:\/\/luxurymagazine.cz\/#website\"},\"datePublished\":\"2023-09-05T13:37:22+00:00\",\"dateModified\":\"2023-10-10T22:56:48+00:00\",\"breadcrumb\":{\"@id\":\"https:\/\/luxurymagazine.cz\/index.php\/2023\/09\/05\/logitech-g-prichazi-s-novym-vybavenim-rady-pro\/#breadcrumb\"},\"inLanguage\":\"cs\",\"potentialAction\":[{\"@type\":\"ReadAction\",\"target\":[\"https:\/\/luxurymagazine.cz\/index.php\/2023\/09\/05\/logitech-g-prichazi-s-novym-vybavenim-rady-pro\/\"]}]},{\"@type\":\"BreadcrumbList\",\"@id\":\"https:\/\/luxurymagazine.cz\/index.php\/2023\/09\/05\/logitech-g-prichazi-s-novym-vybavenim-rady-pro\/#breadcrumb\",\"itemListElement\":[{\"@type\":\"ListItem\",\"position\":1,\"name\":\"Dom\u016f\",\"item\":\"https:\/\/luxurymagazine.cz\/\"},{\"@type\":\"ListItem\",\"position\":2,\"name\":\"Logitech G p\u0159ich\u00e1z\u00ed s nov\u00fdm vybaven\u00edm \u0159ady PRO\"}]},{\"@type\":\"WebSite\",\"@id\":\"https:\/\/luxurymagazine.cz\/#website\",\"url\":\"https:\/\/luxurymagazine.cz\/\",\"name\":\"LUXURYMAGAZINE.cz\",\"description\":\"Port\u00e1l v\u00fdhradn\u011b o luxusu...\",\"publisher\":{\"@id\":\"https:\/\/luxurymagazine.cz\/#organization\"},\"potentialAction\":[{\"@type\":\"SearchAction\",\"target\":{\"@type\":\"EntryPoint\",\"urlTemplate\":\"https:\/\/luxurymagazine.cz\/?s={search_term_string}\"},\"query-input\":\"required name=search_term_string\"}],\"inLanguage\":\"cs\"},{\"@type\":\"Organization\",\"@id\":\"https:\/\/luxurymagazine.cz\/#organization\",\"name\":\"LUXURYMAGAZINE.cz\",\"url\":\"https:\/\/luxurymagazine.cz\/\",\"logo\":{\"@type\":\"ImageObject\",\"inLanguage\":\"cs\",\"@id\":\"https:\/\/luxurymagazine.cz\/#\/schema\/logo\/image\/\",\"url\":\"https:\/\/luxurymagazine.cz\/wp-content\/uploads\/2024\/12\/cropped-Logo_LuxuryMagazine-1.jpg\",\"contentUrl\":\"https:\/\/luxurymagazine.cz\/wp-content\/uploads\/2024\/12\/cropped-Logo_LuxuryMagazine-1.jpg\",\"width\":934,\"height\":509,\"caption\":\"LUXURYMAGAZINE.cz\"},\"image\":{\"@id\":\"https:\/\/luxurymagazine.cz\/#\/schema\/logo\/image\/\"}},{\"@type\":\"Person\",\"@id\":\"https:\/\/luxurymagazine.cz\/#\/schema\/person\/44a069a3b1eab523585f7325b6e54254\",\"name\":\"Miroslav Van\u011bk\",\"image\":{\"@type\":\"ImageObject\",\"inLanguage\":\"cs\",\"@id\":\"https:\/\/luxurymagazine.cz\/#\/schema\/person\/image\/\",\"url\":\"https:\/\/secure.gravatar.com\/avatar\/cc93dbecbfc820d69a964ea4a1c72377?s=96&d=mm&r=g\",\"contentUrl\":\"https:\/\/secure.gravatar.com\/avatar\/cc93dbecbfc820d69a964ea4a1c72377?s=96&d=mm&r=g\",\"caption\":\"Miroslav Van\u011bk\"},\"sameAs\":[\"http:\/\/LUXURYMAGAZINE.cz\"],\"url\":\"https:\/\/luxurymagazine.cz\/index.php\/author\/mirvan\/\"}]}<\/script>\n<!-- \/ Yoast SEO plugin. -->","yoast_head_json":{"title":"Logitech G p\u0159ich\u00e1z\u00ed s nov\u00fdm vybaven\u00edm \u0159ady PRO - LUXURYMAGAZINE.cz","robots":{"index":"index","follow":"follow","max-snippet":"max-snippet:-1","max-image-preview":"max-image-preview:large","max-video-preview":"max-video-preview:-1"},"canonical":"https:\/\/luxurymagazine.cz\/index.php\/2023\/09\/05\/logitech-g-prichazi-s-novym-vybavenim-rady-pro\/","og_locale":"cs_CZ","og_type":"article","og_title":"Logitech G p\u0159ich\u00e1z\u00ed s nov\u00fdm vybaven\u00edm \u0159ady PRO - LUXURYMAGAZINE.cz","og_description":"Nov\u00e1 hern\u00ed kl\u00e1vesnice Logitech G PRO X TKL LIGHTSPEED a hern\u00ed my\u0161 Logitech G PRO X SUPERLIGHT 2 p\u0159in\u00e1\u0161ej\u00ed \u0161pi\u010dkov\u00fdm e-sportovc\u016fm v\u00fdkon, p\u0159esnost a design nov\u00e9 generace Logitech G, zna\u010dka spole\u010dnosti Logitech a p\u0159edn\u00ed inov\u00e1tor hern\u00edch technologi\u00ed a vybaven\u00ed, p\u0159edstavuje dva nejnov\u011bj\u0161\u00ed produkty z oce\u0148ovan\u00e9 \u0159ady PRO \u2013 hern\u00ed kl\u00e1vesnici Logitech G PRO X TKL [&hellip;]","og_url":"https:\/\/luxurymagazine.cz\/index.php\/2023\/09\/05\/logitech-g-prichazi-s-novym-vybavenim-rady-pro\/","og_site_name":"LUXURYMAGAZINE.cz","article_published_time":"2023-09-05T13:37:22+00:00","article_modified_time":"2023-10-10T22:56:48+00:00","og_image":[{"width":1200,"height":675,"url":"https:\/\/luxurymagazine.cz\/wp-content\/uploads\/2023\/09\/PROX2-Landscape-22.jpg","type":"image\/jpeg"}],"author":"Miroslav Van\u011bk","twitter_card":"summary_large_image","twitter_misc":{"Napsal(a)":"Miroslav Van\u011bk","Odhadovan\u00e1 doba \u010dten\u00ed":"9 minut"},"schema":{"@context":"https:\/\/schema.org","@graph":[{"@type":"Article","@id":"https:\/\/luxurymagazine.cz\/index.php\/2023\/09\/05\/logitech-g-prichazi-s-novym-vybavenim-rady-pro\/#article","isPartOf":{"@id":"https:\/\/luxurymagazine.cz\/index.php\/2023\/09\/05\/logitech-g-prichazi-s-novym-vybavenim-rady-pro\/"},"author":{"name":"Miroslav Van\u011bk","@id":"https:\/\/luxurymagazine.cz\/#\/schema\/person\/44a069a3b1eab523585f7325b6e54254"},"headline":"Logitech G p\u0159ich\u00e1z\u00ed s nov\u00fdm vybaven\u00edm \u0159ady PRO","datePublished":"2023-09-05T13:37:22+00:00","dateModified":"2023-10-10T22:56:48+00:00","mainEntityOfPage":{"@id":"https:\/\/luxurymagazine.cz\/index.php\/2023\/09\/05\/logitech-g-prichazi-s-novym-vybavenim-rady-pro\/"},"wordCount":1767,"publisher":{"@id":"https:\/\/luxurymagazine.cz\/#organization"},"articleSection":["NEWS","TECHNIKA &amp; SPOT\u0158EBI\u010cE","TIPY &amp; TRENDY"],"inLanguage":"cs"},{"@type":"WebPage","@id":"https:\/\/luxurymagazine.cz\/index.php\/2023\/09\/05\/logitech-g-prichazi-s-novym-vybavenim-rady-pro\/","url":"https:\/\/luxurymagazine.cz\/index.php\/2023\/09\/05\/logitech-g-prichazi-s-novym-vybavenim-rady-pro\/","name":"Logitech G p\u0159ich\u00e1z\u00ed s nov\u00fdm vybaven\u00edm \u0159ady PRO - LUXURYMAGAZINE.cz","isPartOf":{"@id":"https:\/\/luxurymagazine.cz\/#website"},"datePublished":"2023-09-05T13:37:22+00:00","dateModified":"2023-10-10T22:56:48+00:00","breadcrumb":{"@id":"https:\/\/luxurymagazine.cz\/index.php\/2023\/09\/05\/logitech-g-prichazi-s-novym-vybavenim-rady-pro\/#breadcrumb"},"inLanguage":"cs","potentialAction":[{"@type":"ReadAction","target":["https:\/\/luxurymagazine.cz\/index.php\/2023\/09\/05\/logitech-g-prichazi-s-novym-vybavenim-rady-pro\/"]}]},{"@type":"BreadcrumbList","@id":"https:\/\/luxurymagazine.cz\/index.php\/2023\/09\/05\/logitech-g-prichazi-s-novym-vybavenim-rady-pro\/#breadcrumb","itemListElement":[{"@type":"ListItem","position":1,"name":"Dom\u016f","item":"https:\/\/luxurymagazine.cz\/"},{"@type":"ListItem","position":2,"name":"Logitech G p\u0159ich\u00e1z\u00ed s nov\u00fdm vybaven\u00edm \u0159ady PRO"}]},{"@type":"WebSite","@id":"https:\/\/luxurymagazine.cz\/#website","url":"https:\/\/luxurymagazine.cz\/","name":"LUXURYMAGAZINE.cz","description":"Port\u00e1l v\u00fdhradn\u011b o luxusu...","publisher":{"@id":"https:\/\/luxurymagazine.cz\/#organization"},"potentialAction":[{"@type":"SearchAction","target":{"@type":"EntryPoint","urlTemplate":"https:\/\/luxurymagazine.cz\/?s={search_term_string}"},"query-input":"required name=search_term_string"}],"inLanguage":"cs"},{"@type":"Organization","@id":"https:\/\/luxurymagazine.cz\/#organization","name":"LUXURYMAGAZINE.cz","url":"https:\/\/luxurymagazine.cz\/","logo":{"@type":"ImageObject","inLanguage":"cs","@id":"https:\/\/luxurymagazine.cz\/#\/schema\/logo\/image\/","url":"https:\/\/luxurymagazine.cz\/wp-content\/uploads\/2024\/12\/cropped-Logo_LuxuryMagazine-1.jpg","contentUrl":"https:\/\/luxurymagazine.cz\/wp-content\/uploads\/2024\/12\/cropped-Logo_LuxuryMagazine-1.jpg","width":934,"height":509,"caption":"LUXURYMAGAZINE.cz"},"image":{"@id":"https:\/\/luxurymagazine.cz\/#\/schema\/logo\/image\/"}},{"@type":"Person","@id":"https:\/\/luxurymagazine.cz\/#\/schema\/person\/44a069a3b1eab523585f7325b6e54254","name":"Miroslav Van\u011bk","image":{"@type":"ImageObject","inLanguage":"cs","@id":"https:\/\/luxurymagazine.cz\/#\/schema\/person\/image\/","url":"https:\/\/secure.gravatar.com\/avatar\/cc93dbecbfc820d69a964ea4a1c72377?s=96&d=mm&r=g","contentUrl":"https:\/\/secure.gravatar.com\/avatar\/cc93dbecbfc820d69a964ea4a1c72377?s=96&d=mm&r=g","caption":"Miroslav Van\u011bk"},"sameAs":["http:\/\/LUXURYMAGAZINE.cz"],"url":"https:\/\/luxurymagazine.cz\/index.php\/author\/mirvan\/"}]}},"_links":{"self":[{"href":"https:\/\/luxurymagazine.cz\/index.php\/wp-json\/wp\/v2\/posts\/4186"}],"collection":[{"href":"https:\/\/luxurymagazine.cz\/index.php\/wp-json\/wp\/v2\/posts"}],"about":[{"href":"https:\/\/luxurymagazine.cz\/index.php\/wp-json\/wp\/v2\/types\/post"}],"author":[{"embeddable":true,"href":"https:\/\/luxurymagazine.cz\/index.php\/wp-json\/wp\/v2\/users\/3"}],"replies":[{"embeddable":true,"href":"https:\/\/luxurymagazine.cz\/index.php\/wp-json\/wp\/v2\/comments?post=4186"}],"version-history":[{"count":-4,"href":"https:\/\/luxurymagazine.cz\/index.php\/wp-json\/wp\/v2\/posts\/4186\/revisions"}],"wp:featuredmedia":[{"embeddable":true,"href":"https:\/\/luxurymagazine.cz\/index.php\/wp-json\/wp\/v2\/media\/4187"}],"wp:attachment":[{"href":"https:\/\/luxurymagazine.cz\/index.php\/wp-json\/wp\/v2\/media?parent=4186"}],"wp:term":[{"taxonomy":"category","embeddable":true,"href":"https:\/\/luxurymagazine.cz\/index.php\/wp-json\/wp\/v2\/categories?post=4186"},{"taxonomy":"post_tag","embeddable":true,"href":"https:\/\/luxurymagazine.cz\/index.php\/wp-json\/wp\/v2\/tags?post=4186"}],"curies":[{"name":"wp","href":"https:\/\/api.w.org\/{rel}","templated":true}]}}