{"id":5334,"date":"2024-05-22T00:01:00","date_gmt":"2024-05-21T22:01:00","guid":{"rendered":"https:\/\/luxurymagazine.cz\/?p=5334"},"modified":"2024-07-09T19:25:50","modified_gmt":"2024-07-09T17:25:50","slug":"e-mi-predstavuje-kolekci-gel-laku-root-cause","status":"publish","type":"post","link":"https:\/\/luxurymagazine.cz\/index.php\/2024\/05\/22\/e-mi-predstavuje-kolekci-gel-laku-root-cause\/","title":{"rendered":"E.Mi p\u0159edstavuje kolekci gel lak\u016f Root Cause"},"content":{"rendered":"\n<div style=\"height:36px\" aria-hidden=\"true\" class=\"wp-block-spacer\"><\/div>\n\n\n\n<p><strong>Kolekce Root Cause pastelov\u00fdch odst\u00edn\u016f gel lak\u016f, je prim\u00e1rn\u00edm vrcholem barev. Jemn\u011b pudrov\u00e9 odst\u00edny zd\u016fraz\u0148uj\u00ed p\u0159\u00edrodn\u00ed motivy, dokon\u010duj\u00ed vzhled d\u00edky hloubce a vnit\u0159n\u00ed kompletnosti odst\u00edn\u016f.<\/strong><\/p>\n\n\n\n<div style=\"height:39px\" aria-hidden=\"true\" class=\"wp-block-spacer\"><\/div>\n\n\n<div class=\"wp-block-image\">\n<figure class=\"aligncenter size-large\"><img decoding=\"async\" src=\"https:\/\/womenhouse.cz\/wp-content\/uploads\/2024\/05\/mceclip1-127.jpg\" alt=\"E.Mi p\u0159edstavuje kolekci gel lak\u016f Root Cause\" class=\"wp-image-13189\"\/><\/figure><\/div>\n\n\n<div style=\"height:39px\" aria-hidden=\"true\" class=\"wp-block-spacer\"><\/div>\n\n\n\n<p>&#8211; Tepl\u00fd, jemn\u00fd n\u00e1dech osv\u011b\u017euj\u00edc\u00edho jara!<\/p>\n\n\n\n<p>&#8211; Paleta \u0161esti jemn\u00fdch odst\u00edn\u016f, napln\u011bn\u00fdch zvl\u00e1\u0161tn\u00ed m\u011bkkost\u00ed a hloubkou. Tyto odst\u00edny zd\u016fraz\u0148uj\u00ed p\u0159irozenou kr\u00e1su, nech\u00e1vaj\u00ed dojem upraven\u00fdch a sv\u011b\u017e\u00edch neht\u016f.<\/p>\n\n\n\n<p>&#8211; Kombinace pudrov\u00fdch pastelov\u00fdch odst\u00edn\u016f v palet\u011b symbolizuje probouzej\u00edc\u00ed se jaro, dobu, kdy se p\u0159\u00edroda probouz\u00ed k \u017eivotu a napl\u0148uje se teplem a sv\u011btlem.<\/p>\n\n\n\n<p>&#8211; Lakonick\u00e1 manik\u00fara v pastelov\u00fdch barv\u00e1ch, bude skv\u011bl\u00fdm \u00fanikem od bujn\u00e9ho nail artu, poh\u0159ben\u00e9ho v t\u0159pytk\u00e1ch. Odst\u00edny kolekce nab\u00edzej\u00ed mo\u017enost uniknout z ka\u017edodenn\u00edho shonu a naj\u00edt odpov\u011bdi na ot\u00e1zky, kter\u00e9 jsou skute\u010dn\u011b d\u016fle\u017eit\u00e9.<\/p>\n\n\n\n<div style=\"height:39px\" aria-hidden=\"true\" class=\"wp-block-spacer\"><\/div>\n\n\n<div class=\"wp-block-image\">\n<figure class=\"aligncenter size-full\"><img decoding=\"async\" src=\"https:\/\/womenhouse.cz\/wp-content\/uploads\/2024\/05\/E.MiLac-Root-Cause-9-ml_5.jpg\" alt=\"E.Mi p\u0159edstavuje kolekci gel lak\u016f Root Cause\" class=\"wp-image-13188\"\/><\/figure><\/div>\n\n\n<div style=\"height:39px\" aria-hidden=\"true\" class=\"wp-block-spacer\"><\/div>\n\n\n\n<p><strong>9 &#8211; free &#8211; neobsahuje l\u00e1tky \u0161kodliv\u00e9 pro zdrav\u00ed<\/strong>: formaldehyde, formaldehyde resins, toluene, dibutylphthalate, camphor, xylene, and ethyltosylamide, triphenyl phosphate, acetone.<\/p>\n\n\n\n<p><strong>Cena:<\/strong> 510,-<\/p>\n\n\n\n<p><strong>V\u00edce na:<\/strong> <a href=\"http:\/\/www.emi-shop.cz\">www.emi-shop.cz<\/a><\/p>\n\n\n\n<div style=\"height:39px\" aria-hidden=\"true\" class=\"wp-block-spacer\"><\/div>\n\n\n\n<figure class=\"wp-block-gallery has-nested-images columns-2 is-cropped wp-block-gallery-1 is-layout-flex wp-block-gallery-is-layout-flex\">\n<figure class=\"wp-block-image size-large\"><img decoding=\"async\" data-id=\"13189\" src=\"https:\/\/womenhouse.cz\/wp-content\/uploads\/2024\/05\/mceclip1-127.jpg\" alt=\"E.Mi p\u0159edstavuje kolekci gel lak\u016f Root Cause\" class=\"wp-image-13189\"\/><\/figure>\n\n\n\n<figure class=\"wp-block-image size-large\"><img decoding=\"async\" data-id=\"13190\" src=\"https:\/\/womenhouse.cz\/wp-content\/uploads\/2024\/05\/E.MiLac-Root-Cause-Set-9-ml_2.jpg\" alt=\"E.Mi p\u0159edstavuje kolekci gel lak\u016f Root Cause\" class=\"wp-image-13190\"\/><\/figure>\n\n\n\n<figure class=\"wp-block-image size-large\"><img decoding=\"async\" data-id=\"13187\" src=\"https:\/\/womenhouse.cz\/wp-content\/uploads\/2024\/05\/E.MiLac-RC-Ecru-476-9-ml_4_5.jpg\" alt=\"E.Mi p\u0159edstavuje kolekci gel lak\u016f Root Cause\" class=\"wp-image-13187\"\/><\/figure>\n\n\n\n<figure class=\"wp-block-image size-large\"><img decoding=\"async\" data-id=\"13186\" src=\"https:\/\/womenhouse.cz\/wp-content\/uploads\/2024\/05\/E.MiLac-RC-Lucidity-481-9-ml_2.jpg\" alt=\"E.Mi p\u0159edstavuje kolekci gel lak\u016f Root Cause\" class=\"wp-image-13186\"\/><\/figure>\n\n\n\n<figure class=\"wp-block-image size-large\"><img decoding=\"async\" data-id=\"13188\" src=\"https:\/\/womenhouse.cz\/wp-content\/uploads\/2024\/05\/E.MiLac-Root-Cause-9-ml_5.jpg\" alt=\"E.Mi p\u0159edstavuje kolekci gel lak\u016f Root Cause\" class=\"wp-image-13188\"\/><\/figure>\n<\/figure>\n\n\n\n<div style=\"height:39px\" aria-hidden=\"true\" class=\"wp-block-spacer\"><\/div>\n\n\n\n<p><strong>Zdroj foto:<\/strong> E.MI<\/p>\n\n\n\n<div style=\"height:100px\" aria-hidden=\"true\" class=\"wp-block-spacer\"><\/div>\n","protected":false},"excerpt":{"rendered":"<p>Kolekce Root Cause pastelov\u00fdch odst\u00edn\u016f gel lak\u016f, je prim\u00e1rn\u00edm vrcholem barev. Jemn\u011b pudrov\u00e9 odst\u00edny zd\u016fraz\u0148uj\u00ed p\u0159\u00edrodn\u00ed motivy, dokon\u010duj\u00ed vzhled d\u00edky hloubce a vnit\u0159n\u00ed kompletnosti odst\u00edn\u016f. &#8211; Tepl\u00fd, jemn\u00fd n\u00e1dech osv\u011b\u017euj\u00edc\u00edho jara! &#8211; Paleta \u0161esti jemn\u00fdch odst\u00edn\u016f, napln\u011bn\u00fdch zvl\u00e1\u0161tn\u00ed m\u011bkkost\u00ed a hloubkou. Tyto odst\u00edny zd\u016fraz\u0148uj\u00ed p\u0159irozenou kr\u00e1su, nech\u00e1vaj\u00ed dojem upraven\u00fdch a sv\u011b\u017e\u00edch neht\u016f. &#8211; Kombinace pudrov\u00fdch [&hellip;]<\/p>\n","protected":false},"author":5,"featured_media":5335,"comment_status":"closed","ping_status":"closed","sticky":false,"template":"","format":"standard","meta":{"_mi_skip_tracking":false,"_monsterinsights_sitenote_active":false,"_monsterinsights_sitenote_note":"","_monsterinsights_sitenote_category":0,"footnotes":""},"categories":[11,2],"tags":[],"yoast_head":"<!-- This site is optimized with the Yoast SEO plugin v21.4 - https:\/\/yoast.com\/wordpress\/plugins\/seo\/ -->\n<title>E.Mi p\u0159edstavuje kolekci gel lak\u016f Root Cause - LUXURYMAGAZINE.cz<\/title>\n<meta name=\"description\" content=\"kolekce Root Cause pastelov\u00fdch odst\u00edn\u016f gel lak\u016f, je prim\u00e1rn\u00edm vrcholem barev. Jemn\u011b pudrov\u00e9 odst\u00edny zd\u016fraz\u0148uj\u00ed p\u0159\u00edrodn\u00ed motivy...\" \/>\n<meta name=\"robots\" content=\"index, follow, max-snippet:-1, max-image-preview:large, max-video-preview:-1\" \/>\n<link rel=\"canonical\" href=\"https:\/\/luxurymagazine.cz\/index.php\/2024\/05\/22\/e-mi-predstavuje-kolekci-gel-laku-root-cause\/\" \/>\n<meta property=\"og:locale\" content=\"cs_CZ\" \/>\n<meta property=\"og:type\" content=\"article\" \/>\n<meta property=\"og:title\" content=\"E.Mi p\u0159edstavuje kolekci gel lak\u016f Root Cause - LUXURYMAGAZINE.cz\" \/>\n<meta property=\"og:description\" content=\"kolekce Root Cause pastelov\u00fdch odst\u00edn\u016f gel lak\u016f, je prim\u00e1rn\u00edm vrcholem barev. Jemn\u011b pudrov\u00e9 odst\u00edny zd\u016fraz\u0148uj\u00ed p\u0159\u00edrodn\u00ed motivy...\" \/>\n<meta property=\"og:url\" content=\"https:\/\/luxurymagazine.cz\/index.php\/2024\/05\/22\/e-mi-predstavuje-kolekci-gel-laku-root-cause\/\" \/>\n<meta property=\"og:site_name\" content=\"LUXURYMAGAZINE.cz\" \/>\n<meta property=\"article:published_time\" content=\"2024-05-21T22:01:00+00:00\" \/>\n<meta property=\"article:modified_time\" content=\"2024-07-09T17:25:50+00:00\" \/>\n<meta property=\"og:image\" content=\"https:\/\/luxurymagazine.cz\/wp-content\/uploads\/2024\/05\/mceclip1-127.jpg\" \/>\n\t<meta property=\"og:image:width\" content=\"1000\" \/>\n\t<meta property=\"og:image:height\" content=\"667\" \/>\n\t<meta property=\"og:image:type\" content=\"image\/jpeg\" \/>\n<meta name=\"author\" content=\"Jordana Pechov\u00e1\" \/>\n<meta name=\"twitter:card\" content=\"summary_large_image\" \/>\n<meta name=\"twitter:label1\" content=\"Napsal(a)\" \/>\n\t<meta name=\"twitter:data1\" content=\"Jordana Pechov\u00e1\" \/>\n\t<meta name=\"twitter:label2\" content=\"Odhadovan\u00e1 doba \u010dten\u00ed\" \/>\n\t<meta name=\"twitter:data2\" content=\"3 minuty\" \/>\n<script type=\"application\/ld+json\" class=\"yoast-schema-graph\">{\"@context\":\"https:\/\/schema.org\",\"@graph\":[{\"@type\":\"Article\",\"@id\":\"https:\/\/luxurymagazine.cz\/index.php\/2024\/05\/22\/e-mi-predstavuje-kolekci-gel-laku-root-cause\/#article\",\"isPartOf\":{\"@id\":\"https:\/\/luxurymagazine.cz\/index.php\/2024\/05\/22\/e-mi-predstavuje-kolekci-gel-laku-root-cause\/\"},\"author\":{\"name\":\"Jordana Pechov\u00e1\",\"@id\":\"https:\/\/luxurymagazine.cz\/#\/schema\/person\/bb6fdf900e47e80b8bf5cf2875cfab51\"},\"headline\":\"E.Mi p\u0159edstavuje kolekci gel lak\u016f Root Cause\",\"datePublished\":\"2024-05-21T22:01:00+00:00\",\"dateModified\":\"2024-07-09T17:25:50+00:00\",\"mainEntityOfPage\":{\"@id\":\"https:\/\/luxurymagazine.cz\/index.php\/2024\/05\/22\/e-mi-predstavuje-kolekci-gel-laku-root-cause\/\"},\"wordCount\":209,\"publisher\":{\"@id\":\"https:\/\/luxurymagazine.cz\/#organization\"},\"articleSection\":[\"KOSMETIKA &amp; BEAUTY\",\"NEWS\"],\"inLanguage\":\"cs\"},{\"@type\":\"WebPage\",\"@id\":\"https:\/\/luxurymagazine.cz\/index.php\/2024\/05\/22\/e-mi-predstavuje-kolekci-gel-laku-root-cause\/\",\"url\":\"https:\/\/luxurymagazine.cz\/index.php\/2024\/05\/22\/e-mi-predstavuje-kolekci-gel-laku-root-cause\/\",\"name\":\"E.Mi p\u0159edstavuje kolekci gel lak\u016f Root Cause - LUXURYMAGAZINE.cz\",\"isPartOf\":{\"@id\":\"https:\/\/luxurymagazine.cz\/#website\"},\"datePublished\":\"2024-05-21T22:01:00+00:00\",\"dateModified\":\"2024-07-09T17:25:50+00:00\",\"description\":\"kolekce Root Cause pastelov\u00fdch odst\u00edn\u016f gel lak\u016f, je prim\u00e1rn\u00edm vrcholem barev. Jemn\u011b pudrov\u00e9 odst\u00edny zd\u016fraz\u0148uj\u00ed p\u0159\u00edrodn\u00ed motivy...\",\"breadcrumb\":{\"@id\":\"https:\/\/luxurymagazine.cz\/index.php\/2024\/05\/22\/e-mi-predstavuje-kolekci-gel-laku-root-cause\/#breadcrumb\"},\"inLanguage\":\"cs\",\"potentialAction\":[{\"@type\":\"ReadAction\",\"target\":[\"https:\/\/luxurymagazine.cz\/index.php\/2024\/05\/22\/e-mi-predstavuje-kolekci-gel-laku-root-cause\/\"]}]},{\"@type\":\"BreadcrumbList\",\"@id\":\"https:\/\/luxurymagazine.cz\/index.php\/2024\/05\/22\/e-mi-predstavuje-kolekci-gel-laku-root-cause\/#breadcrumb\",\"itemListElement\":[{\"@type\":\"ListItem\",\"position\":1,\"name\":\"Dom\u016f\",\"item\":\"https:\/\/luxurymagazine.cz\/\"},{\"@type\":\"ListItem\",\"position\":2,\"name\":\"E.Mi p\u0159edstavuje kolekci gel lak\u016f Root Cause\"}]},{\"@type\":\"WebSite\",\"@id\":\"https:\/\/luxurymagazine.cz\/#website\",\"url\":\"https:\/\/luxurymagazine.cz\/\",\"name\":\"LUXURYMAGAZINE.cz\",\"description\":\"Port\u00e1l v\u00fdhradn\u011b o luxusu...\",\"publisher\":{\"@id\":\"https:\/\/luxurymagazine.cz\/#organization\"},\"potentialAction\":[{\"@type\":\"SearchAction\",\"target\":{\"@type\":\"EntryPoint\",\"urlTemplate\":\"https:\/\/luxurymagazine.cz\/?s={search_term_string}\"},\"query-input\":\"required name=search_term_string\"}],\"inLanguage\":\"cs\"},{\"@type\":\"Organization\",\"@id\":\"https:\/\/luxurymagazine.cz\/#organization\",\"name\":\"LUXURYMAGAZINE.cz\",\"url\":\"https:\/\/luxurymagazine.cz\/\",\"logo\":{\"@type\":\"ImageObject\",\"inLanguage\":\"cs\",\"@id\":\"https:\/\/luxurymagazine.cz\/#\/schema\/logo\/image\/\",\"url\":\"https:\/\/luxurymagazine.cz\/wp-content\/uploads\/2024\/12\/cropped-Logo_LuxuryMagazine-1.jpg\",\"contentUrl\":\"https:\/\/luxurymagazine.cz\/wp-content\/uploads\/2024\/12\/cropped-Logo_LuxuryMagazine-1.jpg\",\"width\":934,\"height\":509,\"caption\":\"LUXURYMAGAZINE.cz\"},\"image\":{\"@id\":\"https:\/\/luxurymagazine.cz\/#\/schema\/logo\/image\/\"}},{\"@type\":\"Person\",\"@id\":\"https:\/\/luxurymagazine.cz\/#\/schema\/person\/bb6fdf900e47e80b8bf5cf2875cfab51\",\"name\":\"Jordana Pechov\u00e1\",\"image\":{\"@type\":\"ImageObject\",\"inLanguage\":\"cs\",\"@id\":\"https:\/\/luxurymagazine.cz\/#\/schema\/person\/image\/\",\"url\":\"https:\/\/secure.gravatar.com\/avatar\/d3ad7f43789eed68b221d01c6d7ac4e5?s=96&d=mm&r=g\",\"contentUrl\":\"https:\/\/secure.gravatar.com\/avatar\/d3ad7f43789eed68b221d01c6d7ac4e5?s=96&d=mm&r=g\",\"caption\":\"Jordana Pechov\u00e1\"},\"sameAs\":[\"http:\/\/LUXURYMAGAZINE.cz\"],\"url\":\"https:\/\/luxurymagazine.cz\/index.php\/author\/jorpech\/\"}]}<\/script>\n<!-- \/ Yoast SEO plugin. -->","yoast_head_json":{"title":"E.Mi p\u0159edstavuje kolekci gel lak\u016f Root Cause - LUXURYMAGAZINE.cz","description":"kolekce Root Cause pastelov\u00fdch odst\u00edn\u016f gel lak\u016f, je prim\u00e1rn\u00edm vrcholem barev. Jemn\u011b pudrov\u00e9 odst\u00edny zd\u016fraz\u0148uj\u00ed p\u0159\u00edrodn\u00ed motivy...","robots":{"index":"index","follow":"follow","max-snippet":"max-snippet:-1","max-image-preview":"max-image-preview:large","max-video-preview":"max-video-preview:-1"},"canonical":"https:\/\/luxurymagazine.cz\/index.php\/2024\/05\/22\/e-mi-predstavuje-kolekci-gel-laku-root-cause\/","og_locale":"cs_CZ","og_type":"article","og_title":"E.Mi p\u0159edstavuje kolekci gel lak\u016f Root Cause - LUXURYMAGAZINE.cz","og_description":"kolekce Root Cause pastelov\u00fdch odst\u00edn\u016f gel lak\u016f, je prim\u00e1rn\u00edm vrcholem barev. Jemn\u011b pudrov\u00e9 odst\u00edny zd\u016fraz\u0148uj\u00ed p\u0159\u00edrodn\u00ed motivy...","og_url":"https:\/\/luxurymagazine.cz\/index.php\/2024\/05\/22\/e-mi-predstavuje-kolekci-gel-laku-root-cause\/","og_site_name":"LUXURYMAGAZINE.cz","article_published_time":"2024-05-21T22:01:00+00:00","article_modified_time":"2024-07-09T17:25:50+00:00","og_image":[{"width":1000,"height":667,"url":"https:\/\/luxurymagazine.cz\/wp-content\/uploads\/2024\/05\/mceclip1-127.jpg","type":"image\/jpeg"}],"author":"Jordana Pechov\u00e1","twitter_card":"summary_large_image","twitter_misc":{"Napsal(a)":"Jordana Pechov\u00e1","Odhadovan\u00e1 doba \u010dten\u00ed":"3 minuty"},"schema":{"@context":"https:\/\/schema.org","@graph":[{"@type":"Article","@id":"https:\/\/luxurymagazine.cz\/index.php\/2024\/05\/22\/e-mi-predstavuje-kolekci-gel-laku-root-cause\/#article","isPartOf":{"@id":"https:\/\/luxurymagazine.cz\/index.php\/2024\/05\/22\/e-mi-predstavuje-kolekci-gel-laku-root-cause\/"},"author":{"name":"Jordana Pechov\u00e1","@id":"https:\/\/luxurymagazine.cz\/#\/schema\/person\/bb6fdf900e47e80b8bf5cf2875cfab51"},"headline":"E.Mi p\u0159edstavuje kolekci gel lak\u016f Root Cause","datePublished":"2024-05-21T22:01:00+00:00","dateModified":"2024-07-09T17:25:50+00:00","mainEntityOfPage":{"@id":"https:\/\/luxurymagazine.cz\/index.php\/2024\/05\/22\/e-mi-predstavuje-kolekci-gel-laku-root-cause\/"},"wordCount":209,"publisher":{"@id":"https:\/\/luxurymagazine.cz\/#organization"},"articleSection":["KOSMETIKA &amp; BEAUTY","NEWS"],"inLanguage":"cs"},{"@type":"WebPage","@id":"https:\/\/luxurymagazine.cz\/index.php\/2024\/05\/22\/e-mi-predstavuje-kolekci-gel-laku-root-cause\/","url":"https:\/\/luxurymagazine.cz\/index.php\/2024\/05\/22\/e-mi-predstavuje-kolekci-gel-laku-root-cause\/","name":"E.Mi p\u0159edstavuje kolekci gel lak\u016f Root Cause - LUXURYMAGAZINE.cz","isPartOf":{"@id":"https:\/\/luxurymagazine.cz\/#website"},"datePublished":"2024-05-21T22:01:00+00:00","dateModified":"2024-07-09T17:25:50+00:00","description":"kolekce Root Cause pastelov\u00fdch odst\u00edn\u016f gel lak\u016f, je prim\u00e1rn\u00edm vrcholem barev. Jemn\u011b pudrov\u00e9 odst\u00edny zd\u016fraz\u0148uj\u00ed p\u0159\u00edrodn\u00ed motivy...","breadcrumb":{"@id":"https:\/\/luxurymagazine.cz\/index.php\/2024\/05\/22\/e-mi-predstavuje-kolekci-gel-laku-root-cause\/#breadcrumb"},"inLanguage":"cs","potentialAction":[{"@type":"ReadAction","target":["https:\/\/luxurymagazine.cz\/index.php\/2024\/05\/22\/e-mi-predstavuje-kolekci-gel-laku-root-cause\/"]}]},{"@type":"BreadcrumbList","@id":"https:\/\/luxurymagazine.cz\/index.php\/2024\/05\/22\/e-mi-predstavuje-kolekci-gel-laku-root-cause\/#breadcrumb","itemListElement":[{"@type":"ListItem","position":1,"name":"Dom\u016f","item":"https:\/\/luxurymagazine.cz\/"},{"@type":"ListItem","position":2,"name":"E.Mi p\u0159edstavuje kolekci gel lak\u016f Root Cause"}]},{"@type":"WebSite","@id":"https:\/\/luxurymagazine.cz\/#website","url":"https:\/\/luxurymagazine.cz\/","name":"LUXURYMAGAZINE.cz","description":"Port\u00e1l v\u00fdhradn\u011b o luxusu...","publisher":{"@id":"https:\/\/luxurymagazine.cz\/#organization"},"potentialAction":[{"@type":"SearchAction","target":{"@type":"EntryPoint","urlTemplate":"https:\/\/luxurymagazine.cz\/?s={search_term_string}"},"query-input":"required name=search_term_string"}],"inLanguage":"cs"},{"@type":"Organization","@id":"https:\/\/luxurymagazine.cz\/#organization","name":"LUXURYMAGAZINE.cz","url":"https:\/\/luxurymagazine.cz\/","logo":{"@type":"ImageObject","inLanguage":"cs","@id":"https:\/\/luxurymagazine.cz\/#\/schema\/logo\/image\/","url":"https:\/\/luxurymagazine.cz\/wp-content\/uploads\/2024\/12\/cropped-Logo_LuxuryMagazine-1.jpg","contentUrl":"https:\/\/luxurymagazine.cz\/wp-content\/uploads\/2024\/12\/cropped-Logo_LuxuryMagazine-1.jpg","width":934,"height":509,"caption":"LUXURYMAGAZINE.cz"},"image":{"@id":"https:\/\/luxurymagazine.cz\/#\/schema\/logo\/image\/"}},{"@type":"Person","@id":"https:\/\/luxurymagazine.cz\/#\/schema\/person\/bb6fdf900e47e80b8bf5cf2875cfab51","name":"Jordana Pechov\u00e1","image":{"@type":"ImageObject","inLanguage":"cs","@id":"https:\/\/luxurymagazine.cz\/#\/schema\/person\/image\/","url":"https:\/\/secure.gravatar.com\/avatar\/d3ad7f43789eed68b221d01c6d7ac4e5?s=96&d=mm&r=g","contentUrl":"https:\/\/secure.gravatar.com\/avatar\/d3ad7f43789eed68b221d01c6d7ac4e5?s=96&d=mm&r=g","caption":"Jordana Pechov\u00e1"},"sameAs":["http:\/\/LUXURYMAGAZINE.cz"],"url":"https:\/\/luxurymagazine.cz\/index.php\/author\/jorpech\/"}]}},"_links":{"self":[{"href":"https:\/\/luxurymagazine.cz\/index.php\/wp-json\/wp\/v2\/posts\/5334"}],"collection":[{"href":"https:\/\/luxurymagazine.cz\/index.php\/wp-json\/wp\/v2\/posts"}],"about":[{"href":"https:\/\/luxurymagazine.cz\/index.php\/wp-json\/wp\/v2\/types\/post"}],"author":[{"embeddable":true,"href":"https:\/\/luxurymagazine.cz\/index.php\/wp-json\/wp\/v2\/users\/5"}],"replies":[{"embeddable":true,"href":"https:\/\/luxurymagazine.cz\/index.php\/wp-json\/wp\/v2\/comments?post=5334"}],"version-history":[{"count":-4,"href":"https:\/\/luxurymagazine.cz\/index.php\/wp-json\/wp\/v2\/posts\/5334\/revisions"}],"wp:featuredmedia":[{"embeddable":true,"href":"https:\/\/luxurymagazine.cz\/index.php\/wp-json\/wp\/v2\/media\/5335"}],"wp:attachment":[{"href":"https:\/\/luxurymagazine.cz\/index.php\/wp-json\/wp\/v2\/media?parent=5334"}],"wp:term":[{"taxonomy":"category","embeddable":true,"href":"https:\/\/luxurymagazine.cz\/index.php\/wp-json\/wp\/v2\/categories?post=5334"},{"taxonomy":"post_tag","embeddable":true,"href":"https:\/\/luxurymagazine.cz\/index.php\/wp-json\/wp\/v2\/tags?post=5334"}],"curies":[{"name":"wp","href":"https:\/\/api.w.org\/{rel}","templated":true}]}}