{"id":6529,"date":"2025-02-13T00:01:00","date_gmt":"2025-02-12T23:01:00","guid":{"rendered":"https:\/\/luxurymagazine.cz\/?p=6529"},"modified":"2025-04-04T00:34:31","modified_gmt":"2025-04-03T22:34:31","slug":"pralinkove-knedlicky-vam-zpestri-valentynske-oslavy-zkuste-je-jako-dezert","status":"publish","type":"post","link":"https:\/\/luxurymagazine.cz\/index.php\/2025\/02\/13\/pralinkove-knedlicky-vam-zpestri-valentynske-oslavy-zkuste-je-jako-dezert\/","title":{"rendered":"Pralinkov\u00e9 knedl\u00ed\u010dky v\u00e1m zpest\u0159\u00ed valent\u00fdnsk\u00e9 oslavy, zkuste je jako dezert"},"content":{"rendered":"\n<div style=\"height:45px\" aria-hidden=\"true\" class=\"wp-block-spacer\"><\/div>\n\n\n\n<p><strong>Bl\u00ed\u017e\u00ed se den svat\u00e9ho Valent\u00fdna, p\u0159\u00edle\u017eitost oslavit romantickou l\u00e1sku. Pokud ale nem\u00e1te chu\u0165 tr\u00e1vit jej v restaurac\u00edch, wellness nebo si dop\u0159\u00e1vat velkolep\u00e9 komer\u010dn\u00ed z\u00e1\u017eitky, m\u016f\u017eete si hezk\u00e9 chvilky naserv\u00edrovat i doma. T\u0159eba za doprovodu vynikaj\u00edc\u00edch pralinkov\u00fdch knedl\u00ed\u010dk\u016f, kter\u00e9 p\u0159ekonaj\u00ed nejeden \u010dokol\u00e1dov\u00fd dezert. Zvl\u00e1\u0161\u0165, jsou-li p\u0159ipravovan\u00e9 s&nbsp;l\u00e1skou.<\/strong><\/p>\n\n\n\n<div style=\"height:45px\" aria-hidden=\"true\" class=\"wp-block-spacer\"><\/div>\n\n\n\n<figure class=\"wp-block-gallery has-nested-images columns-default is-cropped wp-block-gallery-1 is-layout-flex wp-block-gallery-is-layout-flex\"><div class=\"wp-block-image\">\n<figure class=\"aligncenter size-large\"><img decoding=\"async\" data-id=\"14898\" src=\"https:\/\/womenhouse.cz\/wp-content\/uploads\/2025\/01\/knedlikova-kucharka-pralinkove-knedlicky-wide-1024x768.jpg\" alt=\"Pralinkov\u00e9 knedl\u00ed\u010dky\" class=\"wp-image-14898\" \/><\/figure><\/div><\/figure>\n\n\n\n<div style=\"height:45px\" aria-hidden=\"true\" class=\"wp-block-spacer\"><\/div>\n\n\n\n<p>\u201e<em>Dlouho jsem se zam\u00fd\u0161lel, jak spojit knedl\u00ed\u010dky a \u010dokol\u00e1du v&nbsp;jeden lahod\u00edc\u00ed celek. Na mysli jsem m\u011bl sametovou chu\u0165 kvalitn\u00edch pralinek, kter\u00e9 se v&nbsp;\u00fastech p\u0159\u00edjemn\u011b rozpl\u00fdvaj\u00ed a&nbsp;vytv\u00e1\u0159\u00ed nev\u0161edn\u00ed po\u017eitek. A pr\u00e1v\u011b tak vznikl tento recept, kter\u00fd v\u00e1s nezklame, a\u0165 u\u017e valent\u00fdna slav\u00edte, nebo ne,\u201c <\/em>\u0159\u00edk\u00e1 k&nbsp;tradic\u00edm Petr Kosiner, \u0161\u00e9fkucha\u0159 spole\u010dnosti Knedl\u00edky L\u00e1zni\u010dka.<\/p>\n\n\n\n<div style=\"height:45px\" aria-hidden=\"true\" class=\"wp-block-spacer\"><\/div>\n\n\n\n<h2 class=\"wp-block-heading\"><strong>Recept: Pralinkov\u00e9 knedl\u00ed\u010dky<\/strong><\/h2>\n\n\n\n<div style=\"height:21px\" aria-hidden=\"true\" class=\"wp-block-spacer\"><\/div>\n\n\n\n<p><strong>Suroviny:<\/strong><\/p>\n\n\n\n<ul>\n<li>250 g tvarohu (ten balen\u00fd v&nbsp;alobalu, nikoli ve vani\u010dce)<\/li>\n\n\n\n<li>120 g krupi\u010dky<\/li>\n\n\n\n<li>40 g m\u00e1sla<\/li>\n\n\n\n<li>12 kulat\u00fdch pralinek z&nbsp;kvalitn\u00ed \u010dokol\u00e1dy<\/li>\n\n\n\n<li>1 \u017eloutek<\/li>\n\n\n\n<li>1 l\u017ei\u010dka mou\u010dkov\u00e9ho cukru<\/li>\n\n\n\n<li>\u0161petka soli<\/li>\n\n\n\n<li>pi\u0161kotov\u00e1 dr\u0165 s\u00a0mou\u010dkov\u00fdm cukrem na pod\u00e1v\u00e1n\u00ed<\/li>\n<\/ul>\n\n\n\n<div style=\"height:21px\" aria-hidden=\"true\" class=\"wp-block-spacer\"><\/div>\n\n\n\n<p><strong>Postup:<\/strong><\/p>\n\n\n\n<ol>\n<li>M\u00e1slo nechte zm\u011bknout p\u0159i pokojov\u00e9 teplot\u011b. Sm\u00edchejte s&nbsp;tvarohem, \u017eloutkem, cukrem a p\u0159idejte \u0161petku soli. Pak postupn\u011b p\u0159id\u00e1vejte v\u0161echnu krupi\u010dku a&nbsp;zpracujte na pevn\u00e9 a hladk\u00e9 t\u011bsto.<\/li>\n\n\n\n<li>T\u011bsto rozd\u011blte na mal\u00e9 d\u00edlky a rukama nebo v\u00e1le\u010dkem z&nbsp;nich ud\u011blejte placi\u010dku. Do st\u0159edu polo\u017ete pralinku a pe\u010dliv\u011b uzav\u0159ete. Dbejte p\u0159itom, aby spoje pevn\u011b dr\u017eely a z\u00e1rove\u0148 byla vrstva t\u011bsta co nejten\u010d\u00ed.<\/li>\n\n\n\n<li>Vlo\u017ete do vrouc\u00ed osolen\u00e9 vody a va\u0159te velmi kr\u00e1tce, jen 5 a\u017e 8 minut. Po vyloven\u00ed ihned, dokud jsou knedl\u00ed\u010dky je\u0161t\u011b horsk\u00e9 a vlhk\u00e9, obalte v&nbsp;p\u0159ipraven\u00e9m posypu z&nbsp;nadrcen\u00fdch pi\u0161kot\u016f s&nbsp;trochou cukru. Pot\u00e9 bezprost\u0159edn\u011b pod\u00e1vejte.<\/li>\n<\/ol>\n\n\n\n<div style=\"height:45px\" aria-hidden=\"true\" class=\"wp-block-spacer\"><\/div>\n\n\n\n<figure class=\"wp-block-gallery has-nested-images columns-default is-cropped wp-block-gallery-3 is-layout-flex wp-block-gallery-is-layout-flex\">\n<figure class=\"wp-block-image size-large\"><img decoding=\"async\" data-id=\"14899\" src=\"https:\/\/womenhouse.cz\/wp-content\/uploads\/2025\/01\/knedlikova-kucharka-pralinkove-knedlicky-683x1024.jpg\" alt=\"Pralinkov\u00e9 knedl\u00ed\u010dky\" class=\"wp-image-14899\" \/><\/figure>\n\n\n\n<figure class=\"wp-block-image size-large\"><img decoding=\"async\" data-id=\"14897\" src=\"https:\/\/womenhouse.cz\/wp-content\/uploads\/2025\/01\/velka-knedlikova-kucharka-760x1024.jpeg\" alt=\"Pralinkov\u00e9 knedl\u00ed\u010dky\" class=\"wp-image-14897\" \/><\/figure>\n<\/figure>\n\n\n\n<div style=\"height:45px\" aria-hidden=\"true\" class=\"wp-block-spacer\"><\/div>\n\n\n\n<h2 class=\"wp-block-heading\"><strong>Tip \u0161\u00e9fkucha\u0159e:<\/strong><\/h2>\n\n\n\n<div style=\"height:21px\" aria-hidden=\"true\" class=\"wp-block-spacer\"><\/div>\n\n\n\n<p>\u201e<em>Nejz\u00e1bavn\u011bj\u0161\u00ed na pralinkov\u00fdch knedl\u00ed\u010dc\u00edch je tekut\u00e1 \u010dokol\u00e1da uvnit\u0159. A\u017e je uva\u0159\u00edte, nenechte je dlouho \u010dekat a hned s&nbsp;nimi na tal\u00ed\u0159, aby \u010dokol\u00e1da nezatuhla. Tak\u00e9 nejsou moc vhodn\u00e9 pro op\u011btovn\u00e9 oh\u0159\u00edv\u00e1n\u00ed. Kdy\u017e je nebudete cht\u00edt pod\u00e1vat rovnou, rad\u011bji je v&nbsp;syrov\u00e9m stavu ulo\u017ete do uzav\u00edrateln\u00e9 n\u00e1doby a a\u017e do va\u0159en\u00ed uchovejte v&nbsp;lednici,\u201c<\/em> doporu\u010duje Petr Kosiner.<\/p>\n\n\n\n<p>Dal\u0161\u00ed tipy nejen na sladk\u00e9 knedl\u00ed\u010dky najdete ve <a href=\"https:\/\/www.velka-knedlikova-kucharka.cz\/\"><strong>Velk\u00e9 knedl\u00edkov\u00e9 kucha\u0159ce<\/strong><\/a>. A&nbsp;proto\u017ee l\u00e1ska proch\u00e1z\u00ed \u017ealudkem, vychutnejte si inspiraci celkem na 144 druh\u016f knedl\u00edk\u016f s&nbsp;p\u0159ehledn\u011b formulovan\u00fdmi postupy, d\u00edky nim\u017e se v\u00e1m snadno poda\u0159\u00ed p\u0159ipravit dobroty z&nbsp;\u010desk\u00e9 i&nbsp;mezin\u00e1rodn\u00ed knedl\u00edkov\u00e9 sc\u00e9ny. Jednou to budou p\u0159\u00edlohov\u00e9 knedl\u00edky k&nbsp;hust\u00fdm poctiv\u00fdm om\u00e1\u010dk\u00e1m, podruh\u00e9 pokrmy spadaj\u00edc\u00ed do zdrav\u00e9 modern\u00ed kuchyn\u011b pln\u00e9 zeleniny a&nbsp;\u010derstv\u00fdch surovin.<\/p>\n\n\n\n<div style=\"height:45px\" aria-hidden=\"true\" class=\"wp-block-spacer\"><\/div>\n\n\n\n<figure class=\"wp-block-gallery has-nested-images columns-2 is-cropped wp-block-gallery-5 is-layout-flex wp-block-gallery-is-layout-flex\">\n<figure class=\"wp-block-image size-large\"><img decoding=\"async\" data-id=\"14899\" src=\"https:\/\/womenhouse.cz\/wp-content\/uploads\/2025\/01\/knedlikova-kucharka-pralinkove-knedlicky-683x1024.jpg\" alt=\"Pralinkov\u00e9 knedl\u00ed\u010dky\" class=\"wp-image-14899\" \/><\/figure>\n\n\n\n<figure class=\"wp-block-image size-large\"><img decoding=\"async\" data-id=\"14897\" src=\"https:\/\/womenhouse.cz\/wp-content\/uploads\/2025\/01\/velka-knedlikova-kucharka-760x1024.jpeg\" alt=\"Pralinkov\u00e9 knedl\u00ed\u010dky\" class=\"wp-image-14897\" \/><\/figure>\n\n\n\n<figure class=\"wp-block-image size-large\"><img decoding=\"async\" data-id=\"14898\" src=\"https:\/\/womenhouse.cz\/wp-content\/uploads\/2025\/01\/knedlikova-kucharka-pralinkove-knedlicky-wide-1024x768.jpg\" alt=\"Pralinkov\u00e9 knedl\u00ed\u010dky\" class=\"wp-image-14898\" \/><\/figure>\n<\/figure>\n\n\n\n<div style=\"height:45px\" aria-hidden=\"true\" class=\"wp-block-spacer\"><\/div>\n\n\n\n<p><strong>Zdroj foto:<\/strong> Knedl\u00edky L\u00e1zni\u010dka<\/p>\n\n\n\n<div style=\"height:45px\" aria-hidden=\"true\" class=\"wp-block-spacer\"><\/div>\n","protected":false},"excerpt":{"rendered":"<p>Bl\u00ed\u017e\u00ed se den svat\u00e9ho Valent\u00fdna, p\u0159\u00edle\u017eitost oslavit romantickou l\u00e1sku. Pokud ale nem\u00e1te chu\u0165 tr\u00e1vit jej v restaurac\u00edch, wellness nebo si dop\u0159\u00e1vat velkolep\u00e9 komer\u010dn\u00ed z\u00e1\u017eitky, m\u016f\u017eete si hezk\u00e9 chvilky naserv\u00edrovat i doma. T\u0159eba za doprovodu vynikaj\u00edc\u00edch pralinkov\u00fdch knedl\u00ed\u010dk\u016f, kter\u00e9 p\u0159ekonaj\u00ed nejeden \u010dokol\u00e1dov\u00fd dezert. Zvl\u00e1\u0161\u0165, jsou-li p\u0159ipravovan\u00e9 s&nbsp;l\u00e1skou. \u201eDlouho jsem se zam\u00fd\u0161lel, jak spojit knedl\u00ed\u010dky a \u010dokol\u00e1du [&hellip;]<\/p>\n","protected":false},"author":7,"featured_media":6531,"comment_status":"closed","ping_status":"closed","sticky":false,"template":"","format":"standard","meta":{"_mi_skip_tracking":false,"_monsterinsights_sitenote_active":false,"_monsterinsights_sitenote_note":"","_monsterinsights_sitenote_category":0,"footnotes":""},"categories":[7,2,13],"tags":[],"yoast_head":"<!-- This site is optimized with the Yoast SEO plugin v21.4 - https:\/\/yoast.com\/wordpress\/plugins\/seo\/ -->\n<title>Pralinkov\u00e9 knedl\u00ed\u010dky v\u00e1m zpest\u0159\u00ed valent\u00fdnsk\u00e9 oslavy, zkuste je jako dezert - LUXURYMAGAZINE.cz<\/title>\n<meta name=\"description\" content=\"Bl\u00ed\u017e\u00ed se den svat\u00e9ho Valent\u00fdna, p\u0159\u00edle\u017eitost oslavit romantickou l\u00e1sku, t\u0159eba za doprovodu vynikaj\u00edc\u00edch pralinkov\u00fdch knedl\u00ed\u010dk\u016f.\" \/>\n<meta name=\"robots\" content=\"index, follow, max-snippet:-1, max-image-preview:large, max-video-preview:-1\" \/>\n<link rel=\"canonical\" href=\"https:\/\/luxurymagazine.cz\/index.php\/2025\/02\/13\/pralinkove-knedlicky-vam-zpestri-valentynske-oslavy-zkuste-je-jako-dezert\/\" \/>\n<meta property=\"og:locale\" content=\"cs_CZ\" \/>\n<meta property=\"og:type\" content=\"article\" \/>\n<meta property=\"og:title\" content=\"Pralinkov\u00e9 knedl\u00ed\u010dky v\u00e1m zpest\u0159\u00ed valent\u00fdnsk\u00e9 oslavy, zkuste je jako dezert - LUXURYMAGAZINE.cz\" \/>\n<meta property=\"og:description\" content=\"Bl\u00ed\u017e\u00ed se den svat\u00e9ho Valent\u00fdna, p\u0159\u00edle\u017eitost oslavit romantickou l\u00e1sku, t\u0159eba za doprovodu vynikaj\u00edc\u00edch pralinkov\u00fdch knedl\u00ed\u010dk\u016f.\" \/>\n<meta property=\"og:url\" content=\"https:\/\/luxurymagazine.cz\/index.php\/2025\/02\/13\/pralinkove-knedlicky-vam-zpestri-valentynske-oslavy-zkuste-je-jako-dezert\/\" \/>\n<meta property=\"og:site_name\" content=\"LUXURYMAGAZINE.cz\" \/>\n<meta property=\"article:published_time\" content=\"2025-02-12T23:01:00+00:00\" \/>\n<meta property=\"article:modified_time\" content=\"2025-04-03T22:34:31+00:00\" \/>\n<meta property=\"og:image\" content=\"https:\/\/luxurymagazine.cz\/wp-content\/uploads\/2025\/01\/knedlikova-kucharka-pralinkove-knedlicky-wide.jpg\" \/>\n\t<meta property=\"og:image:width\" content=\"1600\" \/>\n\t<meta property=\"og:image:height\" content=\"1200\" \/>\n\t<meta property=\"og:image:type\" content=\"image\/jpeg\" \/>\n<meta name=\"author\" content=\"Martina Pechov\u00e1\" \/>\n<meta name=\"twitter:card\" content=\"summary_large_image\" \/>\n<meta name=\"twitter:label1\" content=\"Napsal(a)\" \/>\n\t<meta name=\"twitter:data1\" content=\"Martina Pechov\u00e1\" \/>\n\t<meta name=\"twitter:label2\" content=\"Odhadovan\u00e1 doba \u010dten\u00ed\" \/>\n\t<meta name=\"twitter:data2\" content=\"4 minuty\" \/>\n<script type=\"application\/ld+json\" class=\"yoast-schema-graph\">{\"@context\":\"https:\/\/schema.org\",\"@graph\":[{\"@type\":\"Article\",\"@id\":\"https:\/\/luxurymagazine.cz\/index.php\/2025\/02\/13\/pralinkove-knedlicky-vam-zpestri-valentynske-oslavy-zkuste-je-jako-dezert\/#article\",\"isPartOf\":{\"@id\":\"https:\/\/luxurymagazine.cz\/index.php\/2025\/02\/13\/pralinkove-knedlicky-vam-zpestri-valentynske-oslavy-zkuste-je-jako-dezert\/\"},\"author\":{\"name\":\"Martina Pechov\u00e1\",\"@id\":\"https:\/\/luxurymagazine.cz\/#\/schema\/person\/140b12bad7bce146b1934d9704884767\"},\"headline\":\"Pralinkov\u00e9 knedl\u00ed\u010dky v\u00e1m zpest\u0159\u00ed valent\u00fdnsk\u00e9 oslavy, zkuste je jako dezert\",\"datePublished\":\"2025-02-12T23:01:00+00:00\",\"dateModified\":\"2025-04-03T22:34:31+00:00\",\"mainEntityOfPage\":{\"@id\":\"https:\/\/luxurymagazine.cz\/index.php\/2025\/02\/13\/pralinkove-knedlicky-vam-zpestri-valentynske-oslavy-zkuste-je-jako-dezert\/\"},\"wordCount\":531,\"publisher\":{\"@id\":\"https:\/\/luxurymagazine.cz\/#organization\"},\"articleSection\":[\"GASTRO &amp; GURM\u00c1N\",\"NEWS\",\"TIPY &amp; TRENDY\"],\"inLanguage\":\"cs\"},{\"@type\":\"WebPage\",\"@id\":\"https:\/\/luxurymagazine.cz\/index.php\/2025\/02\/13\/pralinkove-knedlicky-vam-zpestri-valentynske-oslavy-zkuste-je-jako-dezert\/\",\"url\":\"https:\/\/luxurymagazine.cz\/index.php\/2025\/02\/13\/pralinkove-knedlicky-vam-zpestri-valentynske-oslavy-zkuste-je-jako-dezert\/\",\"name\":\"Pralinkov\u00e9 knedl\u00ed\u010dky v\u00e1m zpest\u0159\u00ed valent\u00fdnsk\u00e9 oslavy, zkuste je jako dezert - LUXURYMAGAZINE.cz\",\"isPartOf\":{\"@id\":\"https:\/\/luxurymagazine.cz\/#website\"},\"datePublished\":\"2025-02-12T23:01:00+00:00\",\"dateModified\":\"2025-04-03T22:34:31+00:00\",\"description\":\"Bl\u00ed\u017e\u00ed se den svat\u00e9ho Valent\u00fdna, p\u0159\u00edle\u017eitost oslavit romantickou l\u00e1sku, t\u0159eba za doprovodu vynikaj\u00edc\u00edch pralinkov\u00fdch knedl\u00ed\u010dk\u016f.\",\"breadcrumb\":{\"@id\":\"https:\/\/luxurymagazine.cz\/index.php\/2025\/02\/13\/pralinkove-knedlicky-vam-zpestri-valentynske-oslavy-zkuste-je-jako-dezert\/#breadcrumb\"},\"inLanguage\":\"cs\",\"potentialAction\":[{\"@type\":\"ReadAction\",\"target\":[\"https:\/\/luxurymagazine.cz\/index.php\/2025\/02\/13\/pralinkove-knedlicky-vam-zpestri-valentynske-oslavy-zkuste-je-jako-dezert\/\"]}]},{\"@type\":\"BreadcrumbList\",\"@id\":\"https:\/\/luxurymagazine.cz\/index.php\/2025\/02\/13\/pralinkove-knedlicky-vam-zpestri-valentynske-oslavy-zkuste-je-jako-dezert\/#breadcrumb\",\"itemListElement\":[{\"@type\":\"ListItem\",\"position\":1,\"name\":\"Dom\u016f\",\"item\":\"https:\/\/luxurymagazine.cz\/\"},{\"@type\":\"ListItem\",\"position\":2,\"name\":\"Pralinkov\u00e9 knedl\u00ed\u010dky v\u00e1m zpest\u0159\u00ed valent\u00fdnsk\u00e9 oslavy, zkuste je jako dezert\"}]},{\"@type\":\"WebSite\",\"@id\":\"https:\/\/luxurymagazine.cz\/#website\",\"url\":\"https:\/\/luxurymagazine.cz\/\",\"name\":\"LUXURYMAGAZINE.cz\",\"description\":\"Port\u00e1l v\u00fdhradn\u011b o luxusu...\",\"publisher\":{\"@id\":\"https:\/\/luxurymagazine.cz\/#organization\"},\"potentialAction\":[{\"@type\":\"SearchAction\",\"target\":{\"@type\":\"EntryPoint\",\"urlTemplate\":\"https:\/\/luxurymagazine.cz\/?s={search_term_string}\"},\"query-input\":\"required name=search_term_string\"}],\"inLanguage\":\"cs\"},{\"@type\":\"Organization\",\"@id\":\"https:\/\/luxurymagazine.cz\/#organization\",\"name\":\"LUXURYMAGAZINE.cz\",\"url\":\"https:\/\/luxurymagazine.cz\/\",\"logo\":{\"@type\":\"ImageObject\",\"inLanguage\":\"cs\",\"@id\":\"https:\/\/luxurymagazine.cz\/#\/schema\/logo\/image\/\",\"url\":\"https:\/\/luxurymagazine.cz\/wp-content\/uploads\/2024\/12\/cropped-Logo_LuxuryMagazine-1.jpg\",\"contentUrl\":\"https:\/\/luxurymagazine.cz\/wp-content\/uploads\/2024\/12\/cropped-Logo_LuxuryMagazine-1.jpg\",\"width\":934,\"height\":509,\"caption\":\"LUXURYMAGAZINE.cz\"},\"image\":{\"@id\":\"https:\/\/luxurymagazine.cz\/#\/schema\/logo\/image\/\"}},{\"@type\":\"Person\",\"@id\":\"https:\/\/luxurymagazine.cz\/#\/schema\/person\/140b12bad7bce146b1934d9704884767\",\"name\":\"Martina Pechov\u00e1\",\"image\":{\"@type\":\"ImageObject\",\"inLanguage\":\"cs\",\"@id\":\"https:\/\/luxurymagazine.cz\/#\/schema\/person\/image\/\",\"url\":\"https:\/\/secure.gravatar.com\/avatar\/f0b7849f9f82bc20952396010e3c9adb?s=96&d=mm&r=g\",\"contentUrl\":\"https:\/\/secure.gravatar.com\/avatar\/f0b7849f9f82bc20952396010e3c9adb?s=96&d=mm&r=g\",\"caption\":\"Martina Pechov\u00e1\"},\"sameAs\":[\"http:\/\/LUXURYMAGAZINE.cz\"],\"url\":\"https:\/\/luxurymagazine.cz\/index.php\/author\/marpech\/\"}]}<\/script>\n<!-- \/ Yoast SEO plugin. -->","yoast_head_json":{"title":"Pralinkov\u00e9 knedl\u00ed\u010dky v\u00e1m zpest\u0159\u00ed valent\u00fdnsk\u00e9 oslavy, zkuste je jako dezert - LUXURYMAGAZINE.cz","description":"Bl\u00ed\u017e\u00ed se den svat\u00e9ho Valent\u00fdna, p\u0159\u00edle\u017eitost oslavit romantickou l\u00e1sku, t\u0159eba za doprovodu vynikaj\u00edc\u00edch pralinkov\u00fdch knedl\u00ed\u010dk\u016f.","robots":{"index":"index","follow":"follow","max-snippet":"max-snippet:-1","max-image-preview":"max-image-preview:large","max-video-preview":"max-video-preview:-1"},"canonical":"https:\/\/luxurymagazine.cz\/index.php\/2025\/02\/13\/pralinkove-knedlicky-vam-zpestri-valentynske-oslavy-zkuste-je-jako-dezert\/","og_locale":"cs_CZ","og_type":"article","og_title":"Pralinkov\u00e9 knedl\u00ed\u010dky v\u00e1m zpest\u0159\u00ed valent\u00fdnsk\u00e9 oslavy, zkuste je jako dezert - LUXURYMAGAZINE.cz","og_description":"Bl\u00ed\u017e\u00ed se den svat\u00e9ho Valent\u00fdna, p\u0159\u00edle\u017eitost oslavit romantickou l\u00e1sku, t\u0159eba za doprovodu vynikaj\u00edc\u00edch pralinkov\u00fdch knedl\u00ed\u010dk\u016f.","og_url":"https:\/\/luxurymagazine.cz\/index.php\/2025\/02\/13\/pralinkove-knedlicky-vam-zpestri-valentynske-oslavy-zkuste-je-jako-dezert\/","og_site_name":"LUXURYMAGAZINE.cz","article_published_time":"2025-02-12T23:01:00+00:00","article_modified_time":"2025-04-03T22:34:31+00:00","og_image":[{"width":1600,"height":1200,"url":"https:\/\/luxurymagazine.cz\/wp-content\/uploads\/2025\/01\/knedlikova-kucharka-pralinkove-knedlicky-wide.jpg","type":"image\/jpeg"}],"author":"Martina Pechov\u00e1","twitter_card":"summary_large_image","twitter_misc":{"Napsal(a)":"Martina Pechov\u00e1","Odhadovan\u00e1 doba \u010dten\u00ed":"4 minuty"},"schema":{"@context":"https:\/\/schema.org","@graph":[{"@type":"Article","@id":"https:\/\/luxurymagazine.cz\/index.php\/2025\/02\/13\/pralinkove-knedlicky-vam-zpestri-valentynske-oslavy-zkuste-je-jako-dezert\/#article","isPartOf":{"@id":"https:\/\/luxurymagazine.cz\/index.php\/2025\/02\/13\/pralinkove-knedlicky-vam-zpestri-valentynske-oslavy-zkuste-je-jako-dezert\/"},"author":{"name":"Martina Pechov\u00e1","@id":"https:\/\/luxurymagazine.cz\/#\/schema\/person\/140b12bad7bce146b1934d9704884767"},"headline":"Pralinkov\u00e9 knedl\u00ed\u010dky v\u00e1m zpest\u0159\u00ed valent\u00fdnsk\u00e9 oslavy, zkuste je jako dezert","datePublished":"2025-02-12T23:01:00+00:00","dateModified":"2025-04-03T22:34:31+00:00","mainEntityOfPage":{"@id":"https:\/\/luxurymagazine.cz\/index.php\/2025\/02\/13\/pralinkove-knedlicky-vam-zpestri-valentynske-oslavy-zkuste-je-jako-dezert\/"},"wordCount":531,"publisher":{"@id":"https:\/\/luxurymagazine.cz\/#organization"},"articleSection":["GASTRO &amp; GURM\u00c1N","NEWS","TIPY &amp; TRENDY"],"inLanguage":"cs"},{"@type":"WebPage","@id":"https:\/\/luxurymagazine.cz\/index.php\/2025\/02\/13\/pralinkove-knedlicky-vam-zpestri-valentynske-oslavy-zkuste-je-jako-dezert\/","url":"https:\/\/luxurymagazine.cz\/index.php\/2025\/02\/13\/pralinkove-knedlicky-vam-zpestri-valentynske-oslavy-zkuste-je-jako-dezert\/","name":"Pralinkov\u00e9 knedl\u00ed\u010dky v\u00e1m zpest\u0159\u00ed valent\u00fdnsk\u00e9 oslavy, zkuste je jako dezert - LUXURYMAGAZINE.cz","isPartOf":{"@id":"https:\/\/luxurymagazine.cz\/#website"},"datePublished":"2025-02-12T23:01:00+00:00","dateModified":"2025-04-03T22:34:31+00:00","description":"Bl\u00ed\u017e\u00ed se den svat\u00e9ho Valent\u00fdna, p\u0159\u00edle\u017eitost oslavit romantickou l\u00e1sku, t\u0159eba za doprovodu vynikaj\u00edc\u00edch pralinkov\u00fdch knedl\u00ed\u010dk\u016f.","breadcrumb":{"@id":"https:\/\/luxurymagazine.cz\/index.php\/2025\/02\/13\/pralinkove-knedlicky-vam-zpestri-valentynske-oslavy-zkuste-je-jako-dezert\/#breadcrumb"},"inLanguage":"cs","potentialAction":[{"@type":"ReadAction","target":["https:\/\/luxurymagazine.cz\/index.php\/2025\/02\/13\/pralinkove-knedlicky-vam-zpestri-valentynske-oslavy-zkuste-je-jako-dezert\/"]}]},{"@type":"BreadcrumbList","@id":"https:\/\/luxurymagazine.cz\/index.php\/2025\/02\/13\/pralinkove-knedlicky-vam-zpestri-valentynske-oslavy-zkuste-je-jako-dezert\/#breadcrumb","itemListElement":[{"@type":"ListItem","position":1,"name":"Dom\u016f","item":"https:\/\/luxurymagazine.cz\/"},{"@type":"ListItem","position":2,"name":"Pralinkov\u00e9 knedl\u00ed\u010dky v\u00e1m zpest\u0159\u00ed valent\u00fdnsk\u00e9 oslavy, zkuste je jako dezert"}]},{"@type":"WebSite","@id":"https:\/\/luxurymagazine.cz\/#website","url":"https:\/\/luxurymagazine.cz\/","name":"LUXURYMAGAZINE.cz","description":"Port\u00e1l v\u00fdhradn\u011b o luxusu...","publisher":{"@id":"https:\/\/luxurymagazine.cz\/#organization"},"potentialAction":[{"@type":"SearchAction","target":{"@type":"EntryPoint","urlTemplate":"https:\/\/luxurymagazine.cz\/?s={search_term_string}"},"query-input":"required name=search_term_string"}],"inLanguage":"cs"},{"@type":"Organization","@id":"https:\/\/luxurymagazine.cz\/#organization","name":"LUXURYMAGAZINE.cz","url":"https:\/\/luxurymagazine.cz\/","logo":{"@type":"ImageObject","inLanguage":"cs","@id":"https:\/\/luxurymagazine.cz\/#\/schema\/logo\/image\/","url":"https:\/\/luxurymagazine.cz\/wp-content\/uploads\/2024\/12\/cropped-Logo_LuxuryMagazine-1.jpg","contentUrl":"https:\/\/luxurymagazine.cz\/wp-content\/uploads\/2024\/12\/cropped-Logo_LuxuryMagazine-1.jpg","width":934,"height":509,"caption":"LUXURYMAGAZINE.cz"},"image":{"@id":"https:\/\/luxurymagazine.cz\/#\/schema\/logo\/image\/"}},{"@type":"Person","@id":"https:\/\/luxurymagazine.cz\/#\/schema\/person\/140b12bad7bce146b1934d9704884767","name":"Martina Pechov\u00e1","image":{"@type":"ImageObject","inLanguage":"cs","@id":"https:\/\/luxurymagazine.cz\/#\/schema\/person\/image\/","url":"https:\/\/secure.gravatar.com\/avatar\/f0b7849f9f82bc20952396010e3c9adb?s=96&d=mm&r=g","contentUrl":"https:\/\/secure.gravatar.com\/avatar\/f0b7849f9f82bc20952396010e3c9adb?s=96&d=mm&r=g","caption":"Martina Pechov\u00e1"},"sameAs":["http:\/\/LUXURYMAGAZINE.cz"],"url":"https:\/\/luxurymagazine.cz\/index.php\/author\/marpech\/"}]}},"_links":{"self":[{"href":"https:\/\/luxurymagazine.cz\/index.php\/wp-json\/wp\/v2\/posts\/6529"}],"collection":[{"href":"https:\/\/luxurymagazine.cz\/index.php\/wp-json\/wp\/v2\/posts"}],"about":[{"href":"https:\/\/luxurymagazine.cz\/index.php\/wp-json\/wp\/v2\/types\/post"}],"author":[{"embeddable":true,"href":"https:\/\/luxurymagazine.cz\/index.php\/wp-json\/wp\/v2\/users\/7"}],"replies":[{"embeddable":true,"href":"https:\/\/luxurymagazine.cz\/index.php\/wp-json\/wp\/v2\/comments?post=6529"}],"version-history":[{"count":-4,"href":"https:\/\/luxurymagazine.cz\/index.php\/wp-json\/wp\/v2\/posts\/6529\/revisions"}],"wp:featuredmedia":[{"embeddable":true,"href":"https:\/\/luxurymagazine.cz\/index.php\/wp-json\/wp\/v2\/media\/6531"}],"wp:attachment":[{"href":"https:\/\/luxurymagazine.cz\/index.php\/wp-json\/wp\/v2\/media?parent=6529"}],"wp:term":[{"taxonomy":"category","embeddable":true,"href":"https:\/\/luxurymagazine.cz\/index.php\/wp-json\/wp\/v2\/categories?post=6529"},{"taxonomy":"post_tag","embeddable":true,"href":"https:\/\/luxurymagazine.cz\/index.php\/wp-json\/wp\/v2\/tags?post=6529"}],"curies":[{"name":"wp","href":"https:\/\/api.w.org\/{rel}","templated":true}]}}