{"id":6615,"date":"2025-03-06T00:01:00","date_gmt":"2025-03-05T23:01:00","guid":{"rendered":"https:\/\/luxurymagazine.cz\/?p=6615"},"modified":"2025-05-12T01:03:53","modified_gmt":"2025-05-11T23:03:53","slug":"arkhe-rekonstrukce-venkovskeho-domu-na-vysocine","status":"publish","type":"post","link":"https:\/\/luxurymagazine.cz\/index.php\/2025\/03\/06\/arkhe-rekonstrukce-venkovskeho-domu-na-vysocine\/","title":{"rendered":"ARKHE Rekonstrukce venkovsk\u00e9ho domu na Vyso\u010din\u011b"},"content":{"rendered":"\n<div style=\"height:45px\" aria-hidden=\"true\" class=\"wp-block-spacer\"><\/div>\n\n\n\n<p><strong>Studio arkhe p\u0159edstavuje sv\u016fj nov\u00fd projekt \u2013 rekonstrukci tradi\u010dn\u00edho venkovsk\u00e9ho staven\u00ed v modern\u00ed v\u00edkendov\u00fd d\u016fm po\u010detn\u00e9 rodiny. N\u00e1vrh citliv\u011b propojuje historickou architekturu s modern\u00edm designem a funk\u010dn\u00edm vyu\u017eit\u00edm prostoru.<\/strong><\/p>\n\n\n\n<div style=\"height:45px\" aria-hidden=\"true\" class=\"wp-block-spacer\"><\/div>\n\n\n<div class=\"wp-block-image\">\n<figure class=\"aligncenter size-large\"><img decoding=\"async\" src=\"http:\/\/bydletestylove.cz\/wp-content\/uploads\/2025\/02\/arkhe-dum-vysocina-0-1024x640.jpg\" alt=\"ARKHE Rekonstrukce venkovsk\u00e9ho domu na Vyso\u010din\u011b\" class=\"wp-image-1129\" \/><\/figure><\/div>\n\n\n<div style=\"height:45px\" aria-hidden=\"true\" class=\"wp-block-spacer\"><\/div>\n\n\n\n<p>Nov\u00e9 dispozi\u010dn\u00ed \u0159e\u0161en\u00ed domu bylo navr\u017eeno s respektem k p\u016fvodn\u00edmu objektu a jeho okol\u00ed. Architekti objekt o\u010distili od nevzhledn\u00fdch p\u0159estaveb a transformovali do dvou forem s tradi\u010dn\u00edmi sedlov\u00fdmi st\u0159echami, kter\u00e9 n\u00e1sledn\u011b propojili modern\u00edm vstupem s plochou st\u0159echou. Tato \u00faprava propojila obytnou \u010d\u00e1st domu s gar\u00e1\u017e\u00ed, technick\u00fdm z\u00e1zem\u00edm i zahradou a zajistila pohodln\u00fd p\u0159\u00edstup do v\u0161ech kout\u016f objektu.<\/p>\n\n\n\n<div style=\"height:45px\" aria-hidden=\"true\" class=\"wp-block-spacer\"><\/div>\n\n\n<div class=\"wp-block-image\">\n<figure class=\"aligncenter size-large\"><img decoding=\"async\" src=\"http:\/\/bydletestylove.cz\/wp-content\/uploads\/2025\/02\/arkhe-dum-vysocina-03-1024x640.jpg\" alt=\"ARKHE Rekonstrukce venkovsk\u00e9ho domu na Vyso\u010din\u011b\" class=\"wp-image-1127\" \/><\/figure><\/div>\n\n\n<div style=\"height:45px\" aria-hidden=\"true\" class=\"wp-block-spacer\"><\/div>\n\n\n\n<p>Klienti si p\u0159\u00e1li vytvo\u0159it m\u00edsto pro setk\u00e1v\u00e1n\u00ed cel\u00e9 rodiny. V obytn\u00e9 \u010d\u00e1sti domu proto architekti navrhli velkorys\u00fd spole\u010densk\u00fd prostor otev\u0159en\u00fd p\u0159es dv\u011b podla\u017e\u00ed, kter\u00fd ukr\u00fdv\u00e1 ob\u00fdvac\u00ed pokoj s j\u00eddelnou a kuchyn\u00ed. Venkovsk\u00fd charakter stavby je zde podpo\u0159en dominantn\u00edm prvkem d\u0159ev\u011bn\u00e9ho krovu a hrub\u00fdmi om\u00edtkami, kter\u00e9 ve spojen\u00ed s modern\u00edmi materi\u00e1ly vytv\u00e1\u0159ej\u00ed zaj\u00edmav\u00e9 kontrasty.<\/p>\n\n\n\n<div style=\"height:45px\" aria-hidden=\"true\" class=\"wp-block-spacer\"><\/div>\n\n\n<div class=\"wp-block-image\">\n<figure class=\"aligncenter size-large\"><img decoding=\"async\" src=\"http:\/\/bydletestylove.cz\/wp-content\/uploads\/2025\/02\/arkhe-dum-vysocina-05-1024x640.jpg\" alt=\"ARKHE Rekonstrukce venkovsk\u00e9ho domu na Vyso\u010din\u011b\" class=\"wp-image-1130\" \/><\/figure><\/div>\n\n\n<div style=\"height:45px\" aria-hidden=\"true\" class=\"wp-block-spacer\"><\/div>\n\n\n\n<p>\u201c<em>Na\u0161\u00edm \u00fakolem bylo vytvo\u0159it v\u00edkendov\u00fd d\u016fm, kter\u00fd \u010dasem m\u016f\u017ee slou\u017eit i k dlouhodob\u00e9mu bydlen\u00ed a z\u00e1rove\u0148 pohodln\u011b ubytuje hned n\u011bkolik generac\u00ed rodiny. D\u016fle\u017eit\u00fdm aspektem p\u0159i n\u00e1vrhu byla proto prakti\u010dnost a uspo\u0159\u00e1d\u00e1n\u00ed dispozic tak<\/em>, <em>aby m\u011bli v\u0161ichni dostatek prostoru a soukrom\u00ed,<\/em>\u201d popisuje architektka Tatiana Hanzelov\u00e1. <em>\u201cPro majitele jsme navrhli samostatn\u00e9 intimn\u00ed k\u0159\u00eddlo s lo\u017enic\u00ed, \u0161atnou, koupelnou a vlastn\u00edm p\u0159\u00edstupem na terasu, kter\u00e9 nab\u00edz\u00ed klidn\u00e9 \u00fato\u010di\u0161t\u011b, zat\u00edmco zbytek domu pulzuje \u017eivotem,\u201d<\/em> dod\u00e1v\u00e1.<\/p>\n\n\n\n<div style=\"height:45px\" aria-hidden=\"true\" class=\"wp-block-spacer\"><\/div>\n\n\n<div class=\"wp-block-image\">\n<figure class=\"aligncenter size-large\"><img decoding=\"async\" src=\"http:\/\/bydletestylove.cz\/wp-content\/uploads\/2025\/02\/arkhe-dum-vysocina-04-1024x640.jpg\" alt=\"ARKHE Rekonstrukce venkovsk\u00e9ho domu na Vyso\u010din\u011b\" class=\"wp-image-1123\" \/><\/figure><\/div>\n\n\n<div style=\"height:45px\" aria-hidden=\"true\" class=\"wp-block-spacer\"><\/div>\n\n\n\n<p>Do galerie v druh\u00e9m podla\u017e\u00ed je situov\u00e1na pracovna s v\u00fdhledem do ob\u00fdvac\u00edho pokoje, na kterou navazuje prvn\u00ed ze dvou hostovsk\u00fdch pokoj\u016f. Dal\u0161\u00ed m\u00edstnost pro ubytov\u00e1n\u00ed n\u00e1v\u0161t\u011bvy um\u00edstili architekti do p\u0159\u00edzem\u00ed, do prostoru za kuchyn\u00ed.<\/p>\n\n\n\n<p>N\u00e1vrh domu pracuje tak\u00e9 s okol\u00edm stavby. Velk\u00e1 francouzsk\u00e1 okna propojuj\u00ed interi\u00e9r s exteri\u00e9rem a umo\u017e\u0148uj\u00ed jeho obyvatel\u016fm p\u0159irozen\u00fd pohyb mezi ob\u00fdvac\u00ed m\u00edstnost\u00ed a zahradou. Prostorn\u00e1 terasa, kryt\u00e1 pergolou se st\u00edn\u00edc\u00edmi lamelami, p\u0159edstavuje ide\u00e1ln\u00ed \u00fato\u010di\u0161t\u011b za tepl\u00e9ho po\u010das\u00ed.<\/p>\n\n\n\n<div style=\"height:45px\" aria-hidden=\"true\" class=\"wp-block-spacer\"><\/div>\n\n\n<div class=\"wp-block-image\">\n<figure class=\"aligncenter size-large\"><img decoding=\"async\" src=\"http:\/\/bydletestylove.cz\/wp-content\/uploads\/2025\/02\/arkhe-dum-vysocina-02-1024x640.jpg\" alt=\"ARKHE Rekonstrukce venkovsk\u00e9ho domu na Vyso\u010din\u011b\" class=\"wp-image-1124\" \/><\/figure><\/div>\n\n\n<div style=\"height:45px\" aria-hidden=\"true\" class=\"wp-block-spacer\"><\/div>\n\n\n\n<p>Pro bezstarostnou \u00fadr\u017ebu zvolili architekti hladkou podlahu z lit\u00e9ho betonu, kter\u00e1 je praktickou volbou zejm\u00e9na v letn\u00edch m\u011bs\u00edc\u00edch. Pou\u017eit\u00e9 materi\u00e1ly a struktury navazuj\u00ed na p\u016fvodn\u00ed charakter stavby, pro modern\u00ed vzhled jsou ale dopln\u011bny o elegantn\u00ed a nad\u010dasov\u00e9 prvky. Kombinaci d\u0159eva a dekoru kamene zjem\u0148uj\u00ed? m\u011bkk\u00e9 textilie a dopl\u0148ky v p\u0159\u00edrodn\u00edch odst\u00ednech zelen\u00e9 a hn\u011bd\u00e9.<\/p>\n\n\n\n<div style=\"height:45px\" aria-hidden=\"true\" class=\"wp-block-spacer\"><\/div>\n\n\n\n<figure class=\"wp-block-gallery has-nested-images columns-2 is-cropped wp-block-gallery-1 is-layout-flex wp-block-gallery-is-layout-flex\">\n<figure class=\"wp-block-image size-large\"><img decoding=\"async\" data-id=\"1128\" src=\"https:\/\/bydletestylove.cz\/wp-content\/uploads\/2025\/02\/arkhe-dum-vysocina-01-1024x640.jpg\" alt=\"ARKHE Rekonstrukce venkovsk\u00e9ho domu na Vyso\u010din\u011b\" class=\"wp-image-1128\" \/><\/figure>\n\n\n\n<figure class=\"wp-block-image size-large\"><img decoding=\"async\" data-id=\"1129\" src=\"https:\/\/bydletestylove.cz\/wp-content\/uploads\/2025\/02\/arkhe-dum-vysocina-0-1024x640.jpg\" alt=\"ARKHE Rekonstrukce venkovsk\u00e9ho domu na Vyso\u010din\u011b\" class=\"wp-image-1129\" \/><\/figure>\n\n\n\n<figure class=\"wp-block-image size-large\"><img decoding=\"async\" data-id=\"1124\" src=\"https:\/\/bydletestylove.cz\/wp-content\/uploads\/2025\/02\/arkhe-dum-vysocina-02-1024x640.jpg\" alt=\"ARKHE Rekonstrukce venkovsk\u00e9ho domu na Vyso\u010din\u011b\" class=\"wp-image-1124\" \/><\/figure>\n\n\n\n<figure class=\"wp-block-image size-large\"><img decoding=\"async\" data-id=\"1127\" src=\"https:\/\/bydletestylove.cz\/wp-content\/uploads\/2025\/02\/arkhe-dum-vysocina-03-1024x640.jpg\" alt=\"ARKHE Rekonstrukce venkovsk\u00e9ho domu na Vyso\u010din\u011b\" class=\"wp-image-1127\" \/><\/figure>\n\n\n\n<figure class=\"wp-block-image size-large\"><img decoding=\"async\" data-id=\"1123\" src=\"https:\/\/bydletestylove.cz\/wp-content\/uploads\/2025\/02\/arkhe-dum-vysocina-04-1024x640.jpg\" alt=\"ARKHE Rekonstrukce venkovsk\u00e9ho domu na Vyso\u010din\u011b\" class=\"wp-image-1123\" \/><\/figure>\n\n\n\n<figure class=\"wp-block-image size-large\"><img decoding=\"async\" data-id=\"1126\" src=\"https:\/\/bydletestylove.cz\/wp-content\/uploads\/2025\/02\/arkhe-dum-vysocina-09-1024x640.jpg\" alt=\"ARKHE Rekonstrukce venkovsk\u00e9ho domu na Vyso\u010din\u011b\" class=\"wp-image-1126\" \/><\/figure>\n\n\n\n<figure class=\"wp-block-image size-large\"><img decoding=\"async\" data-id=\"1130\" src=\"https:\/\/bydletestylove.cz\/wp-content\/uploads\/2025\/02\/arkhe-dum-vysocina-05-1024x640.jpg\" alt=\"ARKHE Rekonstrukce venkovsk\u00e9ho domu na Vyso\u010din\u011b\" class=\"wp-image-1130\" \/><\/figure>\n\n\n\n<figure class=\"wp-block-image size-large\"><img decoding=\"async\" data-id=\"1125\" src=\"https:\/\/bydletestylove.cz\/wp-content\/uploads\/2025\/02\/arkhe-dum-vysocina-06-1024x640.jpg\" alt=\"ARKHE Rekonstrukce venkovsk\u00e9ho domu na Vyso\u010din\u011b\" class=\"wp-image-1125\" \/><\/figure>\n\n\n\n<figure class=\"wp-block-image size-large\"><img decoding=\"async\" data-id=\"1121\" src=\"https:\/\/bydletestylove.cz\/wp-content\/uploads\/2025\/02\/arkhe-dum-vysocina-07-819x1024.jpg\" alt=\"ARKHE Rekonstrukce venkovsk\u00e9ho domu na Vyso\u010din\u011b\" class=\"wp-image-1121\" \/><\/figure>\n\n\n\n<figure class=\"wp-block-image size-large\"><img decoding=\"async\" data-id=\"1122\" src=\"https:\/\/bydletestylove.cz\/wp-content\/uploads\/2025\/02\/arkhe-dum-vysocina-08-819x1024.jpg\" alt=\"ARKHE Rekonstrukce venkovsk\u00e9ho domu na Vyso\u010din\u011b\" class=\"wp-image-1122\" \/><\/figure>\n<\/figure>\n\n\n\n<div style=\"height:45px\" aria-hidden=\"true\" class=\"wp-block-spacer\"><\/div>\n\n\n\n<p><strong>Zdroj foto:<\/strong> ARKHE<\/p>\n\n\n\n<div style=\"height:45px\" aria-hidden=\"true\" class=\"wp-block-spacer\"><\/div>\n","protected":false},"excerpt":{"rendered":"<p>Studio arkhe p\u0159edstavuje sv\u016fj nov\u00fd projekt \u2013 rekonstrukci tradi\u010dn\u00edho venkovsk\u00e9ho staven\u00ed v modern\u00ed v\u00edkendov\u00fd d\u016fm po\u010detn\u00e9 rodiny. N\u00e1vrh citliv\u011b propojuje historickou architekturu s modern\u00edm designem a funk\u010dn\u00edm vyu\u017eit\u00edm prostoru. Nov\u00e9 dispozi\u010dn\u00ed \u0159e\u0161en\u00ed domu bylo navr\u017eeno s respektem k p\u016fvodn\u00edmu objektu a jeho okol\u00ed. Architekti objekt o\u010distili od nevzhledn\u00fdch p\u0159estaveb a transformovali do dvou forem s [&hellip;]<\/p>\n","protected":false},"author":7,"featured_media":6616,"comment_status":"closed","ping_status":"closed","sticky":false,"template":"","format":"standard","meta":{"_mi_skip_tracking":false,"_monsterinsights_sitenote_active":false,"_monsterinsights_sitenote_note":"","_monsterinsights_sitenote_category":0,"footnotes":""},"categories":[5,2,13],"tags":[],"yoast_head":"<!-- This site is optimized with the Yoast SEO plugin v21.4 - https:\/\/yoast.com\/wordpress\/plugins\/seo\/ -->\n<title>ARKHE Rekonstrukce venkovsk\u00e9ho domu na Vyso\u010din\u011b - LUXURYMAGAZINE.cz<\/title>\n<meta name=\"description\" content=\"Studio arkhe p\u0159edstavuje sv\u016fj nov\u00fd projekt \u2013 rekonstrukci tradi\u010dn\u00edho venkovsk\u00e9ho staven\u00ed v modern\u00ed v\u00edkendov\u00fd d\u016fm po\u010detn\u00e9 rodiny.\" \/>\n<meta name=\"robots\" content=\"index, follow, max-snippet:-1, max-image-preview:large, max-video-preview:-1\" \/>\n<link rel=\"canonical\" href=\"https:\/\/luxurymagazine.cz\/index.php\/2025\/03\/06\/arkhe-rekonstrukce-venkovskeho-domu-na-vysocine\/\" \/>\n<meta property=\"og:locale\" content=\"cs_CZ\" \/>\n<meta property=\"og:type\" content=\"article\" \/>\n<meta property=\"og:title\" content=\"ARKHE Rekonstrukce venkovsk\u00e9ho domu na Vyso\u010din\u011b - LUXURYMAGAZINE.cz\" \/>\n<meta property=\"og:description\" content=\"Studio arkhe p\u0159edstavuje sv\u016fj nov\u00fd projekt \u2013 rekonstrukci tradi\u010dn\u00edho venkovsk\u00e9ho staven\u00ed v modern\u00ed v\u00edkendov\u00fd d\u016fm po\u010detn\u00e9 rodiny.\" \/>\n<meta property=\"og:url\" content=\"https:\/\/luxurymagazine.cz\/index.php\/2025\/03\/06\/arkhe-rekonstrukce-venkovskeho-domu-na-vysocine\/\" \/>\n<meta property=\"og:site_name\" content=\"LUXURYMAGAZINE.cz\" \/>\n<meta property=\"article:published_time\" content=\"2025-03-05T23:01:00+00:00\" \/>\n<meta property=\"article:modified_time\" content=\"2025-05-11T23:03:53+00:00\" \/>\n<meta property=\"og:image\" content=\"https:\/\/luxurymagazine.cz\/wp-content\/uploads\/2025\/02\/arkhe-dum-vysocina-0-scaled.jpg\" \/>\n\t<meta property=\"og:image:width\" content=\"2560\" \/>\n\t<meta property=\"og:image:height\" content=\"1600\" \/>\n\t<meta property=\"og:image:type\" content=\"image\/jpeg\" \/>\n<meta name=\"author\" content=\"Martina Pechov\u00e1\" \/>\n<meta name=\"twitter:card\" content=\"summary_large_image\" \/>\n<meta name=\"twitter:label1\" content=\"Napsal(a)\" \/>\n\t<meta name=\"twitter:data1\" content=\"Martina Pechov\u00e1\" \/>\n\t<meta name=\"twitter:label2\" content=\"Odhadovan\u00e1 doba \u010dten\u00ed\" \/>\n\t<meta name=\"twitter:data2\" content=\"5 minut\" \/>\n<script type=\"application\/ld+json\" class=\"yoast-schema-graph\">{\"@context\":\"https:\/\/schema.org\",\"@graph\":[{\"@type\":\"Article\",\"@id\":\"https:\/\/luxurymagazine.cz\/index.php\/2025\/03\/06\/arkhe-rekonstrukce-venkovskeho-domu-na-vysocine\/#article\",\"isPartOf\":{\"@id\":\"https:\/\/luxurymagazine.cz\/index.php\/2025\/03\/06\/arkhe-rekonstrukce-venkovskeho-domu-na-vysocine\/\"},\"author\":{\"name\":\"Martina Pechov\u00e1\",\"@id\":\"https:\/\/luxurymagazine.cz\/#\/schema\/person\/140b12bad7bce146b1934d9704884767\"},\"headline\":\"ARKHE Rekonstrukce venkovsk\u00e9ho domu na Vyso\u010din\u011b\",\"datePublished\":\"2025-03-05T23:01:00+00:00\",\"dateModified\":\"2025-05-11T23:03:53+00:00\",\"mainEntityOfPage\":{\"@id\":\"https:\/\/luxurymagazine.cz\/index.php\/2025\/03\/06\/arkhe-rekonstrukce-venkovskeho-domu-na-vysocine\/\"},\"wordCount\":480,\"publisher\":{\"@id\":\"https:\/\/luxurymagazine.cz\/#organization\"},\"articleSection\":[\"BYDLEN\u00cd &amp; DESIGN\",\"NEWS\",\"TIPY &amp; TRENDY\"],\"inLanguage\":\"cs\"},{\"@type\":\"WebPage\",\"@id\":\"https:\/\/luxurymagazine.cz\/index.php\/2025\/03\/06\/arkhe-rekonstrukce-venkovskeho-domu-na-vysocine\/\",\"url\":\"https:\/\/luxurymagazine.cz\/index.php\/2025\/03\/06\/arkhe-rekonstrukce-venkovskeho-domu-na-vysocine\/\",\"name\":\"ARKHE Rekonstrukce venkovsk\u00e9ho domu na Vyso\u010din\u011b - LUXURYMAGAZINE.cz\",\"isPartOf\":{\"@id\":\"https:\/\/luxurymagazine.cz\/#website\"},\"datePublished\":\"2025-03-05T23:01:00+00:00\",\"dateModified\":\"2025-05-11T23:03:53+00:00\",\"description\":\"Studio arkhe p\u0159edstavuje sv\u016fj nov\u00fd projekt \u2013 rekonstrukci tradi\u010dn\u00edho venkovsk\u00e9ho staven\u00ed v modern\u00ed v\u00edkendov\u00fd d\u016fm po\u010detn\u00e9 rodiny.\",\"breadcrumb\":{\"@id\":\"https:\/\/luxurymagazine.cz\/index.php\/2025\/03\/06\/arkhe-rekonstrukce-venkovskeho-domu-na-vysocine\/#breadcrumb\"},\"inLanguage\":\"cs\",\"potentialAction\":[{\"@type\":\"ReadAction\",\"target\":[\"https:\/\/luxurymagazine.cz\/index.php\/2025\/03\/06\/arkhe-rekonstrukce-venkovskeho-domu-na-vysocine\/\"]}]},{\"@type\":\"BreadcrumbList\",\"@id\":\"https:\/\/luxurymagazine.cz\/index.php\/2025\/03\/06\/arkhe-rekonstrukce-venkovskeho-domu-na-vysocine\/#breadcrumb\",\"itemListElement\":[{\"@type\":\"ListItem\",\"position\":1,\"name\":\"Dom\u016f\",\"item\":\"https:\/\/luxurymagazine.cz\/\"},{\"@type\":\"ListItem\",\"position\":2,\"name\":\"ARKHE Rekonstrukce venkovsk\u00e9ho domu na Vyso\u010din\u011b\"}]},{\"@type\":\"WebSite\",\"@id\":\"https:\/\/luxurymagazine.cz\/#website\",\"url\":\"https:\/\/luxurymagazine.cz\/\",\"name\":\"LUXURYMAGAZINE.cz\",\"description\":\"Port\u00e1l v\u00fdhradn\u011b o luxusu...\",\"publisher\":{\"@id\":\"https:\/\/luxurymagazine.cz\/#organization\"},\"potentialAction\":[{\"@type\":\"SearchAction\",\"target\":{\"@type\":\"EntryPoint\",\"urlTemplate\":\"https:\/\/luxurymagazine.cz\/?s={search_term_string}\"},\"query-input\":\"required name=search_term_string\"}],\"inLanguage\":\"cs\"},{\"@type\":\"Organization\",\"@id\":\"https:\/\/luxurymagazine.cz\/#organization\",\"name\":\"LUXURYMAGAZINE.cz\",\"url\":\"https:\/\/luxurymagazine.cz\/\",\"logo\":{\"@type\":\"ImageObject\",\"inLanguage\":\"cs\",\"@id\":\"https:\/\/luxurymagazine.cz\/#\/schema\/logo\/image\/\",\"url\":\"https:\/\/luxurymagazine.cz\/wp-content\/uploads\/2024\/12\/cropped-Logo_LuxuryMagazine-1.jpg\",\"contentUrl\":\"https:\/\/luxurymagazine.cz\/wp-content\/uploads\/2024\/12\/cropped-Logo_LuxuryMagazine-1.jpg\",\"width\":934,\"height\":509,\"caption\":\"LUXURYMAGAZINE.cz\"},\"image\":{\"@id\":\"https:\/\/luxurymagazine.cz\/#\/schema\/logo\/image\/\"}},{\"@type\":\"Person\",\"@id\":\"https:\/\/luxurymagazine.cz\/#\/schema\/person\/140b12bad7bce146b1934d9704884767\",\"name\":\"Martina Pechov\u00e1\",\"image\":{\"@type\":\"ImageObject\",\"inLanguage\":\"cs\",\"@id\":\"https:\/\/luxurymagazine.cz\/#\/schema\/person\/image\/\",\"url\":\"https:\/\/secure.gravatar.com\/avatar\/f0b7849f9f82bc20952396010e3c9adb?s=96&d=mm&r=g\",\"contentUrl\":\"https:\/\/secure.gravatar.com\/avatar\/f0b7849f9f82bc20952396010e3c9adb?s=96&d=mm&r=g\",\"caption\":\"Martina Pechov\u00e1\"},\"sameAs\":[\"http:\/\/LUXURYMAGAZINE.cz\"],\"url\":\"https:\/\/luxurymagazine.cz\/index.php\/author\/marpech\/\"}]}<\/script>\n<!-- \/ Yoast SEO plugin. -->","yoast_head_json":{"title":"ARKHE Rekonstrukce venkovsk\u00e9ho domu na Vyso\u010din\u011b - LUXURYMAGAZINE.cz","description":"Studio arkhe p\u0159edstavuje sv\u016fj nov\u00fd projekt \u2013 rekonstrukci tradi\u010dn\u00edho venkovsk\u00e9ho staven\u00ed v modern\u00ed v\u00edkendov\u00fd d\u016fm po\u010detn\u00e9 rodiny.","robots":{"index":"index","follow":"follow","max-snippet":"max-snippet:-1","max-image-preview":"max-image-preview:large","max-video-preview":"max-video-preview:-1"},"canonical":"https:\/\/luxurymagazine.cz\/index.php\/2025\/03\/06\/arkhe-rekonstrukce-venkovskeho-domu-na-vysocine\/","og_locale":"cs_CZ","og_type":"article","og_title":"ARKHE Rekonstrukce venkovsk\u00e9ho domu na Vyso\u010din\u011b - LUXURYMAGAZINE.cz","og_description":"Studio arkhe p\u0159edstavuje sv\u016fj nov\u00fd projekt \u2013 rekonstrukci tradi\u010dn\u00edho venkovsk\u00e9ho staven\u00ed v modern\u00ed v\u00edkendov\u00fd d\u016fm po\u010detn\u00e9 rodiny.","og_url":"https:\/\/luxurymagazine.cz\/index.php\/2025\/03\/06\/arkhe-rekonstrukce-venkovskeho-domu-na-vysocine\/","og_site_name":"LUXURYMAGAZINE.cz","article_published_time":"2025-03-05T23:01:00+00:00","article_modified_time":"2025-05-11T23:03:53+00:00","og_image":[{"width":2560,"height":1600,"url":"https:\/\/luxurymagazine.cz\/wp-content\/uploads\/2025\/02\/arkhe-dum-vysocina-0-scaled.jpg","type":"image\/jpeg"}],"author":"Martina Pechov\u00e1","twitter_card":"summary_large_image","twitter_misc":{"Napsal(a)":"Martina Pechov\u00e1","Odhadovan\u00e1 doba \u010dten\u00ed":"5 minut"},"schema":{"@context":"https:\/\/schema.org","@graph":[{"@type":"Article","@id":"https:\/\/luxurymagazine.cz\/index.php\/2025\/03\/06\/arkhe-rekonstrukce-venkovskeho-domu-na-vysocine\/#article","isPartOf":{"@id":"https:\/\/luxurymagazine.cz\/index.php\/2025\/03\/06\/arkhe-rekonstrukce-venkovskeho-domu-na-vysocine\/"},"author":{"name":"Martina Pechov\u00e1","@id":"https:\/\/luxurymagazine.cz\/#\/schema\/person\/140b12bad7bce146b1934d9704884767"},"headline":"ARKHE Rekonstrukce venkovsk\u00e9ho domu na Vyso\u010din\u011b","datePublished":"2025-03-05T23:01:00+00:00","dateModified":"2025-05-11T23:03:53+00:00","mainEntityOfPage":{"@id":"https:\/\/luxurymagazine.cz\/index.php\/2025\/03\/06\/arkhe-rekonstrukce-venkovskeho-domu-na-vysocine\/"},"wordCount":480,"publisher":{"@id":"https:\/\/luxurymagazine.cz\/#organization"},"articleSection":["BYDLEN\u00cd &amp; DESIGN","NEWS","TIPY &amp; TRENDY"],"inLanguage":"cs"},{"@type":"WebPage","@id":"https:\/\/luxurymagazine.cz\/index.php\/2025\/03\/06\/arkhe-rekonstrukce-venkovskeho-domu-na-vysocine\/","url":"https:\/\/luxurymagazine.cz\/index.php\/2025\/03\/06\/arkhe-rekonstrukce-venkovskeho-domu-na-vysocine\/","name":"ARKHE Rekonstrukce venkovsk\u00e9ho domu na Vyso\u010din\u011b - LUXURYMAGAZINE.cz","isPartOf":{"@id":"https:\/\/luxurymagazine.cz\/#website"},"datePublished":"2025-03-05T23:01:00+00:00","dateModified":"2025-05-11T23:03:53+00:00","description":"Studio arkhe p\u0159edstavuje sv\u016fj nov\u00fd projekt \u2013 rekonstrukci tradi\u010dn\u00edho venkovsk\u00e9ho staven\u00ed v modern\u00ed v\u00edkendov\u00fd d\u016fm po\u010detn\u00e9 rodiny.","breadcrumb":{"@id":"https:\/\/luxurymagazine.cz\/index.php\/2025\/03\/06\/arkhe-rekonstrukce-venkovskeho-domu-na-vysocine\/#breadcrumb"},"inLanguage":"cs","potentialAction":[{"@type":"ReadAction","target":["https:\/\/luxurymagazine.cz\/index.php\/2025\/03\/06\/arkhe-rekonstrukce-venkovskeho-domu-na-vysocine\/"]}]},{"@type":"BreadcrumbList","@id":"https:\/\/luxurymagazine.cz\/index.php\/2025\/03\/06\/arkhe-rekonstrukce-venkovskeho-domu-na-vysocine\/#breadcrumb","itemListElement":[{"@type":"ListItem","position":1,"name":"Dom\u016f","item":"https:\/\/luxurymagazine.cz\/"},{"@type":"ListItem","position":2,"name":"ARKHE Rekonstrukce venkovsk\u00e9ho domu na Vyso\u010din\u011b"}]},{"@type":"WebSite","@id":"https:\/\/luxurymagazine.cz\/#website","url":"https:\/\/luxurymagazine.cz\/","name":"LUXURYMAGAZINE.cz","description":"Port\u00e1l v\u00fdhradn\u011b o luxusu...","publisher":{"@id":"https:\/\/luxurymagazine.cz\/#organization"},"potentialAction":[{"@type":"SearchAction","target":{"@type":"EntryPoint","urlTemplate":"https:\/\/luxurymagazine.cz\/?s={search_term_string}"},"query-input":"required name=search_term_string"}],"inLanguage":"cs"},{"@type":"Organization","@id":"https:\/\/luxurymagazine.cz\/#organization","name":"LUXURYMAGAZINE.cz","url":"https:\/\/luxurymagazine.cz\/","logo":{"@type":"ImageObject","inLanguage":"cs","@id":"https:\/\/luxurymagazine.cz\/#\/schema\/logo\/image\/","url":"https:\/\/luxurymagazine.cz\/wp-content\/uploads\/2024\/12\/cropped-Logo_LuxuryMagazine-1.jpg","contentUrl":"https:\/\/luxurymagazine.cz\/wp-content\/uploads\/2024\/12\/cropped-Logo_LuxuryMagazine-1.jpg","width":934,"height":509,"caption":"LUXURYMAGAZINE.cz"},"image":{"@id":"https:\/\/luxurymagazine.cz\/#\/schema\/logo\/image\/"}},{"@type":"Person","@id":"https:\/\/luxurymagazine.cz\/#\/schema\/person\/140b12bad7bce146b1934d9704884767","name":"Martina Pechov\u00e1","image":{"@type":"ImageObject","inLanguage":"cs","@id":"https:\/\/luxurymagazine.cz\/#\/schema\/person\/image\/","url":"https:\/\/secure.gravatar.com\/avatar\/f0b7849f9f82bc20952396010e3c9adb?s=96&d=mm&r=g","contentUrl":"https:\/\/secure.gravatar.com\/avatar\/f0b7849f9f82bc20952396010e3c9adb?s=96&d=mm&r=g","caption":"Martina Pechov\u00e1"},"sameAs":["http:\/\/LUXURYMAGAZINE.cz"],"url":"https:\/\/luxurymagazine.cz\/index.php\/author\/marpech\/"}]}},"_links":{"self":[{"href":"https:\/\/luxurymagazine.cz\/index.php\/wp-json\/wp\/v2\/posts\/6615"}],"collection":[{"href":"https:\/\/luxurymagazine.cz\/index.php\/wp-json\/wp\/v2\/posts"}],"about":[{"href":"https:\/\/luxurymagazine.cz\/index.php\/wp-json\/wp\/v2\/types\/post"}],"author":[{"embeddable":true,"href":"https:\/\/luxurymagazine.cz\/index.php\/wp-json\/wp\/v2\/users\/7"}],"replies":[{"embeddable":true,"href":"https:\/\/luxurymagazine.cz\/index.php\/wp-json\/wp\/v2\/comments?post=6615"}],"version-history":[{"count":-3,"href":"https:\/\/luxurymagazine.cz\/index.php\/wp-json\/wp\/v2\/posts\/6615\/revisions"}],"wp:featuredmedia":[{"embeddable":true,"href":"https:\/\/luxurymagazine.cz\/index.php\/wp-json\/wp\/v2\/media\/6616"}],"wp:attachment":[{"href":"https:\/\/luxurymagazine.cz\/index.php\/wp-json\/wp\/v2\/media?parent=6615"}],"wp:term":[{"taxonomy":"category","embeddable":true,"href":"https:\/\/luxurymagazine.cz\/index.php\/wp-json\/wp\/v2\/categories?post=6615"},{"taxonomy":"post_tag","embeddable":true,"href":"https:\/\/luxurymagazine.cz\/index.php\/wp-json\/wp\/v2\/tags?post=6615"}],"curies":[{"name":"wp","href":"https:\/\/api.w.org\/{rel}","templated":true}]}}