{"id":6937,"date":"2025-06-13T00:01:00","date_gmt":"2025-06-12T22:01:00","guid":{"rendered":"https:\/\/luxurymagazine.cz\/?p=6937"},"modified":"2025-09-04T00:58:53","modified_gmt":"2025-09-03T22:58:53","slug":"cartier-nova-kolekce-vysokeho-sperkarstvi-en-equilibre","status":"publish","type":"post","link":"https:\/\/luxurymagazine.cz\/index.php\/2025\/06\/13\/cartier-nova-kolekce-vysokeho-sperkarstvi-en-equilibre\/","title":{"rendered":"Cartier: Nov\u00e1 kolekce vysok\u00e9ho \u0161perka\u0159stv\u00ed En Equilibre"},"content":{"rendered":"\n<div style=\"height:35px\" aria-hidden=\"true\" class=\"wp-block-spacer\"><\/div>\n\n\n\n<p class=\"has-medium-font-size\"><strong>Francouzsk\u00fd \u0161perka\u0159sk\u00fd d\u016fm Cartier uvedl svou nejnov\u011bj\u0161\u00ed kolekci vysok\u00e9ho \u0161perka\u0159stv\u00ed En&nbsp;\u00c9quilibre b\u011bhem slavnostn\u00edho ve\u010dera ve Stockholmu. V\u00fdjime\u010dn\u00e1 ud\u00e1lost se odehr\u00e1la v&nbsp;galerii Artipelag, zasazen\u00e9 do inspirativn\u00ed scen\u00e9rie stockholmsk\u00e9ho souostrov\u00ed.<\/strong><\/p>\n\n\n\n<div style=\"height:35px\" aria-hidden=\"true\" class=\"wp-block-spacer\"><\/div>\n\n\n<div class=\"wp-block-image\">\n<figure class=\"aligncenter size-large\"><img decoding=\"async\" src=\"https:\/\/prazskaparizska.cz\/wp-content\/uploads\/2025\/06\/Cartier-_Vanessa-Tryde-03_RVB-1024x683.jpeg\" alt=\"Cartier p\u0159edstavil ve Stockholmu kolekci vysok\u00e9ho \u0161perka\u0159stv\u00ed En Equilibre\" class=\"wp-image-3751\" \/><\/figure><\/div>\n\n\n<div style=\"height:35px\" aria-hidden=\"true\" class=\"wp-block-spacer\"><\/div>\n\n\n\n<p class=\"has-medium-font-size\">N\u00e1zev kolekce En \u00c9quilibre, z francouzsk\u00e9ho \u201ev rovnov\u00e1ze\u201c, odkazuje na jemnou dynamiku mezi klidem a energi\u00ed, lehkost\u00ed a silou, kter\u00e1 prostupuje jak jednotliv\u00fdmi \u0161perky, tak celkov\u00fdm kreativn\u00edm z\u00e1m\u011brem. Od \u010distoty lini\u00ed po v\u00fdrazn\u00e9 objemy, od promy\u0161len\u00e9 pr\u00e1ce s barvou po prostor mezi pln\u00fdm a pr\u00e1zdn\u00fdm. Ka\u017ed\u00fd detail je vyj\u00e1d\u0159en\u00edm dokonal\u00e9ho souzn\u011bn\u00ed. <\/p>\n\n\n\n<div style=\"height:35px\" aria-hidden=\"true\" class=\"wp-block-spacer\"><\/div>\n\n\n\n<figure class=\"wp-block-gallery has-nested-images columns-default is-cropped wp-block-gallery-1 is-layout-flex wp-block-gallery-is-layout-flex\">\n<figure class=\"wp-block-image size-large\"><img decoding=\"async\" data-id=\"3741\" src=\"https:\/\/prazskaparizska.cz\/wp-content\/uploads\/2025\/06\/Cartier_HJ_Stockholm_Exhibition_IV-768x1024.jpeg\" alt=\"Cartier p\u0159edstavil ve Stockholmu kolekci vysok\u00e9ho \u0161perka\u0159stv\u00ed En Equilibre\" class=\"wp-image-3741\" \/><\/figure>\n\n\n\n<figure class=\"wp-block-image size-large\"><img decoding=\"async\" data-id=\"3749\" src=\"https:\/\/prazskaparizska.cz\/wp-content\/uploads\/2025\/06\/Cartier_HJ_Stockholm_Exhibition_I-1024x819.jpeg\" alt=\"Cartier p\u0159edstavil ve Stockholmu kolekci vysok\u00e9ho \u0161perka\u0159stv\u00ed En Equilibre\" class=\"wp-image-3749\" \/><\/figure>\n<\/figure>\n\n\n\n<div style=\"height:35px\" aria-hidden=\"true\" class=\"wp-block-spacer\"><\/div>\n\n\n\n<p class=\"has-medium-font-size\">V t\u00e9to kolekci jedine\u010dn\u00fdch \u0161perk\u016f m\u00e1 v\u0161e sv\u00e9 pevn\u00e9 m\u00edsto \u2013 nic nep\u0159eb\u00fdv\u00e1, nic nechyb\u00ed. Minimalismus se zde p\u0159irozen\u011b st\u0159\u00edd\u00e1 s opulentnost\u00ed, jemnost s intenzitou, pravidelnost s odchylkou. Prvky, kter\u00e9 by jinde mohly p\u016fsobit disharmonicky, zde spoluvytv\u00e1\u0159ej\u00ed jednotn\u00fd, ucelen\u00fd v\u00fdraz.<\/p>\n\n\n\n<div style=\"height:35px\" aria-hidden=\"true\" class=\"wp-block-spacer\"><\/div>\n\n\n<div class=\"wp-block-image is-resized\">\n<figure class=\"aligncenter size-large\"><img decoding=\"async\" src=\"https:\/\/prazskaparizska.cz\/wp-content\/uploads\/2025\/06\/Cartier_HJ_Stockholm_Exhibition_III-819x1024.jpeg\" alt=\"Cartier p\u0159edstavil ve Stockholmu kolekci vysok\u00e9ho \u0161perka\u0159stv\u00ed En Equilibre\" class=\"wp-image-3747\" style=\"aspect-ratio:0.7998046875\" \/><\/figure><\/div>\n\n\n<div style=\"height:35px\" aria-hidden=\"true\" class=\"wp-block-spacer\"><\/div>\n\n\n\n<p class=\"has-medium-font-size\">Pr\u00e1v\u011b princip rovnov\u00e1hy vedl k v\u00fdb\u011bru Stockholmu jako m\u00edsta pro p\u0159edstaven\u00ed nov\u00e9 kolekce. M\u011bsto designu a kreativity v sob\u011b snoub\u00ed vyt\u0159\u00edben\u00fd soulad mezi m\u011bstsk\u00fdm \u017eivotem a p\u0159\u00edrodou, mezi inovac\u00ed a tradic\u00ed. V\u0161emu zde v\u00e9vod\u00ed smysl pro minimalismus a vyv\u00e1\u017eenost, zn\u00e1m\u00fd jako <em>lagom<\/em> \u2013 ne p\u0159\u00edli\u0161 mnoho, ne p\u0159\u00edli\u0161 m\u00e1lo.<\/p>\n\n\n\n<div style=\"height:35px\" aria-hidden=\"true\" class=\"wp-block-spacer\"><\/div>\n\n\n<div class=\"wp-block-image\">\n<figure class=\"aligncenter size-large\"><img decoding=\"async\" src=\"https:\/\/prazskaparizska.cz\/wp-content\/uploads\/2025\/06\/Cartier_HJ_Stockholm_Exhibition_II-1024x768.jpeg\" alt=\"Cartier p\u0159edstavil ve Stockholmu kolekci vysok\u00e9ho \u0161perka\u0159stv\u00ed En Equilibre\" class=\"wp-image-3746\" \/><\/figure><\/div>\n\n\n<div style=\"height:35px\" aria-hidden=\"true\" class=\"wp-block-spacer\"><\/div>\n\n\n\n<p class=\"has-medium-font-size\">Slavnostn\u00ed uveden\u00ed ve Stockholmu odstartovala v\u00fdstava kolekce v historick\u00e9 budov\u011b Nacka Strandm\u00e4ssan, kter\u00e1 propojuje \u010dist\u00fd industri\u00e1ln\u00ed design s kr\u00e1sou p\u0159\u00edrody a otev\u0159en\u00fdm nebem. Host\u00e9 zde m\u011bli jedine\u010dnou mo\u017enost nahl\u00e9dnout pod ruce mistr\u016fm \u0161perka\u0159sk\u00e9ho \u0159emesla, kte\u0159\u00ed p\u0159\u00edmo na m\u00edst\u011b p\u0159edv\u00e1d\u011bli savoir-faire stoj\u00edc\u00ed za vznikem n\u00e1hrdeln\u00edku Panthere Dentel\u00e9e. <\/p>\n\n\n\n<div style=\"height:35px\" aria-hidden=\"true\" class=\"wp-block-spacer\"><\/div>\n\n\n\n<figure class=\"wp-block-gallery has-nested-images columns-default is-cropped wp-block-gallery-3 is-layout-flex wp-block-gallery-is-layout-flex\">\n<figure class=\"wp-block-image size-large\"><img decoding=\"async\" data-id=\"3742\" src=\"https:\/\/prazskaparizska.cz\/wp-content\/uploads\/2025\/06\/Zoe_Saldana_0374_RVB-819x1024.jpeg\" alt=\"Cartier p\u0159edstavil ve Stockholmu kolekci vysok\u00e9ho \u0161perka\u0159stv\u00ed En Equilibre\" class=\"wp-image-3742\" \/><\/figure>\n\n\n\n<figure class=\"wp-block-image size-large\"><img decoding=\"async\" data-id=\"3743\" src=\"https:\/\/prazskaparizska.cz\/wp-content\/uploads\/2025\/06\/Deepika_Padukone_0195_RVB-819x1024.jpeg\" alt=\"Cartier p\u0159edstavil ve Stockholmu kolekci vysok\u00e9ho \u0161perka\u0159stv\u00ed En Equilibre\" class=\"wp-image-3743\" \/><\/figure>\n<\/figure>\n\n\n\n<div style=\"height:35px\" aria-hidden=\"true\" class=\"wp-block-spacer\"><\/div>\n\n\n\n<p class=\"has-medium-font-size\">Ve\u010der n\u00e1sledn\u011b pokra\u010doval v Artipelagu \u2013 jedine\u010dn\u00e9m muzeu um\u011bn\u00ed zasazen\u00e9m do p\u0159\u00edrody, kde se harmonicky snoub\u00ed architektura s okoln\u00ed krajinou. Host\u00e9 na m\u00edsto dorazili lod\u00ed v doprovodu ambasadorek Deepiky Padukone a Anny Sawai, stejn\u011b jako p\u0159\u00e1tel domu Cartier, here\u010dky Zoe Saldany a herce Alexandera Skarsgarda. <\/p>\n\n\n\n<div style=\"height:35px\" aria-hidden=\"true\" class=\"wp-block-spacer\"><\/div>\n\n\n<div class=\"wp-block-image\">\n<figure class=\"aligncenter size-large\"><img decoding=\"async\" src=\"https:\/\/prazskaparizska.cz\/wp-content\/uploads\/2025\/06\/Cartier-_Vanessa-Tryde-058_RVB-1024x683.jpeg\" alt=\"Cartier p\u0159edstavil ve Stockholmu kolekci vysok\u00e9ho \u0161perka\u0159stv\u00ed En Equilibre\" class=\"wp-image-3745\" \/><\/figure><\/div>\n\n\n<div style=\"height:35px\" aria-hidden=\"true\" class=\"wp-block-spacer\"><\/div>\n\n\n\n<p class=\"has-medium-font-size\">\u0160perky vysok\u00e9ho \u0161perka\u0159stv\u00ed byly p\u0159edstaveny formou \u017eiv\u00fdch obraz\u016f (tableaux vivants), kdy modelky od\u011bn\u00e9 do kolekce Pret-a-Porter n\u00e1vrh\u00e1\u0159e Giambattisty Valliho lemovaly cestu host\u016f ke slavnostn\u00ed galave\u010de\u0159i. Atmosf\u00e9ru ve\u010dera n\u00e1sledn\u011b umocnilo vystoupen\u00ed kanadsk\u00e9 rockov\u00e9 kapely The Beaches a DJ set Doriona Fiszela.<\/p>\n\n\n\n<div style=\"height:35px\" aria-hidden=\"true\" class=\"wp-block-spacer\"><\/div>\n\n\n<div class=\"wp-block-image\">\n<figure class=\"aligncenter size-large\"><img decoding=\"async\" src=\"https:\/\/prazskaparizska.cz\/wp-content\/uploads\/2025\/06\/Cartier_HJ_Stockholm_I-1024x683.jpeg\" alt=\"Cartier p\u0159edstavil ve Stockholmu kolekci vysok\u00e9ho \u0161perka\u0159stv\u00ed En Equilibre\" class=\"wp-image-3752\" \/><\/figure><\/div>\n\n\n<div style=\"height:35px\" aria-hidden=\"true\" class=\"wp-block-spacer\"><\/div>\n\n\n\n<p class=\"has-medium-font-size\"><strong>Butik Cartier, Pa\u0159\u00ed\u017esk\u00e1 2, Praha 1<br><\/strong><a href=\"http:\/\/www.cartier.com\/\">www.cartier.com<\/a><\/p>\n\n\n\n<div style=\"height:100px\" aria-hidden=\"true\" class=\"wp-block-spacer\"><\/div>\n\n\n\n<figure class=\"wp-block-gallery has-nested-images columns-2 is-cropped wp-block-gallery-5 is-layout-flex wp-block-gallery-is-layout-flex\">\n<figure class=\"wp-block-image size-large\"><img decoding=\"async\" data-id=\"3751\" src=\"https:\/\/prazskaparizska.cz\/wp-content\/uploads\/2025\/06\/Cartier-_Vanessa-Tryde-03_RVB-1024x683.jpeg\" alt=\"Cartier p\u0159edstavil ve Stockholmu kolekci vysok\u00e9ho \u0161perka\u0159stv\u00ed En Equilibre\" class=\"wp-image-3751\" \/><\/figure>\n\n\n\n<figure class=\"wp-block-image size-large\"><img decoding=\"async\" data-id=\"3750\" src=\"https:\/\/prazskaparizska.cz\/wp-content\/uploads\/2025\/06\/Cartier-_Vanessa-Tryde-21_RVB-1024x683.jpeg\" alt=\"Cartier p\u0159edstavil ve Stockholmu kolekci vysok\u00e9ho \u0161perka\u0159stv\u00ed En Equilibre\" class=\"wp-image-3750\" \/><\/figure>\n\n\n\n<figure class=\"wp-block-image size-large\"><img decoding=\"async\" data-id=\"3740\" src=\"https:\/\/prazskaparizska.cz\/wp-content\/uploads\/2025\/06\/Alexander_Skarsgard_0383_RVB-819x1024.jpeg\" alt=\"Cartier p\u0159edstavil ve Stockholmu kolekci vysok\u00e9ho \u0161perka\u0159stv\u00ed En Equilibre\" class=\"wp-image-3740\" \/><\/figure>\n\n\n\n<figure class=\"wp-block-image size-large\"><img decoding=\"async\" data-id=\"3745\" src=\"https:\/\/prazskaparizska.cz\/wp-content\/uploads\/2025\/06\/Cartier-_Vanessa-Tryde-058_RVB-1024x683.jpeg\" alt=\"Cartier p\u0159edstavil ve Stockholmu kolekci vysok\u00e9ho \u0161perka\u0159stv\u00ed En Equilibre\" class=\"wp-image-3745\" \/><\/figure>\n\n\n\n<figure class=\"wp-block-image size-large\"><img decoding=\"async\" data-id=\"3748\" src=\"https:\/\/prazskaparizska.cz\/wp-content\/uploads\/2025\/06\/Cartier-_Vanessa-Tryde-066_RVB-682x1024.jpeg\" alt=\"Cartier p\u0159edstavil ve Stockholmu kolekci vysok\u00e9ho \u0161perka\u0159stv\u00ed En Equilibre\" class=\"wp-image-3748\" \/><\/figure>\n\n\n\n<figure class=\"wp-block-image size-large\"><img decoding=\"async\" data-id=\"3752\" src=\"https:\/\/prazskaparizska.cz\/wp-content\/uploads\/2025\/06\/Cartier_HJ_Stockholm_I-1024x683.jpeg\" alt=\"Cartier p\u0159edstavil ve Stockholmu kolekci vysok\u00e9ho \u0161perka\u0159stv\u00ed En Equilibre\" class=\"wp-image-3752\" \/><\/figure>\n\n\n\n<figure class=\"wp-block-image size-large\"><img decoding=\"async\" data-id=\"3746\" src=\"https:\/\/prazskaparizska.cz\/wp-content\/uploads\/2025\/06\/Cartier_HJ_Stockholm_Exhibition_II-1024x768.jpeg\" alt=\"Cartier p\u0159edstavil ve Stockholmu kolekci vysok\u00e9ho \u0161perka\u0159stv\u00ed En Equilibre\" class=\"wp-image-3746\" \/><\/figure>\n\n\n\n<figure class=\"wp-block-image size-large\"><img decoding=\"async\" data-id=\"3747\" src=\"https:\/\/prazskaparizska.cz\/wp-content\/uploads\/2025\/06\/Cartier_HJ_Stockholm_Exhibition_III-819x1024.jpeg\" alt=\"Cartier p\u0159edstavil ve Stockholmu kolekci vysok\u00e9ho \u0161perka\u0159stv\u00ed En Equilibre\" class=\"wp-image-3747\" \/><\/figure>\n\n\n\n<figure class=\"wp-block-image size-large\"><img decoding=\"async\" data-id=\"3749\" src=\"https:\/\/prazskaparizska.cz\/wp-content\/uploads\/2025\/06\/Cartier_HJ_Stockholm_Exhibition_I-1024x819.jpeg\" alt=\"Cartier p\u0159edstavil ve Stockholmu kolekci vysok\u00e9ho \u0161perka\u0159stv\u00ed En Equilibre\" class=\"wp-image-3749\" \/><\/figure>\n\n\n\n<figure class=\"wp-block-image size-large\"><img decoding=\"async\" data-id=\"3741\" src=\"https:\/\/prazskaparizska.cz\/wp-content\/uploads\/2025\/06\/Cartier_HJ_Stockholm_Exhibition_IV-768x1024.jpeg\" alt=\"Cartier p\u0159edstavil ve Stockholmu kolekci vysok\u00e9ho \u0161perka\u0159stv\u00ed En Equilibre\" class=\"wp-image-3741\" \/><\/figure>\n\n\n\n<figure class=\"wp-block-image size-large\"><img decoding=\"async\" data-id=\"3743\" src=\"https:\/\/prazskaparizska.cz\/wp-content\/uploads\/2025\/06\/Deepika_Padukone_0195_RVB-819x1024.jpeg\" alt=\"Cartier p\u0159edstavil ve Stockholmu kolekci vysok\u00e9ho \u0161perka\u0159stv\u00ed En Equilibre\" class=\"wp-image-3743\" \/><\/figure>\n\n\n\n<figure class=\"wp-block-image size-large\"><img decoding=\"async\" data-id=\"3742\" src=\"https:\/\/prazskaparizska.cz\/wp-content\/uploads\/2025\/06\/Zoe_Saldana_0374_RVB-819x1024.jpeg\" alt=\"Cartier p\u0159edstavil ve Stockholmu kolekci vysok\u00e9ho \u0161perka\u0159stv\u00ed En Equilibre\" class=\"wp-image-3742\" \/><\/figure>\n<\/figure>\n\n\n\n<div style=\"height:35px\" aria-hidden=\"true\" class=\"wp-block-spacer\"><\/div>\n\n\n\n<p><strong>Zdoj foto:<\/strong> CARTIER<\/p>\n\n\n\n<div style=\"height:65px\" aria-hidden=\"true\" class=\"wp-block-spacer\"><\/div>\n","protected":false},"excerpt":{"rendered":"<p>Francouzsk\u00fd \u0161perka\u0159sk\u00fd d\u016fm Cartier uvedl svou nejnov\u011bj\u0161\u00ed kolekci vysok\u00e9ho \u0161perka\u0159stv\u00ed En&nbsp;\u00c9quilibre b\u011bhem slavnostn\u00edho ve\u010dera ve Stockholmu. V\u00fdjime\u010dn\u00e1 ud\u00e1lost se odehr\u00e1la v&nbsp;galerii Artipelag, zasazen\u00e9 do inspirativn\u00ed scen\u00e9rie stockholmsk\u00e9ho souostrov\u00ed. N\u00e1zev kolekce En \u00c9quilibre, z francouzsk\u00e9ho \u201ev rovnov\u00e1ze\u201c, odkazuje na jemnou dynamiku mezi klidem a energi\u00ed, lehkost\u00ed a silou, kter\u00e1 prostupuje jak jednotliv\u00fdmi \u0161perky, tak celkov\u00fdm kreativn\u00edm [&hellip;]<\/p>\n","protected":false},"author":9,"featured_media":6938,"comment_status":"closed","ping_status":"closed","sticky":false,"template":"","format":"standard","meta":{"_mi_skip_tracking":false,"_monsterinsights_sitenote_active":false,"_monsterinsights_sitenote_note":"","_monsterinsights_sitenote_category":0,"footnotes":""},"categories":[2,4],"tags":[],"yoast_head":"<!-- This site is optimized with the Yoast SEO plugin v21.4 - https:\/\/yoast.com\/wordpress\/plugins\/seo\/ -->\n<title>Cartier: Nov\u00e1 kolekce vysok\u00e9ho \u0161perka\u0159stv\u00ed En Equilibre - LUXURYMAGAZINE.cz<\/title>\n<meta name=\"description\" content=\"Francouzsk\u00fd \u0161perka\u0159sk\u00fd d\u016fm Cartier uvedl svou nejnov\u011bj\u0161\u00ed kolekci vysok\u00e9ho \u0161perka\u0159stv\u00ed En\u00a0\u00c9quilibre b\u011bhem slavnostn\u00edho ve\u010dera ve Stockholmu.\" \/>\n<meta name=\"robots\" content=\"index, follow, max-snippet:-1, max-image-preview:large, max-video-preview:-1\" \/>\n<link rel=\"canonical\" href=\"https:\/\/luxurymagazine.cz\/index.php\/2025\/06\/13\/cartier-nova-kolekce-vysokeho-sperkarstvi-en-equilibre\/\" \/>\n<meta property=\"og:locale\" content=\"cs_CZ\" \/>\n<meta property=\"og:type\" content=\"article\" \/>\n<meta property=\"og:title\" content=\"Cartier: Nov\u00e1 kolekce vysok\u00e9ho \u0161perka\u0159stv\u00ed En Equilibre - LUXURYMAGAZINE.cz\" \/>\n<meta property=\"og:description\" content=\"Francouzsk\u00fd \u0161perka\u0159sk\u00fd d\u016fm Cartier uvedl svou nejnov\u011bj\u0161\u00ed kolekci vysok\u00e9ho \u0161perka\u0159stv\u00ed En\u00a0\u00c9quilibre b\u011bhem slavnostn\u00edho ve\u010dera ve Stockholmu.\" \/>\n<meta property=\"og:url\" content=\"https:\/\/luxurymagazine.cz\/index.php\/2025\/06\/13\/cartier-nova-kolekce-vysokeho-sperkarstvi-en-equilibre\/\" \/>\n<meta property=\"og:site_name\" content=\"LUXURYMAGAZINE.cz\" \/>\n<meta property=\"article:published_time\" content=\"2025-06-12T22:01:00+00:00\" \/>\n<meta property=\"article:modified_time\" content=\"2025-09-03T22:58:53+00:00\" \/>\n<meta property=\"og:image\" content=\"https:\/\/luxurymagazine.cz\/wp-content\/uploads\/2025\/06\/Cartier_HJ_Stockholm_Exhibition_II.jpeg\" \/>\n\t<meta property=\"og:image:width\" content=\"1450\" \/>\n\t<meta property=\"og:image:height\" content=\"1087\" \/>\n\t<meta property=\"og:image:type\" content=\"image\/jpeg\" \/>\n<meta name=\"author\" content=\"Helen Guardian\" \/>\n<meta name=\"twitter:card\" content=\"summary_large_image\" \/>\n<meta name=\"twitter:label1\" content=\"Napsal(a)\" \/>\n\t<meta name=\"twitter:data1\" content=\"Helen Guardian\" \/>\n\t<meta name=\"twitter:label2\" content=\"Odhadovan\u00e1 doba \u010dten\u00ed\" \/>\n\t<meta name=\"twitter:data2\" content=\"6 minut\" \/>\n<script type=\"application\/ld+json\" class=\"yoast-schema-graph\">{\"@context\":\"https:\/\/schema.org\",\"@graph\":[{\"@type\":\"Article\",\"@id\":\"https:\/\/luxurymagazine.cz\/index.php\/2025\/06\/13\/cartier-nova-kolekce-vysokeho-sperkarstvi-en-equilibre\/#article\",\"isPartOf\":{\"@id\":\"https:\/\/luxurymagazine.cz\/index.php\/2025\/06\/13\/cartier-nova-kolekce-vysokeho-sperkarstvi-en-equilibre\/\"},\"author\":{\"name\":\"Helen Guardian\",\"@id\":\"https:\/\/luxurymagazine.cz\/#\/schema\/person\/c605eb8e26861b1857684925aaa8ca69\"},\"headline\":\"Cartier: Nov\u00e1 kolekce vysok\u00e9ho \u0161perka\u0159stv\u00ed En Equilibre\",\"datePublished\":\"2025-06-12T22:01:00+00:00\",\"dateModified\":\"2025-09-03T22:58:53+00:00\",\"mainEntityOfPage\":{\"@id\":\"https:\/\/luxurymagazine.cz\/index.php\/2025\/06\/13\/cartier-nova-kolekce-vysokeho-sperkarstvi-en-equilibre\/\"},\"wordCount\":430,\"publisher\":{\"@id\":\"https:\/\/luxurymagazine.cz\/#organization\"},\"articleSection\":[\"NEWS\",\"\u0160PERKY &amp; HODINKY\"],\"inLanguage\":\"cs\"},{\"@type\":\"WebPage\",\"@id\":\"https:\/\/luxurymagazine.cz\/index.php\/2025\/06\/13\/cartier-nova-kolekce-vysokeho-sperkarstvi-en-equilibre\/\",\"url\":\"https:\/\/luxurymagazine.cz\/index.php\/2025\/06\/13\/cartier-nova-kolekce-vysokeho-sperkarstvi-en-equilibre\/\",\"name\":\"Cartier: Nov\u00e1 kolekce vysok\u00e9ho \u0161perka\u0159stv\u00ed En Equilibre - LUXURYMAGAZINE.cz\",\"isPartOf\":{\"@id\":\"https:\/\/luxurymagazine.cz\/#website\"},\"datePublished\":\"2025-06-12T22:01:00+00:00\",\"dateModified\":\"2025-09-03T22:58:53+00:00\",\"description\":\"Francouzsk\u00fd \u0161perka\u0159sk\u00fd d\u016fm Cartier uvedl svou nejnov\u011bj\u0161\u00ed kolekci vysok\u00e9ho \u0161perka\u0159stv\u00ed En\u00a0\u00c9quilibre b\u011bhem slavnostn\u00edho ve\u010dera ve Stockholmu.\",\"breadcrumb\":{\"@id\":\"https:\/\/luxurymagazine.cz\/index.php\/2025\/06\/13\/cartier-nova-kolekce-vysokeho-sperkarstvi-en-equilibre\/#breadcrumb\"},\"inLanguage\":\"cs\",\"potentialAction\":[{\"@type\":\"ReadAction\",\"target\":[\"https:\/\/luxurymagazine.cz\/index.php\/2025\/06\/13\/cartier-nova-kolekce-vysokeho-sperkarstvi-en-equilibre\/\"]}]},{\"@type\":\"BreadcrumbList\",\"@id\":\"https:\/\/luxurymagazine.cz\/index.php\/2025\/06\/13\/cartier-nova-kolekce-vysokeho-sperkarstvi-en-equilibre\/#breadcrumb\",\"itemListElement\":[{\"@type\":\"ListItem\",\"position\":1,\"name\":\"Dom\u016f\",\"item\":\"https:\/\/luxurymagazine.cz\/\"},{\"@type\":\"ListItem\",\"position\":2,\"name\":\"Cartier: Nov\u00e1 kolekce vysok\u00e9ho \u0161perka\u0159stv\u00ed En Equilibre\"}]},{\"@type\":\"WebSite\",\"@id\":\"https:\/\/luxurymagazine.cz\/#website\",\"url\":\"https:\/\/luxurymagazine.cz\/\",\"name\":\"LUXURYMAGAZINE.cz\",\"description\":\"Port\u00e1l v\u00fdhradn\u011b o luxusu...\",\"publisher\":{\"@id\":\"https:\/\/luxurymagazine.cz\/#organization\"},\"potentialAction\":[{\"@type\":\"SearchAction\",\"target\":{\"@type\":\"EntryPoint\",\"urlTemplate\":\"https:\/\/luxurymagazine.cz\/?s={search_term_string}\"},\"query-input\":\"required name=search_term_string\"}],\"inLanguage\":\"cs\"},{\"@type\":\"Organization\",\"@id\":\"https:\/\/luxurymagazine.cz\/#organization\",\"name\":\"LUXURYMAGAZINE.cz\",\"url\":\"https:\/\/luxurymagazine.cz\/\",\"logo\":{\"@type\":\"ImageObject\",\"inLanguage\":\"cs\",\"@id\":\"https:\/\/luxurymagazine.cz\/#\/schema\/logo\/image\/\",\"url\":\"https:\/\/luxurymagazine.cz\/wp-content\/uploads\/2024\/12\/cropped-Logo_LuxuryMagazine-1.jpg\",\"contentUrl\":\"https:\/\/luxurymagazine.cz\/wp-content\/uploads\/2024\/12\/cropped-Logo_LuxuryMagazine-1.jpg\",\"width\":934,\"height\":509,\"caption\":\"LUXURYMAGAZINE.cz\"},\"image\":{\"@id\":\"https:\/\/luxurymagazine.cz\/#\/schema\/logo\/image\/\"}},{\"@type\":\"Person\",\"@id\":\"https:\/\/luxurymagazine.cz\/#\/schema\/person\/c605eb8e26861b1857684925aaa8ca69\",\"name\":\"Helen Guardian\",\"image\":{\"@type\":\"ImageObject\",\"inLanguage\":\"cs\",\"@id\":\"https:\/\/luxurymagazine.cz\/#\/schema\/person\/image\/\",\"url\":\"https:\/\/secure.gravatar.com\/avatar\/f62c76287ccbbd3f899549a169c0e6aa?s=96&d=mm&r=g\",\"contentUrl\":\"https:\/\/secure.gravatar.com\/avatar\/f62c76287ccbbd3f899549a169c0e6aa?s=96&d=mm&r=g\",\"caption\":\"Helen Guardian\"},\"sameAs\":[\"http:\/\/LUXURYMAGAZINE.cz\"],\"url\":\"https:\/\/luxurymagazine.cz\/index.php\/author\/helgu\/\"}]}<\/script>\n<!-- \/ Yoast SEO plugin. -->","yoast_head_json":{"title":"Cartier: Nov\u00e1 kolekce vysok\u00e9ho \u0161perka\u0159stv\u00ed En Equilibre - LUXURYMAGAZINE.cz","description":"Francouzsk\u00fd \u0161perka\u0159sk\u00fd d\u016fm Cartier uvedl svou nejnov\u011bj\u0161\u00ed kolekci vysok\u00e9ho \u0161perka\u0159stv\u00ed En\u00a0\u00c9quilibre b\u011bhem slavnostn\u00edho ve\u010dera ve Stockholmu.","robots":{"index":"index","follow":"follow","max-snippet":"max-snippet:-1","max-image-preview":"max-image-preview:large","max-video-preview":"max-video-preview:-1"},"canonical":"https:\/\/luxurymagazine.cz\/index.php\/2025\/06\/13\/cartier-nova-kolekce-vysokeho-sperkarstvi-en-equilibre\/","og_locale":"cs_CZ","og_type":"article","og_title":"Cartier: Nov\u00e1 kolekce vysok\u00e9ho \u0161perka\u0159stv\u00ed En Equilibre - LUXURYMAGAZINE.cz","og_description":"Francouzsk\u00fd \u0161perka\u0159sk\u00fd d\u016fm Cartier uvedl svou nejnov\u011bj\u0161\u00ed kolekci vysok\u00e9ho \u0161perka\u0159stv\u00ed En\u00a0\u00c9quilibre b\u011bhem slavnostn\u00edho ve\u010dera ve Stockholmu.","og_url":"https:\/\/luxurymagazine.cz\/index.php\/2025\/06\/13\/cartier-nova-kolekce-vysokeho-sperkarstvi-en-equilibre\/","og_site_name":"LUXURYMAGAZINE.cz","article_published_time":"2025-06-12T22:01:00+00:00","article_modified_time":"2025-09-03T22:58:53+00:00","og_image":[{"width":1450,"height":1087,"url":"https:\/\/luxurymagazine.cz\/wp-content\/uploads\/2025\/06\/Cartier_HJ_Stockholm_Exhibition_II.jpeg","type":"image\/jpeg"}],"author":"Helen Guardian","twitter_card":"summary_large_image","twitter_misc":{"Napsal(a)":"Helen Guardian","Odhadovan\u00e1 doba \u010dten\u00ed":"6 minut"},"schema":{"@context":"https:\/\/schema.org","@graph":[{"@type":"Article","@id":"https:\/\/luxurymagazine.cz\/index.php\/2025\/06\/13\/cartier-nova-kolekce-vysokeho-sperkarstvi-en-equilibre\/#article","isPartOf":{"@id":"https:\/\/luxurymagazine.cz\/index.php\/2025\/06\/13\/cartier-nova-kolekce-vysokeho-sperkarstvi-en-equilibre\/"},"author":{"name":"Helen Guardian","@id":"https:\/\/luxurymagazine.cz\/#\/schema\/person\/c605eb8e26861b1857684925aaa8ca69"},"headline":"Cartier: Nov\u00e1 kolekce vysok\u00e9ho \u0161perka\u0159stv\u00ed En Equilibre","datePublished":"2025-06-12T22:01:00+00:00","dateModified":"2025-09-03T22:58:53+00:00","mainEntityOfPage":{"@id":"https:\/\/luxurymagazine.cz\/index.php\/2025\/06\/13\/cartier-nova-kolekce-vysokeho-sperkarstvi-en-equilibre\/"},"wordCount":430,"publisher":{"@id":"https:\/\/luxurymagazine.cz\/#organization"},"articleSection":["NEWS","\u0160PERKY &amp; HODINKY"],"inLanguage":"cs"},{"@type":"WebPage","@id":"https:\/\/luxurymagazine.cz\/index.php\/2025\/06\/13\/cartier-nova-kolekce-vysokeho-sperkarstvi-en-equilibre\/","url":"https:\/\/luxurymagazine.cz\/index.php\/2025\/06\/13\/cartier-nova-kolekce-vysokeho-sperkarstvi-en-equilibre\/","name":"Cartier: Nov\u00e1 kolekce vysok\u00e9ho \u0161perka\u0159stv\u00ed En Equilibre - LUXURYMAGAZINE.cz","isPartOf":{"@id":"https:\/\/luxurymagazine.cz\/#website"},"datePublished":"2025-06-12T22:01:00+00:00","dateModified":"2025-09-03T22:58:53+00:00","description":"Francouzsk\u00fd \u0161perka\u0159sk\u00fd d\u016fm Cartier uvedl svou nejnov\u011bj\u0161\u00ed kolekci vysok\u00e9ho \u0161perka\u0159stv\u00ed En\u00a0\u00c9quilibre b\u011bhem slavnostn\u00edho ve\u010dera ve Stockholmu.","breadcrumb":{"@id":"https:\/\/luxurymagazine.cz\/index.php\/2025\/06\/13\/cartier-nova-kolekce-vysokeho-sperkarstvi-en-equilibre\/#breadcrumb"},"inLanguage":"cs","potentialAction":[{"@type":"ReadAction","target":["https:\/\/luxurymagazine.cz\/index.php\/2025\/06\/13\/cartier-nova-kolekce-vysokeho-sperkarstvi-en-equilibre\/"]}]},{"@type":"BreadcrumbList","@id":"https:\/\/luxurymagazine.cz\/index.php\/2025\/06\/13\/cartier-nova-kolekce-vysokeho-sperkarstvi-en-equilibre\/#breadcrumb","itemListElement":[{"@type":"ListItem","position":1,"name":"Dom\u016f","item":"https:\/\/luxurymagazine.cz\/"},{"@type":"ListItem","position":2,"name":"Cartier: Nov\u00e1 kolekce vysok\u00e9ho \u0161perka\u0159stv\u00ed En Equilibre"}]},{"@type":"WebSite","@id":"https:\/\/luxurymagazine.cz\/#website","url":"https:\/\/luxurymagazine.cz\/","name":"LUXURYMAGAZINE.cz","description":"Port\u00e1l v\u00fdhradn\u011b o luxusu...","publisher":{"@id":"https:\/\/luxurymagazine.cz\/#organization"},"potentialAction":[{"@type":"SearchAction","target":{"@type":"EntryPoint","urlTemplate":"https:\/\/luxurymagazine.cz\/?s={search_term_string}"},"query-input":"required name=search_term_string"}],"inLanguage":"cs"},{"@type":"Organization","@id":"https:\/\/luxurymagazine.cz\/#organization","name":"LUXURYMAGAZINE.cz","url":"https:\/\/luxurymagazine.cz\/","logo":{"@type":"ImageObject","inLanguage":"cs","@id":"https:\/\/luxurymagazine.cz\/#\/schema\/logo\/image\/","url":"https:\/\/luxurymagazine.cz\/wp-content\/uploads\/2024\/12\/cropped-Logo_LuxuryMagazine-1.jpg","contentUrl":"https:\/\/luxurymagazine.cz\/wp-content\/uploads\/2024\/12\/cropped-Logo_LuxuryMagazine-1.jpg","width":934,"height":509,"caption":"LUXURYMAGAZINE.cz"},"image":{"@id":"https:\/\/luxurymagazine.cz\/#\/schema\/logo\/image\/"}},{"@type":"Person","@id":"https:\/\/luxurymagazine.cz\/#\/schema\/person\/c605eb8e26861b1857684925aaa8ca69","name":"Helen Guardian","image":{"@type":"ImageObject","inLanguage":"cs","@id":"https:\/\/luxurymagazine.cz\/#\/schema\/person\/image\/","url":"https:\/\/secure.gravatar.com\/avatar\/f62c76287ccbbd3f899549a169c0e6aa?s=96&d=mm&r=g","contentUrl":"https:\/\/secure.gravatar.com\/avatar\/f62c76287ccbbd3f899549a169c0e6aa?s=96&d=mm&r=g","caption":"Helen Guardian"},"sameAs":["http:\/\/LUXURYMAGAZINE.cz"],"url":"https:\/\/luxurymagazine.cz\/index.php\/author\/helgu\/"}]}},"_links":{"self":[{"href":"https:\/\/luxurymagazine.cz\/index.php\/wp-json\/wp\/v2\/posts\/6937"}],"collection":[{"href":"https:\/\/luxurymagazine.cz\/index.php\/wp-json\/wp\/v2\/posts"}],"about":[{"href":"https:\/\/luxurymagazine.cz\/index.php\/wp-json\/wp\/v2\/types\/post"}],"author":[{"embeddable":true,"href":"https:\/\/luxurymagazine.cz\/index.php\/wp-json\/wp\/v2\/users\/9"}],"replies":[{"embeddable":true,"href":"https:\/\/luxurymagazine.cz\/index.php\/wp-json\/wp\/v2\/comments?post=6937"}],"version-history":[{"count":-4,"href":"https:\/\/luxurymagazine.cz\/index.php\/wp-json\/wp\/v2\/posts\/6937\/revisions"}],"wp:featuredmedia":[{"embeddable":true,"href":"https:\/\/luxurymagazine.cz\/index.php\/wp-json\/wp\/v2\/media\/6938"}],"wp:attachment":[{"href":"https:\/\/luxurymagazine.cz\/index.php\/wp-json\/wp\/v2\/media?parent=6937"}],"wp:term":[{"taxonomy":"category","embeddable":true,"href":"https:\/\/luxurymagazine.cz\/index.php\/wp-json\/wp\/v2\/categories?post=6937"},{"taxonomy":"post_tag","embeddable":true,"href":"https:\/\/luxurymagazine.cz\/index.php\/wp-json\/wp\/v2\/tags?post=6937"}],"curies":[{"name":"wp","href":"https:\/\/api.w.org\/{rel}","templated":true}]}}