{"id":6950,"date":"2025-06-06T01:44:49","date_gmt":"2025-06-05T23:44:49","guid":{"rendered":"https:\/\/luxurymagazine.cz\/?p=6950"},"modified":"2025-08-22T03:19:33","modified_gmt":"2025-08-22T01:19:33","slug":"vibracni-liposukce-pro-koho-je-vhodna-a-pro-koho-ne","status":"publish","type":"post","link":"https:\/\/luxurymagazine.cz\/index.php\/2025\/06\/06\/vibracni-liposukce-pro-koho-je-vhodna-a-pro-koho-ne\/","title":{"rendered":"Vibra\u010dn\u00ed liposukce: Pro koho je vhodn\u00e1 a pro koho ne?"},"content":{"rendered":"\n<div style=\"height:42px\" aria-hidden=\"true\" class=\"wp-block-spacer\"><\/div>\n\n\n\n<p class=\"has-medium-font-size\"><strong>N\u011bkte\u0159\u00ed lid\u00e9 dos\u00e1hnou skv\u011bl\u00fdch v\u00fdsledk\u016f, jin\u00ed se mohou zklamat a dal\u0161\u00ed dokonce riskovat zdravotn\u00ed komplikace.<\/strong><\/p>\n\n\n\n<p class=\"has-medium-font-size\"><a href=\"https:\/\/www.premier-clinic.cz\/zakroky\/vibracni-liposukce\/\"><strong>Vibra\u010dn\u00ed liposukce<\/strong><\/a>&nbsp;slibuje \u0161etrn\u011bj\u0161\u00ed odstran\u011bn\u00ed tuku ne\u017e klasick\u00e9 metody. Ale pozor &#8211; nen\u00ed ur\u010den\u00e1 pro ka\u017ed\u00e9ho. Poj\u010fme si \u0159\u00edct na rovinu, komu se tato procedura hod\u00ed a kdo si m\u00e1 rad\u0161i naj\u00edt jinou cestu k vysn\u011bn\u00e9 postav\u011b.<\/p>\n\n\n\n<div style=\"height:42px\" aria-hidden=\"true\" class=\"wp-block-spacer\"><\/div>\n\n\n<div class=\"wp-block-image\">\n<figure class=\"aligncenter size-large\"><img decoding=\"async\" loading=\"lazy\" width=\"1024\" height=\"683\" src=\"https:\/\/luxurymagazine.cz\/wp-content\/uploads\/2025\/06\/pexels-andres-ayrton-6551427-1024x683.jpg\" alt=\"Vibra\u010dn\u00ed liposukce: Pro koho je vhodn\u00e1 a pro koho ne?\" class=\"wp-image-6951\" srcset=\"https:\/\/luxurymagazine.cz\/wp-content\/uploads\/2025\/06\/pexels-andres-ayrton-6551427-1024x683.jpg 1024w, https:\/\/luxurymagazine.cz\/wp-content\/uploads\/2025\/06\/pexels-andres-ayrton-6551427-300x200.jpg 300w, https:\/\/luxurymagazine.cz\/wp-content\/uploads\/2025\/06\/pexels-andres-ayrton-6551427-768x512.jpg 768w, https:\/\/luxurymagazine.cz\/wp-content\/uploads\/2025\/06\/pexels-andres-ayrton-6551427-1536x1024.jpg 1536w, https:\/\/luxurymagazine.cz\/wp-content\/uploads\/2025\/06\/pexels-andres-ayrton-6551427-2048x1365.jpg 2048w\" sizes=\"(max-width: 1024px) 100vw, 1024px\" \/><\/figure><\/div>\n\n\n<div style=\"height:42px\" aria-hidden=\"true\" class=\"wp-block-spacer\"><\/div>\n\n\n\n<h2 class=\"wp-block-heading\">Perfektn\u00ed kandid\u00e1ti pro tuto proceduru<\/h2>\n\n\n\n<div style=\"height:42px\" aria-hidden=\"true\" class=\"wp-block-spacer\"><\/div>\n\n\n\n<p class=\"has-medium-font-size\">Ide\u00e1ln\u00ed pacient pro vibra\u010dn\u00ed liposukci m\u00e1 stabiln\u00ed v\u00e1hu. Nemluv\u00edme o modelk\u00e1ch, ale o lidech, jejich\u017e hmotnost nekol\u00eds\u00e1 o v\u00edc ne\u017e 10-15 kilo od optim\u00e1ln\u00ed v\u00e1hy. Pokud va\u0161e hmotnost kol\u00eds\u00e1 o des\u00edtky kilo, nejste p\u0159ipraveni na kosmetick\u00fd z\u00e1krok a mus\u00edte nejd\u0159\u00edv stabilizovat stravovac\u00ed n\u00e1vyky. Vibra\u010dn\u00ed liposukce toti\u017e nen\u00ed n\u00e1hrada za hubnut\u00ed.<\/p>\n\n\n\n<p class=\"has-medium-font-size\">Aby z\u00e1krok fungoval co nejl\u00e9pe, mus\u00ed m\u00edt va\u0161e k\u016f\u017ee dobrou pru\u017enost. Zkuste si stisknout k\u016f\u017ei na b\u0159i\u0161e nebo stehnech. Vr\u00e1t\u00ed se rychle do p\u016fvodn\u00edho tvaru? To je dobr\u00fd sign\u00e1l. Ochabl\u00e1 k\u016f\u017ee toti\u017e po z\u00e1kroku nevypad\u00e1 hezky a chirurg v\u00e1m bude muset pravd\u011bpodobn\u011b navrhnout jin\u00e9 \u0159e\u0161en\u00ed.<\/p>\n\n\n\n<p class=\"has-medium-font-size\">V\u011bk jinak nen\u00ed p\u0159ek\u00e1\u017eka, pokud jste zdrav\u00ed. Pades\u00e1tn\u00edci \u010dasto dosahuj\u00ed lep\u0161\u00edch v\u00fdsledk\u016f ne\u017e dvac\u00e1tn\u00edci s nerealistick\u00fdmi p\u0159edstavami. Psychick\u00e1 stabilita a rozumn\u00e1 o\u010dek\u00e1v\u00e1n\u00ed rozhoduj\u00ed v tomto p\u0159\u00edpad\u011b v\u00edc ne\u017e datum narozen\u00ed.<\/p>\n\n\n\n<div style=\"height:42px\" aria-hidden=\"true\" class=\"wp-block-spacer\"><\/div>\n\n\n\n<h2 class=\"wp-block-heading\">Zdravotn\u00ed bari\u00e9ry a kdy si to rozmyslet<\/h2>\n\n\n\n<div style=\"height:42px\" aria-hidden=\"true\" class=\"wp-block-spacer\"><\/div>\n\n\n\n<ol>\n<li class=\"has-medium-font-size\">V\u00e1\u017en\u00e1 obezita je u tohoto z\u00e1kroku zna\u010dnou p\u0159ek\u00e1\u017ekou. Chirurgov\u00e9 obvykle odm\u00edtaj\u00ed pacienty s BMI nad 35. Riziko komplikac\u00ed se toti\u017e dramaticky zvy\u0161uje a v\u00fdsledky b\u00fdvaj\u00ed neuspokojiv\u00e9. Nejd\u0159\u00edv mus\u00edte zhubnout klasickou cestou, p\u0159\u00edpadn\u011b vyu\u017e\u00edt i&nbsp;<a href=\"https:\/\/www.vzp.cz\/o-nas\/aktuality\/leky-na-hubnuti-spravne-funguji-jen-v-rukou-odbornika\">potenci\u00e1l l\u00e9k\u016f na hubnut\u00ed<\/a>.<\/li>\n\n\n\n<li class=\"has-medium-font-size\">Nekontrolovan\u00fd diabetes v\u00e1s z okruhu vhodn\u00fdch kandid\u00e1t\u016f automaticky vy\u0159azuje. T\u011blo se p\u0159i n\u011bm toti\u017e hoj\u00ed pomalu a infekce hroz\u00ed \u010dast\u011bji. Tot\u00e9\u017e plat\u00ed pro srde\u010dn\u00ed choroby, probl\u00e9my s j\u00e1try nebo ledvinami a poruchy sr\u00e1\u017elivosti krve.<\/li>\n\n\n\n<li>Dal\u0161\u00ed p\u0159ek\u00e1\u017ekou je i kou\u0159en\u00ed, tak\u017ee minim\u00e1ln\u011b m\u011bs\u00edc p\u0159ed z\u00e1krokem mus\u00edte skon\u010dit s cigaretami.<\/li>\n\n\n\n<li class=\"has-medium-font-size\">N\u011bkter\u00e9 l\u00e9ky p\u0159edstavuj\u00ed riziko. Antikoagulancia zvy\u0161uj\u00ed nebezpe\u010d\u00ed krv\u00e1cen\u00ed. Kortikoidy zpomaluj\u00ed hojen\u00ed. O v\u0161ech l\u00e9c\u00edch mus\u00edte informovat chirurga u\u017e b\u011bhem prvn\u00ed konzultace.<\/li>\n\n\n\n<li class=\"has-medium-font-size\">Ani psychick\u00e9 probl\u00e9my nen\u00ed mo\u017en\u00e9 podce\u0148ovat k podce\u0148ov\u00e1n\u00ed. Deprese, \u00fazkosti nebo poruchy p\u0159\u00edjmu potravy \u010dasto vedou k nespokojenosti s v\u00fdsledky. Chirurg m\u016f\u017ee po\u017eadovat psychologick\u00e9 vy\u0161et\u0159en\u00ed.<\/li>\n\n\n\n<li class=\"has-medium-font-size\">T\u011bhotenstv\u00ed a kojen\u00ed p\u0159edstavuj\u00ed jasn\u00e9 &#8222;ne&#8220;. Hormony ovliv\u0148uj\u00ed distribuci tuku a t\u011blo proch\u00e1z\u00ed zm\u011bnami. Po\u010dkejte minim\u00e1ln\u011b rok po ukon\u010den\u00ed kojen\u00ed.<\/li>\n\n\n\n<li class=\"has-medium-font-size\">Aktivn\u00ed infekce kdekoli na t\u011ble znamen\u00e1 odklad. Ko\u017en\u00ed choroby v oblasti pl\u00e1novan\u00e9ho z\u00e1kroku tak\u00e9 p\u0159edstavuj\u00ed riziko. Herpes, ekz\u00e9m nebo jin\u00e9 probl\u00e9my mus\u00edte nejd\u0159\u00edv vyl\u00e9\u010dit.<\/li>\n<\/ol>\n\n\n\n<div style=\"height:42px\" aria-hidden=\"true\" class=\"wp-block-spacer\"><\/div>\n\n\n<div class=\"wp-block-image\">\n<figure class=\"aligncenter size-large\"><img decoding=\"async\" loading=\"lazy\" width=\"683\" height=\"1024\" src=\"https:\/\/luxurymagazine.cz\/wp-content\/uploads\/2025\/06\/pexels-majesticaljasmin-4960250-683x1024.jpg\" alt=\"Vibra\u010dn\u00ed liposukce: Pro koho je vhodn\u00e1 a pro koho ne?\" class=\"wp-image-6952\" srcset=\"https:\/\/luxurymagazine.cz\/wp-content\/uploads\/2025\/06\/pexels-majesticaljasmin-4960250-683x1024.jpg 683w, https:\/\/luxurymagazine.cz\/wp-content\/uploads\/2025\/06\/pexels-majesticaljasmin-4960250-200x300.jpg 200w, https:\/\/luxurymagazine.cz\/wp-content\/uploads\/2025\/06\/pexels-majesticaljasmin-4960250-768x1152.jpg 768w, https:\/\/luxurymagazine.cz\/wp-content\/uploads\/2025\/06\/pexels-majesticaljasmin-4960250-1024x1536.jpg 1024w, https:\/\/luxurymagazine.cz\/wp-content\/uploads\/2025\/06\/pexels-majesticaljasmin-4960250-1365x2048.jpg 1365w, https:\/\/luxurymagazine.cz\/wp-content\/uploads\/2025\/06\/pexels-majesticaljasmin-4960250-scaled.jpg 1706w\" sizes=\"(max-width: 683px) 100vw, 683px\" \/><\/figure><\/div>\n\n\n<div style=\"height:42px\" aria-hidden=\"true\" class=\"wp-block-spacer\"><\/div>\n\n\n\n<h2 class=\"wp-block-heading\">Speci\u00e1ln\u00ed skupiny vy\u017eaduj\u00ed individu\u00e1ln\u00ed p\u0159\u00edstup<\/h2>\n\n\n\n<div style=\"height:42px\" aria-hidden=\"true\" class=\"wp-block-spacer\"><\/div>\n\n\n\n<p class=\"has-medium-font-size\"><a href=\"https:\/\/hradec.rozhlas.cz\/oblast-briska-je-nejrizikovejsi-misto-co-se-tyce-ukladani-tuku-v-tele-rika-9356769\">Mu\u017ei maj\u00ed jin\u00e9 probl\u00e9my ne\u017e \u017eeny. Tuk se jim ukl\u00e1d\u00e1 hlavn\u011b v oblasti b\u0159icha a zad.<\/a>&nbsp;K\u016f\u017ee b\u00fdv\u00e1 tlust\u0161\u00ed a m\u00e9n\u011b elastick\u00e1. V\u00fdsledky pak \u010dasto vypadaj\u00ed p\u0159irozen\u011bji ne\u017e u \u017een.<\/p>\n\n\n\n<p class=\"has-medium-font-size\">\u017deny po porodu tvo\u0159\u00ed specifickou kategorii. B\u0159i\u0161n\u00ed svaly se rozt\u00e1hnou, k\u016f\u017ee ztrat\u00ed pru\u017enost a tuk se usad\u00ed v nov\u00fdch m\u00edstech. Vibra\u010dn\u00ed liposukce v takov\u00e9m p\u0159\u00edpad\u011b sama \u010dasto nesta\u010d\u00ed. Kombinace s abdominoplastikou d\u00e1v\u00e1 lep\u0161\u00ed v\u00fdsledky.<\/p>\n\n\n\n<p class=\"has-medium-font-size\">Pe\u010dliv\u011bj\u0161\u00ed vy\u0161et\u0159en\u00ed pot\u0159ebuj\u00ed tak\u00e9 star\u0161\u00ed pacienti. K\u016f\u017ee ztr\u00e1c\u00ed kolagen a elastin a jej\u00ed hojen\u00ed trv\u00e1 d\u00e9le. P\u0159esto mohou dos\u00e1hnout dobr\u00fdch v\u00fdsledk\u016f, pokud maj\u00ed realistick\u00e1 o\u010dek\u00e1v\u00e1n\u00ed.<\/p>\n\n\n\n<p class=\"has-medium-font-size\">Lid\u00e9 po v\u00fdrazn\u00e9m hubnut\u00ed se v z\u00e1kroku \u010dasto zklamou. U povisl\u00e9 k\u016f\u017ee toti\u017e vibra\u010dn\u00ed liposukce situaci nezlep\u0161\u00ed. Na odstran\u011bn\u00ed p\u0159ebyte\u010dn\u00e9 k\u016f\u017ee jsou pot\u0159eba v\u011bt\u0161\u00ed z\u00e1kroky.<\/p>\n\n\n\n<div style=\"height:42px\" aria-hidden=\"true\" class=\"wp-block-spacer\"><\/div>\n\n\n\n<h2 class=\"wp-block-heading\">Alternativy pro odm\u00edtnut\u00e9 kandid\u00e1ty<\/h2>\n\n\n\n<div style=\"height:42px\" aria-hidden=\"true\" class=\"wp-block-spacer\"><\/div>\n\n\n\n<p class=\"has-medium-font-size\">I pokud pro v\u00e1s vibra\u010dn\u00ed liposukce z r\u016fzn\u00fdch d\u016fvod\u016f vhodn\u00e1 nen\u00ed, existuje je\u0161t\u011b \u0159ada dal\u0161\u00edch procedur, kter\u00e9 mohou b\u00fdt plnohodnotnou n\u00e1hradou:<\/p>\n\n\n\n<div style=\"height:19px\" aria-hidden=\"true\" class=\"wp-block-spacer\"><\/div>\n\n\n\n<ul>\n<li class=\"has-medium-font-size\">Kryolipol\u00fdza zmrazuje tukov\u00e9 bu\u0148ky bez \u0159ez\u016f. Postup trv\u00e1 d\u00e9le a v\u00fdsledky jsou m\u00edrn\u011bj\u0161\u00ed, ale rizika prakticky neexistuj\u00ed. Hod\u00ed se pro lidi s men\u0161\u00edmi probl\u00e9my nebo zdravotn\u00edmi kontraindikacemi.<\/li>\n\n\n\n<li class=\"has-medium-font-size\">Kavitace vyu\u017e\u00edv\u00e1 ultrazvuk k rozbit\u00ed tukov\u00fdch bun\u011bk. Pot\u0159ebujete v\u00edc sezen\u00ed, ale metoda je bezpe\u010dn\u00e1. Funguje nejl\u00e9pe u mlad\u0161\u00edch lid\u00ed s dobr\u00fdm lymfatick\u00fdm syst\u00e9mem.<\/li>\n\n\n\n<li class=\"has-medium-font-size\">Radiofrekven\u010dn\u00ed procedury zah\u0159\u00edvaj\u00ed hlub\u0161\u00ed vrstvy k\u016f\u017ee a stimuluj\u00ed tvorbu kolagenu. Krom\u011b redukce tuku tak\u00e9 zpev\u0148uj\u00ed k\u016f\u017ei. Kombinace s jin\u00fdmi metodami \u010dasto p\u0159in\u00e1\u0161\u00ed lep\u0161\u00ed v\u00fdsledky ne\u017e samotn\u00e1 liposukce.<\/li>\n\n\n\n<li class=\"has-medium-font-size\">Klasick\u00e1 liposukce z\u016fst\u00e1v\u00e1 zlat\u00fdm standardem pro rozs\u00e1hlej\u0161\u00ed z\u00e1kroky. Je agresivn\u011bj\u0161\u00ed ne\u017e vibra\u010dn\u00ed varianta, ale zvl\u00e1dne v\u011bt\u0161\u00ed objemy tuku. Pro n\u011bkter\u00e9 pacienty p\u0159edstavuje jedinou mo\u017enost.<\/li>\n<\/ul>\n\n\n\n<div style=\"height:42px\" aria-hidden=\"true\" class=\"wp-block-spacer\"><\/div>\n\n\n\n<h2 class=\"wp-block-heading\">Bu\u010fte k sob\u011b up\u0159\u00edmn\u00ed<\/h2>\n\n\n\n<div style=\"height:42px\" aria-hidden=\"true\" class=\"wp-block-spacer\"><\/div>\n\n\n\n<p class=\"has-medium-font-size\">Pod\u00edvejte se na sebe realisticky. M\u00e1te lok\u00e1ln\u00ed tukov\u00e9 pol\u0161t\u00e1\u0159ky, kter\u00e9 nezmiz\u00ed ani po m\u011bs\u00edc\u00edch cvi\u010den\u00ed a diet? \u0158e\u0161\u00edte pouze,&nbsp;<a href=\"https:\/\/vsc-plavani.cz\/jak-zhubnout-bricho-otazka-ktera-zajima-temer-kazdeho\/\">jak zhubnout b\u0159icho<\/a>&nbsp;nebo i jin\u00e9 partie t\u011bla? Va\u0161e k\u016f\u017ee je pevn\u00e1 a pru\u017en\u00e1? Jste zdrav\u00ed a nekou\u0159\u00edte? Pak m\u00e1te dobr\u00e9 p\u0159edpoklady.<\/p>\n\n\n\n<p class=\"has-medium-font-size\">D\u016fle\u017eit\u00e1 je i psychick\u00e1 motivace Pro\u010d chcete podstoupit z\u00e1krok? \u010cek\u00e1te dramatickou prom\u011bnu nebo rozumn\u00e9 vylep\u0161en\u00ed? Jste p\u0159ipraveni na n\u011bkolik t\u00fddn\u016f omezen\u00e9ho pohybu? M\u016f\u017eete si dovolit p\u0159\u00edpadn\u00e9 komplikace?<\/p>\n\n\n\n<p class=\"has-medium-font-size\">Konzultace s chirurgem v\u00e1m odpov\u00ed na v\u011bt\u0161inu pochybnost\u00ed. Kvalitn\u00ed odborn\u00edk v\u00e1s nevystra\u0161\u00ed, ale ani neslibuje nemo\u017en\u00e9. Ptejte se na rizika, o\u010dek\u00e1van\u00e9 v\u00fdsledky a alternativy. Druh\u00fd n\u00e1zor tak\u00e9 nikdy neu\u0161kod\u00ed, klidn\u011b oslovte odborn\u00edk\u016f v\u00edce.<\/p>\n\n\n\n<p class=\"has-medium-font-size\">V\u011b\u0159te sv\u00e9mu instinktu. Pokud m\u00e1te pochybnosti, odlo\u017ete rozhodnut\u00ed. Vibra\u010dn\u00ed liposukce nen\u00ed \u017eivotn\u011b nutn\u00fd z\u00e1krok a sp\u011bch tu nen\u00ed t\u0159eba. \u017d\u00e1dn\u00fd kosmetick\u00fd z\u00e1krok nevy\u0159e\u0161\u00ed psychick\u00e9 probl\u00e9my ani nenahrad\u00ed zdrav\u00fd \u017eivotn\u00ed styl. Vibra\u010dn\u00ed liposukce je n\u00e1stroj, ne z\u00e1zra\u010dn\u00e9 \u0159e\u0161en\u00ed.<\/p>\n\n\n\n<div style=\"height:80px\" aria-hidden=\"true\" class=\"wp-block-spacer\"><\/div>\n\n\n\n<figure class=\"wp-block-gallery has-nested-images columns-default is-cropped wp-block-gallery-1 is-layout-flex wp-block-gallery-is-layout-flex\">\n<figure class=\"wp-block-image size-large\"><img decoding=\"async\" loading=\"lazy\" width=\"683\" height=\"1024\" data-id=\"6952\" src=\"https:\/\/luxurymagazine.cz\/wp-content\/uploads\/2025\/06\/pexels-majesticaljasmin-4960250-683x1024.jpg\" alt=\"Vibra\u010dn\u00ed liposukce: Pro koho je vhodn\u00e1 a pro koho ne?\" class=\"wp-image-6952\" srcset=\"https:\/\/luxurymagazine.cz\/wp-content\/uploads\/2025\/06\/pexels-majesticaljasmin-4960250-683x1024.jpg 683w, https:\/\/luxurymagazine.cz\/wp-content\/uploads\/2025\/06\/pexels-majesticaljasmin-4960250-200x300.jpg 200w, https:\/\/luxurymagazine.cz\/wp-content\/uploads\/2025\/06\/pexels-majesticaljasmin-4960250-768x1152.jpg 768w, https:\/\/luxurymagazine.cz\/wp-content\/uploads\/2025\/06\/pexels-majesticaljasmin-4960250-1024x1536.jpg 1024w, https:\/\/luxurymagazine.cz\/wp-content\/uploads\/2025\/06\/pexels-majesticaljasmin-4960250-1365x2048.jpg 1365w, https:\/\/luxurymagazine.cz\/wp-content\/uploads\/2025\/06\/pexels-majesticaljasmin-4960250-scaled.jpg 1706w\" sizes=\"(max-width: 683px) 100vw, 683px\" \/><\/figure>\n\n\n\n<figure class=\"wp-block-image size-large\"><img decoding=\"async\" loading=\"lazy\" width=\"1024\" height=\"683\" data-id=\"6951\" src=\"https:\/\/luxurymagazine.cz\/wp-content\/uploads\/2025\/06\/pexels-andres-ayrton-6551427-1024x683.jpg\" alt=\"Vibra\u010dn\u00ed liposukce: Pro koho je vhodn\u00e1 a pro koho ne?\" class=\"wp-image-6951\" srcset=\"https:\/\/luxurymagazine.cz\/wp-content\/uploads\/2025\/06\/pexels-andres-ayrton-6551427-1024x683.jpg 1024w, https:\/\/luxurymagazine.cz\/wp-content\/uploads\/2025\/06\/pexels-andres-ayrton-6551427-300x200.jpg 300w, https:\/\/luxurymagazine.cz\/wp-content\/uploads\/2025\/06\/pexels-andres-ayrton-6551427-768x512.jpg 768w, https:\/\/luxurymagazine.cz\/wp-content\/uploads\/2025\/06\/pexels-andres-ayrton-6551427-1536x1024.jpg 1536w, https:\/\/luxurymagazine.cz\/wp-content\/uploads\/2025\/06\/pexels-andres-ayrton-6551427-2048x1365.jpg 2048w\" sizes=\"(max-width: 1024px) 100vw, 1024px\" \/><\/figure>\n<\/figure>\n\n\n\n<div style=\"height:35px\" aria-hidden=\"true\" class=\"wp-block-spacer\"><\/div>\n\n\n\n<p class=\"has-medium-font-size\"><strong>Zdroj foto:<\/strong> Pexels.com, premier-clinic.cz<\/p>\n\n\n\n<div style=\"height:68px\" aria-hidden=\"true\" class=\"wp-block-spacer\"><\/div>\n","protected":false},"excerpt":{"rendered":"<p>N\u011bkte\u0159\u00ed lid\u00e9 dos\u00e1hnou skv\u011bl\u00fdch v\u00fdsledk\u016f, jin\u00ed se mohou zklamat a dal\u0161\u00ed dokonce riskovat zdravotn\u00ed komplikace. Vibra\u010dn\u00ed liposukce&nbsp;slibuje \u0161etrn\u011bj\u0161\u00ed odstran\u011bn\u00ed tuku ne\u017e klasick\u00e9 metody. Ale pozor &#8211; nen\u00ed ur\u010den\u00e1 pro ka\u017ed\u00e9ho. Poj\u010fme si \u0159\u00edct na rovinu, komu se tato procedura hod\u00ed a kdo si m\u00e1 rad\u0161i naj\u00edt jinou cestu k vysn\u011bn\u00e9 postav\u011b. Perfektn\u00ed kandid\u00e1ti pro tuto [&hellip;]<\/p>\n","protected":false},"author":2,"featured_media":6951,"comment_status":"closed","ping_status":"closed","sticky":false,"template":"","format":"standard","meta":{"_mi_skip_tracking":false,"_monsterinsights_sitenote_active":false,"_monsterinsights_sitenote_note":"","_monsterinsights_sitenote_category":0,"footnotes":""},"categories":[2,13,16],"tags":[],"yoast_head":"<!-- This site is optimized with the Yoast SEO plugin v21.4 - https:\/\/yoast.com\/wordpress\/plugins\/seo\/ -->\n<title>Vibra\u010dn\u00ed liposukce: Pro koho je vhodn\u00e1 a pro koho ne? - LUXURYMAGAZINE.cz<\/title>\n<meta name=\"description\" content=\"Vibra\u010dn\u00ed liposukce\u00a0slibuje \u0161etrn\u011bj\u0161\u00ed odstran\u011bn\u00ed tuku ne\u017e klasick\u00e9 metody. Ale pozor - nen\u00ed ur\u010den\u00e1 pro ka\u017ed\u00e9ho.\" \/>\n<meta name=\"robots\" content=\"index, follow, max-snippet:-1, max-image-preview:large, max-video-preview:-1\" \/>\n<link rel=\"canonical\" href=\"https:\/\/luxurymagazine.cz\/index.php\/2025\/06\/06\/vibracni-liposukce-pro-koho-je-vhodna-a-pro-koho-ne\/\" \/>\n<meta property=\"og:locale\" content=\"cs_CZ\" \/>\n<meta property=\"og:type\" content=\"article\" \/>\n<meta property=\"og:title\" content=\"Vibra\u010dn\u00ed liposukce: Pro koho je vhodn\u00e1 a pro koho ne? - LUXURYMAGAZINE.cz\" \/>\n<meta property=\"og:description\" content=\"Vibra\u010dn\u00ed liposukce\u00a0slibuje \u0161etrn\u011bj\u0161\u00ed odstran\u011bn\u00ed tuku ne\u017e klasick\u00e9 metody. Ale pozor - nen\u00ed ur\u010den\u00e1 pro ka\u017ed\u00e9ho.\" \/>\n<meta property=\"og:url\" content=\"https:\/\/luxurymagazine.cz\/index.php\/2025\/06\/06\/vibracni-liposukce-pro-koho-je-vhodna-a-pro-koho-ne\/\" \/>\n<meta property=\"og:site_name\" content=\"LUXURYMAGAZINE.cz\" \/>\n<meta property=\"article:published_time\" content=\"2025-06-05T23:44:49+00:00\" \/>\n<meta property=\"article:modified_time\" content=\"2025-08-22T01:19:33+00:00\" \/>\n<meta property=\"og:image\" content=\"https:\/\/luxurymagazine.cz\/wp-content\/uploads\/2025\/06\/pexels-andres-ayrton-6551427-scaled.jpg\" \/>\n\t<meta property=\"og:image:width\" content=\"2560\" \/>\n\t<meta property=\"og:image:height\" content=\"1707\" \/>\n\t<meta property=\"og:image:type\" content=\"image\/jpeg\" \/>\n<meta name=\"author\" content=\"Jolana Hol\u00e1\u0148ov\u00e1\" \/>\n<meta name=\"twitter:card\" content=\"summary_large_image\" \/>\n<meta name=\"twitter:label1\" content=\"Napsal(a)\" \/>\n\t<meta name=\"twitter:data1\" content=\"Jolana Hol\u00e1\u0148ov\u00e1\" \/>\n\t<meta name=\"twitter:label2\" content=\"Odhadovan\u00e1 doba \u010dten\u00ed\" \/>\n\t<meta name=\"twitter:data2\" content=\"5 minut\" \/>\n<script type=\"application\/ld+json\" class=\"yoast-schema-graph\">{\"@context\":\"https:\/\/schema.org\",\"@graph\":[{\"@type\":\"Article\",\"@id\":\"https:\/\/luxurymagazine.cz\/index.php\/2025\/06\/06\/vibracni-liposukce-pro-koho-je-vhodna-a-pro-koho-ne\/#article\",\"isPartOf\":{\"@id\":\"https:\/\/luxurymagazine.cz\/index.php\/2025\/06\/06\/vibracni-liposukce-pro-koho-je-vhodna-a-pro-koho-ne\/\"},\"author\":{\"name\":\"Jolana Hol\u00e1\u0148ov\u00e1\",\"@id\":\"https:\/\/luxurymagazine.cz\/#\/schema\/person\/581f64efd4b5872ac991ea3581f630dc\"},\"headline\":\"Vibra\u010dn\u00ed liposukce: Pro koho je vhodn\u00e1 a pro koho ne?\",\"datePublished\":\"2025-06-05T23:44:49+00:00\",\"dateModified\":\"2025-08-22T01:19:33+00:00\",\"mainEntityOfPage\":{\"@id\":\"https:\/\/luxurymagazine.cz\/index.php\/2025\/06\/06\/vibracni-liposukce-pro-koho-je-vhodna-a-pro-koho-ne\/\"},\"wordCount\":1087,\"publisher\":{\"@id\":\"https:\/\/luxurymagazine.cz\/#organization\"},\"articleSection\":[\"NEWS\",\"TIPY &amp; TRENDY\",\"ZDRAV\u00cd\"],\"inLanguage\":\"cs\"},{\"@type\":\"WebPage\",\"@id\":\"https:\/\/luxurymagazine.cz\/index.php\/2025\/06\/06\/vibracni-liposukce-pro-koho-je-vhodna-a-pro-koho-ne\/\",\"url\":\"https:\/\/luxurymagazine.cz\/index.php\/2025\/06\/06\/vibracni-liposukce-pro-koho-je-vhodna-a-pro-koho-ne\/\",\"name\":\"Vibra\u010dn\u00ed liposukce: Pro koho je vhodn\u00e1 a pro koho ne? - LUXURYMAGAZINE.cz\",\"isPartOf\":{\"@id\":\"https:\/\/luxurymagazine.cz\/#website\"},\"datePublished\":\"2025-06-05T23:44:49+00:00\",\"dateModified\":\"2025-08-22T01:19:33+00:00\",\"description\":\"Vibra\u010dn\u00ed liposukce\u00a0slibuje \u0161etrn\u011bj\u0161\u00ed odstran\u011bn\u00ed tuku ne\u017e klasick\u00e9 metody. Ale pozor - nen\u00ed ur\u010den\u00e1 pro ka\u017ed\u00e9ho.\",\"breadcrumb\":{\"@id\":\"https:\/\/luxurymagazine.cz\/index.php\/2025\/06\/06\/vibracni-liposukce-pro-koho-je-vhodna-a-pro-koho-ne\/#breadcrumb\"},\"inLanguage\":\"cs\",\"potentialAction\":[{\"@type\":\"ReadAction\",\"target\":[\"https:\/\/luxurymagazine.cz\/index.php\/2025\/06\/06\/vibracni-liposukce-pro-koho-je-vhodna-a-pro-koho-ne\/\"]}]},{\"@type\":\"BreadcrumbList\",\"@id\":\"https:\/\/luxurymagazine.cz\/index.php\/2025\/06\/06\/vibracni-liposukce-pro-koho-je-vhodna-a-pro-koho-ne\/#breadcrumb\",\"itemListElement\":[{\"@type\":\"ListItem\",\"position\":1,\"name\":\"Dom\u016f\",\"item\":\"https:\/\/luxurymagazine.cz\/\"},{\"@type\":\"ListItem\",\"position\":2,\"name\":\"Vibra\u010dn\u00ed liposukce: Pro koho je vhodn\u00e1 a pro koho ne?\"}]},{\"@type\":\"WebSite\",\"@id\":\"https:\/\/luxurymagazine.cz\/#website\",\"url\":\"https:\/\/luxurymagazine.cz\/\",\"name\":\"LUXURYMAGAZINE.cz\",\"description\":\"Port\u00e1l v\u00fdhradn\u011b o luxusu...\",\"publisher\":{\"@id\":\"https:\/\/luxurymagazine.cz\/#organization\"},\"potentialAction\":[{\"@type\":\"SearchAction\",\"target\":{\"@type\":\"EntryPoint\",\"urlTemplate\":\"https:\/\/luxurymagazine.cz\/?s={search_term_string}\"},\"query-input\":\"required name=search_term_string\"}],\"inLanguage\":\"cs\"},{\"@type\":\"Organization\",\"@id\":\"https:\/\/luxurymagazine.cz\/#organization\",\"name\":\"LUXURYMAGAZINE.cz\",\"url\":\"https:\/\/luxurymagazine.cz\/\",\"logo\":{\"@type\":\"ImageObject\",\"inLanguage\":\"cs\",\"@id\":\"https:\/\/luxurymagazine.cz\/#\/schema\/logo\/image\/\",\"url\":\"https:\/\/luxurymagazine.cz\/wp-content\/uploads\/2024\/12\/cropped-Logo_LuxuryMagazine-1.jpg\",\"contentUrl\":\"https:\/\/luxurymagazine.cz\/wp-content\/uploads\/2024\/12\/cropped-Logo_LuxuryMagazine-1.jpg\",\"width\":934,\"height\":509,\"caption\":\"LUXURYMAGAZINE.cz\"},\"image\":{\"@id\":\"https:\/\/luxurymagazine.cz\/#\/schema\/logo\/image\/\"}},{\"@type\":\"Person\",\"@id\":\"https:\/\/luxurymagazine.cz\/#\/schema\/person\/581f64efd4b5872ac991ea3581f630dc\",\"name\":\"Jolana Hol\u00e1\u0148ov\u00e1\",\"image\":{\"@type\":\"ImageObject\",\"inLanguage\":\"cs\",\"@id\":\"https:\/\/luxurymagazine.cz\/#\/schema\/person\/image\/\",\"url\":\"https:\/\/secure.gravatar.com\/avatar\/5863c504ed89cd419ff3a5e812c722ff?s=96&d=mm&r=g\",\"contentUrl\":\"https:\/\/secure.gravatar.com\/avatar\/5863c504ed89cd419ff3a5e812c722ff?s=96&d=mm&r=g\",\"caption\":\"Jolana Hol\u00e1\u0148ov\u00e1\"},\"sameAs\":[\"http:\/\/LUXURYMAGAZINE.cz\"],\"url\":\"https:\/\/luxurymagazine.cz\/index.php\/author\/jolhol\/\"}]}<\/script>\n<!-- \/ Yoast SEO plugin. -->","yoast_head_json":{"title":"Vibra\u010dn\u00ed liposukce: Pro koho je vhodn\u00e1 a pro koho ne? - LUXURYMAGAZINE.cz","description":"Vibra\u010dn\u00ed liposukce\u00a0slibuje \u0161etrn\u011bj\u0161\u00ed odstran\u011bn\u00ed tuku ne\u017e klasick\u00e9 metody. Ale pozor - nen\u00ed ur\u010den\u00e1 pro ka\u017ed\u00e9ho.","robots":{"index":"index","follow":"follow","max-snippet":"max-snippet:-1","max-image-preview":"max-image-preview:large","max-video-preview":"max-video-preview:-1"},"canonical":"https:\/\/luxurymagazine.cz\/index.php\/2025\/06\/06\/vibracni-liposukce-pro-koho-je-vhodna-a-pro-koho-ne\/","og_locale":"cs_CZ","og_type":"article","og_title":"Vibra\u010dn\u00ed liposukce: Pro koho je vhodn\u00e1 a pro koho ne? - LUXURYMAGAZINE.cz","og_description":"Vibra\u010dn\u00ed liposukce\u00a0slibuje \u0161etrn\u011bj\u0161\u00ed odstran\u011bn\u00ed tuku ne\u017e klasick\u00e9 metody. Ale pozor - nen\u00ed ur\u010den\u00e1 pro ka\u017ed\u00e9ho.","og_url":"https:\/\/luxurymagazine.cz\/index.php\/2025\/06\/06\/vibracni-liposukce-pro-koho-je-vhodna-a-pro-koho-ne\/","og_site_name":"LUXURYMAGAZINE.cz","article_published_time":"2025-06-05T23:44:49+00:00","article_modified_time":"2025-08-22T01:19:33+00:00","og_image":[{"width":2560,"height":1707,"url":"https:\/\/luxurymagazine.cz\/wp-content\/uploads\/2025\/06\/pexels-andres-ayrton-6551427-scaled.jpg","type":"image\/jpeg"}],"author":"Jolana Hol\u00e1\u0148ov\u00e1","twitter_card":"summary_large_image","twitter_misc":{"Napsal(a)":"Jolana Hol\u00e1\u0148ov\u00e1","Odhadovan\u00e1 doba \u010dten\u00ed":"5 minut"},"schema":{"@context":"https:\/\/schema.org","@graph":[{"@type":"Article","@id":"https:\/\/luxurymagazine.cz\/index.php\/2025\/06\/06\/vibracni-liposukce-pro-koho-je-vhodna-a-pro-koho-ne\/#article","isPartOf":{"@id":"https:\/\/luxurymagazine.cz\/index.php\/2025\/06\/06\/vibracni-liposukce-pro-koho-je-vhodna-a-pro-koho-ne\/"},"author":{"name":"Jolana Hol\u00e1\u0148ov\u00e1","@id":"https:\/\/luxurymagazine.cz\/#\/schema\/person\/581f64efd4b5872ac991ea3581f630dc"},"headline":"Vibra\u010dn\u00ed liposukce: Pro koho je vhodn\u00e1 a pro koho ne?","datePublished":"2025-06-05T23:44:49+00:00","dateModified":"2025-08-22T01:19:33+00:00","mainEntityOfPage":{"@id":"https:\/\/luxurymagazine.cz\/index.php\/2025\/06\/06\/vibracni-liposukce-pro-koho-je-vhodna-a-pro-koho-ne\/"},"wordCount":1087,"publisher":{"@id":"https:\/\/luxurymagazine.cz\/#organization"},"articleSection":["NEWS","TIPY &amp; TRENDY","ZDRAV\u00cd"],"inLanguage":"cs"},{"@type":"WebPage","@id":"https:\/\/luxurymagazine.cz\/index.php\/2025\/06\/06\/vibracni-liposukce-pro-koho-je-vhodna-a-pro-koho-ne\/","url":"https:\/\/luxurymagazine.cz\/index.php\/2025\/06\/06\/vibracni-liposukce-pro-koho-je-vhodna-a-pro-koho-ne\/","name":"Vibra\u010dn\u00ed liposukce: Pro koho je vhodn\u00e1 a pro koho ne? - LUXURYMAGAZINE.cz","isPartOf":{"@id":"https:\/\/luxurymagazine.cz\/#website"},"datePublished":"2025-06-05T23:44:49+00:00","dateModified":"2025-08-22T01:19:33+00:00","description":"Vibra\u010dn\u00ed liposukce\u00a0slibuje \u0161etrn\u011bj\u0161\u00ed odstran\u011bn\u00ed tuku ne\u017e klasick\u00e9 metody. Ale pozor - nen\u00ed ur\u010den\u00e1 pro ka\u017ed\u00e9ho.","breadcrumb":{"@id":"https:\/\/luxurymagazine.cz\/index.php\/2025\/06\/06\/vibracni-liposukce-pro-koho-je-vhodna-a-pro-koho-ne\/#breadcrumb"},"inLanguage":"cs","potentialAction":[{"@type":"ReadAction","target":["https:\/\/luxurymagazine.cz\/index.php\/2025\/06\/06\/vibracni-liposukce-pro-koho-je-vhodna-a-pro-koho-ne\/"]}]},{"@type":"BreadcrumbList","@id":"https:\/\/luxurymagazine.cz\/index.php\/2025\/06\/06\/vibracni-liposukce-pro-koho-je-vhodna-a-pro-koho-ne\/#breadcrumb","itemListElement":[{"@type":"ListItem","position":1,"name":"Dom\u016f","item":"https:\/\/luxurymagazine.cz\/"},{"@type":"ListItem","position":2,"name":"Vibra\u010dn\u00ed liposukce: Pro koho je vhodn\u00e1 a pro koho ne?"}]},{"@type":"WebSite","@id":"https:\/\/luxurymagazine.cz\/#website","url":"https:\/\/luxurymagazine.cz\/","name":"LUXURYMAGAZINE.cz","description":"Port\u00e1l v\u00fdhradn\u011b o luxusu...","publisher":{"@id":"https:\/\/luxurymagazine.cz\/#organization"},"potentialAction":[{"@type":"SearchAction","target":{"@type":"EntryPoint","urlTemplate":"https:\/\/luxurymagazine.cz\/?s={search_term_string}"},"query-input":"required name=search_term_string"}],"inLanguage":"cs"},{"@type":"Organization","@id":"https:\/\/luxurymagazine.cz\/#organization","name":"LUXURYMAGAZINE.cz","url":"https:\/\/luxurymagazine.cz\/","logo":{"@type":"ImageObject","inLanguage":"cs","@id":"https:\/\/luxurymagazine.cz\/#\/schema\/logo\/image\/","url":"https:\/\/luxurymagazine.cz\/wp-content\/uploads\/2024\/12\/cropped-Logo_LuxuryMagazine-1.jpg","contentUrl":"https:\/\/luxurymagazine.cz\/wp-content\/uploads\/2024\/12\/cropped-Logo_LuxuryMagazine-1.jpg","width":934,"height":509,"caption":"LUXURYMAGAZINE.cz"},"image":{"@id":"https:\/\/luxurymagazine.cz\/#\/schema\/logo\/image\/"}},{"@type":"Person","@id":"https:\/\/luxurymagazine.cz\/#\/schema\/person\/581f64efd4b5872ac991ea3581f630dc","name":"Jolana Hol\u00e1\u0148ov\u00e1","image":{"@type":"ImageObject","inLanguage":"cs","@id":"https:\/\/luxurymagazine.cz\/#\/schema\/person\/image\/","url":"https:\/\/secure.gravatar.com\/avatar\/5863c504ed89cd419ff3a5e812c722ff?s=96&d=mm&r=g","contentUrl":"https:\/\/secure.gravatar.com\/avatar\/5863c504ed89cd419ff3a5e812c722ff?s=96&d=mm&r=g","caption":"Jolana Hol\u00e1\u0148ov\u00e1"},"sameAs":["http:\/\/LUXURYMAGAZINE.cz"],"url":"https:\/\/luxurymagazine.cz\/index.php\/author\/jolhol\/"}]}},"_links":{"self":[{"href":"https:\/\/luxurymagazine.cz\/index.php\/wp-json\/wp\/v2\/posts\/6950"}],"collection":[{"href":"https:\/\/luxurymagazine.cz\/index.php\/wp-json\/wp\/v2\/posts"}],"about":[{"href":"https:\/\/luxurymagazine.cz\/index.php\/wp-json\/wp\/v2\/types\/post"}],"author":[{"embeddable":true,"href":"https:\/\/luxurymagazine.cz\/index.php\/wp-json\/wp\/v2\/users\/2"}],"replies":[{"embeddable":true,"href":"https:\/\/luxurymagazine.cz\/index.php\/wp-json\/wp\/v2\/comments?post=6950"}],"version-history":[{"count":-2,"href":"https:\/\/luxurymagazine.cz\/index.php\/wp-json\/wp\/v2\/posts\/6950\/revisions"}],"wp:featuredmedia":[{"embeddable":true,"href":"https:\/\/luxurymagazine.cz\/index.php\/wp-json\/wp\/v2\/media\/6951"}],"wp:attachment":[{"href":"https:\/\/luxurymagazine.cz\/index.php\/wp-json\/wp\/v2\/media?parent=6950"}],"wp:term":[{"taxonomy":"category","embeddable":true,"href":"https:\/\/luxurymagazine.cz\/index.php\/wp-json\/wp\/v2\/categories?post=6950"},{"taxonomy":"post_tag","embeddable":true,"href":"https:\/\/luxurymagazine.cz\/index.php\/wp-json\/wp\/v2\/tags?post=6950"}],"curies":[{"name":"wp","href":"https:\/\/api.w.org\/{rel}","templated":true}]}}