{"id":7260,"date":"2025-09-09T00:01:04","date_gmt":"2025-09-08T22:01:04","guid":{"rendered":"https:\/\/luxurymagazine.cz\/?p=7260"},"modified":"2025-10-28T02:25:38","modified_gmt":"2025-10-28T01:25:38","slug":"sport-i-hrava-elegance-zara-uvadi-panskou-kolekci-na-podzim-a-zimu-2025","status":"publish","type":"post","link":"https:\/\/luxurymagazine.cz\/index.php\/2025\/09\/09\/sport-i-hrava-elegance-zara-uvadi-panskou-kolekci-na-podzim-a-zimu-2025\/","title":{"rendered":"Sport i hrav\u00e1 elegance. Zara uv\u00e1d\u00ed p\u00e1nskou kolekci na podzim a zimu 2025"},"content":{"rendered":"\n<figure class=\"wp-block-image size-full\"><img decoding=\"async\" loading=\"lazy\" width=\"850\" height=\"662\" src=\"https:\/\/luxurymagazine.cz\/wp-content\/uploads\/2025\/08\/T9722261999-TTL.jpeg\" alt=\"\" class=\"wp-image-7261\" srcset=\"https:\/\/luxurymagazine.cz\/wp-content\/uploads\/2025\/08\/T9722261999-TTL.jpeg 850w, https:\/\/luxurymagazine.cz\/wp-content\/uploads\/2025\/08\/T9722261999-TTL-300x234.jpeg 300w, https:\/\/luxurymagazine.cz\/wp-content\/uploads\/2025\/08\/T9722261999-TTL-768x598.jpeg 768w\" sizes=\"(max-width: 850px) 100vw, 850px\" \/><\/figure>\n\n\n\n<p class=\"has-medium-font-size\"><strong>Podzimn\u00ed a zimn\u00ed m\u011bs\u00edce leto\u0161n\u00edho roku se u Zary budou n\u00e9st v duchu spojov\u00e1n\u00ed sv\u011bt\u016f, kter\u00e9 se na prvn\u00ed pohled mohou zd\u00e1t odli\u0161n\u00e9. Nejnov\u011bj\u0161\u00ed kolekce toti\u017e p\u0159in\u00e1\u0161\u00ed sm\u011bs tzv. relaxed tailoring (doslova uvoln\u011bn\u00e9 krej\u010dovstv\u00ed \u2013 pozn. red.), sportovn\u00edch detail\u016f, hrav\u00fdch potisk\u016f a nad\u010dasov\u00fdch klasik \u2013 to v\u0161e ve vyv\u00e1\u017een\u00fdch siluet\u00e1ch a kvalitn\u00edch materi\u00e1lech. V\u00fdsledkem je \u0161atn\u00edk, kter\u00fd dok\u00e1\u017ee plynule p\u0159ech\u00e1zet mezi pracovn\u00edm tempem, v\u00edkendov\u00fdm odpo\u010dinkem i ve\u010dern\u00edmi ud\u00e1lostmi.<\/strong><\/p>\n\n\n\n<p class=\"has-medium-font-size\"><br>V j\u00e1dru nov\u00e9 hybridn\u00ed kolekce najdeme limitovanou edici kousk\u016f, kde se precizn\u00ed \u0161it\u00ed potk\u00e1v\u00e1 s le\u017e\u00e9rnost\u00ed sportovn\u00edch st\u0159ih\u016f. H\u00e1\u010dkovan\u00e9 ko\u0161ile, roz\u0161\u00ed\u0159en\u00e9 kalhoty s nen\u00e1padn\u00fdm pru\u017en\u00fdm pasem nebo v\u00fdrazn\u00e9 svetry. To v\u0161echno d\u00e1v\u00e1 vzniknout modern\u00edmu, flexibiln\u00edmu \u0161atn\u00edku, kter\u00fd s v\u00e1mi dr\u017e\u00ed krok za ka\u017ed\u00e9 situace.<\/p>\n\n\n\n<div style=\"height:40px\" aria-hidden=\"true\" class=\"wp-block-spacer\"><\/div>\n\n\n<div class=\"wp-block-image\">\n<figure class=\"aligncenter size-large is-resized\"><img decoding=\"async\" loading=\"lazy\" src=\"https:\/\/prazskeprikopy.cz\/wp-content\/uploads\/2025\/08\/T9195463876-p-683x1024.jpeg\" alt=\"Sport i hrav\u00e1 elegance. Zara uv\u00e1d\u00ed p\u00e1nskou kolekci na podzim a zimu 2025\" class=\"wp-image-16240\" style=\"width:514px;height:770px\" width=\"514\" height=\"770\" \/><figcaption class=\"wp-element-caption\">H\u00e1\u010dkovan\u00e1 ko\u0161ile s n\u00e1\u0161ivkou, Zara, 1499 K\u010d<\/figcaption><\/figure><\/div>\n\n\n<div style=\"height:41px\" aria-hidden=\"true\" class=\"wp-block-spacer\"><\/div>\n\n\n\n<h2 class=\"wp-block-heading\">The Embroidery Edit: V hlavn\u00ed roli v\u00fd\u0161ivky a tropick\u00e9 potisky <\/h2>\n\n\n\n<div style=\"height:49px\" aria-hidden=\"true\" class=\"wp-block-spacer\"><\/div>\n\n\n\n<p class=\"has-medium-font-size\">Hrav\u00e1 kolekce se vrac\u00ed k americk\u00fdm klasik\u00e1m, ale zcela novou optikou. V\u00fd\u0161ivky, detailn\u00ed vzory a precizn\u00ed dekorace p\u0159id\u00e1vaj\u00ed ka\u017ed\u00e9mu kousku p\u0159\u00edb\u011bh a n\u00e1dech individuality. Tento segment kolekce ocen\u00ed ti, kdo se v m\u00f3d\u011b neboj\u00ed b\u00fdt origin\u00e1ln\u00ed a hrav\u00ed z\u00e1rove\u0148. <\/p>\n\n\n\n<div style=\"height:40px\" aria-hidden=\"true\" class=\"wp-block-spacer\"><\/div>\n\n\n<div class=\"wp-block-image\">\n<figure class=\"aligncenter size-large is-resized\"><img decoding=\"async\" loading=\"lazy\" src=\"https:\/\/prazskeprikopy.cz\/wp-content\/uploads\/2025\/08\/00722321710-a4-683x1024.jpeg\" alt=\"Sport i hrav\u00e1 elegance. Zara uv\u00e1d\u00ed p\u00e1nskou kolekci na podzim a zimu 2025\" class=\"wp-image-16237\" style=\"width:552px;height:828px\" width=\"552\" height=\"828\" \/><figcaption class=\"wp-element-caption\"><strong>Tri\u010dko s prou\u017eky, Zara, 849 K\u010d<\/strong><\/figcaption><\/figure><\/div>\n\n\n<div style=\"height:40px\" aria-hidden=\"true\" class=\"wp-block-spacer\"><\/div>\n\n\n\n<p class=\"has-medium-font-size\">A\u010dkoliv by se mohlo zd\u00e1t, \u017ee letn\u00ed motivy na oble\u010den\u00ed u\u017e budou na podzim a zimu fat\u00e1ln\u00edm p\u0159e\u0161lapem, Zara n\u00e1m d\u00e1v\u00e1 jasn\u00fd sign\u00e1l, \u017ee tomu letos bude pr\u00e1v\u011b naopak. Do chladn\u00e9ho obdob\u00ed se tak sna\u017e\u00ed vn\u00e9st trochu lehkosti a energie. Od tlumen\u00fdch motiv\u016f list\u016f a\u017e po syt\u00e9 kv\u011btinov\u00e9 kompozice a tropick\u00e9 potisky, to v\u0161echno n\u00e1m m\u016f\u017ee p\u0159ipom\u00ednat n\u00e1znak \u00faniku do tepl\u00fdch krajin a bezstarostn\u00e9ho l\u00e9ta, ani\u017e by se naru\u0161il nad\u010dasov\u00fd charakter cel\u00e9ho outfitu.<\/p>\n\n\n\n<div style=\"height:40px\" aria-hidden=\"true\" class=\"wp-block-spacer\"><\/div>\n\n\n<div class=\"wp-block-image\">\n<figure class=\"aligncenter size-large is-resized\"><img decoding=\"async\" loading=\"lazy\" src=\"https:\/\/prazskeprikopy.cz\/wp-content\/uploads\/2025\/08\/05978823080-e1-683x1024.jpeg\" alt=\"Sport i hrav\u00e1 elegance. Zara uv\u00e1d\u00ed p\u00e1nskou kolekci na podzim a zimu 2025\" class=\"wp-image-16239\" style=\"width:567px;height:850px\" width=\"567\" height=\"850\" \/><figcaption class=\"wp-element-caption\"><strong>Ko\u0161ile s kv\u011btinov\u00fdm potiskem, Zara, 849 K\u010d <\/strong><\/figcaption><\/figure><\/div>\n\n\n<div style=\"height:40px\" aria-hidden=\"true\" class=\"wp-block-spacer\"><\/div>\n\n\n\n<h2 class=\"wp-block-heading\">Zara Athleticz by Patrick Stangbye<\/h2>\n\n\n\n<div style=\"height:40px\" aria-hidden=\"true\" class=\"wp-block-spacer\"><\/div>\n\n\n\n<p class=\"has-medium-font-size\">Sportovn\u00ed kapitolu kolekce otev\u00edr\u00e1 spolupr\u00e1ce s norsk\u00fdm kreativcem Patrickem Stangbyem. Athleticz propojuje utilit\u00e1rn\u00ed tvary, v\u00fdkonn\u00e9 syntetick\u00e9 materi\u00e1ly a tradi\u010dn\u00ed krej\u010dovsk\u00e9 postupy. Kolekci podtrhuj\u00ed osv\u011bd\u010den\u00e9 casual kousky z p\u0159\u00edrodn\u00edch materi\u00e1l\u016f \u2013 pohodln\u00e9, odoln\u00e9 a p\u0159ipraven\u00e9 vydr\u017eet roky. V\u00fdsledkem je funk\u010dn\u00ed, stylov\u00e9 a cenov\u011b p\u0159ijateln\u00e9 oble\u010den\u00ed, kter\u00e9 obstoj\u00ed v ka\u017edodenn\u00edm rytmu m\u011bsta i p\u0159i volno\u010dasov\u00fdch aktivit\u00e1ch. <\/p>\n\n\n\n<div style=\"height:40px\" aria-hidden=\"true\" class=\"wp-block-spacer\"><\/div>\n\n\n<div class=\"wp-block-image\">\n<figure class=\"aligncenter size-large is-resized\"><img decoding=\"async\" loading=\"lazy\" src=\"https:\/\/prazskeprikopy.cz\/wp-content\/uploads\/2025\/08\/06224458515-p-683x1024.jpeg\" alt=\"Sport i hrav\u00e1 elegance. Zara uv\u00e1d\u00ed p\u00e1nskou kolekci na podzim a zimu 2025\" class=\"wp-image-16241\" style=\"width:528px;height:792px\" width=\"528\" height=\"792\" \/><figcaption class=\"wp-element-caption\"><strong>Tr\u00e9ninkov\u00e9 t\u00edlko, Zara, 399 K\u010d <\/strong><\/figcaption><\/figure><\/div>\n\n\n<div style=\"height:40px\" aria-hidden=\"true\" class=\"wp-block-spacer\"><\/div>\n\n\n\n<h2 class=\"wp-block-heading\">Editor\u2019s Pick<\/h2>\n\n\n\n<div style=\"height:40px\" aria-hidden=\"true\" class=\"wp-block-spacer\"><\/div>\n\n\n\n<p class=\"has-medium-font-size\">Pokud si z cel\u00e9 kolekce m\u00e1me vybrat jeden jedin\u00fd kousek, kter\u00fd perfektn\u011b zt\u011bles\u0148uje podzimn\u00ed\/zimn\u00ed vizi Zary, je to kontrastn\u00ed \u00fapletov\u00e1 vesta s jemn\u00fdmi sportovn\u00edmi detaily. Elegantn\u00ed silueta, lehce odleh\u010den\u00e1 konstrukce a nad\u010dasov\u00e1 \u010derven\u00e1 barva z n\u00ed d\u011blaj\u00ed investici, kter\u00e1 obstoj\u00ed nejen tuto sez\u00f3nu, ale i v letech p\u0159\u00ed\u0161t\u00edch. Vestu m\u016f\u017eete zkombinovat s&nbsp;ko\u0161il\u00ed nebo ji vyn\u00e9st samotnou ke sportovn\u00edm \u0161ortk\u00e1m \u010di elegantn\u00edm kalhot\u00e1m. Nebojte se experimentovat!<\/p>\n\n\n\n<div style=\"height:40px\" aria-hidden=\"true\" class=\"wp-block-spacer\"><\/div>\n\n\n<div class=\"wp-block-image\">\n<figure class=\"aligncenter size-large is-resized\"><img decoding=\"async\" loading=\"lazy\" src=\"https:\/\/prazskeprikopy.cz\/wp-content\/uploads\/2025\/08\/03003306600-e1-682x1024.jpeg\" alt=\"Sport i hrav\u00e1 elegance. Zara uv\u00e1d\u00ed p\u00e1nskou kolekci na podzim a zimu 2025\" class=\"wp-image-16235\" style=\"width:527px;height:792px\" width=\"527\" height=\"792\" \/><figcaption class=\"wp-element-caption\"><strong>\u00dapletov\u00e1 vesta, Zara, 999 K\u010d<\/strong><\/figcaption><\/figure><\/div>\n\n\n<div style=\"height:80px\" aria-hidden=\"true\" class=\"wp-block-spacer\"><\/div>\n\n\n\n<figure class=\"wp-block-gallery has-nested-images columns-default is-cropped wp-block-gallery-1 is-layout-flex wp-block-gallery-is-layout-flex\">\n<figure class=\"wp-block-image size-large\"><img decoding=\"async\" data-id=\"16236\" src=\"https:\/\/prazskeprikopy.cz\/wp-content\/uploads\/2025\/08\/T9722261999-p-683x1024.jpeg\" alt=\"Sport i hrav\u00e1 elegance. Zara uv\u00e1d\u00ed p\u00e1nskou kolekci na podzim a zimu 2025\" class=\"wp-image-16236\" \/><\/figure>\n\n\n\n<figure class=\"wp-block-image size-large\"><img decoding=\"async\" data-id=\"16235\" src=\"https:\/\/prazskeprikopy.cz\/wp-content\/uploads\/2025\/08\/03003306600-e1-682x1024.jpeg\" alt=\"Sport i hrav\u00e1 elegance. Zara uv\u00e1d\u00ed p\u00e1nskou kolekci na podzim a zimu 2025\" class=\"wp-image-16235\" \/><\/figure>\n\n\n\n<figure class=\"wp-block-image size-large\"><img decoding=\"async\" data-id=\"16237\" src=\"https:\/\/prazskeprikopy.cz\/wp-content\/uploads\/2025\/08\/00722321710-a4-683x1024.jpeg\" alt=\"Sport i hrav\u00e1 elegance. Zara uv\u00e1d\u00ed p\u00e1nskou kolekci na podzim a zimu 2025\" class=\"wp-image-16237\" \/><\/figure>\n\n\n\n<figure class=\"wp-block-image size-large\"><img decoding=\"async\" data-id=\"16238\" src=\"https:\/\/prazskeprikopy.cz\/wp-content\/uploads\/2025\/08\/T9613226299-p-683x1024.jpeg\" alt=\"Sport i hrav\u00e1 elegance. Zara uv\u00e1d\u00ed p\u00e1nskou kolekci na podzim a zimu 2025\" class=\"wp-image-16238\" \/><\/figure>\n\n\n\n<figure class=\"wp-block-image size-large\"><img decoding=\"async\" data-id=\"16239\" src=\"https:\/\/prazskeprikopy.cz\/wp-content\/uploads\/2025\/08\/05978823080-e1-683x1024.jpeg\" alt=\"Sport i hrav\u00e1 elegance. Zara uv\u00e1d\u00ed p\u00e1nskou kolekci na podzim a zimu 2025\" class=\"wp-image-16239\" \/><\/figure>\n\n\n\n<figure class=\"wp-block-image size-large\"><img decoding=\"async\" data-id=\"16240\" src=\"https:\/\/prazskeprikopy.cz\/wp-content\/uploads\/2025\/08\/T9195463876-p-683x1024.jpeg\" alt=\"Sport i hrav\u00e1 elegance. Zara uv\u00e1d\u00ed p\u00e1nskou kolekci na podzim a zimu 2025\" class=\"wp-image-16240\" \/><\/figure>\n\n\n\n<figure class=\"wp-block-image size-large\"><img decoding=\"async\" data-id=\"16241\" src=\"https:\/\/prazskeprikopy.cz\/wp-content\/uploads\/2025\/08\/06224458515-p-683x1024.jpeg\" alt=\"Sport i hrav\u00e1 elegance. Zara uv\u00e1d\u00ed p\u00e1nskou kolekci na podzim a zimu 2025\" class=\"wp-image-16241\" \/><\/figure>\n\n\n\n<figure class=\"wp-block-image size-large\"><img decoding=\"async\" data-id=\"16242\" src=\"https:\/\/prazskeprikopy.cz\/wp-content\/uploads\/2025\/08\/01732403800-e1-683x1024.jpeg\" alt=\"Sport i hrav\u00e1 elegance. Zara uv\u00e1d\u00ed p\u00e1nskou kolekci na podzim a zimu 2025\" class=\"wp-image-16242\" \/><\/figure>\n\n\n\n<figure class=\"wp-block-image size-large\"><img decoding=\"async\" data-id=\"16243\" src=\"https:\/\/prazskeprikopy.cz\/wp-content\/uploads\/2025\/08\/06224304250-a4-683x1024.jpeg\" alt=\"Sport i hrav\u00e1 elegance. Zara uv\u00e1d\u00ed p\u00e1nskou kolekci na podzim a zimu 2025\" class=\"wp-image-16243\" \/><\/figure>\n<\/figure>\n\n\n\n<div style=\"height:30px\" aria-hidden=\"true\" class=\"wp-block-spacer\"><\/div>\n\n\n\n<p class=\"has-medium-font-size\"><strong>Zdroj foto:<\/strong> Zara<\/p>\n\n\n\n<div style=\"height:100px\" aria-hidden=\"true\" class=\"wp-block-spacer\"><\/div>\n","protected":false},"excerpt":{"rendered":"<p>Podzimn\u00ed a zimn\u00ed m\u011bs\u00edce leto\u0161n\u00edho roku se u Zary budou n\u00e9st v duchu spojov\u00e1n\u00ed sv\u011bt\u016f, kter\u00e9 se na prvn\u00ed pohled mohou zd\u00e1t odli\u0161n\u00e9. Nejnov\u011bj\u0161\u00ed kolekce toti\u017e p\u0159in\u00e1\u0161\u00ed sm\u011bs tzv. relaxed tailoring (doslova uvoln\u011bn\u00e9 krej\u010dovstv\u00ed \u2013 pozn. red.), sportovn\u00edch detail\u016f, hrav\u00fdch potisk\u016f a nad\u010dasov\u00fdch klasik \u2013 to v\u0161e ve vyv\u00e1\u017een\u00fdch siluet\u00e1ch a kvalitn\u00edch materi\u00e1lech. V\u00fdsledkem je [&hellip;]<\/p>\n","protected":false},"author":10,"featured_media":7261,"comment_status":"closed","ping_status":"closed","sticky":false,"template":"","format":"standard","meta":{"_mi_skip_tracking":false,"_monsterinsights_sitenote_active":false,"_monsterinsights_sitenote_note":"","_monsterinsights_sitenote_category":0,"footnotes":""},"categories":[3,2,13],"tags":[195,200,38,201],"yoast_head":"<!-- This site is optimized with the Yoast SEO plugin v21.4 - https:\/\/yoast.com\/wordpress\/plugins\/seo\/ -->\n<title>Sport i hrav\u00e1 elegance. Zara uv\u00e1d\u00ed p\u00e1nskou kolekci na podzim a zimu 2025 - LUXURYMAGAZINE.cz<\/title>\n<meta name=\"description\" content=\"Co \u010dekat od nov\u00e9 p\u00e1nsk\u00e9 kolekce v Za\u0159e? Na sv\u00e9 si p\u0159ijdou milovn\u00edci n\u00e1\u0161ivek, tropick\u00fdch motiv\u016f i sportovn\u00edho oble\u010den\u00ed.\" \/>\n<meta name=\"robots\" content=\"index, follow, max-snippet:-1, max-image-preview:large, max-video-preview:-1\" \/>\n<link rel=\"canonical\" href=\"https:\/\/luxurymagazine.cz\/index.php\/2025\/09\/09\/sport-i-hrava-elegance-zara-uvadi-panskou-kolekci-na-podzim-a-zimu-2025\/\" \/>\n<meta property=\"og:locale\" content=\"cs_CZ\" \/>\n<meta property=\"og:type\" content=\"article\" \/>\n<meta property=\"og:title\" content=\"Sport i hrav\u00e1 elegance. Zara uv\u00e1d\u00ed p\u00e1nskou kolekci na podzim a zimu 2025 - LUXURYMAGAZINE.cz\" \/>\n<meta property=\"og:description\" content=\"Co \u010dekat od nov\u00e9 p\u00e1nsk\u00e9 kolekce v Za\u0159e? Na sv\u00e9 si p\u0159ijdou milovn\u00edci n\u00e1\u0161ivek, tropick\u00fdch motiv\u016f i sportovn\u00edho oble\u010den\u00ed.\" \/>\n<meta property=\"og:url\" content=\"https:\/\/luxurymagazine.cz\/index.php\/2025\/09\/09\/sport-i-hrava-elegance-zara-uvadi-panskou-kolekci-na-podzim-a-zimu-2025\/\" \/>\n<meta property=\"og:site_name\" content=\"LUXURYMAGAZINE.cz\" \/>\n<meta property=\"article:published_time\" content=\"2025-09-08T22:01:04+00:00\" \/>\n<meta property=\"article:modified_time\" content=\"2025-10-28T01:25:38+00:00\" \/>\n<meta property=\"og:image\" content=\"https:\/\/luxurymagazine.cz\/wp-content\/uploads\/2025\/08\/T9722261999-TTL.jpeg\" \/>\n\t<meta property=\"og:image:width\" content=\"850\" \/>\n\t<meta property=\"og:image:height\" content=\"662\" \/>\n\t<meta property=\"og:image:type\" content=\"image\/jpeg\" \/>\n<meta name=\"author\" content=\"Nela Slivkov\u00e1\" \/>\n<meta name=\"twitter:card\" content=\"summary_large_image\" \/>\n<meta name=\"twitter:label1\" content=\"Napsal(a)\" \/>\n\t<meta name=\"twitter:data1\" content=\"Nela Slivkov\u00e1\" \/>\n\t<meta name=\"twitter:label2\" content=\"Odhadovan\u00e1 doba \u010dten\u00ed\" \/>\n\t<meta name=\"twitter:data2\" content=\"6 minut\" \/>\n<script type=\"application\/ld+json\" class=\"yoast-schema-graph\">{\"@context\":\"https:\/\/schema.org\",\"@graph\":[{\"@type\":\"Article\",\"@id\":\"https:\/\/luxurymagazine.cz\/index.php\/2025\/09\/09\/sport-i-hrava-elegance-zara-uvadi-panskou-kolekci-na-podzim-a-zimu-2025\/#article\",\"isPartOf\":{\"@id\":\"https:\/\/luxurymagazine.cz\/index.php\/2025\/09\/09\/sport-i-hrava-elegance-zara-uvadi-panskou-kolekci-na-podzim-a-zimu-2025\/\"},\"author\":{\"name\":\"Nela Slivkov\u00e1\",\"@id\":\"https:\/\/luxurymagazine.cz\/#\/schema\/person\/eaf86e18094591d8fe554880db7d072d\"},\"headline\":\"Sport i hrav\u00e1 elegance. Zara uv\u00e1d\u00ed p\u00e1nskou kolekci na podzim a zimu 2025\",\"datePublished\":\"2025-09-08T22:01:04+00:00\",\"dateModified\":\"2025-10-28T01:25:38+00:00\",\"mainEntityOfPage\":{\"@id\":\"https:\/\/luxurymagazine.cz\/index.php\/2025\/09\/09\/sport-i-hrava-elegance-zara-uvadi-panskou-kolekci-na-podzim-a-zimu-2025\/\"},\"wordCount\":555,\"publisher\":{\"@id\":\"https:\/\/luxurymagazine.cz\/#organization\"},\"keywords\":[\"fashion\",\"p\u00e1nsk\u00e1 m\u00f3da\",\"Pra\u017esk\u00e9 P\u0159\u00edkopy\",\"ZARA\"],\"articleSection\":[\"M\u00d3DA\",\"NEWS\",\"TIPY &amp; TRENDY\"],\"inLanguage\":\"cs\"},{\"@type\":\"WebPage\",\"@id\":\"https:\/\/luxurymagazine.cz\/index.php\/2025\/09\/09\/sport-i-hrava-elegance-zara-uvadi-panskou-kolekci-na-podzim-a-zimu-2025\/\",\"url\":\"https:\/\/luxurymagazine.cz\/index.php\/2025\/09\/09\/sport-i-hrava-elegance-zara-uvadi-panskou-kolekci-na-podzim-a-zimu-2025\/\",\"name\":\"Sport i hrav\u00e1 elegance. Zara uv\u00e1d\u00ed p\u00e1nskou kolekci na podzim a zimu 2025 - LUXURYMAGAZINE.cz\",\"isPartOf\":{\"@id\":\"https:\/\/luxurymagazine.cz\/#website\"},\"datePublished\":\"2025-09-08T22:01:04+00:00\",\"dateModified\":\"2025-10-28T01:25:38+00:00\",\"description\":\"Co \u010dekat od nov\u00e9 p\u00e1nsk\u00e9 kolekce v Za\u0159e? Na sv\u00e9 si p\u0159ijdou milovn\u00edci n\u00e1\u0161ivek, tropick\u00fdch motiv\u016f i sportovn\u00edho oble\u010den\u00ed.\",\"breadcrumb\":{\"@id\":\"https:\/\/luxurymagazine.cz\/index.php\/2025\/09\/09\/sport-i-hrava-elegance-zara-uvadi-panskou-kolekci-na-podzim-a-zimu-2025\/#breadcrumb\"},\"inLanguage\":\"cs\",\"potentialAction\":[{\"@type\":\"ReadAction\",\"target\":[\"https:\/\/luxurymagazine.cz\/index.php\/2025\/09\/09\/sport-i-hrava-elegance-zara-uvadi-panskou-kolekci-na-podzim-a-zimu-2025\/\"]}]},{\"@type\":\"BreadcrumbList\",\"@id\":\"https:\/\/luxurymagazine.cz\/index.php\/2025\/09\/09\/sport-i-hrava-elegance-zara-uvadi-panskou-kolekci-na-podzim-a-zimu-2025\/#breadcrumb\",\"itemListElement\":[{\"@type\":\"ListItem\",\"position\":1,\"name\":\"Dom\u016f\",\"item\":\"https:\/\/luxurymagazine.cz\/\"},{\"@type\":\"ListItem\",\"position\":2,\"name\":\"Sport i hrav\u00e1 elegance. Zara uv\u00e1d\u00ed p\u00e1nskou kolekci na podzim a zimu 2025\"}]},{\"@type\":\"WebSite\",\"@id\":\"https:\/\/luxurymagazine.cz\/#website\",\"url\":\"https:\/\/luxurymagazine.cz\/\",\"name\":\"LUXURYMAGAZINE.cz\",\"description\":\"Port\u00e1l v\u00fdhradn\u011b o luxusu...\",\"publisher\":{\"@id\":\"https:\/\/luxurymagazine.cz\/#organization\"},\"potentialAction\":[{\"@type\":\"SearchAction\",\"target\":{\"@type\":\"EntryPoint\",\"urlTemplate\":\"https:\/\/luxurymagazine.cz\/?s={search_term_string}\"},\"query-input\":\"required name=search_term_string\"}],\"inLanguage\":\"cs\"},{\"@type\":\"Organization\",\"@id\":\"https:\/\/luxurymagazine.cz\/#organization\",\"name\":\"LUXURYMAGAZINE.cz\",\"url\":\"https:\/\/luxurymagazine.cz\/\",\"logo\":{\"@type\":\"ImageObject\",\"inLanguage\":\"cs\",\"@id\":\"https:\/\/luxurymagazine.cz\/#\/schema\/logo\/image\/\",\"url\":\"https:\/\/luxurymagazine.cz\/wp-content\/uploads\/2024\/12\/cropped-Logo_LuxuryMagazine-1.jpg\",\"contentUrl\":\"https:\/\/luxurymagazine.cz\/wp-content\/uploads\/2024\/12\/cropped-Logo_LuxuryMagazine-1.jpg\",\"width\":934,\"height\":509,\"caption\":\"LUXURYMAGAZINE.cz\"},\"image\":{\"@id\":\"https:\/\/luxurymagazine.cz\/#\/schema\/logo\/image\/\"}},{\"@type\":\"Person\",\"@id\":\"https:\/\/luxurymagazine.cz\/#\/schema\/person\/eaf86e18094591d8fe554880db7d072d\",\"name\":\"Nela Slivkov\u00e1\",\"image\":{\"@type\":\"ImageObject\",\"inLanguage\":\"cs\",\"@id\":\"https:\/\/luxurymagazine.cz\/#\/schema\/person\/image\/\",\"url\":\"https:\/\/secure.gravatar.com\/avatar\/ab3633d3d1b2954691cbe0859eeeb644?s=96&d=mm&r=g\",\"contentUrl\":\"https:\/\/secure.gravatar.com\/avatar\/ab3633d3d1b2954691cbe0859eeeb644?s=96&d=mm&r=g\",\"caption\":\"Nela Slivkov\u00e1\"},\"sameAs\":[\"http:\/\/LUXURYMAGAZINE.cz\"],\"url\":\"https:\/\/luxurymagazine.cz\/index.php\/author\/nelasliv\/\"}]}<\/script>\n<!-- \/ Yoast SEO plugin. -->","yoast_head_json":{"title":"Sport i hrav\u00e1 elegance. Zara uv\u00e1d\u00ed p\u00e1nskou kolekci na podzim a zimu 2025 - LUXURYMAGAZINE.cz","description":"Co \u010dekat od nov\u00e9 p\u00e1nsk\u00e9 kolekce v Za\u0159e? Na sv\u00e9 si p\u0159ijdou milovn\u00edci n\u00e1\u0161ivek, tropick\u00fdch motiv\u016f i sportovn\u00edho oble\u010den\u00ed.","robots":{"index":"index","follow":"follow","max-snippet":"max-snippet:-1","max-image-preview":"max-image-preview:large","max-video-preview":"max-video-preview:-1"},"canonical":"https:\/\/luxurymagazine.cz\/index.php\/2025\/09\/09\/sport-i-hrava-elegance-zara-uvadi-panskou-kolekci-na-podzim-a-zimu-2025\/","og_locale":"cs_CZ","og_type":"article","og_title":"Sport i hrav\u00e1 elegance. Zara uv\u00e1d\u00ed p\u00e1nskou kolekci na podzim a zimu 2025 - LUXURYMAGAZINE.cz","og_description":"Co \u010dekat od nov\u00e9 p\u00e1nsk\u00e9 kolekce v Za\u0159e? Na sv\u00e9 si p\u0159ijdou milovn\u00edci n\u00e1\u0161ivek, tropick\u00fdch motiv\u016f i sportovn\u00edho oble\u010den\u00ed.","og_url":"https:\/\/luxurymagazine.cz\/index.php\/2025\/09\/09\/sport-i-hrava-elegance-zara-uvadi-panskou-kolekci-na-podzim-a-zimu-2025\/","og_site_name":"LUXURYMAGAZINE.cz","article_published_time":"2025-09-08T22:01:04+00:00","article_modified_time":"2025-10-28T01:25:38+00:00","og_image":[{"width":850,"height":662,"url":"https:\/\/luxurymagazine.cz\/wp-content\/uploads\/2025\/08\/T9722261999-TTL.jpeg","type":"image\/jpeg"}],"author":"Nela Slivkov\u00e1","twitter_card":"summary_large_image","twitter_misc":{"Napsal(a)":"Nela Slivkov\u00e1","Odhadovan\u00e1 doba \u010dten\u00ed":"6 minut"},"schema":{"@context":"https:\/\/schema.org","@graph":[{"@type":"Article","@id":"https:\/\/luxurymagazine.cz\/index.php\/2025\/09\/09\/sport-i-hrava-elegance-zara-uvadi-panskou-kolekci-na-podzim-a-zimu-2025\/#article","isPartOf":{"@id":"https:\/\/luxurymagazine.cz\/index.php\/2025\/09\/09\/sport-i-hrava-elegance-zara-uvadi-panskou-kolekci-na-podzim-a-zimu-2025\/"},"author":{"name":"Nela Slivkov\u00e1","@id":"https:\/\/luxurymagazine.cz\/#\/schema\/person\/eaf86e18094591d8fe554880db7d072d"},"headline":"Sport i hrav\u00e1 elegance. Zara uv\u00e1d\u00ed p\u00e1nskou kolekci na podzim a zimu 2025","datePublished":"2025-09-08T22:01:04+00:00","dateModified":"2025-10-28T01:25:38+00:00","mainEntityOfPage":{"@id":"https:\/\/luxurymagazine.cz\/index.php\/2025\/09\/09\/sport-i-hrava-elegance-zara-uvadi-panskou-kolekci-na-podzim-a-zimu-2025\/"},"wordCount":555,"publisher":{"@id":"https:\/\/luxurymagazine.cz\/#organization"},"keywords":["fashion","p\u00e1nsk\u00e1 m\u00f3da","Pra\u017esk\u00e9 P\u0159\u00edkopy","ZARA"],"articleSection":["M\u00d3DA","NEWS","TIPY &amp; TRENDY"],"inLanguage":"cs"},{"@type":"WebPage","@id":"https:\/\/luxurymagazine.cz\/index.php\/2025\/09\/09\/sport-i-hrava-elegance-zara-uvadi-panskou-kolekci-na-podzim-a-zimu-2025\/","url":"https:\/\/luxurymagazine.cz\/index.php\/2025\/09\/09\/sport-i-hrava-elegance-zara-uvadi-panskou-kolekci-na-podzim-a-zimu-2025\/","name":"Sport i hrav\u00e1 elegance. Zara uv\u00e1d\u00ed p\u00e1nskou kolekci na podzim a zimu 2025 - LUXURYMAGAZINE.cz","isPartOf":{"@id":"https:\/\/luxurymagazine.cz\/#website"},"datePublished":"2025-09-08T22:01:04+00:00","dateModified":"2025-10-28T01:25:38+00:00","description":"Co \u010dekat od nov\u00e9 p\u00e1nsk\u00e9 kolekce v Za\u0159e? Na sv\u00e9 si p\u0159ijdou milovn\u00edci n\u00e1\u0161ivek, tropick\u00fdch motiv\u016f i sportovn\u00edho oble\u010den\u00ed.","breadcrumb":{"@id":"https:\/\/luxurymagazine.cz\/index.php\/2025\/09\/09\/sport-i-hrava-elegance-zara-uvadi-panskou-kolekci-na-podzim-a-zimu-2025\/#breadcrumb"},"inLanguage":"cs","potentialAction":[{"@type":"ReadAction","target":["https:\/\/luxurymagazine.cz\/index.php\/2025\/09\/09\/sport-i-hrava-elegance-zara-uvadi-panskou-kolekci-na-podzim-a-zimu-2025\/"]}]},{"@type":"BreadcrumbList","@id":"https:\/\/luxurymagazine.cz\/index.php\/2025\/09\/09\/sport-i-hrava-elegance-zara-uvadi-panskou-kolekci-na-podzim-a-zimu-2025\/#breadcrumb","itemListElement":[{"@type":"ListItem","position":1,"name":"Dom\u016f","item":"https:\/\/luxurymagazine.cz\/"},{"@type":"ListItem","position":2,"name":"Sport i hrav\u00e1 elegance. Zara uv\u00e1d\u00ed p\u00e1nskou kolekci na podzim a zimu 2025"}]},{"@type":"WebSite","@id":"https:\/\/luxurymagazine.cz\/#website","url":"https:\/\/luxurymagazine.cz\/","name":"LUXURYMAGAZINE.cz","description":"Port\u00e1l v\u00fdhradn\u011b o luxusu...","publisher":{"@id":"https:\/\/luxurymagazine.cz\/#organization"},"potentialAction":[{"@type":"SearchAction","target":{"@type":"EntryPoint","urlTemplate":"https:\/\/luxurymagazine.cz\/?s={search_term_string}"},"query-input":"required name=search_term_string"}],"inLanguage":"cs"},{"@type":"Organization","@id":"https:\/\/luxurymagazine.cz\/#organization","name":"LUXURYMAGAZINE.cz","url":"https:\/\/luxurymagazine.cz\/","logo":{"@type":"ImageObject","inLanguage":"cs","@id":"https:\/\/luxurymagazine.cz\/#\/schema\/logo\/image\/","url":"https:\/\/luxurymagazine.cz\/wp-content\/uploads\/2024\/12\/cropped-Logo_LuxuryMagazine-1.jpg","contentUrl":"https:\/\/luxurymagazine.cz\/wp-content\/uploads\/2024\/12\/cropped-Logo_LuxuryMagazine-1.jpg","width":934,"height":509,"caption":"LUXURYMAGAZINE.cz"},"image":{"@id":"https:\/\/luxurymagazine.cz\/#\/schema\/logo\/image\/"}},{"@type":"Person","@id":"https:\/\/luxurymagazine.cz\/#\/schema\/person\/eaf86e18094591d8fe554880db7d072d","name":"Nela Slivkov\u00e1","image":{"@type":"ImageObject","inLanguage":"cs","@id":"https:\/\/luxurymagazine.cz\/#\/schema\/person\/image\/","url":"https:\/\/secure.gravatar.com\/avatar\/ab3633d3d1b2954691cbe0859eeeb644?s=96&d=mm&r=g","contentUrl":"https:\/\/secure.gravatar.com\/avatar\/ab3633d3d1b2954691cbe0859eeeb644?s=96&d=mm&r=g","caption":"Nela Slivkov\u00e1"},"sameAs":["http:\/\/LUXURYMAGAZINE.cz"],"url":"https:\/\/luxurymagazine.cz\/index.php\/author\/nelasliv\/"}]}},"_links":{"self":[{"href":"https:\/\/luxurymagazine.cz\/index.php\/wp-json\/wp\/v2\/posts\/7260"}],"collection":[{"href":"https:\/\/luxurymagazine.cz\/index.php\/wp-json\/wp\/v2\/posts"}],"about":[{"href":"https:\/\/luxurymagazine.cz\/index.php\/wp-json\/wp\/v2\/types\/post"}],"author":[{"embeddable":true,"href":"https:\/\/luxurymagazine.cz\/index.php\/wp-json\/wp\/v2\/users\/10"}],"replies":[{"embeddable":true,"href":"https:\/\/luxurymagazine.cz\/index.php\/wp-json\/wp\/v2\/comments?post=7260"}],"version-history":[{"count":-4,"href":"https:\/\/luxurymagazine.cz\/index.php\/wp-json\/wp\/v2\/posts\/7260\/revisions"}],"wp:featuredmedia":[{"embeddable":true,"href":"https:\/\/luxurymagazine.cz\/index.php\/wp-json\/wp\/v2\/media\/7261"}],"wp:attachment":[{"href":"https:\/\/luxurymagazine.cz\/index.php\/wp-json\/wp\/v2\/media?parent=7260"}],"wp:term":[{"taxonomy":"category","embeddable":true,"href":"https:\/\/luxurymagazine.cz\/index.php\/wp-json\/wp\/v2\/categories?post=7260"},{"taxonomy":"post_tag","embeddable":true,"href":"https:\/\/luxurymagazine.cz\/index.php\/wp-json\/wp\/v2\/tags?post=7260"}],"curies":[{"name":"wp","href":"https:\/\/api.w.org\/{rel}","templated":true}]}}